{"id":180775,"date":"2026-02-28T16:17:43","date_gmt":"2026-02-28T19:17:43","guid":{"rendered":"https:\/\/noticiasmercedinas.com\/site\/?p=180775"},"modified":"2026-02-28T16:17:43","modified_gmt":"2026-02-28T19:17:43","slug":"musica-a-la-carta-cautivo-en-participativa-noche-en-vivo-con-gastronomia-artesanal","status":"publish","type":"post","link":"https:\/\/noticiasmercedinas.com\/site\/2026\/02\/28\/musica-a-la-carta-cautivo-en-participativa-noche-en-vivo-con-gastronomia-artesanal\/","title":{"rendered":"\u00abM\u00fasica a la Carta\u00bb cautiv\u00f3 en participativa noche en vivo con gastronom\u00eda artesanal"},"content":{"rendered":"<p data-path-to-node=\"3\"><img loading=\"lazy\" decoding=\"async\" class=\"alignnone size-full wp-image-180778\" src=\"https:\/\/noticiasmercedinas.com\/site\/wp-content\/uploads\/2026\/02\/LOS.jpg\" alt=\"\" width=\"1080\" height=\"916\" srcset=\"https:\/\/noticiasmercedinas.com\/site\/wp-content\/uploads\/2026\/02\/LOS.jpg 1080w, https:\/\/noticiasmercedinas.com\/site\/wp-content\/uploads\/2026\/02\/LOS-300x254.jpg 300w, https:\/\/noticiasmercedinas.com\/site\/wp-content\/uploads\/2026\/02\/LOS-1024x869.jpg 1024w, https:\/\/noticiasmercedinas.com\/site\/wp-content\/uploads\/2026\/02\/LOS-768x651.jpg 768w, https:\/\/noticiasmercedinas.com\/site\/wp-content\/uploads\/2026\/02\/LOS-640x543.jpg 640w, https:\/\/noticiasmercedinas.com\/site\/wp-content\/uploads\/2026\/02\/LOS-681x578.jpg 681w\" sizes=\"auto, (max-width: 1080px) 100vw, 1080px\" \/><\/p>\n<p data-path-to-node=\"5\">La agenda cultural de la ciudad sum\u00f3 un nuevo cap\u00edtulo de \u00e9xito este viernes 27 de febrero con la realizaci\u00f3n de una nueva edici\u00f3n del ciclo <b data-path-to-node=\"5\" data-index-in-node=\"152\">\u00abM\u00fasica a la Carta\u00bb<\/b>.<\/p>\n<p data-path-to-node=\"5\">El nuevo cap\u00edtulo de un ciclo que destac\u00f3 en este verano tuvo lugar en el establecimiento <b data-path-to-node=\"5\" data-index-in-node=\"216\">La Mendocina<\/b>, ubicado en la intersecci\u00f3n de las calles 11 y 106, que se consolida como un lugar en el que es posible el maridaje entre la gastronom\u00eda y el arte independiente.<\/p>\n<p data-path-to-node=\"6\">La velada, que inici\u00f3 pasadas las 20:00 hs, cont\u00f3 con la presentaci\u00f3n principal del reconocido m\u00fasico local <b data-path-to-node=\"6\" data-index-in-node=\"102\">Oscar Rossello<\/b>, quien es organizador del ciclo junto a <strong>Lucas Losinno<\/strong>, alma mater de este emprendimiento junto a su esposa, y estuvo acompa\u00f1ado por <b data-path-to-node=\"6\" data-index-in-node=\"146\">Agust\u00edn Stoner y Los Pocasoda<\/b>.<\/p>\n<p data-path-to-node=\"6\">El p\u00fablico presente disfrut\u00f3 de un repertorio de canciones de rock y tambi\u00e9n folclore y mel\u00f3dico y hasta hubo bailes en un entorno distendido, complementado por la oferta caracter\u00edstica de la casa que incluy\u00f3 sus cl\u00e1sicas picadas con salame artesanal, s\u00e1ndwiches y barra de tragos.<\/p>\n<p data-path-to-node=\"6\"><img loading=\"lazy\" decoding=\"async\" class=\"size-full wp-image-180776 aligncenter\" src=\"https:\/\/noticiasmercedinas.com\/site\/wp-content\/uploads\/2026\/02\/pocasoda.jpg\" alt=\"\" width=\"410\" height=\"484\" srcset=\"https:\/\/noticiasmercedinas.com\/site\/wp-content\/uploads\/2026\/02\/pocasoda.jpg 410w, https:\/\/noticiasmercedinas.com\/site\/wp-content\/uploads\/2026\/02\/pocasoda-254x300.jpg 254w\" sizes=\"auto, (max-width: 410px) 100vw, 410px\" \/><\/p>\n<h3 data-path-to-node=\"7\">Espacio para nuevos talentos<\/h3>\n<p data-path-to-node=\"8\">A ra\u00edz de la excelente respuesta de la comunidad, los responsables de La Mendocina anunciaron una nueva iniciativa: <b data-path-to-node=\"8\" data-index-in-node=\"128\">\u00abLa noche de micr\u00f3fono abierto\u00bb<\/b>. Esta propuesta busca brindar un escenario con equipo de sonido profesional a m\u00fasicos y artistas que deseen dar a conocer su trabajo.<\/p>\n<p data-path-to-node=\"9\">Los interesados en participar de las pr\u00f3ximas fechas deber\u00e1n cumplir con los siguientes requisitos:<\/p>\n<p data-path-to-node=\"10,0,0\"><b data-path-to-node=\"10,0,0\" data-index-in-node=\"0\">Presentaci\u00f3n:<\/b> Enviar datos personales acompa\u00f1ados de un video que muestre su desempe\u00f1o art\u00edstico.<\/p>\n<p data-path-to-node=\"10,1,0\"><b data-path-to-node=\"10,1,0\" data-index-in-node=\"0\">V\u00eda de contacto:<\/b> La inscripci\u00f3n se realiza exclusivamente a trav\u00e9s del WhatsApp <b data-path-to-node=\"10,1,0\" data-index-in-node=\"80\">2324 543212<\/b>.<\/p>\n<p data-path-to-node=\"10,1,0\"><img loading=\"lazy\" decoding=\"async\" class=\"alignnone size-full wp-image-180777\" src=\"https:\/\/noticiasmercedinas.com\/site\/wp-content\/uploads\/2026\/02\/medoc.jpg\" alt=\"\" width=\"640\" height=\"613\" srcset=\"https:\/\/noticiasmercedinas.com\/site\/wp-content\/uploads\/2026\/02\/medoc.jpg 640w, https:\/\/noticiasmercedinas.com\/site\/wp-content\/uploads\/2026\/02\/medoc-300x287.jpg 300w\" sizes=\"auto, (max-width: 640px) 100vw, 640px\" \/><\/p>\n<p data-path-to-node=\"11\">\n","protected":false},"excerpt":{"rendered":"<p>\u25a0 Con las actuaciones de Oscar Rossello, Agust\u00edn Stoner y Los Pocasoda, La Mendocina fue el escenario de una velada m\u00e1s de un ciclo que combina espect\u00e1culos ac\u00fasticos y productos regionales. Se viene la \u00abNoche de Micr\u00f3fono Abierto\u00bb.<\/p>\n","protected":false},"author":16,"featured_media":180778,"comment_status":"closed","ping_status":"closed","sticky":false,"template":"","format":"standard","meta":{"footnotes":""},"categories":[4,74],"tags":[21734,21388,21728,2451,5453],"class_list":["post-180775","post","type-post","status-publish","format-standard","has-post-thumbnail","hentry","category-cultura","category-emprendimientos","tag-agustin-stoiner","tag-la-mendocina","tag-los-pocasoda","tag-oscar-rossello","tag-salame-quintero"],"yoast_head":"<!-- This site is optimized with the Yoast SEO plugin v27.5 - https:\/\/yoast.com\/product\/yoast-seo-wordpress\/ -->\n<title>\u00abM\u00fasica a la Carta\u00bb cautiv\u00f3 en participativa noche en vivo con gastronom\u00eda artesanal<\/title>\n<meta name=\"description\" content=\"\u25a0 Con las actuaciones de Oscar Rossello, Agust\u00edn Stoner y Los Pocasoda, La Mendocina fue el escenario de una velada m\u00e1s de un ciclo que combina espect\u00e1culos ac\u00fasticos y productos regionales. Se viene la &quot;Noche de Micr\u00f3fono Abierto&quot;.\" \/>\n<meta name=\"robots\" content=\"index, follow, max-snippet:-1, max-image-preview:large, max-video-preview:-1\" \/>\n<link rel=\"canonical\" href=\"https:\/\/noticiasmercedinas.com\/site\/2026\/02\/28\/musica-a-la-carta-cautivo-en-participativa-noche-en-vivo-con-gastronomia-artesanal\/\" \/>\n<meta property=\"og:locale\" content=\"es_ES\" \/>\n<meta property=\"og:type\" content=\"article\" \/>\n<meta property=\"og:title\" content=\"\u00abM\u00fasica a la Carta\u00bb cautiv\u00f3 en participativa noche en vivo con gastronom\u00eda artesanal\" \/>\n<meta property=\"og:description\" content=\"\u25a0 Con las actuaciones de Oscar Rossello, Agust\u00edn Stoner y Los Pocasoda, La Mendocina fue el escenario de una velada m\u00e1s de un ciclo que combina espect\u00e1culos ac\u00fasticos y productos regionales. Se viene la &quot;Noche de Micr\u00f3fono Abierto&quot;.\" \/>\n<meta property=\"og:url\" content=\"https:\/\/noticiasmercedinas.com\/site\/2026\/02\/28\/musica-a-la-carta-cautivo-en-participativa-noche-en-vivo-con-gastronomia-artesanal\/\" \/>\n<meta property=\"og:site_name\" content=\"NOTICIASMERCEDINAS.COM\" \/>\n<meta property=\"article:publisher\" content=\"https:\/\/www.facebook.com\/noticiasmercedinas\/\" \/>\n<meta property=\"article:published_time\" content=\"2026-02-28T19:17:43+00:00\" \/>\n<meta property=\"og:image\" content=\"https:\/\/noticiasmercedinas.com\/site\/wp-content\/uploads\/2026\/02\/LOS.jpg\" \/>\n\t<meta property=\"og:image:width\" content=\"1080\" \/>\n\t<meta property=\"og:image:height\" content=\"916\" \/>\n\t<meta property=\"og:image:type\" content=\"image\/jpeg\" \/>\n<meta name=\"author\" content=\"NOTICIASMERCEDINAS.COM\" \/>\n<meta name=\"twitter:card\" content=\"summary_large_image\" \/>\n<meta name=\"twitter:creator\" content=\"@notmercedinas\" \/>\n<meta name=\"twitter:site\" content=\"@notmercedinas\" \/>\n<meta name=\"twitter:label1\" content=\"Escrito por\" \/>\n\t<meta name=\"twitter:data1\" content=\"NOTICIASMERCEDINAS.COM\" \/>\n\t<meta name=\"twitter:label2\" content=\"Tiempo de lectura\" \/>\n\t<meta name=\"twitter:data2\" content=\"2 minutos\" \/>\n<script type=\"application\/ld+json\" class=\"yoast-schema-graph\">{\"@context\":\"https:\\\/\\\/schema.org\",\"@graph\":[{\"@type\":\"Article\",\"@id\":\"https:\\\/\\\/noticiasmercedinas.com\\\/site\\\/2026\\\/02\\\/28\\\/musica-a-la-carta-cautivo-en-participativa-noche-en-vivo-con-gastronomia-artesanal\\\/#article\",\"isPartOf\":{\"@id\":\"https:\\\/\\\/noticiasmercedinas.com\\\/site\\\/2026\\\/02\\\/28\\\/musica-a-la-carta-cautivo-en-participativa-noche-en-vivo-con-gastronomia-artesanal\\\/\"},\"author\":{\"name\":\"NOTICIASMERCEDINAS.COM\",\"@id\":\"https:\\\/\\\/noticiasmercedinas.com\\\/site\\\/#\\\/schema\\\/person\\\/84b59c099c28ff2e8b77d4ceec5d8063\"},\"headline\":\"\u00abM\u00fasica a la Carta\u00bb cautiv\u00f3 en participativa noche en vivo con gastronom\u00eda artesanal\",\"datePublished\":\"2026-02-28T19:17:43+00:00\",\"mainEntityOfPage\":{\"@id\":\"https:\\\/\\\/noticiasmercedinas.com\\\/site\\\/2026\\\/02\\\/28\\\/musica-a-la-carta-cautivo-en-participativa-noche-en-vivo-con-gastronomia-artesanal\\\/\"},\"wordCount\":297,\"publisher\":{\"@id\":\"https:\\\/\\\/noticiasmercedinas.com\\\/site\\\/#organization\"},\"image\":{\"@id\":\"https:\\\/\\\/noticiasmercedinas.com\\\/site\\\/2026\\\/02\\\/28\\\/musica-a-la-carta-cautivo-en-participativa-noche-en-vivo-con-gastronomia-artesanal\\\/#primaryimage\"},\"thumbnailUrl\":\"https:\\\/\\\/noticiasmercedinas.com\\\/site\\\/wp-content\\\/uploads\\\/2026\\\/02\\\/LOS.jpg\",\"keywords\":[\"agustin stoiner\",\"la mendocina\",\"los pocasoda\",\"oscar rossello\",\"salame quintero\"],\"articleSection\":[\"Cultura\",\"Emprendimientos\"],\"inLanguage\":\"es\"},{\"@type\":\"WebPage\",\"@id\":\"https:\\\/\\\/noticiasmercedinas.com\\\/site\\\/2026\\\/02\\\/28\\\/musica-a-la-carta-cautivo-en-participativa-noche-en-vivo-con-gastronomia-artesanal\\\/\",\"url\":\"https:\\\/\\\/noticiasmercedinas.com\\\/site\\\/2026\\\/02\\\/28\\\/musica-a-la-carta-cautivo-en-participativa-noche-en-vivo-con-gastronomia-artesanal\\\/\",\"name\":\"\u00abM\u00fasica a la Carta\u00bb cautiv\u00f3 en participativa noche en vivo con gastronom\u00eda artesanal\",\"isPartOf\":{\"@id\":\"https:\\\/\\\/noticiasmercedinas.com\\\/site\\\/#website\"},\"primaryImageOfPage\":{\"@id\":\"https:\\\/\\\/noticiasmercedinas.com\\\/site\\\/2026\\\/02\\\/28\\\/musica-a-la-carta-cautivo-en-participativa-noche-en-vivo-con-gastronomia-artesanal\\\/#primaryimage\"},\"image\":{\"@id\":\"https:\\\/\\\/noticiasmercedinas.com\\\/site\\\/2026\\\/02\\\/28\\\/musica-a-la-carta-cautivo-en-participativa-noche-en-vivo-con-gastronomia-artesanal\\\/#primaryimage\"},\"thumbnailUrl\":\"https:\\\/\\\/noticiasmercedinas.com\\\/site\\\/wp-content\\\/uploads\\\/2026\\\/02\\\/LOS.jpg\",\"datePublished\":\"2026-02-28T19:17:43+00:00\",\"description\":\"\u25a0 Con las actuaciones de Oscar Rossello, Agust\u00edn Stoner y Los Pocasoda, La Mendocina fue el escenario de una velada m\u00e1s de un ciclo que combina espect\u00e1culos ac\u00fasticos y productos regionales. Se viene la \\\"Noche de Micr\u00f3fono Abierto\\\".\",\"breadcrumb\":{\"@id\":\"https:\\\/\\\/noticiasmercedinas.com\\\/site\\\/2026\\\/02\\\/28\\\/musica-a-la-carta-cautivo-en-participativa-noche-en-vivo-con-gastronomia-artesanal\\\/#breadcrumb\"},\"inLanguage\":\"es\",\"potentialAction\":[{\"@type\":\"ReadAction\",\"target\":[\"https:\\\/\\\/noticiasmercedinas.com\\\/site\\\/2026\\\/02\\\/28\\\/musica-a-la-carta-cautivo-en-participativa-noche-en-vivo-con-gastronomia-artesanal\\\/\"]}]},{\"@type\":\"ImageObject\",\"inLanguage\":\"es\",\"@id\":\"https:\\\/\\\/noticiasmercedinas.com\\\/site\\\/2026\\\/02\\\/28\\\/musica-a-la-carta-cautivo-en-participativa-noche-en-vivo-con-gastronomia-artesanal\\\/#primaryimage\",\"url\":\"https:\\\/\\\/noticiasmercedinas.com\\\/site\\\/wp-content\\\/uploads\\\/2026\\\/02\\\/LOS.jpg\",\"contentUrl\":\"https:\\\/\\\/noticiasmercedinas.com\\\/site\\\/wp-content\\\/uploads\\\/2026\\\/02\\\/LOS.jpg\",\"width\":1080,\"height\":916},{\"@type\":\"BreadcrumbList\",\"@id\":\"https:\\\/\\\/noticiasmercedinas.com\\\/site\\\/2026\\\/02\\\/28\\\/musica-a-la-carta-cautivo-en-participativa-noche-en-vivo-con-gastronomia-artesanal\\\/#breadcrumb\",\"itemListElement\":[{\"@type\":\"ListItem\",\"position\":1,\"name\":\"Portada\",\"item\":\"https:\\\/\\\/noticiasmercedinas.com\\\/site\\\/\"},{\"@type\":\"ListItem\",\"position\":2,\"name\":\"\u00abM\u00fasica a la Carta\u00bb cautiv\u00f3 en participativa noche en vivo con gastronom\u00eda artesanal\"}]},{\"@type\":\"WebSite\",\"@id\":\"https:\\\/\\\/noticiasmercedinas.com\\\/site\\\/#website\",\"url\":\"https:\\\/\\\/noticiasmercedinas.com\\\/site\\\/\",\"name\":\"NOTICIASMERCEDINAS.COM\",\"description\":\"Mercedes, Buenos Aires, Argentina\",\"publisher\":{\"@id\":\"https:\\\/\\\/noticiasmercedinas.com\\\/site\\\/#organization\"},\"potentialAction\":[{\"@type\":\"SearchAction\",\"target\":{\"@type\":\"EntryPoint\",\"urlTemplate\":\"https:\\\/\\\/noticiasmercedinas.com\\\/site\\\/?s={search_term_string}\"},\"query-input\":{\"@type\":\"PropertyValueSpecification\",\"valueRequired\":true,\"valueName\":\"search_term_string\"}}],\"inLanguage\":\"es\"},{\"@type\":\"Organization\",\"@id\":\"https:\\\/\\\/noticiasmercedinas.com\\\/site\\\/#organization\",\"name\":\"NOTICIASMERCEDINAS.COM\",\"url\":\"https:\\\/\\\/noticiasmercedinas.com\\\/site\\\/\",\"logo\":{\"@type\":\"ImageObject\",\"inLanguage\":\"es\",\"@id\":\"https:\\\/\\\/noticiasmercedinas.com\\\/site\\\/#\\\/schema\\\/logo\\\/image\\\/\",\"url\":\"https:\\\/\\\/noticiasmercedinas.com\\\/site\\\/wp-content\\\/uploads\\\/2020\\\/06\\\/LOGO-512.jpg\",\"contentUrl\":\"https:\\\/\\\/noticiasmercedinas.com\\\/site\\\/wp-content\\\/uploads\\\/2020\\\/06\\\/LOGO-512.jpg\",\"width\":512,\"height\":512,\"caption\":\"NOTICIASMERCEDINAS.COM\"},\"image\":{\"@id\":\"https:\\\/\\\/noticiasmercedinas.com\\\/site\\\/#\\\/schema\\\/logo\\\/image\\\/\"},\"sameAs\":[\"https:\\\/\\\/www.facebook.com\\\/noticiasmercedinas\\\/\",\"https:\\\/\\\/x.com\\\/notmercedinas\",\"https:\\\/\\\/www.instagram.com\\\/noticiasmercedinas\\\/\"]},{\"@type\":\"Person\",\"@id\":\"https:\\\/\\\/noticiasmercedinas.com\\\/site\\\/#\\\/schema\\\/person\\\/84b59c099c28ff2e8b77d4ceec5d8063\",\"name\":\"NOTICIASMERCEDINAS.COM\",\"image\":{\"@type\":\"ImageObject\",\"inLanguage\":\"es\",\"@id\":\"https:\\\/\\\/secure.gravatar.com\\\/avatar\\\/4dfbf16b4d17945bfb6341b2d19043457132fcf478a5ee04f42e959fd8f5df0a?s=96&d=mm&r=g\",\"url\":\"https:\\\/\\\/secure.gravatar.com\\\/avatar\\\/4dfbf16b4d17945bfb6341b2d19043457132fcf478a5ee04f42e959fd8f5df0a?s=96&d=mm&r=g\",\"contentUrl\":\"https:\\\/\\\/secure.gravatar.com\\\/avatar\\\/4dfbf16b4d17945bfb6341b2d19043457132fcf478a5ee04f42e959fd8f5df0a?s=96&d=mm&r=g\",\"caption\":\"NOTICIASMERCEDINAS.COM\"},\"url\":\"https:\\\/\\\/noticiasmercedinas.com\\\/site\\\/author\\\/anonimo\\\/\"}]}<\/script>\n<!-- \/ Yoast SEO plugin. -->","yoast_head_json":{"title":"\u00abM\u00fasica a la Carta\u00bb cautiv\u00f3 en participativa noche en vivo con gastronom\u00eda artesanal","description":"\u25a0 Con las actuaciones de Oscar Rossello, Agust\u00edn Stoner y Los Pocasoda, La Mendocina fue el escenario de una velada m\u00e1s de un ciclo que combina espect\u00e1culos ac\u00fasticos y productos regionales. Se viene la \"Noche de Micr\u00f3fono Abierto\".","robots":{"index":"index","follow":"follow","max-snippet":"max-snippet:-1","max-image-preview":"max-image-preview:large","max-video-preview":"max-video-preview:-1"},"canonical":"https:\/\/noticiasmercedinas.com\/site\/2026\/02\/28\/musica-a-la-carta-cautivo-en-participativa-noche-en-vivo-con-gastronomia-artesanal\/","og_locale":"es_ES","og_type":"article","og_title":"\u00abM\u00fasica a la Carta\u00bb cautiv\u00f3 en participativa noche en vivo con gastronom\u00eda artesanal","og_description":"\u25a0 Con las actuaciones de Oscar Rossello, Agust\u00edn Stoner y Los Pocasoda, La Mendocina fue el escenario de una velada m\u00e1s de un ciclo que combina espect\u00e1culos ac\u00fasticos y productos regionales. Se viene la \"Noche de Micr\u00f3fono Abierto\".","og_url":"https:\/\/noticiasmercedinas.com\/site\/2026\/02\/28\/musica-a-la-carta-cautivo-en-participativa-noche-en-vivo-con-gastronomia-artesanal\/","og_site_name":"NOTICIASMERCEDINAS.COM","article_publisher":"https:\/\/www.facebook.com\/noticiasmercedinas\/","article_published_time":"2026-02-28T19:17:43+00:00","og_image":[{"width":1080,"height":916,"url":"https:\/\/noticiasmercedinas.com\/site\/wp-content\/uploads\/2026\/02\/LOS.jpg","type":"image\/jpeg"}],"author":"NOTICIASMERCEDINAS.COM","twitter_card":"summary_large_image","twitter_creator":"@notmercedinas","twitter_site":"@notmercedinas","twitter_misc":{"Escrito por":"NOTICIASMERCEDINAS.COM","Tiempo de lectura":"2 minutos"},"schema":{"@context":"https:\/\/schema.org","@graph":[{"@type":"Article","@id":"https:\/\/noticiasmercedinas.com\/site\/2026\/02\/28\/musica-a-la-carta-cautivo-en-participativa-noche-en-vivo-con-gastronomia-artesanal\/#article","isPartOf":{"@id":"https:\/\/noticiasmercedinas.com\/site\/2026\/02\/28\/musica-a-la-carta-cautivo-en-participativa-noche-en-vivo-con-gastronomia-artesanal\/"},"author":{"name":"NOTICIASMERCEDINAS.COM","@id":"https:\/\/noticiasmercedinas.com\/site\/#\/schema\/person\/84b59c099c28ff2e8b77d4ceec5d8063"},"headline":"\u00abM\u00fasica a la Carta\u00bb cautiv\u00f3 en participativa noche en vivo con gastronom\u00eda artesanal","datePublished":"2026-02-28T19:17:43+00:00","mainEntityOfPage":{"@id":"https:\/\/noticiasmercedinas.com\/site\/2026\/02\/28\/musica-a-la-carta-cautivo-en-participativa-noche-en-vivo-con-gastronomia-artesanal\/"},"wordCount":297,"publisher":{"@id":"https:\/\/noticiasmercedinas.com\/site\/#organization"},"image":{"@id":"https:\/\/noticiasmercedinas.com\/site\/2026\/02\/28\/musica-a-la-carta-cautivo-en-participativa-noche-en-vivo-con-gastronomia-artesanal\/#primaryimage"},"thumbnailUrl":"https:\/\/noticiasmercedinas.com\/site\/wp-content\/uploads\/2026\/02\/LOS.jpg","keywords":["agustin stoiner","la mendocina","los pocasoda","oscar rossello","salame quintero"],"articleSection":["Cultura","Emprendimientos"],"inLanguage":"es"},{"@type":"WebPage","@id":"https:\/\/noticiasmercedinas.com\/site\/2026\/02\/28\/musica-a-la-carta-cautivo-en-participativa-noche-en-vivo-con-gastronomia-artesanal\/","url":"https:\/\/noticiasmercedinas.com\/site\/2026\/02\/28\/musica-a-la-carta-cautivo-en-participativa-noche-en-vivo-con-gastronomia-artesanal\/","name":"\u00abM\u00fasica a la Carta\u00bb cautiv\u00f3 en participativa noche en vivo con gastronom\u00eda artesanal","isPartOf":{"@id":"https:\/\/noticiasmercedinas.com\/site\/#website"},"primaryImageOfPage":{"@id":"https:\/\/noticiasmercedinas.com\/site\/2026\/02\/28\/musica-a-la-carta-cautivo-en-participativa-noche-en-vivo-con-gastronomia-artesanal\/#primaryimage"},"image":{"@id":"https:\/\/noticiasmercedinas.com\/site\/2026\/02\/28\/musica-a-la-carta-cautivo-en-participativa-noche-en-vivo-con-gastronomia-artesanal\/#primaryimage"},"thumbnailUrl":"https:\/\/noticiasmercedinas.com\/site\/wp-content\/uploads\/2026\/02\/LOS.jpg","datePublished":"2026-02-28T19:17:43+00:00","description":"\u25a0 Con las actuaciones de Oscar Rossello, Agust\u00edn Stoner y Los Pocasoda, La Mendocina fue el escenario de una velada m\u00e1s de un ciclo que combina espect\u00e1culos ac\u00fasticos y productos regionales. Se viene la \"Noche de Micr\u00f3fono Abierto\".","breadcrumb":{"@id":"https:\/\/noticiasmercedinas.com\/site\/2026\/02\/28\/musica-a-la-carta-cautivo-en-participativa-noche-en-vivo-con-gastronomia-artesanal\/#breadcrumb"},"inLanguage":"es","potentialAction":[{"@type":"ReadAction","target":["https:\/\/noticiasmercedinas.com\/site\/2026\/02\/28\/musica-a-la-carta-cautivo-en-participativa-noche-en-vivo-con-gastronomia-artesanal\/"]}]},{"@type":"ImageObject","inLanguage":"es","@id":"https:\/\/noticiasmercedinas.com\/site\/2026\/02\/28\/musica-a-la-carta-cautivo-en-participativa-noche-en-vivo-con-gastronomia-artesanal\/#primaryimage","url":"https:\/\/noticiasmercedinas.com\/site\/wp-content\/uploads\/2026\/02\/LOS.jpg","contentUrl":"https:\/\/noticiasmercedinas.com\/site\/wp-content\/uploads\/2026\/02\/LOS.jpg","width":1080,"height":916},{"@type":"BreadcrumbList","@id":"https:\/\/noticiasmercedinas.com\/site\/2026\/02\/28\/musica-a-la-carta-cautivo-en-participativa-noche-en-vivo-con-gastronomia-artesanal\/#breadcrumb","itemListElement":[{"@type":"ListItem","position":1,"name":"Portada","item":"https:\/\/noticiasmercedinas.com\/site\/"},{"@type":"ListItem","position":2,"name":"\u00abM\u00fasica a la Carta\u00bb cautiv\u00f3 en participativa noche en vivo con gastronom\u00eda artesanal"}]},{"@type":"WebSite","@id":"https:\/\/noticiasmercedinas.com\/site\/#website","url":"https:\/\/noticiasmercedinas.com\/site\/","name":"NOTICIASMERCEDINAS.COM","description":"Mercedes, Buenos Aires, Argentina","publisher":{"@id":"https:\/\/noticiasmercedinas.com\/site\/#organization"},"potentialAction":[{"@type":"SearchAction","target":{"@type":"EntryPoint","urlTemplate":"https:\/\/noticiasmercedinas.com\/site\/?s={search_term_string}"},"query-input":{"@type":"PropertyValueSpecification","valueRequired":true,"valueName":"search_term_string"}}],"inLanguage":"es"},{"@type":"Organization","@id":"https:\/\/noticiasmercedinas.com\/site\/#organization","name":"NOTICIASMERCEDINAS.COM","url":"https:\/\/noticiasmercedinas.com\/site\/","logo":{"@type":"ImageObject","inLanguage":"es","@id":"https:\/\/noticiasmercedinas.com\/site\/#\/schema\/logo\/image\/","url":"https:\/\/noticiasmercedinas.com\/site\/wp-content\/uploads\/2020\/06\/LOGO-512.jpg","contentUrl":"https:\/\/noticiasmercedinas.com\/site\/wp-content\/uploads\/2020\/06\/LOGO-512.jpg","width":512,"height":512,"caption":"NOTICIASMERCEDINAS.COM"},"image":{"@id":"https:\/\/noticiasmercedinas.com\/site\/#\/schema\/logo\/image\/"},"sameAs":["https:\/\/www.facebook.com\/noticiasmercedinas\/","https:\/\/x.com\/notmercedinas","https:\/\/www.instagram.com\/noticiasmercedinas\/"]},{"@type":"Person","@id":"https:\/\/noticiasmercedinas.com\/site\/#\/schema\/person\/84b59c099c28ff2e8b77d4ceec5d8063","name":"NOTICIASMERCEDINAS.COM","image":{"@type":"ImageObject","inLanguage":"es","@id":"https:\/\/secure.gravatar.com\/avatar\/4dfbf16b4d17945bfb6341b2d19043457132fcf478a5ee04f42e959fd8f5df0a?s=96&d=mm&r=g","url":"https:\/\/secure.gravatar.com\/avatar\/4dfbf16b4d17945bfb6341b2d19043457132fcf478a5ee04f42e959fd8f5df0a?s=96&d=mm&r=g","contentUrl":"https:\/\/secure.gravatar.com\/avatar\/4dfbf16b4d17945bfb6341b2d19043457132fcf478a5ee04f42e959fd8f5df0a?s=96&d=mm&r=g","caption":"NOTICIASMERCEDINAS.COM"},"url":"https:\/\/noticiasmercedinas.com\/site\/author\/anonimo\/"}]}},"amp_enabled":true,"_links":{"self":[{"href":"https:\/\/noticiasmercedinas.com\/site\/wp-json\/wp\/v2\/posts\/180775","targetHints":{"allow":["GET"]}}],"collection":[{"href":"https:\/\/noticiasmercedinas.com\/site\/wp-json\/wp\/v2\/posts"}],"about":[{"href":"https:\/\/noticiasmercedinas.com\/site\/wp-json\/wp\/v2\/types\/post"}],"author":[{"embeddable":true,"href":"https:\/\/noticiasmercedinas.com\/site\/wp-json\/wp\/v2\/users\/16"}],"replies":[{"embeddable":true,"href":"https:\/\/noticiasmercedinas.com\/site\/wp-json\/wp\/v2\/comments?post=180775"}],"version-history":[{"count":1,"href":"https:\/\/noticiasmercedinas.com\/site\/wp-json\/wp\/v2\/posts\/180775\/revisions"}],"predecessor-version":[{"id":180779,"href":"https:\/\/noticiasmercedinas.com\/site\/wp-json\/wp\/v2\/posts\/180775\/revisions\/180779"}],"wp:featuredmedia":[{"embeddable":true,"href":"https:\/\/noticiasmercedinas.com\/site\/wp-json\/wp\/v2\/media\/180778"}],"wp:attachment":[{"href":"https:\/\/noticiasmercedinas.com\/site\/wp-json\/wp\/v2\/media?parent=180775"}],"wp:term":[{"taxonomy":"category","embeddable":true,"href":"https:\/\/noticiasmercedinas.com\/site\/wp-json\/wp\/v2\/categories?post=180775"},{"taxonomy":"post_tag","embeddable":true,"href":"https:\/\/noticiasmercedinas.com\/site\/wp-json\/wp\/v2\/tags?post=180775"}],"curies":[{"name":"wp","href":"https:\/\/api.w.org\/{rel}","templated":true}]}}