{"id":180794,"date":"2026-03-01T09:05:59","date_gmt":"2026-03-01T12:05:59","guid":{"rendered":"https:\/\/noticiasmercedinas.com\/site\/?p=180794"},"modified":"2026-03-01T09:05:59","modified_gmt":"2026-03-01T12:05:59","slug":"asamblea-de-mujeres-en-defensa-de-la-ley-de-glaciares-exige-la-libertad-de-activistas","status":"publish","type":"post","link":"https:\/\/noticiasmercedinas.com\/site\/2026\/03\/01\/asamblea-de-mujeres-en-defensa-de-la-ley-de-glaciares-exige-la-libertad-de-activistas\/","title":{"rendered":"Asamblea de Mujeres en defensa de la Ley de Glaciares exige la libertad de activistas"},"content":{"rendered":"<p><img loading=\"lazy\" decoding=\"async\" class=\"alignnone wp-image-180795 size-full\" src=\"https:\/\/noticiasmercedinas.com\/site\/wp-content\/uploads\/2026\/03\/perito-moreno-santa-cruz.jpg\" alt=\"\" width=\"1920\" height=\"1080\" srcset=\"https:\/\/noticiasmercedinas.com\/site\/wp-content\/uploads\/2026\/03\/perito-moreno-santa-cruz.jpg 1920w, https:\/\/noticiasmercedinas.com\/site\/wp-content\/uploads\/2026\/03\/perito-moreno-santa-cruz-300x169.jpg 300w, https:\/\/noticiasmercedinas.com\/site\/wp-content\/uploads\/2026\/03\/perito-moreno-santa-cruz-1024x576.jpg 1024w, https:\/\/noticiasmercedinas.com\/site\/wp-content\/uploads\/2026\/03\/perito-moreno-santa-cruz-768x432.jpg 768w, https:\/\/noticiasmercedinas.com\/site\/wp-content\/uploads\/2026\/03\/perito-moreno-santa-cruz-1536x864.jpg 1536w, https:\/\/noticiasmercedinas.com\/site\/wp-content\/uploads\/2026\/03\/perito-moreno-santa-cruz-640x360.jpg 640w, https:\/\/noticiasmercedinas.com\/site\/wp-content\/uploads\/2026\/03\/perito-moreno-santa-cruz-1280x720.jpg 1280w, https:\/\/noticiasmercedinas.com\/site\/wp-content\/uploads\/2026\/03\/perito-moreno-santa-cruz-681x383.jpg 681w, https:\/\/noticiasmercedinas.com\/site\/wp-content\/uploads\/2026\/03\/perito-moreno-santa-cruz-1362x766.jpg 1362w\" sizes=\"auto, (max-width: 1920px) 100vw, 1920px\" \/><\/p>\n<p>En medio de los preparativos para la jornada del 8 de marzo, la Asamblea de Mujeres Mercedinas, Diversa y Feminista emiti\u00f3 un fuerte posicionamiento pol\u00edtico en defensa de los recursos naturales y la soberan\u00eda ambiental.<\/p>\n<p>A trav\u00e9s de un comunicado oficial, el colectivo expres\u00f3 su rechazo rotundo a cualquier modificaci\u00f3n de la Ley de Glaciares, sosteniendo que \u00abel agua y la vida se defienden\u00bb frente al avance de proyectos mineros contaminantes.<\/p>\n<p>La organizaci\u00f3n vincul\u00f3 la defensa del medio ambiente con la lucha por los derechos humanos, denunciando la criminalizaci\u00f3n de la protesta social.<\/p>\n<p>En este sentido, exigieron la liberaci\u00f3n inmediata de los activistas de Greenpeace detenidos recientemente, calificando el hecho como un acto de persecuci\u00f3n contra quienes protegen los bienes comunes.<\/p>\n<p><strong>El agua como bien com\u00fan<\/strong><br \/>\nPara la Asamblea, la protecci\u00f3n de los glaciares es una urgencia que trasciende lo ecol\u00f3gico para convertirse en una cuesti\u00f3n de supervivencia social.<\/p>\n<p>\u00abReprimir a quienes protegen los glaciares es proteger a las mineras contaminantes\u00bb, se\u00f1alaron, enfatizando que en Argentina el agua debe ser considerada un bien com\u00fan y no una mercanc\u00eda para el extractivismo.<\/p>\n","protected":false},"excerpt":{"rendered":"<p>\u25a0 \u00abEl agua vale m\u00e1s que el litio y el oro\u00bb, sostiene el colectivo feminista local y denuncia persecuci\u00f3n a la lucha ambiental. Reclama el cese del extractivismo y la liberaci\u00f3n inmediata de integrantes de Greenpeace detenidos.<\/p>\n","protected":false},"author":16,"featured_media":180795,"comment_status":"closed","ping_status":"closed","sticky":false,"template":"","format":"standard","meta":{"footnotes":""},"categories":[5754],"tags":[3088,11309,21736,21733],"class_list":["post-180794","post","type-post","status-publish","format-standard","has-post-thumbnail","hentry","category-medio-ambiente","tag-agua","tag-asamblea-de-mujeres-mercedinas-diversa-y-feminista","tag-glaciares","tag-ley-de-glaciares"],"yoast_head":"<!-- This site is optimized with the Yoast SEO plugin v27.5 - https:\/\/yoast.com\/product\/yoast-seo-wordpress\/ -->\n<title>Asamblea de Mujeres en defensa de la Ley de Glaciares exige la libertad de activistas<\/title>\n<meta name=\"description\" content=\"&quot;El agua vale m\u00e1s que el litio y el oro&quot;, sostiene el colectivo feminista local y denuncia persecuci\u00f3n a la lucha ambiental. Reclama el cese del extractivismo y la liberaci\u00f3n inmediata de integrantes de Greenpeace detenidos.\" \/>\n<meta name=\"robots\" content=\"index, follow, max-snippet:-1, max-image-preview:large, max-video-preview:-1\" \/>\n<link rel=\"canonical\" href=\"https:\/\/noticiasmercedinas.com\/site\/2026\/03\/01\/asamblea-de-mujeres-en-defensa-de-la-ley-de-glaciares-exige-la-libertad-de-activistas\/\" \/>\n<meta property=\"og:locale\" content=\"es_ES\" \/>\n<meta property=\"og:type\" content=\"article\" \/>\n<meta property=\"og:title\" content=\"Asamblea de Mujeres en defensa de la Ley de Glaciares exige la libertad de activistas\" \/>\n<meta property=\"og:description\" content=\"&quot;El agua vale m\u00e1s que el litio y el oro&quot;, sostiene el colectivo feminista local y denuncia persecuci\u00f3n a la lucha ambiental. Reclama el cese del extractivismo y la liberaci\u00f3n inmediata de integrantes de Greenpeace detenidos.\" \/>\n<meta property=\"og:url\" content=\"https:\/\/noticiasmercedinas.com\/site\/2026\/03\/01\/asamblea-de-mujeres-en-defensa-de-la-ley-de-glaciares-exige-la-libertad-de-activistas\/\" \/>\n<meta property=\"og:site_name\" content=\"NOTICIASMERCEDINAS.COM\" \/>\n<meta property=\"article:publisher\" content=\"https:\/\/www.facebook.com\/noticiasmercedinas\/\" \/>\n<meta property=\"article:published_time\" content=\"2026-03-01T12:05:59+00:00\" \/>\n<meta property=\"og:image\" content=\"https:\/\/noticiasmercedinas.com\/site\/wp-content\/uploads\/2026\/03\/perito-moreno-santa-cruz.jpg\" \/>\n\t<meta property=\"og:image:width\" content=\"1920\" \/>\n\t<meta property=\"og:image:height\" content=\"1080\" \/>\n\t<meta property=\"og:image:type\" content=\"image\/jpeg\" \/>\n<meta name=\"author\" content=\"NOTICIASMERCEDINAS.COM\" \/>\n<meta name=\"twitter:card\" content=\"summary_large_image\" \/>\n<meta name=\"twitter:creator\" content=\"@notmercedinas\" \/>\n<meta name=\"twitter:site\" content=\"@notmercedinas\" \/>\n<meta name=\"twitter:label1\" content=\"Escrito por\" \/>\n\t<meta name=\"twitter:data1\" content=\"NOTICIASMERCEDINAS.COM\" \/>\n\t<meta name=\"twitter:label2\" content=\"Tiempo de lectura\" \/>\n\t<meta name=\"twitter:data2\" content=\"2 minutos\" \/>\n<script type=\"application\/ld+json\" class=\"yoast-schema-graph\">{\"@context\":\"https:\\\/\\\/schema.org\",\"@graph\":[{\"@type\":\"Article\",\"@id\":\"https:\\\/\\\/noticiasmercedinas.com\\\/site\\\/2026\\\/03\\\/01\\\/asamblea-de-mujeres-en-defensa-de-la-ley-de-glaciares-exige-la-libertad-de-activistas\\\/#article\",\"isPartOf\":{\"@id\":\"https:\\\/\\\/noticiasmercedinas.com\\\/site\\\/2026\\\/03\\\/01\\\/asamblea-de-mujeres-en-defensa-de-la-ley-de-glaciares-exige-la-libertad-de-activistas\\\/\"},\"author\":{\"name\":\"NOTICIASMERCEDINAS.COM\",\"@id\":\"https:\\\/\\\/noticiasmercedinas.com\\\/site\\\/#\\\/schema\\\/person\\\/84b59c099c28ff2e8b77d4ceec5d8063\"},\"headline\":\"Asamblea de Mujeres en defensa de la Ley de Glaciares exige la libertad de activistas\",\"datePublished\":\"2026-03-01T12:05:59+00:00\",\"mainEntityOfPage\":{\"@id\":\"https:\\\/\\\/noticiasmercedinas.com\\\/site\\\/2026\\\/03\\\/01\\\/asamblea-de-mujeres-en-defensa-de-la-ley-de-glaciares-exige-la-libertad-de-activistas\\\/\"},\"wordCount\":210,\"publisher\":{\"@id\":\"https:\\\/\\\/noticiasmercedinas.com\\\/site\\\/#organization\"},\"image\":{\"@id\":\"https:\\\/\\\/noticiasmercedinas.com\\\/site\\\/2026\\\/03\\\/01\\\/asamblea-de-mujeres-en-defensa-de-la-ley-de-glaciares-exige-la-libertad-de-activistas\\\/#primaryimage\"},\"thumbnailUrl\":\"https:\\\/\\\/noticiasmercedinas.com\\\/site\\\/wp-content\\\/uploads\\\/2026\\\/03\\\/perito-moreno-santa-cruz.jpg\",\"keywords\":[\"agua\",\"Asamblea de Mujeres Mercedinas Diversa y Feminista\",\"glaciares\",\"ley de glaciares\"],\"articleSection\":[\"Ambiente\"],\"inLanguage\":\"es\"},{\"@type\":\"WebPage\",\"@id\":\"https:\\\/\\\/noticiasmercedinas.com\\\/site\\\/2026\\\/03\\\/01\\\/asamblea-de-mujeres-en-defensa-de-la-ley-de-glaciares-exige-la-libertad-de-activistas\\\/\",\"url\":\"https:\\\/\\\/noticiasmercedinas.com\\\/site\\\/2026\\\/03\\\/01\\\/asamblea-de-mujeres-en-defensa-de-la-ley-de-glaciares-exige-la-libertad-de-activistas\\\/\",\"name\":\"Asamblea de Mujeres en defensa de la Ley de Glaciares exige la libertad de activistas\",\"isPartOf\":{\"@id\":\"https:\\\/\\\/noticiasmercedinas.com\\\/site\\\/#website\"},\"primaryImageOfPage\":{\"@id\":\"https:\\\/\\\/noticiasmercedinas.com\\\/site\\\/2026\\\/03\\\/01\\\/asamblea-de-mujeres-en-defensa-de-la-ley-de-glaciares-exige-la-libertad-de-activistas\\\/#primaryimage\"},\"image\":{\"@id\":\"https:\\\/\\\/noticiasmercedinas.com\\\/site\\\/2026\\\/03\\\/01\\\/asamblea-de-mujeres-en-defensa-de-la-ley-de-glaciares-exige-la-libertad-de-activistas\\\/#primaryimage\"},\"thumbnailUrl\":\"https:\\\/\\\/noticiasmercedinas.com\\\/site\\\/wp-content\\\/uploads\\\/2026\\\/03\\\/perito-moreno-santa-cruz.jpg\",\"datePublished\":\"2026-03-01T12:05:59+00:00\",\"description\":\"\\\"El agua vale m\u00e1s que el litio y el oro\\\", sostiene el colectivo feminista local y denuncia persecuci\u00f3n a la lucha ambiental. Reclama el cese del extractivismo y la liberaci\u00f3n inmediata de integrantes de Greenpeace detenidos.\",\"breadcrumb\":{\"@id\":\"https:\\\/\\\/noticiasmercedinas.com\\\/site\\\/2026\\\/03\\\/01\\\/asamblea-de-mujeres-en-defensa-de-la-ley-de-glaciares-exige-la-libertad-de-activistas\\\/#breadcrumb\"},\"inLanguage\":\"es\",\"potentialAction\":[{\"@type\":\"ReadAction\",\"target\":[\"https:\\\/\\\/noticiasmercedinas.com\\\/site\\\/2026\\\/03\\\/01\\\/asamblea-de-mujeres-en-defensa-de-la-ley-de-glaciares-exige-la-libertad-de-activistas\\\/\"]}]},{\"@type\":\"ImageObject\",\"inLanguage\":\"es\",\"@id\":\"https:\\\/\\\/noticiasmercedinas.com\\\/site\\\/2026\\\/03\\\/01\\\/asamblea-de-mujeres-en-defensa-de-la-ley-de-glaciares-exige-la-libertad-de-activistas\\\/#primaryimage\",\"url\":\"https:\\\/\\\/noticiasmercedinas.com\\\/site\\\/wp-content\\\/uploads\\\/2026\\\/03\\\/perito-moreno-santa-cruz.jpg\",\"contentUrl\":\"https:\\\/\\\/noticiasmercedinas.com\\\/site\\\/wp-content\\\/uploads\\\/2026\\\/03\\\/perito-moreno-santa-cruz.jpg\",\"width\":1920,\"height\":1080,\"caption\":\"C\"},{\"@type\":\"BreadcrumbList\",\"@id\":\"https:\\\/\\\/noticiasmercedinas.com\\\/site\\\/2026\\\/03\\\/01\\\/asamblea-de-mujeres-en-defensa-de-la-ley-de-glaciares-exige-la-libertad-de-activistas\\\/#breadcrumb\",\"itemListElement\":[{\"@type\":\"ListItem\",\"position\":1,\"name\":\"Portada\",\"item\":\"https:\\\/\\\/noticiasmercedinas.com\\\/site\\\/\"},{\"@type\":\"ListItem\",\"position\":2,\"name\":\"Asamblea de Mujeres en defensa de la Ley de Glaciares exige la libertad de activistas\"}]},{\"@type\":\"WebSite\",\"@id\":\"https:\\\/\\\/noticiasmercedinas.com\\\/site\\\/#website\",\"url\":\"https:\\\/\\\/noticiasmercedinas.com\\\/site\\\/\",\"name\":\"NOTICIASMERCEDINAS.COM\",\"description\":\"Mercedes, Buenos Aires, Argentina\",\"publisher\":{\"@id\":\"https:\\\/\\\/noticiasmercedinas.com\\\/site\\\/#organization\"},\"potentialAction\":[{\"@type\":\"SearchAction\",\"target\":{\"@type\":\"EntryPoint\",\"urlTemplate\":\"https:\\\/\\\/noticiasmercedinas.com\\\/site\\\/?s={search_term_string}\"},\"query-input\":{\"@type\":\"PropertyValueSpecification\",\"valueRequired\":true,\"valueName\":\"search_term_string\"}}],\"inLanguage\":\"es\"},{\"@type\":\"Organization\",\"@id\":\"https:\\\/\\\/noticiasmercedinas.com\\\/site\\\/#organization\",\"name\":\"NOTICIASMERCEDINAS.COM\",\"url\":\"https:\\\/\\\/noticiasmercedinas.com\\\/site\\\/\",\"logo\":{\"@type\":\"ImageObject\",\"inLanguage\":\"es\",\"@id\":\"https:\\\/\\\/noticiasmercedinas.com\\\/site\\\/#\\\/schema\\\/logo\\\/image\\\/\",\"url\":\"https:\\\/\\\/noticiasmercedinas.com\\\/site\\\/wp-content\\\/uploads\\\/2020\\\/06\\\/LOGO-512.jpg\",\"contentUrl\":\"https:\\\/\\\/noticiasmercedinas.com\\\/site\\\/wp-content\\\/uploads\\\/2020\\\/06\\\/LOGO-512.jpg\",\"width\":512,\"height\":512,\"caption\":\"NOTICIASMERCEDINAS.COM\"},\"image\":{\"@id\":\"https:\\\/\\\/noticiasmercedinas.com\\\/site\\\/#\\\/schema\\\/logo\\\/image\\\/\"},\"sameAs\":[\"https:\\\/\\\/www.facebook.com\\\/noticiasmercedinas\\\/\",\"https:\\\/\\\/x.com\\\/notmercedinas\",\"https:\\\/\\\/www.instagram.com\\\/noticiasmercedinas\\\/\"]},{\"@type\":\"Person\",\"@id\":\"https:\\\/\\\/noticiasmercedinas.com\\\/site\\\/#\\\/schema\\\/person\\\/84b59c099c28ff2e8b77d4ceec5d8063\",\"name\":\"NOTICIASMERCEDINAS.COM\",\"image\":{\"@type\":\"ImageObject\",\"inLanguage\":\"es\",\"@id\":\"https:\\\/\\\/secure.gravatar.com\\\/avatar\\\/4dfbf16b4d17945bfb6341b2d19043457132fcf478a5ee04f42e959fd8f5df0a?s=96&d=mm&r=g\",\"url\":\"https:\\\/\\\/secure.gravatar.com\\\/avatar\\\/4dfbf16b4d17945bfb6341b2d19043457132fcf478a5ee04f42e959fd8f5df0a?s=96&d=mm&r=g\",\"contentUrl\":\"https:\\\/\\\/secure.gravatar.com\\\/avatar\\\/4dfbf16b4d17945bfb6341b2d19043457132fcf478a5ee04f42e959fd8f5df0a?s=96&d=mm&r=g\",\"caption\":\"NOTICIASMERCEDINAS.COM\"},\"url\":\"https:\\\/\\\/noticiasmercedinas.com\\\/site\\\/author\\\/anonimo\\\/\"}]}<\/script>\n<!-- \/ Yoast SEO plugin. -->","yoast_head_json":{"title":"Asamblea de Mujeres en defensa de la Ley de Glaciares exige la libertad de activistas","description":"\"El agua vale m\u00e1s que el litio y el oro\", sostiene el colectivo feminista local y denuncia persecuci\u00f3n a la lucha ambiental. Reclama el cese del extractivismo y la liberaci\u00f3n inmediata de integrantes de Greenpeace detenidos.","robots":{"index":"index","follow":"follow","max-snippet":"max-snippet:-1","max-image-preview":"max-image-preview:large","max-video-preview":"max-video-preview:-1"},"canonical":"https:\/\/noticiasmercedinas.com\/site\/2026\/03\/01\/asamblea-de-mujeres-en-defensa-de-la-ley-de-glaciares-exige-la-libertad-de-activistas\/","og_locale":"es_ES","og_type":"article","og_title":"Asamblea de Mujeres en defensa de la Ley de Glaciares exige la libertad de activistas","og_description":"\"El agua vale m\u00e1s que el litio y el oro\", sostiene el colectivo feminista local y denuncia persecuci\u00f3n a la lucha ambiental. Reclama el cese del extractivismo y la liberaci\u00f3n inmediata de integrantes de Greenpeace detenidos.","og_url":"https:\/\/noticiasmercedinas.com\/site\/2026\/03\/01\/asamblea-de-mujeres-en-defensa-de-la-ley-de-glaciares-exige-la-libertad-de-activistas\/","og_site_name":"NOTICIASMERCEDINAS.COM","article_publisher":"https:\/\/www.facebook.com\/noticiasmercedinas\/","article_published_time":"2026-03-01T12:05:59+00:00","og_image":[{"width":1920,"height":1080,"url":"https:\/\/noticiasmercedinas.com\/site\/wp-content\/uploads\/2026\/03\/perito-moreno-santa-cruz.jpg","type":"image\/jpeg"}],"author":"NOTICIASMERCEDINAS.COM","twitter_card":"summary_large_image","twitter_creator":"@notmercedinas","twitter_site":"@notmercedinas","twitter_misc":{"Escrito por":"NOTICIASMERCEDINAS.COM","Tiempo de lectura":"2 minutos"},"schema":{"@context":"https:\/\/schema.org","@graph":[{"@type":"Article","@id":"https:\/\/noticiasmercedinas.com\/site\/2026\/03\/01\/asamblea-de-mujeres-en-defensa-de-la-ley-de-glaciares-exige-la-libertad-de-activistas\/#article","isPartOf":{"@id":"https:\/\/noticiasmercedinas.com\/site\/2026\/03\/01\/asamblea-de-mujeres-en-defensa-de-la-ley-de-glaciares-exige-la-libertad-de-activistas\/"},"author":{"name":"NOTICIASMERCEDINAS.COM","@id":"https:\/\/noticiasmercedinas.com\/site\/#\/schema\/person\/84b59c099c28ff2e8b77d4ceec5d8063"},"headline":"Asamblea de Mujeres en defensa de la Ley de Glaciares exige la libertad de activistas","datePublished":"2026-03-01T12:05:59+00:00","mainEntityOfPage":{"@id":"https:\/\/noticiasmercedinas.com\/site\/2026\/03\/01\/asamblea-de-mujeres-en-defensa-de-la-ley-de-glaciares-exige-la-libertad-de-activistas\/"},"wordCount":210,"publisher":{"@id":"https:\/\/noticiasmercedinas.com\/site\/#organization"},"image":{"@id":"https:\/\/noticiasmercedinas.com\/site\/2026\/03\/01\/asamblea-de-mujeres-en-defensa-de-la-ley-de-glaciares-exige-la-libertad-de-activistas\/#primaryimage"},"thumbnailUrl":"https:\/\/noticiasmercedinas.com\/site\/wp-content\/uploads\/2026\/03\/perito-moreno-santa-cruz.jpg","keywords":["agua","Asamblea de Mujeres Mercedinas Diversa y Feminista","glaciares","ley de glaciares"],"articleSection":["Ambiente"],"inLanguage":"es"},{"@type":"WebPage","@id":"https:\/\/noticiasmercedinas.com\/site\/2026\/03\/01\/asamblea-de-mujeres-en-defensa-de-la-ley-de-glaciares-exige-la-libertad-de-activistas\/","url":"https:\/\/noticiasmercedinas.com\/site\/2026\/03\/01\/asamblea-de-mujeres-en-defensa-de-la-ley-de-glaciares-exige-la-libertad-de-activistas\/","name":"Asamblea de Mujeres en defensa de la Ley de Glaciares exige la libertad de activistas","isPartOf":{"@id":"https:\/\/noticiasmercedinas.com\/site\/#website"},"primaryImageOfPage":{"@id":"https:\/\/noticiasmercedinas.com\/site\/2026\/03\/01\/asamblea-de-mujeres-en-defensa-de-la-ley-de-glaciares-exige-la-libertad-de-activistas\/#primaryimage"},"image":{"@id":"https:\/\/noticiasmercedinas.com\/site\/2026\/03\/01\/asamblea-de-mujeres-en-defensa-de-la-ley-de-glaciares-exige-la-libertad-de-activistas\/#primaryimage"},"thumbnailUrl":"https:\/\/noticiasmercedinas.com\/site\/wp-content\/uploads\/2026\/03\/perito-moreno-santa-cruz.jpg","datePublished":"2026-03-01T12:05:59+00:00","description":"\"El agua vale m\u00e1s que el litio y el oro\", sostiene el colectivo feminista local y denuncia persecuci\u00f3n a la lucha ambiental. Reclama el cese del extractivismo y la liberaci\u00f3n inmediata de integrantes de Greenpeace detenidos.","breadcrumb":{"@id":"https:\/\/noticiasmercedinas.com\/site\/2026\/03\/01\/asamblea-de-mujeres-en-defensa-de-la-ley-de-glaciares-exige-la-libertad-de-activistas\/#breadcrumb"},"inLanguage":"es","potentialAction":[{"@type":"ReadAction","target":["https:\/\/noticiasmercedinas.com\/site\/2026\/03\/01\/asamblea-de-mujeres-en-defensa-de-la-ley-de-glaciares-exige-la-libertad-de-activistas\/"]}]},{"@type":"ImageObject","inLanguage":"es","@id":"https:\/\/noticiasmercedinas.com\/site\/2026\/03\/01\/asamblea-de-mujeres-en-defensa-de-la-ley-de-glaciares-exige-la-libertad-de-activistas\/#primaryimage","url":"https:\/\/noticiasmercedinas.com\/site\/wp-content\/uploads\/2026\/03\/perito-moreno-santa-cruz.jpg","contentUrl":"https:\/\/noticiasmercedinas.com\/site\/wp-content\/uploads\/2026\/03\/perito-moreno-santa-cruz.jpg","width":1920,"height":1080,"caption":"C"},{"@type":"BreadcrumbList","@id":"https:\/\/noticiasmercedinas.com\/site\/2026\/03\/01\/asamblea-de-mujeres-en-defensa-de-la-ley-de-glaciares-exige-la-libertad-de-activistas\/#breadcrumb","itemListElement":[{"@type":"ListItem","position":1,"name":"Portada","item":"https:\/\/noticiasmercedinas.com\/site\/"},{"@type":"ListItem","position":2,"name":"Asamblea de Mujeres en defensa de la Ley de Glaciares exige la libertad de activistas"}]},{"@type":"WebSite","@id":"https:\/\/noticiasmercedinas.com\/site\/#website","url":"https:\/\/noticiasmercedinas.com\/site\/","name":"NOTICIASMERCEDINAS.COM","description":"Mercedes, Buenos Aires, Argentina","publisher":{"@id":"https:\/\/noticiasmercedinas.com\/site\/#organization"},"potentialAction":[{"@type":"SearchAction","target":{"@type":"EntryPoint","urlTemplate":"https:\/\/noticiasmercedinas.com\/site\/?s={search_term_string}"},"query-input":{"@type":"PropertyValueSpecification","valueRequired":true,"valueName":"search_term_string"}}],"inLanguage":"es"},{"@type":"Organization","@id":"https:\/\/noticiasmercedinas.com\/site\/#organization","name":"NOTICIASMERCEDINAS.COM","url":"https:\/\/noticiasmercedinas.com\/site\/","logo":{"@type":"ImageObject","inLanguage":"es","@id":"https:\/\/noticiasmercedinas.com\/site\/#\/schema\/logo\/image\/","url":"https:\/\/noticiasmercedinas.com\/site\/wp-content\/uploads\/2020\/06\/LOGO-512.jpg","contentUrl":"https:\/\/noticiasmercedinas.com\/site\/wp-content\/uploads\/2020\/06\/LOGO-512.jpg","width":512,"height":512,"caption":"NOTICIASMERCEDINAS.COM"},"image":{"@id":"https:\/\/noticiasmercedinas.com\/site\/#\/schema\/logo\/image\/"},"sameAs":["https:\/\/www.facebook.com\/noticiasmercedinas\/","https:\/\/x.com\/notmercedinas","https:\/\/www.instagram.com\/noticiasmercedinas\/"]},{"@type":"Person","@id":"https:\/\/noticiasmercedinas.com\/site\/#\/schema\/person\/84b59c099c28ff2e8b77d4ceec5d8063","name":"NOTICIASMERCEDINAS.COM","image":{"@type":"ImageObject","inLanguage":"es","@id":"https:\/\/secure.gravatar.com\/avatar\/4dfbf16b4d17945bfb6341b2d19043457132fcf478a5ee04f42e959fd8f5df0a?s=96&d=mm&r=g","url":"https:\/\/secure.gravatar.com\/avatar\/4dfbf16b4d17945bfb6341b2d19043457132fcf478a5ee04f42e959fd8f5df0a?s=96&d=mm&r=g","contentUrl":"https:\/\/secure.gravatar.com\/avatar\/4dfbf16b4d17945bfb6341b2d19043457132fcf478a5ee04f42e959fd8f5df0a?s=96&d=mm&r=g","caption":"NOTICIASMERCEDINAS.COM"},"url":"https:\/\/noticiasmercedinas.com\/site\/author\/anonimo\/"}]}},"amp_enabled":true,"_links":{"self":[{"href":"https:\/\/noticiasmercedinas.com\/site\/wp-json\/wp\/v2\/posts\/180794","targetHints":{"allow":["GET"]}}],"collection":[{"href":"https:\/\/noticiasmercedinas.com\/site\/wp-json\/wp\/v2\/posts"}],"about":[{"href":"https:\/\/noticiasmercedinas.com\/site\/wp-json\/wp\/v2\/types\/post"}],"author":[{"embeddable":true,"href":"https:\/\/noticiasmercedinas.com\/site\/wp-json\/wp\/v2\/users\/16"}],"replies":[{"embeddable":true,"href":"https:\/\/noticiasmercedinas.com\/site\/wp-json\/wp\/v2\/comments?post=180794"}],"version-history":[{"count":1,"href":"https:\/\/noticiasmercedinas.com\/site\/wp-json\/wp\/v2\/posts\/180794\/revisions"}],"predecessor-version":[{"id":180796,"href":"https:\/\/noticiasmercedinas.com\/site\/wp-json\/wp\/v2\/posts\/180794\/revisions\/180796"}],"wp:featuredmedia":[{"embeddable":true,"href":"https:\/\/noticiasmercedinas.com\/site\/wp-json\/wp\/v2\/media\/180795"}],"wp:attachment":[{"href":"https:\/\/noticiasmercedinas.com\/site\/wp-json\/wp\/v2\/media?parent=180794"}],"wp:term":[{"taxonomy":"category","embeddable":true,"href":"https:\/\/noticiasmercedinas.com\/site\/wp-json\/wp\/v2\/categories?post=180794"},{"taxonomy":"post_tag","embeddable":true,"href":"https:\/\/noticiasmercedinas.com\/site\/wp-json\/wp\/v2\/tags?post=180794"}],"curies":[{"name":"wp","href":"https:\/\/api.w.org\/{rel}","templated":true}]}}