{"id":180820,"date":"2026-03-01T20:33:02","date_gmt":"2026-03-01T23:33:02","guid":{"rendered":"https:\/\/noticiasmercedinas.com\/site\/?p=180820"},"modified":"2026-03-01T20:33:55","modified_gmt":"2026-03-01T23:33:55","slug":"maria-laura-mangoni-es-la-nueva-presidenta-de-la-sociedad-de-fomento-de-goldney","status":"publish","type":"post","link":"https:\/\/noticiasmercedinas.com\/site\/2026\/03\/01\/maria-laura-mangoni-es-la-nueva-presidenta-de-la-sociedad-de-fomento-de-goldney\/","title":{"rendered":"Mar\u00eda Laura Mangoni es la nueva presidenta de la Sociedad de Fomento de Goldney"},"content":{"rendered":"<p data-path-to-node=\"3\"><span style=\"font-family: Verdana, Geneva, sans-serif; font-size: 14px;\"><img loading=\"lazy\" decoding=\"async\" class=\"alignnone size-full wp-image-180824\" src=\"https:\/\/noticiasmercedinas.com\/site\/wp-content\/uploads\/2026\/03\/goldney.jpg\" alt=\"\" width=\"1080\" height=\"726\" srcset=\"https:\/\/noticiasmercedinas.com\/site\/wp-content\/uploads\/2026\/03\/goldney.jpg 1080w, https:\/\/noticiasmercedinas.com\/site\/wp-content\/uploads\/2026\/03\/goldney-300x202.jpg 300w, https:\/\/noticiasmercedinas.com\/site\/wp-content\/uploads\/2026\/03\/goldney-1024x688.jpg 1024w, https:\/\/noticiasmercedinas.com\/site\/wp-content\/uploads\/2026\/03\/goldney-768x516.jpg 768w, https:\/\/noticiasmercedinas.com\/site\/wp-content\/uploads\/2026\/03\/goldney-537x360.jpg 537w, https:\/\/noticiasmercedinas.com\/site\/wp-content\/uploads\/2026\/03\/goldney-640x430.jpg 640w, https:\/\/noticiasmercedinas.com\/site\/wp-content\/uploads\/2026\/03\/goldney-681x458.jpg 681w\" sizes=\"auto, (max-width: 1080px) 100vw, 1080px\" \/><\/span><\/p>\n<p data-path-to-node=\"3\"><span style=\"font-family: Verdana, Geneva, sans-serif; font-size: 14px;\">En una jornada democr\u00e1tica que moviliz\u00f3 a gran parte de la comunidad de la localidad rural del partido de Mercedes, <\/span><b style=\"font-family: Verdana, Geneva, sans-serif; font-size: 14px;\" data-path-to-node=\"5\" data-index-in-node=\"80\">Mar\u00eda Laura Mangoni<\/b><span style=\"font-family: Verdana, Geneva, sans-serif; font-size: 14px;\"> fue electa como presidenta de la Sociedad de Fomento de Goldney el pasado s\u00e1bado 28 de febrero.<\/span><\/p>\n<p data-path-to-node=\"5\">Los comicios, celebrados en la Escuela N\u00b0 23, registraron una participaci\u00f3n de 80 electores, donde la <b data-path-to-node=\"5\" data-index-in-node=\"298\">Lista 2<\/b> obtuvo una contundente victoria con <b data-path-to-node=\"5\" data-index-in-node=\"342\">57 votos<\/b> frente a los 23 de la lista opositora.<\/p>\n<blockquote>\n<p data-path-to-node=\"5\">Tras una hist\u00f3rica participaci\u00f3n vecinal, la Lista 2 se impuso con el 71% de los votos. La nueva gesti\u00f3n asume con un fuerte compromiso de transparencia, mejoras en infraestructura rural y pluralismo institucional.<\/p>\n<\/blockquote>\n<p data-path-to-node=\"6\">La flamante comisi\u00f3n directiva surge de una construcci\u00f3n plural que integra a representantes de las Escuelas 23 y 32, vecinos del pueblo viejo, la zona de chacras y el nuevo loteo. \u00abBuscamos dar vuelta una realidad de poca participaci\u00f3n para asegurar la transparencia y el bien com\u00fan\u00bb, se\u00f1al\u00f3 Mangoni tras el triunfo.<\/p>\n<h3 data-path-to-node=\"7\">Ejes prioritarios de gesti\u00f3n<\/h3>\n<p data-path-to-node=\"8\">La nueva conducci\u00f3n present\u00f3 un plan de trabajo inmediato centrado en las necesidades estructurales de la localidad:<\/p>\n<p data-path-to-node=\"8\"><b data-path-to-node=\"9,0,0\" data-index-in-node=\"0\">Infraestructura:<\/b> Gesti\u00f3n de la transitabilidad de la calle 30 y mejora de caminos rurales.<\/p>\n<p data-path-to-node=\"9,1,0\"><b data-path-to-node=\"9,1,0\" data-index-in-node=\"0\">Servicios:<\/b> Soluci\u00f3n al cobro de alumbrado p\u00fablico rural y optimizaci\u00f3n de la recolecci\u00f3n de residuos.<\/p>\n<p data-path-to-node=\"9,2,0\"><b data-path-to-node=\"9,2,0\" data-index-in-node=\"0\">Prevenci\u00f3n:<\/b> Ejecuci\u00f3n de zanjeos para evitar inundaciones en la zona escolar y del loteo.<\/p>\n<p data-path-to-node=\"9,3,0\"><b data-path-to-node=\"9,3,0\" data-index-in-node=\"0\">Seguridad y Salud:<\/b> Instalaci\u00f3n de c\u00e1maras en la Escuela N\u00b0 32 y garant\u00eda de atenci\u00f3n m\u00e9dica prioritaria en el CAPS.<\/p>\n<h3 data-path-to-node=\"10\">N\u00f3mina Completa &#8211; Lista N\u00ba 2<\/h3>\n<p data-path-to-node=\"11\">Aprobada por Resoluci\u00f3n Municipal N\u00b0 46, la nueva comisi\u00f3n est\u00e1 integrada por:<\/p>\n<table data-path-to-node=\"12\">\n<thead>\n<tr>\n<td><strong>Cargo<\/strong><\/td>\n<td><strong>Nombre y Apellido<\/strong><\/td>\n<\/tr>\n<\/thead>\n<tbody>\n<tr>\n<td><span data-path-to-node=\"12,1,0,0\"><b data-path-to-node=\"12,1,0,0\" data-index-in-node=\"0\">Presidenta<\/b><\/span><\/td>\n<td><span data-path-to-node=\"12,1,1,0\"><b data-path-to-node=\"12,1,1,0\" data-index-in-node=\"0\">Mangoni, Mar\u00eda Laura<\/b><\/span><\/td>\n<\/tr>\n<tr>\n<td><span data-path-to-node=\"12,2,0,0\">Secretario General<\/span><\/td>\n<td><span data-path-to-node=\"12,2,1,0\">Fern\u00e1ndez, Ger\u00f3nimo<\/span><\/td>\n<\/tr>\n<tr>\n<td><span data-path-to-node=\"12,3,0,0\">Secretaria de Actas<\/span><\/td>\n<td><span data-path-to-node=\"12,3,1,0\">Cassiano Dos Santos, Leonela Vanesa<\/span><\/td>\n<\/tr>\n<tr>\n<td><span data-path-to-node=\"12,4,0,0\">Tesorero<\/span><\/td>\n<td><span data-path-to-node=\"12,4,1,0\">Avari, Norberto Oscar<\/span><\/td>\n<\/tr>\n<tr>\n<td><span data-path-to-node=\"12,5,0,0\">Vocales Titulares<\/span><\/td>\n<td><span data-path-to-node=\"12,5,1,0\">Ballejos, Omar Jes\u00fas; Marmori Rivas, Miguel \u00c1ngel; Iba\u00f1a, Leonardo Germ\u00e1n<\/span><\/td>\n<\/tr>\n<tr>\n<td><span data-path-to-node=\"12,6,0,0\">Vocales Suplentes<\/span><\/td>\n<td><span data-path-to-node=\"12,6,1,0\">Magnaniello, Susana Beatriz; Morgan, Osvaldo Guillermo; Ruiz, Gonzalo<\/span><\/td>\n<\/tr>\n<tr>\n<td><span data-path-to-node=\"12,7,0,0\">Revisores de Cuenta Titulares<\/span><\/td>\n<td><span data-path-to-node=\"12,7,1,0\">Bianchini, Sandra Mar\u00eda; Farf\u00e1n, C\u00e9sar Fabi\u00e1n<\/span><\/td>\n<\/tr>\n<tr>\n<td><span data-path-to-node=\"12,8,0,0\">Revisores de Cuenta Suplentes<\/span><\/td>\n<td><span data-path-to-node=\"12,8,1,0\">Dallavia, M\u00f3nica Marta; Roda, Viviana Elizabeth<\/span><\/td>\n<\/tr>\n<\/tbody>\n<\/table>\n<p><img loading=\"lazy\" decoding=\"async\" class=\"alignnone size-full wp-image-180823\" src=\"https:\/\/noticiasmercedinas.com\/site\/wp-content\/uploads\/2026\/03\/wp-1646570536973-1353411841.jpg\" alt=\"\" width=\"726\" height=\"484\" srcset=\"https:\/\/noticiasmercedinas.com\/site\/wp-content\/uploads\/2026\/03\/wp-1646570536973-1353411841.jpg 726w, https:\/\/noticiasmercedinas.com\/site\/wp-content\/uploads\/2026\/03\/wp-1646570536973-1353411841-300x200.jpg 300w, https:\/\/noticiasmercedinas.com\/site\/wp-content\/uploads\/2026\/03\/wp-1646570536973-1353411841-640x427.jpg 640w, https:\/\/noticiasmercedinas.com\/site\/wp-content\/uploads\/2026\/03\/wp-1646570536973-1353411841-681x454.jpg 681w\" sizes=\"auto, (max-width: 726px) 100vw, 726px\" \/><\/p>\n","protected":false},"excerpt":{"rendered":"<p>\u25a0 Tras una hist\u00f3rica participaci\u00f3n vecinal, la Lista 2 se impuso con el 71% de los votos. La nueva gesti\u00f3n asume con un fuerte compromiso de transparencia, mejoras en infraestructura rural y pluralismo institucional.<\/p>\n","protected":false},"author":16,"featured_media":180824,"comment_status":"closed","ping_status":"closed","sticky":false,"template":"","format":"standard","meta":{"footnotes":""},"categories":[3],"tags":[115,697,7953],"class_list":["post-180820","post","type-post","status-publish","format-standard","has-post-thumbnail","hentry","category-sociedad","tag-elecciones","tag-goldney","tag-maria-laura-mangoni"],"yoast_head":"<!-- This site is optimized with the Yoast SEO plugin v27.5 - https:\/\/yoast.com\/product\/yoast-seo-wordpress\/ -->\n<title>Mar\u00eda Laura Mangoni es la nueva presidenta de la Sociedad de Fomento de Goldney<\/title>\n<meta name=\"description\" content=\"Tras una hist\u00f3rica participaci\u00f3n vecinal, la Lista 2 se impuso con el 71% de los votos. La nueva gesti\u00f3n asume con un fuerte compromiso de transparencia, mejoras en infraestructura rural y pluralismo institucional.\" \/>\n<meta name=\"robots\" content=\"index, follow, max-snippet:-1, max-image-preview:large, max-video-preview:-1\" \/>\n<link rel=\"canonical\" href=\"https:\/\/noticiasmercedinas.com\/site\/2026\/03\/01\/maria-laura-mangoni-es-la-nueva-presidenta-de-la-sociedad-de-fomento-de-goldney\/\" \/>\n<meta property=\"og:locale\" content=\"es_ES\" \/>\n<meta property=\"og:type\" content=\"article\" \/>\n<meta property=\"og:title\" content=\"Mar\u00eda Laura Mangoni es la nueva presidenta de la Sociedad de Fomento de Goldney\" \/>\n<meta property=\"og:description\" content=\"Tras una hist\u00f3rica participaci\u00f3n vecinal, la Lista 2 se impuso con el 71% de los votos. La nueva gesti\u00f3n asume con un fuerte compromiso de transparencia, mejoras en infraestructura rural y pluralismo institucional.\" \/>\n<meta property=\"og:url\" content=\"https:\/\/noticiasmercedinas.com\/site\/2026\/03\/01\/maria-laura-mangoni-es-la-nueva-presidenta-de-la-sociedad-de-fomento-de-goldney\/\" \/>\n<meta property=\"og:site_name\" content=\"NOTICIASMERCEDINAS.COM\" \/>\n<meta property=\"article:publisher\" content=\"https:\/\/www.facebook.com\/noticiasmercedinas\/\" \/>\n<meta property=\"article:published_time\" content=\"2026-03-01T23:33:02+00:00\" \/>\n<meta property=\"article:modified_time\" content=\"2026-03-01T23:33:55+00:00\" \/>\n<meta property=\"og:image\" content=\"https:\/\/noticiasmercedinas.com\/site\/wp-content\/uploads\/2026\/03\/goldney.jpg\" \/>\n\t<meta property=\"og:image:width\" content=\"1080\" \/>\n\t<meta property=\"og:image:height\" content=\"726\" \/>\n\t<meta property=\"og:image:type\" content=\"image\/jpeg\" \/>\n<meta name=\"author\" content=\"NOTICIASMERCEDINAS.COM\" \/>\n<meta name=\"twitter:card\" content=\"summary_large_image\" \/>\n<meta name=\"twitter:creator\" content=\"@notmercedinas\" \/>\n<meta name=\"twitter:site\" content=\"@notmercedinas\" \/>\n<meta name=\"twitter:label1\" content=\"Escrito por\" \/>\n\t<meta name=\"twitter:data1\" content=\"NOTICIASMERCEDINAS.COM\" \/>\n\t<meta name=\"twitter:label2\" content=\"Tiempo de lectura\" \/>\n\t<meta name=\"twitter:data2\" content=\"2 minutos\" \/>\n<script type=\"application\/ld+json\" class=\"yoast-schema-graph\">{\"@context\":\"https:\\\/\\\/schema.org\",\"@graph\":[{\"@type\":\"Article\",\"@id\":\"https:\\\/\\\/noticiasmercedinas.com\\\/site\\\/2026\\\/03\\\/01\\\/maria-laura-mangoni-es-la-nueva-presidenta-de-la-sociedad-de-fomento-de-goldney\\\/#article\",\"isPartOf\":{\"@id\":\"https:\\\/\\\/noticiasmercedinas.com\\\/site\\\/2026\\\/03\\\/01\\\/maria-laura-mangoni-es-la-nueva-presidenta-de-la-sociedad-de-fomento-de-goldney\\\/\"},\"author\":{\"name\":\"NOTICIASMERCEDINAS.COM\",\"@id\":\"https:\\\/\\\/noticiasmercedinas.com\\\/site\\\/#\\\/schema\\\/person\\\/84b59c099c28ff2e8b77d4ceec5d8063\"},\"headline\":\"Mar\u00eda Laura Mangoni es la nueva presidenta de la Sociedad de Fomento de Goldney\",\"datePublished\":\"2026-03-01T23:33:02+00:00\",\"dateModified\":\"2026-03-01T23:33:55+00:00\",\"mainEntityOfPage\":{\"@id\":\"https:\\\/\\\/noticiasmercedinas.com\\\/site\\\/2026\\\/03\\\/01\\\/maria-laura-mangoni-es-la-nueva-presidenta-de-la-sociedad-de-fomento-de-goldney\\\/\"},\"wordCount\":367,\"publisher\":{\"@id\":\"https:\\\/\\\/noticiasmercedinas.com\\\/site\\\/#organization\"},\"image\":{\"@id\":\"https:\\\/\\\/noticiasmercedinas.com\\\/site\\\/2026\\\/03\\\/01\\\/maria-laura-mangoni-es-la-nueva-presidenta-de-la-sociedad-de-fomento-de-goldney\\\/#primaryimage\"},\"thumbnailUrl\":\"https:\\\/\\\/noticiasmercedinas.com\\\/site\\\/wp-content\\\/uploads\\\/2026\\\/03\\\/goldney.jpg\",\"keywords\":[\"elecciones\",\"goldney\",\"Mar\u00eda Laura Mangoni\"],\"articleSection\":[\"Sociedad\"],\"inLanguage\":\"es\"},{\"@type\":\"WebPage\",\"@id\":\"https:\\\/\\\/noticiasmercedinas.com\\\/site\\\/2026\\\/03\\\/01\\\/maria-laura-mangoni-es-la-nueva-presidenta-de-la-sociedad-de-fomento-de-goldney\\\/\",\"url\":\"https:\\\/\\\/noticiasmercedinas.com\\\/site\\\/2026\\\/03\\\/01\\\/maria-laura-mangoni-es-la-nueva-presidenta-de-la-sociedad-de-fomento-de-goldney\\\/\",\"name\":\"Mar\u00eda Laura Mangoni es la nueva presidenta de la Sociedad de Fomento de Goldney\",\"isPartOf\":{\"@id\":\"https:\\\/\\\/noticiasmercedinas.com\\\/site\\\/#website\"},\"primaryImageOfPage\":{\"@id\":\"https:\\\/\\\/noticiasmercedinas.com\\\/site\\\/2026\\\/03\\\/01\\\/maria-laura-mangoni-es-la-nueva-presidenta-de-la-sociedad-de-fomento-de-goldney\\\/#primaryimage\"},\"image\":{\"@id\":\"https:\\\/\\\/noticiasmercedinas.com\\\/site\\\/2026\\\/03\\\/01\\\/maria-laura-mangoni-es-la-nueva-presidenta-de-la-sociedad-de-fomento-de-goldney\\\/#primaryimage\"},\"thumbnailUrl\":\"https:\\\/\\\/noticiasmercedinas.com\\\/site\\\/wp-content\\\/uploads\\\/2026\\\/03\\\/goldney.jpg\",\"datePublished\":\"2026-03-01T23:33:02+00:00\",\"dateModified\":\"2026-03-01T23:33:55+00:00\",\"description\":\"Tras una hist\u00f3rica participaci\u00f3n vecinal, la Lista 2 se impuso con el 71% de los votos. La nueva gesti\u00f3n asume con un fuerte compromiso de transparencia, mejoras en infraestructura rural y pluralismo institucional.\",\"breadcrumb\":{\"@id\":\"https:\\\/\\\/noticiasmercedinas.com\\\/site\\\/2026\\\/03\\\/01\\\/maria-laura-mangoni-es-la-nueva-presidenta-de-la-sociedad-de-fomento-de-goldney\\\/#breadcrumb\"},\"inLanguage\":\"es\",\"potentialAction\":[{\"@type\":\"ReadAction\",\"target\":[\"https:\\\/\\\/noticiasmercedinas.com\\\/site\\\/2026\\\/03\\\/01\\\/maria-laura-mangoni-es-la-nueva-presidenta-de-la-sociedad-de-fomento-de-goldney\\\/\"]}]},{\"@type\":\"ImageObject\",\"inLanguage\":\"es\",\"@id\":\"https:\\\/\\\/noticiasmercedinas.com\\\/site\\\/2026\\\/03\\\/01\\\/maria-laura-mangoni-es-la-nueva-presidenta-de-la-sociedad-de-fomento-de-goldney\\\/#primaryimage\",\"url\":\"https:\\\/\\\/noticiasmercedinas.com\\\/site\\\/wp-content\\\/uploads\\\/2026\\\/03\\\/goldney.jpg\",\"contentUrl\":\"https:\\\/\\\/noticiasmercedinas.com\\\/site\\\/wp-content\\\/uploads\\\/2026\\\/03\\\/goldney.jpg\",\"width\":1080,\"height\":726},{\"@type\":\"BreadcrumbList\",\"@id\":\"https:\\\/\\\/noticiasmercedinas.com\\\/site\\\/2026\\\/03\\\/01\\\/maria-laura-mangoni-es-la-nueva-presidenta-de-la-sociedad-de-fomento-de-goldney\\\/#breadcrumb\",\"itemListElement\":[{\"@type\":\"ListItem\",\"position\":1,\"name\":\"Portada\",\"item\":\"https:\\\/\\\/noticiasmercedinas.com\\\/site\\\/\"},{\"@type\":\"ListItem\",\"position\":2,\"name\":\"Mar\u00eda Laura Mangoni es la nueva presidenta de la Sociedad de Fomento de Goldney\"}]},{\"@type\":\"WebSite\",\"@id\":\"https:\\\/\\\/noticiasmercedinas.com\\\/site\\\/#website\",\"url\":\"https:\\\/\\\/noticiasmercedinas.com\\\/site\\\/\",\"name\":\"NOTICIASMERCEDINAS.COM\",\"description\":\"Mercedes, Buenos Aires, Argentina\",\"publisher\":{\"@id\":\"https:\\\/\\\/noticiasmercedinas.com\\\/site\\\/#organization\"},\"potentialAction\":[{\"@type\":\"SearchAction\",\"target\":{\"@type\":\"EntryPoint\",\"urlTemplate\":\"https:\\\/\\\/noticiasmercedinas.com\\\/site\\\/?s={search_term_string}\"},\"query-input\":{\"@type\":\"PropertyValueSpecification\",\"valueRequired\":true,\"valueName\":\"search_term_string\"}}],\"inLanguage\":\"es\"},{\"@type\":\"Organization\",\"@id\":\"https:\\\/\\\/noticiasmercedinas.com\\\/site\\\/#organization\",\"name\":\"NOTICIASMERCEDINAS.COM\",\"url\":\"https:\\\/\\\/noticiasmercedinas.com\\\/site\\\/\",\"logo\":{\"@type\":\"ImageObject\",\"inLanguage\":\"es\",\"@id\":\"https:\\\/\\\/noticiasmercedinas.com\\\/site\\\/#\\\/schema\\\/logo\\\/image\\\/\",\"url\":\"https:\\\/\\\/noticiasmercedinas.com\\\/site\\\/wp-content\\\/uploads\\\/2020\\\/06\\\/LOGO-512.jpg\",\"contentUrl\":\"https:\\\/\\\/noticiasmercedinas.com\\\/site\\\/wp-content\\\/uploads\\\/2020\\\/06\\\/LOGO-512.jpg\",\"width\":512,\"height\":512,\"caption\":\"NOTICIASMERCEDINAS.COM\"},\"image\":{\"@id\":\"https:\\\/\\\/noticiasmercedinas.com\\\/site\\\/#\\\/schema\\\/logo\\\/image\\\/\"},\"sameAs\":[\"https:\\\/\\\/www.facebook.com\\\/noticiasmercedinas\\\/\",\"https:\\\/\\\/x.com\\\/notmercedinas\",\"https:\\\/\\\/www.instagram.com\\\/noticiasmercedinas\\\/\"]},{\"@type\":\"Person\",\"@id\":\"https:\\\/\\\/noticiasmercedinas.com\\\/site\\\/#\\\/schema\\\/person\\\/84b59c099c28ff2e8b77d4ceec5d8063\",\"name\":\"NOTICIASMERCEDINAS.COM\",\"image\":{\"@type\":\"ImageObject\",\"inLanguage\":\"es\",\"@id\":\"https:\\\/\\\/secure.gravatar.com\\\/avatar\\\/4dfbf16b4d17945bfb6341b2d19043457132fcf478a5ee04f42e959fd8f5df0a?s=96&d=mm&r=g\",\"url\":\"https:\\\/\\\/secure.gravatar.com\\\/avatar\\\/4dfbf16b4d17945bfb6341b2d19043457132fcf478a5ee04f42e959fd8f5df0a?s=96&d=mm&r=g\",\"contentUrl\":\"https:\\\/\\\/secure.gravatar.com\\\/avatar\\\/4dfbf16b4d17945bfb6341b2d19043457132fcf478a5ee04f42e959fd8f5df0a?s=96&d=mm&r=g\",\"caption\":\"NOTICIASMERCEDINAS.COM\"},\"url\":\"https:\\\/\\\/noticiasmercedinas.com\\\/site\\\/author\\\/anonimo\\\/\"}]}<\/script>\n<!-- \/ Yoast SEO plugin. -->","yoast_head_json":{"title":"Mar\u00eda Laura Mangoni es la nueva presidenta de la Sociedad de Fomento de Goldney","description":"Tras una hist\u00f3rica participaci\u00f3n vecinal, la Lista 2 se impuso con el 71% de los votos. La nueva gesti\u00f3n asume con un fuerte compromiso de transparencia, mejoras en infraestructura rural y pluralismo institucional.","robots":{"index":"index","follow":"follow","max-snippet":"max-snippet:-1","max-image-preview":"max-image-preview:large","max-video-preview":"max-video-preview:-1"},"canonical":"https:\/\/noticiasmercedinas.com\/site\/2026\/03\/01\/maria-laura-mangoni-es-la-nueva-presidenta-de-la-sociedad-de-fomento-de-goldney\/","og_locale":"es_ES","og_type":"article","og_title":"Mar\u00eda Laura Mangoni es la nueva presidenta de la Sociedad de Fomento de Goldney","og_description":"Tras una hist\u00f3rica participaci\u00f3n vecinal, la Lista 2 se impuso con el 71% de los votos. La nueva gesti\u00f3n asume con un fuerte compromiso de transparencia, mejoras en infraestructura rural y pluralismo institucional.","og_url":"https:\/\/noticiasmercedinas.com\/site\/2026\/03\/01\/maria-laura-mangoni-es-la-nueva-presidenta-de-la-sociedad-de-fomento-de-goldney\/","og_site_name":"NOTICIASMERCEDINAS.COM","article_publisher":"https:\/\/www.facebook.com\/noticiasmercedinas\/","article_published_time":"2026-03-01T23:33:02+00:00","article_modified_time":"2026-03-01T23:33:55+00:00","og_image":[{"width":1080,"height":726,"url":"https:\/\/noticiasmercedinas.com\/site\/wp-content\/uploads\/2026\/03\/goldney.jpg","type":"image\/jpeg"}],"author":"NOTICIASMERCEDINAS.COM","twitter_card":"summary_large_image","twitter_creator":"@notmercedinas","twitter_site":"@notmercedinas","twitter_misc":{"Escrito por":"NOTICIASMERCEDINAS.COM","Tiempo de lectura":"2 minutos"},"schema":{"@context":"https:\/\/schema.org","@graph":[{"@type":"Article","@id":"https:\/\/noticiasmercedinas.com\/site\/2026\/03\/01\/maria-laura-mangoni-es-la-nueva-presidenta-de-la-sociedad-de-fomento-de-goldney\/#article","isPartOf":{"@id":"https:\/\/noticiasmercedinas.com\/site\/2026\/03\/01\/maria-laura-mangoni-es-la-nueva-presidenta-de-la-sociedad-de-fomento-de-goldney\/"},"author":{"name":"NOTICIASMERCEDINAS.COM","@id":"https:\/\/noticiasmercedinas.com\/site\/#\/schema\/person\/84b59c099c28ff2e8b77d4ceec5d8063"},"headline":"Mar\u00eda Laura Mangoni es la nueva presidenta de la Sociedad de Fomento de Goldney","datePublished":"2026-03-01T23:33:02+00:00","dateModified":"2026-03-01T23:33:55+00:00","mainEntityOfPage":{"@id":"https:\/\/noticiasmercedinas.com\/site\/2026\/03\/01\/maria-laura-mangoni-es-la-nueva-presidenta-de-la-sociedad-de-fomento-de-goldney\/"},"wordCount":367,"publisher":{"@id":"https:\/\/noticiasmercedinas.com\/site\/#organization"},"image":{"@id":"https:\/\/noticiasmercedinas.com\/site\/2026\/03\/01\/maria-laura-mangoni-es-la-nueva-presidenta-de-la-sociedad-de-fomento-de-goldney\/#primaryimage"},"thumbnailUrl":"https:\/\/noticiasmercedinas.com\/site\/wp-content\/uploads\/2026\/03\/goldney.jpg","keywords":["elecciones","goldney","Mar\u00eda Laura Mangoni"],"articleSection":["Sociedad"],"inLanguage":"es"},{"@type":"WebPage","@id":"https:\/\/noticiasmercedinas.com\/site\/2026\/03\/01\/maria-laura-mangoni-es-la-nueva-presidenta-de-la-sociedad-de-fomento-de-goldney\/","url":"https:\/\/noticiasmercedinas.com\/site\/2026\/03\/01\/maria-laura-mangoni-es-la-nueva-presidenta-de-la-sociedad-de-fomento-de-goldney\/","name":"Mar\u00eda Laura Mangoni es la nueva presidenta de la Sociedad de Fomento de Goldney","isPartOf":{"@id":"https:\/\/noticiasmercedinas.com\/site\/#website"},"primaryImageOfPage":{"@id":"https:\/\/noticiasmercedinas.com\/site\/2026\/03\/01\/maria-laura-mangoni-es-la-nueva-presidenta-de-la-sociedad-de-fomento-de-goldney\/#primaryimage"},"image":{"@id":"https:\/\/noticiasmercedinas.com\/site\/2026\/03\/01\/maria-laura-mangoni-es-la-nueva-presidenta-de-la-sociedad-de-fomento-de-goldney\/#primaryimage"},"thumbnailUrl":"https:\/\/noticiasmercedinas.com\/site\/wp-content\/uploads\/2026\/03\/goldney.jpg","datePublished":"2026-03-01T23:33:02+00:00","dateModified":"2026-03-01T23:33:55+00:00","description":"Tras una hist\u00f3rica participaci\u00f3n vecinal, la Lista 2 se impuso con el 71% de los votos. La nueva gesti\u00f3n asume con un fuerte compromiso de transparencia, mejoras en infraestructura rural y pluralismo institucional.","breadcrumb":{"@id":"https:\/\/noticiasmercedinas.com\/site\/2026\/03\/01\/maria-laura-mangoni-es-la-nueva-presidenta-de-la-sociedad-de-fomento-de-goldney\/#breadcrumb"},"inLanguage":"es","potentialAction":[{"@type":"ReadAction","target":["https:\/\/noticiasmercedinas.com\/site\/2026\/03\/01\/maria-laura-mangoni-es-la-nueva-presidenta-de-la-sociedad-de-fomento-de-goldney\/"]}]},{"@type":"ImageObject","inLanguage":"es","@id":"https:\/\/noticiasmercedinas.com\/site\/2026\/03\/01\/maria-laura-mangoni-es-la-nueva-presidenta-de-la-sociedad-de-fomento-de-goldney\/#primaryimage","url":"https:\/\/noticiasmercedinas.com\/site\/wp-content\/uploads\/2026\/03\/goldney.jpg","contentUrl":"https:\/\/noticiasmercedinas.com\/site\/wp-content\/uploads\/2026\/03\/goldney.jpg","width":1080,"height":726},{"@type":"BreadcrumbList","@id":"https:\/\/noticiasmercedinas.com\/site\/2026\/03\/01\/maria-laura-mangoni-es-la-nueva-presidenta-de-la-sociedad-de-fomento-de-goldney\/#breadcrumb","itemListElement":[{"@type":"ListItem","position":1,"name":"Portada","item":"https:\/\/noticiasmercedinas.com\/site\/"},{"@type":"ListItem","position":2,"name":"Mar\u00eda Laura Mangoni es la nueva presidenta de la Sociedad de Fomento de Goldney"}]},{"@type":"WebSite","@id":"https:\/\/noticiasmercedinas.com\/site\/#website","url":"https:\/\/noticiasmercedinas.com\/site\/","name":"NOTICIASMERCEDINAS.COM","description":"Mercedes, Buenos Aires, Argentina","publisher":{"@id":"https:\/\/noticiasmercedinas.com\/site\/#organization"},"potentialAction":[{"@type":"SearchAction","target":{"@type":"EntryPoint","urlTemplate":"https:\/\/noticiasmercedinas.com\/site\/?s={search_term_string}"},"query-input":{"@type":"PropertyValueSpecification","valueRequired":true,"valueName":"search_term_string"}}],"inLanguage":"es"},{"@type":"Organization","@id":"https:\/\/noticiasmercedinas.com\/site\/#organization","name":"NOTICIASMERCEDINAS.COM","url":"https:\/\/noticiasmercedinas.com\/site\/","logo":{"@type":"ImageObject","inLanguage":"es","@id":"https:\/\/noticiasmercedinas.com\/site\/#\/schema\/logo\/image\/","url":"https:\/\/noticiasmercedinas.com\/site\/wp-content\/uploads\/2020\/06\/LOGO-512.jpg","contentUrl":"https:\/\/noticiasmercedinas.com\/site\/wp-content\/uploads\/2020\/06\/LOGO-512.jpg","width":512,"height":512,"caption":"NOTICIASMERCEDINAS.COM"},"image":{"@id":"https:\/\/noticiasmercedinas.com\/site\/#\/schema\/logo\/image\/"},"sameAs":["https:\/\/www.facebook.com\/noticiasmercedinas\/","https:\/\/x.com\/notmercedinas","https:\/\/www.instagram.com\/noticiasmercedinas\/"]},{"@type":"Person","@id":"https:\/\/noticiasmercedinas.com\/site\/#\/schema\/person\/84b59c099c28ff2e8b77d4ceec5d8063","name":"NOTICIASMERCEDINAS.COM","image":{"@type":"ImageObject","inLanguage":"es","@id":"https:\/\/secure.gravatar.com\/avatar\/4dfbf16b4d17945bfb6341b2d19043457132fcf478a5ee04f42e959fd8f5df0a?s=96&d=mm&r=g","url":"https:\/\/secure.gravatar.com\/avatar\/4dfbf16b4d17945bfb6341b2d19043457132fcf478a5ee04f42e959fd8f5df0a?s=96&d=mm&r=g","contentUrl":"https:\/\/secure.gravatar.com\/avatar\/4dfbf16b4d17945bfb6341b2d19043457132fcf478a5ee04f42e959fd8f5df0a?s=96&d=mm&r=g","caption":"NOTICIASMERCEDINAS.COM"},"url":"https:\/\/noticiasmercedinas.com\/site\/author\/anonimo\/"}]}},"amp_enabled":true,"_links":{"self":[{"href":"https:\/\/noticiasmercedinas.com\/site\/wp-json\/wp\/v2\/posts\/180820","targetHints":{"allow":["GET"]}}],"collection":[{"href":"https:\/\/noticiasmercedinas.com\/site\/wp-json\/wp\/v2\/posts"}],"about":[{"href":"https:\/\/noticiasmercedinas.com\/site\/wp-json\/wp\/v2\/types\/post"}],"author":[{"embeddable":true,"href":"https:\/\/noticiasmercedinas.com\/site\/wp-json\/wp\/v2\/users\/16"}],"replies":[{"embeddable":true,"href":"https:\/\/noticiasmercedinas.com\/site\/wp-json\/wp\/v2\/comments?post=180820"}],"version-history":[{"count":3,"href":"https:\/\/noticiasmercedinas.com\/site\/wp-json\/wp\/v2\/posts\/180820\/revisions"}],"predecessor-version":[{"id":180826,"href":"https:\/\/noticiasmercedinas.com\/site\/wp-json\/wp\/v2\/posts\/180820\/revisions\/180826"}],"wp:featuredmedia":[{"embeddable":true,"href":"https:\/\/noticiasmercedinas.com\/site\/wp-json\/wp\/v2\/media\/180824"}],"wp:attachment":[{"href":"https:\/\/noticiasmercedinas.com\/site\/wp-json\/wp\/v2\/media?parent=180820"}],"wp:term":[{"taxonomy":"category","embeddable":true,"href":"https:\/\/noticiasmercedinas.com\/site\/wp-json\/wp\/v2\/categories?post=180820"},{"taxonomy":"post_tag","embeddable":true,"href":"https:\/\/noticiasmercedinas.com\/site\/wp-json\/wp\/v2\/tags?post=180820"}],"curies":[{"name":"wp","href":"https:\/\/api.w.org\/{rel}","templated":true}]}}