{"id":180871,"date":"2026-03-02T10:32:52","date_gmt":"2026-03-02T13:32:52","guid":{"rendered":"https:\/\/noticiasmercedinas.com\/site\/?p=180871"},"modified":"2026-03-02T13:42:44","modified_gmt":"2026-03-02T16:42:44","slug":"apertura-de-sesiones-velasquez-represento-a-lla-mercedes-en-el-congreso-de-la-nacion","status":"publish","type":"post","link":"https:\/\/noticiasmercedinas.com\/site\/2026\/03\/02\/apertura-de-sesiones-velasquez-represento-a-lla-mercedes-en-el-congreso-de-la-nacion\/","title":{"rendered":"Apertura de sesiones: Vel\u00e1squez represent\u00f3 a LLA Mercedes en el Congreso de la Naci\u00f3n"},"content":{"rendered":"<p><img loading=\"lazy\" decoding=\"async\" class=\"alignnone size-full wp-image-180872\" src=\"https:\/\/noticiasmercedinas.com\/site\/wp-content\/uploads\/2026\/03\/WhatsApp-Image-2026-03-02-at-9.59.17-AM.jpeg\" alt=\"\" width=\"1280\" height=\"719\" srcset=\"https:\/\/noticiasmercedinas.com\/site\/wp-content\/uploads\/2026\/03\/WhatsApp-Image-2026-03-02-at-9.59.17-AM.jpeg 1280w, https:\/\/noticiasmercedinas.com\/site\/wp-content\/uploads\/2026\/03\/WhatsApp-Image-2026-03-02-at-9.59.17-AM-300x169.jpeg 300w, https:\/\/noticiasmercedinas.com\/site\/wp-content\/uploads\/2026\/03\/WhatsApp-Image-2026-03-02-at-9.59.17-AM-1024x575.jpeg 1024w, https:\/\/noticiasmercedinas.com\/site\/wp-content\/uploads\/2026\/03\/WhatsApp-Image-2026-03-02-at-9.59.17-AM-768x431.jpeg 768w, https:\/\/noticiasmercedinas.com\/site\/wp-content\/uploads\/2026\/03\/WhatsApp-Image-2026-03-02-at-9.59.17-AM-640x360.jpeg 640w, https:\/\/noticiasmercedinas.com\/site\/wp-content\/uploads\/2026\/03\/WhatsApp-Image-2026-03-02-at-9.59.17-AM-681x383.jpeg 681w\" sizes=\"auto, (max-width: 1280px) 100vw, 1280px\" \/><\/p>\n<p data-path-to-node=\"5\">Este domingo 1\u00b0 de marzo, el Congreso de la Naci\u00f3n fue el escenario del inicio de las Sesiones Ordinarias 2026. En una jornada marcada por la expectativa pol\u00edtica, el distrito de Mercedes estuvo representado por la autoridad local de <b data-path-to-node=\"5\" data-index-in-node=\"267\">La Libertad Avanza (LLA)<\/b>, el coordinador <b data-path-to-node=\"5\" data-index-in-node=\"308\">Rafael Vel\u00e1squez<\/b>, quien asisti\u00f3 para acompa\u00f1ar el mensaje oficial del presidente <b data-path-to-node=\"5\" data-index-in-node=\"389\">Javier Milei<\/b>.<\/p>\n<p data-path-to-node=\"6\">De esta manera tras el evento, el tambi\u00e9n jefe de ANSES Vel\u00e1squez comparti\u00f3 sus impresiones sobre la jornada, calificando el discurso presidencial como un \u00abhito hist\u00f3rico para la pol\u00edtica argentina\u00bb.<\/p>\n<p data-path-to-node=\"6\">Seg\u00fan el referente local, la presentaci\u00f3n permiti\u00f3 \u00abponer en valor los resultados obtenidos a trav\u00e9s de la gesti\u00f3n hasta la fecha\u00bb, sirviendo adem\u00e1s como \u00abplataforma para dar a conocer el camino estrat\u00e9gico que seguir\u00e1 el Gobierno Nacional\u00bb con el objetivo de consolidar \u00abun nuevo y pr\u00f3spero pa\u00eds\u00bb.<\/p>\n<p data-path-to-node=\"6\"><img loading=\"lazy\" decoding=\"async\" class=\"alignnone size-full wp-image-180873\" src=\"https:\/\/noticiasmercedinas.com\/site\/wp-content\/uploads\/2026\/03\/WhatsApp-Image-2026-03-02-at-9.59.20-AM.jpeg\" alt=\"\" width=\"1200\" height=\"1339\" srcset=\"https:\/\/noticiasmercedinas.com\/site\/wp-content\/uploads\/2026\/03\/WhatsApp-Image-2026-03-02-at-9.59.20-AM.jpeg 1200w, https:\/\/noticiasmercedinas.com\/site\/wp-content\/uploads\/2026\/03\/WhatsApp-Image-2026-03-02-at-9.59.20-AM-269x300.jpeg 269w, https:\/\/noticiasmercedinas.com\/site\/wp-content\/uploads\/2026\/03\/WhatsApp-Image-2026-03-02-at-9.59.20-AM-918x1024.jpeg 918w, https:\/\/noticiasmercedinas.com\/site\/wp-content\/uploads\/2026\/03\/WhatsApp-Image-2026-03-02-at-9.59.20-AM-768x857.jpeg 768w, https:\/\/noticiasmercedinas.com\/site\/wp-content\/uploads\/2026\/03\/WhatsApp-Image-2026-03-02-at-9.59.20-AM-640x714.jpeg 640w, https:\/\/noticiasmercedinas.com\/site\/wp-content\/uploads\/2026\/03\/WhatsApp-Image-2026-03-02-at-9.59.20-AM-681x760.jpeg 681w\" sizes=\"auto, (max-width: 1200px) 100vw, 1200px\" \/><\/p>\n<blockquote>\n<p data-path-to-node=\"7\">\u00abFue hist\u00f3rico el discurso de Javier Milei. Asegur\u00f3 que tenemos la fuerza y las ideas para transformar la realidad argentina\u00bb<\/p>\n<\/blockquote>\n<h3 data-path-to-node=\"7\">Las claves del discurso seg\u00fan el referente local<\/h3>\n<p data-path-to-node=\"8\">Para Vel\u00e1squez, la intervenci\u00f3n del primer mandatario ante la Asamblea Legislativa dej\u00f3 mensajes claros sobre la determinaci\u00f3n del oficialismo:<\/p>\n<p data-path-to-node=\"9,0,0\"><b data-path-to-node=\"9,0,0\" data-index-in-node=\"0\">Resultados de gesti\u00f3n:<\/b> Se expusieron los logros alcanzados por la administraci\u00f3n de Milei desde su asunci\u00f3n.<\/p>\n<p data-path-to-node=\"9,1,0\"><b data-path-to-node=\"9,1,0\" data-index-in-node=\"0\">Visi\u00f3n de futuro:<\/b> Se traz\u00f3 un mapa sobre los pasos a seguir para profundizar las reformas actuales.<\/p>\n<p data-path-to-node=\"9,2,0\"><b data-path-to-node=\"9,2,0\" data-index-in-node=\"0\">Determinaci\u00f3n pol\u00edtica:<\/b> Vel\u00e1squez subray\u00f3 la frase del presidente sobre contar con \u00abla convicci\u00f3n y la tenacidad necesaria\u00bb para abrir un nuevo cap\u00edtulo en la historia del pa\u00eds.<\/p>\n<p data-path-to-node=\"10\">\u00abFue hist\u00f3rico el discurso de Javier Milei. Asegur\u00f3 que tenemos la fuerza y las ideas para transformar la realidad argentina\u00bb, expres\u00f3 el coordinador mercedino tras la ceremonia en el recinto.<\/p>\n<p data-path-to-node=\"10\">Con esta presencia de Velasquez, LLA Mercedes reafirma su alineamiento directo con las pol\u00edticas de la Casa Rosada y su participaci\u00f3n en los grandes eventos de la agenda nacional.<\/p>\n<p data-path-to-node=\"10\">\u00a0<img loading=\"lazy\" decoding=\"async\" class=\"alignnone size-full wp-image-180874\" src=\"https:\/\/noticiasmercedinas.com\/site\/wp-content\/uploads\/2026\/03\/WhatsApp-Image-2026-03-02-at-9.59.21-AM.jpeg\" alt=\"\" width=\"1076\" height=\"1539\" srcset=\"https:\/\/noticiasmercedinas.com\/site\/wp-content\/uploads\/2026\/03\/WhatsApp-Image-2026-03-02-at-9.59.21-AM.jpeg 1076w, https:\/\/noticiasmercedinas.com\/site\/wp-content\/uploads\/2026\/03\/WhatsApp-Image-2026-03-02-at-9.59.21-AM-210x300.jpeg 210w, https:\/\/noticiasmercedinas.com\/site\/wp-content\/uploads\/2026\/03\/WhatsApp-Image-2026-03-02-at-9.59.21-AM-716x1024.jpeg 716w, https:\/\/noticiasmercedinas.com\/site\/wp-content\/uploads\/2026\/03\/WhatsApp-Image-2026-03-02-at-9.59.21-AM-768x1098.jpeg 768w, https:\/\/noticiasmercedinas.com\/site\/wp-content\/uploads\/2026\/03\/WhatsApp-Image-2026-03-02-at-9.59.21-AM-1074x1536.jpeg 1074w, https:\/\/noticiasmercedinas.com\/site\/wp-content\/uploads\/2026\/03\/WhatsApp-Image-2026-03-02-at-9.59.21-AM-640x915.jpeg 640w, https:\/\/noticiasmercedinas.com\/site\/wp-content\/uploads\/2026\/03\/WhatsApp-Image-2026-03-02-at-9.59.21-AM-681x974.jpeg 681w\" sizes=\"auto, (max-width: 1076px) 100vw, 1076px\" \/><\/p>\n","protected":false},"excerpt":{"rendered":"<p>\u25a0\u00a0El coordinador de La Libertad Avanza en el distrito, Rafael Vel\u00e1squez, estuvo presente en el Palacio Legislativo para acompa\u00f1ar el discurso del presidente Javier Milei. Destac\u00f3 el balance de gesti\u00f3n y la hoja de ruta trazada para el futuro del pa\u00eds.<\/p>\n","protected":false},"author":16,"featured_media":180872,"comment_status":"closed","ping_status":"closed","sticky":false,"template":"","format":"standard","meta":{"footnotes":""},"categories":[16],"tags":[14331,15388,16099],"class_list":["post-180871","post","type-post","status-publish","format-standard","has-post-thumbnail","hentry","category-politica","tag-javier-milei","tag-la-libertad-avanza","tag-rafael-velasquez"],"yoast_head":"<!-- This site is optimized with the Yoast SEO plugin v27.5 - https:\/\/yoast.com\/product\/yoast-seo-wordpress\/ -->\n<title>Apertura de sesiones: Vel\u00e1squez represent\u00f3 a LLA Mercedes en el Congreso de la Naci\u00f3n<\/title>\n<meta name=\"description\" content=\"\u25a0\u00a0El coordinador de La Libertad Avanza en el distrito, Rafael Vel\u00e1squez, estuvo presente en el Palacio Legislativo para acompa\u00f1ar el discurso del presidente Javier Milei. Destac\u00f3 el balance de gesti\u00f3n y la hoja de ruta trazada para el futuro del pa\u00eds.\" \/>\n<meta name=\"robots\" content=\"index, follow, max-snippet:-1, max-image-preview:large, max-video-preview:-1\" \/>\n<link rel=\"canonical\" href=\"https:\/\/noticiasmercedinas.com\/site\/2026\/03\/02\/apertura-de-sesiones-velasquez-represento-a-lla-mercedes-en-el-congreso-de-la-nacion\/\" \/>\n<meta property=\"og:locale\" content=\"es_ES\" \/>\n<meta property=\"og:type\" content=\"article\" \/>\n<meta property=\"og:title\" content=\"Apertura de sesiones: Vel\u00e1squez represent\u00f3 a LLA Mercedes en el Congreso de la Naci\u00f3n\" \/>\n<meta property=\"og:description\" content=\"\u25a0\u00a0El coordinador de La Libertad Avanza en el distrito, Rafael Vel\u00e1squez, estuvo presente en el Palacio Legislativo para acompa\u00f1ar el discurso del presidente Javier Milei. Destac\u00f3 el balance de gesti\u00f3n y la hoja de ruta trazada para el futuro del pa\u00eds.\" \/>\n<meta property=\"og:url\" content=\"https:\/\/noticiasmercedinas.com\/site\/2026\/03\/02\/apertura-de-sesiones-velasquez-represento-a-lla-mercedes-en-el-congreso-de-la-nacion\/\" \/>\n<meta property=\"og:site_name\" content=\"NOTICIASMERCEDINAS.COM\" \/>\n<meta property=\"article:publisher\" content=\"https:\/\/www.facebook.com\/noticiasmercedinas\/\" \/>\n<meta property=\"article:published_time\" content=\"2026-03-02T13:32:52+00:00\" \/>\n<meta property=\"article:modified_time\" content=\"2026-03-02T16:42:44+00:00\" \/>\n<meta property=\"og:image\" content=\"https:\/\/noticiasmercedinas.com\/site\/wp-content\/uploads\/2026\/03\/WhatsApp-Image-2026-03-02-at-9.59.17-AM.jpeg\" \/>\n\t<meta property=\"og:image:width\" content=\"1280\" \/>\n\t<meta property=\"og:image:height\" content=\"719\" \/>\n\t<meta property=\"og:image:type\" content=\"image\/jpeg\" \/>\n<meta name=\"author\" content=\"NOTICIASMERCEDINAS.COM\" \/>\n<meta name=\"twitter:card\" content=\"summary_large_image\" \/>\n<meta name=\"twitter:creator\" content=\"@notmercedinas\" \/>\n<meta name=\"twitter:site\" content=\"@notmercedinas\" \/>\n<meta name=\"twitter:label1\" content=\"Escrito por\" \/>\n\t<meta name=\"twitter:data1\" content=\"NOTICIASMERCEDINAS.COM\" \/>\n\t<meta name=\"twitter:label2\" content=\"Tiempo de lectura\" \/>\n\t<meta name=\"twitter:data2\" content=\"3 minutos\" \/>\n<script type=\"application\/ld+json\" class=\"yoast-schema-graph\">{\"@context\":\"https:\\\/\\\/schema.org\",\"@graph\":[{\"@type\":\"Article\",\"@id\":\"https:\\\/\\\/noticiasmercedinas.com\\\/site\\\/2026\\\/03\\\/02\\\/apertura-de-sesiones-velasquez-represento-a-lla-mercedes-en-el-congreso-de-la-nacion\\\/#article\",\"isPartOf\":{\"@id\":\"https:\\\/\\\/noticiasmercedinas.com\\\/site\\\/2026\\\/03\\\/02\\\/apertura-de-sesiones-velasquez-represento-a-lla-mercedes-en-el-congreso-de-la-nacion\\\/\"},\"author\":{\"name\":\"NOTICIASMERCEDINAS.COM\",\"@id\":\"https:\\\/\\\/noticiasmercedinas.com\\\/site\\\/#\\\/schema\\\/person\\\/84b59c099c28ff2e8b77d4ceec5d8063\"},\"headline\":\"Apertura de sesiones: Vel\u00e1squez represent\u00f3 a LLA Mercedes en el Congreso de la Naci\u00f3n\",\"datePublished\":\"2026-03-02T13:32:52+00:00\",\"dateModified\":\"2026-03-02T16:42:44+00:00\",\"mainEntityOfPage\":{\"@id\":\"https:\\\/\\\/noticiasmercedinas.com\\\/site\\\/2026\\\/03\\\/02\\\/apertura-de-sesiones-velasquez-represento-a-lla-mercedes-en-el-congreso-de-la-nacion\\\/\"},\"wordCount\":349,\"publisher\":{\"@id\":\"https:\\\/\\\/noticiasmercedinas.com\\\/site\\\/#organization\"},\"image\":{\"@id\":\"https:\\\/\\\/noticiasmercedinas.com\\\/site\\\/2026\\\/03\\\/02\\\/apertura-de-sesiones-velasquez-represento-a-lla-mercedes-en-el-congreso-de-la-nacion\\\/#primaryimage\"},\"thumbnailUrl\":\"https:\\\/\\\/noticiasmercedinas.com\\\/site\\\/wp-content\\\/uploads\\\/2026\\\/03\\\/WhatsApp-Image-2026-03-02-at-9.59.17-AM.jpeg\",\"keywords\":[\"Javier Milei\",\"la libertad avanza\",\"Rafael Velasquez\"],\"articleSection\":[\"Politica\"],\"inLanguage\":\"es\"},{\"@type\":\"WebPage\",\"@id\":\"https:\\\/\\\/noticiasmercedinas.com\\\/site\\\/2026\\\/03\\\/02\\\/apertura-de-sesiones-velasquez-represento-a-lla-mercedes-en-el-congreso-de-la-nacion\\\/\",\"url\":\"https:\\\/\\\/noticiasmercedinas.com\\\/site\\\/2026\\\/03\\\/02\\\/apertura-de-sesiones-velasquez-represento-a-lla-mercedes-en-el-congreso-de-la-nacion\\\/\",\"name\":\"Apertura de sesiones: Vel\u00e1squez represent\u00f3 a LLA Mercedes en el Congreso de la Naci\u00f3n\",\"isPartOf\":{\"@id\":\"https:\\\/\\\/noticiasmercedinas.com\\\/site\\\/#website\"},\"primaryImageOfPage\":{\"@id\":\"https:\\\/\\\/noticiasmercedinas.com\\\/site\\\/2026\\\/03\\\/02\\\/apertura-de-sesiones-velasquez-represento-a-lla-mercedes-en-el-congreso-de-la-nacion\\\/#primaryimage\"},\"image\":{\"@id\":\"https:\\\/\\\/noticiasmercedinas.com\\\/site\\\/2026\\\/03\\\/02\\\/apertura-de-sesiones-velasquez-represento-a-lla-mercedes-en-el-congreso-de-la-nacion\\\/#primaryimage\"},\"thumbnailUrl\":\"https:\\\/\\\/noticiasmercedinas.com\\\/site\\\/wp-content\\\/uploads\\\/2026\\\/03\\\/WhatsApp-Image-2026-03-02-at-9.59.17-AM.jpeg\",\"datePublished\":\"2026-03-02T13:32:52+00:00\",\"dateModified\":\"2026-03-02T16:42:44+00:00\",\"description\":\"\u25a0\u00a0El coordinador de La Libertad Avanza en el distrito, Rafael Vel\u00e1squez, estuvo presente en el Palacio Legislativo para acompa\u00f1ar el discurso del presidente Javier Milei. Destac\u00f3 el balance de gesti\u00f3n y la hoja de ruta trazada para el futuro del pa\u00eds.\",\"breadcrumb\":{\"@id\":\"https:\\\/\\\/noticiasmercedinas.com\\\/site\\\/2026\\\/03\\\/02\\\/apertura-de-sesiones-velasquez-represento-a-lla-mercedes-en-el-congreso-de-la-nacion\\\/#breadcrumb\"},\"inLanguage\":\"es\",\"potentialAction\":[{\"@type\":\"ReadAction\",\"target\":[\"https:\\\/\\\/noticiasmercedinas.com\\\/site\\\/2026\\\/03\\\/02\\\/apertura-de-sesiones-velasquez-represento-a-lla-mercedes-en-el-congreso-de-la-nacion\\\/\"]}]},{\"@type\":\"ImageObject\",\"inLanguage\":\"es\",\"@id\":\"https:\\\/\\\/noticiasmercedinas.com\\\/site\\\/2026\\\/03\\\/02\\\/apertura-de-sesiones-velasquez-represento-a-lla-mercedes-en-el-congreso-de-la-nacion\\\/#primaryimage\",\"url\":\"https:\\\/\\\/noticiasmercedinas.com\\\/site\\\/wp-content\\\/uploads\\\/2026\\\/03\\\/WhatsApp-Image-2026-03-02-at-9.59.17-AM.jpeg\",\"contentUrl\":\"https:\\\/\\\/noticiasmercedinas.com\\\/site\\\/wp-content\\\/uploads\\\/2026\\\/03\\\/WhatsApp-Image-2026-03-02-at-9.59.17-AM.jpeg\",\"width\":1280,\"height\":719},{\"@type\":\"BreadcrumbList\",\"@id\":\"https:\\\/\\\/noticiasmercedinas.com\\\/site\\\/2026\\\/03\\\/02\\\/apertura-de-sesiones-velasquez-represento-a-lla-mercedes-en-el-congreso-de-la-nacion\\\/#breadcrumb\",\"itemListElement\":[{\"@type\":\"ListItem\",\"position\":1,\"name\":\"Portada\",\"item\":\"https:\\\/\\\/noticiasmercedinas.com\\\/site\\\/\"},{\"@type\":\"ListItem\",\"position\":2,\"name\":\"Apertura de sesiones: Vel\u00e1squez represent\u00f3 a LLA Mercedes en el Congreso de la Naci\u00f3n\"}]},{\"@type\":\"WebSite\",\"@id\":\"https:\\\/\\\/noticiasmercedinas.com\\\/site\\\/#website\",\"url\":\"https:\\\/\\\/noticiasmercedinas.com\\\/site\\\/\",\"name\":\"NOTICIASMERCEDINAS.COM\",\"description\":\"Mercedes, Buenos Aires, Argentina\",\"publisher\":{\"@id\":\"https:\\\/\\\/noticiasmercedinas.com\\\/site\\\/#organization\"},\"potentialAction\":[{\"@type\":\"SearchAction\",\"target\":{\"@type\":\"EntryPoint\",\"urlTemplate\":\"https:\\\/\\\/noticiasmercedinas.com\\\/site\\\/?s={search_term_string}\"},\"query-input\":{\"@type\":\"PropertyValueSpecification\",\"valueRequired\":true,\"valueName\":\"search_term_string\"}}],\"inLanguage\":\"es\"},{\"@type\":\"Organization\",\"@id\":\"https:\\\/\\\/noticiasmercedinas.com\\\/site\\\/#organization\",\"name\":\"NOTICIASMERCEDINAS.COM\",\"url\":\"https:\\\/\\\/noticiasmercedinas.com\\\/site\\\/\",\"logo\":{\"@type\":\"ImageObject\",\"inLanguage\":\"es\",\"@id\":\"https:\\\/\\\/noticiasmercedinas.com\\\/site\\\/#\\\/schema\\\/logo\\\/image\\\/\",\"url\":\"https:\\\/\\\/noticiasmercedinas.com\\\/site\\\/wp-content\\\/uploads\\\/2020\\\/06\\\/LOGO-512.jpg\",\"contentUrl\":\"https:\\\/\\\/noticiasmercedinas.com\\\/site\\\/wp-content\\\/uploads\\\/2020\\\/06\\\/LOGO-512.jpg\",\"width\":512,\"height\":512,\"caption\":\"NOTICIASMERCEDINAS.COM\"},\"image\":{\"@id\":\"https:\\\/\\\/noticiasmercedinas.com\\\/site\\\/#\\\/schema\\\/logo\\\/image\\\/\"},\"sameAs\":[\"https:\\\/\\\/www.facebook.com\\\/noticiasmercedinas\\\/\",\"https:\\\/\\\/x.com\\\/notmercedinas\",\"https:\\\/\\\/www.instagram.com\\\/noticiasmercedinas\\\/\"]},{\"@type\":\"Person\",\"@id\":\"https:\\\/\\\/noticiasmercedinas.com\\\/site\\\/#\\\/schema\\\/person\\\/84b59c099c28ff2e8b77d4ceec5d8063\",\"name\":\"NOTICIASMERCEDINAS.COM\",\"image\":{\"@type\":\"ImageObject\",\"inLanguage\":\"es\",\"@id\":\"https:\\\/\\\/secure.gravatar.com\\\/avatar\\\/4dfbf16b4d17945bfb6341b2d19043457132fcf478a5ee04f42e959fd8f5df0a?s=96&d=mm&r=g\",\"url\":\"https:\\\/\\\/secure.gravatar.com\\\/avatar\\\/4dfbf16b4d17945bfb6341b2d19043457132fcf478a5ee04f42e959fd8f5df0a?s=96&d=mm&r=g\",\"contentUrl\":\"https:\\\/\\\/secure.gravatar.com\\\/avatar\\\/4dfbf16b4d17945bfb6341b2d19043457132fcf478a5ee04f42e959fd8f5df0a?s=96&d=mm&r=g\",\"caption\":\"NOTICIASMERCEDINAS.COM\"},\"url\":\"https:\\\/\\\/noticiasmercedinas.com\\\/site\\\/author\\\/anonimo\\\/\"}]}<\/script>\n<!-- \/ Yoast SEO plugin. -->","yoast_head_json":{"title":"Apertura de sesiones: Vel\u00e1squez represent\u00f3 a LLA Mercedes en el Congreso de la Naci\u00f3n","description":"\u25a0\u00a0El coordinador de La Libertad Avanza en el distrito, Rafael Vel\u00e1squez, estuvo presente en el Palacio Legislativo para acompa\u00f1ar el discurso del presidente Javier Milei. Destac\u00f3 el balance de gesti\u00f3n y la hoja de ruta trazada para el futuro del pa\u00eds.","robots":{"index":"index","follow":"follow","max-snippet":"max-snippet:-1","max-image-preview":"max-image-preview:large","max-video-preview":"max-video-preview:-1"},"canonical":"https:\/\/noticiasmercedinas.com\/site\/2026\/03\/02\/apertura-de-sesiones-velasquez-represento-a-lla-mercedes-en-el-congreso-de-la-nacion\/","og_locale":"es_ES","og_type":"article","og_title":"Apertura de sesiones: Vel\u00e1squez represent\u00f3 a LLA Mercedes en el Congreso de la Naci\u00f3n","og_description":"\u25a0\u00a0El coordinador de La Libertad Avanza en el distrito, Rafael Vel\u00e1squez, estuvo presente en el Palacio Legislativo para acompa\u00f1ar el discurso del presidente Javier Milei. Destac\u00f3 el balance de gesti\u00f3n y la hoja de ruta trazada para el futuro del pa\u00eds.","og_url":"https:\/\/noticiasmercedinas.com\/site\/2026\/03\/02\/apertura-de-sesiones-velasquez-represento-a-lla-mercedes-en-el-congreso-de-la-nacion\/","og_site_name":"NOTICIASMERCEDINAS.COM","article_publisher":"https:\/\/www.facebook.com\/noticiasmercedinas\/","article_published_time":"2026-03-02T13:32:52+00:00","article_modified_time":"2026-03-02T16:42:44+00:00","og_image":[{"width":1280,"height":719,"url":"https:\/\/noticiasmercedinas.com\/site\/wp-content\/uploads\/2026\/03\/WhatsApp-Image-2026-03-02-at-9.59.17-AM.jpeg","type":"image\/jpeg"}],"author":"NOTICIASMERCEDINAS.COM","twitter_card":"summary_large_image","twitter_creator":"@notmercedinas","twitter_site":"@notmercedinas","twitter_misc":{"Escrito por":"NOTICIASMERCEDINAS.COM","Tiempo de lectura":"3 minutos"},"schema":{"@context":"https:\/\/schema.org","@graph":[{"@type":"Article","@id":"https:\/\/noticiasmercedinas.com\/site\/2026\/03\/02\/apertura-de-sesiones-velasquez-represento-a-lla-mercedes-en-el-congreso-de-la-nacion\/#article","isPartOf":{"@id":"https:\/\/noticiasmercedinas.com\/site\/2026\/03\/02\/apertura-de-sesiones-velasquez-represento-a-lla-mercedes-en-el-congreso-de-la-nacion\/"},"author":{"name":"NOTICIASMERCEDINAS.COM","@id":"https:\/\/noticiasmercedinas.com\/site\/#\/schema\/person\/84b59c099c28ff2e8b77d4ceec5d8063"},"headline":"Apertura de sesiones: Vel\u00e1squez represent\u00f3 a LLA Mercedes en el Congreso de la Naci\u00f3n","datePublished":"2026-03-02T13:32:52+00:00","dateModified":"2026-03-02T16:42:44+00:00","mainEntityOfPage":{"@id":"https:\/\/noticiasmercedinas.com\/site\/2026\/03\/02\/apertura-de-sesiones-velasquez-represento-a-lla-mercedes-en-el-congreso-de-la-nacion\/"},"wordCount":349,"publisher":{"@id":"https:\/\/noticiasmercedinas.com\/site\/#organization"},"image":{"@id":"https:\/\/noticiasmercedinas.com\/site\/2026\/03\/02\/apertura-de-sesiones-velasquez-represento-a-lla-mercedes-en-el-congreso-de-la-nacion\/#primaryimage"},"thumbnailUrl":"https:\/\/noticiasmercedinas.com\/site\/wp-content\/uploads\/2026\/03\/WhatsApp-Image-2026-03-02-at-9.59.17-AM.jpeg","keywords":["Javier Milei","la libertad avanza","Rafael Velasquez"],"articleSection":["Politica"],"inLanguage":"es"},{"@type":"WebPage","@id":"https:\/\/noticiasmercedinas.com\/site\/2026\/03\/02\/apertura-de-sesiones-velasquez-represento-a-lla-mercedes-en-el-congreso-de-la-nacion\/","url":"https:\/\/noticiasmercedinas.com\/site\/2026\/03\/02\/apertura-de-sesiones-velasquez-represento-a-lla-mercedes-en-el-congreso-de-la-nacion\/","name":"Apertura de sesiones: Vel\u00e1squez represent\u00f3 a LLA Mercedes en el Congreso de la Naci\u00f3n","isPartOf":{"@id":"https:\/\/noticiasmercedinas.com\/site\/#website"},"primaryImageOfPage":{"@id":"https:\/\/noticiasmercedinas.com\/site\/2026\/03\/02\/apertura-de-sesiones-velasquez-represento-a-lla-mercedes-en-el-congreso-de-la-nacion\/#primaryimage"},"image":{"@id":"https:\/\/noticiasmercedinas.com\/site\/2026\/03\/02\/apertura-de-sesiones-velasquez-represento-a-lla-mercedes-en-el-congreso-de-la-nacion\/#primaryimage"},"thumbnailUrl":"https:\/\/noticiasmercedinas.com\/site\/wp-content\/uploads\/2026\/03\/WhatsApp-Image-2026-03-02-at-9.59.17-AM.jpeg","datePublished":"2026-03-02T13:32:52+00:00","dateModified":"2026-03-02T16:42:44+00:00","description":"\u25a0\u00a0El coordinador de La Libertad Avanza en el distrito, Rafael Vel\u00e1squez, estuvo presente en el Palacio Legislativo para acompa\u00f1ar el discurso del presidente Javier Milei. Destac\u00f3 el balance de gesti\u00f3n y la hoja de ruta trazada para el futuro del pa\u00eds.","breadcrumb":{"@id":"https:\/\/noticiasmercedinas.com\/site\/2026\/03\/02\/apertura-de-sesiones-velasquez-represento-a-lla-mercedes-en-el-congreso-de-la-nacion\/#breadcrumb"},"inLanguage":"es","potentialAction":[{"@type":"ReadAction","target":["https:\/\/noticiasmercedinas.com\/site\/2026\/03\/02\/apertura-de-sesiones-velasquez-represento-a-lla-mercedes-en-el-congreso-de-la-nacion\/"]}]},{"@type":"ImageObject","inLanguage":"es","@id":"https:\/\/noticiasmercedinas.com\/site\/2026\/03\/02\/apertura-de-sesiones-velasquez-represento-a-lla-mercedes-en-el-congreso-de-la-nacion\/#primaryimage","url":"https:\/\/noticiasmercedinas.com\/site\/wp-content\/uploads\/2026\/03\/WhatsApp-Image-2026-03-02-at-9.59.17-AM.jpeg","contentUrl":"https:\/\/noticiasmercedinas.com\/site\/wp-content\/uploads\/2026\/03\/WhatsApp-Image-2026-03-02-at-9.59.17-AM.jpeg","width":1280,"height":719},{"@type":"BreadcrumbList","@id":"https:\/\/noticiasmercedinas.com\/site\/2026\/03\/02\/apertura-de-sesiones-velasquez-represento-a-lla-mercedes-en-el-congreso-de-la-nacion\/#breadcrumb","itemListElement":[{"@type":"ListItem","position":1,"name":"Portada","item":"https:\/\/noticiasmercedinas.com\/site\/"},{"@type":"ListItem","position":2,"name":"Apertura de sesiones: Vel\u00e1squez represent\u00f3 a LLA Mercedes en el Congreso de la Naci\u00f3n"}]},{"@type":"WebSite","@id":"https:\/\/noticiasmercedinas.com\/site\/#website","url":"https:\/\/noticiasmercedinas.com\/site\/","name":"NOTICIASMERCEDINAS.COM","description":"Mercedes, Buenos Aires, Argentina","publisher":{"@id":"https:\/\/noticiasmercedinas.com\/site\/#organization"},"potentialAction":[{"@type":"SearchAction","target":{"@type":"EntryPoint","urlTemplate":"https:\/\/noticiasmercedinas.com\/site\/?s={search_term_string}"},"query-input":{"@type":"PropertyValueSpecification","valueRequired":true,"valueName":"search_term_string"}}],"inLanguage":"es"},{"@type":"Organization","@id":"https:\/\/noticiasmercedinas.com\/site\/#organization","name":"NOTICIASMERCEDINAS.COM","url":"https:\/\/noticiasmercedinas.com\/site\/","logo":{"@type":"ImageObject","inLanguage":"es","@id":"https:\/\/noticiasmercedinas.com\/site\/#\/schema\/logo\/image\/","url":"https:\/\/noticiasmercedinas.com\/site\/wp-content\/uploads\/2020\/06\/LOGO-512.jpg","contentUrl":"https:\/\/noticiasmercedinas.com\/site\/wp-content\/uploads\/2020\/06\/LOGO-512.jpg","width":512,"height":512,"caption":"NOTICIASMERCEDINAS.COM"},"image":{"@id":"https:\/\/noticiasmercedinas.com\/site\/#\/schema\/logo\/image\/"},"sameAs":["https:\/\/www.facebook.com\/noticiasmercedinas\/","https:\/\/x.com\/notmercedinas","https:\/\/www.instagram.com\/noticiasmercedinas\/"]},{"@type":"Person","@id":"https:\/\/noticiasmercedinas.com\/site\/#\/schema\/person\/84b59c099c28ff2e8b77d4ceec5d8063","name":"NOTICIASMERCEDINAS.COM","image":{"@type":"ImageObject","inLanguage":"es","@id":"https:\/\/secure.gravatar.com\/avatar\/4dfbf16b4d17945bfb6341b2d19043457132fcf478a5ee04f42e959fd8f5df0a?s=96&d=mm&r=g","url":"https:\/\/secure.gravatar.com\/avatar\/4dfbf16b4d17945bfb6341b2d19043457132fcf478a5ee04f42e959fd8f5df0a?s=96&d=mm&r=g","contentUrl":"https:\/\/secure.gravatar.com\/avatar\/4dfbf16b4d17945bfb6341b2d19043457132fcf478a5ee04f42e959fd8f5df0a?s=96&d=mm&r=g","caption":"NOTICIASMERCEDINAS.COM"},"url":"https:\/\/noticiasmercedinas.com\/site\/author\/anonimo\/"}]}},"amp_enabled":true,"_links":{"self":[{"href":"https:\/\/noticiasmercedinas.com\/site\/wp-json\/wp\/v2\/posts\/180871","targetHints":{"allow":["GET"]}}],"collection":[{"href":"https:\/\/noticiasmercedinas.com\/site\/wp-json\/wp\/v2\/posts"}],"about":[{"href":"https:\/\/noticiasmercedinas.com\/site\/wp-json\/wp\/v2\/types\/post"}],"author":[{"embeddable":true,"href":"https:\/\/noticiasmercedinas.com\/site\/wp-json\/wp\/v2\/users\/16"}],"replies":[{"embeddable":true,"href":"https:\/\/noticiasmercedinas.com\/site\/wp-json\/wp\/v2\/comments?post=180871"}],"version-history":[{"count":3,"href":"https:\/\/noticiasmercedinas.com\/site\/wp-json\/wp\/v2\/posts\/180871\/revisions"}],"predecessor-version":[{"id":180924,"href":"https:\/\/noticiasmercedinas.com\/site\/wp-json\/wp\/v2\/posts\/180871\/revisions\/180924"}],"wp:featuredmedia":[{"embeddable":true,"href":"https:\/\/noticiasmercedinas.com\/site\/wp-json\/wp\/v2\/media\/180872"}],"wp:attachment":[{"href":"https:\/\/noticiasmercedinas.com\/site\/wp-json\/wp\/v2\/media?parent=180871"}],"wp:term":[{"taxonomy":"category","embeddable":true,"href":"https:\/\/noticiasmercedinas.com\/site\/wp-json\/wp\/v2\/categories?post=180871"},{"taxonomy":"post_tag","embeddable":true,"href":"https:\/\/noticiasmercedinas.com\/site\/wp-json\/wp\/v2\/tags?post=180871"}],"curies":[{"name":"wp","href":"https:\/\/api.w.org\/{rel}","templated":true}]}}