{"id":180909,"date":"2026-03-02T12:04:26","date_gmt":"2026-03-02T15:04:26","guid":{"rendered":"https:\/\/noticiasmercedinas.com\/site\/?p=180909"},"modified":"2026-03-02T12:06:28","modified_gmt":"2026-03-02T15:06:28","slug":"es-un-privilegio-asistir-a-un-momento-historico-pollacchi-respaldo-el-rumbo-trazado-por-javier-milei","status":"publish","type":"post","link":"https:\/\/noticiasmercedinas.com\/site\/2026\/03\/02\/es-un-privilegio-asistir-a-un-momento-historico-pollacchi-respaldo-el-rumbo-trazado-por-javier-milei\/","title":{"rendered":"\u00abEs un privilegio asistir a un momento hist\u00f3rico\u00bb: Pollacchi respald\u00f3 el rumbo trazado por Javier Milei"},"content":{"rendered":"<p><img loading=\"lazy\" decoding=\"async\" class=\"alignnone size-full wp-image-180910\" src=\"https:\/\/noticiasmercedinas.com\/site\/wp-content\/uploads\/2026\/03\/WhatsApp-Image-2026-03-02-at-11.57.16-AM-e1772463826326.jpeg\" alt=\"\" width=\"1200\" height=\"990\" srcset=\"https:\/\/noticiasmercedinas.com\/site\/wp-content\/uploads\/2026\/03\/WhatsApp-Image-2026-03-02-at-11.57.16-AM-e1772463826326.jpeg 1200w, https:\/\/noticiasmercedinas.com\/site\/wp-content\/uploads\/2026\/03\/WhatsApp-Image-2026-03-02-at-11.57.16-AM-e1772463826326-300x248.jpeg 300w, https:\/\/noticiasmercedinas.com\/site\/wp-content\/uploads\/2026\/03\/WhatsApp-Image-2026-03-02-at-11.57.16-AM-e1772463826326-1024x845.jpeg 1024w, https:\/\/noticiasmercedinas.com\/site\/wp-content\/uploads\/2026\/03\/WhatsApp-Image-2026-03-02-at-11.57.16-AM-e1772463826326-768x634.jpeg 768w, https:\/\/noticiasmercedinas.com\/site\/wp-content\/uploads\/2026\/03\/WhatsApp-Image-2026-03-02-at-11.57.16-AM-e1772463826326-640x528.jpeg 640w, https:\/\/noticiasmercedinas.com\/site\/wp-content\/uploads\/2026\/03\/WhatsApp-Image-2026-03-02-at-11.57.16-AM-e1772463826326-681x562.jpeg 681w\" sizes=\"auto, (max-width: 1200px) 100vw, 1200px\" \/><\/p>\n<p>El concejal Mauricio Pollacchi presenci\u00f3 este domingo el discurso anual del presidente Javier Milei ante la Asamblea Legislativa, en lo que defini\u00f3 como una jornada trascendental para el futuro pol\u00edtico de la Argentina.<\/p>\n<p>En di\u00e1logo con <em>Noticias Mercedinas<\/em>, el legislador local analiz\u00f3 las palabras del mandatario y subray\u00f3 la importancia de alinear el destino de Mercedes con el cambio de rumbo nacional.<\/p>\n<p>\u00abComo siempre, es un privilegio poder asistir a un momento hist\u00f3rico, en representaci\u00f3n de la ciudad y de los mercedinos que, en su mayor\u00eda, eligieron al presidente Javier Milei\u00bb, afirm\u00f3 el concejal tras finalizar el acto oficial.<\/p>\n<blockquote><p>Liderazgo: \u00abHoy tenemos un Presidente con el coraje, la convicci\u00f3n y las ideas correctas\u00bb<\/p><\/blockquote>\n<p><strong>Un cambio de \u00e9poca<\/strong><br \/>\nPara Pollacchi, el mensaje presidencial no solo fue un balance de gesti\u00f3n, sino un hito documental para las pr\u00f3ximas generaciones.<\/p>\n<p>\u00abEste discurso va a quedar en los libros de historia. La Argentina est\u00e1 cambiando de rumbo, y eso es profundamente importante\u00bb, sostuvo.<\/p>\n<p>En su an\u00e1lisis sobre la coyuntura social y pol\u00edtica, el edil identific\u00f3 una clara divisi\u00f3n entre la voluntad popular y los sectores que se oponen a las reformas:\u00a0\u00abHay una mayor\u00eda que quiere progresar, desatar nudos y avanzar; y una minor\u00eda que todav\u00eda defiende un pa\u00eds de privilegios y para unos pocos. Hoy tenemos un Presidente con el coraje, la convicci\u00f3n y las ideas correctas para encarar ese cambio\u00bb, dijo.<\/p>\n<blockquote><p>Representatividad: \u00abAsist\u00ed en representaci\u00f3n de los mercedinos que, en su mayor\u00eda, eligieron al presidente\u00bb.<\/p><\/blockquote>\n<p><strong>El horizonte local: Mercedes 2027<\/strong><br \/>\nM\u00e1s all\u00e1 del escenario nacional, Pollacchi proyect\u00f3 el impacto de esta transformaci\u00f3n en el \u00e1mbito municipal. Con la mirada puesta en el pr\u00f3ximo turno electoral, inst\u00f3 a trabajar para que el modelo de gesti\u00f3n que hoy lidera la Casa Rosada tenga su correlato en el partido de Mercedes.<\/p>\n<p>\u00abEl 2027 nos tiene que encontrar a todos trabajando para que ese rumbo tambi\u00e9n llegue a Mercedes. No podemos quedarnos al margen de esta transformaci\u00f3n\u00bb, sentenci\u00f3 el concejal, concluyendo con una promesa de gesti\u00f3n para los vecinos: \u00abSi la gente nos acompa\u00f1a, Mercedes volver\u00e1 a ser una ciudad ordenada, segura, y con oportunidades de trabajo para todos\u00bb.<\/p>\n<blockquote><p>Proyecto local: \u00abTrabajamos para que ese rumbo tambi\u00e9n llegue a Mercedes; no podemos quedar al margen\u00bb<\/p><\/blockquote>\n","protected":false},"excerpt":{"rendered":"<p>\u25a0 Tras participar de la apertura de sesiones ordinarias en el Congreso de la Naci\u00f3n, el\u00a0 concejal del bloque La Libertad Avanza y referente mercedino destac\u00f3 la transformaci\u00f3n del pa\u00eds y llam\u00f3 a replicar ese modelo en la ciudad de cara al 2027.<\/p>\n","protected":false},"author":16,"featured_media":180910,"comment_status":"closed","ping_status":"closed","sticky":false,"template":"","format":"standard","meta":{"footnotes":""},"categories":[16],"tags":[14331,15388,8739],"class_list":["post-180909","post","type-post","status-publish","format-standard","has-post-thumbnail","hentry","category-politica","tag-javier-milei","tag-la-libertad-avanza","tag-mauricio-pollacchi"],"yoast_head":"<!-- This site is optimized with the Yoast SEO plugin v27.5 - https:\/\/yoast.com\/product\/yoast-seo-wordpress\/ -->\n<title>&quot;Es un privilegio asistir a un momento hist\u00f3rico&quot;: Pollacchi respald\u00f3 el rumbo trazado por Javier Milei<\/title>\n<meta name=\"description\" content=\"Tras participar de la apertura de sesiones ordinarias en el Congreso de la Naci\u00f3n, el\u00a0 concejal del bloque La Libertad Avanza y referente mercedino destac\u00f3 la transformaci\u00f3n del pa\u00eds y llam\u00f3 a replicar ese modelo en la ciudad de cara al 2027.\" \/>\n<meta name=\"robots\" content=\"index, follow, max-snippet:-1, max-image-preview:large, max-video-preview:-1\" \/>\n<link rel=\"canonical\" href=\"https:\/\/noticiasmercedinas.com\/site\/2026\/03\/02\/es-un-privilegio-asistir-a-un-momento-historico-pollacchi-respaldo-el-rumbo-trazado-por-javier-milei\/\" \/>\n<meta property=\"og:locale\" content=\"es_ES\" \/>\n<meta property=\"og:type\" content=\"article\" \/>\n<meta property=\"og:title\" content=\"&quot;Es un privilegio asistir a un momento hist\u00f3rico&quot;: Pollacchi respald\u00f3 el rumbo trazado por Javier Milei\" \/>\n<meta property=\"og:description\" content=\"Tras participar de la apertura de sesiones ordinarias en el Congreso de la Naci\u00f3n, el\u00a0 concejal del bloque La Libertad Avanza y referente mercedino destac\u00f3 la transformaci\u00f3n del pa\u00eds y llam\u00f3 a replicar ese modelo en la ciudad de cara al 2027.\" \/>\n<meta property=\"og:url\" content=\"https:\/\/noticiasmercedinas.com\/site\/2026\/03\/02\/es-un-privilegio-asistir-a-un-momento-historico-pollacchi-respaldo-el-rumbo-trazado-por-javier-milei\/\" \/>\n<meta property=\"og:site_name\" content=\"NOTICIASMERCEDINAS.COM\" \/>\n<meta property=\"article:publisher\" content=\"https:\/\/www.facebook.com\/noticiasmercedinas\/\" \/>\n<meta property=\"article:published_time\" content=\"2026-03-02T15:04:26+00:00\" \/>\n<meta property=\"article:modified_time\" content=\"2026-03-02T15:06:28+00:00\" \/>\n<meta property=\"og:image\" content=\"https:\/\/noticiasmercedinas.com\/site\/wp-content\/uploads\/2026\/03\/WhatsApp-Image-2026-03-02-at-11.57.16-AM-e1772463826326.jpeg\" \/>\n\t<meta property=\"og:image:width\" content=\"1200\" \/>\n\t<meta property=\"og:image:height\" content=\"990\" \/>\n\t<meta property=\"og:image:type\" content=\"image\/jpeg\" \/>\n<meta name=\"author\" content=\"NOTICIASMERCEDINAS.COM\" \/>\n<meta name=\"twitter:card\" content=\"summary_large_image\" \/>\n<meta name=\"twitter:creator\" content=\"@notmercedinas\" \/>\n<meta name=\"twitter:site\" content=\"@notmercedinas\" \/>\n<meta name=\"twitter:label1\" content=\"Escrito por\" \/>\n\t<meta name=\"twitter:data1\" content=\"NOTICIASMERCEDINAS.COM\" \/>\n\t<meta name=\"twitter:label2\" content=\"Tiempo de lectura\" \/>\n\t<meta name=\"twitter:data2\" content=\"2 minutos\" \/>\n<script type=\"application\/ld+json\" class=\"yoast-schema-graph\">{\"@context\":\"https:\\\/\\\/schema.org\",\"@graph\":[{\"@type\":\"Article\",\"@id\":\"https:\\\/\\\/noticiasmercedinas.com\\\/site\\\/2026\\\/03\\\/02\\\/es-un-privilegio-asistir-a-un-momento-historico-pollacchi-respaldo-el-rumbo-trazado-por-javier-milei\\\/#article\",\"isPartOf\":{\"@id\":\"https:\\\/\\\/noticiasmercedinas.com\\\/site\\\/2026\\\/03\\\/02\\\/es-un-privilegio-asistir-a-un-momento-historico-pollacchi-respaldo-el-rumbo-trazado-por-javier-milei\\\/\"},\"author\":{\"name\":\"NOTICIASMERCEDINAS.COM\",\"@id\":\"https:\\\/\\\/noticiasmercedinas.com\\\/site\\\/#\\\/schema\\\/person\\\/84b59c099c28ff2e8b77d4ceec5d8063\"},\"headline\":\"\u00abEs un privilegio asistir a un momento hist\u00f3rico\u00bb: Pollacchi respald\u00f3 el rumbo trazado por Javier Milei\",\"datePublished\":\"2026-03-02T15:04:26+00:00\",\"dateModified\":\"2026-03-02T15:06:28+00:00\",\"mainEntityOfPage\":{\"@id\":\"https:\\\/\\\/noticiasmercedinas.com\\\/site\\\/2026\\\/03\\\/02\\\/es-un-privilegio-asistir-a-un-momento-historico-pollacchi-respaldo-el-rumbo-trazado-por-javier-milei\\\/\"},\"wordCount\":411,\"publisher\":{\"@id\":\"https:\\\/\\\/noticiasmercedinas.com\\\/site\\\/#organization\"},\"image\":{\"@id\":\"https:\\\/\\\/noticiasmercedinas.com\\\/site\\\/2026\\\/03\\\/02\\\/es-un-privilegio-asistir-a-un-momento-historico-pollacchi-respaldo-el-rumbo-trazado-por-javier-milei\\\/#primaryimage\"},\"thumbnailUrl\":\"https:\\\/\\\/noticiasmercedinas.com\\\/site\\\/wp-content\\\/uploads\\\/2026\\\/03\\\/WhatsApp-Image-2026-03-02-at-11.57.16-AM-e1772463826326.jpeg\",\"keywords\":[\"Javier Milei\",\"la libertad avanza\",\"mauricio pollacchi\"],\"articleSection\":[\"Politica\"],\"inLanguage\":\"es\"},{\"@type\":\"WebPage\",\"@id\":\"https:\\\/\\\/noticiasmercedinas.com\\\/site\\\/2026\\\/03\\\/02\\\/es-un-privilegio-asistir-a-un-momento-historico-pollacchi-respaldo-el-rumbo-trazado-por-javier-milei\\\/\",\"url\":\"https:\\\/\\\/noticiasmercedinas.com\\\/site\\\/2026\\\/03\\\/02\\\/es-un-privilegio-asistir-a-un-momento-historico-pollacchi-respaldo-el-rumbo-trazado-por-javier-milei\\\/\",\"name\":\"\\\"Es un privilegio asistir a un momento hist\u00f3rico\\\": Pollacchi respald\u00f3 el rumbo trazado por Javier Milei\",\"isPartOf\":{\"@id\":\"https:\\\/\\\/noticiasmercedinas.com\\\/site\\\/#website\"},\"primaryImageOfPage\":{\"@id\":\"https:\\\/\\\/noticiasmercedinas.com\\\/site\\\/2026\\\/03\\\/02\\\/es-un-privilegio-asistir-a-un-momento-historico-pollacchi-respaldo-el-rumbo-trazado-por-javier-milei\\\/#primaryimage\"},\"image\":{\"@id\":\"https:\\\/\\\/noticiasmercedinas.com\\\/site\\\/2026\\\/03\\\/02\\\/es-un-privilegio-asistir-a-un-momento-historico-pollacchi-respaldo-el-rumbo-trazado-por-javier-milei\\\/#primaryimage\"},\"thumbnailUrl\":\"https:\\\/\\\/noticiasmercedinas.com\\\/site\\\/wp-content\\\/uploads\\\/2026\\\/03\\\/WhatsApp-Image-2026-03-02-at-11.57.16-AM-e1772463826326.jpeg\",\"datePublished\":\"2026-03-02T15:04:26+00:00\",\"dateModified\":\"2026-03-02T15:06:28+00:00\",\"description\":\"Tras participar de la apertura de sesiones ordinarias en el Congreso de la Naci\u00f3n, el\u00a0 concejal del bloque La Libertad Avanza y referente mercedino destac\u00f3 la transformaci\u00f3n del pa\u00eds y llam\u00f3 a replicar ese modelo en la ciudad de cara al 2027.\",\"breadcrumb\":{\"@id\":\"https:\\\/\\\/noticiasmercedinas.com\\\/site\\\/2026\\\/03\\\/02\\\/es-un-privilegio-asistir-a-un-momento-historico-pollacchi-respaldo-el-rumbo-trazado-por-javier-milei\\\/#breadcrumb\"},\"inLanguage\":\"es\",\"potentialAction\":[{\"@type\":\"ReadAction\",\"target\":[\"https:\\\/\\\/noticiasmercedinas.com\\\/site\\\/2026\\\/03\\\/02\\\/es-un-privilegio-asistir-a-un-momento-historico-pollacchi-respaldo-el-rumbo-trazado-por-javier-milei\\\/\"]}]},{\"@type\":\"ImageObject\",\"inLanguage\":\"es\",\"@id\":\"https:\\\/\\\/noticiasmercedinas.com\\\/site\\\/2026\\\/03\\\/02\\\/es-un-privilegio-asistir-a-un-momento-historico-pollacchi-respaldo-el-rumbo-trazado-por-javier-milei\\\/#primaryimage\",\"url\":\"https:\\\/\\\/noticiasmercedinas.com\\\/site\\\/wp-content\\\/uploads\\\/2026\\\/03\\\/WhatsApp-Image-2026-03-02-at-11.57.16-AM-e1772463826326.jpeg\",\"contentUrl\":\"https:\\\/\\\/noticiasmercedinas.com\\\/site\\\/wp-content\\\/uploads\\\/2026\\\/03\\\/WhatsApp-Image-2026-03-02-at-11.57.16-AM-e1772463826326.jpeg\",\"width\":1200,\"height\":990},{\"@type\":\"BreadcrumbList\",\"@id\":\"https:\\\/\\\/noticiasmercedinas.com\\\/site\\\/2026\\\/03\\\/02\\\/es-un-privilegio-asistir-a-un-momento-historico-pollacchi-respaldo-el-rumbo-trazado-por-javier-milei\\\/#breadcrumb\",\"itemListElement\":[{\"@type\":\"ListItem\",\"position\":1,\"name\":\"Portada\",\"item\":\"https:\\\/\\\/noticiasmercedinas.com\\\/site\\\/\"},{\"@type\":\"ListItem\",\"position\":2,\"name\":\"\u00abEs un privilegio asistir a un momento hist\u00f3rico\u00bb: Pollacchi respald\u00f3 el rumbo trazado por Javier Milei\"}]},{\"@type\":\"WebSite\",\"@id\":\"https:\\\/\\\/noticiasmercedinas.com\\\/site\\\/#website\",\"url\":\"https:\\\/\\\/noticiasmercedinas.com\\\/site\\\/\",\"name\":\"NOTICIASMERCEDINAS.COM\",\"description\":\"Mercedes, Buenos Aires, Argentina\",\"publisher\":{\"@id\":\"https:\\\/\\\/noticiasmercedinas.com\\\/site\\\/#organization\"},\"potentialAction\":[{\"@type\":\"SearchAction\",\"target\":{\"@type\":\"EntryPoint\",\"urlTemplate\":\"https:\\\/\\\/noticiasmercedinas.com\\\/site\\\/?s={search_term_string}\"},\"query-input\":{\"@type\":\"PropertyValueSpecification\",\"valueRequired\":true,\"valueName\":\"search_term_string\"}}],\"inLanguage\":\"es\"},{\"@type\":\"Organization\",\"@id\":\"https:\\\/\\\/noticiasmercedinas.com\\\/site\\\/#organization\",\"name\":\"NOTICIASMERCEDINAS.COM\",\"url\":\"https:\\\/\\\/noticiasmercedinas.com\\\/site\\\/\",\"logo\":{\"@type\":\"ImageObject\",\"inLanguage\":\"es\",\"@id\":\"https:\\\/\\\/noticiasmercedinas.com\\\/site\\\/#\\\/schema\\\/logo\\\/image\\\/\",\"url\":\"https:\\\/\\\/noticiasmercedinas.com\\\/site\\\/wp-content\\\/uploads\\\/2020\\\/06\\\/LOGO-512.jpg\",\"contentUrl\":\"https:\\\/\\\/noticiasmercedinas.com\\\/site\\\/wp-content\\\/uploads\\\/2020\\\/06\\\/LOGO-512.jpg\",\"width\":512,\"height\":512,\"caption\":\"NOTICIASMERCEDINAS.COM\"},\"image\":{\"@id\":\"https:\\\/\\\/noticiasmercedinas.com\\\/site\\\/#\\\/schema\\\/logo\\\/image\\\/\"},\"sameAs\":[\"https:\\\/\\\/www.facebook.com\\\/noticiasmercedinas\\\/\",\"https:\\\/\\\/x.com\\\/notmercedinas\",\"https:\\\/\\\/www.instagram.com\\\/noticiasmercedinas\\\/\"]},{\"@type\":\"Person\",\"@id\":\"https:\\\/\\\/noticiasmercedinas.com\\\/site\\\/#\\\/schema\\\/person\\\/84b59c099c28ff2e8b77d4ceec5d8063\",\"name\":\"NOTICIASMERCEDINAS.COM\",\"image\":{\"@type\":\"ImageObject\",\"inLanguage\":\"es\",\"@id\":\"https:\\\/\\\/secure.gravatar.com\\\/avatar\\\/4dfbf16b4d17945bfb6341b2d19043457132fcf478a5ee04f42e959fd8f5df0a?s=96&d=mm&r=g\",\"url\":\"https:\\\/\\\/secure.gravatar.com\\\/avatar\\\/4dfbf16b4d17945bfb6341b2d19043457132fcf478a5ee04f42e959fd8f5df0a?s=96&d=mm&r=g\",\"contentUrl\":\"https:\\\/\\\/secure.gravatar.com\\\/avatar\\\/4dfbf16b4d17945bfb6341b2d19043457132fcf478a5ee04f42e959fd8f5df0a?s=96&d=mm&r=g\",\"caption\":\"NOTICIASMERCEDINAS.COM\"},\"url\":\"https:\\\/\\\/noticiasmercedinas.com\\\/site\\\/author\\\/anonimo\\\/\"}]}<\/script>\n<!-- \/ Yoast SEO plugin. -->","yoast_head_json":{"title":"\"Es un privilegio asistir a un momento hist\u00f3rico\": Pollacchi respald\u00f3 el rumbo trazado por Javier Milei","description":"Tras participar de la apertura de sesiones ordinarias en el Congreso de la Naci\u00f3n, el\u00a0 concejal del bloque La Libertad Avanza y referente mercedino destac\u00f3 la transformaci\u00f3n del pa\u00eds y llam\u00f3 a replicar ese modelo en la ciudad de cara al 2027.","robots":{"index":"index","follow":"follow","max-snippet":"max-snippet:-1","max-image-preview":"max-image-preview:large","max-video-preview":"max-video-preview:-1"},"canonical":"https:\/\/noticiasmercedinas.com\/site\/2026\/03\/02\/es-un-privilegio-asistir-a-un-momento-historico-pollacchi-respaldo-el-rumbo-trazado-por-javier-milei\/","og_locale":"es_ES","og_type":"article","og_title":"\"Es un privilegio asistir a un momento hist\u00f3rico\": Pollacchi respald\u00f3 el rumbo trazado por Javier Milei","og_description":"Tras participar de la apertura de sesiones ordinarias en el Congreso de la Naci\u00f3n, el\u00a0 concejal del bloque La Libertad Avanza y referente mercedino destac\u00f3 la transformaci\u00f3n del pa\u00eds y llam\u00f3 a replicar ese modelo en la ciudad de cara al 2027.","og_url":"https:\/\/noticiasmercedinas.com\/site\/2026\/03\/02\/es-un-privilegio-asistir-a-un-momento-historico-pollacchi-respaldo-el-rumbo-trazado-por-javier-milei\/","og_site_name":"NOTICIASMERCEDINAS.COM","article_publisher":"https:\/\/www.facebook.com\/noticiasmercedinas\/","article_published_time":"2026-03-02T15:04:26+00:00","article_modified_time":"2026-03-02T15:06:28+00:00","og_image":[{"width":1200,"height":990,"url":"https:\/\/noticiasmercedinas.com\/site\/wp-content\/uploads\/2026\/03\/WhatsApp-Image-2026-03-02-at-11.57.16-AM-e1772463826326.jpeg","type":"image\/jpeg"}],"author":"NOTICIASMERCEDINAS.COM","twitter_card":"summary_large_image","twitter_creator":"@notmercedinas","twitter_site":"@notmercedinas","twitter_misc":{"Escrito por":"NOTICIASMERCEDINAS.COM","Tiempo de lectura":"2 minutos"},"schema":{"@context":"https:\/\/schema.org","@graph":[{"@type":"Article","@id":"https:\/\/noticiasmercedinas.com\/site\/2026\/03\/02\/es-un-privilegio-asistir-a-un-momento-historico-pollacchi-respaldo-el-rumbo-trazado-por-javier-milei\/#article","isPartOf":{"@id":"https:\/\/noticiasmercedinas.com\/site\/2026\/03\/02\/es-un-privilegio-asistir-a-un-momento-historico-pollacchi-respaldo-el-rumbo-trazado-por-javier-milei\/"},"author":{"name":"NOTICIASMERCEDINAS.COM","@id":"https:\/\/noticiasmercedinas.com\/site\/#\/schema\/person\/84b59c099c28ff2e8b77d4ceec5d8063"},"headline":"\u00abEs un privilegio asistir a un momento hist\u00f3rico\u00bb: Pollacchi respald\u00f3 el rumbo trazado por Javier Milei","datePublished":"2026-03-02T15:04:26+00:00","dateModified":"2026-03-02T15:06:28+00:00","mainEntityOfPage":{"@id":"https:\/\/noticiasmercedinas.com\/site\/2026\/03\/02\/es-un-privilegio-asistir-a-un-momento-historico-pollacchi-respaldo-el-rumbo-trazado-por-javier-milei\/"},"wordCount":411,"publisher":{"@id":"https:\/\/noticiasmercedinas.com\/site\/#organization"},"image":{"@id":"https:\/\/noticiasmercedinas.com\/site\/2026\/03\/02\/es-un-privilegio-asistir-a-un-momento-historico-pollacchi-respaldo-el-rumbo-trazado-por-javier-milei\/#primaryimage"},"thumbnailUrl":"https:\/\/noticiasmercedinas.com\/site\/wp-content\/uploads\/2026\/03\/WhatsApp-Image-2026-03-02-at-11.57.16-AM-e1772463826326.jpeg","keywords":["Javier Milei","la libertad avanza","mauricio pollacchi"],"articleSection":["Politica"],"inLanguage":"es"},{"@type":"WebPage","@id":"https:\/\/noticiasmercedinas.com\/site\/2026\/03\/02\/es-un-privilegio-asistir-a-un-momento-historico-pollacchi-respaldo-el-rumbo-trazado-por-javier-milei\/","url":"https:\/\/noticiasmercedinas.com\/site\/2026\/03\/02\/es-un-privilegio-asistir-a-un-momento-historico-pollacchi-respaldo-el-rumbo-trazado-por-javier-milei\/","name":"\"Es un privilegio asistir a un momento hist\u00f3rico\": Pollacchi respald\u00f3 el rumbo trazado por Javier Milei","isPartOf":{"@id":"https:\/\/noticiasmercedinas.com\/site\/#website"},"primaryImageOfPage":{"@id":"https:\/\/noticiasmercedinas.com\/site\/2026\/03\/02\/es-un-privilegio-asistir-a-un-momento-historico-pollacchi-respaldo-el-rumbo-trazado-por-javier-milei\/#primaryimage"},"image":{"@id":"https:\/\/noticiasmercedinas.com\/site\/2026\/03\/02\/es-un-privilegio-asistir-a-un-momento-historico-pollacchi-respaldo-el-rumbo-trazado-por-javier-milei\/#primaryimage"},"thumbnailUrl":"https:\/\/noticiasmercedinas.com\/site\/wp-content\/uploads\/2026\/03\/WhatsApp-Image-2026-03-02-at-11.57.16-AM-e1772463826326.jpeg","datePublished":"2026-03-02T15:04:26+00:00","dateModified":"2026-03-02T15:06:28+00:00","description":"Tras participar de la apertura de sesiones ordinarias en el Congreso de la Naci\u00f3n, el\u00a0 concejal del bloque La Libertad Avanza y referente mercedino destac\u00f3 la transformaci\u00f3n del pa\u00eds y llam\u00f3 a replicar ese modelo en la ciudad de cara al 2027.","breadcrumb":{"@id":"https:\/\/noticiasmercedinas.com\/site\/2026\/03\/02\/es-un-privilegio-asistir-a-un-momento-historico-pollacchi-respaldo-el-rumbo-trazado-por-javier-milei\/#breadcrumb"},"inLanguage":"es","potentialAction":[{"@type":"ReadAction","target":["https:\/\/noticiasmercedinas.com\/site\/2026\/03\/02\/es-un-privilegio-asistir-a-un-momento-historico-pollacchi-respaldo-el-rumbo-trazado-por-javier-milei\/"]}]},{"@type":"ImageObject","inLanguage":"es","@id":"https:\/\/noticiasmercedinas.com\/site\/2026\/03\/02\/es-un-privilegio-asistir-a-un-momento-historico-pollacchi-respaldo-el-rumbo-trazado-por-javier-milei\/#primaryimage","url":"https:\/\/noticiasmercedinas.com\/site\/wp-content\/uploads\/2026\/03\/WhatsApp-Image-2026-03-02-at-11.57.16-AM-e1772463826326.jpeg","contentUrl":"https:\/\/noticiasmercedinas.com\/site\/wp-content\/uploads\/2026\/03\/WhatsApp-Image-2026-03-02-at-11.57.16-AM-e1772463826326.jpeg","width":1200,"height":990},{"@type":"BreadcrumbList","@id":"https:\/\/noticiasmercedinas.com\/site\/2026\/03\/02\/es-un-privilegio-asistir-a-un-momento-historico-pollacchi-respaldo-el-rumbo-trazado-por-javier-milei\/#breadcrumb","itemListElement":[{"@type":"ListItem","position":1,"name":"Portada","item":"https:\/\/noticiasmercedinas.com\/site\/"},{"@type":"ListItem","position":2,"name":"\u00abEs un privilegio asistir a un momento hist\u00f3rico\u00bb: Pollacchi respald\u00f3 el rumbo trazado por Javier Milei"}]},{"@type":"WebSite","@id":"https:\/\/noticiasmercedinas.com\/site\/#website","url":"https:\/\/noticiasmercedinas.com\/site\/","name":"NOTICIASMERCEDINAS.COM","description":"Mercedes, Buenos Aires, Argentina","publisher":{"@id":"https:\/\/noticiasmercedinas.com\/site\/#organization"},"potentialAction":[{"@type":"SearchAction","target":{"@type":"EntryPoint","urlTemplate":"https:\/\/noticiasmercedinas.com\/site\/?s={search_term_string}"},"query-input":{"@type":"PropertyValueSpecification","valueRequired":true,"valueName":"search_term_string"}}],"inLanguage":"es"},{"@type":"Organization","@id":"https:\/\/noticiasmercedinas.com\/site\/#organization","name":"NOTICIASMERCEDINAS.COM","url":"https:\/\/noticiasmercedinas.com\/site\/","logo":{"@type":"ImageObject","inLanguage":"es","@id":"https:\/\/noticiasmercedinas.com\/site\/#\/schema\/logo\/image\/","url":"https:\/\/noticiasmercedinas.com\/site\/wp-content\/uploads\/2020\/06\/LOGO-512.jpg","contentUrl":"https:\/\/noticiasmercedinas.com\/site\/wp-content\/uploads\/2020\/06\/LOGO-512.jpg","width":512,"height":512,"caption":"NOTICIASMERCEDINAS.COM"},"image":{"@id":"https:\/\/noticiasmercedinas.com\/site\/#\/schema\/logo\/image\/"},"sameAs":["https:\/\/www.facebook.com\/noticiasmercedinas\/","https:\/\/x.com\/notmercedinas","https:\/\/www.instagram.com\/noticiasmercedinas\/"]},{"@type":"Person","@id":"https:\/\/noticiasmercedinas.com\/site\/#\/schema\/person\/84b59c099c28ff2e8b77d4ceec5d8063","name":"NOTICIASMERCEDINAS.COM","image":{"@type":"ImageObject","inLanguage":"es","@id":"https:\/\/secure.gravatar.com\/avatar\/4dfbf16b4d17945bfb6341b2d19043457132fcf478a5ee04f42e959fd8f5df0a?s=96&d=mm&r=g","url":"https:\/\/secure.gravatar.com\/avatar\/4dfbf16b4d17945bfb6341b2d19043457132fcf478a5ee04f42e959fd8f5df0a?s=96&d=mm&r=g","contentUrl":"https:\/\/secure.gravatar.com\/avatar\/4dfbf16b4d17945bfb6341b2d19043457132fcf478a5ee04f42e959fd8f5df0a?s=96&d=mm&r=g","caption":"NOTICIASMERCEDINAS.COM"},"url":"https:\/\/noticiasmercedinas.com\/site\/author\/anonimo\/"}]}},"amp_enabled":true,"_links":{"self":[{"href":"https:\/\/noticiasmercedinas.com\/site\/wp-json\/wp\/v2\/posts\/180909","targetHints":{"allow":["GET"]}}],"collection":[{"href":"https:\/\/noticiasmercedinas.com\/site\/wp-json\/wp\/v2\/posts"}],"about":[{"href":"https:\/\/noticiasmercedinas.com\/site\/wp-json\/wp\/v2\/types\/post"}],"author":[{"embeddable":true,"href":"https:\/\/noticiasmercedinas.com\/site\/wp-json\/wp\/v2\/users\/16"}],"replies":[{"embeddable":true,"href":"https:\/\/noticiasmercedinas.com\/site\/wp-json\/wp\/v2\/comments?post=180909"}],"version-history":[{"count":2,"href":"https:\/\/noticiasmercedinas.com\/site\/wp-json\/wp\/v2\/posts\/180909\/revisions"}],"predecessor-version":[{"id":180912,"href":"https:\/\/noticiasmercedinas.com\/site\/wp-json\/wp\/v2\/posts\/180909\/revisions\/180912"}],"wp:featuredmedia":[{"embeddable":true,"href":"https:\/\/noticiasmercedinas.com\/site\/wp-json\/wp\/v2\/media\/180910"}],"wp:attachment":[{"href":"https:\/\/noticiasmercedinas.com\/site\/wp-json\/wp\/v2\/media?parent=180909"}],"wp:term":[{"taxonomy":"category","embeddable":true,"href":"https:\/\/noticiasmercedinas.com\/site\/wp-json\/wp\/v2\/categories?post=180909"},{"taxonomy":"post_tag","embeddable":true,"href":"https:\/\/noticiasmercedinas.com\/site\/wp-json\/wp\/v2\/tags?post=180909"}],"curies":[{"name":"wp","href":"https:\/\/api.w.org\/{rel}","templated":true}]}}