{"id":180973,"date":"2026-03-02T20:56:22","date_gmt":"2026-03-02T23:56:22","guid":{"rendered":"https:\/\/noticiasmercedinas.com\/site\/?p=180973"},"modified":"2026-03-03T07:58:58","modified_gmt":"2026-03-03T10:58:58","slug":"mercedes-sera-sede-de-la-presentacion-del-nuevo-codigo-procesal-civil-y-comercial-comentado-de-la-provincia","status":"publish","type":"post","link":"https:\/\/noticiasmercedinas.com\/site\/2026\/03\/02\/mercedes-sera-sede-de-la-presentacion-del-nuevo-codigo-procesal-civil-y-comercial-comentado-de-la-provincia\/","title":{"rendered":"Mercedes ser\u00e1 sede de la presentaci\u00f3n del nuevo C\u00f3digo Procesal Civil y Comercial Comentado de la Provincia"},"content":{"rendered":"<p><img loading=\"lazy\" decoding=\"async\" class=\"alignnone size-full wp-image-107194\" src=\"https:\/\/noticiasmercedinas.com\/site\/wp-content\/uploads\/2022\/12\/teatroargentino-mercedes7419138870904753269.jpg\" alt=\"\" width=\"923\" height=\"615\" srcset=\"https:\/\/noticiasmercedinas.com\/site\/wp-content\/uploads\/2022\/12\/teatroargentino-mercedes7419138870904753269.jpg 923w, https:\/\/noticiasmercedinas.com\/site\/wp-content\/uploads\/2022\/12\/teatroargentino-mercedes7419138870904753269-300x200.jpg 300w, https:\/\/noticiasmercedinas.com\/site\/wp-content\/uploads\/2022\/12\/teatroargentino-mercedes7419138870904753269-768x512.jpg 768w, https:\/\/noticiasmercedinas.com\/site\/wp-content\/uploads\/2022\/12\/teatroargentino-mercedes7419138870904753269-640x426.jpg 640w, https:\/\/noticiasmercedinas.com\/site\/wp-content\/uploads\/2022\/12\/teatroargentino-mercedes7419138870904753269-681x454.jpg 681w\" sizes=\"auto, (max-width: 923px) 100vw, 923px\" \/><\/p>\n<p>El pr\u00f3ximo mi\u00e9rcoles 18 de marzo, la ciudad de Mercedes se convertir\u00e1 en un punto de encuentro clave para el \u00e1mbito jur\u00eddico bonaerense.<\/p>\n<p>A partir de las 18:00 horas, se llevar\u00e1 a cabo la presentaci\u00f3n oficial del \u00abC\u00f3digo Procesal Civil y Comercial Comentado de la Provincia de Buenos Aires\u00bb, una obra t\u00e9cnica de profunda relevancia para el ejercicio del derecho en la regi\u00f3n.<\/p>\n<p>El evento, organizado por el Colegio de Magistrados y Funcionarios del Departamento Judicial Mercedes, tendr\u00e1 lugar en la Sala A (primer piso) del Teatro Argentino, ubicado en calle 27 N\u00b0 578.<\/p>\n<p><strong>Un an\u00e1lisis profundo de la ley<\/strong><\/p>\n<p>La obra que se presenta se destaca por ser un c\u00f3digo comentado, lo que implica que no solo expone el articulado vigente, sino que ofrece una ex\u00e9gesis detallada, doctrina y jurisprudencia aplicada. Este tipo de textos son herramientas fundamentales para abogados, jueces y auxiliares de justicia, ya que facilitan la interpretaci\u00f3n de las normas procesales que rigen los litigios civiles y comerciales en territorio bonaerense.<\/p>\n<p>La jornada ha sido dise\u00f1ada con un formato de acceso abierto para fomentar la actualizaci\u00f3n profesional constante de la comunidad jur\u00eddica local. Seg\u00fan informaron los organizadores, los puntos clave de la convocatoria son:<\/p>\n<p>* Entrada: Libre y gratuita.<\/p>\n<p>* Inscripci\u00f3n: No se requiere registro previo.<\/p>\n<p>* Modalidad: Exclusivamente presencial.<\/p>\n<p>&nbsp;<\/p>\n","protected":false},"excerpt":{"rendered":"<p>\u25a0 El Colegio de Magistrados y Funcionarios local organiza este evento acad\u00e9mico de relevancia jur\u00eddica. La obra ofrece un an\u00e1lisis detallado de la normativa vigente y contar\u00e1 con la participaci\u00f3n de destacados especialistas.<\/p>\n","protected":false},"author":16,"featured_media":107194,"comment_status":"closed","ping_status":"closed","sticky":false,"template":"","format":"standard","meta":{"footnotes":""},"categories":[3],"tags":[21769,6699,163],"class_list":["post-180973","post","type-post","status-publish","format-standard","has-post-thumbnail","hentry","category-sociedad","tag-codigo-civil","tag-colegio-de-magistrados-y-funcionarios-del-departamento-judicial-mercedes","tag-teatro-argentino"],"yoast_head":"<!-- This site is optimized with the Yoast SEO plugin v27.5 - https:\/\/yoast.com\/product\/yoast-seo-wordpress\/ -->\n<title>Mercedes ser\u00e1 sede de la presentaci\u00f3n del nuevo C\u00f3digo Procesal Civil y Comercial Comentado de la Provincia<\/title>\n<meta name=\"description\" content=\"El Colegio de Magistrados y Funcionarios local organiza este evento acad\u00e9mico de relevancia jur\u00eddica. La obra ofrece un an\u00e1lisis detallado de la normativa vigente y contar\u00e1 con la participaci\u00f3n de destacados especialistas.\" \/>\n<meta name=\"robots\" content=\"index, follow, max-snippet:-1, max-image-preview:large, max-video-preview:-1\" \/>\n<link rel=\"canonical\" href=\"https:\/\/noticiasmercedinas.com\/site\/2026\/03\/02\/mercedes-sera-sede-de-la-presentacion-del-nuevo-codigo-procesal-civil-y-comercial-comentado-de-la-provincia\/\" \/>\n<meta property=\"og:locale\" content=\"es_ES\" \/>\n<meta property=\"og:type\" content=\"article\" \/>\n<meta property=\"og:title\" content=\"Mercedes ser\u00e1 sede de la presentaci\u00f3n del nuevo C\u00f3digo Procesal Civil y Comercial Comentado de la Provincia\" \/>\n<meta property=\"og:description\" content=\"El Colegio de Magistrados y Funcionarios local organiza este evento acad\u00e9mico de relevancia jur\u00eddica. La obra ofrece un an\u00e1lisis detallado de la normativa vigente y contar\u00e1 con la participaci\u00f3n de destacados especialistas.\" \/>\n<meta property=\"og:url\" content=\"https:\/\/noticiasmercedinas.com\/site\/2026\/03\/02\/mercedes-sera-sede-de-la-presentacion-del-nuevo-codigo-procesal-civil-y-comercial-comentado-de-la-provincia\/\" \/>\n<meta property=\"og:site_name\" content=\"NOTICIASMERCEDINAS.COM\" \/>\n<meta property=\"article:publisher\" content=\"https:\/\/www.facebook.com\/noticiasmercedinas\/\" \/>\n<meta property=\"article:published_time\" content=\"2026-03-02T23:56:22+00:00\" \/>\n<meta property=\"article:modified_time\" content=\"2026-03-03T10:58:58+00:00\" \/>\n<meta property=\"og:image\" content=\"https:\/\/noticiasmercedinas.com\/site\/wp-content\/uploads\/2022\/12\/teatroargentino-mercedes7419138870904753269.jpg\" \/>\n\t<meta property=\"og:image:width\" content=\"923\" \/>\n\t<meta property=\"og:image:height\" content=\"615\" \/>\n\t<meta property=\"og:image:type\" content=\"image\/jpeg\" \/>\n<meta name=\"author\" content=\"NOTICIASMERCEDINAS.COM\" \/>\n<meta name=\"twitter:card\" content=\"summary_large_image\" \/>\n<meta name=\"twitter:creator\" content=\"@notmercedinas\" \/>\n<meta name=\"twitter:site\" content=\"@notmercedinas\" \/>\n<meta name=\"twitter:label1\" content=\"Escrito por\" \/>\n\t<meta name=\"twitter:data1\" content=\"NOTICIASMERCEDINAS.COM\" \/>\n\t<meta name=\"twitter:label2\" content=\"Tiempo de lectura\" \/>\n\t<meta name=\"twitter:data2\" content=\"2 minutos\" \/>\n<script type=\"application\/ld+json\" class=\"yoast-schema-graph\">{\"@context\":\"https:\\\/\\\/schema.org\",\"@graph\":[{\"@type\":\"Article\",\"@id\":\"https:\\\/\\\/noticiasmercedinas.com\\\/site\\\/2026\\\/03\\\/02\\\/mercedes-sera-sede-de-la-presentacion-del-nuevo-codigo-procesal-civil-y-comercial-comentado-de-la-provincia\\\/#article\",\"isPartOf\":{\"@id\":\"https:\\\/\\\/noticiasmercedinas.com\\\/site\\\/2026\\\/03\\\/02\\\/mercedes-sera-sede-de-la-presentacion-del-nuevo-codigo-procesal-civil-y-comercial-comentado-de-la-provincia\\\/\"},\"author\":{\"name\":\"NOTICIASMERCEDINAS.COM\",\"@id\":\"https:\\\/\\\/noticiasmercedinas.com\\\/site\\\/#\\\/schema\\\/person\\\/84b59c099c28ff2e8b77d4ceec5d8063\"},\"headline\":\"Mercedes ser\u00e1 sede de la presentaci\u00f3n del nuevo C\u00f3digo Procesal Civil y Comercial Comentado de la Provincia\",\"datePublished\":\"2026-03-02T23:56:22+00:00\",\"dateModified\":\"2026-03-03T10:58:58+00:00\",\"mainEntityOfPage\":{\"@id\":\"https:\\\/\\\/noticiasmercedinas.com\\\/site\\\/2026\\\/03\\\/02\\\/mercedes-sera-sede-de-la-presentacion-del-nuevo-codigo-procesal-civil-y-comercial-comentado-de-la-provincia\\\/\"},\"wordCount\":243,\"publisher\":{\"@id\":\"https:\\\/\\\/noticiasmercedinas.com\\\/site\\\/#organization\"},\"image\":{\"@id\":\"https:\\\/\\\/noticiasmercedinas.com\\\/site\\\/2026\\\/03\\\/02\\\/mercedes-sera-sede-de-la-presentacion-del-nuevo-codigo-procesal-civil-y-comercial-comentado-de-la-provincia\\\/#primaryimage\"},\"thumbnailUrl\":\"https:\\\/\\\/noticiasmercedinas.com\\\/site\\\/wp-content\\\/uploads\\\/2022\\\/12\\\/teatroargentino-mercedes7419138870904753269.jpg\",\"keywords\":[\"codigo civil\",\"Colegio de Magistrados y Funcionarios del Departamento Judicial Mercedes\",\"teatro argentino\"],\"articleSection\":[\"Sociedad\"],\"inLanguage\":\"es\"},{\"@type\":\"WebPage\",\"@id\":\"https:\\\/\\\/noticiasmercedinas.com\\\/site\\\/2026\\\/03\\\/02\\\/mercedes-sera-sede-de-la-presentacion-del-nuevo-codigo-procesal-civil-y-comercial-comentado-de-la-provincia\\\/\",\"url\":\"https:\\\/\\\/noticiasmercedinas.com\\\/site\\\/2026\\\/03\\\/02\\\/mercedes-sera-sede-de-la-presentacion-del-nuevo-codigo-procesal-civil-y-comercial-comentado-de-la-provincia\\\/\",\"name\":\"Mercedes ser\u00e1 sede de la presentaci\u00f3n del nuevo C\u00f3digo Procesal Civil y Comercial Comentado de la Provincia\",\"isPartOf\":{\"@id\":\"https:\\\/\\\/noticiasmercedinas.com\\\/site\\\/#website\"},\"primaryImageOfPage\":{\"@id\":\"https:\\\/\\\/noticiasmercedinas.com\\\/site\\\/2026\\\/03\\\/02\\\/mercedes-sera-sede-de-la-presentacion-del-nuevo-codigo-procesal-civil-y-comercial-comentado-de-la-provincia\\\/#primaryimage\"},\"image\":{\"@id\":\"https:\\\/\\\/noticiasmercedinas.com\\\/site\\\/2026\\\/03\\\/02\\\/mercedes-sera-sede-de-la-presentacion-del-nuevo-codigo-procesal-civil-y-comercial-comentado-de-la-provincia\\\/#primaryimage\"},\"thumbnailUrl\":\"https:\\\/\\\/noticiasmercedinas.com\\\/site\\\/wp-content\\\/uploads\\\/2022\\\/12\\\/teatroargentino-mercedes7419138870904753269.jpg\",\"datePublished\":\"2026-03-02T23:56:22+00:00\",\"dateModified\":\"2026-03-03T10:58:58+00:00\",\"description\":\"El Colegio de Magistrados y Funcionarios local organiza este evento acad\u00e9mico de relevancia jur\u00eddica. La obra ofrece un an\u00e1lisis detallado de la normativa vigente y contar\u00e1 con la participaci\u00f3n de destacados especialistas.\",\"breadcrumb\":{\"@id\":\"https:\\\/\\\/noticiasmercedinas.com\\\/site\\\/2026\\\/03\\\/02\\\/mercedes-sera-sede-de-la-presentacion-del-nuevo-codigo-procesal-civil-y-comercial-comentado-de-la-provincia\\\/#breadcrumb\"},\"inLanguage\":\"es\",\"potentialAction\":[{\"@type\":\"ReadAction\",\"target\":[\"https:\\\/\\\/noticiasmercedinas.com\\\/site\\\/2026\\\/03\\\/02\\\/mercedes-sera-sede-de-la-presentacion-del-nuevo-codigo-procesal-civil-y-comercial-comentado-de-la-provincia\\\/\"]}]},{\"@type\":\"ImageObject\",\"inLanguage\":\"es\",\"@id\":\"https:\\\/\\\/noticiasmercedinas.com\\\/site\\\/2026\\\/03\\\/02\\\/mercedes-sera-sede-de-la-presentacion-del-nuevo-codigo-procesal-civil-y-comercial-comentado-de-la-provincia\\\/#primaryimage\",\"url\":\"https:\\\/\\\/noticiasmercedinas.com\\\/site\\\/wp-content\\\/uploads\\\/2022\\\/12\\\/teatroargentino-mercedes7419138870904753269.jpg\",\"contentUrl\":\"https:\\\/\\\/noticiasmercedinas.com\\\/site\\\/wp-content\\\/uploads\\\/2022\\\/12\\\/teatroargentino-mercedes7419138870904753269.jpg\",\"width\":923,\"height\":615},{\"@type\":\"BreadcrumbList\",\"@id\":\"https:\\\/\\\/noticiasmercedinas.com\\\/site\\\/2026\\\/03\\\/02\\\/mercedes-sera-sede-de-la-presentacion-del-nuevo-codigo-procesal-civil-y-comercial-comentado-de-la-provincia\\\/#breadcrumb\",\"itemListElement\":[{\"@type\":\"ListItem\",\"position\":1,\"name\":\"Portada\",\"item\":\"https:\\\/\\\/noticiasmercedinas.com\\\/site\\\/\"},{\"@type\":\"ListItem\",\"position\":2,\"name\":\"Mercedes ser\u00e1 sede de la presentaci\u00f3n del nuevo C\u00f3digo Procesal Civil y Comercial Comentado de la Provincia\"}]},{\"@type\":\"WebSite\",\"@id\":\"https:\\\/\\\/noticiasmercedinas.com\\\/site\\\/#website\",\"url\":\"https:\\\/\\\/noticiasmercedinas.com\\\/site\\\/\",\"name\":\"NOTICIASMERCEDINAS.COM\",\"description\":\"Mercedes, Buenos Aires, Argentina\",\"publisher\":{\"@id\":\"https:\\\/\\\/noticiasmercedinas.com\\\/site\\\/#organization\"},\"potentialAction\":[{\"@type\":\"SearchAction\",\"target\":{\"@type\":\"EntryPoint\",\"urlTemplate\":\"https:\\\/\\\/noticiasmercedinas.com\\\/site\\\/?s={search_term_string}\"},\"query-input\":{\"@type\":\"PropertyValueSpecification\",\"valueRequired\":true,\"valueName\":\"search_term_string\"}}],\"inLanguage\":\"es\"},{\"@type\":\"Organization\",\"@id\":\"https:\\\/\\\/noticiasmercedinas.com\\\/site\\\/#organization\",\"name\":\"NOTICIASMERCEDINAS.COM\",\"url\":\"https:\\\/\\\/noticiasmercedinas.com\\\/site\\\/\",\"logo\":{\"@type\":\"ImageObject\",\"inLanguage\":\"es\",\"@id\":\"https:\\\/\\\/noticiasmercedinas.com\\\/site\\\/#\\\/schema\\\/logo\\\/image\\\/\",\"url\":\"https:\\\/\\\/noticiasmercedinas.com\\\/site\\\/wp-content\\\/uploads\\\/2020\\\/06\\\/LOGO-512.jpg\",\"contentUrl\":\"https:\\\/\\\/noticiasmercedinas.com\\\/site\\\/wp-content\\\/uploads\\\/2020\\\/06\\\/LOGO-512.jpg\",\"width\":512,\"height\":512,\"caption\":\"NOTICIASMERCEDINAS.COM\"},\"image\":{\"@id\":\"https:\\\/\\\/noticiasmercedinas.com\\\/site\\\/#\\\/schema\\\/logo\\\/image\\\/\"},\"sameAs\":[\"https:\\\/\\\/www.facebook.com\\\/noticiasmercedinas\\\/\",\"https:\\\/\\\/x.com\\\/notmercedinas\",\"https:\\\/\\\/www.instagram.com\\\/noticiasmercedinas\\\/\"]},{\"@type\":\"Person\",\"@id\":\"https:\\\/\\\/noticiasmercedinas.com\\\/site\\\/#\\\/schema\\\/person\\\/84b59c099c28ff2e8b77d4ceec5d8063\",\"name\":\"NOTICIASMERCEDINAS.COM\",\"image\":{\"@type\":\"ImageObject\",\"inLanguage\":\"es\",\"@id\":\"https:\\\/\\\/secure.gravatar.com\\\/avatar\\\/4dfbf16b4d17945bfb6341b2d19043457132fcf478a5ee04f42e959fd8f5df0a?s=96&d=mm&r=g\",\"url\":\"https:\\\/\\\/secure.gravatar.com\\\/avatar\\\/4dfbf16b4d17945bfb6341b2d19043457132fcf478a5ee04f42e959fd8f5df0a?s=96&d=mm&r=g\",\"contentUrl\":\"https:\\\/\\\/secure.gravatar.com\\\/avatar\\\/4dfbf16b4d17945bfb6341b2d19043457132fcf478a5ee04f42e959fd8f5df0a?s=96&d=mm&r=g\",\"caption\":\"NOTICIASMERCEDINAS.COM\"},\"url\":\"https:\\\/\\\/noticiasmercedinas.com\\\/site\\\/author\\\/anonimo\\\/\"}]}<\/script>\n<!-- \/ Yoast SEO plugin. -->","yoast_head_json":{"title":"Mercedes ser\u00e1 sede de la presentaci\u00f3n del nuevo C\u00f3digo Procesal Civil y Comercial Comentado de la Provincia","description":"El Colegio de Magistrados y Funcionarios local organiza este evento acad\u00e9mico de relevancia jur\u00eddica. La obra ofrece un an\u00e1lisis detallado de la normativa vigente y contar\u00e1 con la participaci\u00f3n de destacados especialistas.","robots":{"index":"index","follow":"follow","max-snippet":"max-snippet:-1","max-image-preview":"max-image-preview:large","max-video-preview":"max-video-preview:-1"},"canonical":"https:\/\/noticiasmercedinas.com\/site\/2026\/03\/02\/mercedes-sera-sede-de-la-presentacion-del-nuevo-codigo-procesal-civil-y-comercial-comentado-de-la-provincia\/","og_locale":"es_ES","og_type":"article","og_title":"Mercedes ser\u00e1 sede de la presentaci\u00f3n del nuevo C\u00f3digo Procesal Civil y Comercial Comentado de la Provincia","og_description":"El Colegio de Magistrados y Funcionarios local organiza este evento acad\u00e9mico de relevancia jur\u00eddica. La obra ofrece un an\u00e1lisis detallado de la normativa vigente y contar\u00e1 con la participaci\u00f3n de destacados especialistas.","og_url":"https:\/\/noticiasmercedinas.com\/site\/2026\/03\/02\/mercedes-sera-sede-de-la-presentacion-del-nuevo-codigo-procesal-civil-y-comercial-comentado-de-la-provincia\/","og_site_name":"NOTICIASMERCEDINAS.COM","article_publisher":"https:\/\/www.facebook.com\/noticiasmercedinas\/","article_published_time":"2026-03-02T23:56:22+00:00","article_modified_time":"2026-03-03T10:58:58+00:00","og_image":[{"width":923,"height":615,"url":"https:\/\/noticiasmercedinas.com\/site\/wp-content\/uploads\/2022\/12\/teatroargentino-mercedes7419138870904753269.jpg","type":"image\/jpeg"}],"author":"NOTICIASMERCEDINAS.COM","twitter_card":"summary_large_image","twitter_creator":"@notmercedinas","twitter_site":"@notmercedinas","twitter_misc":{"Escrito por":"NOTICIASMERCEDINAS.COM","Tiempo de lectura":"2 minutos"},"schema":{"@context":"https:\/\/schema.org","@graph":[{"@type":"Article","@id":"https:\/\/noticiasmercedinas.com\/site\/2026\/03\/02\/mercedes-sera-sede-de-la-presentacion-del-nuevo-codigo-procesal-civil-y-comercial-comentado-de-la-provincia\/#article","isPartOf":{"@id":"https:\/\/noticiasmercedinas.com\/site\/2026\/03\/02\/mercedes-sera-sede-de-la-presentacion-del-nuevo-codigo-procesal-civil-y-comercial-comentado-de-la-provincia\/"},"author":{"name":"NOTICIASMERCEDINAS.COM","@id":"https:\/\/noticiasmercedinas.com\/site\/#\/schema\/person\/84b59c099c28ff2e8b77d4ceec5d8063"},"headline":"Mercedes ser\u00e1 sede de la presentaci\u00f3n del nuevo C\u00f3digo Procesal Civil y Comercial Comentado de la Provincia","datePublished":"2026-03-02T23:56:22+00:00","dateModified":"2026-03-03T10:58:58+00:00","mainEntityOfPage":{"@id":"https:\/\/noticiasmercedinas.com\/site\/2026\/03\/02\/mercedes-sera-sede-de-la-presentacion-del-nuevo-codigo-procesal-civil-y-comercial-comentado-de-la-provincia\/"},"wordCount":243,"publisher":{"@id":"https:\/\/noticiasmercedinas.com\/site\/#organization"},"image":{"@id":"https:\/\/noticiasmercedinas.com\/site\/2026\/03\/02\/mercedes-sera-sede-de-la-presentacion-del-nuevo-codigo-procesal-civil-y-comercial-comentado-de-la-provincia\/#primaryimage"},"thumbnailUrl":"https:\/\/noticiasmercedinas.com\/site\/wp-content\/uploads\/2022\/12\/teatroargentino-mercedes7419138870904753269.jpg","keywords":["codigo civil","Colegio de Magistrados y Funcionarios del Departamento Judicial Mercedes","teatro argentino"],"articleSection":["Sociedad"],"inLanguage":"es"},{"@type":"WebPage","@id":"https:\/\/noticiasmercedinas.com\/site\/2026\/03\/02\/mercedes-sera-sede-de-la-presentacion-del-nuevo-codigo-procesal-civil-y-comercial-comentado-de-la-provincia\/","url":"https:\/\/noticiasmercedinas.com\/site\/2026\/03\/02\/mercedes-sera-sede-de-la-presentacion-del-nuevo-codigo-procesal-civil-y-comercial-comentado-de-la-provincia\/","name":"Mercedes ser\u00e1 sede de la presentaci\u00f3n del nuevo C\u00f3digo Procesal Civil y Comercial Comentado de la Provincia","isPartOf":{"@id":"https:\/\/noticiasmercedinas.com\/site\/#website"},"primaryImageOfPage":{"@id":"https:\/\/noticiasmercedinas.com\/site\/2026\/03\/02\/mercedes-sera-sede-de-la-presentacion-del-nuevo-codigo-procesal-civil-y-comercial-comentado-de-la-provincia\/#primaryimage"},"image":{"@id":"https:\/\/noticiasmercedinas.com\/site\/2026\/03\/02\/mercedes-sera-sede-de-la-presentacion-del-nuevo-codigo-procesal-civil-y-comercial-comentado-de-la-provincia\/#primaryimage"},"thumbnailUrl":"https:\/\/noticiasmercedinas.com\/site\/wp-content\/uploads\/2022\/12\/teatroargentino-mercedes7419138870904753269.jpg","datePublished":"2026-03-02T23:56:22+00:00","dateModified":"2026-03-03T10:58:58+00:00","description":"El Colegio de Magistrados y Funcionarios local organiza este evento acad\u00e9mico de relevancia jur\u00eddica. La obra ofrece un an\u00e1lisis detallado de la normativa vigente y contar\u00e1 con la participaci\u00f3n de destacados especialistas.","breadcrumb":{"@id":"https:\/\/noticiasmercedinas.com\/site\/2026\/03\/02\/mercedes-sera-sede-de-la-presentacion-del-nuevo-codigo-procesal-civil-y-comercial-comentado-de-la-provincia\/#breadcrumb"},"inLanguage":"es","potentialAction":[{"@type":"ReadAction","target":["https:\/\/noticiasmercedinas.com\/site\/2026\/03\/02\/mercedes-sera-sede-de-la-presentacion-del-nuevo-codigo-procesal-civil-y-comercial-comentado-de-la-provincia\/"]}]},{"@type":"ImageObject","inLanguage":"es","@id":"https:\/\/noticiasmercedinas.com\/site\/2026\/03\/02\/mercedes-sera-sede-de-la-presentacion-del-nuevo-codigo-procesal-civil-y-comercial-comentado-de-la-provincia\/#primaryimage","url":"https:\/\/noticiasmercedinas.com\/site\/wp-content\/uploads\/2022\/12\/teatroargentino-mercedes7419138870904753269.jpg","contentUrl":"https:\/\/noticiasmercedinas.com\/site\/wp-content\/uploads\/2022\/12\/teatroargentino-mercedes7419138870904753269.jpg","width":923,"height":615},{"@type":"BreadcrumbList","@id":"https:\/\/noticiasmercedinas.com\/site\/2026\/03\/02\/mercedes-sera-sede-de-la-presentacion-del-nuevo-codigo-procesal-civil-y-comercial-comentado-de-la-provincia\/#breadcrumb","itemListElement":[{"@type":"ListItem","position":1,"name":"Portada","item":"https:\/\/noticiasmercedinas.com\/site\/"},{"@type":"ListItem","position":2,"name":"Mercedes ser\u00e1 sede de la presentaci\u00f3n del nuevo C\u00f3digo Procesal Civil y Comercial Comentado de la Provincia"}]},{"@type":"WebSite","@id":"https:\/\/noticiasmercedinas.com\/site\/#website","url":"https:\/\/noticiasmercedinas.com\/site\/","name":"NOTICIASMERCEDINAS.COM","description":"Mercedes, Buenos Aires, Argentina","publisher":{"@id":"https:\/\/noticiasmercedinas.com\/site\/#organization"},"potentialAction":[{"@type":"SearchAction","target":{"@type":"EntryPoint","urlTemplate":"https:\/\/noticiasmercedinas.com\/site\/?s={search_term_string}"},"query-input":{"@type":"PropertyValueSpecification","valueRequired":true,"valueName":"search_term_string"}}],"inLanguage":"es"},{"@type":"Organization","@id":"https:\/\/noticiasmercedinas.com\/site\/#organization","name":"NOTICIASMERCEDINAS.COM","url":"https:\/\/noticiasmercedinas.com\/site\/","logo":{"@type":"ImageObject","inLanguage":"es","@id":"https:\/\/noticiasmercedinas.com\/site\/#\/schema\/logo\/image\/","url":"https:\/\/noticiasmercedinas.com\/site\/wp-content\/uploads\/2020\/06\/LOGO-512.jpg","contentUrl":"https:\/\/noticiasmercedinas.com\/site\/wp-content\/uploads\/2020\/06\/LOGO-512.jpg","width":512,"height":512,"caption":"NOTICIASMERCEDINAS.COM"},"image":{"@id":"https:\/\/noticiasmercedinas.com\/site\/#\/schema\/logo\/image\/"},"sameAs":["https:\/\/www.facebook.com\/noticiasmercedinas\/","https:\/\/x.com\/notmercedinas","https:\/\/www.instagram.com\/noticiasmercedinas\/"]},{"@type":"Person","@id":"https:\/\/noticiasmercedinas.com\/site\/#\/schema\/person\/84b59c099c28ff2e8b77d4ceec5d8063","name":"NOTICIASMERCEDINAS.COM","image":{"@type":"ImageObject","inLanguage":"es","@id":"https:\/\/secure.gravatar.com\/avatar\/4dfbf16b4d17945bfb6341b2d19043457132fcf478a5ee04f42e959fd8f5df0a?s=96&d=mm&r=g","url":"https:\/\/secure.gravatar.com\/avatar\/4dfbf16b4d17945bfb6341b2d19043457132fcf478a5ee04f42e959fd8f5df0a?s=96&d=mm&r=g","contentUrl":"https:\/\/secure.gravatar.com\/avatar\/4dfbf16b4d17945bfb6341b2d19043457132fcf478a5ee04f42e959fd8f5df0a?s=96&d=mm&r=g","caption":"NOTICIASMERCEDINAS.COM"},"url":"https:\/\/noticiasmercedinas.com\/site\/author\/anonimo\/"}]}},"amp_enabled":true,"_links":{"self":[{"href":"https:\/\/noticiasmercedinas.com\/site\/wp-json\/wp\/v2\/posts\/180973","targetHints":{"allow":["GET"]}}],"collection":[{"href":"https:\/\/noticiasmercedinas.com\/site\/wp-json\/wp\/v2\/posts"}],"about":[{"href":"https:\/\/noticiasmercedinas.com\/site\/wp-json\/wp\/v2\/types\/post"}],"author":[{"embeddable":true,"href":"https:\/\/noticiasmercedinas.com\/site\/wp-json\/wp\/v2\/users\/16"}],"replies":[{"embeddable":true,"href":"https:\/\/noticiasmercedinas.com\/site\/wp-json\/wp\/v2\/comments?post=180973"}],"version-history":[{"count":2,"href":"https:\/\/noticiasmercedinas.com\/site\/wp-json\/wp\/v2\/posts\/180973\/revisions"}],"predecessor-version":[{"id":181012,"href":"https:\/\/noticiasmercedinas.com\/site\/wp-json\/wp\/v2\/posts\/180973\/revisions\/181012"}],"wp:featuredmedia":[{"embeddable":true,"href":"https:\/\/noticiasmercedinas.com\/site\/wp-json\/wp\/v2\/media\/107194"}],"wp:attachment":[{"href":"https:\/\/noticiasmercedinas.com\/site\/wp-json\/wp\/v2\/media?parent=180973"}],"wp:term":[{"taxonomy":"category","embeddable":true,"href":"https:\/\/noticiasmercedinas.com\/site\/wp-json\/wp\/v2\/categories?post=180973"},{"taxonomy":"post_tag","embeddable":true,"href":"https:\/\/noticiasmercedinas.com\/site\/wp-json\/wp\/v2\/tags?post=180973"}],"curies":[{"name":"wp","href":"https:\/\/api.w.org\/{rel}","templated":true}]}}