{"id":18120,"date":"2019-05-05T00:02:54","date_gmt":"2019-05-05T03:02:54","guid":{"rendered":"https:\/\/noticiasmercedinas.com\/site\/?p=18120"},"modified":"2019-05-05T08:27:59","modified_gmt":"2019-05-05T11:27:59","slug":"encontrar-a-jesus-en-lo-cotidiano","status":"publish","type":"post","link":"https:\/\/noticiasmercedinas.com\/site\/2019\/05\/05\/encontrar-a-jesus-en-lo-cotidiano\/","title":{"rendered":"Encontrar a Jes\u00fas en lo cotidiano"},"content":{"rendered":"<p><img loading=\"lazy\" decoding=\"async\" class=\"alignnone wp-image-18132\" src=\"https:\/\/noticiasmercedinas.com\/site\/wp-content\/uploads\/2019\/05\/94563c2e-e9fc-4407-b255-a411ad3c7583.jpg\" alt=\"\" width=\"640\" height=\"427\" srcset=\"https:\/\/noticiasmercedinas.com\/site\/wp-content\/uploads\/2019\/05\/94563c2e-e9fc-4407-b255-a411ad3c7583.jpg 424w, https:\/\/noticiasmercedinas.com\/site\/wp-content\/uploads\/2019\/05\/94563c2e-e9fc-4407-b255-a411ad3c7583-300x200.jpg 300w\" sizes=\"auto, (max-width: 640px) 100vw, 640px\" \/><\/p>\n<p>Llegamos al tercer domingo de la Pascua y se nos invita a reflexionar el Evangelio de Juan, cap\u00edtulo 21, donde nuevamente Jes\u00fas vuelve a lo cotidiano. \u00bfQu\u00e9 significa esto de \u00ablo cotidiano\u00bb? Lo de todos los d\u00edas.<\/p>\n<p>A veces pretendemos encontrar a Dios en grandes cosas, en grandes situaciones, en grandes acontecimientos.<\/p>\n<p>No siempre es f\u00e1cil reconocer que Jes\u00fas est\u00e1 cerca, cuando est\u00e1 de noche, cuando no tenemos alimentos, cuando estamos tristes.<\/p>\n<p>No es f\u00e1cil reconocer a Jes\u00fas, sin embargo El est\u00e1 siempre. Est\u00e1 siempre y est\u00e1 de tal modo siempre presente que se nos quiere manifestar con cosas sencillas, que tal vez a nosotros hasta nos desilusionan, porque esperar\u00edamos por lo menos alg\u00fan \u00abefecto especial\u00bb: olor a incienso, olor a rosas, m\u00fasica de \u00e1ngeles o algo sobrenatural. Y sin embargo Jes\u00fas se aparece, irrumpe en la vida nuestra en lo cotidiano, y nos dice algo tan de todos los d\u00edas como \u00ab\u00bftienen algo para comer?\u00bb, que es lo que le dice Jes\u00fas a los 12 que est\u00e1n reunidos y all\u00ed viene todo este di\u00e1logo que se da.<\/p>\n<p>Nos cuesta encontrar al Maestro, al Resucitado, en las cosas de todos los d\u00edas, en lo cotidiano. Nos cuesta encontrarlo y descubrirlo en una palabra, en un di\u00e1logo, en una mano extendida, en un plato de comida que se comparte&#8230; Nos cuesta&#8230;<\/p>\n<p>Lo buscamos tal vez en grandes teofan\u00edas o grandes manifestaciones, pero eso era para el Antiguo Testamento.<\/p>\n<p>Se hizo hombre para que lo reconozcamos en la peque\u00f1ez de un ni\u00f1o y desde el Jueves Santo en la fracci\u00f3n del pan, en lo cotidiano, en lo sencillo.<\/p>\n<p>Quiera Dios que tengamos ojos de ni\u00f1os, ojos sencillos, para descubrirlo en lo de todos los d\u00edas, incluso este domingo que por aqu\u00ed est\u00e1 medio lluvioso, y no s\u00e9 c\u00f3mo andar\u00e1 por sus ojos.<\/p>\n<p>Que tambi\u00e9n aqu\u00ed en la lluvia, en la serenidad, podamos encontrarlo.<\/p>\n<p>Que la Virgen Sant\u00edsima de Luj\u00e1n le conceda un buen domingo, en familia, en amigos o en soledad, pero siempre en paz con Dios.<\/p>\n","protected":false},"excerpt":{"rendered":"<p>Llegamos al tercer domingo de la Pascua y se nos invita a reflexionar el Evangelio de Juan, cap\u00edtulo 21, donde nuevamente Jes\u00fas vuelve a lo cotidiano. \u00bfQu\u00e9 significa esto de \u00ablo cotidiano\u00bb? Lo de todos los d\u00edas. A veces pretendemos encontrar a Dios en grandes cosas, en grandes situaciones, en grandes acontecimientos. No siempre es [&hellip;]<\/p>\n","protected":false},"author":23,"featured_media":18132,"comment_status":"open","ping_status":"open","sticky":false,"template":"","format":"standard","meta":{"footnotes":""},"categories":[3876],"tags":[4245,1849,4678,3879],"class_list":["post-18120","post","type-post","status-publish","format-standard","has-post-thumbnail","hentry","category-semillas-de-vida","tag-domingo","tag-familia","tag-jesus","tag-semillas-de-vida"],"yoast_head":"<!-- This site is optimized with the Yoast SEO plugin v27.5 - https:\/\/yoast.com\/product\/yoast-seo-wordpress\/ -->\n<title>Encontrar a Jes\u00fas en lo cotidiano<\/title>\n<meta name=\"robots\" content=\"index, follow, max-snippet:-1, max-image-preview:large, max-video-preview:-1\" \/>\n<link rel=\"canonical\" href=\"https:\/\/noticiasmercedinas.com\/site\/2019\/05\/05\/encontrar-a-jesus-en-lo-cotidiano\/\" \/>\n<meta property=\"og:locale\" content=\"es_ES\" \/>\n<meta property=\"og:type\" content=\"article\" \/>\n<meta property=\"og:title\" content=\"Encontrar a Jes\u00fas en lo cotidiano\" \/>\n<meta property=\"og:description\" content=\"Llegamos al tercer domingo de la Pascua y se nos invita a reflexionar el Evangelio de Juan, cap\u00edtulo 21, donde nuevamente Jes\u00fas vuelve a lo cotidiano. \u00bfQu\u00e9 significa esto de \u00ablo cotidiano\u00bb? Lo de todos los d\u00edas. A veces pretendemos encontrar a Dios en grandes cosas, en grandes situaciones, en grandes acontecimientos. No siempre es [&hellip;]\" \/>\n<meta property=\"og:url\" content=\"https:\/\/noticiasmercedinas.com\/site\/2019\/05\/05\/encontrar-a-jesus-en-lo-cotidiano\/\" \/>\n<meta property=\"og:site_name\" content=\"NOTICIASMERCEDINAS.COM\" \/>\n<meta property=\"article:publisher\" content=\"https:\/\/www.facebook.com\/noticiasmercedinas\/\" \/>\n<meta property=\"article:published_time\" content=\"2019-05-05T03:02:54+00:00\" \/>\n<meta property=\"article:modified_time\" content=\"2019-05-05T11:27:59+00:00\" \/>\n<meta property=\"og:image\" content=\"https:\/\/noticiasmercedinas.com\/site\/wp-content\/uploads\/2019\/05\/94563c2e-e9fc-4407-b255-a411ad3c7583.jpg\" \/>\n\t<meta property=\"og:image:width\" content=\"424\" \/>\n\t<meta property=\"og:image:height\" content=\"283\" \/>\n\t<meta property=\"og:image:type\" content=\"image\/jpeg\" \/>\n<meta name=\"author\" content=\"P. H\u00e9ctor Joaqu\u00edn\" \/>\n<meta name=\"twitter:card\" content=\"summary_large_image\" \/>\n<meta name=\"twitter:creator\" content=\"@notmercedinas\" \/>\n<meta name=\"twitter:site\" content=\"@notmercedinas\" \/>\n<meta name=\"twitter:label1\" content=\"Escrito por\" \/>\n\t<meta name=\"twitter:data1\" content=\"P. H\u00e9ctor Joaqu\u00edn\" \/>\n\t<meta name=\"twitter:label2\" content=\"Tiempo de lectura\" \/>\n\t<meta name=\"twitter:data2\" content=\"2 minutos\" \/>\n<script type=\"application\/ld+json\" class=\"yoast-schema-graph\">{\"@context\":\"https:\\\/\\\/schema.org\",\"@graph\":[{\"@type\":\"Article\",\"@id\":\"https:\\\/\\\/noticiasmercedinas.com\\\/site\\\/2019\\\/05\\\/05\\\/encontrar-a-jesus-en-lo-cotidiano\\\/#article\",\"isPartOf\":{\"@id\":\"https:\\\/\\\/noticiasmercedinas.com\\\/site\\\/2019\\\/05\\\/05\\\/encontrar-a-jesus-en-lo-cotidiano\\\/\"},\"author\":{\"name\":\"P. H\u00e9ctor Joaqu\u00edn\",\"@id\":\"https:\\\/\\\/noticiasmercedinas.com\\\/site\\\/#\\\/schema\\\/person\\\/fa7a2dad804ceee0906a2c148245b4c4\"},\"headline\":\"Encontrar a Jes\u00fas en lo cotidiano\",\"datePublished\":\"2019-05-05T03:02:54+00:00\",\"dateModified\":\"2019-05-05T11:27:59+00:00\",\"mainEntityOfPage\":{\"@id\":\"https:\\\/\\\/noticiasmercedinas.com\\\/site\\\/2019\\\/05\\\/05\\\/encontrar-a-jesus-en-lo-cotidiano\\\/\"},\"wordCount\":367,\"commentCount\":0,\"publisher\":{\"@id\":\"https:\\\/\\\/noticiasmercedinas.com\\\/site\\\/#organization\"},\"image\":{\"@id\":\"https:\\\/\\\/noticiasmercedinas.com\\\/site\\\/2019\\\/05\\\/05\\\/encontrar-a-jesus-en-lo-cotidiano\\\/#primaryimage\"},\"thumbnailUrl\":\"https:\\\/\\\/noticiasmercedinas.com\\\/site\\\/wp-content\\\/uploads\\\/2019\\\/05\\\/94563c2e-e9fc-4407-b255-a411ad3c7583.jpg\",\"keywords\":[\"domingo\",\"familia\",\"jesus\",\"semillas de vida\"],\"articleSection\":[\"Semillas de vida\"],\"inLanguage\":\"es\",\"potentialAction\":[{\"@type\":\"CommentAction\",\"name\":\"Comment\",\"target\":[\"https:\\\/\\\/noticiasmercedinas.com\\\/site\\\/2019\\\/05\\\/05\\\/encontrar-a-jesus-en-lo-cotidiano\\\/#respond\"]}]},{\"@type\":\"WebPage\",\"@id\":\"https:\\\/\\\/noticiasmercedinas.com\\\/site\\\/2019\\\/05\\\/05\\\/encontrar-a-jesus-en-lo-cotidiano\\\/\",\"url\":\"https:\\\/\\\/noticiasmercedinas.com\\\/site\\\/2019\\\/05\\\/05\\\/encontrar-a-jesus-en-lo-cotidiano\\\/\",\"name\":\"Encontrar a Jes\u00fas en lo cotidiano\",\"isPartOf\":{\"@id\":\"https:\\\/\\\/noticiasmercedinas.com\\\/site\\\/#website\"},\"primaryImageOfPage\":{\"@id\":\"https:\\\/\\\/noticiasmercedinas.com\\\/site\\\/2019\\\/05\\\/05\\\/encontrar-a-jesus-en-lo-cotidiano\\\/#primaryimage\"},\"image\":{\"@id\":\"https:\\\/\\\/noticiasmercedinas.com\\\/site\\\/2019\\\/05\\\/05\\\/encontrar-a-jesus-en-lo-cotidiano\\\/#primaryimage\"},\"thumbnailUrl\":\"https:\\\/\\\/noticiasmercedinas.com\\\/site\\\/wp-content\\\/uploads\\\/2019\\\/05\\\/94563c2e-e9fc-4407-b255-a411ad3c7583.jpg\",\"datePublished\":\"2019-05-05T03:02:54+00:00\",\"dateModified\":\"2019-05-05T11:27:59+00:00\",\"breadcrumb\":{\"@id\":\"https:\\\/\\\/noticiasmercedinas.com\\\/site\\\/2019\\\/05\\\/05\\\/encontrar-a-jesus-en-lo-cotidiano\\\/#breadcrumb\"},\"inLanguage\":\"es\",\"potentialAction\":[{\"@type\":\"ReadAction\",\"target\":[\"https:\\\/\\\/noticiasmercedinas.com\\\/site\\\/2019\\\/05\\\/05\\\/encontrar-a-jesus-en-lo-cotidiano\\\/\"]}]},{\"@type\":\"ImageObject\",\"inLanguage\":\"es\",\"@id\":\"https:\\\/\\\/noticiasmercedinas.com\\\/site\\\/2019\\\/05\\\/05\\\/encontrar-a-jesus-en-lo-cotidiano\\\/#primaryimage\",\"url\":\"https:\\\/\\\/noticiasmercedinas.com\\\/site\\\/wp-content\\\/uploads\\\/2019\\\/05\\\/94563c2e-e9fc-4407-b255-a411ad3c7583.jpg\",\"contentUrl\":\"https:\\\/\\\/noticiasmercedinas.com\\\/site\\\/wp-content\\\/uploads\\\/2019\\\/05\\\/94563c2e-e9fc-4407-b255-a411ad3c7583.jpg\",\"width\":424,\"height\":283},{\"@type\":\"BreadcrumbList\",\"@id\":\"https:\\\/\\\/noticiasmercedinas.com\\\/site\\\/2019\\\/05\\\/05\\\/encontrar-a-jesus-en-lo-cotidiano\\\/#breadcrumb\",\"itemListElement\":[{\"@type\":\"ListItem\",\"position\":1,\"name\":\"Portada\",\"item\":\"https:\\\/\\\/noticiasmercedinas.com\\\/site\\\/\"},{\"@type\":\"ListItem\",\"position\":2,\"name\":\"Encontrar a Jes\u00fas en lo cotidiano\"}]},{\"@type\":\"WebSite\",\"@id\":\"https:\\\/\\\/noticiasmercedinas.com\\\/site\\\/#website\",\"url\":\"https:\\\/\\\/noticiasmercedinas.com\\\/site\\\/\",\"name\":\"NOTICIASMERCEDINAS.COM\",\"description\":\"Mercedes, Buenos Aires, Argentina\",\"publisher\":{\"@id\":\"https:\\\/\\\/noticiasmercedinas.com\\\/site\\\/#organization\"},\"potentialAction\":[{\"@type\":\"SearchAction\",\"target\":{\"@type\":\"EntryPoint\",\"urlTemplate\":\"https:\\\/\\\/noticiasmercedinas.com\\\/site\\\/?s={search_term_string}\"},\"query-input\":{\"@type\":\"PropertyValueSpecification\",\"valueRequired\":true,\"valueName\":\"search_term_string\"}}],\"inLanguage\":\"es\"},{\"@type\":\"Organization\",\"@id\":\"https:\\\/\\\/noticiasmercedinas.com\\\/site\\\/#organization\",\"name\":\"NOTICIASMERCEDINAS.COM\",\"url\":\"https:\\\/\\\/noticiasmercedinas.com\\\/site\\\/\",\"logo\":{\"@type\":\"ImageObject\",\"inLanguage\":\"es\",\"@id\":\"https:\\\/\\\/noticiasmercedinas.com\\\/site\\\/#\\\/schema\\\/logo\\\/image\\\/\",\"url\":\"https:\\\/\\\/noticiasmercedinas.com\\\/site\\\/wp-content\\\/uploads\\\/2020\\\/06\\\/LOGO-512.jpg\",\"contentUrl\":\"https:\\\/\\\/noticiasmercedinas.com\\\/site\\\/wp-content\\\/uploads\\\/2020\\\/06\\\/LOGO-512.jpg\",\"width\":512,\"height\":512,\"caption\":\"NOTICIASMERCEDINAS.COM\"},\"image\":{\"@id\":\"https:\\\/\\\/noticiasmercedinas.com\\\/site\\\/#\\\/schema\\\/logo\\\/image\\\/\"},\"sameAs\":[\"https:\\\/\\\/www.facebook.com\\\/noticiasmercedinas\\\/\",\"https:\\\/\\\/x.com\\\/notmercedinas\",\"https:\\\/\\\/www.instagram.com\\\/noticiasmercedinas\\\/\"]},{\"@type\":\"Person\",\"@id\":\"https:\\\/\\\/noticiasmercedinas.com\\\/site\\\/#\\\/schema\\\/person\\\/fa7a2dad804ceee0906a2c148245b4c4\",\"name\":\"P. H\u00e9ctor Joaqu\u00edn\",\"image\":{\"@type\":\"ImageObject\",\"inLanguage\":\"es\",\"@id\":\"https:\\\/\\\/secure.gravatar.com\\\/avatar\\\/fc990d0c6aaa5e2392b464cdcac996d997f9584e171f3aa7796a8414f18ec701?s=96&d=mm&r=g\",\"url\":\"https:\\\/\\\/secure.gravatar.com\\\/avatar\\\/fc990d0c6aaa5e2392b464cdcac996d997f9584e171f3aa7796a8414f18ec701?s=96&d=mm&r=g\",\"contentUrl\":\"https:\\\/\\\/secure.gravatar.com\\\/avatar\\\/fc990d0c6aaa5e2392b464cdcac996d997f9584e171f3aa7796a8414f18ec701?s=96&d=mm&r=g\",\"caption\":\"P. H\u00e9ctor Joaqu\u00edn\"},\"url\":\"https:\\\/\\\/noticiasmercedinas.com\\\/site\\\/author\\\/p-carlos-joaquin\\\/\"}]}<\/script>\n<!-- \/ Yoast SEO plugin. -->","yoast_head_json":{"title":"Encontrar a Jes\u00fas en lo cotidiano","robots":{"index":"index","follow":"follow","max-snippet":"max-snippet:-1","max-image-preview":"max-image-preview:large","max-video-preview":"max-video-preview:-1"},"canonical":"https:\/\/noticiasmercedinas.com\/site\/2019\/05\/05\/encontrar-a-jesus-en-lo-cotidiano\/","og_locale":"es_ES","og_type":"article","og_title":"Encontrar a Jes\u00fas en lo cotidiano","og_description":"Llegamos al tercer domingo de la Pascua y se nos invita a reflexionar el Evangelio de Juan, cap\u00edtulo 21, donde nuevamente Jes\u00fas vuelve a lo cotidiano. \u00bfQu\u00e9 significa esto de \u00ablo cotidiano\u00bb? Lo de todos los d\u00edas. A veces pretendemos encontrar a Dios en grandes cosas, en grandes situaciones, en grandes acontecimientos. No siempre es [&hellip;]","og_url":"https:\/\/noticiasmercedinas.com\/site\/2019\/05\/05\/encontrar-a-jesus-en-lo-cotidiano\/","og_site_name":"NOTICIASMERCEDINAS.COM","article_publisher":"https:\/\/www.facebook.com\/noticiasmercedinas\/","article_published_time":"2019-05-05T03:02:54+00:00","article_modified_time":"2019-05-05T11:27:59+00:00","og_image":[{"width":424,"height":283,"url":"https:\/\/noticiasmercedinas.com\/site\/wp-content\/uploads\/2019\/05\/94563c2e-e9fc-4407-b255-a411ad3c7583.jpg","type":"image\/jpeg"}],"author":"P. H\u00e9ctor Joaqu\u00edn","twitter_card":"summary_large_image","twitter_creator":"@notmercedinas","twitter_site":"@notmercedinas","twitter_misc":{"Escrito por":"P. H\u00e9ctor Joaqu\u00edn","Tiempo de lectura":"2 minutos"},"schema":{"@context":"https:\/\/schema.org","@graph":[{"@type":"Article","@id":"https:\/\/noticiasmercedinas.com\/site\/2019\/05\/05\/encontrar-a-jesus-en-lo-cotidiano\/#article","isPartOf":{"@id":"https:\/\/noticiasmercedinas.com\/site\/2019\/05\/05\/encontrar-a-jesus-en-lo-cotidiano\/"},"author":{"name":"P. H\u00e9ctor Joaqu\u00edn","@id":"https:\/\/noticiasmercedinas.com\/site\/#\/schema\/person\/fa7a2dad804ceee0906a2c148245b4c4"},"headline":"Encontrar a Jes\u00fas en lo cotidiano","datePublished":"2019-05-05T03:02:54+00:00","dateModified":"2019-05-05T11:27:59+00:00","mainEntityOfPage":{"@id":"https:\/\/noticiasmercedinas.com\/site\/2019\/05\/05\/encontrar-a-jesus-en-lo-cotidiano\/"},"wordCount":367,"commentCount":0,"publisher":{"@id":"https:\/\/noticiasmercedinas.com\/site\/#organization"},"image":{"@id":"https:\/\/noticiasmercedinas.com\/site\/2019\/05\/05\/encontrar-a-jesus-en-lo-cotidiano\/#primaryimage"},"thumbnailUrl":"https:\/\/noticiasmercedinas.com\/site\/wp-content\/uploads\/2019\/05\/94563c2e-e9fc-4407-b255-a411ad3c7583.jpg","keywords":["domingo","familia","jesus","semillas de vida"],"articleSection":["Semillas de vida"],"inLanguage":"es","potentialAction":[{"@type":"CommentAction","name":"Comment","target":["https:\/\/noticiasmercedinas.com\/site\/2019\/05\/05\/encontrar-a-jesus-en-lo-cotidiano\/#respond"]}]},{"@type":"WebPage","@id":"https:\/\/noticiasmercedinas.com\/site\/2019\/05\/05\/encontrar-a-jesus-en-lo-cotidiano\/","url":"https:\/\/noticiasmercedinas.com\/site\/2019\/05\/05\/encontrar-a-jesus-en-lo-cotidiano\/","name":"Encontrar a Jes\u00fas en lo cotidiano","isPartOf":{"@id":"https:\/\/noticiasmercedinas.com\/site\/#website"},"primaryImageOfPage":{"@id":"https:\/\/noticiasmercedinas.com\/site\/2019\/05\/05\/encontrar-a-jesus-en-lo-cotidiano\/#primaryimage"},"image":{"@id":"https:\/\/noticiasmercedinas.com\/site\/2019\/05\/05\/encontrar-a-jesus-en-lo-cotidiano\/#primaryimage"},"thumbnailUrl":"https:\/\/noticiasmercedinas.com\/site\/wp-content\/uploads\/2019\/05\/94563c2e-e9fc-4407-b255-a411ad3c7583.jpg","datePublished":"2019-05-05T03:02:54+00:00","dateModified":"2019-05-05T11:27:59+00:00","breadcrumb":{"@id":"https:\/\/noticiasmercedinas.com\/site\/2019\/05\/05\/encontrar-a-jesus-en-lo-cotidiano\/#breadcrumb"},"inLanguage":"es","potentialAction":[{"@type":"ReadAction","target":["https:\/\/noticiasmercedinas.com\/site\/2019\/05\/05\/encontrar-a-jesus-en-lo-cotidiano\/"]}]},{"@type":"ImageObject","inLanguage":"es","@id":"https:\/\/noticiasmercedinas.com\/site\/2019\/05\/05\/encontrar-a-jesus-en-lo-cotidiano\/#primaryimage","url":"https:\/\/noticiasmercedinas.com\/site\/wp-content\/uploads\/2019\/05\/94563c2e-e9fc-4407-b255-a411ad3c7583.jpg","contentUrl":"https:\/\/noticiasmercedinas.com\/site\/wp-content\/uploads\/2019\/05\/94563c2e-e9fc-4407-b255-a411ad3c7583.jpg","width":424,"height":283},{"@type":"BreadcrumbList","@id":"https:\/\/noticiasmercedinas.com\/site\/2019\/05\/05\/encontrar-a-jesus-en-lo-cotidiano\/#breadcrumb","itemListElement":[{"@type":"ListItem","position":1,"name":"Portada","item":"https:\/\/noticiasmercedinas.com\/site\/"},{"@type":"ListItem","position":2,"name":"Encontrar a Jes\u00fas en lo cotidiano"}]},{"@type":"WebSite","@id":"https:\/\/noticiasmercedinas.com\/site\/#website","url":"https:\/\/noticiasmercedinas.com\/site\/","name":"NOTICIASMERCEDINAS.COM","description":"Mercedes, Buenos Aires, Argentina","publisher":{"@id":"https:\/\/noticiasmercedinas.com\/site\/#organization"},"potentialAction":[{"@type":"SearchAction","target":{"@type":"EntryPoint","urlTemplate":"https:\/\/noticiasmercedinas.com\/site\/?s={search_term_string}"},"query-input":{"@type":"PropertyValueSpecification","valueRequired":true,"valueName":"search_term_string"}}],"inLanguage":"es"},{"@type":"Organization","@id":"https:\/\/noticiasmercedinas.com\/site\/#organization","name":"NOTICIASMERCEDINAS.COM","url":"https:\/\/noticiasmercedinas.com\/site\/","logo":{"@type":"ImageObject","inLanguage":"es","@id":"https:\/\/noticiasmercedinas.com\/site\/#\/schema\/logo\/image\/","url":"https:\/\/noticiasmercedinas.com\/site\/wp-content\/uploads\/2020\/06\/LOGO-512.jpg","contentUrl":"https:\/\/noticiasmercedinas.com\/site\/wp-content\/uploads\/2020\/06\/LOGO-512.jpg","width":512,"height":512,"caption":"NOTICIASMERCEDINAS.COM"},"image":{"@id":"https:\/\/noticiasmercedinas.com\/site\/#\/schema\/logo\/image\/"},"sameAs":["https:\/\/www.facebook.com\/noticiasmercedinas\/","https:\/\/x.com\/notmercedinas","https:\/\/www.instagram.com\/noticiasmercedinas\/"]},{"@type":"Person","@id":"https:\/\/noticiasmercedinas.com\/site\/#\/schema\/person\/fa7a2dad804ceee0906a2c148245b4c4","name":"P. H\u00e9ctor Joaqu\u00edn","image":{"@type":"ImageObject","inLanguage":"es","@id":"https:\/\/secure.gravatar.com\/avatar\/fc990d0c6aaa5e2392b464cdcac996d997f9584e171f3aa7796a8414f18ec701?s=96&d=mm&r=g","url":"https:\/\/secure.gravatar.com\/avatar\/fc990d0c6aaa5e2392b464cdcac996d997f9584e171f3aa7796a8414f18ec701?s=96&d=mm&r=g","contentUrl":"https:\/\/secure.gravatar.com\/avatar\/fc990d0c6aaa5e2392b464cdcac996d997f9584e171f3aa7796a8414f18ec701?s=96&d=mm&r=g","caption":"P. H\u00e9ctor Joaqu\u00edn"},"url":"https:\/\/noticiasmercedinas.com\/site\/author\/p-carlos-joaquin\/"}]}},"amp_enabled":true,"_links":{"self":[{"href":"https:\/\/noticiasmercedinas.com\/site\/wp-json\/wp\/v2\/posts\/18120","targetHints":{"allow":["GET"]}}],"collection":[{"href":"https:\/\/noticiasmercedinas.com\/site\/wp-json\/wp\/v2\/posts"}],"about":[{"href":"https:\/\/noticiasmercedinas.com\/site\/wp-json\/wp\/v2\/types\/post"}],"author":[{"embeddable":true,"href":"https:\/\/noticiasmercedinas.com\/site\/wp-json\/wp\/v2\/users\/23"}],"replies":[{"embeddable":true,"href":"https:\/\/noticiasmercedinas.com\/site\/wp-json\/wp\/v2\/comments?post=18120"}],"version-history":[{"count":1,"href":"https:\/\/noticiasmercedinas.com\/site\/wp-json\/wp\/v2\/posts\/18120\/revisions"}],"predecessor-version":[{"id":18133,"href":"https:\/\/noticiasmercedinas.com\/site\/wp-json\/wp\/v2\/posts\/18120\/revisions\/18133"}],"wp:featuredmedia":[{"embeddable":true,"href":"https:\/\/noticiasmercedinas.com\/site\/wp-json\/wp\/v2\/media\/18132"}],"wp:attachment":[{"href":"https:\/\/noticiasmercedinas.com\/site\/wp-json\/wp\/v2\/media?parent=18120"}],"wp:term":[{"taxonomy":"category","embeddable":true,"href":"https:\/\/noticiasmercedinas.com\/site\/wp-json\/wp\/v2\/categories?post=18120"},{"taxonomy":"post_tag","embeddable":true,"href":"https:\/\/noticiasmercedinas.com\/site\/wp-json\/wp\/v2\/tags?post=18120"}],"curies":[{"name":"wp","href":"https:\/\/api.w.org\/{rel}","templated":true}]}}