{"id":181750,"date":"2026-03-12T07:54:22","date_gmt":"2026-03-12T10:54:22","guid":{"rendered":"https:\/\/noticiasmercedinas.com\/site\/?p=181750"},"modified":"2026-03-12T09:25:50","modified_gmt":"2026-03-12T12:25:50","slug":"la-ciudad-redescubre-su-legado-irlandes-con-una-edicion-especial-de-mercedes-misteriosa","status":"publish","type":"post","link":"https:\/\/noticiasmercedinas.com\/site\/2026\/03\/12\/la-ciudad-redescubre-su-legado-irlandes-con-una-edicion-especial-de-mercedes-misteriosa\/","title":{"rendered":"La ciudad redescubre su legado irland\u00e9s con una edici\u00f3n especial de \u00abMercedes Misteriosa\u00bb"},"content":{"rendered":"<p><img loading=\"lazy\" decoding=\"async\" class=\"alignnone size-full wp-image-181751\" src=\"https:\/\/noticiasmercedinas.com\/site\/wp-content\/uploads\/2026\/03\/mm.jpg\" alt=\"\" width=\"1100\" height=\"697\" srcset=\"https:\/\/noticiasmercedinas.com\/site\/wp-content\/uploads\/2026\/03\/mm.jpg 1100w, https:\/\/noticiasmercedinas.com\/site\/wp-content\/uploads\/2026\/03\/mm-300x190.jpg 300w, https:\/\/noticiasmercedinas.com\/site\/wp-content\/uploads\/2026\/03\/mm-1024x649.jpg 1024w, https:\/\/noticiasmercedinas.com\/site\/wp-content\/uploads\/2026\/03\/mm-768x487.jpg 768w, https:\/\/noticiasmercedinas.com\/site\/wp-content\/uploads\/2026\/03\/mm-640x406.jpg 640w, https:\/\/noticiasmercedinas.com\/site\/wp-content\/uploads\/2026\/03\/mm-681x432.jpg 681w\" sizes=\"auto, (max-width: 1100px) 100vw, 1100px\" \/><\/p>\n<p>La Direcci\u00f3n de Turismo local anunci\u00f3 una nueva entrega del ciclo \u00abMercedes Misteriosa\u00bb, esta vez con una edici\u00f3n especial dedicada a la inmigraci\u00f3n irlandesa.<\/p>\n<p>La actividad, que busca poner en valor las huellas culturales y arquitect\u00f3nicas de los pioneros celtas en la ciudad, se llevar\u00e1 a cabo el pr\u00f3ximo domingo 15 de marzo a partir de las 18:30 horas.<\/p>\n<p>El punto de encuentro ser\u00e1 la Plaza San Luis, desde donde se iniciar\u00e1 un itinerario dise\u00f1ado para observar la ciudad con una mirada hist\u00f3rica.<\/p>\n<p>El recorrido contempla la visita a diversas propiedades de arquitectura celta y, como hito principal, el hist\u00f3rico templo de la comunidad irlandesa, pieza fundamental del patrimonio religioso y social mercedino.<\/p>\n<p>\u00abLa propuesta busca que tanto vecinos como visitantes puedan descubrir los relatos ocultos detr\u00e1s de las fachadas y los templos que forjaron la identidad de nuestra comunidad\u00bb, se\u00f1alaron.<\/p>\n<p>El evento es de car\u00e1cter libre y gratuito, aunque debido a la naturaleza del recorrido y para garantizar una experiencia de calidad, los cupos son limitados.<\/p>\n<p>Los interesados en participar deber\u00e1n realizar una inscripci\u00f3n previa comunic\u00e1ndose por v\u00eda telef\u00f3nica o WhatsApp al 2324-561873.<\/p>\n<p>Esta iniciativa se suma a la agenda cultural de Mercedes, consolidando al turismo hist\u00f3rico como uno de los ejes principales para el desarrollo de la identidad local y el esparcimiento ciudadano durante el mes de marzo.<\/p>\n<p><strong>Pura Feria en La Trocha<\/strong><br \/>\nPor \u00faltimo, vale comentar que desde el grupo de feriantes que integra \u00abPura Feria\u00bb anunciaron que este s\u00e1bado 14 de marzo estar\u00e1n en La Trocha desde las 19 hora, en la fiesta de San Patricio. \u00abLos esperamos a todos\u00bb, dijeron<\/p>\n","protected":false},"excerpt":{"rendered":"<p>\u25a0 En el marco de las celebraciones por San Patricio, la propuesta tur\u00edstica invita a un recorrido gratuito por la arquitectura celta y el hist\u00f3rico templo de la comunidad este domingo 15 de marzo.<\/p>\n","protected":false},"author":16,"featured_media":181751,"comment_status":"closed","ping_status":"closed","sticky":false,"template":"","format":"standard","meta":{"footnotes":""},"categories":[3,20734],"tags":[19817,1751,33],"class_list":["post-181750","post","type-post","status-publish","format-standard","has-post-thumbnail","hentry","category-sociedad","category-ultimo-momento","tag-mercedes-misteriosa","tag-san-patricio","tag-turismo"],"yoast_head":"<!-- This site is optimized with the Yoast SEO plugin v27.4 - https:\/\/yoast.com\/product\/yoast-seo-wordpress\/ -->\n<title>La ciudad redescubre su legado irland\u00e9s con una edici\u00f3n especial de &quot;Mercedes Misteriosa&quot;<\/title>\n<meta name=\"description\" content=\"En el marco de las celebraciones por San Patricio, la propuesta tur\u00edstica invita a un recorrido gratuito por la arquitectura celta y el hist\u00f3rico templo de la comunidad este domingo 15 de marzo.\" \/>\n<meta name=\"robots\" content=\"index, follow, max-snippet:-1, max-image-preview:large, max-video-preview:-1\" \/>\n<link rel=\"canonical\" href=\"https:\/\/noticiasmercedinas.com\/site\/2026\/03\/12\/la-ciudad-redescubre-su-legado-irlandes-con-una-edicion-especial-de-mercedes-misteriosa\/\" \/>\n<meta property=\"og:locale\" content=\"es_ES\" \/>\n<meta property=\"og:type\" content=\"article\" \/>\n<meta property=\"og:title\" content=\"La ciudad redescubre su legado irland\u00e9s con una edici\u00f3n especial de &quot;Mercedes Misteriosa&quot;\" \/>\n<meta property=\"og:description\" content=\"En el marco de las celebraciones por San Patricio, la propuesta tur\u00edstica invita a un recorrido gratuito por la arquitectura celta y el hist\u00f3rico templo de la comunidad este domingo 15 de marzo.\" \/>\n<meta property=\"og:url\" content=\"https:\/\/noticiasmercedinas.com\/site\/2026\/03\/12\/la-ciudad-redescubre-su-legado-irlandes-con-una-edicion-especial-de-mercedes-misteriosa\/\" \/>\n<meta property=\"og:site_name\" content=\"NOTICIASMERCEDINAS.COM\" \/>\n<meta property=\"article:publisher\" content=\"https:\/\/www.facebook.com\/noticiasmercedinas\/\" \/>\n<meta property=\"article:published_time\" content=\"2026-03-12T10:54:22+00:00\" \/>\n<meta property=\"article:modified_time\" content=\"2026-03-12T12:25:50+00:00\" \/>\n<meta property=\"og:image\" content=\"https:\/\/noticiasmercedinas.com\/site\/wp-content\/uploads\/2026\/03\/mm.jpg\" \/>\n\t<meta property=\"og:image:width\" content=\"1100\" \/>\n\t<meta property=\"og:image:height\" content=\"697\" \/>\n\t<meta property=\"og:image:type\" content=\"image\/jpeg\" \/>\n<meta name=\"author\" content=\"NOTICIASMERCEDINAS.COM\" \/>\n<meta name=\"twitter:card\" content=\"summary_large_image\" \/>\n<meta name=\"twitter:creator\" content=\"@notmercedinas\" \/>\n<meta name=\"twitter:site\" content=\"@notmercedinas\" \/>\n<meta name=\"twitter:label1\" content=\"Escrito por\" \/>\n\t<meta name=\"twitter:data1\" content=\"NOTICIASMERCEDINAS.COM\" \/>\n\t<meta name=\"twitter:label2\" content=\"Tiempo de lectura\" \/>\n\t<meta name=\"twitter:data2\" content=\"2 minutos\" \/>\n<script type=\"application\/ld+json\" class=\"yoast-schema-graph\">{\"@context\":\"https:\\\/\\\/schema.org\",\"@graph\":[{\"@type\":\"Article\",\"@id\":\"https:\\\/\\\/noticiasmercedinas.com\\\/site\\\/2026\\\/03\\\/12\\\/la-ciudad-redescubre-su-legado-irlandes-con-una-edicion-especial-de-mercedes-misteriosa\\\/#article\",\"isPartOf\":{\"@id\":\"https:\\\/\\\/noticiasmercedinas.com\\\/site\\\/2026\\\/03\\\/12\\\/la-ciudad-redescubre-su-legado-irlandes-con-una-edicion-especial-de-mercedes-misteriosa\\\/\"},\"author\":{\"name\":\"NOTICIASMERCEDINAS.COM\",\"@id\":\"https:\\\/\\\/noticiasmercedinas.com\\\/site\\\/#\\\/schema\\\/person\\\/84b59c099c28ff2e8b77d4ceec5d8063\"},\"headline\":\"La ciudad redescubre su legado irland\u00e9s con una edici\u00f3n especial de \u00abMercedes Misteriosa\u00bb\",\"datePublished\":\"2026-03-12T10:54:22+00:00\",\"dateModified\":\"2026-03-12T12:25:50+00:00\",\"mainEntityOfPage\":{\"@id\":\"https:\\\/\\\/noticiasmercedinas.com\\\/site\\\/2026\\\/03\\\/12\\\/la-ciudad-redescubre-su-legado-irlandes-con-una-edicion-especial-de-mercedes-misteriosa\\\/\"},\"wordCount\":295,\"publisher\":{\"@id\":\"https:\\\/\\\/noticiasmercedinas.com\\\/site\\\/#organization\"},\"image\":{\"@id\":\"https:\\\/\\\/noticiasmercedinas.com\\\/site\\\/2026\\\/03\\\/12\\\/la-ciudad-redescubre-su-legado-irlandes-con-una-edicion-especial-de-mercedes-misteriosa\\\/#primaryimage\"},\"thumbnailUrl\":\"https:\\\/\\\/noticiasmercedinas.com\\\/site\\\/wp-content\\\/uploads\\\/2026\\\/03\\\/mm.jpg\",\"keywords\":[\"mercedes misteriosa\",\"san patricio\",\"turismo\"],\"articleSection\":[\"Sociedad\",\"Ultimo momento\"],\"inLanguage\":\"es\"},{\"@type\":\"WebPage\",\"@id\":\"https:\\\/\\\/noticiasmercedinas.com\\\/site\\\/2026\\\/03\\\/12\\\/la-ciudad-redescubre-su-legado-irlandes-con-una-edicion-especial-de-mercedes-misteriosa\\\/\",\"url\":\"https:\\\/\\\/noticiasmercedinas.com\\\/site\\\/2026\\\/03\\\/12\\\/la-ciudad-redescubre-su-legado-irlandes-con-una-edicion-especial-de-mercedes-misteriosa\\\/\",\"name\":\"La ciudad redescubre su legado irland\u00e9s con una edici\u00f3n especial de \\\"Mercedes Misteriosa\\\"\",\"isPartOf\":{\"@id\":\"https:\\\/\\\/noticiasmercedinas.com\\\/site\\\/#website\"},\"primaryImageOfPage\":{\"@id\":\"https:\\\/\\\/noticiasmercedinas.com\\\/site\\\/2026\\\/03\\\/12\\\/la-ciudad-redescubre-su-legado-irlandes-con-una-edicion-especial-de-mercedes-misteriosa\\\/#primaryimage\"},\"image\":{\"@id\":\"https:\\\/\\\/noticiasmercedinas.com\\\/site\\\/2026\\\/03\\\/12\\\/la-ciudad-redescubre-su-legado-irlandes-con-una-edicion-especial-de-mercedes-misteriosa\\\/#primaryimage\"},\"thumbnailUrl\":\"https:\\\/\\\/noticiasmercedinas.com\\\/site\\\/wp-content\\\/uploads\\\/2026\\\/03\\\/mm.jpg\",\"datePublished\":\"2026-03-12T10:54:22+00:00\",\"dateModified\":\"2026-03-12T12:25:50+00:00\",\"description\":\"En el marco de las celebraciones por San Patricio, la propuesta tur\u00edstica invita a un recorrido gratuito por la arquitectura celta y el hist\u00f3rico templo de la comunidad este domingo 15 de marzo.\",\"breadcrumb\":{\"@id\":\"https:\\\/\\\/noticiasmercedinas.com\\\/site\\\/2026\\\/03\\\/12\\\/la-ciudad-redescubre-su-legado-irlandes-con-una-edicion-especial-de-mercedes-misteriosa\\\/#breadcrumb\"},\"inLanguage\":\"es\",\"potentialAction\":[{\"@type\":\"ReadAction\",\"target\":[\"https:\\\/\\\/noticiasmercedinas.com\\\/site\\\/2026\\\/03\\\/12\\\/la-ciudad-redescubre-su-legado-irlandes-con-una-edicion-especial-de-mercedes-misteriosa\\\/\"]}]},{\"@type\":\"ImageObject\",\"inLanguage\":\"es\",\"@id\":\"https:\\\/\\\/noticiasmercedinas.com\\\/site\\\/2026\\\/03\\\/12\\\/la-ciudad-redescubre-su-legado-irlandes-con-una-edicion-especial-de-mercedes-misteriosa\\\/#primaryimage\",\"url\":\"https:\\\/\\\/noticiasmercedinas.com\\\/site\\\/wp-content\\\/uploads\\\/2026\\\/03\\\/mm.jpg\",\"contentUrl\":\"https:\\\/\\\/noticiasmercedinas.com\\\/site\\\/wp-content\\\/uploads\\\/2026\\\/03\\\/mm.jpg\",\"width\":1100,\"height\":697},{\"@type\":\"BreadcrumbList\",\"@id\":\"https:\\\/\\\/noticiasmercedinas.com\\\/site\\\/2026\\\/03\\\/12\\\/la-ciudad-redescubre-su-legado-irlandes-con-una-edicion-especial-de-mercedes-misteriosa\\\/#breadcrumb\",\"itemListElement\":[{\"@type\":\"ListItem\",\"position\":1,\"name\":\"Portada\",\"item\":\"https:\\\/\\\/noticiasmercedinas.com\\\/site\\\/\"},{\"@type\":\"ListItem\",\"position\":2,\"name\":\"La ciudad redescubre su legado irland\u00e9s con una edici\u00f3n especial de \u00abMercedes Misteriosa\u00bb\"}]},{\"@type\":\"WebSite\",\"@id\":\"https:\\\/\\\/noticiasmercedinas.com\\\/site\\\/#website\",\"url\":\"https:\\\/\\\/noticiasmercedinas.com\\\/site\\\/\",\"name\":\"NOTICIASMERCEDINAS.COM\",\"description\":\"Mercedes, Buenos Aires, Argentina\",\"publisher\":{\"@id\":\"https:\\\/\\\/noticiasmercedinas.com\\\/site\\\/#organization\"},\"potentialAction\":[{\"@type\":\"SearchAction\",\"target\":{\"@type\":\"EntryPoint\",\"urlTemplate\":\"https:\\\/\\\/noticiasmercedinas.com\\\/site\\\/?s={search_term_string}\"},\"query-input\":{\"@type\":\"PropertyValueSpecification\",\"valueRequired\":true,\"valueName\":\"search_term_string\"}}],\"inLanguage\":\"es\"},{\"@type\":\"Organization\",\"@id\":\"https:\\\/\\\/noticiasmercedinas.com\\\/site\\\/#organization\",\"name\":\"NOTICIASMERCEDINAS.COM\",\"url\":\"https:\\\/\\\/noticiasmercedinas.com\\\/site\\\/\",\"logo\":{\"@type\":\"ImageObject\",\"inLanguage\":\"es\",\"@id\":\"https:\\\/\\\/noticiasmercedinas.com\\\/site\\\/#\\\/schema\\\/logo\\\/image\\\/\",\"url\":\"https:\\\/\\\/noticiasmercedinas.com\\\/site\\\/wp-content\\\/uploads\\\/2020\\\/06\\\/LOGO-512.jpg\",\"contentUrl\":\"https:\\\/\\\/noticiasmercedinas.com\\\/site\\\/wp-content\\\/uploads\\\/2020\\\/06\\\/LOGO-512.jpg\",\"width\":512,\"height\":512,\"caption\":\"NOTICIASMERCEDINAS.COM\"},\"image\":{\"@id\":\"https:\\\/\\\/noticiasmercedinas.com\\\/site\\\/#\\\/schema\\\/logo\\\/image\\\/\"},\"sameAs\":[\"https:\\\/\\\/www.facebook.com\\\/noticiasmercedinas\\\/\",\"https:\\\/\\\/x.com\\\/notmercedinas\",\"https:\\\/\\\/www.instagram.com\\\/noticiasmercedinas\\\/\"]},{\"@type\":\"Person\",\"@id\":\"https:\\\/\\\/noticiasmercedinas.com\\\/site\\\/#\\\/schema\\\/person\\\/84b59c099c28ff2e8b77d4ceec5d8063\",\"name\":\"NOTICIASMERCEDINAS.COM\",\"image\":{\"@type\":\"ImageObject\",\"inLanguage\":\"es\",\"@id\":\"https:\\\/\\\/secure.gravatar.com\\\/avatar\\\/4dfbf16b4d17945bfb6341b2d19043457132fcf478a5ee04f42e959fd8f5df0a?s=96&d=mm&r=g\",\"url\":\"https:\\\/\\\/secure.gravatar.com\\\/avatar\\\/4dfbf16b4d17945bfb6341b2d19043457132fcf478a5ee04f42e959fd8f5df0a?s=96&d=mm&r=g\",\"contentUrl\":\"https:\\\/\\\/secure.gravatar.com\\\/avatar\\\/4dfbf16b4d17945bfb6341b2d19043457132fcf478a5ee04f42e959fd8f5df0a?s=96&d=mm&r=g\",\"caption\":\"NOTICIASMERCEDINAS.COM\"},\"url\":\"https:\\\/\\\/noticiasmercedinas.com\\\/site\\\/author\\\/anonimo\\\/\"}]}<\/script>\n<!-- \/ Yoast SEO plugin. -->","yoast_head_json":{"title":"La ciudad redescubre su legado irland\u00e9s con una edici\u00f3n especial de \"Mercedes Misteriosa\"","description":"En el marco de las celebraciones por San Patricio, la propuesta tur\u00edstica invita a un recorrido gratuito por la arquitectura celta y el hist\u00f3rico templo de la comunidad este domingo 15 de marzo.","robots":{"index":"index","follow":"follow","max-snippet":"max-snippet:-1","max-image-preview":"max-image-preview:large","max-video-preview":"max-video-preview:-1"},"canonical":"https:\/\/noticiasmercedinas.com\/site\/2026\/03\/12\/la-ciudad-redescubre-su-legado-irlandes-con-una-edicion-especial-de-mercedes-misteriosa\/","og_locale":"es_ES","og_type":"article","og_title":"La ciudad redescubre su legado irland\u00e9s con una edici\u00f3n especial de \"Mercedes Misteriosa\"","og_description":"En el marco de las celebraciones por San Patricio, la propuesta tur\u00edstica invita a un recorrido gratuito por la arquitectura celta y el hist\u00f3rico templo de la comunidad este domingo 15 de marzo.","og_url":"https:\/\/noticiasmercedinas.com\/site\/2026\/03\/12\/la-ciudad-redescubre-su-legado-irlandes-con-una-edicion-especial-de-mercedes-misteriosa\/","og_site_name":"NOTICIASMERCEDINAS.COM","article_publisher":"https:\/\/www.facebook.com\/noticiasmercedinas\/","article_published_time":"2026-03-12T10:54:22+00:00","article_modified_time":"2026-03-12T12:25:50+00:00","og_image":[{"width":1100,"height":697,"url":"https:\/\/noticiasmercedinas.com\/site\/wp-content\/uploads\/2026\/03\/mm.jpg","type":"image\/jpeg"}],"author":"NOTICIASMERCEDINAS.COM","twitter_card":"summary_large_image","twitter_creator":"@notmercedinas","twitter_site":"@notmercedinas","twitter_misc":{"Escrito por":"NOTICIASMERCEDINAS.COM","Tiempo de lectura":"2 minutos"},"schema":{"@context":"https:\/\/schema.org","@graph":[{"@type":"Article","@id":"https:\/\/noticiasmercedinas.com\/site\/2026\/03\/12\/la-ciudad-redescubre-su-legado-irlandes-con-una-edicion-especial-de-mercedes-misteriosa\/#article","isPartOf":{"@id":"https:\/\/noticiasmercedinas.com\/site\/2026\/03\/12\/la-ciudad-redescubre-su-legado-irlandes-con-una-edicion-especial-de-mercedes-misteriosa\/"},"author":{"name":"NOTICIASMERCEDINAS.COM","@id":"https:\/\/noticiasmercedinas.com\/site\/#\/schema\/person\/84b59c099c28ff2e8b77d4ceec5d8063"},"headline":"La ciudad redescubre su legado irland\u00e9s con una edici\u00f3n especial de \u00abMercedes Misteriosa\u00bb","datePublished":"2026-03-12T10:54:22+00:00","dateModified":"2026-03-12T12:25:50+00:00","mainEntityOfPage":{"@id":"https:\/\/noticiasmercedinas.com\/site\/2026\/03\/12\/la-ciudad-redescubre-su-legado-irlandes-con-una-edicion-especial-de-mercedes-misteriosa\/"},"wordCount":295,"publisher":{"@id":"https:\/\/noticiasmercedinas.com\/site\/#organization"},"image":{"@id":"https:\/\/noticiasmercedinas.com\/site\/2026\/03\/12\/la-ciudad-redescubre-su-legado-irlandes-con-una-edicion-especial-de-mercedes-misteriosa\/#primaryimage"},"thumbnailUrl":"https:\/\/noticiasmercedinas.com\/site\/wp-content\/uploads\/2026\/03\/mm.jpg","keywords":["mercedes misteriosa","san patricio","turismo"],"articleSection":["Sociedad","Ultimo momento"],"inLanguage":"es"},{"@type":"WebPage","@id":"https:\/\/noticiasmercedinas.com\/site\/2026\/03\/12\/la-ciudad-redescubre-su-legado-irlandes-con-una-edicion-especial-de-mercedes-misteriosa\/","url":"https:\/\/noticiasmercedinas.com\/site\/2026\/03\/12\/la-ciudad-redescubre-su-legado-irlandes-con-una-edicion-especial-de-mercedes-misteriosa\/","name":"La ciudad redescubre su legado irland\u00e9s con una edici\u00f3n especial de \"Mercedes Misteriosa\"","isPartOf":{"@id":"https:\/\/noticiasmercedinas.com\/site\/#website"},"primaryImageOfPage":{"@id":"https:\/\/noticiasmercedinas.com\/site\/2026\/03\/12\/la-ciudad-redescubre-su-legado-irlandes-con-una-edicion-especial-de-mercedes-misteriosa\/#primaryimage"},"image":{"@id":"https:\/\/noticiasmercedinas.com\/site\/2026\/03\/12\/la-ciudad-redescubre-su-legado-irlandes-con-una-edicion-especial-de-mercedes-misteriosa\/#primaryimage"},"thumbnailUrl":"https:\/\/noticiasmercedinas.com\/site\/wp-content\/uploads\/2026\/03\/mm.jpg","datePublished":"2026-03-12T10:54:22+00:00","dateModified":"2026-03-12T12:25:50+00:00","description":"En el marco de las celebraciones por San Patricio, la propuesta tur\u00edstica invita a un recorrido gratuito por la arquitectura celta y el hist\u00f3rico templo de la comunidad este domingo 15 de marzo.","breadcrumb":{"@id":"https:\/\/noticiasmercedinas.com\/site\/2026\/03\/12\/la-ciudad-redescubre-su-legado-irlandes-con-una-edicion-especial-de-mercedes-misteriosa\/#breadcrumb"},"inLanguage":"es","potentialAction":[{"@type":"ReadAction","target":["https:\/\/noticiasmercedinas.com\/site\/2026\/03\/12\/la-ciudad-redescubre-su-legado-irlandes-con-una-edicion-especial-de-mercedes-misteriosa\/"]}]},{"@type":"ImageObject","inLanguage":"es","@id":"https:\/\/noticiasmercedinas.com\/site\/2026\/03\/12\/la-ciudad-redescubre-su-legado-irlandes-con-una-edicion-especial-de-mercedes-misteriosa\/#primaryimage","url":"https:\/\/noticiasmercedinas.com\/site\/wp-content\/uploads\/2026\/03\/mm.jpg","contentUrl":"https:\/\/noticiasmercedinas.com\/site\/wp-content\/uploads\/2026\/03\/mm.jpg","width":1100,"height":697},{"@type":"BreadcrumbList","@id":"https:\/\/noticiasmercedinas.com\/site\/2026\/03\/12\/la-ciudad-redescubre-su-legado-irlandes-con-una-edicion-especial-de-mercedes-misteriosa\/#breadcrumb","itemListElement":[{"@type":"ListItem","position":1,"name":"Portada","item":"https:\/\/noticiasmercedinas.com\/site\/"},{"@type":"ListItem","position":2,"name":"La ciudad redescubre su legado irland\u00e9s con una edici\u00f3n especial de \u00abMercedes Misteriosa\u00bb"}]},{"@type":"WebSite","@id":"https:\/\/noticiasmercedinas.com\/site\/#website","url":"https:\/\/noticiasmercedinas.com\/site\/","name":"NOTICIASMERCEDINAS.COM","description":"Mercedes, Buenos Aires, Argentina","publisher":{"@id":"https:\/\/noticiasmercedinas.com\/site\/#organization"},"potentialAction":[{"@type":"SearchAction","target":{"@type":"EntryPoint","urlTemplate":"https:\/\/noticiasmercedinas.com\/site\/?s={search_term_string}"},"query-input":{"@type":"PropertyValueSpecification","valueRequired":true,"valueName":"search_term_string"}}],"inLanguage":"es"},{"@type":"Organization","@id":"https:\/\/noticiasmercedinas.com\/site\/#organization","name":"NOTICIASMERCEDINAS.COM","url":"https:\/\/noticiasmercedinas.com\/site\/","logo":{"@type":"ImageObject","inLanguage":"es","@id":"https:\/\/noticiasmercedinas.com\/site\/#\/schema\/logo\/image\/","url":"https:\/\/noticiasmercedinas.com\/site\/wp-content\/uploads\/2020\/06\/LOGO-512.jpg","contentUrl":"https:\/\/noticiasmercedinas.com\/site\/wp-content\/uploads\/2020\/06\/LOGO-512.jpg","width":512,"height":512,"caption":"NOTICIASMERCEDINAS.COM"},"image":{"@id":"https:\/\/noticiasmercedinas.com\/site\/#\/schema\/logo\/image\/"},"sameAs":["https:\/\/www.facebook.com\/noticiasmercedinas\/","https:\/\/x.com\/notmercedinas","https:\/\/www.instagram.com\/noticiasmercedinas\/"]},{"@type":"Person","@id":"https:\/\/noticiasmercedinas.com\/site\/#\/schema\/person\/84b59c099c28ff2e8b77d4ceec5d8063","name":"NOTICIASMERCEDINAS.COM","image":{"@type":"ImageObject","inLanguage":"es","@id":"https:\/\/secure.gravatar.com\/avatar\/4dfbf16b4d17945bfb6341b2d19043457132fcf478a5ee04f42e959fd8f5df0a?s=96&d=mm&r=g","url":"https:\/\/secure.gravatar.com\/avatar\/4dfbf16b4d17945bfb6341b2d19043457132fcf478a5ee04f42e959fd8f5df0a?s=96&d=mm&r=g","contentUrl":"https:\/\/secure.gravatar.com\/avatar\/4dfbf16b4d17945bfb6341b2d19043457132fcf478a5ee04f42e959fd8f5df0a?s=96&d=mm&r=g","caption":"NOTICIASMERCEDINAS.COM"},"url":"https:\/\/noticiasmercedinas.com\/site\/author\/anonimo\/"}]}},"amp_enabled":true,"_links":{"self":[{"href":"https:\/\/noticiasmercedinas.com\/site\/wp-json\/wp\/v2\/posts\/181750","targetHints":{"allow":["GET"]}}],"collection":[{"href":"https:\/\/noticiasmercedinas.com\/site\/wp-json\/wp\/v2\/posts"}],"about":[{"href":"https:\/\/noticiasmercedinas.com\/site\/wp-json\/wp\/v2\/types\/post"}],"author":[{"embeddable":true,"href":"https:\/\/noticiasmercedinas.com\/site\/wp-json\/wp\/v2\/users\/16"}],"replies":[{"embeddable":true,"href":"https:\/\/noticiasmercedinas.com\/site\/wp-json\/wp\/v2\/comments?post=181750"}],"version-history":[{"count":3,"href":"https:\/\/noticiasmercedinas.com\/site\/wp-json\/wp\/v2\/posts\/181750\/revisions"}],"predecessor-version":[{"id":181754,"href":"https:\/\/noticiasmercedinas.com\/site\/wp-json\/wp\/v2\/posts\/181750\/revisions\/181754"}],"wp:featuredmedia":[{"embeddable":true,"href":"https:\/\/noticiasmercedinas.com\/site\/wp-json\/wp\/v2\/media\/181751"}],"wp:attachment":[{"href":"https:\/\/noticiasmercedinas.com\/site\/wp-json\/wp\/v2\/media?parent=181750"}],"wp:term":[{"taxonomy":"category","embeddable":true,"href":"https:\/\/noticiasmercedinas.com\/site\/wp-json\/wp\/v2\/categories?post=181750"},{"taxonomy":"post_tag","embeddable":true,"href":"https:\/\/noticiasmercedinas.com\/site\/wp-json\/wp\/v2\/tags?post=181750"}],"curies":[{"name":"wp","href":"https:\/\/api.w.org\/{rel}","templated":true}]}}