{"id":181795,"date":"2026-03-12T20:24:08","date_gmt":"2026-03-12T23:24:08","guid":{"rendered":"https:\/\/noticiasmercedinas.com\/site\/?p=181795"},"modified":"2026-03-12T20:27:23","modified_gmt":"2026-03-12T23:27:23","slug":"lanza-vermucito-apuesta-que-busca-convertir-a-la-ciudad-en-capital-nacional-del-vermut","status":"publish","type":"post","link":"https:\/\/noticiasmercedinas.com\/site\/2026\/03\/12\/lanza-vermucito-apuesta-que-busca-convertir-a-la-ciudad-en-capital-nacional-del-vermut\/","title":{"rendered":"Lanzan \u00abVermucito\u00bb: una apuesta que busca convertir a la ciudad en Capital Nacional del Vermut"},"content":{"rendered":"<p><img loading=\"lazy\" decoding=\"async\" class=\"alignnone size-full wp-image-181798\" src=\"https:\/\/noticiasmercedinas.com\/site\/wp-content\/uploads\/2026\/03\/vermout.jpg\" alt=\"\" width=\"640\" height=\"427\" srcset=\"https:\/\/noticiasmercedinas.com\/site\/wp-content\/uploads\/2026\/03\/vermout.jpg 640w, https:\/\/noticiasmercedinas.com\/site\/wp-content\/uploads\/2026\/03\/vermout-300x200.jpg 300w\" sizes=\"auto, (max-width: 640px) 100vw, 640px\" \/><\/p>\n<p>En un atardecer que combin\u00f3 la m\u00edstica del Anfiteatro Municipal con el sabor de la producci\u00f3n regional, este jueves se realiz\u00f3 la presentaci\u00f3n oficial de \u00abVermucito\u00bb.<\/p>\n<p>El evento, cuya jornada central ser\u00e1 el pr\u00f3ximo 21 de marzo, surge como una ambiciosa propuesta autogestiva que busca institucionalizar una nueva ruta de sabores y posicionar a Mercedes como un referente ineludible del vermut a nivel nacional.<\/p>\n<p><img loading=\"lazy\" decoding=\"async\" class=\"alignnone size-full wp-image-181799\" src=\"https:\/\/noticiasmercedinas.com\/site\/wp-content\/uploads\/2026\/03\/vermout2.jpg\" alt=\"\" width=\"640\" height=\"427\" srcset=\"https:\/\/noticiasmercedinas.com\/site\/wp-content\/uploads\/2026\/03\/vermout2.jpg 640w, https:\/\/noticiasmercedinas.com\/site\/wp-content\/uploads\/2026\/03\/vermout2-300x200.jpg 300w\" sizes=\"auto, (max-width: 640px) 100vw, 640px\" \/><\/p>\n<p>La iniciativa es liderada por tres referentes del sector: <strong>Dio Furbo<\/strong> (Fernet Cestari), <strong>Macanudo Vermut<\/strong> (H\u00e9ctor Destilados) y <strong>Porto San Giorgio<\/strong> (Nueva Corinema). Bajo la consigna de celebrar el D\u00eda Mundial del Vermut, los productores presentaron la edici\u00f3n especial <strong>\u00abMercedes 274\u00bb<\/strong>, un blend colaborativo elaborado con plantas de la zona y numerado en homenaje al aniversario de la ciudad.<\/p>\n<p><strong>Una propuesta integral para la ciudad<\/strong><br \/>\nEl evento del 21 de marzo contar\u00e1 con una oferta gastron\u00f3mica que resalta la identidad mercedina, incluyendo salames, picadas, pizzas y s\u00e1ndwiches de bondiola.<\/p>\n<p>La propuesta art\u00edstica estar\u00e1 a cargo de las bandas Los Toreros y The Paris, con un cierre musical liderado por un DJ.<\/p>\n<p>Para quienes deseen participar de la experiencia, ya se encuentran a la venta cuponeras de degustaci\u00f3n que permiten probar las variedades de los tres productores. Los puntos de venta anticipada son P\u00e1ramo, 1812 y Fresca, a un valor de $15.000, mientras que el d\u00eda del evento el costo ser\u00e1 de $18.000.<\/p>\n<p><img loading=\"lazy\" decoding=\"async\" class=\"alignnone size-full wp-image-181800\" src=\"https:\/\/noticiasmercedinas.com\/site\/wp-content\/uploads\/2026\/03\/vermout3.jpg\" alt=\"\" width=\"640\" height=\"427\" srcset=\"https:\/\/noticiasmercedinas.com\/site\/wp-content\/uploads\/2026\/03\/vermout3.jpg 640w, https:\/\/noticiasmercedinas.com\/site\/wp-content\/uploads\/2026\/03\/vermout3-300x200.jpg 300w\" sizes=\"auto, (max-width: 640px) 100vw, 640px\" \/><\/p>\n<p><strong>Respaldo institucional y proyecci\u00f3n tur\u00edstica<\/strong><br \/>\nEl Director de Turismo, <strong>Francisco Dinova<\/strong>, destac\u00f3 la importancia de este nuevo circuito en el actual contexto econ\u00f3mico: \u00abNos da placer saber que en este presente dif\u00edcil los productores puedan acoplarse a este nuevo circuito para eventos autogestivos\u00bb. Adem\u00e1s, anunci\u00f3 la firma de un convenio con la Facultad de Agronom\u00eda de la UBA para brindar acompa\u00f1amiento t\u00e9cnico en Turismo Rural, con capacitaciones espec\u00edficas en quesos, destilados y vermut. Y remarc\u00f3 el rol de la direcci\u00f3n de Producci\u00f3n en la necesaria log\u00edstica con los productores.<\/p>\n<p>Por su parte, el intendente <strong>Juan Ignacio Ustarroz<\/strong> expres\u00f3 su orgullo por la recuperaci\u00f3n y el uso del predio de La Trocha: \u00abUstedes nos ayudan a promover el turismo. Los acontecimientos se hacen con calidad y calidez, y trabajar en conjunto como ustedes lo hacen es un ejemplo. Es un orgullo darles este espacio que est\u00e1 al servicio de productores, emprendedores y artistas\u00bb.<\/p>\n<p>Con 274 botellas exclusivas y la promesa de una edici\u00f3n anual, \u00abVermucito\u00bb no solo se estrena como un festival, sino como el primer paso firme hacia la creaci\u00f3n de una nueva Ruta de Sabores que promete atraer visitantes de toda la regi\u00f3n.<\/p>\n<p><img loading=\"lazy\" decoding=\"async\" class=\"alignnone size-full wp-image-181801\" src=\"https:\/\/noticiasmercedinas.com\/site\/wp-content\/uploads\/2026\/03\/vermout4.jpg\" alt=\"\" width=\"640\" height=\"427\" srcset=\"https:\/\/noticiasmercedinas.com\/site\/wp-content\/uploads\/2026\/03\/vermout4.jpg 640w, https:\/\/noticiasmercedinas.com\/site\/wp-content\/uploads\/2026\/03\/vermout4-300x200.jpg 300w\" sizes=\"auto, (max-width: 640px) 100vw, 640px\" \/><\/p>\n<p><img loading=\"lazy\" decoding=\"async\" class=\"alignnone size-full wp-image-181797\" src=\"https:\/\/noticiasmercedinas.com\/site\/wp-content\/uploads\/2026\/03\/vermout1.jpg\" alt=\"\" width=\"640\" height=\"372\" srcset=\"https:\/\/noticiasmercedinas.com\/site\/wp-content\/uploads\/2026\/03\/vermout1.jpg 640w, https:\/\/noticiasmercedinas.com\/site\/wp-content\/uploads\/2026\/03\/vermout1-300x174.jpg 300w\" sizes=\"auto, (max-width: 640px) 100vw, 640px\" \/><\/p>\n","protected":false},"excerpt":{"rendered":"<p>\u25a0 Con el impulso de productores locales y el apoyo municipal, se present\u00f3 esta tarde en el Anfiteatro la primera edici\u00f3n de un ciclo cultural y gastron\u00f3mico que une tradici\u00f3n, identidad y producci\u00f3n artesanal en el Complejo Cultural La Trocha.<\/p>\n","protected":false},"author":16,"featured_media":181798,"comment_status":"closed","ping_status":"closed","sticky":false,"template":"","format":"standard","meta":{"footnotes":""},"categories":[74,3,20734],"tags":[15989,18960,21834,20538,18657,33,21833],"class_list":["post-181795","post","type-post","status-publish","format-standard","has-post-thumbnail","hentry","category-emprendimientos","category-sociedad","category-ultimo-momento","tag-anfiteatro","tag-gin-cestari","tag-hector-destilados","tag-macanudo","tag-nueva-corinema","tag-turismo","tag-vermout"],"yoast_head":"<!-- This site is optimized with the Yoast SEO plugin v27.4 - https:\/\/yoast.com\/product\/yoast-seo-wordpress\/ -->\n<title>Lanzan &quot;Vermucito&quot;: una apuesta que busca convertir a la ciudad en Capital Nacional del Vermut<\/title>\n<meta name=\"description\" content=\"\u25a0 Con el impulso de productores locales y el apoyo municipal, se present\u00f3 la primera edici\u00f3n de un ciclo cultural y gastron\u00f3mico que une tradici\u00f3n, identidad y producci\u00f3n artesanal en el Complejo Cultural La Trocha.\" \/>\n<meta name=\"robots\" content=\"index, follow, max-snippet:-1, max-image-preview:large, max-video-preview:-1\" \/>\n<link rel=\"canonical\" href=\"https:\/\/noticiasmercedinas.com\/site\/2026\/03\/12\/lanza-vermucito-apuesta-que-busca-convertir-a-la-ciudad-en-capital-nacional-del-vermut\/\" \/>\n<meta property=\"og:locale\" content=\"es_ES\" \/>\n<meta property=\"og:type\" content=\"article\" \/>\n<meta property=\"og:title\" content=\"Lanzan &quot;Vermucito&quot;: una apuesta que busca convertir a la ciudad en Capital Nacional del Vermut\" \/>\n<meta property=\"og:description\" content=\"\u25a0 Con el impulso de productores locales y el apoyo municipal, se present\u00f3 la primera edici\u00f3n de un ciclo cultural y gastron\u00f3mico que une tradici\u00f3n, identidad y producci\u00f3n artesanal en el Complejo Cultural La Trocha.\" \/>\n<meta property=\"og:url\" content=\"https:\/\/noticiasmercedinas.com\/site\/2026\/03\/12\/lanza-vermucito-apuesta-que-busca-convertir-a-la-ciudad-en-capital-nacional-del-vermut\/\" \/>\n<meta property=\"og:site_name\" content=\"NOTICIASMERCEDINAS.COM\" \/>\n<meta property=\"article:publisher\" content=\"https:\/\/www.facebook.com\/noticiasmercedinas\/\" \/>\n<meta property=\"article:published_time\" content=\"2026-03-12T23:24:08+00:00\" \/>\n<meta property=\"article:modified_time\" content=\"2026-03-12T23:27:23+00:00\" \/>\n<meta property=\"og:image\" content=\"https:\/\/noticiasmercedinas.com\/site\/wp-content\/uploads\/2026\/03\/vermout.jpg\" \/>\n\t<meta property=\"og:image:width\" content=\"640\" \/>\n\t<meta property=\"og:image:height\" content=\"427\" \/>\n\t<meta property=\"og:image:type\" content=\"image\/jpeg\" \/>\n<meta name=\"author\" content=\"NOTICIASMERCEDINAS.COM\" \/>\n<meta name=\"twitter:card\" content=\"summary_large_image\" \/>\n<meta name=\"twitter:creator\" content=\"@notmercedinas\" \/>\n<meta name=\"twitter:site\" content=\"@notmercedinas\" \/>\n<meta name=\"twitter:label1\" content=\"Escrito por\" \/>\n\t<meta name=\"twitter:data1\" content=\"NOTICIASMERCEDINAS.COM\" \/>\n\t<meta name=\"twitter:label2\" content=\"Tiempo de lectura\" \/>\n\t<meta name=\"twitter:data2\" content=\"4 minutos\" \/>\n<script type=\"application\/ld+json\" class=\"yoast-schema-graph\">{\"@context\":\"https:\\\/\\\/schema.org\",\"@graph\":[{\"@type\":\"Article\",\"@id\":\"https:\\\/\\\/noticiasmercedinas.com\\\/site\\\/2026\\\/03\\\/12\\\/lanza-vermucito-apuesta-que-busca-convertir-a-la-ciudad-en-capital-nacional-del-vermut\\\/#article\",\"isPartOf\":{\"@id\":\"https:\\\/\\\/noticiasmercedinas.com\\\/site\\\/2026\\\/03\\\/12\\\/lanza-vermucito-apuesta-que-busca-convertir-a-la-ciudad-en-capital-nacional-del-vermut\\\/\"},\"author\":{\"name\":\"NOTICIASMERCEDINAS.COM\",\"@id\":\"https:\\\/\\\/noticiasmercedinas.com\\\/site\\\/#\\\/schema\\\/person\\\/84b59c099c28ff2e8b77d4ceec5d8063\"},\"headline\":\"Lanzan \u00abVermucito\u00bb: una apuesta que busca convertir a la ciudad en Capital Nacional del Vermut\",\"datePublished\":\"2026-03-12T23:24:08+00:00\",\"dateModified\":\"2026-03-12T23:27:23+00:00\",\"mainEntityOfPage\":{\"@id\":\"https:\\\/\\\/noticiasmercedinas.com\\\/site\\\/2026\\\/03\\\/12\\\/lanza-vermucito-apuesta-que-busca-convertir-a-la-ciudad-en-capital-nacional-del-vermut\\\/\"},\"wordCount\":457,\"publisher\":{\"@id\":\"https:\\\/\\\/noticiasmercedinas.com\\\/site\\\/#organization\"},\"image\":{\"@id\":\"https:\\\/\\\/noticiasmercedinas.com\\\/site\\\/2026\\\/03\\\/12\\\/lanza-vermucito-apuesta-que-busca-convertir-a-la-ciudad-en-capital-nacional-del-vermut\\\/#primaryimage\"},\"thumbnailUrl\":\"https:\\\/\\\/noticiasmercedinas.com\\\/site\\\/wp-content\\\/uploads\\\/2026\\\/03\\\/vermout.jpg\",\"keywords\":[\"Anfiteatro\",\"gin cestari\",\"hector destilados\",\"macanudo\",\"nueva corinema\",\"turismo\",\"vermout\"],\"articleSection\":[\"Emprendimientos\",\"Sociedad\",\"Ultimo momento\"],\"inLanguage\":\"es\"},{\"@type\":\"WebPage\",\"@id\":\"https:\\\/\\\/noticiasmercedinas.com\\\/site\\\/2026\\\/03\\\/12\\\/lanza-vermucito-apuesta-que-busca-convertir-a-la-ciudad-en-capital-nacional-del-vermut\\\/\",\"url\":\"https:\\\/\\\/noticiasmercedinas.com\\\/site\\\/2026\\\/03\\\/12\\\/lanza-vermucito-apuesta-que-busca-convertir-a-la-ciudad-en-capital-nacional-del-vermut\\\/\",\"name\":\"Lanzan \\\"Vermucito\\\": una apuesta que busca convertir a la ciudad en Capital Nacional del Vermut\",\"isPartOf\":{\"@id\":\"https:\\\/\\\/noticiasmercedinas.com\\\/site\\\/#website\"},\"primaryImageOfPage\":{\"@id\":\"https:\\\/\\\/noticiasmercedinas.com\\\/site\\\/2026\\\/03\\\/12\\\/lanza-vermucito-apuesta-que-busca-convertir-a-la-ciudad-en-capital-nacional-del-vermut\\\/#primaryimage\"},\"image\":{\"@id\":\"https:\\\/\\\/noticiasmercedinas.com\\\/site\\\/2026\\\/03\\\/12\\\/lanza-vermucito-apuesta-que-busca-convertir-a-la-ciudad-en-capital-nacional-del-vermut\\\/#primaryimage\"},\"thumbnailUrl\":\"https:\\\/\\\/noticiasmercedinas.com\\\/site\\\/wp-content\\\/uploads\\\/2026\\\/03\\\/vermout.jpg\",\"datePublished\":\"2026-03-12T23:24:08+00:00\",\"dateModified\":\"2026-03-12T23:27:23+00:00\",\"description\":\"\u25a0 Con el impulso de productores locales y el apoyo municipal, se present\u00f3 la primera edici\u00f3n de un ciclo cultural y gastron\u00f3mico que une tradici\u00f3n, identidad y producci\u00f3n artesanal en el Complejo Cultural La Trocha.\",\"breadcrumb\":{\"@id\":\"https:\\\/\\\/noticiasmercedinas.com\\\/site\\\/2026\\\/03\\\/12\\\/lanza-vermucito-apuesta-que-busca-convertir-a-la-ciudad-en-capital-nacional-del-vermut\\\/#breadcrumb\"},\"inLanguage\":\"es\",\"potentialAction\":[{\"@type\":\"ReadAction\",\"target\":[\"https:\\\/\\\/noticiasmercedinas.com\\\/site\\\/2026\\\/03\\\/12\\\/lanza-vermucito-apuesta-que-busca-convertir-a-la-ciudad-en-capital-nacional-del-vermut\\\/\"]}]},{\"@type\":\"ImageObject\",\"inLanguage\":\"es\",\"@id\":\"https:\\\/\\\/noticiasmercedinas.com\\\/site\\\/2026\\\/03\\\/12\\\/lanza-vermucito-apuesta-que-busca-convertir-a-la-ciudad-en-capital-nacional-del-vermut\\\/#primaryimage\",\"url\":\"https:\\\/\\\/noticiasmercedinas.com\\\/site\\\/wp-content\\\/uploads\\\/2026\\\/03\\\/vermout.jpg\",\"contentUrl\":\"https:\\\/\\\/noticiasmercedinas.com\\\/site\\\/wp-content\\\/uploads\\\/2026\\\/03\\\/vermout.jpg\",\"width\":640,\"height\":427},{\"@type\":\"BreadcrumbList\",\"@id\":\"https:\\\/\\\/noticiasmercedinas.com\\\/site\\\/2026\\\/03\\\/12\\\/lanza-vermucito-apuesta-que-busca-convertir-a-la-ciudad-en-capital-nacional-del-vermut\\\/#breadcrumb\",\"itemListElement\":[{\"@type\":\"ListItem\",\"position\":1,\"name\":\"Portada\",\"item\":\"https:\\\/\\\/noticiasmercedinas.com\\\/site\\\/\"},{\"@type\":\"ListItem\",\"position\":2,\"name\":\"Lanzan \u00abVermucito\u00bb: una apuesta que busca convertir a la ciudad en Capital Nacional del Vermut\"}]},{\"@type\":\"WebSite\",\"@id\":\"https:\\\/\\\/noticiasmercedinas.com\\\/site\\\/#website\",\"url\":\"https:\\\/\\\/noticiasmercedinas.com\\\/site\\\/\",\"name\":\"NOTICIASMERCEDINAS.COM\",\"description\":\"Mercedes, Buenos Aires, Argentina\",\"publisher\":{\"@id\":\"https:\\\/\\\/noticiasmercedinas.com\\\/site\\\/#organization\"},\"potentialAction\":[{\"@type\":\"SearchAction\",\"target\":{\"@type\":\"EntryPoint\",\"urlTemplate\":\"https:\\\/\\\/noticiasmercedinas.com\\\/site\\\/?s={search_term_string}\"},\"query-input\":{\"@type\":\"PropertyValueSpecification\",\"valueRequired\":true,\"valueName\":\"search_term_string\"}}],\"inLanguage\":\"es\"},{\"@type\":\"Organization\",\"@id\":\"https:\\\/\\\/noticiasmercedinas.com\\\/site\\\/#organization\",\"name\":\"NOTICIASMERCEDINAS.COM\",\"url\":\"https:\\\/\\\/noticiasmercedinas.com\\\/site\\\/\",\"logo\":{\"@type\":\"ImageObject\",\"inLanguage\":\"es\",\"@id\":\"https:\\\/\\\/noticiasmercedinas.com\\\/site\\\/#\\\/schema\\\/logo\\\/image\\\/\",\"url\":\"https:\\\/\\\/noticiasmercedinas.com\\\/site\\\/wp-content\\\/uploads\\\/2020\\\/06\\\/LOGO-512.jpg\",\"contentUrl\":\"https:\\\/\\\/noticiasmercedinas.com\\\/site\\\/wp-content\\\/uploads\\\/2020\\\/06\\\/LOGO-512.jpg\",\"width\":512,\"height\":512,\"caption\":\"NOTICIASMERCEDINAS.COM\"},\"image\":{\"@id\":\"https:\\\/\\\/noticiasmercedinas.com\\\/site\\\/#\\\/schema\\\/logo\\\/image\\\/\"},\"sameAs\":[\"https:\\\/\\\/www.facebook.com\\\/noticiasmercedinas\\\/\",\"https:\\\/\\\/x.com\\\/notmercedinas\",\"https:\\\/\\\/www.instagram.com\\\/noticiasmercedinas\\\/\"]},{\"@type\":\"Person\",\"@id\":\"https:\\\/\\\/noticiasmercedinas.com\\\/site\\\/#\\\/schema\\\/person\\\/84b59c099c28ff2e8b77d4ceec5d8063\",\"name\":\"NOTICIASMERCEDINAS.COM\",\"image\":{\"@type\":\"ImageObject\",\"inLanguage\":\"es\",\"@id\":\"https:\\\/\\\/secure.gravatar.com\\\/avatar\\\/4dfbf16b4d17945bfb6341b2d19043457132fcf478a5ee04f42e959fd8f5df0a?s=96&d=mm&r=g\",\"url\":\"https:\\\/\\\/secure.gravatar.com\\\/avatar\\\/4dfbf16b4d17945bfb6341b2d19043457132fcf478a5ee04f42e959fd8f5df0a?s=96&d=mm&r=g\",\"contentUrl\":\"https:\\\/\\\/secure.gravatar.com\\\/avatar\\\/4dfbf16b4d17945bfb6341b2d19043457132fcf478a5ee04f42e959fd8f5df0a?s=96&d=mm&r=g\",\"caption\":\"NOTICIASMERCEDINAS.COM\"},\"url\":\"https:\\\/\\\/noticiasmercedinas.com\\\/site\\\/author\\\/anonimo\\\/\"}]}<\/script>\n<!-- \/ Yoast SEO plugin. -->","yoast_head_json":{"title":"Lanzan \"Vermucito\": una apuesta que busca convertir a la ciudad en Capital Nacional del Vermut","description":"\u25a0 Con el impulso de productores locales y el apoyo municipal, se present\u00f3 la primera edici\u00f3n de un ciclo cultural y gastron\u00f3mico que une tradici\u00f3n, identidad y producci\u00f3n artesanal en el Complejo Cultural La Trocha.","robots":{"index":"index","follow":"follow","max-snippet":"max-snippet:-1","max-image-preview":"max-image-preview:large","max-video-preview":"max-video-preview:-1"},"canonical":"https:\/\/noticiasmercedinas.com\/site\/2026\/03\/12\/lanza-vermucito-apuesta-que-busca-convertir-a-la-ciudad-en-capital-nacional-del-vermut\/","og_locale":"es_ES","og_type":"article","og_title":"Lanzan \"Vermucito\": una apuesta que busca convertir a la ciudad en Capital Nacional del Vermut","og_description":"\u25a0 Con el impulso de productores locales y el apoyo municipal, se present\u00f3 la primera edici\u00f3n de un ciclo cultural y gastron\u00f3mico que une tradici\u00f3n, identidad y producci\u00f3n artesanal en el Complejo Cultural La Trocha.","og_url":"https:\/\/noticiasmercedinas.com\/site\/2026\/03\/12\/lanza-vermucito-apuesta-que-busca-convertir-a-la-ciudad-en-capital-nacional-del-vermut\/","og_site_name":"NOTICIASMERCEDINAS.COM","article_publisher":"https:\/\/www.facebook.com\/noticiasmercedinas\/","article_published_time":"2026-03-12T23:24:08+00:00","article_modified_time":"2026-03-12T23:27:23+00:00","og_image":[{"width":640,"height":427,"url":"https:\/\/noticiasmercedinas.com\/site\/wp-content\/uploads\/2026\/03\/vermout.jpg","type":"image\/jpeg"}],"author":"NOTICIASMERCEDINAS.COM","twitter_card":"summary_large_image","twitter_creator":"@notmercedinas","twitter_site":"@notmercedinas","twitter_misc":{"Escrito por":"NOTICIASMERCEDINAS.COM","Tiempo de lectura":"4 minutos"},"schema":{"@context":"https:\/\/schema.org","@graph":[{"@type":"Article","@id":"https:\/\/noticiasmercedinas.com\/site\/2026\/03\/12\/lanza-vermucito-apuesta-que-busca-convertir-a-la-ciudad-en-capital-nacional-del-vermut\/#article","isPartOf":{"@id":"https:\/\/noticiasmercedinas.com\/site\/2026\/03\/12\/lanza-vermucito-apuesta-que-busca-convertir-a-la-ciudad-en-capital-nacional-del-vermut\/"},"author":{"name":"NOTICIASMERCEDINAS.COM","@id":"https:\/\/noticiasmercedinas.com\/site\/#\/schema\/person\/84b59c099c28ff2e8b77d4ceec5d8063"},"headline":"Lanzan \u00abVermucito\u00bb: una apuesta que busca convertir a la ciudad en Capital Nacional del Vermut","datePublished":"2026-03-12T23:24:08+00:00","dateModified":"2026-03-12T23:27:23+00:00","mainEntityOfPage":{"@id":"https:\/\/noticiasmercedinas.com\/site\/2026\/03\/12\/lanza-vermucito-apuesta-que-busca-convertir-a-la-ciudad-en-capital-nacional-del-vermut\/"},"wordCount":457,"publisher":{"@id":"https:\/\/noticiasmercedinas.com\/site\/#organization"},"image":{"@id":"https:\/\/noticiasmercedinas.com\/site\/2026\/03\/12\/lanza-vermucito-apuesta-que-busca-convertir-a-la-ciudad-en-capital-nacional-del-vermut\/#primaryimage"},"thumbnailUrl":"https:\/\/noticiasmercedinas.com\/site\/wp-content\/uploads\/2026\/03\/vermout.jpg","keywords":["Anfiteatro","gin cestari","hector destilados","macanudo","nueva corinema","turismo","vermout"],"articleSection":["Emprendimientos","Sociedad","Ultimo momento"],"inLanguage":"es"},{"@type":"WebPage","@id":"https:\/\/noticiasmercedinas.com\/site\/2026\/03\/12\/lanza-vermucito-apuesta-que-busca-convertir-a-la-ciudad-en-capital-nacional-del-vermut\/","url":"https:\/\/noticiasmercedinas.com\/site\/2026\/03\/12\/lanza-vermucito-apuesta-que-busca-convertir-a-la-ciudad-en-capital-nacional-del-vermut\/","name":"Lanzan \"Vermucito\": una apuesta que busca convertir a la ciudad en Capital Nacional del Vermut","isPartOf":{"@id":"https:\/\/noticiasmercedinas.com\/site\/#website"},"primaryImageOfPage":{"@id":"https:\/\/noticiasmercedinas.com\/site\/2026\/03\/12\/lanza-vermucito-apuesta-que-busca-convertir-a-la-ciudad-en-capital-nacional-del-vermut\/#primaryimage"},"image":{"@id":"https:\/\/noticiasmercedinas.com\/site\/2026\/03\/12\/lanza-vermucito-apuesta-que-busca-convertir-a-la-ciudad-en-capital-nacional-del-vermut\/#primaryimage"},"thumbnailUrl":"https:\/\/noticiasmercedinas.com\/site\/wp-content\/uploads\/2026\/03\/vermout.jpg","datePublished":"2026-03-12T23:24:08+00:00","dateModified":"2026-03-12T23:27:23+00:00","description":"\u25a0 Con el impulso de productores locales y el apoyo municipal, se present\u00f3 la primera edici\u00f3n de un ciclo cultural y gastron\u00f3mico que une tradici\u00f3n, identidad y producci\u00f3n artesanal en el Complejo Cultural La Trocha.","breadcrumb":{"@id":"https:\/\/noticiasmercedinas.com\/site\/2026\/03\/12\/lanza-vermucito-apuesta-que-busca-convertir-a-la-ciudad-en-capital-nacional-del-vermut\/#breadcrumb"},"inLanguage":"es","potentialAction":[{"@type":"ReadAction","target":["https:\/\/noticiasmercedinas.com\/site\/2026\/03\/12\/lanza-vermucito-apuesta-que-busca-convertir-a-la-ciudad-en-capital-nacional-del-vermut\/"]}]},{"@type":"ImageObject","inLanguage":"es","@id":"https:\/\/noticiasmercedinas.com\/site\/2026\/03\/12\/lanza-vermucito-apuesta-que-busca-convertir-a-la-ciudad-en-capital-nacional-del-vermut\/#primaryimage","url":"https:\/\/noticiasmercedinas.com\/site\/wp-content\/uploads\/2026\/03\/vermout.jpg","contentUrl":"https:\/\/noticiasmercedinas.com\/site\/wp-content\/uploads\/2026\/03\/vermout.jpg","width":640,"height":427},{"@type":"BreadcrumbList","@id":"https:\/\/noticiasmercedinas.com\/site\/2026\/03\/12\/lanza-vermucito-apuesta-que-busca-convertir-a-la-ciudad-en-capital-nacional-del-vermut\/#breadcrumb","itemListElement":[{"@type":"ListItem","position":1,"name":"Portada","item":"https:\/\/noticiasmercedinas.com\/site\/"},{"@type":"ListItem","position":2,"name":"Lanzan \u00abVermucito\u00bb: una apuesta que busca convertir a la ciudad en Capital Nacional del Vermut"}]},{"@type":"WebSite","@id":"https:\/\/noticiasmercedinas.com\/site\/#website","url":"https:\/\/noticiasmercedinas.com\/site\/","name":"NOTICIASMERCEDINAS.COM","description":"Mercedes, Buenos Aires, Argentina","publisher":{"@id":"https:\/\/noticiasmercedinas.com\/site\/#organization"},"potentialAction":[{"@type":"SearchAction","target":{"@type":"EntryPoint","urlTemplate":"https:\/\/noticiasmercedinas.com\/site\/?s={search_term_string}"},"query-input":{"@type":"PropertyValueSpecification","valueRequired":true,"valueName":"search_term_string"}}],"inLanguage":"es"},{"@type":"Organization","@id":"https:\/\/noticiasmercedinas.com\/site\/#organization","name":"NOTICIASMERCEDINAS.COM","url":"https:\/\/noticiasmercedinas.com\/site\/","logo":{"@type":"ImageObject","inLanguage":"es","@id":"https:\/\/noticiasmercedinas.com\/site\/#\/schema\/logo\/image\/","url":"https:\/\/noticiasmercedinas.com\/site\/wp-content\/uploads\/2020\/06\/LOGO-512.jpg","contentUrl":"https:\/\/noticiasmercedinas.com\/site\/wp-content\/uploads\/2020\/06\/LOGO-512.jpg","width":512,"height":512,"caption":"NOTICIASMERCEDINAS.COM"},"image":{"@id":"https:\/\/noticiasmercedinas.com\/site\/#\/schema\/logo\/image\/"},"sameAs":["https:\/\/www.facebook.com\/noticiasmercedinas\/","https:\/\/x.com\/notmercedinas","https:\/\/www.instagram.com\/noticiasmercedinas\/"]},{"@type":"Person","@id":"https:\/\/noticiasmercedinas.com\/site\/#\/schema\/person\/84b59c099c28ff2e8b77d4ceec5d8063","name":"NOTICIASMERCEDINAS.COM","image":{"@type":"ImageObject","inLanguage":"es","@id":"https:\/\/secure.gravatar.com\/avatar\/4dfbf16b4d17945bfb6341b2d19043457132fcf478a5ee04f42e959fd8f5df0a?s=96&d=mm&r=g","url":"https:\/\/secure.gravatar.com\/avatar\/4dfbf16b4d17945bfb6341b2d19043457132fcf478a5ee04f42e959fd8f5df0a?s=96&d=mm&r=g","contentUrl":"https:\/\/secure.gravatar.com\/avatar\/4dfbf16b4d17945bfb6341b2d19043457132fcf478a5ee04f42e959fd8f5df0a?s=96&d=mm&r=g","caption":"NOTICIASMERCEDINAS.COM"},"url":"https:\/\/noticiasmercedinas.com\/site\/author\/anonimo\/"}]}},"amp_enabled":true,"_links":{"self":[{"href":"https:\/\/noticiasmercedinas.com\/site\/wp-json\/wp\/v2\/posts\/181795","targetHints":{"allow":["GET"]}}],"collection":[{"href":"https:\/\/noticiasmercedinas.com\/site\/wp-json\/wp\/v2\/posts"}],"about":[{"href":"https:\/\/noticiasmercedinas.com\/site\/wp-json\/wp\/v2\/types\/post"}],"author":[{"embeddable":true,"href":"https:\/\/noticiasmercedinas.com\/site\/wp-json\/wp\/v2\/users\/16"}],"replies":[{"embeddable":true,"href":"https:\/\/noticiasmercedinas.com\/site\/wp-json\/wp\/v2\/comments?post=181795"}],"version-history":[{"count":4,"href":"https:\/\/noticiasmercedinas.com\/site\/wp-json\/wp\/v2\/posts\/181795\/revisions"}],"predecessor-version":[{"id":181804,"href":"https:\/\/noticiasmercedinas.com\/site\/wp-json\/wp\/v2\/posts\/181795\/revisions\/181804"}],"wp:featuredmedia":[{"embeddable":true,"href":"https:\/\/noticiasmercedinas.com\/site\/wp-json\/wp\/v2\/media\/181798"}],"wp:attachment":[{"href":"https:\/\/noticiasmercedinas.com\/site\/wp-json\/wp\/v2\/media?parent=181795"}],"wp:term":[{"taxonomy":"category","embeddable":true,"href":"https:\/\/noticiasmercedinas.com\/site\/wp-json\/wp\/v2\/categories?post=181795"},{"taxonomy":"post_tag","embeddable":true,"href":"https:\/\/noticiasmercedinas.com\/site\/wp-json\/wp\/v2\/tags?post=181795"}],"curies":[{"name":"wp","href":"https:\/\/api.w.org\/{rel}","templated":true}]}}