{"id":181811,"date":"2026-03-13T08:03:39","date_gmt":"2026-03-13T11:03:39","guid":{"rendered":"https:\/\/noticiasmercedinas.com\/site\/?p=181811"},"modified":"2026-03-13T08:03:39","modified_gmt":"2026-03-13T11:03:39","slug":"la-artista-paula-figoli-inauguro-su-instalacion-pictorica-en-el-concejo-deliberante","status":"publish","type":"post","link":"https:\/\/noticiasmercedinas.com\/site\/2026\/03\/13\/la-artista-paula-figoli-inauguro-su-instalacion-pictorica-en-el-concejo-deliberante\/","title":{"rendered":"La artista Paula F\u00edgoli inaugur\u00f3 su instalaci\u00f3n pict\u00f3rica en el Concejo Deliberante"},"content":{"rendered":"<p><img loading=\"lazy\" decoding=\"async\" class=\"alignnone size-full wp-image-181814\" src=\"https:\/\/noticiasmercedinas.com\/site\/wp-content\/uploads\/2026\/03\/figoli01.jpg\" alt=\"\" width=\"769\" height=\"528\" srcset=\"https:\/\/noticiasmercedinas.com\/site\/wp-content\/uploads\/2026\/03\/figoli01.jpg 769w, https:\/\/noticiasmercedinas.com\/site\/wp-content\/uploads\/2026\/03\/figoli01-300x206.jpg 300w, https:\/\/noticiasmercedinas.com\/site\/wp-content\/uploads\/2026\/03\/figoli01-640x439.jpg 640w, https:\/\/noticiasmercedinas.com\/site\/wp-content\/uploads\/2026\/03\/figoli01-681x468.jpg 681w\" sizes=\"auto, (max-width: 769px) 100vw, 769px\" \/><\/p>\n<p>Con un recinto de sesiones con buena cantidad de p\u00fablico, qued\u00f3 formalmente inaugurada este jueves la muestra especial de la artista Paula F\u00edgoli en el Honorable Concejo Deliberante (HCD) de Mercedes.<\/p>\n<p>Bajo el t\u00edtulo \u201cLa pintura como lugar\u201d, la instalaci\u00f3n pict\u00f3rica se integra a las actividades del ciclo \u00abSomos la voz que mueve\u00bb, una iniciativa que conmemora el 8M &#8211; Mes de la Mujer Trabajadora. En este caso, en el primer piso del palacio municipal.<\/p>\n<p>La apertura del evento, realizada en el Sal\u00f3n de Sesiones \u00abEva Per\u00f3n\u00bb, cont\u00f3 con la presencia de autoridades locales, referentes de las \u00e1reas de Cultura, G\u00e9nero y Diversidad, y vecinos que se acercaron para conocer una propuesta que rompe con la disposici\u00f3n tradicional del espacio legislativo.<\/p>\n<p>La obra de F\u00edgoli se destaca por una fuerte impronta escenogr\u00e1fica que busca establecer un di\u00e1logo directo entre el espectador, el edificio institucional y el universo creativo de la autora.<\/p>\n<p>La instalaci\u00f3n no se limita al soporte bidimensional; por el contrario, despliega un conjunto de pinturas y objetos que transforman el recinto deliberativo en un escenario de reflexi\u00f3n visual.<\/p>\n<p><img loading=\"lazy\" decoding=\"async\" class=\"alignnone size-full wp-image-181813\" src=\"https:\/\/noticiasmercedinas.com\/site\/wp-content\/uploads\/2026\/03\/figoli02.jpg\" alt=\"\" width=\"771\" height=\"828\" srcset=\"https:\/\/noticiasmercedinas.com\/site\/wp-content\/uploads\/2026\/03\/figoli02.jpg 771w, https:\/\/noticiasmercedinas.com\/site\/wp-content\/uploads\/2026\/03\/figoli02-279x300.jpg 279w, https:\/\/noticiasmercedinas.com\/site\/wp-content\/uploads\/2026\/03\/figoli02-768x825.jpg 768w, https:\/\/noticiasmercedinas.com\/site\/wp-content\/uploads\/2026\/03\/figoli02-640x687.jpg 640w, https:\/\/noticiasmercedinas.com\/site\/wp-content\/uploads\/2026\/03\/figoli02-681x731.jpg 681w\" sizes=\"auto, (max-width: 771px) 100vw, 771px\" \/><\/p>\n<p>El recorrido art\u00edstico incluye piezas de tres de sus series m\u00e1s emblem\u00e1ticas:<\/p>\n<ul>\n<li>Memorias de la ni\u00f1a: Una exploraci\u00f3n sobre la identidad y el pasado.<\/li>\n<li>RE-trato: Una interpelaci\u00f3n a la imagen y la mirada.<\/li>\n<li>PINTADAS (toma de la palabra): Serie que utiliza materiales no convencionales para dar voz a las problem\u00e1ticas actuales.<\/li>\n<\/ul>\n<p>\u00abSe trata de una b\u00fasqueda de habitar el espacio p\u00fablico con el universo privado, transformando este recinto en un lugar de encuentro\u00bb, explic\u00f3 la artista durante la jornada de apertura.<\/p>\n<p>La muestra continuar\u00e1 abierta al p\u00fablico en el HCD, invitando a la comunidad a participar de una experiencia donde el arte y la militancia cultural convergen en el coraz\u00f3n de la democracia local.<\/p>\n<p><strong>Reconocimiento<\/strong><br \/>\nPor su parte, la presidenta del HCD local Mariana San Mart\u00edn destac\u00f3: \u00abFue un momento muy especial donde el arte dialog\u00f3 con el espacio p\u00fablico, invit\u00e1ndonos a recorrer una obra de fuerte impronta escenogr\u00e1fica que integr\u00f3 pinturas, objetos y miradas del universo de la artista\u00bb.<\/p>\n<p>\u00abAgradecemos profundamente a Paula por compartir su obra y a todas las personas que se acercaron a acompa\u00f1ar esta propuesta. Seguimos convencidos de la importancia de abrir las puertas de nuestras instituciones al arte y la cultura, fortaleciendo espacios de encuentro, reflexi\u00f3n y participaci\u00f3n para toda la comunidad. Mercedes es tambi\u00e9n esto: una ciudad donde la cultura se vive, se comparte y sigue creciendo\u00bb, dijo.<\/p>\n<p><strong>Reconocimiento provincial: El hito del Sal\u00f3n PUEBLA<\/strong><br \/>\nVale agregar que el estreno de esta muestra en Mercedes coincide con un momento de gran proyecci\u00f3n para F\u00edgoli. Recientemente, su obra \u00abNo pasar\u00e1n II\u00bb fue seleccionada para integrar el Sal\u00f3n PUEBLA, una de las convocatorias de artes visuales m\u00e1s relevantes de la Provincia de Buenos Aires, organizada por el Instituto Cultural bonaerense y el Museo de Bellas Artes \u00abEmilio Pettoruti\u00bb.<\/p>\n<p>La pieza, realizada con materiales disruptivos como maquillajes, fue elegida entre cerca de 400 postulaciones de todo el territorio provincial. Actualmente, la obra de la mercedina forma parte de la exclusiva selecci\u00f3n de 40 trabajos exhibidos en el Teatro Argentino de La Plata, consolidando su posici\u00f3n como una de las voces referentes de la pl\u00e1stica regional.<\/p>\n<p><img loading=\"lazy\" decoding=\"async\" class=\"alignnone size-full wp-image-181812\" src=\"https:\/\/noticiasmercedinas.com\/site\/wp-content\/uploads\/2026\/03\/figoli03.jpg\" alt=\"\" width=\"782\" height=\"622\" srcset=\"https:\/\/noticiasmercedinas.com\/site\/wp-content\/uploads\/2026\/03\/figoli03.jpg 782w, https:\/\/noticiasmercedinas.com\/site\/wp-content\/uploads\/2026\/03\/figoli03-300x239.jpg 300w, https:\/\/noticiasmercedinas.com\/site\/wp-content\/uploads\/2026\/03\/figoli03-768x611.jpg 768w, https:\/\/noticiasmercedinas.com\/site\/wp-content\/uploads\/2026\/03\/figoli03-640x509.jpg 640w, https:\/\/noticiasmercedinas.com\/site\/wp-content\/uploads\/2026\/03\/figoli03-681x542.jpg 681w\" sizes=\"auto, (max-width: 782px) 100vw, 782px\" \/><\/p>\n<p>&nbsp;<\/p>\n","protected":false},"excerpt":{"rendered":"<p>\u25a0 La muestra \u00abLa pintura como lugar\u00bb se presenta en el marco del ciclo \u00abSomos la voz que mueve\u00bb por el Mes de la Mujer Trabajadora. El evento destaca la trayectoria de la artista mercedina, recientemente seleccionada para el prestigioso Sal\u00f3n PUEBLA.<\/p>\n","protected":false},"author":16,"featured_media":181814,"comment_status":"closed","ping_status":"closed","sticky":false,"template":"","format":"standard","meta":{"footnotes":""},"categories":[4],"tags":[190,243,19,6643],"class_list":["post-181811","post","type-post","status-publish","format-standard","has-post-thumbnail","hentry","category-cultura","tag-arte","tag-concejo-deliberante","tag-hcd","tag-paula-figoli"],"yoast_head":"<!-- This site is optimized with the Yoast SEO plugin v27.4 - https:\/\/yoast.com\/product\/yoast-seo-wordpress\/ -->\n<title>La artista Paula F\u00edgoli inaugur\u00f3 su instalaci\u00f3n pict\u00f3rica en el Concejo Deliberante<\/title>\n<meta name=\"description\" content=\"La muestra &quot;La pintura como lugar&quot; se presenta en el marco del ciclo \u00abSomos la voz que mueve\u00bb por el Mes de la Mujer Trabajadora. El evento destaca la trayectoria de la artista mercedina, recientemente seleccionada para el prestigioso Sal\u00f3n PUEBLA.\" \/>\n<meta name=\"robots\" content=\"index, follow, max-snippet:-1, max-image-preview:large, max-video-preview:-1\" \/>\n<link rel=\"canonical\" href=\"https:\/\/noticiasmercedinas.com\/site\/2026\/03\/13\/la-artista-paula-figoli-inauguro-su-instalacion-pictorica-en-el-concejo-deliberante\/\" \/>\n<meta property=\"og:locale\" content=\"es_ES\" \/>\n<meta property=\"og:type\" content=\"article\" \/>\n<meta property=\"og:title\" content=\"La artista Paula F\u00edgoli inaugur\u00f3 su instalaci\u00f3n pict\u00f3rica en el Concejo Deliberante\" \/>\n<meta property=\"og:description\" content=\"La muestra &quot;La pintura como lugar&quot; se presenta en el marco del ciclo \u00abSomos la voz que mueve\u00bb por el Mes de la Mujer Trabajadora. El evento destaca la trayectoria de la artista mercedina, recientemente seleccionada para el prestigioso Sal\u00f3n PUEBLA.\" \/>\n<meta property=\"og:url\" content=\"https:\/\/noticiasmercedinas.com\/site\/2026\/03\/13\/la-artista-paula-figoli-inauguro-su-instalacion-pictorica-en-el-concejo-deliberante\/\" \/>\n<meta property=\"og:site_name\" content=\"NOTICIASMERCEDINAS.COM\" \/>\n<meta property=\"article:publisher\" content=\"https:\/\/www.facebook.com\/noticiasmercedinas\/\" \/>\n<meta property=\"article:published_time\" content=\"2026-03-13T11:03:39+00:00\" \/>\n<meta property=\"og:image\" content=\"https:\/\/noticiasmercedinas.com\/site\/wp-content\/uploads\/2026\/03\/figoli01.jpg\" \/>\n\t<meta property=\"og:image:width\" content=\"769\" \/>\n\t<meta property=\"og:image:height\" content=\"528\" \/>\n\t<meta property=\"og:image:type\" content=\"image\/jpeg\" \/>\n<meta name=\"author\" content=\"NOTICIASMERCEDINAS.COM\" \/>\n<meta name=\"twitter:card\" content=\"summary_large_image\" \/>\n<meta name=\"twitter:creator\" content=\"@notmercedinas\" \/>\n<meta name=\"twitter:site\" content=\"@notmercedinas\" \/>\n<meta name=\"twitter:label1\" content=\"Escrito por\" \/>\n\t<meta name=\"twitter:data1\" content=\"NOTICIASMERCEDINAS.COM\" \/>\n\t<meta name=\"twitter:label2\" content=\"Tiempo de lectura\" \/>\n\t<meta name=\"twitter:data2\" content=\"4 minutos\" \/>\n<script type=\"application\/ld+json\" class=\"yoast-schema-graph\">{\"@context\":\"https:\\\/\\\/schema.org\",\"@graph\":[{\"@type\":\"Article\",\"@id\":\"https:\\\/\\\/noticiasmercedinas.com\\\/site\\\/2026\\\/03\\\/13\\\/la-artista-paula-figoli-inauguro-su-instalacion-pictorica-en-el-concejo-deliberante\\\/#article\",\"isPartOf\":{\"@id\":\"https:\\\/\\\/noticiasmercedinas.com\\\/site\\\/2026\\\/03\\\/13\\\/la-artista-paula-figoli-inauguro-su-instalacion-pictorica-en-el-concejo-deliberante\\\/\"},\"author\":{\"name\":\"NOTICIASMERCEDINAS.COM\",\"@id\":\"https:\\\/\\\/noticiasmercedinas.com\\\/site\\\/#\\\/schema\\\/person\\\/84b59c099c28ff2e8b77d4ceec5d8063\"},\"headline\":\"La artista Paula F\u00edgoli inaugur\u00f3 su instalaci\u00f3n pict\u00f3rica en el Concejo Deliberante\",\"datePublished\":\"2026-03-13T11:03:39+00:00\",\"mainEntityOfPage\":{\"@id\":\"https:\\\/\\\/noticiasmercedinas.com\\\/site\\\/2026\\\/03\\\/13\\\/la-artista-paula-figoli-inauguro-su-instalacion-pictorica-en-el-concejo-deliberante\\\/\"},\"wordCount\":585,\"publisher\":{\"@id\":\"https:\\\/\\\/noticiasmercedinas.com\\\/site\\\/#organization\"},\"image\":{\"@id\":\"https:\\\/\\\/noticiasmercedinas.com\\\/site\\\/2026\\\/03\\\/13\\\/la-artista-paula-figoli-inauguro-su-instalacion-pictorica-en-el-concejo-deliberante\\\/#primaryimage\"},\"thumbnailUrl\":\"https:\\\/\\\/noticiasmercedinas.com\\\/site\\\/wp-content\\\/uploads\\\/2026\\\/03\\\/figoli01.jpg\",\"keywords\":[\"arte\",\"concejo deliberante\",\"HCD\",\"paula figoli\"],\"articleSection\":[\"Cultura\"],\"inLanguage\":\"es\"},{\"@type\":\"WebPage\",\"@id\":\"https:\\\/\\\/noticiasmercedinas.com\\\/site\\\/2026\\\/03\\\/13\\\/la-artista-paula-figoli-inauguro-su-instalacion-pictorica-en-el-concejo-deliberante\\\/\",\"url\":\"https:\\\/\\\/noticiasmercedinas.com\\\/site\\\/2026\\\/03\\\/13\\\/la-artista-paula-figoli-inauguro-su-instalacion-pictorica-en-el-concejo-deliberante\\\/\",\"name\":\"La artista Paula F\u00edgoli inaugur\u00f3 su instalaci\u00f3n pict\u00f3rica en el Concejo Deliberante\",\"isPartOf\":{\"@id\":\"https:\\\/\\\/noticiasmercedinas.com\\\/site\\\/#website\"},\"primaryImageOfPage\":{\"@id\":\"https:\\\/\\\/noticiasmercedinas.com\\\/site\\\/2026\\\/03\\\/13\\\/la-artista-paula-figoli-inauguro-su-instalacion-pictorica-en-el-concejo-deliberante\\\/#primaryimage\"},\"image\":{\"@id\":\"https:\\\/\\\/noticiasmercedinas.com\\\/site\\\/2026\\\/03\\\/13\\\/la-artista-paula-figoli-inauguro-su-instalacion-pictorica-en-el-concejo-deliberante\\\/#primaryimage\"},\"thumbnailUrl\":\"https:\\\/\\\/noticiasmercedinas.com\\\/site\\\/wp-content\\\/uploads\\\/2026\\\/03\\\/figoli01.jpg\",\"datePublished\":\"2026-03-13T11:03:39+00:00\",\"description\":\"La muestra \\\"La pintura como lugar\\\" se presenta en el marco del ciclo \u00abSomos la voz que mueve\u00bb por el Mes de la Mujer Trabajadora. El evento destaca la trayectoria de la artista mercedina, recientemente seleccionada para el prestigioso Sal\u00f3n PUEBLA.\",\"breadcrumb\":{\"@id\":\"https:\\\/\\\/noticiasmercedinas.com\\\/site\\\/2026\\\/03\\\/13\\\/la-artista-paula-figoli-inauguro-su-instalacion-pictorica-en-el-concejo-deliberante\\\/#breadcrumb\"},\"inLanguage\":\"es\",\"potentialAction\":[{\"@type\":\"ReadAction\",\"target\":[\"https:\\\/\\\/noticiasmercedinas.com\\\/site\\\/2026\\\/03\\\/13\\\/la-artista-paula-figoli-inauguro-su-instalacion-pictorica-en-el-concejo-deliberante\\\/\"]}]},{\"@type\":\"ImageObject\",\"inLanguage\":\"es\",\"@id\":\"https:\\\/\\\/noticiasmercedinas.com\\\/site\\\/2026\\\/03\\\/13\\\/la-artista-paula-figoli-inauguro-su-instalacion-pictorica-en-el-concejo-deliberante\\\/#primaryimage\",\"url\":\"https:\\\/\\\/noticiasmercedinas.com\\\/site\\\/wp-content\\\/uploads\\\/2026\\\/03\\\/figoli01.jpg\",\"contentUrl\":\"https:\\\/\\\/noticiasmercedinas.com\\\/site\\\/wp-content\\\/uploads\\\/2026\\\/03\\\/figoli01.jpg\",\"width\":769,\"height\":528},{\"@type\":\"BreadcrumbList\",\"@id\":\"https:\\\/\\\/noticiasmercedinas.com\\\/site\\\/2026\\\/03\\\/13\\\/la-artista-paula-figoli-inauguro-su-instalacion-pictorica-en-el-concejo-deliberante\\\/#breadcrumb\",\"itemListElement\":[{\"@type\":\"ListItem\",\"position\":1,\"name\":\"Portada\",\"item\":\"https:\\\/\\\/noticiasmercedinas.com\\\/site\\\/\"},{\"@type\":\"ListItem\",\"position\":2,\"name\":\"La artista Paula F\u00edgoli inaugur\u00f3 su instalaci\u00f3n pict\u00f3rica en el Concejo Deliberante\"}]},{\"@type\":\"WebSite\",\"@id\":\"https:\\\/\\\/noticiasmercedinas.com\\\/site\\\/#website\",\"url\":\"https:\\\/\\\/noticiasmercedinas.com\\\/site\\\/\",\"name\":\"NOTICIASMERCEDINAS.COM\",\"description\":\"Mercedes, Buenos Aires, Argentina\",\"publisher\":{\"@id\":\"https:\\\/\\\/noticiasmercedinas.com\\\/site\\\/#organization\"},\"potentialAction\":[{\"@type\":\"SearchAction\",\"target\":{\"@type\":\"EntryPoint\",\"urlTemplate\":\"https:\\\/\\\/noticiasmercedinas.com\\\/site\\\/?s={search_term_string}\"},\"query-input\":{\"@type\":\"PropertyValueSpecification\",\"valueRequired\":true,\"valueName\":\"search_term_string\"}}],\"inLanguage\":\"es\"},{\"@type\":\"Organization\",\"@id\":\"https:\\\/\\\/noticiasmercedinas.com\\\/site\\\/#organization\",\"name\":\"NOTICIASMERCEDINAS.COM\",\"url\":\"https:\\\/\\\/noticiasmercedinas.com\\\/site\\\/\",\"logo\":{\"@type\":\"ImageObject\",\"inLanguage\":\"es\",\"@id\":\"https:\\\/\\\/noticiasmercedinas.com\\\/site\\\/#\\\/schema\\\/logo\\\/image\\\/\",\"url\":\"https:\\\/\\\/noticiasmercedinas.com\\\/site\\\/wp-content\\\/uploads\\\/2020\\\/06\\\/LOGO-512.jpg\",\"contentUrl\":\"https:\\\/\\\/noticiasmercedinas.com\\\/site\\\/wp-content\\\/uploads\\\/2020\\\/06\\\/LOGO-512.jpg\",\"width\":512,\"height\":512,\"caption\":\"NOTICIASMERCEDINAS.COM\"},\"image\":{\"@id\":\"https:\\\/\\\/noticiasmercedinas.com\\\/site\\\/#\\\/schema\\\/logo\\\/image\\\/\"},\"sameAs\":[\"https:\\\/\\\/www.facebook.com\\\/noticiasmercedinas\\\/\",\"https:\\\/\\\/x.com\\\/notmercedinas\",\"https:\\\/\\\/www.instagram.com\\\/noticiasmercedinas\\\/\"]},{\"@type\":\"Person\",\"@id\":\"https:\\\/\\\/noticiasmercedinas.com\\\/site\\\/#\\\/schema\\\/person\\\/84b59c099c28ff2e8b77d4ceec5d8063\",\"name\":\"NOTICIASMERCEDINAS.COM\",\"image\":{\"@type\":\"ImageObject\",\"inLanguage\":\"es\",\"@id\":\"https:\\\/\\\/secure.gravatar.com\\\/avatar\\\/4dfbf16b4d17945bfb6341b2d19043457132fcf478a5ee04f42e959fd8f5df0a?s=96&d=mm&r=g\",\"url\":\"https:\\\/\\\/secure.gravatar.com\\\/avatar\\\/4dfbf16b4d17945bfb6341b2d19043457132fcf478a5ee04f42e959fd8f5df0a?s=96&d=mm&r=g\",\"contentUrl\":\"https:\\\/\\\/secure.gravatar.com\\\/avatar\\\/4dfbf16b4d17945bfb6341b2d19043457132fcf478a5ee04f42e959fd8f5df0a?s=96&d=mm&r=g\",\"caption\":\"NOTICIASMERCEDINAS.COM\"},\"url\":\"https:\\\/\\\/noticiasmercedinas.com\\\/site\\\/author\\\/anonimo\\\/\"}]}<\/script>\n<!-- \/ Yoast SEO plugin. -->","yoast_head_json":{"title":"La artista Paula F\u00edgoli inaugur\u00f3 su instalaci\u00f3n pict\u00f3rica en el Concejo Deliberante","description":"La muestra \"La pintura como lugar\" se presenta en el marco del ciclo \u00abSomos la voz que mueve\u00bb por el Mes de la Mujer Trabajadora. El evento destaca la trayectoria de la artista mercedina, recientemente seleccionada para el prestigioso Sal\u00f3n PUEBLA.","robots":{"index":"index","follow":"follow","max-snippet":"max-snippet:-1","max-image-preview":"max-image-preview:large","max-video-preview":"max-video-preview:-1"},"canonical":"https:\/\/noticiasmercedinas.com\/site\/2026\/03\/13\/la-artista-paula-figoli-inauguro-su-instalacion-pictorica-en-el-concejo-deliberante\/","og_locale":"es_ES","og_type":"article","og_title":"La artista Paula F\u00edgoli inaugur\u00f3 su instalaci\u00f3n pict\u00f3rica en el Concejo Deliberante","og_description":"La muestra \"La pintura como lugar\" se presenta en el marco del ciclo \u00abSomos la voz que mueve\u00bb por el Mes de la Mujer Trabajadora. El evento destaca la trayectoria de la artista mercedina, recientemente seleccionada para el prestigioso Sal\u00f3n PUEBLA.","og_url":"https:\/\/noticiasmercedinas.com\/site\/2026\/03\/13\/la-artista-paula-figoli-inauguro-su-instalacion-pictorica-en-el-concejo-deliberante\/","og_site_name":"NOTICIASMERCEDINAS.COM","article_publisher":"https:\/\/www.facebook.com\/noticiasmercedinas\/","article_published_time":"2026-03-13T11:03:39+00:00","og_image":[{"width":769,"height":528,"url":"https:\/\/noticiasmercedinas.com\/site\/wp-content\/uploads\/2026\/03\/figoli01.jpg","type":"image\/jpeg"}],"author":"NOTICIASMERCEDINAS.COM","twitter_card":"summary_large_image","twitter_creator":"@notmercedinas","twitter_site":"@notmercedinas","twitter_misc":{"Escrito por":"NOTICIASMERCEDINAS.COM","Tiempo de lectura":"4 minutos"},"schema":{"@context":"https:\/\/schema.org","@graph":[{"@type":"Article","@id":"https:\/\/noticiasmercedinas.com\/site\/2026\/03\/13\/la-artista-paula-figoli-inauguro-su-instalacion-pictorica-en-el-concejo-deliberante\/#article","isPartOf":{"@id":"https:\/\/noticiasmercedinas.com\/site\/2026\/03\/13\/la-artista-paula-figoli-inauguro-su-instalacion-pictorica-en-el-concejo-deliberante\/"},"author":{"name":"NOTICIASMERCEDINAS.COM","@id":"https:\/\/noticiasmercedinas.com\/site\/#\/schema\/person\/84b59c099c28ff2e8b77d4ceec5d8063"},"headline":"La artista Paula F\u00edgoli inaugur\u00f3 su instalaci\u00f3n pict\u00f3rica en el Concejo Deliberante","datePublished":"2026-03-13T11:03:39+00:00","mainEntityOfPage":{"@id":"https:\/\/noticiasmercedinas.com\/site\/2026\/03\/13\/la-artista-paula-figoli-inauguro-su-instalacion-pictorica-en-el-concejo-deliberante\/"},"wordCount":585,"publisher":{"@id":"https:\/\/noticiasmercedinas.com\/site\/#organization"},"image":{"@id":"https:\/\/noticiasmercedinas.com\/site\/2026\/03\/13\/la-artista-paula-figoli-inauguro-su-instalacion-pictorica-en-el-concejo-deliberante\/#primaryimage"},"thumbnailUrl":"https:\/\/noticiasmercedinas.com\/site\/wp-content\/uploads\/2026\/03\/figoli01.jpg","keywords":["arte","concejo deliberante","HCD","paula figoli"],"articleSection":["Cultura"],"inLanguage":"es"},{"@type":"WebPage","@id":"https:\/\/noticiasmercedinas.com\/site\/2026\/03\/13\/la-artista-paula-figoli-inauguro-su-instalacion-pictorica-en-el-concejo-deliberante\/","url":"https:\/\/noticiasmercedinas.com\/site\/2026\/03\/13\/la-artista-paula-figoli-inauguro-su-instalacion-pictorica-en-el-concejo-deliberante\/","name":"La artista Paula F\u00edgoli inaugur\u00f3 su instalaci\u00f3n pict\u00f3rica en el Concejo Deliberante","isPartOf":{"@id":"https:\/\/noticiasmercedinas.com\/site\/#website"},"primaryImageOfPage":{"@id":"https:\/\/noticiasmercedinas.com\/site\/2026\/03\/13\/la-artista-paula-figoli-inauguro-su-instalacion-pictorica-en-el-concejo-deliberante\/#primaryimage"},"image":{"@id":"https:\/\/noticiasmercedinas.com\/site\/2026\/03\/13\/la-artista-paula-figoli-inauguro-su-instalacion-pictorica-en-el-concejo-deliberante\/#primaryimage"},"thumbnailUrl":"https:\/\/noticiasmercedinas.com\/site\/wp-content\/uploads\/2026\/03\/figoli01.jpg","datePublished":"2026-03-13T11:03:39+00:00","description":"La muestra \"La pintura como lugar\" se presenta en el marco del ciclo \u00abSomos la voz que mueve\u00bb por el Mes de la Mujer Trabajadora. El evento destaca la trayectoria de la artista mercedina, recientemente seleccionada para el prestigioso Sal\u00f3n PUEBLA.","breadcrumb":{"@id":"https:\/\/noticiasmercedinas.com\/site\/2026\/03\/13\/la-artista-paula-figoli-inauguro-su-instalacion-pictorica-en-el-concejo-deliberante\/#breadcrumb"},"inLanguage":"es","potentialAction":[{"@type":"ReadAction","target":["https:\/\/noticiasmercedinas.com\/site\/2026\/03\/13\/la-artista-paula-figoli-inauguro-su-instalacion-pictorica-en-el-concejo-deliberante\/"]}]},{"@type":"ImageObject","inLanguage":"es","@id":"https:\/\/noticiasmercedinas.com\/site\/2026\/03\/13\/la-artista-paula-figoli-inauguro-su-instalacion-pictorica-en-el-concejo-deliberante\/#primaryimage","url":"https:\/\/noticiasmercedinas.com\/site\/wp-content\/uploads\/2026\/03\/figoli01.jpg","contentUrl":"https:\/\/noticiasmercedinas.com\/site\/wp-content\/uploads\/2026\/03\/figoli01.jpg","width":769,"height":528},{"@type":"BreadcrumbList","@id":"https:\/\/noticiasmercedinas.com\/site\/2026\/03\/13\/la-artista-paula-figoli-inauguro-su-instalacion-pictorica-en-el-concejo-deliberante\/#breadcrumb","itemListElement":[{"@type":"ListItem","position":1,"name":"Portada","item":"https:\/\/noticiasmercedinas.com\/site\/"},{"@type":"ListItem","position":2,"name":"La artista Paula F\u00edgoli inaugur\u00f3 su instalaci\u00f3n pict\u00f3rica en el Concejo Deliberante"}]},{"@type":"WebSite","@id":"https:\/\/noticiasmercedinas.com\/site\/#website","url":"https:\/\/noticiasmercedinas.com\/site\/","name":"NOTICIASMERCEDINAS.COM","description":"Mercedes, Buenos Aires, Argentina","publisher":{"@id":"https:\/\/noticiasmercedinas.com\/site\/#organization"},"potentialAction":[{"@type":"SearchAction","target":{"@type":"EntryPoint","urlTemplate":"https:\/\/noticiasmercedinas.com\/site\/?s={search_term_string}"},"query-input":{"@type":"PropertyValueSpecification","valueRequired":true,"valueName":"search_term_string"}}],"inLanguage":"es"},{"@type":"Organization","@id":"https:\/\/noticiasmercedinas.com\/site\/#organization","name":"NOTICIASMERCEDINAS.COM","url":"https:\/\/noticiasmercedinas.com\/site\/","logo":{"@type":"ImageObject","inLanguage":"es","@id":"https:\/\/noticiasmercedinas.com\/site\/#\/schema\/logo\/image\/","url":"https:\/\/noticiasmercedinas.com\/site\/wp-content\/uploads\/2020\/06\/LOGO-512.jpg","contentUrl":"https:\/\/noticiasmercedinas.com\/site\/wp-content\/uploads\/2020\/06\/LOGO-512.jpg","width":512,"height":512,"caption":"NOTICIASMERCEDINAS.COM"},"image":{"@id":"https:\/\/noticiasmercedinas.com\/site\/#\/schema\/logo\/image\/"},"sameAs":["https:\/\/www.facebook.com\/noticiasmercedinas\/","https:\/\/x.com\/notmercedinas","https:\/\/www.instagram.com\/noticiasmercedinas\/"]},{"@type":"Person","@id":"https:\/\/noticiasmercedinas.com\/site\/#\/schema\/person\/84b59c099c28ff2e8b77d4ceec5d8063","name":"NOTICIASMERCEDINAS.COM","image":{"@type":"ImageObject","inLanguage":"es","@id":"https:\/\/secure.gravatar.com\/avatar\/4dfbf16b4d17945bfb6341b2d19043457132fcf478a5ee04f42e959fd8f5df0a?s=96&d=mm&r=g","url":"https:\/\/secure.gravatar.com\/avatar\/4dfbf16b4d17945bfb6341b2d19043457132fcf478a5ee04f42e959fd8f5df0a?s=96&d=mm&r=g","contentUrl":"https:\/\/secure.gravatar.com\/avatar\/4dfbf16b4d17945bfb6341b2d19043457132fcf478a5ee04f42e959fd8f5df0a?s=96&d=mm&r=g","caption":"NOTICIASMERCEDINAS.COM"},"url":"https:\/\/noticiasmercedinas.com\/site\/author\/anonimo\/"}]}},"amp_enabled":true,"_links":{"self":[{"href":"https:\/\/noticiasmercedinas.com\/site\/wp-json\/wp\/v2\/posts\/181811","targetHints":{"allow":["GET"]}}],"collection":[{"href":"https:\/\/noticiasmercedinas.com\/site\/wp-json\/wp\/v2\/posts"}],"about":[{"href":"https:\/\/noticiasmercedinas.com\/site\/wp-json\/wp\/v2\/types\/post"}],"author":[{"embeddable":true,"href":"https:\/\/noticiasmercedinas.com\/site\/wp-json\/wp\/v2\/users\/16"}],"replies":[{"embeddable":true,"href":"https:\/\/noticiasmercedinas.com\/site\/wp-json\/wp\/v2\/comments?post=181811"}],"version-history":[{"count":1,"href":"https:\/\/noticiasmercedinas.com\/site\/wp-json\/wp\/v2\/posts\/181811\/revisions"}],"predecessor-version":[{"id":181815,"href":"https:\/\/noticiasmercedinas.com\/site\/wp-json\/wp\/v2\/posts\/181811\/revisions\/181815"}],"wp:featuredmedia":[{"embeddable":true,"href":"https:\/\/noticiasmercedinas.com\/site\/wp-json\/wp\/v2\/media\/181814"}],"wp:attachment":[{"href":"https:\/\/noticiasmercedinas.com\/site\/wp-json\/wp\/v2\/media?parent=181811"}],"wp:term":[{"taxonomy":"category","embeddable":true,"href":"https:\/\/noticiasmercedinas.com\/site\/wp-json\/wp\/v2\/categories?post=181811"},{"taxonomy":"post_tag","embeddable":true,"href":"https:\/\/noticiasmercedinas.com\/site\/wp-json\/wp\/v2\/tags?post=181811"}],"curies":[{"name":"wp","href":"https:\/\/api.w.org\/{rel}","templated":true}]}}