{"id":181816,"date":"2026-03-13T09:06:26","date_gmt":"2026-03-13T12:06:26","guid":{"rendered":"https:\/\/noticiasmercedinas.com\/site\/?p=181816"},"modified":"2026-03-13T09:13:47","modified_gmt":"2026-03-13T12:13:47","slug":"lanzan-expo-mercedes-productiva-2026-en-expoagro-una-alianza-estrategica-entre-campo-e-industria","status":"publish","type":"post","link":"https:\/\/noticiasmercedinas.com\/site\/2026\/03\/13\/lanzan-expo-mercedes-productiva-2026-en-expoagro-una-alianza-estrategica-entre-campo-e-industria\/","title":{"rendered":"Lanzan \u00abExpo Mercedes Productiva 2026\u00bb en Expoagro: una alianza estrat\u00e9gica entre campo e industria"},"content":{"rendered":"<p><img loading=\"lazy\" decoding=\"async\" class=\"alignnone size-full wp-image-181817\" src=\"https:\/\/noticiasmercedinas.com\/site\/wp-content\/uploads\/2026\/03\/expoagro01.jpg\" alt=\"\" width=\"640\" height=\"377\" srcset=\"https:\/\/noticiasmercedinas.com\/site\/wp-content\/uploads\/2026\/03\/expoagro01.jpg 640w, https:\/\/noticiasmercedinas.com\/site\/wp-content\/uploads\/2026\/03\/expoagro01-300x177.jpg 300w\" sizes=\"auto, (max-width: 640px) 100vw, 640px\" \/><\/p>\n<p>SAN NICOL\u00c1S \/ MERCEDES \u2013 En el marco de una nueva edici\u00f3n de Expoagro, la ciudad de Mercedes dio un paso fundamental para consolidar su perfil econ\u00f3mico al oficializar el lanzamiento de la \u00abEXPO MERCEDES PRODUCTIVA 2026\u00bb.<\/p>\n<p>Bajo el lema \u201cAgro, industria y comercio en acci\u00f3n\u201d, la muestra local \u2014que se realizar\u00e1 del 24 al 27 de septiembre en el predio de Ruta 5, km 100\u2014 se present\u00f3 con una estructura organizativa renovada que busca integrar todas las fuerzas vivas de la ciudad.<\/p>\n<p>La gran novedad de esta edici\u00f3n es la consolidaci\u00f3n de un comit\u00e9 organizador que une al sector primario, el comercial y el fabril. La presentaci\u00f3n estuvo liderada por<strong> Leonardo Fag\u00fandez<\/strong>, presidente de la Sociedad Rural Regional Mercedes (SRRM); <strong>Ariel Pietrucha<\/strong>, gerente de la C\u00e1mara Econ\u00f3mica Mercedina (CEM); y el Sector Industrial Planificado (SIP), representado institucionalmente junto a <strong>Mart\u00edn Boragno<\/strong>, director de Producci\u00f3n local.<\/p>\n<p>\u00abEste a\u00f1o la exposici\u00f3n dar\u00e1 un salto de jerarqu\u00eda. Vamos a trabajar codo a codo con la C\u00e1mara Econ\u00f3mica, CAME y el Sector Industrial Planificado para que Mercedes muestre no solo su potencia ganadera y agr\u00edcola, sino todo su entramado fabril, comercial y las producciones incipientes\u00bb, destac\u00f3 Fag\u00fandez durante el anuncio.<\/p>\n<p><strong>Rondas de negocios y apoyo institucional<\/strong><br \/>\nLa Expo Mercedes Productiva 2026 contar\u00e1 con un fuerte componente de vinculaci\u00f3n empresarial. Gracias a la co-organizaci\u00f3n con el sector industrial y comercial, se confirm\u00f3 la realizaci\u00f3n de rondas de negocios y la celebraci\u00f3n oficial del D\u00eda del Industrial.<\/p>\n<p>El evento cuenta, adem\u00e1s, con el aval de importantes entidades que adhieren a la propuesta:<\/p>\n<ul>\n<li>CAME (Confederaci\u00f3n Argentina de la Mediana Empresa).<\/li>\n<li>FEBA (Federaci\u00f3n Econ\u00f3mica de la Provincia de Buenos Aires).<\/li>\n<li>ADIBA (Asociaci\u00f3n de Industriales de la Provincia de Buenos Aires).<\/li>\n<\/ul>\n<p><strong>Identidad local: Del salame a la torta frita<\/strong><br \/>\nLa comitiva mercedina en Expoagro tambi\u00e9n puso de relieve el valor del turismo gastron\u00f3mico como motor econ\u00f3mico. Participaron del lanzamiento <strong>Lucas Losinno<\/strong>, productor de chacinados artesanales hom\u00f3nimos que se fabrican bajo la tradici\u00f3n familiar italiana y titular de la tienda de regionales \u00abLa Mendocina\u00bb (esquina 106 y 11), y <strong>F\u00e1tima Costas<\/strong>, referente de la Fiesta Nacional de la Torta Frita.<\/p>\n<p>Ambos destacaron el crecimiento exponencial que han tenido las fiestas populares locales \u2014incluyendo la del Salame Quintero\u2014, las cuales tendr\u00e1n un espacio destacado en la muestra de septiembre para promocionar la identidad y hospitalidad mercedina ante toda la regi\u00f3n.<\/p>\n<p><strong>Presencia industrial en la muestra nacional<\/strong><br \/>\nComplementando el lanzamiento, firmas locales de trayectoria <a href=\"https:\/\/noticiasmercedinas.com\/site\/2026\/03\/12\/agrale-despliega-su-potencial-tecnologico-y-maquinaria-de-vanguardia-en-la-20-edicion-de-expoagro\/\">como <strong>Agrale<\/strong><\/a> y <strong><a href=\"https:\/\/noticiasmercedinas.com\/site\/2026\/03\/09\/oxi-mercedes-en-expoagro-2026-todo-listo-en-san-nicolas-para-el-gran-debut-de-la-firma-mercedina\/\">Oxi Mercedes<\/a><\/strong> marcaron presencia con sus propios stands en Expoagro, exhibiendo la capacidad tecnol\u00f3gica y de servicios que la ciudad ofrece para el sector agroindustrial.<\/p>\n<p>Adem\u00e1s vale decir por \u00faltimo que tambi\u00e9n hubo en esta Expoagro 2026 referentes pol\u00edticos diversos como <a href=\"https:\/\/noticiasmercedinas.com\/site\/2026\/03\/12\/wado-de-pedro-en-expoagro-2026-el-gobierno-expone-a-las-pymes-a-una-competencia-desigual\/\">el senador nacional <strong>Eduardo \u00abWado\u00bb de Pedro<\/strong><\/a> o el m\u00e1s novel concejal local <strong>Bernardo Zubeld\u00eda<\/strong>, quien lidera una agrupaci\u00f3n vecinal en crecimiento en Mercedes.<\/p>\n<p><img loading=\"lazy\" decoding=\"async\" class=\"alignnone size-full wp-image-181818\" src=\"https:\/\/noticiasmercedinas.com\/site\/wp-content\/uploads\/2026\/03\/mercedesproductiva.jpg\" alt=\"\" width=\"1199\" height=\"1261\" srcset=\"https:\/\/noticiasmercedinas.com\/site\/wp-content\/uploads\/2026\/03\/mercedesproductiva.jpg 1199w, https:\/\/noticiasmercedinas.com\/site\/wp-content\/uploads\/2026\/03\/mercedesproductiva-285x300.jpg 285w, https:\/\/noticiasmercedinas.com\/site\/wp-content\/uploads\/2026\/03\/mercedesproductiva-974x1024.jpg 974w, https:\/\/noticiasmercedinas.com\/site\/wp-content\/uploads\/2026\/03\/mercedesproductiva-768x808.jpg 768w, https:\/\/noticiasmercedinas.com\/site\/wp-content\/uploads\/2026\/03\/mercedesproductiva-640x673.jpg 640w, https:\/\/noticiasmercedinas.com\/site\/wp-content\/uploads\/2026\/03\/mercedesproductiva-681x716.jpg 681w\" sizes=\"auto, (max-width: 1199px) 100vw, 1199px\" \/><\/p>\n","protected":false},"excerpt":{"rendered":"<p>\u25a0 Con el respaldo unificado de la Sociedad Rural, la Ronda de negocios de CAME, la C\u00e1mara Econ\u00f3mica y el Sector Industrial Planificado, se present\u00f3 la muestra que del 24 al 27 de septiembre transformar\u00e1 el predio de Ruta 5 en el epicentro productivo de la regi\u00f3n.<\/p>\n","protected":false},"author":16,"featured_media":181817,"comment_status":"closed","ping_status":"closed","sticky":false,"template":"","format":"standard","meta":{"footnotes":""},"categories":[9527,3,20734],"tags":[405,377,13839,968,20603,327,1113],"class_list":["post-181816","post","type-post","status-publish","format-standard","has-post-thumbnail","hentry","category-campo","category-sociedad","category-ultimo-momento","tag-ariel-pietrucha","tag-cem","tag-expo-agro","tag-leonardo-fagundez","tag-lucas-losinno","tag-martin-boragno","tag-sociedad-rural"],"yoast_head":"<!-- This site is optimized with the Yoast SEO plugin v27.4 - https:\/\/yoast.com\/product\/yoast-seo-wordpress\/ -->\n<title>Lanzan &quot;Expo Mercedes Productiva 2026&quot; en Expoagro: una alianza estrat\u00e9gica entre campo e industria<\/title>\n<meta name=\"description\" content=\"Con el respaldo unificado de la Sociedad Rural, la Ronda de negocios de CAME, la C\u00e1mara Econ\u00f3mica y el Sector Industrial Planificado, se present\u00f3 la muestra que del 24 al 27 de septiembre transformar\u00e1 el predio de Ruta 5 en el epicentro productivo de la regi\u00f3n.\" \/>\n<meta name=\"robots\" content=\"index, follow, max-snippet:-1, max-image-preview:large, max-video-preview:-1\" \/>\n<link rel=\"canonical\" href=\"https:\/\/noticiasmercedinas.com\/site\/2026\/03\/13\/lanzan-expo-mercedes-productiva-2026-en-expoagro-una-alianza-estrategica-entre-campo-e-industria\/\" \/>\n<meta property=\"og:locale\" content=\"es_ES\" \/>\n<meta property=\"og:type\" content=\"article\" \/>\n<meta property=\"og:title\" content=\"Lanzan &quot;Expo Mercedes Productiva 2026&quot; en Expoagro: una alianza estrat\u00e9gica entre campo e industria\" \/>\n<meta property=\"og:description\" content=\"Con el respaldo unificado de la Sociedad Rural, la Ronda de negocios de CAME, la C\u00e1mara Econ\u00f3mica y el Sector Industrial Planificado, se present\u00f3 la muestra que del 24 al 27 de septiembre transformar\u00e1 el predio de Ruta 5 en el epicentro productivo de la regi\u00f3n.\" \/>\n<meta property=\"og:url\" content=\"https:\/\/noticiasmercedinas.com\/site\/2026\/03\/13\/lanzan-expo-mercedes-productiva-2026-en-expoagro-una-alianza-estrategica-entre-campo-e-industria\/\" \/>\n<meta property=\"og:site_name\" content=\"NOTICIASMERCEDINAS.COM\" \/>\n<meta property=\"article:publisher\" content=\"https:\/\/www.facebook.com\/noticiasmercedinas\/\" \/>\n<meta property=\"article:published_time\" content=\"2026-03-13T12:06:26+00:00\" \/>\n<meta property=\"article:modified_time\" content=\"2026-03-13T12:13:47+00:00\" \/>\n<meta property=\"og:image\" content=\"https:\/\/noticiasmercedinas.com\/site\/wp-content\/uploads\/2026\/03\/expoagro01.jpg\" \/>\n\t<meta property=\"og:image:width\" content=\"640\" \/>\n\t<meta property=\"og:image:height\" content=\"377\" \/>\n\t<meta property=\"og:image:type\" content=\"image\/jpeg\" \/>\n<meta name=\"author\" content=\"NOTICIASMERCEDINAS.COM\" \/>\n<meta name=\"twitter:card\" content=\"summary_large_image\" \/>\n<meta name=\"twitter:creator\" content=\"@notmercedinas\" \/>\n<meta name=\"twitter:site\" content=\"@notmercedinas\" \/>\n<meta name=\"twitter:label1\" content=\"Escrito por\" \/>\n\t<meta name=\"twitter:data1\" content=\"NOTICIASMERCEDINAS.COM\" \/>\n\t<meta name=\"twitter:label2\" content=\"Tiempo de lectura\" \/>\n\t<meta name=\"twitter:data2\" content=\"3 minutos\" \/>\n<script type=\"application\/ld+json\" class=\"yoast-schema-graph\">{\"@context\":\"https:\\\/\\\/schema.org\",\"@graph\":[{\"@type\":\"Article\",\"@id\":\"https:\\\/\\\/noticiasmercedinas.com\\\/site\\\/2026\\\/03\\\/13\\\/lanzan-expo-mercedes-productiva-2026-en-expoagro-una-alianza-estrategica-entre-campo-e-industria\\\/#article\",\"isPartOf\":{\"@id\":\"https:\\\/\\\/noticiasmercedinas.com\\\/site\\\/2026\\\/03\\\/13\\\/lanzan-expo-mercedes-productiva-2026-en-expoagro-una-alianza-estrategica-entre-campo-e-industria\\\/\"},\"author\":{\"name\":\"NOTICIASMERCEDINAS.COM\",\"@id\":\"https:\\\/\\\/noticiasmercedinas.com\\\/site\\\/#\\\/schema\\\/person\\\/84b59c099c28ff2e8b77d4ceec5d8063\"},\"headline\":\"Lanzan \u00abExpo Mercedes Productiva 2026\u00bb en Expoagro: una alianza estrat\u00e9gica entre campo e industria\",\"datePublished\":\"2026-03-13T12:06:26+00:00\",\"dateModified\":\"2026-03-13T12:13:47+00:00\",\"mainEntityOfPage\":{\"@id\":\"https:\\\/\\\/noticiasmercedinas.com\\\/site\\\/2026\\\/03\\\/13\\\/lanzan-expo-mercedes-productiva-2026-en-expoagro-una-alianza-estrategica-entre-campo-e-industria\\\/\"},\"wordCount\":518,\"publisher\":{\"@id\":\"https:\\\/\\\/noticiasmercedinas.com\\\/site\\\/#organization\"},\"image\":{\"@id\":\"https:\\\/\\\/noticiasmercedinas.com\\\/site\\\/2026\\\/03\\\/13\\\/lanzan-expo-mercedes-productiva-2026-en-expoagro-una-alianza-estrategica-entre-campo-e-industria\\\/#primaryimage\"},\"thumbnailUrl\":\"https:\\\/\\\/noticiasmercedinas.com\\\/site\\\/wp-content\\\/uploads\\\/2026\\\/03\\\/expoagro01.jpg\",\"keywords\":[\"ariel pietrucha\",\"cem\",\"expo agro\",\"Leonardo Fag\u00fandez\",\"lucas losinno\",\"martin boragno\",\"sociedad rural\"],\"articleSection\":[\"Campo\",\"Sociedad\",\"Ultimo momento\"],\"inLanguage\":\"es\"},{\"@type\":\"WebPage\",\"@id\":\"https:\\\/\\\/noticiasmercedinas.com\\\/site\\\/2026\\\/03\\\/13\\\/lanzan-expo-mercedes-productiva-2026-en-expoagro-una-alianza-estrategica-entre-campo-e-industria\\\/\",\"url\":\"https:\\\/\\\/noticiasmercedinas.com\\\/site\\\/2026\\\/03\\\/13\\\/lanzan-expo-mercedes-productiva-2026-en-expoagro-una-alianza-estrategica-entre-campo-e-industria\\\/\",\"name\":\"Lanzan \\\"Expo Mercedes Productiva 2026\\\" en Expoagro: una alianza estrat\u00e9gica entre campo e industria\",\"isPartOf\":{\"@id\":\"https:\\\/\\\/noticiasmercedinas.com\\\/site\\\/#website\"},\"primaryImageOfPage\":{\"@id\":\"https:\\\/\\\/noticiasmercedinas.com\\\/site\\\/2026\\\/03\\\/13\\\/lanzan-expo-mercedes-productiva-2026-en-expoagro-una-alianza-estrategica-entre-campo-e-industria\\\/#primaryimage\"},\"image\":{\"@id\":\"https:\\\/\\\/noticiasmercedinas.com\\\/site\\\/2026\\\/03\\\/13\\\/lanzan-expo-mercedes-productiva-2026-en-expoagro-una-alianza-estrategica-entre-campo-e-industria\\\/#primaryimage\"},\"thumbnailUrl\":\"https:\\\/\\\/noticiasmercedinas.com\\\/site\\\/wp-content\\\/uploads\\\/2026\\\/03\\\/expoagro01.jpg\",\"datePublished\":\"2026-03-13T12:06:26+00:00\",\"dateModified\":\"2026-03-13T12:13:47+00:00\",\"description\":\"Con el respaldo unificado de la Sociedad Rural, la Ronda de negocios de CAME, la C\u00e1mara Econ\u00f3mica y el Sector Industrial Planificado, se present\u00f3 la muestra que del 24 al 27 de septiembre transformar\u00e1 el predio de Ruta 5 en el epicentro productivo de la regi\u00f3n.\",\"breadcrumb\":{\"@id\":\"https:\\\/\\\/noticiasmercedinas.com\\\/site\\\/2026\\\/03\\\/13\\\/lanzan-expo-mercedes-productiva-2026-en-expoagro-una-alianza-estrategica-entre-campo-e-industria\\\/#breadcrumb\"},\"inLanguage\":\"es\",\"potentialAction\":[{\"@type\":\"ReadAction\",\"target\":[\"https:\\\/\\\/noticiasmercedinas.com\\\/site\\\/2026\\\/03\\\/13\\\/lanzan-expo-mercedes-productiva-2026-en-expoagro-una-alianza-estrategica-entre-campo-e-industria\\\/\"]}]},{\"@type\":\"ImageObject\",\"inLanguage\":\"es\",\"@id\":\"https:\\\/\\\/noticiasmercedinas.com\\\/site\\\/2026\\\/03\\\/13\\\/lanzan-expo-mercedes-productiva-2026-en-expoagro-una-alianza-estrategica-entre-campo-e-industria\\\/#primaryimage\",\"url\":\"https:\\\/\\\/noticiasmercedinas.com\\\/site\\\/wp-content\\\/uploads\\\/2026\\\/03\\\/expoagro01.jpg\",\"contentUrl\":\"https:\\\/\\\/noticiasmercedinas.com\\\/site\\\/wp-content\\\/uploads\\\/2026\\\/03\\\/expoagro01.jpg\",\"width\":640,\"height\":377},{\"@type\":\"BreadcrumbList\",\"@id\":\"https:\\\/\\\/noticiasmercedinas.com\\\/site\\\/2026\\\/03\\\/13\\\/lanzan-expo-mercedes-productiva-2026-en-expoagro-una-alianza-estrategica-entre-campo-e-industria\\\/#breadcrumb\",\"itemListElement\":[{\"@type\":\"ListItem\",\"position\":1,\"name\":\"Portada\",\"item\":\"https:\\\/\\\/noticiasmercedinas.com\\\/site\\\/\"},{\"@type\":\"ListItem\",\"position\":2,\"name\":\"Lanzan \u00abExpo Mercedes Productiva 2026\u00bb en Expoagro: una alianza estrat\u00e9gica entre campo e industria\"}]},{\"@type\":\"WebSite\",\"@id\":\"https:\\\/\\\/noticiasmercedinas.com\\\/site\\\/#website\",\"url\":\"https:\\\/\\\/noticiasmercedinas.com\\\/site\\\/\",\"name\":\"NOTICIASMERCEDINAS.COM\",\"description\":\"Mercedes, Buenos Aires, Argentina\",\"publisher\":{\"@id\":\"https:\\\/\\\/noticiasmercedinas.com\\\/site\\\/#organization\"},\"potentialAction\":[{\"@type\":\"SearchAction\",\"target\":{\"@type\":\"EntryPoint\",\"urlTemplate\":\"https:\\\/\\\/noticiasmercedinas.com\\\/site\\\/?s={search_term_string}\"},\"query-input\":{\"@type\":\"PropertyValueSpecification\",\"valueRequired\":true,\"valueName\":\"search_term_string\"}}],\"inLanguage\":\"es\"},{\"@type\":\"Organization\",\"@id\":\"https:\\\/\\\/noticiasmercedinas.com\\\/site\\\/#organization\",\"name\":\"NOTICIASMERCEDINAS.COM\",\"url\":\"https:\\\/\\\/noticiasmercedinas.com\\\/site\\\/\",\"logo\":{\"@type\":\"ImageObject\",\"inLanguage\":\"es\",\"@id\":\"https:\\\/\\\/noticiasmercedinas.com\\\/site\\\/#\\\/schema\\\/logo\\\/image\\\/\",\"url\":\"https:\\\/\\\/noticiasmercedinas.com\\\/site\\\/wp-content\\\/uploads\\\/2020\\\/06\\\/LOGO-512.jpg\",\"contentUrl\":\"https:\\\/\\\/noticiasmercedinas.com\\\/site\\\/wp-content\\\/uploads\\\/2020\\\/06\\\/LOGO-512.jpg\",\"width\":512,\"height\":512,\"caption\":\"NOTICIASMERCEDINAS.COM\"},\"image\":{\"@id\":\"https:\\\/\\\/noticiasmercedinas.com\\\/site\\\/#\\\/schema\\\/logo\\\/image\\\/\"},\"sameAs\":[\"https:\\\/\\\/www.facebook.com\\\/noticiasmercedinas\\\/\",\"https:\\\/\\\/x.com\\\/notmercedinas\",\"https:\\\/\\\/www.instagram.com\\\/noticiasmercedinas\\\/\"]},{\"@type\":\"Person\",\"@id\":\"https:\\\/\\\/noticiasmercedinas.com\\\/site\\\/#\\\/schema\\\/person\\\/84b59c099c28ff2e8b77d4ceec5d8063\",\"name\":\"NOTICIASMERCEDINAS.COM\",\"image\":{\"@type\":\"ImageObject\",\"inLanguage\":\"es\",\"@id\":\"https:\\\/\\\/secure.gravatar.com\\\/avatar\\\/4dfbf16b4d17945bfb6341b2d19043457132fcf478a5ee04f42e959fd8f5df0a?s=96&d=mm&r=g\",\"url\":\"https:\\\/\\\/secure.gravatar.com\\\/avatar\\\/4dfbf16b4d17945bfb6341b2d19043457132fcf478a5ee04f42e959fd8f5df0a?s=96&d=mm&r=g\",\"contentUrl\":\"https:\\\/\\\/secure.gravatar.com\\\/avatar\\\/4dfbf16b4d17945bfb6341b2d19043457132fcf478a5ee04f42e959fd8f5df0a?s=96&d=mm&r=g\",\"caption\":\"NOTICIASMERCEDINAS.COM\"},\"url\":\"https:\\\/\\\/noticiasmercedinas.com\\\/site\\\/author\\\/anonimo\\\/\"}]}<\/script>\n<!-- \/ Yoast SEO plugin. -->","yoast_head_json":{"title":"Lanzan \"Expo Mercedes Productiva 2026\" en Expoagro: una alianza estrat\u00e9gica entre campo e industria","description":"Con el respaldo unificado de la Sociedad Rural, la Ronda de negocios de CAME, la C\u00e1mara Econ\u00f3mica y el Sector Industrial Planificado, se present\u00f3 la muestra que del 24 al 27 de septiembre transformar\u00e1 el predio de Ruta 5 en el epicentro productivo de la regi\u00f3n.","robots":{"index":"index","follow":"follow","max-snippet":"max-snippet:-1","max-image-preview":"max-image-preview:large","max-video-preview":"max-video-preview:-1"},"canonical":"https:\/\/noticiasmercedinas.com\/site\/2026\/03\/13\/lanzan-expo-mercedes-productiva-2026-en-expoagro-una-alianza-estrategica-entre-campo-e-industria\/","og_locale":"es_ES","og_type":"article","og_title":"Lanzan \"Expo Mercedes Productiva 2026\" en Expoagro: una alianza estrat\u00e9gica entre campo e industria","og_description":"Con el respaldo unificado de la Sociedad Rural, la Ronda de negocios de CAME, la C\u00e1mara Econ\u00f3mica y el Sector Industrial Planificado, se present\u00f3 la muestra que del 24 al 27 de septiembre transformar\u00e1 el predio de Ruta 5 en el epicentro productivo de la regi\u00f3n.","og_url":"https:\/\/noticiasmercedinas.com\/site\/2026\/03\/13\/lanzan-expo-mercedes-productiva-2026-en-expoagro-una-alianza-estrategica-entre-campo-e-industria\/","og_site_name":"NOTICIASMERCEDINAS.COM","article_publisher":"https:\/\/www.facebook.com\/noticiasmercedinas\/","article_published_time":"2026-03-13T12:06:26+00:00","article_modified_time":"2026-03-13T12:13:47+00:00","og_image":[{"width":640,"height":377,"url":"https:\/\/noticiasmercedinas.com\/site\/wp-content\/uploads\/2026\/03\/expoagro01.jpg","type":"image\/jpeg"}],"author":"NOTICIASMERCEDINAS.COM","twitter_card":"summary_large_image","twitter_creator":"@notmercedinas","twitter_site":"@notmercedinas","twitter_misc":{"Escrito por":"NOTICIASMERCEDINAS.COM","Tiempo de lectura":"3 minutos"},"schema":{"@context":"https:\/\/schema.org","@graph":[{"@type":"Article","@id":"https:\/\/noticiasmercedinas.com\/site\/2026\/03\/13\/lanzan-expo-mercedes-productiva-2026-en-expoagro-una-alianza-estrategica-entre-campo-e-industria\/#article","isPartOf":{"@id":"https:\/\/noticiasmercedinas.com\/site\/2026\/03\/13\/lanzan-expo-mercedes-productiva-2026-en-expoagro-una-alianza-estrategica-entre-campo-e-industria\/"},"author":{"name":"NOTICIASMERCEDINAS.COM","@id":"https:\/\/noticiasmercedinas.com\/site\/#\/schema\/person\/84b59c099c28ff2e8b77d4ceec5d8063"},"headline":"Lanzan \u00abExpo Mercedes Productiva 2026\u00bb en Expoagro: una alianza estrat\u00e9gica entre campo e industria","datePublished":"2026-03-13T12:06:26+00:00","dateModified":"2026-03-13T12:13:47+00:00","mainEntityOfPage":{"@id":"https:\/\/noticiasmercedinas.com\/site\/2026\/03\/13\/lanzan-expo-mercedes-productiva-2026-en-expoagro-una-alianza-estrategica-entre-campo-e-industria\/"},"wordCount":518,"publisher":{"@id":"https:\/\/noticiasmercedinas.com\/site\/#organization"},"image":{"@id":"https:\/\/noticiasmercedinas.com\/site\/2026\/03\/13\/lanzan-expo-mercedes-productiva-2026-en-expoagro-una-alianza-estrategica-entre-campo-e-industria\/#primaryimage"},"thumbnailUrl":"https:\/\/noticiasmercedinas.com\/site\/wp-content\/uploads\/2026\/03\/expoagro01.jpg","keywords":["ariel pietrucha","cem","expo agro","Leonardo Fag\u00fandez","lucas losinno","martin boragno","sociedad rural"],"articleSection":["Campo","Sociedad","Ultimo momento"],"inLanguage":"es"},{"@type":"WebPage","@id":"https:\/\/noticiasmercedinas.com\/site\/2026\/03\/13\/lanzan-expo-mercedes-productiva-2026-en-expoagro-una-alianza-estrategica-entre-campo-e-industria\/","url":"https:\/\/noticiasmercedinas.com\/site\/2026\/03\/13\/lanzan-expo-mercedes-productiva-2026-en-expoagro-una-alianza-estrategica-entre-campo-e-industria\/","name":"Lanzan \"Expo Mercedes Productiva 2026\" en Expoagro: una alianza estrat\u00e9gica entre campo e industria","isPartOf":{"@id":"https:\/\/noticiasmercedinas.com\/site\/#website"},"primaryImageOfPage":{"@id":"https:\/\/noticiasmercedinas.com\/site\/2026\/03\/13\/lanzan-expo-mercedes-productiva-2026-en-expoagro-una-alianza-estrategica-entre-campo-e-industria\/#primaryimage"},"image":{"@id":"https:\/\/noticiasmercedinas.com\/site\/2026\/03\/13\/lanzan-expo-mercedes-productiva-2026-en-expoagro-una-alianza-estrategica-entre-campo-e-industria\/#primaryimage"},"thumbnailUrl":"https:\/\/noticiasmercedinas.com\/site\/wp-content\/uploads\/2026\/03\/expoagro01.jpg","datePublished":"2026-03-13T12:06:26+00:00","dateModified":"2026-03-13T12:13:47+00:00","description":"Con el respaldo unificado de la Sociedad Rural, la Ronda de negocios de CAME, la C\u00e1mara Econ\u00f3mica y el Sector Industrial Planificado, se present\u00f3 la muestra que del 24 al 27 de septiembre transformar\u00e1 el predio de Ruta 5 en el epicentro productivo de la regi\u00f3n.","breadcrumb":{"@id":"https:\/\/noticiasmercedinas.com\/site\/2026\/03\/13\/lanzan-expo-mercedes-productiva-2026-en-expoagro-una-alianza-estrategica-entre-campo-e-industria\/#breadcrumb"},"inLanguage":"es","potentialAction":[{"@type":"ReadAction","target":["https:\/\/noticiasmercedinas.com\/site\/2026\/03\/13\/lanzan-expo-mercedes-productiva-2026-en-expoagro-una-alianza-estrategica-entre-campo-e-industria\/"]}]},{"@type":"ImageObject","inLanguage":"es","@id":"https:\/\/noticiasmercedinas.com\/site\/2026\/03\/13\/lanzan-expo-mercedes-productiva-2026-en-expoagro-una-alianza-estrategica-entre-campo-e-industria\/#primaryimage","url":"https:\/\/noticiasmercedinas.com\/site\/wp-content\/uploads\/2026\/03\/expoagro01.jpg","contentUrl":"https:\/\/noticiasmercedinas.com\/site\/wp-content\/uploads\/2026\/03\/expoagro01.jpg","width":640,"height":377},{"@type":"BreadcrumbList","@id":"https:\/\/noticiasmercedinas.com\/site\/2026\/03\/13\/lanzan-expo-mercedes-productiva-2026-en-expoagro-una-alianza-estrategica-entre-campo-e-industria\/#breadcrumb","itemListElement":[{"@type":"ListItem","position":1,"name":"Portada","item":"https:\/\/noticiasmercedinas.com\/site\/"},{"@type":"ListItem","position":2,"name":"Lanzan \u00abExpo Mercedes Productiva 2026\u00bb en Expoagro: una alianza estrat\u00e9gica entre campo e industria"}]},{"@type":"WebSite","@id":"https:\/\/noticiasmercedinas.com\/site\/#website","url":"https:\/\/noticiasmercedinas.com\/site\/","name":"NOTICIASMERCEDINAS.COM","description":"Mercedes, Buenos Aires, Argentina","publisher":{"@id":"https:\/\/noticiasmercedinas.com\/site\/#organization"},"potentialAction":[{"@type":"SearchAction","target":{"@type":"EntryPoint","urlTemplate":"https:\/\/noticiasmercedinas.com\/site\/?s={search_term_string}"},"query-input":{"@type":"PropertyValueSpecification","valueRequired":true,"valueName":"search_term_string"}}],"inLanguage":"es"},{"@type":"Organization","@id":"https:\/\/noticiasmercedinas.com\/site\/#organization","name":"NOTICIASMERCEDINAS.COM","url":"https:\/\/noticiasmercedinas.com\/site\/","logo":{"@type":"ImageObject","inLanguage":"es","@id":"https:\/\/noticiasmercedinas.com\/site\/#\/schema\/logo\/image\/","url":"https:\/\/noticiasmercedinas.com\/site\/wp-content\/uploads\/2020\/06\/LOGO-512.jpg","contentUrl":"https:\/\/noticiasmercedinas.com\/site\/wp-content\/uploads\/2020\/06\/LOGO-512.jpg","width":512,"height":512,"caption":"NOTICIASMERCEDINAS.COM"},"image":{"@id":"https:\/\/noticiasmercedinas.com\/site\/#\/schema\/logo\/image\/"},"sameAs":["https:\/\/www.facebook.com\/noticiasmercedinas\/","https:\/\/x.com\/notmercedinas","https:\/\/www.instagram.com\/noticiasmercedinas\/"]},{"@type":"Person","@id":"https:\/\/noticiasmercedinas.com\/site\/#\/schema\/person\/84b59c099c28ff2e8b77d4ceec5d8063","name":"NOTICIASMERCEDINAS.COM","image":{"@type":"ImageObject","inLanguage":"es","@id":"https:\/\/secure.gravatar.com\/avatar\/4dfbf16b4d17945bfb6341b2d19043457132fcf478a5ee04f42e959fd8f5df0a?s=96&d=mm&r=g","url":"https:\/\/secure.gravatar.com\/avatar\/4dfbf16b4d17945bfb6341b2d19043457132fcf478a5ee04f42e959fd8f5df0a?s=96&d=mm&r=g","contentUrl":"https:\/\/secure.gravatar.com\/avatar\/4dfbf16b4d17945bfb6341b2d19043457132fcf478a5ee04f42e959fd8f5df0a?s=96&d=mm&r=g","caption":"NOTICIASMERCEDINAS.COM"},"url":"https:\/\/noticiasmercedinas.com\/site\/author\/anonimo\/"}]}},"amp_enabled":true,"_links":{"self":[{"href":"https:\/\/noticiasmercedinas.com\/site\/wp-json\/wp\/v2\/posts\/181816","targetHints":{"allow":["GET"]}}],"collection":[{"href":"https:\/\/noticiasmercedinas.com\/site\/wp-json\/wp\/v2\/posts"}],"about":[{"href":"https:\/\/noticiasmercedinas.com\/site\/wp-json\/wp\/v2\/types\/post"}],"author":[{"embeddable":true,"href":"https:\/\/noticiasmercedinas.com\/site\/wp-json\/wp\/v2\/users\/16"}],"replies":[{"embeddable":true,"href":"https:\/\/noticiasmercedinas.com\/site\/wp-json\/wp\/v2\/comments?post=181816"}],"version-history":[{"count":2,"href":"https:\/\/noticiasmercedinas.com\/site\/wp-json\/wp\/v2\/posts\/181816\/revisions"}],"predecessor-version":[{"id":181820,"href":"https:\/\/noticiasmercedinas.com\/site\/wp-json\/wp\/v2\/posts\/181816\/revisions\/181820"}],"wp:featuredmedia":[{"embeddable":true,"href":"https:\/\/noticiasmercedinas.com\/site\/wp-json\/wp\/v2\/media\/181817"}],"wp:attachment":[{"href":"https:\/\/noticiasmercedinas.com\/site\/wp-json\/wp\/v2\/media?parent=181816"}],"wp:term":[{"taxonomy":"category","embeddable":true,"href":"https:\/\/noticiasmercedinas.com\/site\/wp-json\/wp\/v2\/categories?post=181816"},{"taxonomy":"post_tag","embeddable":true,"href":"https:\/\/noticiasmercedinas.com\/site\/wp-json\/wp\/v2\/tags?post=181816"}],"curies":[{"name":"wp","href":"https:\/\/api.w.org\/{rel}","templated":true}]}}