{"id":181842,"date":"2026-03-13T19:20:51","date_gmt":"2026-03-13T22:20:51","guid":{"rendered":"https:\/\/noticiasmercedinas.com\/site\/?p=181842"},"modified":"2026-03-14T21:28:18","modified_gmt":"2026-03-15T00:28:18","slug":"se-reanuda-la-primera-c-club-mercedes-busca-extender-su-racha","status":"publish","type":"post","link":"https:\/\/noticiasmercedinas.com\/site\/2026\/03\/13\/se-reanuda-la-primera-c-club-mercedes-busca-extender-su-racha\/","title":{"rendered":"Se reanuda la Primera C: Club Mercedes busca extender su racha"},"content":{"rendered":"<figure id=\"attachment_181843\" aria-describedby=\"caption-attachment-181843\" style=\"width: 640px\" class=\"wp-caption alignnone\"><img loading=\"lazy\" decoding=\"async\" class=\"wp-image-181843 size-full\" src=\"https:\/\/noticiasmercedinas.com\/site\/wp-content\/uploads\/2026\/03\/IMG_8736.jpg\" alt=\"\" width=\"640\" height=\"411\" srcset=\"https:\/\/noticiasmercedinas.com\/site\/wp-content\/uploads\/2026\/03\/IMG_8736.jpg 640w, https:\/\/noticiasmercedinas.com\/site\/wp-content\/uploads\/2026\/03\/IMG_8736-300x194.jpg 300w\" sizes=\"auto, (max-width: 640px) 100vw, 640px\" \/><figcaption id=\"caption-attachment-181843\" class=\"wp-caption-text\">Viernes, \u00faltimo entrenamiento previa al partido.<\/figcaption><\/figure>\n<p>Con la mejor de las expectativas Club Mercedes afrontar\u00e1 este s\u00e1bado 14 un nuevo compromiso de la Primera C, reanud\u00e1ndose con la tercera fecha el certamen tras el parate de un fin de semana. En el Saturnino Moure (situado en Meandro de Brian) Victoriano Arenas recibir\u00e1 al equipo de Oscar Mena, el local viene de perder en la primera fecha ante Puerto Nuevo 1-0 para reponerse en su visita a Deportivo Paraguayo por 2 a 0 en La Matanza.<\/p>\n<p>Mercedes llega invicto, 2-0 en su incursi\u00f3n a Justo Jos\u00e9 de Urquiza y 1-0 a Centro Espa\u00f1ol en la Liga, con ello busca darle continuidad al positivo inicio de temporada. Para ello plantel se entren\u00f3 desde el lunes tras el par\u00e9ntesis del fin de semana, culminado la preparaci\u00f3n del partido este viernes 13. Se recupera de la lesi\u00f3n que no le permiti\u00f3 seguir en partido Gonzalo Ca\u00f1ete, mientras que Mart\u00edn Zuccaro se entren\u00f3 de manera diferenciada. \u00a0\u00a0<strong><br \/>\n<img loading=\"lazy\" decoding=\"async\" class=\"alignnone size-full wp-image-181844\" src=\"https:\/\/noticiasmercedinas.com\/site\/wp-content\/uploads\/2026\/03\/IMG_8704.jpg\" alt=\"\" width=\"640\" height=\"454\" srcset=\"https:\/\/noticiasmercedinas.com\/site\/wp-content\/uploads\/2026\/03\/IMG_8704.jpg 640w, https:\/\/noticiasmercedinas.com\/site\/wp-content\/uploads\/2026\/03\/IMG_8704-300x213.jpg 300w\" sizes=\"auto, (max-width: 640px) 100vw, 640px\" \/><br \/>\n<\/strong><br \/>\nLos antecedentes entre ambos datan de 2024, el primer a\u00f1o de Club Mercedes en la Primera C, donde el 22 de junio se impon\u00eda en la Liga por 1 -0 con gol de Franco Cruz. Ya en la vuelta, cerr\u00e1ndose la temporada, el 25 de noviembre lo gan\u00f3 Victoriano 2-1, Tom\u00e1s Chaparro abr\u00eda la cuenta para el \u201cBlanquinegro\u201d. En el 2025 al estar en distintas zonas no se enfrentaron ni tampoco lleg\u00f3 a ser cruce por llegar a la Copa Argentina.<br \/>\n<strong><br \/>\n<\/strong>El once se conocer\u00e1 en la previa del partido, mientras tanto estos son los 20 convocados: Kevin Semeniuk e Iv\u00e1n Casco (arqueros). Rom\u00e1n L\u00f3pez, Hern\u00e1n Pineda, Thom\u00e1s Bentancor, M\u00e1ximo Chan, Facundo Alani, Rodrigo Torres, Maximiliano Pigh\u00edn, Franco Cruz y Emmanuel Murillo (defensores). Tom\u00e1s Chaparro, Franco Ortigosa, Juan Manuel Culio, Dante D\u00edaz, Juan Rom\u00e1n L\u00f3pez (volantes). Leandro Amado, Lisandro S\u00e1nchez Olmos, Francisco Ruiz y Juan Cruz Vera Borda (delanteros).<br \/>\n<strong><br \/>\nS\u00e1bado 14 de marzo<\/strong><br \/>\n<strong>Cancha:<\/strong> Saturnino Moure.<br \/>\nA las 15.30 Victoriano Arenas vs. Club Mercedes.<br \/>\n<strong>\u00c1rbitro:<\/strong> I\u00f1aki Iparraguirre.<br \/>\n<strong>Asistente 1:<\/strong> Gonzalo Cubillas.<br \/>\n<strong>Asistente 2:<\/strong> Mauro Soria.<br \/>\n<strong>Cuarto \u00e1rbitro:<\/strong> Valent\u00edn Persico.<\/p>\n<p><strong>Zona A<br \/>\nS\u00e1bado 14<br \/>\n<\/strong>A las 15.30 Lugano vs. Juventud Unida.<br \/>\nA las 15.30 Argentino (Rosario) vs. Alem.<br \/>\nA las 15.30 Sacachispas vs. Cambaceres.<br \/>\nA las 15.30 Estrella vs. Puerto Nuevo.<br \/>\nA las 15.30 Centro Espa\u00f1ol vs. JJ Urquiza (en D. Paraguayo).<\/p>\n<p><strong>Domingo 15<br \/>\n<\/strong>A las 15.30 Berazategui vs. Deportivo Paraguayo.<\/p>\n<p><strong>Zona B<br \/>\nS\u00e1bado 14<br \/>\n<\/strong>A las 15.30 Ca\u00f1uelas vs. Deportivo Espa\u00f1ol.<br \/>\nA las 15.30 Leones FC vs. Claypole (en Uni\u00f3n de Arroyo Seco).<br \/>\nA las 15.30 Luj\u00e1n vs. El Porvenir.<br \/>\nA las 15.30 Atlas vs. Central C\u00f3rdoba.<\/p>\n<p><strong>Domingo 15<\/strong><br \/>\nA las 15.30 General Lamadrid vs. Central Ballester.<br \/>\nA las 15.30 Sportivo Barracas vs. F\u00e9nix (en Almagro).<br \/>\n<strong><br \/>\nLunes 16<br \/>\n<\/strong>A las 15.30 Deportivo Mu\u00f1iz vs. Yupanqui (en Atlas).<\/p>\n<p>&nbsp;<\/p>\n","protected":false},"excerpt":{"rendered":"<p>\u25a0 Este s\u00e1bado 14 por la tercera fecha visitar\u00e1 a Victoriano Arenas desde las 15.30. El \u201cBlanquinegro\u201d llega en el lote de punteros teniendo enfrente un equipo que viene ganarle al \u00faltimo de la zona, Deportivo \u00a8Paraguayo.<\/p>\n","protected":false},"author":6,"featured_media":181843,"comment_status":"closed","ping_status":"closed","sticky":false,"template":"","format":"standard","meta":{"footnotes":""},"categories":[5],"tags":[6424,135,6434],"class_list":["post-181842","post","type-post","status-publish","format-standard","has-post-thumbnail","hentry","category-deportes","tag-afa","tag-club-mercedes","tag-primera-c"],"yoast_head":"<!-- This site is optimized with the Yoast SEO plugin v27.4 - https:\/\/yoast.com\/product\/yoast-seo-wordpress\/ -->\n<title>Se reanuda la Primera C: Club Mercedes busca extender su racha<\/title>\n<meta name=\"robots\" content=\"index, follow, max-snippet:-1, max-image-preview:large, max-video-preview:-1\" \/>\n<link rel=\"canonical\" href=\"https:\/\/noticiasmercedinas.com\/site\/2026\/03\/13\/se-reanuda-la-primera-c-club-mercedes-busca-extender-su-racha\/\" \/>\n<meta property=\"og:locale\" content=\"es_ES\" \/>\n<meta property=\"og:type\" content=\"article\" \/>\n<meta property=\"og:title\" content=\"Se reanuda la Primera C: Club Mercedes busca extender su racha\" \/>\n<meta property=\"og:description\" content=\"\u25a0 Este s\u00e1bado 14 por la tercera fecha visitar\u00e1 a Victoriano Arenas desde las 15.30. El \u201cBlanquinegro\u201d llega en el lote de punteros teniendo enfrente un equipo que viene ganarle al \u00faltimo de la zona, Deportivo \u00a8Paraguayo.\" \/>\n<meta property=\"og:url\" content=\"https:\/\/noticiasmercedinas.com\/site\/2026\/03\/13\/se-reanuda-la-primera-c-club-mercedes-busca-extender-su-racha\/\" \/>\n<meta property=\"og:site_name\" content=\"NOTICIASMERCEDINAS.COM\" \/>\n<meta property=\"article:publisher\" content=\"https:\/\/www.facebook.com\/noticiasmercedinas\/\" \/>\n<meta property=\"article:published_time\" content=\"2026-03-13T22:20:51+00:00\" \/>\n<meta property=\"article:modified_time\" content=\"2026-03-15T00:28:18+00:00\" \/>\n<meta property=\"og:image\" content=\"https:\/\/noticiasmercedinas.com\/site\/wp-content\/uploads\/2026\/03\/IMG_8736.jpg\" \/>\n\t<meta property=\"og:image:width\" content=\"640\" \/>\n\t<meta property=\"og:image:height\" content=\"411\" \/>\n\t<meta property=\"og:image:type\" content=\"image\/jpeg\" \/>\n<meta name=\"author\" content=\"Juan Dagnino NOTICIASMERCEDINAS.COM\" \/>\n<meta name=\"twitter:card\" content=\"summary_large_image\" \/>\n<meta name=\"twitter:creator\" content=\"@notmercedinas\" \/>\n<meta name=\"twitter:site\" content=\"@notmercedinas\" \/>\n<meta name=\"twitter:label1\" content=\"Escrito por\" \/>\n\t<meta name=\"twitter:data1\" content=\"Juan Dagnino NOTICIASMERCEDINAS.COM\" \/>\n\t<meta name=\"twitter:label2\" content=\"Tiempo de lectura\" \/>\n\t<meta name=\"twitter:data2\" content=\"3 minutos\" \/>\n<script type=\"application\/ld+json\" class=\"yoast-schema-graph\">{\"@context\":\"https:\\\/\\\/schema.org\",\"@graph\":[{\"@type\":\"Article\",\"@id\":\"https:\\\/\\\/noticiasmercedinas.com\\\/site\\\/2026\\\/03\\\/13\\\/se-reanuda-la-primera-c-club-mercedes-busca-extender-su-racha\\\/#article\",\"isPartOf\":{\"@id\":\"https:\\\/\\\/noticiasmercedinas.com\\\/site\\\/2026\\\/03\\\/13\\\/se-reanuda-la-primera-c-club-mercedes-busca-extender-su-racha\\\/\"},\"author\":{\"name\":\"Juan Dagnino NOTICIASMERCEDINAS.COM\",\"@id\":\"https:\\\/\\\/noticiasmercedinas.com\\\/site\\\/#\\\/schema\\\/person\\\/8f2f09d666ef40986eba4a5e6f2a06f9\"},\"headline\":\"Se reanuda la Primera C: Club Mercedes busca extender su racha\",\"datePublished\":\"2026-03-13T22:20:51+00:00\",\"dateModified\":\"2026-03-15T00:28:18+00:00\",\"mainEntityOfPage\":{\"@id\":\"https:\\\/\\\/noticiasmercedinas.com\\\/site\\\/2026\\\/03\\\/13\\\/se-reanuda-la-primera-c-club-mercedes-busca-extender-su-racha\\\/\"},\"wordCount\":484,\"publisher\":{\"@id\":\"https:\\\/\\\/noticiasmercedinas.com\\\/site\\\/#organization\"},\"image\":{\"@id\":\"https:\\\/\\\/noticiasmercedinas.com\\\/site\\\/2026\\\/03\\\/13\\\/se-reanuda-la-primera-c-club-mercedes-busca-extender-su-racha\\\/#primaryimage\"},\"thumbnailUrl\":\"https:\\\/\\\/noticiasmercedinas.com\\\/site\\\/wp-content\\\/uploads\\\/2026\\\/03\\\/IMG_8736.jpg\",\"keywords\":[\"AFA\",\"club mercedes\",\"Primera C\"],\"articleSection\":[\"Deportes\"],\"inLanguage\":\"es\"},{\"@type\":\"WebPage\",\"@id\":\"https:\\\/\\\/noticiasmercedinas.com\\\/site\\\/2026\\\/03\\\/13\\\/se-reanuda-la-primera-c-club-mercedes-busca-extender-su-racha\\\/\",\"url\":\"https:\\\/\\\/noticiasmercedinas.com\\\/site\\\/2026\\\/03\\\/13\\\/se-reanuda-la-primera-c-club-mercedes-busca-extender-su-racha\\\/\",\"name\":\"Se reanuda la Primera C: Club Mercedes busca extender su racha\",\"isPartOf\":{\"@id\":\"https:\\\/\\\/noticiasmercedinas.com\\\/site\\\/#website\"},\"primaryImageOfPage\":{\"@id\":\"https:\\\/\\\/noticiasmercedinas.com\\\/site\\\/2026\\\/03\\\/13\\\/se-reanuda-la-primera-c-club-mercedes-busca-extender-su-racha\\\/#primaryimage\"},\"image\":{\"@id\":\"https:\\\/\\\/noticiasmercedinas.com\\\/site\\\/2026\\\/03\\\/13\\\/se-reanuda-la-primera-c-club-mercedes-busca-extender-su-racha\\\/#primaryimage\"},\"thumbnailUrl\":\"https:\\\/\\\/noticiasmercedinas.com\\\/site\\\/wp-content\\\/uploads\\\/2026\\\/03\\\/IMG_8736.jpg\",\"datePublished\":\"2026-03-13T22:20:51+00:00\",\"dateModified\":\"2026-03-15T00:28:18+00:00\",\"breadcrumb\":{\"@id\":\"https:\\\/\\\/noticiasmercedinas.com\\\/site\\\/2026\\\/03\\\/13\\\/se-reanuda-la-primera-c-club-mercedes-busca-extender-su-racha\\\/#breadcrumb\"},\"inLanguage\":\"es\",\"potentialAction\":[{\"@type\":\"ReadAction\",\"target\":[\"https:\\\/\\\/noticiasmercedinas.com\\\/site\\\/2026\\\/03\\\/13\\\/se-reanuda-la-primera-c-club-mercedes-busca-extender-su-racha\\\/\"]}]},{\"@type\":\"ImageObject\",\"inLanguage\":\"es\",\"@id\":\"https:\\\/\\\/noticiasmercedinas.com\\\/site\\\/2026\\\/03\\\/13\\\/se-reanuda-la-primera-c-club-mercedes-busca-extender-su-racha\\\/#primaryimage\",\"url\":\"https:\\\/\\\/noticiasmercedinas.com\\\/site\\\/wp-content\\\/uploads\\\/2026\\\/03\\\/IMG_8736.jpg\",\"contentUrl\":\"https:\\\/\\\/noticiasmercedinas.com\\\/site\\\/wp-content\\\/uploads\\\/2026\\\/03\\\/IMG_8736.jpg\",\"width\":640,\"height\":411},{\"@type\":\"BreadcrumbList\",\"@id\":\"https:\\\/\\\/noticiasmercedinas.com\\\/site\\\/2026\\\/03\\\/13\\\/se-reanuda-la-primera-c-club-mercedes-busca-extender-su-racha\\\/#breadcrumb\",\"itemListElement\":[{\"@type\":\"ListItem\",\"position\":1,\"name\":\"Portada\",\"item\":\"https:\\\/\\\/noticiasmercedinas.com\\\/site\\\/\"},{\"@type\":\"ListItem\",\"position\":2,\"name\":\"Se reanuda la Primera C: Club Mercedes busca extender su racha\"}]},{\"@type\":\"WebSite\",\"@id\":\"https:\\\/\\\/noticiasmercedinas.com\\\/site\\\/#website\",\"url\":\"https:\\\/\\\/noticiasmercedinas.com\\\/site\\\/\",\"name\":\"NOTICIASMERCEDINAS.COM\",\"description\":\"Mercedes, Buenos Aires, Argentina\",\"publisher\":{\"@id\":\"https:\\\/\\\/noticiasmercedinas.com\\\/site\\\/#organization\"},\"potentialAction\":[{\"@type\":\"SearchAction\",\"target\":{\"@type\":\"EntryPoint\",\"urlTemplate\":\"https:\\\/\\\/noticiasmercedinas.com\\\/site\\\/?s={search_term_string}\"},\"query-input\":{\"@type\":\"PropertyValueSpecification\",\"valueRequired\":true,\"valueName\":\"search_term_string\"}}],\"inLanguage\":\"es\"},{\"@type\":\"Organization\",\"@id\":\"https:\\\/\\\/noticiasmercedinas.com\\\/site\\\/#organization\",\"name\":\"NOTICIASMERCEDINAS.COM\",\"url\":\"https:\\\/\\\/noticiasmercedinas.com\\\/site\\\/\",\"logo\":{\"@type\":\"ImageObject\",\"inLanguage\":\"es\",\"@id\":\"https:\\\/\\\/noticiasmercedinas.com\\\/site\\\/#\\\/schema\\\/logo\\\/image\\\/\",\"url\":\"https:\\\/\\\/noticiasmercedinas.com\\\/site\\\/wp-content\\\/uploads\\\/2020\\\/06\\\/LOGO-512.jpg\",\"contentUrl\":\"https:\\\/\\\/noticiasmercedinas.com\\\/site\\\/wp-content\\\/uploads\\\/2020\\\/06\\\/LOGO-512.jpg\",\"width\":512,\"height\":512,\"caption\":\"NOTICIASMERCEDINAS.COM\"},\"image\":{\"@id\":\"https:\\\/\\\/noticiasmercedinas.com\\\/site\\\/#\\\/schema\\\/logo\\\/image\\\/\"},\"sameAs\":[\"https:\\\/\\\/www.facebook.com\\\/noticiasmercedinas\\\/\",\"https:\\\/\\\/x.com\\\/notmercedinas\",\"https:\\\/\\\/www.instagram.com\\\/noticiasmercedinas\\\/\"]},{\"@type\":\"Person\",\"@id\":\"https:\\\/\\\/noticiasmercedinas.com\\\/site\\\/#\\\/schema\\\/person\\\/8f2f09d666ef40986eba4a5e6f2a06f9\",\"name\":\"Juan Dagnino NOTICIASMERCEDINAS.COM\",\"image\":{\"@type\":\"ImageObject\",\"inLanguage\":\"es\",\"@id\":\"https:\\\/\\\/secure.gravatar.com\\\/avatar\\\/fc7059a769f5a3cae65fadb228a3e4accf3a64b4b2305020d0a27e6d5333c91b?s=96&d=mm&r=g\",\"url\":\"https:\\\/\\\/secure.gravatar.com\\\/avatar\\\/fc7059a769f5a3cae65fadb228a3e4accf3a64b4b2305020d0a27e6d5333c91b?s=96&d=mm&r=g\",\"contentUrl\":\"https:\\\/\\\/secure.gravatar.com\\\/avatar\\\/fc7059a769f5a3cae65fadb228a3e4accf3a64b4b2305020d0a27e6d5333c91b?s=96&d=mm&r=g\",\"caption\":\"Juan Dagnino NOTICIASMERCEDINAS.COM\"},\"url\":\"https:\\\/\\\/noticiasmercedinas.com\\\/site\\\/author\\\/juandagnino\\\/\"}]}<\/script>\n<!-- \/ Yoast SEO plugin. -->","yoast_head_json":{"title":"Se reanuda la Primera C: Club Mercedes busca extender su racha","robots":{"index":"index","follow":"follow","max-snippet":"max-snippet:-1","max-image-preview":"max-image-preview:large","max-video-preview":"max-video-preview:-1"},"canonical":"https:\/\/noticiasmercedinas.com\/site\/2026\/03\/13\/se-reanuda-la-primera-c-club-mercedes-busca-extender-su-racha\/","og_locale":"es_ES","og_type":"article","og_title":"Se reanuda la Primera C: Club Mercedes busca extender su racha","og_description":"\u25a0 Este s\u00e1bado 14 por la tercera fecha visitar\u00e1 a Victoriano Arenas desde las 15.30. El \u201cBlanquinegro\u201d llega en el lote de punteros teniendo enfrente un equipo que viene ganarle al \u00faltimo de la zona, Deportivo \u00a8Paraguayo.","og_url":"https:\/\/noticiasmercedinas.com\/site\/2026\/03\/13\/se-reanuda-la-primera-c-club-mercedes-busca-extender-su-racha\/","og_site_name":"NOTICIASMERCEDINAS.COM","article_publisher":"https:\/\/www.facebook.com\/noticiasmercedinas\/","article_published_time":"2026-03-13T22:20:51+00:00","article_modified_time":"2026-03-15T00:28:18+00:00","og_image":[{"width":640,"height":411,"url":"https:\/\/noticiasmercedinas.com\/site\/wp-content\/uploads\/2026\/03\/IMG_8736.jpg","type":"image\/jpeg"}],"author":"Juan Dagnino NOTICIASMERCEDINAS.COM","twitter_card":"summary_large_image","twitter_creator":"@notmercedinas","twitter_site":"@notmercedinas","twitter_misc":{"Escrito por":"Juan Dagnino NOTICIASMERCEDINAS.COM","Tiempo de lectura":"3 minutos"},"schema":{"@context":"https:\/\/schema.org","@graph":[{"@type":"Article","@id":"https:\/\/noticiasmercedinas.com\/site\/2026\/03\/13\/se-reanuda-la-primera-c-club-mercedes-busca-extender-su-racha\/#article","isPartOf":{"@id":"https:\/\/noticiasmercedinas.com\/site\/2026\/03\/13\/se-reanuda-la-primera-c-club-mercedes-busca-extender-su-racha\/"},"author":{"name":"Juan Dagnino NOTICIASMERCEDINAS.COM","@id":"https:\/\/noticiasmercedinas.com\/site\/#\/schema\/person\/8f2f09d666ef40986eba4a5e6f2a06f9"},"headline":"Se reanuda la Primera C: Club Mercedes busca extender su racha","datePublished":"2026-03-13T22:20:51+00:00","dateModified":"2026-03-15T00:28:18+00:00","mainEntityOfPage":{"@id":"https:\/\/noticiasmercedinas.com\/site\/2026\/03\/13\/se-reanuda-la-primera-c-club-mercedes-busca-extender-su-racha\/"},"wordCount":484,"publisher":{"@id":"https:\/\/noticiasmercedinas.com\/site\/#organization"},"image":{"@id":"https:\/\/noticiasmercedinas.com\/site\/2026\/03\/13\/se-reanuda-la-primera-c-club-mercedes-busca-extender-su-racha\/#primaryimage"},"thumbnailUrl":"https:\/\/noticiasmercedinas.com\/site\/wp-content\/uploads\/2026\/03\/IMG_8736.jpg","keywords":["AFA","club mercedes","Primera C"],"articleSection":["Deportes"],"inLanguage":"es"},{"@type":"WebPage","@id":"https:\/\/noticiasmercedinas.com\/site\/2026\/03\/13\/se-reanuda-la-primera-c-club-mercedes-busca-extender-su-racha\/","url":"https:\/\/noticiasmercedinas.com\/site\/2026\/03\/13\/se-reanuda-la-primera-c-club-mercedes-busca-extender-su-racha\/","name":"Se reanuda la Primera C: Club Mercedes busca extender su racha","isPartOf":{"@id":"https:\/\/noticiasmercedinas.com\/site\/#website"},"primaryImageOfPage":{"@id":"https:\/\/noticiasmercedinas.com\/site\/2026\/03\/13\/se-reanuda-la-primera-c-club-mercedes-busca-extender-su-racha\/#primaryimage"},"image":{"@id":"https:\/\/noticiasmercedinas.com\/site\/2026\/03\/13\/se-reanuda-la-primera-c-club-mercedes-busca-extender-su-racha\/#primaryimage"},"thumbnailUrl":"https:\/\/noticiasmercedinas.com\/site\/wp-content\/uploads\/2026\/03\/IMG_8736.jpg","datePublished":"2026-03-13T22:20:51+00:00","dateModified":"2026-03-15T00:28:18+00:00","breadcrumb":{"@id":"https:\/\/noticiasmercedinas.com\/site\/2026\/03\/13\/se-reanuda-la-primera-c-club-mercedes-busca-extender-su-racha\/#breadcrumb"},"inLanguage":"es","potentialAction":[{"@type":"ReadAction","target":["https:\/\/noticiasmercedinas.com\/site\/2026\/03\/13\/se-reanuda-la-primera-c-club-mercedes-busca-extender-su-racha\/"]}]},{"@type":"ImageObject","inLanguage":"es","@id":"https:\/\/noticiasmercedinas.com\/site\/2026\/03\/13\/se-reanuda-la-primera-c-club-mercedes-busca-extender-su-racha\/#primaryimage","url":"https:\/\/noticiasmercedinas.com\/site\/wp-content\/uploads\/2026\/03\/IMG_8736.jpg","contentUrl":"https:\/\/noticiasmercedinas.com\/site\/wp-content\/uploads\/2026\/03\/IMG_8736.jpg","width":640,"height":411},{"@type":"BreadcrumbList","@id":"https:\/\/noticiasmercedinas.com\/site\/2026\/03\/13\/se-reanuda-la-primera-c-club-mercedes-busca-extender-su-racha\/#breadcrumb","itemListElement":[{"@type":"ListItem","position":1,"name":"Portada","item":"https:\/\/noticiasmercedinas.com\/site\/"},{"@type":"ListItem","position":2,"name":"Se reanuda la Primera C: Club Mercedes busca extender su racha"}]},{"@type":"WebSite","@id":"https:\/\/noticiasmercedinas.com\/site\/#website","url":"https:\/\/noticiasmercedinas.com\/site\/","name":"NOTICIASMERCEDINAS.COM","description":"Mercedes, Buenos Aires, Argentina","publisher":{"@id":"https:\/\/noticiasmercedinas.com\/site\/#organization"},"potentialAction":[{"@type":"SearchAction","target":{"@type":"EntryPoint","urlTemplate":"https:\/\/noticiasmercedinas.com\/site\/?s={search_term_string}"},"query-input":{"@type":"PropertyValueSpecification","valueRequired":true,"valueName":"search_term_string"}}],"inLanguage":"es"},{"@type":"Organization","@id":"https:\/\/noticiasmercedinas.com\/site\/#organization","name":"NOTICIASMERCEDINAS.COM","url":"https:\/\/noticiasmercedinas.com\/site\/","logo":{"@type":"ImageObject","inLanguage":"es","@id":"https:\/\/noticiasmercedinas.com\/site\/#\/schema\/logo\/image\/","url":"https:\/\/noticiasmercedinas.com\/site\/wp-content\/uploads\/2020\/06\/LOGO-512.jpg","contentUrl":"https:\/\/noticiasmercedinas.com\/site\/wp-content\/uploads\/2020\/06\/LOGO-512.jpg","width":512,"height":512,"caption":"NOTICIASMERCEDINAS.COM"},"image":{"@id":"https:\/\/noticiasmercedinas.com\/site\/#\/schema\/logo\/image\/"},"sameAs":["https:\/\/www.facebook.com\/noticiasmercedinas\/","https:\/\/x.com\/notmercedinas","https:\/\/www.instagram.com\/noticiasmercedinas\/"]},{"@type":"Person","@id":"https:\/\/noticiasmercedinas.com\/site\/#\/schema\/person\/8f2f09d666ef40986eba4a5e6f2a06f9","name":"Juan Dagnino NOTICIASMERCEDINAS.COM","image":{"@type":"ImageObject","inLanguage":"es","@id":"https:\/\/secure.gravatar.com\/avatar\/fc7059a769f5a3cae65fadb228a3e4accf3a64b4b2305020d0a27e6d5333c91b?s=96&d=mm&r=g","url":"https:\/\/secure.gravatar.com\/avatar\/fc7059a769f5a3cae65fadb228a3e4accf3a64b4b2305020d0a27e6d5333c91b?s=96&d=mm&r=g","contentUrl":"https:\/\/secure.gravatar.com\/avatar\/fc7059a769f5a3cae65fadb228a3e4accf3a64b4b2305020d0a27e6d5333c91b?s=96&d=mm&r=g","caption":"Juan Dagnino NOTICIASMERCEDINAS.COM"},"url":"https:\/\/noticiasmercedinas.com\/site\/author\/juandagnino\/"}]}},"amp_enabled":true,"_links":{"self":[{"href":"https:\/\/noticiasmercedinas.com\/site\/wp-json\/wp\/v2\/posts\/181842","targetHints":{"allow":["GET"]}}],"collection":[{"href":"https:\/\/noticiasmercedinas.com\/site\/wp-json\/wp\/v2\/posts"}],"about":[{"href":"https:\/\/noticiasmercedinas.com\/site\/wp-json\/wp\/v2\/types\/post"}],"author":[{"embeddable":true,"href":"https:\/\/noticiasmercedinas.com\/site\/wp-json\/wp\/v2\/users\/6"}],"replies":[{"embeddable":true,"href":"https:\/\/noticiasmercedinas.com\/site\/wp-json\/wp\/v2\/comments?post=181842"}],"version-history":[{"count":2,"href":"https:\/\/noticiasmercedinas.com\/site\/wp-json\/wp\/v2\/posts\/181842\/revisions"}],"predecessor-version":[{"id":181900,"href":"https:\/\/noticiasmercedinas.com\/site\/wp-json\/wp\/v2\/posts\/181842\/revisions\/181900"}],"wp:featuredmedia":[{"embeddable":true,"href":"https:\/\/noticiasmercedinas.com\/site\/wp-json\/wp\/v2\/media\/181843"}],"wp:attachment":[{"href":"https:\/\/noticiasmercedinas.com\/site\/wp-json\/wp\/v2\/media?parent=181842"}],"wp:term":[{"taxonomy":"category","embeddable":true,"href":"https:\/\/noticiasmercedinas.com\/site\/wp-json\/wp\/v2\/categories?post=181842"},{"taxonomy":"post_tag","embeddable":true,"href":"https:\/\/noticiasmercedinas.com\/site\/wp-json\/wp\/v2\/tags?post=181842"}],"curies":[{"name":"wp","href":"https:\/\/api.w.org\/{rel}","templated":true}]}}