{"id":182076,"date":"2026-03-17T08:05:35","date_gmt":"2026-03-17T11:05:35","guid":{"rendered":"https:\/\/noticiasmercedinas.com\/site\/?p=182076"},"modified":"2026-03-17T08:05:35","modified_gmt":"2026-03-17T11:05:35","slug":"lanzan-capacitacion-docente-con-puntaje-claves-para-la-alfabetizacion-inicial","status":"publish","type":"post","link":"https:\/\/noticiasmercedinas.com\/site\/2026\/03\/17\/lanzan-capacitacion-docente-con-puntaje-claves-para-la-alfabetizacion-inicial\/","title":{"rendered":"Lanzan capacitaci\u00f3n docente con puntaje: Claves para la Alfabetizaci\u00f3n Inicial"},"content":{"rendered":"<p><img loading=\"lazy\" decoding=\"async\" class=\"alignnone size-full wp-image-182077\" src=\"https:\/\/noticiasmercedinas.com\/site\/wp-content\/uploads\/2026\/03\/curso.jpg\" alt=\"\" width=\"646\" height=\"485\" srcset=\"https:\/\/noticiasmercedinas.com\/site\/wp-content\/uploads\/2026\/03\/curso.jpg 646w, https:\/\/noticiasmercedinas.com\/site\/wp-content\/uploads\/2026\/03\/curso-300x225.jpg 300w, https:\/\/noticiasmercedinas.com\/site\/wp-content\/uploads\/2026\/03\/curso-80x60.jpg 80w, https:\/\/noticiasmercedinas.com\/site\/wp-content\/uploads\/2026\/03\/curso-160x120.jpg 160w, https:\/\/noticiasmercedinas.com\/site\/wp-content\/uploads\/2026\/03\/curso-100x75.jpg 100w, https:\/\/noticiasmercedinas.com\/site\/wp-content\/uploads\/2026\/03\/curso-200x150.jpg 200w, https:\/\/noticiasmercedinas.com\/site\/wp-content\/uploads\/2026\/03\/curso-180x135.jpg 180w, https:\/\/noticiasmercedinas.com\/site\/wp-content\/uploads\/2026\/03\/curso-360x270.jpg 360w, https:\/\/noticiasmercedinas.com\/site\/wp-content\/uploads\/2026\/03\/curso-238x178.jpg 238w, https:\/\/noticiasmercedinas.com\/site\/wp-content\/uploads\/2026\/03\/curso-476x356.jpg 476w, https:\/\/noticiasmercedinas.com\/site\/wp-content\/uploads\/2026\/03\/curso-640x480.jpg 640w\" sizes=\"auto, (max-width: 646px) 100vw, 646px\" \/><\/p>\n<p>Con el objetivo de profundizar las estrategias de ense\u00f1anza en la base del sistema educativo, la Secretar\u00eda de Educaci\u00f3n de la Municipalidad de Mercedes, en articulaci\u00f3n con la Direcci\u00f3n de Formaci\u00f3n Permanente (DGCyE), anunci\u00f3 el inicio de un \u00abTaller de Alfabetizaci\u00f3n Inicial\u00bb.<\/p>\n<p>Esta propuesta, que otorga puntaje docente, est\u00e1 dirigida a maestras y maestros de los niveles inicial y primario, as\u00ed como a estudiantes de los profesorados afines.<\/p>\n<p>El programa formativo se desarrollar\u00e1 bajo el lema \u201cLa centralidad en la ense\u00f1anza: la alfabetizaci\u00f3n como territorio de lo potencial en el nivel inicial\u201d, y consta de cinco encuentros presenciales. Esta acci\u00f3n conjunta busca consolidar una formaci\u00f3n docente de calidad que responda a los desaf\u00edos pedag\u00f3gicos actuales.<\/p>\n<p><strong>Cronograma de encuentros y sedes<\/strong><br \/>\nLas autoridades locales informaron que la capacitaci\u00f3n se estructurar\u00e1 de la siguiente manera:<\/p>\n<ul>\n<li>Apertura del Proyecto y 1er encuentro: Jueves 19\/3, a las 10:00 hs, en el C.C. La Trocha.<\/li>\n<li>Del 2\u00b0 al 5\u00b0 encuentro: Se llevar\u00e1n a cabo los d\u00edas mi\u00e9rcoles 25\/3, 1\/4, 8\/4 y 15\/4, en el horario de 9:00 a 12:00 hs, en la sede del CIIE (calle 13 y 106).<\/li>\n<\/ul>\n<p><strong>Inscripci\u00f3n y participaci\u00f3n<\/strong><br \/>\nDado que el curso otorga puntaje oficial, para participar es requisito indispensable realizar la inscripci\u00f3n formal previa. Los interesados deben registrarse completando el formulario disponible en el portal oficial de Formaci\u00f3n Permanente de la DGCyE (<a href=\"https:\/\/formacionpermanente.abc.gob.ar\/inscripcion\/inscciie\/datainsc.php?i_f=13934\">https:\/\/formacionpermanente.abc.gob.ar\/inscripcion\/inscciie\/datainsc.php?i_f=13934<\/a>).<\/p>\n<p>Esta iniciativa se enmarca en una pol\u00edtica de fortalecimiento de la educaci\u00f3n p\u00fablica y la jerarquizaci\u00f3n de la labor docente en la regi\u00f3n de Mercedes.<\/p>\n","protected":false},"excerpt":{"rendered":"<p>En una acci\u00f3n conjunta entre el municipio y la Provincia de Buenos Aires, el taller busca fortalecer la formaci\u00f3n pedag\u00f3gica en el nivel inicial y primario. El primer encuentro se realizar\u00e1 este jueves 19 de marzo en el Centro Cultural La Trocha.<\/p>\n","protected":false},"author":16,"featured_media":182077,"comment_status":"closed","ping_status":"closed","sticky":false,"template":"","format":"standard","meta":{"footnotes":""},"categories":[15755],"tags":[313,2604],"class_list":["post-182076","post","type-post","status-publish","format-standard","has-post-thumbnail","hentry","category-educacion","tag-capacitacion","tag-ciie"],"yoast_head":"<!-- This site is optimized with the Yoast SEO plugin v27.5 - https:\/\/yoast.com\/product\/yoast-seo-wordpress\/ -->\n<title>Lanzan capacitaci\u00f3n docente con puntaje: Claves para la Alfabetizaci\u00f3n Inicial<\/title>\n<meta name=\"description\" content=\"En una acci\u00f3n conjunta entre el municipio y la Provincia de Buenos Aires, el taller busca fortalecer la formaci\u00f3n pedag\u00f3gica en el nivel inicial y primario. El primer encuentro se realizar\u00e1 este jueves 19 de marzo en el Centro Cultural La Trocha.\" \/>\n<meta name=\"robots\" content=\"index, follow, max-snippet:-1, max-image-preview:large, max-video-preview:-1\" \/>\n<link rel=\"canonical\" href=\"https:\/\/noticiasmercedinas.com\/site\/2026\/03\/17\/lanzan-capacitacion-docente-con-puntaje-claves-para-la-alfabetizacion-inicial\/\" \/>\n<meta property=\"og:locale\" content=\"es_ES\" \/>\n<meta property=\"og:type\" content=\"article\" \/>\n<meta property=\"og:title\" content=\"Lanzan capacitaci\u00f3n docente con puntaje: Claves para la Alfabetizaci\u00f3n Inicial\" \/>\n<meta property=\"og:description\" content=\"En una acci\u00f3n conjunta entre el municipio y la Provincia de Buenos Aires, el taller busca fortalecer la formaci\u00f3n pedag\u00f3gica en el nivel inicial y primario. El primer encuentro se realizar\u00e1 este jueves 19 de marzo en el Centro Cultural La Trocha.\" \/>\n<meta property=\"og:url\" content=\"https:\/\/noticiasmercedinas.com\/site\/2026\/03\/17\/lanzan-capacitacion-docente-con-puntaje-claves-para-la-alfabetizacion-inicial\/\" \/>\n<meta property=\"og:site_name\" content=\"NOTICIASMERCEDINAS.COM\" \/>\n<meta property=\"article:publisher\" content=\"https:\/\/www.facebook.com\/noticiasmercedinas\/\" \/>\n<meta property=\"article:published_time\" content=\"2026-03-17T11:05:35+00:00\" \/>\n<meta property=\"og:image\" content=\"https:\/\/noticiasmercedinas.com\/site\/wp-content\/uploads\/2026\/03\/curso.jpg\" \/>\n\t<meta property=\"og:image:width\" content=\"646\" \/>\n\t<meta property=\"og:image:height\" content=\"485\" \/>\n\t<meta property=\"og:image:type\" content=\"image\/jpeg\" \/>\n<meta name=\"author\" content=\"NOTICIASMERCEDINAS.COM\" \/>\n<meta name=\"twitter:card\" content=\"summary_large_image\" \/>\n<meta name=\"twitter:creator\" content=\"@notmercedinas\" \/>\n<meta name=\"twitter:site\" content=\"@notmercedinas\" \/>\n<meta name=\"twitter:label1\" content=\"Escrito por\" \/>\n\t<meta name=\"twitter:data1\" content=\"NOTICIASMERCEDINAS.COM\" \/>\n\t<meta name=\"twitter:label2\" content=\"Tiempo de lectura\" \/>\n\t<meta name=\"twitter:data2\" content=\"2 minutos\" \/>\n<script type=\"application\/ld+json\" class=\"yoast-schema-graph\">{\"@context\":\"https:\\\/\\\/schema.org\",\"@graph\":[{\"@type\":\"Article\",\"@id\":\"https:\\\/\\\/noticiasmercedinas.com\\\/site\\\/2026\\\/03\\\/17\\\/lanzan-capacitacion-docente-con-puntaje-claves-para-la-alfabetizacion-inicial\\\/#article\",\"isPartOf\":{\"@id\":\"https:\\\/\\\/noticiasmercedinas.com\\\/site\\\/2026\\\/03\\\/17\\\/lanzan-capacitacion-docente-con-puntaje-claves-para-la-alfabetizacion-inicial\\\/\"},\"author\":{\"name\":\"NOTICIASMERCEDINAS.COM\",\"@id\":\"https:\\\/\\\/noticiasmercedinas.com\\\/site\\\/#\\\/schema\\\/person\\\/84b59c099c28ff2e8b77d4ceec5d8063\"},\"headline\":\"Lanzan capacitaci\u00f3n docente con puntaje: Claves para la Alfabetizaci\u00f3n Inicial\",\"datePublished\":\"2026-03-17T11:05:35+00:00\",\"mainEntityOfPage\":{\"@id\":\"https:\\\/\\\/noticiasmercedinas.com\\\/site\\\/2026\\\/03\\\/17\\\/lanzan-capacitacion-docente-con-puntaje-claves-para-la-alfabetizacion-inicial\\\/\"},\"wordCount\":285,\"publisher\":{\"@id\":\"https:\\\/\\\/noticiasmercedinas.com\\\/site\\\/#organization\"},\"image\":{\"@id\":\"https:\\\/\\\/noticiasmercedinas.com\\\/site\\\/2026\\\/03\\\/17\\\/lanzan-capacitacion-docente-con-puntaje-claves-para-la-alfabetizacion-inicial\\\/#primaryimage\"},\"thumbnailUrl\":\"https:\\\/\\\/noticiasmercedinas.com\\\/site\\\/wp-content\\\/uploads\\\/2026\\\/03\\\/curso.jpg\",\"keywords\":[\"capacitaci\u00f3n\",\"Ciie\"],\"articleSection\":[\"Educacion\"],\"inLanguage\":\"es\"},{\"@type\":\"WebPage\",\"@id\":\"https:\\\/\\\/noticiasmercedinas.com\\\/site\\\/2026\\\/03\\\/17\\\/lanzan-capacitacion-docente-con-puntaje-claves-para-la-alfabetizacion-inicial\\\/\",\"url\":\"https:\\\/\\\/noticiasmercedinas.com\\\/site\\\/2026\\\/03\\\/17\\\/lanzan-capacitacion-docente-con-puntaje-claves-para-la-alfabetizacion-inicial\\\/\",\"name\":\"Lanzan capacitaci\u00f3n docente con puntaje: Claves para la Alfabetizaci\u00f3n Inicial\",\"isPartOf\":{\"@id\":\"https:\\\/\\\/noticiasmercedinas.com\\\/site\\\/#website\"},\"primaryImageOfPage\":{\"@id\":\"https:\\\/\\\/noticiasmercedinas.com\\\/site\\\/2026\\\/03\\\/17\\\/lanzan-capacitacion-docente-con-puntaje-claves-para-la-alfabetizacion-inicial\\\/#primaryimage\"},\"image\":{\"@id\":\"https:\\\/\\\/noticiasmercedinas.com\\\/site\\\/2026\\\/03\\\/17\\\/lanzan-capacitacion-docente-con-puntaje-claves-para-la-alfabetizacion-inicial\\\/#primaryimage\"},\"thumbnailUrl\":\"https:\\\/\\\/noticiasmercedinas.com\\\/site\\\/wp-content\\\/uploads\\\/2026\\\/03\\\/curso.jpg\",\"datePublished\":\"2026-03-17T11:05:35+00:00\",\"description\":\"En una acci\u00f3n conjunta entre el municipio y la Provincia de Buenos Aires, el taller busca fortalecer la formaci\u00f3n pedag\u00f3gica en el nivel inicial y primario. El primer encuentro se realizar\u00e1 este jueves 19 de marzo en el Centro Cultural La Trocha.\",\"breadcrumb\":{\"@id\":\"https:\\\/\\\/noticiasmercedinas.com\\\/site\\\/2026\\\/03\\\/17\\\/lanzan-capacitacion-docente-con-puntaje-claves-para-la-alfabetizacion-inicial\\\/#breadcrumb\"},\"inLanguage\":\"es\",\"potentialAction\":[{\"@type\":\"ReadAction\",\"target\":[\"https:\\\/\\\/noticiasmercedinas.com\\\/site\\\/2026\\\/03\\\/17\\\/lanzan-capacitacion-docente-con-puntaje-claves-para-la-alfabetizacion-inicial\\\/\"]}]},{\"@type\":\"ImageObject\",\"inLanguage\":\"es\",\"@id\":\"https:\\\/\\\/noticiasmercedinas.com\\\/site\\\/2026\\\/03\\\/17\\\/lanzan-capacitacion-docente-con-puntaje-claves-para-la-alfabetizacion-inicial\\\/#primaryimage\",\"url\":\"https:\\\/\\\/noticiasmercedinas.com\\\/site\\\/wp-content\\\/uploads\\\/2026\\\/03\\\/curso.jpg\",\"contentUrl\":\"https:\\\/\\\/noticiasmercedinas.com\\\/site\\\/wp-content\\\/uploads\\\/2026\\\/03\\\/curso.jpg\",\"width\":646,\"height\":485},{\"@type\":\"BreadcrumbList\",\"@id\":\"https:\\\/\\\/noticiasmercedinas.com\\\/site\\\/2026\\\/03\\\/17\\\/lanzan-capacitacion-docente-con-puntaje-claves-para-la-alfabetizacion-inicial\\\/#breadcrumb\",\"itemListElement\":[{\"@type\":\"ListItem\",\"position\":1,\"name\":\"Portada\",\"item\":\"https:\\\/\\\/noticiasmercedinas.com\\\/site\\\/\"},{\"@type\":\"ListItem\",\"position\":2,\"name\":\"Lanzan capacitaci\u00f3n docente con puntaje: Claves para la Alfabetizaci\u00f3n Inicial\"}]},{\"@type\":\"WebSite\",\"@id\":\"https:\\\/\\\/noticiasmercedinas.com\\\/site\\\/#website\",\"url\":\"https:\\\/\\\/noticiasmercedinas.com\\\/site\\\/\",\"name\":\"NOTICIASMERCEDINAS.COM\",\"description\":\"Mercedes, Buenos Aires, Argentina\",\"publisher\":{\"@id\":\"https:\\\/\\\/noticiasmercedinas.com\\\/site\\\/#organization\"},\"potentialAction\":[{\"@type\":\"SearchAction\",\"target\":{\"@type\":\"EntryPoint\",\"urlTemplate\":\"https:\\\/\\\/noticiasmercedinas.com\\\/site\\\/?s={search_term_string}\"},\"query-input\":{\"@type\":\"PropertyValueSpecification\",\"valueRequired\":true,\"valueName\":\"search_term_string\"}}],\"inLanguage\":\"es\"},{\"@type\":\"Organization\",\"@id\":\"https:\\\/\\\/noticiasmercedinas.com\\\/site\\\/#organization\",\"name\":\"NOTICIASMERCEDINAS.COM\",\"url\":\"https:\\\/\\\/noticiasmercedinas.com\\\/site\\\/\",\"logo\":{\"@type\":\"ImageObject\",\"inLanguage\":\"es\",\"@id\":\"https:\\\/\\\/noticiasmercedinas.com\\\/site\\\/#\\\/schema\\\/logo\\\/image\\\/\",\"url\":\"https:\\\/\\\/noticiasmercedinas.com\\\/site\\\/wp-content\\\/uploads\\\/2020\\\/06\\\/LOGO-512.jpg\",\"contentUrl\":\"https:\\\/\\\/noticiasmercedinas.com\\\/site\\\/wp-content\\\/uploads\\\/2020\\\/06\\\/LOGO-512.jpg\",\"width\":512,\"height\":512,\"caption\":\"NOTICIASMERCEDINAS.COM\"},\"image\":{\"@id\":\"https:\\\/\\\/noticiasmercedinas.com\\\/site\\\/#\\\/schema\\\/logo\\\/image\\\/\"},\"sameAs\":[\"https:\\\/\\\/www.facebook.com\\\/noticiasmercedinas\\\/\",\"https:\\\/\\\/x.com\\\/notmercedinas\",\"https:\\\/\\\/www.instagram.com\\\/noticiasmercedinas\\\/\"]},{\"@type\":\"Person\",\"@id\":\"https:\\\/\\\/noticiasmercedinas.com\\\/site\\\/#\\\/schema\\\/person\\\/84b59c099c28ff2e8b77d4ceec5d8063\",\"name\":\"NOTICIASMERCEDINAS.COM\",\"image\":{\"@type\":\"ImageObject\",\"inLanguage\":\"es\",\"@id\":\"https:\\\/\\\/secure.gravatar.com\\\/avatar\\\/4dfbf16b4d17945bfb6341b2d19043457132fcf478a5ee04f42e959fd8f5df0a?s=96&d=mm&r=g\",\"url\":\"https:\\\/\\\/secure.gravatar.com\\\/avatar\\\/4dfbf16b4d17945bfb6341b2d19043457132fcf478a5ee04f42e959fd8f5df0a?s=96&d=mm&r=g\",\"contentUrl\":\"https:\\\/\\\/secure.gravatar.com\\\/avatar\\\/4dfbf16b4d17945bfb6341b2d19043457132fcf478a5ee04f42e959fd8f5df0a?s=96&d=mm&r=g\",\"caption\":\"NOTICIASMERCEDINAS.COM\"},\"url\":\"https:\\\/\\\/noticiasmercedinas.com\\\/site\\\/author\\\/anonimo\\\/\"}]}<\/script>\n<!-- \/ Yoast SEO plugin. -->","yoast_head_json":{"title":"Lanzan capacitaci\u00f3n docente con puntaje: Claves para la Alfabetizaci\u00f3n Inicial","description":"En una acci\u00f3n conjunta entre el municipio y la Provincia de Buenos Aires, el taller busca fortalecer la formaci\u00f3n pedag\u00f3gica en el nivel inicial y primario. El primer encuentro se realizar\u00e1 este jueves 19 de marzo en el Centro Cultural La Trocha.","robots":{"index":"index","follow":"follow","max-snippet":"max-snippet:-1","max-image-preview":"max-image-preview:large","max-video-preview":"max-video-preview:-1"},"canonical":"https:\/\/noticiasmercedinas.com\/site\/2026\/03\/17\/lanzan-capacitacion-docente-con-puntaje-claves-para-la-alfabetizacion-inicial\/","og_locale":"es_ES","og_type":"article","og_title":"Lanzan capacitaci\u00f3n docente con puntaje: Claves para la Alfabetizaci\u00f3n Inicial","og_description":"En una acci\u00f3n conjunta entre el municipio y la Provincia de Buenos Aires, el taller busca fortalecer la formaci\u00f3n pedag\u00f3gica en el nivel inicial y primario. El primer encuentro se realizar\u00e1 este jueves 19 de marzo en el Centro Cultural La Trocha.","og_url":"https:\/\/noticiasmercedinas.com\/site\/2026\/03\/17\/lanzan-capacitacion-docente-con-puntaje-claves-para-la-alfabetizacion-inicial\/","og_site_name":"NOTICIASMERCEDINAS.COM","article_publisher":"https:\/\/www.facebook.com\/noticiasmercedinas\/","article_published_time":"2026-03-17T11:05:35+00:00","og_image":[{"width":646,"height":485,"url":"https:\/\/noticiasmercedinas.com\/site\/wp-content\/uploads\/2026\/03\/curso.jpg","type":"image\/jpeg"}],"author":"NOTICIASMERCEDINAS.COM","twitter_card":"summary_large_image","twitter_creator":"@notmercedinas","twitter_site":"@notmercedinas","twitter_misc":{"Escrito por":"NOTICIASMERCEDINAS.COM","Tiempo de lectura":"2 minutos"},"schema":{"@context":"https:\/\/schema.org","@graph":[{"@type":"Article","@id":"https:\/\/noticiasmercedinas.com\/site\/2026\/03\/17\/lanzan-capacitacion-docente-con-puntaje-claves-para-la-alfabetizacion-inicial\/#article","isPartOf":{"@id":"https:\/\/noticiasmercedinas.com\/site\/2026\/03\/17\/lanzan-capacitacion-docente-con-puntaje-claves-para-la-alfabetizacion-inicial\/"},"author":{"name":"NOTICIASMERCEDINAS.COM","@id":"https:\/\/noticiasmercedinas.com\/site\/#\/schema\/person\/84b59c099c28ff2e8b77d4ceec5d8063"},"headline":"Lanzan capacitaci\u00f3n docente con puntaje: Claves para la Alfabetizaci\u00f3n Inicial","datePublished":"2026-03-17T11:05:35+00:00","mainEntityOfPage":{"@id":"https:\/\/noticiasmercedinas.com\/site\/2026\/03\/17\/lanzan-capacitacion-docente-con-puntaje-claves-para-la-alfabetizacion-inicial\/"},"wordCount":285,"publisher":{"@id":"https:\/\/noticiasmercedinas.com\/site\/#organization"},"image":{"@id":"https:\/\/noticiasmercedinas.com\/site\/2026\/03\/17\/lanzan-capacitacion-docente-con-puntaje-claves-para-la-alfabetizacion-inicial\/#primaryimage"},"thumbnailUrl":"https:\/\/noticiasmercedinas.com\/site\/wp-content\/uploads\/2026\/03\/curso.jpg","keywords":["capacitaci\u00f3n","Ciie"],"articleSection":["Educacion"],"inLanguage":"es"},{"@type":"WebPage","@id":"https:\/\/noticiasmercedinas.com\/site\/2026\/03\/17\/lanzan-capacitacion-docente-con-puntaje-claves-para-la-alfabetizacion-inicial\/","url":"https:\/\/noticiasmercedinas.com\/site\/2026\/03\/17\/lanzan-capacitacion-docente-con-puntaje-claves-para-la-alfabetizacion-inicial\/","name":"Lanzan capacitaci\u00f3n docente con puntaje: Claves para la Alfabetizaci\u00f3n Inicial","isPartOf":{"@id":"https:\/\/noticiasmercedinas.com\/site\/#website"},"primaryImageOfPage":{"@id":"https:\/\/noticiasmercedinas.com\/site\/2026\/03\/17\/lanzan-capacitacion-docente-con-puntaje-claves-para-la-alfabetizacion-inicial\/#primaryimage"},"image":{"@id":"https:\/\/noticiasmercedinas.com\/site\/2026\/03\/17\/lanzan-capacitacion-docente-con-puntaje-claves-para-la-alfabetizacion-inicial\/#primaryimage"},"thumbnailUrl":"https:\/\/noticiasmercedinas.com\/site\/wp-content\/uploads\/2026\/03\/curso.jpg","datePublished":"2026-03-17T11:05:35+00:00","description":"En una acci\u00f3n conjunta entre el municipio y la Provincia de Buenos Aires, el taller busca fortalecer la formaci\u00f3n pedag\u00f3gica en el nivel inicial y primario. El primer encuentro se realizar\u00e1 este jueves 19 de marzo en el Centro Cultural La Trocha.","breadcrumb":{"@id":"https:\/\/noticiasmercedinas.com\/site\/2026\/03\/17\/lanzan-capacitacion-docente-con-puntaje-claves-para-la-alfabetizacion-inicial\/#breadcrumb"},"inLanguage":"es","potentialAction":[{"@type":"ReadAction","target":["https:\/\/noticiasmercedinas.com\/site\/2026\/03\/17\/lanzan-capacitacion-docente-con-puntaje-claves-para-la-alfabetizacion-inicial\/"]}]},{"@type":"ImageObject","inLanguage":"es","@id":"https:\/\/noticiasmercedinas.com\/site\/2026\/03\/17\/lanzan-capacitacion-docente-con-puntaje-claves-para-la-alfabetizacion-inicial\/#primaryimage","url":"https:\/\/noticiasmercedinas.com\/site\/wp-content\/uploads\/2026\/03\/curso.jpg","contentUrl":"https:\/\/noticiasmercedinas.com\/site\/wp-content\/uploads\/2026\/03\/curso.jpg","width":646,"height":485},{"@type":"BreadcrumbList","@id":"https:\/\/noticiasmercedinas.com\/site\/2026\/03\/17\/lanzan-capacitacion-docente-con-puntaje-claves-para-la-alfabetizacion-inicial\/#breadcrumb","itemListElement":[{"@type":"ListItem","position":1,"name":"Portada","item":"https:\/\/noticiasmercedinas.com\/site\/"},{"@type":"ListItem","position":2,"name":"Lanzan capacitaci\u00f3n docente con puntaje: Claves para la Alfabetizaci\u00f3n Inicial"}]},{"@type":"WebSite","@id":"https:\/\/noticiasmercedinas.com\/site\/#website","url":"https:\/\/noticiasmercedinas.com\/site\/","name":"NOTICIASMERCEDINAS.COM","description":"Mercedes, Buenos Aires, Argentina","publisher":{"@id":"https:\/\/noticiasmercedinas.com\/site\/#organization"},"potentialAction":[{"@type":"SearchAction","target":{"@type":"EntryPoint","urlTemplate":"https:\/\/noticiasmercedinas.com\/site\/?s={search_term_string}"},"query-input":{"@type":"PropertyValueSpecification","valueRequired":true,"valueName":"search_term_string"}}],"inLanguage":"es"},{"@type":"Organization","@id":"https:\/\/noticiasmercedinas.com\/site\/#organization","name":"NOTICIASMERCEDINAS.COM","url":"https:\/\/noticiasmercedinas.com\/site\/","logo":{"@type":"ImageObject","inLanguage":"es","@id":"https:\/\/noticiasmercedinas.com\/site\/#\/schema\/logo\/image\/","url":"https:\/\/noticiasmercedinas.com\/site\/wp-content\/uploads\/2020\/06\/LOGO-512.jpg","contentUrl":"https:\/\/noticiasmercedinas.com\/site\/wp-content\/uploads\/2020\/06\/LOGO-512.jpg","width":512,"height":512,"caption":"NOTICIASMERCEDINAS.COM"},"image":{"@id":"https:\/\/noticiasmercedinas.com\/site\/#\/schema\/logo\/image\/"},"sameAs":["https:\/\/www.facebook.com\/noticiasmercedinas\/","https:\/\/x.com\/notmercedinas","https:\/\/www.instagram.com\/noticiasmercedinas\/"]},{"@type":"Person","@id":"https:\/\/noticiasmercedinas.com\/site\/#\/schema\/person\/84b59c099c28ff2e8b77d4ceec5d8063","name":"NOTICIASMERCEDINAS.COM","image":{"@type":"ImageObject","inLanguage":"es","@id":"https:\/\/secure.gravatar.com\/avatar\/4dfbf16b4d17945bfb6341b2d19043457132fcf478a5ee04f42e959fd8f5df0a?s=96&d=mm&r=g","url":"https:\/\/secure.gravatar.com\/avatar\/4dfbf16b4d17945bfb6341b2d19043457132fcf478a5ee04f42e959fd8f5df0a?s=96&d=mm&r=g","contentUrl":"https:\/\/secure.gravatar.com\/avatar\/4dfbf16b4d17945bfb6341b2d19043457132fcf478a5ee04f42e959fd8f5df0a?s=96&d=mm&r=g","caption":"NOTICIASMERCEDINAS.COM"},"url":"https:\/\/noticiasmercedinas.com\/site\/author\/anonimo\/"}]}},"amp_enabled":true,"_links":{"self":[{"href":"https:\/\/noticiasmercedinas.com\/site\/wp-json\/wp\/v2\/posts\/182076","targetHints":{"allow":["GET"]}}],"collection":[{"href":"https:\/\/noticiasmercedinas.com\/site\/wp-json\/wp\/v2\/posts"}],"about":[{"href":"https:\/\/noticiasmercedinas.com\/site\/wp-json\/wp\/v2\/types\/post"}],"author":[{"embeddable":true,"href":"https:\/\/noticiasmercedinas.com\/site\/wp-json\/wp\/v2\/users\/16"}],"replies":[{"embeddable":true,"href":"https:\/\/noticiasmercedinas.com\/site\/wp-json\/wp\/v2\/comments?post=182076"}],"version-history":[{"count":1,"href":"https:\/\/noticiasmercedinas.com\/site\/wp-json\/wp\/v2\/posts\/182076\/revisions"}],"predecessor-version":[{"id":182078,"href":"https:\/\/noticiasmercedinas.com\/site\/wp-json\/wp\/v2\/posts\/182076\/revisions\/182078"}],"wp:featuredmedia":[{"embeddable":true,"href":"https:\/\/noticiasmercedinas.com\/site\/wp-json\/wp\/v2\/media\/182077"}],"wp:attachment":[{"href":"https:\/\/noticiasmercedinas.com\/site\/wp-json\/wp\/v2\/media?parent=182076"}],"wp:term":[{"taxonomy":"category","embeddable":true,"href":"https:\/\/noticiasmercedinas.com\/site\/wp-json\/wp\/v2\/categories?post=182076"},{"taxonomy":"post_tag","embeddable":true,"href":"https:\/\/noticiasmercedinas.com\/site\/wp-json\/wp\/v2\/tags?post=182076"}],"curies":[{"name":"wp","href":"https:\/\/api.w.org\/{rel}","templated":true}]}}