{"id":182082,"date":"2026-03-17T09:26:47","date_gmt":"2026-03-17T12:26:47","guid":{"rendered":"https:\/\/noticiasmercedinas.com\/site\/?p=182082"},"modified":"2026-03-17T09:26:47","modified_gmt":"2026-03-17T12:26:47","slug":"radicalismo-mercedino-distinguio-a-seis-mujeres-con-el-galardon-catalina-carusso-de-morra","status":"publish","type":"post","link":"https:\/\/noticiasmercedinas.com\/site\/2026\/03\/17\/radicalismo-mercedino-distinguio-a-seis-mujeres-con-el-galardon-catalina-carusso-de-morra\/","title":{"rendered":"Radicalismo mercedino distingui\u00f3 a seis mujeres con el galard\u00f3n \u00abCatalina Carusso de Morra\u00bb"},"content":{"rendered":"<p><img loading=\"lazy\" decoding=\"async\" class=\"alignnone size-full wp-image-182085\" src=\"https:\/\/noticiasmercedinas.com\/site\/wp-content\/uploads\/2026\/03\/WhatsApp-Image-2026-03-17-at-8.59.01-AM-e1773750312491.jpeg\" alt=\"\" width=\"1600\" height=\"957\" srcset=\"https:\/\/noticiasmercedinas.com\/site\/wp-content\/uploads\/2026\/03\/WhatsApp-Image-2026-03-17-at-8.59.01-AM-e1773750312491.jpeg 1600w, https:\/\/noticiasmercedinas.com\/site\/wp-content\/uploads\/2026\/03\/WhatsApp-Image-2026-03-17-at-8.59.01-AM-e1773750312491-300x179.jpeg 300w, https:\/\/noticiasmercedinas.com\/site\/wp-content\/uploads\/2026\/03\/WhatsApp-Image-2026-03-17-at-8.59.01-AM-e1773750312491-1024x612.jpeg 1024w, https:\/\/noticiasmercedinas.com\/site\/wp-content\/uploads\/2026\/03\/WhatsApp-Image-2026-03-17-at-8.59.01-AM-e1773750312491-768x459.jpeg 768w, https:\/\/noticiasmercedinas.com\/site\/wp-content\/uploads\/2026\/03\/WhatsApp-Image-2026-03-17-at-8.59.01-AM-e1773750312491-1536x919.jpeg 1536w, https:\/\/noticiasmercedinas.com\/site\/wp-content\/uploads\/2026\/03\/WhatsApp-Image-2026-03-17-at-8.59.01-AM-e1773750312491-640x383.jpeg 640w, https:\/\/noticiasmercedinas.com\/site\/wp-content\/uploads\/2026\/03\/WhatsApp-Image-2026-03-17-at-8.59.01-AM-e1773750312491-1280x766.jpeg 1280w, https:\/\/noticiasmercedinas.com\/site\/wp-content\/uploads\/2026\/03\/WhatsApp-Image-2026-03-17-at-8.59.01-AM-e1773750312491-681x407.jpeg 681w, https:\/\/noticiasmercedinas.com\/site\/wp-content\/uploads\/2026\/03\/WhatsApp-Image-2026-03-17-at-8.59.01-AM-e1773750312491-1362x815.jpeg 1362w\" sizes=\"auto, (max-width: 1600px) 100vw, 1600px\" \/><\/p>\n<p>Las autoridades partidarias de la Uni\u00f3n C\u00edvica Radical (UCR) de Mercedes llevaron a cabo el acto central en conmemoraci\u00f3n del D\u00eda Internacional de la Mujer, donde se hizo entrega de la distinci\u00f3n \u00abCatalina Carusso de Morra\u00bb.<\/p>\n<p>La jornada, cargada de simbolismo y calidez, tuvo como objetivo honrar la trayectoria de mujeres que han dejado una huella profunda en la sociedad civil mercedina.<\/p>\n<p><strong>Apertura y marco institucional<\/strong><br \/>\nEl evento inici\u00f3 con la propuesta art\u00edstica del pianista Alexander Maiorana, quien brind\u00f3 el marco musical a la recepci\u00f3n. La apertura formal estuvo a cargo de Marisa Brilado, Secretaria del comit\u00e9 local, quien rese\u00f1\u00f3 la figura hist\u00f3rica de do\u00f1a Catalina Carusso y explic\u00f3 los fundamentos que dieron origen a esta distinci\u00f3n partidaria.<\/p>\n<p>La conducci\u00f3n del acto fue realizada por la exconcejal Alejandra Repetto, encargada de rese\u00f1ar la labor de cada una de las agasajadas.<\/p>\n<p><img loading=\"lazy\" decoding=\"async\" class=\"alignnone size-full wp-image-182083\" src=\"https:\/\/noticiasmercedinas.com\/site\/wp-content\/uploads\/2026\/03\/WhatsApp-Image-2026-03-17-at-8.59.03-AM-e1773750338796.jpeg\" alt=\"\" width=\"1080\" height=\"997\" srcset=\"https:\/\/noticiasmercedinas.com\/site\/wp-content\/uploads\/2026\/03\/WhatsApp-Image-2026-03-17-at-8.59.03-AM-e1773750338796.jpeg 1080w, https:\/\/noticiasmercedinas.com\/site\/wp-content\/uploads\/2026\/03\/WhatsApp-Image-2026-03-17-at-8.59.03-AM-e1773750338796-300x277.jpeg 300w, https:\/\/noticiasmercedinas.com\/site\/wp-content\/uploads\/2026\/03\/WhatsApp-Image-2026-03-17-at-8.59.03-AM-e1773750338796-1024x945.jpeg 1024w, https:\/\/noticiasmercedinas.com\/site\/wp-content\/uploads\/2026\/03\/WhatsApp-Image-2026-03-17-at-8.59.03-AM-e1773750338796-768x709.jpeg 768w, https:\/\/noticiasmercedinas.com\/site\/wp-content\/uploads\/2026\/03\/WhatsApp-Image-2026-03-17-at-8.59.03-AM-e1773750338796-640x591.jpeg 640w, https:\/\/noticiasmercedinas.com\/site\/wp-content\/uploads\/2026\/03\/WhatsApp-Image-2026-03-17-at-8.59.03-AM-e1773750338796-681x629.jpeg 681w\" sizes=\"auto, (max-width: 1080px) 100vw, 1080px\" \/><\/p>\n<p><strong>Las seis mujeres distinguidas<\/strong><br \/>\nEl reconocimiento \u00abCatalina Carusso de Morra\u00bb fue otorgado a seis personalidades destacadas por su perfil solidario y profesional:<\/p>\n<ul>\n<li>Luj\u00e1n N\u00fa\u00f1ez: Reconocida como un ser resiliente y amante de la vida. Voluntaria en diversas instituciones, integrante de la Red Sanar y activa correligionaria del partido.<\/li>\n<li>Dora Telesca: Trabajadora Social de vasta trayectoria en el Hospital Dubarry y actual presidenta de LALCEC Mercedes.<\/li>\n<li>Mariana Martini: Pod\u00f3loga profesional, destacada por su labor en actividades hol\u00edsticas y terapia de cuencos.<\/li>\n<li>Dora Ravera: Activista social de larga data con desempe\u00f1o en m\u00faltiples instituciones de la comunidad.<\/li>\n<li>Mar\u00eda Zapata: Referente de la fe evangelista, distinguida por su constante asistencia a quienes atraviesan situaciones de vulnerabilidad.<\/li>\n<li>Noem\u00ed Gallo: Profesora de Filosof\u00eda e integrante hist\u00f3rica de la Red Sanar, donde actualmente coordina talleres de contenci\u00f3n.<\/li>\n<\/ul>\n<p>\u00abConvertir el dolor en amor\u00bb<br \/>\nHacia el cierre, la presidenta del Comit\u00e9, Karina La Regina, tom\u00f3 la palabra para resaltar las seis historias de vida y agradecer el impacto de sus labores en la sociedad. \u00abFueron seis mujeres con diferentes historias de vida y con un solo prop\u00f3sito: el de convertir el dolor en amor\u00bb, subray\u00f3 la dirigente.<\/p>\n<p>Asimismo, se extendi\u00f3 un agradecimiento especial a Liliana Go\u00f1i, quien junto a un grupo de mujeres radicales, tuvo una participaci\u00f3n activa en la organizaci\u00f3n de la jornada. El cierre musical volvi\u00f3 a estar a cargo del joven Maiorana, cuya interpretaci\u00f3n busc\u00f3 reflejar la sensibilidad y el esp\u00edritu de las homenajeadas.<\/p>\n<p><img loading=\"lazy\" decoding=\"async\" class=\"alignnone size-full wp-image-182084\" src=\"https:\/\/noticiasmercedinas.com\/site\/wp-content\/uploads\/2026\/03\/WhatsApp-Image-2026-03-17-at-8.59.02-AM-e1773750370540.jpeg\" alt=\"\" width=\"1030\" height=\"1256\" srcset=\"https:\/\/noticiasmercedinas.com\/site\/wp-content\/uploads\/2026\/03\/WhatsApp-Image-2026-03-17-at-8.59.02-AM-e1773750370540.jpeg 1030w, https:\/\/noticiasmercedinas.com\/site\/wp-content\/uploads\/2026\/03\/WhatsApp-Image-2026-03-17-at-8.59.02-AM-e1773750370540-246x300.jpeg 246w, https:\/\/noticiasmercedinas.com\/site\/wp-content\/uploads\/2026\/03\/WhatsApp-Image-2026-03-17-at-8.59.02-AM-e1773750370540-840x1024.jpeg 840w, https:\/\/noticiasmercedinas.com\/site\/wp-content\/uploads\/2026\/03\/WhatsApp-Image-2026-03-17-at-8.59.02-AM-e1773750370540-768x937.jpeg 768w, https:\/\/noticiasmercedinas.com\/site\/wp-content\/uploads\/2026\/03\/WhatsApp-Image-2026-03-17-at-8.59.02-AM-e1773750370540-640x780.jpeg 640w, https:\/\/noticiasmercedinas.com\/site\/wp-content\/uploads\/2026\/03\/WhatsApp-Image-2026-03-17-at-8.59.02-AM-e1773750370540-681x830.jpeg 681w\" sizes=\"auto, (max-width: 1030px) 100vw, 1030px\" \/><\/p>\n","protected":false},"excerpt":{"rendered":"<p>\u25a0 En un emotivo acto conmemorativo por el D\u00eda de la Mujer, la UCR local reconoci\u00f3 historias de resiliencia y compromiso social. La ceremonia destac\u00f3 la labor de figuras clave en salud, espiritualidad y activismo comunitario bajo la premisa de \u00abconvertir el dolor en amor\u00bb.<\/p>\n","protected":false},"author":16,"featured_media":182085,"comment_status":"closed","ping_status":"closed","sticky":false,"template":"","format":"standard","meta":{"footnotes":""},"categories":[16],"tags":[21858,1424,11538,1002],"class_list":["post-182082","post","type-post","status-publish","format-standard","has-post-thumbnail","hentry","category-politica","tag-distinciones","tag-mujeres","tag-radicalismo","tag-ucr"],"yoast_head":"<!-- This site is optimized with the Yoast SEO plugin v27.4 - https:\/\/yoast.com\/product\/yoast-seo-wordpress\/ -->\n<title>Radicalismo mercedino distingui\u00f3 a seis mujeres con el galard\u00f3n &quot;Catalina Carusso de Morra&quot;<\/title>\n<meta name=\"description\" content=\"En un emotivo acto conmemorativo por el D\u00eda de la Mujer, la UCR local reconoci\u00f3 historias de resiliencia y compromiso social. La ceremonia destac\u00f3 la labor de figuras clave en salud, espiritualidad y activismo comunitario bajo la premisa de &quot;convertir el dolor en amor&quot;.\" \/>\n<meta name=\"robots\" content=\"index, follow, max-snippet:-1, max-image-preview:large, max-video-preview:-1\" \/>\n<link rel=\"canonical\" href=\"https:\/\/noticiasmercedinas.com\/site\/2026\/03\/17\/radicalismo-mercedino-distinguio-a-seis-mujeres-con-el-galardon-catalina-carusso-de-morra\/\" \/>\n<meta property=\"og:locale\" content=\"es_ES\" \/>\n<meta property=\"og:type\" content=\"article\" \/>\n<meta property=\"og:title\" content=\"Radicalismo mercedino distingui\u00f3 a seis mujeres con el galard\u00f3n &quot;Catalina Carusso de Morra&quot;\" \/>\n<meta property=\"og:description\" content=\"En un emotivo acto conmemorativo por el D\u00eda de la Mujer, la UCR local reconoci\u00f3 historias de resiliencia y compromiso social. La ceremonia destac\u00f3 la labor de figuras clave en salud, espiritualidad y activismo comunitario bajo la premisa de &quot;convertir el dolor en amor&quot;.\" \/>\n<meta property=\"og:url\" content=\"https:\/\/noticiasmercedinas.com\/site\/2026\/03\/17\/radicalismo-mercedino-distinguio-a-seis-mujeres-con-el-galardon-catalina-carusso-de-morra\/\" \/>\n<meta property=\"og:site_name\" content=\"NOTICIASMERCEDINAS.COM\" \/>\n<meta property=\"article:publisher\" content=\"https:\/\/www.facebook.com\/noticiasmercedinas\/\" \/>\n<meta property=\"article:published_time\" content=\"2026-03-17T12:26:47+00:00\" \/>\n<meta property=\"og:image\" content=\"https:\/\/noticiasmercedinas.com\/site\/wp-content\/uploads\/2026\/03\/WhatsApp-Image-2026-03-17-at-8.59.01-AM-e1773750312491.jpeg\" \/>\n\t<meta property=\"og:image:width\" content=\"1600\" \/>\n\t<meta property=\"og:image:height\" content=\"957\" \/>\n\t<meta property=\"og:image:type\" content=\"image\/jpeg\" \/>\n<meta name=\"author\" content=\"NOTICIASMERCEDINAS.COM\" \/>\n<meta name=\"twitter:card\" content=\"summary_large_image\" \/>\n<meta name=\"twitter:creator\" content=\"@notmercedinas\" \/>\n<meta name=\"twitter:site\" content=\"@notmercedinas\" \/>\n<meta name=\"twitter:label1\" content=\"Escrito por\" \/>\n\t<meta name=\"twitter:data1\" content=\"NOTICIASMERCEDINAS.COM\" \/>\n\t<meta name=\"twitter:label2\" content=\"Tiempo de lectura\" \/>\n\t<meta name=\"twitter:data2\" content=\"3 minutos\" \/>\n<script type=\"application\/ld+json\" class=\"yoast-schema-graph\">{\"@context\":\"https:\\\/\\\/schema.org\",\"@graph\":[{\"@type\":\"Article\",\"@id\":\"https:\\\/\\\/noticiasmercedinas.com\\\/site\\\/2026\\\/03\\\/17\\\/radicalismo-mercedino-distinguio-a-seis-mujeres-con-el-galardon-catalina-carusso-de-morra\\\/#article\",\"isPartOf\":{\"@id\":\"https:\\\/\\\/noticiasmercedinas.com\\\/site\\\/2026\\\/03\\\/17\\\/radicalismo-mercedino-distinguio-a-seis-mujeres-con-el-galardon-catalina-carusso-de-morra\\\/\"},\"author\":{\"name\":\"NOTICIASMERCEDINAS.COM\",\"@id\":\"https:\\\/\\\/noticiasmercedinas.com\\\/site\\\/#\\\/schema\\\/person\\\/84b59c099c28ff2e8b77d4ceec5d8063\"},\"headline\":\"Radicalismo mercedino distingui\u00f3 a seis mujeres con el galard\u00f3n \u00abCatalina Carusso de Morra\u00bb\",\"datePublished\":\"2026-03-17T12:26:47+00:00\",\"mainEntityOfPage\":{\"@id\":\"https:\\\/\\\/noticiasmercedinas.com\\\/site\\\/2026\\\/03\\\/17\\\/radicalismo-mercedino-distinguio-a-seis-mujeres-con-el-galardon-catalina-carusso-de-morra\\\/\"},\"wordCount\":421,\"publisher\":{\"@id\":\"https:\\\/\\\/noticiasmercedinas.com\\\/site\\\/#organization\"},\"image\":{\"@id\":\"https:\\\/\\\/noticiasmercedinas.com\\\/site\\\/2026\\\/03\\\/17\\\/radicalismo-mercedino-distinguio-a-seis-mujeres-con-el-galardon-catalina-carusso-de-morra\\\/#primaryimage\"},\"thumbnailUrl\":\"https:\\\/\\\/noticiasmercedinas.com\\\/site\\\/wp-content\\\/uploads\\\/2026\\\/03\\\/WhatsApp-Image-2026-03-17-at-8.59.01-AM-e1773750312491.jpeg\",\"keywords\":[\"distinciones\",\"mujeres\",\"radicalismo\",\"Ucr\"],\"articleSection\":[\"Politica\"],\"inLanguage\":\"es\"},{\"@type\":\"WebPage\",\"@id\":\"https:\\\/\\\/noticiasmercedinas.com\\\/site\\\/2026\\\/03\\\/17\\\/radicalismo-mercedino-distinguio-a-seis-mujeres-con-el-galardon-catalina-carusso-de-morra\\\/\",\"url\":\"https:\\\/\\\/noticiasmercedinas.com\\\/site\\\/2026\\\/03\\\/17\\\/radicalismo-mercedino-distinguio-a-seis-mujeres-con-el-galardon-catalina-carusso-de-morra\\\/\",\"name\":\"Radicalismo mercedino distingui\u00f3 a seis mujeres con el galard\u00f3n \\\"Catalina Carusso de Morra\\\"\",\"isPartOf\":{\"@id\":\"https:\\\/\\\/noticiasmercedinas.com\\\/site\\\/#website\"},\"primaryImageOfPage\":{\"@id\":\"https:\\\/\\\/noticiasmercedinas.com\\\/site\\\/2026\\\/03\\\/17\\\/radicalismo-mercedino-distinguio-a-seis-mujeres-con-el-galardon-catalina-carusso-de-morra\\\/#primaryimage\"},\"image\":{\"@id\":\"https:\\\/\\\/noticiasmercedinas.com\\\/site\\\/2026\\\/03\\\/17\\\/radicalismo-mercedino-distinguio-a-seis-mujeres-con-el-galardon-catalina-carusso-de-morra\\\/#primaryimage\"},\"thumbnailUrl\":\"https:\\\/\\\/noticiasmercedinas.com\\\/site\\\/wp-content\\\/uploads\\\/2026\\\/03\\\/WhatsApp-Image-2026-03-17-at-8.59.01-AM-e1773750312491.jpeg\",\"datePublished\":\"2026-03-17T12:26:47+00:00\",\"description\":\"En un emotivo acto conmemorativo por el D\u00eda de la Mujer, la UCR local reconoci\u00f3 historias de resiliencia y compromiso social. La ceremonia destac\u00f3 la labor de figuras clave en salud, espiritualidad y activismo comunitario bajo la premisa de \\\"convertir el dolor en amor\\\".\",\"breadcrumb\":{\"@id\":\"https:\\\/\\\/noticiasmercedinas.com\\\/site\\\/2026\\\/03\\\/17\\\/radicalismo-mercedino-distinguio-a-seis-mujeres-con-el-galardon-catalina-carusso-de-morra\\\/#breadcrumb\"},\"inLanguage\":\"es\",\"potentialAction\":[{\"@type\":\"ReadAction\",\"target\":[\"https:\\\/\\\/noticiasmercedinas.com\\\/site\\\/2026\\\/03\\\/17\\\/radicalismo-mercedino-distinguio-a-seis-mujeres-con-el-galardon-catalina-carusso-de-morra\\\/\"]}]},{\"@type\":\"ImageObject\",\"inLanguage\":\"es\",\"@id\":\"https:\\\/\\\/noticiasmercedinas.com\\\/site\\\/2026\\\/03\\\/17\\\/radicalismo-mercedino-distinguio-a-seis-mujeres-con-el-galardon-catalina-carusso-de-morra\\\/#primaryimage\",\"url\":\"https:\\\/\\\/noticiasmercedinas.com\\\/site\\\/wp-content\\\/uploads\\\/2026\\\/03\\\/WhatsApp-Image-2026-03-17-at-8.59.01-AM-e1773750312491.jpeg\",\"contentUrl\":\"https:\\\/\\\/noticiasmercedinas.com\\\/site\\\/wp-content\\\/uploads\\\/2026\\\/03\\\/WhatsApp-Image-2026-03-17-at-8.59.01-AM-e1773750312491.jpeg\",\"width\":1600,\"height\":957},{\"@type\":\"BreadcrumbList\",\"@id\":\"https:\\\/\\\/noticiasmercedinas.com\\\/site\\\/2026\\\/03\\\/17\\\/radicalismo-mercedino-distinguio-a-seis-mujeres-con-el-galardon-catalina-carusso-de-morra\\\/#breadcrumb\",\"itemListElement\":[{\"@type\":\"ListItem\",\"position\":1,\"name\":\"Portada\",\"item\":\"https:\\\/\\\/noticiasmercedinas.com\\\/site\\\/\"},{\"@type\":\"ListItem\",\"position\":2,\"name\":\"Radicalismo mercedino distingui\u00f3 a seis mujeres con el galard\u00f3n \u00abCatalina Carusso de Morra\u00bb\"}]},{\"@type\":\"WebSite\",\"@id\":\"https:\\\/\\\/noticiasmercedinas.com\\\/site\\\/#website\",\"url\":\"https:\\\/\\\/noticiasmercedinas.com\\\/site\\\/\",\"name\":\"NOTICIASMERCEDINAS.COM\",\"description\":\"Mercedes, Buenos Aires, Argentina\",\"publisher\":{\"@id\":\"https:\\\/\\\/noticiasmercedinas.com\\\/site\\\/#organization\"},\"potentialAction\":[{\"@type\":\"SearchAction\",\"target\":{\"@type\":\"EntryPoint\",\"urlTemplate\":\"https:\\\/\\\/noticiasmercedinas.com\\\/site\\\/?s={search_term_string}\"},\"query-input\":{\"@type\":\"PropertyValueSpecification\",\"valueRequired\":true,\"valueName\":\"search_term_string\"}}],\"inLanguage\":\"es\"},{\"@type\":\"Organization\",\"@id\":\"https:\\\/\\\/noticiasmercedinas.com\\\/site\\\/#organization\",\"name\":\"NOTICIASMERCEDINAS.COM\",\"url\":\"https:\\\/\\\/noticiasmercedinas.com\\\/site\\\/\",\"logo\":{\"@type\":\"ImageObject\",\"inLanguage\":\"es\",\"@id\":\"https:\\\/\\\/noticiasmercedinas.com\\\/site\\\/#\\\/schema\\\/logo\\\/image\\\/\",\"url\":\"https:\\\/\\\/noticiasmercedinas.com\\\/site\\\/wp-content\\\/uploads\\\/2020\\\/06\\\/LOGO-512.jpg\",\"contentUrl\":\"https:\\\/\\\/noticiasmercedinas.com\\\/site\\\/wp-content\\\/uploads\\\/2020\\\/06\\\/LOGO-512.jpg\",\"width\":512,\"height\":512,\"caption\":\"NOTICIASMERCEDINAS.COM\"},\"image\":{\"@id\":\"https:\\\/\\\/noticiasmercedinas.com\\\/site\\\/#\\\/schema\\\/logo\\\/image\\\/\"},\"sameAs\":[\"https:\\\/\\\/www.facebook.com\\\/noticiasmercedinas\\\/\",\"https:\\\/\\\/x.com\\\/notmercedinas\",\"https:\\\/\\\/www.instagram.com\\\/noticiasmercedinas\\\/\"]},{\"@type\":\"Person\",\"@id\":\"https:\\\/\\\/noticiasmercedinas.com\\\/site\\\/#\\\/schema\\\/person\\\/84b59c099c28ff2e8b77d4ceec5d8063\",\"name\":\"NOTICIASMERCEDINAS.COM\",\"image\":{\"@type\":\"ImageObject\",\"inLanguage\":\"es\",\"@id\":\"https:\\\/\\\/secure.gravatar.com\\\/avatar\\\/4dfbf16b4d17945bfb6341b2d19043457132fcf478a5ee04f42e959fd8f5df0a?s=96&d=mm&r=g\",\"url\":\"https:\\\/\\\/secure.gravatar.com\\\/avatar\\\/4dfbf16b4d17945bfb6341b2d19043457132fcf478a5ee04f42e959fd8f5df0a?s=96&d=mm&r=g\",\"contentUrl\":\"https:\\\/\\\/secure.gravatar.com\\\/avatar\\\/4dfbf16b4d17945bfb6341b2d19043457132fcf478a5ee04f42e959fd8f5df0a?s=96&d=mm&r=g\",\"caption\":\"NOTICIASMERCEDINAS.COM\"},\"url\":\"https:\\\/\\\/noticiasmercedinas.com\\\/site\\\/author\\\/anonimo\\\/\"}]}<\/script>\n<!-- \/ Yoast SEO plugin. -->","yoast_head_json":{"title":"Radicalismo mercedino distingui\u00f3 a seis mujeres con el galard\u00f3n \"Catalina Carusso de Morra\"","description":"En un emotivo acto conmemorativo por el D\u00eda de la Mujer, la UCR local reconoci\u00f3 historias de resiliencia y compromiso social. La ceremonia destac\u00f3 la labor de figuras clave en salud, espiritualidad y activismo comunitario bajo la premisa de \"convertir el dolor en amor\".","robots":{"index":"index","follow":"follow","max-snippet":"max-snippet:-1","max-image-preview":"max-image-preview:large","max-video-preview":"max-video-preview:-1"},"canonical":"https:\/\/noticiasmercedinas.com\/site\/2026\/03\/17\/radicalismo-mercedino-distinguio-a-seis-mujeres-con-el-galardon-catalina-carusso-de-morra\/","og_locale":"es_ES","og_type":"article","og_title":"Radicalismo mercedino distingui\u00f3 a seis mujeres con el galard\u00f3n \"Catalina Carusso de Morra\"","og_description":"En un emotivo acto conmemorativo por el D\u00eda de la Mujer, la UCR local reconoci\u00f3 historias de resiliencia y compromiso social. La ceremonia destac\u00f3 la labor de figuras clave en salud, espiritualidad y activismo comunitario bajo la premisa de \"convertir el dolor en amor\".","og_url":"https:\/\/noticiasmercedinas.com\/site\/2026\/03\/17\/radicalismo-mercedino-distinguio-a-seis-mujeres-con-el-galardon-catalina-carusso-de-morra\/","og_site_name":"NOTICIASMERCEDINAS.COM","article_publisher":"https:\/\/www.facebook.com\/noticiasmercedinas\/","article_published_time":"2026-03-17T12:26:47+00:00","og_image":[{"width":1600,"height":957,"url":"https:\/\/noticiasmercedinas.com\/site\/wp-content\/uploads\/2026\/03\/WhatsApp-Image-2026-03-17-at-8.59.01-AM-e1773750312491.jpeg","type":"image\/jpeg"}],"author":"NOTICIASMERCEDINAS.COM","twitter_card":"summary_large_image","twitter_creator":"@notmercedinas","twitter_site":"@notmercedinas","twitter_misc":{"Escrito por":"NOTICIASMERCEDINAS.COM","Tiempo de lectura":"3 minutos"},"schema":{"@context":"https:\/\/schema.org","@graph":[{"@type":"Article","@id":"https:\/\/noticiasmercedinas.com\/site\/2026\/03\/17\/radicalismo-mercedino-distinguio-a-seis-mujeres-con-el-galardon-catalina-carusso-de-morra\/#article","isPartOf":{"@id":"https:\/\/noticiasmercedinas.com\/site\/2026\/03\/17\/radicalismo-mercedino-distinguio-a-seis-mujeres-con-el-galardon-catalina-carusso-de-morra\/"},"author":{"name":"NOTICIASMERCEDINAS.COM","@id":"https:\/\/noticiasmercedinas.com\/site\/#\/schema\/person\/84b59c099c28ff2e8b77d4ceec5d8063"},"headline":"Radicalismo mercedino distingui\u00f3 a seis mujeres con el galard\u00f3n \u00abCatalina Carusso de Morra\u00bb","datePublished":"2026-03-17T12:26:47+00:00","mainEntityOfPage":{"@id":"https:\/\/noticiasmercedinas.com\/site\/2026\/03\/17\/radicalismo-mercedino-distinguio-a-seis-mujeres-con-el-galardon-catalina-carusso-de-morra\/"},"wordCount":421,"publisher":{"@id":"https:\/\/noticiasmercedinas.com\/site\/#organization"},"image":{"@id":"https:\/\/noticiasmercedinas.com\/site\/2026\/03\/17\/radicalismo-mercedino-distinguio-a-seis-mujeres-con-el-galardon-catalina-carusso-de-morra\/#primaryimage"},"thumbnailUrl":"https:\/\/noticiasmercedinas.com\/site\/wp-content\/uploads\/2026\/03\/WhatsApp-Image-2026-03-17-at-8.59.01-AM-e1773750312491.jpeg","keywords":["distinciones","mujeres","radicalismo","Ucr"],"articleSection":["Politica"],"inLanguage":"es"},{"@type":"WebPage","@id":"https:\/\/noticiasmercedinas.com\/site\/2026\/03\/17\/radicalismo-mercedino-distinguio-a-seis-mujeres-con-el-galardon-catalina-carusso-de-morra\/","url":"https:\/\/noticiasmercedinas.com\/site\/2026\/03\/17\/radicalismo-mercedino-distinguio-a-seis-mujeres-con-el-galardon-catalina-carusso-de-morra\/","name":"Radicalismo mercedino distingui\u00f3 a seis mujeres con el galard\u00f3n \"Catalina Carusso de Morra\"","isPartOf":{"@id":"https:\/\/noticiasmercedinas.com\/site\/#website"},"primaryImageOfPage":{"@id":"https:\/\/noticiasmercedinas.com\/site\/2026\/03\/17\/radicalismo-mercedino-distinguio-a-seis-mujeres-con-el-galardon-catalina-carusso-de-morra\/#primaryimage"},"image":{"@id":"https:\/\/noticiasmercedinas.com\/site\/2026\/03\/17\/radicalismo-mercedino-distinguio-a-seis-mujeres-con-el-galardon-catalina-carusso-de-morra\/#primaryimage"},"thumbnailUrl":"https:\/\/noticiasmercedinas.com\/site\/wp-content\/uploads\/2026\/03\/WhatsApp-Image-2026-03-17-at-8.59.01-AM-e1773750312491.jpeg","datePublished":"2026-03-17T12:26:47+00:00","description":"En un emotivo acto conmemorativo por el D\u00eda de la Mujer, la UCR local reconoci\u00f3 historias de resiliencia y compromiso social. La ceremonia destac\u00f3 la labor de figuras clave en salud, espiritualidad y activismo comunitario bajo la premisa de \"convertir el dolor en amor\".","breadcrumb":{"@id":"https:\/\/noticiasmercedinas.com\/site\/2026\/03\/17\/radicalismo-mercedino-distinguio-a-seis-mujeres-con-el-galardon-catalina-carusso-de-morra\/#breadcrumb"},"inLanguage":"es","potentialAction":[{"@type":"ReadAction","target":["https:\/\/noticiasmercedinas.com\/site\/2026\/03\/17\/radicalismo-mercedino-distinguio-a-seis-mujeres-con-el-galardon-catalina-carusso-de-morra\/"]}]},{"@type":"ImageObject","inLanguage":"es","@id":"https:\/\/noticiasmercedinas.com\/site\/2026\/03\/17\/radicalismo-mercedino-distinguio-a-seis-mujeres-con-el-galardon-catalina-carusso-de-morra\/#primaryimage","url":"https:\/\/noticiasmercedinas.com\/site\/wp-content\/uploads\/2026\/03\/WhatsApp-Image-2026-03-17-at-8.59.01-AM-e1773750312491.jpeg","contentUrl":"https:\/\/noticiasmercedinas.com\/site\/wp-content\/uploads\/2026\/03\/WhatsApp-Image-2026-03-17-at-8.59.01-AM-e1773750312491.jpeg","width":1600,"height":957},{"@type":"BreadcrumbList","@id":"https:\/\/noticiasmercedinas.com\/site\/2026\/03\/17\/radicalismo-mercedino-distinguio-a-seis-mujeres-con-el-galardon-catalina-carusso-de-morra\/#breadcrumb","itemListElement":[{"@type":"ListItem","position":1,"name":"Portada","item":"https:\/\/noticiasmercedinas.com\/site\/"},{"@type":"ListItem","position":2,"name":"Radicalismo mercedino distingui\u00f3 a seis mujeres con el galard\u00f3n \u00abCatalina Carusso de Morra\u00bb"}]},{"@type":"WebSite","@id":"https:\/\/noticiasmercedinas.com\/site\/#website","url":"https:\/\/noticiasmercedinas.com\/site\/","name":"NOTICIASMERCEDINAS.COM","description":"Mercedes, Buenos Aires, Argentina","publisher":{"@id":"https:\/\/noticiasmercedinas.com\/site\/#organization"},"potentialAction":[{"@type":"SearchAction","target":{"@type":"EntryPoint","urlTemplate":"https:\/\/noticiasmercedinas.com\/site\/?s={search_term_string}"},"query-input":{"@type":"PropertyValueSpecification","valueRequired":true,"valueName":"search_term_string"}}],"inLanguage":"es"},{"@type":"Organization","@id":"https:\/\/noticiasmercedinas.com\/site\/#organization","name":"NOTICIASMERCEDINAS.COM","url":"https:\/\/noticiasmercedinas.com\/site\/","logo":{"@type":"ImageObject","inLanguage":"es","@id":"https:\/\/noticiasmercedinas.com\/site\/#\/schema\/logo\/image\/","url":"https:\/\/noticiasmercedinas.com\/site\/wp-content\/uploads\/2020\/06\/LOGO-512.jpg","contentUrl":"https:\/\/noticiasmercedinas.com\/site\/wp-content\/uploads\/2020\/06\/LOGO-512.jpg","width":512,"height":512,"caption":"NOTICIASMERCEDINAS.COM"},"image":{"@id":"https:\/\/noticiasmercedinas.com\/site\/#\/schema\/logo\/image\/"},"sameAs":["https:\/\/www.facebook.com\/noticiasmercedinas\/","https:\/\/x.com\/notmercedinas","https:\/\/www.instagram.com\/noticiasmercedinas\/"]},{"@type":"Person","@id":"https:\/\/noticiasmercedinas.com\/site\/#\/schema\/person\/84b59c099c28ff2e8b77d4ceec5d8063","name":"NOTICIASMERCEDINAS.COM","image":{"@type":"ImageObject","inLanguage":"es","@id":"https:\/\/secure.gravatar.com\/avatar\/4dfbf16b4d17945bfb6341b2d19043457132fcf478a5ee04f42e959fd8f5df0a?s=96&d=mm&r=g","url":"https:\/\/secure.gravatar.com\/avatar\/4dfbf16b4d17945bfb6341b2d19043457132fcf478a5ee04f42e959fd8f5df0a?s=96&d=mm&r=g","contentUrl":"https:\/\/secure.gravatar.com\/avatar\/4dfbf16b4d17945bfb6341b2d19043457132fcf478a5ee04f42e959fd8f5df0a?s=96&d=mm&r=g","caption":"NOTICIASMERCEDINAS.COM"},"url":"https:\/\/noticiasmercedinas.com\/site\/author\/anonimo\/"}]}},"amp_enabled":true,"_links":{"self":[{"href":"https:\/\/noticiasmercedinas.com\/site\/wp-json\/wp\/v2\/posts\/182082","targetHints":{"allow":["GET"]}}],"collection":[{"href":"https:\/\/noticiasmercedinas.com\/site\/wp-json\/wp\/v2\/posts"}],"about":[{"href":"https:\/\/noticiasmercedinas.com\/site\/wp-json\/wp\/v2\/types\/post"}],"author":[{"embeddable":true,"href":"https:\/\/noticiasmercedinas.com\/site\/wp-json\/wp\/v2\/users\/16"}],"replies":[{"embeddable":true,"href":"https:\/\/noticiasmercedinas.com\/site\/wp-json\/wp\/v2\/comments?post=182082"}],"version-history":[{"count":1,"href":"https:\/\/noticiasmercedinas.com\/site\/wp-json\/wp\/v2\/posts\/182082\/revisions"}],"predecessor-version":[{"id":182086,"href":"https:\/\/noticiasmercedinas.com\/site\/wp-json\/wp\/v2\/posts\/182082\/revisions\/182086"}],"wp:featuredmedia":[{"embeddable":true,"href":"https:\/\/noticiasmercedinas.com\/site\/wp-json\/wp\/v2\/media\/182085"}],"wp:attachment":[{"href":"https:\/\/noticiasmercedinas.com\/site\/wp-json\/wp\/v2\/media?parent=182082"}],"wp:term":[{"taxonomy":"category","embeddable":true,"href":"https:\/\/noticiasmercedinas.com\/site\/wp-json\/wp\/v2\/categories?post=182082"},{"taxonomy":"post_tag","embeddable":true,"href":"https:\/\/noticiasmercedinas.com\/site\/wp-json\/wp\/v2\/tags?post=182082"}],"curies":[{"name":"wp","href":"https:\/\/api.w.org\/{rel}","templated":true}]}}