{"id":182139,"date":"2026-03-17T20:02:34","date_gmt":"2026-03-17T23:02:34","guid":{"rendered":"https:\/\/noticiasmercedinas.com\/site\/?p=182139"},"modified":"2026-03-17T20:02:34","modified_gmt":"2026-03-17T23:02:34","slug":"gustavo-castellani-la-politica-no-es-religion-es-responsabilidad","status":"publish","type":"post","link":"https:\/\/noticiasmercedinas.com\/site\/2026\/03\/17\/gustavo-castellani-la-politica-no-es-religion-es-responsabilidad\/","title":{"rendered":"Gustavo Castellani: \u00abLa pol\u00edtica no es religi\u00f3n, es responsabilidad\u00bb"},"content":{"rendered":"<p><img loading=\"lazy\" decoding=\"async\" class=\"alignnone size-full wp-image-182141\" src=\"https:\/\/noticiasmercedinas.com\/site\/wp-content\/uploads\/2026\/03\/castellani.jpg\" alt=\"\" width=\"640\" height=\"442\" srcset=\"https:\/\/noticiasmercedinas.com\/site\/wp-content\/uploads\/2026\/03\/castellani.jpg 640w, https:\/\/noticiasmercedinas.com\/site\/wp-content\/uploads\/2026\/03\/castellani-300x207.jpg 300w\" sizes=\"auto, (max-width: 640px) 100vw, 640px\" \/><\/p>\n<p>En un extenso an\u00e1lisis sobre la coyuntura nacional, el dirigente del Partido Justicialista de Mercedes, <strong>Gustavo Castellani<\/strong>, ofreci\u00f3 una mirada cr\u00edtica y propositiva sobre el rumbo de la Argentina.<\/p>\n<p>Para el referente peronista, el pa\u00eds atraviesa un escenario de \u00abincertidumbre y enojo permanente\u00bb, marcado por un Gobierno Nacional que ha incumplido sus promesas de campa\u00f1a y una crisis de credibilidad que afecta las bases mismas del Estado.<\/p>\n<p><strong>El costo del ajuste y la \u00abpol\u00edtica de la confrontaci\u00f3n\u00bb<\/strong><br \/>\nCastellani comenz\u00f3 su diagn\u00f3stico se\u00f1alando la contradicci\u00f3n entre el discurso oficial y la realidad socioecon\u00f3mica. \u00abTenemos un gobierno que empez\u00f3 su gesti\u00f3n enfrent\u00e1ndose con todos, incluso con el propio Congreso, al que acus\u00f3 de estar lleno de ratas y mercenarios\u00bb, record\u00f3.<\/p>\n<p>Sin embargo, el dirigente enfatiz\u00f3 que el mayor impacto no recay\u00f3 sobre la \u00abcasta\u00bb pol\u00edtica, como se hab\u00eda prometido:\u00a0\u00abPrometieron que el costo del ajuste lo iba a pagar la pol\u00edtica, pero en la pr\u00e1ctica lo est\u00e1n pagando los trabajadores, los jubilados y las peque\u00f1as empresas. Argentina atraviesa un proceso de recesi\u00f3n e inflaci\u00f3n persistente que nos deja ante el mundo como un pa\u00eds imprevisible\u00bb.<\/p>\n<p><strong>Una crisis de credibilidad e irregularidades<\/strong><br \/>\nM\u00e1s all\u00e1 de los n\u00fameros de la econom\u00eda, Castellani puso el foco en la degradaci\u00f3n institucional. Seg\u00fan su visi\u00f3n, el Estado parece funcionar \u00absin reglas claras\u00bb, alimentado por esc\u00e1ndalos cotidianos que van desde sumas de dinero sin justificar hasta denuncias de financiamiento irregular en las campa\u00f1as.<\/p>\n<p>\u00abMuchas veces la pol\u00edtica discute cosas que nada tienen que ver con las prioridades de la sociedad\u00bb, advirti\u00f3. En este sentido, critic\u00f3 la posibilidad de involucrar al pa\u00eds en conflictos internacionales ajenos a los intereses nacionales mientras millones de argentinos luchan por llegar a fin de mes o por su seguridad. \u00abCuando un pa\u00eds pierde el sentido de sus prioridades, empieza a perder tambi\u00e9n su rumbo\u00bb, sentenci\u00f3.<\/p>\n<p><strong>La reconstrucci\u00f3n del Peronismo como alternativa<\/strong><br \/>\nAnte la pregunta sobre cu\u00e1l es la alternativa al modelo actual, Castellani sostuvo que el desaf\u00edo central es construir una propuesta \u00abseria y orientada al desarrollo\u00bb. Para ello, considera indispensable una renovaci\u00f3n profunda del movimiento peronista.<\/p>\n<p>\u00abEl peronismo enfrenta la obligaci\u00f3n de repensarse, reconstruirse y generar un recambio generacional capaz de volver a ofrecer una esperanza concreta\u00bb, afirm\u00f3. Para el dirigente mercedino, esta nueva etapa debe cimentarse sobre cinco pilares fundamentales:<\/p>\n<ul>\n<li>Previsibilidad: Que las familias y empresas puedan imaginar un futuro posible.<\/li>\n<li>Certeza y Seguridad Jur\u00eddica: Reglas claras para quien invierte y trabaja.<\/li>\n<li>Producci\u00f3n Nacional: Defensa irrestricta de las Pymes y la industria que genera valor.<\/li>\n<li>El Trabajo como ordenador social: Un modelo donde trabajar garantice vivir con dignidad.<\/li>\n<li>Comercio Inteligente: Protecci\u00f3n de lo local y fortalecimiento de la integraci\u00f3n regional.<\/li>\n<\/ul>\n<blockquote><p>\u00abUn pa\u00eds no se construye con discursos incendiarios ni con promesas imposibles. Se construye con instituciones s\u00f3lidas y con una pol\u00edtica que vuelva a mirar a los ciudadanos a los ojos\u00bb<\/p><\/blockquote>\n<p><strong>\u00abLa pol\u00edtica no es religi\u00f3n\u00bb<\/strong><br \/>\nEn uno de los tramos m\u00e1s reflexivos de su exposici\u00f3n, Castellani marc\u00f3 una distancia \u00e9tica con las formas actuales de ejercer el poder. \u00abUn pa\u00eds no se construye con discursos incendiarios ni con promesas imposibles. Se construye con instituciones s\u00f3lidas y con una pol\u00edtica que vuelva a mirar a los ciudadanos a los ojos\u00bb, expres\u00f3.<\/p>\n<p>Asimismo, fue tajante respecto al rol del Estado en el acceso a derechos b\u00e1sicos:\u00a0\u00abLos derechos a la salud, al trabajo y a la vivienda no pueden depender de la suerte ni de la fe. La pol\u00edtica no es religi\u00f3n, es responsabilidad. Responsabilidad de quienes gobiernan y tambi\u00e9n de quienes aspiran a hacerlo\u00bb.<\/p>\n<p><strong>Mirar al futuro para recuperar la confianza<\/strong><br \/>\nFinalmente, el referente del PJ Mercedes hizo un llamado a la dirigencia a abandonar las disputas del pasado para centrarse en la reconstrucci\u00f3n de la confianza ciudadana.<\/p>\n<p>\u00abSi la Argentina quiere salir adelante, la dirigencia tiene que dejar de discutir el pasado y empezar a construir el futuro. Sin confianza no hay pa\u00eds posible, y recuperar esa confianza es, probablemente, el desaf\u00edo m\u00e1s grande que tenemos por delante\u00bb, concluy\u00f3 Castellani, posicion\u00e1ndose como una de las voces que busca traccionar la renovaci\u00f3n del peronismo desde el territorio bonaerense.<\/p>\n","protected":false},"excerpt":{"rendered":"<p>\u25a0 El referente del PJ Mercedes analiz\u00f3 con dureza el presente social y econ\u00f3mico del pa\u00eds. Apunt\u00f3 contra el ajuste sobre los trabajadores y jubilados, denunci\u00f3 una crisis de credibilidad institucional y traz\u00f3 la hoja de ruta para una renovaci\u00f3n profunda del peronismo basada en la previsibilidad y la producci\u00f3n nacional.<\/p>\n","protected":false},"author":16,"featured_media":182141,"comment_status":"closed","ping_status":"closed","sticky":false,"template":"","format":"standard","meta":{"footnotes":""},"categories":[16],"tags":[20035,1489,1050],"class_list":["post-182139","post","type-post","status-publish","format-standard","has-post-thumbnail","hentry","category-politica","tag-gustavo-castellani","tag-pj","tag-politica"],"yoast_head":"<!-- This site is optimized with the Yoast SEO plugin v27.5 - https:\/\/yoast.com\/product\/yoast-seo-wordpress\/ -->\n<title>Gustavo Castellani: &quot;La pol\u00edtica no es religi\u00f3n, es responsabilidad&quot;<\/title>\n<meta name=\"description\" content=\"El referente del PJ Mercedes analiz\u00f3 con dureza el presente social y econ\u00f3mico del pa\u00eds. Apunt\u00f3 contra el ajuste sobre los trabajadores y jubilados, denunci\u00f3 una crisis de credibilidad institucional y traz\u00f3 la hoja de ruta para una renovaci\u00f3n profunda del peronismo basada en la previsibilidad y la producci\u00f3n nacional.\" \/>\n<meta name=\"robots\" content=\"index, follow, max-snippet:-1, max-image-preview:large, max-video-preview:-1\" \/>\n<link rel=\"canonical\" href=\"https:\/\/noticiasmercedinas.com\/site\/2026\/03\/17\/gustavo-castellani-la-politica-no-es-religion-es-responsabilidad\/\" \/>\n<meta property=\"og:locale\" content=\"es_ES\" \/>\n<meta property=\"og:type\" content=\"article\" \/>\n<meta property=\"og:title\" content=\"Gustavo Castellani: &quot;La pol\u00edtica no es religi\u00f3n, es responsabilidad&quot;\" \/>\n<meta property=\"og:description\" content=\"El referente del PJ Mercedes analiz\u00f3 con dureza el presente social y econ\u00f3mico del pa\u00eds. Apunt\u00f3 contra el ajuste sobre los trabajadores y jubilados, denunci\u00f3 una crisis de credibilidad institucional y traz\u00f3 la hoja de ruta para una renovaci\u00f3n profunda del peronismo basada en la previsibilidad y la producci\u00f3n nacional.\" \/>\n<meta property=\"og:url\" content=\"https:\/\/noticiasmercedinas.com\/site\/2026\/03\/17\/gustavo-castellani-la-politica-no-es-religion-es-responsabilidad\/\" \/>\n<meta property=\"og:site_name\" content=\"NOTICIASMERCEDINAS.COM\" \/>\n<meta property=\"article:publisher\" content=\"https:\/\/www.facebook.com\/noticiasmercedinas\/\" \/>\n<meta property=\"article:published_time\" content=\"2026-03-17T23:02:34+00:00\" \/>\n<meta property=\"og:image\" content=\"https:\/\/noticiasmercedinas.com\/site\/wp-content\/uploads\/2026\/03\/castellani.jpg\" \/>\n\t<meta property=\"og:image:width\" content=\"640\" \/>\n\t<meta property=\"og:image:height\" content=\"442\" \/>\n\t<meta property=\"og:image:type\" content=\"image\/jpeg\" \/>\n<meta name=\"author\" content=\"NOTICIASMERCEDINAS.COM\" \/>\n<meta name=\"twitter:card\" content=\"summary_large_image\" \/>\n<meta name=\"twitter:creator\" content=\"@notmercedinas\" \/>\n<meta name=\"twitter:site\" content=\"@notmercedinas\" \/>\n<meta name=\"twitter:label1\" content=\"Escrito por\" \/>\n\t<meta name=\"twitter:data1\" content=\"NOTICIASMERCEDINAS.COM\" \/>\n\t<meta name=\"twitter:label2\" content=\"Tiempo de lectura\" \/>\n\t<meta name=\"twitter:data2\" content=\"4 minutos\" \/>\n<script type=\"application\/ld+json\" class=\"yoast-schema-graph\">{\"@context\":\"https:\\\/\\\/schema.org\",\"@graph\":[{\"@type\":\"Article\",\"@id\":\"https:\\\/\\\/noticiasmercedinas.com\\\/site\\\/2026\\\/03\\\/17\\\/gustavo-castellani-la-politica-no-es-religion-es-responsabilidad\\\/#article\",\"isPartOf\":{\"@id\":\"https:\\\/\\\/noticiasmercedinas.com\\\/site\\\/2026\\\/03\\\/17\\\/gustavo-castellani-la-politica-no-es-religion-es-responsabilidad\\\/\"},\"author\":{\"name\":\"NOTICIASMERCEDINAS.COM\",\"@id\":\"https:\\\/\\\/noticiasmercedinas.com\\\/site\\\/#\\\/schema\\\/person\\\/84b59c099c28ff2e8b77d4ceec5d8063\"},\"headline\":\"Gustavo Castellani: \u00abLa pol\u00edtica no es religi\u00f3n, es responsabilidad\u00bb\",\"datePublished\":\"2026-03-17T23:02:34+00:00\",\"mainEntityOfPage\":{\"@id\":\"https:\\\/\\\/noticiasmercedinas.com\\\/site\\\/2026\\\/03\\\/17\\\/gustavo-castellani-la-politica-no-es-religion-es-responsabilidad\\\/\"},\"wordCount\":750,\"publisher\":{\"@id\":\"https:\\\/\\\/noticiasmercedinas.com\\\/site\\\/#organization\"},\"image\":{\"@id\":\"https:\\\/\\\/noticiasmercedinas.com\\\/site\\\/2026\\\/03\\\/17\\\/gustavo-castellani-la-politica-no-es-religion-es-responsabilidad\\\/#primaryimage\"},\"thumbnailUrl\":\"https:\\\/\\\/noticiasmercedinas.com\\\/site\\\/wp-content\\\/uploads\\\/2026\\\/03\\\/castellani.jpg\",\"keywords\":[\"gustavo castellani\",\"pj\",\"politica\"],\"articleSection\":[\"Politica\"],\"inLanguage\":\"es\"},{\"@type\":\"WebPage\",\"@id\":\"https:\\\/\\\/noticiasmercedinas.com\\\/site\\\/2026\\\/03\\\/17\\\/gustavo-castellani-la-politica-no-es-religion-es-responsabilidad\\\/\",\"url\":\"https:\\\/\\\/noticiasmercedinas.com\\\/site\\\/2026\\\/03\\\/17\\\/gustavo-castellani-la-politica-no-es-religion-es-responsabilidad\\\/\",\"name\":\"Gustavo Castellani: \\\"La pol\u00edtica no es religi\u00f3n, es responsabilidad\\\"\",\"isPartOf\":{\"@id\":\"https:\\\/\\\/noticiasmercedinas.com\\\/site\\\/#website\"},\"primaryImageOfPage\":{\"@id\":\"https:\\\/\\\/noticiasmercedinas.com\\\/site\\\/2026\\\/03\\\/17\\\/gustavo-castellani-la-politica-no-es-religion-es-responsabilidad\\\/#primaryimage\"},\"image\":{\"@id\":\"https:\\\/\\\/noticiasmercedinas.com\\\/site\\\/2026\\\/03\\\/17\\\/gustavo-castellani-la-politica-no-es-religion-es-responsabilidad\\\/#primaryimage\"},\"thumbnailUrl\":\"https:\\\/\\\/noticiasmercedinas.com\\\/site\\\/wp-content\\\/uploads\\\/2026\\\/03\\\/castellani.jpg\",\"datePublished\":\"2026-03-17T23:02:34+00:00\",\"description\":\"El referente del PJ Mercedes analiz\u00f3 con dureza el presente social y econ\u00f3mico del pa\u00eds. Apunt\u00f3 contra el ajuste sobre los trabajadores y jubilados, denunci\u00f3 una crisis de credibilidad institucional y traz\u00f3 la hoja de ruta para una renovaci\u00f3n profunda del peronismo basada en la previsibilidad y la producci\u00f3n nacional.\",\"breadcrumb\":{\"@id\":\"https:\\\/\\\/noticiasmercedinas.com\\\/site\\\/2026\\\/03\\\/17\\\/gustavo-castellani-la-politica-no-es-religion-es-responsabilidad\\\/#breadcrumb\"},\"inLanguage\":\"es\",\"potentialAction\":[{\"@type\":\"ReadAction\",\"target\":[\"https:\\\/\\\/noticiasmercedinas.com\\\/site\\\/2026\\\/03\\\/17\\\/gustavo-castellani-la-politica-no-es-religion-es-responsabilidad\\\/\"]}]},{\"@type\":\"ImageObject\",\"inLanguage\":\"es\",\"@id\":\"https:\\\/\\\/noticiasmercedinas.com\\\/site\\\/2026\\\/03\\\/17\\\/gustavo-castellani-la-politica-no-es-religion-es-responsabilidad\\\/#primaryimage\",\"url\":\"https:\\\/\\\/noticiasmercedinas.com\\\/site\\\/wp-content\\\/uploads\\\/2026\\\/03\\\/castellani.jpg\",\"contentUrl\":\"https:\\\/\\\/noticiasmercedinas.com\\\/site\\\/wp-content\\\/uploads\\\/2026\\\/03\\\/castellani.jpg\",\"width\":640,\"height\":442},{\"@type\":\"BreadcrumbList\",\"@id\":\"https:\\\/\\\/noticiasmercedinas.com\\\/site\\\/2026\\\/03\\\/17\\\/gustavo-castellani-la-politica-no-es-religion-es-responsabilidad\\\/#breadcrumb\",\"itemListElement\":[{\"@type\":\"ListItem\",\"position\":1,\"name\":\"Portada\",\"item\":\"https:\\\/\\\/noticiasmercedinas.com\\\/site\\\/\"},{\"@type\":\"ListItem\",\"position\":2,\"name\":\"Gustavo Castellani: \u00abLa pol\u00edtica no es religi\u00f3n, es responsabilidad\u00bb\"}]},{\"@type\":\"WebSite\",\"@id\":\"https:\\\/\\\/noticiasmercedinas.com\\\/site\\\/#website\",\"url\":\"https:\\\/\\\/noticiasmercedinas.com\\\/site\\\/\",\"name\":\"NOTICIASMERCEDINAS.COM\",\"description\":\"Mercedes, Buenos Aires, Argentina\",\"publisher\":{\"@id\":\"https:\\\/\\\/noticiasmercedinas.com\\\/site\\\/#organization\"},\"potentialAction\":[{\"@type\":\"SearchAction\",\"target\":{\"@type\":\"EntryPoint\",\"urlTemplate\":\"https:\\\/\\\/noticiasmercedinas.com\\\/site\\\/?s={search_term_string}\"},\"query-input\":{\"@type\":\"PropertyValueSpecification\",\"valueRequired\":true,\"valueName\":\"search_term_string\"}}],\"inLanguage\":\"es\"},{\"@type\":\"Organization\",\"@id\":\"https:\\\/\\\/noticiasmercedinas.com\\\/site\\\/#organization\",\"name\":\"NOTICIASMERCEDINAS.COM\",\"url\":\"https:\\\/\\\/noticiasmercedinas.com\\\/site\\\/\",\"logo\":{\"@type\":\"ImageObject\",\"inLanguage\":\"es\",\"@id\":\"https:\\\/\\\/noticiasmercedinas.com\\\/site\\\/#\\\/schema\\\/logo\\\/image\\\/\",\"url\":\"https:\\\/\\\/noticiasmercedinas.com\\\/site\\\/wp-content\\\/uploads\\\/2020\\\/06\\\/LOGO-512.jpg\",\"contentUrl\":\"https:\\\/\\\/noticiasmercedinas.com\\\/site\\\/wp-content\\\/uploads\\\/2020\\\/06\\\/LOGO-512.jpg\",\"width\":512,\"height\":512,\"caption\":\"NOTICIASMERCEDINAS.COM\"},\"image\":{\"@id\":\"https:\\\/\\\/noticiasmercedinas.com\\\/site\\\/#\\\/schema\\\/logo\\\/image\\\/\"},\"sameAs\":[\"https:\\\/\\\/www.facebook.com\\\/noticiasmercedinas\\\/\",\"https:\\\/\\\/x.com\\\/notmercedinas\",\"https:\\\/\\\/www.instagram.com\\\/noticiasmercedinas\\\/\"]},{\"@type\":\"Person\",\"@id\":\"https:\\\/\\\/noticiasmercedinas.com\\\/site\\\/#\\\/schema\\\/person\\\/84b59c099c28ff2e8b77d4ceec5d8063\",\"name\":\"NOTICIASMERCEDINAS.COM\",\"image\":{\"@type\":\"ImageObject\",\"inLanguage\":\"es\",\"@id\":\"https:\\\/\\\/secure.gravatar.com\\\/avatar\\\/4dfbf16b4d17945bfb6341b2d19043457132fcf478a5ee04f42e959fd8f5df0a?s=96&d=mm&r=g\",\"url\":\"https:\\\/\\\/secure.gravatar.com\\\/avatar\\\/4dfbf16b4d17945bfb6341b2d19043457132fcf478a5ee04f42e959fd8f5df0a?s=96&d=mm&r=g\",\"contentUrl\":\"https:\\\/\\\/secure.gravatar.com\\\/avatar\\\/4dfbf16b4d17945bfb6341b2d19043457132fcf478a5ee04f42e959fd8f5df0a?s=96&d=mm&r=g\",\"caption\":\"NOTICIASMERCEDINAS.COM\"},\"url\":\"https:\\\/\\\/noticiasmercedinas.com\\\/site\\\/author\\\/anonimo\\\/\"}]}<\/script>\n<!-- \/ Yoast SEO plugin. -->","yoast_head_json":{"title":"Gustavo Castellani: \"La pol\u00edtica no es religi\u00f3n, es responsabilidad\"","description":"El referente del PJ Mercedes analiz\u00f3 con dureza el presente social y econ\u00f3mico del pa\u00eds. Apunt\u00f3 contra el ajuste sobre los trabajadores y jubilados, denunci\u00f3 una crisis de credibilidad institucional y traz\u00f3 la hoja de ruta para una renovaci\u00f3n profunda del peronismo basada en la previsibilidad y la producci\u00f3n nacional.","robots":{"index":"index","follow":"follow","max-snippet":"max-snippet:-1","max-image-preview":"max-image-preview:large","max-video-preview":"max-video-preview:-1"},"canonical":"https:\/\/noticiasmercedinas.com\/site\/2026\/03\/17\/gustavo-castellani-la-politica-no-es-religion-es-responsabilidad\/","og_locale":"es_ES","og_type":"article","og_title":"Gustavo Castellani: \"La pol\u00edtica no es religi\u00f3n, es responsabilidad\"","og_description":"El referente del PJ Mercedes analiz\u00f3 con dureza el presente social y econ\u00f3mico del pa\u00eds. Apunt\u00f3 contra el ajuste sobre los trabajadores y jubilados, denunci\u00f3 una crisis de credibilidad institucional y traz\u00f3 la hoja de ruta para una renovaci\u00f3n profunda del peronismo basada en la previsibilidad y la producci\u00f3n nacional.","og_url":"https:\/\/noticiasmercedinas.com\/site\/2026\/03\/17\/gustavo-castellani-la-politica-no-es-religion-es-responsabilidad\/","og_site_name":"NOTICIASMERCEDINAS.COM","article_publisher":"https:\/\/www.facebook.com\/noticiasmercedinas\/","article_published_time":"2026-03-17T23:02:34+00:00","og_image":[{"width":640,"height":442,"url":"https:\/\/noticiasmercedinas.com\/site\/wp-content\/uploads\/2026\/03\/castellani.jpg","type":"image\/jpeg"}],"author":"NOTICIASMERCEDINAS.COM","twitter_card":"summary_large_image","twitter_creator":"@notmercedinas","twitter_site":"@notmercedinas","twitter_misc":{"Escrito por":"NOTICIASMERCEDINAS.COM","Tiempo de lectura":"4 minutos"},"schema":{"@context":"https:\/\/schema.org","@graph":[{"@type":"Article","@id":"https:\/\/noticiasmercedinas.com\/site\/2026\/03\/17\/gustavo-castellani-la-politica-no-es-religion-es-responsabilidad\/#article","isPartOf":{"@id":"https:\/\/noticiasmercedinas.com\/site\/2026\/03\/17\/gustavo-castellani-la-politica-no-es-religion-es-responsabilidad\/"},"author":{"name":"NOTICIASMERCEDINAS.COM","@id":"https:\/\/noticiasmercedinas.com\/site\/#\/schema\/person\/84b59c099c28ff2e8b77d4ceec5d8063"},"headline":"Gustavo Castellani: \u00abLa pol\u00edtica no es religi\u00f3n, es responsabilidad\u00bb","datePublished":"2026-03-17T23:02:34+00:00","mainEntityOfPage":{"@id":"https:\/\/noticiasmercedinas.com\/site\/2026\/03\/17\/gustavo-castellani-la-politica-no-es-religion-es-responsabilidad\/"},"wordCount":750,"publisher":{"@id":"https:\/\/noticiasmercedinas.com\/site\/#organization"},"image":{"@id":"https:\/\/noticiasmercedinas.com\/site\/2026\/03\/17\/gustavo-castellani-la-politica-no-es-religion-es-responsabilidad\/#primaryimage"},"thumbnailUrl":"https:\/\/noticiasmercedinas.com\/site\/wp-content\/uploads\/2026\/03\/castellani.jpg","keywords":["gustavo castellani","pj","politica"],"articleSection":["Politica"],"inLanguage":"es"},{"@type":"WebPage","@id":"https:\/\/noticiasmercedinas.com\/site\/2026\/03\/17\/gustavo-castellani-la-politica-no-es-religion-es-responsabilidad\/","url":"https:\/\/noticiasmercedinas.com\/site\/2026\/03\/17\/gustavo-castellani-la-politica-no-es-religion-es-responsabilidad\/","name":"Gustavo Castellani: \"La pol\u00edtica no es religi\u00f3n, es responsabilidad\"","isPartOf":{"@id":"https:\/\/noticiasmercedinas.com\/site\/#website"},"primaryImageOfPage":{"@id":"https:\/\/noticiasmercedinas.com\/site\/2026\/03\/17\/gustavo-castellani-la-politica-no-es-religion-es-responsabilidad\/#primaryimage"},"image":{"@id":"https:\/\/noticiasmercedinas.com\/site\/2026\/03\/17\/gustavo-castellani-la-politica-no-es-religion-es-responsabilidad\/#primaryimage"},"thumbnailUrl":"https:\/\/noticiasmercedinas.com\/site\/wp-content\/uploads\/2026\/03\/castellani.jpg","datePublished":"2026-03-17T23:02:34+00:00","description":"El referente del PJ Mercedes analiz\u00f3 con dureza el presente social y econ\u00f3mico del pa\u00eds. Apunt\u00f3 contra el ajuste sobre los trabajadores y jubilados, denunci\u00f3 una crisis de credibilidad institucional y traz\u00f3 la hoja de ruta para una renovaci\u00f3n profunda del peronismo basada en la previsibilidad y la producci\u00f3n nacional.","breadcrumb":{"@id":"https:\/\/noticiasmercedinas.com\/site\/2026\/03\/17\/gustavo-castellani-la-politica-no-es-religion-es-responsabilidad\/#breadcrumb"},"inLanguage":"es","potentialAction":[{"@type":"ReadAction","target":["https:\/\/noticiasmercedinas.com\/site\/2026\/03\/17\/gustavo-castellani-la-politica-no-es-religion-es-responsabilidad\/"]}]},{"@type":"ImageObject","inLanguage":"es","@id":"https:\/\/noticiasmercedinas.com\/site\/2026\/03\/17\/gustavo-castellani-la-politica-no-es-religion-es-responsabilidad\/#primaryimage","url":"https:\/\/noticiasmercedinas.com\/site\/wp-content\/uploads\/2026\/03\/castellani.jpg","contentUrl":"https:\/\/noticiasmercedinas.com\/site\/wp-content\/uploads\/2026\/03\/castellani.jpg","width":640,"height":442},{"@type":"BreadcrumbList","@id":"https:\/\/noticiasmercedinas.com\/site\/2026\/03\/17\/gustavo-castellani-la-politica-no-es-religion-es-responsabilidad\/#breadcrumb","itemListElement":[{"@type":"ListItem","position":1,"name":"Portada","item":"https:\/\/noticiasmercedinas.com\/site\/"},{"@type":"ListItem","position":2,"name":"Gustavo Castellani: \u00abLa pol\u00edtica no es religi\u00f3n, es responsabilidad\u00bb"}]},{"@type":"WebSite","@id":"https:\/\/noticiasmercedinas.com\/site\/#website","url":"https:\/\/noticiasmercedinas.com\/site\/","name":"NOTICIASMERCEDINAS.COM","description":"Mercedes, Buenos Aires, Argentina","publisher":{"@id":"https:\/\/noticiasmercedinas.com\/site\/#organization"},"potentialAction":[{"@type":"SearchAction","target":{"@type":"EntryPoint","urlTemplate":"https:\/\/noticiasmercedinas.com\/site\/?s={search_term_string}"},"query-input":{"@type":"PropertyValueSpecification","valueRequired":true,"valueName":"search_term_string"}}],"inLanguage":"es"},{"@type":"Organization","@id":"https:\/\/noticiasmercedinas.com\/site\/#organization","name":"NOTICIASMERCEDINAS.COM","url":"https:\/\/noticiasmercedinas.com\/site\/","logo":{"@type":"ImageObject","inLanguage":"es","@id":"https:\/\/noticiasmercedinas.com\/site\/#\/schema\/logo\/image\/","url":"https:\/\/noticiasmercedinas.com\/site\/wp-content\/uploads\/2020\/06\/LOGO-512.jpg","contentUrl":"https:\/\/noticiasmercedinas.com\/site\/wp-content\/uploads\/2020\/06\/LOGO-512.jpg","width":512,"height":512,"caption":"NOTICIASMERCEDINAS.COM"},"image":{"@id":"https:\/\/noticiasmercedinas.com\/site\/#\/schema\/logo\/image\/"},"sameAs":["https:\/\/www.facebook.com\/noticiasmercedinas\/","https:\/\/x.com\/notmercedinas","https:\/\/www.instagram.com\/noticiasmercedinas\/"]},{"@type":"Person","@id":"https:\/\/noticiasmercedinas.com\/site\/#\/schema\/person\/84b59c099c28ff2e8b77d4ceec5d8063","name":"NOTICIASMERCEDINAS.COM","image":{"@type":"ImageObject","inLanguage":"es","@id":"https:\/\/secure.gravatar.com\/avatar\/4dfbf16b4d17945bfb6341b2d19043457132fcf478a5ee04f42e959fd8f5df0a?s=96&d=mm&r=g","url":"https:\/\/secure.gravatar.com\/avatar\/4dfbf16b4d17945bfb6341b2d19043457132fcf478a5ee04f42e959fd8f5df0a?s=96&d=mm&r=g","contentUrl":"https:\/\/secure.gravatar.com\/avatar\/4dfbf16b4d17945bfb6341b2d19043457132fcf478a5ee04f42e959fd8f5df0a?s=96&d=mm&r=g","caption":"NOTICIASMERCEDINAS.COM"},"url":"https:\/\/noticiasmercedinas.com\/site\/author\/anonimo\/"}]}},"amp_enabled":true,"_links":{"self":[{"href":"https:\/\/noticiasmercedinas.com\/site\/wp-json\/wp\/v2\/posts\/182139","targetHints":{"allow":["GET"]}}],"collection":[{"href":"https:\/\/noticiasmercedinas.com\/site\/wp-json\/wp\/v2\/posts"}],"about":[{"href":"https:\/\/noticiasmercedinas.com\/site\/wp-json\/wp\/v2\/types\/post"}],"author":[{"embeddable":true,"href":"https:\/\/noticiasmercedinas.com\/site\/wp-json\/wp\/v2\/users\/16"}],"replies":[{"embeddable":true,"href":"https:\/\/noticiasmercedinas.com\/site\/wp-json\/wp\/v2\/comments?post=182139"}],"version-history":[{"count":1,"href":"https:\/\/noticiasmercedinas.com\/site\/wp-json\/wp\/v2\/posts\/182139\/revisions"}],"predecessor-version":[{"id":182142,"href":"https:\/\/noticiasmercedinas.com\/site\/wp-json\/wp\/v2\/posts\/182139\/revisions\/182142"}],"wp:featuredmedia":[{"embeddable":true,"href":"https:\/\/noticiasmercedinas.com\/site\/wp-json\/wp\/v2\/media\/182141"}],"wp:attachment":[{"href":"https:\/\/noticiasmercedinas.com\/site\/wp-json\/wp\/v2\/media?parent=182139"}],"wp:term":[{"taxonomy":"category","embeddable":true,"href":"https:\/\/noticiasmercedinas.com\/site\/wp-json\/wp\/v2\/categories?post=182139"},{"taxonomy":"post_tag","embeddable":true,"href":"https:\/\/noticiasmercedinas.com\/site\/wp-json\/wp\/v2\/tags?post=182139"}],"curies":[{"name":"wp","href":"https:\/\/api.w.org\/{rel}","templated":true}]}}