{"id":182154,"date":"2026-03-18T09:30:19","date_gmt":"2026-03-18T12:30:19","guid":{"rendered":"https:\/\/noticiasmercedinas.com\/site\/?p=182154"},"modified":"2026-03-18T09:30:19","modified_gmt":"2026-03-18T12:30:19","slug":"horacio-lavandera-llega-un-prodigio-del-piano-que-desafia-los-generos","status":"publish","type":"post","link":"https:\/\/noticiasmercedinas.com\/site\/2026\/03\/18\/horacio-lavandera-llega-un-prodigio-del-piano-que-desafia-los-generos\/","title":{"rendered":"Horacio Lavandera: llega un prodigio del piano que desaf\u00eda los g\u00e9neros"},"content":{"rendered":"<p><img loading=\"lazy\" decoding=\"async\" class=\"alignnone size-full wp-image-182155\" src=\"https:\/\/noticiasmercedinas.com\/site\/wp-content\/uploads\/2026\/03\/lavandera.jpg\" alt=\"\" width=\"899\" height=\"464\" srcset=\"https:\/\/noticiasmercedinas.com\/site\/wp-content\/uploads\/2026\/03\/lavandera.jpg 899w, https:\/\/noticiasmercedinas.com\/site\/wp-content\/uploads\/2026\/03\/lavandera-300x155.jpg 300w, https:\/\/noticiasmercedinas.com\/site\/wp-content\/uploads\/2026\/03\/lavandera-768x396.jpg 768w, https:\/\/noticiasmercedinas.com\/site\/wp-content\/uploads\/2026\/03\/lavandera-640x330.jpg 640w, https:\/\/noticiasmercedinas.com\/site\/wp-content\/uploads\/2026\/03\/lavandera-681x351.jpg 681w\" sizes=\"auto, (max-width: 899px) 100vw, 899px\" \/><\/p>\n<p class=\"query-text-line ng-star-inserted\">El pr\u00f3ximo s\u00e1bado 21 a las 20:00, el destacado pianista <strong>Horacio Lavandera<\/strong> se presentar\u00e1 en el marco del ciclo Pro Arte Mercedes &#8211;\u00a0 Centro de Egresados del Colegio Florentino Ameghino \u2013 con un concierto que ofrecer\u00e1 un programa de notable amplitud est\u00e9tica, que recorre distintos per\u00edodos y lenguajes musicales.<\/p>\n<p class=\"query-text-line ng-star-inserted\">La primera parte estar\u00e1 dedicada a obras de Johann Sebastian Bach, incluyendo el Concierto basado en Marcello BWV 973, la Fantas\u00eda Crom\u00e1tica BWV 903 y las emblem\u00e1ticas Variaciones Goldberg BWV 988.<\/p>\n<p class=\"query-text-line ng-star-inserted\">En la segunda parte del concierto, interpretar\u00e1 piezas de Astor Piazzolla, como Oblivion y la Suite Punta del Este; composiciones de Osvaldo Golijov, entre ellas Youth without Youth y Levante, junto a obras de Fr\u00e9d\u00e9ric Chopin, el Nocturno en do sostenido menor, el Andante spianato y gran polonesa Op. 22 y la Balada N.\u00ba 1 en sol menor Op. 23.<\/p>\n<p class=\"query-text-line ng-star-inserted\">Como cierre, se presentar\u00e1 una selecci\u00f3n de la suite de Star Wars, con m\u00fasica de John Williams, en un arreglo realizado por el propio int\u00e9rprete, que incluir\u00e1 Title Theme, Across the Stars, Cantina Band e Imperial March.<\/p>\n<p data-start=\"0\" data-end=\"100\"><strong>PRO ARTE MERCEDES<\/strong><br data-start=\"17\" data-end=\"20\" \/><strong>CENTRO DE EGRESADOS DEL<\/strong><br data-start=\"43\" data-end=\"46\" \/><strong>COLEGIO NACIONAL<\/strong><br data-start=\"62\" data-end=\"65\" \/><strong>\u00abFLORENTINO AMEGHINO\u00bb<\/strong><br data-start=\"86\" data-end=\"89\" \/><strong>1950\/2026<\/strong><\/p>\n<p data-start=\"102\" data-end=\"121\"><strong>HORACIO LAVANDERA<\/strong><\/p>\n<p data-start=\"123\" data-end=\"138\"><strong>CINE AL PIANO<\/strong><\/p>\n<p data-start=\"140\" data-end=\"189\"><strong>STAR WARS &#8211; CHOPIN &#8211; BACH &#8211; GOLIJOV &#8211; PIAZZOLLA<\/strong><\/p>\n<p data-start=\"191\" data-end=\"241\"><strong>Entradas Anticipadas para No Socios: 2324-511177<\/strong><\/p>\n<p data-start=\"243\" data-end=\"355\"><strong>S\u00e1bado 21 de marzo 20:00 HS<\/strong><br data-start=\"270\" data-end=\"273\" \/><strong>Auditorio del Colegio Nacional F. Ameghino<\/strong><br data-start=\"315\" data-end=\"318\" \/><strong>Avda. 17 entre 30 y 32 Mercedes (B)<\/strong><\/p>\n<p data-start=\"357\" data-end=\"397\" data-is-last-node=\"\" data-is-only-node=\"\"><strong>Entrada: $20.000<\/strong><br data-start=\"373\" data-end=\"376\" \/><strong>Reservas: 2324 511177<\/strong><\/p>\n<p>Ofrecemos, a continuaci\u00f3n, la entrevista realizada por la periodista Susana Spano para Radio F\u00e9nix, 93,9 MHz, que acompa\u00f1a esta publicaci\u00f3n y aporta un an\u00e1lisis en profundidad sobre el programa, el criterio art\u00edstico de la selecci\u00f3n de obras y las perspectivas interpretativas del pianista.<br \/>\n<iframe loading=\"lazy\" title=\"YouTube video player\" src=\"https:\/\/www.youtube.com\/embed\/P6myUsy-UFw?si=VrBj_cUxIeLmXa7B\" width=\"640\" height=\"340\" frameborder=\"0\" allowfullscreen=\"allowfullscreen\"><span data-mce-type=\"bookmark\" style=\"display: inline-block; width: 0px; overflow: hidden; line-height: 0;\" class=\"mce_SELRES_start\">\ufeff<\/span><\/iframe><\/p>\n","protected":false},"excerpt":{"rendered":"<p>\u25a0 El s\u00e1bado llega al ciclo Pro Arte Mercedes con una propuesta que rompe moldes: un programa excepcional que navega desde el rigor barroco de Bach hasta la emotividad de Piazzolla, culminando en la \u00e9pica cinematogr\u00e1fica de Star Wars. Una cita imperdible con el virtuosismo t\u00e9cnico y la sensibilidad de un int\u00e9rprete que redefine los l\u00edmites del piano contempor\u00e1neo.<\/p>\n","protected":false},"author":16,"featured_media":182155,"comment_status":"closed","ping_status":"closed","sticky":false,"template":"","format":"standard","meta":{"footnotes":""},"categories":[4,20734],"tags":[16703,21870,5218,614],"class_list":["post-182154","post","type-post","status-publish","format-standard","has-post-thumbnail","hentry","category-cultura","category-ultimo-momento","tag-ex-colegio-nacional","tag-horacion-lavandera","tag-piano","tag-pro-arte"],"yoast_head":"<!-- This site is optimized with the Yoast SEO plugin v27.4 - https:\/\/yoast.com\/product\/yoast-seo-wordpress\/ -->\n<title>Horacio Lavandera: llega un prodigio del piano que desaf\u00eda los g\u00e9neros<\/title>\n<meta name=\"description\" content=\"\u25a0 El s\u00e1bado llega al ciclo Pro Arte Mercedes con una propuesta que rompe moldes: un programa excepcional que navega desde el rigor barroco de Bach hasta la emotividad de Piazzolla, culminando en la \u00e9pica cinematogr\u00e1fica de Star Wars. Una cita imperdible con el virtuosismo t\u00e9cnico y la sensibilidad de un int\u00e9rprete que redefine los l\u00edmites del piano contempor\u00e1neo.\" \/>\n<meta name=\"robots\" content=\"index, follow, max-snippet:-1, max-image-preview:large, max-video-preview:-1\" \/>\n<link rel=\"canonical\" href=\"https:\/\/noticiasmercedinas.com\/site\/2026\/03\/18\/horacio-lavandera-llega-un-prodigio-del-piano-que-desafia-los-generos\/\" \/>\n<meta property=\"og:locale\" content=\"es_ES\" \/>\n<meta property=\"og:type\" content=\"article\" \/>\n<meta property=\"og:title\" content=\"Horacio Lavandera: llega un prodigio del piano que desaf\u00eda los g\u00e9neros\" \/>\n<meta property=\"og:description\" content=\"\u25a0 El s\u00e1bado llega al ciclo Pro Arte Mercedes con una propuesta que rompe moldes: un programa excepcional que navega desde el rigor barroco de Bach hasta la emotividad de Piazzolla, culminando en la \u00e9pica cinematogr\u00e1fica de Star Wars. Una cita imperdible con el virtuosismo t\u00e9cnico y la sensibilidad de un int\u00e9rprete que redefine los l\u00edmites del piano contempor\u00e1neo.\" \/>\n<meta property=\"og:url\" content=\"https:\/\/noticiasmercedinas.com\/site\/2026\/03\/18\/horacio-lavandera-llega-un-prodigio-del-piano-que-desafia-los-generos\/\" \/>\n<meta property=\"og:site_name\" content=\"NOTICIASMERCEDINAS.COM\" \/>\n<meta property=\"article:publisher\" content=\"https:\/\/www.facebook.com\/noticiasmercedinas\/\" \/>\n<meta property=\"article:published_time\" content=\"2026-03-18T12:30:19+00:00\" \/>\n<meta property=\"og:image\" content=\"https:\/\/noticiasmercedinas.com\/site\/wp-content\/uploads\/2026\/03\/lavandera.jpg\" \/>\n\t<meta property=\"og:image:width\" content=\"899\" \/>\n\t<meta property=\"og:image:height\" content=\"464\" \/>\n\t<meta property=\"og:image:type\" content=\"image\/jpeg\" \/>\n<meta name=\"author\" content=\"NOTICIASMERCEDINAS.COM\" \/>\n<meta name=\"twitter:card\" content=\"summary_large_image\" \/>\n<meta name=\"twitter:creator\" content=\"@notmercedinas\" \/>\n<meta name=\"twitter:site\" content=\"@notmercedinas\" \/>\n<meta name=\"twitter:label1\" content=\"Escrito por\" \/>\n\t<meta name=\"twitter:data1\" content=\"NOTICIASMERCEDINAS.COM\" \/>\n\t<meta name=\"twitter:label2\" content=\"Tiempo de lectura\" \/>\n\t<meta name=\"twitter:data2\" content=\"2 minutos\" \/>\n<script type=\"application\/ld+json\" class=\"yoast-schema-graph\">{\"@context\":\"https:\\\/\\\/schema.org\",\"@graph\":[{\"@type\":\"Article\",\"@id\":\"https:\\\/\\\/noticiasmercedinas.com\\\/site\\\/2026\\\/03\\\/18\\\/horacio-lavandera-llega-un-prodigio-del-piano-que-desafia-los-generos\\\/#article\",\"isPartOf\":{\"@id\":\"https:\\\/\\\/noticiasmercedinas.com\\\/site\\\/2026\\\/03\\\/18\\\/horacio-lavandera-llega-un-prodigio-del-piano-que-desafia-los-generos\\\/\"},\"author\":{\"name\":\"NOTICIASMERCEDINAS.COM\",\"@id\":\"https:\\\/\\\/noticiasmercedinas.com\\\/site\\\/#\\\/schema\\\/person\\\/84b59c099c28ff2e8b77d4ceec5d8063\"},\"headline\":\"Horacio Lavandera: llega un prodigio del piano que desaf\u00eda los g\u00e9neros\",\"datePublished\":\"2026-03-18T12:30:19+00:00\",\"mainEntityOfPage\":{\"@id\":\"https:\\\/\\\/noticiasmercedinas.com\\\/site\\\/2026\\\/03\\\/18\\\/horacio-lavandera-llega-un-prodigio-del-piano-que-desafia-los-generos\\\/\"},\"wordCount\":292,\"publisher\":{\"@id\":\"https:\\\/\\\/noticiasmercedinas.com\\\/site\\\/#organization\"},\"image\":{\"@id\":\"https:\\\/\\\/noticiasmercedinas.com\\\/site\\\/2026\\\/03\\\/18\\\/horacio-lavandera-llega-un-prodigio-del-piano-que-desafia-los-generos\\\/#primaryimage\"},\"thumbnailUrl\":\"https:\\\/\\\/noticiasmercedinas.com\\\/site\\\/wp-content\\\/uploads\\\/2026\\\/03\\\/lavandera.jpg\",\"keywords\":[\"Ex Colegio Nacional\",\"horacion lavandera\",\"piano\",\"pro arte\"],\"articleSection\":[\"Cultura\",\"Ultimo momento\"],\"inLanguage\":\"es\"},{\"@type\":\"WebPage\",\"@id\":\"https:\\\/\\\/noticiasmercedinas.com\\\/site\\\/2026\\\/03\\\/18\\\/horacio-lavandera-llega-un-prodigio-del-piano-que-desafia-los-generos\\\/\",\"url\":\"https:\\\/\\\/noticiasmercedinas.com\\\/site\\\/2026\\\/03\\\/18\\\/horacio-lavandera-llega-un-prodigio-del-piano-que-desafia-los-generos\\\/\",\"name\":\"Horacio Lavandera: llega un prodigio del piano que desaf\u00eda los g\u00e9neros\",\"isPartOf\":{\"@id\":\"https:\\\/\\\/noticiasmercedinas.com\\\/site\\\/#website\"},\"primaryImageOfPage\":{\"@id\":\"https:\\\/\\\/noticiasmercedinas.com\\\/site\\\/2026\\\/03\\\/18\\\/horacio-lavandera-llega-un-prodigio-del-piano-que-desafia-los-generos\\\/#primaryimage\"},\"image\":{\"@id\":\"https:\\\/\\\/noticiasmercedinas.com\\\/site\\\/2026\\\/03\\\/18\\\/horacio-lavandera-llega-un-prodigio-del-piano-que-desafia-los-generos\\\/#primaryimage\"},\"thumbnailUrl\":\"https:\\\/\\\/noticiasmercedinas.com\\\/site\\\/wp-content\\\/uploads\\\/2026\\\/03\\\/lavandera.jpg\",\"datePublished\":\"2026-03-18T12:30:19+00:00\",\"description\":\"\u25a0 El s\u00e1bado llega al ciclo Pro Arte Mercedes con una propuesta que rompe moldes: un programa excepcional que navega desde el rigor barroco de Bach hasta la emotividad de Piazzolla, culminando en la \u00e9pica cinematogr\u00e1fica de Star Wars. Una cita imperdible con el virtuosismo t\u00e9cnico y la sensibilidad de un int\u00e9rprete que redefine los l\u00edmites del piano contempor\u00e1neo.\",\"breadcrumb\":{\"@id\":\"https:\\\/\\\/noticiasmercedinas.com\\\/site\\\/2026\\\/03\\\/18\\\/horacio-lavandera-llega-un-prodigio-del-piano-que-desafia-los-generos\\\/#breadcrumb\"},\"inLanguage\":\"es\",\"potentialAction\":[{\"@type\":\"ReadAction\",\"target\":[\"https:\\\/\\\/noticiasmercedinas.com\\\/site\\\/2026\\\/03\\\/18\\\/horacio-lavandera-llega-un-prodigio-del-piano-que-desafia-los-generos\\\/\"]}]},{\"@type\":\"ImageObject\",\"inLanguage\":\"es\",\"@id\":\"https:\\\/\\\/noticiasmercedinas.com\\\/site\\\/2026\\\/03\\\/18\\\/horacio-lavandera-llega-un-prodigio-del-piano-que-desafia-los-generos\\\/#primaryimage\",\"url\":\"https:\\\/\\\/noticiasmercedinas.com\\\/site\\\/wp-content\\\/uploads\\\/2026\\\/03\\\/lavandera.jpg\",\"contentUrl\":\"https:\\\/\\\/noticiasmercedinas.com\\\/site\\\/wp-content\\\/uploads\\\/2026\\\/03\\\/lavandera.jpg\",\"width\":899,\"height\":464},{\"@type\":\"BreadcrumbList\",\"@id\":\"https:\\\/\\\/noticiasmercedinas.com\\\/site\\\/2026\\\/03\\\/18\\\/horacio-lavandera-llega-un-prodigio-del-piano-que-desafia-los-generos\\\/#breadcrumb\",\"itemListElement\":[{\"@type\":\"ListItem\",\"position\":1,\"name\":\"Portada\",\"item\":\"https:\\\/\\\/noticiasmercedinas.com\\\/site\\\/\"},{\"@type\":\"ListItem\",\"position\":2,\"name\":\"Horacio Lavandera: llega un prodigio del piano que desaf\u00eda los g\u00e9neros\"}]},{\"@type\":\"WebSite\",\"@id\":\"https:\\\/\\\/noticiasmercedinas.com\\\/site\\\/#website\",\"url\":\"https:\\\/\\\/noticiasmercedinas.com\\\/site\\\/\",\"name\":\"NOTICIASMERCEDINAS.COM\",\"description\":\"Mercedes, Buenos Aires, Argentina\",\"publisher\":{\"@id\":\"https:\\\/\\\/noticiasmercedinas.com\\\/site\\\/#organization\"},\"potentialAction\":[{\"@type\":\"SearchAction\",\"target\":{\"@type\":\"EntryPoint\",\"urlTemplate\":\"https:\\\/\\\/noticiasmercedinas.com\\\/site\\\/?s={search_term_string}\"},\"query-input\":{\"@type\":\"PropertyValueSpecification\",\"valueRequired\":true,\"valueName\":\"search_term_string\"}}],\"inLanguage\":\"es\"},{\"@type\":\"Organization\",\"@id\":\"https:\\\/\\\/noticiasmercedinas.com\\\/site\\\/#organization\",\"name\":\"NOTICIASMERCEDINAS.COM\",\"url\":\"https:\\\/\\\/noticiasmercedinas.com\\\/site\\\/\",\"logo\":{\"@type\":\"ImageObject\",\"inLanguage\":\"es\",\"@id\":\"https:\\\/\\\/noticiasmercedinas.com\\\/site\\\/#\\\/schema\\\/logo\\\/image\\\/\",\"url\":\"https:\\\/\\\/noticiasmercedinas.com\\\/site\\\/wp-content\\\/uploads\\\/2020\\\/06\\\/LOGO-512.jpg\",\"contentUrl\":\"https:\\\/\\\/noticiasmercedinas.com\\\/site\\\/wp-content\\\/uploads\\\/2020\\\/06\\\/LOGO-512.jpg\",\"width\":512,\"height\":512,\"caption\":\"NOTICIASMERCEDINAS.COM\"},\"image\":{\"@id\":\"https:\\\/\\\/noticiasmercedinas.com\\\/site\\\/#\\\/schema\\\/logo\\\/image\\\/\"},\"sameAs\":[\"https:\\\/\\\/www.facebook.com\\\/noticiasmercedinas\\\/\",\"https:\\\/\\\/x.com\\\/notmercedinas\",\"https:\\\/\\\/www.instagram.com\\\/noticiasmercedinas\\\/\"]},{\"@type\":\"Person\",\"@id\":\"https:\\\/\\\/noticiasmercedinas.com\\\/site\\\/#\\\/schema\\\/person\\\/84b59c099c28ff2e8b77d4ceec5d8063\",\"name\":\"NOTICIASMERCEDINAS.COM\",\"image\":{\"@type\":\"ImageObject\",\"inLanguage\":\"es\",\"@id\":\"https:\\\/\\\/secure.gravatar.com\\\/avatar\\\/4dfbf16b4d17945bfb6341b2d19043457132fcf478a5ee04f42e959fd8f5df0a?s=96&d=mm&r=g\",\"url\":\"https:\\\/\\\/secure.gravatar.com\\\/avatar\\\/4dfbf16b4d17945bfb6341b2d19043457132fcf478a5ee04f42e959fd8f5df0a?s=96&d=mm&r=g\",\"contentUrl\":\"https:\\\/\\\/secure.gravatar.com\\\/avatar\\\/4dfbf16b4d17945bfb6341b2d19043457132fcf478a5ee04f42e959fd8f5df0a?s=96&d=mm&r=g\",\"caption\":\"NOTICIASMERCEDINAS.COM\"},\"url\":\"https:\\\/\\\/noticiasmercedinas.com\\\/site\\\/author\\\/anonimo\\\/\"}]}<\/script>\n<!-- \/ Yoast SEO plugin. -->","yoast_head_json":{"title":"Horacio Lavandera: llega un prodigio del piano que desaf\u00eda los g\u00e9neros","description":"\u25a0 El s\u00e1bado llega al ciclo Pro Arte Mercedes con una propuesta que rompe moldes: un programa excepcional que navega desde el rigor barroco de Bach hasta la emotividad de Piazzolla, culminando en la \u00e9pica cinematogr\u00e1fica de Star Wars. Una cita imperdible con el virtuosismo t\u00e9cnico y la sensibilidad de un int\u00e9rprete que redefine los l\u00edmites del piano contempor\u00e1neo.","robots":{"index":"index","follow":"follow","max-snippet":"max-snippet:-1","max-image-preview":"max-image-preview:large","max-video-preview":"max-video-preview:-1"},"canonical":"https:\/\/noticiasmercedinas.com\/site\/2026\/03\/18\/horacio-lavandera-llega-un-prodigio-del-piano-que-desafia-los-generos\/","og_locale":"es_ES","og_type":"article","og_title":"Horacio Lavandera: llega un prodigio del piano que desaf\u00eda los g\u00e9neros","og_description":"\u25a0 El s\u00e1bado llega al ciclo Pro Arte Mercedes con una propuesta que rompe moldes: un programa excepcional que navega desde el rigor barroco de Bach hasta la emotividad de Piazzolla, culminando en la \u00e9pica cinematogr\u00e1fica de Star Wars. Una cita imperdible con el virtuosismo t\u00e9cnico y la sensibilidad de un int\u00e9rprete que redefine los l\u00edmites del piano contempor\u00e1neo.","og_url":"https:\/\/noticiasmercedinas.com\/site\/2026\/03\/18\/horacio-lavandera-llega-un-prodigio-del-piano-que-desafia-los-generos\/","og_site_name":"NOTICIASMERCEDINAS.COM","article_publisher":"https:\/\/www.facebook.com\/noticiasmercedinas\/","article_published_time":"2026-03-18T12:30:19+00:00","og_image":[{"width":899,"height":464,"url":"https:\/\/noticiasmercedinas.com\/site\/wp-content\/uploads\/2026\/03\/lavandera.jpg","type":"image\/jpeg"}],"author":"NOTICIASMERCEDINAS.COM","twitter_card":"summary_large_image","twitter_creator":"@notmercedinas","twitter_site":"@notmercedinas","twitter_misc":{"Escrito por":"NOTICIASMERCEDINAS.COM","Tiempo de lectura":"2 minutos"},"schema":{"@context":"https:\/\/schema.org","@graph":[{"@type":"Article","@id":"https:\/\/noticiasmercedinas.com\/site\/2026\/03\/18\/horacio-lavandera-llega-un-prodigio-del-piano-que-desafia-los-generos\/#article","isPartOf":{"@id":"https:\/\/noticiasmercedinas.com\/site\/2026\/03\/18\/horacio-lavandera-llega-un-prodigio-del-piano-que-desafia-los-generos\/"},"author":{"name":"NOTICIASMERCEDINAS.COM","@id":"https:\/\/noticiasmercedinas.com\/site\/#\/schema\/person\/84b59c099c28ff2e8b77d4ceec5d8063"},"headline":"Horacio Lavandera: llega un prodigio del piano que desaf\u00eda los g\u00e9neros","datePublished":"2026-03-18T12:30:19+00:00","mainEntityOfPage":{"@id":"https:\/\/noticiasmercedinas.com\/site\/2026\/03\/18\/horacio-lavandera-llega-un-prodigio-del-piano-que-desafia-los-generos\/"},"wordCount":292,"publisher":{"@id":"https:\/\/noticiasmercedinas.com\/site\/#organization"},"image":{"@id":"https:\/\/noticiasmercedinas.com\/site\/2026\/03\/18\/horacio-lavandera-llega-un-prodigio-del-piano-que-desafia-los-generos\/#primaryimage"},"thumbnailUrl":"https:\/\/noticiasmercedinas.com\/site\/wp-content\/uploads\/2026\/03\/lavandera.jpg","keywords":["Ex Colegio Nacional","horacion lavandera","piano","pro arte"],"articleSection":["Cultura","Ultimo momento"],"inLanguage":"es"},{"@type":"WebPage","@id":"https:\/\/noticiasmercedinas.com\/site\/2026\/03\/18\/horacio-lavandera-llega-un-prodigio-del-piano-que-desafia-los-generos\/","url":"https:\/\/noticiasmercedinas.com\/site\/2026\/03\/18\/horacio-lavandera-llega-un-prodigio-del-piano-que-desafia-los-generos\/","name":"Horacio Lavandera: llega un prodigio del piano que desaf\u00eda los g\u00e9neros","isPartOf":{"@id":"https:\/\/noticiasmercedinas.com\/site\/#website"},"primaryImageOfPage":{"@id":"https:\/\/noticiasmercedinas.com\/site\/2026\/03\/18\/horacio-lavandera-llega-un-prodigio-del-piano-que-desafia-los-generos\/#primaryimage"},"image":{"@id":"https:\/\/noticiasmercedinas.com\/site\/2026\/03\/18\/horacio-lavandera-llega-un-prodigio-del-piano-que-desafia-los-generos\/#primaryimage"},"thumbnailUrl":"https:\/\/noticiasmercedinas.com\/site\/wp-content\/uploads\/2026\/03\/lavandera.jpg","datePublished":"2026-03-18T12:30:19+00:00","description":"\u25a0 El s\u00e1bado llega al ciclo Pro Arte Mercedes con una propuesta que rompe moldes: un programa excepcional que navega desde el rigor barroco de Bach hasta la emotividad de Piazzolla, culminando en la \u00e9pica cinematogr\u00e1fica de Star Wars. Una cita imperdible con el virtuosismo t\u00e9cnico y la sensibilidad de un int\u00e9rprete que redefine los l\u00edmites del piano contempor\u00e1neo.","breadcrumb":{"@id":"https:\/\/noticiasmercedinas.com\/site\/2026\/03\/18\/horacio-lavandera-llega-un-prodigio-del-piano-que-desafia-los-generos\/#breadcrumb"},"inLanguage":"es","potentialAction":[{"@type":"ReadAction","target":["https:\/\/noticiasmercedinas.com\/site\/2026\/03\/18\/horacio-lavandera-llega-un-prodigio-del-piano-que-desafia-los-generos\/"]}]},{"@type":"ImageObject","inLanguage":"es","@id":"https:\/\/noticiasmercedinas.com\/site\/2026\/03\/18\/horacio-lavandera-llega-un-prodigio-del-piano-que-desafia-los-generos\/#primaryimage","url":"https:\/\/noticiasmercedinas.com\/site\/wp-content\/uploads\/2026\/03\/lavandera.jpg","contentUrl":"https:\/\/noticiasmercedinas.com\/site\/wp-content\/uploads\/2026\/03\/lavandera.jpg","width":899,"height":464},{"@type":"BreadcrumbList","@id":"https:\/\/noticiasmercedinas.com\/site\/2026\/03\/18\/horacio-lavandera-llega-un-prodigio-del-piano-que-desafia-los-generos\/#breadcrumb","itemListElement":[{"@type":"ListItem","position":1,"name":"Portada","item":"https:\/\/noticiasmercedinas.com\/site\/"},{"@type":"ListItem","position":2,"name":"Horacio Lavandera: llega un prodigio del piano que desaf\u00eda los g\u00e9neros"}]},{"@type":"WebSite","@id":"https:\/\/noticiasmercedinas.com\/site\/#website","url":"https:\/\/noticiasmercedinas.com\/site\/","name":"NOTICIASMERCEDINAS.COM","description":"Mercedes, Buenos Aires, Argentina","publisher":{"@id":"https:\/\/noticiasmercedinas.com\/site\/#organization"},"potentialAction":[{"@type":"SearchAction","target":{"@type":"EntryPoint","urlTemplate":"https:\/\/noticiasmercedinas.com\/site\/?s={search_term_string}"},"query-input":{"@type":"PropertyValueSpecification","valueRequired":true,"valueName":"search_term_string"}}],"inLanguage":"es"},{"@type":"Organization","@id":"https:\/\/noticiasmercedinas.com\/site\/#organization","name":"NOTICIASMERCEDINAS.COM","url":"https:\/\/noticiasmercedinas.com\/site\/","logo":{"@type":"ImageObject","inLanguage":"es","@id":"https:\/\/noticiasmercedinas.com\/site\/#\/schema\/logo\/image\/","url":"https:\/\/noticiasmercedinas.com\/site\/wp-content\/uploads\/2020\/06\/LOGO-512.jpg","contentUrl":"https:\/\/noticiasmercedinas.com\/site\/wp-content\/uploads\/2020\/06\/LOGO-512.jpg","width":512,"height":512,"caption":"NOTICIASMERCEDINAS.COM"},"image":{"@id":"https:\/\/noticiasmercedinas.com\/site\/#\/schema\/logo\/image\/"},"sameAs":["https:\/\/www.facebook.com\/noticiasmercedinas\/","https:\/\/x.com\/notmercedinas","https:\/\/www.instagram.com\/noticiasmercedinas\/"]},{"@type":"Person","@id":"https:\/\/noticiasmercedinas.com\/site\/#\/schema\/person\/84b59c099c28ff2e8b77d4ceec5d8063","name":"NOTICIASMERCEDINAS.COM","image":{"@type":"ImageObject","inLanguage":"es","@id":"https:\/\/secure.gravatar.com\/avatar\/4dfbf16b4d17945bfb6341b2d19043457132fcf478a5ee04f42e959fd8f5df0a?s=96&d=mm&r=g","url":"https:\/\/secure.gravatar.com\/avatar\/4dfbf16b4d17945bfb6341b2d19043457132fcf478a5ee04f42e959fd8f5df0a?s=96&d=mm&r=g","contentUrl":"https:\/\/secure.gravatar.com\/avatar\/4dfbf16b4d17945bfb6341b2d19043457132fcf478a5ee04f42e959fd8f5df0a?s=96&d=mm&r=g","caption":"NOTICIASMERCEDINAS.COM"},"url":"https:\/\/noticiasmercedinas.com\/site\/author\/anonimo\/"}]}},"amp_enabled":true,"_links":{"self":[{"href":"https:\/\/noticiasmercedinas.com\/site\/wp-json\/wp\/v2\/posts\/182154","targetHints":{"allow":["GET"]}}],"collection":[{"href":"https:\/\/noticiasmercedinas.com\/site\/wp-json\/wp\/v2\/posts"}],"about":[{"href":"https:\/\/noticiasmercedinas.com\/site\/wp-json\/wp\/v2\/types\/post"}],"author":[{"embeddable":true,"href":"https:\/\/noticiasmercedinas.com\/site\/wp-json\/wp\/v2\/users\/16"}],"replies":[{"embeddable":true,"href":"https:\/\/noticiasmercedinas.com\/site\/wp-json\/wp\/v2\/comments?post=182154"}],"version-history":[{"count":1,"href":"https:\/\/noticiasmercedinas.com\/site\/wp-json\/wp\/v2\/posts\/182154\/revisions"}],"predecessor-version":[{"id":182156,"href":"https:\/\/noticiasmercedinas.com\/site\/wp-json\/wp\/v2\/posts\/182154\/revisions\/182156"}],"wp:featuredmedia":[{"embeddable":true,"href":"https:\/\/noticiasmercedinas.com\/site\/wp-json\/wp\/v2\/media\/182155"}],"wp:attachment":[{"href":"https:\/\/noticiasmercedinas.com\/site\/wp-json\/wp\/v2\/media?parent=182154"}],"wp:term":[{"taxonomy":"category","embeddable":true,"href":"https:\/\/noticiasmercedinas.com\/site\/wp-json\/wp\/v2\/categories?post=182154"},{"taxonomy":"post_tag","embeddable":true,"href":"https:\/\/noticiasmercedinas.com\/site\/wp-json\/wp\/v2\/tags?post=182154"}],"curies":[{"name":"wp","href":"https:\/\/api.w.org\/{rel}","templated":true}]}}