{"id":182168,"date":"2026-03-18T12:58:04","date_gmt":"2026-03-18T15:58:04","guid":{"rendered":"https:\/\/noticiasmercedinas.com\/site\/?p=182168"},"modified":"2026-03-18T12:58:04","modified_gmt":"2026-03-18T15:58:04","slug":"carlos-selva-el-gobierno-nacional-aplica-un-programa-sistematico-de-perversidad-contra-los-mas-desprotegidos","status":"publish","type":"post","link":"https:\/\/noticiasmercedinas.com\/site\/2026\/03\/18\/carlos-selva-el-gobierno-nacional-aplica-un-programa-sistematico-de-perversidad-contra-los-mas-desprotegidos\/","title":{"rendered":"Carlos Selva: \u00abEl Gobierno nacional aplica un programa sistem\u00e1tico de perversidad contra los m\u00e1s desprotegidos\u00bb"},"content":{"rendered":"<p><img loading=\"lazy\" decoding=\"async\" class=\"alignnone size-full wp-image-182169\" src=\"https:\/\/noticiasmercedinas.com\/site\/wp-content\/uploads\/2026\/03\/carlos_selva0.jpg\" alt=\"\" width=\"1309\" height=\"800\" srcset=\"https:\/\/noticiasmercedinas.com\/site\/wp-content\/uploads\/2026\/03\/carlos_selva0.jpg 1309w, https:\/\/noticiasmercedinas.com\/site\/wp-content\/uploads\/2026\/03\/carlos_selva0-300x183.jpg 300w, https:\/\/noticiasmercedinas.com\/site\/wp-content\/uploads\/2026\/03\/carlos_selva0-1024x626.jpg 1024w, https:\/\/noticiasmercedinas.com\/site\/wp-content\/uploads\/2026\/03\/carlos_selva0-768x469.jpg 768w, https:\/\/noticiasmercedinas.com\/site\/wp-content\/uploads\/2026\/03\/carlos_selva0-640x391.jpg 640w, https:\/\/noticiasmercedinas.com\/site\/wp-content\/uploads\/2026\/03\/carlos_selva0-1280x782.jpg 1280w, https:\/\/noticiasmercedinas.com\/site\/wp-content\/uploads\/2026\/03\/carlos_selva0-681x416.jpg 681w\" sizes=\"auto, (max-width: 1309px) 100vw, 1309px\" \/><\/p>\n<p>Tras el reciente recambio de autoridades del Partido Justicialista (PJ) local, el exintendente y diputado nacional mandato cumplido, <strong>Carlos Selva<\/strong>, brind\u00f3 definiciones de alto voltaje pol\u00edtico sobre la coyuntura nacional y el reordenamiento del peronismo. Tras formalizarse la lista de unidad que consagra al actual intendente,<strong> Juan Ignacio Ustarroz<\/strong>, como presidente del partido a nivel distrital, Selva destac\u00f3 la importancia de la convergencia de todas las agrupaciones para enfrentar un escenario que calific\u00f3 como \u00abcr\u00edtico\u00bb.<\/p>\n<p>En un di\u00e1logo directo con este medio, Selva explic\u00f3 que la conformaci\u00f3n de la lista local fue el resultado de un proceso de di\u00e1logo donde se priorizaron los puntos de contacto por sobre las tensiones. \u00abHist\u00f3ricamente he planteado que, si el intendente es peronista, la conducci\u00f3n del partido debe ser un peso adicional para su gesti\u00f3n\u00bb, afirm\u00f3.<\/p>\n<p>La nueva estructura del PJ mercedino cuenta con la participaci\u00f3n de la agrupaci\u00f3n de Selva a trav\u00e9s de Andrea Bozzini en la vicepresidencia, mientras que el propio Selva asumi\u00f3 el rol de primer candidato a congresal provincial. \u00abEl peronismo necesita organizarse y debatir por qu\u00e9 llegamos hasta ac\u00e1; no da para el seguidismo, hay que generar una expectativa sustentable para la sociedad\u00bb, enfatiz\u00f3 el dirigente.<\/p>\n<p><strong>\u00abUn gobierno perverso\u00bb<\/strong><br \/>\nAl analizar la pol\u00edtica nacional, Selva no ahorr\u00f3 calificativos para describir la gesti\u00f3n de Javier Milei. Se refiri\u00f3 espec\u00edficamente a la reforma laboral y al impacto social de las medidas de ajuste, denunciando una \u00abperversidad\u00bb intr\u00ednseca en el modelo vigente.<\/p>\n<blockquote><p>El exintendente manifest\u00f3 su profunda preocupaci\u00f3n por el deterioro del sistema de seguridad social, advirtiendo que la ca\u00edda del salario real \u00abdinamita\u00bb el financiamiento de las obras sociales.<\/p><\/blockquote>\n<p>\u00abDe los m\u00e1s de 200 art\u00edculos de la reforma laboral, todo es en contra de los derechos de los trabajadores. Estamos ante un programa sistem\u00e1tico que busca la primarizaci\u00f3n de la econom\u00eda y el sometimiento\u00bb, sentenci\u00f3 Selva.<\/p>\n<p>El exintendente manifest\u00f3 su profunda preocupaci\u00f3n por el deterioro del sistema de seguridad social, advirtiendo que la ca\u00edda del salario real \u00abdinamita\u00bb el financiamiento de las obras sociales. \u00abHoy, para cubrir una operaci\u00f3n compleja, una obra social necesita el aporte de mil afiliados cuando antes necesitaba diez. Est\u00e1n liberando los precios para que el sistema sindical de salud desaparezca\u00bb, advirti\u00f3.<\/p>\n<p><strong>Repudio a la represi\u00f3n y crisis social<\/strong><br \/>\nSelva tambi\u00e9n se hizo eco de los incidentes ocurridos en Plaza de Mayo, donde personas con discapacidad fueron repelidas por fuerzas de seguridad.<\/p>\n<p>\u00abEs un agravio a un justo reclamo. Los han dejado sin cobertura social y hoy los volvieron a agredir. Este es el \u00fanico gobierno que jam\u00e1s habl\u00f3 de trabajo ni de desarrollo; para ellos la justicia social es una estafa y por eso dinamitan la salud, la educaci\u00f3n y la seguridad\u00bb.<\/p>\n<p><strong>El camino hacia 2027: Kicillof y Massa<\/strong><br \/>\nConsultado sobre el futuro del espacio, Selva fue claro al se\u00f1alar que la unidad debe legitimarse a trav\u00e9s de la participaci\u00f3n democr\u00e1tica interna. Identific\u00f3 a Axel Kicillof y Sergio Massa como las figuras centrales para liderar una alternativa al modelo actual.<\/p>\n<p>\u00abAxel est\u00e1 haciendo un esfuerzo terrible en una provincia de 17 millones de habitantes a la que el Gobierno nacional le restringe fondos sistem\u00e1ticamente para que implosione. Por otro lado, Sergio Massa es una de las personas m\u00e1s capaces para el desaf\u00edo de manejar el Estado\u00bb, analiz\u00f3.<\/p>\n<blockquote><p>\u00abLas redes han vulnerado hasta la privacidad del pensamiento. No es casual que sean espacios de descarga de odio; estructuran tus opciones en base a tus propios datos biom\u00e9tricos y opiniones, impidi\u00e9ndote ver el panorama completo\u00bb<\/p><\/blockquote>\n<p>Respecto a su futuro personal, si bien evit\u00f3 hablar de candidaturas prematuras, reafirm\u00f3 su postura hist\u00f3rica contra las reelecciones indefinidas: \u00abSiempre me interes\u00f3 ser parte de un proyecto que mire al pa\u00eds. Hay que generar espacios para las nuevas generaciones; la renovaci\u00f3n de cuadros es un desaf\u00edo necesario para evitar la saturaci\u00f3n de la sociedad con la pol\u00edtica\u00bb.<\/p>\n<p><strong>El control del pensamiento en la era digital<\/strong><br \/>\nFinalmente, Selva reflexion\u00f3 sobre el rol de las redes sociales en la construcci\u00f3n de la subjetividad pol\u00edtica, alertando sobre el uso de algoritmos para fomentar el odio y segmentar el pensamiento.<\/p>\n<p>\u00abLas redes han vulnerado hasta la privacidad del pensamiento. No es casual que sean espacios de descarga de odio; estructuran tus opciones en base a tus propios datos biom\u00e9tricos y opiniones, impidi\u00e9ndote ver el panorama completo\u00bb, concluy\u00f3.<\/p>\n","protected":false},"excerpt":{"rendered":"<p>\u25a0 El diputado nacional (MC) y referente peronista celebr\u00f3 la unidad del PJ en Mercedes, respald\u00f3 la gesti\u00f3n de Axel Kicillof y lanz\u00f3 duras cr\u00edticas a la reforma laboral de Javier Milei, a la que calific\u00f3 como un ataque directo a los derechos adquiridos.<\/p>\n","protected":false},"author":16,"featured_media":182169,"comment_status":"closed","ping_status":"closed","sticky":false,"template":"","format":"standard","meta":{"footnotes":""},"categories":[16,20734],"tags":[318,4542,1510],"class_list":["post-182168","post","type-post","status-publish","format-standard","has-post-thumbnail","hentry","category-politica","category-ultimo-momento","tag-carlos-selva","tag-criticas","tag-partido-justicialista"],"yoast_head":"<!-- This site is optimized with the Yoast SEO plugin v27.5 - https:\/\/yoast.com\/product\/yoast-seo-wordpress\/ -->\n<title>Carlos Selva: &quot;El Gobierno nacional aplica un programa sistem\u00e1tico de perversidad contra los m\u00e1s desprotegidos&quot;<\/title>\n<meta name=\"description\" content=\"El diputado nacional (MC) y referente peronista celebr\u00f3 la unidad del PJ en Mercedes, respald\u00f3 la gesti\u00f3n de Axel Kicillof y lanz\u00f3 duras cr\u00edticas a la reforma laboral de Javier Milei, a la que calific\u00f3 como un ataque directo a los derechos adquiridos.\" \/>\n<meta name=\"robots\" content=\"index, follow, max-snippet:-1, max-image-preview:large, max-video-preview:-1\" \/>\n<link rel=\"canonical\" href=\"https:\/\/noticiasmercedinas.com\/site\/2026\/03\/18\/carlos-selva-el-gobierno-nacional-aplica-un-programa-sistematico-de-perversidad-contra-los-mas-desprotegidos\/\" \/>\n<meta property=\"og:locale\" content=\"es_ES\" \/>\n<meta property=\"og:type\" content=\"article\" \/>\n<meta property=\"og:title\" content=\"Carlos Selva: &quot;El Gobierno nacional aplica un programa sistem\u00e1tico de perversidad contra los m\u00e1s desprotegidos&quot;\" \/>\n<meta property=\"og:description\" content=\"El diputado nacional (MC) y referente peronista celebr\u00f3 la unidad del PJ en Mercedes, respald\u00f3 la gesti\u00f3n de Axel Kicillof y lanz\u00f3 duras cr\u00edticas a la reforma laboral de Javier Milei, a la que calific\u00f3 como un ataque directo a los derechos adquiridos.\" \/>\n<meta property=\"og:url\" content=\"https:\/\/noticiasmercedinas.com\/site\/2026\/03\/18\/carlos-selva-el-gobierno-nacional-aplica-un-programa-sistematico-de-perversidad-contra-los-mas-desprotegidos\/\" \/>\n<meta property=\"og:site_name\" content=\"NOTICIASMERCEDINAS.COM\" \/>\n<meta property=\"article:publisher\" content=\"https:\/\/www.facebook.com\/noticiasmercedinas\/\" \/>\n<meta property=\"article:published_time\" content=\"2026-03-18T15:58:04+00:00\" \/>\n<meta property=\"og:image\" content=\"https:\/\/noticiasmercedinas.com\/site\/wp-content\/uploads\/2026\/03\/carlos_selva0.jpg\" \/>\n\t<meta property=\"og:image:width\" content=\"1309\" \/>\n\t<meta property=\"og:image:height\" content=\"800\" \/>\n\t<meta property=\"og:image:type\" content=\"image\/jpeg\" \/>\n<meta name=\"author\" content=\"NOTICIASMERCEDINAS.COM\" \/>\n<meta name=\"twitter:card\" content=\"summary_large_image\" \/>\n<meta name=\"twitter:creator\" content=\"@notmercedinas\" \/>\n<meta name=\"twitter:site\" content=\"@notmercedinas\" \/>\n<meta name=\"twitter:label1\" content=\"Escrito por\" \/>\n\t<meta name=\"twitter:data1\" content=\"NOTICIASMERCEDINAS.COM\" \/>\n\t<meta name=\"twitter:label2\" content=\"Tiempo de lectura\" \/>\n\t<meta name=\"twitter:data2\" content=\"4 minutos\" \/>\n<script type=\"application\/ld+json\" class=\"yoast-schema-graph\">{\"@context\":\"https:\\\/\\\/schema.org\",\"@graph\":[{\"@type\":\"Article\",\"@id\":\"https:\\\/\\\/noticiasmercedinas.com\\\/site\\\/2026\\\/03\\\/18\\\/carlos-selva-el-gobierno-nacional-aplica-un-programa-sistematico-de-perversidad-contra-los-mas-desprotegidos\\\/#article\",\"isPartOf\":{\"@id\":\"https:\\\/\\\/noticiasmercedinas.com\\\/site\\\/2026\\\/03\\\/18\\\/carlos-selva-el-gobierno-nacional-aplica-un-programa-sistematico-de-perversidad-contra-los-mas-desprotegidos\\\/\"},\"author\":{\"name\":\"NOTICIASMERCEDINAS.COM\",\"@id\":\"https:\\\/\\\/noticiasmercedinas.com\\\/site\\\/#\\\/schema\\\/person\\\/84b59c099c28ff2e8b77d4ceec5d8063\"},\"headline\":\"Carlos Selva: \u00abEl Gobierno nacional aplica un programa sistem\u00e1tico de perversidad contra los m\u00e1s desprotegidos\u00bb\",\"datePublished\":\"2026-03-18T15:58:04+00:00\",\"mainEntityOfPage\":{\"@id\":\"https:\\\/\\\/noticiasmercedinas.com\\\/site\\\/2026\\\/03\\\/18\\\/carlos-selva-el-gobierno-nacional-aplica-un-programa-sistematico-de-perversidad-contra-los-mas-desprotegidos\\\/\"},\"wordCount\":774,\"publisher\":{\"@id\":\"https:\\\/\\\/noticiasmercedinas.com\\\/site\\\/#organization\"},\"image\":{\"@id\":\"https:\\\/\\\/noticiasmercedinas.com\\\/site\\\/2026\\\/03\\\/18\\\/carlos-selva-el-gobierno-nacional-aplica-un-programa-sistematico-de-perversidad-contra-los-mas-desprotegidos\\\/#primaryimage\"},\"thumbnailUrl\":\"https:\\\/\\\/noticiasmercedinas.com\\\/site\\\/wp-content\\\/uploads\\\/2026\\\/03\\\/carlos_selva0.jpg\",\"keywords\":[\"carlos selva\",\"criticas\",\"partido justicialista\"],\"articleSection\":[\"Politica\",\"Ultimo momento\"],\"inLanguage\":\"es\"},{\"@type\":\"WebPage\",\"@id\":\"https:\\\/\\\/noticiasmercedinas.com\\\/site\\\/2026\\\/03\\\/18\\\/carlos-selva-el-gobierno-nacional-aplica-un-programa-sistematico-de-perversidad-contra-los-mas-desprotegidos\\\/\",\"url\":\"https:\\\/\\\/noticiasmercedinas.com\\\/site\\\/2026\\\/03\\\/18\\\/carlos-selva-el-gobierno-nacional-aplica-un-programa-sistematico-de-perversidad-contra-los-mas-desprotegidos\\\/\",\"name\":\"Carlos Selva: \\\"El Gobierno nacional aplica un programa sistem\u00e1tico de perversidad contra los m\u00e1s desprotegidos\\\"\",\"isPartOf\":{\"@id\":\"https:\\\/\\\/noticiasmercedinas.com\\\/site\\\/#website\"},\"primaryImageOfPage\":{\"@id\":\"https:\\\/\\\/noticiasmercedinas.com\\\/site\\\/2026\\\/03\\\/18\\\/carlos-selva-el-gobierno-nacional-aplica-un-programa-sistematico-de-perversidad-contra-los-mas-desprotegidos\\\/#primaryimage\"},\"image\":{\"@id\":\"https:\\\/\\\/noticiasmercedinas.com\\\/site\\\/2026\\\/03\\\/18\\\/carlos-selva-el-gobierno-nacional-aplica-un-programa-sistematico-de-perversidad-contra-los-mas-desprotegidos\\\/#primaryimage\"},\"thumbnailUrl\":\"https:\\\/\\\/noticiasmercedinas.com\\\/site\\\/wp-content\\\/uploads\\\/2026\\\/03\\\/carlos_selva0.jpg\",\"datePublished\":\"2026-03-18T15:58:04+00:00\",\"description\":\"El diputado nacional (MC) y referente peronista celebr\u00f3 la unidad del PJ en Mercedes, respald\u00f3 la gesti\u00f3n de Axel Kicillof y lanz\u00f3 duras cr\u00edticas a la reforma laboral de Javier Milei, a la que calific\u00f3 como un ataque directo a los derechos adquiridos.\",\"breadcrumb\":{\"@id\":\"https:\\\/\\\/noticiasmercedinas.com\\\/site\\\/2026\\\/03\\\/18\\\/carlos-selva-el-gobierno-nacional-aplica-un-programa-sistematico-de-perversidad-contra-los-mas-desprotegidos\\\/#breadcrumb\"},\"inLanguage\":\"es\",\"potentialAction\":[{\"@type\":\"ReadAction\",\"target\":[\"https:\\\/\\\/noticiasmercedinas.com\\\/site\\\/2026\\\/03\\\/18\\\/carlos-selva-el-gobierno-nacional-aplica-un-programa-sistematico-de-perversidad-contra-los-mas-desprotegidos\\\/\"]}]},{\"@type\":\"ImageObject\",\"inLanguage\":\"es\",\"@id\":\"https:\\\/\\\/noticiasmercedinas.com\\\/site\\\/2026\\\/03\\\/18\\\/carlos-selva-el-gobierno-nacional-aplica-un-programa-sistematico-de-perversidad-contra-los-mas-desprotegidos\\\/#primaryimage\",\"url\":\"https:\\\/\\\/noticiasmercedinas.com\\\/site\\\/wp-content\\\/uploads\\\/2026\\\/03\\\/carlos_selva0.jpg\",\"contentUrl\":\"https:\\\/\\\/noticiasmercedinas.com\\\/site\\\/wp-content\\\/uploads\\\/2026\\\/03\\\/carlos_selva0.jpg\",\"width\":1309,\"height\":800},{\"@type\":\"BreadcrumbList\",\"@id\":\"https:\\\/\\\/noticiasmercedinas.com\\\/site\\\/2026\\\/03\\\/18\\\/carlos-selva-el-gobierno-nacional-aplica-un-programa-sistematico-de-perversidad-contra-los-mas-desprotegidos\\\/#breadcrumb\",\"itemListElement\":[{\"@type\":\"ListItem\",\"position\":1,\"name\":\"Portada\",\"item\":\"https:\\\/\\\/noticiasmercedinas.com\\\/site\\\/\"},{\"@type\":\"ListItem\",\"position\":2,\"name\":\"Carlos Selva: \u00abEl Gobierno nacional aplica un programa sistem\u00e1tico de perversidad contra los m\u00e1s desprotegidos\u00bb\"}]},{\"@type\":\"WebSite\",\"@id\":\"https:\\\/\\\/noticiasmercedinas.com\\\/site\\\/#website\",\"url\":\"https:\\\/\\\/noticiasmercedinas.com\\\/site\\\/\",\"name\":\"NOTICIASMERCEDINAS.COM\",\"description\":\"Mercedes, Buenos Aires, Argentina\",\"publisher\":{\"@id\":\"https:\\\/\\\/noticiasmercedinas.com\\\/site\\\/#organization\"},\"potentialAction\":[{\"@type\":\"SearchAction\",\"target\":{\"@type\":\"EntryPoint\",\"urlTemplate\":\"https:\\\/\\\/noticiasmercedinas.com\\\/site\\\/?s={search_term_string}\"},\"query-input\":{\"@type\":\"PropertyValueSpecification\",\"valueRequired\":true,\"valueName\":\"search_term_string\"}}],\"inLanguage\":\"es\"},{\"@type\":\"Organization\",\"@id\":\"https:\\\/\\\/noticiasmercedinas.com\\\/site\\\/#organization\",\"name\":\"NOTICIASMERCEDINAS.COM\",\"url\":\"https:\\\/\\\/noticiasmercedinas.com\\\/site\\\/\",\"logo\":{\"@type\":\"ImageObject\",\"inLanguage\":\"es\",\"@id\":\"https:\\\/\\\/noticiasmercedinas.com\\\/site\\\/#\\\/schema\\\/logo\\\/image\\\/\",\"url\":\"https:\\\/\\\/noticiasmercedinas.com\\\/site\\\/wp-content\\\/uploads\\\/2020\\\/06\\\/LOGO-512.jpg\",\"contentUrl\":\"https:\\\/\\\/noticiasmercedinas.com\\\/site\\\/wp-content\\\/uploads\\\/2020\\\/06\\\/LOGO-512.jpg\",\"width\":512,\"height\":512,\"caption\":\"NOTICIASMERCEDINAS.COM\"},\"image\":{\"@id\":\"https:\\\/\\\/noticiasmercedinas.com\\\/site\\\/#\\\/schema\\\/logo\\\/image\\\/\"},\"sameAs\":[\"https:\\\/\\\/www.facebook.com\\\/noticiasmercedinas\\\/\",\"https:\\\/\\\/x.com\\\/notmercedinas\",\"https:\\\/\\\/www.instagram.com\\\/noticiasmercedinas\\\/\"]},{\"@type\":\"Person\",\"@id\":\"https:\\\/\\\/noticiasmercedinas.com\\\/site\\\/#\\\/schema\\\/person\\\/84b59c099c28ff2e8b77d4ceec5d8063\",\"name\":\"NOTICIASMERCEDINAS.COM\",\"image\":{\"@type\":\"ImageObject\",\"inLanguage\":\"es\",\"@id\":\"https:\\\/\\\/secure.gravatar.com\\\/avatar\\\/4dfbf16b4d17945bfb6341b2d19043457132fcf478a5ee04f42e959fd8f5df0a?s=96&d=mm&r=g\",\"url\":\"https:\\\/\\\/secure.gravatar.com\\\/avatar\\\/4dfbf16b4d17945bfb6341b2d19043457132fcf478a5ee04f42e959fd8f5df0a?s=96&d=mm&r=g\",\"contentUrl\":\"https:\\\/\\\/secure.gravatar.com\\\/avatar\\\/4dfbf16b4d17945bfb6341b2d19043457132fcf478a5ee04f42e959fd8f5df0a?s=96&d=mm&r=g\",\"caption\":\"NOTICIASMERCEDINAS.COM\"},\"url\":\"https:\\\/\\\/noticiasmercedinas.com\\\/site\\\/author\\\/anonimo\\\/\"}]}<\/script>\n<!-- \/ Yoast SEO plugin. -->","yoast_head_json":{"title":"Carlos Selva: \"El Gobierno nacional aplica un programa sistem\u00e1tico de perversidad contra los m\u00e1s desprotegidos\"","description":"El diputado nacional (MC) y referente peronista celebr\u00f3 la unidad del PJ en Mercedes, respald\u00f3 la gesti\u00f3n de Axel Kicillof y lanz\u00f3 duras cr\u00edticas a la reforma laboral de Javier Milei, a la que calific\u00f3 como un ataque directo a los derechos adquiridos.","robots":{"index":"index","follow":"follow","max-snippet":"max-snippet:-1","max-image-preview":"max-image-preview:large","max-video-preview":"max-video-preview:-1"},"canonical":"https:\/\/noticiasmercedinas.com\/site\/2026\/03\/18\/carlos-selva-el-gobierno-nacional-aplica-un-programa-sistematico-de-perversidad-contra-los-mas-desprotegidos\/","og_locale":"es_ES","og_type":"article","og_title":"Carlos Selva: \"El Gobierno nacional aplica un programa sistem\u00e1tico de perversidad contra los m\u00e1s desprotegidos\"","og_description":"El diputado nacional (MC) y referente peronista celebr\u00f3 la unidad del PJ en Mercedes, respald\u00f3 la gesti\u00f3n de Axel Kicillof y lanz\u00f3 duras cr\u00edticas a la reforma laboral de Javier Milei, a la que calific\u00f3 como un ataque directo a los derechos adquiridos.","og_url":"https:\/\/noticiasmercedinas.com\/site\/2026\/03\/18\/carlos-selva-el-gobierno-nacional-aplica-un-programa-sistematico-de-perversidad-contra-los-mas-desprotegidos\/","og_site_name":"NOTICIASMERCEDINAS.COM","article_publisher":"https:\/\/www.facebook.com\/noticiasmercedinas\/","article_published_time":"2026-03-18T15:58:04+00:00","og_image":[{"width":1309,"height":800,"url":"https:\/\/noticiasmercedinas.com\/site\/wp-content\/uploads\/2026\/03\/carlos_selva0.jpg","type":"image\/jpeg"}],"author":"NOTICIASMERCEDINAS.COM","twitter_card":"summary_large_image","twitter_creator":"@notmercedinas","twitter_site":"@notmercedinas","twitter_misc":{"Escrito por":"NOTICIASMERCEDINAS.COM","Tiempo de lectura":"4 minutos"},"schema":{"@context":"https:\/\/schema.org","@graph":[{"@type":"Article","@id":"https:\/\/noticiasmercedinas.com\/site\/2026\/03\/18\/carlos-selva-el-gobierno-nacional-aplica-un-programa-sistematico-de-perversidad-contra-los-mas-desprotegidos\/#article","isPartOf":{"@id":"https:\/\/noticiasmercedinas.com\/site\/2026\/03\/18\/carlos-selva-el-gobierno-nacional-aplica-un-programa-sistematico-de-perversidad-contra-los-mas-desprotegidos\/"},"author":{"name":"NOTICIASMERCEDINAS.COM","@id":"https:\/\/noticiasmercedinas.com\/site\/#\/schema\/person\/84b59c099c28ff2e8b77d4ceec5d8063"},"headline":"Carlos Selva: \u00abEl Gobierno nacional aplica un programa sistem\u00e1tico de perversidad contra los m\u00e1s desprotegidos\u00bb","datePublished":"2026-03-18T15:58:04+00:00","mainEntityOfPage":{"@id":"https:\/\/noticiasmercedinas.com\/site\/2026\/03\/18\/carlos-selva-el-gobierno-nacional-aplica-un-programa-sistematico-de-perversidad-contra-los-mas-desprotegidos\/"},"wordCount":774,"publisher":{"@id":"https:\/\/noticiasmercedinas.com\/site\/#organization"},"image":{"@id":"https:\/\/noticiasmercedinas.com\/site\/2026\/03\/18\/carlos-selva-el-gobierno-nacional-aplica-un-programa-sistematico-de-perversidad-contra-los-mas-desprotegidos\/#primaryimage"},"thumbnailUrl":"https:\/\/noticiasmercedinas.com\/site\/wp-content\/uploads\/2026\/03\/carlos_selva0.jpg","keywords":["carlos selva","criticas","partido justicialista"],"articleSection":["Politica","Ultimo momento"],"inLanguage":"es"},{"@type":"WebPage","@id":"https:\/\/noticiasmercedinas.com\/site\/2026\/03\/18\/carlos-selva-el-gobierno-nacional-aplica-un-programa-sistematico-de-perversidad-contra-los-mas-desprotegidos\/","url":"https:\/\/noticiasmercedinas.com\/site\/2026\/03\/18\/carlos-selva-el-gobierno-nacional-aplica-un-programa-sistematico-de-perversidad-contra-los-mas-desprotegidos\/","name":"Carlos Selva: \"El Gobierno nacional aplica un programa sistem\u00e1tico de perversidad contra los m\u00e1s desprotegidos\"","isPartOf":{"@id":"https:\/\/noticiasmercedinas.com\/site\/#website"},"primaryImageOfPage":{"@id":"https:\/\/noticiasmercedinas.com\/site\/2026\/03\/18\/carlos-selva-el-gobierno-nacional-aplica-un-programa-sistematico-de-perversidad-contra-los-mas-desprotegidos\/#primaryimage"},"image":{"@id":"https:\/\/noticiasmercedinas.com\/site\/2026\/03\/18\/carlos-selva-el-gobierno-nacional-aplica-un-programa-sistematico-de-perversidad-contra-los-mas-desprotegidos\/#primaryimage"},"thumbnailUrl":"https:\/\/noticiasmercedinas.com\/site\/wp-content\/uploads\/2026\/03\/carlos_selva0.jpg","datePublished":"2026-03-18T15:58:04+00:00","description":"El diputado nacional (MC) y referente peronista celebr\u00f3 la unidad del PJ en Mercedes, respald\u00f3 la gesti\u00f3n de Axel Kicillof y lanz\u00f3 duras cr\u00edticas a la reforma laboral de Javier Milei, a la que calific\u00f3 como un ataque directo a los derechos adquiridos.","breadcrumb":{"@id":"https:\/\/noticiasmercedinas.com\/site\/2026\/03\/18\/carlos-selva-el-gobierno-nacional-aplica-un-programa-sistematico-de-perversidad-contra-los-mas-desprotegidos\/#breadcrumb"},"inLanguage":"es","potentialAction":[{"@type":"ReadAction","target":["https:\/\/noticiasmercedinas.com\/site\/2026\/03\/18\/carlos-selva-el-gobierno-nacional-aplica-un-programa-sistematico-de-perversidad-contra-los-mas-desprotegidos\/"]}]},{"@type":"ImageObject","inLanguage":"es","@id":"https:\/\/noticiasmercedinas.com\/site\/2026\/03\/18\/carlos-selva-el-gobierno-nacional-aplica-un-programa-sistematico-de-perversidad-contra-los-mas-desprotegidos\/#primaryimage","url":"https:\/\/noticiasmercedinas.com\/site\/wp-content\/uploads\/2026\/03\/carlos_selva0.jpg","contentUrl":"https:\/\/noticiasmercedinas.com\/site\/wp-content\/uploads\/2026\/03\/carlos_selva0.jpg","width":1309,"height":800},{"@type":"BreadcrumbList","@id":"https:\/\/noticiasmercedinas.com\/site\/2026\/03\/18\/carlos-selva-el-gobierno-nacional-aplica-un-programa-sistematico-de-perversidad-contra-los-mas-desprotegidos\/#breadcrumb","itemListElement":[{"@type":"ListItem","position":1,"name":"Portada","item":"https:\/\/noticiasmercedinas.com\/site\/"},{"@type":"ListItem","position":2,"name":"Carlos Selva: \u00abEl Gobierno nacional aplica un programa sistem\u00e1tico de perversidad contra los m\u00e1s desprotegidos\u00bb"}]},{"@type":"WebSite","@id":"https:\/\/noticiasmercedinas.com\/site\/#website","url":"https:\/\/noticiasmercedinas.com\/site\/","name":"NOTICIASMERCEDINAS.COM","description":"Mercedes, Buenos Aires, Argentina","publisher":{"@id":"https:\/\/noticiasmercedinas.com\/site\/#organization"},"potentialAction":[{"@type":"SearchAction","target":{"@type":"EntryPoint","urlTemplate":"https:\/\/noticiasmercedinas.com\/site\/?s={search_term_string}"},"query-input":{"@type":"PropertyValueSpecification","valueRequired":true,"valueName":"search_term_string"}}],"inLanguage":"es"},{"@type":"Organization","@id":"https:\/\/noticiasmercedinas.com\/site\/#organization","name":"NOTICIASMERCEDINAS.COM","url":"https:\/\/noticiasmercedinas.com\/site\/","logo":{"@type":"ImageObject","inLanguage":"es","@id":"https:\/\/noticiasmercedinas.com\/site\/#\/schema\/logo\/image\/","url":"https:\/\/noticiasmercedinas.com\/site\/wp-content\/uploads\/2020\/06\/LOGO-512.jpg","contentUrl":"https:\/\/noticiasmercedinas.com\/site\/wp-content\/uploads\/2020\/06\/LOGO-512.jpg","width":512,"height":512,"caption":"NOTICIASMERCEDINAS.COM"},"image":{"@id":"https:\/\/noticiasmercedinas.com\/site\/#\/schema\/logo\/image\/"},"sameAs":["https:\/\/www.facebook.com\/noticiasmercedinas\/","https:\/\/x.com\/notmercedinas","https:\/\/www.instagram.com\/noticiasmercedinas\/"]},{"@type":"Person","@id":"https:\/\/noticiasmercedinas.com\/site\/#\/schema\/person\/84b59c099c28ff2e8b77d4ceec5d8063","name":"NOTICIASMERCEDINAS.COM","image":{"@type":"ImageObject","inLanguage":"es","@id":"https:\/\/secure.gravatar.com\/avatar\/4dfbf16b4d17945bfb6341b2d19043457132fcf478a5ee04f42e959fd8f5df0a?s=96&d=mm&r=g","url":"https:\/\/secure.gravatar.com\/avatar\/4dfbf16b4d17945bfb6341b2d19043457132fcf478a5ee04f42e959fd8f5df0a?s=96&d=mm&r=g","contentUrl":"https:\/\/secure.gravatar.com\/avatar\/4dfbf16b4d17945bfb6341b2d19043457132fcf478a5ee04f42e959fd8f5df0a?s=96&d=mm&r=g","caption":"NOTICIASMERCEDINAS.COM"},"url":"https:\/\/noticiasmercedinas.com\/site\/author\/anonimo\/"}]}},"amp_enabled":true,"_links":{"self":[{"href":"https:\/\/noticiasmercedinas.com\/site\/wp-json\/wp\/v2\/posts\/182168","targetHints":{"allow":["GET"]}}],"collection":[{"href":"https:\/\/noticiasmercedinas.com\/site\/wp-json\/wp\/v2\/posts"}],"about":[{"href":"https:\/\/noticiasmercedinas.com\/site\/wp-json\/wp\/v2\/types\/post"}],"author":[{"embeddable":true,"href":"https:\/\/noticiasmercedinas.com\/site\/wp-json\/wp\/v2\/users\/16"}],"replies":[{"embeddable":true,"href":"https:\/\/noticiasmercedinas.com\/site\/wp-json\/wp\/v2\/comments?post=182168"}],"version-history":[{"count":1,"href":"https:\/\/noticiasmercedinas.com\/site\/wp-json\/wp\/v2\/posts\/182168\/revisions"}],"predecessor-version":[{"id":182170,"href":"https:\/\/noticiasmercedinas.com\/site\/wp-json\/wp\/v2\/posts\/182168\/revisions\/182170"}],"wp:featuredmedia":[{"embeddable":true,"href":"https:\/\/noticiasmercedinas.com\/site\/wp-json\/wp\/v2\/media\/182169"}],"wp:attachment":[{"href":"https:\/\/noticiasmercedinas.com\/site\/wp-json\/wp\/v2\/media?parent=182168"}],"wp:term":[{"taxonomy":"category","embeddable":true,"href":"https:\/\/noticiasmercedinas.com\/site\/wp-json\/wp\/v2\/categories?post=182168"},{"taxonomy":"post_tag","embeddable":true,"href":"https:\/\/noticiasmercedinas.com\/site\/wp-json\/wp\/v2\/tags?post=182168"}],"curies":[{"name":"wp","href":"https:\/\/api.w.org\/{rel}","templated":true}]}}