{"id":182171,"date":"2026-03-18T13:12:43","date_gmt":"2026-03-18T16:12:43","guid":{"rendered":"https:\/\/noticiasmercedinas.com\/site\/?p=182171"},"modified":"2026-03-18T13:12:43","modified_gmt":"2026-03-18T16:12:43","slug":"zubeldia-recurre-a-la-via-administrativa-ante-el-bloqueo-oficialista-por-el-acceso-a-cuentas-municipales","status":"publish","type":"post","link":"https:\/\/noticiasmercedinas.com\/site\/2026\/03\/18\/zubeldia-recurre-a-la-via-administrativa-ante-el-bloqueo-oficialista-por-el-acceso-a-cuentas-municipales\/","title":{"rendered":"Zubeld\u00eda recurre a la v\u00eda administrativa ante el \u00abbloqueo\u00bb oficialista por el acceso a cuentas municipales"},"content":{"rendered":"<p><img loading=\"lazy\" decoding=\"async\" class=\"alignnone size-full wp-image-182172\" src=\"https:\/\/noticiasmercedinas.com\/site\/wp-content\/uploads\/2026\/03\/bloqueo.jpg\" alt=\"\" width=\"1309\" height=\"800\" srcset=\"https:\/\/noticiasmercedinas.com\/site\/wp-content\/uploads\/2026\/03\/bloqueo.jpg 1309w, https:\/\/noticiasmercedinas.com\/site\/wp-content\/uploads\/2026\/03\/bloqueo-300x183.jpg 300w, https:\/\/noticiasmercedinas.com\/site\/wp-content\/uploads\/2026\/03\/bloqueo-1024x626.jpg 1024w, https:\/\/noticiasmercedinas.com\/site\/wp-content\/uploads\/2026\/03\/bloqueo-768x469.jpg 768w, https:\/\/noticiasmercedinas.com\/site\/wp-content\/uploads\/2026\/03\/bloqueo-640x391.jpg 640w, https:\/\/noticiasmercedinas.com\/site\/wp-content\/uploads\/2026\/03\/bloqueo-1280x782.jpg 1280w, https:\/\/noticiasmercedinas.com\/site\/wp-content\/uploads\/2026\/03\/bloqueo-681x416.jpg 681w\" sizes=\"auto, (max-width: 1309px) 100vw, 1309px\" \/><\/p>\n<p>El concejal <strong>Bernardo Zubeld\u00eda<\/strong>, presidente del bloque Vecinos por Mercedes, formaliz\u00f3 esta ma\u00f1ana una solicitud de informaci\u00f3n p\u00fablica dirigida directamente al Intendente Juan Ignacio Ustarroz. El requerimiento, presentado por Mesa de Entradas del Palacio Municipal, invoca la Ley Provincial 12.475 y busca obtener datos precisos sobre los proveedores locales y el estado de la deuda municipal. Busca sortear el \u00abbloqueo\u00bb que desde el Legislativo dieron al tema.<\/p>\n<p>La decisi\u00f3n de Zubeld\u00eda se precipit\u00f3 luego de que el bloque oficialista en el Honorable Concejo Deliberante (HCD) dispusiera el archivo de un proyecto de comunicaci\u00f3n de id\u00e9ntico tenor.<\/p>\n<p>Ante la negativa del cuerpo legislativo para tratar el pedido, el edil opositor opt\u00f3 por la v\u00eda administrativa para ejercer su rol de fiscalizaci\u00f3n antes del inicio del tratamiento de la Rendici\u00f3n de Cuentas.<\/p>\n<p><strong>Los datos bajo la lupa<\/strong><br \/>\nEl requerimiento t\u00e9cnico de Zubeld\u00eda no es menor: exige el acceso al listado anal\u00edtico de Proveedores y Acreedores al 31 de diciembre, emitido por el sistema RAFAM (Reforma de la Administraci\u00f3n Financiera en el \u00c1mbito Municipal).<\/p>\n<p>Espec\u00edficamente, el concejal solicita el detalle de:<\/p>\n<ul>\n<li>Raz\u00f3n Social y CUIT de todos los proveedores municipales.<\/li>\n<li>Monto devengado durante el \u00faltimo ejercicio econ\u00f3mico.<\/li>\n<li>Saldo pendiente de pago al cierre del mismo.<\/li>\n<\/ul>\n<p>\u00abNuestra intenci\u00f3n siempre fue t\u00e9cnica y colaborativa\u00bb, explic\u00f3 Zubeld\u00eda tras cumplimentar el tr\u00e1mite. \u00abPresentamos el proyecto en el Concejo convencidos de que la transparencia es un valor compartido, pero ante el cierre de ese canal legislativo, decidimos seguir el camino que marca la ley para obtener los datos que los vecinos merecen conocer\u00bb.<\/p>\n<p><strong>El contraste entre el discurso y la gesti\u00f3n<\/strong><br \/>\nLa movida pol\u00edtica del bloque Vecinos por Mercedes pone en tela de juicio el reciente discurso de apertura de sesiones ordinarias brindado por el Intendente Ustarroz en el Teatro Argentino. En dicha oportunidad, el Jefe Comunal hab\u00eda destacado un \u00abpuntaje ideal\u00bb en los \u00edndices de transparencia de su gesti\u00f3n.<\/p>\n<p>\u00abEscuchamos con mucha atenci\u00f3n al Intendente destacar un puntaje ideal en transparencia. Creemos que la transparencia no puede quedar solo en una presentaci\u00f3n sobre un escenario; debe traducirse en el acceso real a la informaci\u00f3n de todos los d\u00edas\u00bb, se\u00f1al\u00f3 Zubeld\u00eda con firmeza.<\/p>\n<p>Desde la oposici\u00f3n aclararon que la medida no busca fomentar la confrontaci\u00f3n est\u00e9ril, sino garantizar el acceso a la informaci\u00f3n p\u00fablica, un derecho amparado tanto por la Constituci\u00f3n como por la Ley Org\u00e1nica de las Municipalidades (Art. 65 y 108 inc. 4), que obliga al Departamento Ejecutivo a suministrar informes y faculta a los concejales a examinar las cuentas.<\/p>\n<p><strong>Un mensaje al Ejecutivo<\/strong><br \/>\nEl pedido de informes administrativo act\u00faa como un desaf\u00edo directo a la narrativa de \u00abgobierno abierto\u00bb que impulsa la gesti\u00f3n local. Para Zubeld\u00eda, la respuesta del Ejecutivo ser\u00e1 la prueba de fuego de dicho compromiso: \u00abNo queremos pensar que hay algo que ocultar; por el contrario, brindar esta informaci\u00f3n es la mejor manera que tiene el Ejecutivo de ratificar su compromiso con la transparencia\u00bb, concluy\u00f3 el edil.<\/p>\n<p>Se espera que en los pr\u00f3ximos d\u00edas el municipio responda al requerimiento, lo que marcar\u00e1 el pulso pol\u00edtico previo al debate por la Rendici\u00f3n de Cuentas del ejercicio anterior.<\/p>\n","protected":false},"excerpt":{"rendered":"<p>\u25a0 El concejal de Vecinos por Mercedes present\u00f3 un requerimiento formal amparado en la Ley de Acceso a la Informaci\u00f3n P\u00fablica. La medida surge tras el archivo de un pedido de informes en el Concejo Deliberante que buscaba transparentar el listado de proveedores y la deuda del Ejecutivo.<\/p>\n","protected":false},"author":16,"featured_media":182172,"comment_status":"closed","ping_status":"closed","sticky":false,"template":"","format":"standard","meta":{"footnotes":""},"categories":[16],"tags":[18289,243,19,21872,18672],"class_list":["post-182171","post","type-post","status-publish","format-standard","has-post-thumbnail","hentry","category-politica","tag-bernardo-zubeldia","tag-concejo-deliberante","tag-hcd","tag-proveedores","tag-vecinos-por-mercedes"],"yoast_head":"<!-- This site is optimized with the Yoast SEO plugin v27.5 - https:\/\/yoast.com\/product\/yoast-seo-wordpress\/ -->\n<title>Zubeld\u00eda recurre a la v\u00eda administrativa ante el &quot;bloqueo&quot; oficialista por el acceso a cuentas municipales<\/title>\n<meta name=\"description\" content=\"El concejal de Vecinos por Mercedes present\u00f3 un requerimiento formal amparado en la Ley de Acceso a la Informaci\u00f3n P\u00fablica. La medida surge tras el archivo de un pedido de informes en el Concejo Deliberante que buscaba transparentar el listado de proveedores y la deuda del Ejecutivo.\" \/>\n<meta name=\"robots\" content=\"index, follow, max-snippet:-1, max-image-preview:large, max-video-preview:-1\" \/>\n<link rel=\"canonical\" href=\"https:\/\/noticiasmercedinas.com\/site\/2026\/03\/18\/zubeldia-recurre-a-la-via-administrativa-ante-el-bloqueo-oficialista-por-el-acceso-a-cuentas-municipales\/\" \/>\n<meta property=\"og:locale\" content=\"es_ES\" \/>\n<meta property=\"og:type\" content=\"article\" \/>\n<meta property=\"og:title\" content=\"Zubeld\u00eda recurre a la v\u00eda administrativa ante el &quot;bloqueo&quot; oficialista por el acceso a cuentas municipales\" \/>\n<meta property=\"og:description\" content=\"El concejal de Vecinos por Mercedes present\u00f3 un requerimiento formal amparado en la Ley de Acceso a la Informaci\u00f3n P\u00fablica. La medida surge tras el archivo de un pedido de informes en el Concejo Deliberante que buscaba transparentar el listado de proveedores y la deuda del Ejecutivo.\" \/>\n<meta property=\"og:url\" content=\"https:\/\/noticiasmercedinas.com\/site\/2026\/03\/18\/zubeldia-recurre-a-la-via-administrativa-ante-el-bloqueo-oficialista-por-el-acceso-a-cuentas-municipales\/\" \/>\n<meta property=\"og:site_name\" content=\"NOTICIASMERCEDINAS.COM\" \/>\n<meta property=\"article:publisher\" content=\"https:\/\/www.facebook.com\/noticiasmercedinas\/\" \/>\n<meta property=\"article:published_time\" content=\"2026-03-18T16:12:43+00:00\" \/>\n<meta property=\"og:image\" content=\"https:\/\/noticiasmercedinas.com\/site\/wp-content\/uploads\/2026\/03\/bloqueo.jpg\" \/>\n\t<meta property=\"og:image:width\" content=\"1309\" \/>\n\t<meta property=\"og:image:height\" content=\"800\" \/>\n\t<meta property=\"og:image:type\" content=\"image\/jpeg\" \/>\n<meta name=\"author\" content=\"NOTICIASMERCEDINAS.COM\" \/>\n<meta name=\"twitter:card\" content=\"summary_large_image\" \/>\n<meta name=\"twitter:creator\" content=\"@notmercedinas\" \/>\n<meta name=\"twitter:site\" content=\"@notmercedinas\" \/>\n<meta name=\"twitter:label1\" content=\"Escrito por\" \/>\n\t<meta name=\"twitter:data1\" content=\"NOTICIASMERCEDINAS.COM\" \/>\n\t<meta name=\"twitter:label2\" content=\"Tiempo de lectura\" \/>\n\t<meta name=\"twitter:data2\" content=\"3 minutos\" \/>\n<script type=\"application\/ld+json\" class=\"yoast-schema-graph\">{\"@context\":\"https:\\\/\\\/schema.org\",\"@graph\":[{\"@type\":\"Article\",\"@id\":\"https:\\\/\\\/noticiasmercedinas.com\\\/site\\\/2026\\\/03\\\/18\\\/zubeldia-recurre-a-la-via-administrativa-ante-el-bloqueo-oficialista-por-el-acceso-a-cuentas-municipales\\\/#article\",\"isPartOf\":{\"@id\":\"https:\\\/\\\/noticiasmercedinas.com\\\/site\\\/2026\\\/03\\\/18\\\/zubeldia-recurre-a-la-via-administrativa-ante-el-bloqueo-oficialista-por-el-acceso-a-cuentas-municipales\\\/\"},\"author\":{\"name\":\"NOTICIASMERCEDINAS.COM\",\"@id\":\"https:\\\/\\\/noticiasmercedinas.com\\\/site\\\/#\\\/schema\\\/person\\\/84b59c099c28ff2e8b77d4ceec5d8063\"},\"headline\":\"Zubeld\u00eda recurre a la v\u00eda administrativa ante el \u00abbloqueo\u00bb oficialista por el acceso a cuentas municipales\",\"datePublished\":\"2026-03-18T16:12:43+00:00\",\"mainEntityOfPage\":{\"@id\":\"https:\\\/\\\/noticiasmercedinas.com\\\/site\\\/2026\\\/03\\\/18\\\/zubeldia-recurre-a-la-via-administrativa-ante-el-bloqueo-oficialista-por-el-acceso-a-cuentas-municipales\\\/\"},\"wordCount\":575,\"publisher\":{\"@id\":\"https:\\\/\\\/noticiasmercedinas.com\\\/site\\\/#organization\"},\"image\":{\"@id\":\"https:\\\/\\\/noticiasmercedinas.com\\\/site\\\/2026\\\/03\\\/18\\\/zubeldia-recurre-a-la-via-administrativa-ante-el-bloqueo-oficialista-por-el-acceso-a-cuentas-municipales\\\/#primaryimage\"},\"thumbnailUrl\":\"https:\\\/\\\/noticiasmercedinas.com\\\/site\\\/wp-content\\\/uploads\\\/2026\\\/03\\\/bloqueo.jpg\",\"keywords\":[\"bernardo zubeldia\",\"concejo deliberante\",\"HCD\",\"proveedores\",\"vecinos por mercedes\"],\"articleSection\":[\"Politica\"],\"inLanguage\":\"es\"},{\"@type\":\"WebPage\",\"@id\":\"https:\\\/\\\/noticiasmercedinas.com\\\/site\\\/2026\\\/03\\\/18\\\/zubeldia-recurre-a-la-via-administrativa-ante-el-bloqueo-oficialista-por-el-acceso-a-cuentas-municipales\\\/\",\"url\":\"https:\\\/\\\/noticiasmercedinas.com\\\/site\\\/2026\\\/03\\\/18\\\/zubeldia-recurre-a-la-via-administrativa-ante-el-bloqueo-oficialista-por-el-acceso-a-cuentas-municipales\\\/\",\"name\":\"Zubeld\u00eda recurre a la v\u00eda administrativa ante el \\\"bloqueo\\\" oficialista por el acceso a cuentas municipales\",\"isPartOf\":{\"@id\":\"https:\\\/\\\/noticiasmercedinas.com\\\/site\\\/#website\"},\"primaryImageOfPage\":{\"@id\":\"https:\\\/\\\/noticiasmercedinas.com\\\/site\\\/2026\\\/03\\\/18\\\/zubeldia-recurre-a-la-via-administrativa-ante-el-bloqueo-oficialista-por-el-acceso-a-cuentas-municipales\\\/#primaryimage\"},\"image\":{\"@id\":\"https:\\\/\\\/noticiasmercedinas.com\\\/site\\\/2026\\\/03\\\/18\\\/zubeldia-recurre-a-la-via-administrativa-ante-el-bloqueo-oficialista-por-el-acceso-a-cuentas-municipales\\\/#primaryimage\"},\"thumbnailUrl\":\"https:\\\/\\\/noticiasmercedinas.com\\\/site\\\/wp-content\\\/uploads\\\/2026\\\/03\\\/bloqueo.jpg\",\"datePublished\":\"2026-03-18T16:12:43+00:00\",\"description\":\"El concejal de Vecinos por Mercedes present\u00f3 un requerimiento formal amparado en la Ley de Acceso a la Informaci\u00f3n P\u00fablica. La medida surge tras el archivo de un pedido de informes en el Concejo Deliberante que buscaba transparentar el listado de proveedores y la deuda del Ejecutivo.\",\"breadcrumb\":{\"@id\":\"https:\\\/\\\/noticiasmercedinas.com\\\/site\\\/2026\\\/03\\\/18\\\/zubeldia-recurre-a-la-via-administrativa-ante-el-bloqueo-oficialista-por-el-acceso-a-cuentas-municipales\\\/#breadcrumb\"},\"inLanguage\":\"es\",\"potentialAction\":[{\"@type\":\"ReadAction\",\"target\":[\"https:\\\/\\\/noticiasmercedinas.com\\\/site\\\/2026\\\/03\\\/18\\\/zubeldia-recurre-a-la-via-administrativa-ante-el-bloqueo-oficialista-por-el-acceso-a-cuentas-municipales\\\/\"]}]},{\"@type\":\"ImageObject\",\"inLanguage\":\"es\",\"@id\":\"https:\\\/\\\/noticiasmercedinas.com\\\/site\\\/2026\\\/03\\\/18\\\/zubeldia-recurre-a-la-via-administrativa-ante-el-bloqueo-oficialista-por-el-acceso-a-cuentas-municipales\\\/#primaryimage\",\"url\":\"https:\\\/\\\/noticiasmercedinas.com\\\/site\\\/wp-content\\\/uploads\\\/2026\\\/03\\\/bloqueo.jpg\",\"contentUrl\":\"https:\\\/\\\/noticiasmercedinas.com\\\/site\\\/wp-content\\\/uploads\\\/2026\\\/03\\\/bloqueo.jpg\",\"width\":1309,\"height\":800},{\"@type\":\"BreadcrumbList\",\"@id\":\"https:\\\/\\\/noticiasmercedinas.com\\\/site\\\/2026\\\/03\\\/18\\\/zubeldia-recurre-a-la-via-administrativa-ante-el-bloqueo-oficialista-por-el-acceso-a-cuentas-municipales\\\/#breadcrumb\",\"itemListElement\":[{\"@type\":\"ListItem\",\"position\":1,\"name\":\"Portada\",\"item\":\"https:\\\/\\\/noticiasmercedinas.com\\\/site\\\/\"},{\"@type\":\"ListItem\",\"position\":2,\"name\":\"Zubeld\u00eda recurre a la v\u00eda administrativa ante el \u00abbloqueo\u00bb oficialista por el acceso a cuentas municipales\"}]},{\"@type\":\"WebSite\",\"@id\":\"https:\\\/\\\/noticiasmercedinas.com\\\/site\\\/#website\",\"url\":\"https:\\\/\\\/noticiasmercedinas.com\\\/site\\\/\",\"name\":\"NOTICIASMERCEDINAS.COM\",\"description\":\"Mercedes, Buenos Aires, Argentina\",\"publisher\":{\"@id\":\"https:\\\/\\\/noticiasmercedinas.com\\\/site\\\/#organization\"},\"potentialAction\":[{\"@type\":\"SearchAction\",\"target\":{\"@type\":\"EntryPoint\",\"urlTemplate\":\"https:\\\/\\\/noticiasmercedinas.com\\\/site\\\/?s={search_term_string}\"},\"query-input\":{\"@type\":\"PropertyValueSpecification\",\"valueRequired\":true,\"valueName\":\"search_term_string\"}}],\"inLanguage\":\"es\"},{\"@type\":\"Organization\",\"@id\":\"https:\\\/\\\/noticiasmercedinas.com\\\/site\\\/#organization\",\"name\":\"NOTICIASMERCEDINAS.COM\",\"url\":\"https:\\\/\\\/noticiasmercedinas.com\\\/site\\\/\",\"logo\":{\"@type\":\"ImageObject\",\"inLanguage\":\"es\",\"@id\":\"https:\\\/\\\/noticiasmercedinas.com\\\/site\\\/#\\\/schema\\\/logo\\\/image\\\/\",\"url\":\"https:\\\/\\\/noticiasmercedinas.com\\\/site\\\/wp-content\\\/uploads\\\/2020\\\/06\\\/LOGO-512.jpg\",\"contentUrl\":\"https:\\\/\\\/noticiasmercedinas.com\\\/site\\\/wp-content\\\/uploads\\\/2020\\\/06\\\/LOGO-512.jpg\",\"width\":512,\"height\":512,\"caption\":\"NOTICIASMERCEDINAS.COM\"},\"image\":{\"@id\":\"https:\\\/\\\/noticiasmercedinas.com\\\/site\\\/#\\\/schema\\\/logo\\\/image\\\/\"},\"sameAs\":[\"https:\\\/\\\/www.facebook.com\\\/noticiasmercedinas\\\/\",\"https:\\\/\\\/x.com\\\/notmercedinas\",\"https:\\\/\\\/www.instagram.com\\\/noticiasmercedinas\\\/\"]},{\"@type\":\"Person\",\"@id\":\"https:\\\/\\\/noticiasmercedinas.com\\\/site\\\/#\\\/schema\\\/person\\\/84b59c099c28ff2e8b77d4ceec5d8063\",\"name\":\"NOTICIASMERCEDINAS.COM\",\"image\":{\"@type\":\"ImageObject\",\"inLanguage\":\"es\",\"@id\":\"https:\\\/\\\/secure.gravatar.com\\\/avatar\\\/4dfbf16b4d17945bfb6341b2d19043457132fcf478a5ee04f42e959fd8f5df0a?s=96&d=mm&r=g\",\"url\":\"https:\\\/\\\/secure.gravatar.com\\\/avatar\\\/4dfbf16b4d17945bfb6341b2d19043457132fcf478a5ee04f42e959fd8f5df0a?s=96&d=mm&r=g\",\"contentUrl\":\"https:\\\/\\\/secure.gravatar.com\\\/avatar\\\/4dfbf16b4d17945bfb6341b2d19043457132fcf478a5ee04f42e959fd8f5df0a?s=96&d=mm&r=g\",\"caption\":\"NOTICIASMERCEDINAS.COM\"},\"url\":\"https:\\\/\\\/noticiasmercedinas.com\\\/site\\\/author\\\/anonimo\\\/\"}]}<\/script>\n<!-- \/ Yoast SEO plugin. -->","yoast_head_json":{"title":"Zubeld\u00eda recurre a la v\u00eda administrativa ante el \"bloqueo\" oficialista por el acceso a cuentas municipales","description":"El concejal de Vecinos por Mercedes present\u00f3 un requerimiento formal amparado en la Ley de Acceso a la Informaci\u00f3n P\u00fablica. La medida surge tras el archivo de un pedido de informes en el Concejo Deliberante que buscaba transparentar el listado de proveedores y la deuda del Ejecutivo.","robots":{"index":"index","follow":"follow","max-snippet":"max-snippet:-1","max-image-preview":"max-image-preview:large","max-video-preview":"max-video-preview:-1"},"canonical":"https:\/\/noticiasmercedinas.com\/site\/2026\/03\/18\/zubeldia-recurre-a-la-via-administrativa-ante-el-bloqueo-oficialista-por-el-acceso-a-cuentas-municipales\/","og_locale":"es_ES","og_type":"article","og_title":"Zubeld\u00eda recurre a la v\u00eda administrativa ante el \"bloqueo\" oficialista por el acceso a cuentas municipales","og_description":"El concejal de Vecinos por Mercedes present\u00f3 un requerimiento formal amparado en la Ley de Acceso a la Informaci\u00f3n P\u00fablica. La medida surge tras el archivo de un pedido de informes en el Concejo Deliberante que buscaba transparentar el listado de proveedores y la deuda del Ejecutivo.","og_url":"https:\/\/noticiasmercedinas.com\/site\/2026\/03\/18\/zubeldia-recurre-a-la-via-administrativa-ante-el-bloqueo-oficialista-por-el-acceso-a-cuentas-municipales\/","og_site_name":"NOTICIASMERCEDINAS.COM","article_publisher":"https:\/\/www.facebook.com\/noticiasmercedinas\/","article_published_time":"2026-03-18T16:12:43+00:00","og_image":[{"width":1309,"height":800,"url":"https:\/\/noticiasmercedinas.com\/site\/wp-content\/uploads\/2026\/03\/bloqueo.jpg","type":"image\/jpeg"}],"author":"NOTICIASMERCEDINAS.COM","twitter_card":"summary_large_image","twitter_creator":"@notmercedinas","twitter_site":"@notmercedinas","twitter_misc":{"Escrito por":"NOTICIASMERCEDINAS.COM","Tiempo de lectura":"3 minutos"},"schema":{"@context":"https:\/\/schema.org","@graph":[{"@type":"Article","@id":"https:\/\/noticiasmercedinas.com\/site\/2026\/03\/18\/zubeldia-recurre-a-la-via-administrativa-ante-el-bloqueo-oficialista-por-el-acceso-a-cuentas-municipales\/#article","isPartOf":{"@id":"https:\/\/noticiasmercedinas.com\/site\/2026\/03\/18\/zubeldia-recurre-a-la-via-administrativa-ante-el-bloqueo-oficialista-por-el-acceso-a-cuentas-municipales\/"},"author":{"name":"NOTICIASMERCEDINAS.COM","@id":"https:\/\/noticiasmercedinas.com\/site\/#\/schema\/person\/84b59c099c28ff2e8b77d4ceec5d8063"},"headline":"Zubeld\u00eda recurre a la v\u00eda administrativa ante el \u00abbloqueo\u00bb oficialista por el acceso a cuentas municipales","datePublished":"2026-03-18T16:12:43+00:00","mainEntityOfPage":{"@id":"https:\/\/noticiasmercedinas.com\/site\/2026\/03\/18\/zubeldia-recurre-a-la-via-administrativa-ante-el-bloqueo-oficialista-por-el-acceso-a-cuentas-municipales\/"},"wordCount":575,"publisher":{"@id":"https:\/\/noticiasmercedinas.com\/site\/#organization"},"image":{"@id":"https:\/\/noticiasmercedinas.com\/site\/2026\/03\/18\/zubeldia-recurre-a-la-via-administrativa-ante-el-bloqueo-oficialista-por-el-acceso-a-cuentas-municipales\/#primaryimage"},"thumbnailUrl":"https:\/\/noticiasmercedinas.com\/site\/wp-content\/uploads\/2026\/03\/bloqueo.jpg","keywords":["bernardo zubeldia","concejo deliberante","HCD","proveedores","vecinos por mercedes"],"articleSection":["Politica"],"inLanguage":"es"},{"@type":"WebPage","@id":"https:\/\/noticiasmercedinas.com\/site\/2026\/03\/18\/zubeldia-recurre-a-la-via-administrativa-ante-el-bloqueo-oficialista-por-el-acceso-a-cuentas-municipales\/","url":"https:\/\/noticiasmercedinas.com\/site\/2026\/03\/18\/zubeldia-recurre-a-la-via-administrativa-ante-el-bloqueo-oficialista-por-el-acceso-a-cuentas-municipales\/","name":"Zubeld\u00eda recurre a la v\u00eda administrativa ante el \"bloqueo\" oficialista por el acceso a cuentas municipales","isPartOf":{"@id":"https:\/\/noticiasmercedinas.com\/site\/#website"},"primaryImageOfPage":{"@id":"https:\/\/noticiasmercedinas.com\/site\/2026\/03\/18\/zubeldia-recurre-a-la-via-administrativa-ante-el-bloqueo-oficialista-por-el-acceso-a-cuentas-municipales\/#primaryimage"},"image":{"@id":"https:\/\/noticiasmercedinas.com\/site\/2026\/03\/18\/zubeldia-recurre-a-la-via-administrativa-ante-el-bloqueo-oficialista-por-el-acceso-a-cuentas-municipales\/#primaryimage"},"thumbnailUrl":"https:\/\/noticiasmercedinas.com\/site\/wp-content\/uploads\/2026\/03\/bloqueo.jpg","datePublished":"2026-03-18T16:12:43+00:00","description":"El concejal de Vecinos por Mercedes present\u00f3 un requerimiento formal amparado en la Ley de Acceso a la Informaci\u00f3n P\u00fablica. La medida surge tras el archivo de un pedido de informes en el Concejo Deliberante que buscaba transparentar el listado de proveedores y la deuda del Ejecutivo.","breadcrumb":{"@id":"https:\/\/noticiasmercedinas.com\/site\/2026\/03\/18\/zubeldia-recurre-a-la-via-administrativa-ante-el-bloqueo-oficialista-por-el-acceso-a-cuentas-municipales\/#breadcrumb"},"inLanguage":"es","potentialAction":[{"@type":"ReadAction","target":["https:\/\/noticiasmercedinas.com\/site\/2026\/03\/18\/zubeldia-recurre-a-la-via-administrativa-ante-el-bloqueo-oficialista-por-el-acceso-a-cuentas-municipales\/"]}]},{"@type":"ImageObject","inLanguage":"es","@id":"https:\/\/noticiasmercedinas.com\/site\/2026\/03\/18\/zubeldia-recurre-a-la-via-administrativa-ante-el-bloqueo-oficialista-por-el-acceso-a-cuentas-municipales\/#primaryimage","url":"https:\/\/noticiasmercedinas.com\/site\/wp-content\/uploads\/2026\/03\/bloqueo.jpg","contentUrl":"https:\/\/noticiasmercedinas.com\/site\/wp-content\/uploads\/2026\/03\/bloqueo.jpg","width":1309,"height":800},{"@type":"BreadcrumbList","@id":"https:\/\/noticiasmercedinas.com\/site\/2026\/03\/18\/zubeldia-recurre-a-la-via-administrativa-ante-el-bloqueo-oficialista-por-el-acceso-a-cuentas-municipales\/#breadcrumb","itemListElement":[{"@type":"ListItem","position":1,"name":"Portada","item":"https:\/\/noticiasmercedinas.com\/site\/"},{"@type":"ListItem","position":2,"name":"Zubeld\u00eda recurre a la v\u00eda administrativa ante el \u00abbloqueo\u00bb oficialista por el acceso a cuentas municipales"}]},{"@type":"WebSite","@id":"https:\/\/noticiasmercedinas.com\/site\/#website","url":"https:\/\/noticiasmercedinas.com\/site\/","name":"NOTICIASMERCEDINAS.COM","description":"Mercedes, Buenos Aires, Argentina","publisher":{"@id":"https:\/\/noticiasmercedinas.com\/site\/#organization"},"potentialAction":[{"@type":"SearchAction","target":{"@type":"EntryPoint","urlTemplate":"https:\/\/noticiasmercedinas.com\/site\/?s={search_term_string}"},"query-input":{"@type":"PropertyValueSpecification","valueRequired":true,"valueName":"search_term_string"}}],"inLanguage":"es"},{"@type":"Organization","@id":"https:\/\/noticiasmercedinas.com\/site\/#organization","name":"NOTICIASMERCEDINAS.COM","url":"https:\/\/noticiasmercedinas.com\/site\/","logo":{"@type":"ImageObject","inLanguage":"es","@id":"https:\/\/noticiasmercedinas.com\/site\/#\/schema\/logo\/image\/","url":"https:\/\/noticiasmercedinas.com\/site\/wp-content\/uploads\/2020\/06\/LOGO-512.jpg","contentUrl":"https:\/\/noticiasmercedinas.com\/site\/wp-content\/uploads\/2020\/06\/LOGO-512.jpg","width":512,"height":512,"caption":"NOTICIASMERCEDINAS.COM"},"image":{"@id":"https:\/\/noticiasmercedinas.com\/site\/#\/schema\/logo\/image\/"},"sameAs":["https:\/\/www.facebook.com\/noticiasmercedinas\/","https:\/\/x.com\/notmercedinas","https:\/\/www.instagram.com\/noticiasmercedinas\/"]},{"@type":"Person","@id":"https:\/\/noticiasmercedinas.com\/site\/#\/schema\/person\/84b59c099c28ff2e8b77d4ceec5d8063","name":"NOTICIASMERCEDINAS.COM","image":{"@type":"ImageObject","inLanguage":"es","@id":"https:\/\/secure.gravatar.com\/avatar\/4dfbf16b4d17945bfb6341b2d19043457132fcf478a5ee04f42e959fd8f5df0a?s=96&d=mm&r=g","url":"https:\/\/secure.gravatar.com\/avatar\/4dfbf16b4d17945bfb6341b2d19043457132fcf478a5ee04f42e959fd8f5df0a?s=96&d=mm&r=g","contentUrl":"https:\/\/secure.gravatar.com\/avatar\/4dfbf16b4d17945bfb6341b2d19043457132fcf478a5ee04f42e959fd8f5df0a?s=96&d=mm&r=g","caption":"NOTICIASMERCEDINAS.COM"},"url":"https:\/\/noticiasmercedinas.com\/site\/author\/anonimo\/"}]}},"amp_enabled":true,"_links":{"self":[{"href":"https:\/\/noticiasmercedinas.com\/site\/wp-json\/wp\/v2\/posts\/182171","targetHints":{"allow":["GET"]}}],"collection":[{"href":"https:\/\/noticiasmercedinas.com\/site\/wp-json\/wp\/v2\/posts"}],"about":[{"href":"https:\/\/noticiasmercedinas.com\/site\/wp-json\/wp\/v2\/types\/post"}],"author":[{"embeddable":true,"href":"https:\/\/noticiasmercedinas.com\/site\/wp-json\/wp\/v2\/users\/16"}],"replies":[{"embeddable":true,"href":"https:\/\/noticiasmercedinas.com\/site\/wp-json\/wp\/v2\/comments?post=182171"}],"version-history":[{"count":1,"href":"https:\/\/noticiasmercedinas.com\/site\/wp-json\/wp\/v2\/posts\/182171\/revisions"}],"predecessor-version":[{"id":182173,"href":"https:\/\/noticiasmercedinas.com\/site\/wp-json\/wp\/v2\/posts\/182171\/revisions\/182173"}],"wp:featuredmedia":[{"embeddable":true,"href":"https:\/\/noticiasmercedinas.com\/site\/wp-json\/wp\/v2\/media\/182172"}],"wp:attachment":[{"href":"https:\/\/noticiasmercedinas.com\/site\/wp-json\/wp\/v2\/media?parent=182171"}],"wp:term":[{"taxonomy":"category","embeddable":true,"href":"https:\/\/noticiasmercedinas.com\/site\/wp-json\/wp\/v2\/categories?post=182171"},{"taxonomy":"post_tag","embeddable":true,"href":"https:\/\/noticiasmercedinas.com\/site\/wp-json\/wp\/v2\/tags?post=182171"}],"curies":[{"name":"wp","href":"https:\/\/api.w.org\/{rel}","templated":true}]}}