{"id":182190,"date":"2026-03-19T09:58:08","date_gmt":"2026-03-19T12:58:08","guid":{"rendered":"https:\/\/noticiasmercedinas.com\/site\/?p=182190"},"modified":"2026-03-19T10:01:13","modified_gmt":"2026-03-19T13:01:13","slug":"luis-colao-fue-ratificado-al-frente-del-colegio-de-martilleros-de-mercedes","status":"publish","type":"post","link":"https:\/\/noticiasmercedinas.com\/site\/2026\/03\/19\/luis-colao-fue-ratificado-al-frente-del-colegio-de-martilleros-de-mercedes\/","title":{"rendered":"Luis Colao fue ratificado al frente del Colegio de Martilleros de Mercedes"},"content":{"rendered":"<p data-path-to-node=\"4\"><img loading=\"lazy\" decoding=\"async\" class=\"alignnone size-full wp-image-182191\" src=\"https:\/\/noticiasmercedinas.com\/site\/wp-content\/uploads\/2026\/03\/COLAO-2.jpg\" alt=\"\" width=\"759\" height=\"333\" srcset=\"https:\/\/noticiasmercedinas.com\/site\/wp-content\/uploads\/2026\/03\/COLAO-2.jpg 759w, https:\/\/noticiasmercedinas.com\/site\/wp-content\/uploads\/2026\/03\/COLAO-2-300x132.jpg 300w, https:\/\/noticiasmercedinas.com\/site\/wp-content\/uploads\/2026\/03\/COLAO-2-640x281.jpg 640w, https:\/\/noticiasmercedinas.com\/site\/wp-content\/uploads\/2026\/03\/COLAO-2-681x299.jpg 681w\" sizes=\"auto, (max-width: 759px) 100vw, 759px\" \/><\/p>\n<p data-path-to-node=\"4\">El Colegio de Martilleros y Corredores P\u00fablicos del Departamento Judicial de Mercedes celebr\u00f3 el pasado 18 de marzo su <b data-path-to-node=\"4\" data-index-in-node=\"131\">Asamblea Ordinaria<\/b>, en la cual se concret\u00f3 la renovaci\u00f3n parcial de los miembros del Consejo Directivo y del Tribunal de Disciplina.<\/p>\n<p data-path-to-node=\"4\">En un clima de camarader\u00eda, el mercedino <b data-path-to-node=\"4\" data-index-in-node=\"305\">Luis Eusebio Colao<\/b> fue ratificado como Presidente, encabezando la lista proclamada para el per\u00edodo que inicia formalmente el pr\u00f3ximo 1\u00b0 de abril.<\/p>\n<p data-path-to-node=\"5\">Durante el encuentro, que cont\u00f3 con una nutrida concurrencia de profesionales de toda la regi\u00f3n, se sometieron a votaci\u00f3n y fueron aprobados por unanimidad la <b data-path-to-node=\"5\" data-index-in-node=\"159\">Memoria y Balance del ejercicio 2025<\/b>, junto con un detallado resumen de las actividades gremiales e institucionales desarrolladas durante el \u00faltimo a\u00f1o.<\/p>\n<h3 data-path-to-node=\"6\">La nueva conducci\u00f3n<\/h3>\n<p data-path-to-node=\"7\">La lista proclamada para regir los destinos del Colegio durante el pr\u00f3ximo cuatrienio qued\u00f3 conformada de la siguiente manera:<\/p>\n<p data-path-to-node=\"8,0,0\"><b data-path-to-node=\"8,0,0\" data-index-in-node=\"0\">Presidente:<\/b> Luis Eusebio Colao<\/p>\n<p data-path-to-node=\"8,1,0\"><b data-path-to-node=\"8,1,0\" data-index-in-node=\"0\">Vicepresidente 1\u00ba:<\/b> Hern\u00e1n Gabriel Vallerino<\/p>\n<p data-path-to-node=\"8,2,0\"><b data-path-to-node=\"8,2,0\" data-index-in-node=\"0\">Vicepresidente 2\u00ba:<\/b> Paulo Adri\u00e1n Marchesini<\/p>\n<p data-path-to-node=\"8,3,0\"><b data-path-to-node=\"8,3,0\" data-index-in-node=\"0\">Secretaria General:<\/b> Mar\u00eda Ximena Pesce<\/p>\n<p data-path-to-node=\"8,4,0\"><b data-path-to-node=\"8,4,0\" data-index-in-node=\"0\">Prosecretaria General:<\/b> Alejandra Susana Spinacci<\/p>\n<p data-path-to-node=\"9\">El esquema de autoridades se completa con los vocales titulares y suplentes <b data-path-to-node=\"9\" data-index-in-node=\"64\">Claudio Oscar Graziadei, Juan Tomas Hogg<\/b>,<b data-path-to-node=\"9\" data-index-in-node=\"64\"> Sebasti\u00e1n Rodolfo Rondinella<\/b>, <strong>Sergio Aladro<\/strong> y <strong>Pablo Valerga<\/strong> mientras que el Tribunal de Disciplina contar\u00e1 con la participaci\u00f3n de los doctores <b data-path-to-node=\"9\" data-index-in-node=\"221\">Carlos Rodolfo Ayala, Roberto Pedro Cristella y Pablo Fernando Errico<\/b>, entre otros.<\/p>\n<p data-path-to-node=\"9\"><img loading=\"lazy\" decoding=\"async\" class=\"size-full wp-image-182194 aligncenter\" src=\"https:\/\/noticiasmercedinas.com\/site\/wp-content\/uploads\/2026\/03\/lista.jpg\" alt=\"\" width=\"400\" height=\"917\" srcset=\"https:\/\/noticiasmercedinas.com\/site\/wp-content\/uploads\/2026\/03\/lista.jpg 400w, https:\/\/noticiasmercedinas.com\/site\/wp-content\/uploads\/2026\/03\/lista-131x300.jpg 131w\" sizes=\"auto, (max-width: 400px) 100vw, 400px\" \/><\/p>\n<h3 data-path-to-node=\"10\">Despedida y nuevos objetivos<\/h3>\n<p data-path-to-node=\"11\">Al cierre de la jornada, Colao expres\u00f3 su agradecimiento por el respaldo un\u00e1nime a su gesti\u00f3n y dedic\u00f3 palabras de reconocimiento a los consejeros salientes, <b data-path-to-node=\"11\" data-index-in-node=\"158\">\u00c1ngel Daniel Plana (Salto)<\/b> y <b data-path-to-node=\"11\" data-index-in-node=\"187\">Juan Manuel Suarez (Chivilcoy)<\/b>, quienes finalizaron sus mandatos tras a\u00f1os de servicio a la instituci\u00f3n.<\/p>\n<p data-path-to-node=\"12\">El reelecto presidente deline\u00f3 adem\u00e1s los ejes estrat\u00e9gicos para el nuevo ciclo, haciendo hincapi\u00e9 en la defensa de las incumbencias profesionales y el fortalecimiento del rol del martillero en el actual contexto econ\u00f3mico bonaerense.<\/p>\n<p data-path-to-node=\"12\"><img loading=\"lazy\" decoding=\"async\" class=\"alignnone size-full wp-image-182195\" src=\"https:\/\/noticiasmercedinas.com\/site\/wp-content\/uploads\/2026\/03\/lista1.jpg\" alt=\"\" width=\"718\" height=\"611\" srcset=\"https:\/\/noticiasmercedinas.com\/site\/wp-content\/uploads\/2026\/03\/lista1.jpg 718w, https:\/\/noticiasmercedinas.com\/site\/wp-content\/uploads\/2026\/03\/lista1-300x255.jpg 300w, https:\/\/noticiasmercedinas.com\/site\/wp-content\/uploads\/2026\/03\/lista1-640x545.jpg 640w, https:\/\/noticiasmercedinas.com\/site\/wp-content\/uploads\/2026\/03\/lista1-681x580.jpg 681w\" sizes=\"auto, (max-width: 718px) 100vw, 718px\" \/><\/p>\n","protected":false},"excerpt":{"rendered":"<p>\u25a0 Tras la Asamblea Anual y en una jornada marcada por el consenso. La instituci\u00f3n aprob\u00f3 la Memoria y Balance 2025 y proclam\u00f3 a las autoridades que conducir\u00e1n los destinos de los profesionales por los pr\u00f3ximos cuatro a\u00f1os.<\/p>\n","protected":false},"author":16,"featured_media":182191,"comment_status":"closed","ping_status":"closed","sticky":false,"template":"","format":"standard","meta":{"footnotes":""},"categories":[3,20734],"tags":[172,322],"class_list":["post-182190","post","type-post","status-publish","format-standard","has-post-thumbnail","hentry","category-sociedad","category-ultimo-momento","tag-colegio-de-martilleros","tag-luis-colao"],"yoast_head":"<!-- This site is optimized with the Yoast SEO plugin v27.5 - https:\/\/yoast.com\/product\/yoast-seo-wordpress\/ -->\n<title>Luis Colao fue ratificado al frente del Colegio de Martilleros de Mercedes<\/title>\n<meta name=\"description\" content=\"Tras la Asamblea Anual y en una jornada marcada por el consenso. La instituci\u00f3n aprob\u00f3 la Memoria y Balance 2025 y proclam\u00f3 a las autoridades que conducir\u00e1n los destinos de los profesionales por los pr\u00f3ximos cuatro a\u00f1os.\" \/>\n<meta name=\"robots\" content=\"index, follow, max-snippet:-1, max-image-preview:large, max-video-preview:-1\" \/>\n<link rel=\"canonical\" href=\"https:\/\/noticiasmercedinas.com\/site\/2026\/03\/19\/luis-colao-fue-ratificado-al-frente-del-colegio-de-martilleros-de-mercedes\/\" \/>\n<meta property=\"og:locale\" content=\"es_ES\" \/>\n<meta property=\"og:type\" content=\"article\" \/>\n<meta property=\"og:title\" content=\"Luis Colao fue ratificado al frente del Colegio de Martilleros de Mercedes\" \/>\n<meta property=\"og:description\" content=\"Tras la Asamblea Anual y en una jornada marcada por el consenso. La instituci\u00f3n aprob\u00f3 la Memoria y Balance 2025 y proclam\u00f3 a las autoridades que conducir\u00e1n los destinos de los profesionales por los pr\u00f3ximos cuatro a\u00f1os.\" \/>\n<meta property=\"og:url\" content=\"https:\/\/noticiasmercedinas.com\/site\/2026\/03\/19\/luis-colao-fue-ratificado-al-frente-del-colegio-de-martilleros-de-mercedes\/\" \/>\n<meta property=\"og:site_name\" content=\"NOTICIASMERCEDINAS.COM\" \/>\n<meta property=\"article:publisher\" content=\"https:\/\/www.facebook.com\/noticiasmercedinas\/\" \/>\n<meta property=\"article:published_time\" content=\"2026-03-19T12:58:08+00:00\" \/>\n<meta property=\"article:modified_time\" content=\"2026-03-19T13:01:13+00:00\" \/>\n<meta property=\"og:image\" content=\"https:\/\/noticiasmercedinas.com\/site\/wp-content\/uploads\/2026\/03\/COLAO-2.jpg\" \/>\n\t<meta property=\"og:image:width\" content=\"759\" \/>\n\t<meta property=\"og:image:height\" content=\"333\" \/>\n\t<meta property=\"og:image:type\" content=\"image\/jpeg\" \/>\n<meta name=\"author\" content=\"NOTICIASMERCEDINAS.COM\" \/>\n<meta name=\"twitter:card\" content=\"summary_large_image\" \/>\n<meta name=\"twitter:creator\" content=\"@notmercedinas\" \/>\n<meta name=\"twitter:site\" content=\"@notmercedinas\" \/>\n<meta name=\"twitter:label1\" content=\"Escrito por\" \/>\n\t<meta name=\"twitter:data1\" content=\"NOTICIASMERCEDINAS.COM\" \/>\n\t<meta name=\"twitter:label2\" content=\"Tiempo de lectura\" \/>\n\t<meta name=\"twitter:data2\" content=\"3 minutos\" \/>\n<script type=\"application\/ld+json\" class=\"yoast-schema-graph\">{\"@context\":\"https:\\\/\\\/schema.org\",\"@graph\":[{\"@type\":\"Article\",\"@id\":\"https:\\\/\\\/noticiasmercedinas.com\\\/site\\\/2026\\\/03\\\/19\\\/luis-colao-fue-ratificado-al-frente-del-colegio-de-martilleros-de-mercedes\\\/#article\",\"isPartOf\":{\"@id\":\"https:\\\/\\\/noticiasmercedinas.com\\\/site\\\/2026\\\/03\\\/19\\\/luis-colao-fue-ratificado-al-frente-del-colegio-de-martilleros-de-mercedes\\\/\"},\"author\":{\"name\":\"NOTICIASMERCEDINAS.COM\",\"@id\":\"https:\\\/\\\/noticiasmercedinas.com\\\/site\\\/#\\\/schema\\\/person\\\/84b59c099c28ff2e8b77d4ceec5d8063\"},\"headline\":\"Luis Colao fue ratificado al frente del Colegio de Martilleros de Mercedes\",\"datePublished\":\"2026-03-19T12:58:08+00:00\",\"dateModified\":\"2026-03-19T13:01:13+00:00\",\"mainEntityOfPage\":{\"@id\":\"https:\\\/\\\/noticiasmercedinas.com\\\/site\\\/2026\\\/03\\\/19\\\/luis-colao-fue-ratificado-al-frente-del-colegio-de-martilleros-de-mercedes\\\/\"},\"wordCount\":325,\"publisher\":{\"@id\":\"https:\\\/\\\/noticiasmercedinas.com\\\/site\\\/#organization\"},\"image\":{\"@id\":\"https:\\\/\\\/noticiasmercedinas.com\\\/site\\\/2026\\\/03\\\/19\\\/luis-colao-fue-ratificado-al-frente-del-colegio-de-martilleros-de-mercedes\\\/#primaryimage\"},\"thumbnailUrl\":\"https:\\\/\\\/noticiasmercedinas.com\\\/site\\\/wp-content\\\/uploads\\\/2026\\\/03\\\/COLAO-2.jpg\",\"keywords\":[\"colegio de martilleros\",\"luis colao\"],\"articleSection\":[\"Sociedad\",\"Ultimo momento\"],\"inLanguage\":\"es\"},{\"@type\":\"WebPage\",\"@id\":\"https:\\\/\\\/noticiasmercedinas.com\\\/site\\\/2026\\\/03\\\/19\\\/luis-colao-fue-ratificado-al-frente-del-colegio-de-martilleros-de-mercedes\\\/\",\"url\":\"https:\\\/\\\/noticiasmercedinas.com\\\/site\\\/2026\\\/03\\\/19\\\/luis-colao-fue-ratificado-al-frente-del-colegio-de-martilleros-de-mercedes\\\/\",\"name\":\"Luis Colao fue ratificado al frente del Colegio de Martilleros de Mercedes\",\"isPartOf\":{\"@id\":\"https:\\\/\\\/noticiasmercedinas.com\\\/site\\\/#website\"},\"primaryImageOfPage\":{\"@id\":\"https:\\\/\\\/noticiasmercedinas.com\\\/site\\\/2026\\\/03\\\/19\\\/luis-colao-fue-ratificado-al-frente-del-colegio-de-martilleros-de-mercedes\\\/#primaryimage\"},\"image\":{\"@id\":\"https:\\\/\\\/noticiasmercedinas.com\\\/site\\\/2026\\\/03\\\/19\\\/luis-colao-fue-ratificado-al-frente-del-colegio-de-martilleros-de-mercedes\\\/#primaryimage\"},\"thumbnailUrl\":\"https:\\\/\\\/noticiasmercedinas.com\\\/site\\\/wp-content\\\/uploads\\\/2026\\\/03\\\/COLAO-2.jpg\",\"datePublished\":\"2026-03-19T12:58:08+00:00\",\"dateModified\":\"2026-03-19T13:01:13+00:00\",\"description\":\"Tras la Asamblea Anual y en una jornada marcada por el consenso. La instituci\u00f3n aprob\u00f3 la Memoria y Balance 2025 y proclam\u00f3 a las autoridades que conducir\u00e1n los destinos de los profesionales por los pr\u00f3ximos cuatro a\u00f1os.\",\"breadcrumb\":{\"@id\":\"https:\\\/\\\/noticiasmercedinas.com\\\/site\\\/2026\\\/03\\\/19\\\/luis-colao-fue-ratificado-al-frente-del-colegio-de-martilleros-de-mercedes\\\/#breadcrumb\"},\"inLanguage\":\"es\",\"potentialAction\":[{\"@type\":\"ReadAction\",\"target\":[\"https:\\\/\\\/noticiasmercedinas.com\\\/site\\\/2026\\\/03\\\/19\\\/luis-colao-fue-ratificado-al-frente-del-colegio-de-martilleros-de-mercedes\\\/\"]}]},{\"@type\":\"ImageObject\",\"inLanguage\":\"es\",\"@id\":\"https:\\\/\\\/noticiasmercedinas.com\\\/site\\\/2026\\\/03\\\/19\\\/luis-colao-fue-ratificado-al-frente-del-colegio-de-martilleros-de-mercedes\\\/#primaryimage\",\"url\":\"https:\\\/\\\/noticiasmercedinas.com\\\/site\\\/wp-content\\\/uploads\\\/2026\\\/03\\\/COLAO-2.jpg\",\"contentUrl\":\"https:\\\/\\\/noticiasmercedinas.com\\\/site\\\/wp-content\\\/uploads\\\/2026\\\/03\\\/COLAO-2.jpg\",\"width\":759,\"height\":333},{\"@type\":\"BreadcrumbList\",\"@id\":\"https:\\\/\\\/noticiasmercedinas.com\\\/site\\\/2026\\\/03\\\/19\\\/luis-colao-fue-ratificado-al-frente-del-colegio-de-martilleros-de-mercedes\\\/#breadcrumb\",\"itemListElement\":[{\"@type\":\"ListItem\",\"position\":1,\"name\":\"Portada\",\"item\":\"https:\\\/\\\/noticiasmercedinas.com\\\/site\\\/\"},{\"@type\":\"ListItem\",\"position\":2,\"name\":\"Luis Colao fue ratificado al frente del Colegio de Martilleros de Mercedes\"}]},{\"@type\":\"WebSite\",\"@id\":\"https:\\\/\\\/noticiasmercedinas.com\\\/site\\\/#website\",\"url\":\"https:\\\/\\\/noticiasmercedinas.com\\\/site\\\/\",\"name\":\"NOTICIASMERCEDINAS.COM\",\"description\":\"Mercedes, Buenos Aires, Argentina\",\"publisher\":{\"@id\":\"https:\\\/\\\/noticiasmercedinas.com\\\/site\\\/#organization\"},\"potentialAction\":[{\"@type\":\"SearchAction\",\"target\":{\"@type\":\"EntryPoint\",\"urlTemplate\":\"https:\\\/\\\/noticiasmercedinas.com\\\/site\\\/?s={search_term_string}\"},\"query-input\":{\"@type\":\"PropertyValueSpecification\",\"valueRequired\":true,\"valueName\":\"search_term_string\"}}],\"inLanguage\":\"es\"},{\"@type\":\"Organization\",\"@id\":\"https:\\\/\\\/noticiasmercedinas.com\\\/site\\\/#organization\",\"name\":\"NOTICIASMERCEDINAS.COM\",\"url\":\"https:\\\/\\\/noticiasmercedinas.com\\\/site\\\/\",\"logo\":{\"@type\":\"ImageObject\",\"inLanguage\":\"es\",\"@id\":\"https:\\\/\\\/noticiasmercedinas.com\\\/site\\\/#\\\/schema\\\/logo\\\/image\\\/\",\"url\":\"https:\\\/\\\/noticiasmercedinas.com\\\/site\\\/wp-content\\\/uploads\\\/2020\\\/06\\\/LOGO-512.jpg\",\"contentUrl\":\"https:\\\/\\\/noticiasmercedinas.com\\\/site\\\/wp-content\\\/uploads\\\/2020\\\/06\\\/LOGO-512.jpg\",\"width\":512,\"height\":512,\"caption\":\"NOTICIASMERCEDINAS.COM\"},\"image\":{\"@id\":\"https:\\\/\\\/noticiasmercedinas.com\\\/site\\\/#\\\/schema\\\/logo\\\/image\\\/\"},\"sameAs\":[\"https:\\\/\\\/www.facebook.com\\\/noticiasmercedinas\\\/\",\"https:\\\/\\\/x.com\\\/notmercedinas\",\"https:\\\/\\\/www.instagram.com\\\/noticiasmercedinas\\\/\"]},{\"@type\":\"Person\",\"@id\":\"https:\\\/\\\/noticiasmercedinas.com\\\/site\\\/#\\\/schema\\\/person\\\/84b59c099c28ff2e8b77d4ceec5d8063\",\"name\":\"NOTICIASMERCEDINAS.COM\",\"image\":{\"@type\":\"ImageObject\",\"inLanguage\":\"es\",\"@id\":\"https:\\\/\\\/secure.gravatar.com\\\/avatar\\\/4dfbf16b4d17945bfb6341b2d19043457132fcf478a5ee04f42e959fd8f5df0a?s=96&d=mm&r=g\",\"url\":\"https:\\\/\\\/secure.gravatar.com\\\/avatar\\\/4dfbf16b4d17945bfb6341b2d19043457132fcf478a5ee04f42e959fd8f5df0a?s=96&d=mm&r=g\",\"contentUrl\":\"https:\\\/\\\/secure.gravatar.com\\\/avatar\\\/4dfbf16b4d17945bfb6341b2d19043457132fcf478a5ee04f42e959fd8f5df0a?s=96&d=mm&r=g\",\"caption\":\"NOTICIASMERCEDINAS.COM\"},\"url\":\"https:\\\/\\\/noticiasmercedinas.com\\\/site\\\/author\\\/anonimo\\\/\"}]}<\/script>\n<!-- \/ Yoast SEO plugin. -->","yoast_head_json":{"title":"Luis Colao fue ratificado al frente del Colegio de Martilleros de Mercedes","description":"Tras la Asamblea Anual y en una jornada marcada por el consenso. La instituci\u00f3n aprob\u00f3 la Memoria y Balance 2025 y proclam\u00f3 a las autoridades que conducir\u00e1n los destinos de los profesionales por los pr\u00f3ximos cuatro a\u00f1os.","robots":{"index":"index","follow":"follow","max-snippet":"max-snippet:-1","max-image-preview":"max-image-preview:large","max-video-preview":"max-video-preview:-1"},"canonical":"https:\/\/noticiasmercedinas.com\/site\/2026\/03\/19\/luis-colao-fue-ratificado-al-frente-del-colegio-de-martilleros-de-mercedes\/","og_locale":"es_ES","og_type":"article","og_title":"Luis Colao fue ratificado al frente del Colegio de Martilleros de Mercedes","og_description":"Tras la Asamblea Anual y en una jornada marcada por el consenso. La instituci\u00f3n aprob\u00f3 la Memoria y Balance 2025 y proclam\u00f3 a las autoridades que conducir\u00e1n los destinos de los profesionales por los pr\u00f3ximos cuatro a\u00f1os.","og_url":"https:\/\/noticiasmercedinas.com\/site\/2026\/03\/19\/luis-colao-fue-ratificado-al-frente-del-colegio-de-martilleros-de-mercedes\/","og_site_name":"NOTICIASMERCEDINAS.COM","article_publisher":"https:\/\/www.facebook.com\/noticiasmercedinas\/","article_published_time":"2026-03-19T12:58:08+00:00","article_modified_time":"2026-03-19T13:01:13+00:00","og_image":[{"width":759,"height":333,"url":"https:\/\/noticiasmercedinas.com\/site\/wp-content\/uploads\/2026\/03\/COLAO-2.jpg","type":"image\/jpeg"}],"author":"NOTICIASMERCEDINAS.COM","twitter_card":"summary_large_image","twitter_creator":"@notmercedinas","twitter_site":"@notmercedinas","twitter_misc":{"Escrito por":"NOTICIASMERCEDINAS.COM","Tiempo de lectura":"3 minutos"},"schema":{"@context":"https:\/\/schema.org","@graph":[{"@type":"Article","@id":"https:\/\/noticiasmercedinas.com\/site\/2026\/03\/19\/luis-colao-fue-ratificado-al-frente-del-colegio-de-martilleros-de-mercedes\/#article","isPartOf":{"@id":"https:\/\/noticiasmercedinas.com\/site\/2026\/03\/19\/luis-colao-fue-ratificado-al-frente-del-colegio-de-martilleros-de-mercedes\/"},"author":{"name":"NOTICIASMERCEDINAS.COM","@id":"https:\/\/noticiasmercedinas.com\/site\/#\/schema\/person\/84b59c099c28ff2e8b77d4ceec5d8063"},"headline":"Luis Colao fue ratificado al frente del Colegio de Martilleros de Mercedes","datePublished":"2026-03-19T12:58:08+00:00","dateModified":"2026-03-19T13:01:13+00:00","mainEntityOfPage":{"@id":"https:\/\/noticiasmercedinas.com\/site\/2026\/03\/19\/luis-colao-fue-ratificado-al-frente-del-colegio-de-martilleros-de-mercedes\/"},"wordCount":325,"publisher":{"@id":"https:\/\/noticiasmercedinas.com\/site\/#organization"},"image":{"@id":"https:\/\/noticiasmercedinas.com\/site\/2026\/03\/19\/luis-colao-fue-ratificado-al-frente-del-colegio-de-martilleros-de-mercedes\/#primaryimage"},"thumbnailUrl":"https:\/\/noticiasmercedinas.com\/site\/wp-content\/uploads\/2026\/03\/COLAO-2.jpg","keywords":["colegio de martilleros","luis colao"],"articleSection":["Sociedad","Ultimo momento"],"inLanguage":"es"},{"@type":"WebPage","@id":"https:\/\/noticiasmercedinas.com\/site\/2026\/03\/19\/luis-colao-fue-ratificado-al-frente-del-colegio-de-martilleros-de-mercedes\/","url":"https:\/\/noticiasmercedinas.com\/site\/2026\/03\/19\/luis-colao-fue-ratificado-al-frente-del-colegio-de-martilleros-de-mercedes\/","name":"Luis Colao fue ratificado al frente del Colegio de Martilleros de Mercedes","isPartOf":{"@id":"https:\/\/noticiasmercedinas.com\/site\/#website"},"primaryImageOfPage":{"@id":"https:\/\/noticiasmercedinas.com\/site\/2026\/03\/19\/luis-colao-fue-ratificado-al-frente-del-colegio-de-martilleros-de-mercedes\/#primaryimage"},"image":{"@id":"https:\/\/noticiasmercedinas.com\/site\/2026\/03\/19\/luis-colao-fue-ratificado-al-frente-del-colegio-de-martilleros-de-mercedes\/#primaryimage"},"thumbnailUrl":"https:\/\/noticiasmercedinas.com\/site\/wp-content\/uploads\/2026\/03\/COLAO-2.jpg","datePublished":"2026-03-19T12:58:08+00:00","dateModified":"2026-03-19T13:01:13+00:00","description":"Tras la Asamblea Anual y en una jornada marcada por el consenso. La instituci\u00f3n aprob\u00f3 la Memoria y Balance 2025 y proclam\u00f3 a las autoridades que conducir\u00e1n los destinos de los profesionales por los pr\u00f3ximos cuatro a\u00f1os.","breadcrumb":{"@id":"https:\/\/noticiasmercedinas.com\/site\/2026\/03\/19\/luis-colao-fue-ratificado-al-frente-del-colegio-de-martilleros-de-mercedes\/#breadcrumb"},"inLanguage":"es","potentialAction":[{"@type":"ReadAction","target":["https:\/\/noticiasmercedinas.com\/site\/2026\/03\/19\/luis-colao-fue-ratificado-al-frente-del-colegio-de-martilleros-de-mercedes\/"]}]},{"@type":"ImageObject","inLanguage":"es","@id":"https:\/\/noticiasmercedinas.com\/site\/2026\/03\/19\/luis-colao-fue-ratificado-al-frente-del-colegio-de-martilleros-de-mercedes\/#primaryimage","url":"https:\/\/noticiasmercedinas.com\/site\/wp-content\/uploads\/2026\/03\/COLAO-2.jpg","contentUrl":"https:\/\/noticiasmercedinas.com\/site\/wp-content\/uploads\/2026\/03\/COLAO-2.jpg","width":759,"height":333},{"@type":"BreadcrumbList","@id":"https:\/\/noticiasmercedinas.com\/site\/2026\/03\/19\/luis-colao-fue-ratificado-al-frente-del-colegio-de-martilleros-de-mercedes\/#breadcrumb","itemListElement":[{"@type":"ListItem","position":1,"name":"Portada","item":"https:\/\/noticiasmercedinas.com\/site\/"},{"@type":"ListItem","position":2,"name":"Luis Colao fue ratificado al frente del Colegio de Martilleros de Mercedes"}]},{"@type":"WebSite","@id":"https:\/\/noticiasmercedinas.com\/site\/#website","url":"https:\/\/noticiasmercedinas.com\/site\/","name":"NOTICIASMERCEDINAS.COM","description":"Mercedes, Buenos Aires, Argentina","publisher":{"@id":"https:\/\/noticiasmercedinas.com\/site\/#organization"},"potentialAction":[{"@type":"SearchAction","target":{"@type":"EntryPoint","urlTemplate":"https:\/\/noticiasmercedinas.com\/site\/?s={search_term_string}"},"query-input":{"@type":"PropertyValueSpecification","valueRequired":true,"valueName":"search_term_string"}}],"inLanguage":"es"},{"@type":"Organization","@id":"https:\/\/noticiasmercedinas.com\/site\/#organization","name":"NOTICIASMERCEDINAS.COM","url":"https:\/\/noticiasmercedinas.com\/site\/","logo":{"@type":"ImageObject","inLanguage":"es","@id":"https:\/\/noticiasmercedinas.com\/site\/#\/schema\/logo\/image\/","url":"https:\/\/noticiasmercedinas.com\/site\/wp-content\/uploads\/2020\/06\/LOGO-512.jpg","contentUrl":"https:\/\/noticiasmercedinas.com\/site\/wp-content\/uploads\/2020\/06\/LOGO-512.jpg","width":512,"height":512,"caption":"NOTICIASMERCEDINAS.COM"},"image":{"@id":"https:\/\/noticiasmercedinas.com\/site\/#\/schema\/logo\/image\/"},"sameAs":["https:\/\/www.facebook.com\/noticiasmercedinas\/","https:\/\/x.com\/notmercedinas","https:\/\/www.instagram.com\/noticiasmercedinas\/"]},{"@type":"Person","@id":"https:\/\/noticiasmercedinas.com\/site\/#\/schema\/person\/84b59c099c28ff2e8b77d4ceec5d8063","name":"NOTICIASMERCEDINAS.COM","image":{"@type":"ImageObject","inLanguage":"es","@id":"https:\/\/secure.gravatar.com\/avatar\/4dfbf16b4d17945bfb6341b2d19043457132fcf478a5ee04f42e959fd8f5df0a?s=96&d=mm&r=g","url":"https:\/\/secure.gravatar.com\/avatar\/4dfbf16b4d17945bfb6341b2d19043457132fcf478a5ee04f42e959fd8f5df0a?s=96&d=mm&r=g","contentUrl":"https:\/\/secure.gravatar.com\/avatar\/4dfbf16b4d17945bfb6341b2d19043457132fcf478a5ee04f42e959fd8f5df0a?s=96&d=mm&r=g","caption":"NOTICIASMERCEDINAS.COM"},"url":"https:\/\/noticiasmercedinas.com\/site\/author\/anonimo\/"}]}},"amp_enabled":true,"_links":{"self":[{"href":"https:\/\/noticiasmercedinas.com\/site\/wp-json\/wp\/v2\/posts\/182190","targetHints":{"allow":["GET"]}}],"collection":[{"href":"https:\/\/noticiasmercedinas.com\/site\/wp-json\/wp\/v2\/posts"}],"about":[{"href":"https:\/\/noticiasmercedinas.com\/site\/wp-json\/wp\/v2\/types\/post"}],"author":[{"embeddable":true,"href":"https:\/\/noticiasmercedinas.com\/site\/wp-json\/wp\/v2\/users\/16"}],"replies":[{"embeddable":true,"href":"https:\/\/noticiasmercedinas.com\/site\/wp-json\/wp\/v2\/comments?post=182190"}],"version-history":[{"count":3,"href":"https:\/\/noticiasmercedinas.com\/site\/wp-json\/wp\/v2\/posts\/182190\/revisions"}],"predecessor-version":[{"id":182196,"href":"https:\/\/noticiasmercedinas.com\/site\/wp-json\/wp\/v2\/posts\/182190\/revisions\/182196"}],"wp:featuredmedia":[{"embeddable":true,"href":"https:\/\/noticiasmercedinas.com\/site\/wp-json\/wp\/v2\/media\/182191"}],"wp:attachment":[{"href":"https:\/\/noticiasmercedinas.com\/site\/wp-json\/wp\/v2\/media?parent=182190"}],"wp:term":[{"taxonomy":"category","embeddable":true,"href":"https:\/\/noticiasmercedinas.com\/site\/wp-json\/wp\/v2\/categories?post=182190"},{"taxonomy":"post_tag","embeddable":true,"href":"https:\/\/noticiasmercedinas.com\/site\/wp-json\/wp\/v2\/tags?post=182190"}],"curies":[{"name":"wp","href":"https:\/\/api.w.org\/{rel}","templated":true}]}}