{"id":182220,"date":"2026-03-19T19:49:22","date_gmt":"2026-03-19T22:49:22","guid":{"rendered":"https:\/\/noticiasmercedinas.com\/site\/?p=182220"},"modified":"2026-03-19T19:49:22","modified_gmt":"2026-03-19T22:49:22","slug":"el-anfiteatro-municipal-sera-sede-del-festival-de-la-memoria-al-cumplirse-50-anos-del-golpe","status":"publish","type":"post","link":"https:\/\/noticiasmercedinas.com\/site\/2026\/03\/19\/el-anfiteatro-municipal-sera-sede-del-festival-de-la-memoria-al-cumplirse-50-anos-del-golpe\/","title":{"rendered":"El Anfiteatro Municipal ser\u00e1 sede del \u00abFestival de la Memoria\u00bb al cumplirse 50 a\u00f1os del golpe"},"content":{"rendered":"<p><img loading=\"lazy\" decoding=\"async\" class=\"alignnone size-full wp-image-176469\" src=\"https:\/\/noticiasmercedinas.com\/site\/wp-content\/uploads\/2025\/12\/gambo1.jpeg\" alt=\"\" width=\"640\" height=\"382\" srcset=\"https:\/\/noticiasmercedinas.com\/site\/wp-content\/uploads\/2025\/12\/gambo1.jpeg 640w, https:\/\/noticiasmercedinas.com\/site\/wp-content\/uploads\/2025\/12\/gambo1-300x179.jpeg 300w\" sizes=\"auto, (max-width: 640px) 100vw, 640px\" \/><\/p>\n<p>En una fecha de profunda significaci\u00f3n hist\u00f3rica, la ciudad se prepara para conmemorar el 50.\u00ba aniversario del inicio de la \u00faltima dictadura c\u00edvico-militar.<\/p>\n<p>El pr\u00f3ximo domingo 22 de marzo, a partir de las 18:00 horas, el Anfiteatro Municipal albergar\u00e1 el \u00abFestival de la Memoria\u00bb, un evento que busca amalgamar la cultura joven con la reflexi\u00f3n colectiva sobre el pasado reciente.<\/p>\n<p>La iniciativa, impulsada de forma conjunta por las coordinaciones de Derechos Humanos y de Juventudes, se enmarca en la declaraci\u00f3n de 2026 como el \u00abA\u00f1o de los Derechos Humanos, la Verdad y la Justicia\u00bb. El objetivo central es transformar el espacio p\u00fablico en un punto de encuentro donde el arte sirva como veh\u00edculo para el ejercicio de la memoria democr\u00e1tica.<\/p>\n<p><strong>M\u00fasica y compromiso en el escenario<\/strong><\/p>\n<p>El despliegue art\u00edstico contar\u00e1 con una grilla de m\u00fasicos locales que aportar\u00e1n diversos ritmos a la jornada.<\/p>\n<p>Se han confirmado las presentaciones de Gran Lady, Manguito, Gambo y Dan Ros, quienes ser\u00e1n los encargados de poner voz a una tarde marcada por el compromiso social y la identidad cultural.<\/p>\n<p><strong>Actividades participativas y comunitarias<\/strong><\/p>\n<p>M\u00e1s all\u00e1 de la propuesta sonora, el festival se distinguir\u00e1 por su car\u00e1cter interactivo. Uno de los ejes centrales ser\u00e1 la iniciativa \u00abVen\u00ed a bordar tu pa\u00f1uelo\u00bb, una acci\u00f3n simb\u00f3lica que invita a los asistentes de todas las edades a confeccionar el emblema hist\u00f3rico de la lucha por los Derechos Humanos en Argentina.<\/p>\n<p>Acompa\u00f1ar\u00e1n la jornada diversas intervenciones:<\/p>\n<p>* Artes visuales: Muestras de artistas locales con tem\u00e1ticas alusivas a la fecha.<\/p>\n<p>* Literatura: Intervenciones de textos y poes\u00edas que ocupar\u00e1n distintos sectores del Anfiteatro.<\/p>\n<p>* Solidaridad: La cantina del evento estar\u00e1 gestionada por la Red de Comedores, vinculando la cultura con el apoyo a los sectores territoriales.<\/p>\n<p>Con esta convocatoria, el municipio busca reforzar el sentido de comunidad y garantizar que el aniversario de los 50 a\u00f1os del golpe sea un espacio de encuentro intergeneracional para la defensa de los valores democr\u00e1ticos.<\/p>\n","protected":false},"excerpt":{"rendered":"<p>Bajo la consigna de un 2026 dedicado a la Verdad y la Justicia, las \u00e1reas de Derechos Humanos y Juventudes organizan una jornada que combinar\u00e1 m\u00fasica en vivo, intervenciones art\u00edsticas y actividades participativas<\/p>\n","protected":false},"author":16,"featured_media":176469,"comment_status":"closed","ping_status":"closed","sticky":false,"template":"","format":"standard","meta":{"footnotes":""},"categories":[4],"tags":[19114,19137,8134,699,21514],"class_list":["post-182220","post","type-post","status-publish","format-standard","has-post-thumbnail","hentry","category-cultura","tag-dan-ros","tag-gambo","tag-gran-lady","tag-memoria","tag-red-de-comedores"],"yoast_head":"<!-- This site is optimized with the Yoast SEO plugin v27.4 - https:\/\/yoast.com\/product\/yoast-seo-wordpress\/ -->\n<title>El Anfiteatro Municipal ser\u00e1 sede del &quot;Festival de la Memoria&quot; al cumplirse 50 a\u00f1os del golpe<\/title>\n<meta name=\"description\" content=\"Bajo la consigna de un 2026 dedicado a la Verdad y la Justicia, las \u00e1reas de Derechos Humanos y Juventudes organizan una jornada que combinar\u00e1 m\u00fasica en vivo, intervenciones art\u00edsticas y actividades participativas\" \/>\n<meta name=\"robots\" content=\"index, follow, max-snippet:-1, max-image-preview:large, max-video-preview:-1\" \/>\n<link rel=\"canonical\" href=\"https:\/\/noticiasmercedinas.com\/site\/2026\/03\/19\/el-anfiteatro-municipal-sera-sede-del-festival-de-la-memoria-al-cumplirse-50-anos-del-golpe\/\" \/>\n<meta property=\"og:locale\" content=\"es_ES\" \/>\n<meta property=\"og:type\" content=\"article\" \/>\n<meta property=\"og:title\" content=\"El Anfiteatro Municipal ser\u00e1 sede del &quot;Festival de la Memoria&quot; al cumplirse 50 a\u00f1os del golpe\" \/>\n<meta property=\"og:description\" content=\"Bajo la consigna de un 2026 dedicado a la Verdad y la Justicia, las \u00e1reas de Derechos Humanos y Juventudes organizan una jornada que combinar\u00e1 m\u00fasica en vivo, intervenciones art\u00edsticas y actividades participativas\" \/>\n<meta property=\"og:url\" content=\"https:\/\/noticiasmercedinas.com\/site\/2026\/03\/19\/el-anfiteatro-municipal-sera-sede-del-festival-de-la-memoria-al-cumplirse-50-anos-del-golpe\/\" \/>\n<meta property=\"og:site_name\" content=\"NOTICIASMERCEDINAS.COM\" \/>\n<meta property=\"article:publisher\" content=\"https:\/\/www.facebook.com\/noticiasmercedinas\/\" \/>\n<meta property=\"article:published_time\" content=\"2026-03-19T22:49:22+00:00\" \/>\n<meta property=\"og:image\" content=\"https:\/\/noticiasmercedinas.com\/site\/wp-content\/uploads\/2025\/12\/gambo1.jpeg\" \/>\n\t<meta property=\"og:image:width\" content=\"640\" \/>\n\t<meta property=\"og:image:height\" content=\"382\" \/>\n\t<meta property=\"og:image:type\" content=\"image\/jpeg\" \/>\n<meta name=\"author\" content=\"NOTICIASMERCEDINAS.COM\" \/>\n<meta name=\"twitter:card\" content=\"summary_large_image\" \/>\n<meta name=\"twitter:creator\" content=\"@notmercedinas\" \/>\n<meta name=\"twitter:site\" content=\"@notmercedinas\" \/>\n<meta name=\"twitter:label1\" content=\"Escrito por\" \/>\n\t<meta name=\"twitter:data1\" content=\"NOTICIASMERCEDINAS.COM\" \/>\n\t<meta name=\"twitter:label2\" content=\"Tiempo de lectura\" \/>\n\t<meta name=\"twitter:data2\" content=\"2 minutos\" \/>\n<script type=\"application\/ld+json\" class=\"yoast-schema-graph\">{\"@context\":\"https:\\\/\\\/schema.org\",\"@graph\":[{\"@type\":\"Article\",\"@id\":\"https:\\\/\\\/noticiasmercedinas.com\\\/site\\\/2026\\\/03\\\/19\\\/el-anfiteatro-municipal-sera-sede-del-festival-de-la-memoria-al-cumplirse-50-anos-del-golpe\\\/#article\",\"isPartOf\":{\"@id\":\"https:\\\/\\\/noticiasmercedinas.com\\\/site\\\/2026\\\/03\\\/19\\\/el-anfiteatro-municipal-sera-sede-del-festival-de-la-memoria-al-cumplirse-50-anos-del-golpe\\\/\"},\"author\":{\"name\":\"NOTICIASMERCEDINAS.COM\",\"@id\":\"https:\\\/\\\/noticiasmercedinas.com\\\/site\\\/#\\\/schema\\\/person\\\/84b59c099c28ff2e8b77d4ceec5d8063\"},\"headline\":\"El Anfiteatro Municipal ser\u00e1 sede del \u00abFestival de la Memoria\u00bb al cumplirse 50 a\u00f1os del golpe\",\"datePublished\":\"2026-03-19T22:49:22+00:00\",\"mainEntityOfPage\":{\"@id\":\"https:\\\/\\\/noticiasmercedinas.com\\\/site\\\/2026\\\/03\\\/19\\\/el-anfiteatro-municipal-sera-sede-del-festival-de-la-memoria-al-cumplirse-50-anos-del-golpe\\\/\"},\"wordCount\":357,\"publisher\":{\"@id\":\"https:\\\/\\\/noticiasmercedinas.com\\\/site\\\/#organization\"},\"image\":{\"@id\":\"https:\\\/\\\/noticiasmercedinas.com\\\/site\\\/2026\\\/03\\\/19\\\/el-anfiteatro-municipal-sera-sede-del-festival-de-la-memoria-al-cumplirse-50-anos-del-golpe\\\/#primaryimage\"},\"thumbnailUrl\":\"https:\\\/\\\/noticiasmercedinas.com\\\/site\\\/wp-content\\\/uploads\\\/2025\\\/12\\\/gambo1.jpeg\",\"keywords\":[\"dan ros\",\"Gambo\",\"Gran Lady\",\"memoria\",\"red de comedores\"],\"articleSection\":[\"Cultura\"],\"inLanguage\":\"es\"},{\"@type\":\"WebPage\",\"@id\":\"https:\\\/\\\/noticiasmercedinas.com\\\/site\\\/2026\\\/03\\\/19\\\/el-anfiteatro-municipal-sera-sede-del-festival-de-la-memoria-al-cumplirse-50-anos-del-golpe\\\/\",\"url\":\"https:\\\/\\\/noticiasmercedinas.com\\\/site\\\/2026\\\/03\\\/19\\\/el-anfiteatro-municipal-sera-sede-del-festival-de-la-memoria-al-cumplirse-50-anos-del-golpe\\\/\",\"name\":\"El Anfiteatro Municipal ser\u00e1 sede del \\\"Festival de la Memoria\\\" al cumplirse 50 a\u00f1os del golpe\",\"isPartOf\":{\"@id\":\"https:\\\/\\\/noticiasmercedinas.com\\\/site\\\/#website\"},\"primaryImageOfPage\":{\"@id\":\"https:\\\/\\\/noticiasmercedinas.com\\\/site\\\/2026\\\/03\\\/19\\\/el-anfiteatro-municipal-sera-sede-del-festival-de-la-memoria-al-cumplirse-50-anos-del-golpe\\\/#primaryimage\"},\"image\":{\"@id\":\"https:\\\/\\\/noticiasmercedinas.com\\\/site\\\/2026\\\/03\\\/19\\\/el-anfiteatro-municipal-sera-sede-del-festival-de-la-memoria-al-cumplirse-50-anos-del-golpe\\\/#primaryimage\"},\"thumbnailUrl\":\"https:\\\/\\\/noticiasmercedinas.com\\\/site\\\/wp-content\\\/uploads\\\/2025\\\/12\\\/gambo1.jpeg\",\"datePublished\":\"2026-03-19T22:49:22+00:00\",\"description\":\"Bajo la consigna de un 2026 dedicado a la Verdad y la Justicia, las \u00e1reas de Derechos Humanos y Juventudes organizan una jornada que combinar\u00e1 m\u00fasica en vivo, intervenciones art\u00edsticas y actividades participativas\",\"breadcrumb\":{\"@id\":\"https:\\\/\\\/noticiasmercedinas.com\\\/site\\\/2026\\\/03\\\/19\\\/el-anfiteatro-municipal-sera-sede-del-festival-de-la-memoria-al-cumplirse-50-anos-del-golpe\\\/#breadcrumb\"},\"inLanguage\":\"es\",\"potentialAction\":[{\"@type\":\"ReadAction\",\"target\":[\"https:\\\/\\\/noticiasmercedinas.com\\\/site\\\/2026\\\/03\\\/19\\\/el-anfiteatro-municipal-sera-sede-del-festival-de-la-memoria-al-cumplirse-50-anos-del-golpe\\\/\"]}]},{\"@type\":\"ImageObject\",\"inLanguage\":\"es\",\"@id\":\"https:\\\/\\\/noticiasmercedinas.com\\\/site\\\/2026\\\/03\\\/19\\\/el-anfiteatro-municipal-sera-sede-del-festival-de-la-memoria-al-cumplirse-50-anos-del-golpe\\\/#primaryimage\",\"url\":\"https:\\\/\\\/noticiasmercedinas.com\\\/site\\\/wp-content\\\/uploads\\\/2025\\\/12\\\/gambo1.jpeg\",\"contentUrl\":\"https:\\\/\\\/noticiasmercedinas.com\\\/site\\\/wp-content\\\/uploads\\\/2025\\\/12\\\/gambo1.jpeg\",\"width\":640,\"height\":382},{\"@type\":\"BreadcrumbList\",\"@id\":\"https:\\\/\\\/noticiasmercedinas.com\\\/site\\\/2026\\\/03\\\/19\\\/el-anfiteatro-municipal-sera-sede-del-festival-de-la-memoria-al-cumplirse-50-anos-del-golpe\\\/#breadcrumb\",\"itemListElement\":[{\"@type\":\"ListItem\",\"position\":1,\"name\":\"Portada\",\"item\":\"https:\\\/\\\/noticiasmercedinas.com\\\/site\\\/\"},{\"@type\":\"ListItem\",\"position\":2,\"name\":\"El Anfiteatro Municipal ser\u00e1 sede del \u00abFestival de la Memoria\u00bb al cumplirse 50 a\u00f1os del golpe\"}]},{\"@type\":\"WebSite\",\"@id\":\"https:\\\/\\\/noticiasmercedinas.com\\\/site\\\/#website\",\"url\":\"https:\\\/\\\/noticiasmercedinas.com\\\/site\\\/\",\"name\":\"NOTICIASMERCEDINAS.COM\",\"description\":\"Mercedes, Buenos Aires, Argentina\",\"publisher\":{\"@id\":\"https:\\\/\\\/noticiasmercedinas.com\\\/site\\\/#organization\"},\"potentialAction\":[{\"@type\":\"SearchAction\",\"target\":{\"@type\":\"EntryPoint\",\"urlTemplate\":\"https:\\\/\\\/noticiasmercedinas.com\\\/site\\\/?s={search_term_string}\"},\"query-input\":{\"@type\":\"PropertyValueSpecification\",\"valueRequired\":true,\"valueName\":\"search_term_string\"}}],\"inLanguage\":\"es\"},{\"@type\":\"Organization\",\"@id\":\"https:\\\/\\\/noticiasmercedinas.com\\\/site\\\/#organization\",\"name\":\"NOTICIASMERCEDINAS.COM\",\"url\":\"https:\\\/\\\/noticiasmercedinas.com\\\/site\\\/\",\"logo\":{\"@type\":\"ImageObject\",\"inLanguage\":\"es\",\"@id\":\"https:\\\/\\\/noticiasmercedinas.com\\\/site\\\/#\\\/schema\\\/logo\\\/image\\\/\",\"url\":\"https:\\\/\\\/noticiasmercedinas.com\\\/site\\\/wp-content\\\/uploads\\\/2020\\\/06\\\/LOGO-512.jpg\",\"contentUrl\":\"https:\\\/\\\/noticiasmercedinas.com\\\/site\\\/wp-content\\\/uploads\\\/2020\\\/06\\\/LOGO-512.jpg\",\"width\":512,\"height\":512,\"caption\":\"NOTICIASMERCEDINAS.COM\"},\"image\":{\"@id\":\"https:\\\/\\\/noticiasmercedinas.com\\\/site\\\/#\\\/schema\\\/logo\\\/image\\\/\"},\"sameAs\":[\"https:\\\/\\\/www.facebook.com\\\/noticiasmercedinas\\\/\",\"https:\\\/\\\/x.com\\\/notmercedinas\",\"https:\\\/\\\/www.instagram.com\\\/noticiasmercedinas\\\/\"]},{\"@type\":\"Person\",\"@id\":\"https:\\\/\\\/noticiasmercedinas.com\\\/site\\\/#\\\/schema\\\/person\\\/84b59c099c28ff2e8b77d4ceec5d8063\",\"name\":\"NOTICIASMERCEDINAS.COM\",\"image\":{\"@type\":\"ImageObject\",\"inLanguage\":\"es\",\"@id\":\"https:\\\/\\\/secure.gravatar.com\\\/avatar\\\/4dfbf16b4d17945bfb6341b2d19043457132fcf478a5ee04f42e959fd8f5df0a?s=96&d=mm&r=g\",\"url\":\"https:\\\/\\\/secure.gravatar.com\\\/avatar\\\/4dfbf16b4d17945bfb6341b2d19043457132fcf478a5ee04f42e959fd8f5df0a?s=96&d=mm&r=g\",\"contentUrl\":\"https:\\\/\\\/secure.gravatar.com\\\/avatar\\\/4dfbf16b4d17945bfb6341b2d19043457132fcf478a5ee04f42e959fd8f5df0a?s=96&d=mm&r=g\",\"caption\":\"NOTICIASMERCEDINAS.COM\"},\"url\":\"https:\\\/\\\/noticiasmercedinas.com\\\/site\\\/author\\\/anonimo\\\/\"}]}<\/script>\n<!-- \/ Yoast SEO plugin. -->","yoast_head_json":{"title":"El Anfiteatro Municipal ser\u00e1 sede del \"Festival de la Memoria\" al cumplirse 50 a\u00f1os del golpe","description":"Bajo la consigna de un 2026 dedicado a la Verdad y la Justicia, las \u00e1reas de Derechos Humanos y Juventudes organizan una jornada que combinar\u00e1 m\u00fasica en vivo, intervenciones art\u00edsticas y actividades participativas","robots":{"index":"index","follow":"follow","max-snippet":"max-snippet:-1","max-image-preview":"max-image-preview:large","max-video-preview":"max-video-preview:-1"},"canonical":"https:\/\/noticiasmercedinas.com\/site\/2026\/03\/19\/el-anfiteatro-municipal-sera-sede-del-festival-de-la-memoria-al-cumplirse-50-anos-del-golpe\/","og_locale":"es_ES","og_type":"article","og_title":"El Anfiteatro Municipal ser\u00e1 sede del \"Festival de la Memoria\" al cumplirse 50 a\u00f1os del golpe","og_description":"Bajo la consigna de un 2026 dedicado a la Verdad y la Justicia, las \u00e1reas de Derechos Humanos y Juventudes organizan una jornada que combinar\u00e1 m\u00fasica en vivo, intervenciones art\u00edsticas y actividades participativas","og_url":"https:\/\/noticiasmercedinas.com\/site\/2026\/03\/19\/el-anfiteatro-municipal-sera-sede-del-festival-de-la-memoria-al-cumplirse-50-anos-del-golpe\/","og_site_name":"NOTICIASMERCEDINAS.COM","article_publisher":"https:\/\/www.facebook.com\/noticiasmercedinas\/","article_published_time":"2026-03-19T22:49:22+00:00","og_image":[{"width":640,"height":382,"url":"https:\/\/noticiasmercedinas.com\/site\/wp-content\/uploads\/2025\/12\/gambo1.jpeg","type":"image\/jpeg"}],"author":"NOTICIASMERCEDINAS.COM","twitter_card":"summary_large_image","twitter_creator":"@notmercedinas","twitter_site":"@notmercedinas","twitter_misc":{"Escrito por":"NOTICIASMERCEDINAS.COM","Tiempo de lectura":"2 minutos"},"schema":{"@context":"https:\/\/schema.org","@graph":[{"@type":"Article","@id":"https:\/\/noticiasmercedinas.com\/site\/2026\/03\/19\/el-anfiteatro-municipal-sera-sede-del-festival-de-la-memoria-al-cumplirse-50-anos-del-golpe\/#article","isPartOf":{"@id":"https:\/\/noticiasmercedinas.com\/site\/2026\/03\/19\/el-anfiteatro-municipal-sera-sede-del-festival-de-la-memoria-al-cumplirse-50-anos-del-golpe\/"},"author":{"name":"NOTICIASMERCEDINAS.COM","@id":"https:\/\/noticiasmercedinas.com\/site\/#\/schema\/person\/84b59c099c28ff2e8b77d4ceec5d8063"},"headline":"El Anfiteatro Municipal ser\u00e1 sede del \u00abFestival de la Memoria\u00bb al cumplirse 50 a\u00f1os del golpe","datePublished":"2026-03-19T22:49:22+00:00","mainEntityOfPage":{"@id":"https:\/\/noticiasmercedinas.com\/site\/2026\/03\/19\/el-anfiteatro-municipal-sera-sede-del-festival-de-la-memoria-al-cumplirse-50-anos-del-golpe\/"},"wordCount":357,"publisher":{"@id":"https:\/\/noticiasmercedinas.com\/site\/#organization"},"image":{"@id":"https:\/\/noticiasmercedinas.com\/site\/2026\/03\/19\/el-anfiteatro-municipal-sera-sede-del-festival-de-la-memoria-al-cumplirse-50-anos-del-golpe\/#primaryimage"},"thumbnailUrl":"https:\/\/noticiasmercedinas.com\/site\/wp-content\/uploads\/2025\/12\/gambo1.jpeg","keywords":["dan ros","Gambo","Gran Lady","memoria","red de comedores"],"articleSection":["Cultura"],"inLanguage":"es"},{"@type":"WebPage","@id":"https:\/\/noticiasmercedinas.com\/site\/2026\/03\/19\/el-anfiteatro-municipal-sera-sede-del-festival-de-la-memoria-al-cumplirse-50-anos-del-golpe\/","url":"https:\/\/noticiasmercedinas.com\/site\/2026\/03\/19\/el-anfiteatro-municipal-sera-sede-del-festival-de-la-memoria-al-cumplirse-50-anos-del-golpe\/","name":"El Anfiteatro Municipal ser\u00e1 sede del \"Festival de la Memoria\" al cumplirse 50 a\u00f1os del golpe","isPartOf":{"@id":"https:\/\/noticiasmercedinas.com\/site\/#website"},"primaryImageOfPage":{"@id":"https:\/\/noticiasmercedinas.com\/site\/2026\/03\/19\/el-anfiteatro-municipal-sera-sede-del-festival-de-la-memoria-al-cumplirse-50-anos-del-golpe\/#primaryimage"},"image":{"@id":"https:\/\/noticiasmercedinas.com\/site\/2026\/03\/19\/el-anfiteatro-municipal-sera-sede-del-festival-de-la-memoria-al-cumplirse-50-anos-del-golpe\/#primaryimage"},"thumbnailUrl":"https:\/\/noticiasmercedinas.com\/site\/wp-content\/uploads\/2025\/12\/gambo1.jpeg","datePublished":"2026-03-19T22:49:22+00:00","description":"Bajo la consigna de un 2026 dedicado a la Verdad y la Justicia, las \u00e1reas de Derechos Humanos y Juventudes organizan una jornada que combinar\u00e1 m\u00fasica en vivo, intervenciones art\u00edsticas y actividades participativas","breadcrumb":{"@id":"https:\/\/noticiasmercedinas.com\/site\/2026\/03\/19\/el-anfiteatro-municipal-sera-sede-del-festival-de-la-memoria-al-cumplirse-50-anos-del-golpe\/#breadcrumb"},"inLanguage":"es","potentialAction":[{"@type":"ReadAction","target":["https:\/\/noticiasmercedinas.com\/site\/2026\/03\/19\/el-anfiteatro-municipal-sera-sede-del-festival-de-la-memoria-al-cumplirse-50-anos-del-golpe\/"]}]},{"@type":"ImageObject","inLanguage":"es","@id":"https:\/\/noticiasmercedinas.com\/site\/2026\/03\/19\/el-anfiteatro-municipal-sera-sede-del-festival-de-la-memoria-al-cumplirse-50-anos-del-golpe\/#primaryimage","url":"https:\/\/noticiasmercedinas.com\/site\/wp-content\/uploads\/2025\/12\/gambo1.jpeg","contentUrl":"https:\/\/noticiasmercedinas.com\/site\/wp-content\/uploads\/2025\/12\/gambo1.jpeg","width":640,"height":382},{"@type":"BreadcrumbList","@id":"https:\/\/noticiasmercedinas.com\/site\/2026\/03\/19\/el-anfiteatro-municipal-sera-sede-del-festival-de-la-memoria-al-cumplirse-50-anos-del-golpe\/#breadcrumb","itemListElement":[{"@type":"ListItem","position":1,"name":"Portada","item":"https:\/\/noticiasmercedinas.com\/site\/"},{"@type":"ListItem","position":2,"name":"El Anfiteatro Municipal ser\u00e1 sede del \u00abFestival de la Memoria\u00bb al cumplirse 50 a\u00f1os del golpe"}]},{"@type":"WebSite","@id":"https:\/\/noticiasmercedinas.com\/site\/#website","url":"https:\/\/noticiasmercedinas.com\/site\/","name":"NOTICIASMERCEDINAS.COM","description":"Mercedes, Buenos Aires, Argentina","publisher":{"@id":"https:\/\/noticiasmercedinas.com\/site\/#organization"},"potentialAction":[{"@type":"SearchAction","target":{"@type":"EntryPoint","urlTemplate":"https:\/\/noticiasmercedinas.com\/site\/?s={search_term_string}"},"query-input":{"@type":"PropertyValueSpecification","valueRequired":true,"valueName":"search_term_string"}}],"inLanguage":"es"},{"@type":"Organization","@id":"https:\/\/noticiasmercedinas.com\/site\/#organization","name":"NOTICIASMERCEDINAS.COM","url":"https:\/\/noticiasmercedinas.com\/site\/","logo":{"@type":"ImageObject","inLanguage":"es","@id":"https:\/\/noticiasmercedinas.com\/site\/#\/schema\/logo\/image\/","url":"https:\/\/noticiasmercedinas.com\/site\/wp-content\/uploads\/2020\/06\/LOGO-512.jpg","contentUrl":"https:\/\/noticiasmercedinas.com\/site\/wp-content\/uploads\/2020\/06\/LOGO-512.jpg","width":512,"height":512,"caption":"NOTICIASMERCEDINAS.COM"},"image":{"@id":"https:\/\/noticiasmercedinas.com\/site\/#\/schema\/logo\/image\/"},"sameAs":["https:\/\/www.facebook.com\/noticiasmercedinas\/","https:\/\/x.com\/notmercedinas","https:\/\/www.instagram.com\/noticiasmercedinas\/"]},{"@type":"Person","@id":"https:\/\/noticiasmercedinas.com\/site\/#\/schema\/person\/84b59c099c28ff2e8b77d4ceec5d8063","name":"NOTICIASMERCEDINAS.COM","image":{"@type":"ImageObject","inLanguage":"es","@id":"https:\/\/secure.gravatar.com\/avatar\/4dfbf16b4d17945bfb6341b2d19043457132fcf478a5ee04f42e959fd8f5df0a?s=96&d=mm&r=g","url":"https:\/\/secure.gravatar.com\/avatar\/4dfbf16b4d17945bfb6341b2d19043457132fcf478a5ee04f42e959fd8f5df0a?s=96&d=mm&r=g","contentUrl":"https:\/\/secure.gravatar.com\/avatar\/4dfbf16b4d17945bfb6341b2d19043457132fcf478a5ee04f42e959fd8f5df0a?s=96&d=mm&r=g","caption":"NOTICIASMERCEDINAS.COM"},"url":"https:\/\/noticiasmercedinas.com\/site\/author\/anonimo\/"}]}},"amp_enabled":true,"_links":{"self":[{"href":"https:\/\/noticiasmercedinas.com\/site\/wp-json\/wp\/v2\/posts\/182220","targetHints":{"allow":["GET"]}}],"collection":[{"href":"https:\/\/noticiasmercedinas.com\/site\/wp-json\/wp\/v2\/posts"}],"about":[{"href":"https:\/\/noticiasmercedinas.com\/site\/wp-json\/wp\/v2\/types\/post"}],"author":[{"embeddable":true,"href":"https:\/\/noticiasmercedinas.com\/site\/wp-json\/wp\/v2\/users\/16"}],"replies":[{"embeddable":true,"href":"https:\/\/noticiasmercedinas.com\/site\/wp-json\/wp\/v2\/comments?post=182220"}],"version-history":[{"count":3,"href":"https:\/\/noticiasmercedinas.com\/site\/wp-json\/wp\/v2\/posts\/182220\/revisions"}],"predecessor-version":[{"id":182223,"href":"https:\/\/noticiasmercedinas.com\/site\/wp-json\/wp\/v2\/posts\/182220\/revisions\/182223"}],"wp:featuredmedia":[{"embeddable":true,"href":"https:\/\/noticiasmercedinas.com\/site\/wp-json\/wp\/v2\/media\/176469"}],"wp:attachment":[{"href":"https:\/\/noticiasmercedinas.com\/site\/wp-json\/wp\/v2\/media?parent=182220"}],"wp:term":[{"taxonomy":"category","embeddable":true,"href":"https:\/\/noticiasmercedinas.com\/site\/wp-json\/wp\/v2\/categories?post=182220"},{"taxonomy":"post_tag","embeddable":true,"href":"https:\/\/noticiasmercedinas.com\/site\/wp-json\/wp\/v2\/tags?post=182220"}],"curies":[{"name":"wp","href":"https:\/\/api.w.org\/{rel}","templated":true}]}}