{"id":182235,"date":"2026-03-20T07:58:59","date_gmt":"2026-03-20T10:58:59","guid":{"rendered":"https:\/\/noticiasmercedinas.com\/site\/?p=182235"},"modified":"2026-03-20T07:58:59","modified_gmt":"2026-03-20T10:58:59","slug":"juana-cangaro-inspiro-a-las-jovenes-promesas-del-club-holanda-en-una-jornada-de-reivindicacion-y-futbol","status":"publish","type":"post","link":"https:\/\/noticiasmercedinas.com\/site\/2026\/03\/20\/juana-cangaro-inspiro-a-las-jovenes-promesas-del-club-holanda-en-una-jornada-de-reivindicacion-y-futbol\/","title":{"rendered":"Juana C\u00e1ngaro inspir\u00f3 a las j\u00f3venes promesas del Club Holanda en una jornada de reivindicaci\u00f3n y f\u00fatbol"},"content":{"rendered":"<p><img loading=\"lazy\" decoding=\"async\" class=\"alignnone size-full wp-image-182238\" src=\"https:\/\/noticiasmercedinas.com\/site\/wp-content\/uploads\/2026\/03\/Holanda-Cangaro-I.jpg\" alt=\"\" width=\"1319\" height=\"879\" srcset=\"https:\/\/noticiasmercedinas.com\/site\/wp-content\/uploads\/2026\/03\/Holanda-Cangaro-I.jpg 1319w, https:\/\/noticiasmercedinas.com\/site\/wp-content\/uploads\/2026\/03\/Holanda-Cangaro-I-300x200.jpg 300w, https:\/\/noticiasmercedinas.com\/site\/wp-content\/uploads\/2026\/03\/Holanda-Cangaro-I-1024x682.jpg 1024w, https:\/\/noticiasmercedinas.com\/site\/wp-content\/uploads\/2026\/03\/Holanda-Cangaro-I-768x512.jpg 768w, https:\/\/noticiasmercedinas.com\/site\/wp-content\/uploads\/2026\/03\/Holanda-Cangaro-I-640x427.jpg 640w, https:\/\/noticiasmercedinas.com\/site\/wp-content\/uploads\/2026\/03\/Holanda-Cangaro-I-1280x853.jpg 1280w, https:\/\/noticiasmercedinas.com\/site\/wp-content\/uploads\/2026\/03\/Holanda-Cangaro-I-681x454.jpg 681w\" sizes=\"auto, (max-width: 1319px) 100vw, 1319px\" \/><\/p>\n<p>Las categor\u00edas infantiles y juveniles del Club Holanda protagonizaron este fin de semana un encuentro que quedar\u00e1 marcado en la historia de la instituci\u00f3n.<\/p>\n<p>En una iniciativa conjunta con la Secretar\u00eda de Desarrollo de la Comunidad, la futbolista de la Selecci\u00f3n Argentina, <strong>Juana C\u00e1ngaro<\/strong>, regres\u00f3 a sus ra\u00edces locales para brindar una cl\u00ednica deportiva y motivacional a decenas de ni\u00f1as y adolescentes que sue\u00f1an con seguir sus pasos en el f\u00fatbol profesional.<\/p>\n<p>La visita de la referente nacional no fue un hecho aislado, sino la culminaci\u00f3n de un proceso pedag\u00f3gico iniciado por el club en conmemoraci\u00f3n del 8M (D\u00eda Internacional de la Mujer).<\/p>\n<p>Durante la semana previa, las jugadoras de la instituci\u00f3n realizaron un trabajo de investigaci\u00f3n sobre la evoluci\u00f3n del f\u00fatbol femenino en la ciudad, analizando las luchas colectivas que permitieron la formalizaci\u00f3n de la disciplina en la Liga local.<\/p>\n<p>\u201cEntender que el derecho a jugar no siempre estuvo garantizado fue el motor de una jornada que busc\u00f3 reivindicar la igualdad de derechos y la equidad de g\u00e9nero en el deporte\u201d, se\u00f1alaron desde la organizaci\u00f3n, coordinada por May Benegas y Bel\u00e9n Tejedor.<\/p>\n<p><strong>Mano a mano con una referente<\/strong><br \/>\nEl evento central consisti\u00f3 en una entrevista \u00edntima y abierta, donde las peque\u00f1as futbolistas pudieron consultar a C\u00e1ngaro sobre los desaf\u00edos de la alta competencia y su camino desde los potreros locales hasta el predio de la AFA.<\/p>\n<p>La jornada finaliz\u00f3 con un \u201cpicadito\u201d l\u00fadico, donde la defensora comparti\u00f3 cancha con las alumnas, combinando la t\u00e9cnica deportiva con la pedagog\u00eda del juego.<\/p>\n<p>Desde la comisi\u00f3n directiva del Club Holanda destacaron no solo el prestigio deportivo de la invitada, sino su calidad humana:<\/p>\n<ul>\n<li>Identidad: Las ni\u00f1as vieron reflejado su futuro en una jugadora que pis\u00f3 el mismo suelo que ellas.<\/li>\n<li>Concientizaci\u00f3n: Se reforz\u00f3 la idea de que el f\u00fatbol es un espacio de derechos y no solo de resultados.<\/li>\n<li>Gratitud: El club agradeci\u00f3 la humildad de C\u00e1ngaro para vincularse con cada una de las ni\u00f1as de manera personalizada.<\/li>\n<\/ul>\n<p>\u201cVer a las chicas investigar sobre sus derechos y luego jugar junto a un referente de nuestra Selecci\u00f3n es la prueba de que el f\u00fatbol femenino no tiene techo\u201d, concluyeron los organizadores, reafirmando el compromiso del club con la formaci\u00f3n integral de sus deportistas.<\/p>\n<p><img loading=\"lazy\" decoding=\"async\" class=\"alignnone size-full wp-image-182236\" src=\"https:\/\/noticiasmercedinas.com\/site\/wp-content\/uploads\/2026\/03\/Holanda-Cangaro-2.jpg\" alt=\"\" width=\"1319\" height=\"879\" srcset=\"https:\/\/noticiasmercedinas.com\/site\/wp-content\/uploads\/2026\/03\/Holanda-Cangaro-2.jpg 1319w, https:\/\/noticiasmercedinas.com\/site\/wp-content\/uploads\/2026\/03\/Holanda-Cangaro-2-300x200.jpg 300w, https:\/\/noticiasmercedinas.com\/site\/wp-content\/uploads\/2026\/03\/Holanda-Cangaro-2-1024x682.jpg 1024w, https:\/\/noticiasmercedinas.com\/site\/wp-content\/uploads\/2026\/03\/Holanda-Cangaro-2-768x512.jpg 768w, https:\/\/noticiasmercedinas.com\/site\/wp-content\/uploads\/2026\/03\/Holanda-Cangaro-2-640x427.jpg 640w, https:\/\/noticiasmercedinas.com\/site\/wp-content\/uploads\/2026\/03\/Holanda-Cangaro-2-1280x853.jpg 1280w, https:\/\/noticiasmercedinas.com\/site\/wp-content\/uploads\/2026\/03\/Holanda-Cangaro-2-681x454.jpg 681w\" sizes=\"auto, (max-width: 1319px) 100vw, 1319px\" \/><\/p>\n","protected":false},"excerpt":{"rendered":"<p>\u25a0 En el marco del Mes de la Mujer, la defensora de la Selecci\u00f3n Argentina visit\u00f3 el semillero del club para compartir su experiencia profesional y participar de actividades formativas sobre la igualdad de derechos en el deporte.<\/p>\n","protected":false},"author":16,"featured_media":182238,"comment_status":"closed","ping_status":"closed","sticky":false,"template":"","format":"standard","meta":{"footnotes":""},"categories":[5,20734],"tags":[3628,27,3937,1391],"class_list":["post-182235","post","type-post","status-publish","format-standard","has-post-thumbnail","hentry","category-deportes","category-ultimo-momento","tag-dia-de-la-mujer","tag-futbol","tag-juana-cangaro","tag-mujer"],"yoast_head":"<!-- This site is optimized with the Yoast SEO plugin v27.5 - https:\/\/yoast.com\/product\/yoast-seo-wordpress\/ -->\n<title>Juana C\u00e1ngaro inspir\u00f3 a las j\u00f3venes promesas del Club Holanda en una jornada de reivindicaci\u00f3n y f\u00fatbol<\/title>\n<meta name=\"description\" content=\"En el marco del Mes de la Mujer, la defensora de la Selecci\u00f3n Argentina visit\u00f3 el semillero del club para compartir su experiencia profesional y participar de actividades formativas sobre la igualdad de derechos en el deporte.\" \/>\n<meta name=\"robots\" content=\"index, follow, max-snippet:-1, max-image-preview:large, max-video-preview:-1\" \/>\n<link rel=\"canonical\" href=\"https:\/\/noticiasmercedinas.com\/site\/2026\/03\/20\/juana-cangaro-inspiro-a-las-jovenes-promesas-del-club-holanda-en-una-jornada-de-reivindicacion-y-futbol\/\" \/>\n<meta property=\"og:locale\" content=\"es_ES\" \/>\n<meta property=\"og:type\" content=\"article\" \/>\n<meta property=\"og:title\" content=\"Juana C\u00e1ngaro inspir\u00f3 a las j\u00f3venes promesas del Club Holanda en una jornada de reivindicaci\u00f3n y f\u00fatbol\" \/>\n<meta property=\"og:description\" content=\"En el marco del Mes de la Mujer, la defensora de la Selecci\u00f3n Argentina visit\u00f3 el semillero del club para compartir su experiencia profesional y participar de actividades formativas sobre la igualdad de derechos en el deporte.\" \/>\n<meta property=\"og:url\" content=\"https:\/\/noticiasmercedinas.com\/site\/2026\/03\/20\/juana-cangaro-inspiro-a-las-jovenes-promesas-del-club-holanda-en-una-jornada-de-reivindicacion-y-futbol\/\" \/>\n<meta property=\"og:site_name\" content=\"NOTICIASMERCEDINAS.COM\" \/>\n<meta property=\"article:publisher\" content=\"https:\/\/www.facebook.com\/noticiasmercedinas\/\" \/>\n<meta property=\"article:published_time\" content=\"2026-03-20T10:58:59+00:00\" \/>\n<meta property=\"og:image\" content=\"https:\/\/noticiasmercedinas.com\/site\/wp-content\/uploads\/2026\/03\/Holanda-Cangaro-I.jpg\" \/>\n\t<meta property=\"og:image:width\" content=\"1319\" \/>\n\t<meta property=\"og:image:height\" content=\"879\" \/>\n\t<meta property=\"og:image:type\" content=\"image\/jpeg\" \/>\n<meta name=\"author\" content=\"NOTICIASMERCEDINAS.COM\" \/>\n<meta name=\"twitter:card\" content=\"summary_large_image\" \/>\n<meta name=\"twitter:creator\" content=\"@notmercedinas\" \/>\n<meta name=\"twitter:site\" content=\"@notmercedinas\" \/>\n<meta name=\"twitter:label1\" content=\"Escrito por\" \/>\n\t<meta name=\"twitter:data1\" content=\"NOTICIASMERCEDINAS.COM\" \/>\n\t<meta name=\"twitter:label2\" content=\"Tiempo de lectura\" \/>\n\t<meta name=\"twitter:data2\" content=\"3 minutos\" \/>\n<script type=\"application\/ld+json\" class=\"yoast-schema-graph\">{\"@context\":\"https:\\\/\\\/schema.org\",\"@graph\":[{\"@type\":\"Article\",\"@id\":\"https:\\\/\\\/noticiasmercedinas.com\\\/site\\\/2026\\\/03\\\/20\\\/juana-cangaro-inspiro-a-las-jovenes-promesas-del-club-holanda-en-una-jornada-de-reivindicacion-y-futbol\\\/#article\",\"isPartOf\":{\"@id\":\"https:\\\/\\\/noticiasmercedinas.com\\\/site\\\/2026\\\/03\\\/20\\\/juana-cangaro-inspiro-a-las-jovenes-promesas-del-club-holanda-en-una-jornada-de-reivindicacion-y-futbol\\\/\"},\"author\":{\"name\":\"NOTICIASMERCEDINAS.COM\",\"@id\":\"https:\\\/\\\/noticiasmercedinas.com\\\/site\\\/#\\\/schema\\\/person\\\/84b59c099c28ff2e8b77d4ceec5d8063\"},\"headline\":\"Juana C\u00e1ngaro inspir\u00f3 a las j\u00f3venes promesas del Club Holanda en una jornada de reivindicaci\u00f3n y f\u00fatbol\",\"datePublished\":\"2026-03-20T10:58:59+00:00\",\"mainEntityOfPage\":{\"@id\":\"https:\\\/\\\/noticiasmercedinas.com\\\/site\\\/2026\\\/03\\\/20\\\/juana-cangaro-inspiro-a-las-jovenes-promesas-del-club-holanda-en-una-jornada-de-reivindicacion-y-futbol\\\/\"},\"wordCount\":429,\"publisher\":{\"@id\":\"https:\\\/\\\/noticiasmercedinas.com\\\/site\\\/#organization\"},\"image\":{\"@id\":\"https:\\\/\\\/noticiasmercedinas.com\\\/site\\\/2026\\\/03\\\/20\\\/juana-cangaro-inspiro-a-las-jovenes-promesas-del-club-holanda-en-una-jornada-de-reivindicacion-y-futbol\\\/#primaryimage\"},\"thumbnailUrl\":\"https:\\\/\\\/noticiasmercedinas.com\\\/site\\\/wp-content\\\/uploads\\\/2026\\\/03\\\/Holanda-Cangaro-I.jpg\",\"keywords\":[\"d\u00eda de la mujer\",\"futbol\",\"juana cangaro\",\"mujer\"],\"articleSection\":[\"Deportes\",\"Ultimo momento\"],\"inLanguage\":\"es\"},{\"@type\":\"WebPage\",\"@id\":\"https:\\\/\\\/noticiasmercedinas.com\\\/site\\\/2026\\\/03\\\/20\\\/juana-cangaro-inspiro-a-las-jovenes-promesas-del-club-holanda-en-una-jornada-de-reivindicacion-y-futbol\\\/\",\"url\":\"https:\\\/\\\/noticiasmercedinas.com\\\/site\\\/2026\\\/03\\\/20\\\/juana-cangaro-inspiro-a-las-jovenes-promesas-del-club-holanda-en-una-jornada-de-reivindicacion-y-futbol\\\/\",\"name\":\"Juana C\u00e1ngaro inspir\u00f3 a las j\u00f3venes promesas del Club Holanda en una jornada de reivindicaci\u00f3n y f\u00fatbol\",\"isPartOf\":{\"@id\":\"https:\\\/\\\/noticiasmercedinas.com\\\/site\\\/#website\"},\"primaryImageOfPage\":{\"@id\":\"https:\\\/\\\/noticiasmercedinas.com\\\/site\\\/2026\\\/03\\\/20\\\/juana-cangaro-inspiro-a-las-jovenes-promesas-del-club-holanda-en-una-jornada-de-reivindicacion-y-futbol\\\/#primaryimage\"},\"image\":{\"@id\":\"https:\\\/\\\/noticiasmercedinas.com\\\/site\\\/2026\\\/03\\\/20\\\/juana-cangaro-inspiro-a-las-jovenes-promesas-del-club-holanda-en-una-jornada-de-reivindicacion-y-futbol\\\/#primaryimage\"},\"thumbnailUrl\":\"https:\\\/\\\/noticiasmercedinas.com\\\/site\\\/wp-content\\\/uploads\\\/2026\\\/03\\\/Holanda-Cangaro-I.jpg\",\"datePublished\":\"2026-03-20T10:58:59+00:00\",\"description\":\"En el marco del Mes de la Mujer, la defensora de la Selecci\u00f3n Argentina visit\u00f3 el semillero del club para compartir su experiencia profesional y participar de actividades formativas sobre la igualdad de derechos en el deporte.\",\"breadcrumb\":{\"@id\":\"https:\\\/\\\/noticiasmercedinas.com\\\/site\\\/2026\\\/03\\\/20\\\/juana-cangaro-inspiro-a-las-jovenes-promesas-del-club-holanda-en-una-jornada-de-reivindicacion-y-futbol\\\/#breadcrumb\"},\"inLanguage\":\"es\",\"potentialAction\":[{\"@type\":\"ReadAction\",\"target\":[\"https:\\\/\\\/noticiasmercedinas.com\\\/site\\\/2026\\\/03\\\/20\\\/juana-cangaro-inspiro-a-las-jovenes-promesas-del-club-holanda-en-una-jornada-de-reivindicacion-y-futbol\\\/\"]}]},{\"@type\":\"ImageObject\",\"inLanguage\":\"es\",\"@id\":\"https:\\\/\\\/noticiasmercedinas.com\\\/site\\\/2026\\\/03\\\/20\\\/juana-cangaro-inspiro-a-las-jovenes-promesas-del-club-holanda-en-una-jornada-de-reivindicacion-y-futbol\\\/#primaryimage\",\"url\":\"https:\\\/\\\/noticiasmercedinas.com\\\/site\\\/wp-content\\\/uploads\\\/2026\\\/03\\\/Holanda-Cangaro-I.jpg\",\"contentUrl\":\"https:\\\/\\\/noticiasmercedinas.com\\\/site\\\/wp-content\\\/uploads\\\/2026\\\/03\\\/Holanda-Cangaro-I.jpg\",\"width\":1319,\"height\":879},{\"@type\":\"BreadcrumbList\",\"@id\":\"https:\\\/\\\/noticiasmercedinas.com\\\/site\\\/2026\\\/03\\\/20\\\/juana-cangaro-inspiro-a-las-jovenes-promesas-del-club-holanda-en-una-jornada-de-reivindicacion-y-futbol\\\/#breadcrumb\",\"itemListElement\":[{\"@type\":\"ListItem\",\"position\":1,\"name\":\"Portada\",\"item\":\"https:\\\/\\\/noticiasmercedinas.com\\\/site\\\/\"},{\"@type\":\"ListItem\",\"position\":2,\"name\":\"Juana C\u00e1ngaro inspir\u00f3 a las j\u00f3venes promesas del Club Holanda en una jornada de reivindicaci\u00f3n y f\u00fatbol\"}]},{\"@type\":\"WebSite\",\"@id\":\"https:\\\/\\\/noticiasmercedinas.com\\\/site\\\/#website\",\"url\":\"https:\\\/\\\/noticiasmercedinas.com\\\/site\\\/\",\"name\":\"NOTICIASMERCEDINAS.COM\",\"description\":\"Mercedes, Buenos Aires, Argentina\",\"publisher\":{\"@id\":\"https:\\\/\\\/noticiasmercedinas.com\\\/site\\\/#organization\"},\"potentialAction\":[{\"@type\":\"SearchAction\",\"target\":{\"@type\":\"EntryPoint\",\"urlTemplate\":\"https:\\\/\\\/noticiasmercedinas.com\\\/site\\\/?s={search_term_string}\"},\"query-input\":{\"@type\":\"PropertyValueSpecification\",\"valueRequired\":true,\"valueName\":\"search_term_string\"}}],\"inLanguage\":\"es\"},{\"@type\":\"Organization\",\"@id\":\"https:\\\/\\\/noticiasmercedinas.com\\\/site\\\/#organization\",\"name\":\"NOTICIASMERCEDINAS.COM\",\"url\":\"https:\\\/\\\/noticiasmercedinas.com\\\/site\\\/\",\"logo\":{\"@type\":\"ImageObject\",\"inLanguage\":\"es\",\"@id\":\"https:\\\/\\\/noticiasmercedinas.com\\\/site\\\/#\\\/schema\\\/logo\\\/image\\\/\",\"url\":\"https:\\\/\\\/noticiasmercedinas.com\\\/site\\\/wp-content\\\/uploads\\\/2020\\\/06\\\/LOGO-512.jpg\",\"contentUrl\":\"https:\\\/\\\/noticiasmercedinas.com\\\/site\\\/wp-content\\\/uploads\\\/2020\\\/06\\\/LOGO-512.jpg\",\"width\":512,\"height\":512,\"caption\":\"NOTICIASMERCEDINAS.COM\"},\"image\":{\"@id\":\"https:\\\/\\\/noticiasmercedinas.com\\\/site\\\/#\\\/schema\\\/logo\\\/image\\\/\"},\"sameAs\":[\"https:\\\/\\\/www.facebook.com\\\/noticiasmercedinas\\\/\",\"https:\\\/\\\/x.com\\\/notmercedinas\",\"https:\\\/\\\/www.instagram.com\\\/noticiasmercedinas\\\/\"]},{\"@type\":\"Person\",\"@id\":\"https:\\\/\\\/noticiasmercedinas.com\\\/site\\\/#\\\/schema\\\/person\\\/84b59c099c28ff2e8b77d4ceec5d8063\",\"name\":\"NOTICIASMERCEDINAS.COM\",\"image\":{\"@type\":\"ImageObject\",\"inLanguage\":\"es\",\"@id\":\"https:\\\/\\\/secure.gravatar.com\\\/avatar\\\/4dfbf16b4d17945bfb6341b2d19043457132fcf478a5ee04f42e959fd8f5df0a?s=96&d=mm&r=g\",\"url\":\"https:\\\/\\\/secure.gravatar.com\\\/avatar\\\/4dfbf16b4d17945bfb6341b2d19043457132fcf478a5ee04f42e959fd8f5df0a?s=96&d=mm&r=g\",\"contentUrl\":\"https:\\\/\\\/secure.gravatar.com\\\/avatar\\\/4dfbf16b4d17945bfb6341b2d19043457132fcf478a5ee04f42e959fd8f5df0a?s=96&d=mm&r=g\",\"caption\":\"NOTICIASMERCEDINAS.COM\"},\"url\":\"https:\\\/\\\/noticiasmercedinas.com\\\/site\\\/author\\\/anonimo\\\/\"}]}<\/script>\n<!-- \/ Yoast SEO plugin. -->","yoast_head_json":{"title":"Juana C\u00e1ngaro inspir\u00f3 a las j\u00f3venes promesas del Club Holanda en una jornada de reivindicaci\u00f3n y f\u00fatbol","description":"En el marco del Mes de la Mujer, la defensora de la Selecci\u00f3n Argentina visit\u00f3 el semillero del club para compartir su experiencia profesional y participar de actividades formativas sobre la igualdad de derechos en el deporte.","robots":{"index":"index","follow":"follow","max-snippet":"max-snippet:-1","max-image-preview":"max-image-preview:large","max-video-preview":"max-video-preview:-1"},"canonical":"https:\/\/noticiasmercedinas.com\/site\/2026\/03\/20\/juana-cangaro-inspiro-a-las-jovenes-promesas-del-club-holanda-en-una-jornada-de-reivindicacion-y-futbol\/","og_locale":"es_ES","og_type":"article","og_title":"Juana C\u00e1ngaro inspir\u00f3 a las j\u00f3venes promesas del Club Holanda en una jornada de reivindicaci\u00f3n y f\u00fatbol","og_description":"En el marco del Mes de la Mujer, la defensora de la Selecci\u00f3n Argentina visit\u00f3 el semillero del club para compartir su experiencia profesional y participar de actividades formativas sobre la igualdad de derechos en el deporte.","og_url":"https:\/\/noticiasmercedinas.com\/site\/2026\/03\/20\/juana-cangaro-inspiro-a-las-jovenes-promesas-del-club-holanda-en-una-jornada-de-reivindicacion-y-futbol\/","og_site_name":"NOTICIASMERCEDINAS.COM","article_publisher":"https:\/\/www.facebook.com\/noticiasmercedinas\/","article_published_time":"2026-03-20T10:58:59+00:00","og_image":[{"width":1319,"height":879,"url":"https:\/\/noticiasmercedinas.com\/site\/wp-content\/uploads\/2026\/03\/Holanda-Cangaro-I.jpg","type":"image\/jpeg"}],"author":"NOTICIASMERCEDINAS.COM","twitter_card":"summary_large_image","twitter_creator":"@notmercedinas","twitter_site":"@notmercedinas","twitter_misc":{"Escrito por":"NOTICIASMERCEDINAS.COM","Tiempo de lectura":"3 minutos"},"schema":{"@context":"https:\/\/schema.org","@graph":[{"@type":"Article","@id":"https:\/\/noticiasmercedinas.com\/site\/2026\/03\/20\/juana-cangaro-inspiro-a-las-jovenes-promesas-del-club-holanda-en-una-jornada-de-reivindicacion-y-futbol\/#article","isPartOf":{"@id":"https:\/\/noticiasmercedinas.com\/site\/2026\/03\/20\/juana-cangaro-inspiro-a-las-jovenes-promesas-del-club-holanda-en-una-jornada-de-reivindicacion-y-futbol\/"},"author":{"name":"NOTICIASMERCEDINAS.COM","@id":"https:\/\/noticiasmercedinas.com\/site\/#\/schema\/person\/84b59c099c28ff2e8b77d4ceec5d8063"},"headline":"Juana C\u00e1ngaro inspir\u00f3 a las j\u00f3venes promesas del Club Holanda en una jornada de reivindicaci\u00f3n y f\u00fatbol","datePublished":"2026-03-20T10:58:59+00:00","mainEntityOfPage":{"@id":"https:\/\/noticiasmercedinas.com\/site\/2026\/03\/20\/juana-cangaro-inspiro-a-las-jovenes-promesas-del-club-holanda-en-una-jornada-de-reivindicacion-y-futbol\/"},"wordCount":429,"publisher":{"@id":"https:\/\/noticiasmercedinas.com\/site\/#organization"},"image":{"@id":"https:\/\/noticiasmercedinas.com\/site\/2026\/03\/20\/juana-cangaro-inspiro-a-las-jovenes-promesas-del-club-holanda-en-una-jornada-de-reivindicacion-y-futbol\/#primaryimage"},"thumbnailUrl":"https:\/\/noticiasmercedinas.com\/site\/wp-content\/uploads\/2026\/03\/Holanda-Cangaro-I.jpg","keywords":["d\u00eda de la mujer","futbol","juana cangaro","mujer"],"articleSection":["Deportes","Ultimo momento"],"inLanguage":"es"},{"@type":"WebPage","@id":"https:\/\/noticiasmercedinas.com\/site\/2026\/03\/20\/juana-cangaro-inspiro-a-las-jovenes-promesas-del-club-holanda-en-una-jornada-de-reivindicacion-y-futbol\/","url":"https:\/\/noticiasmercedinas.com\/site\/2026\/03\/20\/juana-cangaro-inspiro-a-las-jovenes-promesas-del-club-holanda-en-una-jornada-de-reivindicacion-y-futbol\/","name":"Juana C\u00e1ngaro inspir\u00f3 a las j\u00f3venes promesas del Club Holanda en una jornada de reivindicaci\u00f3n y f\u00fatbol","isPartOf":{"@id":"https:\/\/noticiasmercedinas.com\/site\/#website"},"primaryImageOfPage":{"@id":"https:\/\/noticiasmercedinas.com\/site\/2026\/03\/20\/juana-cangaro-inspiro-a-las-jovenes-promesas-del-club-holanda-en-una-jornada-de-reivindicacion-y-futbol\/#primaryimage"},"image":{"@id":"https:\/\/noticiasmercedinas.com\/site\/2026\/03\/20\/juana-cangaro-inspiro-a-las-jovenes-promesas-del-club-holanda-en-una-jornada-de-reivindicacion-y-futbol\/#primaryimage"},"thumbnailUrl":"https:\/\/noticiasmercedinas.com\/site\/wp-content\/uploads\/2026\/03\/Holanda-Cangaro-I.jpg","datePublished":"2026-03-20T10:58:59+00:00","description":"En el marco del Mes de la Mujer, la defensora de la Selecci\u00f3n Argentina visit\u00f3 el semillero del club para compartir su experiencia profesional y participar de actividades formativas sobre la igualdad de derechos en el deporte.","breadcrumb":{"@id":"https:\/\/noticiasmercedinas.com\/site\/2026\/03\/20\/juana-cangaro-inspiro-a-las-jovenes-promesas-del-club-holanda-en-una-jornada-de-reivindicacion-y-futbol\/#breadcrumb"},"inLanguage":"es","potentialAction":[{"@type":"ReadAction","target":["https:\/\/noticiasmercedinas.com\/site\/2026\/03\/20\/juana-cangaro-inspiro-a-las-jovenes-promesas-del-club-holanda-en-una-jornada-de-reivindicacion-y-futbol\/"]}]},{"@type":"ImageObject","inLanguage":"es","@id":"https:\/\/noticiasmercedinas.com\/site\/2026\/03\/20\/juana-cangaro-inspiro-a-las-jovenes-promesas-del-club-holanda-en-una-jornada-de-reivindicacion-y-futbol\/#primaryimage","url":"https:\/\/noticiasmercedinas.com\/site\/wp-content\/uploads\/2026\/03\/Holanda-Cangaro-I.jpg","contentUrl":"https:\/\/noticiasmercedinas.com\/site\/wp-content\/uploads\/2026\/03\/Holanda-Cangaro-I.jpg","width":1319,"height":879},{"@type":"BreadcrumbList","@id":"https:\/\/noticiasmercedinas.com\/site\/2026\/03\/20\/juana-cangaro-inspiro-a-las-jovenes-promesas-del-club-holanda-en-una-jornada-de-reivindicacion-y-futbol\/#breadcrumb","itemListElement":[{"@type":"ListItem","position":1,"name":"Portada","item":"https:\/\/noticiasmercedinas.com\/site\/"},{"@type":"ListItem","position":2,"name":"Juana C\u00e1ngaro inspir\u00f3 a las j\u00f3venes promesas del Club Holanda en una jornada de reivindicaci\u00f3n y f\u00fatbol"}]},{"@type":"WebSite","@id":"https:\/\/noticiasmercedinas.com\/site\/#website","url":"https:\/\/noticiasmercedinas.com\/site\/","name":"NOTICIASMERCEDINAS.COM","description":"Mercedes, Buenos Aires, Argentina","publisher":{"@id":"https:\/\/noticiasmercedinas.com\/site\/#organization"},"potentialAction":[{"@type":"SearchAction","target":{"@type":"EntryPoint","urlTemplate":"https:\/\/noticiasmercedinas.com\/site\/?s={search_term_string}"},"query-input":{"@type":"PropertyValueSpecification","valueRequired":true,"valueName":"search_term_string"}}],"inLanguage":"es"},{"@type":"Organization","@id":"https:\/\/noticiasmercedinas.com\/site\/#organization","name":"NOTICIASMERCEDINAS.COM","url":"https:\/\/noticiasmercedinas.com\/site\/","logo":{"@type":"ImageObject","inLanguage":"es","@id":"https:\/\/noticiasmercedinas.com\/site\/#\/schema\/logo\/image\/","url":"https:\/\/noticiasmercedinas.com\/site\/wp-content\/uploads\/2020\/06\/LOGO-512.jpg","contentUrl":"https:\/\/noticiasmercedinas.com\/site\/wp-content\/uploads\/2020\/06\/LOGO-512.jpg","width":512,"height":512,"caption":"NOTICIASMERCEDINAS.COM"},"image":{"@id":"https:\/\/noticiasmercedinas.com\/site\/#\/schema\/logo\/image\/"},"sameAs":["https:\/\/www.facebook.com\/noticiasmercedinas\/","https:\/\/x.com\/notmercedinas","https:\/\/www.instagram.com\/noticiasmercedinas\/"]},{"@type":"Person","@id":"https:\/\/noticiasmercedinas.com\/site\/#\/schema\/person\/84b59c099c28ff2e8b77d4ceec5d8063","name":"NOTICIASMERCEDINAS.COM","image":{"@type":"ImageObject","inLanguage":"es","@id":"https:\/\/secure.gravatar.com\/avatar\/4dfbf16b4d17945bfb6341b2d19043457132fcf478a5ee04f42e959fd8f5df0a?s=96&d=mm&r=g","url":"https:\/\/secure.gravatar.com\/avatar\/4dfbf16b4d17945bfb6341b2d19043457132fcf478a5ee04f42e959fd8f5df0a?s=96&d=mm&r=g","contentUrl":"https:\/\/secure.gravatar.com\/avatar\/4dfbf16b4d17945bfb6341b2d19043457132fcf478a5ee04f42e959fd8f5df0a?s=96&d=mm&r=g","caption":"NOTICIASMERCEDINAS.COM"},"url":"https:\/\/noticiasmercedinas.com\/site\/author\/anonimo\/"}]}},"amp_enabled":true,"_links":{"self":[{"href":"https:\/\/noticiasmercedinas.com\/site\/wp-json\/wp\/v2\/posts\/182235","targetHints":{"allow":["GET"]}}],"collection":[{"href":"https:\/\/noticiasmercedinas.com\/site\/wp-json\/wp\/v2\/posts"}],"about":[{"href":"https:\/\/noticiasmercedinas.com\/site\/wp-json\/wp\/v2\/types\/post"}],"author":[{"embeddable":true,"href":"https:\/\/noticiasmercedinas.com\/site\/wp-json\/wp\/v2\/users\/16"}],"replies":[{"embeddable":true,"href":"https:\/\/noticiasmercedinas.com\/site\/wp-json\/wp\/v2\/comments?post=182235"}],"version-history":[{"count":1,"href":"https:\/\/noticiasmercedinas.com\/site\/wp-json\/wp\/v2\/posts\/182235\/revisions"}],"predecessor-version":[{"id":182239,"href":"https:\/\/noticiasmercedinas.com\/site\/wp-json\/wp\/v2\/posts\/182235\/revisions\/182239"}],"wp:featuredmedia":[{"embeddable":true,"href":"https:\/\/noticiasmercedinas.com\/site\/wp-json\/wp\/v2\/media\/182238"}],"wp:attachment":[{"href":"https:\/\/noticiasmercedinas.com\/site\/wp-json\/wp\/v2\/media?parent=182235"}],"wp:term":[{"taxonomy":"category","embeddable":true,"href":"https:\/\/noticiasmercedinas.com\/site\/wp-json\/wp\/v2\/categories?post=182235"},{"taxonomy":"post_tag","embeddable":true,"href":"https:\/\/noticiasmercedinas.com\/site\/wp-json\/wp\/v2\/tags?post=182235"}],"curies":[{"name":"wp","href":"https:\/\/api.w.org\/{rel}","templated":true}]}}