{"id":182240,"date":"2026-03-20T08:05:57","date_gmt":"2026-03-20T11:05:57","guid":{"rendered":"https:\/\/noticiasmercedinas.com\/site\/?p=182240"},"modified":"2026-03-20T08:07:23","modified_gmt":"2026-03-20T11:07:23","slug":"se-dio-la-presentacion-del-nuevo-codigo-procesal-civil-y-comercial-comentado-de-la-provincia","status":"publish","type":"post","link":"https:\/\/noticiasmercedinas.com\/site\/2026\/03\/20\/se-dio-la-presentacion-del-nuevo-codigo-procesal-civil-y-comercial-comentado-de-la-provincia\/","title":{"rendered":"Se dio la presentaci\u00f3n del nuevo C\u00f3digo Procesal Civil y Comercial Comentado de la Provincia"},"content":{"rendered":"<p><img loading=\"lazy\" decoding=\"async\" class=\"alignnone size-full wp-image-182241\" src=\"https:\/\/noticiasmercedinas.com\/site\/wp-content\/uploads\/2026\/03\/codigo1.jpg\" alt=\"\" width=\"640\" height=\"438\" srcset=\"https:\/\/noticiasmercedinas.com\/site\/wp-content\/uploads\/2026\/03\/codigo1.jpg 640w, https:\/\/noticiasmercedinas.com\/site\/wp-content\/uploads\/2026\/03\/codigo1-300x205.jpg 300w\" sizes=\"auto, (max-width: 640px) 100vw, 640px\" \/><\/p>\n<p>En un acto de profunda relevancia para la comunidad jur\u00eddica bonaerense, se llev\u00f3 a cabo en el Teatro Argentino de Mercedes la presentaci\u00f3n oficial del C\u00f3digo Procesal Civil y Comercial Comentado de la Provincia de Buenos Aires.<\/p>\n<p>La obra se posiciona como una herramienta clave de consulta diaria, destac\u00e1ndose por integrar la mirada de autores de todos los departamentos judiciales de la provincia.<\/p>\n<p>La apertura del evento estuvo a cargo de la Dra. <strong>Gisela Selva<\/strong>, quien, en su rol de presidenta del Colegio de Magistrados de Mercedes, subray\u00f3 el valor del trabajo intelectual desarrollado por el cuerpo de autores. Durante su discurso, agradeci\u00f3 a las autoridades presentes y celebr\u00f3 la concreci\u00f3n de un proyecto que demand\u00f3 una ardua coordinaci\u00f3n institucional.<\/p>\n<p>Por su parte, el Dr. <strong>Mat\u00edas Rapazzo<\/strong>, presidente del Colegio de Magistrados y Funcionarios de la Provincia de Buenos Aires (CMFBSAS), enfatiz\u00f3 el car\u00e1cter inclusivo de la obra: \u201cEsta publicaci\u00f3n tiene una representatividad \u00fanica, ya que se seleccionaron autores de cada una de las jurisdicciones para garantizar que el aporte sea verdaderamente federal y refleje la realidad de toda la Provincia de Buenos Aires\u201d.<\/p>\n<p><img loading=\"lazy\" decoding=\"async\" class=\"alignnone size-full wp-image-182244\" src=\"https:\/\/noticiasmercedinas.com\/site\/wp-content\/uploads\/2026\/03\/ellos.jpg\" alt=\"\" width=\"640\" height=\"724\" srcset=\"https:\/\/noticiasmercedinas.com\/site\/wp-content\/uploads\/2026\/03\/ellos.jpg 640w, https:\/\/noticiasmercedinas.com\/site\/wp-content\/uploads\/2026\/03\/ellos-265x300.jpg 265w\" sizes=\"auto, (max-width: 640px) 100vw, 640px\" \/><\/p>\n<p><strong>Innovaci\u00f3n: Pr\u00e1ctica y Lenguaje Claro<\/strong><br \/>\nLa coordinaci\u00f3n t\u00e9cnica del proyecto recay\u00f3 en el Dr. <strong>Marcelo Valle<\/strong> \u2014Titular del Juzgado en lo Civil y Comercial N\u00b0 4 Departamental\u2014, quien explic\u00f3 que el objetivo primordial fue crear un material de \u00e1gil lectura y utilidad pr\u00e1ctica. Valle destac\u00f3 el compromiso de los redactores para transformar conceptos complejos en un lenguaje claro, permitiendo que la obra sea accesible tanto para estudiantes avanzados como para profesionales del derecho y miembros del Poder Judicial.<\/p>\n<p>El cierre de la jornada fue presidido por el Director de la obra, el Dr. <strong>Sergio Torres<\/strong>, Ministro de la Suprema Corte de Justicia de la Provincia (SCBA). Torres agradeci\u00f3 la masiva concurrencia y puso en valor el esfuerzo de los autores por transmitir la \u00faltima jurisprudencia en cada art\u00edculo abordado.<\/p>\n<p>Se destac\u00f3 la participaci\u00f3n activa de los Ministros de la SCBA, la Dra. Hilda Kogan y el Dr. Daniel Fernando Soria, en el desarrollo del contenido. El Dr. Torres concluy\u00f3 que la obra es un \u00abreflejo de la Provincia\u00bb, destinada a ocupar un lugar central en las bibliotecas jur\u00eddicas como testimonio del trabajo conjunto entre la academia y la judicatura.<\/p>\n","protected":false},"excerpt":{"rendered":"<p>\u25a0 Con la presencia de ministros de la SCBA, magistrados y referentes de la abogac\u00eda, se lanz\u00f3 una obra jur\u00eddica caracterizada por su visi\u00f3n federal, el uso de lenguaje claro y la actualizaci\u00f3n jurisprudencial de todas las jurisdicciones bonaerenses.<\/p>\n","protected":false},"author":16,"featured_media":182241,"comment_status":"closed","ping_status":"closed","sticky":false,"template":"","format":"standard","meta":{"footnotes":""},"categories":[3],"tags":[1021,3894,1792,21875,6697],"class_list":["post-182240","post","type-post","status-publish","format-standard","has-post-thumbnail","hentry","category-sociedad","tag-colegio-de-magistrados","tag-gisela-selva","tag-marcelo-valle","tag-matias-rapazzo","tag-sergio-torres"],"yoast_head":"<!-- This site is optimized with the Yoast SEO plugin v27.5 - https:\/\/yoast.com\/product\/yoast-seo-wordpress\/ -->\n<title>Se dio la presentaci\u00f3n del nuevo C\u00f3digo Procesal Civil y Comercial Comentado de la Provincia<\/title>\n<meta name=\"description\" content=\"Con la presencia de ministros de la SCBA, magistrados y referentes de la abogac\u00eda, se lanz\u00f3 una obra jur\u00eddica caracterizada por su visi\u00f3n federal, el uso de lenguaje claro y la actualizaci\u00f3n jurisprudencial de todas las jurisdicciones bonaerenses.\" \/>\n<meta name=\"robots\" content=\"index, follow, max-snippet:-1, max-image-preview:large, max-video-preview:-1\" \/>\n<link rel=\"canonical\" href=\"https:\/\/noticiasmercedinas.com\/site\/2026\/03\/20\/se-dio-la-presentacion-del-nuevo-codigo-procesal-civil-y-comercial-comentado-de-la-provincia\/\" \/>\n<meta property=\"og:locale\" content=\"es_ES\" \/>\n<meta property=\"og:type\" content=\"article\" \/>\n<meta property=\"og:title\" content=\"Se dio la presentaci\u00f3n del nuevo C\u00f3digo Procesal Civil y Comercial Comentado de la Provincia\" \/>\n<meta property=\"og:description\" content=\"Con la presencia de ministros de la SCBA, magistrados y referentes de la abogac\u00eda, se lanz\u00f3 una obra jur\u00eddica caracterizada por su visi\u00f3n federal, el uso de lenguaje claro y la actualizaci\u00f3n jurisprudencial de todas las jurisdicciones bonaerenses.\" \/>\n<meta property=\"og:url\" content=\"https:\/\/noticiasmercedinas.com\/site\/2026\/03\/20\/se-dio-la-presentacion-del-nuevo-codigo-procesal-civil-y-comercial-comentado-de-la-provincia\/\" \/>\n<meta property=\"og:site_name\" content=\"NOTICIASMERCEDINAS.COM\" \/>\n<meta property=\"article:publisher\" content=\"https:\/\/www.facebook.com\/noticiasmercedinas\/\" \/>\n<meta property=\"article:published_time\" content=\"2026-03-20T11:05:57+00:00\" \/>\n<meta property=\"article:modified_time\" content=\"2026-03-20T11:07:23+00:00\" \/>\n<meta property=\"og:image\" content=\"https:\/\/noticiasmercedinas.com\/site\/wp-content\/uploads\/2026\/03\/codigo1.jpg\" \/>\n\t<meta property=\"og:image:width\" content=\"640\" \/>\n\t<meta property=\"og:image:height\" content=\"438\" \/>\n\t<meta property=\"og:image:type\" content=\"image\/jpeg\" \/>\n<meta name=\"author\" content=\"NOTICIASMERCEDINAS.COM\" \/>\n<meta name=\"twitter:card\" content=\"summary_large_image\" \/>\n<meta name=\"twitter:creator\" content=\"@notmercedinas\" \/>\n<meta name=\"twitter:site\" content=\"@notmercedinas\" \/>\n<meta name=\"twitter:label1\" content=\"Escrito por\" \/>\n\t<meta name=\"twitter:data1\" content=\"NOTICIASMERCEDINAS.COM\" \/>\n\t<meta name=\"twitter:label2\" content=\"Tiempo de lectura\" \/>\n\t<meta name=\"twitter:data2\" content=\"3 minutos\" \/>\n<script type=\"application\/ld+json\" class=\"yoast-schema-graph\">{\"@context\":\"https:\\\/\\\/schema.org\",\"@graph\":[{\"@type\":\"Article\",\"@id\":\"https:\\\/\\\/noticiasmercedinas.com\\\/site\\\/2026\\\/03\\\/20\\\/se-dio-la-presentacion-del-nuevo-codigo-procesal-civil-y-comercial-comentado-de-la-provincia\\\/#article\",\"isPartOf\":{\"@id\":\"https:\\\/\\\/noticiasmercedinas.com\\\/site\\\/2026\\\/03\\\/20\\\/se-dio-la-presentacion-del-nuevo-codigo-procesal-civil-y-comercial-comentado-de-la-provincia\\\/\"},\"author\":{\"name\":\"NOTICIASMERCEDINAS.COM\",\"@id\":\"https:\\\/\\\/noticiasmercedinas.com\\\/site\\\/#\\\/schema\\\/person\\\/84b59c099c28ff2e8b77d4ceec5d8063\"},\"headline\":\"Se dio la presentaci\u00f3n del nuevo C\u00f3digo Procesal Civil y Comercial Comentado de la Provincia\",\"datePublished\":\"2026-03-20T11:05:57+00:00\",\"dateModified\":\"2026-03-20T11:07:23+00:00\",\"mainEntityOfPage\":{\"@id\":\"https:\\\/\\\/noticiasmercedinas.com\\\/site\\\/2026\\\/03\\\/20\\\/se-dio-la-presentacion-del-nuevo-codigo-procesal-civil-y-comercial-comentado-de-la-provincia\\\/\"},\"wordCount\":406,\"publisher\":{\"@id\":\"https:\\\/\\\/noticiasmercedinas.com\\\/site\\\/#organization\"},\"image\":{\"@id\":\"https:\\\/\\\/noticiasmercedinas.com\\\/site\\\/2026\\\/03\\\/20\\\/se-dio-la-presentacion-del-nuevo-codigo-procesal-civil-y-comercial-comentado-de-la-provincia\\\/#primaryimage\"},\"thumbnailUrl\":\"https:\\\/\\\/noticiasmercedinas.com\\\/site\\\/wp-content\\\/uploads\\\/2026\\\/03\\\/codigo1.jpg\",\"keywords\":[\"Colegio de Magistrados\",\"Gisela selva\",\"Marcelo Valle\",\"Mat\u00edas Rapazzo\",\"Sergio Torres\"],\"articleSection\":[\"Sociedad\"],\"inLanguage\":\"es\"},{\"@type\":\"WebPage\",\"@id\":\"https:\\\/\\\/noticiasmercedinas.com\\\/site\\\/2026\\\/03\\\/20\\\/se-dio-la-presentacion-del-nuevo-codigo-procesal-civil-y-comercial-comentado-de-la-provincia\\\/\",\"url\":\"https:\\\/\\\/noticiasmercedinas.com\\\/site\\\/2026\\\/03\\\/20\\\/se-dio-la-presentacion-del-nuevo-codigo-procesal-civil-y-comercial-comentado-de-la-provincia\\\/\",\"name\":\"Se dio la presentaci\u00f3n del nuevo C\u00f3digo Procesal Civil y Comercial Comentado de la Provincia\",\"isPartOf\":{\"@id\":\"https:\\\/\\\/noticiasmercedinas.com\\\/site\\\/#website\"},\"primaryImageOfPage\":{\"@id\":\"https:\\\/\\\/noticiasmercedinas.com\\\/site\\\/2026\\\/03\\\/20\\\/se-dio-la-presentacion-del-nuevo-codigo-procesal-civil-y-comercial-comentado-de-la-provincia\\\/#primaryimage\"},\"image\":{\"@id\":\"https:\\\/\\\/noticiasmercedinas.com\\\/site\\\/2026\\\/03\\\/20\\\/se-dio-la-presentacion-del-nuevo-codigo-procesal-civil-y-comercial-comentado-de-la-provincia\\\/#primaryimage\"},\"thumbnailUrl\":\"https:\\\/\\\/noticiasmercedinas.com\\\/site\\\/wp-content\\\/uploads\\\/2026\\\/03\\\/codigo1.jpg\",\"datePublished\":\"2026-03-20T11:05:57+00:00\",\"dateModified\":\"2026-03-20T11:07:23+00:00\",\"description\":\"Con la presencia de ministros de la SCBA, magistrados y referentes de la abogac\u00eda, se lanz\u00f3 una obra jur\u00eddica caracterizada por su visi\u00f3n federal, el uso de lenguaje claro y la actualizaci\u00f3n jurisprudencial de todas las jurisdicciones bonaerenses.\",\"breadcrumb\":{\"@id\":\"https:\\\/\\\/noticiasmercedinas.com\\\/site\\\/2026\\\/03\\\/20\\\/se-dio-la-presentacion-del-nuevo-codigo-procesal-civil-y-comercial-comentado-de-la-provincia\\\/#breadcrumb\"},\"inLanguage\":\"es\",\"potentialAction\":[{\"@type\":\"ReadAction\",\"target\":[\"https:\\\/\\\/noticiasmercedinas.com\\\/site\\\/2026\\\/03\\\/20\\\/se-dio-la-presentacion-del-nuevo-codigo-procesal-civil-y-comercial-comentado-de-la-provincia\\\/\"]}]},{\"@type\":\"ImageObject\",\"inLanguage\":\"es\",\"@id\":\"https:\\\/\\\/noticiasmercedinas.com\\\/site\\\/2026\\\/03\\\/20\\\/se-dio-la-presentacion-del-nuevo-codigo-procesal-civil-y-comercial-comentado-de-la-provincia\\\/#primaryimage\",\"url\":\"https:\\\/\\\/noticiasmercedinas.com\\\/site\\\/wp-content\\\/uploads\\\/2026\\\/03\\\/codigo1.jpg\",\"contentUrl\":\"https:\\\/\\\/noticiasmercedinas.com\\\/site\\\/wp-content\\\/uploads\\\/2026\\\/03\\\/codigo1.jpg\",\"width\":640,\"height\":438},{\"@type\":\"BreadcrumbList\",\"@id\":\"https:\\\/\\\/noticiasmercedinas.com\\\/site\\\/2026\\\/03\\\/20\\\/se-dio-la-presentacion-del-nuevo-codigo-procesal-civil-y-comercial-comentado-de-la-provincia\\\/#breadcrumb\",\"itemListElement\":[{\"@type\":\"ListItem\",\"position\":1,\"name\":\"Portada\",\"item\":\"https:\\\/\\\/noticiasmercedinas.com\\\/site\\\/\"},{\"@type\":\"ListItem\",\"position\":2,\"name\":\"Se dio la presentaci\u00f3n del nuevo C\u00f3digo Procesal Civil y Comercial Comentado de la Provincia\"}]},{\"@type\":\"WebSite\",\"@id\":\"https:\\\/\\\/noticiasmercedinas.com\\\/site\\\/#website\",\"url\":\"https:\\\/\\\/noticiasmercedinas.com\\\/site\\\/\",\"name\":\"NOTICIASMERCEDINAS.COM\",\"description\":\"Mercedes, Buenos Aires, Argentina\",\"publisher\":{\"@id\":\"https:\\\/\\\/noticiasmercedinas.com\\\/site\\\/#organization\"},\"potentialAction\":[{\"@type\":\"SearchAction\",\"target\":{\"@type\":\"EntryPoint\",\"urlTemplate\":\"https:\\\/\\\/noticiasmercedinas.com\\\/site\\\/?s={search_term_string}\"},\"query-input\":{\"@type\":\"PropertyValueSpecification\",\"valueRequired\":true,\"valueName\":\"search_term_string\"}}],\"inLanguage\":\"es\"},{\"@type\":\"Organization\",\"@id\":\"https:\\\/\\\/noticiasmercedinas.com\\\/site\\\/#organization\",\"name\":\"NOTICIASMERCEDINAS.COM\",\"url\":\"https:\\\/\\\/noticiasmercedinas.com\\\/site\\\/\",\"logo\":{\"@type\":\"ImageObject\",\"inLanguage\":\"es\",\"@id\":\"https:\\\/\\\/noticiasmercedinas.com\\\/site\\\/#\\\/schema\\\/logo\\\/image\\\/\",\"url\":\"https:\\\/\\\/noticiasmercedinas.com\\\/site\\\/wp-content\\\/uploads\\\/2020\\\/06\\\/LOGO-512.jpg\",\"contentUrl\":\"https:\\\/\\\/noticiasmercedinas.com\\\/site\\\/wp-content\\\/uploads\\\/2020\\\/06\\\/LOGO-512.jpg\",\"width\":512,\"height\":512,\"caption\":\"NOTICIASMERCEDINAS.COM\"},\"image\":{\"@id\":\"https:\\\/\\\/noticiasmercedinas.com\\\/site\\\/#\\\/schema\\\/logo\\\/image\\\/\"},\"sameAs\":[\"https:\\\/\\\/www.facebook.com\\\/noticiasmercedinas\\\/\",\"https:\\\/\\\/x.com\\\/notmercedinas\",\"https:\\\/\\\/www.instagram.com\\\/noticiasmercedinas\\\/\"]},{\"@type\":\"Person\",\"@id\":\"https:\\\/\\\/noticiasmercedinas.com\\\/site\\\/#\\\/schema\\\/person\\\/84b59c099c28ff2e8b77d4ceec5d8063\",\"name\":\"NOTICIASMERCEDINAS.COM\",\"image\":{\"@type\":\"ImageObject\",\"inLanguage\":\"es\",\"@id\":\"https:\\\/\\\/secure.gravatar.com\\\/avatar\\\/4dfbf16b4d17945bfb6341b2d19043457132fcf478a5ee04f42e959fd8f5df0a?s=96&d=mm&r=g\",\"url\":\"https:\\\/\\\/secure.gravatar.com\\\/avatar\\\/4dfbf16b4d17945bfb6341b2d19043457132fcf478a5ee04f42e959fd8f5df0a?s=96&d=mm&r=g\",\"contentUrl\":\"https:\\\/\\\/secure.gravatar.com\\\/avatar\\\/4dfbf16b4d17945bfb6341b2d19043457132fcf478a5ee04f42e959fd8f5df0a?s=96&d=mm&r=g\",\"caption\":\"NOTICIASMERCEDINAS.COM\"},\"url\":\"https:\\\/\\\/noticiasmercedinas.com\\\/site\\\/author\\\/anonimo\\\/\"}]}<\/script>\n<!-- \/ Yoast SEO plugin. -->","yoast_head_json":{"title":"Se dio la presentaci\u00f3n del nuevo C\u00f3digo Procesal Civil y Comercial Comentado de la Provincia","description":"Con la presencia de ministros de la SCBA, magistrados y referentes de la abogac\u00eda, se lanz\u00f3 una obra jur\u00eddica caracterizada por su visi\u00f3n federal, el uso de lenguaje claro y la actualizaci\u00f3n jurisprudencial de todas las jurisdicciones bonaerenses.","robots":{"index":"index","follow":"follow","max-snippet":"max-snippet:-1","max-image-preview":"max-image-preview:large","max-video-preview":"max-video-preview:-1"},"canonical":"https:\/\/noticiasmercedinas.com\/site\/2026\/03\/20\/se-dio-la-presentacion-del-nuevo-codigo-procesal-civil-y-comercial-comentado-de-la-provincia\/","og_locale":"es_ES","og_type":"article","og_title":"Se dio la presentaci\u00f3n del nuevo C\u00f3digo Procesal Civil y Comercial Comentado de la Provincia","og_description":"Con la presencia de ministros de la SCBA, magistrados y referentes de la abogac\u00eda, se lanz\u00f3 una obra jur\u00eddica caracterizada por su visi\u00f3n federal, el uso de lenguaje claro y la actualizaci\u00f3n jurisprudencial de todas las jurisdicciones bonaerenses.","og_url":"https:\/\/noticiasmercedinas.com\/site\/2026\/03\/20\/se-dio-la-presentacion-del-nuevo-codigo-procesal-civil-y-comercial-comentado-de-la-provincia\/","og_site_name":"NOTICIASMERCEDINAS.COM","article_publisher":"https:\/\/www.facebook.com\/noticiasmercedinas\/","article_published_time":"2026-03-20T11:05:57+00:00","article_modified_time":"2026-03-20T11:07:23+00:00","og_image":[{"width":640,"height":438,"url":"https:\/\/noticiasmercedinas.com\/site\/wp-content\/uploads\/2026\/03\/codigo1.jpg","type":"image\/jpeg"}],"author":"NOTICIASMERCEDINAS.COM","twitter_card":"summary_large_image","twitter_creator":"@notmercedinas","twitter_site":"@notmercedinas","twitter_misc":{"Escrito por":"NOTICIASMERCEDINAS.COM","Tiempo de lectura":"3 minutos"},"schema":{"@context":"https:\/\/schema.org","@graph":[{"@type":"Article","@id":"https:\/\/noticiasmercedinas.com\/site\/2026\/03\/20\/se-dio-la-presentacion-del-nuevo-codigo-procesal-civil-y-comercial-comentado-de-la-provincia\/#article","isPartOf":{"@id":"https:\/\/noticiasmercedinas.com\/site\/2026\/03\/20\/se-dio-la-presentacion-del-nuevo-codigo-procesal-civil-y-comercial-comentado-de-la-provincia\/"},"author":{"name":"NOTICIASMERCEDINAS.COM","@id":"https:\/\/noticiasmercedinas.com\/site\/#\/schema\/person\/84b59c099c28ff2e8b77d4ceec5d8063"},"headline":"Se dio la presentaci\u00f3n del nuevo C\u00f3digo Procesal Civil y Comercial Comentado de la Provincia","datePublished":"2026-03-20T11:05:57+00:00","dateModified":"2026-03-20T11:07:23+00:00","mainEntityOfPage":{"@id":"https:\/\/noticiasmercedinas.com\/site\/2026\/03\/20\/se-dio-la-presentacion-del-nuevo-codigo-procesal-civil-y-comercial-comentado-de-la-provincia\/"},"wordCount":406,"publisher":{"@id":"https:\/\/noticiasmercedinas.com\/site\/#organization"},"image":{"@id":"https:\/\/noticiasmercedinas.com\/site\/2026\/03\/20\/se-dio-la-presentacion-del-nuevo-codigo-procesal-civil-y-comercial-comentado-de-la-provincia\/#primaryimage"},"thumbnailUrl":"https:\/\/noticiasmercedinas.com\/site\/wp-content\/uploads\/2026\/03\/codigo1.jpg","keywords":["Colegio de Magistrados","Gisela selva","Marcelo Valle","Mat\u00edas Rapazzo","Sergio Torres"],"articleSection":["Sociedad"],"inLanguage":"es"},{"@type":"WebPage","@id":"https:\/\/noticiasmercedinas.com\/site\/2026\/03\/20\/se-dio-la-presentacion-del-nuevo-codigo-procesal-civil-y-comercial-comentado-de-la-provincia\/","url":"https:\/\/noticiasmercedinas.com\/site\/2026\/03\/20\/se-dio-la-presentacion-del-nuevo-codigo-procesal-civil-y-comercial-comentado-de-la-provincia\/","name":"Se dio la presentaci\u00f3n del nuevo C\u00f3digo Procesal Civil y Comercial Comentado de la Provincia","isPartOf":{"@id":"https:\/\/noticiasmercedinas.com\/site\/#website"},"primaryImageOfPage":{"@id":"https:\/\/noticiasmercedinas.com\/site\/2026\/03\/20\/se-dio-la-presentacion-del-nuevo-codigo-procesal-civil-y-comercial-comentado-de-la-provincia\/#primaryimage"},"image":{"@id":"https:\/\/noticiasmercedinas.com\/site\/2026\/03\/20\/se-dio-la-presentacion-del-nuevo-codigo-procesal-civil-y-comercial-comentado-de-la-provincia\/#primaryimage"},"thumbnailUrl":"https:\/\/noticiasmercedinas.com\/site\/wp-content\/uploads\/2026\/03\/codigo1.jpg","datePublished":"2026-03-20T11:05:57+00:00","dateModified":"2026-03-20T11:07:23+00:00","description":"Con la presencia de ministros de la SCBA, magistrados y referentes de la abogac\u00eda, se lanz\u00f3 una obra jur\u00eddica caracterizada por su visi\u00f3n federal, el uso de lenguaje claro y la actualizaci\u00f3n jurisprudencial de todas las jurisdicciones bonaerenses.","breadcrumb":{"@id":"https:\/\/noticiasmercedinas.com\/site\/2026\/03\/20\/se-dio-la-presentacion-del-nuevo-codigo-procesal-civil-y-comercial-comentado-de-la-provincia\/#breadcrumb"},"inLanguage":"es","potentialAction":[{"@type":"ReadAction","target":["https:\/\/noticiasmercedinas.com\/site\/2026\/03\/20\/se-dio-la-presentacion-del-nuevo-codigo-procesal-civil-y-comercial-comentado-de-la-provincia\/"]}]},{"@type":"ImageObject","inLanguage":"es","@id":"https:\/\/noticiasmercedinas.com\/site\/2026\/03\/20\/se-dio-la-presentacion-del-nuevo-codigo-procesal-civil-y-comercial-comentado-de-la-provincia\/#primaryimage","url":"https:\/\/noticiasmercedinas.com\/site\/wp-content\/uploads\/2026\/03\/codigo1.jpg","contentUrl":"https:\/\/noticiasmercedinas.com\/site\/wp-content\/uploads\/2026\/03\/codigo1.jpg","width":640,"height":438},{"@type":"BreadcrumbList","@id":"https:\/\/noticiasmercedinas.com\/site\/2026\/03\/20\/se-dio-la-presentacion-del-nuevo-codigo-procesal-civil-y-comercial-comentado-de-la-provincia\/#breadcrumb","itemListElement":[{"@type":"ListItem","position":1,"name":"Portada","item":"https:\/\/noticiasmercedinas.com\/site\/"},{"@type":"ListItem","position":2,"name":"Se dio la presentaci\u00f3n del nuevo C\u00f3digo Procesal Civil y Comercial Comentado de la Provincia"}]},{"@type":"WebSite","@id":"https:\/\/noticiasmercedinas.com\/site\/#website","url":"https:\/\/noticiasmercedinas.com\/site\/","name":"NOTICIASMERCEDINAS.COM","description":"Mercedes, Buenos Aires, Argentina","publisher":{"@id":"https:\/\/noticiasmercedinas.com\/site\/#organization"},"potentialAction":[{"@type":"SearchAction","target":{"@type":"EntryPoint","urlTemplate":"https:\/\/noticiasmercedinas.com\/site\/?s={search_term_string}"},"query-input":{"@type":"PropertyValueSpecification","valueRequired":true,"valueName":"search_term_string"}}],"inLanguage":"es"},{"@type":"Organization","@id":"https:\/\/noticiasmercedinas.com\/site\/#organization","name":"NOTICIASMERCEDINAS.COM","url":"https:\/\/noticiasmercedinas.com\/site\/","logo":{"@type":"ImageObject","inLanguage":"es","@id":"https:\/\/noticiasmercedinas.com\/site\/#\/schema\/logo\/image\/","url":"https:\/\/noticiasmercedinas.com\/site\/wp-content\/uploads\/2020\/06\/LOGO-512.jpg","contentUrl":"https:\/\/noticiasmercedinas.com\/site\/wp-content\/uploads\/2020\/06\/LOGO-512.jpg","width":512,"height":512,"caption":"NOTICIASMERCEDINAS.COM"},"image":{"@id":"https:\/\/noticiasmercedinas.com\/site\/#\/schema\/logo\/image\/"},"sameAs":["https:\/\/www.facebook.com\/noticiasmercedinas\/","https:\/\/x.com\/notmercedinas","https:\/\/www.instagram.com\/noticiasmercedinas\/"]},{"@type":"Person","@id":"https:\/\/noticiasmercedinas.com\/site\/#\/schema\/person\/84b59c099c28ff2e8b77d4ceec5d8063","name":"NOTICIASMERCEDINAS.COM","image":{"@type":"ImageObject","inLanguage":"es","@id":"https:\/\/secure.gravatar.com\/avatar\/4dfbf16b4d17945bfb6341b2d19043457132fcf478a5ee04f42e959fd8f5df0a?s=96&d=mm&r=g","url":"https:\/\/secure.gravatar.com\/avatar\/4dfbf16b4d17945bfb6341b2d19043457132fcf478a5ee04f42e959fd8f5df0a?s=96&d=mm&r=g","contentUrl":"https:\/\/secure.gravatar.com\/avatar\/4dfbf16b4d17945bfb6341b2d19043457132fcf478a5ee04f42e959fd8f5df0a?s=96&d=mm&r=g","caption":"NOTICIASMERCEDINAS.COM"},"url":"https:\/\/noticiasmercedinas.com\/site\/author\/anonimo\/"}]}},"amp_enabled":true,"_links":{"self":[{"href":"https:\/\/noticiasmercedinas.com\/site\/wp-json\/wp\/v2\/posts\/182240","targetHints":{"allow":["GET"]}}],"collection":[{"href":"https:\/\/noticiasmercedinas.com\/site\/wp-json\/wp\/v2\/posts"}],"about":[{"href":"https:\/\/noticiasmercedinas.com\/site\/wp-json\/wp\/v2\/types\/post"}],"author":[{"embeddable":true,"href":"https:\/\/noticiasmercedinas.com\/site\/wp-json\/wp\/v2\/users\/16"}],"replies":[{"embeddable":true,"href":"https:\/\/noticiasmercedinas.com\/site\/wp-json\/wp\/v2\/comments?post=182240"}],"version-history":[{"count":3,"href":"https:\/\/noticiasmercedinas.com\/site\/wp-json\/wp\/v2\/posts\/182240\/revisions"}],"predecessor-version":[{"id":182245,"href":"https:\/\/noticiasmercedinas.com\/site\/wp-json\/wp\/v2\/posts\/182240\/revisions\/182245"}],"wp:featuredmedia":[{"embeddable":true,"href":"https:\/\/noticiasmercedinas.com\/site\/wp-json\/wp\/v2\/media\/182241"}],"wp:attachment":[{"href":"https:\/\/noticiasmercedinas.com\/site\/wp-json\/wp\/v2\/media?parent=182240"}],"wp:term":[{"taxonomy":"category","embeddable":true,"href":"https:\/\/noticiasmercedinas.com\/site\/wp-json\/wp\/v2\/categories?post=182240"},{"taxonomy":"post_tag","embeddable":true,"href":"https:\/\/noticiasmercedinas.com\/site\/wp-json\/wp\/v2\/tags?post=182240"}],"curies":[{"name":"wp","href":"https:\/\/api.w.org\/{rel}","templated":true}]}}