{"id":182246,"date":"2026-03-20T10:12:11","date_gmt":"2026-03-20T13:12:11","guid":{"rendered":"https:\/\/noticiasmercedinas.com\/site\/?p=182246"},"modified":"2026-03-20T10:12:11","modified_gmt":"2026-03-20T13:12:11","slug":"por-fm-santa-maria-el-dr-sergio-torres-anuncio-que-la-provincia-sera-sede-de-la-real-academia","status":"publish","type":"post","link":"https:\/\/noticiasmercedinas.com\/site\/2026\/03\/20\/por-fm-santa-maria-el-dr-sergio-torres-anuncio-que-la-provincia-sera-sede-de-la-real-academia\/","title":{"rendered":"Por FM Santa Mar\u00eda, el Dr. Sergio Torres anunci\u00f3 que la Provincia ser\u00e1 sede de la Real Academia\u00a0"},"content":{"rendered":"<p><img loading=\"lazy\" decoding=\"async\" class=\"alignnone size-full wp-image-182273\" src=\"https:\/\/noticiasmercedinas.com\/site\/wp-content\/uploads\/2026\/03\/WhatsApp-Image-2026-03-20-at-10.03.50-AM.jpeg\" alt=\"\" width=\"1600\" height=\"1200\" srcset=\"https:\/\/noticiasmercedinas.com\/site\/wp-content\/uploads\/2026\/03\/WhatsApp-Image-2026-03-20-at-10.03.50-AM.jpeg 1600w, https:\/\/noticiasmercedinas.com\/site\/wp-content\/uploads\/2026\/03\/WhatsApp-Image-2026-03-20-at-10.03.50-AM-300x225.jpeg 300w, https:\/\/noticiasmercedinas.com\/site\/wp-content\/uploads\/2026\/03\/WhatsApp-Image-2026-03-20-at-10.03.50-AM-1024x768.jpeg 1024w, https:\/\/noticiasmercedinas.com\/site\/wp-content\/uploads\/2026\/03\/WhatsApp-Image-2026-03-20-at-10.03.50-AM-768x576.jpeg 768w, https:\/\/noticiasmercedinas.com\/site\/wp-content\/uploads\/2026\/03\/WhatsApp-Image-2026-03-20-at-10.03.50-AM-1536x1152.jpeg 1536w, https:\/\/noticiasmercedinas.com\/site\/wp-content\/uploads\/2026\/03\/WhatsApp-Image-2026-03-20-at-10.03.50-AM-80x60.jpeg 80w, https:\/\/noticiasmercedinas.com\/site\/wp-content\/uploads\/2026\/03\/WhatsApp-Image-2026-03-20-at-10.03.50-AM-160x120.jpeg 160w, https:\/\/noticiasmercedinas.com\/site\/wp-content\/uploads\/2026\/03\/WhatsApp-Image-2026-03-20-at-10.03.50-AM-100x75.jpeg 100w, https:\/\/noticiasmercedinas.com\/site\/wp-content\/uploads\/2026\/03\/WhatsApp-Image-2026-03-20-at-10.03.50-AM-200x150.jpeg 200w, https:\/\/noticiasmercedinas.com\/site\/wp-content\/uploads\/2026\/03\/WhatsApp-Image-2026-03-20-at-10.03.50-AM-180x135.jpeg 180w, https:\/\/noticiasmercedinas.com\/site\/wp-content\/uploads\/2026\/03\/WhatsApp-Image-2026-03-20-at-10.03.50-AM-360x270.jpeg 360w, https:\/\/noticiasmercedinas.com\/site\/wp-content\/uploads\/2026\/03\/WhatsApp-Image-2026-03-20-at-10.03.50-AM-238x178.jpeg 238w, https:\/\/noticiasmercedinas.com\/site\/wp-content\/uploads\/2026\/03\/WhatsApp-Image-2026-03-20-at-10.03.50-AM-476x356.jpeg 476w, https:\/\/noticiasmercedinas.com\/site\/wp-content\/uploads\/2026\/03\/WhatsApp-Image-2026-03-20-at-10.03.50-AM-640x480.jpeg 640w, https:\/\/noticiasmercedinas.com\/site\/wp-content\/uploads\/2026\/03\/WhatsApp-Image-2026-03-20-at-10.03.50-AM-1280x960.jpeg 1280w, https:\/\/noticiasmercedinas.com\/site\/wp-content\/uploads\/2026\/03\/WhatsApp-Image-2026-03-20-at-10.03.50-AM-681x511.jpeg 681w, https:\/\/noticiasmercedinas.com\/site\/wp-content\/uploads\/2026\/03\/WhatsApp-Image-2026-03-20-at-10.03.50-AM-1362x1022.jpeg 1362w\" sizes=\"auto, (max-width: 1600px) 100vw, 1600px\" \/><\/p>\n<p>Los estudios de Radio Santa Mar\u00eda FM 88.1 se convirtieron este mi\u00e9rcoles en el epicentro de la actualidad jur\u00eddica bonaerense.<\/p>\n<p>En una hist\u00f3rica transmisi\u00f3n por streaming de audio y video, el Dr. Sergio Torres, Ministro de la Suprema Corte de Justicia de la Provincia (SCBA), eligi\u00f3 los micr\u00f3fonos locales para brindar detalles sobre la flamante edici\u00f3n del C\u00f3digo Procesal Civil y Comercial Comentado y lanzar una primicia de alcance internacional.<\/p>\n<blockquote><p>En una transmisi\u00f3n especial de \u00abJusticia y Sociedad\u00bb, el Ministro de la Suprema Corte visit\u00f3 los estudios de la FM 88.1 para presentar el nuevo C\u00f3digo Procesal Comentado y anticipar un congreso internacional de Lenguaje Claro.<\/p><\/blockquote>\n<p><strong>Un estudio de radio transformado en foro judicial<\/strong><br \/>\nLa emisi\u00f3n especial fue posible gracias a la presencia en la ciudad del Dr. Claudio Fede, Juez de C\u00e1mara y conductor del programa \u00abJusticia y Sociedad\u00bb (AM 1030 Radio Del Plata), quien traslad\u00f3 su habitual espacio a los estudios de calles 114 y 15.<\/p>\n<p>La mesa radial cont\u00f3 con una pluralidad de voces que jerarquizaron el aire:<\/p>\n<ul>\n<li>Los coordinadores y directores de la obra: Dres. Sergio Torres y Marcelo Valle.<\/li>\n<li>Representantes gremiales y acad\u00e9micos: Dres. Gisela Selva, Mat\u00edas Rapazzo, Camilo Petitti y Santiago Marchi\u00f3.<\/li>\n<li>El Poder Ejecutivo local: Dra. Clara Zunino, Secretaria de Gobierno Municipal.<\/li>\n<\/ul>\n<p><strong>El \u00abdetr\u00e1s de escena\u00bb de una obra federal<\/strong><br \/>\nEn di\u00e1logo directo con la audiencia, el Dr. Torres destac\u00f3 el valor humano detr\u00e1s del nuevo C\u00f3digo, una obra que re\u00fane el aporte de 90 autores de los 20 departamentos judiciales de la provincia.<\/p>\n<p>\u00abEs un producto acad\u00e9mico valioso que va a influir positivamente en la vida de las personas. Fue una tarea compleja coordinar a tantos profesionales que le sacaron tiempo a su familia y descanso para lograr un texto que realmente sirva en los expedientes\u00bb, explic\u00f3 Torres frente al micr\u00f3fono.<\/p>\n<p><strong>El desembarco de la RAE en la Provincia<\/strong><br \/>\nEl momento de mayor impacto period\u00edstico de la entrevista lleg\u00f3 cuando el Ministro brind\u00f3 un adelanto exclusivo para Radio Santa Mar\u00eda: los primeros d\u00edas de octubre, la ciudad de La Plata recibir\u00e1 el Tercer Congreso PanHisp\u00e1nico del Lenguaje Claro.<\/p>\n<p>Este evento, organizado por la Corte bonaerense, contar\u00e1 con la participaci\u00f3n del Director de la Real Academia Espa\u00f1ola (RAE). \u00abLa Real Academia ha elegido a la Provincia de Buenos Aires entre much\u00edsimas opciones internacionales, lo que nos llena de orgullo\u00bb, se\u00f1al\u00f3 Torres, subrayando que la actividad buscar\u00e1 integrar a todos los niveles del Poder Judicial en la b\u00fasqueda de una justicia m\u00e1s comprensible para el ciudadano.<\/p>\n<p><strong>Cierre de una jornada hist\u00f3rica<\/strong><br \/>\nLa visita a la radio coron\u00f3 una jornada que hab\u00eda iniciado a las 18:00 hs en el Teatro Dr. Julio C\u00e9sar Gioscio, donde <a href=\"https:\/\/noticiasmercedinas.com\/site\/2026\/03\/20\/se-dio-la-presentacion-del-nuevo-codigo-procesal-civil-y-comercial-comentado-de-la-provincia\/\">el Colegio de Magistrados de Mercedes y de la Provincia auspiciaron la presentaci\u00f3n formal de este C\u00f3digo<\/a>, dise\u00f1ado bajo los principios de agilidad y lenguaje claro para la consulta diaria de abogados y magistrados.<\/p>\n","protected":false},"excerpt":{"rendered":"<p>Los estudios de Radio Santa Mar\u00eda FM 88.1 se convirtieron este mi\u00e9rcoles en el epicentro de la actualidad jur\u00eddica bonaerense. En una hist\u00f3rica transmisi\u00f3n por streaming de audio y video, el Dr. Sergio Torres, Ministro de la Suprema Corte de Justicia de la Provincia (SCBA), eligi\u00f3 los micr\u00f3fonos locales para brindar detalles sobre la flamante [&hellip;]<\/p>\n","protected":false},"author":16,"featured_media":182273,"comment_status":"closed","ping_status":"closed","sticky":false,"template":"","format":"standard","meta":{"footnotes":""},"categories":[4210],"tags":[21878,553,554],"class_list":["post-182246","post","type-post","status-publish","format-standard","has-post-thumbnail","hentry","category-medios","tag-fm-88-1","tag-fm-santa-maria","tag-radio"],"yoast_head":"<!-- This site is optimized with the Yoast SEO plugin v27.5 - https:\/\/yoast.com\/product\/yoast-seo-wordpress\/ -->\n<title>Por FM Santa Mar\u00eda, el Dr. Sergio Torres anunci\u00f3 que la Provincia ser\u00e1 sede de la Real Academia\u00a0<\/title>\n<meta name=\"robots\" content=\"index, follow, max-snippet:-1, max-image-preview:large, max-video-preview:-1\" \/>\n<link rel=\"canonical\" href=\"https:\/\/noticiasmercedinas.com\/site\/2026\/03\/20\/por-fm-santa-maria-el-dr-sergio-torres-anuncio-que-la-provincia-sera-sede-de-la-real-academia\/\" \/>\n<meta property=\"og:locale\" content=\"es_ES\" \/>\n<meta property=\"og:type\" content=\"article\" \/>\n<meta property=\"og:title\" content=\"Por FM Santa Mar\u00eda, el Dr. Sergio Torres anunci\u00f3 que la Provincia ser\u00e1 sede de la Real Academia\u00a0\" \/>\n<meta property=\"og:description\" content=\"Los estudios de Radio Santa Mar\u00eda FM 88.1 se convirtieron este mi\u00e9rcoles en el epicentro de la actualidad jur\u00eddica bonaerense. En una hist\u00f3rica transmisi\u00f3n por streaming de audio y video, el Dr. Sergio Torres, Ministro de la Suprema Corte de Justicia de la Provincia (SCBA), eligi\u00f3 los micr\u00f3fonos locales para brindar detalles sobre la flamante [&hellip;]\" \/>\n<meta property=\"og:url\" content=\"https:\/\/noticiasmercedinas.com\/site\/2026\/03\/20\/por-fm-santa-maria-el-dr-sergio-torres-anuncio-que-la-provincia-sera-sede-de-la-real-academia\/\" \/>\n<meta property=\"og:site_name\" content=\"NOTICIASMERCEDINAS.COM\" \/>\n<meta property=\"article:publisher\" content=\"https:\/\/www.facebook.com\/noticiasmercedinas\/\" \/>\n<meta property=\"article:published_time\" content=\"2026-03-20T13:12:11+00:00\" \/>\n<meta property=\"og:image\" content=\"https:\/\/noticiasmercedinas.com\/site\/wp-content\/uploads\/2026\/03\/WhatsApp-Image-2026-03-20-at-10.03.50-AM.jpeg\" \/>\n\t<meta property=\"og:image:width\" content=\"1600\" \/>\n\t<meta property=\"og:image:height\" content=\"1200\" \/>\n\t<meta property=\"og:image:type\" content=\"image\/jpeg\" \/>\n<meta name=\"author\" content=\"NOTICIASMERCEDINAS.COM\" \/>\n<meta name=\"twitter:card\" content=\"summary_large_image\" \/>\n<meta name=\"twitter:creator\" content=\"@notmercedinas\" \/>\n<meta name=\"twitter:site\" content=\"@notmercedinas\" \/>\n<meta name=\"twitter:label1\" content=\"Escrito por\" \/>\n\t<meta name=\"twitter:data1\" content=\"NOTICIASMERCEDINAS.COM\" \/>\n\t<meta name=\"twitter:label2\" content=\"Tiempo de lectura\" \/>\n\t<meta name=\"twitter:data2\" content=\"3 minutos\" \/>\n<script type=\"application\/ld+json\" class=\"yoast-schema-graph\">{\"@context\":\"https:\\\/\\\/schema.org\",\"@graph\":[{\"@type\":\"Article\",\"@id\":\"https:\\\/\\\/noticiasmercedinas.com\\\/site\\\/2026\\\/03\\\/20\\\/por-fm-santa-maria-el-dr-sergio-torres-anuncio-que-la-provincia-sera-sede-de-la-real-academia\\\/#article\",\"isPartOf\":{\"@id\":\"https:\\\/\\\/noticiasmercedinas.com\\\/site\\\/2026\\\/03\\\/20\\\/por-fm-santa-maria-el-dr-sergio-torres-anuncio-que-la-provincia-sera-sede-de-la-real-academia\\\/\"},\"author\":{\"name\":\"NOTICIASMERCEDINAS.COM\",\"@id\":\"https:\\\/\\\/noticiasmercedinas.com\\\/site\\\/#\\\/schema\\\/person\\\/84b59c099c28ff2e8b77d4ceec5d8063\"},\"headline\":\"Por FM Santa Mar\u00eda, el Dr. Sergio Torres anunci\u00f3 que la Provincia ser\u00e1 sede de la Real Academia\u00a0\",\"datePublished\":\"2026-03-20T13:12:11+00:00\",\"mainEntityOfPage\":{\"@id\":\"https:\\\/\\\/noticiasmercedinas.com\\\/site\\\/2026\\\/03\\\/20\\\/por-fm-santa-maria-el-dr-sergio-torres-anuncio-que-la-provincia-sera-sede-de-la-real-academia\\\/\"},\"wordCount\":522,\"publisher\":{\"@id\":\"https:\\\/\\\/noticiasmercedinas.com\\\/site\\\/#organization\"},\"image\":{\"@id\":\"https:\\\/\\\/noticiasmercedinas.com\\\/site\\\/2026\\\/03\\\/20\\\/por-fm-santa-maria-el-dr-sergio-torres-anuncio-que-la-provincia-sera-sede-de-la-real-academia\\\/#primaryimage\"},\"thumbnailUrl\":\"https:\\\/\\\/noticiasmercedinas.com\\\/site\\\/wp-content\\\/uploads\\\/2026\\\/03\\\/WhatsApp-Image-2026-03-20-at-10.03.50-AM.jpeg\",\"keywords\":[\"fm 88.1\",\"fm santa maria\",\"radio\"],\"articleSection\":[\"Medios\"],\"inLanguage\":\"es\"},{\"@type\":\"WebPage\",\"@id\":\"https:\\\/\\\/noticiasmercedinas.com\\\/site\\\/2026\\\/03\\\/20\\\/por-fm-santa-maria-el-dr-sergio-torres-anuncio-que-la-provincia-sera-sede-de-la-real-academia\\\/\",\"url\":\"https:\\\/\\\/noticiasmercedinas.com\\\/site\\\/2026\\\/03\\\/20\\\/por-fm-santa-maria-el-dr-sergio-torres-anuncio-que-la-provincia-sera-sede-de-la-real-academia\\\/\",\"name\":\"Por FM Santa Mar\u00eda, el Dr. Sergio Torres anunci\u00f3 que la Provincia ser\u00e1 sede de la Real Academia\u00a0\",\"isPartOf\":{\"@id\":\"https:\\\/\\\/noticiasmercedinas.com\\\/site\\\/#website\"},\"primaryImageOfPage\":{\"@id\":\"https:\\\/\\\/noticiasmercedinas.com\\\/site\\\/2026\\\/03\\\/20\\\/por-fm-santa-maria-el-dr-sergio-torres-anuncio-que-la-provincia-sera-sede-de-la-real-academia\\\/#primaryimage\"},\"image\":{\"@id\":\"https:\\\/\\\/noticiasmercedinas.com\\\/site\\\/2026\\\/03\\\/20\\\/por-fm-santa-maria-el-dr-sergio-torres-anuncio-que-la-provincia-sera-sede-de-la-real-academia\\\/#primaryimage\"},\"thumbnailUrl\":\"https:\\\/\\\/noticiasmercedinas.com\\\/site\\\/wp-content\\\/uploads\\\/2026\\\/03\\\/WhatsApp-Image-2026-03-20-at-10.03.50-AM.jpeg\",\"datePublished\":\"2026-03-20T13:12:11+00:00\",\"breadcrumb\":{\"@id\":\"https:\\\/\\\/noticiasmercedinas.com\\\/site\\\/2026\\\/03\\\/20\\\/por-fm-santa-maria-el-dr-sergio-torres-anuncio-que-la-provincia-sera-sede-de-la-real-academia\\\/#breadcrumb\"},\"inLanguage\":\"es\",\"potentialAction\":[{\"@type\":\"ReadAction\",\"target\":[\"https:\\\/\\\/noticiasmercedinas.com\\\/site\\\/2026\\\/03\\\/20\\\/por-fm-santa-maria-el-dr-sergio-torres-anuncio-que-la-provincia-sera-sede-de-la-real-academia\\\/\"]}]},{\"@type\":\"ImageObject\",\"inLanguage\":\"es\",\"@id\":\"https:\\\/\\\/noticiasmercedinas.com\\\/site\\\/2026\\\/03\\\/20\\\/por-fm-santa-maria-el-dr-sergio-torres-anuncio-que-la-provincia-sera-sede-de-la-real-academia\\\/#primaryimage\",\"url\":\"https:\\\/\\\/noticiasmercedinas.com\\\/site\\\/wp-content\\\/uploads\\\/2026\\\/03\\\/WhatsApp-Image-2026-03-20-at-10.03.50-AM.jpeg\",\"contentUrl\":\"https:\\\/\\\/noticiasmercedinas.com\\\/site\\\/wp-content\\\/uploads\\\/2026\\\/03\\\/WhatsApp-Image-2026-03-20-at-10.03.50-AM.jpeg\",\"width\":1600,\"height\":1200},{\"@type\":\"BreadcrumbList\",\"@id\":\"https:\\\/\\\/noticiasmercedinas.com\\\/site\\\/2026\\\/03\\\/20\\\/por-fm-santa-maria-el-dr-sergio-torres-anuncio-que-la-provincia-sera-sede-de-la-real-academia\\\/#breadcrumb\",\"itemListElement\":[{\"@type\":\"ListItem\",\"position\":1,\"name\":\"Portada\",\"item\":\"https:\\\/\\\/noticiasmercedinas.com\\\/site\\\/\"},{\"@type\":\"ListItem\",\"position\":2,\"name\":\"Por FM Santa Mar\u00eda, el Dr. Sergio Torres anunci\u00f3 que la Provincia ser\u00e1 sede de la Real Academia\u00a0\"}]},{\"@type\":\"WebSite\",\"@id\":\"https:\\\/\\\/noticiasmercedinas.com\\\/site\\\/#website\",\"url\":\"https:\\\/\\\/noticiasmercedinas.com\\\/site\\\/\",\"name\":\"NOTICIASMERCEDINAS.COM\",\"description\":\"Mercedes, Buenos Aires, Argentina\",\"publisher\":{\"@id\":\"https:\\\/\\\/noticiasmercedinas.com\\\/site\\\/#organization\"},\"potentialAction\":[{\"@type\":\"SearchAction\",\"target\":{\"@type\":\"EntryPoint\",\"urlTemplate\":\"https:\\\/\\\/noticiasmercedinas.com\\\/site\\\/?s={search_term_string}\"},\"query-input\":{\"@type\":\"PropertyValueSpecification\",\"valueRequired\":true,\"valueName\":\"search_term_string\"}}],\"inLanguage\":\"es\"},{\"@type\":\"Organization\",\"@id\":\"https:\\\/\\\/noticiasmercedinas.com\\\/site\\\/#organization\",\"name\":\"NOTICIASMERCEDINAS.COM\",\"url\":\"https:\\\/\\\/noticiasmercedinas.com\\\/site\\\/\",\"logo\":{\"@type\":\"ImageObject\",\"inLanguage\":\"es\",\"@id\":\"https:\\\/\\\/noticiasmercedinas.com\\\/site\\\/#\\\/schema\\\/logo\\\/image\\\/\",\"url\":\"https:\\\/\\\/noticiasmercedinas.com\\\/site\\\/wp-content\\\/uploads\\\/2020\\\/06\\\/LOGO-512.jpg\",\"contentUrl\":\"https:\\\/\\\/noticiasmercedinas.com\\\/site\\\/wp-content\\\/uploads\\\/2020\\\/06\\\/LOGO-512.jpg\",\"width\":512,\"height\":512,\"caption\":\"NOTICIASMERCEDINAS.COM\"},\"image\":{\"@id\":\"https:\\\/\\\/noticiasmercedinas.com\\\/site\\\/#\\\/schema\\\/logo\\\/image\\\/\"},\"sameAs\":[\"https:\\\/\\\/www.facebook.com\\\/noticiasmercedinas\\\/\",\"https:\\\/\\\/x.com\\\/notmercedinas\",\"https:\\\/\\\/www.instagram.com\\\/noticiasmercedinas\\\/\"]},{\"@type\":\"Person\",\"@id\":\"https:\\\/\\\/noticiasmercedinas.com\\\/site\\\/#\\\/schema\\\/person\\\/84b59c099c28ff2e8b77d4ceec5d8063\",\"name\":\"NOTICIASMERCEDINAS.COM\",\"image\":{\"@type\":\"ImageObject\",\"inLanguage\":\"es\",\"@id\":\"https:\\\/\\\/secure.gravatar.com\\\/avatar\\\/4dfbf16b4d17945bfb6341b2d19043457132fcf478a5ee04f42e959fd8f5df0a?s=96&d=mm&r=g\",\"url\":\"https:\\\/\\\/secure.gravatar.com\\\/avatar\\\/4dfbf16b4d17945bfb6341b2d19043457132fcf478a5ee04f42e959fd8f5df0a?s=96&d=mm&r=g\",\"contentUrl\":\"https:\\\/\\\/secure.gravatar.com\\\/avatar\\\/4dfbf16b4d17945bfb6341b2d19043457132fcf478a5ee04f42e959fd8f5df0a?s=96&d=mm&r=g\",\"caption\":\"NOTICIASMERCEDINAS.COM\"},\"url\":\"https:\\\/\\\/noticiasmercedinas.com\\\/site\\\/author\\\/anonimo\\\/\"}]}<\/script>\n<!-- \/ Yoast SEO plugin. -->","yoast_head_json":{"title":"Por FM Santa Mar\u00eda, el Dr. Sergio Torres anunci\u00f3 que la Provincia ser\u00e1 sede de la Real Academia\u00a0","robots":{"index":"index","follow":"follow","max-snippet":"max-snippet:-1","max-image-preview":"max-image-preview:large","max-video-preview":"max-video-preview:-1"},"canonical":"https:\/\/noticiasmercedinas.com\/site\/2026\/03\/20\/por-fm-santa-maria-el-dr-sergio-torres-anuncio-que-la-provincia-sera-sede-de-la-real-academia\/","og_locale":"es_ES","og_type":"article","og_title":"Por FM Santa Mar\u00eda, el Dr. Sergio Torres anunci\u00f3 que la Provincia ser\u00e1 sede de la Real Academia\u00a0","og_description":"Los estudios de Radio Santa Mar\u00eda FM 88.1 se convirtieron este mi\u00e9rcoles en el epicentro de la actualidad jur\u00eddica bonaerense. En una hist\u00f3rica transmisi\u00f3n por streaming de audio y video, el Dr. Sergio Torres, Ministro de la Suprema Corte de Justicia de la Provincia (SCBA), eligi\u00f3 los micr\u00f3fonos locales para brindar detalles sobre la flamante [&hellip;]","og_url":"https:\/\/noticiasmercedinas.com\/site\/2026\/03\/20\/por-fm-santa-maria-el-dr-sergio-torres-anuncio-que-la-provincia-sera-sede-de-la-real-academia\/","og_site_name":"NOTICIASMERCEDINAS.COM","article_publisher":"https:\/\/www.facebook.com\/noticiasmercedinas\/","article_published_time":"2026-03-20T13:12:11+00:00","og_image":[{"width":1600,"height":1200,"url":"https:\/\/noticiasmercedinas.com\/site\/wp-content\/uploads\/2026\/03\/WhatsApp-Image-2026-03-20-at-10.03.50-AM.jpeg","type":"image\/jpeg"}],"author":"NOTICIASMERCEDINAS.COM","twitter_card":"summary_large_image","twitter_creator":"@notmercedinas","twitter_site":"@notmercedinas","twitter_misc":{"Escrito por":"NOTICIASMERCEDINAS.COM","Tiempo de lectura":"3 minutos"},"schema":{"@context":"https:\/\/schema.org","@graph":[{"@type":"Article","@id":"https:\/\/noticiasmercedinas.com\/site\/2026\/03\/20\/por-fm-santa-maria-el-dr-sergio-torres-anuncio-que-la-provincia-sera-sede-de-la-real-academia\/#article","isPartOf":{"@id":"https:\/\/noticiasmercedinas.com\/site\/2026\/03\/20\/por-fm-santa-maria-el-dr-sergio-torres-anuncio-que-la-provincia-sera-sede-de-la-real-academia\/"},"author":{"name":"NOTICIASMERCEDINAS.COM","@id":"https:\/\/noticiasmercedinas.com\/site\/#\/schema\/person\/84b59c099c28ff2e8b77d4ceec5d8063"},"headline":"Por FM Santa Mar\u00eda, el Dr. Sergio Torres anunci\u00f3 que la Provincia ser\u00e1 sede de la Real Academia\u00a0","datePublished":"2026-03-20T13:12:11+00:00","mainEntityOfPage":{"@id":"https:\/\/noticiasmercedinas.com\/site\/2026\/03\/20\/por-fm-santa-maria-el-dr-sergio-torres-anuncio-que-la-provincia-sera-sede-de-la-real-academia\/"},"wordCount":522,"publisher":{"@id":"https:\/\/noticiasmercedinas.com\/site\/#organization"},"image":{"@id":"https:\/\/noticiasmercedinas.com\/site\/2026\/03\/20\/por-fm-santa-maria-el-dr-sergio-torres-anuncio-que-la-provincia-sera-sede-de-la-real-academia\/#primaryimage"},"thumbnailUrl":"https:\/\/noticiasmercedinas.com\/site\/wp-content\/uploads\/2026\/03\/WhatsApp-Image-2026-03-20-at-10.03.50-AM.jpeg","keywords":["fm 88.1","fm santa maria","radio"],"articleSection":["Medios"],"inLanguage":"es"},{"@type":"WebPage","@id":"https:\/\/noticiasmercedinas.com\/site\/2026\/03\/20\/por-fm-santa-maria-el-dr-sergio-torres-anuncio-que-la-provincia-sera-sede-de-la-real-academia\/","url":"https:\/\/noticiasmercedinas.com\/site\/2026\/03\/20\/por-fm-santa-maria-el-dr-sergio-torres-anuncio-que-la-provincia-sera-sede-de-la-real-academia\/","name":"Por FM Santa Mar\u00eda, el Dr. Sergio Torres anunci\u00f3 que la Provincia ser\u00e1 sede de la Real Academia\u00a0","isPartOf":{"@id":"https:\/\/noticiasmercedinas.com\/site\/#website"},"primaryImageOfPage":{"@id":"https:\/\/noticiasmercedinas.com\/site\/2026\/03\/20\/por-fm-santa-maria-el-dr-sergio-torres-anuncio-que-la-provincia-sera-sede-de-la-real-academia\/#primaryimage"},"image":{"@id":"https:\/\/noticiasmercedinas.com\/site\/2026\/03\/20\/por-fm-santa-maria-el-dr-sergio-torres-anuncio-que-la-provincia-sera-sede-de-la-real-academia\/#primaryimage"},"thumbnailUrl":"https:\/\/noticiasmercedinas.com\/site\/wp-content\/uploads\/2026\/03\/WhatsApp-Image-2026-03-20-at-10.03.50-AM.jpeg","datePublished":"2026-03-20T13:12:11+00:00","breadcrumb":{"@id":"https:\/\/noticiasmercedinas.com\/site\/2026\/03\/20\/por-fm-santa-maria-el-dr-sergio-torres-anuncio-que-la-provincia-sera-sede-de-la-real-academia\/#breadcrumb"},"inLanguage":"es","potentialAction":[{"@type":"ReadAction","target":["https:\/\/noticiasmercedinas.com\/site\/2026\/03\/20\/por-fm-santa-maria-el-dr-sergio-torres-anuncio-que-la-provincia-sera-sede-de-la-real-academia\/"]}]},{"@type":"ImageObject","inLanguage":"es","@id":"https:\/\/noticiasmercedinas.com\/site\/2026\/03\/20\/por-fm-santa-maria-el-dr-sergio-torres-anuncio-que-la-provincia-sera-sede-de-la-real-academia\/#primaryimage","url":"https:\/\/noticiasmercedinas.com\/site\/wp-content\/uploads\/2026\/03\/WhatsApp-Image-2026-03-20-at-10.03.50-AM.jpeg","contentUrl":"https:\/\/noticiasmercedinas.com\/site\/wp-content\/uploads\/2026\/03\/WhatsApp-Image-2026-03-20-at-10.03.50-AM.jpeg","width":1600,"height":1200},{"@type":"BreadcrumbList","@id":"https:\/\/noticiasmercedinas.com\/site\/2026\/03\/20\/por-fm-santa-maria-el-dr-sergio-torres-anuncio-que-la-provincia-sera-sede-de-la-real-academia\/#breadcrumb","itemListElement":[{"@type":"ListItem","position":1,"name":"Portada","item":"https:\/\/noticiasmercedinas.com\/site\/"},{"@type":"ListItem","position":2,"name":"Por FM Santa Mar\u00eda, el Dr. Sergio Torres anunci\u00f3 que la Provincia ser\u00e1 sede de la Real Academia\u00a0"}]},{"@type":"WebSite","@id":"https:\/\/noticiasmercedinas.com\/site\/#website","url":"https:\/\/noticiasmercedinas.com\/site\/","name":"NOTICIASMERCEDINAS.COM","description":"Mercedes, Buenos Aires, Argentina","publisher":{"@id":"https:\/\/noticiasmercedinas.com\/site\/#organization"},"potentialAction":[{"@type":"SearchAction","target":{"@type":"EntryPoint","urlTemplate":"https:\/\/noticiasmercedinas.com\/site\/?s={search_term_string}"},"query-input":{"@type":"PropertyValueSpecification","valueRequired":true,"valueName":"search_term_string"}}],"inLanguage":"es"},{"@type":"Organization","@id":"https:\/\/noticiasmercedinas.com\/site\/#organization","name":"NOTICIASMERCEDINAS.COM","url":"https:\/\/noticiasmercedinas.com\/site\/","logo":{"@type":"ImageObject","inLanguage":"es","@id":"https:\/\/noticiasmercedinas.com\/site\/#\/schema\/logo\/image\/","url":"https:\/\/noticiasmercedinas.com\/site\/wp-content\/uploads\/2020\/06\/LOGO-512.jpg","contentUrl":"https:\/\/noticiasmercedinas.com\/site\/wp-content\/uploads\/2020\/06\/LOGO-512.jpg","width":512,"height":512,"caption":"NOTICIASMERCEDINAS.COM"},"image":{"@id":"https:\/\/noticiasmercedinas.com\/site\/#\/schema\/logo\/image\/"},"sameAs":["https:\/\/www.facebook.com\/noticiasmercedinas\/","https:\/\/x.com\/notmercedinas","https:\/\/www.instagram.com\/noticiasmercedinas\/"]},{"@type":"Person","@id":"https:\/\/noticiasmercedinas.com\/site\/#\/schema\/person\/84b59c099c28ff2e8b77d4ceec5d8063","name":"NOTICIASMERCEDINAS.COM","image":{"@type":"ImageObject","inLanguage":"es","@id":"https:\/\/secure.gravatar.com\/avatar\/4dfbf16b4d17945bfb6341b2d19043457132fcf478a5ee04f42e959fd8f5df0a?s=96&d=mm&r=g","url":"https:\/\/secure.gravatar.com\/avatar\/4dfbf16b4d17945bfb6341b2d19043457132fcf478a5ee04f42e959fd8f5df0a?s=96&d=mm&r=g","contentUrl":"https:\/\/secure.gravatar.com\/avatar\/4dfbf16b4d17945bfb6341b2d19043457132fcf478a5ee04f42e959fd8f5df0a?s=96&d=mm&r=g","caption":"NOTICIASMERCEDINAS.COM"},"url":"https:\/\/noticiasmercedinas.com\/site\/author\/anonimo\/"}]}},"amp_enabled":true,"_links":{"self":[{"href":"https:\/\/noticiasmercedinas.com\/site\/wp-json\/wp\/v2\/posts\/182246","targetHints":{"allow":["GET"]}}],"collection":[{"href":"https:\/\/noticiasmercedinas.com\/site\/wp-json\/wp\/v2\/posts"}],"about":[{"href":"https:\/\/noticiasmercedinas.com\/site\/wp-json\/wp\/v2\/types\/post"}],"author":[{"embeddable":true,"href":"https:\/\/noticiasmercedinas.com\/site\/wp-json\/wp\/v2\/users\/16"}],"replies":[{"embeddable":true,"href":"https:\/\/noticiasmercedinas.com\/site\/wp-json\/wp\/v2\/comments?post=182246"}],"version-history":[{"count":2,"href":"https:\/\/noticiasmercedinas.com\/site\/wp-json\/wp\/v2\/posts\/182246\/revisions"}],"predecessor-version":[{"id":182274,"href":"https:\/\/noticiasmercedinas.com\/site\/wp-json\/wp\/v2\/posts\/182246\/revisions\/182274"}],"wp:featuredmedia":[{"embeddable":true,"href":"https:\/\/noticiasmercedinas.com\/site\/wp-json\/wp\/v2\/media\/182273"}],"wp:attachment":[{"href":"https:\/\/noticiasmercedinas.com\/site\/wp-json\/wp\/v2\/media?parent=182246"}],"wp:term":[{"taxonomy":"category","embeddable":true,"href":"https:\/\/noticiasmercedinas.com\/site\/wp-json\/wp\/v2\/categories?post=182246"},{"taxonomy":"post_tag","embeddable":true,"href":"https:\/\/noticiasmercedinas.com\/site\/wp-json\/wp\/v2\/tags?post=182246"}],"curies":[{"name":"wp","href":"https:\/\/api.w.org\/{rel}","templated":true}]}}