{"id":182360,"date":"2026-03-21T12:10:11","date_gmt":"2026-03-21T15:10:11","guid":{"rendered":"https:\/\/noticiasmercedinas.com\/site\/?p=182360"},"modified":"2026-03-21T19:34:36","modified_gmt":"2026-03-21T22:34:36","slug":"la-arquidiocesis-de-mercedes-lujan-celebro-la-ordenacion-de-un-nuevo-sacerdote-y-dos-diaconos","status":"publish","type":"post","link":"https:\/\/noticiasmercedinas.com\/site\/2026\/03\/21\/la-arquidiocesis-de-mercedes-lujan-celebro-la-ordenacion-de-un-nuevo-sacerdote-y-dos-diaconos\/","title":{"rendered":"La Arquidi\u00f3cesis de Mercedes-Luj\u00e1n celebr\u00f3 la ordenaci\u00f3n de un nuevo sacerdote y dos di\u00e1conos"},"content":{"rendered":"<p><img loading=\"lazy\" decoding=\"async\" class=\"alignnone size-full wp-image-182363\" src=\"https:\/\/noticiasmercedinas.com\/site\/wp-content\/uploads\/2026\/03\/IMG_20260321_115954-scaled.jpg\" alt=\"\" width=\"2560\" height=\"1928\" srcset=\"https:\/\/noticiasmercedinas.com\/site\/wp-content\/uploads\/2026\/03\/IMG_20260321_115954-scaled.jpg 2560w, https:\/\/noticiasmercedinas.com\/site\/wp-content\/uploads\/2026\/03\/IMG_20260321_115954-300x226.jpg 300w, https:\/\/noticiasmercedinas.com\/site\/wp-content\/uploads\/2026\/03\/IMG_20260321_115954-1024x771.jpg 1024w, https:\/\/noticiasmercedinas.com\/site\/wp-content\/uploads\/2026\/03\/IMG_20260321_115954-768x578.jpg 768w, https:\/\/noticiasmercedinas.com\/site\/wp-content\/uploads\/2026\/03\/IMG_20260321_115954-1536x1157.jpg 1536w, https:\/\/noticiasmercedinas.com\/site\/wp-content\/uploads\/2026\/03\/IMG_20260321_115954-2048x1542.jpg 2048w, https:\/\/noticiasmercedinas.com\/site\/wp-content\/uploads\/2026\/03\/IMG_20260321_115954-80x60.jpg 80w, https:\/\/noticiasmercedinas.com\/site\/wp-content\/uploads\/2026\/03\/IMG_20260321_115954-160x120.jpg 160w, https:\/\/noticiasmercedinas.com\/site\/wp-content\/uploads\/2026\/03\/IMG_20260321_115954-100x75.jpg 100w, https:\/\/noticiasmercedinas.com\/site\/wp-content\/uploads\/2026\/03\/IMG_20260321_115954-200x150.jpg 200w, https:\/\/noticiasmercedinas.com\/site\/wp-content\/uploads\/2026\/03\/IMG_20260321_115954-180x135.jpg 180w, https:\/\/noticiasmercedinas.com\/site\/wp-content\/uploads\/2026\/03\/IMG_20260321_115954-360x270.jpg 360w, https:\/\/noticiasmercedinas.com\/site\/wp-content\/uploads\/2026\/03\/IMG_20260321_115954-238x178.jpg 238w, https:\/\/noticiasmercedinas.com\/site\/wp-content\/uploads\/2026\/03\/IMG_20260321_115954-640x482.jpg 640w, https:\/\/noticiasmercedinas.com\/site\/wp-content\/uploads\/2026\/03\/IMG_20260321_115954-1280x964.jpg 1280w, https:\/\/noticiasmercedinas.com\/site\/wp-content\/uploads\/2026\/03\/IMG_20260321_115954-681x513.jpg 681w, https:\/\/noticiasmercedinas.com\/site\/wp-content\/uploads\/2026\/03\/IMG_20260321_115954-1362x1026.jpg 1362w\" sizes=\"auto, (max-width: 2560px) 100vw, 2560px\" \/><\/p>\n<p>En una ma\u00f1ana marcada por la lluvia pero encendida por el fervor de los fieles, la Bas\u00edlica y Santuario Nacional de Nuestra Se\u00f1ora de Luj\u00e1n fue escenario este s\u00e1bado de una hist\u00f3rica jornada eclesial. Bajo la presidencia del arzobispo Monse\u00f1or Jorge Eduardo Scheinig, se llev\u00f3 a cabo la ordenaci\u00f3n presbiteral de Manuel Amador Asenzo y la ordenaci\u00f3n diaconal de Lucas Levermann y Mat\u00edas De La P\u00e9rgula.<\/p>\n<p>La celebraci\u00f3n, que cont\u00f3 con la presencia del obispo auxiliar Mauricio Landra, el clero arquidiocesano y autoridades civiles como los intendentes Leo Boto (Luj\u00e1n) y Juan Luis Mancini (Suipacha), cumpli\u00f3 con todos los ritos de rigor: desde la postraci\u00f3n de los candidatos hasta la imposici\u00f3n de manos y la entrega de los atributos propios de cada orden, simbolizando su nueva misi\u00f3n en la Iglesia.<\/p>\n<p><img loading=\"lazy\" decoding=\"async\" class=\"alignnone size-full wp-image-182386\" src=\"https:\/\/noticiasmercedinas.com\/site\/wp-content\/uploads\/2026\/03\/manuel4.jpg\" alt=\"\" width=\"640\" height=\"389\" srcset=\"https:\/\/noticiasmercedinas.com\/site\/wp-content\/uploads\/2026\/03\/manuel4.jpg 640w, https:\/\/noticiasmercedinas.com\/site\/wp-content\/uploads\/2026\/03\/manuel4-300x182.jpg 300w\" sizes=\"auto, (max-width: 640px) 100vw, 640px\" \/><\/p>\n<p><strong>Un llamado a la entrega absoluta<\/strong><\/p>\n<p>Durante una homil\u00eda profundamente pastoral basada en el Evangelio sobre el peregrinar de los ap\u00f3stoles, el arzobispo Scheinig se dirigi\u00f3 a los tres j\u00f3venes con palabras de compromiso radical: \u00abCelebramos la Pascua, que es m\u00e1s que la vida y la muerte. Van a morir a sus proyectos personales y van a nacer en el sacerdocio y el diaconado\u00bb, enfatiz\u00f3.<\/p>\n<p>Haciendo eco de la compasi\u00f3n de Jes\u00fas ante un pueblo \u00abmaltratado\u00bb, el prelado subray\u00f3 la necesidad de pastores que tengan un \u00abmovimiento en las entra\u00f1as\u00bb por el sentir de la gente. \u00abEl trabajo que hay es inmenso, los trabajadores somos pocos y la cosecha es abundante\u00bb, se\u00f1al\u00f3 parafraseando las Escrituras, instando a los nuevos ministros a combatir la fatalidad de las historias dram\u00e1ticas y a dar \u00abbatallas apasionadas en favor de la vida\u00bb frente a la acci\u00f3n del mal.<\/p>\n<p><img loading=\"lazy\" decoding=\"async\" class=\"alignnone size-full wp-image-182374\" src=\"https:\/\/noticiasmercedinas.com\/site\/wp-content\/uploads\/2026\/03\/IMG_20260321_1257412-scaled.jpg\" alt=\"\" width=\"2560\" height=\"1607\" srcset=\"https:\/\/noticiasmercedinas.com\/site\/wp-content\/uploads\/2026\/03\/IMG_20260321_1257412-scaled.jpg 2560w, https:\/\/noticiasmercedinas.com\/site\/wp-content\/uploads\/2026\/03\/IMG_20260321_1257412-300x188.jpg 300w, https:\/\/noticiasmercedinas.com\/site\/wp-content\/uploads\/2026\/03\/IMG_20260321_1257412-1024x643.jpg 1024w, https:\/\/noticiasmercedinas.com\/site\/wp-content\/uploads\/2026\/03\/IMG_20260321_1257412-768x482.jpg 768w, https:\/\/noticiasmercedinas.com\/site\/wp-content\/uploads\/2026\/03\/IMG_20260321_1257412-1536x964.jpg 1536w, https:\/\/noticiasmercedinas.com\/site\/wp-content\/uploads\/2026\/03\/IMG_20260321_1257412-2048x1286.jpg 2048w, https:\/\/noticiasmercedinas.com\/site\/wp-content\/uploads\/2026\/03\/IMG_20260321_1257412-640x402.jpg 640w, https:\/\/noticiasmercedinas.com\/site\/wp-content\/uploads\/2026\/03\/IMG_20260321_1257412-1280x803.jpg 1280w, https:\/\/noticiasmercedinas.com\/site\/wp-content\/uploads\/2026\/03\/IMG_20260321_1257412-681x427.jpg 681w, https:\/\/noticiasmercedinas.com\/site\/wp-content\/uploads\/2026\/03\/IMG_20260321_1257412-1362x855.jpg 1362w\" sizes=\"auto, (max-width: 2560px) 100vw, 2560px\" \/><\/p>\n<p><strong>El celibato y el servicio territorial<\/strong><\/p>\n<p>Uno de los momentos de mayor densidad teol\u00f3gica ocurri\u00f3 cuando Scheinig defini\u00f3 el celibato no como una limitaci\u00f3n, sino como una \u00abopci\u00f3n positiva\u00bb para vivir el misterio de la vida ligado absolutamente a Dios, consultando formalmente a los ordenandos sobre su disposici\u00f3n para este signo de consagraci\u00f3n total.<\/p>\n<p>En cuanto a los destinos pastorales, se confirm\u00f3 que el ahora presb\u00edtero suipachense, Manuel Asenzo, continuar\u00e1 su labor ministerial en la misma Bas\u00edlica de Luj\u00e1n, lugar que lo vio consolidar su vocaci\u00f3n y donde hoy recibi\u00f3 el orden sagrado ante una comunidad que super\u00f3 la capacidad del templo.<\/p>\n<p>La jornada concluir\u00eda con un clima de fraternidad en un \u00ab\u00e1gape a la canasta\u00bb donde los nuevos ministros recibir\u00edan el afecto de las distintas comunidades parroquiales que se acercaron a acompa\u00f1arlos en el inicio de su vida consagrada.<\/p>\n<p><img loading=\"lazy\" decoding=\"async\" class=\"alignnone size-full wp-image-182388\" src=\"https:\/\/noticiasmercedinas.com\/site\/wp-content\/uploads\/2026\/03\/manuel1.jpg\" alt=\"\" width=\"640\" height=\"427\" srcset=\"https:\/\/noticiasmercedinas.com\/site\/wp-content\/uploads\/2026\/03\/manuel1.jpg 640w, https:\/\/noticiasmercedinas.com\/site\/wp-content\/uploads\/2026\/03\/manuel1-300x200.jpg 300w\" sizes=\"auto, (max-width: 640px) 100vw, 640px\" \/><\/p>\n<p><img loading=\"lazy\" decoding=\"async\" class=\"alignnone size-full wp-image-182390\" src=\"https:\/\/noticiasmercedinas.com\/site\/wp-content\/uploads\/2026\/03\/WhatsApp-Image-2026-03-21-at-7.26.55-PM.jpeg\" alt=\"\" width=\"1600\" height=\"1066\" srcset=\"https:\/\/noticiasmercedinas.com\/site\/wp-content\/uploads\/2026\/03\/WhatsApp-Image-2026-03-21-at-7.26.55-PM.jpeg 1600w, https:\/\/noticiasmercedinas.com\/site\/wp-content\/uploads\/2026\/03\/WhatsApp-Image-2026-03-21-at-7.26.55-PM-300x200.jpeg 300w, https:\/\/noticiasmercedinas.com\/site\/wp-content\/uploads\/2026\/03\/WhatsApp-Image-2026-03-21-at-7.26.55-PM-1024x682.jpeg 1024w, https:\/\/noticiasmercedinas.com\/site\/wp-content\/uploads\/2026\/03\/WhatsApp-Image-2026-03-21-at-7.26.55-PM-768x512.jpeg 768w, https:\/\/noticiasmercedinas.com\/site\/wp-content\/uploads\/2026\/03\/WhatsApp-Image-2026-03-21-at-7.26.55-PM-1536x1023.jpeg 1536w, https:\/\/noticiasmercedinas.com\/site\/wp-content\/uploads\/2026\/03\/WhatsApp-Image-2026-03-21-at-7.26.55-PM-640x426.jpeg 640w, https:\/\/noticiasmercedinas.com\/site\/wp-content\/uploads\/2026\/03\/WhatsApp-Image-2026-03-21-at-7.26.55-PM-1280x853.jpeg 1280w, https:\/\/noticiasmercedinas.com\/site\/wp-content\/uploads\/2026\/03\/WhatsApp-Image-2026-03-21-at-7.26.55-PM-681x454.jpeg 681w, https:\/\/noticiasmercedinas.com\/site\/wp-content\/uploads\/2026\/03\/WhatsApp-Image-2026-03-21-at-7.26.55-PM-1362x907.jpeg 1362w\" sizes=\"auto, (max-width: 1600px) 100vw, 1600px\" \/><\/p>\n<p><img loading=\"lazy\" decoding=\"async\" class=\"alignnone size-full wp-image-182393\" src=\"https:\/\/noticiasmercedinas.com\/site\/wp-content\/uploads\/2026\/03\/WhatsApp-Image-2026-03-21-at-7.30.27-PM.jpeg\" alt=\"\" width=\"1600\" height=\"1100\" srcset=\"https:\/\/noticiasmercedinas.com\/site\/wp-content\/uploads\/2026\/03\/WhatsApp-Image-2026-03-21-at-7.30.27-PM.jpeg 1600w, https:\/\/noticiasmercedinas.com\/site\/wp-content\/uploads\/2026\/03\/WhatsApp-Image-2026-03-21-at-7.30.27-PM-300x206.jpeg 300w, https:\/\/noticiasmercedinas.com\/site\/wp-content\/uploads\/2026\/03\/WhatsApp-Image-2026-03-21-at-7.30.27-PM-1024x704.jpeg 1024w, https:\/\/noticiasmercedinas.com\/site\/wp-content\/uploads\/2026\/03\/WhatsApp-Image-2026-03-21-at-7.30.27-PM-768x528.jpeg 768w, https:\/\/noticiasmercedinas.com\/site\/wp-content\/uploads\/2026\/03\/WhatsApp-Image-2026-03-21-at-7.30.27-PM-1536x1056.jpeg 1536w, https:\/\/noticiasmercedinas.com\/site\/wp-content\/uploads\/2026\/03\/WhatsApp-Image-2026-03-21-at-7.30.27-PM-640x440.jpeg 640w, https:\/\/noticiasmercedinas.com\/site\/wp-content\/uploads\/2026\/03\/WhatsApp-Image-2026-03-21-at-7.30.27-PM-1280x880.jpeg 1280w, https:\/\/noticiasmercedinas.com\/site\/wp-content\/uploads\/2026\/03\/WhatsApp-Image-2026-03-21-at-7.30.27-PM-681x468.jpeg 681w, https:\/\/noticiasmercedinas.com\/site\/wp-content\/uploads\/2026\/03\/WhatsApp-Image-2026-03-21-at-7.30.27-PM-1362x936.jpeg 1362w\" sizes=\"auto, (max-width: 1600px) 100vw, 1600px\" \/><\/p>\n<p><img loading=\"lazy\" decoding=\"async\" class=\"alignnone size-full wp-image-182370\" src=\"https:\/\/noticiasmercedinas.com\/site\/wp-content\/uploads\/2026\/03\/IMG_20260321_122635.jpg\" alt=\"\" width=\"714\" height=\"505\" srcset=\"https:\/\/noticiasmercedinas.com\/site\/wp-content\/uploads\/2026\/03\/IMG_20260321_122635.jpg 714w, https:\/\/noticiasmercedinas.com\/site\/wp-content\/uploads\/2026\/03\/IMG_20260321_122635-300x212.jpg 300w, https:\/\/noticiasmercedinas.com\/site\/wp-content\/uploads\/2026\/03\/IMG_20260321_122635-640x453.jpg 640w, https:\/\/noticiasmercedinas.com\/site\/wp-content\/uploads\/2026\/03\/IMG_20260321_122635-681x482.jpg 681w\" sizes=\"auto, (max-width: 714px) 100vw, 714px\" \/><\/p>\n","protected":false},"excerpt":{"rendered":"<p>\u25a0 En una emotiva ceremonia en la Bas\u00edlica de Luj\u00e1n, el arzobispo Jorge Eduardo Scheinig consagr\u00f3 a Manuel Asenzo, Lucas Levermann y Mat\u00edas De La P\u00e9rgula. Ante un templo colmado, inst\u00f3 a los nuevos ministros a \u00abmorir a sus proyectos personales\u00bb para servir al pueblo de Dios<\/p>\n","protected":false},"author":16,"featured_media":182363,"comment_status":"closed","ping_status":"closed","sticky":false,"template":"","format":"standard","meta":{"footnotes":""},"categories":[3,20734],"tags":[7687,11318,18478,40,6541,18477],"class_list":["post-182360","post","type-post","status-publish","format-standard","has-post-thumbnail","hentry","category-sociedad","category-ultimo-momento","tag-arquidiocesis-de-mercedes-lujan","tag-arzobispo-jorge-eduardo-scheinig","tag-lucas-levermann","tag-lujan","tag-manuel-asenzo","tag-matias-de-la-pergula"],"yoast_head":"<!-- This site is optimized with the Yoast SEO plugin v27.5 - https:\/\/yoast.com\/product\/yoast-seo-wordpress\/ -->\n<title>La Arquidi\u00f3cesis de Mercedes-Luj\u00e1n celebr\u00f3 la ordenaci\u00f3n de un nuevo sacerdote y dos di\u00e1conos<\/title>\n<meta name=\"description\" content=\"En una emotiva ceremonia en la Bas\u00edlica de Luj\u00e1n, el arzobispo Jorge Eduardo Scheinig consagr\u00f3 a Manuel Asenzo, Lucas Levermann y Mat\u00edas De La P\u00e9rgula. Ante un templo colmado, inst\u00f3 a los nuevos ministros a &quot;morir a sus proyectos personales&quot; para servir al pueblo de Dios\" \/>\n<meta name=\"robots\" content=\"index, follow, max-snippet:-1, max-image-preview:large, max-video-preview:-1\" \/>\n<link rel=\"canonical\" href=\"https:\/\/noticiasmercedinas.com\/site\/2026\/03\/21\/la-arquidiocesis-de-mercedes-lujan-celebro-la-ordenacion-de-un-nuevo-sacerdote-y-dos-diaconos\/\" \/>\n<meta property=\"og:locale\" content=\"es_ES\" \/>\n<meta property=\"og:type\" content=\"article\" \/>\n<meta property=\"og:title\" content=\"La Arquidi\u00f3cesis de Mercedes-Luj\u00e1n celebr\u00f3 la ordenaci\u00f3n de un nuevo sacerdote y dos di\u00e1conos\" \/>\n<meta property=\"og:description\" content=\"En una emotiva ceremonia en la Bas\u00edlica de Luj\u00e1n, el arzobispo Jorge Eduardo Scheinig consagr\u00f3 a Manuel Asenzo, Lucas Levermann y Mat\u00edas De La P\u00e9rgula. Ante un templo colmado, inst\u00f3 a los nuevos ministros a &quot;morir a sus proyectos personales&quot; para servir al pueblo de Dios\" \/>\n<meta property=\"og:url\" content=\"https:\/\/noticiasmercedinas.com\/site\/2026\/03\/21\/la-arquidiocesis-de-mercedes-lujan-celebro-la-ordenacion-de-un-nuevo-sacerdote-y-dos-diaconos\/\" \/>\n<meta property=\"og:site_name\" content=\"NOTICIASMERCEDINAS.COM\" \/>\n<meta property=\"article:publisher\" content=\"https:\/\/www.facebook.com\/noticiasmercedinas\/\" \/>\n<meta property=\"article:published_time\" content=\"2026-03-21T15:10:11+00:00\" \/>\n<meta property=\"article:modified_time\" content=\"2026-03-21T22:34:36+00:00\" \/>\n<meta property=\"og:image\" content=\"https:\/\/noticiasmercedinas.com\/site\/wp-content\/uploads\/2026\/03\/IMG_20260321_115954-scaled.jpg\" \/>\n\t<meta property=\"og:image:width\" content=\"2560\" \/>\n\t<meta property=\"og:image:height\" content=\"1928\" \/>\n\t<meta property=\"og:image:type\" content=\"image\/jpeg\" \/>\n<meta name=\"author\" content=\"NOTICIASMERCEDINAS.COM\" \/>\n<meta name=\"twitter:card\" content=\"summary_large_image\" \/>\n<meta name=\"twitter:creator\" content=\"@notmercedinas\" \/>\n<meta name=\"twitter:site\" content=\"@notmercedinas\" \/>\n<meta name=\"twitter:label1\" content=\"Escrito por\" \/>\n\t<meta name=\"twitter:data1\" content=\"NOTICIASMERCEDINAS.COM\" \/>\n\t<meta name=\"twitter:label2\" content=\"Tiempo de lectura\" \/>\n\t<meta name=\"twitter:data2\" content=\"4 minutos\" \/>\n<script type=\"application\/ld+json\" class=\"yoast-schema-graph\">{\"@context\":\"https:\\\/\\\/schema.org\",\"@graph\":[{\"@type\":\"Article\",\"@id\":\"https:\\\/\\\/noticiasmercedinas.com\\\/site\\\/2026\\\/03\\\/21\\\/la-arquidiocesis-de-mercedes-lujan-celebro-la-ordenacion-de-un-nuevo-sacerdote-y-dos-diaconos\\\/#article\",\"isPartOf\":{\"@id\":\"https:\\\/\\\/noticiasmercedinas.com\\\/site\\\/2026\\\/03\\\/21\\\/la-arquidiocesis-de-mercedes-lujan-celebro-la-ordenacion-de-un-nuevo-sacerdote-y-dos-diaconos\\\/\"},\"author\":{\"name\":\"NOTICIASMERCEDINAS.COM\",\"@id\":\"https:\\\/\\\/noticiasmercedinas.com\\\/site\\\/#\\\/schema\\\/person\\\/84b59c099c28ff2e8b77d4ceec5d8063\"},\"headline\":\"La Arquidi\u00f3cesis de Mercedes-Luj\u00e1n celebr\u00f3 la ordenaci\u00f3n de un nuevo sacerdote y dos di\u00e1conos\",\"datePublished\":\"2026-03-21T15:10:11+00:00\",\"dateModified\":\"2026-03-21T22:34:36+00:00\",\"mainEntityOfPage\":{\"@id\":\"https:\\\/\\\/noticiasmercedinas.com\\\/site\\\/2026\\\/03\\\/21\\\/la-arquidiocesis-de-mercedes-lujan-celebro-la-ordenacion-de-un-nuevo-sacerdote-y-dos-diaconos\\\/\"},\"wordCount\":470,\"publisher\":{\"@id\":\"https:\\\/\\\/noticiasmercedinas.com\\\/site\\\/#organization\"},\"image\":{\"@id\":\"https:\\\/\\\/noticiasmercedinas.com\\\/site\\\/2026\\\/03\\\/21\\\/la-arquidiocesis-de-mercedes-lujan-celebro-la-ordenacion-de-un-nuevo-sacerdote-y-dos-diaconos\\\/#primaryimage\"},\"thumbnailUrl\":\"https:\\\/\\\/noticiasmercedinas.com\\\/site\\\/wp-content\\\/uploads\\\/2026\\\/03\\\/IMG_20260321_115954-scaled.jpg\",\"keywords\":[\"Arquidi\u00f3cesis de Mercedes Luj\u00e1n\",\"arzobispo Jorge Eduardo Scheinig\",\"Lucas Levermann\",\"lujan\",\"Manuel Asenzo\",\"Mat\u00edas De la Pergula\"],\"articleSection\":[\"Sociedad\",\"Ultimo momento\"],\"inLanguage\":\"es\"},{\"@type\":\"WebPage\",\"@id\":\"https:\\\/\\\/noticiasmercedinas.com\\\/site\\\/2026\\\/03\\\/21\\\/la-arquidiocesis-de-mercedes-lujan-celebro-la-ordenacion-de-un-nuevo-sacerdote-y-dos-diaconos\\\/\",\"url\":\"https:\\\/\\\/noticiasmercedinas.com\\\/site\\\/2026\\\/03\\\/21\\\/la-arquidiocesis-de-mercedes-lujan-celebro-la-ordenacion-de-un-nuevo-sacerdote-y-dos-diaconos\\\/\",\"name\":\"La Arquidi\u00f3cesis de Mercedes-Luj\u00e1n celebr\u00f3 la ordenaci\u00f3n de un nuevo sacerdote y dos di\u00e1conos\",\"isPartOf\":{\"@id\":\"https:\\\/\\\/noticiasmercedinas.com\\\/site\\\/#website\"},\"primaryImageOfPage\":{\"@id\":\"https:\\\/\\\/noticiasmercedinas.com\\\/site\\\/2026\\\/03\\\/21\\\/la-arquidiocesis-de-mercedes-lujan-celebro-la-ordenacion-de-un-nuevo-sacerdote-y-dos-diaconos\\\/#primaryimage\"},\"image\":{\"@id\":\"https:\\\/\\\/noticiasmercedinas.com\\\/site\\\/2026\\\/03\\\/21\\\/la-arquidiocesis-de-mercedes-lujan-celebro-la-ordenacion-de-un-nuevo-sacerdote-y-dos-diaconos\\\/#primaryimage\"},\"thumbnailUrl\":\"https:\\\/\\\/noticiasmercedinas.com\\\/site\\\/wp-content\\\/uploads\\\/2026\\\/03\\\/IMG_20260321_115954-scaled.jpg\",\"datePublished\":\"2026-03-21T15:10:11+00:00\",\"dateModified\":\"2026-03-21T22:34:36+00:00\",\"description\":\"En una emotiva ceremonia en la Bas\u00edlica de Luj\u00e1n, el arzobispo Jorge Eduardo Scheinig consagr\u00f3 a Manuel Asenzo, Lucas Levermann y Mat\u00edas De La P\u00e9rgula. Ante un templo colmado, inst\u00f3 a los nuevos ministros a \\\"morir a sus proyectos personales\\\" para servir al pueblo de Dios\",\"breadcrumb\":{\"@id\":\"https:\\\/\\\/noticiasmercedinas.com\\\/site\\\/2026\\\/03\\\/21\\\/la-arquidiocesis-de-mercedes-lujan-celebro-la-ordenacion-de-un-nuevo-sacerdote-y-dos-diaconos\\\/#breadcrumb\"},\"inLanguage\":\"es\",\"potentialAction\":[{\"@type\":\"ReadAction\",\"target\":[\"https:\\\/\\\/noticiasmercedinas.com\\\/site\\\/2026\\\/03\\\/21\\\/la-arquidiocesis-de-mercedes-lujan-celebro-la-ordenacion-de-un-nuevo-sacerdote-y-dos-diaconos\\\/\"]}]},{\"@type\":\"ImageObject\",\"inLanguage\":\"es\",\"@id\":\"https:\\\/\\\/noticiasmercedinas.com\\\/site\\\/2026\\\/03\\\/21\\\/la-arquidiocesis-de-mercedes-lujan-celebro-la-ordenacion-de-un-nuevo-sacerdote-y-dos-diaconos\\\/#primaryimage\",\"url\":\"https:\\\/\\\/noticiasmercedinas.com\\\/site\\\/wp-content\\\/uploads\\\/2026\\\/03\\\/IMG_20260321_115954-scaled.jpg\",\"contentUrl\":\"https:\\\/\\\/noticiasmercedinas.com\\\/site\\\/wp-content\\\/uploads\\\/2026\\\/03\\\/IMG_20260321_115954-scaled.jpg\",\"width\":2560,\"height\":1928},{\"@type\":\"BreadcrumbList\",\"@id\":\"https:\\\/\\\/noticiasmercedinas.com\\\/site\\\/2026\\\/03\\\/21\\\/la-arquidiocesis-de-mercedes-lujan-celebro-la-ordenacion-de-un-nuevo-sacerdote-y-dos-diaconos\\\/#breadcrumb\",\"itemListElement\":[{\"@type\":\"ListItem\",\"position\":1,\"name\":\"Portada\",\"item\":\"https:\\\/\\\/noticiasmercedinas.com\\\/site\\\/\"},{\"@type\":\"ListItem\",\"position\":2,\"name\":\"La Arquidi\u00f3cesis de Mercedes-Luj\u00e1n celebr\u00f3 la ordenaci\u00f3n de un nuevo sacerdote y dos di\u00e1conos\"}]},{\"@type\":\"WebSite\",\"@id\":\"https:\\\/\\\/noticiasmercedinas.com\\\/site\\\/#website\",\"url\":\"https:\\\/\\\/noticiasmercedinas.com\\\/site\\\/\",\"name\":\"NOTICIASMERCEDINAS.COM\",\"description\":\"Mercedes, Buenos Aires, Argentina\",\"publisher\":{\"@id\":\"https:\\\/\\\/noticiasmercedinas.com\\\/site\\\/#organization\"},\"potentialAction\":[{\"@type\":\"SearchAction\",\"target\":{\"@type\":\"EntryPoint\",\"urlTemplate\":\"https:\\\/\\\/noticiasmercedinas.com\\\/site\\\/?s={search_term_string}\"},\"query-input\":{\"@type\":\"PropertyValueSpecification\",\"valueRequired\":true,\"valueName\":\"search_term_string\"}}],\"inLanguage\":\"es\"},{\"@type\":\"Organization\",\"@id\":\"https:\\\/\\\/noticiasmercedinas.com\\\/site\\\/#organization\",\"name\":\"NOTICIASMERCEDINAS.COM\",\"url\":\"https:\\\/\\\/noticiasmercedinas.com\\\/site\\\/\",\"logo\":{\"@type\":\"ImageObject\",\"inLanguage\":\"es\",\"@id\":\"https:\\\/\\\/noticiasmercedinas.com\\\/site\\\/#\\\/schema\\\/logo\\\/image\\\/\",\"url\":\"https:\\\/\\\/noticiasmercedinas.com\\\/site\\\/wp-content\\\/uploads\\\/2020\\\/06\\\/LOGO-512.jpg\",\"contentUrl\":\"https:\\\/\\\/noticiasmercedinas.com\\\/site\\\/wp-content\\\/uploads\\\/2020\\\/06\\\/LOGO-512.jpg\",\"width\":512,\"height\":512,\"caption\":\"NOTICIASMERCEDINAS.COM\"},\"image\":{\"@id\":\"https:\\\/\\\/noticiasmercedinas.com\\\/site\\\/#\\\/schema\\\/logo\\\/image\\\/\"},\"sameAs\":[\"https:\\\/\\\/www.facebook.com\\\/noticiasmercedinas\\\/\",\"https:\\\/\\\/x.com\\\/notmercedinas\",\"https:\\\/\\\/www.instagram.com\\\/noticiasmercedinas\\\/\"]},{\"@type\":\"Person\",\"@id\":\"https:\\\/\\\/noticiasmercedinas.com\\\/site\\\/#\\\/schema\\\/person\\\/84b59c099c28ff2e8b77d4ceec5d8063\",\"name\":\"NOTICIASMERCEDINAS.COM\",\"image\":{\"@type\":\"ImageObject\",\"inLanguage\":\"es\",\"@id\":\"https:\\\/\\\/secure.gravatar.com\\\/avatar\\\/4dfbf16b4d17945bfb6341b2d19043457132fcf478a5ee04f42e959fd8f5df0a?s=96&d=mm&r=g\",\"url\":\"https:\\\/\\\/secure.gravatar.com\\\/avatar\\\/4dfbf16b4d17945bfb6341b2d19043457132fcf478a5ee04f42e959fd8f5df0a?s=96&d=mm&r=g\",\"contentUrl\":\"https:\\\/\\\/secure.gravatar.com\\\/avatar\\\/4dfbf16b4d17945bfb6341b2d19043457132fcf478a5ee04f42e959fd8f5df0a?s=96&d=mm&r=g\",\"caption\":\"NOTICIASMERCEDINAS.COM\"},\"url\":\"https:\\\/\\\/noticiasmercedinas.com\\\/site\\\/author\\\/anonimo\\\/\"}]}<\/script>\n<!-- \/ Yoast SEO plugin. -->","yoast_head_json":{"title":"La Arquidi\u00f3cesis de Mercedes-Luj\u00e1n celebr\u00f3 la ordenaci\u00f3n de un nuevo sacerdote y dos di\u00e1conos","description":"En una emotiva ceremonia en la Bas\u00edlica de Luj\u00e1n, el arzobispo Jorge Eduardo Scheinig consagr\u00f3 a Manuel Asenzo, Lucas Levermann y Mat\u00edas De La P\u00e9rgula. Ante un templo colmado, inst\u00f3 a los nuevos ministros a \"morir a sus proyectos personales\" para servir al pueblo de Dios","robots":{"index":"index","follow":"follow","max-snippet":"max-snippet:-1","max-image-preview":"max-image-preview:large","max-video-preview":"max-video-preview:-1"},"canonical":"https:\/\/noticiasmercedinas.com\/site\/2026\/03\/21\/la-arquidiocesis-de-mercedes-lujan-celebro-la-ordenacion-de-un-nuevo-sacerdote-y-dos-diaconos\/","og_locale":"es_ES","og_type":"article","og_title":"La Arquidi\u00f3cesis de Mercedes-Luj\u00e1n celebr\u00f3 la ordenaci\u00f3n de un nuevo sacerdote y dos di\u00e1conos","og_description":"En una emotiva ceremonia en la Bas\u00edlica de Luj\u00e1n, el arzobispo Jorge Eduardo Scheinig consagr\u00f3 a Manuel Asenzo, Lucas Levermann y Mat\u00edas De La P\u00e9rgula. Ante un templo colmado, inst\u00f3 a los nuevos ministros a \"morir a sus proyectos personales\" para servir al pueblo de Dios","og_url":"https:\/\/noticiasmercedinas.com\/site\/2026\/03\/21\/la-arquidiocesis-de-mercedes-lujan-celebro-la-ordenacion-de-un-nuevo-sacerdote-y-dos-diaconos\/","og_site_name":"NOTICIASMERCEDINAS.COM","article_publisher":"https:\/\/www.facebook.com\/noticiasmercedinas\/","article_published_time":"2026-03-21T15:10:11+00:00","article_modified_time":"2026-03-21T22:34:36+00:00","og_image":[{"width":2560,"height":1928,"url":"https:\/\/noticiasmercedinas.com\/site\/wp-content\/uploads\/2026\/03\/IMG_20260321_115954-scaled.jpg","type":"image\/jpeg"}],"author":"NOTICIASMERCEDINAS.COM","twitter_card":"summary_large_image","twitter_creator":"@notmercedinas","twitter_site":"@notmercedinas","twitter_misc":{"Escrito por":"NOTICIASMERCEDINAS.COM","Tiempo de lectura":"4 minutos"},"schema":{"@context":"https:\/\/schema.org","@graph":[{"@type":"Article","@id":"https:\/\/noticiasmercedinas.com\/site\/2026\/03\/21\/la-arquidiocesis-de-mercedes-lujan-celebro-la-ordenacion-de-un-nuevo-sacerdote-y-dos-diaconos\/#article","isPartOf":{"@id":"https:\/\/noticiasmercedinas.com\/site\/2026\/03\/21\/la-arquidiocesis-de-mercedes-lujan-celebro-la-ordenacion-de-un-nuevo-sacerdote-y-dos-diaconos\/"},"author":{"name":"NOTICIASMERCEDINAS.COM","@id":"https:\/\/noticiasmercedinas.com\/site\/#\/schema\/person\/84b59c099c28ff2e8b77d4ceec5d8063"},"headline":"La Arquidi\u00f3cesis de Mercedes-Luj\u00e1n celebr\u00f3 la ordenaci\u00f3n de un nuevo sacerdote y dos di\u00e1conos","datePublished":"2026-03-21T15:10:11+00:00","dateModified":"2026-03-21T22:34:36+00:00","mainEntityOfPage":{"@id":"https:\/\/noticiasmercedinas.com\/site\/2026\/03\/21\/la-arquidiocesis-de-mercedes-lujan-celebro-la-ordenacion-de-un-nuevo-sacerdote-y-dos-diaconos\/"},"wordCount":470,"publisher":{"@id":"https:\/\/noticiasmercedinas.com\/site\/#organization"},"image":{"@id":"https:\/\/noticiasmercedinas.com\/site\/2026\/03\/21\/la-arquidiocesis-de-mercedes-lujan-celebro-la-ordenacion-de-un-nuevo-sacerdote-y-dos-diaconos\/#primaryimage"},"thumbnailUrl":"https:\/\/noticiasmercedinas.com\/site\/wp-content\/uploads\/2026\/03\/IMG_20260321_115954-scaled.jpg","keywords":["Arquidi\u00f3cesis de Mercedes Luj\u00e1n","arzobispo Jorge Eduardo Scheinig","Lucas Levermann","lujan","Manuel Asenzo","Mat\u00edas De la Pergula"],"articleSection":["Sociedad","Ultimo momento"],"inLanguage":"es"},{"@type":"WebPage","@id":"https:\/\/noticiasmercedinas.com\/site\/2026\/03\/21\/la-arquidiocesis-de-mercedes-lujan-celebro-la-ordenacion-de-un-nuevo-sacerdote-y-dos-diaconos\/","url":"https:\/\/noticiasmercedinas.com\/site\/2026\/03\/21\/la-arquidiocesis-de-mercedes-lujan-celebro-la-ordenacion-de-un-nuevo-sacerdote-y-dos-diaconos\/","name":"La Arquidi\u00f3cesis de Mercedes-Luj\u00e1n celebr\u00f3 la ordenaci\u00f3n de un nuevo sacerdote y dos di\u00e1conos","isPartOf":{"@id":"https:\/\/noticiasmercedinas.com\/site\/#website"},"primaryImageOfPage":{"@id":"https:\/\/noticiasmercedinas.com\/site\/2026\/03\/21\/la-arquidiocesis-de-mercedes-lujan-celebro-la-ordenacion-de-un-nuevo-sacerdote-y-dos-diaconos\/#primaryimage"},"image":{"@id":"https:\/\/noticiasmercedinas.com\/site\/2026\/03\/21\/la-arquidiocesis-de-mercedes-lujan-celebro-la-ordenacion-de-un-nuevo-sacerdote-y-dos-diaconos\/#primaryimage"},"thumbnailUrl":"https:\/\/noticiasmercedinas.com\/site\/wp-content\/uploads\/2026\/03\/IMG_20260321_115954-scaled.jpg","datePublished":"2026-03-21T15:10:11+00:00","dateModified":"2026-03-21T22:34:36+00:00","description":"En una emotiva ceremonia en la Bas\u00edlica de Luj\u00e1n, el arzobispo Jorge Eduardo Scheinig consagr\u00f3 a Manuel Asenzo, Lucas Levermann y Mat\u00edas De La P\u00e9rgula. Ante un templo colmado, inst\u00f3 a los nuevos ministros a \"morir a sus proyectos personales\" para servir al pueblo de Dios","breadcrumb":{"@id":"https:\/\/noticiasmercedinas.com\/site\/2026\/03\/21\/la-arquidiocesis-de-mercedes-lujan-celebro-la-ordenacion-de-un-nuevo-sacerdote-y-dos-diaconos\/#breadcrumb"},"inLanguage":"es","potentialAction":[{"@type":"ReadAction","target":["https:\/\/noticiasmercedinas.com\/site\/2026\/03\/21\/la-arquidiocesis-de-mercedes-lujan-celebro-la-ordenacion-de-un-nuevo-sacerdote-y-dos-diaconos\/"]}]},{"@type":"ImageObject","inLanguage":"es","@id":"https:\/\/noticiasmercedinas.com\/site\/2026\/03\/21\/la-arquidiocesis-de-mercedes-lujan-celebro-la-ordenacion-de-un-nuevo-sacerdote-y-dos-diaconos\/#primaryimage","url":"https:\/\/noticiasmercedinas.com\/site\/wp-content\/uploads\/2026\/03\/IMG_20260321_115954-scaled.jpg","contentUrl":"https:\/\/noticiasmercedinas.com\/site\/wp-content\/uploads\/2026\/03\/IMG_20260321_115954-scaled.jpg","width":2560,"height":1928},{"@type":"BreadcrumbList","@id":"https:\/\/noticiasmercedinas.com\/site\/2026\/03\/21\/la-arquidiocesis-de-mercedes-lujan-celebro-la-ordenacion-de-un-nuevo-sacerdote-y-dos-diaconos\/#breadcrumb","itemListElement":[{"@type":"ListItem","position":1,"name":"Portada","item":"https:\/\/noticiasmercedinas.com\/site\/"},{"@type":"ListItem","position":2,"name":"La Arquidi\u00f3cesis de Mercedes-Luj\u00e1n celebr\u00f3 la ordenaci\u00f3n de un nuevo sacerdote y dos di\u00e1conos"}]},{"@type":"WebSite","@id":"https:\/\/noticiasmercedinas.com\/site\/#website","url":"https:\/\/noticiasmercedinas.com\/site\/","name":"NOTICIASMERCEDINAS.COM","description":"Mercedes, Buenos Aires, Argentina","publisher":{"@id":"https:\/\/noticiasmercedinas.com\/site\/#organization"},"potentialAction":[{"@type":"SearchAction","target":{"@type":"EntryPoint","urlTemplate":"https:\/\/noticiasmercedinas.com\/site\/?s={search_term_string}"},"query-input":{"@type":"PropertyValueSpecification","valueRequired":true,"valueName":"search_term_string"}}],"inLanguage":"es"},{"@type":"Organization","@id":"https:\/\/noticiasmercedinas.com\/site\/#organization","name":"NOTICIASMERCEDINAS.COM","url":"https:\/\/noticiasmercedinas.com\/site\/","logo":{"@type":"ImageObject","inLanguage":"es","@id":"https:\/\/noticiasmercedinas.com\/site\/#\/schema\/logo\/image\/","url":"https:\/\/noticiasmercedinas.com\/site\/wp-content\/uploads\/2020\/06\/LOGO-512.jpg","contentUrl":"https:\/\/noticiasmercedinas.com\/site\/wp-content\/uploads\/2020\/06\/LOGO-512.jpg","width":512,"height":512,"caption":"NOTICIASMERCEDINAS.COM"},"image":{"@id":"https:\/\/noticiasmercedinas.com\/site\/#\/schema\/logo\/image\/"},"sameAs":["https:\/\/www.facebook.com\/noticiasmercedinas\/","https:\/\/x.com\/notmercedinas","https:\/\/www.instagram.com\/noticiasmercedinas\/"]},{"@type":"Person","@id":"https:\/\/noticiasmercedinas.com\/site\/#\/schema\/person\/84b59c099c28ff2e8b77d4ceec5d8063","name":"NOTICIASMERCEDINAS.COM","image":{"@type":"ImageObject","inLanguage":"es","@id":"https:\/\/secure.gravatar.com\/avatar\/4dfbf16b4d17945bfb6341b2d19043457132fcf478a5ee04f42e959fd8f5df0a?s=96&d=mm&r=g","url":"https:\/\/secure.gravatar.com\/avatar\/4dfbf16b4d17945bfb6341b2d19043457132fcf478a5ee04f42e959fd8f5df0a?s=96&d=mm&r=g","contentUrl":"https:\/\/secure.gravatar.com\/avatar\/4dfbf16b4d17945bfb6341b2d19043457132fcf478a5ee04f42e959fd8f5df0a?s=96&d=mm&r=g","caption":"NOTICIASMERCEDINAS.COM"},"url":"https:\/\/noticiasmercedinas.com\/site\/author\/anonimo\/"}]}},"amp_enabled":true,"_links":{"self":[{"href":"https:\/\/noticiasmercedinas.com\/site\/wp-json\/wp\/v2\/posts\/182360","targetHints":{"allow":["GET"]}}],"collection":[{"href":"https:\/\/noticiasmercedinas.com\/site\/wp-json\/wp\/v2\/posts"}],"about":[{"href":"https:\/\/noticiasmercedinas.com\/site\/wp-json\/wp\/v2\/types\/post"}],"author":[{"embeddable":true,"href":"https:\/\/noticiasmercedinas.com\/site\/wp-json\/wp\/v2\/users\/16"}],"replies":[{"embeddable":true,"href":"https:\/\/noticiasmercedinas.com\/site\/wp-json\/wp\/v2\/comments?post=182360"}],"version-history":[{"count":12,"href":"https:\/\/noticiasmercedinas.com\/site\/wp-json\/wp\/v2\/posts\/182360\/revisions"}],"predecessor-version":[{"id":182394,"href":"https:\/\/noticiasmercedinas.com\/site\/wp-json\/wp\/v2\/posts\/182360\/revisions\/182394"}],"wp:featuredmedia":[{"embeddable":true,"href":"https:\/\/noticiasmercedinas.com\/site\/wp-json\/wp\/v2\/media\/182363"}],"wp:attachment":[{"href":"https:\/\/noticiasmercedinas.com\/site\/wp-json\/wp\/v2\/media?parent=182360"}],"wp:term":[{"taxonomy":"category","embeddable":true,"href":"https:\/\/noticiasmercedinas.com\/site\/wp-json\/wp\/v2\/categories?post=182360"},{"taxonomy":"post_tag","embeddable":true,"href":"https:\/\/noticiasmercedinas.com\/site\/wp-json\/wp\/v2\/tags?post=182360"}],"curies":[{"name":"wp","href":"https:\/\/api.w.org\/{rel}","templated":true}]}}