{"id":182378,"date":"2026-03-21T17:40:56","date_gmt":"2026-03-21T20:40:56","guid":{"rendered":"https:\/\/noticiasmercedinas.com\/site\/?p=182378"},"modified":"2026-03-21T17:40:56","modified_gmt":"2026-03-21T20:40:56","slug":"cuiden-a-manuel-el-respaldo-de-los-intendentes-de-lujan-y-suipacha-al-nuevo-sacerdote","status":"publish","type":"post","link":"https:\/\/noticiasmercedinas.com\/site\/2026\/03\/21\/cuiden-a-manuel-el-respaldo-de-los-intendentes-de-lujan-y-suipacha-al-nuevo-sacerdote\/","title":{"rendered":"\u00abCuiden a Manuel\u00bb: El respaldo de los intendentes de Luj\u00e1n y Suipacha al nuevo sacerdote"},"content":{"rendered":"<p><img loading=\"lazy\" decoding=\"async\" class=\"alignnone size-full wp-image-182379\" src=\"https:\/\/noticiasmercedinas.com\/site\/wp-content\/uploads\/2026\/03\/WhatsApp-Image-2026-03-21-at-5.32.05-PM.jpeg\" alt=\"\" width=\"640\" height=\"428\" srcset=\"https:\/\/noticiasmercedinas.com\/site\/wp-content\/uploads\/2026\/03\/WhatsApp-Image-2026-03-21-at-5.32.05-PM.jpeg 640w, https:\/\/noticiasmercedinas.com\/site\/wp-content\/uploads\/2026\/03\/WhatsApp-Image-2026-03-21-at-5.32.05-PM-300x201.jpeg 300w, https:\/\/noticiasmercedinas.com\/site\/wp-content\/uploads\/2026\/03\/WhatsApp-Image-2026-03-21-at-5.32.05-PM-537x360.jpeg 537w\" sizes=\"auto, (max-width: 640px) 100vw, 640px\" \/><\/p>\n<p>M\u00e1s all\u00e1 del rigor lit\u00fargico, <a href=\"https:\/\/noticiasmercedinas.com\/site\/2026\/03\/21\/la-arquidiocesis-de-mercedes-lujan-celebro-la-ordenacion-de-un-nuevo-sacerdote-y-dos-diaconos\/\">la ordenaci\u00f3n de <strong>Manuel Asenzo<\/strong> este s\u00e1bado<\/a> tuvo un fuerte componente de cercan\u00eda regional.<\/p>\n<p>Los intendentes <strong>Juan Luis Mancini<\/strong> (Suipacha) y <strong>Leonardo Boto<\/strong> (Luj\u00e1n) se mostraron distendidos y emocionados al finalizar la ceremonia, subrayando el valor de los nuevos pastores para sus comunidades.<\/p>\n<p>Para Mancini, la jornada tuvo un tinte personal. \u00abEs muy emocionante porque a Manuel nos conocemos de chicos; yo era amigo de su hermano menor. Ver que se est\u00e1 ordenando es una alegr\u00eda personal y de toda la comunidad de Suipacha que lo acompa\u00f1\u00f3 mucho\u00bb coment\u00f3 el jefe comunal a <em>Noticias Mercedinas<\/em>, y entre risas le hizo un pedido p\u00fablico a su par de Luj\u00e1n: \u00abEstamos pidi\u00e9ndole al intendente Boto que nos lo cuiden y lo traten bien\u00bb.<\/p>\n<p>Por su parte, Leo Boto recibi\u00f3 el \u00abtraspaso\u00bb con gratitud, destacando que el nuevo presb\u00edtero ya es una figura familiar para los lujanenses. \u00abYa lo ten\u00edamos desde hace bastante presente en diferentes ceremonias. Es una persona muy cercana, muy preparada y con mucho futuro de servicio para asumir esa &#8216;gran cosecha&#8217; de la cual se habl\u00f3 hoy\u00bb, afirm\u00f3 Boto, concluyendo con un gui\u00f1o a la identidad local: \u00abNo s\u00e9 si naci\u00f3 en Suipacha o no, pero nosotros ya lo sentimos de Luj\u00e1n desde hace tiempo\u00bb.<\/p>\n<p>Ambos mandatarios coincidieron en que la principal virtud de Asenzo ser\u00e1 su \u00abcapacidad de cercan\u00eda\u00bb y su compromiso para llevar esperanza a quienes m\u00e1s sufren en la regi\u00f3n, marcando un puente de fe entre ambos distritos.<\/p>\n<p><img loading=\"lazy\" decoding=\"async\" class=\"alignnone size-full wp-image-182380\" src=\"https:\/\/noticiasmercedinas.com\/site\/wp-content\/uploads\/2026\/03\/manuasenzo.jpg\" alt=\"\" width=\"640\" height=\"427\" srcset=\"https:\/\/noticiasmercedinas.com\/site\/wp-content\/uploads\/2026\/03\/manuasenzo.jpg 640w, https:\/\/noticiasmercedinas.com\/site\/wp-content\/uploads\/2026\/03\/manuasenzo-300x200.jpg 300w\" sizes=\"auto, (max-width: 640px) 100vw, 640px\" \/><\/p>\n","protected":false},"excerpt":{"rendered":"<p>\u25a0 Juan Luis Mancini y Leonardo Boto acompa\u00f1aron la ordenaci\u00f3n de Manuel Asenzo en la Bas\u00edlica. Entre an\u00e9cdotas de infancia y proyecciones pastorales, destacaron la \u00abcalidad humana\u00bb del joven cl\u00e9rigo suipachense que cumplir\u00e1 funciones en la ciudad lujanense.<\/p>\n","protected":false},"author":2,"featured_media":182379,"comment_status":"closed","ping_status":"closed","sticky":false,"template":"","format":"standard","meta":{"footnotes":""},"categories":[3],"tags":[14779,6018,40,6541,1095],"class_list":["post-182378","post","type-post","status-publish","format-standard","has-post-thumbnail","hentry","category-sociedad","tag-juan-luis-mancini","tag-leo-boto","tag-lujan","tag-manuel-asenzo","tag-suipacha"],"yoast_head":"<!-- This site is optimized with the Yoast SEO plugin v27.5 - https:\/\/yoast.com\/product\/yoast-seo-wordpress\/ -->\n<title>&quot;Cuiden a Manuel&quot;: El respaldo de los intendentes de Luj\u00e1n y Suipacha al nuevo sacerdote<\/title>\n<meta name=\"description\" content=\"Juan Luis Mancini y Leonardo Boto acompa\u00f1aron la ordenaci\u00f3n de Manuel Asenzo en la Bas\u00edlica. Entre an\u00e9cdotas de infancia y proyecciones pastorales, destacaron la &quot;calidad humana&quot; del joven cl\u00e9rigo suipachense que cumplir\u00e1 funciones en la ciudad lujanense.\" \/>\n<meta name=\"robots\" content=\"index, follow, max-snippet:-1, max-image-preview:large, max-video-preview:-1\" \/>\n<link rel=\"canonical\" href=\"https:\/\/noticiasmercedinas.com\/site\/2026\/03\/21\/cuiden-a-manuel-el-respaldo-de-los-intendentes-de-lujan-y-suipacha-al-nuevo-sacerdote\/\" \/>\n<meta property=\"og:locale\" content=\"es_ES\" \/>\n<meta property=\"og:type\" content=\"article\" \/>\n<meta property=\"og:title\" content=\"&quot;Cuiden a Manuel&quot;: El respaldo de los intendentes de Luj\u00e1n y Suipacha al nuevo sacerdote\" \/>\n<meta property=\"og:description\" content=\"Juan Luis Mancini y Leonardo Boto acompa\u00f1aron la ordenaci\u00f3n de Manuel Asenzo en la Bas\u00edlica. Entre an\u00e9cdotas de infancia y proyecciones pastorales, destacaron la &quot;calidad humana&quot; del joven cl\u00e9rigo suipachense que cumplir\u00e1 funciones en la ciudad lujanense.\" \/>\n<meta property=\"og:url\" content=\"https:\/\/noticiasmercedinas.com\/site\/2026\/03\/21\/cuiden-a-manuel-el-respaldo-de-los-intendentes-de-lujan-y-suipacha-al-nuevo-sacerdote\/\" \/>\n<meta property=\"og:site_name\" content=\"NOTICIASMERCEDINAS.COM\" \/>\n<meta property=\"article:publisher\" content=\"https:\/\/www.facebook.com\/noticiasmercedinas\/\" \/>\n<meta property=\"article:author\" content=\"https:\/\/www.facebook.com\/cristian.falabella\" \/>\n<meta property=\"article:published_time\" content=\"2026-03-21T20:40:56+00:00\" \/>\n<meta property=\"og:image\" content=\"https:\/\/noticiasmercedinas.com\/site\/wp-content\/uploads\/2026\/03\/WhatsApp-Image-2026-03-21-at-5.32.05-PM.jpeg\" \/>\n\t<meta property=\"og:image:width\" content=\"640\" \/>\n\t<meta property=\"og:image:height\" content=\"428\" \/>\n\t<meta property=\"og:image:type\" content=\"image\/jpeg\" \/>\n<meta name=\"author\" content=\"Cristian Falabella NOTICIASMERCEDINAS.COM\" \/>\n<meta name=\"twitter:card\" content=\"summary_large_image\" \/>\n<meta name=\"twitter:creator\" content=\"@https:\/\/twitter.com\/NOTMERCEDINAS\" \/>\n<meta name=\"twitter:site\" content=\"@notmercedinas\" \/>\n<meta name=\"twitter:label1\" content=\"Escrito por\" \/>\n\t<meta name=\"twitter:data1\" content=\"Cristian Falabella NOTICIASMERCEDINAS.COM\" \/>\n\t<meta name=\"twitter:label2\" content=\"Tiempo de lectura\" \/>\n\t<meta name=\"twitter:data2\" content=\"2 minutos\" \/>\n<script type=\"application\/ld+json\" class=\"yoast-schema-graph\">{\"@context\":\"https:\\\/\\\/schema.org\",\"@graph\":[{\"@type\":\"Article\",\"@id\":\"https:\\\/\\\/noticiasmercedinas.com\\\/site\\\/2026\\\/03\\\/21\\\/cuiden-a-manuel-el-respaldo-de-los-intendentes-de-lujan-y-suipacha-al-nuevo-sacerdote\\\/#article\",\"isPartOf\":{\"@id\":\"https:\\\/\\\/noticiasmercedinas.com\\\/site\\\/2026\\\/03\\\/21\\\/cuiden-a-manuel-el-respaldo-de-los-intendentes-de-lujan-y-suipacha-al-nuevo-sacerdote\\\/\"},\"author\":{\"name\":\"Cristian Falabella NOTICIASMERCEDINAS.COM\",\"@id\":\"https:\\\/\\\/noticiasmercedinas.com\\\/site\\\/#\\\/schema\\\/person\\\/d481a9696a5feaec13a60e2bbd991a6a\"},\"headline\":\"\u00abCuiden a Manuel\u00bb: El respaldo de los intendentes de Luj\u00e1n y Suipacha al nuevo sacerdote\",\"datePublished\":\"2026-03-21T20:40:56+00:00\",\"mainEntityOfPage\":{\"@id\":\"https:\\\/\\\/noticiasmercedinas.com\\\/site\\\/2026\\\/03\\\/21\\\/cuiden-a-manuel-el-respaldo-de-los-intendentes-de-lujan-y-suipacha-al-nuevo-sacerdote\\\/\"},\"wordCount\":280,\"publisher\":{\"@id\":\"https:\\\/\\\/noticiasmercedinas.com\\\/site\\\/#organization\"},\"image\":{\"@id\":\"https:\\\/\\\/noticiasmercedinas.com\\\/site\\\/2026\\\/03\\\/21\\\/cuiden-a-manuel-el-respaldo-de-los-intendentes-de-lujan-y-suipacha-al-nuevo-sacerdote\\\/#primaryimage\"},\"thumbnailUrl\":\"https:\\\/\\\/noticiasmercedinas.com\\\/site\\\/wp-content\\\/uploads\\\/2026\\\/03\\\/WhatsApp-Image-2026-03-21-at-5.32.05-PM.jpeg\",\"keywords\":[\"Juan Luis Mancini\",\"Leo Boto\",\"lujan\",\"Manuel Asenzo\",\"suipacha\"],\"articleSection\":[\"Sociedad\"],\"inLanguage\":\"es\"},{\"@type\":\"WebPage\",\"@id\":\"https:\\\/\\\/noticiasmercedinas.com\\\/site\\\/2026\\\/03\\\/21\\\/cuiden-a-manuel-el-respaldo-de-los-intendentes-de-lujan-y-suipacha-al-nuevo-sacerdote\\\/\",\"url\":\"https:\\\/\\\/noticiasmercedinas.com\\\/site\\\/2026\\\/03\\\/21\\\/cuiden-a-manuel-el-respaldo-de-los-intendentes-de-lujan-y-suipacha-al-nuevo-sacerdote\\\/\",\"name\":\"\\\"Cuiden a Manuel\\\": El respaldo de los intendentes de Luj\u00e1n y Suipacha al nuevo sacerdote\",\"isPartOf\":{\"@id\":\"https:\\\/\\\/noticiasmercedinas.com\\\/site\\\/#website\"},\"primaryImageOfPage\":{\"@id\":\"https:\\\/\\\/noticiasmercedinas.com\\\/site\\\/2026\\\/03\\\/21\\\/cuiden-a-manuel-el-respaldo-de-los-intendentes-de-lujan-y-suipacha-al-nuevo-sacerdote\\\/#primaryimage\"},\"image\":{\"@id\":\"https:\\\/\\\/noticiasmercedinas.com\\\/site\\\/2026\\\/03\\\/21\\\/cuiden-a-manuel-el-respaldo-de-los-intendentes-de-lujan-y-suipacha-al-nuevo-sacerdote\\\/#primaryimage\"},\"thumbnailUrl\":\"https:\\\/\\\/noticiasmercedinas.com\\\/site\\\/wp-content\\\/uploads\\\/2026\\\/03\\\/WhatsApp-Image-2026-03-21-at-5.32.05-PM.jpeg\",\"datePublished\":\"2026-03-21T20:40:56+00:00\",\"description\":\"Juan Luis Mancini y Leonardo Boto acompa\u00f1aron la ordenaci\u00f3n de Manuel Asenzo en la Bas\u00edlica. Entre an\u00e9cdotas de infancia y proyecciones pastorales, destacaron la \\\"calidad humana\\\" del joven cl\u00e9rigo suipachense que cumplir\u00e1 funciones en la ciudad lujanense.\",\"breadcrumb\":{\"@id\":\"https:\\\/\\\/noticiasmercedinas.com\\\/site\\\/2026\\\/03\\\/21\\\/cuiden-a-manuel-el-respaldo-de-los-intendentes-de-lujan-y-suipacha-al-nuevo-sacerdote\\\/#breadcrumb\"},\"inLanguage\":\"es\",\"potentialAction\":[{\"@type\":\"ReadAction\",\"target\":[\"https:\\\/\\\/noticiasmercedinas.com\\\/site\\\/2026\\\/03\\\/21\\\/cuiden-a-manuel-el-respaldo-de-los-intendentes-de-lujan-y-suipacha-al-nuevo-sacerdote\\\/\"]}]},{\"@type\":\"ImageObject\",\"inLanguage\":\"es\",\"@id\":\"https:\\\/\\\/noticiasmercedinas.com\\\/site\\\/2026\\\/03\\\/21\\\/cuiden-a-manuel-el-respaldo-de-los-intendentes-de-lujan-y-suipacha-al-nuevo-sacerdote\\\/#primaryimage\",\"url\":\"https:\\\/\\\/noticiasmercedinas.com\\\/site\\\/wp-content\\\/uploads\\\/2026\\\/03\\\/WhatsApp-Image-2026-03-21-at-5.32.05-PM.jpeg\",\"contentUrl\":\"https:\\\/\\\/noticiasmercedinas.com\\\/site\\\/wp-content\\\/uploads\\\/2026\\\/03\\\/WhatsApp-Image-2026-03-21-at-5.32.05-PM.jpeg\",\"width\":640,\"height\":428},{\"@type\":\"BreadcrumbList\",\"@id\":\"https:\\\/\\\/noticiasmercedinas.com\\\/site\\\/2026\\\/03\\\/21\\\/cuiden-a-manuel-el-respaldo-de-los-intendentes-de-lujan-y-suipacha-al-nuevo-sacerdote\\\/#breadcrumb\",\"itemListElement\":[{\"@type\":\"ListItem\",\"position\":1,\"name\":\"Portada\",\"item\":\"https:\\\/\\\/noticiasmercedinas.com\\\/site\\\/\"},{\"@type\":\"ListItem\",\"position\":2,\"name\":\"\u00abCuiden a Manuel\u00bb: El respaldo de los intendentes de Luj\u00e1n y Suipacha al nuevo sacerdote\"}]},{\"@type\":\"WebSite\",\"@id\":\"https:\\\/\\\/noticiasmercedinas.com\\\/site\\\/#website\",\"url\":\"https:\\\/\\\/noticiasmercedinas.com\\\/site\\\/\",\"name\":\"NOTICIASMERCEDINAS.COM\",\"description\":\"Mercedes, Buenos Aires, Argentina\",\"publisher\":{\"@id\":\"https:\\\/\\\/noticiasmercedinas.com\\\/site\\\/#organization\"},\"potentialAction\":[{\"@type\":\"SearchAction\",\"target\":{\"@type\":\"EntryPoint\",\"urlTemplate\":\"https:\\\/\\\/noticiasmercedinas.com\\\/site\\\/?s={search_term_string}\"},\"query-input\":{\"@type\":\"PropertyValueSpecification\",\"valueRequired\":true,\"valueName\":\"search_term_string\"}}],\"inLanguage\":\"es\"},{\"@type\":\"Organization\",\"@id\":\"https:\\\/\\\/noticiasmercedinas.com\\\/site\\\/#organization\",\"name\":\"NOTICIASMERCEDINAS.COM\",\"url\":\"https:\\\/\\\/noticiasmercedinas.com\\\/site\\\/\",\"logo\":{\"@type\":\"ImageObject\",\"inLanguage\":\"es\",\"@id\":\"https:\\\/\\\/noticiasmercedinas.com\\\/site\\\/#\\\/schema\\\/logo\\\/image\\\/\",\"url\":\"https:\\\/\\\/noticiasmercedinas.com\\\/site\\\/wp-content\\\/uploads\\\/2020\\\/06\\\/LOGO-512.jpg\",\"contentUrl\":\"https:\\\/\\\/noticiasmercedinas.com\\\/site\\\/wp-content\\\/uploads\\\/2020\\\/06\\\/LOGO-512.jpg\",\"width\":512,\"height\":512,\"caption\":\"NOTICIASMERCEDINAS.COM\"},\"image\":{\"@id\":\"https:\\\/\\\/noticiasmercedinas.com\\\/site\\\/#\\\/schema\\\/logo\\\/image\\\/\"},\"sameAs\":[\"https:\\\/\\\/www.facebook.com\\\/noticiasmercedinas\\\/\",\"https:\\\/\\\/x.com\\\/notmercedinas\",\"https:\\\/\\\/www.instagram.com\\\/noticiasmercedinas\\\/\"]},{\"@type\":\"Person\",\"@id\":\"https:\\\/\\\/noticiasmercedinas.com\\\/site\\\/#\\\/schema\\\/person\\\/d481a9696a5feaec13a60e2bbd991a6a\",\"name\":\"Cristian Falabella NOTICIASMERCEDINAS.COM\",\"image\":{\"@type\":\"ImageObject\",\"inLanguage\":\"es\",\"@id\":\"https:\\\/\\\/secure.gravatar.com\\\/avatar\\\/0dbbfc45970cc46bcd0e57766228574ff3511d6eed045b182f536f0f478c1f06?s=96&d=mm&r=g\",\"url\":\"https:\\\/\\\/secure.gravatar.com\\\/avatar\\\/0dbbfc45970cc46bcd0e57766228574ff3511d6eed045b182f536f0f478c1f06?s=96&d=mm&r=g\",\"contentUrl\":\"https:\\\/\\\/secure.gravatar.com\\\/avatar\\\/0dbbfc45970cc46bcd0e57766228574ff3511d6eed045b182f536f0f478c1f06?s=96&d=mm&r=g\",\"caption\":\"Cristian Falabella NOTICIASMERCEDINAS.COM\"},\"description\":\"Periodista, editor de Noticias Mercedinas. Pas\u00f3 por varias redacciones y emprendimientos de prensa, en distintos formatos y \u00e9pocas. Se especializ\u00f3 --y sigue haci\u00e9ndolo-- en comunicaci\u00f3n en la web y en junio de 2006 fund\u00f3 este diario digital.\",\"sameAs\":[\"https:\\\/\\\/noticiasmercedinas.com\",\"https:\\\/\\\/www.facebook.com\\\/cristian.falabella\",\"https:\\\/\\\/www.instagram.com\\\/noticiasmercedinas\\\/\",\"https:\\\/\\\/x.com\\\/https:\\\/\\\/twitter.com\\\/NOTMERCEDINAS\"],\"url\":\"https:\\\/\\\/noticiasmercedinas.com\\\/site\\\/author\\\/as000384\\\/\"}]}<\/script>\n<!-- \/ Yoast SEO plugin. -->","yoast_head_json":{"title":"\"Cuiden a Manuel\": El respaldo de los intendentes de Luj\u00e1n y Suipacha al nuevo sacerdote","description":"Juan Luis Mancini y Leonardo Boto acompa\u00f1aron la ordenaci\u00f3n de Manuel Asenzo en la Bas\u00edlica. Entre an\u00e9cdotas de infancia y proyecciones pastorales, destacaron la \"calidad humana\" del joven cl\u00e9rigo suipachense que cumplir\u00e1 funciones en la ciudad lujanense.","robots":{"index":"index","follow":"follow","max-snippet":"max-snippet:-1","max-image-preview":"max-image-preview:large","max-video-preview":"max-video-preview:-1"},"canonical":"https:\/\/noticiasmercedinas.com\/site\/2026\/03\/21\/cuiden-a-manuel-el-respaldo-de-los-intendentes-de-lujan-y-suipacha-al-nuevo-sacerdote\/","og_locale":"es_ES","og_type":"article","og_title":"\"Cuiden a Manuel\": El respaldo de los intendentes de Luj\u00e1n y Suipacha al nuevo sacerdote","og_description":"Juan Luis Mancini y Leonardo Boto acompa\u00f1aron la ordenaci\u00f3n de Manuel Asenzo en la Bas\u00edlica. Entre an\u00e9cdotas de infancia y proyecciones pastorales, destacaron la \"calidad humana\" del joven cl\u00e9rigo suipachense que cumplir\u00e1 funciones en la ciudad lujanense.","og_url":"https:\/\/noticiasmercedinas.com\/site\/2026\/03\/21\/cuiden-a-manuel-el-respaldo-de-los-intendentes-de-lujan-y-suipacha-al-nuevo-sacerdote\/","og_site_name":"NOTICIASMERCEDINAS.COM","article_publisher":"https:\/\/www.facebook.com\/noticiasmercedinas\/","article_author":"https:\/\/www.facebook.com\/cristian.falabella","article_published_time":"2026-03-21T20:40:56+00:00","og_image":[{"width":640,"height":428,"url":"https:\/\/noticiasmercedinas.com\/site\/wp-content\/uploads\/2026\/03\/WhatsApp-Image-2026-03-21-at-5.32.05-PM.jpeg","type":"image\/jpeg"}],"author":"Cristian Falabella NOTICIASMERCEDINAS.COM","twitter_card":"summary_large_image","twitter_creator":"@https:\/\/twitter.com\/NOTMERCEDINAS","twitter_site":"@notmercedinas","twitter_misc":{"Escrito por":"Cristian Falabella NOTICIASMERCEDINAS.COM","Tiempo de lectura":"2 minutos"},"schema":{"@context":"https:\/\/schema.org","@graph":[{"@type":"Article","@id":"https:\/\/noticiasmercedinas.com\/site\/2026\/03\/21\/cuiden-a-manuel-el-respaldo-de-los-intendentes-de-lujan-y-suipacha-al-nuevo-sacerdote\/#article","isPartOf":{"@id":"https:\/\/noticiasmercedinas.com\/site\/2026\/03\/21\/cuiden-a-manuel-el-respaldo-de-los-intendentes-de-lujan-y-suipacha-al-nuevo-sacerdote\/"},"author":{"name":"Cristian Falabella NOTICIASMERCEDINAS.COM","@id":"https:\/\/noticiasmercedinas.com\/site\/#\/schema\/person\/d481a9696a5feaec13a60e2bbd991a6a"},"headline":"\u00abCuiden a Manuel\u00bb: El respaldo de los intendentes de Luj\u00e1n y Suipacha al nuevo sacerdote","datePublished":"2026-03-21T20:40:56+00:00","mainEntityOfPage":{"@id":"https:\/\/noticiasmercedinas.com\/site\/2026\/03\/21\/cuiden-a-manuel-el-respaldo-de-los-intendentes-de-lujan-y-suipacha-al-nuevo-sacerdote\/"},"wordCount":280,"publisher":{"@id":"https:\/\/noticiasmercedinas.com\/site\/#organization"},"image":{"@id":"https:\/\/noticiasmercedinas.com\/site\/2026\/03\/21\/cuiden-a-manuel-el-respaldo-de-los-intendentes-de-lujan-y-suipacha-al-nuevo-sacerdote\/#primaryimage"},"thumbnailUrl":"https:\/\/noticiasmercedinas.com\/site\/wp-content\/uploads\/2026\/03\/WhatsApp-Image-2026-03-21-at-5.32.05-PM.jpeg","keywords":["Juan Luis Mancini","Leo Boto","lujan","Manuel Asenzo","suipacha"],"articleSection":["Sociedad"],"inLanguage":"es"},{"@type":"WebPage","@id":"https:\/\/noticiasmercedinas.com\/site\/2026\/03\/21\/cuiden-a-manuel-el-respaldo-de-los-intendentes-de-lujan-y-suipacha-al-nuevo-sacerdote\/","url":"https:\/\/noticiasmercedinas.com\/site\/2026\/03\/21\/cuiden-a-manuel-el-respaldo-de-los-intendentes-de-lujan-y-suipacha-al-nuevo-sacerdote\/","name":"\"Cuiden a Manuel\": El respaldo de los intendentes de Luj\u00e1n y Suipacha al nuevo sacerdote","isPartOf":{"@id":"https:\/\/noticiasmercedinas.com\/site\/#website"},"primaryImageOfPage":{"@id":"https:\/\/noticiasmercedinas.com\/site\/2026\/03\/21\/cuiden-a-manuel-el-respaldo-de-los-intendentes-de-lujan-y-suipacha-al-nuevo-sacerdote\/#primaryimage"},"image":{"@id":"https:\/\/noticiasmercedinas.com\/site\/2026\/03\/21\/cuiden-a-manuel-el-respaldo-de-los-intendentes-de-lujan-y-suipacha-al-nuevo-sacerdote\/#primaryimage"},"thumbnailUrl":"https:\/\/noticiasmercedinas.com\/site\/wp-content\/uploads\/2026\/03\/WhatsApp-Image-2026-03-21-at-5.32.05-PM.jpeg","datePublished":"2026-03-21T20:40:56+00:00","description":"Juan Luis Mancini y Leonardo Boto acompa\u00f1aron la ordenaci\u00f3n de Manuel Asenzo en la Bas\u00edlica. Entre an\u00e9cdotas de infancia y proyecciones pastorales, destacaron la \"calidad humana\" del joven cl\u00e9rigo suipachense que cumplir\u00e1 funciones en la ciudad lujanense.","breadcrumb":{"@id":"https:\/\/noticiasmercedinas.com\/site\/2026\/03\/21\/cuiden-a-manuel-el-respaldo-de-los-intendentes-de-lujan-y-suipacha-al-nuevo-sacerdote\/#breadcrumb"},"inLanguage":"es","potentialAction":[{"@type":"ReadAction","target":["https:\/\/noticiasmercedinas.com\/site\/2026\/03\/21\/cuiden-a-manuel-el-respaldo-de-los-intendentes-de-lujan-y-suipacha-al-nuevo-sacerdote\/"]}]},{"@type":"ImageObject","inLanguage":"es","@id":"https:\/\/noticiasmercedinas.com\/site\/2026\/03\/21\/cuiden-a-manuel-el-respaldo-de-los-intendentes-de-lujan-y-suipacha-al-nuevo-sacerdote\/#primaryimage","url":"https:\/\/noticiasmercedinas.com\/site\/wp-content\/uploads\/2026\/03\/WhatsApp-Image-2026-03-21-at-5.32.05-PM.jpeg","contentUrl":"https:\/\/noticiasmercedinas.com\/site\/wp-content\/uploads\/2026\/03\/WhatsApp-Image-2026-03-21-at-5.32.05-PM.jpeg","width":640,"height":428},{"@type":"BreadcrumbList","@id":"https:\/\/noticiasmercedinas.com\/site\/2026\/03\/21\/cuiden-a-manuel-el-respaldo-de-los-intendentes-de-lujan-y-suipacha-al-nuevo-sacerdote\/#breadcrumb","itemListElement":[{"@type":"ListItem","position":1,"name":"Portada","item":"https:\/\/noticiasmercedinas.com\/site\/"},{"@type":"ListItem","position":2,"name":"\u00abCuiden a Manuel\u00bb: El respaldo de los intendentes de Luj\u00e1n y Suipacha al nuevo sacerdote"}]},{"@type":"WebSite","@id":"https:\/\/noticiasmercedinas.com\/site\/#website","url":"https:\/\/noticiasmercedinas.com\/site\/","name":"NOTICIASMERCEDINAS.COM","description":"Mercedes, Buenos Aires, Argentina","publisher":{"@id":"https:\/\/noticiasmercedinas.com\/site\/#organization"},"potentialAction":[{"@type":"SearchAction","target":{"@type":"EntryPoint","urlTemplate":"https:\/\/noticiasmercedinas.com\/site\/?s={search_term_string}"},"query-input":{"@type":"PropertyValueSpecification","valueRequired":true,"valueName":"search_term_string"}}],"inLanguage":"es"},{"@type":"Organization","@id":"https:\/\/noticiasmercedinas.com\/site\/#organization","name":"NOTICIASMERCEDINAS.COM","url":"https:\/\/noticiasmercedinas.com\/site\/","logo":{"@type":"ImageObject","inLanguage":"es","@id":"https:\/\/noticiasmercedinas.com\/site\/#\/schema\/logo\/image\/","url":"https:\/\/noticiasmercedinas.com\/site\/wp-content\/uploads\/2020\/06\/LOGO-512.jpg","contentUrl":"https:\/\/noticiasmercedinas.com\/site\/wp-content\/uploads\/2020\/06\/LOGO-512.jpg","width":512,"height":512,"caption":"NOTICIASMERCEDINAS.COM"},"image":{"@id":"https:\/\/noticiasmercedinas.com\/site\/#\/schema\/logo\/image\/"},"sameAs":["https:\/\/www.facebook.com\/noticiasmercedinas\/","https:\/\/x.com\/notmercedinas","https:\/\/www.instagram.com\/noticiasmercedinas\/"]},{"@type":"Person","@id":"https:\/\/noticiasmercedinas.com\/site\/#\/schema\/person\/d481a9696a5feaec13a60e2bbd991a6a","name":"Cristian Falabella NOTICIASMERCEDINAS.COM","image":{"@type":"ImageObject","inLanguage":"es","@id":"https:\/\/secure.gravatar.com\/avatar\/0dbbfc45970cc46bcd0e57766228574ff3511d6eed045b182f536f0f478c1f06?s=96&d=mm&r=g","url":"https:\/\/secure.gravatar.com\/avatar\/0dbbfc45970cc46bcd0e57766228574ff3511d6eed045b182f536f0f478c1f06?s=96&d=mm&r=g","contentUrl":"https:\/\/secure.gravatar.com\/avatar\/0dbbfc45970cc46bcd0e57766228574ff3511d6eed045b182f536f0f478c1f06?s=96&d=mm&r=g","caption":"Cristian Falabella NOTICIASMERCEDINAS.COM"},"description":"Periodista, editor de Noticias Mercedinas. Pas\u00f3 por varias redacciones y emprendimientos de prensa, en distintos formatos y \u00e9pocas. Se especializ\u00f3 --y sigue haci\u00e9ndolo-- en comunicaci\u00f3n en la web y en junio de 2006 fund\u00f3 este diario digital.","sameAs":["https:\/\/noticiasmercedinas.com","https:\/\/www.facebook.com\/cristian.falabella","https:\/\/www.instagram.com\/noticiasmercedinas\/","https:\/\/x.com\/https:\/\/twitter.com\/NOTMERCEDINAS"],"url":"https:\/\/noticiasmercedinas.com\/site\/author\/as000384\/"}]}},"amp_enabled":true,"_links":{"self":[{"href":"https:\/\/noticiasmercedinas.com\/site\/wp-json\/wp\/v2\/posts\/182378","targetHints":{"allow":["GET"]}}],"collection":[{"href":"https:\/\/noticiasmercedinas.com\/site\/wp-json\/wp\/v2\/posts"}],"about":[{"href":"https:\/\/noticiasmercedinas.com\/site\/wp-json\/wp\/v2\/types\/post"}],"author":[{"embeddable":true,"href":"https:\/\/noticiasmercedinas.com\/site\/wp-json\/wp\/v2\/users\/2"}],"replies":[{"embeddable":true,"href":"https:\/\/noticiasmercedinas.com\/site\/wp-json\/wp\/v2\/comments?post=182378"}],"version-history":[{"count":1,"href":"https:\/\/noticiasmercedinas.com\/site\/wp-json\/wp\/v2\/posts\/182378\/revisions"}],"predecessor-version":[{"id":182381,"href":"https:\/\/noticiasmercedinas.com\/site\/wp-json\/wp\/v2\/posts\/182378\/revisions\/182381"}],"wp:featuredmedia":[{"embeddable":true,"href":"https:\/\/noticiasmercedinas.com\/site\/wp-json\/wp\/v2\/media\/182379"}],"wp:attachment":[{"href":"https:\/\/noticiasmercedinas.com\/site\/wp-json\/wp\/v2\/media?parent=182378"}],"wp:term":[{"taxonomy":"category","embeddable":true,"href":"https:\/\/noticiasmercedinas.com\/site\/wp-json\/wp\/v2\/categories?post=182378"},{"taxonomy":"post_tag","embeddable":true,"href":"https:\/\/noticiasmercedinas.com\/site\/wp-json\/wp\/v2\/tags?post=182378"}],"curies":[{"name":"wp","href":"https:\/\/api.w.org\/{rel}","templated":true}]}}