{"id":182382,"date":"2026-03-21T17:45:07","date_gmt":"2026-03-21T20:45:07","guid":{"rendered":"https:\/\/noticiasmercedinas.com\/site\/?p=182382"},"modified":"2026-03-21T17:45:07","modified_gmt":"2026-03-21T20:45:07","slug":"marcos-schiavi-disertara-en-mercedes-sobre-el-rol-de-los-trabajadores-durante-la-ultima-dictadura","status":"publish","type":"post","link":"https:\/\/noticiasmercedinas.com\/site\/2026\/03\/21\/marcos-schiavi-disertara-en-mercedes-sobre-el-rol-de-los-trabajadores-durante-la-ultima-dictadura\/","title":{"rendered":"Marcos Schiavi disertar\u00e1 en Mercedes sobre el rol de los trabajadores durante la \u00faltima dictadura"},"content":{"rendered":"<p><img loading=\"lazy\" decoding=\"async\" class=\"alignnone size-full wp-image-182383\" src=\"https:\/\/noticiasmercedinas.com\/site\/wp-content\/uploads\/2026\/03\/Marcos-Schiavi-1.jpeg\" alt=\"\" width=\"1600\" height=\"1066\" srcset=\"https:\/\/noticiasmercedinas.com\/site\/wp-content\/uploads\/2026\/03\/Marcos-Schiavi-1.jpeg 1600w, https:\/\/noticiasmercedinas.com\/site\/wp-content\/uploads\/2026\/03\/Marcos-Schiavi-1-300x200.jpeg 300w, https:\/\/noticiasmercedinas.com\/site\/wp-content\/uploads\/2026\/03\/Marcos-Schiavi-1-1024x682.jpeg 1024w, https:\/\/noticiasmercedinas.com\/site\/wp-content\/uploads\/2026\/03\/Marcos-Schiavi-1-768x512.jpeg 768w, https:\/\/noticiasmercedinas.com\/site\/wp-content\/uploads\/2026\/03\/Marcos-Schiavi-1-1536x1023.jpeg 1536w, https:\/\/noticiasmercedinas.com\/site\/wp-content\/uploads\/2026\/03\/Marcos-Schiavi-1-640x426.jpeg 640w, https:\/\/noticiasmercedinas.com\/site\/wp-content\/uploads\/2026\/03\/Marcos-Schiavi-1-1280x853.jpeg 1280w, https:\/\/noticiasmercedinas.com\/site\/wp-content\/uploads\/2026\/03\/Marcos-Schiavi-1-681x454.jpeg 681w, https:\/\/noticiasmercedinas.com\/site\/wp-content\/uploads\/2026\/03\/Marcos-Schiavi-1-1362x907.jpeg 1362w\" sizes=\"auto, (max-width: 1600px) 100vw, 1600px\" \/><\/p>\n<p>Mercedes se prepara para una jornada de profunda reflexi\u00f3n hist\u00f3rica y pol\u00edtica. El pr\u00f3ximo lunes 23 de marzo, a las 19:00 horas, el Dr. Marcos Schiavi brindar\u00e1 la conferencia titulada \u201cTrabajadores y dictadura\u201d en la Plaza San Mart\u00edn. La actividad se inscribe en el cronograma oficial por el 50\u00b0 aniversario del inicio de la \u00faltima dictadura c\u00edvico-militar en Argentina.<\/p>\n<p>El evento es organizado por la Municipalidad de Mercedes, a trav\u00e9s de la Direcci\u00f3n de Derechos Humanos, en un trabajo articulado con la Comisi\u00f3n de Familiares de Detenidos-Desaparecidos, la CGT Regional Mercedes e instituciones educativas locales.<\/p>\n<p>Schiavi, doctor en Historia por la Universidad de Buenos Aires y la Universit\u00e9 Paris, adelant\u00f3 que el eje de su exposici\u00f3n no ser\u00e1 \u00fanicamente el aparato represivo, sino la capacidad de organizaci\u00f3n de las bases. \u201cLa charla estar\u00e1 centrada en los trabajadores y sus organizaciones; ellos ser\u00e1n los protagonistas. Buscaremos contar la pervivencia y la necesidad de lo colectivo para atravesar los momentos m\u00e1s crueles de nuestra historia\u201d, se\u00f1al\u00f3 el acad\u00e9mico.<\/p>\n<p>Con una vasta trayectoria que incluye la direcci\u00f3n del Archivo General de la Naci\u00f3n y la Direcci\u00f3n Nacional Electoral, Schiavi destac\u00f3 el valor afectivo de visitar la ciudad: \u201cTengo muchos compa\u00f1eros en Mercedes, gente valiosa. Es un placer y estoy muy agradecido por la invitaci\u00f3n\u201d.<\/p>\n<p><strong>Paralelismos hist\u00f3ricos: \u00abVenganza de clase\u00bb<\/strong><\/p>\n<p>Al analizar la coyuntura actual frente al proceso iniciado hace medio siglo, el historiador estableci\u00f3 una distinci\u00f3n clara entre la naturaleza pol\u00edtica de ambos periodos, pero advirti\u00f3 sobre las similitudes en el plano econ\u00f3mico.<\/p>\n<p>\u201cEn lo pol\u00edtico la situaci\u00f3n no se asemeja, hoy vivimos en democracia y eso nunca hay que perderlo de vista. Sin embargo, en lo econ\u00f3mico hay un hilo conductor que uno podr\u00eda resumir como venganza de clase\u201d, afirm\u00f3 Schiavi.<\/p>\n<p>Seg\u00fan el especialista, el punto de contacto entre aquel proyecto y ciertos sectores actuales es el intento de \u00abretrotraer nuestra historia\u00bb hacia un modelo de pa\u00eds previo a la Ley S\u00e1enz Pe\u00f1a. \u201cPara esos sectores, el futuro est\u00e1 en el pasado del siglo XIX\u201d, concluy\u00f3.<\/p>\n<p><strong>Perfil del Disertante<\/strong><\/p>\n<ul>\n<li>Formaci\u00f3n: Licenciado y Doctor en Historia (UBA \/ Universit\u00e9 Paris).<\/li>\n<li>Trayectoria P\u00fablica: Ex Director Nacional Electoral y ex Director del Archivo General de la Naci\u00f3n.<\/li>\n<li>Especialidad: Sindicalismo y movimientos obreros. Ha publicado numerosos libros sobre la organizaci\u00f3n gremial durante el peronismo.<\/li>\n<\/ul>\n","protected":false},"excerpt":{"rendered":"<p>\u25a0 En el marco del 50\u00b0 aniversario del golpe de Estado de 1976, el historiador y ex Director Nacional Electoral encabezar\u00e1 una charla abierta en Plaza San Mart\u00edn para analizar la resistencia colectiva y las continuidades econ\u00f3micas con el presente.<\/p>\n","protected":false},"author":16,"featured_media":182383,"comment_status":"closed","ping_status":"closed","sticky":false,"template":"","format":"standard","meta":{"footnotes":""},"categories":[3],"tags":[6853,355,15695,699],"class_list":["post-182382","post","type-post","status-publish","format-standard","has-post-thumbnail","hentry","category-sociedad","tag-50-anos","tag-aefip","tag-marcos-schiavi","tag-memoria"],"yoast_head":"<!-- This site is optimized with the Yoast SEO plugin v27.5 - https:\/\/yoast.com\/product\/yoast-seo-wordpress\/ -->\n<title>Marcos Schiavi disertar\u00e1 en Mercedes sobre el rol de los trabajadores durante la \u00faltima dictadura<\/title>\n<meta name=\"description\" content=\"En el marco del 50\u00b0 aniversario del golpe de Estado de 1976, el historiador y ex Director Nacional Electoral encabezar\u00e1 una charla abierta en Plaza San Mart\u00edn para analizar la resistencia colectiva y las continuidades econ\u00f3micas con el presente.\" \/>\n<meta name=\"robots\" content=\"index, follow, max-snippet:-1, max-image-preview:large, max-video-preview:-1\" \/>\n<link rel=\"canonical\" href=\"https:\/\/noticiasmercedinas.com\/site\/2026\/03\/21\/marcos-schiavi-disertara-en-mercedes-sobre-el-rol-de-los-trabajadores-durante-la-ultima-dictadura\/\" \/>\n<meta property=\"og:locale\" content=\"es_ES\" \/>\n<meta property=\"og:type\" content=\"article\" \/>\n<meta property=\"og:title\" content=\"Marcos Schiavi disertar\u00e1 en Mercedes sobre el rol de los trabajadores durante la \u00faltima dictadura\" \/>\n<meta property=\"og:description\" content=\"En el marco del 50\u00b0 aniversario del golpe de Estado de 1976, el historiador y ex Director Nacional Electoral encabezar\u00e1 una charla abierta en Plaza San Mart\u00edn para analizar la resistencia colectiva y las continuidades econ\u00f3micas con el presente.\" \/>\n<meta property=\"og:url\" content=\"https:\/\/noticiasmercedinas.com\/site\/2026\/03\/21\/marcos-schiavi-disertara-en-mercedes-sobre-el-rol-de-los-trabajadores-durante-la-ultima-dictadura\/\" \/>\n<meta property=\"og:site_name\" content=\"NOTICIASMERCEDINAS.COM\" \/>\n<meta property=\"article:publisher\" content=\"https:\/\/www.facebook.com\/noticiasmercedinas\/\" \/>\n<meta property=\"article:published_time\" content=\"2026-03-21T20:45:07+00:00\" \/>\n<meta property=\"og:image\" content=\"https:\/\/noticiasmercedinas.com\/site\/wp-content\/uploads\/2026\/03\/Marcos-Schiavi-1.jpeg\" \/>\n\t<meta property=\"og:image:width\" content=\"1600\" \/>\n\t<meta property=\"og:image:height\" content=\"1066\" \/>\n\t<meta property=\"og:image:type\" content=\"image\/jpeg\" \/>\n<meta name=\"author\" content=\"NOTICIASMERCEDINAS.COM\" \/>\n<meta name=\"twitter:card\" content=\"summary_large_image\" \/>\n<meta name=\"twitter:creator\" content=\"@notmercedinas\" \/>\n<meta name=\"twitter:site\" content=\"@notmercedinas\" \/>\n<meta name=\"twitter:label1\" content=\"Escrito por\" \/>\n\t<meta name=\"twitter:data1\" content=\"NOTICIASMERCEDINAS.COM\" \/>\n\t<meta name=\"twitter:label2\" content=\"Tiempo de lectura\" \/>\n\t<meta name=\"twitter:data2\" content=\"3 minutos\" \/>\n<script type=\"application\/ld+json\" class=\"yoast-schema-graph\">{\"@context\":\"https:\\\/\\\/schema.org\",\"@graph\":[{\"@type\":\"Article\",\"@id\":\"https:\\\/\\\/noticiasmercedinas.com\\\/site\\\/2026\\\/03\\\/21\\\/marcos-schiavi-disertara-en-mercedes-sobre-el-rol-de-los-trabajadores-durante-la-ultima-dictadura\\\/#article\",\"isPartOf\":{\"@id\":\"https:\\\/\\\/noticiasmercedinas.com\\\/site\\\/2026\\\/03\\\/21\\\/marcos-schiavi-disertara-en-mercedes-sobre-el-rol-de-los-trabajadores-durante-la-ultima-dictadura\\\/\"},\"author\":{\"name\":\"NOTICIASMERCEDINAS.COM\",\"@id\":\"https:\\\/\\\/noticiasmercedinas.com\\\/site\\\/#\\\/schema\\\/person\\\/84b59c099c28ff2e8b77d4ceec5d8063\"},\"headline\":\"Marcos Schiavi disertar\u00e1 en Mercedes sobre el rol de los trabajadores durante la \u00faltima dictadura\",\"datePublished\":\"2026-03-21T20:45:07+00:00\",\"mainEntityOfPage\":{\"@id\":\"https:\\\/\\\/noticiasmercedinas.com\\\/site\\\/2026\\\/03\\\/21\\\/marcos-schiavi-disertara-en-mercedes-sobre-el-rol-de-los-trabajadores-durante-la-ultima-dictadura\\\/\"},\"wordCount\":425,\"publisher\":{\"@id\":\"https:\\\/\\\/noticiasmercedinas.com\\\/site\\\/#organization\"},\"image\":{\"@id\":\"https:\\\/\\\/noticiasmercedinas.com\\\/site\\\/2026\\\/03\\\/21\\\/marcos-schiavi-disertara-en-mercedes-sobre-el-rol-de-los-trabajadores-durante-la-ultima-dictadura\\\/#primaryimage\"},\"thumbnailUrl\":\"https:\\\/\\\/noticiasmercedinas.com\\\/site\\\/wp-content\\\/uploads\\\/2026\\\/03\\\/Marcos-Schiavi-1.jpeg\",\"keywords\":[\"50 a\u00f1os\",\"aefip\",\"marcos schiavi\",\"memoria\"],\"articleSection\":[\"Sociedad\"],\"inLanguage\":\"es\"},{\"@type\":\"WebPage\",\"@id\":\"https:\\\/\\\/noticiasmercedinas.com\\\/site\\\/2026\\\/03\\\/21\\\/marcos-schiavi-disertara-en-mercedes-sobre-el-rol-de-los-trabajadores-durante-la-ultima-dictadura\\\/\",\"url\":\"https:\\\/\\\/noticiasmercedinas.com\\\/site\\\/2026\\\/03\\\/21\\\/marcos-schiavi-disertara-en-mercedes-sobre-el-rol-de-los-trabajadores-durante-la-ultima-dictadura\\\/\",\"name\":\"Marcos Schiavi disertar\u00e1 en Mercedes sobre el rol de los trabajadores durante la \u00faltima dictadura\",\"isPartOf\":{\"@id\":\"https:\\\/\\\/noticiasmercedinas.com\\\/site\\\/#website\"},\"primaryImageOfPage\":{\"@id\":\"https:\\\/\\\/noticiasmercedinas.com\\\/site\\\/2026\\\/03\\\/21\\\/marcos-schiavi-disertara-en-mercedes-sobre-el-rol-de-los-trabajadores-durante-la-ultima-dictadura\\\/#primaryimage\"},\"image\":{\"@id\":\"https:\\\/\\\/noticiasmercedinas.com\\\/site\\\/2026\\\/03\\\/21\\\/marcos-schiavi-disertara-en-mercedes-sobre-el-rol-de-los-trabajadores-durante-la-ultima-dictadura\\\/#primaryimage\"},\"thumbnailUrl\":\"https:\\\/\\\/noticiasmercedinas.com\\\/site\\\/wp-content\\\/uploads\\\/2026\\\/03\\\/Marcos-Schiavi-1.jpeg\",\"datePublished\":\"2026-03-21T20:45:07+00:00\",\"description\":\"En el marco del 50\u00b0 aniversario del golpe de Estado de 1976, el historiador y ex Director Nacional Electoral encabezar\u00e1 una charla abierta en Plaza San Mart\u00edn para analizar la resistencia colectiva y las continuidades econ\u00f3micas con el presente.\",\"breadcrumb\":{\"@id\":\"https:\\\/\\\/noticiasmercedinas.com\\\/site\\\/2026\\\/03\\\/21\\\/marcos-schiavi-disertara-en-mercedes-sobre-el-rol-de-los-trabajadores-durante-la-ultima-dictadura\\\/#breadcrumb\"},\"inLanguage\":\"es\",\"potentialAction\":[{\"@type\":\"ReadAction\",\"target\":[\"https:\\\/\\\/noticiasmercedinas.com\\\/site\\\/2026\\\/03\\\/21\\\/marcos-schiavi-disertara-en-mercedes-sobre-el-rol-de-los-trabajadores-durante-la-ultima-dictadura\\\/\"]}]},{\"@type\":\"ImageObject\",\"inLanguage\":\"es\",\"@id\":\"https:\\\/\\\/noticiasmercedinas.com\\\/site\\\/2026\\\/03\\\/21\\\/marcos-schiavi-disertara-en-mercedes-sobre-el-rol-de-los-trabajadores-durante-la-ultima-dictadura\\\/#primaryimage\",\"url\":\"https:\\\/\\\/noticiasmercedinas.com\\\/site\\\/wp-content\\\/uploads\\\/2026\\\/03\\\/Marcos-Schiavi-1.jpeg\",\"contentUrl\":\"https:\\\/\\\/noticiasmercedinas.com\\\/site\\\/wp-content\\\/uploads\\\/2026\\\/03\\\/Marcos-Schiavi-1.jpeg\",\"width\":1600,\"height\":1066},{\"@type\":\"BreadcrumbList\",\"@id\":\"https:\\\/\\\/noticiasmercedinas.com\\\/site\\\/2026\\\/03\\\/21\\\/marcos-schiavi-disertara-en-mercedes-sobre-el-rol-de-los-trabajadores-durante-la-ultima-dictadura\\\/#breadcrumb\",\"itemListElement\":[{\"@type\":\"ListItem\",\"position\":1,\"name\":\"Portada\",\"item\":\"https:\\\/\\\/noticiasmercedinas.com\\\/site\\\/\"},{\"@type\":\"ListItem\",\"position\":2,\"name\":\"Marcos Schiavi disertar\u00e1 en Mercedes sobre el rol de los trabajadores durante la \u00faltima dictadura\"}]},{\"@type\":\"WebSite\",\"@id\":\"https:\\\/\\\/noticiasmercedinas.com\\\/site\\\/#website\",\"url\":\"https:\\\/\\\/noticiasmercedinas.com\\\/site\\\/\",\"name\":\"NOTICIASMERCEDINAS.COM\",\"description\":\"Mercedes, Buenos Aires, Argentina\",\"publisher\":{\"@id\":\"https:\\\/\\\/noticiasmercedinas.com\\\/site\\\/#organization\"},\"potentialAction\":[{\"@type\":\"SearchAction\",\"target\":{\"@type\":\"EntryPoint\",\"urlTemplate\":\"https:\\\/\\\/noticiasmercedinas.com\\\/site\\\/?s={search_term_string}\"},\"query-input\":{\"@type\":\"PropertyValueSpecification\",\"valueRequired\":true,\"valueName\":\"search_term_string\"}}],\"inLanguage\":\"es\"},{\"@type\":\"Organization\",\"@id\":\"https:\\\/\\\/noticiasmercedinas.com\\\/site\\\/#organization\",\"name\":\"NOTICIASMERCEDINAS.COM\",\"url\":\"https:\\\/\\\/noticiasmercedinas.com\\\/site\\\/\",\"logo\":{\"@type\":\"ImageObject\",\"inLanguage\":\"es\",\"@id\":\"https:\\\/\\\/noticiasmercedinas.com\\\/site\\\/#\\\/schema\\\/logo\\\/image\\\/\",\"url\":\"https:\\\/\\\/noticiasmercedinas.com\\\/site\\\/wp-content\\\/uploads\\\/2020\\\/06\\\/LOGO-512.jpg\",\"contentUrl\":\"https:\\\/\\\/noticiasmercedinas.com\\\/site\\\/wp-content\\\/uploads\\\/2020\\\/06\\\/LOGO-512.jpg\",\"width\":512,\"height\":512,\"caption\":\"NOTICIASMERCEDINAS.COM\"},\"image\":{\"@id\":\"https:\\\/\\\/noticiasmercedinas.com\\\/site\\\/#\\\/schema\\\/logo\\\/image\\\/\"},\"sameAs\":[\"https:\\\/\\\/www.facebook.com\\\/noticiasmercedinas\\\/\",\"https:\\\/\\\/x.com\\\/notmercedinas\",\"https:\\\/\\\/www.instagram.com\\\/noticiasmercedinas\\\/\"]},{\"@type\":\"Person\",\"@id\":\"https:\\\/\\\/noticiasmercedinas.com\\\/site\\\/#\\\/schema\\\/person\\\/84b59c099c28ff2e8b77d4ceec5d8063\",\"name\":\"NOTICIASMERCEDINAS.COM\",\"image\":{\"@type\":\"ImageObject\",\"inLanguage\":\"es\",\"@id\":\"https:\\\/\\\/secure.gravatar.com\\\/avatar\\\/4dfbf16b4d17945bfb6341b2d19043457132fcf478a5ee04f42e959fd8f5df0a?s=96&d=mm&r=g\",\"url\":\"https:\\\/\\\/secure.gravatar.com\\\/avatar\\\/4dfbf16b4d17945bfb6341b2d19043457132fcf478a5ee04f42e959fd8f5df0a?s=96&d=mm&r=g\",\"contentUrl\":\"https:\\\/\\\/secure.gravatar.com\\\/avatar\\\/4dfbf16b4d17945bfb6341b2d19043457132fcf478a5ee04f42e959fd8f5df0a?s=96&d=mm&r=g\",\"caption\":\"NOTICIASMERCEDINAS.COM\"},\"url\":\"https:\\\/\\\/noticiasmercedinas.com\\\/site\\\/author\\\/anonimo\\\/\"}]}<\/script>\n<!-- \/ Yoast SEO plugin. -->","yoast_head_json":{"title":"Marcos Schiavi disertar\u00e1 en Mercedes sobre el rol de los trabajadores durante la \u00faltima dictadura","description":"En el marco del 50\u00b0 aniversario del golpe de Estado de 1976, el historiador y ex Director Nacional Electoral encabezar\u00e1 una charla abierta en Plaza San Mart\u00edn para analizar la resistencia colectiva y las continuidades econ\u00f3micas con el presente.","robots":{"index":"index","follow":"follow","max-snippet":"max-snippet:-1","max-image-preview":"max-image-preview:large","max-video-preview":"max-video-preview:-1"},"canonical":"https:\/\/noticiasmercedinas.com\/site\/2026\/03\/21\/marcos-schiavi-disertara-en-mercedes-sobre-el-rol-de-los-trabajadores-durante-la-ultima-dictadura\/","og_locale":"es_ES","og_type":"article","og_title":"Marcos Schiavi disertar\u00e1 en Mercedes sobre el rol de los trabajadores durante la \u00faltima dictadura","og_description":"En el marco del 50\u00b0 aniversario del golpe de Estado de 1976, el historiador y ex Director Nacional Electoral encabezar\u00e1 una charla abierta en Plaza San Mart\u00edn para analizar la resistencia colectiva y las continuidades econ\u00f3micas con el presente.","og_url":"https:\/\/noticiasmercedinas.com\/site\/2026\/03\/21\/marcos-schiavi-disertara-en-mercedes-sobre-el-rol-de-los-trabajadores-durante-la-ultima-dictadura\/","og_site_name":"NOTICIASMERCEDINAS.COM","article_publisher":"https:\/\/www.facebook.com\/noticiasmercedinas\/","article_published_time":"2026-03-21T20:45:07+00:00","og_image":[{"width":1600,"height":1066,"url":"https:\/\/noticiasmercedinas.com\/site\/wp-content\/uploads\/2026\/03\/Marcos-Schiavi-1.jpeg","type":"image\/jpeg"}],"author":"NOTICIASMERCEDINAS.COM","twitter_card":"summary_large_image","twitter_creator":"@notmercedinas","twitter_site":"@notmercedinas","twitter_misc":{"Escrito por":"NOTICIASMERCEDINAS.COM","Tiempo de lectura":"3 minutos"},"schema":{"@context":"https:\/\/schema.org","@graph":[{"@type":"Article","@id":"https:\/\/noticiasmercedinas.com\/site\/2026\/03\/21\/marcos-schiavi-disertara-en-mercedes-sobre-el-rol-de-los-trabajadores-durante-la-ultima-dictadura\/#article","isPartOf":{"@id":"https:\/\/noticiasmercedinas.com\/site\/2026\/03\/21\/marcos-schiavi-disertara-en-mercedes-sobre-el-rol-de-los-trabajadores-durante-la-ultima-dictadura\/"},"author":{"name":"NOTICIASMERCEDINAS.COM","@id":"https:\/\/noticiasmercedinas.com\/site\/#\/schema\/person\/84b59c099c28ff2e8b77d4ceec5d8063"},"headline":"Marcos Schiavi disertar\u00e1 en Mercedes sobre el rol de los trabajadores durante la \u00faltima dictadura","datePublished":"2026-03-21T20:45:07+00:00","mainEntityOfPage":{"@id":"https:\/\/noticiasmercedinas.com\/site\/2026\/03\/21\/marcos-schiavi-disertara-en-mercedes-sobre-el-rol-de-los-trabajadores-durante-la-ultima-dictadura\/"},"wordCount":425,"publisher":{"@id":"https:\/\/noticiasmercedinas.com\/site\/#organization"},"image":{"@id":"https:\/\/noticiasmercedinas.com\/site\/2026\/03\/21\/marcos-schiavi-disertara-en-mercedes-sobre-el-rol-de-los-trabajadores-durante-la-ultima-dictadura\/#primaryimage"},"thumbnailUrl":"https:\/\/noticiasmercedinas.com\/site\/wp-content\/uploads\/2026\/03\/Marcos-Schiavi-1.jpeg","keywords":["50 a\u00f1os","aefip","marcos schiavi","memoria"],"articleSection":["Sociedad"],"inLanguage":"es"},{"@type":"WebPage","@id":"https:\/\/noticiasmercedinas.com\/site\/2026\/03\/21\/marcos-schiavi-disertara-en-mercedes-sobre-el-rol-de-los-trabajadores-durante-la-ultima-dictadura\/","url":"https:\/\/noticiasmercedinas.com\/site\/2026\/03\/21\/marcos-schiavi-disertara-en-mercedes-sobre-el-rol-de-los-trabajadores-durante-la-ultima-dictadura\/","name":"Marcos Schiavi disertar\u00e1 en Mercedes sobre el rol de los trabajadores durante la \u00faltima dictadura","isPartOf":{"@id":"https:\/\/noticiasmercedinas.com\/site\/#website"},"primaryImageOfPage":{"@id":"https:\/\/noticiasmercedinas.com\/site\/2026\/03\/21\/marcos-schiavi-disertara-en-mercedes-sobre-el-rol-de-los-trabajadores-durante-la-ultima-dictadura\/#primaryimage"},"image":{"@id":"https:\/\/noticiasmercedinas.com\/site\/2026\/03\/21\/marcos-schiavi-disertara-en-mercedes-sobre-el-rol-de-los-trabajadores-durante-la-ultima-dictadura\/#primaryimage"},"thumbnailUrl":"https:\/\/noticiasmercedinas.com\/site\/wp-content\/uploads\/2026\/03\/Marcos-Schiavi-1.jpeg","datePublished":"2026-03-21T20:45:07+00:00","description":"En el marco del 50\u00b0 aniversario del golpe de Estado de 1976, el historiador y ex Director Nacional Electoral encabezar\u00e1 una charla abierta en Plaza San Mart\u00edn para analizar la resistencia colectiva y las continuidades econ\u00f3micas con el presente.","breadcrumb":{"@id":"https:\/\/noticiasmercedinas.com\/site\/2026\/03\/21\/marcos-schiavi-disertara-en-mercedes-sobre-el-rol-de-los-trabajadores-durante-la-ultima-dictadura\/#breadcrumb"},"inLanguage":"es","potentialAction":[{"@type":"ReadAction","target":["https:\/\/noticiasmercedinas.com\/site\/2026\/03\/21\/marcos-schiavi-disertara-en-mercedes-sobre-el-rol-de-los-trabajadores-durante-la-ultima-dictadura\/"]}]},{"@type":"ImageObject","inLanguage":"es","@id":"https:\/\/noticiasmercedinas.com\/site\/2026\/03\/21\/marcos-schiavi-disertara-en-mercedes-sobre-el-rol-de-los-trabajadores-durante-la-ultima-dictadura\/#primaryimage","url":"https:\/\/noticiasmercedinas.com\/site\/wp-content\/uploads\/2026\/03\/Marcos-Schiavi-1.jpeg","contentUrl":"https:\/\/noticiasmercedinas.com\/site\/wp-content\/uploads\/2026\/03\/Marcos-Schiavi-1.jpeg","width":1600,"height":1066},{"@type":"BreadcrumbList","@id":"https:\/\/noticiasmercedinas.com\/site\/2026\/03\/21\/marcos-schiavi-disertara-en-mercedes-sobre-el-rol-de-los-trabajadores-durante-la-ultima-dictadura\/#breadcrumb","itemListElement":[{"@type":"ListItem","position":1,"name":"Portada","item":"https:\/\/noticiasmercedinas.com\/site\/"},{"@type":"ListItem","position":2,"name":"Marcos Schiavi disertar\u00e1 en Mercedes sobre el rol de los trabajadores durante la \u00faltima dictadura"}]},{"@type":"WebSite","@id":"https:\/\/noticiasmercedinas.com\/site\/#website","url":"https:\/\/noticiasmercedinas.com\/site\/","name":"NOTICIASMERCEDINAS.COM","description":"Mercedes, Buenos Aires, Argentina","publisher":{"@id":"https:\/\/noticiasmercedinas.com\/site\/#organization"},"potentialAction":[{"@type":"SearchAction","target":{"@type":"EntryPoint","urlTemplate":"https:\/\/noticiasmercedinas.com\/site\/?s={search_term_string}"},"query-input":{"@type":"PropertyValueSpecification","valueRequired":true,"valueName":"search_term_string"}}],"inLanguage":"es"},{"@type":"Organization","@id":"https:\/\/noticiasmercedinas.com\/site\/#organization","name":"NOTICIASMERCEDINAS.COM","url":"https:\/\/noticiasmercedinas.com\/site\/","logo":{"@type":"ImageObject","inLanguage":"es","@id":"https:\/\/noticiasmercedinas.com\/site\/#\/schema\/logo\/image\/","url":"https:\/\/noticiasmercedinas.com\/site\/wp-content\/uploads\/2020\/06\/LOGO-512.jpg","contentUrl":"https:\/\/noticiasmercedinas.com\/site\/wp-content\/uploads\/2020\/06\/LOGO-512.jpg","width":512,"height":512,"caption":"NOTICIASMERCEDINAS.COM"},"image":{"@id":"https:\/\/noticiasmercedinas.com\/site\/#\/schema\/logo\/image\/"},"sameAs":["https:\/\/www.facebook.com\/noticiasmercedinas\/","https:\/\/x.com\/notmercedinas","https:\/\/www.instagram.com\/noticiasmercedinas\/"]},{"@type":"Person","@id":"https:\/\/noticiasmercedinas.com\/site\/#\/schema\/person\/84b59c099c28ff2e8b77d4ceec5d8063","name":"NOTICIASMERCEDINAS.COM","image":{"@type":"ImageObject","inLanguage":"es","@id":"https:\/\/secure.gravatar.com\/avatar\/4dfbf16b4d17945bfb6341b2d19043457132fcf478a5ee04f42e959fd8f5df0a?s=96&d=mm&r=g","url":"https:\/\/secure.gravatar.com\/avatar\/4dfbf16b4d17945bfb6341b2d19043457132fcf478a5ee04f42e959fd8f5df0a?s=96&d=mm&r=g","contentUrl":"https:\/\/secure.gravatar.com\/avatar\/4dfbf16b4d17945bfb6341b2d19043457132fcf478a5ee04f42e959fd8f5df0a?s=96&d=mm&r=g","caption":"NOTICIASMERCEDINAS.COM"},"url":"https:\/\/noticiasmercedinas.com\/site\/author\/anonimo\/"}]}},"amp_enabled":true,"_links":{"self":[{"href":"https:\/\/noticiasmercedinas.com\/site\/wp-json\/wp\/v2\/posts\/182382","targetHints":{"allow":["GET"]}}],"collection":[{"href":"https:\/\/noticiasmercedinas.com\/site\/wp-json\/wp\/v2\/posts"}],"about":[{"href":"https:\/\/noticiasmercedinas.com\/site\/wp-json\/wp\/v2\/types\/post"}],"author":[{"embeddable":true,"href":"https:\/\/noticiasmercedinas.com\/site\/wp-json\/wp\/v2\/users\/16"}],"replies":[{"embeddable":true,"href":"https:\/\/noticiasmercedinas.com\/site\/wp-json\/wp\/v2\/comments?post=182382"}],"version-history":[{"count":1,"href":"https:\/\/noticiasmercedinas.com\/site\/wp-json\/wp\/v2\/posts\/182382\/revisions"}],"predecessor-version":[{"id":182384,"href":"https:\/\/noticiasmercedinas.com\/site\/wp-json\/wp\/v2\/posts\/182382\/revisions\/182384"}],"wp:featuredmedia":[{"embeddable":true,"href":"https:\/\/noticiasmercedinas.com\/site\/wp-json\/wp\/v2\/media\/182383"}],"wp:attachment":[{"href":"https:\/\/noticiasmercedinas.com\/site\/wp-json\/wp\/v2\/media?parent=182382"}],"wp:term":[{"taxonomy":"category","embeddable":true,"href":"https:\/\/noticiasmercedinas.com\/site\/wp-json\/wp\/v2\/categories?post=182382"},{"taxonomy":"post_tag","embeddable":true,"href":"https:\/\/noticiasmercedinas.com\/site\/wp-json\/wp\/v2\/tags?post=182382"}],"curies":[{"name":"wp","href":"https:\/\/api.w.org\/{rel}","templated":true}]}}