{"id":182410,"date":"2026-03-21T23:55:47","date_gmt":"2026-03-22T02:55:47","guid":{"rendered":"https:\/\/noticiasmercedinas.com\/site\/?p=182410"},"modified":"2026-03-22T22:52:56","modified_gmt":"2026-03-23T01:52:56","slug":"mucha-participacion-en-la-bicicleteada-por-la-memoria-a-50-anos-del-golpe","status":"publish","type":"post","link":"https:\/\/noticiasmercedinas.com\/site\/2026\/03\/21\/mucha-participacion-en-la-bicicleteada-por-la-memoria-a-50-anos-del-golpe\/","title":{"rendered":"Mucha participaci\u00f3n en la \u201cBicicleteada por la Memoria\u201d a 50 a\u00f1os del golpe"},"content":{"rendered":"<p><img loading=\"lazy\" decoding=\"async\" class=\"alignnone size-full wp-image-182412\" src=\"https:\/\/noticiasmercedinas.com\/site\/wp-content\/uploads\/2026\/03\/IMG-20260321-WA0055-e1774148088289.jpg\" alt=\"\" width=\"962\" height=\"616\" srcset=\"https:\/\/noticiasmercedinas.com\/site\/wp-content\/uploads\/2026\/03\/IMG-20260321-WA0055-e1774148088289.jpg 962w, https:\/\/noticiasmercedinas.com\/site\/wp-content\/uploads\/2026\/03\/IMG-20260321-WA0055-e1774148088289-300x192.jpg 300w, https:\/\/noticiasmercedinas.com\/site\/wp-content\/uploads\/2026\/03\/IMG-20260321-WA0055-e1774148088289-768x492.jpg 768w, https:\/\/noticiasmercedinas.com\/site\/wp-content\/uploads\/2026\/03\/IMG-20260321-WA0055-e1774148088289-640x410.jpg 640w, https:\/\/noticiasmercedinas.com\/site\/wp-content\/uploads\/2026\/03\/IMG-20260321-WA0055-e1774148088289-681x436.jpg 681w\" sizes=\"auto, (max-width: 962px) 100vw, 962px\" \/><\/p>\n<p>En una jornada marcada por la reflexi\u00f3n y el compromiso civil, se llev\u00f3 a cabo una nueva edici\u00f3n de la \u201cBicicleteada por la Memoria\u201d. El evento, que alcanz\u00f3 una convocatoria r\u00e9cord, se realiz\u00f3 en el marco del 50\u00b0 aniversario del \u00faltimo golpe c\u00edvico-militar, con el objetivo de se\u00f1alizar y recordar los hitos de la historia local durante el per\u00edodo m\u00e1s oscuro del pa\u00eds.<\/p>\n<p>La iniciativa fue impulsada por la Coordinaci\u00f3n de Derechos Humanos municipal, con el acompa\u00f1amiento fundamental de la Comisi\u00f3n de Familiares de Mercedes.<\/p>\n<p>El circuito propuesto permiti\u00f3 a los asistentes recorrer diversos puntos estrat\u00e9gicos de la ciudad donde se manifest\u00f3 el accionar del terrorismo de Estado, ofreciendo un an\u00e1lisis integral que abarc\u00f3 tanto la log\u00edstica de las fuerzas represivas como la resistencia y el padecimiento de las v\u00edctimas.<\/p>\n<p>\u201cLa actividad permiti\u00f3 no solo compartir una tarde de recorrida, sino, lo que es m\u00e1s importante, frenar en cada sitio y recibir un relato que nos permiti\u00f3 adentrarnos en la historia de Mercedes directamente vinculada al proceso militar iniciado en 1976\u201d, destac\u00f3 Mara Quiroga, responsable del \u00e1rea de Derechos Humanos.<\/p>\n<p>A lo largo del trayecto, se realizaron paradas informativas donde se brindaron testimonios y datos hist\u00f3ricos que vincularon la geograf\u00eda urbana con los sucesos iniciados hace medio siglo. Seg\u00fan los organizadores, la respuesta de la comunidad \u2014especialmente de los j\u00f3venes\u2014 subraya la vigencia del reclamo de Memoria, Verdad y Justicia en la agenda social mercedina.<\/p>\n<p><strong>Agenda de actividades: El cronograma hacia el 24 de marzo<\/strong><\/p>\n<p>La conmemoraci\u00f3n continuar\u00e1 durante los pr\u00f3ximos d\u00edas con una serie de eventos abiertos:<\/p>\n<p>* Domingo: Festival por la Memoria en el Complejo Cultural \u00abLa Trocha\u00bb, a partir de las 19:00.<\/p>\n<p>* Lunes: Vigilia tradicional en la Plaza San Mart\u00edn, iniciando a las 19:00.<\/p>\n<p>* Martes 24: Acto central por el D\u00eda Nacional de la Memoria por la Verdad y la Justicia, a las 11:00 en la Plaza San Mart\u00edn.<\/p>\n<p>La Direcci\u00f3n de Derechos Humanos invit\u00f3 a toda la comunidad a sumarse a estas instancias finales para ratificar el compromiso democr\u00e1tico de la ciudad.<\/p>\n","protected":false},"excerpt":{"rendered":"<p>\u25a0 Vecinos y organizaciones recorrieron sitios emblem\u00e1ticos de la ciudad vinculados al terrorismo de Estado. La actividad forma parte de la agenda oficial que culminar\u00e1 el pr\u00f3ximo 24 de marzo con el acto central<\/p>\n","protected":false},"author":16,"featured_media":182412,"comment_status":"closed","ping_status":"closed","sticky":false,"template":"","format":"standard","meta":{"footnotes":""},"categories":[3],"tags":[6853,5994,4368,768,699],"class_list":["post-182410","post","type-post","status-publish","format-standard","has-post-thumbnail","hentry","category-sociedad","tag-50-anos","tag-bicicleteada","tag-derechos-humanos","tag-dictadura","tag-memoria"],"yoast_head":"<!-- This site is optimized with the Yoast SEO plugin v27.5 - https:\/\/yoast.com\/product\/yoast-seo-wordpress\/ -->\n<title>Mucha participaci\u00f3n en la \u201cBicicleteada por la Memoria\u201d a 50 a\u00f1os del golpe<\/title>\n<meta name=\"description\" content=\"Vecinos y organizaciones recorrieron sitios emblem\u00e1ticos de la ciudad vinculados al terrorismo de Estado. La actividad forma parte de la agenda oficial que culminar\u00e1 el pr\u00f3ximo 24 de marzo con el acto central\" \/>\n<meta name=\"robots\" content=\"index, follow, max-snippet:-1, max-image-preview:large, max-video-preview:-1\" \/>\n<link rel=\"canonical\" href=\"https:\/\/noticiasmercedinas.com\/site\/2026\/03\/21\/mucha-participacion-en-la-bicicleteada-por-la-memoria-a-50-anos-del-golpe\/\" \/>\n<meta property=\"og:locale\" content=\"es_ES\" \/>\n<meta property=\"og:type\" content=\"article\" \/>\n<meta property=\"og:title\" content=\"Mucha participaci\u00f3n en la \u201cBicicleteada por la Memoria\u201d a 50 a\u00f1os del golpe\" \/>\n<meta property=\"og:description\" content=\"Vecinos y organizaciones recorrieron sitios emblem\u00e1ticos de la ciudad vinculados al terrorismo de Estado. La actividad forma parte de la agenda oficial que culminar\u00e1 el pr\u00f3ximo 24 de marzo con el acto central\" \/>\n<meta property=\"og:url\" content=\"https:\/\/noticiasmercedinas.com\/site\/2026\/03\/21\/mucha-participacion-en-la-bicicleteada-por-la-memoria-a-50-anos-del-golpe\/\" \/>\n<meta property=\"og:site_name\" content=\"NOTICIASMERCEDINAS.COM\" \/>\n<meta property=\"article:publisher\" content=\"https:\/\/www.facebook.com\/noticiasmercedinas\/\" \/>\n<meta property=\"article:published_time\" content=\"2026-03-22T02:55:47+00:00\" \/>\n<meta property=\"article:modified_time\" content=\"2026-03-23T01:52:56+00:00\" \/>\n<meta property=\"og:image\" content=\"https:\/\/noticiasmercedinas.com\/site\/wp-content\/uploads\/2026\/03\/IMG-20260321-WA0055-e1774148088289.jpg\" \/>\n\t<meta property=\"og:image:width\" content=\"962\" \/>\n\t<meta property=\"og:image:height\" content=\"616\" \/>\n\t<meta property=\"og:image:type\" content=\"image\/jpeg\" \/>\n<meta name=\"author\" content=\"NOTICIASMERCEDINAS.COM\" \/>\n<meta name=\"twitter:card\" content=\"summary_large_image\" \/>\n<meta name=\"twitter:creator\" content=\"@notmercedinas\" \/>\n<meta name=\"twitter:site\" content=\"@notmercedinas\" \/>\n<meta name=\"twitter:label1\" content=\"Escrito por\" \/>\n\t<meta name=\"twitter:data1\" content=\"NOTICIASMERCEDINAS.COM\" \/>\n\t<meta name=\"twitter:label2\" content=\"Tiempo de lectura\" \/>\n\t<meta name=\"twitter:data2\" content=\"2 minutos\" \/>\n<script type=\"application\/ld+json\" class=\"yoast-schema-graph\">{\"@context\":\"https:\\\/\\\/schema.org\",\"@graph\":[{\"@type\":\"Article\",\"@id\":\"https:\\\/\\\/noticiasmercedinas.com\\\/site\\\/2026\\\/03\\\/21\\\/mucha-participacion-en-la-bicicleteada-por-la-memoria-a-50-anos-del-golpe\\\/#article\",\"isPartOf\":{\"@id\":\"https:\\\/\\\/noticiasmercedinas.com\\\/site\\\/2026\\\/03\\\/21\\\/mucha-participacion-en-la-bicicleteada-por-la-memoria-a-50-anos-del-golpe\\\/\"},\"author\":{\"name\":\"NOTICIASMERCEDINAS.COM\",\"@id\":\"https:\\\/\\\/noticiasmercedinas.com\\\/site\\\/#\\\/schema\\\/person\\\/84b59c099c28ff2e8b77d4ceec5d8063\"},\"headline\":\"Mucha participaci\u00f3n en la \u201cBicicleteada por la Memoria\u201d a 50 a\u00f1os del golpe\",\"datePublished\":\"2026-03-22T02:55:47+00:00\",\"dateModified\":\"2026-03-23T01:52:56+00:00\",\"mainEntityOfPage\":{\"@id\":\"https:\\\/\\\/noticiasmercedinas.com\\\/site\\\/2026\\\/03\\\/21\\\/mucha-participacion-en-la-bicicleteada-por-la-memoria-a-50-anos-del-golpe\\\/\"},\"wordCount\":370,\"publisher\":{\"@id\":\"https:\\\/\\\/noticiasmercedinas.com\\\/site\\\/#organization\"},\"image\":{\"@id\":\"https:\\\/\\\/noticiasmercedinas.com\\\/site\\\/2026\\\/03\\\/21\\\/mucha-participacion-en-la-bicicleteada-por-la-memoria-a-50-anos-del-golpe\\\/#primaryimage\"},\"thumbnailUrl\":\"https:\\\/\\\/noticiasmercedinas.com\\\/site\\\/wp-content\\\/uploads\\\/2026\\\/03\\\/IMG-20260321-WA0055-e1774148088289.jpg\",\"keywords\":[\"50 a\u00f1os\",\"bicicleteada\",\"derechos humanos\",\"dictadura\",\"memoria\"],\"articleSection\":[\"Sociedad\"],\"inLanguage\":\"es\"},{\"@type\":\"WebPage\",\"@id\":\"https:\\\/\\\/noticiasmercedinas.com\\\/site\\\/2026\\\/03\\\/21\\\/mucha-participacion-en-la-bicicleteada-por-la-memoria-a-50-anos-del-golpe\\\/\",\"url\":\"https:\\\/\\\/noticiasmercedinas.com\\\/site\\\/2026\\\/03\\\/21\\\/mucha-participacion-en-la-bicicleteada-por-la-memoria-a-50-anos-del-golpe\\\/\",\"name\":\"Mucha participaci\u00f3n en la \u201cBicicleteada por la Memoria\u201d a 50 a\u00f1os del golpe\",\"isPartOf\":{\"@id\":\"https:\\\/\\\/noticiasmercedinas.com\\\/site\\\/#website\"},\"primaryImageOfPage\":{\"@id\":\"https:\\\/\\\/noticiasmercedinas.com\\\/site\\\/2026\\\/03\\\/21\\\/mucha-participacion-en-la-bicicleteada-por-la-memoria-a-50-anos-del-golpe\\\/#primaryimage\"},\"image\":{\"@id\":\"https:\\\/\\\/noticiasmercedinas.com\\\/site\\\/2026\\\/03\\\/21\\\/mucha-participacion-en-la-bicicleteada-por-la-memoria-a-50-anos-del-golpe\\\/#primaryimage\"},\"thumbnailUrl\":\"https:\\\/\\\/noticiasmercedinas.com\\\/site\\\/wp-content\\\/uploads\\\/2026\\\/03\\\/IMG-20260321-WA0055-e1774148088289.jpg\",\"datePublished\":\"2026-03-22T02:55:47+00:00\",\"dateModified\":\"2026-03-23T01:52:56+00:00\",\"description\":\"Vecinos y organizaciones recorrieron sitios emblem\u00e1ticos de la ciudad vinculados al terrorismo de Estado. La actividad forma parte de la agenda oficial que culminar\u00e1 el pr\u00f3ximo 24 de marzo con el acto central\",\"breadcrumb\":{\"@id\":\"https:\\\/\\\/noticiasmercedinas.com\\\/site\\\/2026\\\/03\\\/21\\\/mucha-participacion-en-la-bicicleteada-por-la-memoria-a-50-anos-del-golpe\\\/#breadcrumb\"},\"inLanguage\":\"es\",\"potentialAction\":[{\"@type\":\"ReadAction\",\"target\":[\"https:\\\/\\\/noticiasmercedinas.com\\\/site\\\/2026\\\/03\\\/21\\\/mucha-participacion-en-la-bicicleteada-por-la-memoria-a-50-anos-del-golpe\\\/\"]}]},{\"@type\":\"ImageObject\",\"inLanguage\":\"es\",\"@id\":\"https:\\\/\\\/noticiasmercedinas.com\\\/site\\\/2026\\\/03\\\/21\\\/mucha-participacion-en-la-bicicleteada-por-la-memoria-a-50-anos-del-golpe\\\/#primaryimage\",\"url\":\"https:\\\/\\\/noticiasmercedinas.com\\\/site\\\/wp-content\\\/uploads\\\/2026\\\/03\\\/IMG-20260321-WA0055-e1774148088289.jpg\",\"contentUrl\":\"https:\\\/\\\/noticiasmercedinas.com\\\/site\\\/wp-content\\\/uploads\\\/2026\\\/03\\\/IMG-20260321-WA0055-e1774148088289.jpg\",\"width\":962,\"height\":616},{\"@type\":\"BreadcrumbList\",\"@id\":\"https:\\\/\\\/noticiasmercedinas.com\\\/site\\\/2026\\\/03\\\/21\\\/mucha-participacion-en-la-bicicleteada-por-la-memoria-a-50-anos-del-golpe\\\/#breadcrumb\",\"itemListElement\":[{\"@type\":\"ListItem\",\"position\":1,\"name\":\"Portada\",\"item\":\"https:\\\/\\\/noticiasmercedinas.com\\\/site\\\/\"},{\"@type\":\"ListItem\",\"position\":2,\"name\":\"Mucha participaci\u00f3n en la \u201cBicicleteada por la Memoria\u201d a 50 a\u00f1os del golpe\"}]},{\"@type\":\"WebSite\",\"@id\":\"https:\\\/\\\/noticiasmercedinas.com\\\/site\\\/#website\",\"url\":\"https:\\\/\\\/noticiasmercedinas.com\\\/site\\\/\",\"name\":\"NOTICIASMERCEDINAS.COM\",\"description\":\"Mercedes, Buenos Aires, Argentina\",\"publisher\":{\"@id\":\"https:\\\/\\\/noticiasmercedinas.com\\\/site\\\/#organization\"},\"potentialAction\":[{\"@type\":\"SearchAction\",\"target\":{\"@type\":\"EntryPoint\",\"urlTemplate\":\"https:\\\/\\\/noticiasmercedinas.com\\\/site\\\/?s={search_term_string}\"},\"query-input\":{\"@type\":\"PropertyValueSpecification\",\"valueRequired\":true,\"valueName\":\"search_term_string\"}}],\"inLanguage\":\"es\"},{\"@type\":\"Organization\",\"@id\":\"https:\\\/\\\/noticiasmercedinas.com\\\/site\\\/#organization\",\"name\":\"NOTICIASMERCEDINAS.COM\",\"url\":\"https:\\\/\\\/noticiasmercedinas.com\\\/site\\\/\",\"logo\":{\"@type\":\"ImageObject\",\"inLanguage\":\"es\",\"@id\":\"https:\\\/\\\/noticiasmercedinas.com\\\/site\\\/#\\\/schema\\\/logo\\\/image\\\/\",\"url\":\"https:\\\/\\\/noticiasmercedinas.com\\\/site\\\/wp-content\\\/uploads\\\/2020\\\/06\\\/LOGO-512.jpg\",\"contentUrl\":\"https:\\\/\\\/noticiasmercedinas.com\\\/site\\\/wp-content\\\/uploads\\\/2020\\\/06\\\/LOGO-512.jpg\",\"width\":512,\"height\":512,\"caption\":\"NOTICIASMERCEDINAS.COM\"},\"image\":{\"@id\":\"https:\\\/\\\/noticiasmercedinas.com\\\/site\\\/#\\\/schema\\\/logo\\\/image\\\/\"},\"sameAs\":[\"https:\\\/\\\/www.facebook.com\\\/noticiasmercedinas\\\/\",\"https:\\\/\\\/x.com\\\/notmercedinas\",\"https:\\\/\\\/www.instagram.com\\\/noticiasmercedinas\\\/\"]},{\"@type\":\"Person\",\"@id\":\"https:\\\/\\\/noticiasmercedinas.com\\\/site\\\/#\\\/schema\\\/person\\\/84b59c099c28ff2e8b77d4ceec5d8063\",\"name\":\"NOTICIASMERCEDINAS.COM\",\"image\":{\"@type\":\"ImageObject\",\"inLanguage\":\"es\",\"@id\":\"https:\\\/\\\/secure.gravatar.com\\\/avatar\\\/4dfbf16b4d17945bfb6341b2d19043457132fcf478a5ee04f42e959fd8f5df0a?s=96&d=mm&r=g\",\"url\":\"https:\\\/\\\/secure.gravatar.com\\\/avatar\\\/4dfbf16b4d17945bfb6341b2d19043457132fcf478a5ee04f42e959fd8f5df0a?s=96&d=mm&r=g\",\"contentUrl\":\"https:\\\/\\\/secure.gravatar.com\\\/avatar\\\/4dfbf16b4d17945bfb6341b2d19043457132fcf478a5ee04f42e959fd8f5df0a?s=96&d=mm&r=g\",\"caption\":\"NOTICIASMERCEDINAS.COM\"},\"url\":\"https:\\\/\\\/noticiasmercedinas.com\\\/site\\\/author\\\/anonimo\\\/\"}]}<\/script>\n<!-- \/ Yoast SEO plugin. -->","yoast_head_json":{"title":"Mucha participaci\u00f3n en la \u201cBicicleteada por la Memoria\u201d a 50 a\u00f1os del golpe","description":"Vecinos y organizaciones recorrieron sitios emblem\u00e1ticos de la ciudad vinculados al terrorismo de Estado. La actividad forma parte de la agenda oficial que culminar\u00e1 el pr\u00f3ximo 24 de marzo con el acto central","robots":{"index":"index","follow":"follow","max-snippet":"max-snippet:-1","max-image-preview":"max-image-preview:large","max-video-preview":"max-video-preview:-1"},"canonical":"https:\/\/noticiasmercedinas.com\/site\/2026\/03\/21\/mucha-participacion-en-la-bicicleteada-por-la-memoria-a-50-anos-del-golpe\/","og_locale":"es_ES","og_type":"article","og_title":"Mucha participaci\u00f3n en la \u201cBicicleteada por la Memoria\u201d a 50 a\u00f1os del golpe","og_description":"Vecinos y organizaciones recorrieron sitios emblem\u00e1ticos de la ciudad vinculados al terrorismo de Estado. La actividad forma parte de la agenda oficial que culminar\u00e1 el pr\u00f3ximo 24 de marzo con el acto central","og_url":"https:\/\/noticiasmercedinas.com\/site\/2026\/03\/21\/mucha-participacion-en-la-bicicleteada-por-la-memoria-a-50-anos-del-golpe\/","og_site_name":"NOTICIASMERCEDINAS.COM","article_publisher":"https:\/\/www.facebook.com\/noticiasmercedinas\/","article_published_time":"2026-03-22T02:55:47+00:00","article_modified_time":"2026-03-23T01:52:56+00:00","og_image":[{"width":962,"height":616,"url":"https:\/\/noticiasmercedinas.com\/site\/wp-content\/uploads\/2026\/03\/IMG-20260321-WA0055-e1774148088289.jpg","type":"image\/jpeg"}],"author":"NOTICIASMERCEDINAS.COM","twitter_card":"summary_large_image","twitter_creator":"@notmercedinas","twitter_site":"@notmercedinas","twitter_misc":{"Escrito por":"NOTICIASMERCEDINAS.COM","Tiempo de lectura":"2 minutos"},"schema":{"@context":"https:\/\/schema.org","@graph":[{"@type":"Article","@id":"https:\/\/noticiasmercedinas.com\/site\/2026\/03\/21\/mucha-participacion-en-la-bicicleteada-por-la-memoria-a-50-anos-del-golpe\/#article","isPartOf":{"@id":"https:\/\/noticiasmercedinas.com\/site\/2026\/03\/21\/mucha-participacion-en-la-bicicleteada-por-la-memoria-a-50-anos-del-golpe\/"},"author":{"name":"NOTICIASMERCEDINAS.COM","@id":"https:\/\/noticiasmercedinas.com\/site\/#\/schema\/person\/84b59c099c28ff2e8b77d4ceec5d8063"},"headline":"Mucha participaci\u00f3n en la \u201cBicicleteada por la Memoria\u201d a 50 a\u00f1os del golpe","datePublished":"2026-03-22T02:55:47+00:00","dateModified":"2026-03-23T01:52:56+00:00","mainEntityOfPage":{"@id":"https:\/\/noticiasmercedinas.com\/site\/2026\/03\/21\/mucha-participacion-en-la-bicicleteada-por-la-memoria-a-50-anos-del-golpe\/"},"wordCount":370,"publisher":{"@id":"https:\/\/noticiasmercedinas.com\/site\/#organization"},"image":{"@id":"https:\/\/noticiasmercedinas.com\/site\/2026\/03\/21\/mucha-participacion-en-la-bicicleteada-por-la-memoria-a-50-anos-del-golpe\/#primaryimage"},"thumbnailUrl":"https:\/\/noticiasmercedinas.com\/site\/wp-content\/uploads\/2026\/03\/IMG-20260321-WA0055-e1774148088289.jpg","keywords":["50 a\u00f1os","bicicleteada","derechos humanos","dictadura","memoria"],"articleSection":["Sociedad"],"inLanguage":"es"},{"@type":"WebPage","@id":"https:\/\/noticiasmercedinas.com\/site\/2026\/03\/21\/mucha-participacion-en-la-bicicleteada-por-la-memoria-a-50-anos-del-golpe\/","url":"https:\/\/noticiasmercedinas.com\/site\/2026\/03\/21\/mucha-participacion-en-la-bicicleteada-por-la-memoria-a-50-anos-del-golpe\/","name":"Mucha participaci\u00f3n en la \u201cBicicleteada por la Memoria\u201d a 50 a\u00f1os del golpe","isPartOf":{"@id":"https:\/\/noticiasmercedinas.com\/site\/#website"},"primaryImageOfPage":{"@id":"https:\/\/noticiasmercedinas.com\/site\/2026\/03\/21\/mucha-participacion-en-la-bicicleteada-por-la-memoria-a-50-anos-del-golpe\/#primaryimage"},"image":{"@id":"https:\/\/noticiasmercedinas.com\/site\/2026\/03\/21\/mucha-participacion-en-la-bicicleteada-por-la-memoria-a-50-anos-del-golpe\/#primaryimage"},"thumbnailUrl":"https:\/\/noticiasmercedinas.com\/site\/wp-content\/uploads\/2026\/03\/IMG-20260321-WA0055-e1774148088289.jpg","datePublished":"2026-03-22T02:55:47+00:00","dateModified":"2026-03-23T01:52:56+00:00","description":"Vecinos y organizaciones recorrieron sitios emblem\u00e1ticos de la ciudad vinculados al terrorismo de Estado. La actividad forma parte de la agenda oficial que culminar\u00e1 el pr\u00f3ximo 24 de marzo con el acto central","breadcrumb":{"@id":"https:\/\/noticiasmercedinas.com\/site\/2026\/03\/21\/mucha-participacion-en-la-bicicleteada-por-la-memoria-a-50-anos-del-golpe\/#breadcrumb"},"inLanguage":"es","potentialAction":[{"@type":"ReadAction","target":["https:\/\/noticiasmercedinas.com\/site\/2026\/03\/21\/mucha-participacion-en-la-bicicleteada-por-la-memoria-a-50-anos-del-golpe\/"]}]},{"@type":"ImageObject","inLanguage":"es","@id":"https:\/\/noticiasmercedinas.com\/site\/2026\/03\/21\/mucha-participacion-en-la-bicicleteada-por-la-memoria-a-50-anos-del-golpe\/#primaryimage","url":"https:\/\/noticiasmercedinas.com\/site\/wp-content\/uploads\/2026\/03\/IMG-20260321-WA0055-e1774148088289.jpg","contentUrl":"https:\/\/noticiasmercedinas.com\/site\/wp-content\/uploads\/2026\/03\/IMG-20260321-WA0055-e1774148088289.jpg","width":962,"height":616},{"@type":"BreadcrumbList","@id":"https:\/\/noticiasmercedinas.com\/site\/2026\/03\/21\/mucha-participacion-en-la-bicicleteada-por-la-memoria-a-50-anos-del-golpe\/#breadcrumb","itemListElement":[{"@type":"ListItem","position":1,"name":"Portada","item":"https:\/\/noticiasmercedinas.com\/site\/"},{"@type":"ListItem","position":2,"name":"Mucha participaci\u00f3n en la \u201cBicicleteada por la Memoria\u201d a 50 a\u00f1os del golpe"}]},{"@type":"WebSite","@id":"https:\/\/noticiasmercedinas.com\/site\/#website","url":"https:\/\/noticiasmercedinas.com\/site\/","name":"NOTICIASMERCEDINAS.COM","description":"Mercedes, Buenos Aires, Argentina","publisher":{"@id":"https:\/\/noticiasmercedinas.com\/site\/#organization"},"potentialAction":[{"@type":"SearchAction","target":{"@type":"EntryPoint","urlTemplate":"https:\/\/noticiasmercedinas.com\/site\/?s={search_term_string}"},"query-input":{"@type":"PropertyValueSpecification","valueRequired":true,"valueName":"search_term_string"}}],"inLanguage":"es"},{"@type":"Organization","@id":"https:\/\/noticiasmercedinas.com\/site\/#organization","name":"NOTICIASMERCEDINAS.COM","url":"https:\/\/noticiasmercedinas.com\/site\/","logo":{"@type":"ImageObject","inLanguage":"es","@id":"https:\/\/noticiasmercedinas.com\/site\/#\/schema\/logo\/image\/","url":"https:\/\/noticiasmercedinas.com\/site\/wp-content\/uploads\/2020\/06\/LOGO-512.jpg","contentUrl":"https:\/\/noticiasmercedinas.com\/site\/wp-content\/uploads\/2020\/06\/LOGO-512.jpg","width":512,"height":512,"caption":"NOTICIASMERCEDINAS.COM"},"image":{"@id":"https:\/\/noticiasmercedinas.com\/site\/#\/schema\/logo\/image\/"},"sameAs":["https:\/\/www.facebook.com\/noticiasmercedinas\/","https:\/\/x.com\/notmercedinas","https:\/\/www.instagram.com\/noticiasmercedinas\/"]},{"@type":"Person","@id":"https:\/\/noticiasmercedinas.com\/site\/#\/schema\/person\/84b59c099c28ff2e8b77d4ceec5d8063","name":"NOTICIASMERCEDINAS.COM","image":{"@type":"ImageObject","inLanguage":"es","@id":"https:\/\/secure.gravatar.com\/avatar\/4dfbf16b4d17945bfb6341b2d19043457132fcf478a5ee04f42e959fd8f5df0a?s=96&d=mm&r=g","url":"https:\/\/secure.gravatar.com\/avatar\/4dfbf16b4d17945bfb6341b2d19043457132fcf478a5ee04f42e959fd8f5df0a?s=96&d=mm&r=g","contentUrl":"https:\/\/secure.gravatar.com\/avatar\/4dfbf16b4d17945bfb6341b2d19043457132fcf478a5ee04f42e959fd8f5df0a?s=96&d=mm&r=g","caption":"NOTICIASMERCEDINAS.COM"},"url":"https:\/\/noticiasmercedinas.com\/site\/author\/anonimo\/"}]}},"amp_enabled":true,"_links":{"self":[{"href":"https:\/\/noticiasmercedinas.com\/site\/wp-json\/wp\/v2\/posts\/182410","targetHints":{"allow":["GET"]}}],"collection":[{"href":"https:\/\/noticiasmercedinas.com\/site\/wp-json\/wp\/v2\/posts"}],"about":[{"href":"https:\/\/noticiasmercedinas.com\/site\/wp-json\/wp\/v2\/types\/post"}],"author":[{"embeddable":true,"href":"https:\/\/noticiasmercedinas.com\/site\/wp-json\/wp\/v2\/users\/16"}],"replies":[{"embeddable":true,"href":"https:\/\/noticiasmercedinas.com\/site\/wp-json\/wp\/v2\/comments?post=182410"}],"version-history":[{"count":3,"href":"https:\/\/noticiasmercedinas.com\/site\/wp-json\/wp\/v2\/posts\/182410\/revisions"}],"predecessor-version":[{"id":182461,"href":"https:\/\/noticiasmercedinas.com\/site\/wp-json\/wp\/v2\/posts\/182410\/revisions\/182461"}],"wp:featuredmedia":[{"embeddable":true,"href":"https:\/\/noticiasmercedinas.com\/site\/wp-json\/wp\/v2\/media\/182412"}],"wp:attachment":[{"href":"https:\/\/noticiasmercedinas.com\/site\/wp-json\/wp\/v2\/media?parent=182410"}],"wp:term":[{"taxonomy":"category","embeddable":true,"href":"https:\/\/noticiasmercedinas.com\/site\/wp-json\/wp\/v2\/categories?post=182410"},{"taxonomy":"post_tag","embeddable":true,"href":"https:\/\/noticiasmercedinas.com\/site\/wp-json\/wp\/v2\/tags?post=182410"}],"curies":[{"name":"wp","href":"https:\/\/api.w.org\/{rel}","templated":true}]}}