{"id":182414,"date":"2026-03-22T01:55:52","date_gmt":"2026-03-22T04:55:52","guid":{"rendered":"https:\/\/noticiasmercedinas.com\/site\/?p=182414"},"modified":"2026-03-22T09:58:55","modified_gmt":"2026-03-22T12:58:55","slug":"a-50-anos-del-golpe-daniel-tarnopolsky-unico-sobreviviente-de-una-familia-arrojada-al-mar","status":"publish","type":"post","link":"https:\/\/noticiasmercedinas.com\/site\/2026\/03\/22\/a-50-anos-del-golpe-daniel-tarnopolsky-unico-sobreviviente-de-una-familia-arrojada-al-mar\/","title":{"rendered":"A 50 a\u00f1os del Golpe: Daniel Tarnopolsky, \u00fanico sobreviviente de una familia arrojada al mar"},"content":{"rendered":"<p><img loading=\"lazy\" decoding=\"async\" class=\"alignnone size-full wp-image-182416\" src=\"https:\/\/noticiasmercedinas.com\/site\/wp-content\/uploads\/2026\/03\/danielT1.jpg\" alt=\"\" width=\"640\" height=\"427\" srcset=\"https:\/\/noticiasmercedinas.com\/site\/wp-content\/uploads\/2026\/03\/danielT1.jpg 640w, https:\/\/noticiasmercedinas.com\/site\/wp-content\/uploads\/2026\/03\/danielT1-300x200.jpg 300w\" sizes=\"auto, (max-width: 640px) 100vw, 640px\" \/><\/p>\n<p>Daniel Tarnopolsky naci\u00f3 en 1957. Su juventud, que debi\u00f3 ser una \u00e9poca de descubrimientos, qued\u00f3 marcada a fuego por el calendario de la violencia argentina.<\/p>\n<p>Hoy, sentado en un caf\u00e9 frente a la Plaza San Matin de Mercedes, donde tiene una chacra y el sonido del ensamble coral Ars Pulchra &#8211;que integra&#8211; reemplaza al estruendo de las bombas, Daniel reconstruye para esta entrevista exclusiva el rompecabezas de una tragedia que le arrebat\u00f3 a sus padres, a sus dos hermanos y a su cu\u00f1ada. Y que document\u00f3 en libros.<\/p>\n<p>Adem\u00e1s sus testimonios fueron clave para al CONADEP en busca del \u00abNunca m\u00e1s\u00bb y el juicio a las juntas.<\/p>\n<p>En 1976, Daniel era un joven de 18 a\u00f1os que reci\u00e9n terminaba el secundario y daba sus primeros pasos en la carrera de Musicoterapia. Proven\u00eda de una familia que \u00e9l define, con orgullo y precisi\u00f3n, como \u00absocialista y solidaria\u00bb.<\/p>\n<blockquote><p>\u00abEn esa \u00e9poca, decir &#8216;solidario&#8217; o &#8216;de izquierda&#8217; no era un insulto como pretenden instalar ahora\u00bb<\/p><\/blockquote>\n<p>Aunque sus padres no militaban activamente en ese momento, su hogar era un hervidero de conciencia social. Su hermano, Sergio, cumpl\u00eda el servicio militar obligatorio nada menos que en la ESMA, escuela de la Armada desde donde tra\u00eda noticias escalofriantes: los conscriptos sab\u00edan que all\u00ed funcionaba un centro clandestino; ve\u00edan los autos entrar y salir en la penumbra de la noche.<\/p>\n<p>\u00abEn esa \u00e9poca, decir &#8216;solidario&#8217; o &#8216;de izquierda&#8217; no era un insulto como pretenden instalar ahora\u00bb, reflexiona Daniel con una candidez que no admite r\u00e9plicas. Para \u00e9l, el compromiso era natural: trabajaba en centros de salud mental haciendo recreaci\u00f3n para chicos de inquilinatos, una tarea social que la dictadura clausur\u00f3 apenas tom\u00f3 el poder.<\/p>\n<p><strong>La noche que lo cambi\u00f3 todo<\/strong><br \/>\nA medida que avanzaba 1976, el cerco se cerraba. Primero fue el secuestro de una prima. Luego, las discusiones familiares sobre el exilio. Sergio, su hermano, se neg\u00f3 a desertar de la Marina por principios. Daniel, por consejo de su padre, decidi\u00f3 \u00absemi clandestinizarse\u00bb: dormir fuera de casa, cambiando de domicilio constantemente, sin que nadie \u2014ni siquiera sus padres\u2014 supiera su paradero exacto. Esa decisi\u00f3n le salv\u00f3 la vida.<\/p>\n<blockquote><p>Un grupo de tareas hab\u00eda volado la puerta de su casa en Pe\u00f1a y Laprida. Secuestraron a sus padres tras torturarlos en el lugar; luego fueron por su hermana Betina, de apenas 15 a\u00f1os, y por su cu\u00f1ada. Sergio, su hermano, nunca regres\u00f3 de la ESMA. En menos de 24 horas, Daniel se qued\u00f3 solo en el mundo.<\/p><\/blockquote>\n<p>El 15 de julio de 1976, la realidad se parti\u00f3 en dos. Al llamar a su casa y no obtener respuesta, Daniel contact\u00f3 a su abuela. La frase de ella fue una sentencia: \u00ab\u00bfD\u00f3nde est\u00e1s?\u00bb. Esa noche, un grupo de tareas hab\u00eda volado la puerta de su casa en Pe\u00f1a y Laprida. Secuestraron a sus padres tras torturarlos en el lugar; luego fueron por su hermana Betina, de apenas 15 a\u00f1os, y por su cu\u00f1ada. Sergio, su hermano, nunca regres\u00f3 de la ESMA. En menos de 24 horas, Daniel se qued\u00f3 solo en el mundo.<\/p>\n<p>\u00abNadie pensaba en ese momento que la bestialidad de los milicos iba a ser lo que fue. No hab\u00eda noci\u00f3n de lo que era la desaparici\u00f3n, especialmente para quienes no eran militantes pol\u00edticos de vanguardia\u00bb, explica.<\/p>\n<p><img loading=\"lazy\" decoding=\"async\" class=\"alignnone size-full wp-image-182417\" src=\"https:\/\/noticiasmercedinas.com\/site\/wp-content\/uploads\/2026\/03\/danielT.jpg\" alt=\"\" width=\"640\" height=\"427\" srcset=\"https:\/\/noticiasmercedinas.com\/site\/wp-content\/uploads\/2026\/03\/danielT.jpg 640w, https:\/\/noticiasmercedinas.com\/site\/wp-content\/uploads\/2026\/03\/danielT-300x200.jpg 300w\" sizes=\"auto, (max-width: 640px) 100vw, 640px\" \/><\/p>\n<p><strong>El periplo del exilio: De Chile a Israel y el refugio en Francia<\/strong><br \/>\nA los 18 a\u00f1os, Daniel inici\u00f3 un exilio que lo llev\u00f3 por tres pa\u00edses. Primero Chile, donde la dictadura de Pinochet le permiti\u00f3 entender, a trav\u00e9s de amigos chilenos, la macabra verdad: los desaparecidos no volv\u00edan. All\u00ed comprendi\u00f3 que sus padres y hermanos probablemente estaban muertos.<\/p>\n<p>Luego vino Israel, bajo la ley de retorno para familias jud\u00edas. All\u00ed se encontr\u00f3 con miles de argentinos y, por un momento, recuper\u00f3 una esperanza fr\u00e1gil al conocer sobrevivientes que hab\u00edan sido liberados. \u00abMe enganch\u00e9 a esa esperanza: si a ellos los soltaron, \u00bfpor qu\u00e9 no a mis padres que no ten\u00edan nada que ver?\u00bb.<\/p>\n<blockquote><p>Junto a otros exiliados, fund\u00f3 organizaciones para denunciar desde Europa lo que el Mundial 78 y la Guerra de Malvinas intentaban tapar. Daniel recuerda con amargura el \u00abfervor\u00bb de una sociedad que, por momentos, parec\u00eda mirar hacia otro lado mientras los aviones de la muerte part\u00edan desde la ESMA.<\/p><\/blockquote>\n<p>Finalmente, en 1977, lleg\u00f3 a Francia. All\u00ed naci\u00f3 su faceta de militante por los Derechos Humanos. Junto a otros exiliados, fund\u00f3 organizaciones para denunciar desde Europa lo que el Mundial 78 y la Guerra de Malvinas intentaban tapar. Daniel recuerda con amargura el \u00abfervor\u00bb de una sociedad que, por momentos, parec\u00eda mirar hacia otro lado mientras los aviones de la muerte part\u00edan desde la ESMA.<\/p>\n<p><strong>El regreso y la justicia: \u00abVenganza de clase e industricidio\u00bb<\/strong><br \/>\nDaniel regres\u00f3 al pa\u00eds en 1984, con la democracia de Alfons\u00edn. Fue testigo clave en el Juicio a las Juntas de 1985. El Almirante Emilio Massera fue condenado, entre otros cargos, por el caso de la familia Tarnopolsky.<\/p>\n<p>En su an\u00e1lisis hist\u00f3rico, Daniel es tajante: la dictadura no fue solo una persecuci\u00f3n ideol\u00f3gica, fue un plan econ\u00f3mico de saqueo. \u00abFue un industricidio\u00bb, afirma, se\u00f1alando c\u00f3mo se secuestr\u00f3 a industriales que se opon\u00edan a Mart\u00ednez de Hoz para robarles sus empresas. \u00abEse delirio de que era una guerra&#8230; Mentira. Fue asesinato puro y robo\u00bb.<\/p>\n<p><img loading=\"lazy\" decoding=\"async\" class=\"size-full wp-image-182415 aligncenter\" src=\"https:\/\/noticiasmercedinas.com\/site\/wp-content\/uploads\/2026\/03\/81WBzH7IKfL._SY466_.jpg\" alt=\"\" width=\"300\" height=\"466\" srcset=\"https:\/\/noticiasmercedinas.com\/site\/wp-content\/uploads\/2026\/03\/81WBzH7IKfL._SY466_.jpg 300w, https:\/\/noticiasmercedinas.com\/site\/wp-content\/uploads\/2026\/03\/81WBzH7IKfL._SY466_-193x300.jpg 193w\" sizes=\"auto, (max-width: 300px) 100vw, 300px\" \/><\/p>\n<p><strong>Presente en Mercedes: Libros, m\u00fasica y memoria<\/strong><br \/>\nDaniel ha volcado su historia en dos libros fundamentales: \u00ab<a href=\"https:\/\/www.amazon.com\/-\/es\/Daniel-Tarnopolsky-ebook\/dp\/B00GWSN0XS\/ref=sr_1_4?dib=eyJ2IjoiMSJ9.WBMk1my17kEY48j5Sp4zkiZeLwoS0g-INyyXnrNpD-jGjHj071QN20LucGBJIEps.7_Xl6HruEz1f15gmsJ_YXOvy9xSMnpg3oP_Sm1mTzz4&amp;dib_tag=se&amp;qid=1774153252&amp;refinements=p_27%3ADaniel+Tarnopolsky&amp;s=books&amp;sr=1-4\">Betina sin aparecer<\/a>\u00bb (2012) y \u00abSergio clandestino en la ESMA\u00bb (2022). A trav\u00e9s de ellos, busca reivindicar la vida de sus hermanos y mantener viva la exigencia de Verdad y Justicia.<\/p>\n<p>Radicado en Mercedes por \u00abcasualidad tur\u00edstica\u00bb, maneja la <a href=\"https:\/\/www.instagram.com\/chacra_san_francisco\/\">Chacra San Francisco<\/a>, un emprendimiento que comparte con su hijo. Aunque decidi\u00f3 no militar activamente en la pol\u00edtica local, su presencia en el ensamble Ars Pulchra y su vida cotidiana en la ciudad son un testimonio silencioso pero potente de alguien que sobrevivi\u00f3 al horror para contar la verdad.<\/p>\n<p>Al cerrar la entrevista, el recuerdo de sus familiares permanece en el mar, pero su voz sigue aqu\u00ed, firme, record\u00e1ndonos que la memoria no es solo mirar al pasado, sino una herramienta de gloriosa resistencia contra el odio y la indiferencia del presente.<\/p>\n<p><img loading=\"lazy\" decoding=\"async\" class=\"alignnone wp-image-78044\" src=\"https:\/\/noticiasmercedinas.com\/site\/wp-content\/uploads\/2021\/10\/videla007-ri6.jpg\" alt=\"\" width=\"640\" height=\"498\" \/><\/p>\n<h3 data-path-to-node=\"0\">Jorge Rafael Videla y Javier Milei<\/h3>\n<p data-path-to-node=\"0\">Dentro de la entrevista, Daniel Tarnopolsky se muestra sumamente directo y sin concesiones al analizar tanto la figura hist\u00f3rica del dictador <strong>Jorge Rafael Videla<\/strong> como la actualidad pol\u00edtica bajo la gesti\u00f3n de <strong>Javier Milei<\/strong>.<\/p>\n<p data-path-to-node=\"4\">Tarnopolsky utiliza t\u00e9rminos muy duros para describir al actual mandatario, Javier Milei, vinculando su ascenso al poder con una falta de empat\u00eda social que observa en parte de la poblaci\u00f3n. Lo define como un <b data-path-to-node=\"5,0,0\" data-index-in-node=\"41\">\u00abfacho\u00bb<\/b> y llega a utilizar t\u00e9rminos m\u00e1s fuertes como <b data-path-to-node=\"5,0,0\" data-index-in-node=\"94\">\u00abpsicop\u00e1ta\u00bb<\/b>. Expresa que es \u00abgrave lo que tenemos como presidente\u00bb y sobre el apoyo popular se\u00f1ala con preocupaci\u00f3n: \u00abLo peor es que la gente lo sigue votando\u00bb.<\/p>\n<p data-path-to-node=\"5,2,0\">Daniel se define como \u00abde izquierda, socialista y solidario\u00bb, y afirma que, bajo la gesti\u00f3n actual, esas palabras son tratadas como insultos: \u00abCon este facho que tenemos de presidente, solidaridad es una mala palabra\u00bb. Y sostiene, sin ambages, que el gobierno actual representa la <b data-path-to-node=\"5,3,0\" data-index-in-node=\"65\">\u00abdestrucci\u00f3n del otro\u00bb<\/b> y que va en contra de la solidaridad social y la empat\u00eda.<\/p>\n<p data-path-to-node=\"7\">Ahora bien, al referirse al dictador Jorge Rafael Videla (cuya figura cobra relevancia en la charla por ser Mercedes su ciudad natal), Daniel desmitifica la idea de una \u00abguerra\u00bb y se enfoca en la criminalidad del proceso. <b data-path-to-node=\"8,0,0\" data-index-in-node=\"0\"><\/b> Recuerda con precisi\u00f3n que \u00e9l particip\u00f3 en el Juicio a las Juntas de 1985 y que <b data-path-to-node=\"8,0,0\" data-index-in-node=\"101\">Massera fue condenado<\/b>, entre otros casos, por el exterminio de su familia. Daniel rechaza tajantemente la teor\u00eda de que lo ocurrido en los 70 fue una guerra civil. Para \u00e9l, lo de Videla y la junta fue <b data-path-to-node=\"8,1,0\" data-index-in-node=\"145\">\u00abasesinato puro y robo\u00bb<\/b>.<\/p>\n<p data-path-to-node=\"8,2,0\">Adem\u00e1s vincula a la figura del dictador y a su ministro Mart\u00ednez de Hoz con un <b data-path-to-node=\"8,2,0\" data-index-in-node=\"91\">\u00abindustricidio\u00bb<\/b> (el asesinato de la industria), explicando que se secuestraba a empresarios no por militancia, sino por af\u00e1n de lucro para robarles sus bienes y empresas.<\/p>\n<p data-path-to-node=\"8,3,0\">Y aunque reconoce que Mercedes es la cuna del dictador Videla, Daniel comenta que hoy percibe en la ciudad una \u00abposici\u00f3n m\u00e1s democr\u00e1tica\u00bb y que no se ha cruzado con gente que salga a reivindicar la figura de Videla abiertamente.<\/p>\n","protected":false},"excerpt":{"rendered":"<p>\u25a0 A 50 a\u00f1os del golpe, desde hace un tiempo radicado en Mercedes, relata c\u00f3mo la dictadura aniquil\u00f3 a su familia entera en la ESMA. Desde el exilio en tres pa\u00edses hasta su lucha por la justicia, una entrevista profunda sobre la solidaridad, el \u00abindustricidio\u00bb y la herida abierta de los desaparecidos.<\/p>\n","protected":false},"author":2,"featured_media":182416,"comment_status":"closed","ping_status":"closed","sticky":false,"template":"","format":"standard","meta":{"footnotes":""},"categories":[21814,9,3,20734],"tags":[21890,1750,5249,524,699,1303],"class_list":["post-182414","post","type-post","status-publish","format-standard","has-post-thumbnail","hentry","category-50-anos-del-golpe-de-estado","category-entrevistas","category-sociedad","category-ultimo-momento","tag-daniel-tarnopolsky","tag-dictadira","tag-esma","tag-justicia","tag-memoria","tag-verdad"],"yoast_head":"<!-- This site is optimized with the Yoast SEO plugin v27.5 - https:\/\/yoast.com\/product\/yoast-seo-wordpress\/ -->\n<title>A 50 a\u00f1os del Golpe: Daniel Tarnopolsky, \u00fanico sobreviviente de una familia arrojada al mar<\/title>\n<meta name=\"description\" content=\"A 50 a\u00f1os del golpe, desde hace un tiempo radicado en Mercedes, relata c\u00f3mo la dictadura aniquil\u00f3 a su familia entera en la ESMA. Desde el exilio en tres pa\u00edses hasta su lucha por la justicia, una entrevista profunda sobre la solidaridad, el &quot;industricidio&quot; y la herida abierta de los desaparecidos.\" \/>\n<meta name=\"robots\" content=\"index, follow, max-snippet:-1, max-image-preview:large, max-video-preview:-1\" \/>\n<link rel=\"canonical\" href=\"https:\/\/noticiasmercedinas.com\/site\/2026\/03\/22\/a-50-anos-del-golpe-daniel-tarnopolsky-unico-sobreviviente-de-una-familia-arrojada-al-mar\/\" \/>\n<meta property=\"og:locale\" content=\"es_ES\" \/>\n<meta property=\"og:type\" content=\"article\" \/>\n<meta property=\"og:title\" content=\"A 50 a\u00f1os del Golpe: Daniel Tarnopolsky, \u00fanico sobreviviente de una familia arrojada al mar\" \/>\n<meta property=\"og:description\" content=\"A 50 a\u00f1os del golpe, desde hace un tiempo radicado en Mercedes, relata c\u00f3mo la dictadura aniquil\u00f3 a su familia entera en la ESMA. Desde el exilio en tres pa\u00edses hasta su lucha por la justicia, una entrevista profunda sobre la solidaridad, el &quot;industricidio&quot; y la herida abierta de los desaparecidos.\" \/>\n<meta property=\"og:url\" content=\"https:\/\/noticiasmercedinas.com\/site\/2026\/03\/22\/a-50-anos-del-golpe-daniel-tarnopolsky-unico-sobreviviente-de-una-familia-arrojada-al-mar\/\" \/>\n<meta property=\"og:site_name\" content=\"NOTICIASMERCEDINAS.COM\" \/>\n<meta property=\"article:publisher\" content=\"https:\/\/www.facebook.com\/noticiasmercedinas\/\" \/>\n<meta property=\"article:author\" content=\"https:\/\/www.facebook.com\/cristian.falabella\" \/>\n<meta property=\"article:published_time\" content=\"2026-03-22T04:55:52+00:00\" \/>\n<meta property=\"article:modified_time\" content=\"2026-03-22T12:58:55+00:00\" \/>\n<meta property=\"og:image\" content=\"https:\/\/noticiasmercedinas.com\/site\/wp-content\/uploads\/2026\/03\/danielT1.jpg\" \/>\n\t<meta property=\"og:image:width\" content=\"640\" \/>\n\t<meta property=\"og:image:height\" content=\"427\" \/>\n\t<meta property=\"og:image:type\" content=\"image\/jpeg\" \/>\n<meta name=\"author\" content=\"Cristian Falabella NOTICIASMERCEDINAS.COM\" \/>\n<meta name=\"twitter:card\" content=\"summary_large_image\" \/>\n<meta name=\"twitter:creator\" content=\"@https:\/\/twitter.com\/NOTMERCEDINAS\" \/>\n<meta name=\"twitter:site\" content=\"@notmercedinas\" \/>\n<meta name=\"twitter:label1\" content=\"Escrito por\" \/>\n\t<meta name=\"twitter:data1\" content=\"Cristian Falabella NOTICIASMERCEDINAS.COM\" \/>\n\t<meta name=\"twitter:label2\" content=\"Tiempo de lectura\" \/>\n\t<meta name=\"twitter:data2\" content=\"7 minutos\" \/>\n<script type=\"application\/ld+json\" class=\"yoast-schema-graph\">{\"@context\":\"https:\\\/\\\/schema.org\",\"@graph\":[{\"@type\":\"Article\",\"@id\":\"https:\\\/\\\/noticiasmercedinas.com\\\/site\\\/2026\\\/03\\\/22\\\/a-50-anos-del-golpe-daniel-tarnopolsky-unico-sobreviviente-de-una-familia-arrojada-al-mar\\\/#article\",\"isPartOf\":{\"@id\":\"https:\\\/\\\/noticiasmercedinas.com\\\/site\\\/2026\\\/03\\\/22\\\/a-50-anos-del-golpe-daniel-tarnopolsky-unico-sobreviviente-de-una-familia-arrojada-al-mar\\\/\"},\"author\":{\"name\":\"Cristian Falabella NOTICIASMERCEDINAS.COM\",\"@id\":\"https:\\\/\\\/noticiasmercedinas.com\\\/site\\\/#\\\/schema\\\/person\\\/d481a9696a5feaec13a60e2bbd991a6a\"},\"headline\":\"A 50 a\u00f1os del Golpe: Daniel Tarnopolsky, \u00fanico sobreviviente de una familia arrojada al mar\",\"datePublished\":\"2026-03-22T04:55:52+00:00\",\"dateModified\":\"2026-03-22T12:58:55+00:00\",\"mainEntityOfPage\":{\"@id\":\"https:\\\/\\\/noticiasmercedinas.com\\\/site\\\/2026\\\/03\\\/22\\\/a-50-anos-del-golpe-daniel-tarnopolsky-unico-sobreviviente-de-una-familia-arrojada-al-mar\\\/\"},\"wordCount\":1437,\"publisher\":{\"@id\":\"https:\\\/\\\/noticiasmercedinas.com\\\/site\\\/#organization\"},\"image\":{\"@id\":\"https:\\\/\\\/noticiasmercedinas.com\\\/site\\\/2026\\\/03\\\/22\\\/a-50-anos-del-golpe-daniel-tarnopolsky-unico-sobreviviente-de-una-familia-arrojada-al-mar\\\/#primaryimage\"},\"thumbnailUrl\":\"https:\\\/\\\/noticiasmercedinas.com\\\/site\\\/wp-content\\\/uploads\\\/2026\\\/03\\\/danielT1.jpg\",\"keywords\":[\"daniel tarnopolsky\",\"dictadira\",\"esma\",\"justicia\",\"memoria\",\"verdad\"],\"articleSection\":[\"50 a\u00f1os del Golpe de Estado\",\"Entrevistas\",\"Sociedad\",\"Ultimo momento\"],\"inLanguage\":\"es\"},{\"@type\":\"WebPage\",\"@id\":\"https:\\\/\\\/noticiasmercedinas.com\\\/site\\\/2026\\\/03\\\/22\\\/a-50-anos-del-golpe-daniel-tarnopolsky-unico-sobreviviente-de-una-familia-arrojada-al-mar\\\/\",\"url\":\"https:\\\/\\\/noticiasmercedinas.com\\\/site\\\/2026\\\/03\\\/22\\\/a-50-anos-del-golpe-daniel-tarnopolsky-unico-sobreviviente-de-una-familia-arrojada-al-mar\\\/\",\"name\":\"A 50 a\u00f1os del Golpe: Daniel Tarnopolsky, \u00fanico sobreviviente de una familia arrojada al mar\",\"isPartOf\":{\"@id\":\"https:\\\/\\\/noticiasmercedinas.com\\\/site\\\/#website\"},\"primaryImageOfPage\":{\"@id\":\"https:\\\/\\\/noticiasmercedinas.com\\\/site\\\/2026\\\/03\\\/22\\\/a-50-anos-del-golpe-daniel-tarnopolsky-unico-sobreviviente-de-una-familia-arrojada-al-mar\\\/#primaryimage\"},\"image\":{\"@id\":\"https:\\\/\\\/noticiasmercedinas.com\\\/site\\\/2026\\\/03\\\/22\\\/a-50-anos-del-golpe-daniel-tarnopolsky-unico-sobreviviente-de-una-familia-arrojada-al-mar\\\/#primaryimage\"},\"thumbnailUrl\":\"https:\\\/\\\/noticiasmercedinas.com\\\/site\\\/wp-content\\\/uploads\\\/2026\\\/03\\\/danielT1.jpg\",\"datePublished\":\"2026-03-22T04:55:52+00:00\",\"dateModified\":\"2026-03-22T12:58:55+00:00\",\"description\":\"A 50 a\u00f1os del golpe, desde hace un tiempo radicado en Mercedes, relata c\u00f3mo la dictadura aniquil\u00f3 a su familia entera en la ESMA. Desde el exilio en tres pa\u00edses hasta su lucha por la justicia, una entrevista profunda sobre la solidaridad, el \\\"industricidio\\\" y la herida abierta de los desaparecidos.\",\"breadcrumb\":{\"@id\":\"https:\\\/\\\/noticiasmercedinas.com\\\/site\\\/2026\\\/03\\\/22\\\/a-50-anos-del-golpe-daniel-tarnopolsky-unico-sobreviviente-de-una-familia-arrojada-al-mar\\\/#breadcrumb\"},\"inLanguage\":\"es\",\"potentialAction\":[{\"@type\":\"ReadAction\",\"target\":[\"https:\\\/\\\/noticiasmercedinas.com\\\/site\\\/2026\\\/03\\\/22\\\/a-50-anos-del-golpe-daniel-tarnopolsky-unico-sobreviviente-de-una-familia-arrojada-al-mar\\\/\"]}]},{\"@type\":\"ImageObject\",\"inLanguage\":\"es\",\"@id\":\"https:\\\/\\\/noticiasmercedinas.com\\\/site\\\/2026\\\/03\\\/22\\\/a-50-anos-del-golpe-daniel-tarnopolsky-unico-sobreviviente-de-una-familia-arrojada-al-mar\\\/#primaryimage\",\"url\":\"https:\\\/\\\/noticiasmercedinas.com\\\/site\\\/wp-content\\\/uploads\\\/2026\\\/03\\\/danielT1.jpg\",\"contentUrl\":\"https:\\\/\\\/noticiasmercedinas.com\\\/site\\\/wp-content\\\/uploads\\\/2026\\\/03\\\/danielT1.jpg\",\"width\":640,\"height\":427},{\"@type\":\"BreadcrumbList\",\"@id\":\"https:\\\/\\\/noticiasmercedinas.com\\\/site\\\/2026\\\/03\\\/22\\\/a-50-anos-del-golpe-daniel-tarnopolsky-unico-sobreviviente-de-una-familia-arrojada-al-mar\\\/#breadcrumb\",\"itemListElement\":[{\"@type\":\"ListItem\",\"position\":1,\"name\":\"Portada\",\"item\":\"https:\\\/\\\/noticiasmercedinas.com\\\/site\\\/\"},{\"@type\":\"ListItem\",\"position\":2,\"name\":\"A 50 a\u00f1os del Golpe: Daniel Tarnopolsky, \u00fanico sobreviviente de una familia arrojada al mar\"}]},{\"@type\":\"WebSite\",\"@id\":\"https:\\\/\\\/noticiasmercedinas.com\\\/site\\\/#website\",\"url\":\"https:\\\/\\\/noticiasmercedinas.com\\\/site\\\/\",\"name\":\"NOTICIASMERCEDINAS.COM\",\"description\":\"Mercedes, Buenos Aires, Argentina\",\"publisher\":{\"@id\":\"https:\\\/\\\/noticiasmercedinas.com\\\/site\\\/#organization\"},\"potentialAction\":[{\"@type\":\"SearchAction\",\"target\":{\"@type\":\"EntryPoint\",\"urlTemplate\":\"https:\\\/\\\/noticiasmercedinas.com\\\/site\\\/?s={search_term_string}\"},\"query-input\":{\"@type\":\"PropertyValueSpecification\",\"valueRequired\":true,\"valueName\":\"search_term_string\"}}],\"inLanguage\":\"es\"},{\"@type\":\"Organization\",\"@id\":\"https:\\\/\\\/noticiasmercedinas.com\\\/site\\\/#organization\",\"name\":\"NOTICIASMERCEDINAS.COM\",\"url\":\"https:\\\/\\\/noticiasmercedinas.com\\\/site\\\/\",\"logo\":{\"@type\":\"ImageObject\",\"inLanguage\":\"es\",\"@id\":\"https:\\\/\\\/noticiasmercedinas.com\\\/site\\\/#\\\/schema\\\/logo\\\/image\\\/\",\"url\":\"https:\\\/\\\/noticiasmercedinas.com\\\/site\\\/wp-content\\\/uploads\\\/2020\\\/06\\\/LOGO-512.jpg\",\"contentUrl\":\"https:\\\/\\\/noticiasmercedinas.com\\\/site\\\/wp-content\\\/uploads\\\/2020\\\/06\\\/LOGO-512.jpg\",\"width\":512,\"height\":512,\"caption\":\"NOTICIASMERCEDINAS.COM\"},\"image\":{\"@id\":\"https:\\\/\\\/noticiasmercedinas.com\\\/site\\\/#\\\/schema\\\/logo\\\/image\\\/\"},\"sameAs\":[\"https:\\\/\\\/www.facebook.com\\\/noticiasmercedinas\\\/\",\"https:\\\/\\\/x.com\\\/notmercedinas\",\"https:\\\/\\\/www.instagram.com\\\/noticiasmercedinas\\\/\"]},{\"@type\":\"Person\",\"@id\":\"https:\\\/\\\/noticiasmercedinas.com\\\/site\\\/#\\\/schema\\\/person\\\/d481a9696a5feaec13a60e2bbd991a6a\",\"name\":\"Cristian Falabella NOTICIASMERCEDINAS.COM\",\"image\":{\"@type\":\"ImageObject\",\"inLanguage\":\"es\",\"@id\":\"https:\\\/\\\/secure.gravatar.com\\\/avatar\\\/0dbbfc45970cc46bcd0e57766228574ff3511d6eed045b182f536f0f478c1f06?s=96&d=mm&r=g\",\"url\":\"https:\\\/\\\/secure.gravatar.com\\\/avatar\\\/0dbbfc45970cc46bcd0e57766228574ff3511d6eed045b182f536f0f478c1f06?s=96&d=mm&r=g\",\"contentUrl\":\"https:\\\/\\\/secure.gravatar.com\\\/avatar\\\/0dbbfc45970cc46bcd0e57766228574ff3511d6eed045b182f536f0f478c1f06?s=96&d=mm&r=g\",\"caption\":\"Cristian Falabella NOTICIASMERCEDINAS.COM\"},\"description\":\"Periodista, editor de Noticias Mercedinas. Pas\u00f3 por varias redacciones y emprendimientos de prensa, en distintos formatos y \u00e9pocas. Se especializ\u00f3 --y sigue haci\u00e9ndolo-- en comunicaci\u00f3n en la web y en junio de 2006 fund\u00f3 este diario digital.\",\"sameAs\":[\"https:\\\/\\\/noticiasmercedinas.com\",\"https:\\\/\\\/www.facebook.com\\\/cristian.falabella\",\"https:\\\/\\\/www.instagram.com\\\/noticiasmercedinas\\\/\",\"https:\\\/\\\/x.com\\\/https:\\\/\\\/twitter.com\\\/NOTMERCEDINAS\"],\"url\":\"https:\\\/\\\/noticiasmercedinas.com\\\/site\\\/author\\\/as000384\\\/\"}]}<\/script>\n<!-- \/ Yoast SEO plugin. -->","yoast_head_json":{"title":"A 50 a\u00f1os del Golpe: Daniel Tarnopolsky, \u00fanico sobreviviente de una familia arrojada al mar","description":"A 50 a\u00f1os del golpe, desde hace un tiempo radicado en Mercedes, relata c\u00f3mo la dictadura aniquil\u00f3 a su familia entera en la ESMA. Desde el exilio en tres pa\u00edses hasta su lucha por la justicia, una entrevista profunda sobre la solidaridad, el \"industricidio\" y la herida abierta de los desaparecidos.","robots":{"index":"index","follow":"follow","max-snippet":"max-snippet:-1","max-image-preview":"max-image-preview:large","max-video-preview":"max-video-preview:-1"},"canonical":"https:\/\/noticiasmercedinas.com\/site\/2026\/03\/22\/a-50-anos-del-golpe-daniel-tarnopolsky-unico-sobreviviente-de-una-familia-arrojada-al-mar\/","og_locale":"es_ES","og_type":"article","og_title":"A 50 a\u00f1os del Golpe: Daniel Tarnopolsky, \u00fanico sobreviviente de una familia arrojada al mar","og_description":"A 50 a\u00f1os del golpe, desde hace un tiempo radicado en Mercedes, relata c\u00f3mo la dictadura aniquil\u00f3 a su familia entera en la ESMA. Desde el exilio en tres pa\u00edses hasta su lucha por la justicia, una entrevista profunda sobre la solidaridad, el \"industricidio\" y la herida abierta de los desaparecidos.","og_url":"https:\/\/noticiasmercedinas.com\/site\/2026\/03\/22\/a-50-anos-del-golpe-daniel-tarnopolsky-unico-sobreviviente-de-una-familia-arrojada-al-mar\/","og_site_name":"NOTICIASMERCEDINAS.COM","article_publisher":"https:\/\/www.facebook.com\/noticiasmercedinas\/","article_author":"https:\/\/www.facebook.com\/cristian.falabella","article_published_time":"2026-03-22T04:55:52+00:00","article_modified_time":"2026-03-22T12:58:55+00:00","og_image":[{"width":640,"height":427,"url":"https:\/\/noticiasmercedinas.com\/site\/wp-content\/uploads\/2026\/03\/danielT1.jpg","type":"image\/jpeg"}],"author":"Cristian Falabella NOTICIASMERCEDINAS.COM","twitter_card":"summary_large_image","twitter_creator":"@https:\/\/twitter.com\/NOTMERCEDINAS","twitter_site":"@notmercedinas","twitter_misc":{"Escrito por":"Cristian Falabella NOTICIASMERCEDINAS.COM","Tiempo de lectura":"7 minutos"},"schema":{"@context":"https:\/\/schema.org","@graph":[{"@type":"Article","@id":"https:\/\/noticiasmercedinas.com\/site\/2026\/03\/22\/a-50-anos-del-golpe-daniel-tarnopolsky-unico-sobreviviente-de-una-familia-arrojada-al-mar\/#article","isPartOf":{"@id":"https:\/\/noticiasmercedinas.com\/site\/2026\/03\/22\/a-50-anos-del-golpe-daniel-tarnopolsky-unico-sobreviviente-de-una-familia-arrojada-al-mar\/"},"author":{"name":"Cristian Falabella NOTICIASMERCEDINAS.COM","@id":"https:\/\/noticiasmercedinas.com\/site\/#\/schema\/person\/d481a9696a5feaec13a60e2bbd991a6a"},"headline":"A 50 a\u00f1os del Golpe: Daniel Tarnopolsky, \u00fanico sobreviviente de una familia arrojada al mar","datePublished":"2026-03-22T04:55:52+00:00","dateModified":"2026-03-22T12:58:55+00:00","mainEntityOfPage":{"@id":"https:\/\/noticiasmercedinas.com\/site\/2026\/03\/22\/a-50-anos-del-golpe-daniel-tarnopolsky-unico-sobreviviente-de-una-familia-arrojada-al-mar\/"},"wordCount":1437,"publisher":{"@id":"https:\/\/noticiasmercedinas.com\/site\/#organization"},"image":{"@id":"https:\/\/noticiasmercedinas.com\/site\/2026\/03\/22\/a-50-anos-del-golpe-daniel-tarnopolsky-unico-sobreviviente-de-una-familia-arrojada-al-mar\/#primaryimage"},"thumbnailUrl":"https:\/\/noticiasmercedinas.com\/site\/wp-content\/uploads\/2026\/03\/danielT1.jpg","keywords":["daniel tarnopolsky","dictadira","esma","justicia","memoria","verdad"],"articleSection":["50 a\u00f1os del Golpe de Estado","Entrevistas","Sociedad","Ultimo momento"],"inLanguage":"es"},{"@type":"WebPage","@id":"https:\/\/noticiasmercedinas.com\/site\/2026\/03\/22\/a-50-anos-del-golpe-daniel-tarnopolsky-unico-sobreviviente-de-una-familia-arrojada-al-mar\/","url":"https:\/\/noticiasmercedinas.com\/site\/2026\/03\/22\/a-50-anos-del-golpe-daniel-tarnopolsky-unico-sobreviviente-de-una-familia-arrojada-al-mar\/","name":"A 50 a\u00f1os del Golpe: Daniel Tarnopolsky, \u00fanico sobreviviente de una familia arrojada al mar","isPartOf":{"@id":"https:\/\/noticiasmercedinas.com\/site\/#website"},"primaryImageOfPage":{"@id":"https:\/\/noticiasmercedinas.com\/site\/2026\/03\/22\/a-50-anos-del-golpe-daniel-tarnopolsky-unico-sobreviviente-de-una-familia-arrojada-al-mar\/#primaryimage"},"image":{"@id":"https:\/\/noticiasmercedinas.com\/site\/2026\/03\/22\/a-50-anos-del-golpe-daniel-tarnopolsky-unico-sobreviviente-de-una-familia-arrojada-al-mar\/#primaryimage"},"thumbnailUrl":"https:\/\/noticiasmercedinas.com\/site\/wp-content\/uploads\/2026\/03\/danielT1.jpg","datePublished":"2026-03-22T04:55:52+00:00","dateModified":"2026-03-22T12:58:55+00:00","description":"A 50 a\u00f1os del golpe, desde hace un tiempo radicado en Mercedes, relata c\u00f3mo la dictadura aniquil\u00f3 a su familia entera en la ESMA. Desde el exilio en tres pa\u00edses hasta su lucha por la justicia, una entrevista profunda sobre la solidaridad, el \"industricidio\" y la herida abierta de los desaparecidos.","breadcrumb":{"@id":"https:\/\/noticiasmercedinas.com\/site\/2026\/03\/22\/a-50-anos-del-golpe-daniel-tarnopolsky-unico-sobreviviente-de-una-familia-arrojada-al-mar\/#breadcrumb"},"inLanguage":"es","potentialAction":[{"@type":"ReadAction","target":["https:\/\/noticiasmercedinas.com\/site\/2026\/03\/22\/a-50-anos-del-golpe-daniel-tarnopolsky-unico-sobreviviente-de-una-familia-arrojada-al-mar\/"]}]},{"@type":"ImageObject","inLanguage":"es","@id":"https:\/\/noticiasmercedinas.com\/site\/2026\/03\/22\/a-50-anos-del-golpe-daniel-tarnopolsky-unico-sobreviviente-de-una-familia-arrojada-al-mar\/#primaryimage","url":"https:\/\/noticiasmercedinas.com\/site\/wp-content\/uploads\/2026\/03\/danielT1.jpg","contentUrl":"https:\/\/noticiasmercedinas.com\/site\/wp-content\/uploads\/2026\/03\/danielT1.jpg","width":640,"height":427},{"@type":"BreadcrumbList","@id":"https:\/\/noticiasmercedinas.com\/site\/2026\/03\/22\/a-50-anos-del-golpe-daniel-tarnopolsky-unico-sobreviviente-de-una-familia-arrojada-al-mar\/#breadcrumb","itemListElement":[{"@type":"ListItem","position":1,"name":"Portada","item":"https:\/\/noticiasmercedinas.com\/site\/"},{"@type":"ListItem","position":2,"name":"A 50 a\u00f1os del Golpe: Daniel Tarnopolsky, \u00fanico sobreviviente de una familia arrojada al mar"}]},{"@type":"WebSite","@id":"https:\/\/noticiasmercedinas.com\/site\/#website","url":"https:\/\/noticiasmercedinas.com\/site\/","name":"NOTICIASMERCEDINAS.COM","description":"Mercedes, Buenos Aires, Argentina","publisher":{"@id":"https:\/\/noticiasmercedinas.com\/site\/#organization"},"potentialAction":[{"@type":"SearchAction","target":{"@type":"EntryPoint","urlTemplate":"https:\/\/noticiasmercedinas.com\/site\/?s={search_term_string}"},"query-input":{"@type":"PropertyValueSpecification","valueRequired":true,"valueName":"search_term_string"}}],"inLanguage":"es"},{"@type":"Organization","@id":"https:\/\/noticiasmercedinas.com\/site\/#organization","name":"NOTICIASMERCEDINAS.COM","url":"https:\/\/noticiasmercedinas.com\/site\/","logo":{"@type":"ImageObject","inLanguage":"es","@id":"https:\/\/noticiasmercedinas.com\/site\/#\/schema\/logo\/image\/","url":"https:\/\/noticiasmercedinas.com\/site\/wp-content\/uploads\/2020\/06\/LOGO-512.jpg","contentUrl":"https:\/\/noticiasmercedinas.com\/site\/wp-content\/uploads\/2020\/06\/LOGO-512.jpg","width":512,"height":512,"caption":"NOTICIASMERCEDINAS.COM"},"image":{"@id":"https:\/\/noticiasmercedinas.com\/site\/#\/schema\/logo\/image\/"},"sameAs":["https:\/\/www.facebook.com\/noticiasmercedinas\/","https:\/\/x.com\/notmercedinas","https:\/\/www.instagram.com\/noticiasmercedinas\/"]},{"@type":"Person","@id":"https:\/\/noticiasmercedinas.com\/site\/#\/schema\/person\/d481a9696a5feaec13a60e2bbd991a6a","name":"Cristian Falabella NOTICIASMERCEDINAS.COM","image":{"@type":"ImageObject","inLanguage":"es","@id":"https:\/\/secure.gravatar.com\/avatar\/0dbbfc45970cc46bcd0e57766228574ff3511d6eed045b182f536f0f478c1f06?s=96&d=mm&r=g","url":"https:\/\/secure.gravatar.com\/avatar\/0dbbfc45970cc46bcd0e57766228574ff3511d6eed045b182f536f0f478c1f06?s=96&d=mm&r=g","contentUrl":"https:\/\/secure.gravatar.com\/avatar\/0dbbfc45970cc46bcd0e57766228574ff3511d6eed045b182f536f0f478c1f06?s=96&d=mm&r=g","caption":"Cristian Falabella NOTICIASMERCEDINAS.COM"},"description":"Periodista, editor de Noticias Mercedinas. Pas\u00f3 por varias redacciones y emprendimientos de prensa, en distintos formatos y \u00e9pocas. Se especializ\u00f3 --y sigue haci\u00e9ndolo-- en comunicaci\u00f3n en la web y en junio de 2006 fund\u00f3 este diario digital.","sameAs":["https:\/\/noticiasmercedinas.com","https:\/\/www.facebook.com\/cristian.falabella","https:\/\/www.instagram.com\/noticiasmercedinas\/","https:\/\/x.com\/https:\/\/twitter.com\/NOTMERCEDINAS"],"url":"https:\/\/noticiasmercedinas.com\/site\/author\/as000384\/"}]}},"amp_enabled":true,"_links":{"self":[{"href":"https:\/\/noticiasmercedinas.com\/site\/wp-json\/wp\/v2\/posts\/182414","targetHints":{"allow":["GET"]}}],"collection":[{"href":"https:\/\/noticiasmercedinas.com\/site\/wp-json\/wp\/v2\/posts"}],"about":[{"href":"https:\/\/noticiasmercedinas.com\/site\/wp-json\/wp\/v2\/types\/post"}],"author":[{"embeddable":true,"href":"https:\/\/noticiasmercedinas.com\/site\/wp-json\/wp\/v2\/users\/2"}],"replies":[{"embeddable":true,"href":"https:\/\/noticiasmercedinas.com\/site\/wp-json\/wp\/v2\/comments?post=182414"}],"version-history":[{"count":3,"href":"https:\/\/noticiasmercedinas.com\/site\/wp-json\/wp\/v2\/posts\/182414\/revisions"}],"predecessor-version":[{"id":182436,"href":"https:\/\/noticiasmercedinas.com\/site\/wp-json\/wp\/v2\/posts\/182414\/revisions\/182436"}],"wp:featuredmedia":[{"embeddable":true,"href":"https:\/\/noticiasmercedinas.com\/site\/wp-json\/wp\/v2\/media\/182416"}],"wp:attachment":[{"href":"https:\/\/noticiasmercedinas.com\/site\/wp-json\/wp\/v2\/media?parent=182414"}],"wp:term":[{"taxonomy":"category","embeddable":true,"href":"https:\/\/noticiasmercedinas.com\/site\/wp-json\/wp\/v2\/categories?post=182414"},{"taxonomy":"post_tag","embeddable":true,"href":"https:\/\/noticiasmercedinas.com\/site\/wp-json\/wp\/v2\/tags?post=182414"}],"curies":[{"name":"wp","href":"https:\/\/api.w.org\/{rel}","templated":true}]}}