{"id":183170,"date":"2026-04-01T10:32:55","date_gmt":"2026-04-01T13:32:55","guid":{"rendered":"https:\/\/noticiasmercedinas.com\/site\/?p=183170"},"modified":"2026-04-01T10:32:55","modified_gmt":"2026-04-01T13:32:55","slug":"mercedes-ganador-en-el-inicio-del-regional-norte-de-tenis-de-mesa","status":"publish","type":"post","link":"https:\/\/noticiasmercedinas.com\/site\/2026\/04\/01\/mercedes-ganador-en-el-inicio-del-regional-norte-de-tenis-de-mesa\/","title":{"rendered":"Mercedes ganador en el inicio del Regional Norte de Tenis de Mesa"},"content":{"rendered":"<figure id=\"attachment_183171\" aria-describedby=\"caption-attachment-183171\" style=\"width: 640px\" class=\"wp-caption alignnone\"><img loading=\"lazy\" decoding=\"async\" class=\"wp-image-183171 size-full\" src=\"https:\/\/noticiasmercedinas.com\/site\/wp-content\/uploads\/2026\/04\/55b26ba8-8dd6-4412-bcde-032cdddf1aa9.jpg\" alt=\"\" width=\"640\" height=\"399\" srcset=\"https:\/\/noticiasmercedinas.com\/site\/wp-content\/uploads\/2026\/04\/55b26ba8-8dd6-4412-bcde-032cdddf1aa9.jpg 640w, https:\/\/noticiasmercedinas.com\/site\/wp-content\/uploads\/2026\/04\/55b26ba8-8dd6-4412-bcde-032cdddf1aa9-300x187.jpg 300w\" sizes=\"auto, (max-width: 640px) 100vw, 640px\" \/><figcaption id=\"caption-attachment-183171\" class=\"wp-caption-text\">Festejo mercedino ante el logro deportivo.<\/figcaption><\/figure>\n<p>La delegaci\u00f3n de la <strong>Escuela Municipal de Mercedes<\/strong> se consagr\u00f3 campeona de la primera fecha de la <strong>Liga de Equipos del Regional Norte de Tenis de Mesa<\/strong>, disputada el pasado domingo en las instalaciones del Club Paran\u00e1 de la ciudad de Z\u00e1rate. Con una participaci\u00f3n superior a los 100 jugadores, el representativo mercedino logr\u00f3 imponerse en la tabla general con <strong>18 puntos<\/strong>, superando ampliamente a sus escoltas.<\/p>\n<p>El seleccionado de Mercedes present\u00f3 un total de siete equipos distribuidos en cuatro categor\u00edas (Primera, Segunda, Tercera y Cuarta). El rendimiento colectivo permiti\u00f3 que la instituci\u00f3n no solo liderara el podio global, sino que tambi\u00e9n fuera galardonada con el <strong>premio institucional<\/strong>, consistente en una red profesional para la escuela, gracias a la sumatoria de puntos obtenida por jugadores como Alejandro Russo y Valent\u00edn Vivas, quienes finalizaron terceros en su divisi\u00f3n tras vencer 2-1 al combinado de Haedo.<\/p>\n<p><img loading=\"lazy\" decoding=\"async\" class=\"alignnone size-full wp-image-183172\" src=\"https:\/\/noticiasmercedinas.com\/site\/wp-content\/uploads\/2026\/04\/c81db17e-5bef-46b0-9f72-4ffe98ec6f27.jpg\" alt=\"\" width=\"640\" height=\"360\" srcset=\"https:\/\/noticiasmercedinas.com\/site\/wp-content\/uploads\/2026\/04\/c81db17e-5bef-46b0-9f72-4ffe98ec6f27.jpg 640w, https:\/\/noticiasmercedinas.com\/site\/wp-content\/uploads\/2026\/04\/c81db17e-5bef-46b0-9f72-4ffe98ec6f27-300x169.jpg 300w\" sizes=\"auto, (max-width: 640px) 100vw, 640px\" \/><\/p>\n<p><strong>El dominio<br \/>\n<\/strong>En la categor\u00eda de <strong>Primera<\/strong>, el equipo denominado \u00abLos Legendarios\u00bb \u2014integrado por <strong>Javier Russo, Esteban Delvechio y Fabi\u00e1n Selvaggi<\/strong>\u2014 se alz\u00f3 con el t\u00edtulo de campeones tras derrotar en la final al combinado de Chivilcoy por un contundente 2-0.<\/p>\n<p>Por su parte, la <strong>Cuarta Divisi\u00f3n<\/strong> fue escenario de una final netamente mercedina. El equipo conformado por <strong>Mateo Medrano, Mateo Charaf y Lorenzo Illanes<\/strong> obtuvo la medalla de oro al vencer en un re\u00f1ido 2-1 a los hermanos Laresca. Estos \u00faltimos tuvieron una jornada de doble podio, ya que tambi\u00e9n se quedaron con la medalla de plata en <strong>Tercera Divisi\u00f3n<\/strong> tras caer ajustadamente en la final ante el equipo local de Z\u00e1rate.<\/p>\n<p><strong>Resultados y tabla<br \/>\n<\/strong>Pese a que en Segunda Divisi\u00f3n los representantes locales quedaron eliminados en cuartos de final, la regularidad en el resto de las categor\u00edas permiti\u00f3 a Mercedes despegarse en el tablero:<\/p>\n<table>\n<thead>\n<tr>\n<td><strong>Posici\u00f3n<\/strong><\/td>\n<td><strong>Equipo<\/strong><\/td>\n<td><strong>Puntos<\/strong><\/td>\n<\/tr>\n<\/thead>\n<tbody>\n<tr>\n<td><strong>1\u00b0<\/strong><\/td>\n<td><strong>Mercedes<\/strong><\/td>\n<td><strong>18<\/strong><\/td>\n<\/tr>\n<tr>\n<td>2\u00b0<\/td>\n<td>Studio PP<\/td>\n<td>11<\/td>\n<\/tr>\n<tr>\n<td>3\u00b0<\/td>\n<td>Tomodachi<\/td>\n<td>6<\/td>\n<\/tr>\n<tr>\n<td>4\u00b0<\/td>\n<td>Z\u00e1rate<\/td>\n<td>5<\/td>\n<\/tr>\n<tr>\n<td>5\u00b0<\/td>\n<td>Pergamino<\/td>\n<td>0<\/td>\n<\/tr>\n<\/tbody>\n<\/table>\n<p>La Direcci\u00f3n de Deportes local celebr\u00f3 el desempe\u00f1o de la delegaci\u00f3n y ya se prepara para el pr\u00f3ximo compromiso. Seg\u00fan informaron los organizadores, la <strong>segunda fecha<\/strong> del torneo se llevar\u00e1 a cabo en la ciudad de <strong>Mercedes<\/strong> entre los meses de mayo y junio, donde los jugadores buscar\u00e1n defender la punta del campeonato en casa<\/p>\n","protected":false},"excerpt":{"rendered":"<p>\u25a0 Con una destacada actuaci\u00f3n de sus siete equipos, la Escuela Municipal lider\u00f3 la tabla general en Z\u00e1rate y se qued\u00f3 con el primer puesto del certamen tras obtener t\u00edtulos en Primera y Cuarta divisi\u00f3n.<\/p>\n","protected":false},"author":16,"featured_media":183171,"comment_status":"closed","ping_status":"closed","sticky":false,"template":"","format":"standard","meta":{"footnotes":""},"categories":[5],"tags":[11393,111],"class_list":["post-183170","post","type-post","status-publish","format-standard","has-post-thumbnail","hentry","category-deportes","tag-escuela-municipal-de-tenis-de-mesa","tag-tenis-de-mesa"],"yoast_head":"<!-- This site is optimized with the Yoast SEO plugin v27.4 - https:\/\/yoast.com\/product\/yoast-seo-wordpress\/ -->\n<title>Mercedes ganador en el inicio del Regional Norte de Tenis de Mesa<\/title>\n<meta name=\"robots\" content=\"index, follow, max-snippet:-1, max-image-preview:large, max-video-preview:-1\" \/>\n<link rel=\"canonical\" href=\"https:\/\/noticiasmercedinas.com\/site\/2026\/04\/01\/mercedes-ganador-en-el-inicio-del-regional-norte-de-tenis-de-mesa\/\" \/>\n<meta property=\"og:locale\" content=\"es_ES\" \/>\n<meta property=\"og:type\" content=\"article\" \/>\n<meta property=\"og:title\" content=\"Mercedes ganador en el inicio del Regional Norte de Tenis de Mesa\" \/>\n<meta property=\"og:description\" content=\"\u25a0 Con una destacada actuaci\u00f3n de sus siete equipos, la Escuela Municipal lider\u00f3 la tabla general en Z\u00e1rate y se qued\u00f3 con el primer puesto del certamen tras obtener t\u00edtulos en Primera y Cuarta divisi\u00f3n.\" \/>\n<meta property=\"og:url\" content=\"https:\/\/noticiasmercedinas.com\/site\/2026\/04\/01\/mercedes-ganador-en-el-inicio-del-regional-norte-de-tenis-de-mesa\/\" \/>\n<meta property=\"og:site_name\" content=\"NOTICIASMERCEDINAS.COM\" \/>\n<meta property=\"article:publisher\" content=\"https:\/\/www.facebook.com\/noticiasmercedinas\/\" \/>\n<meta property=\"article:published_time\" content=\"2026-04-01T13:32:55+00:00\" \/>\n<meta property=\"og:image\" content=\"https:\/\/noticiasmercedinas.com\/site\/wp-content\/uploads\/2026\/04\/55b26ba8-8dd6-4412-bcde-032cdddf1aa9.jpg\" \/>\n\t<meta property=\"og:image:width\" content=\"640\" \/>\n\t<meta property=\"og:image:height\" content=\"399\" \/>\n\t<meta property=\"og:image:type\" content=\"image\/jpeg\" \/>\n<meta name=\"author\" content=\"NOTICIASMERCEDINAS.COM\" \/>\n<meta name=\"twitter:card\" content=\"summary_large_image\" \/>\n<meta name=\"twitter:creator\" content=\"@notmercedinas\" \/>\n<meta name=\"twitter:site\" content=\"@notmercedinas\" \/>\n<meta name=\"twitter:label1\" content=\"Escrito por\" \/>\n\t<meta name=\"twitter:data1\" content=\"NOTICIASMERCEDINAS.COM\" \/>\n\t<meta name=\"twitter:label2\" content=\"Tiempo de lectura\" \/>\n\t<meta name=\"twitter:data2\" content=\"3 minutos\" \/>\n<script type=\"application\/ld+json\" class=\"yoast-schema-graph\">{\"@context\":\"https:\\\/\\\/schema.org\",\"@graph\":[{\"@type\":\"Article\",\"@id\":\"https:\\\/\\\/noticiasmercedinas.com\\\/site\\\/2026\\\/04\\\/01\\\/mercedes-ganador-en-el-inicio-del-regional-norte-de-tenis-de-mesa\\\/#article\",\"isPartOf\":{\"@id\":\"https:\\\/\\\/noticiasmercedinas.com\\\/site\\\/2026\\\/04\\\/01\\\/mercedes-ganador-en-el-inicio-del-regional-norte-de-tenis-de-mesa\\\/\"},\"author\":{\"name\":\"NOTICIASMERCEDINAS.COM\",\"@id\":\"https:\\\/\\\/noticiasmercedinas.com\\\/site\\\/#\\\/schema\\\/person\\\/84b59c099c28ff2e8b77d4ceec5d8063\"},\"headline\":\"Mercedes ganador en el inicio del Regional Norte de Tenis de Mesa\",\"datePublished\":\"2026-04-01T13:32:55+00:00\",\"mainEntityOfPage\":{\"@id\":\"https:\\\/\\\/noticiasmercedinas.com\\\/site\\\/2026\\\/04\\\/01\\\/mercedes-ganador-en-el-inicio-del-regional-norte-de-tenis-de-mesa\\\/\"},\"wordCount\":403,\"publisher\":{\"@id\":\"https:\\\/\\\/noticiasmercedinas.com\\\/site\\\/#organization\"},\"image\":{\"@id\":\"https:\\\/\\\/noticiasmercedinas.com\\\/site\\\/2026\\\/04\\\/01\\\/mercedes-ganador-en-el-inicio-del-regional-norte-de-tenis-de-mesa\\\/#primaryimage\"},\"thumbnailUrl\":\"https:\\\/\\\/noticiasmercedinas.com\\\/site\\\/wp-content\\\/uploads\\\/2026\\\/04\\\/55b26ba8-8dd6-4412-bcde-032cdddf1aa9.jpg\",\"keywords\":[\"EScuela Municipal de tenis de mesa\",\"tenis de mesa\"],\"articleSection\":[\"Deportes\"],\"inLanguage\":\"es\"},{\"@type\":\"WebPage\",\"@id\":\"https:\\\/\\\/noticiasmercedinas.com\\\/site\\\/2026\\\/04\\\/01\\\/mercedes-ganador-en-el-inicio-del-regional-norte-de-tenis-de-mesa\\\/\",\"url\":\"https:\\\/\\\/noticiasmercedinas.com\\\/site\\\/2026\\\/04\\\/01\\\/mercedes-ganador-en-el-inicio-del-regional-norte-de-tenis-de-mesa\\\/\",\"name\":\"Mercedes ganador en el inicio del Regional Norte de Tenis de Mesa\",\"isPartOf\":{\"@id\":\"https:\\\/\\\/noticiasmercedinas.com\\\/site\\\/#website\"},\"primaryImageOfPage\":{\"@id\":\"https:\\\/\\\/noticiasmercedinas.com\\\/site\\\/2026\\\/04\\\/01\\\/mercedes-ganador-en-el-inicio-del-regional-norte-de-tenis-de-mesa\\\/#primaryimage\"},\"image\":{\"@id\":\"https:\\\/\\\/noticiasmercedinas.com\\\/site\\\/2026\\\/04\\\/01\\\/mercedes-ganador-en-el-inicio-del-regional-norte-de-tenis-de-mesa\\\/#primaryimage\"},\"thumbnailUrl\":\"https:\\\/\\\/noticiasmercedinas.com\\\/site\\\/wp-content\\\/uploads\\\/2026\\\/04\\\/55b26ba8-8dd6-4412-bcde-032cdddf1aa9.jpg\",\"datePublished\":\"2026-04-01T13:32:55+00:00\",\"breadcrumb\":{\"@id\":\"https:\\\/\\\/noticiasmercedinas.com\\\/site\\\/2026\\\/04\\\/01\\\/mercedes-ganador-en-el-inicio-del-regional-norte-de-tenis-de-mesa\\\/#breadcrumb\"},\"inLanguage\":\"es\",\"potentialAction\":[{\"@type\":\"ReadAction\",\"target\":[\"https:\\\/\\\/noticiasmercedinas.com\\\/site\\\/2026\\\/04\\\/01\\\/mercedes-ganador-en-el-inicio-del-regional-norte-de-tenis-de-mesa\\\/\"]}]},{\"@type\":\"ImageObject\",\"inLanguage\":\"es\",\"@id\":\"https:\\\/\\\/noticiasmercedinas.com\\\/site\\\/2026\\\/04\\\/01\\\/mercedes-ganador-en-el-inicio-del-regional-norte-de-tenis-de-mesa\\\/#primaryimage\",\"url\":\"https:\\\/\\\/noticiasmercedinas.com\\\/site\\\/wp-content\\\/uploads\\\/2026\\\/04\\\/55b26ba8-8dd6-4412-bcde-032cdddf1aa9.jpg\",\"contentUrl\":\"https:\\\/\\\/noticiasmercedinas.com\\\/site\\\/wp-content\\\/uploads\\\/2026\\\/04\\\/55b26ba8-8dd6-4412-bcde-032cdddf1aa9.jpg\",\"width\":640,\"height\":399},{\"@type\":\"BreadcrumbList\",\"@id\":\"https:\\\/\\\/noticiasmercedinas.com\\\/site\\\/2026\\\/04\\\/01\\\/mercedes-ganador-en-el-inicio-del-regional-norte-de-tenis-de-mesa\\\/#breadcrumb\",\"itemListElement\":[{\"@type\":\"ListItem\",\"position\":1,\"name\":\"Portada\",\"item\":\"https:\\\/\\\/noticiasmercedinas.com\\\/site\\\/\"},{\"@type\":\"ListItem\",\"position\":2,\"name\":\"Mercedes ganador en el inicio del Regional Norte de Tenis de Mesa\"}]},{\"@type\":\"WebSite\",\"@id\":\"https:\\\/\\\/noticiasmercedinas.com\\\/site\\\/#website\",\"url\":\"https:\\\/\\\/noticiasmercedinas.com\\\/site\\\/\",\"name\":\"NOTICIASMERCEDINAS.COM\",\"description\":\"Mercedes, Buenos Aires, Argentina\",\"publisher\":{\"@id\":\"https:\\\/\\\/noticiasmercedinas.com\\\/site\\\/#organization\"},\"potentialAction\":[{\"@type\":\"SearchAction\",\"target\":{\"@type\":\"EntryPoint\",\"urlTemplate\":\"https:\\\/\\\/noticiasmercedinas.com\\\/site\\\/?s={search_term_string}\"},\"query-input\":{\"@type\":\"PropertyValueSpecification\",\"valueRequired\":true,\"valueName\":\"search_term_string\"}}],\"inLanguage\":\"es\"},{\"@type\":\"Organization\",\"@id\":\"https:\\\/\\\/noticiasmercedinas.com\\\/site\\\/#organization\",\"name\":\"NOTICIASMERCEDINAS.COM\",\"url\":\"https:\\\/\\\/noticiasmercedinas.com\\\/site\\\/\",\"logo\":{\"@type\":\"ImageObject\",\"inLanguage\":\"es\",\"@id\":\"https:\\\/\\\/noticiasmercedinas.com\\\/site\\\/#\\\/schema\\\/logo\\\/image\\\/\",\"url\":\"https:\\\/\\\/noticiasmercedinas.com\\\/site\\\/wp-content\\\/uploads\\\/2020\\\/06\\\/LOGO-512.jpg\",\"contentUrl\":\"https:\\\/\\\/noticiasmercedinas.com\\\/site\\\/wp-content\\\/uploads\\\/2020\\\/06\\\/LOGO-512.jpg\",\"width\":512,\"height\":512,\"caption\":\"NOTICIASMERCEDINAS.COM\"},\"image\":{\"@id\":\"https:\\\/\\\/noticiasmercedinas.com\\\/site\\\/#\\\/schema\\\/logo\\\/image\\\/\"},\"sameAs\":[\"https:\\\/\\\/www.facebook.com\\\/noticiasmercedinas\\\/\",\"https:\\\/\\\/x.com\\\/notmercedinas\",\"https:\\\/\\\/www.instagram.com\\\/noticiasmercedinas\\\/\"]},{\"@type\":\"Person\",\"@id\":\"https:\\\/\\\/noticiasmercedinas.com\\\/site\\\/#\\\/schema\\\/person\\\/84b59c099c28ff2e8b77d4ceec5d8063\",\"name\":\"NOTICIASMERCEDINAS.COM\",\"image\":{\"@type\":\"ImageObject\",\"inLanguage\":\"es\",\"@id\":\"https:\\\/\\\/secure.gravatar.com\\\/avatar\\\/4dfbf16b4d17945bfb6341b2d19043457132fcf478a5ee04f42e959fd8f5df0a?s=96&d=mm&r=g\",\"url\":\"https:\\\/\\\/secure.gravatar.com\\\/avatar\\\/4dfbf16b4d17945bfb6341b2d19043457132fcf478a5ee04f42e959fd8f5df0a?s=96&d=mm&r=g\",\"contentUrl\":\"https:\\\/\\\/secure.gravatar.com\\\/avatar\\\/4dfbf16b4d17945bfb6341b2d19043457132fcf478a5ee04f42e959fd8f5df0a?s=96&d=mm&r=g\",\"caption\":\"NOTICIASMERCEDINAS.COM\"},\"url\":\"https:\\\/\\\/noticiasmercedinas.com\\\/site\\\/author\\\/anonimo\\\/\"}]}<\/script>\n<!-- \/ Yoast SEO plugin. -->","yoast_head_json":{"title":"Mercedes ganador en el inicio del Regional Norte de Tenis de Mesa","robots":{"index":"index","follow":"follow","max-snippet":"max-snippet:-1","max-image-preview":"max-image-preview:large","max-video-preview":"max-video-preview:-1"},"canonical":"https:\/\/noticiasmercedinas.com\/site\/2026\/04\/01\/mercedes-ganador-en-el-inicio-del-regional-norte-de-tenis-de-mesa\/","og_locale":"es_ES","og_type":"article","og_title":"Mercedes ganador en el inicio del Regional Norte de Tenis de Mesa","og_description":"\u25a0 Con una destacada actuaci\u00f3n de sus siete equipos, la Escuela Municipal lider\u00f3 la tabla general en Z\u00e1rate y se qued\u00f3 con el primer puesto del certamen tras obtener t\u00edtulos en Primera y Cuarta divisi\u00f3n.","og_url":"https:\/\/noticiasmercedinas.com\/site\/2026\/04\/01\/mercedes-ganador-en-el-inicio-del-regional-norte-de-tenis-de-mesa\/","og_site_name":"NOTICIASMERCEDINAS.COM","article_publisher":"https:\/\/www.facebook.com\/noticiasmercedinas\/","article_published_time":"2026-04-01T13:32:55+00:00","og_image":[{"width":640,"height":399,"url":"https:\/\/noticiasmercedinas.com\/site\/wp-content\/uploads\/2026\/04\/55b26ba8-8dd6-4412-bcde-032cdddf1aa9.jpg","type":"image\/jpeg"}],"author":"NOTICIASMERCEDINAS.COM","twitter_card":"summary_large_image","twitter_creator":"@notmercedinas","twitter_site":"@notmercedinas","twitter_misc":{"Escrito por":"NOTICIASMERCEDINAS.COM","Tiempo de lectura":"3 minutos"},"schema":{"@context":"https:\/\/schema.org","@graph":[{"@type":"Article","@id":"https:\/\/noticiasmercedinas.com\/site\/2026\/04\/01\/mercedes-ganador-en-el-inicio-del-regional-norte-de-tenis-de-mesa\/#article","isPartOf":{"@id":"https:\/\/noticiasmercedinas.com\/site\/2026\/04\/01\/mercedes-ganador-en-el-inicio-del-regional-norte-de-tenis-de-mesa\/"},"author":{"name":"NOTICIASMERCEDINAS.COM","@id":"https:\/\/noticiasmercedinas.com\/site\/#\/schema\/person\/84b59c099c28ff2e8b77d4ceec5d8063"},"headline":"Mercedes ganador en el inicio del Regional Norte de Tenis de Mesa","datePublished":"2026-04-01T13:32:55+00:00","mainEntityOfPage":{"@id":"https:\/\/noticiasmercedinas.com\/site\/2026\/04\/01\/mercedes-ganador-en-el-inicio-del-regional-norte-de-tenis-de-mesa\/"},"wordCount":403,"publisher":{"@id":"https:\/\/noticiasmercedinas.com\/site\/#organization"},"image":{"@id":"https:\/\/noticiasmercedinas.com\/site\/2026\/04\/01\/mercedes-ganador-en-el-inicio-del-regional-norte-de-tenis-de-mesa\/#primaryimage"},"thumbnailUrl":"https:\/\/noticiasmercedinas.com\/site\/wp-content\/uploads\/2026\/04\/55b26ba8-8dd6-4412-bcde-032cdddf1aa9.jpg","keywords":["EScuela Municipal de tenis de mesa","tenis de mesa"],"articleSection":["Deportes"],"inLanguage":"es"},{"@type":"WebPage","@id":"https:\/\/noticiasmercedinas.com\/site\/2026\/04\/01\/mercedes-ganador-en-el-inicio-del-regional-norte-de-tenis-de-mesa\/","url":"https:\/\/noticiasmercedinas.com\/site\/2026\/04\/01\/mercedes-ganador-en-el-inicio-del-regional-norte-de-tenis-de-mesa\/","name":"Mercedes ganador en el inicio del Regional Norte de Tenis de Mesa","isPartOf":{"@id":"https:\/\/noticiasmercedinas.com\/site\/#website"},"primaryImageOfPage":{"@id":"https:\/\/noticiasmercedinas.com\/site\/2026\/04\/01\/mercedes-ganador-en-el-inicio-del-regional-norte-de-tenis-de-mesa\/#primaryimage"},"image":{"@id":"https:\/\/noticiasmercedinas.com\/site\/2026\/04\/01\/mercedes-ganador-en-el-inicio-del-regional-norte-de-tenis-de-mesa\/#primaryimage"},"thumbnailUrl":"https:\/\/noticiasmercedinas.com\/site\/wp-content\/uploads\/2026\/04\/55b26ba8-8dd6-4412-bcde-032cdddf1aa9.jpg","datePublished":"2026-04-01T13:32:55+00:00","breadcrumb":{"@id":"https:\/\/noticiasmercedinas.com\/site\/2026\/04\/01\/mercedes-ganador-en-el-inicio-del-regional-norte-de-tenis-de-mesa\/#breadcrumb"},"inLanguage":"es","potentialAction":[{"@type":"ReadAction","target":["https:\/\/noticiasmercedinas.com\/site\/2026\/04\/01\/mercedes-ganador-en-el-inicio-del-regional-norte-de-tenis-de-mesa\/"]}]},{"@type":"ImageObject","inLanguage":"es","@id":"https:\/\/noticiasmercedinas.com\/site\/2026\/04\/01\/mercedes-ganador-en-el-inicio-del-regional-norte-de-tenis-de-mesa\/#primaryimage","url":"https:\/\/noticiasmercedinas.com\/site\/wp-content\/uploads\/2026\/04\/55b26ba8-8dd6-4412-bcde-032cdddf1aa9.jpg","contentUrl":"https:\/\/noticiasmercedinas.com\/site\/wp-content\/uploads\/2026\/04\/55b26ba8-8dd6-4412-bcde-032cdddf1aa9.jpg","width":640,"height":399},{"@type":"BreadcrumbList","@id":"https:\/\/noticiasmercedinas.com\/site\/2026\/04\/01\/mercedes-ganador-en-el-inicio-del-regional-norte-de-tenis-de-mesa\/#breadcrumb","itemListElement":[{"@type":"ListItem","position":1,"name":"Portada","item":"https:\/\/noticiasmercedinas.com\/site\/"},{"@type":"ListItem","position":2,"name":"Mercedes ganador en el inicio del Regional Norte de Tenis de Mesa"}]},{"@type":"WebSite","@id":"https:\/\/noticiasmercedinas.com\/site\/#website","url":"https:\/\/noticiasmercedinas.com\/site\/","name":"NOTICIASMERCEDINAS.COM","description":"Mercedes, Buenos Aires, Argentina","publisher":{"@id":"https:\/\/noticiasmercedinas.com\/site\/#organization"},"potentialAction":[{"@type":"SearchAction","target":{"@type":"EntryPoint","urlTemplate":"https:\/\/noticiasmercedinas.com\/site\/?s={search_term_string}"},"query-input":{"@type":"PropertyValueSpecification","valueRequired":true,"valueName":"search_term_string"}}],"inLanguage":"es"},{"@type":"Organization","@id":"https:\/\/noticiasmercedinas.com\/site\/#organization","name":"NOTICIASMERCEDINAS.COM","url":"https:\/\/noticiasmercedinas.com\/site\/","logo":{"@type":"ImageObject","inLanguage":"es","@id":"https:\/\/noticiasmercedinas.com\/site\/#\/schema\/logo\/image\/","url":"https:\/\/noticiasmercedinas.com\/site\/wp-content\/uploads\/2020\/06\/LOGO-512.jpg","contentUrl":"https:\/\/noticiasmercedinas.com\/site\/wp-content\/uploads\/2020\/06\/LOGO-512.jpg","width":512,"height":512,"caption":"NOTICIASMERCEDINAS.COM"},"image":{"@id":"https:\/\/noticiasmercedinas.com\/site\/#\/schema\/logo\/image\/"},"sameAs":["https:\/\/www.facebook.com\/noticiasmercedinas\/","https:\/\/x.com\/notmercedinas","https:\/\/www.instagram.com\/noticiasmercedinas\/"]},{"@type":"Person","@id":"https:\/\/noticiasmercedinas.com\/site\/#\/schema\/person\/84b59c099c28ff2e8b77d4ceec5d8063","name":"NOTICIASMERCEDINAS.COM","image":{"@type":"ImageObject","inLanguage":"es","@id":"https:\/\/secure.gravatar.com\/avatar\/4dfbf16b4d17945bfb6341b2d19043457132fcf478a5ee04f42e959fd8f5df0a?s=96&d=mm&r=g","url":"https:\/\/secure.gravatar.com\/avatar\/4dfbf16b4d17945bfb6341b2d19043457132fcf478a5ee04f42e959fd8f5df0a?s=96&d=mm&r=g","contentUrl":"https:\/\/secure.gravatar.com\/avatar\/4dfbf16b4d17945bfb6341b2d19043457132fcf478a5ee04f42e959fd8f5df0a?s=96&d=mm&r=g","caption":"NOTICIASMERCEDINAS.COM"},"url":"https:\/\/noticiasmercedinas.com\/site\/author\/anonimo\/"}]}},"amp_enabled":true,"_links":{"self":[{"href":"https:\/\/noticiasmercedinas.com\/site\/wp-json\/wp\/v2\/posts\/183170","targetHints":{"allow":["GET"]}}],"collection":[{"href":"https:\/\/noticiasmercedinas.com\/site\/wp-json\/wp\/v2\/posts"}],"about":[{"href":"https:\/\/noticiasmercedinas.com\/site\/wp-json\/wp\/v2\/types\/post"}],"author":[{"embeddable":true,"href":"https:\/\/noticiasmercedinas.com\/site\/wp-json\/wp\/v2\/users\/16"}],"replies":[{"embeddable":true,"href":"https:\/\/noticiasmercedinas.com\/site\/wp-json\/wp\/v2\/comments?post=183170"}],"version-history":[{"count":1,"href":"https:\/\/noticiasmercedinas.com\/site\/wp-json\/wp\/v2\/posts\/183170\/revisions"}],"predecessor-version":[{"id":183173,"href":"https:\/\/noticiasmercedinas.com\/site\/wp-json\/wp\/v2\/posts\/183170\/revisions\/183173"}],"wp:featuredmedia":[{"embeddable":true,"href":"https:\/\/noticiasmercedinas.com\/site\/wp-json\/wp\/v2\/media\/183171"}],"wp:attachment":[{"href":"https:\/\/noticiasmercedinas.com\/site\/wp-json\/wp\/v2\/media?parent=183170"}],"wp:term":[{"taxonomy":"category","embeddable":true,"href":"https:\/\/noticiasmercedinas.com\/site\/wp-json\/wp\/v2\/categories?post=183170"},{"taxonomy":"post_tag","embeddable":true,"href":"https:\/\/noticiasmercedinas.com\/site\/wp-json\/wp\/v2\/tags?post=183170"}],"curies":[{"name":"wp","href":"https:\/\/api.w.org\/{rel}","templated":true}]}}