{"id":183262,"date":"2026-04-02T11:58:44","date_gmt":"2026-04-02T14:58:44","guid":{"rendered":"https:\/\/noticiasmercedinas.com\/site\/?p=183262"},"modified":"2026-04-02T13:42:42","modified_gmt":"2026-04-02T16:42:42","slug":"mercedes-honro-a-sus-heroes-de-malvinas-con-un-emotivo-acto-a-44-anos-de-la-gesta","status":"publish","type":"post","link":"https:\/\/noticiasmercedinas.com\/site\/2026\/04\/02\/mercedes-honro-a-sus-heroes-de-malvinas-con-un-emotivo-acto-a-44-anos-de-la-gesta\/","title":{"rendered":"Mercedes honr\u00f3 a sus h\u00e9roes de Malvinas con un emotivo acto a 44 a\u00f1os de la gesta"},"content":{"rendered":"<p><img loading=\"lazy\" decoding=\"async\" class=\"alignnone size-full wp-image-183265\" src=\"https:\/\/noticiasmercedinas.com\/site\/wp-content\/uploads\/2026\/04\/IMG_20260402_111156_HDR-scaled.jpg\" alt=\"\" width=\"2560\" height=\"1928\" srcset=\"https:\/\/noticiasmercedinas.com\/site\/wp-content\/uploads\/2026\/04\/IMG_20260402_111156_HDR-scaled.jpg 2560w, https:\/\/noticiasmercedinas.com\/site\/wp-content\/uploads\/2026\/04\/IMG_20260402_111156_HDR-300x226.jpg 300w, https:\/\/noticiasmercedinas.com\/site\/wp-content\/uploads\/2026\/04\/IMG_20260402_111156_HDR-1024x771.jpg 1024w, https:\/\/noticiasmercedinas.com\/site\/wp-content\/uploads\/2026\/04\/IMG_20260402_111156_HDR-768x578.jpg 768w, https:\/\/noticiasmercedinas.com\/site\/wp-content\/uploads\/2026\/04\/IMG_20260402_111156_HDR-1536x1157.jpg 1536w, https:\/\/noticiasmercedinas.com\/site\/wp-content\/uploads\/2026\/04\/IMG_20260402_111156_HDR-2048x1542.jpg 2048w, https:\/\/noticiasmercedinas.com\/site\/wp-content\/uploads\/2026\/04\/IMG_20260402_111156_HDR-80x60.jpg 80w, https:\/\/noticiasmercedinas.com\/site\/wp-content\/uploads\/2026\/04\/IMG_20260402_111156_HDR-160x120.jpg 160w, https:\/\/noticiasmercedinas.com\/site\/wp-content\/uploads\/2026\/04\/IMG_20260402_111156_HDR-100x75.jpg 100w, https:\/\/noticiasmercedinas.com\/site\/wp-content\/uploads\/2026\/04\/IMG_20260402_111156_HDR-200x150.jpg 200w, https:\/\/noticiasmercedinas.com\/site\/wp-content\/uploads\/2026\/04\/IMG_20260402_111156_HDR-180x135.jpg 180w, https:\/\/noticiasmercedinas.com\/site\/wp-content\/uploads\/2026\/04\/IMG_20260402_111156_HDR-360x270.jpg 360w, https:\/\/noticiasmercedinas.com\/site\/wp-content\/uploads\/2026\/04\/IMG_20260402_111156_HDR-238x178.jpg 238w, https:\/\/noticiasmercedinas.com\/site\/wp-content\/uploads\/2026\/04\/IMG_20260402_111156_HDR-640x482.jpg 640w, https:\/\/noticiasmercedinas.com\/site\/wp-content\/uploads\/2026\/04\/IMG_20260402_111156_HDR-1280x964.jpg 1280w, https:\/\/noticiasmercedinas.com\/site\/wp-content\/uploads\/2026\/04\/IMG_20260402_111156_HDR-681x513.jpg 681w, https:\/\/noticiasmercedinas.com\/site\/wp-content\/uploads\/2026\/04\/IMG_20260402_111156_HDR-1362x1026.jpg 1362w\" sizes=\"auto, (max-width: 2560px) 100vw, 2560px\" \/><\/p>\n<p>En una jornada marcada por el sentimiento de gratitud y el compromiso con la memoria, la ciudad de Mercedes conmemor\u00f3 este jueves el D\u00eda del Veterano y de los Ca\u00eddos en la Guerra de Malvinas.<\/p>\n<p>Ante medio millar de personas congregadas en el monumento de la plaza central, el acto formal rindi\u00f3 homenaje a los excombatientes mercedinos, reafirmando el reclamo de soberan\u00eda como una pol\u00edtica de Estado irrenunciable.<\/p>\n<p>La ceremonia inici\u00f3 con el ingreso de los veteranos locales, recibidos con aplausos por autoridades pol\u00edticas, educativas y abanderados de diversos niveles escolares.<\/p>\n<p>El momento de mayor emotividad se vivi\u00f3 durante el descubrimiento de una nueva placa alusiva en el monumento, tarea que llev\u00f3 adelante la madre del veterano Walter Castro, seguida por un minuto de silencio en honor a quienes dieron la vida en las islas.<\/p>\n<p><img loading=\"lazy\" decoding=\"async\" class=\"alignnone size-full wp-image-183276\" src=\"https:\/\/noticiasmercedinas.com\/site\/wp-content\/uploads\/2026\/04\/madreIMG_5334.jpg\" alt=\"\" width=\"640\" height=\"359\" srcset=\"https:\/\/noticiasmercedinas.com\/site\/wp-content\/uploads\/2026\/04\/madreIMG_5334.jpg 640w, https:\/\/noticiasmercedinas.com\/site\/wp-content\/uploads\/2026\/04\/madreIMG_5334-300x168.jpg 300w\" sizes=\"auto, (max-width: 640px) 100vw, 640px\" \/><\/p>\n<p><strong>El valor de la memoria activa<\/strong><\/p>\n<p>Roberto Est\u00e9vez, en representaci\u00f3n del Centro de Veteranos de Guerra, brind\u00f3 un discurso centrado en la resistencia contra el olvido. \u00abEl olvido es la \u00fanica batalla que no podemos permitirnos perder\u00bb, sentenci\u00f3 ante la multitud. Est\u00e9vez record\u00f3 que, a 44 a\u00f1os del conflicto, los compa\u00f1eros que quedaron en las islas contin\u00faan como \u00abcentinelas custodiando nuestra soberan\u00eda\u00bb.<\/p>\n<p>Por su parte, Sergio Cestari realiz\u00f3 el pase de lista de los h\u00e9roes locales. La plaza respondi\u00f3 con un grito un\u00e1nime de \u00ab\u00a1Presente!\u00bb al mencionar a los ca\u00eddos en combate Ricardo Luna y Horacio Balvidares, as\u00ed como a los veteranos fallecidos en la posguerra, entre ellos Cristian Massa, Armando Lapenta y Justo Montenegro (soldados clase 62).<\/p>\n<p><strong>Un reclamo de soberan\u00eda y unidad<\/strong><\/p>\n<p>El intendente municipal, Dr. Juan Ignacio Ustarroz, cerr\u00f3 la lista de oradores destacando el rol educativo y social de los veteranos.<\/p>\n<p>\u00abHacer memoria es pasar por el coraz\u00f3n hechos que son tr\u00e1gicos, pero que tambi\u00e9n generan un fuerte sentimiento de orgullo\u00bb, expres\u00f3 el jefe comunal, quien adem\u00e1s vincul\u00f3 la causa Malvinas con el fortalecimiento de la democracia y la educaci\u00f3n en las escuelas.<\/p>\n<p>\u00abEsta es una causa que nos hermana y nos une. Todos sabemos que las islas son argentinas y que fueron arrebatadas por un imperio; esa soberan\u00eda es la que debemos seguir reclamando y defendiendo\u00bb, afirm\u00f3 Ustarroz.<\/p>\n<p><img loading=\"lazy\" decoding=\"async\" class=\"alignnone size-full wp-image-183277\" src=\"https:\/\/noticiasmercedinas.com\/site\/wp-content\/uploads\/2026\/04\/lucasjerezIMG_5373.jpg\" alt=\"\" width=\"640\" height=\"427\" srcset=\"https:\/\/noticiasmercedinas.com\/site\/wp-content\/uploads\/2026\/04\/lucasjerezIMG_5373.jpg 640w, https:\/\/noticiasmercedinas.com\/site\/wp-content\/uploads\/2026\/04\/lucasjerezIMG_5373-300x200.jpg 300w\" sizes=\"auto, (max-width: 640px) 100vw, 640px\" \/><\/p>\n<p><strong>Respaldo institucional y espiritual<\/strong><\/p>\n<p>El \u00e1mbito religioso estuvo representado por el Padre Lucas Jerez, de la Parroquia San Jos\u00e9, y el Pastor Garrido, de las iglesias cristianas AICEM. Ambos coincidieron en el sost\u00e9n que brind\u00f3 la fe a los soldados durante el fr\u00edo y el dolor en las trincheras, realizando una bendici\u00f3n especial para las familias y los presentes.<\/p>\n<p>La relevancia del acto qued\u00f3 plasmada en la extensa lista de instituciones que colocaron ofrendas florales, entre las que se destacaron:<\/p>\n<p>* El Honorable Concejo Deliberante y la Intendencia.<\/p>\n<p>* El Senador Nacional Wado de Pedro.<\/p>\n<p>* Organismos civiles como el Colegio de Magistrados, la Sociedad Rural Regional, la C\u00e1mara Econ\u00f3mica y el Colegio de Escribanos.<\/p>\n<p>* Fuerzas vivas como la CGT Regional, la Asociaci\u00f3n Espa\u00f1ola, la Alianza Francesa y agrupaciones gauchas.<\/p>\n<p><img loading=\"lazy\" decoding=\"async\" class=\"alignnone size-full wp-image-183278\" src=\"https:\/\/noticiasmercedinas.com\/site\/wp-content\/uploads\/2026\/04\/vita1.jpg\" alt=\"\" width=\"640\" height=\"420\" srcset=\"https:\/\/noticiasmercedinas.com\/site\/wp-content\/uploads\/2026\/04\/vita1.jpg 640w, https:\/\/noticiasmercedinas.com\/site\/wp-content\/uploads\/2026\/04\/vita1-300x197.jpg 300w\" sizes=\"auto, (max-width: 640px) 100vw, 640px\" \/><\/p>\n<p>Hacia el final de la jornada, Antonella, representante de los Hijos de Veteranos, agradeci\u00f3 el acompa\u00f1amiento de la comunidad y dio paso al segmento cultural.<\/p>\n<p>En un clima de profundo respeto, los artistas locales Mili Vallejos, Agust\u00edn Vita y Guido Paternesi interpretaron canciones alusivas, cerrando con m\u00fasica una jornada dedicada a mantener viva la llama de la memoria mercedina.<\/p>\n<p><img loading=\"lazy\" decoding=\"async\" class=\"alignnone size-full wp-image-183268\" src=\"https:\/\/noticiasmercedinas.com\/site\/wp-content\/uploads\/2026\/04\/IMG_20260402_120008_HDR-scaled.jpg\" alt=\"\" width=\"2560\" height=\"1928\" srcset=\"https:\/\/noticiasmercedinas.com\/site\/wp-content\/uploads\/2026\/04\/IMG_20260402_120008_HDR-scaled.jpg 2560w, https:\/\/noticiasmercedinas.com\/site\/wp-content\/uploads\/2026\/04\/IMG_20260402_120008_HDR-300x226.jpg 300w, https:\/\/noticiasmercedinas.com\/site\/wp-content\/uploads\/2026\/04\/IMG_20260402_120008_HDR-1024x771.jpg 1024w, https:\/\/noticiasmercedinas.com\/site\/wp-content\/uploads\/2026\/04\/IMG_20260402_120008_HDR-768x578.jpg 768w, https:\/\/noticiasmercedinas.com\/site\/wp-content\/uploads\/2026\/04\/IMG_20260402_120008_HDR-1536x1157.jpg 1536w, https:\/\/noticiasmercedinas.com\/site\/wp-content\/uploads\/2026\/04\/IMG_20260402_120008_HDR-2048x1542.jpg 2048w, https:\/\/noticiasmercedinas.com\/site\/wp-content\/uploads\/2026\/04\/IMG_20260402_120008_HDR-80x60.jpg 80w, https:\/\/noticiasmercedinas.com\/site\/wp-content\/uploads\/2026\/04\/IMG_20260402_120008_HDR-160x120.jpg 160w, https:\/\/noticiasmercedinas.com\/site\/wp-content\/uploads\/2026\/04\/IMG_20260402_120008_HDR-100x75.jpg 100w, https:\/\/noticiasmercedinas.com\/site\/wp-content\/uploads\/2026\/04\/IMG_20260402_120008_HDR-200x150.jpg 200w, https:\/\/noticiasmercedinas.com\/site\/wp-content\/uploads\/2026\/04\/IMG_20260402_120008_HDR-180x135.jpg 180w, https:\/\/noticiasmercedinas.com\/site\/wp-content\/uploads\/2026\/04\/IMG_20260402_120008_HDR-360x270.jpg 360w, https:\/\/noticiasmercedinas.com\/site\/wp-content\/uploads\/2026\/04\/IMG_20260402_120008_HDR-238x178.jpg 238w, https:\/\/noticiasmercedinas.com\/site\/wp-content\/uploads\/2026\/04\/IMG_20260402_120008_HDR-640x482.jpg 640w, https:\/\/noticiasmercedinas.com\/site\/wp-content\/uploads\/2026\/04\/IMG_20260402_120008_HDR-1280x964.jpg 1280w, https:\/\/noticiasmercedinas.com\/site\/wp-content\/uploads\/2026\/04\/IMG_20260402_120008_HDR-681x513.jpg 681w, https:\/\/noticiasmercedinas.com\/site\/wp-content\/uploads\/2026\/04\/IMG_20260402_120008_HDR-1362x1026.jpg 1362w\" sizes=\"auto, (max-width: 2560px) 100vw, 2560px\" \/><\/p>\n","protected":false},"excerpt":{"rendered":"<p>\u25a0 Con el descubrimiento de una nueva placa, una masiva ofrenda floral y el firme reclamo de soberan\u00eda, la ciudad record\u00f3 a los ca\u00eddos Ricardo Luna y Horacio Balvidares. Veteranos, autoridades y la comunidad educativa se unieron bajo la consigna \u00abMalvinas nos une\u00bb.<\/p>\n","protected":false},"author":16,"featured_media":183265,"comment_status":"closed","ping_status":"closed","sticky":false,"template":"","format":"standard","meta":{"footnotes":""},"categories":[3,20734],"tags":[4157,656],"class_list":["post-183262","post","type-post","status-publish","format-standard","has-post-thumbnail","hentry","category-sociedad","category-ultimo-momento","tag-centro-de-veteranos-de-guerra","tag-malvinas"],"yoast_head":"<!-- This site is optimized with the Yoast SEO plugin v27.4 - https:\/\/yoast.com\/product\/yoast-seo-wordpress\/ -->\n<title>Mercedes honr\u00f3 a sus h\u00e9roes de Malvinas con un emotivo acto a 44 a\u00f1os de la gesta<\/title>\n<meta name=\"description\" content=\"Con el descubrimiento de una nueva placa, una masiva ofrenda floral y el firme reclamo de soberan\u00eda, la ciudad record\u00f3 a los ca\u00eddos Ricardo Luna y Horacio Balvidares. Veteranos, autoridades y la comunidad educativa se unieron bajo la consigna &quot;Malvinas nos une&quot;.\" \/>\n<meta name=\"robots\" content=\"index, follow, max-snippet:-1, max-image-preview:large, max-video-preview:-1\" \/>\n<link rel=\"canonical\" href=\"https:\/\/noticiasmercedinas.com\/site\/2026\/04\/02\/mercedes-honro-a-sus-heroes-de-malvinas-con-un-emotivo-acto-a-44-anos-de-la-gesta\/\" \/>\n<meta property=\"og:locale\" content=\"es_ES\" \/>\n<meta property=\"og:type\" content=\"article\" \/>\n<meta property=\"og:title\" content=\"Mercedes honr\u00f3 a sus h\u00e9roes de Malvinas con un emotivo acto a 44 a\u00f1os de la gesta\" \/>\n<meta property=\"og:description\" content=\"Con el descubrimiento de una nueva placa, una masiva ofrenda floral y el firme reclamo de soberan\u00eda, la ciudad record\u00f3 a los ca\u00eddos Ricardo Luna y Horacio Balvidares. Veteranos, autoridades y la comunidad educativa se unieron bajo la consigna &quot;Malvinas nos une&quot;.\" \/>\n<meta property=\"og:url\" content=\"https:\/\/noticiasmercedinas.com\/site\/2026\/04\/02\/mercedes-honro-a-sus-heroes-de-malvinas-con-un-emotivo-acto-a-44-anos-de-la-gesta\/\" \/>\n<meta property=\"og:site_name\" content=\"NOTICIASMERCEDINAS.COM\" \/>\n<meta property=\"article:publisher\" content=\"https:\/\/www.facebook.com\/noticiasmercedinas\/\" \/>\n<meta property=\"article:published_time\" content=\"2026-04-02T14:58:44+00:00\" \/>\n<meta property=\"article:modified_time\" content=\"2026-04-02T16:42:42+00:00\" \/>\n<meta property=\"og:image\" content=\"https:\/\/noticiasmercedinas.com\/site\/wp-content\/uploads\/2026\/04\/IMG_20260402_111156_HDR-scaled.jpg\" \/>\n\t<meta property=\"og:image:width\" content=\"2560\" \/>\n\t<meta property=\"og:image:height\" content=\"1928\" \/>\n\t<meta property=\"og:image:type\" content=\"image\/jpeg\" \/>\n<meta name=\"author\" content=\"NOTICIASMERCEDINAS.COM\" \/>\n<meta name=\"twitter:card\" content=\"summary_large_image\" \/>\n<meta name=\"twitter:creator\" content=\"@notmercedinas\" \/>\n<meta name=\"twitter:site\" content=\"@notmercedinas\" \/>\n<meta name=\"twitter:label1\" content=\"Escrito por\" \/>\n\t<meta name=\"twitter:data1\" content=\"NOTICIASMERCEDINAS.COM\" \/>\n\t<meta name=\"twitter:label2\" content=\"Tiempo de lectura\" \/>\n\t<meta name=\"twitter:data2\" content=\"4 minutos\" \/>\n<script type=\"application\/ld+json\" class=\"yoast-schema-graph\">{\"@context\":\"https:\\\/\\\/schema.org\",\"@graph\":[{\"@type\":\"Article\",\"@id\":\"https:\\\/\\\/noticiasmercedinas.com\\\/site\\\/2026\\\/04\\\/02\\\/mercedes-honro-a-sus-heroes-de-malvinas-con-un-emotivo-acto-a-44-anos-de-la-gesta\\\/#article\",\"isPartOf\":{\"@id\":\"https:\\\/\\\/noticiasmercedinas.com\\\/site\\\/2026\\\/04\\\/02\\\/mercedes-honro-a-sus-heroes-de-malvinas-con-un-emotivo-acto-a-44-anos-de-la-gesta\\\/\"},\"author\":{\"name\":\"NOTICIASMERCEDINAS.COM\",\"@id\":\"https:\\\/\\\/noticiasmercedinas.com\\\/site\\\/#\\\/schema\\\/person\\\/84b59c099c28ff2e8b77d4ceec5d8063\"},\"headline\":\"Mercedes honr\u00f3 a sus h\u00e9roes de Malvinas con un emotivo acto a 44 a\u00f1os de la gesta\",\"datePublished\":\"2026-04-02T14:58:44+00:00\",\"dateModified\":\"2026-04-02T16:42:42+00:00\",\"mainEntityOfPage\":{\"@id\":\"https:\\\/\\\/noticiasmercedinas.com\\\/site\\\/2026\\\/04\\\/02\\\/mercedes-honro-a-sus-heroes-de-malvinas-con-un-emotivo-acto-a-44-anos-de-la-gesta\\\/\"},\"wordCount\":592,\"publisher\":{\"@id\":\"https:\\\/\\\/noticiasmercedinas.com\\\/site\\\/#organization\"},\"image\":{\"@id\":\"https:\\\/\\\/noticiasmercedinas.com\\\/site\\\/2026\\\/04\\\/02\\\/mercedes-honro-a-sus-heroes-de-malvinas-con-un-emotivo-acto-a-44-anos-de-la-gesta\\\/#primaryimage\"},\"thumbnailUrl\":\"https:\\\/\\\/noticiasmercedinas.com\\\/site\\\/wp-content\\\/uploads\\\/2026\\\/04\\\/IMG_20260402_111156_HDR-scaled.jpg\",\"keywords\":[\"centro de veteranos de guerra\",\"malvinas\"],\"articleSection\":[\"Sociedad\",\"Ultimo momento\"],\"inLanguage\":\"es\"},{\"@type\":\"WebPage\",\"@id\":\"https:\\\/\\\/noticiasmercedinas.com\\\/site\\\/2026\\\/04\\\/02\\\/mercedes-honro-a-sus-heroes-de-malvinas-con-un-emotivo-acto-a-44-anos-de-la-gesta\\\/\",\"url\":\"https:\\\/\\\/noticiasmercedinas.com\\\/site\\\/2026\\\/04\\\/02\\\/mercedes-honro-a-sus-heroes-de-malvinas-con-un-emotivo-acto-a-44-anos-de-la-gesta\\\/\",\"name\":\"Mercedes honr\u00f3 a sus h\u00e9roes de Malvinas con un emotivo acto a 44 a\u00f1os de la gesta\",\"isPartOf\":{\"@id\":\"https:\\\/\\\/noticiasmercedinas.com\\\/site\\\/#website\"},\"primaryImageOfPage\":{\"@id\":\"https:\\\/\\\/noticiasmercedinas.com\\\/site\\\/2026\\\/04\\\/02\\\/mercedes-honro-a-sus-heroes-de-malvinas-con-un-emotivo-acto-a-44-anos-de-la-gesta\\\/#primaryimage\"},\"image\":{\"@id\":\"https:\\\/\\\/noticiasmercedinas.com\\\/site\\\/2026\\\/04\\\/02\\\/mercedes-honro-a-sus-heroes-de-malvinas-con-un-emotivo-acto-a-44-anos-de-la-gesta\\\/#primaryimage\"},\"thumbnailUrl\":\"https:\\\/\\\/noticiasmercedinas.com\\\/site\\\/wp-content\\\/uploads\\\/2026\\\/04\\\/IMG_20260402_111156_HDR-scaled.jpg\",\"datePublished\":\"2026-04-02T14:58:44+00:00\",\"dateModified\":\"2026-04-02T16:42:42+00:00\",\"description\":\"Con el descubrimiento de una nueva placa, una masiva ofrenda floral y el firme reclamo de soberan\u00eda, la ciudad record\u00f3 a los ca\u00eddos Ricardo Luna y Horacio Balvidares. Veteranos, autoridades y la comunidad educativa se unieron bajo la consigna \\\"Malvinas nos une\\\".\",\"breadcrumb\":{\"@id\":\"https:\\\/\\\/noticiasmercedinas.com\\\/site\\\/2026\\\/04\\\/02\\\/mercedes-honro-a-sus-heroes-de-malvinas-con-un-emotivo-acto-a-44-anos-de-la-gesta\\\/#breadcrumb\"},\"inLanguage\":\"es\",\"potentialAction\":[{\"@type\":\"ReadAction\",\"target\":[\"https:\\\/\\\/noticiasmercedinas.com\\\/site\\\/2026\\\/04\\\/02\\\/mercedes-honro-a-sus-heroes-de-malvinas-con-un-emotivo-acto-a-44-anos-de-la-gesta\\\/\"]}]},{\"@type\":\"ImageObject\",\"inLanguage\":\"es\",\"@id\":\"https:\\\/\\\/noticiasmercedinas.com\\\/site\\\/2026\\\/04\\\/02\\\/mercedes-honro-a-sus-heroes-de-malvinas-con-un-emotivo-acto-a-44-anos-de-la-gesta\\\/#primaryimage\",\"url\":\"https:\\\/\\\/noticiasmercedinas.com\\\/site\\\/wp-content\\\/uploads\\\/2026\\\/04\\\/IMG_20260402_111156_HDR-scaled.jpg\",\"contentUrl\":\"https:\\\/\\\/noticiasmercedinas.com\\\/site\\\/wp-content\\\/uploads\\\/2026\\\/04\\\/IMG_20260402_111156_HDR-scaled.jpg\",\"width\":2560,\"height\":1928},{\"@type\":\"BreadcrumbList\",\"@id\":\"https:\\\/\\\/noticiasmercedinas.com\\\/site\\\/2026\\\/04\\\/02\\\/mercedes-honro-a-sus-heroes-de-malvinas-con-un-emotivo-acto-a-44-anos-de-la-gesta\\\/#breadcrumb\",\"itemListElement\":[{\"@type\":\"ListItem\",\"position\":1,\"name\":\"Portada\",\"item\":\"https:\\\/\\\/noticiasmercedinas.com\\\/site\\\/\"},{\"@type\":\"ListItem\",\"position\":2,\"name\":\"Mercedes honr\u00f3 a sus h\u00e9roes de Malvinas con un emotivo acto a 44 a\u00f1os de la gesta\"}]},{\"@type\":\"WebSite\",\"@id\":\"https:\\\/\\\/noticiasmercedinas.com\\\/site\\\/#website\",\"url\":\"https:\\\/\\\/noticiasmercedinas.com\\\/site\\\/\",\"name\":\"NOTICIASMERCEDINAS.COM\",\"description\":\"Mercedes, Buenos Aires, Argentina\",\"publisher\":{\"@id\":\"https:\\\/\\\/noticiasmercedinas.com\\\/site\\\/#organization\"},\"potentialAction\":[{\"@type\":\"SearchAction\",\"target\":{\"@type\":\"EntryPoint\",\"urlTemplate\":\"https:\\\/\\\/noticiasmercedinas.com\\\/site\\\/?s={search_term_string}\"},\"query-input\":{\"@type\":\"PropertyValueSpecification\",\"valueRequired\":true,\"valueName\":\"search_term_string\"}}],\"inLanguage\":\"es\"},{\"@type\":\"Organization\",\"@id\":\"https:\\\/\\\/noticiasmercedinas.com\\\/site\\\/#organization\",\"name\":\"NOTICIASMERCEDINAS.COM\",\"url\":\"https:\\\/\\\/noticiasmercedinas.com\\\/site\\\/\",\"logo\":{\"@type\":\"ImageObject\",\"inLanguage\":\"es\",\"@id\":\"https:\\\/\\\/noticiasmercedinas.com\\\/site\\\/#\\\/schema\\\/logo\\\/image\\\/\",\"url\":\"https:\\\/\\\/noticiasmercedinas.com\\\/site\\\/wp-content\\\/uploads\\\/2020\\\/06\\\/LOGO-512.jpg\",\"contentUrl\":\"https:\\\/\\\/noticiasmercedinas.com\\\/site\\\/wp-content\\\/uploads\\\/2020\\\/06\\\/LOGO-512.jpg\",\"width\":512,\"height\":512,\"caption\":\"NOTICIASMERCEDINAS.COM\"},\"image\":{\"@id\":\"https:\\\/\\\/noticiasmercedinas.com\\\/site\\\/#\\\/schema\\\/logo\\\/image\\\/\"},\"sameAs\":[\"https:\\\/\\\/www.facebook.com\\\/noticiasmercedinas\\\/\",\"https:\\\/\\\/x.com\\\/notmercedinas\",\"https:\\\/\\\/www.instagram.com\\\/noticiasmercedinas\\\/\"]},{\"@type\":\"Person\",\"@id\":\"https:\\\/\\\/noticiasmercedinas.com\\\/site\\\/#\\\/schema\\\/person\\\/84b59c099c28ff2e8b77d4ceec5d8063\",\"name\":\"NOTICIASMERCEDINAS.COM\",\"image\":{\"@type\":\"ImageObject\",\"inLanguage\":\"es\",\"@id\":\"https:\\\/\\\/secure.gravatar.com\\\/avatar\\\/4dfbf16b4d17945bfb6341b2d19043457132fcf478a5ee04f42e959fd8f5df0a?s=96&d=mm&r=g\",\"url\":\"https:\\\/\\\/secure.gravatar.com\\\/avatar\\\/4dfbf16b4d17945bfb6341b2d19043457132fcf478a5ee04f42e959fd8f5df0a?s=96&d=mm&r=g\",\"contentUrl\":\"https:\\\/\\\/secure.gravatar.com\\\/avatar\\\/4dfbf16b4d17945bfb6341b2d19043457132fcf478a5ee04f42e959fd8f5df0a?s=96&d=mm&r=g\",\"caption\":\"NOTICIASMERCEDINAS.COM\"},\"url\":\"https:\\\/\\\/noticiasmercedinas.com\\\/site\\\/author\\\/anonimo\\\/\"}]}<\/script>\n<!-- \/ Yoast SEO plugin. -->","yoast_head_json":{"title":"Mercedes honr\u00f3 a sus h\u00e9roes de Malvinas con un emotivo acto a 44 a\u00f1os de la gesta","description":"Con el descubrimiento de una nueva placa, una masiva ofrenda floral y el firme reclamo de soberan\u00eda, la ciudad record\u00f3 a los ca\u00eddos Ricardo Luna y Horacio Balvidares. Veteranos, autoridades y la comunidad educativa se unieron bajo la consigna \"Malvinas nos une\".","robots":{"index":"index","follow":"follow","max-snippet":"max-snippet:-1","max-image-preview":"max-image-preview:large","max-video-preview":"max-video-preview:-1"},"canonical":"https:\/\/noticiasmercedinas.com\/site\/2026\/04\/02\/mercedes-honro-a-sus-heroes-de-malvinas-con-un-emotivo-acto-a-44-anos-de-la-gesta\/","og_locale":"es_ES","og_type":"article","og_title":"Mercedes honr\u00f3 a sus h\u00e9roes de Malvinas con un emotivo acto a 44 a\u00f1os de la gesta","og_description":"Con el descubrimiento de una nueva placa, una masiva ofrenda floral y el firme reclamo de soberan\u00eda, la ciudad record\u00f3 a los ca\u00eddos Ricardo Luna y Horacio Balvidares. Veteranos, autoridades y la comunidad educativa se unieron bajo la consigna \"Malvinas nos une\".","og_url":"https:\/\/noticiasmercedinas.com\/site\/2026\/04\/02\/mercedes-honro-a-sus-heroes-de-malvinas-con-un-emotivo-acto-a-44-anos-de-la-gesta\/","og_site_name":"NOTICIASMERCEDINAS.COM","article_publisher":"https:\/\/www.facebook.com\/noticiasmercedinas\/","article_published_time":"2026-04-02T14:58:44+00:00","article_modified_time":"2026-04-02T16:42:42+00:00","og_image":[{"width":2560,"height":1928,"url":"https:\/\/noticiasmercedinas.com\/site\/wp-content\/uploads\/2026\/04\/IMG_20260402_111156_HDR-scaled.jpg","type":"image\/jpeg"}],"author":"NOTICIASMERCEDINAS.COM","twitter_card":"summary_large_image","twitter_creator":"@notmercedinas","twitter_site":"@notmercedinas","twitter_misc":{"Escrito por":"NOTICIASMERCEDINAS.COM","Tiempo de lectura":"4 minutos"},"schema":{"@context":"https:\/\/schema.org","@graph":[{"@type":"Article","@id":"https:\/\/noticiasmercedinas.com\/site\/2026\/04\/02\/mercedes-honro-a-sus-heroes-de-malvinas-con-un-emotivo-acto-a-44-anos-de-la-gesta\/#article","isPartOf":{"@id":"https:\/\/noticiasmercedinas.com\/site\/2026\/04\/02\/mercedes-honro-a-sus-heroes-de-malvinas-con-un-emotivo-acto-a-44-anos-de-la-gesta\/"},"author":{"name":"NOTICIASMERCEDINAS.COM","@id":"https:\/\/noticiasmercedinas.com\/site\/#\/schema\/person\/84b59c099c28ff2e8b77d4ceec5d8063"},"headline":"Mercedes honr\u00f3 a sus h\u00e9roes de Malvinas con un emotivo acto a 44 a\u00f1os de la gesta","datePublished":"2026-04-02T14:58:44+00:00","dateModified":"2026-04-02T16:42:42+00:00","mainEntityOfPage":{"@id":"https:\/\/noticiasmercedinas.com\/site\/2026\/04\/02\/mercedes-honro-a-sus-heroes-de-malvinas-con-un-emotivo-acto-a-44-anos-de-la-gesta\/"},"wordCount":592,"publisher":{"@id":"https:\/\/noticiasmercedinas.com\/site\/#organization"},"image":{"@id":"https:\/\/noticiasmercedinas.com\/site\/2026\/04\/02\/mercedes-honro-a-sus-heroes-de-malvinas-con-un-emotivo-acto-a-44-anos-de-la-gesta\/#primaryimage"},"thumbnailUrl":"https:\/\/noticiasmercedinas.com\/site\/wp-content\/uploads\/2026\/04\/IMG_20260402_111156_HDR-scaled.jpg","keywords":["centro de veteranos de guerra","malvinas"],"articleSection":["Sociedad","Ultimo momento"],"inLanguage":"es"},{"@type":"WebPage","@id":"https:\/\/noticiasmercedinas.com\/site\/2026\/04\/02\/mercedes-honro-a-sus-heroes-de-malvinas-con-un-emotivo-acto-a-44-anos-de-la-gesta\/","url":"https:\/\/noticiasmercedinas.com\/site\/2026\/04\/02\/mercedes-honro-a-sus-heroes-de-malvinas-con-un-emotivo-acto-a-44-anos-de-la-gesta\/","name":"Mercedes honr\u00f3 a sus h\u00e9roes de Malvinas con un emotivo acto a 44 a\u00f1os de la gesta","isPartOf":{"@id":"https:\/\/noticiasmercedinas.com\/site\/#website"},"primaryImageOfPage":{"@id":"https:\/\/noticiasmercedinas.com\/site\/2026\/04\/02\/mercedes-honro-a-sus-heroes-de-malvinas-con-un-emotivo-acto-a-44-anos-de-la-gesta\/#primaryimage"},"image":{"@id":"https:\/\/noticiasmercedinas.com\/site\/2026\/04\/02\/mercedes-honro-a-sus-heroes-de-malvinas-con-un-emotivo-acto-a-44-anos-de-la-gesta\/#primaryimage"},"thumbnailUrl":"https:\/\/noticiasmercedinas.com\/site\/wp-content\/uploads\/2026\/04\/IMG_20260402_111156_HDR-scaled.jpg","datePublished":"2026-04-02T14:58:44+00:00","dateModified":"2026-04-02T16:42:42+00:00","description":"Con el descubrimiento de una nueva placa, una masiva ofrenda floral y el firme reclamo de soberan\u00eda, la ciudad record\u00f3 a los ca\u00eddos Ricardo Luna y Horacio Balvidares. Veteranos, autoridades y la comunidad educativa se unieron bajo la consigna \"Malvinas nos une\".","breadcrumb":{"@id":"https:\/\/noticiasmercedinas.com\/site\/2026\/04\/02\/mercedes-honro-a-sus-heroes-de-malvinas-con-un-emotivo-acto-a-44-anos-de-la-gesta\/#breadcrumb"},"inLanguage":"es","potentialAction":[{"@type":"ReadAction","target":["https:\/\/noticiasmercedinas.com\/site\/2026\/04\/02\/mercedes-honro-a-sus-heroes-de-malvinas-con-un-emotivo-acto-a-44-anos-de-la-gesta\/"]}]},{"@type":"ImageObject","inLanguage":"es","@id":"https:\/\/noticiasmercedinas.com\/site\/2026\/04\/02\/mercedes-honro-a-sus-heroes-de-malvinas-con-un-emotivo-acto-a-44-anos-de-la-gesta\/#primaryimage","url":"https:\/\/noticiasmercedinas.com\/site\/wp-content\/uploads\/2026\/04\/IMG_20260402_111156_HDR-scaled.jpg","contentUrl":"https:\/\/noticiasmercedinas.com\/site\/wp-content\/uploads\/2026\/04\/IMG_20260402_111156_HDR-scaled.jpg","width":2560,"height":1928},{"@type":"BreadcrumbList","@id":"https:\/\/noticiasmercedinas.com\/site\/2026\/04\/02\/mercedes-honro-a-sus-heroes-de-malvinas-con-un-emotivo-acto-a-44-anos-de-la-gesta\/#breadcrumb","itemListElement":[{"@type":"ListItem","position":1,"name":"Portada","item":"https:\/\/noticiasmercedinas.com\/site\/"},{"@type":"ListItem","position":2,"name":"Mercedes honr\u00f3 a sus h\u00e9roes de Malvinas con un emotivo acto a 44 a\u00f1os de la gesta"}]},{"@type":"WebSite","@id":"https:\/\/noticiasmercedinas.com\/site\/#website","url":"https:\/\/noticiasmercedinas.com\/site\/","name":"NOTICIASMERCEDINAS.COM","description":"Mercedes, Buenos Aires, Argentina","publisher":{"@id":"https:\/\/noticiasmercedinas.com\/site\/#organization"},"potentialAction":[{"@type":"SearchAction","target":{"@type":"EntryPoint","urlTemplate":"https:\/\/noticiasmercedinas.com\/site\/?s={search_term_string}"},"query-input":{"@type":"PropertyValueSpecification","valueRequired":true,"valueName":"search_term_string"}}],"inLanguage":"es"},{"@type":"Organization","@id":"https:\/\/noticiasmercedinas.com\/site\/#organization","name":"NOTICIASMERCEDINAS.COM","url":"https:\/\/noticiasmercedinas.com\/site\/","logo":{"@type":"ImageObject","inLanguage":"es","@id":"https:\/\/noticiasmercedinas.com\/site\/#\/schema\/logo\/image\/","url":"https:\/\/noticiasmercedinas.com\/site\/wp-content\/uploads\/2020\/06\/LOGO-512.jpg","contentUrl":"https:\/\/noticiasmercedinas.com\/site\/wp-content\/uploads\/2020\/06\/LOGO-512.jpg","width":512,"height":512,"caption":"NOTICIASMERCEDINAS.COM"},"image":{"@id":"https:\/\/noticiasmercedinas.com\/site\/#\/schema\/logo\/image\/"},"sameAs":["https:\/\/www.facebook.com\/noticiasmercedinas\/","https:\/\/x.com\/notmercedinas","https:\/\/www.instagram.com\/noticiasmercedinas\/"]},{"@type":"Person","@id":"https:\/\/noticiasmercedinas.com\/site\/#\/schema\/person\/84b59c099c28ff2e8b77d4ceec5d8063","name":"NOTICIASMERCEDINAS.COM","image":{"@type":"ImageObject","inLanguage":"es","@id":"https:\/\/secure.gravatar.com\/avatar\/4dfbf16b4d17945bfb6341b2d19043457132fcf478a5ee04f42e959fd8f5df0a?s=96&d=mm&r=g","url":"https:\/\/secure.gravatar.com\/avatar\/4dfbf16b4d17945bfb6341b2d19043457132fcf478a5ee04f42e959fd8f5df0a?s=96&d=mm&r=g","contentUrl":"https:\/\/secure.gravatar.com\/avatar\/4dfbf16b4d17945bfb6341b2d19043457132fcf478a5ee04f42e959fd8f5df0a?s=96&d=mm&r=g","caption":"NOTICIASMERCEDINAS.COM"},"url":"https:\/\/noticiasmercedinas.com\/site\/author\/anonimo\/"}]}},"amp_enabled":true,"_links":{"self":[{"href":"https:\/\/noticiasmercedinas.com\/site\/wp-json\/wp\/v2\/posts\/183262","targetHints":{"allow":["GET"]}}],"collection":[{"href":"https:\/\/noticiasmercedinas.com\/site\/wp-json\/wp\/v2\/posts"}],"about":[{"href":"https:\/\/noticiasmercedinas.com\/site\/wp-json\/wp\/v2\/types\/post"}],"author":[{"embeddable":true,"href":"https:\/\/noticiasmercedinas.com\/site\/wp-json\/wp\/v2\/users\/16"}],"replies":[{"embeddable":true,"href":"https:\/\/noticiasmercedinas.com\/site\/wp-json\/wp\/v2\/comments?post=183262"}],"version-history":[{"count":6,"href":"https:\/\/noticiasmercedinas.com\/site\/wp-json\/wp\/v2\/posts\/183262\/revisions"}],"predecessor-version":[{"id":183279,"href":"https:\/\/noticiasmercedinas.com\/site\/wp-json\/wp\/v2\/posts\/183262\/revisions\/183279"}],"wp:featuredmedia":[{"embeddable":true,"href":"https:\/\/noticiasmercedinas.com\/site\/wp-json\/wp\/v2\/media\/183265"}],"wp:attachment":[{"href":"https:\/\/noticiasmercedinas.com\/site\/wp-json\/wp\/v2\/media?parent=183262"}],"wp:term":[{"taxonomy":"category","embeddable":true,"href":"https:\/\/noticiasmercedinas.com\/site\/wp-json\/wp\/v2\/categories?post=183262"},{"taxonomy":"post_tag","embeddable":true,"href":"https:\/\/noticiasmercedinas.com\/site\/wp-json\/wp\/v2\/tags?post=183262"}],"curies":[{"name":"wp","href":"https:\/\/api.w.org\/{rel}","templated":true}]}}