{"id":183562,"date":"2026-04-06T19:12:57","date_gmt":"2026-04-06T22:12:57","guid":{"rendered":"https:\/\/noticiasmercedinas.com\/site\/?p=183562"},"modified":"2026-04-06T19:12:57","modified_gmt":"2026-04-06T22:12:57","slug":"vanesa-siley-encabeza-intensa-agenda-politica-y-sindical-en-la-provincia-de-neuquen","status":"publish","type":"post","link":"https:\/\/noticiasmercedinas.com\/site\/2026\/04\/06\/vanesa-siley-encabeza-intensa-agenda-politica-y-sindical-en-la-provincia-de-neuquen\/","title":{"rendered":"Vanesa Siley encabeza intensa agenda pol\u00edtica y sindical en la provincia de Neuqu\u00e9n"},"content":{"rendered":"<p data-path-to-node=\"3\"><img loading=\"lazy\" decoding=\"async\" class=\"alignnone size-full wp-image-183565\" src=\"https:\/\/noticiasmercedinas.com\/site\/wp-content\/uploads\/2026\/04\/660087946_18403283977148206_757439739289939380_n.jpg\" alt=\"\" width=\"856\" height=\"572\" srcset=\"https:\/\/noticiasmercedinas.com\/site\/wp-content\/uploads\/2026\/04\/660087946_18403283977148206_757439739289939380_n.jpg 856w, https:\/\/noticiasmercedinas.com\/site\/wp-content\/uploads\/2026\/04\/660087946_18403283977148206_757439739289939380_n-300x200.jpg 300w, https:\/\/noticiasmercedinas.com\/site\/wp-content\/uploads\/2026\/04\/660087946_18403283977148206_757439739289939380_n-768x513.jpg 768w, https:\/\/noticiasmercedinas.com\/site\/wp-content\/uploads\/2026\/04\/660087946_18403283977148206_757439739289939380_n-537x360.jpg 537w, https:\/\/noticiasmercedinas.com\/site\/wp-content\/uploads\/2026\/04\/660087946_18403283977148206_757439739289939380_n-640x428.jpg 640w, https:\/\/noticiasmercedinas.com\/site\/wp-content\/uploads\/2026\/04\/660087946_18403283977148206_757439739289939380_n-681x455.jpg 681w\" sizes=\"auto, (max-width: 856px) 100vw, 856px\" \/><\/p>\n<p data-path-to-node=\"3\">En el marco de una gira federal de articulaci\u00f3n pol\u00edtica, la Diputada Nacional y Secretaria General de la Federaci\u00f3n de Sindicatos de Trabajadores Judiciales, <b data-path-to-node=\"3\" data-index-in-node=\"169\">Vanesa Siley<\/b>, desembarc\u00f3 en la provincia de Neuqu\u00e9n para desarrollar una nutrida agenda de encuentros con bases militantes y c\u00fapulas sindicales de la regi\u00f3n.<\/p>\n<p data-path-to-node=\"4\">La actividad para la legisladora mercedina comenz\u00f3 con una visita a la <b data-path-to-node=\"4\" data-index-in-node=\"41\">Unidad B\u00e1sica \u00abCFK Neuqu\u00e9n\u00bb<\/b>, donde Siley \u2014quien tambi\u00e9n se desempe\u00f1a como Consejera de la Magistratura de la Naci\u00f3n\u2014 comparti\u00f3 un espacio de charla pol\u00edtica con militantes locales. Durante el encuentro, se analizaron los desaf\u00edos territoriales y la importancia de la organizaci\u00f3n de base en el actual escenario pol\u00edtico-econ\u00f3mico del pa\u00eds.<\/p>\n<p data-path-to-node=\"4\"><img loading=\"lazy\" decoding=\"async\" class=\"alignnone size-full wp-image-183563\" src=\"https:\/\/noticiasmercedinas.com\/site\/wp-content\/uploads\/2026\/04\/659800626_18403284004148206_2758039368584529320_n.jpg\" alt=\"\" width=\"856\" height=\"572\" srcset=\"https:\/\/noticiasmercedinas.com\/site\/wp-content\/uploads\/2026\/04\/659800626_18403284004148206_2758039368584529320_n.jpg 856w, https:\/\/noticiasmercedinas.com\/site\/wp-content\/uploads\/2026\/04\/659800626_18403284004148206_2758039368584529320_n-300x200.jpg 300w, https:\/\/noticiasmercedinas.com\/site\/wp-content\/uploads\/2026\/04\/659800626_18403284004148206_2758039368584529320_n-768x513.jpg 768w, https:\/\/noticiasmercedinas.com\/site\/wp-content\/uploads\/2026\/04\/659800626_18403284004148206_2758039368584529320_n-537x360.jpg 537w, https:\/\/noticiasmercedinas.com\/site\/wp-content\/uploads\/2026\/04\/659800626_18403284004148206_2758039368584529320_n-640x428.jpg 640w, https:\/\/noticiasmercedinas.com\/site\/wp-content\/uploads\/2026\/04\/659800626_18403284004148206_2758039368584529320_n-681x455.jpg 681w\" sizes=\"auto, (max-width: 856px) 100vw, 856px\" \/><\/p>\n<p data-path-to-node=\"6\">Posteriormente, Siley se traslad\u00f3 a la sede de <b data-path-to-node=\"6\" data-index-in-node=\"47\">Casa Patria Neuqu\u00e9n<\/b> para participar de un almuerzo y debate pol\u00edtico-sindical que reuni\u00f3 a diversos representantes gremiales de la provincia.<\/p>\n<p data-path-to-node=\"6\">La organizaci\u00f3n de este tramo de la jornada estuvo a cargo de <b data-path-to-node=\"6\" data-index-in-node=\"251\">Fabi\u00e1n Palazzo<\/b>, de la Federaci\u00f3n Nacional de Conductores de Taxis, y <b data-path-to-node=\"6\" data-index-in-node=\"320\">Eduardo Garc\u00eda<\/b>, delegado de la APUNC (Asociaci\u00f3n del Personal de la Universidad Nacional del Comahue).<\/p>\n<p data-path-to-node=\"7\">El debate se centr\u00f3 en la defensa de los derechos laborales y la coordinaci\u00f3n de estrategias conjuntas entre los sindicatos nacionales y las delegaciones locales frente a las pol\u00edticas de ajuste que afectan al sector p\u00fablico y privado.<\/p>\n<h3 data-path-to-node=\"8\">Acompa\u00f1amiento institucional<\/h3>\n<p data-path-to-node=\"9\">La visita de Siley cont\u00f3 con el acompa\u00f1amiento de figuras centrales del kirchnerismo regional y nacional, como el senador <b data-path-to-node=\"9\" data-index-in-node=\"122\">Oscar Parrilli<\/b> y la diputada provincial <b data-path-to-node=\"9\" data-index-in-node=\"162\">Lorena Parrilli<\/b>, quienes extendieron la invitaci\u00f3n a la referente judicial.<\/p>\n<p data-path-to-node=\"10,0\">\u00abGracias a cada compa\u00f1ero y compa\u00f1era por el recibimiento y el intercambio\u00bb, expres\u00f3 Siley tras finalizar la jornada, la cual cerr\u00f3 bajo la consigna de visibilizaci\u00f3n judicial que la legisladora suele impulsar en sus redes y actos p\u00fablicos.<\/p>\n<p data-path-to-node=\"10,0\"><img loading=\"lazy\" decoding=\"async\" class=\"alignnone size-full wp-image-183564\" src=\"https:\/\/noticiasmercedinas.com\/site\/wp-content\/uploads\/2026\/04\/660195652_18403284007148206_8942318270284907723_n.jpg\" alt=\"\" width=\"856\" height=\"573\" srcset=\"https:\/\/noticiasmercedinas.com\/site\/wp-content\/uploads\/2026\/04\/660195652_18403284007148206_8942318270284907723_n.jpg 856w, https:\/\/noticiasmercedinas.com\/site\/wp-content\/uploads\/2026\/04\/660195652_18403284007148206_8942318270284907723_n-300x201.jpg 300w, https:\/\/noticiasmercedinas.com\/site\/wp-content\/uploads\/2026\/04\/660195652_18403284007148206_8942318270284907723_n-768x514.jpg 768w, https:\/\/noticiasmercedinas.com\/site\/wp-content\/uploads\/2026\/04\/660195652_18403284007148206_8942318270284907723_n-537x360.jpg 537w, https:\/\/noticiasmercedinas.com\/site\/wp-content\/uploads\/2026\/04\/660195652_18403284007148206_8942318270284907723_n-640x428.jpg 640w, https:\/\/noticiasmercedinas.com\/site\/wp-content\/uploads\/2026\/04\/660195652_18403284007148206_8942318270284907723_n-681x456.jpg 681w\" sizes=\"auto, (max-width: 856px) 100vw, 856px\" \/><\/p>\n","protected":false},"excerpt":{"rendered":"<p>\u25a0\u00a0La Diputada Nacional y referente de los trabajadores judiciales mantuvo encuentros con militantes de unidades b\u00e1sicas y dirigentes gremiales locales. La jornada, marcada por el debate sobre la coyuntura nacional, cont\u00f3 con el respaldo de referentes del Instituto Patria.<\/p>\n","protected":false},"author":16,"featured_media":183565,"comment_status":"closed","ping_status":"closed","sticky":false,"template":"","format":"standard","meta":{"footnotes":""},"categories":[16],"tags":[174,1249,1489,51],"class_list":["post-183562","post","type-post","status-publish","format-standard","has-post-thumbnail","hentry","category-politica","tag-diputados","tag-neuquen","tag-pj","tag-vanesa-siley"],"yoast_head":"<!-- This site is optimized with the Yoast SEO plugin v27.4 - https:\/\/yoast.com\/product\/yoast-seo-wordpress\/ -->\n<title>Vanesa Siley encabeza intensa agenda pol\u00edtica y sindical en la provincia de Neuqu\u00e9n<\/title>\n<meta name=\"description\" content=\"\u25a0\u00a0La Diputada Nacional y referente de los trabajadores judiciales mantuvo encuentros con militantes de unidades b\u00e1sicas y dirigentes gremiales locales. La jornada, marcada por el debate sobre la coyuntura nacional, cont\u00f3 con el respaldo de referentes del Instituto Patria.\" \/>\n<meta name=\"robots\" content=\"index, follow, max-snippet:-1, max-image-preview:large, max-video-preview:-1\" \/>\n<link rel=\"canonical\" href=\"https:\/\/noticiasmercedinas.com\/site\/2026\/04\/06\/vanesa-siley-encabeza-intensa-agenda-politica-y-sindical-en-la-provincia-de-neuquen\/\" \/>\n<meta property=\"og:locale\" content=\"es_ES\" \/>\n<meta property=\"og:type\" content=\"article\" \/>\n<meta property=\"og:title\" content=\"Vanesa Siley encabeza intensa agenda pol\u00edtica y sindical en la provincia de Neuqu\u00e9n\" \/>\n<meta property=\"og:description\" content=\"\u25a0\u00a0La Diputada Nacional y referente de los trabajadores judiciales mantuvo encuentros con militantes de unidades b\u00e1sicas y dirigentes gremiales locales. La jornada, marcada por el debate sobre la coyuntura nacional, cont\u00f3 con el respaldo de referentes del Instituto Patria.\" \/>\n<meta property=\"og:url\" content=\"https:\/\/noticiasmercedinas.com\/site\/2026\/04\/06\/vanesa-siley-encabeza-intensa-agenda-politica-y-sindical-en-la-provincia-de-neuquen\/\" \/>\n<meta property=\"og:site_name\" content=\"NOTICIASMERCEDINAS.COM\" \/>\n<meta property=\"article:publisher\" content=\"https:\/\/www.facebook.com\/noticiasmercedinas\/\" \/>\n<meta property=\"article:published_time\" content=\"2026-04-06T22:12:57+00:00\" \/>\n<meta property=\"og:image\" content=\"https:\/\/noticiasmercedinas.com\/site\/wp-content\/uploads\/2026\/04\/660087946_18403283977148206_757439739289939380_n.jpg\" \/>\n\t<meta property=\"og:image:width\" content=\"856\" \/>\n\t<meta property=\"og:image:height\" content=\"572\" \/>\n\t<meta property=\"og:image:type\" content=\"image\/jpeg\" \/>\n<meta name=\"author\" content=\"NOTICIASMERCEDINAS.COM\" \/>\n<meta name=\"twitter:card\" content=\"summary_large_image\" \/>\n<meta name=\"twitter:creator\" content=\"@notmercedinas\" \/>\n<meta name=\"twitter:site\" content=\"@notmercedinas\" \/>\n<meta name=\"twitter:label1\" content=\"Escrito por\" \/>\n\t<meta name=\"twitter:data1\" content=\"NOTICIASMERCEDINAS.COM\" \/>\n\t<meta name=\"twitter:label2\" content=\"Tiempo de lectura\" \/>\n\t<meta name=\"twitter:data2\" content=\"3 minutos\" \/>\n<script type=\"application\/ld+json\" class=\"yoast-schema-graph\">{\"@context\":\"https:\\\/\\\/schema.org\",\"@graph\":[{\"@type\":\"Article\",\"@id\":\"https:\\\/\\\/noticiasmercedinas.com\\\/site\\\/2026\\\/04\\\/06\\\/vanesa-siley-encabeza-intensa-agenda-politica-y-sindical-en-la-provincia-de-neuquen\\\/#article\",\"isPartOf\":{\"@id\":\"https:\\\/\\\/noticiasmercedinas.com\\\/site\\\/2026\\\/04\\\/06\\\/vanesa-siley-encabeza-intensa-agenda-politica-y-sindical-en-la-provincia-de-neuquen\\\/\"},\"author\":{\"name\":\"NOTICIASMERCEDINAS.COM\",\"@id\":\"https:\\\/\\\/noticiasmercedinas.com\\\/site\\\/#\\\/schema\\\/person\\\/84b59c099c28ff2e8b77d4ceec5d8063\"},\"headline\":\"Vanesa Siley encabeza intensa agenda pol\u00edtica y sindical en la provincia de Neuqu\u00e9n\",\"datePublished\":\"2026-04-06T22:12:57+00:00\",\"mainEntityOfPage\":{\"@id\":\"https:\\\/\\\/noticiasmercedinas.com\\\/site\\\/2026\\\/04\\\/06\\\/vanesa-siley-encabeza-intensa-agenda-politica-y-sindical-en-la-provincia-de-neuquen\\\/\"},\"wordCount\":338,\"publisher\":{\"@id\":\"https:\\\/\\\/noticiasmercedinas.com\\\/site\\\/#organization\"},\"image\":{\"@id\":\"https:\\\/\\\/noticiasmercedinas.com\\\/site\\\/2026\\\/04\\\/06\\\/vanesa-siley-encabeza-intensa-agenda-politica-y-sindical-en-la-provincia-de-neuquen\\\/#primaryimage\"},\"thumbnailUrl\":\"https:\\\/\\\/noticiasmercedinas.com\\\/site\\\/wp-content\\\/uploads\\\/2026\\\/04\\\/660087946_18403283977148206_757439739289939380_n.jpg\",\"keywords\":[\"diputados\",\"neuquen\",\"pj\",\"vanesa siley\"],\"articleSection\":[\"Politica\"],\"inLanguage\":\"es\"},{\"@type\":\"WebPage\",\"@id\":\"https:\\\/\\\/noticiasmercedinas.com\\\/site\\\/2026\\\/04\\\/06\\\/vanesa-siley-encabeza-intensa-agenda-politica-y-sindical-en-la-provincia-de-neuquen\\\/\",\"url\":\"https:\\\/\\\/noticiasmercedinas.com\\\/site\\\/2026\\\/04\\\/06\\\/vanesa-siley-encabeza-intensa-agenda-politica-y-sindical-en-la-provincia-de-neuquen\\\/\",\"name\":\"Vanesa Siley encabeza intensa agenda pol\u00edtica y sindical en la provincia de Neuqu\u00e9n\",\"isPartOf\":{\"@id\":\"https:\\\/\\\/noticiasmercedinas.com\\\/site\\\/#website\"},\"primaryImageOfPage\":{\"@id\":\"https:\\\/\\\/noticiasmercedinas.com\\\/site\\\/2026\\\/04\\\/06\\\/vanesa-siley-encabeza-intensa-agenda-politica-y-sindical-en-la-provincia-de-neuquen\\\/#primaryimage\"},\"image\":{\"@id\":\"https:\\\/\\\/noticiasmercedinas.com\\\/site\\\/2026\\\/04\\\/06\\\/vanesa-siley-encabeza-intensa-agenda-politica-y-sindical-en-la-provincia-de-neuquen\\\/#primaryimage\"},\"thumbnailUrl\":\"https:\\\/\\\/noticiasmercedinas.com\\\/site\\\/wp-content\\\/uploads\\\/2026\\\/04\\\/660087946_18403283977148206_757439739289939380_n.jpg\",\"datePublished\":\"2026-04-06T22:12:57+00:00\",\"description\":\"\u25a0\u00a0La Diputada Nacional y referente de los trabajadores judiciales mantuvo encuentros con militantes de unidades b\u00e1sicas y dirigentes gremiales locales. La jornada, marcada por el debate sobre la coyuntura nacional, cont\u00f3 con el respaldo de referentes del Instituto Patria.\",\"breadcrumb\":{\"@id\":\"https:\\\/\\\/noticiasmercedinas.com\\\/site\\\/2026\\\/04\\\/06\\\/vanesa-siley-encabeza-intensa-agenda-politica-y-sindical-en-la-provincia-de-neuquen\\\/#breadcrumb\"},\"inLanguage\":\"es\",\"potentialAction\":[{\"@type\":\"ReadAction\",\"target\":[\"https:\\\/\\\/noticiasmercedinas.com\\\/site\\\/2026\\\/04\\\/06\\\/vanesa-siley-encabeza-intensa-agenda-politica-y-sindical-en-la-provincia-de-neuquen\\\/\"]}]},{\"@type\":\"ImageObject\",\"inLanguage\":\"es\",\"@id\":\"https:\\\/\\\/noticiasmercedinas.com\\\/site\\\/2026\\\/04\\\/06\\\/vanesa-siley-encabeza-intensa-agenda-politica-y-sindical-en-la-provincia-de-neuquen\\\/#primaryimage\",\"url\":\"https:\\\/\\\/noticiasmercedinas.com\\\/site\\\/wp-content\\\/uploads\\\/2026\\\/04\\\/660087946_18403283977148206_757439739289939380_n.jpg\",\"contentUrl\":\"https:\\\/\\\/noticiasmercedinas.com\\\/site\\\/wp-content\\\/uploads\\\/2026\\\/04\\\/660087946_18403283977148206_757439739289939380_n.jpg\",\"width\":856,\"height\":572},{\"@type\":\"BreadcrumbList\",\"@id\":\"https:\\\/\\\/noticiasmercedinas.com\\\/site\\\/2026\\\/04\\\/06\\\/vanesa-siley-encabeza-intensa-agenda-politica-y-sindical-en-la-provincia-de-neuquen\\\/#breadcrumb\",\"itemListElement\":[{\"@type\":\"ListItem\",\"position\":1,\"name\":\"Portada\",\"item\":\"https:\\\/\\\/noticiasmercedinas.com\\\/site\\\/\"},{\"@type\":\"ListItem\",\"position\":2,\"name\":\"Vanesa Siley encabeza intensa agenda pol\u00edtica y sindical en la provincia de Neuqu\u00e9n\"}]},{\"@type\":\"WebSite\",\"@id\":\"https:\\\/\\\/noticiasmercedinas.com\\\/site\\\/#website\",\"url\":\"https:\\\/\\\/noticiasmercedinas.com\\\/site\\\/\",\"name\":\"NOTICIASMERCEDINAS.COM\",\"description\":\"Mercedes, Buenos Aires, Argentina\",\"publisher\":{\"@id\":\"https:\\\/\\\/noticiasmercedinas.com\\\/site\\\/#organization\"},\"potentialAction\":[{\"@type\":\"SearchAction\",\"target\":{\"@type\":\"EntryPoint\",\"urlTemplate\":\"https:\\\/\\\/noticiasmercedinas.com\\\/site\\\/?s={search_term_string}\"},\"query-input\":{\"@type\":\"PropertyValueSpecification\",\"valueRequired\":true,\"valueName\":\"search_term_string\"}}],\"inLanguage\":\"es\"},{\"@type\":\"Organization\",\"@id\":\"https:\\\/\\\/noticiasmercedinas.com\\\/site\\\/#organization\",\"name\":\"NOTICIASMERCEDINAS.COM\",\"url\":\"https:\\\/\\\/noticiasmercedinas.com\\\/site\\\/\",\"logo\":{\"@type\":\"ImageObject\",\"inLanguage\":\"es\",\"@id\":\"https:\\\/\\\/noticiasmercedinas.com\\\/site\\\/#\\\/schema\\\/logo\\\/image\\\/\",\"url\":\"https:\\\/\\\/noticiasmercedinas.com\\\/site\\\/wp-content\\\/uploads\\\/2020\\\/06\\\/LOGO-512.jpg\",\"contentUrl\":\"https:\\\/\\\/noticiasmercedinas.com\\\/site\\\/wp-content\\\/uploads\\\/2020\\\/06\\\/LOGO-512.jpg\",\"width\":512,\"height\":512,\"caption\":\"NOTICIASMERCEDINAS.COM\"},\"image\":{\"@id\":\"https:\\\/\\\/noticiasmercedinas.com\\\/site\\\/#\\\/schema\\\/logo\\\/image\\\/\"},\"sameAs\":[\"https:\\\/\\\/www.facebook.com\\\/noticiasmercedinas\\\/\",\"https:\\\/\\\/x.com\\\/notmercedinas\",\"https:\\\/\\\/www.instagram.com\\\/noticiasmercedinas\\\/\"]},{\"@type\":\"Person\",\"@id\":\"https:\\\/\\\/noticiasmercedinas.com\\\/site\\\/#\\\/schema\\\/person\\\/84b59c099c28ff2e8b77d4ceec5d8063\",\"name\":\"NOTICIASMERCEDINAS.COM\",\"image\":{\"@type\":\"ImageObject\",\"inLanguage\":\"es\",\"@id\":\"https:\\\/\\\/secure.gravatar.com\\\/avatar\\\/4dfbf16b4d17945bfb6341b2d19043457132fcf478a5ee04f42e959fd8f5df0a?s=96&d=mm&r=g\",\"url\":\"https:\\\/\\\/secure.gravatar.com\\\/avatar\\\/4dfbf16b4d17945bfb6341b2d19043457132fcf478a5ee04f42e959fd8f5df0a?s=96&d=mm&r=g\",\"contentUrl\":\"https:\\\/\\\/secure.gravatar.com\\\/avatar\\\/4dfbf16b4d17945bfb6341b2d19043457132fcf478a5ee04f42e959fd8f5df0a?s=96&d=mm&r=g\",\"caption\":\"NOTICIASMERCEDINAS.COM\"},\"url\":\"https:\\\/\\\/noticiasmercedinas.com\\\/site\\\/author\\\/anonimo\\\/\"}]}<\/script>\n<!-- \/ Yoast SEO plugin. -->","yoast_head_json":{"title":"Vanesa Siley encabeza intensa agenda pol\u00edtica y sindical en la provincia de Neuqu\u00e9n","description":"\u25a0\u00a0La Diputada Nacional y referente de los trabajadores judiciales mantuvo encuentros con militantes de unidades b\u00e1sicas y dirigentes gremiales locales. La jornada, marcada por el debate sobre la coyuntura nacional, cont\u00f3 con el respaldo de referentes del Instituto Patria.","robots":{"index":"index","follow":"follow","max-snippet":"max-snippet:-1","max-image-preview":"max-image-preview:large","max-video-preview":"max-video-preview:-1"},"canonical":"https:\/\/noticiasmercedinas.com\/site\/2026\/04\/06\/vanesa-siley-encabeza-intensa-agenda-politica-y-sindical-en-la-provincia-de-neuquen\/","og_locale":"es_ES","og_type":"article","og_title":"Vanesa Siley encabeza intensa agenda pol\u00edtica y sindical en la provincia de Neuqu\u00e9n","og_description":"\u25a0\u00a0La Diputada Nacional y referente de los trabajadores judiciales mantuvo encuentros con militantes de unidades b\u00e1sicas y dirigentes gremiales locales. La jornada, marcada por el debate sobre la coyuntura nacional, cont\u00f3 con el respaldo de referentes del Instituto Patria.","og_url":"https:\/\/noticiasmercedinas.com\/site\/2026\/04\/06\/vanesa-siley-encabeza-intensa-agenda-politica-y-sindical-en-la-provincia-de-neuquen\/","og_site_name":"NOTICIASMERCEDINAS.COM","article_publisher":"https:\/\/www.facebook.com\/noticiasmercedinas\/","article_published_time":"2026-04-06T22:12:57+00:00","og_image":[{"width":856,"height":572,"url":"https:\/\/noticiasmercedinas.com\/site\/wp-content\/uploads\/2026\/04\/660087946_18403283977148206_757439739289939380_n.jpg","type":"image\/jpeg"}],"author":"NOTICIASMERCEDINAS.COM","twitter_card":"summary_large_image","twitter_creator":"@notmercedinas","twitter_site":"@notmercedinas","twitter_misc":{"Escrito por":"NOTICIASMERCEDINAS.COM","Tiempo de lectura":"3 minutos"},"schema":{"@context":"https:\/\/schema.org","@graph":[{"@type":"Article","@id":"https:\/\/noticiasmercedinas.com\/site\/2026\/04\/06\/vanesa-siley-encabeza-intensa-agenda-politica-y-sindical-en-la-provincia-de-neuquen\/#article","isPartOf":{"@id":"https:\/\/noticiasmercedinas.com\/site\/2026\/04\/06\/vanesa-siley-encabeza-intensa-agenda-politica-y-sindical-en-la-provincia-de-neuquen\/"},"author":{"name":"NOTICIASMERCEDINAS.COM","@id":"https:\/\/noticiasmercedinas.com\/site\/#\/schema\/person\/84b59c099c28ff2e8b77d4ceec5d8063"},"headline":"Vanesa Siley encabeza intensa agenda pol\u00edtica y sindical en la provincia de Neuqu\u00e9n","datePublished":"2026-04-06T22:12:57+00:00","mainEntityOfPage":{"@id":"https:\/\/noticiasmercedinas.com\/site\/2026\/04\/06\/vanesa-siley-encabeza-intensa-agenda-politica-y-sindical-en-la-provincia-de-neuquen\/"},"wordCount":338,"publisher":{"@id":"https:\/\/noticiasmercedinas.com\/site\/#organization"},"image":{"@id":"https:\/\/noticiasmercedinas.com\/site\/2026\/04\/06\/vanesa-siley-encabeza-intensa-agenda-politica-y-sindical-en-la-provincia-de-neuquen\/#primaryimage"},"thumbnailUrl":"https:\/\/noticiasmercedinas.com\/site\/wp-content\/uploads\/2026\/04\/660087946_18403283977148206_757439739289939380_n.jpg","keywords":["diputados","neuquen","pj","vanesa siley"],"articleSection":["Politica"],"inLanguage":"es"},{"@type":"WebPage","@id":"https:\/\/noticiasmercedinas.com\/site\/2026\/04\/06\/vanesa-siley-encabeza-intensa-agenda-politica-y-sindical-en-la-provincia-de-neuquen\/","url":"https:\/\/noticiasmercedinas.com\/site\/2026\/04\/06\/vanesa-siley-encabeza-intensa-agenda-politica-y-sindical-en-la-provincia-de-neuquen\/","name":"Vanesa Siley encabeza intensa agenda pol\u00edtica y sindical en la provincia de Neuqu\u00e9n","isPartOf":{"@id":"https:\/\/noticiasmercedinas.com\/site\/#website"},"primaryImageOfPage":{"@id":"https:\/\/noticiasmercedinas.com\/site\/2026\/04\/06\/vanesa-siley-encabeza-intensa-agenda-politica-y-sindical-en-la-provincia-de-neuquen\/#primaryimage"},"image":{"@id":"https:\/\/noticiasmercedinas.com\/site\/2026\/04\/06\/vanesa-siley-encabeza-intensa-agenda-politica-y-sindical-en-la-provincia-de-neuquen\/#primaryimage"},"thumbnailUrl":"https:\/\/noticiasmercedinas.com\/site\/wp-content\/uploads\/2026\/04\/660087946_18403283977148206_757439739289939380_n.jpg","datePublished":"2026-04-06T22:12:57+00:00","description":"\u25a0\u00a0La Diputada Nacional y referente de los trabajadores judiciales mantuvo encuentros con militantes de unidades b\u00e1sicas y dirigentes gremiales locales. La jornada, marcada por el debate sobre la coyuntura nacional, cont\u00f3 con el respaldo de referentes del Instituto Patria.","breadcrumb":{"@id":"https:\/\/noticiasmercedinas.com\/site\/2026\/04\/06\/vanesa-siley-encabeza-intensa-agenda-politica-y-sindical-en-la-provincia-de-neuquen\/#breadcrumb"},"inLanguage":"es","potentialAction":[{"@type":"ReadAction","target":["https:\/\/noticiasmercedinas.com\/site\/2026\/04\/06\/vanesa-siley-encabeza-intensa-agenda-politica-y-sindical-en-la-provincia-de-neuquen\/"]}]},{"@type":"ImageObject","inLanguage":"es","@id":"https:\/\/noticiasmercedinas.com\/site\/2026\/04\/06\/vanesa-siley-encabeza-intensa-agenda-politica-y-sindical-en-la-provincia-de-neuquen\/#primaryimage","url":"https:\/\/noticiasmercedinas.com\/site\/wp-content\/uploads\/2026\/04\/660087946_18403283977148206_757439739289939380_n.jpg","contentUrl":"https:\/\/noticiasmercedinas.com\/site\/wp-content\/uploads\/2026\/04\/660087946_18403283977148206_757439739289939380_n.jpg","width":856,"height":572},{"@type":"BreadcrumbList","@id":"https:\/\/noticiasmercedinas.com\/site\/2026\/04\/06\/vanesa-siley-encabeza-intensa-agenda-politica-y-sindical-en-la-provincia-de-neuquen\/#breadcrumb","itemListElement":[{"@type":"ListItem","position":1,"name":"Portada","item":"https:\/\/noticiasmercedinas.com\/site\/"},{"@type":"ListItem","position":2,"name":"Vanesa Siley encabeza intensa agenda pol\u00edtica y sindical en la provincia de Neuqu\u00e9n"}]},{"@type":"WebSite","@id":"https:\/\/noticiasmercedinas.com\/site\/#website","url":"https:\/\/noticiasmercedinas.com\/site\/","name":"NOTICIASMERCEDINAS.COM","description":"Mercedes, Buenos Aires, Argentina","publisher":{"@id":"https:\/\/noticiasmercedinas.com\/site\/#organization"},"potentialAction":[{"@type":"SearchAction","target":{"@type":"EntryPoint","urlTemplate":"https:\/\/noticiasmercedinas.com\/site\/?s={search_term_string}"},"query-input":{"@type":"PropertyValueSpecification","valueRequired":true,"valueName":"search_term_string"}}],"inLanguage":"es"},{"@type":"Organization","@id":"https:\/\/noticiasmercedinas.com\/site\/#organization","name":"NOTICIASMERCEDINAS.COM","url":"https:\/\/noticiasmercedinas.com\/site\/","logo":{"@type":"ImageObject","inLanguage":"es","@id":"https:\/\/noticiasmercedinas.com\/site\/#\/schema\/logo\/image\/","url":"https:\/\/noticiasmercedinas.com\/site\/wp-content\/uploads\/2020\/06\/LOGO-512.jpg","contentUrl":"https:\/\/noticiasmercedinas.com\/site\/wp-content\/uploads\/2020\/06\/LOGO-512.jpg","width":512,"height":512,"caption":"NOTICIASMERCEDINAS.COM"},"image":{"@id":"https:\/\/noticiasmercedinas.com\/site\/#\/schema\/logo\/image\/"},"sameAs":["https:\/\/www.facebook.com\/noticiasmercedinas\/","https:\/\/x.com\/notmercedinas","https:\/\/www.instagram.com\/noticiasmercedinas\/"]},{"@type":"Person","@id":"https:\/\/noticiasmercedinas.com\/site\/#\/schema\/person\/84b59c099c28ff2e8b77d4ceec5d8063","name":"NOTICIASMERCEDINAS.COM","image":{"@type":"ImageObject","inLanguage":"es","@id":"https:\/\/secure.gravatar.com\/avatar\/4dfbf16b4d17945bfb6341b2d19043457132fcf478a5ee04f42e959fd8f5df0a?s=96&d=mm&r=g","url":"https:\/\/secure.gravatar.com\/avatar\/4dfbf16b4d17945bfb6341b2d19043457132fcf478a5ee04f42e959fd8f5df0a?s=96&d=mm&r=g","contentUrl":"https:\/\/secure.gravatar.com\/avatar\/4dfbf16b4d17945bfb6341b2d19043457132fcf478a5ee04f42e959fd8f5df0a?s=96&d=mm&r=g","caption":"NOTICIASMERCEDINAS.COM"},"url":"https:\/\/noticiasmercedinas.com\/site\/author\/anonimo\/"}]}},"amp_enabled":true,"_links":{"self":[{"href":"https:\/\/noticiasmercedinas.com\/site\/wp-json\/wp\/v2\/posts\/183562","targetHints":{"allow":["GET"]}}],"collection":[{"href":"https:\/\/noticiasmercedinas.com\/site\/wp-json\/wp\/v2\/posts"}],"about":[{"href":"https:\/\/noticiasmercedinas.com\/site\/wp-json\/wp\/v2\/types\/post"}],"author":[{"embeddable":true,"href":"https:\/\/noticiasmercedinas.com\/site\/wp-json\/wp\/v2\/users\/16"}],"replies":[{"embeddable":true,"href":"https:\/\/noticiasmercedinas.com\/site\/wp-json\/wp\/v2\/comments?post=183562"}],"version-history":[{"count":1,"href":"https:\/\/noticiasmercedinas.com\/site\/wp-json\/wp\/v2\/posts\/183562\/revisions"}],"predecessor-version":[{"id":183568,"href":"https:\/\/noticiasmercedinas.com\/site\/wp-json\/wp\/v2\/posts\/183562\/revisions\/183568"}],"wp:featuredmedia":[{"embeddable":true,"href":"https:\/\/noticiasmercedinas.com\/site\/wp-json\/wp\/v2\/media\/183565"}],"wp:attachment":[{"href":"https:\/\/noticiasmercedinas.com\/site\/wp-json\/wp\/v2\/media?parent=183562"}],"wp:term":[{"taxonomy":"category","embeddable":true,"href":"https:\/\/noticiasmercedinas.com\/site\/wp-json\/wp\/v2\/categories?post=183562"},{"taxonomy":"post_tag","embeddable":true,"href":"https:\/\/noticiasmercedinas.com\/site\/wp-json\/wp\/v2\/tags?post=183562"}],"curies":[{"name":"wp","href":"https:\/\/api.w.org\/{rel}","templated":true}]}}