{"id":183600,"date":"2026-04-07T11:35:03","date_gmt":"2026-04-07T14:35:03","guid":{"rendered":"https:\/\/noticiasmercedinas.com\/site\/?p=183600"},"modified":"2026-04-07T11:35:03","modified_gmt":"2026-04-07T14:35:03","slug":"emotiva-renueva-su-propuesta-para-abril-con-la-incorporacion-de-marcas-exclusivas-y-adelantos-de-invierno","status":"publish","type":"post","link":"https:\/\/noticiasmercedinas.com\/site\/2026\/04\/07\/emotiva-renueva-su-propuesta-para-abril-con-la-incorporacion-de-marcas-exclusivas-y-adelantos-de-invierno\/","title":{"rendered":"Emotiva renueva su propuesta para abril con la incorporaci\u00f3n de marcas exclusivas y adelantos de invierno"},"content":{"rendered":"<p data-path-to-node=\"3\"><img loading=\"lazy\" decoding=\"async\" class=\"alignnone size-full wp-image-183603\" src=\"https:\/\/noticiasmercedinas.com\/site\/wp-content\/uploads\/2026\/04\/WhatsApp-Image-2026-04-06-at-10.14.36-AM.jpeg\" alt=\"\" width=\"1600\" height=\"1200\" srcset=\"https:\/\/noticiasmercedinas.com\/site\/wp-content\/uploads\/2026\/04\/WhatsApp-Image-2026-04-06-at-10.14.36-AM.jpeg 1600w, https:\/\/noticiasmercedinas.com\/site\/wp-content\/uploads\/2026\/04\/WhatsApp-Image-2026-04-06-at-10.14.36-AM-300x225.jpeg 300w, https:\/\/noticiasmercedinas.com\/site\/wp-content\/uploads\/2026\/04\/WhatsApp-Image-2026-04-06-at-10.14.36-AM-1024x768.jpeg 1024w, https:\/\/noticiasmercedinas.com\/site\/wp-content\/uploads\/2026\/04\/WhatsApp-Image-2026-04-06-at-10.14.36-AM-768x576.jpeg 768w, https:\/\/noticiasmercedinas.com\/site\/wp-content\/uploads\/2026\/04\/WhatsApp-Image-2026-04-06-at-10.14.36-AM-1536x1152.jpeg 1536w, https:\/\/noticiasmercedinas.com\/site\/wp-content\/uploads\/2026\/04\/WhatsApp-Image-2026-04-06-at-10.14.36-AM-80x60.jpeg 80w, https:\/\/noticiasmercedinas.com\/site\/wp-content\/uploads\/2026\/04\/WhatsApp-Image-2026-04-06-at-10.14.36-AM-160x120.jpeg 160w, https:\/\/noticiasmercedinas.com\/site\/wp-content\/uploads\/2026\/04\/WhatsApp-Image-2026-04-06-at-10.14.36-AM-100x75.jpeg 100w, https:\/\/noticiasmercedinas.com\/site\/wp-content\/uploads\/2026\/04\/WhatsApp-Image-2026-04-06-at-10.14.36-AM-200x150.jpeg 200w, https:\/\/noticiasmercedinas.com\/site\/wp-content\/uploads\/2026\/04\/WhatsApp-Image-2026-04-06-at-10.14.36-AM-180x135.jpeg 180w, https:\/\/noticiasmercedinas.com\/site\/wp-content\/uploads\/2026\/04\/WhatsApp-Image-2026-04-06-at-10.14.36-AM-360x270.jpeg 360w, https:\/\/noticiasmercedinas.com\/site\/wp-content\/uploads\/2026\/04\/WhatsApp-Image-2026-04-06-at-10.14.36-AM-238x178.jpeg 238w, https:\/\/noticiasmercedinas.com\/site\/wp-content\/uploads\/2026\/04\/WhatsApp-Image-2026-04-06-at-10.14.36-AM-476x356.jpeg 476w, https:\/\/noticiasmercedinas.com\/site\/wp-content\/uploads\/2026\/04\/WhatsApp-Image-2026-04-06-at-10.14.36-AM-640x480.jpeg 640w, https:\/\/noticiasmercedinas.com\/site\/wp-content\/uploads\/2026\/04\/WhatsApp-Image-2026-04-06-at-10.14.36-AM-1280x960.jpeg 1280w, https:\/\/noticiasmercedinas.com\/site\/wp-content\/uploads\/2026\/04\/WhatsApp-Image-2026-04-06-at-10.14.36-AM-681x511.jpeg 681w, https:\/\/noticiasmercedinas.com\/site\/wp-content\/uploads\/2026\/04\/WhatsApp-Image-2026-04-06-at-10.14.36-AM-1362x1022.jpeg 1362w\" sizes=\"auto, (max-width: 1600px) 100vw, 1600px\" \/><\/p>\n<p data-path-to-node=\"3\">Tras una exitosa y llamativa vidriera de Pascuas, el local <b data-path-to-node=\"3\" data-index-in-node=\"58\">Emotiva<\/b> \u2014ubicado en calle 23 casi esquina 28\u2014 dio inicio oficial a la temporada de abril con una fuerte apuesta a la renovaci\u00f3n de su stock.<\/p>\n<p data-path-to-node=\"3\">La tienda, liderada por su propietaria <b data-path-to-node=\"3\" data-index-in-node=\"238\">Ivana<\/b>, anunci\u00f3 la incorporaci\u00f3n de dos firmas que prometen combinar tendencia, calidad y precios accesibles para el p\u00fablico mercedino.<\/p>\n<blockquote>\n<p data-path-to-node=\"1\">El reconocido local de calle 23 present\u00f3 su nueva colecci\u00f3n, destacando el regreso de \u00abSo Pink\u00bb en lencer\u00eda y el desembarco de \u00abKupert\u00bb en indumentaria deportiva. Variedad en prendas t\u00e9rmicas y pijamas de dise\u00f1o marcan la agenda del mes.<\/p>\n<\/blockquote>\n<p data-path-to-node=\"4\">La gran novedad en el segmento de descanso y ropa interior es la reincorporaci\u00f3n de <b data-path-to-node=\"4\" data-index-in-node=\"84\">So Pink<\/b>, una marca de dise\u00f1o joven que regresa al sal\u00f3n tras dos a\u00f1os. Con modelos que destacan por su est\u00e9tica cuidada y g\u00e9neros suaves, la firma busca complementar la ya amplia variedad de pijamas para hombres y mujeres que caracteriza al comercio.<\/p>\n<h3 data-path-to-node=\"5\">Apuesta al fitness y tiempo libre<\/h3>\n<p data-path-to-node=\"6\">En paralelo, Emotiva present\u00f3 la marca <b data-path-to-node=\"6\" data-index-in-node=\"39\">Kupert<\/b>, una l\u00ednea de ropa deportiva que se suma a la propuesta de este invierno 2026. Los nuevos conjuntos incluyen babuchas, calzas y buzos confeccionados con textiles de \u00faltima generaci\u00f3n, pensados tanto para la actividad f\u00edsica como para el uso diario bajo el concepto de \u00abconjuntos para todo el d\u00eda\u00bb.<\/p>\n<p data-path-to-node=\"7\">\u00abArrancamos el mes con dos marcas nuevas y dise\u00f1os muy lindos. Buscamos ofrecer prendas t\u00e9rmicas, camperas y conjuntos con g\u00e9neros novedosos que sean s\u00faper accesibles pero con la calidad excelente de siempre\u00bb, explicaron desde el establecimiento.<\/p>\n<p data-path-to-node=\"7\"><img loading=\"lazy\" decoding=\"async\" class=\"alignnone size-full wp-image-183602\" src=\"https:\/\/noticiasmercedinas.com\/site\/wp-content\/uploads\/2026\/04\/WhatsApp-Image-2026-04-06-at-10.14.38-AM.jpeg\" alt=\"\" width=\"1200\" height=\"1600\" srcset=\"https:\/\/noticiasmercedinas.com\/site\/wp-content\/uploads\/2026\/04\/WhatsApp-Image-2026-04-06-at-10.14.38-AM.jpeg 1200w, https:\/\/noticiasmercedinas.com\/site\/wp-content\/uploads\/2026\/04\/WhatsApp-Image-2026-04-06-at-10.14.38-AM-225x300.jpeg 225w, https:\/\/noticiasmercedinas.com\/site\/wp-content\/uploads\/2026\/04\/WhatsApp-Image-2026-04-06-at-10.14.38-AM-768x1024.jpeg 768w, https:\/\/noticiasmercedinas.com\/site\/wp-content\/uploads\/2026\/04\/WhatsApp-Image-2026-04-06-at-10.14.38-AM-1152x1536.jpeg 1152w, https:\/\/noticiasmercedinas.com\/site\/wp-content\/uploads\/2026\/04\/WhatsApp-Image-2026-04-06-at-10.14.38-AM-640x853.jpeg 640w, https:\/\/noticiasmercedinas.com\/site\/wp-content\/uploads\/2026\/04\/WhatsApp-Image-2026-04-06-at-10.14.38-AM-681x908.jpeg 681w\" sizes=\"auto, (max-width: 1200px) 100vw, 1200px\" \/><\/p>\n<h3 data-path-to-node=\"8\">Preparados para el fr\u00edo<\/h3>\n<p data-path-to-node=\"9\">Anticip\u00e1ndose a las bajas temperaturas, la tienda ya exhibe su <b data-path-to-node=\"9\" data-index-in-node=\"63\">colecci\u00f3n completa de invierno<\/b>, que incluye:<\/p>\n<ul>\n<li data-path-to-node=\"10,0,0\"><b data-path-to-node=\"10,0,0\" data-index-in-node=\"0\">Prendas t\u00e9rmicas:<\/b> Camisetas y calzas fundamentales para la primera capa.<\/li>\n<li data-path-to-node=\"10,1,0\"><b data-path-to-node=\"10,1,0\" data-index-in-node=\"0\">L\u00ednea de abrigo:<\/b> Buzos, camperas y las esperadas batas de peluche.<\/li>\n<li data-path-to-node=\"10,2,0\"><b data-path-to-node=\"10,2,0\" data-index-in-node=\"0\">Pijamas y enteritos:<\/b> Variedad de talles y motivos tanto cl\u00e1sicos como infantiles\/juveniles.<\/li>\n<\/ul>\n<h3 data-path-to-node=\"11\">Facilidades y contacto<\/h3>\n<p data-path-to-node=\"12\">Consolidado como un referente de la moda \u00edntima en la ciudad, Emotiva mantiene sus pol\u00edticas de beneficios para el consumidor, incluyendo descuentos especiales por pago en efectivo o transferencia. Adem\u00e1s, ofrece financiaci\u00f3n sin inter\u00e9s a trav\u00e9s de convenios con entidades como <b data-path-to-node=\"12\" data-index-in-node=\"279\">Banco de La Pampa, Santander, Cr\u00e9dito F\u00e9rtil y Fullcard<\/b>.<\/p>\n<p data-path-to-node=\"13\">Para conocer los nuevos modelos de <b data-path-to-node=\"13\" data-index-in-node=\"35\">So Pink<\/b>, <b data-path-to-node=\"13\" data-index-in-node=\"44\">Kupert<\/b> y las l\u00edneas tradicionales, las interesadas pueden acercarse al local en calle 23 o seguir las actualizaciones diarias en su perfil de Instagram: <b data-path-to-node=\"13\" data-index-in-node=\"197\"><a class=\"ng-star-inserted\" href=\"https:\/\/www.instagram.com\/ivanaemotiva\" target=\"_blank\" rel=\"noopener\" data-hveid=\"0\" data-ved=\"0CAAQ_4QMahgKEwiNouXnwtuTAxUAAAAAHQAAAAAQxwE\">@ivanaemotiva<\/a><\/b>.<\/p>\n<blockquote data-path-to-node=\"15\">\n<p data-path-to-node=\"15,0\">La tienda cuenta con una amplia curva de talles (habitualmente del 1 al 6), garantizando opciones para todos los cuerpos en sus dos niveles de sal\u00f3n de ventas.<\/p>\n<\/blockquote>\n<p data-path-to-node=\"15,0\"><img loading=\"lazy\" decoding=\"async\" class=\"alignnone size-full wp-image-183601\" src=\"https:\/\/noticiasmercedinas.com\/site\/wp-content\/uploads\/2026\/04\/WhatsApp-Image-2026-04-06-at-10.14.38-AM-1.jpeg\" alt=\"\" width=\"1200\" height=\"1600\" srcset=\"https:\/\/noticiasmercedinas.com\/site\/wp-content\/uploads\/2026\/04\/WhatsApp-Image-2026-04-06-at-10.14.38-AM-1.jpeg 1200w, https:\/\/noticiasmercedinas.com\/site\/wp-content\/uploads\/2026\/04\/WhatsApp-Image-2026-04-06-at-10.14.38-AM-1-225x300.jpeg 225w, https:\/\/noticiasmercedinas.com\/site\/wp-content\/uploads\/2026\/04\/WhatsApp-Image-2026-04-06-at-10.14.38-AM-1-768x1024.jpeg 768w, https:\/\/noticiasmercedinas.com\/site\/wp-content\/uploads\/2026\/04\/WhatsApp-Image-2026-04-06-at-10.14.38-AM-1-1152x1536.jpeg 1152w, https:\/\/noticiasmercedinas.com\/site\/wp-content\/uploads\/2026\/04\/WhatsApp-Image-2026-04-06-at-10.14.38-AM-1-640x853.jpeg 640w, https:\/\/noticiasmercedinas.com\/site\/wp-content\/uploads\/2026\/04\/WhatsApp-Image-2026-04-06-at-10.14.38-AM-1-681x908.jpeg 681w\" sizes=\"auto, (max-width: 1200px) 100vw, 1200px\" \/><\/p>\n","protected":false},"excerpt":{"rendered":"<p>Tras una exitosa y llamativa vidriera de Pascuas, el local Emotiva \u2014ubicado en calle 23 casi esquina 28\u2014 dio inicio oficial a la temporada de abril con una fuerte apuesta a la renovaci\u00f3n de su stock. La tienda, liderada por su propietaria Ivana, anunci\u00f3 la incorporaci\u00f3n de dos firmas que prometen combinar tendencia, calidad y [&hellip;]<\/p>\n","protected":false},"author":16,"featured_media":183603,"comment_status":"closed","ping_status":"closed","sticky":false,"template":"","format":"standard","meta":{"footnotes":""},"categories":[74],"tags":[1356,1371,1355,1353,1358],"class_list":["post-183600","post","type-post","status-publish","format-standard","has-post-thumbnail","hentry","category-emprendimientos","tag-emotiva","tag-pijamas","tag-ropa-deportiva","tag-ropa-interior","tag-so-pink"],"yoast_head":"<!-- This site is optimized with the Yoast SEO plugin v27.5 - https:\/\/yoast.com\/product\/yoast-seo-wordpress\/ -->\n<title>Emotiva renueva su propuesta para abril con la incorporaci\u00f3n de marcas exclusivas y adelantos de invierno<\/title>\n<meta name=\"description\" content=\"El reconocido local de calle 23 present\u00f3 su nueva colecci\u00f3n, destacando el regreso de &quot;So Pink&quot; en lencer\u00eda y el desembarco de &quot;Kupert&quot; en indumentaria deportiva. Variedad en prendas t\u00e9rmicas y pijamas de dise\u00f1o marcan la agenda del mes.\" \/>\n<meta name=\"robots\" content=\"index, follow, max-snippet:-1, max-image-preview:large, max-video-preview:-1\" \/>\n<link rel=\"canonical\" href=\"https:\/\/noticiasmercedinas.com\/site\/2026\/04\/07\/emotiva-renueva-su-propuesta-para-abril-con-la-incorporacion-de-marcas-exclusivas-y-adelantos-de-invierno\/\" \/>\n<meta property=\"og:locale\" content=\"es_ES\" \/>\n<meta property=\"og:type\" content=\"article\" \/>\n<meta property=\"og:title\" content=\"Emotiva renueva su propuesta para abril con la incorporaci\u00f3n de marcas exclusivas y adelantos de invierno\" \/>\n<meta property=\"og:description\" content=\"El reconocido local de calle 23 present\u00f3 su nueva colecci\u00f3n, destacando el regreso de &quot;So Pink&quot; en lencer\u00eda y el desembarco de &quot;Kupert&quot; en indumentaria deportiva. Variedad en prendas t\u00e9rmicas y pijamas de dise\u00f1o marcan la agenda del mes.\" \/>\n<meta property=\"og:url\" content=\"https:\/\/noticiasmercedinas.com\/site\/2026\/04\/07\/emotiva-renueva-su-propuesta-para-abril-con-la-incorporacion-de-marcas-exclusivas-y-adelantos-de-invierno\/\" \/>\n<meta property=\"og:site_name\" content=\"NOTICIASMERCEDINAS.COM\" \/>\n<meta property=\"article:publisher\" content=\"https:\/\/www.facebook.com\/noticiasmercedinas\/\" \/>\n<meta property=\"article:published_time\" content=\"2026-04-07T14:35:03+00:00\" \/>\n<meta property=\"og:image\" content=\"https:\/\/noticiasmercedinas.com\/site\/wp-content\/uploads\/2026\/04\/WhatsApp-Image-2026-04-06-at-10.14.36-AM.jpeg\" \/>\n\t<meta property=\"og:image:width\" content=\"1600\" \/>\n\t<meta property=\"og:image:height\" content=\"1200\" \/>\n\t<meta property=\"og:image:type\" content=\"image\/jpeg\" \/>\n<meta name=\"author\" content=\"NOTICIASMERCEDINAS.COM\" \/>\n<meta name=\"twitter:card\" content=\"summary_large_image\" \/>\n<meta name=\"twitter:creator\" content=\"@notmercedinas\" \/>\n<meta name=\"twitter:site\" content=\"@notmercedinas\" \/>\n<meta name=\"twitter:label1\" content=\"Escrito por\" \/>\n\t<meta name=\"twitter:data1\" content=\"NOTICIASMERCEDINAS.COM\" \/>\n\t<meta name=\"twitter:label2\" content=\"Tiempo de lectura\" \/>\n\t<meta name=\"twitter:data2\" content=\"3 minutos\" \/>\n<script type=\"application\/ld+json\" class=\"yoast-schema-graph\">{\"@context\":\"https:\\\/\\\/schema.org\",\"@graph\":[{\"@type\":\"Article\",\"@id\":\"https:\\\/\\\/noticiasmercedinas.com\\\/site\\\/2026\\\/04\\\/07\\\/emotiva-renueva-su-propuesta-para-abril-con-la-incorporacion-de-marcas-exclusivas-y-adelantos-de-invierno\\\/#article\",\"isPartOf\":{\"@id\":\"https:\\\/\\\/noticiasmercedinas.com\\\/site\\\/2026\\\/04\\\/07\\\/emotiva-renueva-su-propuesta-para-abril-con-la-incorporacion-de-marcas-exclusivas-y-adelantos-de-invierno\\\/\"},\"author\":{\"name\":\"NOTICIASMERCEDINAS.COM\",\"@id\":\"https:\\\/\\\/noticiasmercedinas.com\\\/site\\\/#\\\/schema\\\/person\\\/84b59c099c28ff2e8b77d4ceec5d8063\"},\"headline\":\"Emotiva renueva su propuesta para abril con la incorporaci\u00f3n de marcas exclusivas y adelantos de invierno\",\"datePublished\":\"2026-04-07T14:35:03+00:00\",\"mainEntityOfPage\":{\"@id\":\"https:\\\/\\\/noticiasmercedinas.com\\\/site\\\/2026\\\/04\\\/07\\\/emotiva-renueva-su-propuesta-para-abril-con-la-incorporacion-de-marcas-exclusivas-y-adelantos-de-invierno\\\/\"},\"wordCount\":470,\"publisher\":{\"@id\":\"https:\\\/\\\/noticiasmercedinas.com\\\/site\\\/#organization\"},\"image\":{\"@id\":\"https:\\\/\\\/noticiasmercedinas.com\\\/site\\\/2026\\\/04\\\/07\\\/emotiva-renueva-su-propuesta-para-abril-con-la-incorporacion-de-marcas-exclusivas-y-adelantos-de-invierno\\\/#primaryimage\"},\"thumbnailUrl\":\"https:\\\/\\\/noticiasmercedinas.com\\\/site\\\/wp-content\\\/uploads\\\/2026\\\/04\\\/WhatsApp-Image-2026-04-06-at-10.14.36-AM.jpeg\",\"keywords\":[\"emotiva\",\"pijamas\",\"ropa deportiva\",\"ropa interior\",\"so pink\"],\"articleSection\":[\"Emprendimientos\"],\"inLanguage\":\"es\"},{\"@type\":\"WebPage\",\"@id\":\"https:\\\/\\\/noticiasmercedinas.com\\\/site\\\/2026\\\/04\\\/07\\\/emotiva-renueva-su-propuesta-para-abril-con-la-incorporacion-de-marcas-exclusivas-y-adelantos-de-invierno\\\/\",\"url\":\"https:\\\/\\\/noticiasmercedinas.com\\\/site\\\/2026\\\/04\\\/07\\\/emotiva-renueva-su-propuesta-para-abril-con-la-incorporacion-de-marcas-exclusivas-y-adelantos-de-invierno\\\/\",\"name\":\"Emotiva renueva su propuesta para abril con la incorporaci\u00f3n de marcas exclusivas y adelantos de invierno\",\"isPartOf\":{\"@id\":\"https:\\\/\\\/noticiasmercedinas.com\\\/site\\\/#website\"},\"primaryImageOfPage\":{\"@id\":\"https:\\\/\\\/noticiasmercedinas.com\\\/site\\\/2026\\\/04\\\/07\\\/emotiva-renueva-su-propuesta-para-abril-con-la-incorporacion-de-marcas-exclusivas-y-adelantos-de-invierno\\\/#primaryimage\"},\"image\":{\"@id\":\"https:\\\/\\\/noticiasmercedinas.com\\\/site\\\/2026\\\/04\\\/07\\\/emotiva-renueva-su-propuesta-para-abril-con-la-incorporacion-de-marcas-exclusivas-y-adelantos-de-invierno\\\/#primaryimage\"},\"thumbnailUrl\":\"https:\\\/\\\/noticiasmercedinas.com\\\/site\\\/wp-content\\\/uploads\\\/2026\\\/04\\\/WhatsApp-Image-2026-04-06-at-10.14.36-AM.jpeg\",\"datePublished\":\"2026-04-07T14:35:03+00:00\",\"description\":\"El reconocido local de calle 23 present\u00f3 su nueva colecci\u00f3n, destacando el regreso de \\\"So Pink\\\" en lencer\u00eda y el desembarco de \\\"Kupert\\\" en indumentaria deportiva. Variedad en prendas t\u00e9rmicas y pijamas de dise\u00f1o marcan la agenda del mes.\",\"breadcrumb\":{\"@id\":\"https:\\\/\\\/noticiasmercedinas.com\\\/site\\\/2026\\\/04\\\/07\\\/emotiva-renueva-su-propuesta-para-abril-con-la-incorporacion-de-marcas-exclusivas-y-adelantos-de-invierno\\\/#breadcrumb\"},\"inLanguage\":\"es\",\"potentialAction\":[{\"@type\":\"ReadAction\",\"target\":[\"https:\\\/\\\/noticiasmercedinas.com\\\/site\\\/2026\\\/04\\\/07\\\/emotiva-renueva-su-propuesta-para-abril-con-la-incorporacion-de-marcas-exclusivas-y-adelantos-de-invierno\\\/\"]}]},{\"@type\":\"ImageObject\",\"inLanguage\":\"es\",\"@id\":\"https:\\\/\\\/noticiasmercedinas.com\\\/site\\\/2026\\\/04\\\/07\\\/emotiva-renueva-su-propuesta-para-abril-con-la-incorporacion-de-marcas-exclusivas-y-adelantos-de-invierno\\\/#primaryimage\",\"url\":\"https:\\\/\\\/noticiasmercedinas.com\\\/site\\\/wp-content\\\/uploads\\\/2026\\\/04\\\/WhatsApp-Image-2026-04-06-at-10.14.36-AM.jpeg\",\"contentUrl\":\"https:\\\/\\\/noticiasmercedinas.com\\\/site\\\/wp-content\\\/uploads\\\/2026\\\/04\\\/WhatsApp-Image-2026-04-06-at-10.14.36-AM.jpeg\",\"width\":1600,\"height\":1200},{\"@type\":\"BreadcrumbList\",\"@id\":\"https:\\\/\\\/noticiasmercedinas.com\\\/site\\\/2026\\\/04\\\/07\\\/emotiva-renueva-su-propuesta-para-abril-con-la-incorporacion-de-marcas-exclusivas-y-adelantos-de-invierno\\\/#breadcrumb\",\"itemListElement\":[{\"@type\":\"ListItem\",\"position\":1,\"name\":\"Portada\",\"item\":\"https:\\\/\\\/noticiasmercedinas.com\\\/site\\\/\"},{\"@type\":\"ListItem\",\"position\":2,\"name\":\"Emotiva renueva su propuesta para abril con la incorporaci\u00f3n de marcas exclusivas y adelantos de invierno\"}]},{\"@type\":\"WebSite\",\"@id\":\"https:\\\/\\\/noticiasmercedinas.com\\\/site\\\/#website\",\"url\":\"https:\\\/\\\/noticiasmercedinas.com\\\/site\\\/\",\"name\":\"NOTICIASMERCEDINAS.COM\",\"description\":\"Mercedes, Buenos Aires, Argentina\",\"publisher\":{\"@id\":\"https:\\\/\\\/noticiasmercedinas.com\\\/site\\\/#organization\"},\"potentialAction\":[{\"@type\":\"SearchAction\",\"target\":{\"@type\":\"EntryPoint\",\"urlTemplate\":\"https:\\\/\\\/noticiasmercedinas.com\\\/site\\\/?s={search_term_string}\"},\"query-input\":{\"@type\":\"PropertyValueSpecification\",\"valueRequired\":true,\"valueName\":\"search_term_string\"}}],\"inLanguage\":\"es\"},{\"@type\":\"Organization\",\"@id\":\"https:\\\/\\\/noticiasmercedinas.com\\\/site\\\/#organization\",\"name\":\"NOTICIASMERCEDINAS.COM\",\"url\":\"https:\\\/\\\/noticiasmercedinas.com\\\/site\\\/\",\"logo\":{\"@type\":\"ImageObject\",\"inLanguage\":\"es\",\"@id\":\"https:\\\/\\\/noticiasmercedinas.com\\\/site\\\/#\\\/schema\\\/logo\\\/image\\\/\",\"url\":\"https:\\\/\\\/noticiasmercedinas.com\\\/site\\\/wp-content\\\/uploads\\\/2020\\\/06\\\/LOGO-512.jpg\",\"contentUrl\":\"https:\\\/\\\/noticiasmercedinas.com\\\/site\\\/wp-content\\\/uploads\\\/2020\\\/06\\\/LOGO-512.jpg\",\"width\":512,\"height\":512,\"caption\":\"NOTICIASMERCEDINAS.COM\"},\"image\":{\"@id\":\"https:\\\/\\\/noticiasmercedinas.com\\\/site\\\/#\\\/schema\\\/logo\\\/image\\\/\"},\"sameAs\":[\"https:\\\/\\\/www.facebook.com\\\/noticiasmercedinas\\\/\",\"https:\\\/\\\/x.com\\\/notmercedinas\",\"https:\\\/\\\/www.instagram.com\\\/noticiasmercedinas\\\/\"]},{\"@type\":\"Person\",\"@id\":\"https:\\\/\\\/noticiasmercedinas.com\\\/site\\\/#\\\/schema\\\/person\\\/84b59c099c28ff2e8b77d4ceec5d8063\",\"name\":\"NOTICIASMERCEDINAS.COM\",\"image\":{\"@type\":\"ImageObject\",\"inLanguage\":\"es\",\"@id\":\"https:\\\/\\\/secure.gravatar.com\\\/avatar\\\/4dfbf16b4d17945bfb6341b2d19043457132fcf478a5ee04f42e959fd8f5df0a?s=96&d=mm&r=g\",\"url\":\"https:\\\/\\\/secure.gravatar.com\\\/avatar\\\/4dfbf16b4d17945bfb6341b2d19043457132fcf478a5ee04f42e959fd8f5df0a?s=96&d=mm&r=g\",\"contentUrl\":\"https:\\\/\\\/secure.gravatar.com\\\/avatar\\\/4dfbf16b4d17945bfb6341b2d19043457132fcf478a5ee04f42e959fd8f5df0a?s=96&d=mm&r=g\",\"caption\":\"NOTICIASMERCEDINAS.COM\"},\"url\":\"https:\\\/\\\/noticiasmercedinas.com\\\/site\\\/author\\\/anonimo\\\/\"}]}<\/script>\n<!-- \/ Yoast SEO plugin. -->","yoast_head_json":{"title":"Emotiva renueva su propuesta para abril con la incorporaci\u00f3n de marcas exclusivas y adelantos de invierno","description":"El reconocido local de calle 23 present\u00f3 su nueva colecci\u00f3n, destacando el regreso de \"So Pink\" en lencer\u00eda y el desembarco de \"Kupert\" en indumentaria deportiva. Variedad en prendas t\u00e9rmicas y pijamas de dise\u00f1o marcan la agenda del mes.","robots":{"index":"index","follow":"follow","max-snippet":"max-snippet:-1","max-image-preview":"max-image-preview:large","max-video-preview":"max-video-preview:-1"},"canonical":"https:\/\/noticiasmercedinas.com\/site\/2026\/04\/07\/emotiva-renueva-su-propuesta-para-abril-con-la-incorporacion-de-marcas-exclusivas-y-adelantos-de-invierno\/","og_locale":"es_ES","og_type":"article","og_title":"Emotiva renueva su propuesta para abril con la incorporaci\u00f3n de marcas exclusivas y adelantos de invierno","og_description":"El reconocido local de calle 23 present\u00f3 su nueva colecci\u00f3n, destacando el regreso de \"So Pink\" en lencer\u00eda y el desembarco de \"Kupert\" en indumentaria deportiva. Variedad en prendas t\u00e9rmicas y pijamas de dise\u00f1o marcan la agenda del mes.","og_url":"https:\/\/noticiasmercedinas.com\/site\/2026\/04\/07\/emotiva-renueva-su-propuesta-para-abril-con-la-incorporacion-de-marcas-exclusivas-y-adelantos-de-invierno\/","og_site_name":"NOTICIASMERCEDINAS.COM","article_publisher":"https:\/\/www.facebook.com\/noticiasmercedinas\/","article_published_time":"2026-04-07T14:35:03+00:00","og_image":[{"width":1600,"height":1200,"url":"https:\/\/noticiasmercedinas.com\/site\/wp-content\/uploads\/2026\/04\/WhatsApp-Image-2026-04-06-at-10.14.36-AM.jpeg","type":"image\/jpeg"}],"author":"NOTICIASMERCEDINAS.COM","twitter_card":"summary_large_image","twitter_creator":"@notmercedinas","twitter_site":"@notmercedinas","twitter_misc":{"Escrito por":"NOTICIASMERCEDINAS.COM","Tiempo de lectura":"3 minutos"},"schema":{"@context":"https:\/\/schema.org","@graph":[{"@type":"Article","@id":"https:\/\/noticiasmercedinas.com\/site\/2026\/04\/07\/emotiva-renueva-su-propuesta-para-abril-con-la-incorporacion-de-marcas-exclusivas-y-adelantos-de-invierno\/#article","isPartOf":{"@id":"https:\/\/noticiasmercedinas.com\/site\/2026\/04\/07\/emotiva-renueva-su-propuesta-para-abril-con-la-incorporacion-de-marcas-exclusivas-y-adelantos-de-invierno\/"},"author":{"name":"NOTICIASMERCEDINAS.COM","@id":"https:\/\/noticiasmercedinas.com\/site\/#\/schema\/person\/84b59c099c28ff2e8b77d4ceec5d8063"},"headline":"Emotiva renueva su propuesta para abril con la incorporaci\u00f3n de marcas exclusivas y adelantos de invierno","datePublished":"2026-04-07T14:35:03+00:00","mainEntityOfPage":{"@id":"https:\/\/noticiasmercedinas.com\/site\/2026\/04\/07\/emotiva-renueva-su-propuesta-para-abril-con-la-incorporacion-de-marcas-exclusivas-y-adelantos-de-invierno\/"},"wordCount":470,"publisher":{"@id":"https:\/\/noticiasmercedinas.com\/site\/#organization"},"image":{"@id":"https:\/\/noticiasmercedinas.com\/site\/2026\/04\/07\/emotiva-renueva-su-propuesta-para-abril-con-la-incorporacion-de-marcas-exclusivas-y-adelantos-de-invierno\/#primaryimage"},"thumbnailUrl":"https:\/\/noticiasmercedinas.com\/site\/wp-content\/uploads\/2026\/04\/WhatsApp-Image-2026-04-06-at-10.14.36-AM.jpeg","keywords":["emotiva","pijamas","ropa deportiva","ropa interior","so pink"],"articleSection":["Emprendimientos"],"inLanguage":"es"},{"@type":"WebPage","@id":"https:\/\/noticiasmercedinas.com\/site\/2026\/04\/07\/emotiva-renueva-su-propuesta-para-abril-con-la-incorporacion-de-marcas-exclusivas-y-adelantos-de-invierno\/","url":"https:\/\/noticiasmercedinas.com\/site\/2026\/04\/07\/emotiva-renueva-su-propuesta-para-abril-con-la-incorporacion-de-marcas-exclusivas-y-adelantos-de-invierno\/","name":"Emotiva renueva su propuesta para abril con la incorporaci\u00f3n de marcas exclusivas y adelantos de invierno","isPartOf":{"@id":"https:\/\/noticiasmercedinas.com\/site\/#website"},"primaryImageOfPage":{"@id":"https:\/\/noticiasmercedinas.com\/site\/2026\/04\/07\/emotiva-renueva-su-propuesta-para-abril-con-la-incorporacion-de-marcas-exclusivas-y-adelantos-de-invierno\/#primaryimage"},"image":{"@id":"https:\/\/noticiasmercedinas.com\/site\/2026\/04\/07\/emotiva-renueva-su-propuesta-para-abril-con-la-incorporacion-de-marcas-exclusivas-y-adelantos-de-invierno\/#primaryimage"},"thumbnailUrl":"https:\/\/noticiasmercedinas.com\/site\/wp-content\/uploads\/2026\/04\/WhatsApp-Image-2026-04-06-at-10.14.36-AM.jpeg","datePublished":"2026-04-07T14:35:03+00:00","description":"El reconocido local de calle 23 present\u00f3 su nueva colecci\u00f3n, destacando el regreso de \"So Pink\" en lencer\u00eda y el desembarco de \"Kupert\" en indumentaria deportiva. Variedad en prendas t\u00e9rmicas y pijamas de dise\u00f1o marcan la agenda del mes.","breadcrumb":{"@id":"https:\/\/noticiasmercedinas.com\/site\/2026\/04\/07\/emotiva-renueva-su-propuesta-para-abril-con-la-incorporacion-de-marcas-exclusivas-y-adelantos-de-invierno\/#breadcrumb"},"inLanguage":"es","potentialAction":[{"@type":"ReadAction","target":["https:\/\/noticiasmercedinas.com\/site\/2026\/04\/07\/emotiva-renueva-su-propuesta-para-abril-con-la-incorporacion-de-marcas-exclusivas-y-adelantos-de-invierno\/"]}]},{"@type":"ImageObject","inLanguage":"es","@id":"https:\/\/noticiasmercedinas.com\/site\/2026\/04\/07\/emotiva-renueva-su-propuesta-para-abril-con-la-incorporacion-de-marcas-exclusivas-y-adelantos-de-invierno\/#primaryimage","url":"https:\/\/noticiasmercedinas.com\/site\/wp-content\/uploads\/2026\/04\/WhatsApp-Image-2026-04-06-at-10.14.36-AM.jpeg","contentUrl":"https:\/\/noticiasmercedinas.com\/site\/wp-content\/uploads\/2026\/04\/WhatsApp-Image-2026-04-06-at-10.14.36-AM.jpeg","width":1600,"height":1200},{"@type":"BreadcrumbList","@id":"https:\/\/noticiasmercedinas.com\/site\/2026\/04\/07\/emotiva-renueva-su-propuesta-para-abril-con-la-incorporacion-de-marcas-exclusivas-y-adelantos-de-invierno\/#breadcrumb","itemListElement":[{"@type":"ListItem","position":1,"name":"Portada","item":"https:\/\/noticiasmercedinas.com\/site\/"},{"@type":"ListItem","position":2,"name":"Emotiva renueva su propuesta para abril con la incorporaci\u00f3n de marcas exclusivas y adelantos de invierno"}]},{"@type":"WebSite","@id":"https:\/\/noticiasmercedinas.com\/site\/#website","url":"https:\/\/noticiasmercedinas.com\/site\/","name":"NOTICIASMERCEDINAS.COM","description":"Mercedes, Buenos Aires, Argentina","publisher":{"@id":"https:\/\/noticiasmercedinas.com\/site\/#organization"},"potentialAction":[{"@type":"SearchAction","target":{"@type":"EntryPoint","urlTemplate":"https:\/\/noticiasmercedinas.com\/site\/?s={search_term_string}"},"query-input":{"@type":"PropertyValueSpecification","valueRequired":true,"valueName":"search_term_string"}}],"inLanguage":"es"},{"@type":"Organization","@id":"https:\/\/noticiasmercedinas.com\/site\/#organization","name":"NOTICIASMERCEDINAS.COM","url":"https:\/\/noticiasmercedinas.com\/site\/","logo":{"@type":"ImageObject","inLanguage":"es","@id":"https:\/\/noticiasmercedinas.com\/site\/#\/schema\/logo\/image\/","url":"https:\/\/noticiasmercedinas.com\/site\/wp-content\/uploads\/2020\/06\/LOGO-512.jpg","contentUrl":"https:\/\/noticiasmercedinas.com\/site\/wp-content\/uploads\/2020\/06\/LOGO-512.jpg","width":512,"height":512,"caption":"NOTICIASMERCEDINAS.COM"},"image":{"@id":"https:\/\/noticiasmercedinas.com\/site\/#\/schema\/logo\/image\/"},"sameAs":["https:\/\/www.facebook.com\/noticiasmercedinas\/","https:\/\/x.com\/notmercedinas","https:\/\/www.instagram.com\/noticiasmercedinas\/"]},{"@type":"Person","@id":"https:\/\/noticiasmercedinas.com\/site\/#\/schema\/person\/84b59c099c28ff2e8b77d4ceec5d8063","name":"NOTICIASMERCEDINAS.COM","image":{"@type":"ImageObject","inLanguage":"es","@id":"https:\/\/secure.gravatar.com\/avatar\/4dfbf16b4d17945bfb6341b2d19043457132fcf478a5ee04f42e959fd8f5df0a?s=96&d=mm&r=g","url":"https:\/\/secure.gravatar.com\/avatar\/4dfbf16b4d17945bfb6341b2d19043457132fcf478a5ee04f42e959fd8f5df0a?s=96&d=mm&r=g","contentUrl":"https:\/\/secure.gravatar.com\/avatar\/4dfbf16b4d17945bfb6341b2d19043457132fcf478a5ee04f42e959fd8f5df0a?s=96&d=mm&r=g","caption":"NOTICIASMERCEDINAS.COM"},"url":"https:\/\/noticiasmercedinas.com\/site\/author\/anonimo\/"}]}},"amp_enabled":true,"_links":{"self":[{"href":"https:\/\/noticiasmercedinas.com\/site\/wp-json\/wp\/v2\/posts\/183600","targetHints":{"allow":["GET"]}}],"collection":[{"href":"https:\/\/noticiasmercedinas.com\/site\/wp-json\/wp\/v2\/posts"}],"about":[{"href":"https:\/\/noticiasmercedinas.com\/site\/wp-json\/wp\/v2\/types\/post"}],"author":[{"embeddable":true,"href":"https:\/\/noticiasmercedinas.com\/site\/wp-json\/wp\/v2\/users\/16"}],"replies":[{"embeddable":true,"href":"https:\/\/noticiasmercedinas.com\/site\/wp-json\/wp\/v2\/comments?post=183600"}],"version-history":[{"count":1,"href":"https:\/\/noticiasmercedinas.com\/site\/wp-json\/wp\/v2\/posts\/183600\/revisions"}],"predecessor-version":[{"id":183604,"href":"https:\/\/noticiasmercedinas.com\/site\/wp-json\/wp\/v2\/posts\/183600\/revisions\/183604"}],"wp:featuredmedia":[{"embeddable":true,"href":"https:\/\/noticiasmercedinas.com\/site\/wp-json\/wp\/v2\/media\/183603"}],"wp:attachment":[{"href":"https:\/\/noticiasmercedinas.com\/site\/wp-json\/wp\/v2\/media?parent=183600"}],"wp:term":[{"taxonomy":"category","embeddable":true,"href":"https:\/\/noticiasmercedinas.com\/site\/wp-json\/wp\/v2\/categories?post=183600"},{"taxonomy":"post_tag","embeddable":true,"href":"https:\/\/noticiasmercedinas.com\/site\/wp-json\/wp\/v2\/tags?post=183600"}],"curies":[{"name":"wp","href":"https:\/\/api.w.org\/{rel}","templated":true}]}}