{"id":183653,"date":"2026-04-07T20:20:27","date_gmt":"2026-04-07T23:20:27","guid":{"rendered":"https:\/\/noticiasmercedinas.com\/site\/?p=183653"},"modified":"2026-04-07T20:20:53","modified_gmt":"2026-04-07T23:20:53","slug":"mariana-san-martin-recibio-a-empresarias-mercedinas-que-representaran-al-pais-en-paris","status":"publish","type":"post","link":"https:\/\/noticiasmercedinas.com\/site\/2026\/04\/07\/mariana-san-martin-recibio-a-empresarias-mercedinas-que-representaran-al-pais-en-paris\/","title":{"rendered":"Mariana San Mart\u00edn recibi\u00f3 a empresarias mercedinas que representar\u00e1n al pa\u00eds en Par\u00eds"},"content":{"rendered":"<p data-path-to-node=\"0\"><img loading=\"lazy\" decoding=\"async\" class=\"alignnone size-full wp-image-183655\" src=\"https:\/\/noticiasmercedinas.com\/site\/wp-content\/uploads\/2026\/04\/sanm.jpg\" alt=\"\" width=\"849\" height=\"607\" srcset=\"https:\/\/noticiasmercedinas.com\/site\/wp-content\/uploads\/2026\/04\/sanm.jpg 849w, https:\/\/noticiasmercedinas.com\/site\/wp-content\/uploads\/2026\/04\/sanm-300x214.jpg 300w, https:\/\/noticiasmercedinas.com\/site\/wp-content\/uploads\/2026\/04\/sanm-768x549.jpg 768w, https:\/\/noticiasmercedinas.com\/site\/wp-content\/uploads\/2026\/04\/sanm-640x458.jpg 640w, https:\/\/noticiasmercedinas.com\/site\/wp-content\/uploads\/2026\/04\/sanm-681x487.jpg 681w\" sizes=\"auto, (max-width: 849px) 100vw, 849px\" \/><\/p>\n<p data-path-to-node=\"5\">En un encuentro cargado de simbolismo institucional y proyecci\u00f3n productiva, la presidenta del Honorable Concejo Deliberante, <b data-path-to-node=\"5\" data-index-in-node=\"144\">Mariana San Mart\u00edn<\/b>, recibi\u00f3 formalmente a las empresarias locales <b data-path-to-node=\"5\" data-index-in-node=\"210\">Natalia Facciolo<\/b> y <b data-path-to-node=\"5\" data-index-in-node=\"229\">Fernanda Pozzi<\/b>.<\/p>\n<p data-path-to-node=\"5\">Ambas mercedinas forman parte de la delegaci\u00f3n oficial que <a href=\"https:\/\/noticiasmercedinas.com\/site\/2026\/04\/01\/de-mercedes-a-paris-dos-empresarias-locales-integran-una-mision-estrategica-de-inmersion-en-francia\/\">viajar\u00e1 a Francia para participar de la <b data-path-to-node=\"5\" data-index-in-node=\"344\">Misi\u00f3n de Inmersi\u00f3n Empresarial a Par\u00eds<\/b><\/a>, un evento clave para la internacionalizaci\u00f3n de las pymes argentinas.<\/p>\n<p data-path-to-node=\"6\">Durante la reuni\u00f3n, San Mart\u00edn hizo entrega de una <b data-path-to-node=\"6\" data-index-in-node=\"51\">bandera de la ciudad de Mercedes<\/b>, con el objetivo de que las representantes locales la lleven como insignia de identidad durante sus actividades en territorio europeo.<\/p>\n<p data-path-to-node=\"6\">\u00abEs un orgullo acompa\u00f1ar a quienes, con trabajo y talento, impulsan el desarrollo productivo de nuestra ciudad y abren nuevos caminos\u00bb, expres\u00f3 la titular del cuerpo legislativo.<\/p>\n<h3 data-path-to-node=\"7\">Liderazgo mercedino en Europa<\/h3>\n<p data-path-to-node=\"8\">La comitiva internacional est\u00e1 encabezada por <b data-path-to-node=\"8\" data-index-in-node=\"46\">Natalia Facciolo<\/b>, quien asiste en su doble rol de empresaria local y presidenta de <b data-path-to-node=\"8\" data-index-in-node=\"129\">Mujeres Empresarias de la Federaci\u00f3n Econ\u00f3mica de la Provincia de Buenos Aires (MEFEBA)<\/b>. Por su parte, <b data-path-to-node=\"8\" data-index-in-node=\"232\">Fernanda Pozzi<\/b> integra la misi\u00f3n como referente de la hist\u00f3rica <b data-path-to-node=\"8\" data-index-in-node=\"296\">Pulper\u00eda \u00abCacho Di Catarina\u00bb<\/b>, demostrando la capacidad de los negocios tradicionales mercedinos para proyectarse en mercados globales.<\/p>\n<p data-path-to-node=\"9\">La misi\u00f3n cuenta con el respaldo t\u00e9cnico del <i data-path-to-node=\"9\" data-index-in-node=\"45\">ALFA Business Forum Argentine\u2013France<\/i> y busca fortalecer los lazos comerciales entre la provincia de Buenos Aires y el ecosistema corporativo franc\u00e9s.<\/p>\n<h3 data-path-to-node=\"10\">Una agenda de alto impacto en Par\u00eds<\/h3>\n<p data-path-to-node=\"11\">El viaje de inmersi\u00f3n no solo representa un hito para las empresarias, sino tambi\u00e9n para la econom\u00eda regional de Mercedes. Entre las actividades principales de la delegaci\u00f3n se destacan:<\/p>\n<p data-path-to-node=\"12,0,0\"><b data-path-to-node=\"12,0,0\" data-index-in-node=\"0\">Vinculaci\u00f3n Institucional:<\/b> Reuniones con c\u00e1maras de comercio y redes empresariales europeas de primer nivel.<\/p>\n<p data-path-to-node=\"12,1,0\"><b data-path-to-node=\"12,1,0\" data-index-in-node=\"0\">Networking Estrat\u00e9gico:<\/b> Contacto directo con inversores y socios potenciales en Francia.<\/p>\n<p data-path-to-node=\"12,2,0\"><b data-path-to-node=\"12,2,0\" data-index-in-node=\"0\">Formaci\u00f3n:<\/b> Participaci\u00f3n en conferencias sobre tendencias de mercado y nuevas tecnolog\u00edas de gesti\u00f3n.<\/p>\n<h3 data-path-to-node=\"13\">El rol de la mujer en el desarrollo productivo<\/h3>\n<p data-path-to-node=\"14\">La presidenta del Concejo Deliberante subray\u00f3 la importancia de fomentar que m\u00e1s mujeres ocupen roles protag\u00f3nicos en la econom\u00eda local. \u00abSeguimos apostando a mujeres que hacen crecer a nuestra comunidad con mirada de futuro\u00bb, concluy\u00f3 San Mart\u00edn.<\/p>\n<p data-path-to-node=\"15\">Desde MEFEBA, Facciolo destac\u00f3 que este puente entre Argentina y Francia es un logro colectivo que busca generar un \u00abefecto derrame\u00bb en las econom\u00edas regionales, posicionando a Mercedes como un polo de talento y compromiso empresarial en el escenario internacional.<\/p>\n<p data-path-to-node=\"17,0\">La misi\u00f3n cuenta con el acompa\u00f1amiento de figuras internacionales como Florence Pinot, presidenta del ALFA Business Forum, y la coordinaci\u00f3n t\u00e9cnica de Lisa Ocampo.<\/p>\n<p data-path-to-node=\"17,0\"><img loading=\"lazy\" decoding=\"async\" class=\"alignnone size-full wp-image-183654\" src=\"https:\/\/noticiasmercedinas.com\/site\/wp-content\/uploads\/2026\/04\/sanm1.jpg\" alt=\"\" width=\"876\" height=\"653\" srcset=\"https:\/\/noticiasmercedinas.com\/site\/wp-content\/uploads\/2026\/04\/sanm1.jpg 876w, https:\/\/noticiasmercedinas.com\/site\/wp-content\/uploads\/2026\/04\/sanm1-300x224.jpg 300w, https:\/\/noticiasmercedinas.com\/site\/wp-content\/uploads\/2026\/04\/sanm1-768x572.jpg 768w, https:\/\/noticiasmercedinas.com\/site\/wp-content\/uploads\/2026\/04\/sanm1-80x60.jpg 80w, https:\/\/noticiasmercedinas.com\/site\/wp-content\/uploads\/2026\/04\/sanm1-160x120.jpg 160w, https:\/\/noticiasmercedinas.com\/site\/wp-content\/uploads\/2026\/04\/sanm1-100x75.jpg 100w, https:\/\/noticiasmercedinas.com\/site\/wp-content\/uploads\/2026\/04\/sanm1-200x150.jpg 200w, https:\/\/noticiasmercedinas.com\/site\/wp-content\/uploads\/2026\/04\/sanm1-180x135.jpg 180w, https:\/\/noticiasmercedinas.com\/site\/wp-content\/uploads\/2026\/04\/sanm1-238x178.jpg 238w, https:\/\/noticiasmercedinas.com\/site\/wp-content\/uploads\/2026\/04\/sanm1-476x356.jpg 476w, https:\/\/noticiasmercedinas.com\/site\/wp-content\/uploads\/2026\/04\/sanm1-640x477.jpg 640w, https:\/\/noticiasmercedinas.com\/site\/wp-content\/uploads\/2026\/04\/sanm1-681x508.jpg 681w\" sizes=\"auto, (max-width: 876px) 100vw, 876px\" \/><\/p>\n","protected":false},"excerpt":{"rendered":"<p>\u25a0\u00a0La presidenta del Concejo Deliberante destac\u00f3 el talento local de Natalia Facciolo y Fernanda Pozzi, quienes integran una misi\u00f3n de negocios estrat\u00e9gica en Francia para potenciar la producci\u00f3n bonaerense.<\/p>\n","protected":false},"author":16,"featured_media":183655,"comment_status":"closed","ping_status":"closed","sticky":false,"template":"","format":"standard","meta":{"footnotes":""},"categories":[16],"tags":[243,156],"class_list":["post-183653","post","type-post","status-publish","format-standard","has-post-thumbnail","hentry","category-politica","tag-concejo-deliberante","tag-mariana-san-martin"],"yoast_head":"<!-- This site is optimized with the Yoast SEO plugin v27.4 - https:\/\/yoast.com\/product\/yoast-seo-wordpress\/ -->\n<title>Mariana San Mart\u00edn recibi\u00f3 a empresarias mercedinas que representar\u00e1n al pa\u00eds en Par\u00eds<\/title>\n<meta name=\"description\" content=\"\u25a0\u00a0La presidenta del Concejo Deliberante destac\u00f3 el talento local de Natalia Facciolo y Fernanda Pozzi, quienes integran una misi\u00f3n de negocios estrat\u00e9gica en Francia para potenciar la producci\u00f3n bonaerense.\" \/>\n<meta name=\"robots\" content=\"index, follow, max-snippet:-1, max-image-preview:large, max-video-preview:-1\" \/>\n<link rel=\"canonical\" href=\"https:\/\/noticiasmercedinas.com\/site\/2026\/04\/07\/mariana-san-martin-recibio-a-empresarias-mercedinas-que-representaran-al-pais-en-paris\/\" \/>\n<meta property=\"og:locale\" content=\"es_ES\" \/>\n<meta property=\"og:type\" content=\"article\" \/>\n<meta property=\"og:title\" content=\"Mariana San Mart\u00edn recibi\u00f3 a empresarias mercedinas que representar\u00e1n al pa\u00eds en Par\u00eds\" \/>\n<meta property=\"og:description\" content=\"\u25a0\u00a0La presidenta del Concejo Deliberante destac\u00f3 el talento local de Natalia Facciolo y Fernanda Pozzi, quienes integran una misi\u00f3n de negocios estrat\u00e9gica en Francia para potenciar la producci\u00f3n bonaerense.\" \/>\n<meta property=\"og:url\" content=\"https:\/\/noticiasmercedinas.com\/site\/2026\/04\/07\/mariana-san-martin-recibio-a-empresarias-mercedinas-que-representaran-al-pais-en-paris\/\" \/>\n<meta property=\"og:site_name\" content=\"NOTICIASMERCEDINAS.COM\" \/>\n<meta property=\"article:publisher\" content=\"https:\/\/www.facebook.com\/noticiasmercedinas\/\" \/>\n<meta property=\"article:published_time\" content=\"2026-04-07T23:20:27+00:00\" \/>\n<meta property=\"article:modified_time\" content=\"2026-04-07T23:20:53+00:00\" \/>\n<meta property=\"og:image\" content=\"https:\/\/noticiasmercedinas.com\/site\/wp-content\/uploads\/2026\/04\/sanm.jpg\" \/>\n\t<meta property=\"og:image:width\" content=\"849\" \/>\n\t<meta property=\"og:image:height\" content=\"607\" \/>\n\t<meta property=\"og:image:type\" content=\"image\/jpeg\" \/>\n<meta name=\"author\" content=\"NOTICIASMERCEDINAS.COM\" \/>\n<meta name=\"twitter:card\" content=\"summary_large_image\" \/>\n<meta name=\"twitter:creator\" content=\"@notmercedinas\" \/>\n<meta name=\"twitter:site\" content=\"@notmercedinas\" \/>\n<meta name=\"twitter:label1\" content=\"Escrito por\" \/>\n\t<meta name=\"twitter:data1\" content=\"NOTICIASMERCEDINAS.COM\" \/>\n\t<meta name=\"twitter:label2\" content=\"Tiempo de lectura\" \/>\n\t<meta name=\"twitter:data2\" content=\"3 minutos\" \/>\n<script type=\"application\/ld+json\" class=\"yoast-schema-graph\">{\"@context\":\"https:\\\/\\\/schema.org\",\"@graph\":[{\"@type\":\"Article\",\"@id\":\"https:\\\/\\\/noticiasmercedinas.com\\\/site\\\/2026\\\/04\\\/07\\\/mariana-san-martin-recibio-a-empresarias-mercedinas-que-representaran-al-pais-en-paris\\\/#article\",\"isPartOf\":{\"@id\":\"https:\\\/\\\/noticiasmercedinas.com\\\/site\\\/2026\\\/04\\\/07\\\/mariana-san-martin-recibio-a-empresarias-mercedinas-que-representaran-al-pais-en-paris\\\/\"},\"author\":{\"name\":\"NOTICIASMERCEDINAS.COM\",\"@id\":\"https:\\\/\\\/noticiasmercedinas.com\\\/site\\\/#\\\/schema\\\/person\\\/84b59c099c28ff2e8b77d4ceec5d8063\"},\"headline\":\"Mariana San Mart\u00edn recibi\u00f3 a empresarias mercedinas que representar\u00e1n al pa\u00eds en Par\u00eds\",\"datePublished\":\"2026-04-07T23:20:27+00:00\",\"dateModified\":\"2026-04-07T23:20:53+00:00\",\"mainEntityOfPage\":{\"@id\":\"https:\\\/\\\/noticiasmercedinas.com\\\/site\\\/2026\\\/04\\\/07\\\/mariana-san-martin-recibio-a-empresarias-mercedinas-que-representaran-al-pais-en-paris\\\/\"},\"wordCount\":461,\"publisher\":{\"@id\":\"https:\\\/\\\/noticiasmercedinas.com\\\/site\\\/#organization\"},\"image\":{\"@id\":\"https:\\\/\\\/noticiasmercedinas.com\\\/site\\\/2026\\\/04\\\/07\\\/mariana-san-martin-recibio-a-empresarias-mercedinas-que-representaran-al-pais-en-paris\\\/#primaryimage\"},\"thumbnailUrl\":\"https:\\\/\\\/noticiasmercedinas.com\\\/site\\\/wp-content\\\/uploads\\\/2026\\\/04\\\/sanm.jpg\",\"keywords\":[\"concejo deliberante\",\"mariana san martin\"],\"articleSection\":[\"Politica\"],\"inLanguage\":\"es\"},{\"@type\":\"WebPage\",\"@id\":\"https:\\\/\\\/noticiasmercedinas.com\\\/site\\\/2026\\\/04\\\/07\\\/mariana-san-martin-recibio-a-empresarias-mercedinas-que-representaran-al-pais-en-paris\\\/\",\"url\":\"https:\\\/\\\/noticiasmercedinas.com\\\/site\\\/2026\\\/04\\\/07\\\/mariana-san-martin-recibio-a-empresarias-mercedinas-que-representaran-al-pais-en-paris\\\/\",\"name\":\"Mariana San Mart\u00edn recibi\u00f3 a empresarias mercedinas que representar\u00e1n al pa\u00eds en Par\u00eds\",\"isPartOf\":{\"@id\":\"https:\\\/\\\/noticiasmercedinas.com\\\/site\\\/#website\"},\"primaryImageOfPage\":{\"@id\":\"https:\\\/\\\/noticiasmercedinas.com\\\/site\\\/2026\\\/04\\\/07\\\/mariana-san-martin-recibio-a-empresarias-mercedinas-que-representaran-al-pais-en-paris\\\/#primaryimage\"},\"image\":{\"@id\":\"https:\\\/\\\/noticiasmercedinas.com\\\/site\\\/2026\\\/04\\\/07\\\/mariana-san-martin-recibio-a-empresarias-mercedinas-que-representaran-al-pais-en-paris\\\/#primaryimage\"},\"thumbnailUrl\":\"https:\\\/\\\/noticiasmercedinas.com\\\/site\\\/wp-content\\\/uploads\\\/2026\\\/04\\\/sanm.jpg\",\"datePublished\":\"2026-04-07T23:20:27+00:00\",\"dateModified\":\"2026-04-07T23:20:53+00:00\",\"description\":\"\u25a0\u00a0La presidenta del Concejo Deliberante destac\u00f3 el talento local de Natalia Facciolo y Fernanda Pozzi, quienes integran una misi\u00f3n de negocios estrat\u00e9gica en Francia para potenciar la producci\u00f3n bonaerense.\",\"breadcrumb\":{\"@id\":\"https:\\\/\\\/noticiasmercedinas.com\\\/site\\\/2026\\\/04\\\/07\\\/mariana-san-martin-recibio-a-empresarias-mercedinas-que-representaran-al-pais-en-paris\\\/#breadcrumb\"},\"inLanguage\":\"es\",\"potentialAction\":[{\"@type\":\"ReadAction\",\"target\":[\"https:\\\/\\\/noticiasmercedinas.com\\\/site\\\/2026\\\/04\\\/07\\\/mariana-san-martin-recibio-a-empresarias-mercedinas-que-representaran-al-pais-en-paris\\\/\"]}]},{\"@type\":\"ImageObject\",\"inLanguage\":\"es\",\"@id\":\"https:\\\/\\\/noticiasmercedinas.com\\\/site\\\/2026\\\/04\\\/07\\\/mariana-san-martin-recibio-a-empresarias-mercedinas-que-representaran-al-pais-en-paris\\\/#primaryimage\",\"url\":\"https:\\\/\\\/noticiasmercedinas.com\\\/site\\\/wp-content\\\/uploads\\\/2026\\\/04\\\/sanm.jpg\",\"contentUrl\":\"https:\\\/\\\/noticiasmercedinas.com\\\/site\\\/wp-content\\\/uploads\\\/2026\\\/04\\\/sanm.jpg\",\"width\":849,\"height\":607},{\"@type\":\"BreadcrumbList\",\"@id\":\"https:\\\/\\\/noticiasmercedinas.com\\\/site\\\/2026\\\/04\\\/07\\\/mariana-san-martin-recibio-a-empresarias-mercedinas-que-representaran-al-pais-en-paris\\\/#breadcrumb\",\"itemListElement\":[{\"@type\":\"ListItem\",\"position\":1,\"name\":\"Portada\",\"item\":\"https:\\\/\\\/noticiasmercedinas.com\\\/site\\\/\"},{\"@type\":\"ListItem\",\"position\":2,\"name\":\"Mariana San Mart\u00edn recibi\u00f3 a empresarias mercedinas que representar\u00e1n al pa\u00eds en Par\u00eds\"}]},{\"@type\":\"WebSite\",\"@id\":\"https:\\\/\\\/noticiasmercedinas.com\\\/site\\\/#website\",\"url\":\"https:\\\/\\\/noticiasmercedinas.com\\\/site\\\/\",\"name\":\"NOTICIASMERCEDINAS.COM\",\"description\":\"Mercedes, Buenos Aires, Argentina\",\"publisher\":{\"@id\":\"https:\\\/\\\/noticiasmercedinas.com\\\/site\\\/#organization\"},\"potentialAction\":[{\"@type\":\"SearchAction\",\"target\":{\"@type\":\"EntryPoint\",\"urlTemplate\":\"https:\\\/\\\/noticiasmercedinas.com\\\/site\\\/?s={search_term_string}\"},\"query-input\":{\"@type\":\"PropertyValueSpecification\",\"valueRequired\":true,\"valueName\":\"search_term_string\"}}],\"inLanguage\":\"es\"},{\"@type\":\"Organization\",\"@id\":\"https:\\\/\\\/noticiasmercedinas.com\\\/site\\\/#organization\",\"name\":\"NOTICIASMERCEDINAS.COM\",\"url\":\"https:\\\/\\\/noticiasmercedinas.com\\\/site\\\/\",\"logo\":{\"@type\":\"ImageObject\",\"inLanguage\":\"es\",\"@id\":\"https:\\\/\\\/noticiasmercedinas.com\\\/site\\\/#\\\/schema\\\/logo\\\/image\\\/\",\"url\":\"https:\\\/\\\/noticiasmercedinas.com\\\/site\\\/wp-content\\\/uploads\\\/2020\\\/06\\\/LOGO-512.jpg\",\"contentUrl\":\"https:\\\/\\\/noticiasmercedinas.com\\\/site\\\/wp-content\\\/uploads\\\/2020\\\/06\\\/LOGO-512.jpg\",\"width\":512,\"height\":512,\"caption\":\"NOTICIASMERCEDINAS.COM\"},\"image\":{\"@id\":\"https:\\\/\\\/noticiasmercedinas.com\\\/site\\\/#\\\/schema\\\/logo\\\/image\\\/\"},\"sameAs\":[\"https:\\\/\\\/www.facebook.com\\\/noticiasmercedinas\\\/\",\"https:\\\/\\\/x.com\\\/notmercedinas\",\"https:\\\/\\\/www.instagram.com\\\/noticiasmercedinas\\\/\"]},{\"@type\":\"Person\",\"@id\":\"https:\\\/\\\/noticiasmercedinas.com\\\/site\\\/#\\\/schema\\\/person\\\/84b59c099c28ff2e8b77d4ceec5d8063\",\"name\":\"NOTICIASMERCEDINAS.COM\",\"image\":{\"@type\":\"ImageObject\",\"inLanguage\":\"es\",\"@id\":\"https:\\\/\\\/secure.gravatar.com\\\/avatar\\\/4dfbf16b4d17945bfb6341b2d19043457132fcf478a5ee04f42e959fd8f5df0a?s=96&d=mm&r=g\",\"url\":\"https:\\\/\\\/secure.gravatar.com\\\/avatar\\\/4dfbf16b4d17945bfb6341b2d19043457132fcf478a5ee04f42e959fd8f5df0a?s=96&d=mm&r=g\",\"contentUrl\":\"https:\\\/\\\/secure.gravatar.com\\\/avatar\\\/4dfbf16b4d17945bfb6341b2d19043457132fcf478a5ee04f42e959fd8f5df0a?s=96&d=mm&r=g\",\"caption\":\"NOTICIASMERCEDINAS.COM\"},\"url\":\"https:\\\/\\\/noticiasmercedinas.com\\\/site\\\/author\\\/anonimo\\\/\"}]}<\/script>\n<!-- \/ Yoast SEO plugin. -->","yoast_head_json":{"title":"Mariana San Mart\u00edn recibi\u00f3 a empresarias mercedinas que representar\u00e1n al pa\u00eds en Par\u00eds","description":"\u25a0\u00a0La presidenta del Concejo Deliberante destac\u00f3 el talento local de Natalia Facciolo y Fernanda Pozzi, quienes integran una misi\u00f3n de negocios estrat\u00e9gica en Francia para potenciar la producci\u00f3n bonaerense.","robots":{"index":"index","follow":"follow","max-snippet":"max-snippet:-1","max-image-preview":"max-image-preview:large","max-video-preview":"max-video-preview:-1"},"canonical":"https:\/\/noticiasmercedinas.com\/site\/2026\/04\/07\/mariana-san-martin-recibio-a-empresarias-mercedinas-que-representaran-al-pais-en-paris\/","og_locale":"es_ES","og_type":"article","og_title":"Mariana San Mart\u00edn recibi\u00f3 a empresarias mercedinas que representar\u00e1n al pa\u00eds en Par\u00eds","og_description":"\u25a0\u00a0La presidenta del Concejo Deliberante destac\u00f3 el talento local de Natalia Facciolo y Fernanda Pozzi, quienes integran una misi\u00f3n de negocios estrat\u00e9gica en Francia para potenciar la producci\u00f3n bonaerense.","og_url":"https:\/\/noticiasmercedinas.com\/site\/2026\/04\/07\/mariana-san-martin-recibio-a-empresarias-mercedinas-que-representaran-al-pais-en-paris\/","og_site_name":"NOTICIASMERCEDINAS.COM","article_publisher":"https:\/\/www.facebook.com\/noticiasmercedinas\/","article_published_time":"2026-04-07T23:20:27+00:00","article_modified_time":"2026-04-07T23:20:53+00:00","og_image":[{"width":849,"height":607,"url":"https:\/\/noticiasmercedinas.com\/site\/wp-content\/uploads\/2026\/04\/sanm.jpg","type":"image\/jpeg"}],"author":"NOTICIASMERCEDINAS.COM","twitter_card":"summary_large_image","twitter_creator":"@notmercedinas","twitter_site":"@notmercedinas","twitter_misc":{"Escrito por":"NOTICIASMERCEDINAS.COM","Tiempo de lectura":"3 minutos"},"schema":{"@context":"https:\/\/schema.org","@graph":[{"@type":"Article","@id":"https:\/\/noticiasmercedinas.com\/site\/2026\/04\/07\/mariana-san-martin-recibio-a-empresarias-mercedinas-que-representaran-al-pais-en-paris\/#article","isPartOf":{"@id":"https:\/\/noticiasmercedinas.com\/site\/2026\/04\/07\/mariana-san-martin-recibio-a-empresarias-mercedinas-que-representaran-al-pais-en-paris\/"},"author":{"name":"NOTICIASMERCEDINAS.COM","@id":"https:\/\/noticiasmercedinas.com\/site\/#\/schema\/person\/84b59c099c28ff2e8b77d4ceec5d8063"},"headline":"Mariana San Mart\u00edn recibi\u00f3 a empresarias mercedinas que representar\u00e1n al pa\u00eds en Par\u00eds","datePublished":"2026-04-07T23:20:27+00:00","dateModified":"2026-04-07T23:20:53+00:00","mainEntityOfPage":{"@id":"https:\/\/noticiasmercedinas.com\/site\/2026\/04\/07\/mariana-san-martin-recibio-a-empresarias-mercedinas-que-representaran-al-pais-en-paris\/"},"wordCount":461,"publisher":{"@id":"https:\/\/noticiasmercedinas.com\/site\/#organization"},"image":{"@id":"https:\/\/noticiasmercedinas.com\/site\/2026\/04\/07\/mariana-san-martin-recibio-a-empresarias-mercedinas-que-representaran-al-pais-en-paris\/#primaryimage"},"thumbnailUrl":"https:\/\/noticiasmercedinas.com\/site\/wp-content\/uploads\/2026\/04\/sanm.jpg","keywords":["concejo deliberante","mariana san martin"],"articleSection":["Politica"],"inLanguage":"es"},{"@type":"WebPage","@id":"https:\/\/noticiasmercedinas.com\/site\/2026\/04\/07\/mariana-san-martin-recibio-a-empresarias-mercedinas-que-representaran-al-pais-en-paris\/","url":"https:\/\/noticiasmercedinas.com\/site\/2026\/04\/07\/mariana-san-martin-recibio-a-empresarias-mercedinas-que-representaran-al-pais-en-paris\/","name":"Mariana San Mart\u00edn recibi\u00f3 a empresarias mercedinas que representar\u00e1n al pa\u00eds en Par\u00eds","isPartOf":{"@id":"https:\/\/noticiasmercedinas.com\/site\/#website"},"primaryImageOfPage":{"@id":"https:\/\/noticiasmercedinas.com\/site\/2026\/04\/07\/mariana-san-martin-recibio-a-empresarias-mercedinas-que-representaran-al-pais-en-paris\/#primaryimage"},"image":{"@id":"https:\/\/noticiasmercedinas.com\/site\/2026\/04\/07\/mariana-san-martin-recibio-a-empresarias-mercedinas-que-representaran-al-pais-en-paris\/#primaryimage"},"thumbnailUrl":"https:\/\/noticiasmercedinas.com\/site\/wp-content\/uploads\/2026\/04\/sanm.jpg","datePublished":"2026-04-07T23:20:27+00:00","dateModified":"2026-04-07T23:20:53+00:00","description":"\u25a0\u00a0La presidenta del Concejo Deliberante destac\u00f3 el talento local de Natalia Facciolo y Fernanda Pozzi, quienes integran una misi\u00f3n de negocios estrat\u00e9gica en Francia para potenciar la producci\u00f3n bonaerense.","breadcrumb":{"@id":"https:\/\/noticiasmercedinas.com\/site\/2026\/04\/07\/mariana-san-martin-recibio-a-empresarias-mercedinas-que-representaran-al-pais-en-paris\/#breadcrumb"},"inLanguage":"es","potentialAction":[{"@type":"ReadAction","target":["https:\/\/noticiasmercedinas.com\/site\/2026\/04\/07\/mariana-san-martin-recibio-a-empresarias-mercedinas-que-representaran-al-pais-en-paris\/"]}]},{"@type":"ImageObject","inLanguage":"es","@id":"https:\/\/noticiasmercedinas.com\/site\/2026\/04\/07\/mariana-san-martin-recibio-a-empresarias-mercedinas-que-representaran-al-pais-en-paris\/#primaryimage","url":"https:\/\/noticiasmercedinas.com\/site\/wp-content\/uploads\/2026\/04\/sanm.jpg","contentUrl":"https:\/\/noticiasmercedinas.com\/site\/wp-content\/uploads\/2026\/04\/sanm.jpg","width":849,"height":607},{"@type":"BreadcrumbList","@id":"https:\/\/noticiasmercedinas.com\/site\/2026\/04\/07\/mariana-san-martin-recibio-a-empresarias-mercedinas-que-representaran-al-pais-en-paris\/#breadcrumb","itemListElement":[{"@type":"ListItem","position":1,"name":"Portada","item":"https:\/\/noticiasmercedinas.com\/site\/"},{"@type":"ListItem","position":2,"name":"Mariana San Mart\u00edn recibi\u00f3 a empresarias mercedinas que representar\u00e1n al pa\u00eds en Par\u00eds"}]},{"@type":"WebSite","@id":"https:\/\/noticiasmercedinas.com\/site\/#website","url":"https:\/\/noticiasmercedinas.com\/site\/","name":"NOTICIASMERCEDINAS.COM","description":"Mercedes, Buenos Aires, Argentina","publisher":{"@id":"https:\/\/noticiasmercedinas.com\/site\/#organization"},"potentialAction":[{"@type":"SearchAction","target":{"@type":"EntryPoint","urlTemplate":"https:\/\/noticiasmercedinas.com\/site\/?s={search_term_string}"},"query-input":{"@type":"PropertyValueSpecification","valueRequired":true,"valueName":"search_term_string"}}],"inLanguage":"es"},{"@type":"Organization","@id":"https:\/\/noticiasmercedinas.com\/site\/#organization","name":"NOTICIASMERCEDINAS.COM","url":"https:\/\/noticiasmercedinas.com\/site\/","logo":{"@type":"ImageObject","inLanguage":"es","@id":"https:\/\/noticiasmercedinas.com\/site\/#\/schema\/logo\/image\/","url":"https:\/\/noticiasmercedinas.com\/site\/wp-content\/uploads\/2020\/06\/LOGO-512.jpg","contentUrl":"https:\/\/noticiasmercedinas.com\/site\/wp-content\/uploads\/2020\/06\/LOGO-512.jpg","width":512,"height":512,"caption":"NOTICIASMERCEDINAS.COM"},"image":{"@id":"https:\/\/noticiasmercedinas.com\/site\/#\/schema\/logo\/image\/"},"sameAs":["https:\/\/www.facebook.com\/noticiasmercedinas\/","https:\/\/x.com\/notmercedinas","https:\/\/www.instagram.com\/noticiasmercedinas\/"]},{"@type":"Person","@id":"https:\/\/noticiasmercedinas.com\/site\/#\/schema\/person\/84b59c099c28ff2e8b77d4ceec5d8063","name":"NOTICIASMERCEDINAS.COM","image":{"@type":"ImageObject","inLanguage":"es","@id":"https:\/\/secure.gravatar.com\/avatar\/4dfbf16b4d17945bfb6341b2d19043457132fcf478a5ee04f42e959fd8f5df0a?s=96&d=mm&r=g","url":"https:\/\/secure.gravatar.com\/avatar\/4dfbf16b4d17945bfb6341b2d19043457132fcf478a5ee04f42e959fd8f5df0a?s=96&d=mm&r=g","contentUrl":"https:\/\/secure.gravatar.com\/avatar\/4dfbf16b4d17945bfb6341b2d19043457132fcf478a5ee04f42e959fd8f5df0a?s=96&d=mm&r=g","caption":"NOTICIASMERCEDINAS.COM"},"url":"https:\/\/noticiasmercedinas.com\/site\/author\/anonimo\/"}]}},"amp_enabled":true,"_links":{"self":[{"href":"https:\/\/noticiasmercedinas.com\/site\/wp-json\/wp\/v2\/posts\/183653","targetHints":{"allow":["GET"]}}],"collection":[{"href":"https:\/\/noticiasmercedinas.com\/site\/wp-json\/wp\/v2\/posts"}],"about":[{"href":"https:\/\/noticiasmercedinas.com\/site\/wp-json\/wp\/v2\/types\/post"}],"author":[{"embeddable":true,"href":"https:\/\/noticiasmercedinas.com\/site\/wp-json\/wp\/v2\/users\/16"}],"replies":[{"embeddable":true,"href":"https:\/\/noticiasmercedinas.com\/site\/wp-json\/wp\/v2\/comments?post=183653"}],"version-history":[{"count":2,"href":"https:\/\/noticiasmercedinas.com\/site\/wp-json\/wp\/v2\/posts\/183653\/revisions"}],"predecessor-version":[{"id":183657,"href":"https:\/\/noticiasmercedinas.com\/site\/wp-json\/wp\/v2\/posts\/183653\/revisions\/183657"}],"wp:featuredmedia":[{"embeddable":true,"href":"https:\/\/noticiasmercedinas.com\/site\/wp-json\/wp\/v2\/media\/183655"}],"wp:attachment":[{"href":"https:\/\/noticiasmercedinas.com\/site\/wp-json\/wp\/v2\/media?parent=183653"}],"wp:term":[{"taxonomy":"category","embeddable":true,"href":"https:\/\/noticiasmercedinas.com\/site\/wp-json\/wp\/v2\/categories?post=183653"},{"taxonomy":"post_tag","embeddable":true,"href":"https:\/\/noticiasmercedinas.com\/site\/wp-json\/wp\/v2\/tags?post=183653"}],"curies":[{"name":"wp","href":"https:\/\/api.w.org\/{rel}","templated":true}]}}