{"id":183679,"date":"2026-04-08T09:58:18","date_gmt":"2026-04-08T12:58:18","guid":{"rendered":"https:\/\/noticiasmercedinas.com\/site\/?p=183679"},"modified":"2026-04-08T10:23:47","modified_gmt":"2026-04-08T13:23:47","slug":"agrupacion-kicillofista-abre-su-local-partidario-en-16-y-9-este-jueves","status":"publish","type":"post","link":"https:\/\/noticiasmercedinas.com\/site\/2026\/04\/08\/agrupacion-kicillofista-abre-su-local-partidario-en-16-y-9-este-jueves\/","title":{"rendered":"Agrupaci\u00f3n Kicillofista abre su local partidario en 16 y 9  este jueves"},"content":{"rendered":"<p><img loading=\"lazy\" decoding=\"async\" class=\"alignnone size-full wp-image-112166\" src=\"https:\/\/noticiasmercedinas.com\/site\/wp-content\/uploads\/2023\/04\/Kicillof_Axel_mercedes_obras.jpeg\" alt=\"\" width=\"640\" height=\"426\" srcset=\"https:\/\/noticiasmercedinas.com\/site\/wp-content\/uploads\/2023\/04\/Kicillof_Axel_mercedes_obras.jpeg 640w, https:\/\/noticiasmercedinas.com\/site\/wp-content\/uploads\/2023\/04\/Kicillof_Axel_mercedes_obras-300x200.jpeg 300w\" sizes=\"auto, (max-width: 640px) 100vw, 640px\" \/><\/p>\n<p>En un contexto pol\u00edtico definido por la reorganizaci\u00f3n de las fuerzas territoriales, la agrupaci\u00f3n kicillofista EPIKA anunci\u00f3 la inauguraci\u00f3n de su nuevo local partidario en la ciudad de Mercedes.<\/p>\n<p>El evento tendr\u00e1 lugar este jueves 9 de abril a las 19:00 horas, marcando un hito en la expansi\u00f3n del Movimiento Derecho al Futuro (MDF) en la regi\u00f3n.<\/p>\n<p>La nueva sede, denominada Unidad B\u00e1sica \u00ab17 de Noviembre\u00bb, se encuentra ubicada en la intersecci\u00f3n de Calle 16 y 9. Seg\u00fan informaron desde la organizaci\u00f3n, este espacio busca constituirse como un centro de referencia para la militancia local, con un fuerte enfoque en la escucha vecinal y la construcci\u00f3n colectiva desde el territorio.<\/p>\n<p>\u00abEn tiempos de incertidumbre, el peronismo organiza y abraza\u00bb, expresaron los referentes de la agrupaci\u00f3n a trav\u00e9s de sus canales oficiales. El objetivo central de la apertura es fomentar la participaci\u00f3n ciudadana bajo la premisa de que \u00abnadie se salva solo y la comunidad es el camino\u00bb.<\/p>\n<p><strong>Alineaci\u00f3n pol\u00edtica y territorial<\/strong><\/p>\n<p>La est\u00e9tica y el mensaje del nuevo local refuerzan el alineamiento directo con la gesti\u00f3n del gobernador de la provincia de Buenos Aires, Axel Kicillof.<\/p>\n<p>La utilizaci\u00f3n de consignas como \u00abLucha para transformar\u00bb subraya la intenci\u00f3n de la agrupaci\u00f3n de mantener una presencia activa en el debate pol\u00edtico mercedino, en un momento donde las estructuras partidarias buscan fortalecer sus bases tras los \u00faltimos cambios en el escenario nacional.<\/p>\n<p>La convocatoria est\u00e1 abierta a toda la comunidad y se espera la presencia de dirigentes regionales y militantes del sector:<\/p>\n<ul>\n<li>Fecha: Jueves 9 de abril.<\/li>\n<li>Hora: 19:00 hs.<\/li>\n<li>Lugar: Calle 16 y 9, Mercedes.<\/li>\n<li>Identidad: Espacio EPIKA &#8211; Movimiento Derecho al Futuro.<\/li>\n<\/ul>\n","protected":false},"excerpt":{"rendered":"<p>\u25a0 Bajo la consigna \u00abUnidad para construir, lucha para transformar\u00bb, el espacio pol\u00edtico EPIKA inaugura la Unidad B\u00e1sica \u00ab17 de Noviembre\u00bb en Mercedes, consolidando el armado territorial del Movimiento Derecho al Futuro.<\/p>\n","protected":false},"author":16,"featured_media":112166,"comment_status":"closed","ping_status":"closed","sticky":false,"template":"","format":"standard","meta":{"footnotes":""},"categories":[16],"tags":[8568,5297,21628],"class_list":["post-183679","post","type-post","status-publish","format-standard","has-post-thumbnail","hentry","category-politica","tag-andrea-ricaldi","tag-axel-kicillof","tag-epika"],"yoast_head":"<!-- This site is optimized with the Yoast SEO plugin v27.5 - https:\/\/yoast.com\/product\/yoast-seo-wordpress\/ -->\n<title>Agrupaci\u00f3n Kicillofista abre su local partidario en 16 y 9 este jueves<\/title>\n<meta name=\"description\" content=\"Bajo la consigna &quot;Unidad para construir, lucha para transformar&quot;, el espacio pol\u00edtico EPIKA inaugura la Unidad B\u00e1sica &quot;17 de Noviembre&quot; en Mercedes, consolidando el armado territorial del Movimiento Derecho al Futuro.\" \/>\n<meta name=\"robots\" content=\"index, follow, max-snippet:-1, max-image-preview:large, max-video-preview:-1\" \/>\n<link rel=\"canonical\" href=\"https:\/\/noticiasmercedinas.com\/site\/2026\/04\/08\/agrupacion-kicillofista-abre-su-local-partidario-en-16-y-9-este-jueves\/\" \/>\n<meta property=\"og:locale\" content=\"es_ES\" \/>\n<meta property=\"og:type\" content=\"article\" \/>\n<meta property=\"og:title\" content=\"Agrupaci\u00f3n Kicillofista abre su local partidario en 16 y 9 este jueves\" \/>\n<meta property=\"og:description\" content=\"Bajo la consigna &quot;Unidad para construir, lucha para transformar&quot;, el espacio pol\u00edtico EPIKA inaugura la Unidad B\u00e1sica &quot;17 de Noviembre&quot; en Mercedes, consolidando el armado territorial del Movimiento Derecho al Futuro.\" \/>\n<meta property=\"og:url\" content=\"https:\/\/noticiasmercedinas.com\/site\/2026\/04\/08\/agrupacion-kicillofista-abre-su-local-partidario-en-16-y-9-este-jueves\/\" \/>\n<meta property=\"og:site_name\" content=\"NOTICIASMERCEDINAS.COM\" \/>\n<meta property=\"article:publisher\" content=\"https:\/\/www.facebook.com\/noticiasmercedinas\/\" \/>\n<meta property=\"article:published_time\" content=\"2026-04-08T12:58:18+00:00\" \/>\n<meta property=\"article:modified_time\" content=\"2026-04-08T13:23:47+00:00\" \/>\n<meta property=\"og:image\" content=\"https:\/\/noticiasmercedinas.com\/site\/wp-content\/uploads\/2023\/04\/Kicillof_Axel_mercedes_obras.jpeg\" \/>\n\t<meta property=\"og:image:width\" content=\"640\" \/>\n\t<meta property=\"og:image:height\" content=\"426\" \/>\n\t<meta property=\"og:image:type\" content=\"image\/jpeg\" \/>\n<meta name=\"author\" content=\"NOTICIASMERCEDINAS.COM\" \/>\n<meta name=\"twitter:card\" content=\"summary_large_image\" \/>\n<meta name=\"twitter:creator\" content=\"@notmercedinas\" \/>\n<meta name=\"twitter:site\" content=\"@notmercedinas\" \/>\n<meta name=\"twitter:label1\" content=\"Escrito por\" \/>\n\t<meta name=\"twitter:data1\" content=\"NOTICIASMERCEDINAS.COM\" \/>\n\t<meta name=\"twitter:label2\" content=\"Tiempo de lectura\" \/>\n\t<meta name=\"twitter:data2\" content=\"2 minutos\" \/>\n<script type=\"application\/ld+json\" class=\"yoast-schema-graph\">{\"@context\":\"https:\\\/\\\/schema.org\",\"@graph\":[{\"@type\":\"Article\",\"@id\":\"https:\\\/\\\/noticiasmercedinas.com\\\/site\\\/2026\\\/04\\\/08\\\/agrupacion-kicillofista-abre-su-local-partidario-en-16-y-9-este-jueves\\\/#article\",\"isPartOf\":{\"@id\":\"https:\\\/\\\/noticiasmercedinas.com\\\/site\\\/2026\\\/04\\\/08\\\/agrupacion-kicillofista-abre-su-local-partidario-en-16-y-9-este-jueves\\\/\"},\"author\":{\"name\":\"NOTICIASMERCEDINAS.COM\",\"@id\":\"https:\\\/\\\/noticiasmercedinas.com\\\/site\\\/#\\\/schema\\\/person\\\/84b59c099c28ff2e8b77d4ceec5d8063\"},\"headline\":\"Agrupaci\u00f3n Kicillofista abre su local partidario en 16 y 9 este jueves\",\"datePublished\":\"2026-04-08T12:58:18+00:00\",\"dateModified\":\"2026-04-08T13:23:47+00:00\",\"mainEntityOfPage\":{\"@id\":\"https:\\\/\\\/noticiasmercedinas.com\\\/site\\\/2026\\\/04\\\/08\\\/agrupacion-kicillofista-abre-su-local-partidario-en-16-y-9-este-jueves\\\/\"},\"wordCount\":295,\"publisher\":{\"@id\":\"https:\\\/\\\/noticiasmercedinas.com\\\/site\\\/#organization\"},\"image\":{\"@id\":\"https:\\\/\\\/noticiasmercedinas.com\\\/site\\\/2026\\\/04\\\/08\\\/agrupacion-kicillofista-abre-su-local-partidario-en-16-y-9-este-jueves\\\/#primaryimage\"},\"thumbnailUrl\":\"https:\\\/\\\/noticiasmercedinas.com\\\/site\\\/wp-content\\\/uploads\\\/2023\\\/04\\\/Kicillof_Axel_mercedes_obras.jpeg\",\"keywords\":[\"Andrea Ricaldi\",\"axel kicillof\",\"epika\"],\"articleSection\":[\"Politica\"],\"inLanguage\":\"es\"},{\"@type\":\"WebPage\",\"@id\":\"https:\\\/\\\/noticiasmercedinas.com\\\/site\\\/2026\\\/04\\\/08\\\/agrupacion-kicillofista-abre-su-local-partidario-en-16-y-9-este-jueves\\\/\",\"url\":\"https:\\\/\\\/noticiasmercedinas.com\\\/site\\\/2026\\\/04\\\/08\\\/agrupacion-kicillofista-abre-su-local-partidario-en-16-y-9-este-jueves\\\/\",\"name\":\"Agrupaci\u00f3n Kicillofista abre su local partidario en 16 y 9 este jueves\",\"isPartOf\":{\"@id\":\"https:\\\/\\\/noticiasmercedinas.com\\\/site\\\/#website\"},\"primaryImageOfPage\":{\"@id\":\"https:\\\/\\\/noticiasmercedinas.com\\\/site\\\/2026\\\/04\\\/08\\\/agrupacion-kicillofista-abre-su-local-partidario-en-16-y-9-este-jueves\\\/#primaryimage\"},\"image\":{\"@id\":\"https:\\\/\\\/noticiasmercedinas.com\\\/site\\\/2026\\\/04\\\/08\\\/agrupacion-kicillofista-abre-su-local-partidario-en-16-y-9-este-jueves\\\/#primaryimage\"},\"thumbnailUrl\":\"https:\\\/\\\/noticiasmercedinas.com\\\/site\\\/wp-content\\\/uploads\\\/2023\\\/04\\\/Kicillof_Axel_mercedes_obras.jpeg\",\"datePublished\":\"2026-04-08T12:58:18+00:00\",\"dateModified\":\"2026-04-08T13:23:47+00:00\",\"description\":\"Bajo la consigna \\\"Unidad para construir, lucha para transformar\\\", el espacio pol\u00edtico EPIKA inaugura la Unidad B\u00e1sica \\\"17 de Noviembre\\\" en Mercedes, consolidando el armado territorial del Movimiento Derecho al Futuro.\",\"breadcrumb\":{\"@id\":\"https:\\\/\\\/noticiasmercedinas.com\\\/site\\\/2026\\\/04\\\/08\\\/agrupacion-kicillofista-abre-su-local-partidario-en-16-y-9-este-jueves\\\/#breadcrumb\"},\"inLanguage\":\"es\",\"potentialAction\":[{\"@type\":\"ReadAction\",\"target\":[\"https:\\\/\\\/noticiasmercedinas.com\\\/site\\\/2026\\\/04\\\/08\\\/agrupacion-kicillofista-abre-su-local-partidario-en-16-y-9-este-jueves\\\/\"]}]},{\"@type\":\"ImageObject\",\"inLanguage\":\"es\",\"@id\":\"https:\\\/\\\/noticiasmercedinas.com\\\/site\\\/2026\\\/04\\\/08\\\/agrupacion-kicillofista-abre-su-local-partidario-en-16-y-9-este-jueves\\\/#primaryimage\",\"url\":\"https:\\\/\\\/noticiasmercedinas.com\\\/site\\\/wp-content\\\/uploads\\\/2023\\\/04\\\/Kicillof_Axel_mercedes_obras.jpeg\",\"contentUrl\":\"https:\\\/\\\/noticiasmercedinas.com\\\/site\\\/wp-content\\\/uploads\\\/2023\\\/04\\\/Kicillof_Axel_mercedes_obras.jpeg\",\"width\":640,\"height\":426},{\"@type\":\"BreadcrumbList\",\"@id\":\"https:\\\/\\\/noticiasmercedinas.com\\\/site\\\/2026\\\/04\\\/08\\\/agrupacion-kicillofista-abre-su-local-partidario-en-16-y-9-este-jueves\\\/#breadcrumb\",\"itemListElement\":[{\"@type\":\"ListItem\",\"position\":1,\"name\":\"Portada\",\"item\":\"https:\\\/\\\/noticiasmercedinas.com\\\/site\\\/\"},{\"@type\":\"ListItem\",\"position\":2,\"name\":\"Agrupaci\u00f3n Kicillofista abre su local partidario en 16 y 9 este jueves\"}]},{\"@type\":\"WebSite\",\"@id\":\"https:\\\/\\\/noticiasmercedinas.com\\\/site\\\/#website\",\"url\":\"https:\\\/\\\/noticiasmercedinas.com\\\/site\\\/\",\"name\":\"NOTICIASMERCEDINAS.COM\",\"description\":\"Mercedes, Buenos Aires, Argentina\",\"publisher\":{\"@id\":\"https:\\\/\\\/noticiasmercedinas.com\\\/site\\\/#organization\"},\"potentialAction\":[{\"@type\":\"SearchAction\",\"target\":{\"@type\":\"EntryPoint\",\"urlTemplate\":\"https:\\\/\\\/noticiasmercedinas.com\\\/site\\\/?s={search_term_string}\"},\"query-input\":{\"@type\":\"PropertyValueSpecification\",\"valueRequired\":true,\"valueName\":\"search_term_string\"}}],\"inLanguage\":\"es\"},{\"@type\":\"Organization\",\"@id\":\"https:\\\/\\\/noticiasmercedinas.com\\\/site\\\/#organization\",\"name\":\"NOTICIASMERCEDINAS.COM\",\"url\":\"https:\\\/\\\/noticiasmercedinas.com\\\/site\\\/\",\"logo\":{\"@type\":\"ImageObject\",\"inLanguage\":\"es\",\"@id\":\"https:\\\/\\\/noticiasmercedinas.com\\\/site\\\/#\\\/schema\\\/logo\\\/image\\\/\",\"url\":\"https:\\\/\\\/noticiasmercedinas.com\\\/site\\\/wp-content\\\/uploads\\\/2020\\\/06\\\/LOGO-512.jpg\",\"contentUrl\":\"https:\\\/\\\/noticiasmercedinas.com\\\/site\\\/wp-content\\\/uploads\\\/2020\\\/06\\\/LOGO-512.jpg\",\"width\":512,\"height\":512,\"caption\":\"NOTICIASMERCEDINAS.COM\"},\"image\":{\"@id\":\"https:\\\/\\\/noticiasmercedinas.com\\\/site\\\/#\\\/schema\\\/logo\\\/image\\\/\"},\"sameAs\":[\"https:\\\/\\\/www.facebook.com\\\/noticiasmercedinas\\\/\",\"https:\\\/\\\/x.com\\\/notmercedinas\",\"https:\\\/\\\/www.instagram.com\\\/noticiasmercedinas\\\/\"]},{\"@type\":\"Person\",\"@id\":\"https:\\\/\\\/noticiasmercedinas.com\\\/site\\\/#\\\/schema\\\/person\\\/84b59c099c28ff2e8b77d4ceec5d8063\",\"name\":\"NOTICIASMERCEDINAS.COM\",\"image\":{\"@type\":\"ImageObject\",\"inLanguage\":\"es\",\"@id\":\"https:\\\/\\\/secure.gravatar.com\\\/avatar\\\/4dfbf16b4d17945bfb6341b2d19043457132fcf478a5ee04f42e959fd8f5df0a?s=96&d=mm&r=g\",\"url\":\"https:\\\/\\\/secure.gravatar.com\\\/avatar\\\/4dfbf16b4d17945bfb6341b2d19043457132fcf478a5ee04f42e959fd8f5df0a?s=96&d=mm&r=g\",\"contentUrl\":\"https:\\\/\\\/secure.gravatar.com\\\/avatar\\\/4dfbf16b4d17945bfb6341b2d19043457132fcf478a5ee04f42e959fd8f5df0a?s=96&d=mm&r=g\",\"caption\":\"NOTICIASMERCEDINAS.COM\"},\"url\":\"https:\\\/\\\/noticiasmercedinas.com\\\/site\\\/author\\\/anonimo\\\/\"}]}<\/script>\n<!-- \/ Yoast SEO plugin. -->","yoast_head_json":{"title":"Agrupaci\u00f3n Kicillofista abre su local partidario en 16 y 9 este jueves","description":"Bajo la consigna \"Unidad para construir, lucha para transformar\", el espacio pol\u00edtico EPIKA inaugura la Unidad B\u00e1sica \"17 de Noviembre\" en Mercedes, consolidando el armado territorial del Movimiento Derecho al Futuro.","robots":{"index":"index","follow":"follow","max-snippet":"max-snippet:-1","max-image-preview":"max-image-preview:large","max-video-preview":"max-video-preview:-1"},"canonical":"https:\/\/noticiasmercedinas.com\/site\/2026\/04\/08\/agrupacion-kicillofista-abre-su-local-partidario-en-16-y-9-este-jueves\/","og_locale":"es_ES","og_type":"article","og_title":"Agrupaci\u00f3n Kicillofista abre su local partidario en 16 y 9 este jueves","og_description":"Bajo la consigna \"Unidad para construir, lucha para transformar\", el espacio pol\u00edtico EPIKA inaugura la Unidad B\u00e1sica \"17 de Noviembre\" en Mercedes, consolidando el armado territorial del Movimiento Derecho al Futuro.","og_url":"https:\/\/noticiasmercedinas.com\/site\/2026\/04\/08\/agrupacion-kicillofista-abre-su-local-partidario-en-16-y-9-este-jueves\/","og_site_name":"NOTICIASMERCEDINAS.COM","article_publisher":"https:\/\/www.facebook.com\/noticiasmercedinas\/","article_published_time":"2026-04-08T12:58:18+00:00","article_modified_time":"2026-04-08T13:23:47+00:00","og_image":[{"width":640,"height":426,"url":"https:\/\/noticiasmercedinas.com\/site\/wp-content\/uploads\/2023\/04\/Kicillof_Axel_mercedes_obras.jpeg","type":"image\/jpeg"}],"author":"NOTICIASMERCEDINAS.COM","twitter_card":"summary_large_image","twitter_creator":"@notmercedinas","twitter_site":"@notmercedinas","twitter_misc":{"Escrito por":"NOTICIASMERCEDINAS.COM","Tiempo de lectura":"2 minutos"},"schema":{"@context":"https:\/\/schema.org","@graph":[{"@type":"Article","@id":"https:\/\/noticiasmercedinas.com\/site\/2026\/04\/08\/agrupacion-kicillofista-abre-su-local-partidario-en-16-y-9-este-jueves\/#article","isPartOf":{"@id":"https:\/\/noticiasmercedinas.com\/site\/2026\/04\/08\/agrupacion-kicillofista-abre-su-local-partidario-en-16-y-9-este-jueves\/"},"author":{"name":"NOTICIASMERCEDINAS.COM","@id":"https:\/\/noticiasmercedinas.com\/site\/#\/schema\/person\/84b59c099c28ff2e8b77d4ceec5d8063"},"headline":"Agrupaci\u00f3n Kicillofista abre su local partidario en 16 y 9 este jueves","datePublished":"2026-04-08T12:58:18+00:00","dateModified":"2026-04-08T13:23:47+00:00","mainEntityOfPage":{"@id":"https:\/\/noticiasmercedinas.com\/site\/2026\/04\/08\/agrupacion-kicillofista-abre-su-local-partidario-en-16-y-9-este-jueves\/"},"wordCount":295,"publisher":{"@id":"https:\/\/noticiasmercedinas.com\/site\/#organization"},"image":{"@id":"https:\/\/noticiasmercedinas.com\/site\/2026\/04\/08\/agrupacion-kicillofista-abre-su-local-partidario-en-16-y-9-este-jueves\/#primaryimage"},"thumbnailUrl":"https:\/\/noticiasmercedinas.com\/site\/wp-content\/uploads\/2023\/04\/Kicillof_Axel_mercedes_obras.jpeg","keywords":["Andrea Ricaldi","axel kicillof","epika"],"articleSection":["Politica"],"inLanguage":"es"},{"@type":"WebPage","@id":"https:\/\/noticiasmercedinas.com\/site\/2026\/04\/08\/agrupacion-kicillofista-abre-su-local-partidario-en-16-y-9-este-jueves\/","url":"https:\/\/noticiasmercedinas.com\/site\/2026\/04\/08\/agrupacion-kicillofista-abre-su-local-partidario-en-16-y-9-este-jueves\/","name":"Agrupaci\u00f3n Kicillofista abre su local partidario en 16 y 9 este jueves","isPartOf":{"@id":"https:\/\/noticiasmercedinas.com\/site\/#website"},"primaryImageOfPage":{"@id":"https:\/\/noticiasmercedinas.com\/site\/2026\/04\/08\/agrupacion-kicillofista-abre-su-local-partidario-en-16-y-9-este-jueves\/#primaryimage"},"image":{"@id":"https:\/\/noticiasmercedinas.com\/site\/2026\/04\/08\/agrupacion-kicillofista-abre-su-local-partidario-en-16-y-9-este-jueves\/#primaryimage"},"thumbnailUrl":"https:\/\/noticiasmercedinas.com\/site\/wp-content\/uploads\/2023\/04\/Kicillof_Axel_mercedes_obras.jpeg","datePublished":"2026-04-08T12:58:18+00:00","dateModified":"2026-04-08T13:23:47+00:00","description":"Bajo la consigna \"Unidad para construir, lucha para transformar\", el espacio pol\u00edtico EPIKA inaugura la Unidad B\u00e1sica \"17 de Noviembre\" en Mercedes, consolidando el armado territorial del Movimiento Derecho al Futuro.","breadcrumb":{"@id":"https:\/\/noticiasmercedinas.com\/site\/2026\/04\/08\/agrupacion-kicillofista-abre-su-local-partidario-en-16-y-9-este-jueves\/#breadcrumb"},"inLanguage":"es","potentialAction":[{"@type":"ReadAction","target":["https:\/\/noticiasmercedinas.com\/site\/2026\/04\/08\/agrupacion-kicillofista-abre-su-local-partidario-en-16-y-9-este-jueves\/"]}]},{"@type":"ImageObject","inLanguage":"es","@id":"https:\/\/noticiasmercedinas.com\/site\/2026\/04\/08\/agrupacion-kicillofista-abre-su-local-partidario-en-16-y-9-este-jueves\/#primaryimage","url":"https:\/\/noticiasmercedinas.com\/site\/wp-content\/uploads\/2023\/04\/Kicillof_Axel_mercedes_obras.jpeg","contentUrl":"https:\/\/noticiasmercedinas.com\/site\/wp-content\/uploads\/2023\/04\/Kicillof_Axel_mercedes_obras.jpeg","width":640,"height":426},{"@type":"BreadcrumbList","@id":"https:\/\/noticiasmercedinas.com\/site\/2026\/04\/08\/agrupacion-kicillofista-abre-su-local-partidario-en-16-y-9-este-jueves\/#breadcrumb","itemListElement":[{"@type":"ListItem","position":1,"name":"Portada","item":"https:\/\/noticiasmercedinas.com\/site\/"},{"@type":"ListItem","position":2,"name":"Agrupaci\u00f3n Kicillofista abre su local partidario en 16 y 9 este jueves"}]},{"@type":"WebSite","@id":"https:\/\/noticiasmercedinas.com\/site\/#website","url":"https:\/\/noticiasmercedinas.com\/site\/","name":"NOTICIASMERCEDINAS.COM","description":"Mercedes, Buenos Aires, Argentina","publisher":{"@id":"https:\/\/noticiasmercedinas.com\/site\/#organization"},"potentialAction":[{"@type":"SearchAction","target":{"@type":"EntryPoint","urlTemplate":"https:\/\/noticiasmercedinas.com\/site\/?s={search_term_string}"},"query-input":{"@type":"PropertyValueSpecification","valueRequired":true,"valueName":"search_term_string"}}],"inLanguage":"es"},{"@type":"Organization","@id":"https:\/\/noticiasmercedinas.com\/site\/#organization","name":"NOTICIASMERCEDINAS.COM","url":"https:\/\/noticiasmercedinas.com\/site\/","logo":{"@type":"ImageObject","inLanguage":"es","@id":"https:\/\/noticiasmercedinas.com\/site\/#\/schema\/logo\/image\/","url":"https:\/\/noticiasmercedinas.com\/site\/wp-content\/uploads\/2020\/06\/LOGO-512.jpg","contentUrl":"https:\/\/noticiasmercedinas.com\/site\/wp-content\/uploads\/2020\/06\/LOGO-512.jpg","width":512,"height":512,"caption":"NOTICIASMERCEDINAS.COM"},"image":{"@id":"https:\/\/noticiasmercedinas.com\/site\/#\/schema\/logo\/image\/"},"sameAs":["https:\/\/www.facebook.com\/noticiasmercedinas\/","https:\/\/x.com\/notmercedinas","https:\/\/www.instagram.com\/noticiasmercedinas\/"]},{"@type":"Person","@id":"https:\/\/noticiasmercedinas.com\/site\/#\/schema\/person\/84b59c099c28ff2e8b77d4ceec5d8063","name":"NOTICIASMERCEDINAS.COM","image":{"@type":"ImageObject","inLanguage":"es","@id":"https:\/\/secure.gravatar.com\/avatar\/4dfbf16b4d17945bfb6341b2d19043457132fcf478a5ee04f42e959fd8f5df0a?s=96&d=mm&r=g","url":"https:\/\/secure.gravatar.com\/avatar\/4dfbf16b4d17945bfb6341b2d19043457132fcf478a5ee04f42e959fd8f5df0a?s=96&d=mm&r=g","contentUrl":"https:\/\/secure.gravatar.com\/avatar\/4dfbf16b4d17945bfb6341b2d19043457132fcf478a5ee04f42e959fd8f5df0a?s=96&d=mm&r=g","caption":"NOTICIASMERCEDINAS.COM"},"url":"https:\/\/noticiasmercedinas.com\/site\/author\/anonimo\/"}]}},"amp_enabled":true,"_links":{"self":[{"href":"https:\/\/noticiasmercedinas.com\/site\/wp-json\/wp\/v2\/posts\/183679","targetHints":{"allow":["GET"]}}],"collection":[{"href":"https:\/\/noticiasmercedinas.com\/site\/wp-json\/wp\/v2\/posts"}],"about":[{"href":"https:\/\/noticiasmercedinas.com\/site\/wp-json\/wp\/v2\/types\/post"}],"author":[{"embeddable":true,"href":"https:\/\/noticiasmercedinas.com\/site\/wp-json\/wp\/v2\/users\/16"}],"replies":[{"embeddable":true,"href":"https:\/\/noticiasmercedinas.com\/site\/wp-json\/wp\/v2\/comments?post=183679"}],"version-history":[{"count":4,"href":"https:\/\/noticiasmercedinas.com\/site\/wp-json\/wp\/v2\/posts\/183679\/revisions"}],"predecessor-version":[{"id":183691,"href":"https:\/\/noticiasmercedinas.com\/site\/wp-json\/wp\/v2\/posts\/183679\/revisions\/183691"}],"wp:featuredmedia":[{"embeddable":true,"href":"https:\/\/noticiasmercedinas.com\/site\/wp-json\/wp\/v2\/media\/112166"}],"wp:attachment":[{"href":"https:\/\/noticiasmercedinas.com\/site\/wp-json\/wp\/v2\/media?parent=183679"}],"wp:term":[{"taxonomy":"category","embeddable":true,"href":"https:\/\/noticiasmercedinas.com\/site\/wp-json\/wp\/v2\/categories?post=183679"},{"taxonomy":"post_tag","embeddable":true,"href":"https:\/\/noticiasmercedinas.com\/site\/wp-json\/wp\/v2\/tags?post=183679"}],"curies":[{"name":"wp","href":"https:\/\/api.w.org\/{rel}","templated":true}]}}