{"id":183889,"date":"2026-04-10T18:40:39","date_gmt":"2026-04-10T21:40:39","guid":{"rendered":"https:\/\/noticiasmercedinas.com\/site\/?p=183889"},"modified":"2026-04-11T09:11:50","modified_gmt":"2026-04-11T12:11:50","slug":"de-mercedes-al-caribe-el-emprendedor-que-conquisto-republica-dominicana-con-asado-y-lanchas-exclusivas","status":"publish","type":"post","link":"https:\/\/noticiasmercedinas.com\/site\/2026\/04\/10\/de-mercedes-al-caribe-el-emprendedor-que-conquisto-republica-dominicana-con-asado-y-lanchas-exclusivas\/","title":{"rendered":"De Mercedes al Caribe: conquist\u00f3 Rep\u00fablica Dominicana con asado y lanchas exclusivas"},"content":{"rendered":"<p data-path-to-node=\"5\"><img loading=\"lazy\" decoding=\"async\" class=\"alignnone size-full wp-image-183896\" src=\"https:\/\/noticiasmercedinas.com\/site\/wp-content\/uploads\/2026\/04\/saoneta02.jpg\" alt=\"\" width=\"849\" height=\"607\" srcset=\"https:\/\/noticiasmercedinas.com\/site\/wp-content\/uploads\/2026\/04\/saoneta02.jpg 849w, https:\/\/noticiasmercedinas.com\/site\/wp-content\/uploads\/2026\/04\/saoneta02-300x214.jpg 300w, https:\/\/noticiasmercedinas.com\/site\/wp-content\/uploads\/2026\/04\/saoneta02-768x549.jpg 768w, https:\/\/noticiasmercedinas.com\/site\/wp-content\/uploads\/2026\/04\/saoneta02-640x458.jpg 640w, https:\/\/noticiasmercedinas.com\/site\/wp-content\/uploads\/2026\/04\/saoneta02-681x487.jpg 681w\" sizes=\"auto, (max-width: 849px) 100vw, 849px\" \/><\/p>\n<p data-path-to-node=\"5\">Hay viajes que se planifican para unos meses y terminan durando toda una vida. En 2004, en medio de una Argentina que a\u00fan buscaba su rumbo tras la crisis, el mercedino <b data-path-to-node=\"5\" data-index-in-node=\"180\">Nicol\u00e1s Rodr\u00edguez<\/b> parti\u00f3 hacia Rep\u00fablica Dominicana con una oferta laboral y una valija cargada de incertidumbre.<\/p>\n<p data-path-to-node=\"5\">Hoy, dos d\u00e9cadas despu\u00e9s, ha regresado a su ciudad natal, en el oeste de la provincia de Buenos Aires, transformado en un referente del turismo regional para celebrar su medio siglo de vida y brindar una capacitaci\u00f3n estrat\u00e9gica a agencias de viajes locales y de la zona.<\/p>\n<p data-path-to-node=\"5\"><img loading=\"lazy\" decoding=\"async\" class=\"alignnone size-full wp-image-183897\" src=\"https:\/\/noticiasmercedinas.com\/site\/wp-content\/uploads\/2026\/04\/saoneta1.jpg\" alt=\"\" width=\"640\" height=\"427\" srcset=\"https:\/\/noticiasmercedinas.com\/site\/wp-content\/uploads\/2026\/04\/saoneta1.jpg 640w, https:\/\/noticiasmercedinas.com\/site\/wp-content\/uploads\/2026\/04\/saoneta1-300x200.jpg 300w\" sizes=\"auto, (max-width: 640px) 100vw, 640px\" \/><\/p>\n<p data-path-to-node=\"6\">Rodr\u00edguez es el creador de <b data-path-to-node=\"6\" data-index-in-node=\"27\">\u00abLa Saoneta\u00bb<\/b>, un producto tur\u00edstico estrella que se ha vuelto viral en redes sociales.<\/p>\n<p data-path-to-node=\"6\">El concepto es tan simple como efectivo: ofrecer a los argentinos que visitan la Isla Saona una experiencia de exclusividad absoluta que incluye asado, chorip\u00e1n, Fernet y m\u00fasica nacional en medio de playas v\u00edrgenes y aguas turquesas.<\/p>\n<h3 data-path-to-node=\"7\"><b data-path-to-node=\"7\" data-index-in-node=\"0\">El camino del \u00e9xito: de vendedor a due\u00f1o de flota<\/b><\/h3>\n<p data-path-to-node=\"8\">Durante su disertaci\u00f3n en la <b data-path-to-node=\"8\" data-index-in-node=\"29\">C\u00e1mara Econ\u00f3mica Mercedina (CEM)<\/b>, ante un auditorio que incluy\u00f3 a profesionales de ciudades vecinas como San Andr\u00e9s de Giles y San Antonio de Areco, Rodr\u00edguez repas\u00f3 su trayectoria. <i data-path-to-node=\"8\" data-index-in-node=\"211\">\u00abComenc\u00e9 como vendedor de excursiones y asistencia en destino. Conoc\u00ed todas las etapas del servicio hasta llegar a posiciones gerenciales en empresas europeas\u00bb<\/i>, explic\u00f3.<\/p>\n<p data-path-to-node=\"9\">Esa experiencia fue el cimiento de <b data-path-to-node=\"9\" data-index-in-node=\"35\">Caribe Oasis<\/b>, su empresa matriz de embarcaciones con base en Bayah\u00edbe, y de su \u00abbebe\u00bb, La Saoneta.<\/p>\n<p data-path-to-node=\"9\"><i data-path-to-node=\"9\" data-index-in-node=\"134\">\u00abEmpezamos con una lanchita, luego dos, y hoy tenemos un yate. Es un producto 100% argentino; no admito otras nacionalidades porque buscamos que el clima sea de hermandad total\u00bb<\/i>, subray\u00f3 el emprendedor.<\/p>\n<p data-path-to-node=\"9\"><img loading=\"lazy\" decoding=\"async\" class=\"alignnone size-full wp-image-183898\" src=\"https:\/\/noticiasmercedinas.com\/site\/wp-content\/uploads\/2026\/04\/saonetaIMG_5489.jpg\" alt=\"\" width=\"640\" height=\"386\" srcset=\"https:\/\/noticiasmercedinas.com\/site\/wp-content\/uploads\/2026\/04\/saonetaIMG_5489.jpg 640w, https:\/\/noticiasmercedinas.com\/site\/wp-content\/uploads\/2026\/04\/saonetaIMG_5489-300x181.jpg 300w\" sizes=\"auto, (max-width: 640px) 100vw, 640px\" \/><\/p>\n<h3 data-path-to-node=\"10\"><b data-path-to-node=\"10\" data-index-in-node=\"0\">Argentina, un mercado clave para el Caribe<\/b><\/h3>\n<p data-path-to-node=\"11\">La visita de Rodr\u00edguez no fue solo nost\u00e1lgica; tuvo un fuerte componente t\u00e9cnico. Seg\u00fan los datos duros compartidos en el taller, <b data-path-to-node=\"11\" data-index-in-node=\"130\">Argentina se ha consolidado como el tercer pa\u00eds emisor de turistas hacia Rep\u00fablica Dominicana<\/b>, solo superado por Estados Unidos y Canad\u00e1.<\/p>\n<p data-path-to-node=\"12,0\">\u00abEl argentino es muy querido all\u00e1 y hay una conectividad creciente. Mi objetivo es que las agencias de Mercedes incluyan este producto innovador para que el turista local llegue con todo resuelto desde aqu\u00ed\u00bb, se\u00f1al\u00f3.<\/p>\n<h3 data-path-to-node=\"13\"><b data-path-to-node=\"13\" data-index-in-node=\"0\">Identidad y tecnolog\u00eda en el para\u00edso<\/b><\/h3>\n<p data-path-to-node=\"14\">Uno de los puntos m\u00e1s pintorescos de su oferta es la adaptaci\u00f3n cultural. Para los pr\u00f3ximos eventos deportivos, Rodr\u00edguez planea jugar en primera se\u00f1al satelital web con la tecnolog\u00eda <b data-path-to-node=\"14\" data-index-in-node=\"149\">Starlink<\/b> en sus embarcaciones para que los turistas no se pierdan los partidos de la Selecci\u00f3n Argentina en el Mundial 2026 mientras disfrutan de un bife de chorizo en una isla del Caribe.<\/p>\n<p data-path-to-node=\"14\"><img loading=\"lazy\" decoding=\"async\" class=\"alignnone size-full wp-image-183894\" src=\"https:\/\/noticiasmercedinas.com\/site\/wp-content\/uploads\/2026\/04\/saoneta07.jpg\" alt=\"\" width=\"855\" height=\"835\" srcset=\"https:\/\/noticiasmercedinas.com\/site\/wp-content\/uploads\/2026\/04\/saoneta07.jpg 855w, https:\/\/noticiasmercedinas.com\/site\/wp-content\/uploads\/2026\/04\/saoneta07-300x293.jpg 300w, https:\/\/noticiasmercedinas.com\/site\/wp-content\/uploads\/2026\/04\/saoneta07-768x750.jpg 768w, https:\/\/noticiasmercedinas.com\/site\/wp-content\/uploads\/2026\/04\/saoneta07-640x625.jpg 640w, https:\/\/noticiasmercedinas.com\/site\/wp-content\/uploads\/2026\/04\/saoneta07-681x665.jpg 681w\" sizes=\"auto, (max-width: 855px) 100vw, 855px\" \/><\/p>\n<p data-path-to-node=\"15\">Al ser consultado sobre qu\u00e9 le dir\u00eda a aquel joven que se fue en 2004, Nicol\u00e1s se mostr\u00f3 emocionado: <i data-path-to-node=\"15\" data-index-in-node=\"101\">\u00abMe fui buscando un futuro mejor y lo encontr\u00e9. La idea era ir por un tiempo, pero el Caribe me adopt\u00f3 como a un hijo. Volver a mis or\u00edgenes hoy, con mi propia empresa y pudiendo aportar conocimiento a mi ciudad, es cerrar un c\u00edrculo perfecto\u00bb<\/i>.<\/p>\n<p data-path-to-node=\"16\">Para aquellos interesados en conocer m\u00e1s sobre esta propuesta, el emprendedor canaliza sus servicios a trav\u00e9s de las cuentas de Instagram <a href=\"https:\/\/www.instagram.com\/lasaoneta\/\"><b data-path-to-node=\"16\" data-index-in-node=\"138\">@lasaoneta<\/b><\/a>.<\/p>\n<p data-path-to-node=\"16\"><strong>Isla Saona para Argentinos!. Grupos reducidos, atenci\u00f3n de primera, asado en playa virgen, piscinas naturales y m\u00e1s! El mejor d\u00eda de tus vacaciones!<\/strong><\/p>\n<p data-path-to-node=\"16\"><strong>WhatsApp<\/strong><\/p>\n<p><strong><a href=\"http:\/\/wa.me\/18297657879\"><span style=\"font-family: Verdana, Geneva, sans-serif; font-size: 14px;\">wa.me\/18297657879<\/span><\/a><\/strong><\/p>\n<div tabindex=\"0\" role=\"button\" aria-disabled=\"false\"><img loading=\"lazy\" decoding=\"async\" class=\"alignnone size-full wp-image-183893\" src=\"https:\/\/noticiasmercedinas.com\/site\/wp-content\/uploads\/2026\/04\/saoneta01.jpg\" alt=\"\" width=\"842\" height=\"848\" srcset=\"https:\/\/noticiasmercedinas.com\/site\/wp-content\/uploads\/2026\/04\/saoneta01.jpg 842w, https:\/\/noticiasmercedinas.com\/site\/wp-content\/uploads\/2026\/04\/saoneta01-298x300.jpg 298w, https:\/\/noticiasmercedinas.com\/site\/wp-content\/uploads\/2026\/04\/saoneta01-150x150.jpg 150w, https:\/\/noticiasmercedinas.com\/site\/wp-content\/uploads\/2026\/04\/saoneta01-768x773.jpg 768w, https:\/\/noticiasmercedinas.com\/site\/wp-content\/uploads\/2026\/04\/saoneta01-640x645.jpg 640w, https:\/\/noticiasmercedinas.com\/site\/wp-content\/uploads\/2026\/04\/saoneta01-681x686.jpg 681w\" sizes=\"auto, (max-width: 842px) 100vw, 842px\" \/><\/div>\n<p data-path-to-node=\"16\">\n","protected":false},"excerpt":{"rendered":"<p>\u25a0 Nicol\u00e1s Rodr\u00edguez regres\u00f3 a su ciudad natal para celebrar sus 50 a\u00f1os y compartir su experiencia en la C\u00e1mara Econ\u00f3mica. Tras 22 a\u00f1os en el exterior, lidera \u00abLa Saoneta\u00bb, un servicio premium que combina el para\u00edso tropical con la identidad argentina.<\/p>\n","protected":false},"author":16,"featured_media":183896,"comment_status":"closed","ping_status":"closed","sticky":false,"template":"","format":"standard","meta":{"footnotes":""},"categories":[74,20734],"tags":[361,377,21988,21989,8731,33],"class_list":["post-183889","post","type-post","status-publish","format-standard","has-post-thumbnail","hentry","category-emprendimientos","category-ultimo-momento","tag-camara-economica-mercedina","tag-cem","tag-la-saoneta","tag-nicolas-rodriguez","tag-republica-dominicana","tag-turismo"],"yoast_head":"<!-- This site is optimized with the Yoast SEO plugin v27.5 - https:\/\/yoast.com\/product\/yoast-seo-wordpress\/ -->\n<title>De Mercedes al Caribe: conquist\u00f3 Rep\u00fablica Dominicana con asado y lanchas exclusivas<\/title>\n<meta name=\"description\" content=\"\u25a0 Nicol\u00e1s Rodr\u00edguez regres\u00f3 a su ciudad natal para celebrar sus 50 a\u00f1os y compartir su experiencia en la C\u00e1mara Econ\u00f3mica. Tras 22 a\u00f1os en el exterior, lidera &quot;La Saoneta&quot;, un servicio premium que combina el para\u00edso tropical con la identidad argentina.\" \/>\n<meta name=\"robots\" content=\"index, follow, max-snippet:-1, max-image-preview:large, max-video-preview:-1\" \/>\n<link rel=\"canonical\" href=\"https:\/\/noticiasmercedinas.com\/site\/2026\/04\/10\/de-mercedes-al-caribe-el-emprendedor-que-conquisto-republica-dominicana-con-asado-y-lanchas-exclusivas\/\" \/>\n<meta property=\"og:locale\" content=\"es_ES\" \/>\n<meta property=\"og:type\" content=\"article\" \/>\n<meta property=\"og:title\" content=\"De Mercedes al Caribe: conquist\u00f3 Rep\u00fablica Dominicana con asado y lanchas exclusivas\" \/>\n<meta property=\"og:description\" content=\"\u25a0 Nicol\u00e1s Rodr\u00edguez regres\u00f3 a su ciudad natal para celebrar sus 50 a\u00f1os y compartir su experiencia en la C\u00e1mara Econ\u00f3mica. Tras 22 a\u00f1os en el exterior, lidera &quot;La Saoneta&quot;, un servicio premium que combina el para\u00edso tropical con la identidad argentina.\" \/>\n<meta property=\"og:url\" content=\"https:\/\/noticiasmercedinas.com\/site\/2026\/04\/10\/de-mercedes-al-caribe-el-emprendedor-que-conquisto-republica-dominicana-con-asado-y-lanchas-exclusivas\/\" \/>\n<meta property=\"og:site_name\" content=\"NOTICIASMERCEDINAS.COM\" \/>\n<meta property=\"article:publisher\" content=\"https:\/\/www.facebook.com\/noticiasmercedinas\/\" \/>\n<meta property=\"article:published_time\" content=\"2026-04-10T21:40:39+00:00\" \/>\n<meta property=\"article:modified_time\" content=\"2026-04-11T12:11:50+00:00\" \/>\n<meta property=\"og:image\" content=\"https:\/\/noticiasmercedinas.com\/site\/wp-content\/uploads\/2026\/04\/saoneta02.jpg\" \/>\n\t<meta property=\"og:image:width\" content=\"849\" \/>\n\t<meta property=\"og:image:height\" content=\"607\" \/>\n\t<meta property=\"og:image:type\" content=\"image\/jpeg\" \/>\n<meta name=\"author\" content=\"NOTICIASMERCEDINAS.COM\" \/>\n<meta name=\"twitter:card\" content=\"summary_large_image\" \/>\n<meta name=\"twitter:creator\" content=\"@notmercedinas\" \/>\n<meta name=\"twitter:site\" content=\"@notmercedinas\" \/>\n<meta name=\"twitter:label1\" content=\"Escrito por\" \/>\n\t<meta name=\"twitter:data1\" content=\"NOTICIASMERCEDINAS.COM\" \/>\n\t<meta name=\"twitter:label2\" content=\"Tiempo de lectura\" \/>\n\t<meta name=\"twitter:data2\" content=\"4 minutos\" \/>\n<script type=\"application\/ld+json\" class=\"yoast-schema-graph\">{\"@context\":\"https:\\\/\\\/schema.org\",\"@graph\":[{\"@type\":\"Article\",\"@id\":\"https:\\\/\\\/noticiasmercedinas.com\\\/site\\\/2026\\\/04\\\/10\\\/de-mercedes-al-caribe-el-emprendedor-que-conquisto-republica-dominicana-con-asado-y-lanchas-exclusivas\\\/#article\",\"isPartOf\":{\"@id\":\"https:\\\/\\\/noticiasmercedinas.com\\\/site\\\/2026\\\/04\\\/10\\\/de-mercedes-al-caribe-el-emprendedor-que-conquisto-republica-dominicana-con-asado-y-lanchas-exclusivas\\\/\"},\"author\":{\"name\":\"NOTICIASMERCEDINAS.COM\",\"@id\":\"https:\\\/\\\/noticiasmercedinas.com\\\/site\\\/#\\\/schema\\\/person\\\/84b59c099c28ff2e8b77d4ceec5d8063\"},\"headline\":\"De Mercedes al Caribe: conquist\u00f3 Rep\u00fablica Dominicana con asado y lanchas exclusivas\",\"datePublished\":\"2026-04-10T21:40:39+00:00\",\"dateModified\":\"2026-04-11T12:11:50+00:00\",\"mainEntityOfPage\":{\"@id\":\"https:\\\/\\\/noticiasmercedinas.com\\\/site\\\/2026\\\/04\\\/10\\\/de-mercedes-al-caribe-el-emprendedor-que-conquisto-republica-dominicana-con-asado-y-lanchas-exclusivas\\\/\"},\"wordCount\":591,\"publisher\":{\"@id\":\"https:\\\/\\\/noticiasmercedinas.com\\\/site\\\/#organization\"},\"image\":{\"@id\":\"https:\\\/\\\/noticiasmercedinas.com\\\/site\\\/2026\\\/04\\\/10\\\/de-mercedes-al-caribe-el-emprendedor-que-conquisto-republica-dominicana-con-asado-y-lanchas-exclusivas\\\/#primaryimage\"},\"thumbnailUrl\":\"https:\\\/\\\/noticiasmercedinas.com\\\/site\\\/wp-content\\\/uploads\\\/2026\\\/04\\\/saoneta02.jpg\",\"keywords\":[\"camara economica mercedina\",\"cem\",\"la saoneta\",\"Nicol\u00e1s Rodr\u00edguez\",\"Rep\u00fablica Dominicana\",\"turismo\"],\"articleSection\":[\"Emprendimientos\",\"Ultimo momento\"],\"inLanguage\":\"es\"},{\"@type\":\"WebPage\",\"@id\":\"https:\\\/\\\/noticiasmercedinas.com\\\/site\\\/2026\\\/04\\\/10\\\/de-mercedes-al-caribe-el-emprendedor-que-conquisto-republica-dominicana-con-asado-y-lanchas-exclusivas\\\/\",\"url\":\"https:\\\/\\\/noticiasmercedinas.com\\\/site\\\/2026\\\/04\\\/10\\\/de-mercedes-al-caribe-el-emprendedor-que-conquisto-republica-dominicana-con-asado-y-lanchas-exclusivas\\\/\",\"name\":\"De Mercedes al Caribe: conquist\u00f3 Rep\u00fablica Dominicana con asado y lanchas exclusivas\",\"isPartOf\":{\"@id\":\"https:\\\/\\\/noticiasmercedinas.com\\\/site\\\/#website\"},\"primaryImageOfPage\":{\"@id\":\"https:\\\/\\\/noticiasmercedinas.com\\\/site\\\/2026\\\/04\\\/10\\\/de-mercedes-al-caribe-el-emprendedor-que-conquisto-republica-dominicana-con-asado-y-lanchas-exclusivas\\\/#primaryimage\"},\"image\":{\"@id\":\"https:\\\/\\\/noticiasmercedinas.com\\\/site\\\/2026\\\/04\\\/10\\\/de-mercedes-al-caribe-el-emprendedor-que-conquisto-republica-dominicana-con-asado-y-lanchas-exclusivas\\\/#primaryimage\"},\"thumbnailUrl\":\"https:\\\/\\\/noticiasmercedinas.com\\\/site\\\/wp-content\\\/uploads\\\/2026\\\/04\\\/saoneta02.jpg\",\"datePublished\":\"2026-04-10T21:40:39+00:00\",\"dateModified\":\"2026-04-11T12:11:50+00:00\",\"description\":\"\u25a0 Nicol\u00e1s Rodr\u00edguez regres\u00f3 a su ciudad natal para celebrar sus 50 a\u00f1os y compartir su experiencia en la C\u00e1mara Econ\u00f3mica. Tras 22 a\u00f1os en el exterior, lidera \\\"La Saoneta\\\", un servicio premium que combina el para\u00edso tropical con la identidad argentina.\",\"breadcrumb\":{\"@id\":\"https:\\\/\\\/noticiasmercedinas.com\\\/site\\\/2026\\\/04\\\/10\\\/de-mercedes-al-caribe-el-emprendedor-que-conquisto-republica-dominicana-con-asado-y-lanchas-exclusivas\\\/#breadcrumb\"},\"inLanguage\":\"es\",\"potentialAction\":[{\"@type\":\"ReadAction\",\"target\":[\"https:\\\/\\\/noticiasmercedinas.com\\\/site\\\/2026\\\/04\\\/10\\\/de-mercedes-al-caribe-el-emprendedor-que-conquisto-republica-dominicana-con-asado-y-lanchas-exclusivas\\\/\"]}]},{\"@type\":\"ImageObject\",\"inLanguage\":\"es\",\"@id\":\"https:\\\/\\\/noticiasmercedinas.com\\\/site\\\/2026\\\/04\\\/10\\\/de-mercedes-al-caribe-el-emprendedor-que-conquisto-republica-dominicana-con-asado-y-lanchas-exclusivas\\\/#primaryimage\",\"url\":\"https:\\\/\\\/noticiasmercedinas.com\\\/site\\\/wp-content\\\/uploads\\\/2026\\\/04\\\/saoneta02.jpg\",\"contentUrl\":\"https:\\\/\\\/noticiasmercedinas.com\\\/site\\\/wp-content\\\/uploads\\\/2026\\\/04\\\/saoneta02.jpg\",\"width\":849,\"height\":607},{\"@type\":\"BreadcrumbList\",\"@id\":\"https:\\\/\\\/noticiasmercedinas.com\\\/site\\\/2026\\\/04\\\/10\\\/de-mercedes-al-caribe-el-emprendedor-que-conquisto-republica-dominicana-con-asado-y-lanchas-exclusivas\\\/#breadcrumb\",\"itemListElement\":[{\"@type\":\"ListItem\",\"position\":1,\"name\":\"Portada\",\"item\":\"https:\\\/\\\/noticiasmercedinas.com\\\/site\\\/\"},{\"@type\":\"ListItem\",\"position\":2,\"name\":\"De Mercedes al Caribe: conquist\u00f3 Rep\u00fablica Dominicana con asado y lanchas exclusivas\"}]},{\"@type\":\"WebSite\",\"@id\":\"https:\\\/\\\/noticiasmercedinas.com\\\/site\\\/#website\",\"url\":\"https:\\\/\\\/noticiasmercedinas.com\\\/site\\\/\",\"name\":\"NOTICIASMERCEDINAS.COM\",\"description\":\"Mercedes, Buenos Aires, Argentina\",\"publisher\":{\"@id\":\"https:\\\/\\\/noticiasmercedinas.com\\\/site\\\/#organization\"},\"potentialAction\":[{\"@type\":\"SearchAction\",\"target\":{\"@type\":\"EntryPoint\",\"urlTemplate\":\"https:\\\/\\\/noticiasmercedinas.com\\\/site\\\/?s={search_term_string}\"},\"query-input\":{\"@type\":\"PropertyValueSpecification\",\"valueRequired\":true,\"valueName\":\"search_term_string\"}}],\"inLanguage\":\"es\"},{\"@type\":\"Organization\",\"@id\":\"https:\\\/\\\/noticiasmercedinas.com\\\/site\\\/#organization\",\"name\":\"NOTICIASMERCEDINAS.COM\",\"url\":\"https:\\\/\\\/noticiasmercedinas.com\\\/site\\\/\",\"logo\":{\"@type\":\"ImageObject\",\"inLanguage\":\"es\",\"@id\":\"https:\\\/\\\/noticiasmercedinas.com\\\/site\\\/#\\\/schema\\\/logo\\\/image\\\/\",\"url\":\"https:\\\/\\\/noticiasmercedinas.com\\\/site\\\/wp-content\\\/uploads\\\/2020\\\/06\\\/LOGO-512.jpg\",\"contentUrl\":\"https:\\\/\\\/noticiasmercedinas.com\\\/site\\\/wp-content\\\/uploads\\\/2020\\\/06\\\/LOGO-512.jpg\",\"width\":512,\"height\":512,\"caption\":\"NOTICIASMERCEDINAS.COM\"},\"image\":{\"@id\":\"https:\\\/\\\/noticiasmercedinas.com\\\/site\\\/#\\\/schema\\\/logo\\\/image\\\/\"},\"sameAs\":[\"https:\\\/\\\/www.facebook.com\\\/noticiasmercedinas\\\/\",\"https:\\\/\\\/x.com\\\/notmercedinas\",\"https:\\\/\\\/www.instagram.com\\\/noticiasmercedinas\\\/\"]},{\"@type\":\"Person\",\"@id\":\"https:\\\/\\\/noticiasmercedinas.com\\\/site\\\/#\\\/schema\\\/person\\\/84b59c099c28ff2e8b77d4ceec5d8063\",\"name\":\"NOTICIASMERCEDINAS.COM\",\"image\":{\"@type\":\"ImageObject\",\"inLanguage\":\"es\",\"@id\":\"https:\\\/\\\/secure.gravatar.com\\\/avatar\\\/4dfbf16b4d17945bfb6341b2d19043457132fcf478a5ee04f42e959fd8f5df0a?s=96&d=mm&r=g\",\"url\":\"https:\\\/\\\/secure.gravatar.com\\\/avatar\\\/4dfbf16b4d17945bfb6341b2d19043457132fcf478a5ee04f42e959fd8f5df0a?s=96&d=mm&r=g\",\"contentUrl\":\"https:\\\/\\\/secure.gravatar.com\\\/avatar\\\/4dfbf16b4d17945bfb6341b2d19043457132fcf478a5ee04f42e959fd8f5df0a?s=96&d=mm&r=g\",\"caption\":\"NOTICIASMERCEDINAS.COM\"},\"url\":\"https:\\\/\\\/noticiasmercedinas.com\\\/site\\\/author\\\/anonimo\\\/\"}]}<\/script>\n<!-- \/ Yoast SEO plugin. -->","yoast_head_json":{"title":"De Mercedes al Caribe: conquist\u00f3 Rep\u00fablica Dominicana con asado y lanchas exclusivas","description":"\u25a0 Nicol\u00e1s Rodr\u00edguez regres\u00f3 a su ciudad natal para celebrar sus 50 a\u00f1os y compartir su experiencia en la C\u00e1mara Econ\u00f3mica. Tras 22 a\u00f1os en el exterior, lidera \"La Saoneta\", un servicio premium que combina el para\u00edso tropical con la identidad argentina.","robots":{"index":"index","follow":"follow","max-snippet":"max-snippet:-1","max-image-preview":"max-image-preview:large","max-video-preview":"max-video-preview:-1"},"canonical":"https:\/\/noticiasmercedinas.com\/site\/2026\/04\/10\/de-mercedes-al-caribe-el-emprendedor-que-conquisto-republica-dominicana-con-asado-y-lanchas-exclusivas\/","og_locale":"es_ES","og_type":"article","og_title":"De Mercedes al Caribe: conquist\u00f3 Rep\u00fablica Dominicana con asado y lanchas exclusivas","og_description":"\u25a0 Nicol\u00e1s Rodr\u00edguez regres\u00f3 a su ciudad natal para celebrar sus 50 a\u00f1os y compartir su experiencia en la C\u00e1mara Econ\u00f3mica. Tras 22 a\u00f1os en el exterior, lidera \"La Saoneta\", un servicio premium que combina el para\u00edso tropical con la identidad argentina.","og_url":"https:\/\/noticiasmercedinas.com\/site\/2026\/04\/10\/de-mercedes-al-caribe-el-emprendedor-que-conquisto-republica-dominicana-con-asado-y-lanchas-exclusivas\/","og_site_name":"NOTICIASMERCEDINAS.COM","article_publisher":"https:\/\/www.facebook.com\/noticiasmercedinas\/","article_published_time":"2026-04-10T21:40:39+00:00","article_modified_time":"2026-04-11T12:11:50+00:00","og_image":[{"width":849,"height":607,"url":"https:\/\/noticiasmercedinas.com\/site\/wp-content\/uploads\/2026\/04\/saoneta02.jpg","type":"image\/jpeg"}],"author":"NOTICIASMERCEDINAS.COM","twitter_card":"summary_large_image","twitter_creator":"@notmercedinas","twitter_site":"@notmercedinas","twitter_misc":{"Escrito por":"NOTICIASMERCEDINAS.COM","Tiempo de lectura":"4 minutos"},"schema":{"@context":"https:\/\/schema.org","@graph":[{"@type":"Article","@id":"https:\/\/noticiasmercedinas.com\/site\/2026\/04\/10\/de-mercedes-al-caribe-el-emprendedor-que-conquisto-republica-dominicana-con-asado-y-lanchas-exclusivas\/#article","isPartOf":{"@id":"https:\/\/noticiasmercedinas.com\/site\/2026\/04\/10\/de-mercedes-al-caribe-el-emprendedor-que-conquisto-republica-dominicana-con-asado-y-lanchas-exclusivas\/"},"author":{"name":"NOTICIASMERCEDINAS.COM","@id":"https:\/\/noticiasmercedinas.com\/site\/#\/schema\/person\/84b59c099c28ff2e8b77d4ceec5d8063"},"headline":"De Mercedes al Caribe: conquist\u00f3 Rep\u00fablica Dominicana con asado y lanchas exclusivas","datePublished":"2026-04-10T21:40:39+00:00","dateModified":"2026-04-11T12:11:50+00:00","mainEntityOfPage":{"@id":"https:\/\/noticiasmercedinas.com\/site\/2026\/04\/10\/de-mercedes-al-caribe-el-emprendedor-que-conquisto-republica-dominicana-con-asado-y-lanchas-exclusivas\/"},"wordCount":591,"publisher":{"@id":"https:\/\/noticiasmercedinas.com\/site\/#organization"},"image":{"@id":"https:\/\/noticiasmercedinas.com\/site\/2026\/04\/10\/de-mercedes-al-caribe-el-emprendedor-que-conquisto-republica-dominicana-con-asado-y-lanchas-exclusivas\/#primaryimage"},"thumbnailUrl":"https:\/\/noticiasmercedinas.com\/site\/wp-content\/uploads\/2026\/04\/saoneta02.jpg","keywords":["camara economica mercedina","cem","la saoneta","Nicol\u00e1s Rodr\u00edguez","Rep\u00fablica Dominicana","turismo"],"articleSection":["Emprendimientos","Ultimo momento"],"inLanguage":"es"},{"@type":"WebPage","@id":"https:\/\/noticiasmercedinas.com\/site\/2026\/04\/10\/de-mercedes-al-caribe-el-emprendedor-que-conquisto-republica-dominicana-con-asado-y-lanchas-exclusivas\/","url":"https:\/\/noticiasmercedinas.com\/site\/2026\/04\/10\/de-mercedes-al-caribe-el-emprendedor-que-conquisto-republica-dominicana-con-asado-y-lanchas-exclusivas\/","name":"De Mercedes al Caribe: conquist\u00f3 Rep\u00fablica Dominicana con asado y lanchas exclusivas","isPartOf":{"@id":"https:\/\/noticiasmercedinas.com\/site\/#website"},"primaryImageOfPage":{"@id":"https:\/\/noticiasmercedinas.com\/site\/2026\/04\/10\/de-mercedes-al-caribe-el-emprendedor-que-conquisto-republica-dominicana-con-asado-y-lanchas-exclusivas\/#primaryimage"},"image":{"@id":"https:\/\/noticiasmercedinas.com\/site\/2026\/04\/10\/de-mercedes-al-caribe-el-emprendedor-que-conquisto-republica-dominicana-con-asado-y-lanchas-exclusivas\/#primaryimage"},"thumbnailUrl":"https:\/\/noticiasmercedinas.com\/site\/wp-content\/uploads\/2026\/04\/saoneta02.jpg","datePublished":"2026-04-10T21:40:39+00:00","dateModified":"2026-04-11T12:11:50+00:00","description":"\u25a0 Nicol\u00e1s Rodr\u00edguez regres\u00f3 a su ciudad natal para celebrar sus 50 a\u00f1os y compartir su experiencia en la C\u00e1mara Econ\u00f3mica. Tras 22 a\u00f1os en el exterior, lidera \"La Saoneta\", un servicio premium que combina el para\u00edso tropical con la identidad argentina.","breadcrumb":{"@id":"https:\/\/noticiasmercedinas.com\/site\/2026\/04\/10\/de-mercedes-al-caribe-el-emprendedor-que-conquisto-republica-dominicana-con-asado-y-lanchas-exclusivas\/#breadcrumb"},"inLanguage":"es","potentialAction":[{"@type":"ReadAction","target":["https:\/\/noticiasmercedinas.com\/site\/2026\/04\/10\/de-mercedes-al-caribe-el-emprendedor-que-conquisto-republica-dominicana-con-asado-y-lanchas-exclusivas\/"]}]},{"@type":"ImageObject","inLanguage":"es","@id":"https:\/\/noticiasmercedinas.com\/site\/2026\/04\/10\/de-mercedes-al-caribe-el-emprendedor-que-conquisto-republica-dominicana-con-asado-y-lanchas-exclusivas\/#primaryimage","url":"https:\/\/noticiasmercedinas.com\/site\/wp-content\/uploads\/2026\/04\/saoneta02.jpg","contentUrl":"https:\/\/noticiasmercedinas.com\/site\/wp-content\/uploads\/2026\/04\/saoneta02.jpg","width":849,"height":607},{"@type":"BreadcrumbList","@id":"https:\/\/noticiasmercedinas.com\/site\/2026\/04\/10\/de-mercedes-al-caribe-el-emprendedor-que-conquisto-republica-dominicana-con-asado-y-lanchas-exclusivas\/#breadcrumb","itemListElement":[{"@type":"ListItem","position":1,"name":"Portada","item":"https:\/\/noticiasmercedinas.com\/site\/"},{"@type":"ListItem","position":2,"name":"De Mercedes al Caribe: conquist\u00f3 Rep\u00fablica Dominicana con asado y lanchas exclusivas"}]},{"@type":"WebSite","@id":"https:\/\/noticiasmercedinas.com\/site\/#website","url":"https:\/\/noticiasmercedinas.com\/site\/","name":"NOTICIASMERCEDINAS.COM","description":"Mercedes, Buenos Aires, Argentina","publisher":{"@id":"https:\/\/noticiasmercedinas.com\/site\/#organization"},"potentialAction":[{"@type":"SearchAction","target":{"@type":"EntryPoint","urlTemplate":"https:\/\/noticiasmercedinas.com\/site\/?s={search_term_string}"},"query-input":{"@type":"PropertyValueSpecification","valueRequired":true,"valueName":"search_term_string"}}],"inLanguage":"es"},{"@type":"Organization","@id":"https:\/\/noticiasmercedinas.com\/site\/#organization","name":"NOTICIASMERCEDINAS.COM","url":"https:\/\/noticiasmercedinas.com\/site\/","logo":{"@type":"ImageObject","inLanguage":"es","@id":"https:\/\/noticiasmercedinas.com\/site\/#\/schema\/logo\/image\/","url":"https:\/\/noticiasmercedinas.com\/site\/wp-content\/uploads\/2020\/06\/LOGO-512.jpg","contentUrl":"https:\/\/noticiasmercedinas.com\/site\/wp-content\/uploads\/2020\/06\/LOGO-512.jpg","width":512,"height":512,"caption":"NOTICIASMERCEDINAS.COM"},"image":{"@id":"https:\/\/noticiasmercedinas.com\/site\/#\/schema\/logo\/image\/"},"sameAs":["https:\/\/www.facebook.com\/noticiasmercedinas\/","https:\/\/x.com\/notmercedinas","https:\/\/www.instagram.com\/noticiasmercedinas\/"]},{"@type":"Person","@id":"https:\/\/noticiasmercedinas.com\/site\/#\/schema\/person\/84b59c099c28ff2e8b77d4ceec5d8063","name":"NOTICIASMERCEDINAS.COM","image":{"@type":"ImageObject","inLanguage":"es","@id":"https:\/\/secure.gravatar.com\/avatar\/4dfbf16b4d17945bfb6341b2d19043457132fcf478a5ee04f42e959fd8f5df0a?s=96&d=mm&r=g","url":"https:\/\/secure.gravatar.com\/avatar\/4dfbf16b4d17945bfb6341b2d19043457132fcf478a5ee04f42e959fd8f5df0a?s=96&d=mm&r=g","contentUrl":"https:\/\/secure.gravatar.com\/avatar\/4dfbf16b4d17945bfb6341b2d19043457132fcf478a5ee04f42e959fd8f5df0a?s=96&d=mm&r=g","caption":"NOTICIASMERCEDINAS.COM"},"url":"https:\/\/noticiasmercedinas.com\/site\/author\/anonimo\/"}]}},"amp_enabled":true,"_links":{"self":[{"href":"https:\/\/noticiasmercedinas.com\/site\/wp-json\/wp\/v2\/posts\/183889","targetHints":{"allow":["GET"]}}],"collection":[{"href":"https:\/\/noticiasmercedinas.com\/site\/wp-json\/wp\/v2\/posts"}],"about":[{"href":"https:\/\/noticiasmercedinas.com\/site\/wp-json\/wp\/v2\/types\/post"}],"author":[{"embeddable":true,"href":"https:\/\/noticiasmercedinas.com\/site\/wp-json\/wp\/v2\/users\/16"}],"replies":[{"embeddable":true,"href":"https:\/\/noticiasmercedinas.com\/site\/wp-json\/wp\/v2\/comments?post=183889"}],"version-history":[{"count":5,"href":"https:\/\/noticiasmercedinas.com\/site\/wp-json\/wp\/v2\/posts\/183889\/revisions"}],"predecessor-version":[{"id":183911,"href":"https:\/\/noticiasmercedinas.com\/site\/wp-json\/wp\/v2\/posts\/183889\/revisions\/183911"}],"wp:featuredmedia":[{"embeddable":true,"href":"https:\/\/noticiasmercedinas.com\/site\/wp-json\/wp\/v2\/media\/183896"}],"wp:attachment":[{"href":"https:\/\/noticiasmercedinas.com\/site\/wp-json\/wp\/v2\/media?parent=183889"}],"wp:term":[{"taxonomy":"category","embeddable":true,"href":"https:\/\/noticiasmercedinas.com\/site\/wp-json\/wp\/v2\/categories?post=183889"},{"taxonomy":"post_tag","embeddable":true,"href":"https:\/\/noticiasmercedinas.com\/site\/wp-json\/wp\/v2\/tags?post=183889"}],"curies":[{"name":"wp","href":"https:\/\/api.w.org\/{rel}","templated":true}]}}