{"id":184840,"date":"2026-04-22T09:28:10","date_gmt":"2026-04-22T12:28:10","guid":{"rendered":"https:\/\/noticiasmercedinas.com\/site\/?p=184840"},"modified":"2026-04-22T09:43:51","modified_gmt":"2026-04-22T12:43:51","slug":"gala-historica-el-prestigioso-pianista-antonio-formaro-celebra-los-120-anos-del-colegio-nacional","status":"publish","type":"post","link":"https:\/\/noticiasmercedinas.com\/site\/2026\/04\/22\/gala-historica-el-prestigioso-pianista-antonio-formaro-celebra-los-120-anos-del-colegio-nacional\/","title":{"rendered":"Gala hist\u00f3rica: pianista Antonio Formaro celebra los 120 a\u00f1os del Colegio Nacional"},"content":{"rendered":"<p data-path-to-node=\"5\"><img loading=\"lazy\" decoding=\"async\" class=\"alignnone wp-image-184843 size-full\" src=\"https:\/\/noticiasmercedinas.com\/site\/wp-content\/uploads\/2026\/04\/formaro-e1776860828990.jpg\" alt=\"\" width=\"1263\" height=\"557\" srcset=\"https:\/\/noticiasmercedinas.com\/site\/wp-content\/uploads\/2026\/04\/formaro-e1776860828990.jpg 1263w, https:\/\/noticiasmercedinas.com\/site\/wp-content\/uploads\/2026\/04\/formaro-e1776860828990-300x132.jpg 300w, https:\/\/noticiasmercedinas.com\/site\/wp-content\/uploads\/2026\/04\/formaro-e1776860828990-1024x452.jpg 1024w, https:\/\/noticiasmercedinas.com\/site\/wp-content\/uploads\/2026\/04\/formaro-e1776860828990-768x339.jpg 768w, https:\/\/noticiasmercedinas.com\/site\/wp-content\/uploads\/2026\/04\/formaro-e1776860828990-640x282.jpg 640w, https:\/\/noticiasmercedinas.com\/site\/wp-content\/uploads\/2026\/04\/formaro-e1776860828990-681x300.jpg 681w\" sizes=\"auto, (max-width: 1263px) 100vw, 1263px\" \/><\/p>\n<p data-path-to-node=\"5\">La comunidad mercedina tendr\u00e1 una cita cultural muy importante este <b data-path-to-node=\"5\" data-index-in-node=\"107\">s\u00e1bado 25 de abril a las 20:00 hs<\/b>. El Auditorio del Colegio Nacional (Avenida 17 entre 30 y 32) ser\u00e1 el escenario de una gala musical para celebrar los <b data-path-to-node=\"5\" data-index-in-node=\"259\">120 a\u00f1os de la fundaci\u00f3n del Colegio Nacional \u00abFlorentino Ameghino\u00bb<\/b>.<\/p>\n<p data-path-to-node=\"5\">El evento, organizado por <b data-path-to-node=\"5\" data-index-in-node=\"354\">Proarte Mercedes<\/b>, contar\u00e1 con la actuaci\u00f3n del maestro <b data-path-to-node=\"5\" data-index-in-node=\"409\">Antonio Formaro<\/b>, quien llega a la ciudad para ofrecer un concierto que define como una celebraci\u00f3n de la identidad musical europea y argentina.<\/p>\n<p data-path-to-node=\"6\">En di\u00e1logo con la periodista <b data-path-to-node=\"6\" data-index-in-node=\"29\">Susana Spano<\/b> en su programa <i data-path-to-node=\"6\" data-index-in-node=\"57\">\u00abMa\u00f1an\u00edsima\u00bb<\/i> (FM Radio F\u00e9nix 93.9), Formaro destac\u00f3 la relevancia de este regreso.<\/p>\n<p data-path-to-node=\"6\"><b data-path-to-node=\"6\" data-index-in-node=\"137\">\u201cEl a\u00f1o pasado actu\u00e9 en el colegio con un concierto inolvidable para m\u00ed. Justo hab\u00eda tocado en el Teatro Col\u00f3n este mismo recital, as\u00ed que puedo hacerlo tambi\u00e9n en Mercedes para este evento de festejo\u201d<\/b>, expres\u00f3 el pianista, subrayando el v\u00ednculo afectivo que lo une con la instituci\u00f3n y su p\u00fablico.<\/p>\n<p data-path-to-node=\"6\"><img loading=\"lazy\" decoding=\"async\" class=\"size-full wp-image-184842 aligncenter\" src=\"https:\/\/noticiasmercedinas.com\/site\/wp-content\/uploads\/2026\/04\/Anto4.jpg\" alt=\"\" width=\"415\" height=\"600\" srcset=\"https:\/\/noticiasmercedinas.com\/site\/wp-content\/uploads\/2026\/04\/Anto4.jpg 415w, https:\/\/noticiasmercedinas.com\/site\/wp-content\/uploads\/2026\/04\/Anto4-208x300.jpg 208w\" sizes=\"auto, (max-width: 415px) 100vw, 415px\" \/><\/p>\n<h3 data-path-to-node=\"7\"><b data-path-to-node=\"7\" data-index-in-node=\"0\">Un programa con historia y t\u00e9cnica<\/b><\/h3>\n<p data-path-to-node=\"8\">El repertorio elegido no es azaroso. Seg\u00fan explic\u00f3 el propio Formaro, la propuesta naci\u00f3 de un pedido del Teatro Col\u00f3n para reunir las grandes escuelas de piano nacionales.<\/p>\n<p data-path-to-node=\"8\">El recorrido iniciar\u00e1 con Baldassare Galuppi, un autor clave del rococ\u00f3 italiano. <b data-path-to-node=\"8\" data-index-in-node=\"255\">\u201cEs un compositor important\u00edsimo en la historia de la \u00f3pera c\u00f3mica; ese lirismo y esa gracia se notan en sus tres movimientos\u201d<\/b>, detall\u00f3 el maestro sobre esta pieza poco habitual en las salas locales.<\/p>\n<p data-path-to-node=\"9\">Uno de los puntos m\u00e1s atractivos de la noche ser\u00e1 la interpretaci\u00f3n de la <i data-path-to-node=\"9\" data-index-in-node=\"74\">Invitaci\u00f3n al Vals<\/i> de Carl Maria von Weber. Al respecto, Formaro coment\u00f3 a Spano la importancia hist\u00f3rica de esta obra: <b data-path-to-node=\"9\" data-index-in-node=\"194\">\u201cWeber no invent\u00f3 el vals, pero s\u00ed fue el primero que compuso uno de gran envergadura, de 9 o 10 minutos, y lo arm\u00f3 en forma encadenada. Fue un pionero del primer romanticismo y su alcance llega casi hasta los autores modernos\u201d<\/b>.<\/p>\n<p data-path-to-node=\"10\">Adem\u00e1s, el pianista remarc\u00f3 la conexi\u00f3n entre los autores del programa, se\u00f1alando que Weber fue, en realidad, el \u00abdisc\u00edpulo espiritual\u00bb de Felix Mendelssohn, cuyas <i data-path-to-node=\"10\" data-index-in-node=\"164\">Variaciones Serias<\/i> tambi\u00e9n formar\u00e1n parte de la gala como <b data-path-to-node=\"10\" data-index-in-node=\"222\">\u201ccaras de la misma moneda del primer romanticismo alem\u00e1n\u201d<\/b>.<\/p>\n<p><iframe loading=\"lazy\" title=\"YouTube video player\" src=\"https:\/\/www.youtube.com\/embed\/JQuvcu6Vl2Y?si=GO8UpTyaNIURsBJE\" width=\"640\" height=\"330\" frameborder=\"0\" allowfullscreen=\"allowfullscreen\"><span data-mce-type=\"bookmark\" style=\"display: inline-block; width: 0px; overflow: hidden; line-height: 0;\" class=\"mce_SELRES_start\">\ufeff<\/span><\/iframe><\/p>\n<h3 data-path-to-node=\"11\"><b data-path-to-node=\"11\" data-index-in-node=\"0\">Detalles de una noche inolvidable<\/b><\/h3>\n<p data-path-to-node=\"12\">La segunda parte del concierto abordar\u00e1 el impresionismo de <b data-path-to-node=\"12\" data-index-in-node=\"60\">Claude Debussy<\/b> y la fuerza r\u00edtmica de la <i data-path-to-node=\"12\" data-index-in-node=\"101\">Suite de Danzas Criollas<\/i> de <b data-path-to-node=\"12\" data-index-in-node=\"129\">Alberto Ginastera<\/b>, completando un abanico sonoro que promete emocionar a los asistentes en lo que Susana Spano calific\u00f3 como una <b data-path-to-node=\"12\" data-index-in-node=\"258\">\u00abjornada que va a ser realmente hist\u00f3rica para el Colegio y para Mercedes\u00bb<\/b>.<\/p>\n<p data-path-to-node=\"13,0\"><b data-path-to-node=\"13,0\" data-index-in-node=\"0\">Informaci\u00f3n \u00fatil:<\/b><\/p>\n<ul>\n<li data-path-to-node=\"13,1,0,0\"><b data-path-to-node=\"13,1,0,0\" data-index-in-node=\"0\">Cu\u00e1ndo:<\/b> S\u00e1bado 25 de abril, 20:00 hs.<\/li>\n<li data-path-to-node=\"13,1,1,0\"><b data-path-to-node=\"13,1,1,0\" data-index-in-node=\"0\">D\u00f3nde:<\/b> Auditorio Colegio Nacional (Av. 17 e\/ 30 y 32).<\/li>\n<li data-path-to-node=\"13,1,2,0\"><b data-path-to-node=\"13,1,2,0\" data-index-in-node=\"0\">Entradas:<\/b> Disponibles para no socios a <b data-path-to-node=\"13,1,2,0\" data-index-in-node=\"39\">$20.000<\/b>.<\/li>\n<li data-path-to-node=\"13,1,3,0\"><b data-path-to-node=\"13,1,3,0\" data-index-in-node=\"0\">Organiza:<\/b> Centro de Egresados del Colegio Nacional Florentino Ameghino.<\/li>\n<\/ul>\n<p data-path-to-node=\"14\">El evento representa una oportunidad \u00fanica para disfrutar de un solista de trayectoria internacional \u2014miembro de la Mendelssohn-Gesellschaft de Berl\u00edn\u2014 en el marco \u00edntimo y ac\u00fastico de uno de los edificios m\u00e1s emblem\u00e1ticos de nuestra ciudad.<\/p>\n<p data-path-to-node=\"14\"><img loading=\"lazy\" decoding=\"async\" class=\"alignnone size-full wp-image-184841\" src=\"https:\/\/noticiasmercedinas.com\/site\/wp-content\/uploads\/2026\/04\/WhatsApp-Image-2026-04-21-at-10.53.38-PM.jpeg\" alt=\"\" width=\"1132\" height=\"1600\" srcset=\"https:\/\/noticiasmercedinas.com\/site\/wp-content\/uploads\/2026\/04\/WhatsApp-Image-2026-04-21-at-10.53.38-PM.jpeg 1132w, https:\/\/noticiasmercedinas.com\/site\/wp-content\/uploads\/2026\/04\/WhatsApp-Image-2026-04-21-at-10.53.38-PM-212x300.jpeg 212w, https:\/\/noticiasmercedinas.com\/site\/wp-content\/uploads\/2026\/04\/WhatsApp-Image-2026-04-21-at-10.53.38-PM-724x1024.jpeg 724w, https:\/\/noticiasmercedinas.com\/site\/wp-content\/uploads\/2026\/04\/WhatsApp-Image-2026-04-21-at-10.53.38-PM-768x1086.jpeg 768w, https:\/\/noticiasmercedinas.com\/site\/wp-content\/uploads\/2026\/04\/WhatsApp-Image-2026-04-21-at-10.53.38-PM-1087x1536.jpeg 1087w, https:\/\/noticiasmercedinas.com\/site\/wp-content\/uploads\/2026\/04\/WhatsApp-Image-2026-04-21-at-10.53.38-PM-640x905.jpeg 640w, https:\/\/noticiasmercedinas.com\/site\/wp-content\/uploads\/2026\/04\/WhatsApp-Image-2026-04-21-at-10.53.38-PM-681x963.jpeg 681w\" sizes=\"auto, (max-width: 1132px) 100vw, 1132px\" \/><\/p>\n","protected":false},"excerpt":{"rendered":"<p>\u25a0\u00a0En el marco del ciclo Proarte Mercedes, el Dr. Antonio Formaro \u2014galardonado con el Premio Konex y solista del Teatro Col\u00f3n\u2014 ofrecer\u00e1 un concierto excepcional este s\u00e1bado 25 de abril. El programa recorre tres siglos de m\u00fasica e incluye an\u00e9cdotas sobre los or\u00edgenes del vals y la evoluci\u00f3n t\u00e9cnica del piano.<\/p>\n","protected":false},"author":16,"featured_media":184843,"comment_status":"closed","ping_status":"closed","sticky":false,"template":"","format":"standard","meta":{"footnotes":""},"categories":[4,20734],"tags":[22058,17515,613,612,4594,614],"class_list":["post-184840","post","type-post","status-publish","format-standard","has-post-thumbnail","hentry","category-cultura","category-ultimo-momento","tag-120-anos","tag-antonio-formaro","tag-centro-de-egresados","tag-colegio-nacional","tag-concierto","tag-pro-arte"],"yoast_head":"<!-- This site is optimized with the Yoast SEO plugin v27.4 - https:\/\/yoast.com\/product\/yoast-seo-wordpress\/ -->\n<title>Gala hist\u00f3rica: pianista Antonio Formaro celebra los 120 a\u00f1os del Colegio Nacional<\/title>\n<meta name=\"description\" content=\"\u25a0\u00a0En el marco del ciclo Proarte Mercedes, el Dr. Antonio Formaro \u2014galardonado con el Premio Konex y solista del Teatro Col\u00f3n\u2014 ofrecer\u00e1 un concierto excepcional este s\u00e1bado 25 de abril. El programa recorre tres siglos de m\u00fasica e incluye an\u00e9cdotas sobre los or\u00edgenes del vals y la evoluci\u00f3n t\u00e9cnica del piano.\" \/>\n<meta name=\"robots\" content=\"index, follow, max-snippet:-1, max-image-preview:large, max-video-preview:-1\" \/>\n<link rel=\"canonical\" href=\"https:\/\/noticiasmercedinas.com\/site\/2026\/04\/22\/gala-historica-el-prestigioso-pianista-antonio-formaro-celebra-los-120-anos-del-colegio-nacional\/\" \/>\n<meta property=\"og:locale\" content=\"es_ES\" \/>\n<meta property=\"og:type\" content=\"article\" \/>\n<meta property=\"og:title\" content=\"Gala hist\u00f3rica: pianista Antonio Formaro celebra los 120 a\u00f1os del Colegio Nacional\" \/>\n<meta property=\"og:description\" content=\"\u25a0\u00a0En el marco del ciclo Proarte Mercedes, el Dr. Antonio Formaro \u2014galardonado con el Premio Konex y solista del Teatro Col\u00f3n\u2014 ofrecer\u00e1 un concierto excepcional este s\u00e1bado 25 de abril. El programa recorre tres siglos de m\u00fasica e incluye an\u00e9cdotas sobre los or\u00edgenes del vals y la evoluci\u00f3n t\u00e9cnica del piano.\" \/>\n<meta property=\"og:url\" content=\"https:\/\/noticiasmercedinas.com\/site\/2026\/04\/22\/gala-historica-el-prestigioso-pianista-antonio-formaro-celebra-los-120-anos-del-colegio-nacional\/\" \/>\n<meta property=\"og:site_name\" content=\"NOTICIASMERCEDINAS.COM\" \/>\n<meta property=\"article:publisher\" content=\"https:\/\/www.facebook.com\/noticiasmercedinas\/\" \/>\n<meta property=\"article:published_time\" content=\"2026-04-22T12:28:10+00:00\" \/>\n<meta property=\"article:modified_time\" content=\"2026-04-22T12:43:51+00:00\" \/>\n<meta property=\"og:image\" content=\"https:\/\/noticiasmercedinas.com\/site\/wp-content\/uploads\/2026\/04\/formaro-e1776860828990.jpg\" \/>\n\t<meta property=\"og:image:width\" content=\"1263\" \/>\n\t<meta property=\"og:image:height\" content=\"557\" \/>\n\t<meta property=\"og:image:type\" content=\"image\/jpeg\" \/>\n<meta name=\"author\" content=\"NOTICIASMERCEDINAS.COM\" \/>\n<meta name=\"twitter:card\" content=\"summary_large_image\" \/>\n<meta name=\"twitter:creator\" content=\"@notmercedinas\" \/>\n<meta name=\"twitter:site\" content=\"@notmercedinas\" \/>\n<meta name=\"twitter:label1\" content=\"Escrito por\" \/>\n\t<meta name=\"twitter:data1\" content=\"NOTICIASMERCEDINAS.COM\" \/>\n\t<meta name=\"twitter:label2\" content=\"Tiempo de lectura\" \/>\n\t<meta name=\"twitter:data2\" content=\"4 minutos\" \/>\n<script type=\"application\/ld+json\" class=\"yoast-schema-graph\">{\"@context\":\"https:\\\/\\\/schema.org\",\"@graph\":[{\"@type\":\"Article\",\"@id\":\"https:\\\/\\\/noticiasmercedinas.com\\\/site\\\/2026\\\/04\\\/22\\\/gala-historica-el-prestigioso-pianista-antonio-formaro-celebra-los-120-anos-del-colegio-nacional\\\/#article\",\"isPartOf\":{\"@id\":\"https:\\\/\\\/noticiasmercedinas.com\\\/site\\\/2026\\\/04\\\/22\\\/gala-historica-el-prestigioso-pianista-antonio-formaro-celebra-los-120-anos-del-colegio-nacional\\\/\"},\"author\":{\"name\":\"NOTICIASMERCEDINAS.COM\",\"@id\":\"https:\\\/\\\/noticiasmercedinas.com\\\/site\\\/#\\\/schema\\\/person\\\/84b59c099c28ff2e8b77d4ceec5d8063\"},\"headline\":\"Gala hist\u00f3rica: pianista Antonio Formaro celebra los 120 a\u00f1os del Colegio Nacional\",\"datePublished\":\"2026-04-22T12:28:10+00:00\",\"dateModified\":\"2026-04-22T12:43:51+00:00\",\"mainEntityOfPage\":{\"@id\":\"https:\\\/\\\/noticiasmercedinas.com\\\/site\\\/2026\\\/04\\\/22\\\/gala-historica-el-prestigioso-pianista-antonio-formaro-celebra-los-120-anos-del-colegio-nacional\\\/\"},\"wordCount\":526,\"publisher\":{\"@id\":\"https:\\\/\\\/noticiasmercedinas.com\\\/site\\\/#organization\"},\"image\":{\"@id\":\"https:\\\/\\\/noticiasmercedinas.com\\\/site\\\/2026\\\/04\\\/22\\\/gala-historica-el-prestigioso-pianista-antonio-formaro-celebra-los-120-anos-del-colegio-nacional\\\/#primaryimage\"},\"thumbnailUrl\":\"https:\\\/\\\/noticiasmercedinas.com\\\/site\\\/wp-content\\\/uploads\\\/2026\\\/04\\\/formaro-e1776860828990.jpg\",\"keywords\":[\"120 a\u00f1os\",\"Antonio Formaro\",\"centro de egresados\",\"colegio nacional\",\"concierto\",\"pro arte\"],\"articleSection\":[\"Cultura\",\"Ultimo momento\"],\"inLanguage\":\"es\"},{\"@type\":\"WebPage\",\"@id\":\"https:\\\/\\\/noticiasmercedinas.com\\\/site\\\/2026\\\/04\\\/22\\\/gala-historica-el-prestigioso-pianista-antonio-formaro-celebra-los-120-anos-del-colegio-nacional\\\/\",\"url\":\"https:\\\/\\\/noticiasmercedinas.com\\\/site\\\/2026\\\/04\\\/22\\\/gala-historica-el-prestigioso-pianista-antonio-formaro-celebra-los-120-anos-del-colegio-nacional\\\/\",\"name\":\"Gala hist\u00f3rica: pianista Antonio Formaro celebra los 120 a\u00f1os del Colegio Nacional\",\"isPartOf\":{\"@id\":\"https:\\\/\\\/noticiasmercedinas.com\\\/site\\\/#website\"},\"primaryImageOfPage\":{\"@id\":\"https:\\\/\\\/noticiasmercedinas.com\\\/site\\\/2026\\\/04\\\/22\\\/gala-historica-el-prestigioso-pianista-antonio-formaro-celebra-los-120-anos-del-colegio-nacional\\\/#primaryimage\"},\"image\":{\"@id\":\"https:\\\/\\\/noticiasmercedinas.com\\\/site\\\/2026\\\/04\\\/22\\\/gala-historica-el-prestigioso-pianista-antonio-formaro-celebra-los-120-anos-del-colegio-nacional\\\/#primaryimage\"},\"thumbnailUrl\":\"https:\\\/\\\/noticiasmercedinas.com\\\/site\\\/wp-content\\\/uploads\\\/2026\\\/04\\\/formaro-e1776860828990.jpg\",\"datePublished\":\"2026-04-22T12:28:10+00:00\",\"dateModified\":\"2026-04-22T12:43:51+00:00\",\"description\":\"\u25a0\u00a0En el marco del ciclo Proarte Mercedes, el Dr. Antonio Formaro \u2014galardonado con el Premio Konex y solista del Teatro Col\u00f3n\u2014 ofrecer\u00e1 un concierto excepcional este s\u00e1bado 25 de abril. El programa recorre tres siglos de m\u00fasica e incluye an\u00e9cdotas sobre los or\u00edgenes del vals y la evoluci\u00f3n t\u00e9cnica del piano.\",\"breadcrumb\":{\"@id\":\"https:\\\/\\\/noticiasmercedinas.com\\\/site\\\/2026\\\/04\\\/22\\\/gala-historica-el-prestigioso-pianista-antonio-formaro-celebra-los-120-anos-del-colegio-nacional\\\/#breadcrumb\"},\"inLanguage\":\"es\",\"potentialAction\":[{\"@type\":\"ReadAction\",\"target\":[\"https:\\\/\\\/noticiasmercedinas.com\\\/site\\\/2026\\\/04\\\/22\\\/gala-historica-el-prestigioso-pianista-antonio-formaro-celebra-los-120-anos-del-colegio-nacional\\\/\"]}]},{\"@type\":\"ImageObject\",\"inLanguage\":\"es\",\"@id\":\"https:\\\/\\\/noticiasmercedinas.com\\\/site\\\/2026\\\/04\\\/22\\\/gala-historica-el-prestigioso-pianista-antonio-formaro-celebra-los-120-anos-del-colegio-nacional\\\/#primaryimage\",\"url\":\"https:\\\/\\\/noticiasmercedinas.com\\\/site\\\/wp-content\\\/uploads\\\/2026\\\/04\\\/formaro-e1776860828990.jpg\",\"contentUrl\":\"https:\\\/\\\/noticiasmercedinas.com\\\/site\\\/wp-content\\\/uploads\\\/2026\\\/04\\\/formaro-e1776860828990.jpg\",\"width\":1263,\"height\":557},{\"@type\":\"BreadcrumbList\",\"@id\":\"https:\\\/\\\/noticiasmercedinas.com\\\/site\\\/2026\\\/04\\\/22\\\/gala-historica-el-prestigioso-pianista-antonio-formaro-celebra-los-120-anos-del-colegio-nacional\\\/#breadcrumb\",\"itemListElement\":[{\"@type\":\"ListItem\",\"position\":1,\"name\":\"Portada\",\"item\":\"https:\\\/\\\/noticiasmercedinas.com\\\/site\\\/\"},{\"@type\":\"ListItem\",\"position\":2,\"name\":\"Gala hist\u00f3rica: pianista Antonio Formaro celebra los 120 a\u00f1os del Colegio Nacional\"}]},{\"@type\":\"WebSite\",\"@id\":\"https:\\\/\\\/noticiasmercedinas.com\\\/site\\\/#website\",\"url\":\"https:\\\/\\\/noticiasmercedinas.com\\\/site\\\/\",\"name\":\"NOTICIASMERCEDINAS.COM\",\"description\":\"Mercedes, Buenos Aires, Argentina\",\"publisher\":{\"@id\":\"https:\\\/\\\/noticiasmercedinas.com\\\/site\\\/#organization\"},\"potentialAction\":[{\"@type\":\"SearchAction\",\"target\":{\"@type\":\"EntryPoint\",\"urlTemplate\":\"https:\\\/\\\/noticiasmercedinas.com\\\/site\\\/?s={search_term_string}\"},\"query-input\":{\"@type\":\"PropertyValueSpecification\",\"valueRequired\":true,\"valueName\":\"search_term_string\"}}],\"inLanguage\":\"es\"},{\"@type\":\"Organization\",\"@id\":\"https:\\\/\\\/noticiasmercedinas.com\\\/site\\\/#organization\",\"name\":\"NOTICIASMERCEDINAS.COM\",\"url\":\"https:\\\/\\\/noticiasmercedinas.com\\\/site\\\/\",\"logo\":{\"@type\":\"ImageObject\",\"inLanguage\":\"es\",\"@id\":\"https:\\\/\\\/noticiasmercedinas.com\\\/site\\\/#\\\/schema\\\/logo\\\/image\\\/\",\"url\":\"https:\\\/\\\/noticiasmercedinas.com\\\/site\\\/wp-content\\\/uploads\\\/2020\\\/06\\\/LOGO-512.jpg\",\"contentUrl\":\"https:\\\/\\\/noticiasmercedinas.com\\\/site\\\/wp-content\\\/uploads\\\/2020\\\/06\\\/LOGO-512.jpg\",\"width\":512,\"height\":512,\"caption\":\"NOTICIASMERCEDINAS.COM\"},\"image\":{\"@id\":\"https:\\\/\\\/noticiasmercedinas.com\\\/site\\\/#\\\/schema\\\/logo\\\/image\\\/\"},\"sameAs\":[\"https:\\\/\\\/www.facebook.com\\\/noticiasmercedinas\\\/\",\"https:\\\/\\\/x.com\\\/notmercedinas\",\"https:\\\/\\\/www.instagram.com\\\/noticiasmercedinas\\\/\"]},{\"@type\":\"Person\",\"@id\":\"https:\\\/\\\/noticiasmercedinas.com\\\/site\\\/#\\\/schema\\\/person\\\/84b59c099c28ff2e8b77d4ceec5d8063\",\"name\":\"NOTICIASMERCEDINAS.COM\",\"image\":{\"@type\":\"ImageObject\",\"inLanguage\":\"es\",\"@id\":\"https:\\\/\\\/secure.gravatar.com\\\/avatar\\\/4dfbf16b4d17945bfb6341b2d19043457132fcf478a5ee04f42e959fd8f5df0a?s=96&d=mm&r=g\",\"url\":\"https:\\\/\\\/secure.gravatar.com\\\/avatar\\\/4dfbf16b4d17945bfb6341b2d19043457132fcf478a5ee04f42e959fd8f5df0a?s=96&d=mm&r=g\",\"contentUrl\":\"https:\\\/\\\/secure.gravatar.com\\\/avatar\\\/4dfbf16b4d17945bfb6341b2d19043457132fcf478a5ee04f42e959fd8f5df0a?s=96&d=mm&r=g\",\"caption\":\"NOTICIASMERCEDINAS.COM\"},\"url\":\"https:\\\/\\\/noticiasmercedinas.com\\\/site\\\/author\\\/anonimo\\\/\"}]}<\/script>\n<!-- \/ Yoast SEO plugin. -->","yoast_head_json":{"title":"Gala hist\u00f3rica: pianista Antonio Formaro celebra los 120 a\u00f1os del Colegio Nacional","description":"\u25a0\u00a0En el marco del ciclo Proarte Mercedes, el Dr. Antonio Formaro \u2014galardonado con el Premio Konex y solista del Teatro Col\u00f3n\u2014 ofrecer\u00e1 un concierto excepcional este s\u00e1bado 25 de abril. El programa recorre tres siglos de m\u00fasica e incluye an\u00e9cdotas sobre los or\u00edgenes del vals y la evoluci\u00f3n t\u00e9cnica del piano.","robots":{"index":"index","follow":"follow","max-snippet":"max-snippet:-1","max-image-preview":"max-image-preview:large","max-video-preview":"max-video-preview:-1"},"canonical":"https:\/\/noticiasmercedinas.com\/site\/2026\/04\/22\/gala-historica-el-prestigioso-pianista-antonio-formaro-celebra-los-120-anos-del-colegio-nacional\/","og_locale":"es_ES","og_type":"article","og_title":"Gala hist\u00f3rica: pianista Antonio Formaro celebra los 120 a\u00f1os del Colegio Nacional","og_description":"\u25a0\u00a0En el marco del ciclo Proarte Mercedes, el Dr. Antonio Formaro \u2014galardonado con el Premio Konex y solista del Teatro Col\u00f3n\u2014 ofrecer\u00e1 un concierto excepcional este s\u00e1bado 25 de abril. El programa recorre tres siglos de m\u00fasica e incluye an\u00e9cdotas sobre los or\u00edgenes del vals y la evoluci\u00f3n t\u00e9cnica del piano.","og_url":"https:\/\/noticiasmercedinas.com\/site\/2026\/04\/22\/gala-historica-el-prestigioso-pianista-antonio-formaro-celebra-los-120-anos-del-colegio-nacional\/","og_site_name":"NOTICIASMERCEDINAS.COM","article_publisher":"https:\/\/www.facebook.com\/noticiasmercedinas\/","article_published_time":"2026-04-22T12:28:10+00:00","article_modified_time":"2026-04-22T12:43:51+00:00","og_image":[{"width":1263,"height":557,"url":"https:\/\/noticiasmercedinas.com\/site\/wp-content\/uploads\/2026\/04\/formaro-e1776860828990.jpg","type":"image\/jpeg"}],"author":"NOTICIASMERCEDINAS.COM","twitter_card":"summary_large_image","twitter_creator":"@notmercedinas","twitter_site":"@notmercedinas","twitter_misc":{"Escrito por":"NOTICIASMERCEDINAS.COM","Tiempo de lectura":"4 minutos"},"schema":{"@context":"https:\/\/schema.org","@graph":[{"@type":"Article","@id":"https:\/\/noticiasmercedinas.com\/site\/2026\/04\/22\/gala-historica-el-prestigioso-pianista-antonio-formaro-celebra-los-120-anos-del-colegio-nacional\/#article","isPartOf":{"@id":"https:\/\/noticiasmercedinas.com\/site\/2026\/04\/22\/gala-historica-el-prestigioso-pianista-antonio-formaro-celebra-los-120-anos-del-colegio-nacional\/"},"author":{"name":"NOTICIASMERCEDINAS.COM","@id":"https:\/\/noticiasmercedinas.com\/site\/#\/schema\/person\/84b59c099c28ff2e8b77d4ceec5d8063"},"headline":"Gala hist\u00f3rica: pianista Antonio Formaro celebra los 120 a\u00f1os del Colegio Nacional","datePublished":"2026-04-22T12:28:10+00:00","dateModified":"2026-04-22T12:43:51+00:00","mainEntityOfPage":{"@id":"https:\/\/noticiasmercedinas.com\/site\/2026\/04\/22\/gala-historica-el-prestigioso-pianista-antonio-formaro-celebra-los-120-anos-del-colegio-nacional\/"},"wordCount":526,"publisher":{"@id":"https:\/\/noticiasmercedinas.com\/site\/#organization"},"image":{"@id":"https:\/\/noticiasmercedinas.com\/site\/2026\/04\/22\/gala-historica-el-prestigioso-pianista-antonio-formaro-celebra-los-120-anos-del-colegio-nacional\/#primaryimage"},"thumbnailUrl":"https:\/\/noticiasmercedinas.com\/site\/wp-content\/uploads\/2026\/04\/formaro-e1776860828990.jpg","keywords":["120 a\u00f1os","Antonio Formaro","centro de egresados","colegio nacional","concierto","pro arte"],"articleSection":["Cultura","Ultimo momento"],"inLanguage":"es"},{"@type":"WebPage","@id":"https:\/\/noticiasmercedinas.com\/site\/2026\/04\/22\/gala-historica-el-prestigioso-pianista-antonio-formaro-celebra-los-120-anos-del-colegio-nacional\/","url":"https:\/\/noticiasmercedinas.com\/site\/2026\/04\/22\/gala-historica-el-prestigioso-pianista-antonio-formaro-celebra-los-120-anos-del-colegio-nacional\/","name":"Gala hist\u00f3rica: pianista Antonio Formaro celebra los 120 a\u00f1os del Colegio Nacional","isPartOf":{"@id":"https:\/\/noticiasmercedinas.com\/site\/#website"},"primaryImageOfPage":{"@id":"https:\/\/noticiasmercedinas.com\/site\/2026\/04\/22\/gala-historica-el-prestigioso-pianista-antonio-formaro-celebra-los-120-anos-del-colegio-nacional\/#primaryimage"},"image":{"@id":"https:\/\/noticiasmercedinas.com\/site\/2026\/04\/22\/gala-historica-el-prestigioso-pianista-antonio-formaro-celebra-los-120-anos-del-colegio-nacional\/#primaryimage"},"thumbnailUrl":"https:\/\/noticiasmercedinas.com\/site\/wp-content\/uploads\/2026\/04\/formaro-e1776860828990.jpg","datePublished":"2026-04-22T12:28:10+00:00","dateModified":"2026-04-22T12:43:51+00:00","description":"\u25a0\u00a0En el marco del ciclo Proarte Mercedes, el Dr. Antonio Formaro \u2014galardonado con el Premio Konex y solista del Teatro Col\u00f3n\u2014 ofrecer\u00e1 un concierto excepcional este s\u00e1bado 25 de abril. El programa recorre tres siglos de m\u00fasica e incluye an\u00e9cdotas sobre los or\u00edgenes del vals y la evoluci\u00f3n t\u00e9cnica del piano.","breadcrumb":{"@id":"https:\/\/noticiasmercedinas.com\/site\/2026\/04\/22\/gala-historica-el-prestigioso-pianista-antonio-formaro-celebra-los-120-anos-del-colegio-nacional\/#breadcrumb"},"inLanguage":"es","potentialAction":[{"@type":"ReadAction","target":["https:\/\/noticiasmercedinas.com\/site\/2026\/04\/22\/gala-historica-el-prestigioso-pianista-antonio-formaro-celebra-los-120-anos-del-colegio-nacional\/"]}]},{"@type":"ImageObject","inLanguage":"es","@id":"https:\/\/noticiasmercedinas.com\/site\/2026\/04\/22\/gala-historica-el-prestigioso-pianista-antonio-formaro-celebra-los-120-anos-del-colegio-nacional\/#primaryimage","url":"https:\/\/noticiasmercedinas.com\/site\/wp-content\/uploads\/2026\/04\/formaro-e1776860828990.jpg","contentUrl":"https:\/\/noticiasmercedinas.com\/site\/wp-content\/uploads\/2026\/04\/formaro-e1776860828990.jpg","width":1263,"height":557},{"@type":"BreadcrumbList","@id":"https:\/\/noticiasmercedinas.com\/site\/2026\/04\/22\/gala-historica-el-prestigioso-pianista-antonio-formaro-celebra-los-120-anos-del-colegio-nacional\/#breadcrumb","itemListElement":[{"@type":"ListItem","position":1,"name":"Portada","item":"https:\/\/noticiasmercedinas.com\/site\/"},{"@type":"ListItem","position":2,"name":"Gala hist\u00f3rica: pianista Antonio Formaro celebra los 120 a\u00f1os del Colegio Nacional"}]},{"@type":"WebSite","@id":"https:\/\/noticiasmercedinas.com\/site\/#website","url":"https:\/\/noticiasmercedinas.com\/site\/","name":"NOTICIASMERCEDINAS.COM","description":"Mercedes, Buenos Aires, Argentina","publisher":{"@id":"https:\/\/noticiasmercedinas.com\/site\/#organization"},"potentialAction":[{"@type":"SearchAction","target":{"@type":"EntryPoint","urlTemplate":"https:\/\/noticiasmercedinas.com\/site\/?s={search_term_string}"},"query-input":{"@type":"PropertyValueSpecification","valueRequired":true,"valueName":"search_term_string"}}],"inLanguage":"es"},{"@type":"Organization","@id":"https:\/\/noticiasmercedinas.com\/site\/#organization","name":"NOTICIASMERCEDINAS.COM","url":"https:\/\/noticiasmercedinas.com\/site\/","logo":{"@type":"ImageObject","inLanguage":"es","@id":"https:\/\/noticiasmercedinas.com\/site\/#\/schema\/logo\/image\/","url":"https:\/\/noticiasmercedinas.com\/site\/wp-content\/uploads\/2020\/06\/LOGO-512.jpg","contentUrl":"https:\/\/noticiasmercedinas.com\/site\/wp-content\/uploads\/2020\/06\/LOGO-512.jpg","width":512,"height":512,"caption":"NOTICIASMERCEDINAS.COM"},"image":{"@id":"https:\/\/noticiasmercedinas.com\/site\/#\/schema\/logo\/image\/"},"sameAs":["https:\/\/www.facebook.com\/noticiasmercedinas\/","https:\/\/x.com\/notmercedinas","https:\/\/www.instagram.com\/noticiasmercedinas\/"]},{"@type":"Person","@id":"https:\/\/noticiasmercedinas.com\/site\/#\/schema\/person\/84b59c099c28ff2e8b77d4ceec5d8063","name":"NOTICIASMERCEDINAS.COM","image":{"@type":"ImageObject","inLanguage":"es","@id":"https:\/\/secure.gravatar.com\/avatar\/4dfbf16b4d17945bfb6341b2d19043457132fcf478a5ee04f42e959fd8f5df0a?s=96&d=mm&r=g","url":"https:\/\/secure.gravatar.com\/avatar\/4dfbf16b4d17945bfb6341b2d19043457132fcf478a5ee04f42e959fd8f5df0a?s=96&d=mm&r=g","contentUrl":"https:\/\/secure.gravatar.com\/avatar\/4dfbf16b4d17945bfb6341b2d19043457132fcf478a5ee04f42e959fd8f5df0a?s=96&d=mm&r=g","caption":"NOTICIASMERCEDINAS.COM"},"url":"https:\/\/noticiasmercedinas.com\/site\/author\/anonimo\/"}]}},"amp_enabled":true,"_links":{"self":[{"href":"https:\/\/noticiasmercedinas.com\/site\/wp-json\/wp\/v2\/posts\/184840","targetHints":{"allow":["GET"]}}],"collection":[{"href":"https:\/\/noticiasmercedinas.com\/site\/wp-json\/wp\/v2\/posts"}],"about":[{"href":"https:\/\/noticiasmercedinas.com\/site\/wp-json\/wp\/v2\/types\/post"}],"author":[{"embeddable":true,"href":"https:\/\/noticiasmercedinas.com\/site\/wp-json\/wp\/v2\/users\/16"}],"replies":[{"embeddable":true,"href":"https:\/\/noticiasmercedinas.com\/site\/wp-json\/wp\/v2\/comments?post=184840"}],"version-history":[{"count":3,"href":"https:\/\/noticiasmercedinas.com\/site\/wp-json\/wp\/v2\/posts\/184840\/revisions"}],"predecessor-version":[{"id":184846,"href":"https:\/\/noticiasmercedinas.com\/site\/wp-json\/wp\/v2\/posts\/184840\/revisions\/184846"}],"wp:featuredmedia":[{"embeddable":true,"href":"https:\/\/noticiasmercedinas.com\/site\/wp-json\/wp\/v2\/media\/184843"}],"wp:attachment":[{"href":"https:\/\/noticiasmercedinas.com\/site\/wp-json\/wp\/v2\/media?parent=184840"}],"wp:term":[{"taxonomy":"category","embeddable":true,"href":"https:\/\/noticiasmercedinas.com\/site\/wp-json\/wp\/v2\/categories?post=184840"},{"taxonomy":"post_tag","embeddable":true,"href":"https:\/\/noticiasmercedinas.com\/site\/wp-json\/wp\/v2\/tags?post=184840"}],"curies":[{"name":"wp","href":"https:\/\/api.w.org\/{rel}","templated":true}]}}