{"id":184984,"date":"2026-04-24T09:13:14","date_gmt":"2026-04-24T12:13:14","guid":{"rendered":"https:\/\/noticiasmercedinas.com\/site\/?p=184984"},"modified":"2026-04-24T09:13:14","modified_gmt":"2026-04-24T12:13:14","slug":"en-el-dia-del-trabajador-la-trocha-sera-escenario-de-festival-de-food-trucks","status":"publish","type":"post","link":"https:\/\/noticiasmercedinas.com\/site\/2026\/04\/24\/en-el-dia-del-trabajador-la-trocha-sera-escenario-de-festival-de-food-trucks\/","title":{"rendered":"En el D\u00eda del Trabajador, La Trocha ser\u00e1 escenario de Festival de Food Trucks"},"content":{"rendered":"<p><img loading=\"lazy\" decoding=\"async\" class=\"alignnone size-full wp-image-184986\" src=\"https:\/\/noticiasmercedinas.com\/site\/wp-content\/uploads\/2026\/04\/festival.jpg\" alt=\"\" width=\"1111\" height=\"748\" srcset=\"https:\/\/noticiasmercedinas.com\/site\/wp-content\/uploads\/2026\/04\/festival.jpg 1111w, https:\/\/noticiasmercedinas.com\/site\/wp-content\/uploads\/2026\/04\/festival-300x202.jpg 300w, https:\/\/noticiasmercedinas.com\/site\/wp-content\/uploads\/2026\/04\/festival-1024x689.jpg 1024w, https:\/\/noticiasmercedinas.com\/site\/wp-content\/uploads\/2026\/04\/festival-768x517.jpg 768w, https:\/\/noticiasmercedinas.com\/site\/wp-content\/uploads\/2026\/04\/festival-640x431.jpg 640w, https:\/\/noticiasmercedinas.com\/site\/wp-content\/uploads\/2026\/04\/festival-681x458.jpg 681w\" sizes=\"auto, (max-width: 1111px) 100vw, 1111px\" \/><\/p>\n<p>El pr\u00f3ximo viernes 1 de mayo, el Complejo Cultural La Trocha se transformar\u00e1 en el epicentro de los festejos por el D\u00eda del Trabajador.<\/p>\n<p>Bajo una consigna que celebra el esfuerzo de los emprendedores locales y el encuentro familiar, el Anfiteatro Municipal recibir\u00e1 al \u201cFestival de Food Trucks\u201d, una propuesta que combina un despliegue gastron\u00f3mico sin precedentes con una variada agenda art\u00edstica.<\/p>\n<p>La jornada, que comenzar\u00e1 a las 11:00 horas, es organizada de manera 100% autogestiva por la asociaci\u00f3n de food trucks \u00abDe Caravana Mercedes Truckers\u00bb, con el acompa\u00f1amiento de las direcciones de Turismo y Cultura de la Municipalidad y la Asociaci\u00f3n de Cerveceros Mercedinos.<\/p>\n<p><strong>Un banquete sobre ruedas: La oferta gastron\u00f3mica<\/strong><br \/>\nLa asociaci\u00f3n \u00abDe Caravana\u00bb desembarcar\u00e1 con su flota completa para garantizar opciones para todos los paladares. Seg\u00fan confirmaron desde la organizaci\u00f3n, el patio gastron\u00f3mico contar\u00e1 con:<\/p>\n<p><strong>Cl\u00e1sicos y gourmet:<\/strong> Hamburguesas, bondiola, pizzas, papas fritas, panchos y sushi.<\/p>\n<p><strong>Sabores internacionales y regionales:<\/strong> Shawarma, carnes ahumadas y los tradicionales salames mercedinos.<\/p>\n<p><strong>Sector dulce y bebidas:<\/strong> Helados, un puesto exclusivo de postres sin TACC, barras de tragos y el infaltable patio de cerveza artesanal local.<\/p>\n<p><strong>Autos cl\u00e1sicos, juegos y dos escenarios<\/strong><br \/>\nEl festival no solo ser\u00e1 una experiencia culinaria. La calle 42 se vestir\u00e1 de gala con una espectacular exposici\u00f3n de autos cl\u00e1sicos, mientras que las infancias tendr\u00e1n su lugar asegurado con dos sectores dedicados a juegos, burbujas y kermesse.<\/p>\n<p>La m\u00fasica estar\u00e1 dividida en dos momentos y espacios clave:<\/p>\n<ul>\n<li>A pura tradici\u00f3n (desde las 14:00 hs): En el escenario externo se desarrollar\u00e1 una gran pe\u00f1a folcl\u00f3rica con las actuaciones de El Ni\u00f1ence, Ballet Arami, Los Serenate\u00f1os y La Mily.<\/li>\n<li>Rock y cierre (desde las 18:00 hs): El interior del Anfiteatro vibrar\u00e1 con los acordes de Ride On, seguido por el gran cierre a las 20:00 hs a cargo de Los Peque\u00f1os Ser2. Durante todo el d\u00eda, habr\u00e1 musicalizaci\u00f3n de DJ en vivo.<\/li>\n<\/ul>\n<p><strong>El valor de lo autogestivo<\/strong><br \/>\nDesde la comisi\u00f3n directiva de la asociaci\u00f3n organizadora destacaron el esp\u00edritu del evento: \u00abEl 1 de mayo es una fecha especial porque nos permite celebrar el trabajo en comunidad. Lo autogestivo nos empuja a organizarnos y desafiarnos. Disfrutamos trabajando en equipo y as\u00ed queremos vivirlo con los vecinos\u00bb se\u00f1alaron.<\/p>\n<p><strong>Gu\u00eda del Festival<\/strong><\/p>\n<ul>\n<li><strong>Fecha:<\/strong> Viernes 1 de mayo de 2026.<\/li>\n<li><strong>Lugar:<\/strong> Anfiteatro Municipal (La Trocha) &#8211; Av. 29 y 42.<\/li>\n<li><strong>Horario:<\/strong> Desde las 11:00 AM hasta la noche.<\/li>\n<li><strong>Entrada:<\/strong> Libre y gratuita.<\/li>\n<li><strong>Dato:<\/strong> En caso de lluvia, se recomienda consultar las redes sociales oficiales de la Asociaci\u00f3n de Food Trucks para posibles reprogramaciones.<\/li>\n<\/ul>\n<p><img loading=\"lazy\" decoding=\"async\" class=\"alignnone size-full wp-image-184985\" src=\"https:\/\/noticiasmercedinas.com\/site\/wp-content\/uploads\/2026\/04\/WhatsApp-Image-2026-04-24-at-8.06.23-AM.jpeg\" alt=\"\" width=\"1161\" height=\"1600\" srcset=\"https:\/\/noticiasmercedinas.com\/site\/wp-content\/uploads\/2026\/04\/WhatsApp-Image-2026-04-24-at-8.06.23-AM.jpeg 1161w, https:\/\/noticiasmercedinas.com\/site\/wp-content\/uploads\/2026\/04\/WhatsApp-Image-2026-04-24-at-8.06.23-AM-218x300.jpeg 218w, https:\/\/noticiasmercedinas.com\/site\/wp-content\/uploads\/2026\/04\/WhatsApp-Image-2026-04-24-at-8.06.23-AM-743x1024.jpeg 743w, https:\/\/noticiasmercedinas.com\/site\/wp-content\/uploads\/2026\/04\/WhatsApp-Image-2026-04-24-at-8.06.23-AM-768x1058.jpeg 768w, https:\/\/noticiasmercedinas.com\/site\/wp-content\/uploads\/2026\/04\/WhatsApp-Image-2026-04-24-at-8.06.23-AM-1115x1536.jpeg 1115w, https:\/\/noticiasmercedinas.com\/site\/wp-content\/uploads\/2026\/04\/WhatsApp-Image-2026-04-24-at-8.06.23-AM-640x882.jpeg 640w, https:\/\/noticiasmercedinas.com\/site\/wp-content\/uploads\/2026\/04\/WhatsApp-Image-2026-04-24-at-8.06.23-AM-681x939.jpeg 681w\" sizes=\"auto, (max-width: 1161px) 100vw, 1161px\" \/><\/p>\n","protected":false},"excerpt":{"rendered":"<p>\u25a0 Con entrada libre y gratuita, el evento autogestivo organizado por la asociaci\u00f3n \u00abDe Caravana\u00bb ofrecer\u00e1 gastronom\u00eda, exposici\u00f3n de autos cl\u00e1sicos, pe\u00f1a folcl\u00f3rica y rock en vivo desde la ma\u00f1ana hasta la noche.<\/p>\n","protected":false},"author":16,"featured_media":184986,"comment_status":"closed","ping_status":"closed","sticky":false,"template":"","format":"standard","meta":{"footnotes":""},"categories":[4],"tags":[6336,22077,22076,1222,6169,1057,6167,6168,7716,5453,16501,13443],"class_list":["post-184984","post","type-post","status-publish","format-standard","has-post-thumbnail","hentry","category-cultura","tag-bondiola","tag-carnes-ahumadas","tag-de-caravana","tag-food-trucks","tag-hamburguesas","tag-la-trocha","tag-panchos","tag-papas-fritas","tag-pizzas","tag-salame-quintero","tag-shawarma","tag-sushi"],"yoast_head":"<!-- This site is optimized with the Yoast SEO plugin v27.4 - https:\/\/yoast.com\/product\/yoast-seo-wordpress\/ -->\n<title>En el D\u00eda del Trabajador, La Trocha ser\u00e1 escenario de Festival de Food Trucks<\/title>\n<meta name=\"description\" content=\"\u25a0 Con entrada libre y gratuita, el evento autogestivo organizado por la asociaci\u00f3n &quot;De Caravana&quot; ofrecer\u00e1 gastronom\u00eda, exposici\u00f3n de autos cl\u00e1sicos, pe\u00f1a folcl\u00f3rica y rock en vivo desde la ma\u00f1ana hasta la noche.\" \/>\n<meta name=\"robots\" content=\"index, follow, max-snippet:-1, max-image-preview:large, max-video-preview:-1\" \/>\n<link rel=\"canonical\" href=\"https:\/\/noticiasmercedinas.com\/site\/2026\/04\/24\/en-el-dia-del-trabajador-la-trocha-sera-escenario-de-festival-de-food-trucks\/\" \/>\n<meta property=\"og:locale\" content=\"es_ES\" \/>\n<meta property=\"og:type\" content=\"article\" \/>\n<meta property=\"og:title\" content=\"En el D\u00eda del Trabajador, La Trocha ser\u00e1 escenario de Festival de Food Trucks\" \/>\n<meta property=\"og:description\" content=\"\u25a0 Con entrada libre y gratuita, el evento autogestivo organizado por la asociaci\u00f3n &quot;De Caravana&quot; ofrecer\u00e1 gastronom\u00eda, exposici\u00f3n de autos cl\u00e1sicos, pe\u00f1a folcl\u00f3rica y rock en vivo desde la ma\u00f1ana hasta la noche.\" \/>\n<meta property=\"og:url\" content=\"https:\/\/noticiasmercedinas.com\/site\/2026\/04\/24\/en-el-dia-del-trabajador-la-trocha-sera-escenario-de-festival-de-food-trucks\/\" \/>\n<meta property=\"og:site_name\" content=\"NOTICIASMERCEDINAS.COM\" \/>\n<meta property=\"article:publisher\" content=\"https:\/\/www.facebook.com\/noticiasmercedinas\/\" \/>\n<meta property=\"article:published_time\" content=\"2026-04-24T12:13:14+00:00\" \/>\n<meta property=\"og:image\" content=\"https:\/\/noticiasmercedinas.com\/site\/wp-content\/uploads\/2026\/04\/festival.jpg\" \/>\n\t<meta property=\"og:image:width\" content=\"1111\" \/>\n\t<meta property=\"og:image:height\" content=\"748\" \/>\n\t<meta property=\"og:image:type\" content=\"image\/jpeg\" \/>\n<meta name=\"author\" content=\"NOTICIASMERCEDINAS.COM\" \/>\n<meta name=\"twitter:card\" content=\"summary_large_image\" \/>\n<meta name=\"twitter:creator\" content=\"@notmercedinas\" \/>\n<meta name=\"twitter:site\" content=\"@notmercedinas\" \/>\n<meta name=\"twitter:label1\" content=\"Escrito por\" \/>\n\t<meta name=\"twitter:data1\" content=\"NOTICIASMERCEDINAS.COM\" \/>\n\t<meta name=\"twitter:label2\" content=\"Tiempo de lectura\" \/>\n\t<meta name=\"twitter:data2\" content=\"3 minutos\" \/>\n<script type=\"application\/ld+json\" class=\"yoast-schema-graph\">{\"@context\":\"https:\\\/\\\/schema.org\",\"@graph\":[{\"@type\":\"Article\",\"@id\":\"https:\\\/\\\/noticiasmercedinas.com\\\/site\\\/2026\\\/04\\\/24\\\/en-el-dia-del-trabajador-la-trocha-sera-escenario-de-festival-de-food-trucks\\\/#article\",\"isPartOf\":{\"@id\":\"https:\\\/\\\/noticiasmercedinas.com\\\/site\\\/2026\\\/04\\\/24\\\/en-el-dia-del-trabajador-la-trocha-sera-escenario-de-festival-de-food-trucks\\\/\"},\"author\":{\"name\":\"NOTICIASMERCEDINAS.COM\",\"@id\":\"https:\\\/\\\/noticiasmercedinas.com\\\/site\\\/#\\\/schema\\\/person\\\/84b59c099c28ff2e8b77d4ceec5d8063\"},\"headline\":\"En el D\u00eda del Trabajador, La Trocha ser\u00e1 escenario de Festival de Food Trucks\",\"datePublished\":\"2026-04-24T12:13:14+00:00\",\"mainEntityOfPage\":{\"@id\":\"https:\\\/\\\/noticiasmercedinas.com\\\/site\\\/2026\\\/04\\\/24\\\/en-el-dia-del-trabajador-la-trocha-sera-escenario-de-festival-de-food-trucks\\\/\"},\"wordCount\":453,\"publisher\":{\"@id\":\"https:\\\/\\\/noticiasmercedinas.com\\\/site\\\/#organization\"},\"image\":{\"@id\":\"https:\\\/\\\/noticiasmercedinas.com\\\/site\\\/2026\\\/04\\\/24\\\/en-el-dia-del-trabajador-la-trocha-sera-escenario-de-festival-de-food-trucks\\\/#primaryimage\"},\"thumbnailUrl\":\"https:\\\/\\\/noticiasmercedinas.com\\\/site\\\/wp-content\\\/uploads\\\/2026\\\/04\\\/festival.jpg\",\"keywords\":[\"bondiola\",\"carnes ahumadas\",\"De Caravana\",\"food trucks\",\"hamburguesas\",\"la trocha\",\"panchos\",\"papas fritas\",\"Pizzas\",\"salame quintero\",\"shawarma\",\"sushi\"],\"articleSection\":[\"Cultura\"],\"inLanguage\":\"es\"},{\"@type\":\"WebPage\",\"@id\":\"https:\\\/\\\/noticiasmercedinas.com\\\/site\\\/2026\\\/04\\\/24\\\/en-el-dia-del-trabajador-la-trocha-sera-escenario-de-festival-de-food-trucks\\\/\",\"url\":\"https:\\\/\\\/noticiasmercedinas.com\\\/site\\\/2026\\\/04\\\/24\\\/en-el-dia-del-trabajador-la-trocha-sera-escenario-de-festival-de-food-trucks\\\/\",\"name\":\"En el D\u00eda del Trabajador, La Trocha ser\u00e1 escenario de Festival de Food Trucks\",\"isPartOf\":{\"@id\":\"https:\\\/\\\/noticiasmercedinas.com\\\/site\\\/#website\"},\"primaryImageOfPage\":{\"@id\":\"https:\\\/\\\/noticiasmercedinas.com\\\/site\\\/2026\\\/04\\\/24\\\/en-el-dia-del-trabajador-la-trocha-sera-escenario-de-festival-de-food-trucks\\\/#primaryimage\"},\"image\":{\"@id\":\"https:\\\/\\\/noticiasmercedinas.com\\\/site\\\/2026\\\/04\\\/24\\\/en-el-dia-del-trabajador-la-trocha-sera-escenario-de-festival-de-food-trucks\\\/#primaryimage\"},\"thumbnailUrl\":\"https:\\\/\\\/noticiasmercedinas.com\\\/site\\\/wp-content\\\/uploads\\\/2026\\\/04\\\/festival.jpg\",\"datePublished\":\"2026-04-24T12:13:14+00:00\",\"description\":\"\u25a0 Con entrada libre y gratuita, el evento autogestivo organizado por la asociaci\u00f3n \\\"De Caravana\\\" ofrecer\u00e1 gastronom\u00eda, exposici\u00f3n de autos cl\u00e1sicos, pe\u00f1a folcl\u00f3rica y rock en vivo desde la ma\u00f1ana hasta la noche.\",\"breadcrumb\":{\"@id\":\"https:\\\/\\\/noticiasmercedinas.com\\\/site\\\/2026\\\/04\\\/24\\\/en-el-dia-del-trabajador-la-trocha-sera-escenario-de-festival-de-food-trucks\\\/#breadcrumb\"},\"inLanguage\":\"es\",\"potentialAction\":[{\"@type\":\"ReadAction\",\"target\":[\"https:\\\/\\\/noticiasmercedinas.com\\\/site\\\/2026\\\/04\\\/24\\\/en-el-dia-del-trabajador-la-trocha-sera-escenario-de-festival-de-food-trucks\\\/\"]}]},{\"@type\":\"ImageObject\",\"inLanguage\":\"es\",\"@id\":\"https:\\\/\\\/noticiasmercedinas.com\\\/site\\\/2026\\\/04\\\/24\\\/en-el-dia-del-trabajador-la-trocha-sera-escenario-de-festival-de-food-trucks\\\/#primaryimage\",\"url\":\"https:\\\/\\\/noticiasmercedinas.com\\\/site\\\/wp-content\\\/uploads\\\/2026\\\/04\\\/festival.jpg\",\"contentUrl\":\"https:\\\/\\\/noticiasmercedinas.com\\\/site\\\/wp-content\\\/uploads\\\/2026\\\/04\\\/festival.jpg\",\"width\":1111,\"height\":748},{\"@type\":\"BreadcrumbList\",\"@id\":\"https:\\\/\\\/noticiasmercedinas.com\\\/site\\\/2026\\\/04\\\/24\\\/en-el-dia-del-trabajador-la-trocha-sera-escenario-de-festival-de-food-trucks\\\/#breadcrumb\",\"itemListElement\":[{\"@type\":\"ListItem\",\"position\":1,\"name\":\"Portada\",\"item\":\"https:\\\/\\\/noticiasmercedinas.com\\\/site\\\/\"},{\"@type\":\"ListItem\",\"position\":2,\"name\":\"En el D\u00eda del Trabajador, La Trocha ser\u00e1 escenario de Festival de Food Trucks\"}]},{\"@type\":\"WebSite\",\"@id\":\"https:\\\/\\\/noticiasmercedinas.com\\\/site\\\/#website\",\"url\":\"https:\\\/\\\/noticiasmercedinas.com\\\/site\\\/\",\"name\":\"NOTICIASMERCEDINAS.COM\",\"description\":\"Mercedes, Buenos Aires, Argentina\",\"publisher\":{\"@id\":\"https:\\\/\\\/noticiasmercedinas.com\\\/site\\\/#organization\"},\"potentialAction\":[{\"@type\":\"SearchAction\",\"target\":{\"@type\":\"EntryPoint\",\"urlTemplate\":\"https:\\\/\\\/noticiasmercedinas.com\\\/site\\\/?s={search_term_string}\"},\"query-input\":{\"@type\":\"PropertyValueSpecification\",\"valueRequired\":true,\"valueName\":\"search_term_string\"}}],\"inLanguage\":\"es\"},{\"@type\":\"Organization\",\"@id\":\"https:\\\/\\\/noticiasmercedinas.com\\\/site\\\/#organization\",\"name\":\"NOTICIASMERCEDINAS.COM\",\"url\":\"https:\\\/\\\/noticiasmercedinas.com\\\/site\\\/\",\"logo\":{\"@type\":\"ImageObject\",\"inLanguage\":\"es\",\"@id\":\"https:\\\/\\\/noticiasmercedinas.com\\\/site\\\/#\\\/schema\\\/logo\\\/image\\\/\",\"url\":\"https:\\\/\\\/noticiasmercedinas.com\\\/site\\\/wp-content\\\/uploads\\\/2020\\\/06\\\/LOGO-512.jpg\",\"contentUrl\":\"https:\\\/\\\/noticiasmercedinas.com\\\/site\\\/wp-content\\\/uploads\\\/2020\\\/06\\\/LOGO-512.jpg\",\"width\":512,\"height\":512,\"caption\":\"NOTICIASMERCEDINAS.COM\"},\"image\":{\"@id\":\"https:\\\/\\\/noticiasmercedinas.com\\\/site\\\/#\\\/schema\\\/logo\\\/image\\\/\"},\"sameAs\":[\"https:\\\/\\\/www.facebook.com\\\/noticiasmercedinas\\\/\",\"https:\\\/\\\/x.com\\\/notmercedinas\",\"https:\\\/\\\/www.instagram.com\\\/noticiasmercedinas\\\/\"]},{\"@type\":\"Person\",\"@id\":\"https:\\\/\\\/noticiasmercedinas.com\\\/site\\\/#\\\/schema\\\/person\\\/84b59c099c28ff2e8b77d4ceec5d8063\",\"name\":\"NOTICIASMERCEDINAS.COM\",\"image\":{\"@type\":\"ImageObject\",\"inLanguage\":\"es\",\"@id\":\"https:\\\/\\\/secure.gravatar.com\\\/avatar\\\/4dfbf16b4d17945bfb6341b2d19043457132fcf478a5ee04f42e959fd8f5df0a?s=96&d=mm&r=g\",\"url\":\"https:\\\/\\\/secure.gravatar.com\\\/avatar\\\/4dfbf16b4d17945bfb6341b2d19043457132fcf478a5ee04f42e959fd8f5df0a?s=96&d=mm&r=g\",\"contentUrl\":\"https:\\\/\\\/secure.gravatar.com\\\/avatar\\\/4dfbf16b4d17945bfb6341b2d19043457132fcf478a5ee04f42e959fd8f5df0a?s=96&d=mm&r=g\",\"caption\":\"NOTICIASMERCEDINAS.COM\"},\"url\":\"https:\\\/\\\/noticiasmercedinas.com\\\/site\\\/author\\\/anonimo\\\/\"}]}<\/script>\n<!-- \/ Yoast SEO plugin. -->","yoast_head_json":{"title":"En el D\u00eda del Trabajador, La Trocha ser\u00e1 escenario de Festival de Food Trucks","description":"\u25a0 Con entrada libre y gratuita, el evento autogestivo organizado por la asociaci\u00f3n \"De Caravana\" ofrecer\u00e1 gastronom\u00eda, exposici\u00f3n de autos cl\u00e1sicos, pe\u00f1a folcl\u00f3rica y rock en vivo desde la ma\u00f1ana hasta la noche.","robots":{"index":"index","follow":"follow","max-snippet":"max-snippet:-1","max-image-preview":"max-image-preview:large","max-video-preview":"max-video-preview:-1"},"canonical":"https:\/\/noticiasmercedinas.com\/site\/2026\/04\/24\/en-el-dia-del-trabajador-la-trocha-sera-escenario-de-festival-de-food-trucks\/","og_locale":"es_ES","og_type":"article","og_title":"En el D\u00eda del Trabajador, La Trocha ser\u00e1 escenario de Festival de Food Trucks","og_description":"\u25a0 Con entrada libre y gratuita, el evento autogestivo organizado por la asociaci\u00f3n \"De Caravana\" ofrecer\u00e1 gastronom\u00eda, exposici\u00f3n de autos cl\u00e1sicos, pe\u00f1a folcl\u00f3rica y rock en vivo desde la ma\u00f1ana hasta la noche.","og_url":"https:\/\/noticiasmercedinas.com\/site\/2026\/04\/24\/en-el-dia-del-trabajador-la-trocha-sera-escenario-de-festival-de-food-trucks\/","og_site_name":"NOTICIASMERCEDINAS.COM","article_publisher":"https:\/\/www.facebook.com\/noticiasmercedinas\/","article_published_time":"2026-04-24T12:13:14+00:00","og_image":[{"width":1111,"height":748,"url":"https:\/\/noticiasmercedinas.com\/site\/wp-content\/uploads\/2026\/04\/festival.jpg","type":"image\/jpeg"}],"author":"NOTICIASMERCEDINAS.COM","twitter_card":"summary_large_image","twitter_creator":"@notmercedinas","twitter_site":"@notmercedinas","twitter_misc":{"Escrito por":"NOTICIASMERCEDINAS.COM","Tiempo de lectura":"3 minutos"},"schema":{"@context":"https:\/\/schema.org","@graph":[{"@type":"Article","@id":"https:\/\/noticiasmercedinas.com\/site\/2026\/04\/24\/en-el-dia-del-trabajador-la-trocha-sera-escenario-de-festival-de-food-trucks\/#article","isPartOf":{"@id":"https:\/\/noticiasmercedinas.com\/site\/2026\/04\/24\/en-el-dia-del-trabajador-la-trocha-sera-escenario-de-festival-de-food-trucks\/"},"author":{"name":"NOTICIASMERCEDINAS.COM","@id":"https:\/\/noticiasmercedinas.com\/site\/#\/schema\/person\/84b59c099c28ff2e8b77d4ceec5d8063"},"headline":"En el D\u00eda del Trabajador, La Trocha ser\u00e1 escenario de Festival de Food Trucks","datePublished":"2026-04-24T12:13:14+00:00","mainEntityOfPage":{"@id":"https:\/\/noticiasmercedinas.com\/site\/2026\/04\/24\/en-el-dia-del-trabajador-la-trocha-sera-escenario-de-festival-de-food-trucks\/"},"wordCount":453,"publisher":{"@id":"https:\/\/noticiasmercedinas.com\/site\/#organization"},"image":{"@id":"https:\/\/noticiasmercedinas.com\/site\/2026\/04\/24\/en-el-dia-del-trabajador-la-trocha-sera-escenario-de-festival-de-food-trucks\/#primaryimage"},"thumbnailUrl":"https:\/\/noticiasmercedinas.com\/site\/wp-content\/uploads\/2026\/04\/festival.jpg","keywords":["bondiola","carnes ahumadas","De Caravana","food trucks","hamburguesas","la trocha","panchos","papas fritas","Pizzas","salame quintero","shawarma","sushi"],"articleSection":["Cultura"],"inLanguage":"es"},{"@type":"WebPage","@id":"https:\/\/noticiasmercedinas.com\/site\/2026\/04\/24\/en-el-dia-del-trabajador-la-trocha-sera-escenario-de-festival-de-food-trucks\/","url":"https:\/\/noticiasmercedinas.com\/site\/2026\/04\/24\/en-el-dia-del-trabajador-la-trocha-sera-escenario-de-festival-de-food-trucks\/","name":"En el D\u00eda del Trabajador, La Trocha ser\u00e1 escenario de Festival de Food Trucks","isPartOf":{"@id":"https:\/\/noticiasmercedinas.com\/site\/#website"},"primaryImageOfPage":{"@id":"https:\/\/noticiasmercedinas.com\/site\/2026\/04\/24\/en-el-dia-del-trabajador-la-trocha-sera-escenario-de-festival-de-food-trucks\/#primaryimage"},"image":{"@id":"https:\/\/noticiasmercedinas.com\/site\/2026\/04\/24\/en-el-dia-del-trabajador-la-trocha-sera-escenario-de-festival-de-food-trucks\/#primaryimage"},"thumbnailUrl":"https:\/\/noticiasmercedinas.com\/site\/wp-content\/uploads\/2026\/04\/festival.jpg","datePublished":"2026-04-24T12:13:14+00:00","description":"\u25a0 Con entrada libre y gratuita, el evento autogestivo organizado por la asociaci\u00f3n \"De Caravana\" ofrecer\u00e1 gastronom\u00eda, exposici\u00f3n de autos cl\u00e1sicos, pe\u00f1a folcl\u00f3rica y rock en vivo desde la ma\u00f1ana hasta la noche.","breadcrumb":{"@id":"https:\/\/noticiasmercedinas.com\/site\/2026\/04\/24\/en-el-dia-del-trabajador-la-trocha-sera-escenario-de-festival-de-food-trucks\/#breadcrumb"},"inLanguage":"es","potentialAction":[{"@type":"ReadAction","target":["https:\/\/noticiasmercedinas.com\/site\/2026\/04\/24\/en-el-dia-del-trabajador-la-trocha-sera-escenario-de-festival-de-food-trucks\/"]}]},{"@type":"ImageObject","inLanguage":"es","@id":"https:\/\/noticiasmercedinas.com\/site\/2026\/04\/24\/en-el-dia-del-trabajador-la-trocha-sera-escenario-de-festival-de-food-trucks\/#primaryimage","url":"https:\/\/noticiasmercedinas.com\/site\/wp-content\/uploads\/2026\/04\/festival.jpg","contentUrl":"https:\/\/noticiasmercedinas.com\/site\/wp-content\/uploads\/2026\/04\/festival.jpg","width":1111,"height":748},{"@type":"BreadcrumbList","@id":"https:\/\/noticiasmercedinas.com\/site\/2026\/04\/24\/en-el-dia-del-trabajador-la-trocha-sera-escenario-de-festival-de-food-trucks\/#breadcrumb","itemListElement":[{"@type":"ListItem","position":1,"name":"Portada","item":"https:\/\/noticiasmercedinas.com\/site\/"},{"@type":"ListItem","position":2,"name":"En el D\u00eda del Trabajador, La Trocha ser\u00e1 escenario de Festival de Food Trucks"}]},{"@type":"WebSite","@id":"https:\/\/noticiasmercedinas.com\/site\/#website","url":"https:\/\/noticiasmercedinas.com\/site\/","name":"NOTICIASMERCEDINAS.COM","description":"Mercedes, Buenos Aires, Argentina","publisher":{"@id":"https:\/\/noticiasmercedinas.com\/site\/#organization"},"potentialAction":[{"@type":"SearchAction","target":{"@type":"EntryPoint","urlTemplate":"https:\/\/noticiasmercedinas.com\/site\/?s={search_term_string}"},"query-input":{"@type":"PropertyValueSpecification","valueRequired":true,"valueName":"search_term_string"}}],"inLanguage":"es"},{"@type":"Organization","@id":"https:\/\/noticiasmercedinas.com\/site\/#organization","name":"NOTICIASMERCEDINAS.COM","url":"https:\/\/noticiasmercedinas.com\/site\/","logo":{"@type":"ImageObject","inLanguage":"es","@id":"https:\/\/noticiasmercedinas.com\/site\/#\/schema\/logo\/image\/","url":"https:\/\/noticiasmercedinas.com\/site\/wp-content\/uploads\/2020\/06\/LOGO-512.jpg","contentUrl":"https:\/\/noticiasmercedinas.com\/site\/wp-content\/uploads\/2020\/06\/LOGO-512.jpg","width":512,"height":512,"caption":"NOTICIASMERCEDINAS.COM"},"image":{"@id":"https:\/\/noticiasmercedinas.com\/site\/#\/schema\/logo\/image\/"},"sameAs":["https:\/\/www.facebook.com\/noticiasmercedinas\/","https:\/\/x.com\/notmercedinas","https:\/\/www.instagram.com\/noticiasmercedinas\/"]},{"@type":"Person","@id":"https:\/\/noticiasmercedinas.com\/site\/#\/schema\/person\/84b59c099c28ff2e8b77d4ceec5d8063","name":"NOTICIASMERCEDINAS.COM","image":{"@type":"ImageObject","inLanguage":"es","@id":"https:\/\/secure.gravatar.com\/avatar\/4dfbf16b4d17945bfb6341b2d19043457132fcf478a5ee04f42e959fd8f5df0a?s=96&d=mm&r=g","url":"https:\/\/secure.gravatar.com\/avatar\/4dfbf16b4d17945bfb6341b2d19043457132fcf478a5ee04f42e959fd8f5df0a?s=96&d=mm&r=g","contentUrl":"https:\/\/secure.gravatar.com\/avatar\/4dfbf16b4d17945bfb6341b2d19043457132fcf478a5ee04f42e959fd8f5df0a?s=96&d=mm&r=g","caption":"NOTICIASMERCEDINAS.COM"},"url":"https:\/\/noticiasmercedinas.com\/site\/author\/anonimo\/"}]}},"amp_enabled":true,"_links":{"self":[{"href":"https:\/\/noticiasmercedinas.com\/site\/wp-json\/wp\/v2\/posts\/184984","targetHints":{"allow":["GET"]}}],"collection":[{"href":"https:\/\/noticiasmercedinas.com\/site\/wp-json\/wp\/v2\/posts"}],"about":[{"href":"https:\/\/noticiasmercedinas.com\/site\/wp-json\/wp\/v2\/types\/post"}],"author":[{"embeddable":true,"href":"https:\/\/noticiasmercedinas.com\/site\/wp-json\/wp\/v2\/users\/16"}],"replies":[{"embeddable":true,"href":"https:\/\/noticiasmercedinas.com\/site\/wp-json\/wp\/v2\/comments?post=184984"}],"version-history":[{"count":1,"href":"https:\/\/noticiasmercedinas.com\/site\/wp-json\/wp\/v2\/posts\/184984\/revisions"}],"predecessor-version":[{"id":184987,"href":"https:\/\/noticiasmercedinas.com\/site\/wp-json\/wp\/v2\/posts\/184984\/revisions\/184987"}],"wp:featuredmedia":[{"embeddable":true,"href":"https:\/\/noticiasmercedinas.com\/site\/wp-json\/wp\/v2\/media\/184986"}],"wp:attachment":[{"href":"https:\/\/noticiasmercedinas.com\/site\/wp-json\/wp\/v2\/media?parent=184984"}],"wp:term":[{"taxonomy":"category","embeddable":true,"href":"https:\/\/noticiasmercedinas.com\/site\/wp-json\/wp\/v2\/categories?post=184984"},{"taxonomy":"post_tag","embeddable":true,"href":"https:\/\/noticiasmercedinas.com\/site\/wp-json\/wp\/v2\/tags?post=184984"}],"curies":[{"name":"wp","href":"https:\/\/api.w.org\/{rel}","templated":true}]}}