{"id":184988,"date":"2026-04-24T09:39:35","date_gmt":"2026-04-24T12:39:35","guid":{"rendered":"https:\/\/noticiasmercedinas.com\/site\/?p=184988"},"modified":"2026-04-24T09:39:35","modified_gmt":"2026-04-24T12:39:35","slug":"jubilados-y-pensionados-alzaran-su-voz-en-el-concejo-estamos-viviendo-un-genocidio-de-derechos","status":"publish","type":"post","link":"https:\/\/noticiasmercedinas.com\/site\/2026\/04\/24\/jubilados-y-pensionados-alzaran-su-voz-en-el-concejo-estamos-viviendo-un-genocidio-de-derechos\/","title":{"rendered":"Jubilados y Pensionados alzar\u00e1n su voz en el Concejo: \u00abEstamos viviendo un genocidio de derechos\u00bb"},"content":{"rendered":"<p><img loading=\"lazy\" decoding=\"async\" class=\"alignnone size-full wp-image-156947\" src=\"https:\/\/noticiasmercedinas.com\/site\/wp-content\/uploads\/2025\/04\/MERLINI1.jpg\" alt=\"\" width=\"814\" height=\"578\" srcset=\"https:\/\/noticiasmercedinas.com\/site\/wp-content\/uploads\/2025\/04\/MERLINI1.jpg 814w, https:\/\/noticiasmercedinas.com\/site\/wp-content\/uploads\/2025\/04\/MERLINI1-300x213.jpg 300w, https:\/\/noticiasmercedinas.com\/site\/wp-content\/uploads\/2025\/04\/MERLINI1-768x545.jpg 768w, https:\/\/noticiasmercedinas.com\/site\/wp-content\/uploads\/2025\/04\/MERLINI1-640x454.jpg 640w, https:\/\/noticiasmercedinas.com\/site\/wp-content\/uploads\/2025\/04\/MERLINI1-681x484.jpg 681w\" sizes=\"auto, (max-width: 814px) 100vw, 814px\" \/><\/p>\n<p>La preocupaci\u00f3n y el reclamo de las personas mayores de nuestra ciudad se trasladar\u00e1n al plano legislativo local. El pr\u00f3ximo lunes 27 de abril, el Honorable Concejo Deliberante (HCD) ser\u00e1 escenario de una nueva sesi\u00f3n con Banca Participativa, una herramienta democr\u00e1tica que, en esta ocasi\u00f3n, cobrar\u00e1 una relevancia urgente ante la crisis econ\u00f3mica y social que golpea con especial dureza a los jubilados y pensionados.<\/p>\n<p>La convocatoria, que invita a toda la comunidad a acompa\u00f1ar desde las 19:00 horas, tendr\u00e1 como voces principales a Gaby Quiroga, docente y pensionada, y a la referente Elisabet Merlini. Ambas expondr\u00e1n la realidad cotidiana de un sector que se siente desprotegido frente a las pol\u00edticas nacionales y el encarecimiento desmedido del costo de vida.<\/p>\n<p><strong>Elisabet Merlini: \u00abEs espantoso lo que est\u00e1n pasando los m\u00e1s vulnerables\u00bb<\/strong><br \/>\nEn un di\u00e1logo period\u00edstico con este medio, Elisabet Merlini no ocult\u00f3 su angustia y firmeza al describir el presente de los adultos mayores en Mercedes. Su testimonio valora la necesidad de que la pol\u00edtica local tome nota de una situaci\u00f3n que califica como \u00abgenocidio de derechos\u00bb.<\/p>\n<p>\u00abVamos a tratar el tema consabido: la p\u00e9rdida de derechos y este genocidio que est\u00e1n llevando a cabo. Estoy en contacto diario con adultos mayores vulnerables que est\u00e1n pasando cosas espantosas\u00bb, afirm\u00f3 Merlini con crudeza.<\/p>\n<p>La referente destac\u00f3 que el reclamo no es solo por los haberes, sino por la degradaci\u00f3n total de la calidad de vida:<\/p>\n<ul>\n<li>Salud y medicamentos: Merlini denunci\u00f3 los cobros excesivos de \u00abplus\u00bb m\u00e9dicos. \u00abHay m\u00e9dicos que te cobran 5 mil pesos por una receta, y si te atienden, la consulta puede llegar a 15 o 20 mil pesos. Con una jubilaci\u00f3n de 400 mil pesos, es imposible\u00bb.<\/li>\n<li>El invierno y los servicios: La preocupaci\u00f3n por la llegada del fr\u00edo y el aumento de las tarifas de gas fue otro de los puntos clave. \u00abAhora viene el invierno, hay que prender el gas y las comidas tienen que ser m\u00e1s fuertes para afrontar el fr\u00edo, pero el dinero no alcanza\u00bb, se\u00f1al\u00f3.<\/li>\n<li>Burocracia en salud: La demora \u00abeterna\u00bb para conseguir turnos de radiograf\u00edas o estudios de complejidad suma un estr\u00e9s adicional a personas que ya se encuentran en situaci\u00f3n de vulnerabilidad.<\/li>\n<\/ul>\n<p><strong>Un llamado a la comunidad y a los concejales<\/strong><br \/>\nLa presencia de los jubilados en el recinto busca que los bloques pol\u00edticos que integran el cuerpo legislativo incluyan esta problem\u00e1tica en sus agendas partidarias. El colectivo de autoconvocados espera que su voz no sea solo escuchada, sino que se transforme en gestiones concretas para aliviar la presi\u00f3n sobre los mayores.<\/p>\n<p>Desde la organizaci\u00f3n del reclamo, enfatizan que la participaci\u00f3n ciudadana es vital: \u00abSum\u00e1 tu voz, tu presencia es importante\u00bb, reza el comunicado de la convocatoria, que cierra con un contundente \u00abNo a la crueldad\u00bb.<\/p>\n<p><strong>Lunes 27\/04:<\/strong><\/p>\n<ul>\n<li><strong>Lugar: Honorable Concejo Deliberante (Primer Piso, Municipalidad).<\/strong><\/li>\n<li><strong>Hora: 19:00 hs.<\/strong><\/li>\n<li><strong>Motivo: Uso de la Banca Participativa por Jubilados y Pensionados Autoconvocados.<\/strong><\/li>\n<li><strong>Entrada: Libre y abierta a todo p\u00fablico para acompa\u00f1ar el reclamo.<\/strong><\/li>\n<\/ul>\n","protected":false},"excerpt":{"rendered":"<p>\u25a0 Bajo el lema \u00abNo a la crueldad\u00bb, el colectivo de adultos mayores autoconvocados har\u00e1 uso de la Banca Participativa este lunes 27 de abril a las 19:00 horas. Elisabet Merlini y Gaby Quiroga ser\u00e1n las encargadas de exponer la cr\u00edtica situaci\u00f3n que atraviesa el sector.<\/p>\n","protected":false},"author":16,"featured_media":156947,"comment_status":"closed","ping_status":"closed","sticky":false,"template":"","format":"standard","meta":{"footnotes":""},"categories":[16],"tags":[455,243,19884],"class_list":["post-184988","post","type-post","status-publish","format-standard","has-post-thumbnail","hentry","category-politica","tag-banca-participativa","tag-concejo-deliberante","tag-elisabet-merlini"],"yoast_head":"<!-- This site is optimized with the Yoast SEO plugin v27.4 - https:\/\/yoast.com\/product\/yoast-seo-wordpress\/ -->\n<title>Jubilados y Pensionados alzar\u00e1n su voz en el Concejo: &quot;Estamos viviendo un genocidio de derechos&quot;<\/title>\n<meta name=\"description\" content=\"Bajo el lema &quot;No a la crueldad&quot;, el colectivo de adultos mayores autoconvocados har\u00e1 uso de la Banca Participativa este lunes 27 de abril a las 19:00 horas. Elisabet Merlini y Gaby Quiroga ser\u00e1n las encargadas de exponer la cr\u00edtica situaci\u00f3n que atraviesa el sector.\" \/>\n<meta name=\"robots\" content=\"index, follow, max-snippet:-1, max-image-preview:large, max-video-preview:-1\" \/>\n<link rel=\"canonical\" href=\"https:\/\/noticiasmercedinas.com\/site\/2026\/04\/24\/jubilados-y-pensionados-alzaran-su-voz-en-el-concejo-estamos-viviendo-un-genocidio-de-derechos\/\" \/>\n<meta property=\"og:locale\" content=\"es_ES\" \/>\n<meta property=\"og:type\" content=\"article\" \/>\n<meta property=\"og:title\" content=\"Jubilados y Pensionados alzar\u00e1n su voz en el Concejo: &quot;Estamos viviendo un genocidio de derechos&quot;\" \/>\n<meta property=\"og:description\" content=\"Bajo el lema &quot;No a la crueldad&quot;, el colectivo de adultos mayores autoconvocados har\u00e1 uso de la Banca Participativa este lunes 27 de abril a las 19:00 horas. Elisabet Merlini y Gaby Quiroga ser\u00e1n las encargadas de exponer la cr\u00edtica situaci\u00f3n que atraviesa el sector.\" \/>\n<meta property=\"og:url\" content=\"https:\/\/noticiasmercedinas.com\/site\/2026\/04\/24\/jubilados-y-pensionados-alzaran-su-voz-en-el-concejo-estamos-viviendo-un-genocidio-de-derechos\/\" \/>\n<meta property=\"og:site_name\" content=\"NOTICIASMERCEDINAS.COM\" \/>\n<meta property=\"article:publisher\" content=\"https:\/\/www.facebook.com\/noticiasmercedinas\/\" \/>\n<meta property=\"article:published_time\" content=\"2026-04-24T12:39:35+00:00\" \/>\n<meta property=\"og:image\" content=\"https:\/\/noticiasmercedinas.com\/site\/wp-content\/uploads\/2025\/04\/MERLINI1.jpg\" \/>\n\t<meta property=\"og:image:width\" content=\"814\" \/>\n\t<meta property=\"og:image:height\" content=\"578\" \/>\n\t<meta property=\"og:image:type\" content=\"image\/jpeg\" \/>\n<meta name=\"author\" content=\"NOTICIASMERCEDINAS.COM\" \/>\n<meta name=\"twitter:card\" content=\"summary_large_image\" \/>\n<meta name=\"twitter:creator\" content=\"@notmercedinas\" \/>\n<meta name=\"twitter:site\" content=\"@notmercedinas\" \/>\n<meta name=\"twitter:label1\" content=\"Escrito por\" \/>\n\t<meta name=\"twitter:data1\" content=\"NOTICIASMERCEDINAS.COM\" \/>\n\t<meta name=\"twitter:label2\" content=\"Tiempo de lectura\" \/>\n\t<meta name=\"twitter:data2\" content=\"3 minutos\" \/>\n<script type=\"application\/ld+json\" class=\"yoast-schema-graph\">{\"@context\":\"https:\\\/\\\/schema.org\",\"@graph\":[{\"@type\":\"Article\",\"@id\":\"https:\\\/\\\/noticiasmercedinas.com\\\/site\\\/2026\\\/04\\\/24\\\/jubilados-y-pensionados-alzaran-su-voz-en-el-concejo-estamos-viviendo-un-genocidio-de-derechos\\\/#article\",\"isPartOf\":{\"@id\":\"https:\\\/\\\/noticiasmercedinas.com\\\/site\\\/2026\\\/04\\\/24\\\/jubilados-y-pensionados-alzaran-su-voz-en-el-concejo-estamos-viviendo-un-genocidio-de-derechos\\\/\"},\"author\":{\"name\":\"NOTICIASMERCEDINAS.COM\",\"@id\":\"https:\\\/\\\/noticiasmercedinas.com\\\/site\\\/#\\\/schema\\\/person\\\/84b59c099c28ff2e8b77d4ceec5d8063\"},\"headline\":\"Jubilados y Pensionados alzar\u00e1n su voz en el Concejo: \u00abEstamos viviendo un genocidio de derechos\u00bb\",\"datePublished\":\"2026-04-24T12:39:35+00:00\",\"mainEntityOfPage\":{\"@id\":\"https:\\\/\\\/noticiasmercedinas.com\\\/site\\\/2026\\\/04\\\/24\\\/jubilados-y-pensionados-alzaran-su-voz-en-el-concejo-estamos-viviendo-un-genocidio-de-derechos\\\/\"},\"wordCount\":535,\"publisher\":{\"@id\":\"https:\\\/\\\/noticiasmercedinas.com\\\/site\\\/#organization\"},\"image\":{\"@id\":\"https:\\\/\\\/noticiasmercedinas.com\\\/site\\\/2026\\\/04\\\/24\\\/jubilados-y-pensionados-alzaran-su-voz-en-el-concejo-estamos-viviendo-un-genocidio-de-derechos\\\/#primaryimage\"},\"thumbnailUrl\":\"https:\\\/\\\/noticiasmercedinas.com\\\/site\\\/wp-content\\\/uploads\\\/2025\\\/04\\\/MERLINI1.jpg\",\"keywords\":[\"banca participativa\",\"concejo deliberante\",\"elisabet merlini\"],\"articleSection\":[\"Politica\"],\"inLanguage\":\"es\"},{\"@type\":\"WebPage\",\"@id\":\"https:\\\/\\\/noticiasmercedinas.com\\\/site\\\/2026\\\/04\\\/24\\\/jubilados-y-pensionados-alzaran-su-voz-en-el-concejo-estamos-viviendo-un-genocidio-de-derechos\\\/\",\"url\":\"https:\\\/\\\/noticiasmercedinas.com\\\/site\\\/2026\\\/04\\\/24\\\/jubilados-y-pensionados-alzaran-su-voz-en-el-concejo-estamos-viviendo-un-genocidio-de-derechos\\\/\",\"name\":\"Jubilados y Pensionados alzar\u00e1n su voz en el Concejo: \\\"Estamos viviendo un genocidio de derechos\\\"\",\"isPartOf\":{\"@id\":\"https:\\\/\\\/noticiasmercedinas.com\\\/site\\\/#website\"},\"primaryImageOfPage\":{\"@id\":\"https:\\\/\\\/noticiasmercedinas.com\\\/site\\\/2026\\\/04\\\/24\\\/jubilados-y-pensionados-alzaran-su-voz-en-el-concejo-estamos-viviendo-un-genocidio-de-derechos\\\/#primaryimage\"},\"image\":{\"@id\":\"https:\\\/\\\/noticiasmercedinas.com\\\/site\\\/2026\\\/04\\\/24\\\/jubilados-y-pensionados-alzaran-su-voz-en-el-concejo-estamos-viviendo-un-genocidio-de-derechos\\\/#primaryimage\"},\"thumbnailUrl\":\"https:\\\/\\\/noticiasmercedinas.com\\\/site\\\/wp-content\\\/uploads\\\/2025\\\/04\\\/MERLINI1.jpg\",\"datePublished\":\"2026-04-24T12:39:35+00:00\",\"description\":\"Bajo el lema \\\"No a la crueldad\\\", el colectivo de adultos mayores autoconvocados har\u00e1 uso de la Banca Participativa este lunes 27 de abril a las 19:00 horas. Elisabet Merlini y Gaby Quiroga ser\u00e1n las encargadas de exponer la cr\u00edtica situaci\u00f3n que atraviesa el sector.\",\"breadcrumb\":{\"@id\":\"https:\\\/\\\/noticiasmercedinas.com\\\/site\\\/2026\\\/04\\\/24\\\/jubilados-y-pensionados-alzaran-su-voz-en-el-concejo-estamos-viviendo-un-genocidio-de-derechos\\\/#breadcrumb\"},\"inLanguage\":\"es\",\"potentialAction\":[{\"@type\":\"ReadAction\",\"target\":[\"https:\\\/\\\/noticiasmercedinas.com\\\/site\\\/2026\\\/04\\\/24\\\/jubilados-y-pensionados-alzaran-su-voz-en-el-concejo-estamos-viviendo-un-genocidio-de-derechos\\\/\"]}]},{\"@type\":\"ImageObject\",\"inLanguage\":\"es\",\"@id\":\"https:\\\/\\\/noticiasmercedinas.com\\\/site\\\/2026\\\/04\\\/24\\\/jubilados-y-pensionados-alzaran-su-voz-en-el-concejo-estamos-viviendo-un-genocidio-de-derechos\\\/#primaryimage\",\"url\":\"https:\\\/\\\/noticiasmercedinas.com\\\/site\\\/wp-content\\\/uploads\\\/2025\\\/04\\\/MERLINI1.jpg\",\"contentUrl\":\"https:\\\/\\\/noticiasmercedinas.com\\\/site\\\/wp-content\\\/uploads\\\/2025\\\/04\\\/MERLINI1.jpg\",\"width\":814,\"height\":578},{\"@type\":\"BreadcrumbList\",\"@id\":\"https:\\\/\\\/noticiasmercedinas.com\\\/site\\\/2026\\\/04\\\/24\\\/jubilados-y-pensionados-alzaran-su-voz-en-el-concejo-estamos-viviendo-un-genocidio-de-derechos\\\/#breadcrumb\",\"itemListElement\":[{\"@type\":\"ListItem\",\"position\":1,\"name\":\"Portada\",\"item\":\"https:\\\/\\\/noticiasmercedinas.com\\\/site\\\/\"},{\"@type\":\"ListItem\",\"position\":2,\"name\":\"Jubilados y Pensionados alzar\u00e1n su voz en el Concejo: \u00abEstamos viviendo un genocidio de derechos\u00bb\"}]},{\"@type\":\"WebSite\",\"@id\":\"https:\\\/\\\/noticiasmercedinas.com\\\/site\\\/#website\",\"url\":\"https:\\\/\\\/noticiasmercedinas.com\\\/site\\\/\",\"name\":\"NOTICIASMERCEDINAS.COM\",\"description\":\"Mercedes, Buenos Aires, Argentina\",\"publisher\":{\"@id\":\"https:\\\/\\\/noticiasmercedinas.com\\\/site\\\/#organization\"},\"potentialAction\":[{\"@type\":\"SearchAction\",\"target\":{\"@type\":\"EntryPoint\",\"urlTemplate\":\"https:\\\/\\\/noticiasmercedinas.com\\\/site\\\/?s={search_term_string}\"},\"query-input\":{\"@type\":\"PropertyValueSpecification\",\"valueRequired\":true,\"valueName\":\"search_term_string\"}}],\"inLanguage\":\"es\"},{\"@type\":\"Organization\",\"@id\":\"https:\\\/\\\/noticiasmercedinas.com\\\/site\\\/#organization\",\"name\":\"NOTICIASMERCEDINAS.COM\",\"url\":\"https:\\\/\\\/noticiasmercedinas.com\\\/site\\\/\",\"logo\":{\"@type\":\"ImageObject\",\"inLanguage\":\"es\",\"@id\":\"https:\\\/\\\/noticiasmercedinas.com\\\/site\\\/#\\\/schema\\\/logo\\\/image\\\/\",\"url\":\"https:\\\/\\\/noticiasmercedinas.com\\\/site\\\/wp-content\\\/uploads\\\/2020\\\/06\\\/LOGO-512.jpg\",\"contentUrl\":\"https:\\\/\\\/noticiasmercedinas.com\\\/site\\\/wp-content\\\/uploads\\\/2020\\\/06\\\/LOGO-512.jpg\",\"width\":512,\"height\":512,\"caption\":\"NOTICIASMERCEDINAS.COM\"},\"image\":{\"@id\":\"https:\\\/\\\/noticiasmercedinas.com\\\/site\\\/#\\\/schema\\\/logo\\\/image\\\/\"},\"sameAs\":[\"https:\\\/\\\/www.facebook.com\\\/noticiasmercedinas\\\/\",\"https:\\\/\\\/x.com\\\/notmercedinas\",\"https:\\\/\\\/www.instagram.com\\\/noticiasmercedinas\\\/\"]},{\"@type\":\"Person\",\"@id\":\"https:\\\/\\\/noticiasmercedinas.com\\\/site\\\/#\\\/schema\\\/person\\\/84b59c099c28ff2e8b77d4ceec5d8063\",\"name\":\"NOTICIASMERCEDINAS.COM\",\"image\":{\"@type\":\"ImageObject\",\"inLanguage\":\"es\",\"@id\":\"https:\\\/\\\/secure.gravatar.com\\\/avatar\\\/4dfbf16b4d17945bfb6341b2d19043457132fcf478a5ee04f42e959fd8f5df0a?s=96&d=mm&r=g\",\"url\":\"https:\\\/\\\/secure.gravatar.com\\\/avatar\\\/4dfbf16b4d17945bfb6341b2d19043457132fcf478a5ee04f42e959fd8f5df0a?s=96&d=mm&r=g\",\"contentUrl\":\"https:\\\/\\\/secure.gravatar.com\\\/avatar\\\/4dfbf16b4d17945bfb6341b2d19043457132fcf478a5ee04f42e959fd8f5df0a?s=96&d=mm&r=g\",\"caption\":\"NOTICIASMERCEDINAS.COM\"},\"url\":\"https:\\\/\\\/noticiasmercedinas.com\\\/site\\\/author\\\/anonimo\\\/\"}]}<\/script>\n<!-- \/ Yoast SEO plugin. -->","yoast_head_json":{"title":"Jubilados y Pensionados alzar\u00e1n su voz en el Concejo: \"Estamos viviendo un genocidio de derechos\"","description":"Bajo el lema \"No a la crueldad\", el colectivo de adultos mayores autoconvocados har\u00e1 uso de la Banca Participativa este lunes 27 de abril a las 19:00 horas. Elisabet Merlini y Gaby Quiroga ser\u00e1n las encargadas de exponer la cr\u00edtica situaci\u00f3n que atraviesa el sector.","robots":{"index":"index","follow":"follow","max-snippet":"max-snippet:-1","max-image-preview":"max-image-preview:large","max-video-preview":"max-video-preview:-1"},"canonical":"https:\/\/noticiasmercedinas.com\/site\/2026\/04\/24\/jubilados-y-pensionados-alzaran-su-voz-en-el-concejo-estamos-viviendo-un-genocidio-de-derechos\/","og_locale":"es_ES","og_type":"article","og_title":"Jubilados y Pensionados alzar\u00e1n su voz en el Concejo: \"Estamos viviendo un genocidio de derechos\"","og_description":"Bajo el lema \"No a la crueldad\", el colectivo de adultos mayores autoconvocados har\u00e1 uso de la Banca Participativa este lunes 27 de abril a las 19:00 horas. Elisabet Merlini y Gaby Quiroga ser\u00e1n las encargadas de exponer la cr\u00edtica situaci\u00f3n que atraviesa el sector.","og_url":"https:\/\/noticiasmercedinas.com\/site\/2026\/04\/24\/jubilados-y-pensionados-alzaran-su-voz-en-el-concejo-estamos-viviendo-un-genocidio-de-derechos\/","og_site_name":"NOTICIASMERCEDINAS.COM","article_publisher":"https:\/\/www.facebook.com\/noticiasmercedinas\/","article_published_time":"2026-04-24T12:39:35+00:00","og_image":[{"width":814,"height":578,"url":"https:\/\/noticiasmercedinas.com\/site\/wp-content\/uploads\/2025\/04\/MERLINI1.jpg","type":"image\/jpeg"}],"author":"NOTICIASMERCEDINAS.COM","twitter_card":"summary_large_image","twitter_creator":"@notmercedinas","twitter_site":"@notmercedinas","twitter_misc":{"Escrito por":"NOTICIASMERCEDINAS.COM","Tiempo de lectura":"3 minutos"},"schema":{"@context":"https:\/\/schema.org","@graph":[{"@type":"Article","@id":"https:\/\/noticiasmercedinas.com\/site\/2026\/04\/24\/jubilados-y-pensionados-alzaran-su-voz-en-el-concejo-estamos-viviendo-un-genocidio-de-derechos\/#article","isPartOf":{"@id":"https:\/\/noticiasmercedinas.com\/site\/2026\/04\/24\/jubilados-y-pensionados-alzaran-su-voz-en-el-concejo-estamos-viviendo-un-genocidio-de-derechos\/"},"author":{"name":"NOTICIASMERCEDINAS.COM","@id":"https:\/\/noticiasmercedinas.com\/site\/#\/schema\/person\/84b59c099c28ff2e8b77d4ceec5d8063"},"headline":"Jubilados y Pensionados alzar\u00e1n su voz en el Concejo: \u00abEstamos viviendo un genocidio de derechos\u00bb","datePublished":"2026-04-24T12:39:35+00:00","mainEntityOfPage":{"@id":"https:\/\/noticiasmercedinas.com\/site\/2026\/04\/24\/jubilados-y-pensionados-alzaran-su-voz-en-el-concejo-estamos-viviendo-un-genocidio-de-derechos\/"},"wordCount":535,"publisher":{"@id":"https:\/\/noticiasmercedinas.com\/site\/#organization"},"image":{"@id":"https:\/\/noticiasmercedinas.com\/site\/2026\/04\/24\/jubilados-y-pensionados-alzaran-su-voz-en-el-concejo-estamos-viviendo-un-genocidio-de-derechos\/#primaryimage"},"thumbnailUrl":"https:\/\/noticiasmercedinas.com\/site\/wp-content\/uploads\/2025\/04\/MERLINI1.jpg","keywords":["banca participativa","concejo deliberante","elisabet merlini"],"articleSection":["Politica"],"inLanguage":"es"},{"@type":"WebPage","@id":"https:\/\/noticiasmercedinas.com\/site\/2026\/04\/24\/jubilados-y-pensionados-alzaran-su-voz-en-el-concejo-estamos-viviendo-un-genocidio-de-derechos\/","url":"https:\/\/noticiasmercedinas.com\/site\/2026\/04\/24\/jubilados-y-pensionados-alzaran-su-voz-en-el-concejo-estamos-viviendo-un-genocidio-de-derechos\/","name":"Jubilados y Pensionados alzar\u00e1n su voz en el Concejo: \"Estamos viviendo un genocidio de derechos\"","isPartOf":{"@id":"https:\/\/noticiasmercedinas.com\/site\/#website"},"primaryImageOfPage":{"@id":"https:\/\/noticiasmercedinas.com\/site\/2026\/04\/24\/jubilados-y-pensionados-alzaran-su-voz-en-el-concejo-estamos-viviendo-un-genocidio-de-derechos\/#primaryimage"},"image":{"@id":"https:\/\/noticiasmercedinas.com\/site\/2026\/04\/24\/jubilados-y-pensionados-alzaran-su-voz-en-el-concejo-estamos-viviendo-un-genocidio-de-derechos\/#primaryimage"},"thumbnailUrl":"https:\/\/noticiasmercedinas.com\/site\/wp-content\/uploads\/2025\/04\/MERLINI1.jpg","datePublished":"2026-04-24T12:39:35+00:00","description":"Bajo el lema \"No a la crueldad\", el colectivo de adultos mayores autoconvocados har\u00e1 uso de la Banca Participativa este lunes 27 de abril a las 19:00 horas. Elisabet Merlini y Gaby Quiroga ser\u00e1n las encargadas de exponer la cr\u00edtica situaci\u00f3n que atraviesa el sector.","breadcrumb":{"@id":"https:\/\/noticiasmercedinas.com\/site\/2026\/04\/24\/jubilados-y-pensionados-alzaran-su-voz-en-el-concejo-estamos-viviendo-un-genocidio-de-derechos\/#breadcrumb"},"inLanguage":"es","potentialAction":[{"@type":"ReadAction","target":["https:\/\/noticiasmercedinas.com\/site\/2026\/04\/24\/jubilados-y-pensionados-alzaran-su-voz-en-el-concejo-estamos-viviendo-un-genocidio-de-derechos\/"]}]},{"@type":"ImageObject","inLanguage":"es","@id":"https:\/\/noticiasmercedinas.com\/site\/2026\/04\/24\/jubilados-y-pensionados-alzaran-su-voz-en-el-concejo-estamos-viviendo-un-genocidio-de-derechos\/#primaryimage","url":"https:\/\/noticiasmercedinas.com\/site\/wp-content\/uploads\/2025\/04\/MERLINI1.jpg","contentUrl":"https:\/\/noticiasmercedinas.com\/site\/wp-content\/uploads\/2025\/04\/MERLINI1.jpg","width":814,"height":578},{"@type":"BreadcrumbList","@id":"https:\/\/noticiasmercedinas.com\/site\/2026\/04\/24\/jubilados-y-pensionados-alzaran-su-voz-en-el-concejo-estamos-viviendo-un-genocidio-de-derechos\/#breadcrumb","itemListElement":[{"@type":"ListItem","position":1,"name":"Portada","item":"https:\/\/noticiasmercedinas.com\/site\/"},{"@type":"ListItem","position":2,"name":"Jubilados y Pensionados alzar\u00e1n su voz en el Concejo: \u00abEstamos viviendo un genocidio de derechos\u00bb"}]},{"@type":"WebSite","@id":"https:\/\/noticiasmercedinas.com\/site\/#website","url":"https:\/\/noticiasmercedinas.com\/site\/","name":"NOTICIASMERCEDINAS.COM","description":"Mercedes, Buenos Aires, Argentina","publisher":{"@id":"https:\/\/noticiasmercedinas.com\/site\/#organization"},"potentialAction":[{"@type":"SearchAction","target":{"@type":"EntryPoint","urlTemplate":"https:\/\/noticiasmercedinas.com\/site\/?s={search_term_string}"},"query-input":{"@type":"PropertyValueSpecification","valueRequired":true,"valueName":"search_term_string"}}],"inLanguage":"es"},{"@type":"Organization","@id":"https:\/\/noticiasmercedinas.com\/site\/#organization","name":"NOTICIASMERCEDINAS.COM","url":"https:\/\/noticiasmercedinas.com\/site\/","logo":{"@type":"ImageObject","inLanguage":"es","@id":"https:\/\/noticiasmercedinas.com\/site\/#\/schema\/logo\/image\/","url":"https:\/\/noticiasmercedinas.com\/site\/wp-content\/uploads\/2020\/06\/LOGO-512.jpg","contentUrl":"https:\/\/noticiasmercedinas.com\/site\/wp-content\/uploads\/2020\/06\/LOGO-512.jpg","width":512,"height":512,"caption":"NOTICIASMERCEDINAS.COM"},"image":{"@id":"https:\/\/noticiasmercedinas.com\/site\/#\/schema\/logo\/image\/"},"sameAs":["https:\/\/www.facebook.com\/noticiasmercedinas\/","https:\/\/x.com\/notmercedinas","https:\/\/www.instagram.com\/noticiasmercedinas\/"]},{"@type":"Person","@id":"https:\/\/noticiasmercedinas.com\/site\/#\/schema\/person\/84b59c099c28ff2e8b77d4ceec5d8063","name":"NOTICIASMERCEDINAS.COM","image":{"@type":"ImageObject","inLanguage":"es","@id":"https:\/\/secure.gravatar.com\/avatar\/4dfbf16b4d17945bfb6341b2d19043457132fcf478a5ee04f42e959fd8f5df0a?s=96&d=mm&r=g","url":"https:\/\/secure.gravatar.com\/avatar\/4dfbf16b4d17945bfb6341b2d19043457132fcf478a5ee04f42e959fd8f5df0a?s=96&d=mm&r=g","contentUrl":"https:\/\/secure.gravatar.com\/avatar\/4dfbf16b4d17945bfb6341b2d19043457132fcf478a5ee04f42e959fd8f5df0a?s=96&d=mm&r=g","caption":"NOTICIASMERCEDINAS.COM"},"url":"https:\/\/noticiasmercedinas.com\/site\/author\/anonimo\/"}]}},"amp_enabled":true,"_links":{"self":[{"href":"https:\/\/noticiasmercedinas.com\/site\/wp-json\/wp\/v2\/posts\/184988","targetHints":{"allow":["GET"]}}],"collection":[{"href":"https:\/\/noticiasmercedinas.com\/site\/wp-json\/wp\/v2\/posts"}],"about":[{"href":"https:\/\/noticiasmercedinas.com\/site\/wp-json\/wp\/v2\/types\/post"}],"author":[{"embeddable":true,"href":"https:\/\/noticiasmercedinas.com\/site\/wp-json\/wp\/v2\/users\/16"}],"replies":[{"embeddable":true,"href":"https:\/\/noticiasmercedinas.com\/site\/wp-json\/wp\/v2\/comments?post=184988"}],"version-history":[{"count":3,"href":"https:\/\/noticiasmercedinas.com\/site\/wp-json\/wp\/v2\/posts\/184988\/revisions"}],"predecessor-version":[{"id":184991,"href":"https:\/\/noticiasmercedinas.com\/site\/wp-json\/wp\/v2\/posts\/184988\/revisions\/184991"}],"wp:featuredmedia":[{"embeddable":true,"href":"https:\/\/noticiasmercedinas.com\/site\/wp-json\/wp\/v2\/media\/156947"}],"wp:attachment":[{"href":"https:\/\/noticiasmercedinas.com\/site\/wp-json\/wp\/v2\/media?parent=184988"}],"wp:term":[{"taxonomy":"category","embeddable":true,"href":"https:\/\/noticiasmercedinas.com\/site\/wp-json\/wp\/v2\/categories?post=184988"},{"taxonomy":"post_tag","embeddable":true,"href":"https:\/\/noticiasmercedinas.com\/site\/wp-json\/wp\/v2\/tags?post=184988"}],"curies":[{"name":"wp","href":"https:\/\/api.w.org\/{rel}","templated":true}]}}