{"id":184995,"date":"2026-04-24T10:48:03","date_gmt":"2026-04-24T13:48:03","guid":{"rendered":"https:\/\/noticiasmercedinas.com\/site\/?p=184995"},"modified":"2026-04-25T13:17:04","modified_gmt":"2026-04-25T16:17:04","slug":"futbol-senior-palometas-y-costa-brava-los-destacados-de-la-fecha","status":"publish","type":"post","link":"https:\/\/noticiasmercedinas.com\/site\/2026\/04\/24\/futbol-senior-palometas-y-costa-brava-los-destacados-de-la-fecha\/","title":{"rendered":"F\u00fatbol Senior: Palometas y Costa Brava los destacados de la fecha"},"content":{"rendered":"<p>La s\u00e9ptima y \u00faltima fecha de la primera rueda del F\u00fatbol Senior + 40 a\u00f1os se jug\u00f3 entre el \u00faltimo mi\u00e9rcoles 22 y jueves 23, por el lado de la Zona A qued\u00f3 libre Holanda para cambiar la punta que ahora es de Defensores que anoche gan\u00f3 su partido ante Defensores. Adem\u00e1s, sum\u00f3 de a tres Trocha frente a Quilmes que hoy es segundo. Mientras que El Front\u00f3n con la victoria lograda sobre Estudiantes es el tercero en el grupo.<\/p>\n<p>En la Zona A el puntero Club Mercedes perdi\u00f3 en su casa, fue goleada de Palometas que qued\u00f3 como escolta a un punto del \u201cBlanquinegro\u201d. Un buen triunfo alcanz\u00f3 Costa Brava en cancha de Gowland, cambiando la local\u00eda, para quitarle el invicto a los dirigidos por Morello y Parra. Dejaron un empate Carteros y Uni\u00f3n para quedar libre San Bernardo. Lo que viene son las revanchas para invertirse las local\u00edas.<\/p>\n<p><strong>Zona A<br \/>\nTrocha 6:<\/strong> Gustavo Morales, N\u00e9stor Sequeira, Joaqu\u00edn Mouzzon, Facundo Ballesteros y C\u00e9sar Dibernardi 2.<br \/>\n<strong>Quilmes 0<\/strong>.<\/p>\n<p><strong>Estudiantes 1:<\/strong> Marcelo Leone.<br \/>\n<strong>El Front\u00f3n 2:<\/strong> Juan Ram\u00edrez y Maximiliano Levo.<\/p>\n<p><strong>Defensores Jrs. 3:<\/strong> Facundo S\u00e1nchez 2 y Sebasti\u00e1n Far\u00edas.<br \/>\n<strong>Sportivo Belgrano 2:<\/strong> Juan Siri y Mauricio Castro.<\/p>\n<p><strong>Libre:<\/strong> Holanda.<\/p>\n<p><strong>Pr\u00f3xima fecha<\/strong><br \/>\nEstudiantes vs. Sportivo Belgrano.<br \/>\nTrocha vs. El Front\u00f3n.<br \/>\nHolanda vs. Quilmes.<br \/>\n<strong>Libre:<\/strong> Defensores Juniors.<\/p>\n<p><strong>Zona B<br \/>\nCarteros 1: <\/strong>Pablo Arag\u00f3n.<br \/>\n<strong>Recreativo Uni\u00f3n 1:<\/strong> Cristian Mazzeo.<\/p>\n<p><strong>Club Mercedes 1:<\/strong> F\u00e9lix Avila.<br \/>\n<strong>Palometas 5:<\/strong> Diego Ludue\u00f1a 4 y Dante Carretero.<\/p>\n<p><strong>Deportivo Gowland 2: <\/strong>Hugo Retamoso y Agust\u00edn M\u00f3naco.<br \/>\n<strong>Costa Brava 3:<\/strong> Javier Torres, Juan Andrada y Nicol\u00e1s Bernal.<\/p>\n<p><strong>Libre:<\/strong> San Bernardo.<\/p>\n<p><img loading=\"lazy\" decoding=\"async\" class=\"alignnone size-full wp-image-185066\" src=\"https:\/\/noticiasmercedinas.com\/site\/wp-content\/uploads\/2026\/04\/Senior2026-1-1.jpg\" alt=\"\" width=\"640\" height=\"558\" srcset=\"https:\/\/noticiasmercedinas.com\/site\/wp-content\/uploads\/2026\/04\/Senior2026-1-1.jpg 640w, https:\/\/noticiasmercedinas.com\/site\/wp-content\/uploads\/2026\/04\/Senior2026-1-1-300x262.jpg 300w\" sizes=\"auto, (max-width: 640px) 100vw, 640px\" \/><\/p>\n<p><strong>Pr\u00f3xima fecha<br \/>\nZona B<br \/>\n<\/strong>Carteros FC vs. Palometas FC.<br \/>\nCosta Brava vs. Uni\u00f3n.<br \/>\nSan Bernardo vs. Deportivo Gowland.<br \/>\n<strong>Libre:<\/strong> Club Mercedes.<\/p>\n","protected":false},"excerpt":{"rendered":"<p>\u25a0 El \u201cGranate\u201d gole\u00f3 a Club Mercedes 5 a 1 y los de Suipacha le quitaron el invicto a Gowland por 3 a 2 en la Zona B. En el grupo A el puntero es Defensores Juniors. Trocha y El Front\u00f3n no se quedan atr\u00e1s. <\/p>\n","protected":false},"author":6,"featured_media":184996,"comment_status":"closed","ping_status":"closed","sticky":false,"template":"","format":"standard","meta":{"footnotes":""},"categories":[5],"tags":[3346,13715],"class_list":["post-184995","post","type-post","status-publish","format-standard","has-post-thumbnail","hentry","category-deportes","tag-liga-mercedina-de-futbol","tag-senior-40"],"yoast_head":"<!-- This site is optimized with the Yoast SEO plugin v27.4 - https:\/\/yoast.com\/product\/yoast-seo-wordpress\/ -->\n<title>F\u00fatbol Senior: Palometas y Costa Brava los destacados de la fecha<\/title>\n<meta name=\"robots\" content=\"index, follow, max-snippet:-1, max-image-preview:large, max-video-preview:-1\" \/>\n<link rel=\"canonical\" href=\"https:\/\/noticiasmercedinas.com\/site\/2026\/04\/24\/futbol-senior-palometas-y-costa-brava-los-destacados-de-la-fecha\/\" \/>\n<meta property=\"og:locale\" content=\"es_ES\" \/>\n<meta property=\"og:type\" content=\"article\" \/>\n<meta property=\"og:title\" content=\"F\u00fatbol Senior: Palometas y Costa Brava los destacados de la fecha\" \/>\n<meta property=\"og:description\" content=\"\u25a0 El \u201cGranate\u201d gole\u00f3 a Club Mercedes 5 a 1 y los de Suipacha le quitaron el invicto a Gowland por 3 a 2 en la Zona B. En el grupo A el puntero es Defensores Juniors. Trocha y El Front\u00f3n no se quedan atr\u00e1s.\" \/>\n<meta property=\"og:url\" content=\"https:\/\/noticiasmercedinas.com\/site\/2026\/04\/24\/futbol-senior-palometas-y-costa-brava-los-destacados-de-la-fecha\/\" \/>\n<meta property=\"og:site_name\" content=\"NOTICIASMERCEDINAS.COM\" \/>\n<meta property=\"article:publisher\" content=\"https:\/\/www.facebook.com\/noticiasmercedinas\/\" \/>\n<meta property=\"article:published_time\" content=\"2026-04-24T13:48:03+00:00\" \/>\n<meta property=\"article:modified_time\" content=\"2026-04-25T16:17:04+00:00\" \/>\n<meta property=\"og:image\" content=\"https:\/\/noticiasmercedinas.com\/site\/wp-content\/uploads\/2026\/04\/IMG_0206.jpg\" \/>\n\t<meta property=\"og:image:width\" content=\"640\" \/>\n\t<meta property=\"og:image:height\" content=\"450\" \/>\n\t<meta property=\"og:image:type\" content=\"image\/jpeg\" \/>\n<meta name=\"author\" content=\"Juan Dagnino NOTICIASMERCEDINAS.COM\" \/>\n<meta name=\"twitter:card\" content=\"summary_large_image\" \/>\n<meta name=\"twitter:creator\" content=\"@notmercedinas\" \/>\n<meta name=\"twitter:site\" content=\"@notmercedinas\" \/>\n<meta name=\"twitter:label1\" content=\"Escrito por\" \/>\n\t<meta name=\"twitter:data1\" content=\"Juan Dagnino NOTICIASMERCEDINAS.COM\" \/>\n\t<meta name=\"twitter:label2\" content=\"Tiempo de lectura\" \/>\n\t<meta name=\"twitter:data2\" content=\"2 minutos\" \/>\n<script type=\"application\/ld+json\" class=\"yoast-schema-graph\">{\"@context\":\"https:\\\/\\\/schema.org\",\"@graph\":[{\"@type\":\"Article\",\"@id\":\"https:\\\/\\\/noticiasmercedinas.com\\\/site\\\/2026\\\/04\\\/24\\\/futbol-senior-palometas-y-costa-brava-los-destacados-de-la-fecha\\\/#article\",\"isPartOf\":{\"@id\":\"https:\\\/\\\/noticiasmercedinas.com\\\/site\\\/2026\\\/04\\\/24\\\/futbol-senior-palometas-y-costa-brava-los-destacados-de-la-fecha\\\/\"},\"author\":{\"name\":\"Juan Dagnino NOTICIASMERCEDINAS.COM\",\"@id\":\"https:\\\/\\\/noticiasmercedinas.com\\\/site\\\/#\\\/schema\\\/person\\\/8f2f09d666ef40986eba4a5e6f2a06f9\"},\"headline\":\"F\u00fatbol Senior: Palometas y Costa Brava los destacados de la fecha\",\"datePublished\":\"2026-04-24T13:48:03+00:00\",\"dateModified\":\"2026-04-25T16:17:04+00:00\",\"mainEntityOfPage\":{\"@id\":\"https:\\\/\\\/noticiasmercedinas.com\\\/site\\\/2026\\\/04\\\/24\\\/futbol-senior-palometas-y-costa-brava-los-destacados-de-la-fecha\\\/\"},\"wordCount\":302,\"publisher\":{\"@id\":\"https:\\\/\\\/noticiasmercedinas.com\\\/site\\\/#organization\"},\"image\":{\"@id\":\"https:\\\/\\\/noticiasmercedinas.com\\\/site\\\/2026\\\/04\\\/24\\\/futbol-senior-palometas-y-costa-brava-los-destacados-de-la-fecha\\\/#primaryimage\"},\"thumbnailUrl\":\"https:\\\/\\\/noticiasmercedinas.com\\\/site\\\/wp-content\\\/uploads\\\/2026\\\/04\\\/IMG_0206.jpg\",\"keywords\":[\"Liga Mercedina de F\u00fatbol\",\"senior + 40\"],\"articleSection\":[\"Deportes\"],\"inLanguage\":\"es\"},{\"@type\":\"WebPage\",\"@id\":\"https:\\\/\\\/noticiasmercedinas.com\\\/site\\\/2026\\\/04\\\/24\\\/futbol-senior-palometas-y-costa-brava-los-destacados-de-la-fecha\\\/\",\"url\":\"https:\\\/\\\/noticiasmercedinas.com\\\/site\\\/2026\\\/04\\\/24\\\/futbol-senior-palometas-y-costa-brava-los-destacados-de-la-fecha\\\/\",\"name\":\"F\u00fatbol Senior: Palometas y Costa Brava los destacados de la fecha\",\"isPartOf\":{\"@id\":\"https:\\\/\\\/noticiasmercedinas.com\\\/site\\\/#website\"},\"primaryImageOfPage\":{\"@id\":\"https:\\\/\\\/noticiasmercedinas.com\\\/site\\\/2026\\\/04\\\/24\\\/futbol-senior-palometas-y-costa-brava-los-destacados-de-la-fecha\\\/#primaryimage\"},\"image\":{\"@id\":\"https:\\\/\\\/noticiasmercedinas.com\\\/site\\\/2026\\\/04\\\/24\\\/futbol-senior-palometas-y-costa-brava-los-destacados-de-la-fecha\\\/#primaryimage\"},\"thumbnailUrl\":\"https:\\\/\\\/noticiasmercedinas.com\\\/site\\\/wp-content\\\/uploads\\\/2026\\\/04\\\/IMG_0206.jpg\",\"datePublished\":\"2026-04-24T13:48:03+00:00\",\"dateModified\":\"2026-04-25T16:17:04+00:00\",\"breadcrumb\":{\"@id\":\"https:\\\/\\\/noticiasmercedinas.com\\\/site\\\/2026\\\/04\\\/24\\\/futbol-senior-palometas-y-costa-brava-los-destacados-de-la-fecha\\\/#breadcrumb\"},\"inLanguage\":\"es\",\"potentialAction\":[{\"@type\":\"ReadAction\",\"target\":[\"https:\\\/\\\/noticiasmercedinas.com\\\/site\\\/2026\\\/04\\\/24\\\/futbol-senior-palometas-y-costa-brava-los-destacados-de-la-fecha\\\/\"]}]},{\"@type\":\"ImageObject\",\"inLanguage\":\"es\",\"@id\":\"https:\\\/\\\/noticiasmercedinas.com\\\/site\\\/2026\\\/04\\\/24\\\/futbol-senior-palometas-y-costa-brava-los-destacados-de-la-fecha\\\/#primaryimage\",\"url\":\"https:\\\/\\\/noticiasmercedinas.com\\\/site\\\/wp-content\\\/uploads\\\/2026\\\/04\\\/IMG_0206.jpg\",\"contentUrl\":\"https:\\\/\\\/noticiasmercedinas.com\\\/site\\\/wp-content\\\/uploads\\\/2026\\\/04\\\/IMG_0206.jpg\",\"width\":640,\"height\":450},{\"@type\":\"BreadcrumbList\",\"@id\":\"https:\\\/\\\/noticiasmercedinas.com\\\/site\\\/2026\\\/04\\\/24\\\/futbol-senior-palometas-y-costa-brava-los-destacados-de-la-fecha\\\/#breadcrumb\",\"itemListElement\":[{\"@type\":\"ListItem\",\"position\":1,\"name\":\"Portada\",\"item\":\"https:\\\/\\\/noticiasmercedinas.com\\\/site\\\/\"},{\"@type\":\"ListItem\",\"position\":2,\"name\":\"F\u00fatbol Senior: Palometas y Costa Brava los destacados de la fecha\"}]},{\"@type\":\"WebSite\",\"@id\":\"https:\\\/\\\/noticiasmercedinas.com\\\/site\\\/#website\",\"url\":\"https:\\\/\\\/noticiasmercedinas.com\\\/site\\\/\",\"name\":\"NOTICIASMERCEDINAS.COM\",\"description\":\"Mercedes, Buenos Aires, Argentina\",\"publisher\":{\"@id\":\"https:\\\/\\\/noticiasmercedinas.com\\\/site\\\/#organization\"},\"potentialAction\":[{\"@type\":\"SearchAction\",\"target\":{\"@type\":\"EntryPoint\",\"urlTemplate\":\"https:\\\/\\\/noticiasmercedinas.com\\\/site\\\/?s={search_term_string}\"},\"query-input\":{\"@type\":\"PropertyValueSpecification\",\"valueRequired\":true,\"valueName\":\"search_term_string\"}}],\"inLanguage\":\"es\"},{\"@type\":\"Organization\",\"@id\":\"https:\\\/\\\/noticiasmercedinas.com\\\/site\\\/#organization\",\"name\":\"NOTICIASMERCEDINAS.COM\",\"url\":\"https:\\\/\\\/noticiasmercedinas.com\\\/site\\\/\",\"logo\":{\"@type\":\"ImageObject\",\"inLanguage\":\"es\",\"@id\":\"https:\\\/\\\/noticiasmercedinas.com\\\/site\\\/#\\\/schema\\\/logo\\\/image\\\/\",\"url\":\"https:\\\/\\\/noticiasmercedinas.com\\\/site\\\/wp-content\\\/uploads\\\/2020\\\/06\\\/LOGO-512.jpg\",\"contentUrl\":\"https:\\\/\\\/noticiasmercedinas.com\\\/site\\\/wp-content\\\/uploads\\\/2020\\\/06\\\/LOGO-512.jpg\",\"width\":512,\"height\":512,\"caption\":\"NOTICIASMERCEDINAS.COM\"},\"image\":{\"@id\":\"https:\\\/\\\/noticiasmercedinas.com\\\/site\\\/#\\\/schema\\\/logo\\\/image\\\/\"},\"sameAs\":[\"https:\\\/\\\/www.facebook.com\\\/noticiasmercedinas\\\/\",\"https:\\\/\\\/x.com\\\/notmercedinas\",\"https:\\\/\\\/www.instagram.com\\\/noticiasmercedinas\\\/\"]},{\"@type\":\"Person\",\"@id\":\"https:\\\/\\\/noticiasmercedinas.com\\\/site\\\/#\\\/schema\\\/person\\\/8f2f09d666ef40986eba4a5e6f2a06f9\",\"name\":\"Juan Dagnino NOTICIASMERCEDINAS.COM\",\"image\":{\"@type\":\"ImageObject\",\"inLanguage\":\"es\",\"@id\":\"https:\\\/\\\/secure.gravatar.com\\\/avatar\\\/fc7059a769f5a3cae65fadb228a3e4accf3a64b4b2305020d0a27e6d5333c91b?s=96&d=mm&r=g\",\"url\":\"https:\\\/\\\/secure.gravatar.com\\\/avatar\\\/fc7059a769f5a3cae65fadb228a3e4accf3a64b4b2305020d0a27e6d5333c91b?s=96&d=mm&r=g\",\"contentUrl\":\"https:\\\/\\\/secure.gravatar.com\\\/avatar\\\/fc7059a769f5a3cae65fadb228a3e4accf3a64b4b2305020d0a27e6d5333c91b?s=96&d=mm&r=g\",\"caption\":\"Juan Dagnino NOTICIASMERCEDINAS.COM\"},\"url\":\"https:\\\/\\\/noticiasmercedinas.com\\\/site\\\/author\\\/juandagnino\\\/\"}]}<\/script>\n<!-- \/ Yoast SEO plugin. -->","yoast_head_json":{"title":"F\u00fatbol Senior: Palometas y Costa Brava los destacados de la fecha","robots":{"index":"index","follow":"follow","max-snippet":"max-snippet:-1","max-image-preview":"max-image-preview:large","max-video-preview":"max-video-preview:-1"},"canonical":"https:\/\/noticiasmercedinas.com\/site\/2026\/04\/24\/futbol-senior-palometas-y-costa-brava-los-destacados-de-la-fecha\/","og_locale":"es_ES","og_type":"article","og_title":"F\u00fatbol Senior: Palometas y Costa Brava los destacados de la fecha","og_description":"\u25a0 El \u201cGranate\u201d gole\u00f3 a Club Mercedes 5 a 1 y los de Suipacha le quitaron el invicto a Gowland por 3 a 2 en la Zona B. En el grupo A el puntero es Defensores Juniors. Trocha y El Front\u00f3n no se quedan atr\u00e1s.","og_url":"https:\/\/noticiasmercedinas.com\/site\/2026\/04\/24\/futbol-senior-palometas-y-costa-brava-los-destacados-de-la-fecha\/","og_site_name":"NOTICIASMERCEDINAS.COM","article_publisher":"https:\/\/www.facebook.com\/noticiasmercedinas\/","article_published_time":"2026-04-24T13:48:03+00:00","article_modified_time":"2026-04-25T16:17:04+00:00","og_image":[{"width":640,"height":450,"url":"https:\/\/noticiasmercedinas.com\/site\/wp-content\/uploads\/2026\/04\/IMG_0206.jpg","type":"image\/jpeg"}],"author":"Juan Dagnino NOTICIASMERCEDINAS.COM","twitter_card":"summary_large_image","twitter_creator":"@notmercedinas","twitter_site":"@notmercedinas","twitter_misc":{"Escrito por":"Juan Dagnino NOTICIASMERCEDINAS.COM","Tiempo de lectura":"2 minutos"},"schema":{"@context":"https:\/\/schema.org","@graph":[{"@type":"Article","@id":"https:\/\/noticiasmercedinas.com\/site\/2026\/04\/24\/futbol-senior-palometas-y-costa-brava-los-destacados-de-la-fecha\/#article","isPartOf":{"@id":"https:\/\/noticiasmercedinas.com\/site\/2026\/04\/24\/futbol-senior-palometas-y-costa-brava-los-destacados-de-la-fecha\/"},"author":{"name":"Juan Dagnino NOTICIASMERCEDINAS.COM","@id":"https:\/\/noticiasmercedinas.com\/site\/#\/schema\/person\/8f2f09d666ef40986eba4a5e6f2a06f9"},"headline":"F\u00fatbol Senior: Palometas y Costa Brava los destacados de la fecha","datePublished":"2026-04-24T13:48:03+00:00","dateModified":"2026-04-25T16:17:04+00:00","mainEntityOfPage":{"@id":"https:\/\/noticiasmercedinas.com\/site\/2026\/04\/24\/futbol-senior-palometas-y-costa-brava-los-destacados-de-la-fecha\/"},"wordCount":302,"publisher":{"@id":"https:\/\/noticiasmercedinas.com\/site\/#organization"},"image":{"@id":"https:\/\/noticiasmercedinas.com\/site\/2026\/04\/24\/futbol-senior-palometas-y-costa-brava-los-destacados-de-la-fecha\/#primaryimage"},"thumbnailUrl":"https:\/\/noticiasmercedinas.com\/site\/wp-content\/uploads\/2026\/04\/IMG_0206.jpg","keywords":["Liga Mercedina de F\u00fatbol","senior + 40"],"articleSection":["Deportes"],"inLanguage":"es"},{"@type":"WebPage","@id":"https:\/\/noticiasmercedinas.com\/site\/2026\/04\/24\/futbol-senior-palometas-y-costa-brava-los-destacados-de-la-fecha\/","url":"https:\/\/noticiasmercedinas.com\/site\/2026\/04\/24\/futbol-senior-palometas-y-costa-brava-los-destacados-de-la-fecha\/","name":"F\u00fatbol Senior: Palometas y Costa Brava los destacados de la fecha","isPartOf":{"@id":"https:\/\/noticiasmercedinas.com\/site\/#website"},"primaryImageOfPage":{"@id":"https:\/\/noticiasmercedinas.com\/site\/2026\/04\/24\/futbol-senior-palometas-y-costa-brava-los-destacados-de-la-fecha\/#primaryimage"},"image":{"@id":"https:\/\/noticiasmercedinas.com\/site\/2026\/04\/24\/futbol-senior-palometas-y-costa-brava-los-destacados-de-la-fecha\/#primaryimage"},"thumbnailUrl":"https:\/\/noticiasmercedinas.com\/site\/wp-content\/uploads\/2026\/04\/IMG_0206.jpg","datePublished":"2026-04-24T13:48:03+00:00","dateModified":"2026-04-25T16:17:04+00:00","breadcrumb":{"@id":"https:\/\/noticiasmercedinas.com\/site\/2026\/04\/24\/futbol-senior-palometas-y-costa-brava-los-destacados-de-la-fecha\/#breadcrumb"},"inLanguage":"es","potentialAction":[{"@type":"ReadAction","target":["https:\/\/noticiasmercedinas.com\/site\/2026\/04\/24\/futbol-senior-palometas-y-costa-brava-los-destacados-de-la-fecha\/"]}]},{"@type":"ImageObject","inLanguage":"es","@id":"https:\/\/noticiasmercedinas.com\/site\/2026\/04\/24\/futbol-senior-palometas-y-costa-brava-los-destacados-de-la-fecha\/#primaryimage","url":"https:\/\/noticiasmercedinas.com\/site\/wp-content\/uploads\/2026\/04\/IMG_0206.jpg","contentUrl":"https:\/\/noticiasmercedinas.com\/site\/wp-content\/uploads\/2026\/04\/IMG_0206.jpg","width":640,"height":450},{"@type":"BreadcrumbList","@id":"https:\/\/noticiasmercedinas.com\/site\/2026\/04\/24\/futbol-senior-palometas-y-costa-brava-los-destacados-de-la-fecha\/#breadcrumb","itemListElement":[{"@type":"ListItem","position":1,"name":"Portada","item":"https:\/\/noticiasmercedinas.com\/site\/"},{"@type":"ListItem","position":2,"name":"F\u00fatbol Senior: Palometas y Costa Brava los destacados de la fecha"}]},{"@type":"WebSite","@id":"https:\/\/noticiasmercedinas.com\/site\/#website","url":"https:\/\/noticiasmercedinas.com\/site\/","name":"NOTICIASMERCEDINAS.COM","description":"Mercedes, Buenos Aires, Argentina","publisher":{"@id":"https:\/\/noticiasmercedinas.com\/site\/#organization"},"potentialAction":[{"@type":"SearchAction","target":{"@type":"EntryPoint","urlTemplate":"https:\/\/noticiasmercedinas.com\/site\/?s={search_term_string}"},"query-input":{"@type":"PropertyValueSpecification","valueRequired":true,"valueName":"search_term_string"}}],"inLanguage":"es"},{"@type":"Organization","@id":"https:\/\/noticiasmercedinas.com\/site\/#organization","name":"NOTICIASMERCEDINAS.COM","url":"https:\/\/noticiasmercedinas.com\/site\/","logo":{"@type":"ImageObject","inLanguage":"es","@id":"https:\/\/noticiasmercedinas.com\/site\/#\/schema\/logo\/image\/","url":"https:\/\/noticiasmercedinas.com\/site\/wp-content\/uploads\/2020\/06\/LOGO-512.jpg","contentUrl":"https:\/\/noticiasmercedinas.com\/site\/wp-content\/uploads\/2020\/06\/LOGO-512.jpg","width":512,"height":512,"caption":"NOTICIASMERCEDINAS.COM"},"image":{"@id":"https:\/\/noticiasmercedinas.com\/site\/#\/schema\/logo\/image\/"},"sameAs":["https:\/\/www.facebook.com\/noticiasmercedinas\/","https:\/\/x.com\/notmercedinas","https:\/\/www.instagram.com\/noticiasmercedinas\/"]},{"@type":"Person","@id":"https:\/\/noticiasmercedinas.com\/site\/#\/schema\/person\/8f2f09d666ef40986eba4a5e6f2a06f9","name":"Juan Dagnino NOTICIASMERCEDINAS.COM","image":{"@type":"ImageObject","inLanguage":"es","@id":"https:\/\/secure.gravatar.com\/avatar\/fc7059a769f5a3cae65fadb228a3e4accf3a64b4b2305020d0a27e6d5333c91b?s=96&d=mm&r=g","url":"https:\/\/secure.gravatar.com\/avatar\/fc7059a769f5a3cae65fadb228a3e4accf3a64b4b2305020d0a27e6d5333c91b?s=96&d=mm&r=g","contentUrl":"https:\/\/secure.gravatar.com\/avatar\/fc7059a769f5a3cae65fadb228a3e4accf3a64b4b2305020d0a27e6d5333c91b?s=96&d=mm&r=g","caption":"Juan Dagnino NOTICIASMERCEDINAS.COM"},"url":"https:\/\/noticiasmercedinas.com\/site\/author\/juandagnino\/"}]}},"amp_enabled":true,"_links":{"self":[{"href":"https:\/\/noticiasmercedinas.com\/site\/wp-json\/wp\/v2\/posts\/184995","targetHints":{"allow":["GET"]}}],"collection":[{"href":"https:\/\/noticiasmercedinas.com\/site\/wp-json\/wp\/v2\/posts"}],"about":[{"href":"https:\/\/noticiasmercedinas.com\/site\/wp-json\/wp\/v2\/types\/post"}],"author":[{"embeddable":true,"href":"https:\/\/noticiasmercedinas.com\/site\/wp-json\/wp\/v2\/users\/6"}],"replies":[{"embeddable":true,"href":"https:\/\/noticiasmercedinas.com\/site\/wp-json\/wp\/v2\/comments?post=184995"}],"version-history":[{"count":3,"href":"https:\/\/noticiasmercedinas.com\/site\/wp-json\/wp\/v2\/posts\/184995\/revisions"}],"predecessor-version":[{"id":185067,"href":"https:\/\/noticiasmercedinas.com\/site\/wp-json\/wp\/v2\/posts\/184995\/revisions\/185067"}],"wp:featuredmedia":[{"embeddable":true,"href":"https:\/\/noticiasmercedinas.com\/site\/wp-json\/wp\/v2\/media\/184996"}],"wp:attachment":[{"href":"https:\/\/noticiasmercedinas.com\/site\/wp-json\/wp\/v2\/media?parent=184995"}],"wp:term":[{"taxonomy":"category","embeddable":true,"href":"https:\/\/noticiasmercedinas.com\/site\/wp-json\/wp\/v2\/categories?post=184995"},{"taxonomy":"post_tag","embeddable":true,"href":"https:\/\/noticiasmercedinas.com\/site\/wp-json\/wp\/v2\/tags?post=184995"}],"curies":[{"name":"wp","href":"https:\/\/api.w.org\/{rel}","templated":true}]}}