{"id":185,"date":"2018-08-20T20:47:49","date_gmt":"2018-08-20T23:47:49","guid":{"rendered":"http:\/\/noticiasmercedinas.com\/site\/?p=185"},"modified":"2018-08-20T20:47:49","modified_gmt":"2018-08-20T23:47:49","slug":"paso-por-mercedes-la-peregrinacion-nuestra-senora-de-la-cristiandad","status":"publish","type":"post","link":"https:\/\/noticiasmercedinas.com\/site\/2018\/08\/20\/paso-por-mercedes-la-peregrinacion-nuestra-senora-de-la-cristiandad\/","title":{"rendered":"Pas\u00f3 por Mercedes la Peregrinaci\u00f3n Nuestra Se\u00f1ora de la Cristiandad"},"content":{"rendered":"<p><strong>Cerca de mil personas transitaron por los caminos rurales del distrito hacia la Bas\u00edlica de Luj\u00e1n. El domingo levantaron sus carpas en Agote. Caminaron durante tres d\u00edas, desde Rawson.\u00a0<\/strong><\/p>\n<p><img loading=\"lazy\" decoding=\"async\" class=\"alignnone size-full wp-image-186\" src=\"http:\/\/noticiasmercedinas.com\/site\/wp-content\/uploads\/2018\/08\/cristiandad.png\" alt=\"\" width=\"512\" height=\"349\" srcset=\"https:\/\/noticiasmercedinas.com\/site\/wp-content\/uploads\/2018\/08\/cristiandad.png 512w, https:\/\/noticiasmercedinas.com\/site\/wp-content\/uploads\/2018\/08\/cristiandad-300x204.png 300w, https:\/\/noticiasmercedinas.com\/site\/wp-content\/uploads\/2018\/08\/cristiandad-511x349.png 511w\" sizes=\"auto, (max-width: 512px) 100vw, 512px\" \/><\/p>\n<p class=\"Estilo25\">Cerca de mil personas transitaron a pie por los caminos rurales de Mercedes este fin de semana en el tramo medio de la novena Peregrinaci\u00f3n penitencial Nuestra Se\u00f1ora de la Cristiandad que une la localidad de Rawson (Chacabuco) con la Bas\u00edlica Nacional de Luj\u00e1n.<\/p>\n<p class=\"Estilo25\">Los peregrinos, venidos de diferentes puntos de la Argentina, concluyeron el domingo su segundo d\u00eda de caminata con la \u201cConsagraci\u00f3n, bendici\u00f3n y vela al Sant\u00edsimo\u201d, en el campamento organizado en un tambo de Agote.<\/p>\n<p class=\"Estilo25\">En la madrugada del lunes, el grupo encar\u00f3 el tercer Cap\u00edtulo de la Peregrinaci\u00f3n, que incluy\u00f3 una parada en Goldney.<\/p>\n<p class=\"Estilo25\">Durante su paso por el distrito, recibi\u00f3 el acompa\u00f1amiento de efectivos del Comando de Prevenci\u00f3n Rural (CPR) y de la Polic\u00eda Comunal.<\/p>\n<p class=\"Estilo25\">Por medio de esta Peregrinaci\u00f3n anual, Nuestra Se\u00f1ora de la Cristiandad busca \u201ccontribuir a la restauraci\u00f3n del esp\u00edritu de la Cristiandad\u201d.<\/p>\n<p class=\"Estilo25\">\u201cMediante las oraciones y sacrificios ofrecidos y a trav\u00e9s de las gracias recibidas en la Santa Misa, pedimos a Nuestra Madre, Patrona de la Argentina, la restauraci\u00f3n del orden Social Cristiano\u201d, explican en su sitio web.<\/p>\n","protected":false},"excerpt":{"rendered":"<p>Cerca de mil personas transitaron por los caminos rurales del distrito hacia la Bas\u00edlica de Luj\u00e1n. El domingo levantaron sus carpas en Agote. Caminaron durante tres d\u00edas, desde Rawson.\u00a0 Cerca de mil personas transitaron a pie por los caminos rurales de Mercedes este fin de semana en el tramo medio de la novena Peregrinaci\u00f3n penitencial [&hellip;]<\/p>\n","protected":false},"author":2,"featured_media":186,"comment_status":"open","ping_status":"open","sticky":false,"template":"","format":"standard","meta":{"footnotes":""},"categories":[3],"tags":[98,40,23,99],"class_list":["post-185","post","type-post","status-publish","format-standard","has-post-thumbnail","hentry","category-sociedad","tag-cristiandad","tag-lujan","tag-mercedes","tag-peregrinacion"],"yoast_head":"<!-- This site is optimized with the Yoast SEO plugin v27.4 - https:\/\/yoast.com\/product\/yoast-seo-wordpress\/ -->\n<title>Pas\u00f3 por Mercedes la Peregrinaci\u00f3n Nuestra Se\u00f1ora de la Cristiandad<\/title>\n<meta name=\"robots\" content=\"index, follow, max-snippet:-1, max-image-preview:large, max-video-preview:-1\" \/>\n<link rel=\"canonical\" href=\"https:\/\/noticiasmercedinas.com\/site\/2018\/08\/20\/paso-por-mercedes-la-peregrinacion-nuestra-senora-de-la-cristiandad\/\" \/>\n<meta property=\"og:locale\" content=\"es_ES\" \/>\n<meta property=\"og:type\" content=\"article\" \/>\n<meta property=\"og:title\" content=\"Pas\u00f3 por Mercedes la Peregrinaci\u00f3n Nuestra Se\u00f1ora de la Cristiandad\" \/>\n<meta property=\"og:description\" content=\"Cerca de mil personas transitaron por los caminos rurales del distrito hacia la Bas\u00edlica de Luj\u00e1n. El domingo levantaron sus carpas en Agote. Caminaron durante tres d\u00edas, desde Rawson.\u00a0 Cerca de mil personas transitaron a pie por los caminos rurales de Mercedes este fin de semana en el tramo medio de la novena Peregrinaci\u00f3n penitencial [&hellip;]\" \/>\n<meta property=\"og:url\" content=\"https:\/\/noticiasmercedinas.com\/site\/2018\/08\/20\/paso-por-mercedes-la-peregrinacion-nuestra-senora-de-la-cristiandad\/\" \/>\n<meta property=\"og:site_name\" content=\"NOTICIASMERCEDINAS.COM\" \/>\n<meta property=\"article:publisher\" content=\"https:\/\/www.facebook.com\/noticiasmercedinas\/\" \/>\n<meta property=\"article:author\" content=\"https:\/\/www.facebook.com\/cristian.falabella\" \/>\n<meta property=\"article:published_time\" content=\"2018-08-20T23:47:49+00:00\" \/>\n<meta property=\"og:image\" content=\"https:\/\/noticiasmercedinas.com\/site\/wp-content\/uploads\/2018\/08\/cristiandad.png\" \/>\n\t<meta property=\"og:image:width\" content=\"512\" \/>\n\t<meta property=\"og:image:height\" content=\"349\" \/>\n\t<meta property=\"og:image:type\" content=\"image\/png\" \/>\n<meta name=\"author\" content=\"Cristian Falabella NOTICIASMERCEDINAS.COM\" \/>\n<meta name=\"twitter:card\" content=\"summary_large_image\" \/>\n<meta name=\"twitter:creator\" content=\"@https:\/\/twitter.com\/NOTMERCEDINAS\" \/>\n<meta name=\"twitter:site\" content=\"@notmercedinas\" \/>\n<meta name=\"twitter:label1\" content=\"Escrito por\" \/>\n\t<meta name=\"twitter:data1\" content=\"Cristian Falabella NOTICIASMERCEDINAS.COM\" \/>\n\t<meta name=\"twitter:label2\" content=\"Tiempo de lectura\" \/>\n\t<meta name=\"twitter:data2\" content=\"1 minuto\" \/>\n<script type=\"application\/ld+json\" class=\"yoast-schema-graph\">{\"@context\":\"https:\\\/\\\/schema.org\",\"@graph\":[{\"@type\":\"Article\",\"@id\":\"https:\\\/\\\/noticiasmercedinas.com\\\/site\\\/2018\\\/08\\\/20\\\/paso-por-mercedes-la-peregrinacion-nuestra-senora-de-la-cristiandad\\\/#article\",\"isPartOf\":{\"@id\":\"https:\\\/\\\/noticiasmercedinas.com\\\/site\\\/2018\\\/08\\\/20\\\/paso-por-mercedes-la-peregrinacion-nuestra-senora-de-la-cristiandad\\\/\"},\"author\":{\"name\":\"Cristian Falabella NOTICIASMERCEDINAS.COM\",\"@id\":\"https:\\\/\\\/noticiasmercedinas.com\\\/site\\\/#\\\/schema\\\/person\\\/d481a9696a5feaec13a60e2bbd991a6a\"},\"headline\":\"Pas\u00f3 por Mercedes la Peregrinaci\u00f3n Nuestra Se\u00f1ora de la Cristiandad\",\"datePublished\":\"2018-08-20T23:47:49+00:00\",\"mainEntityOfPage\":{\"@id\":\"https:\\\/\\\/noticiasmercedinas.com\\\/site\\\/2018\\\/08\\\/20\\\/paso-por-mercedes-la-peregrinacion-nuestra-senora-de-la-cristiandad\\\/\"},\"wordCount\":240,\"commentCount\":0,\"publisher\":{\"@id\":\"https:\\\/\\\/noticiasmercedinas.com\\\/site\\\/#organization\"},\"image\":{\"@id\":\"https:\\\/\\\/noticiasmercedinas.com\\\/site\\\/2018\\\/08\\\/20\\\/paso-por-mercedes-la-peregrinacion-nuestra-senora-de-la-cristiandad\\\/#primaryimage\"},\"thumbnailUrl\":\"https:\\\/\\\/noticiasmercedinas.com\\\/site\\\/wp-content\\\/uploads\\\/2018\\\/08\\\/cristiandad.png\",\"keywords\":[\"cristiandad\",\"lujan\",\"mercedes\",\"peregrinacion\"],\"articleSection\":[\"Sociedad\"],\"inLanguage\":\"es\",\"potentialAction\":[{\"@type\":\"CommentAction\",\"name\":\"Comment\",\"target\":[\"https:\\\/\\\/noticiasmercedinas.com\\\/site\\\/2018\\\/08\\\/20\\\/paso-por-mercedes-la-peregrinacion-nuestra-senora-de-la-cristiandad\\\/#respond\"]}]},{\"@type\":\"WebPage\",\"@id\":\"https:\\\/\\\/noticiasmercedinas.com\\\/site\\\/2018\\\/08\\\/20\\\/paso-por-mercedes-la-peregrinacion-nuestra-senora-de-la-cristiandad\\\/\",\"url\":\"https:\\\/\\\/noticiasmercedinas.com\\\/site\\\/2018\\\/08\\\/20\\\/paso-por-mercedes-la-peregrinacion-nuestra-senora-de-la-cristiandad\\\/\",\"name\":\"Pas\u00f3 por Mercedes la Peregrinaci\u00f3n Nuestra Se\u00f1ora de la Cristiandad\",\"isPartOf\":{\"@id\":\"https:\\\/\\\/noticiasmercedinas.com\\\/site\\\/#website\"},\"primaryImageOfPage\":{\"@id\":\"https:\\\/\\\/noticiasmercedinas.com\\\/site\\\/2018\\\/08\\\/20\\\/paso-por-mercedes-la-peregrinacion-nuestra-senora-de-la-cristiandad\\\/#primaryimage\"},\"image\":{\"@id\":\"https:\\\/\\\/noticiasmercedinas.com\\\/site\\\/2018\\\/08\\\/20\\\/paso-por-mercedes-la-peregrinacion-nuestra-senora-de-la-cristiandad\\\/#primaryimage\"},\"thumbnailUrl\":\"https:\\\/\\\/noticiasmercedinas.com\\\/site\\\/wp-content\\\/uploads\\\/2018\\\/08\\\/cristiandad.png\",\"datePublished\":\"2018-08-20T23:47:49+00:00\",\"breadcrumb\":{\"@id\":\"https:\\\/\\\/noticiasmercedinas.com\\\/site\\\/2018\\\/08\\\/20\\\/paso-por-mercedes-la-peregrinacion-nuestra-senora-de-la-cristiandad\\\/#breadcrumb\"},\"inLanguage\":\"es\",\"potentialAction\":[{\"@type\":\"ReadAction\",\"target\":[\"https:\\\/\\\/noticiasmercedinas.com\\\/site\\\/2018\\\/08\\\/20\\\/paso-por-mercedes-la-peregrinacion-nuestra-senora-de-la-cristiandad\\\/\"]}]},{\"@type\":\"ImageObject\",\"inLanguage\":\"es\",\"@id\":\"https:\\\/\\\/noticiasmercedinas.com\\\/site\\\/2018\\\/08\\\/20\\\/paso-por-mercedes-la-peregrinacion-nuestra-senora-de-la-cristiandad\\\/#primaryimage\",\"url\":\"https:\\\/\\\/noticiasmercedinas.com\\\/site\\\/wp-content\\\/uploads\\\/2018\\\/08\\\/cristiandad.png\",\"contentUrl\":\"https:\\\/\\\/noticiasmercedinas.com\\\/site\\\/wp-content\\\/uploads\\\/2018\\\/08\\\/cristiandad.png\",\"width\":512,\"height\":349},{\"@type\":\"BreadcrumbList\",\"@id\":\"https:\\\/\\\/noticiasmercedinas.com\\\/site\\\/2018\\\/08\\\/20\\\/paso-por-mercedes-la-peregrinacion-nuestra-senora-de-la-cristiandad\\\/#breadcrumb\",\"itemListElement\":[{\"@type\":\"ListItem\",\"position\":1,\"name\":\"Portada\",\"item\":\"https:\\\/\\\/noticiasmercedinas.com\\\/site\\\/\"},{\"@type\":\"ListItem\",\"position\":2,\"name\":\"Pas\u00f3 por Mercedes la Peregrinaci\u00f3n Nuestra Se\u00f1ora de la Cristiandad\"}]},{\"@type\":\"WebSite\",\"@id\":\"https:\\\/\\\/noticiasmercedinas.com\\\/site\\\/#website\",\"url\":\"https:\\\/\\\/noticiasmercedinas.com\\\/site\\\/\",\"name\":\"NOTICIASMERCEDINAS.COM\",\"description\":\"Mercedes, Buenos Aires, Argentina\",\"publisher\":{\"@id\":\"https:\\\/\\\/noticiasmercedinas.com\\\/site\\\/#organization\"},\"potentialAction\":[{\"@type\":\"SearchAction\",\"target\":{\"@type\":\"EntryPoint\",\"urlTemplate\":\"https:\\\/\\\/noticiasmercedinas.com\\\/site\\\/?s={search_term_string}\"},\"query-input\":{\"@type\":\"PropertyValueSpecification\",\"valueRequired\":true,\"valueName\":\"search_term_string\"}}],\"inLanguage\":\"es\"},{\"@type\":\"Organization\",\"@id\":\"https:\\\/\\\/noticiasmercedinas.com\\\/site\\\/#organization\",\"name\":\"NOTICIASMERCEDINAS.COM\",\"url\":\"https:\\\/\\\/noticiasmercedinas.com\\\/site\\\/\",\"logo\":{\"@type\":\"ImageObject\",\"inLanguage\":\"es\",\"@id\":\"https:\\\/\\\/noticiasmercedinas.com\\\/site\\\/#\\\/schema\\\/logo\\\/image\\\/\",\"url\":\"https:\\\/\\\/noticiasmercedinas.com\\\/site\\\/wp-content\\\/uploads\\\/2020\\\/06\\\/LOGO-512.jpg\",\"contentUrl\":\"https:\\\/\\\/noticiasmercedinas.com\\\/site\\\/wp-content\\\/uploads\\\/2020\\\/06\\\/LOGO-512.jpg\",\"width\":512,\"height\":512,\"caption\":\"NOTICIASMERCEDINAS.COM\"},\"image\":{\"@id\":\"https:\\\/\\\/noticiasmercedinas.com\\\/site\\\/#\\\/schema\\\/logo\\\/image\\\/\"},\"sameAs\":[\"https:\\\/\\\/www.facebook.com\\\/noticiasmercedinas\\\/\",\"https:\\\/\\\/x.com\\\/notmercedinas\",\"https:\\\/\\\/www.instagram.com\\\/noticiasmercedinas\\\/\"]},{\"@type\":\"Person\",\"@id\":\"https:\\\/\\\/noticiasmercedinas.com\\\/site\\\/#\\\/schema\\\/person\\\/d481a9696a5feaec13a60e2bbd991a6a\",\"name\":\"Cristian Falabella NOTICIASMERCEDINAS.COM\",\"image\":{\"@type\":\"ImageObject\",\"inLanguage\":\"es\",\"@id\":\"https:\\\/\\\/secure.gravatar.com\\\/avatar\\\/0dbbfc45970cc46bcd0e57766228574ff3511d6eed045b182f536f0f478c1f06?s=96&d=mm&r=g\",\"url\":\"https:\\\/\\\/secure.gravatar.com\\\/avatar\\\/0dbbfc45970cc46bcd0e57766228574ff3511d6eed045b182f536f0f478c1f06?s=96&d=mm&r=g\",\"contentUrl\":\"https:\\\/\\\/secure.gravatar.com\\\/avatar\\\/0dbbfc45970cc46bcd0e57766228574ff3511d6eed045b182f536f0f478c1f06?s=96&d=mm&r=g\",\"caption\":\"Cristian Falabella NOTICIASMERCEDINAS.COM\"},\"description\":\"Periodista, editor de Noticias Mercedinas. Pas\u00f3 por varias redacciones y emprendimientos de prensa, en distintos formatos y \u00e9pocas. Se especializ\u00f3 --y sigue haci\u00e9ndolo-- en comunicaci\u00f3n en la web y en junio de 2006 fund\u00f3 este diario digital.\",\"sameAs\":[\"https:\\\/\\\/noticiasmercedinas.com\",\"https:\\\/\\\/www.facebook.com\\\/cristian.falabella\",\"https:\\\/\\\/www.instagram.com\\\/noticiasmercedinas\\\/\",\"https:\\\/\\\/x.com\\\/https:\\\/\\\/twitter.com\\\/NOTMERCEDINAS\"],\"url\":\"https:\\\/\\\/noticiasmercedinas.com\\\/site\\\/author\\\/as000384\\\/\"}]}<\/script>\n<!-- \/ Yoast SEO plugin. -->","yoast_head_json":{"title":"Pas\u00f3 por Mercedes la Peregrinaci\u00f3n Nuestra Se\u00f1ora de la Cristiandad","robots":{"index":"index","follow":"follow","max-snippet":"max-snippet:-1","max-image-preview":"max-image-preview:large","max-video-preview":"max-video-preview:-1"},"canonical":"https:\/\/noticiasmercedinas.com\/site\/2018\/08\/20\/paso-por-mercedes-la-peregrinacion-nuestra-senora-de-la-cristiandad\/","og_locale":"es_ES","og_type":"article","og_title":"Pas\u00f3 por Mercedes la Peregrinaci\u00f3n Nuestra Se\u00f1ora de la Cristiandad","og_description":"Cerca de mil personas transitaron por los caminos rurales del distrito hacia la Bas\u00edlica de Luj\u00e1n. El domingo levantaron sus carpas en Agote. Caminaron durante tres d\u00edas, desde Rawson.\u00a0 Cerca de mil personas transitaron a pie por los caminos rurales de Mercedes este fin de semana en el tramo medio de la novena Peregrinaci\u00f3n penitencial [&hellip;]","og_url":"https:\/\/noticiasmercedinas.com\/site\/2018\/08\/20\/paso-por-mercedes-la-peregrinacion-nuestra-senora-de-la-cristiandad\/","og_site_name":"NOTICIASMERCEDINAS.COM","article_publisher":"https:\/\/www.facebook.com\/noticiasmercedinas\/","article_author":"https:\/\/www.facebook.com\/cristian.falabella","article_published_time":"2018-08-20T23:47:49+00:00","og_image":[{"width":512,"height":349,"url":"https:\/\/noticiasmercedinas.com\/site\/wp-content\/uploads\/2018\/08\/cristiandad.png","type":"image\/png"}],"author":"Cristian Falabella NOTICIASMERCEDINAS.COM","twitter_card":"summary_large_image","twitter_creator":"@https:\/\/twitter.com\/NOTMERCEDINAS","twitter_site":"@notmercedinas","twitter_misc":{"Escrito por":"Cristian Falabella NOTICIASMERCEDINAS.COM","Tiempo de lectura":"1 minuto"},"schema":{"@context":"https:\/\/schema.org","@graph":[{"@type":"Article","@id":"https:\/\/noticiasmercedinas.com\/site\/2018\/08\/20\/paso-por-mercedes-la-peregrinacion-nuestra-senora-de-la-cristiandad\/#article","isPartOf":{"@id":"https:\/\/noticiasmercedinas.com\/site\/2018\/08\/20\/paso-por-mercedes-la-peregrinacion-nuestra-senora-de-la-cristiandad\/"},"author":{"name":"Cristian Falabella NOTICIASMERCEDINAS.COM","@id":"https:\/\/noticiasmercedinas.com\/site\/#\/schema\/person\/d481a9696a5feaec13a60e2bbd991a6a"},"headline":"Pas\u00f3 por Mercedes la Peregrinaci\u00f3n Nuestra Se\u00f1ora de la Cristiandad","datePublished":"2018-08-20T23:47:49+00:00","mainEntityOfPage":{"@id":"https:\/\/noticiasmercedinas.com\/site\/2018\/08\/20\/paso-por-mercedes-la-peregrinacion-nuestra-senora-de-la-cristiandad\/"},"wordCount":240,"commentCount":0,"publisher":{"@id":"https:\/\/noticiasmercedinas.com\/site\/#organization"},"image":{"@id":"https:\/\/noticiasmercedinas.com\/site\/2018\/08\/20\/paso-por-mercedes-la-peregrinacion-nuestra-senora-de-la-cristiandad\/#primaryimage"},"thumbnailUrl":"https:\/\/noticiasmercedinas.com\/site\/wp-content\/uploads\/2018\/08\/cristiandad.png","keywords":["cristiandad","lujan","mercedes","peregrinacion"],"articleSection":["Sociedad"],"inLanguage":"es","potentialAction":[{"@type":"CommentAction","name":"Comment","target":["https:\/\/noticiasmercedinas.com\/site\/2018\/08\/20\/paso-por-mercedes-la-peregrinacion-nuestra-senora-de-la-cristiandad\/#respond"]}]},{"@type":"WebPage","@id":"https:\/\/noticiasmercedinas.com\/site\/2018\/08\/20\/paso-por-mercedes-la-peregrinacion-nuestra-senora-de-la-cristiandad\/","url":"https:\/\/noticiasmercedinas.com\/site\/2018\/08\/20\/paso-por-mercedes-la-peregrinacion-nuestra-senora-de-la-cristiandad\/","name":"Pas\u00f3 por Mercedes la Peregrinaci\u00f3n Nuestra Se\u00f1ora de la Cristiandad","isPartOf":{"@id":"https:\/\/noticiasmercedinas.com\/site\/#website"},"primaryImageOfPage":{"@id":"https:\/\/noticiasmercedinas.com\/site\/2018\/08\/20\/paso-por-mercedes-la-peregrinacion-nuestra-senora-de-la-cristiandad\/#primaryimage"},"image":{"@id":"https:\/\/noticiasmercedinas.com\/site\/2018\/08\/20\/paso-por-mercedes-la-peregrinacion-nuestra-senora-de-la-cristiandad\/#primaryimage"},"thumbnailUrl":"https:\/\/noticiasmercedinas.com\/site\/wp-content\/uploads\/2018\/08\/cristiandad.png","datePublished":"2018-08-20T23:47:49+00:00","breadcrumb":{"@id":"https:\/\/noticiasmercedinas.com\/site\/2018\/08\/20\/paso-por-mercedes-la-peregrinacion-nuestra-senora-de-la-cristiandad\/#breadcrumb"},"inLanguage":"es","potentialAction":[{"@type":"ReadAction","target":["https:\/\/noticiasmercedinas.com\/site\/2018\/08\/20\/paso-por-mercedes-la-peregrinacion-nuestra-senora-de-la-cristiandad\/"]}]},{"@type":"ImageObject","inLanguage":"es","@id":"https:\/\/noticiasmercedinas.com\/site\/2018\/08\/20\/paso-por-mercedes-la-peregrinacion-nuestra-senora-de-la-cristiandad\/#primaryimage","url":"https:\/\/noticiasmercedinas.com\/site\/wp-content\/uploads\/2018\/08\/cristiandad.png","contentUrl":"https:\/\/noticiasmercedinas.com\/site\/wp-content\/uploads\/2018\/08\/cristiandad.png","width":512,"height":349},{"@type":"BreadcrumbList","@id":"https:\/\/noticiasmercedinas.com\/site\/2018\/08\/20\/paso-por-mercedes-la-peregrinacion-nuestra-senora-de-la-cristiandad\/#breadcrumb","itemListElement":[{"@type":"ListItem","position":1,"name":"Portada","item":"https:\/\/noticiasmercedinas.com\/site\/"},{"@type":"ListItem","position":2,"name":"Pas\u00f3 por Mercedes la Peregrinaci\u00f3n Nuestra Se\u00f1ora de la Cristiandad"}]},{"@type":"WebSite","@id":"https:\/\/noticiasmercedinas.com\/site\/#website","url":"https:\/\/noticiasmercedinas.com\/site\/","name":"NOTICIASMERCEDINAS.COM","description":"Mercedes, Buenos Aires, Argentina","publisher":{"@id":"https:\/\/noticiasmercedinas.com\/site\/#organization"},"potentialAction":[{"@type":"SearchAction","target":{"@type":"EntryPoint","urlTemplate":"https:\/\/noticiasmercedinas.com\/site\/?s={search_term_string}"},"query-input":{"@type":"PropertyValueSpecification","valueRequired":true,"valueName":"search_term_string"}}],"inLanguage":"es"},{"@type":"Organization","@id":"https:\/\/noticiasmercedinas.com\/site\/#organization","name":"NOTICIASMERCEDINAS.COM","url":"https:\/\/noticiasmercedinas.com\/site\/","logo":{"@type":"ImageObject","inLanguage":"es","@id":"https:\/\/noticiasmercedinas.com\/site\/#\/schema\/logo\/image\/","url":"https:\/\/noticiasmercedinas.com\/site\/wp-content\/uploads\/2020\/06\/LOGO-512.jpg","contentUrl":"https:\/\/noticiasmercedinas.com\/site\/wp-content\/uploads\/2020\/06\/LOGO-512.jpg","width":512,"height":512,"caption":"NOTICIASMERCEDINAS.COM"},"image":{"@id":"https:\/\/noticiasmercedinas.com\/site\/#\/schema\/logo\/image\/"},"sameAs":["https:\/\/www.facebook.com\/noticiasmercedinas\/","https:\/\/x.com\/notmercedinas","https:\/\/www.instagram.com\/noticiasmercedinas\/"]},{"@type":"Person","@id":"https:\/\/noticiasmercedinas.com\/site\/#\/schema\/person\/d481a9696a5feaec13a60e2bbd991a6a","name":"Cristian Falabella NOTICIASMERCEDINAS.COM","image":{"@type":"ImageObject","inLanguage":"es","@id":"https:\/\/secure.gravatar.com\/avatar\/0dbbfc45970cc46bcd0e57766228574ff3511d6eed045b182f536f0f478c1f06?s=96&d=mm&r=g","url":"https:\/\/secure.gravatar.com\/avatar\/0dbbfc45970cc46bcd0e57766228574ff3511d6eed045b182f536f0f478c1f06?s=96&d=mm&r=g","contentUrl":"https:\/\/secure.gravatar.com\/avatar\/0dbbfc45970cc46bcd0e57766228574ff3511d6eed045b182f536f0f478c1f06?s=96&d=mm&r=g","caption":"Cristian Falabella NOTICIASMERCEDINAS.COM"},"description":"Periodista, editor de Noticias Mercedinas. Pas\u00f3 por varias redacciones y emprendimientos de prensa, en distintos formatos y \u00e9pocas. Se especializ\u00f3 --y sigue haci\u00e9ndolo-- en comunicaci\u00f3n en la web y en junio de 2006 fund\u00f3 este diario digital.","sameAs":["https:\/\/noticiasmercedinas.com","https:\/\/www.facebook.com\/cristian.falabella","https:\/\/www.instagram.com\/noticiasmercedinas\/","https:\/\/x.com\/https:\/\/twitter.com\/NOTMERCEDINAS"],"url":"https:\/\/noticiasmercedinas.com\/site\/author\/as000384\/"}]}},"amp_enabled":true,"_links":{"self":[{"href":"https:\/\/noticiasmercedinas.com\/site\/wp-json\/wp\/v2\/posts\/185","targetHints":{"allow":["GET"]}}],"collection":[{"href":"https:\/\/noticiasmercedinas.com\/site\/wp-json\/wp\/v2\/posts"}],"about":[{"href":"https:\/\/noticiasmercedinas.com\/site\/wp-json\/wp\/v2\/types\/post"}],"author":[{"embeddable":true,"href":"https:\/\/noticiasmercedinas.com\/site\/wp-json\/wp\/v2\/users\/2"}],"replies":[{"embeddable":true,"href":"https:\/\/noticiasmercedinas.com\/site\/wp-json\/wp\/v2\/comments?post=185"}],"version-history":[{"count":1,"href":"https:\/\/noticiasmercedinas.com\/site\/wp-json\/wp\/v2\/posts\/185\/revisions"}],"predecessor-version":[{"id":187,"href":"https:\/\/noticiasmercedinas.com\/site\/wp-json\/wp\/v2\/posts\/185\/revisions\/187"}],"wp:featuredmedia":[{"embeddable":true,"href":"https:\/\/noticiasmercedinas.com\/site\/wp-json\/wp\/v2\/media\/186"}],"wp:attachment":[{"href":"https:\/\/noticiasmercedinas.com\/site\/wp-json\/wp\/v2\/media?parent=185"}],"wp:term":[{"taxonomy":"category","embeddable":true,"href":"https:\/\/noticiasmercedinas.com\/site\/wp-json\/wp\/v2\/categories?post=185"},{"taxonomy":"post_tag","embeddable":true,"href":"https:\/\/noticiasmercedinas.com\/site\/wp-json\/wp\/v2\/tags?post=185"}],"curies":[{"name":"wp","href":"https:\/\/api.w.org\/{rel}","templated":true}]}}