{"id":185056,"date":"2026-04-25T09:39:37","date_gmt":"2026-04-25T12:39:37","guid":{"rendered":"https:\/\/noticiasmercedinas.com\/site\/?p=185056"},"modified":"2026-04-25T09:49:21","modified_gmt":"2026-04-25T12:49:21","slug":"preparativos-para-el-cambio-de-manto-de-la-virgen-una-tradicion-que-une-a-miles-de-fieles","status":"publish","type":"post","link":"https:\/\/noticiasmercedinas.com\/site\/2026\/04\/25\/preparativos-para-el-cambio-de-manto-de-la-virgen-una-tradicion-que-une-a-miles-de-fieles\/","title":{"rendered":"Preparativos para el cambio de manto de la Virgen: una tradici\u00f3n que une a miles de fieles"},"content":{"rendered":"<p><img loading=\"lazy\" decoding=\"async\" class=\"alignnone size-full wp-image-170518\" src=\"https:\/\/noticiasmercedinas.com\/site\/wp-content\/uploads\/2025\/09\/ASCHEINIG.jpg\" alt=\"\" width=\"640\" height=\"396\" srcset=\"https:\/\/noticiasmercedinas.com\/site\/wp-content\/uploads\/2025\/09\/ASCHEINIG.jpg 640w, https:\/\/noticiasmercedinas.com\/site\/wp-content\/uploads\/2025\/09\/ASCHEINIG-300x186.jpg 300w\" sizes=\"auto, (max-width: 640px) 100vw, 640px\" \/><\/p>\n<p>En el marco de las celebraciones anuales en honor a la Santa Patrona de la Argentina, el Santuario de Luj\u00e1n anunci\u00f3 que este domingo 26 de abril, a las 11:00 hs., se realizar\u00e1 la tradicional ceremonia del Cambio de Manto de la Virgen de Luj\u00e1n.<\/p>\n<p>Este acto lit\u00fargico, de profundo valor simb\u00f3lico y espiritual para la comunidad peregrina, marca el preludio de la gran festividad del 8 de mayo.<\/p>\n<p>La Santa Misa ser\u00e1 presidida por el arzobispo de la Arquidi\u00f3cesis de Mercedes-Luj\u00e1n, Padre Obispo Jorge Eduardo Scheinig. La Eucarist\u00eda contar\u00e1 adem\u00e1s con la concelebraci\u00f3n del obispo auxiliar de la arquidi\u00f3cesis, Mauricio Landra, y del obispo em\u00e9rito de San Isidro, Monse\u00f1or Oscar Ojea, lo que subraya la relevancia institucional y religiosa de la jornada.<\/p>\n<p>Como cada a\u00f1o, nos preparamos para celebrar la fiesta de nuestra Madre. Queremos invitar a toda la comunidad a ser parte de este momento en el que renovamos la vestidura de la imagen aut\u00e9ntica, expresaron desde el Santuario a trav\u00e9s de sus canales oficiales.<\/p>\n<p><strong>Un manto con destino solidario y devocional<\/strong><\/p>\n<p>Uno de los aspectos m\u00e1s significativos de esta tradici\u00f3n es el destino del manto saliente. Seg\u00fan informaron las autoridades eclesi\u00e1sticas, el tejido que se retira de la imagen original es procesado para la creaci\u00f3n de estampas religiosas. Cada una de estas piezas llevar\u00e1 adherido un peque\u00f1o fragmento del manto que protegi\u00f3 a la Virgen durante el \u00faltimo a\u00f1o.<\/p>\n<p>Estas reliquias de tercer grado comenzar\u00e1n a distribuirse oficialmente a partir del 8 de mayo, coincidiendo con el D\u00eda de la Virgen de Luj\u00e1n, fecha en la que se espera una afluencia masiva de fieles de todo el pa\u00eds.<\/p>\n<p><strong>Transmisi\u00f3n y participaci\u00f3n<\/strong><\/p>\n<p>Para aquellos que no puedan asistir de forma presencial, se prev\u00e9 que la ceremonia sea transmitida a trav\u00e9s del canal oficial de YouTube del Santuario de Luj\u00e1n, permitiendo que los devotos participen de manera remota. Los interesados en obtener mayor informaci\u00f3n sobre el cronograma de actividades pueden acceder al sitio web oficial: santuariodelujan.org.ar.<\/p>\n","protected":false},"excerpt":{"rendered":"<p>\u25a0 La ceremonia se llevar\u00e1 a cabo este domingo 26 de abril en la Bas\u00edlica y ser\u00e1 presidida por el arzobispo Jorge Eduardo Scheinig. El evento marca el inicio de las festividades patronales que culminar\u00e1n el 8 de mayo.<\/p>\n","protected":false},"author":16,"featured_media":170518,"comment_status":"closed","ping_status":"closed","sticky":false,"template":"","format":"standard","meta":{"footnotes":""},"categories":[3,20734],"tags":[11318,40,9071,4465],"class_list":["post-185056","post","type-post","status-publish","format-standard","has-post-thumbnail","hentry","category-sociedad","category-ultimo-momento","tag-arzobispo-jorge-eduardo-scheinig","tag-lujan","tag-manto","tag-virgen"],"yoast_head":"<!-- This site is optimized with the Yoast SEO plugin v27.4 - https:\/\/yoast.com\/product\/yoast-seo-wordpress\/ -->\n<title>Preparativos para el cambio de manto de la Virgen: una tradici\u00f3n que une a miles de fieles<\/title>\n<meta name=\"description\" content=\"La ceremonia se llevar\u00e1 a cabo este domingo 26 de abril en la Bas\u00edlica y ser\u00e1 presidida por el arzobispo Jorge Eduardo Scheinig. El evento marca el inicio de las festividades patronales que culminar\u00e1n el 8 de mayo.\" \/>\n<meta name=\"robots\" content=\"index, follow, max-snippet:-1, max-image-preview:large, max-video-preview:-1\" \/>\n<link rel=\"canonical\" href=\"https:\/\/noticiasmercedinas.com\/site\/2026\/04\/25\/preparativos-para-el-cambio-de-manto-de-la-virgen-una-tradicion-que-une-a-miles-de-fieles\/\" \/>\n<meta property=\"og:locale\" content=\"es_ES\" \/>\n<meta property=\"og:type\" content=\"article\" \/>\n<meta property=\"og:title\" content=\"Preparativos para el cambio de manto de la Virgen: una tradici\u00f3n que une a miles de fieles\" \/>\n<meta property=\"og:description\" content=\"La ceremonia se llevar\u00e1 a cabo este domingo 26 de abril en la Bas\u00edlica y ser\u00e1 presidida por el arzobispo Jorge Eduardo Scheinig. El evento marca el inicio de las festividades patronales que culminar\u00e1n el 8 de mayo.\" \/>\n<meta property=\"og:url\" content=\"https:\/\/noticiasmercedinas.com\/site\/2026\/04\/25\/preparativos-para-el-cambio-de-manto-de-la-virgen-una-tradicion-que-une-a-miles-de-fieles\/\" \/>\n<meta property=\"og:site_name\" content=\"NOTICIASMERCEDINAS.COM\" \/>\n<meta property=\"article:publisher\" content=\"https:\/\/www.facebook.com\/noticiasmercedinas\/\" \/>\n<meta property=\"article:published_time\" content=\"2026-04-25T12:39:37+00:00\" \/>\n<meta property=\"article:modified_time\" content=\"2026-04-25T12:49:21+00:00\" \/>\n<meta property=\"og:image\" content=\"https:\/\/noticiasmercedinas.com\/site\/wp-content\/uploads\/2025\/09\/ASCHEINIG.jpg\" \/>\n\t<meta property=\"og:image:width\" content=\"640\" \/>\n\t<meta property=\"og:image:height\" content=\"396\" \/>\n\t<meta property=\"og:image:type\" content=\"image\/jpeg\" \/>\n<meta name=\"author\" content=\"NOTICIASMERCEDINAS.COM\" \/>\n<meta name=\"twitter:card\" content=\"summary_large_image\" \/>\n<meta name=\"twitter:creator\" content=\"@notmercedinas\" \/>\n<meta name=\"twitter:site\" content=\"@notmercedinas\" \/>\n<meta name=\"twitter:label1\" content=\"Escrito por\" \/>\n\t<meta name=\"twitter:data1\" content=\"NOTICIASMERCEDINAS.COM\" \/>\n\t<meta name=\"twitter:label2\" content=\"Tiempo de lectura\" \/>\n\t<meta name=\"twitter:data2\" content=\"2 minutos\" \/>\n<script type=\"application\/ld+json\" class=\"yoast-schema-graph\">{\"@context\":\"https:\\\/\\\/schema.org\",\"@graph\":[{\"@type\":\"Article\",\"@id\":\"https:\\\/\\\/noticiasmercedinas.com\\\/site\\\/2026\\\/04\\\/25\\\/preparativos-para-el-cambio-de-manto-de-la-virgen-una-tradicion-que-une-a-miles-de-fieles\\\/#article\",\"isPartOf\":{\"@id\":\"https:\\\/\\\/noticiasmercedinas.com\\\/site\\\/2026\\\/04\\\/25\\\/preparativos-para-el-cambio-de-manto-de-la-virgen-una-tradicion-que-une-a-miles-de-fieles\\\/\"},\"author\":{\"name\":\"NOTICIASMERCEDINAS.COM\",\"@id\":\"https:\\\/\\\/noticiasmercedinas.com\\\/site\\\/#\\\/schema\\\/person\\\/84b59c099c28ff2e8b77d4ceec5d8063\"},\"headline\":\"Preparativos para el cambio de manto de la Virgen: una tradici\u00f3n que une a miles de fieles\",\"datePublished\":\"2026-04-25T12:39:37+00:00\",\"dateModified\":\"2026-04-25T12:49:21+00:00\",\"mainEntityOfPage\":{\"@id\":\"https:\\\/\\\/noticiasmercedinas.com\\\/site\\\/2026\\\/04\\\/25\\\/preparativos-para-el-cambio-de-manto-de-la-virgen-una-tradicion-que-une-a-miles-de-fieles\\\/\"},\"wordCount\":374,\"publisher\":{\"@id\":\"https:\\\/\\\/noticiasmercedinas.com\\\/site\\\/#organization\"},\"image\":{\"@id\":\"https:\\\/\\\/noticiasmercedinas.com\\\/site\\\/2026\\\/04\\\/25\\\/preparativos-para-el-cambio-de-manto-de-la-virgen-una-tradicion-que-une-a-miles-de-fieles\\\/#primaryimage\"},\"thumbnailUrl\":\"https:\\\/\\\/noticiasmercedinas.com\\\/site\\\/wp-content\\\/uploads\\\/2025\\\/09\\\/ASCHEINIG.jpg\",\"keywords\":[\"arzobispo Jorge Eduardo Scheinig\",\"lujan\",\"manto\",\"virgen\"],\"articleSection\":[\"Sociedad\",\"Ultimo momento\"],\"inLanguage\":\"es\"},{\"@type\":\"WebPage\",\"@id\":\"https:\\\/\\\/noticiasmercedinas.com\\\/site\\\/2026\\\/04\\\/25\\\/preparativos-para-el-cambio-de-manto-de-la-virgen-una-tradicion-que-une-a-miles-de-fieles\\\/\",\"url\":\"https:\\\/\\\/noticiasmercedinas.com\\\/site\\\/2026\\\/04\\\/25\\\/preparativos-para-el-cambio-de-manto-de-la-virgen-una-tradicion-que-une-a-miles-de-fieles\\\/\",\"name\":\"Preparativos para el cambio de manto de la Virgen: una tradici\u00f3n que une a miles de fieles\",\"isPartOf\":{\"@id\":\"https:\\\/\\\/noticiasmercedinas.com\\\/site\\\/#website\"},\"primaryImageOfPage\":{\"@id\":\"https:\\\/\\\/noticiasmercedinas.com\\\/site\\\/2026\\\/04\\\/25\\\/preparativos-para-el-cambio-de-manto-de-la-virgen-una-tradicion-que-une-a-miles-de-fieles\\\/#primaryimage\"},\"image\":{\"@id\":\"https:\\\/\\\/noticiasmercedinas.com\\\/site\\\/2026\\\/04\\\/25\\\/preparativos-para-el-cambio-de-manto-de-la-virgen-una-tradicion-que-une-a-miles-de-fieles\\\/#primaryimage\"},\"thumbnailUrl\":\"https:\\\/\\\/noticiasmercedinas.com\\\/site\\\/wp-content\\\/uploads\\\/2025\\\/09\\\/ASCHEINIG.jpg\",\"datePublished\":\"2026-04-25T12:39:37+00:00\",\"dateModified\":\"2026-04-25T12:49:21+00:00\",\"description\":\"La ceremonia se llevar\u00e1 a cabo este domingo 26 de abril en la Bas\u00edlica y ser\u00e1 presidida por el arzobispo Jorge Eduardo Scheinig. El evento marca el inicio de las festividades patronales que culminar\u00e1n el 8 de mayo.\",\"breadcrumb\":{\"@id\":\"https:\\\/\\\/noticiasmercedinas.com\\\/site\\\/2026\\\/04\\\/25\\\/preparativos-para-el-cambio-de-manto-de-la-virgen-una-tradicion-que-une-a-miles-de-fieles\\\/#breadcrumb\"},\"inLanguage\":\"es\",\"potentialAction\":[{\"@type\":\"ReadAction\",\"target\":[\"https:\\\/\\\/noticiasmercedinas.com\\\/site\\\/2026\\\/04\\\/25\\\/preparativos-para-el-cambio-de-manto-de-la-virgen-una-tradicion-que-une-a-miles-de-fieles\\\/\"]}]},{\"@type\":\"ImageObject\",\"inLanguage\":\"es\",\"@id\":\"https:\\\/\\\/noticiasmercedinas.com\\\/site\\\/2026\\\/04\\\/25\\\/preparativos-para-el-cambio-de-manto-de-la-virgen-una-tradicion-que-une-a-miles-de-fieles\\\/#primaryimage\",\"url\":\"https:\\\/\\\/noticiasmercedinas.com\\\/site\\\/wp-content\\\/uploads\\\/2025\\\/09\\\/ASCHEINIG.jpg\",\"contentUrl\":\"https:\\\/\\\/noticiasmercedinas.com\\\/site\\\/wp-content\\\/uploads\\\/2025\\\/09\\\/ASCHEINIG.jpg\",\"width\":640,\"height\":396},{\"@type\":\"BreadcrumbList\",\"@id\":\"https:\\\/\\\/noticiasmercedinas.com\\\/site\\\/2026\\\/04\\\/25\\\/preparativos-para-el-cambio-de-manto-de-la-virgen-una-tradicion-que-une-a-miles-de-fieles\\\/#breadcrumb\",\"itemListElement\":[{\"@type\":\"ListItem\",\"position\":1,\"name\":\"Portada\",\"item\":\"https:\\\/\\\/noticiasmercedinas.com\\\/site\\\/\"},{\"@type\":\"ListItem\",\"position\":2,\"name\":\"Preparativos para el cambio de manto de la Virgen: una tradici\u00f3n que une a miles de fieles\"}]},{\"@type\":\"WebSite\",\"@id\":\"https:\\\/\\\/noticiasmercedinas.com\\\/site\\\/#website\",\"url\":\"https:\\\/\\\/noticiasmercedinas.com\\\/site\\\/\",\"name\":\"NOTICIASMERCEDINAS.COM\",\"description\":\"Mercedes, Buenos Aires, Argentina\",\"publisher\":{\"@id\":\"https:\\\/\\\/noticiasmercedinas.com\\\/site\\\/#organization\"},\"potentialAction\":[{\"@type\":\"SearchAction\",\"target\":{\"@type\":\"EntryPoint\",\"urlTemplate\":\"https:\\\/\\\/noticiasmercedinas.com\\\/site\\\/?s={search_term_string}\"},\"query-input\":{\"@type\":\"PropertyValueSpecification\",\"valueRequired\":true,\"valueName\":\"search_term_string\"}}],\"inLanguage\":\"es\"},{\"@type\":\"Organization\",\"@id\":\"https:\\\/\\\/noticiasmercedinas.com\\\/site\\\/#organization\",\"name\":\"NOTICIASMERCEDINAS.COM\",\"url\":\"https:\\\/\\\/noticiasmercedinas.com\\\/site\\\/\",\"logo\":{\"@type\":\"ImageObject\",\"inLanguage\":\"es\",\"@id\":\"https:\\\/\\\/noticiasmercedinas.com\\\/site\\\/#\\\/schema\\\/logo\\\/image\\\/\",\"url\":\"https:\\\/\\\/noticiasmercedinas.com\\\/site\\\/wp-content\\\/uploads\\\/2020\\\/06\\\/LOGO-512.jpg\",\"contentUrl\":\"https:\\\/\\\/noticiasmercedinas.com\\\/site\\\/wp-content\\\/uploads\\\/2020\\\/06\\\/LOGO-512.jpg\",\"width\":512,\"height\":512,\"caption\":\"NOTICIASMERCEDINAS.COM\"},\"image\":{\"@id\":\"https:\\\/\\\/noticiasmercedinas.com\\\/site\\\/#\\\/schema\\\/logo\\\/image\\\/\"},\"sameAs\":[\"https:\\\/\\\/www.facebook.com\\\/noticiasmercedinas\\\/\",\"https:\\\/\\\/x.com\\\/notmercedinas\",\"https:\\\/\\\/www.instagram.com\\\/noticiasmercedinas\\\/\"]},{\"@type\":\"Person\",\"@id\":\"https:\\\/\\\/noticiasmercedinas.com\\\/site\\\/#\\\/schema\\\/person\\\/84b59c099c28ff2e8b77d4ceec5d8063\",\"name\":\"NOTICIASMERCEDINAS.COM\",\"image\":{\"@type\":\"ImageObject\",\"inLanguage\":\"es\",\"@id\":\"https:\\\/\\\/secure.gravatar.com\\\/avatar\\\/4dfbf16b4d17945bfb6341b2d19043457132fcf478a5ee04f42e959fd8f5df0a?s=96&d=mm&r=g\",\"url\":\"https:\\\/\\\/secure.gravatar.com\\\/avatar\\\/4dfbf16b4d17945bfb6341b2d19043457132fcf478a5ee04f42e959fd8f5df0a?s=96&d=mm&r=g\",\"contentUrl\":\"https:\\\/\\\/secure.gravatar.com\\\/avatar\\\/4dfbf16b4d17945bfb6341b2d19043457132fcf478a5ee04f42e959fd8f5df0a?s=96&d=mm&r=g\",\"caption\":\"NOTICIASMERCEDINAS.COM\"},\"url\":\"https:\\\/\\\/noticiasmercedinas.com\\\/site\\\/author\\\/anonimo\\\/\"}]}<\/script>\n<!-- \/ Yoast SEO plugin. -->","yoast_head_json":{"title":"Preparativos para el cambio de manto de la Virgen: una tradici\u00f3n que une a miles de fieles","description":"La ceremonia se llevar\u00e1 a cabo este domingo 26 de abril en la Bas\u00edlica y ser\u00e1 presidida por el arzobispo Jorge Eduardo Scheinig. El evento marca el inicio de las festividades patronales que culminar\u00e1n el 8 de mayo.","robots":{"index":"index","follow":"follow","max-snippet":"max-snippet:-1","max-image-preview":"max-image-preview:large","max-video-preview":"max-video-preview:-1"},"canonical":"https:\/\/noticiasmercedinas.com\/site\/2026\/04\/25\/preparativos-para-el-cambio-de-manto-de-la-virgen-una-tradicion-que-une-a-miles-de-fieles\/","og_locale":"es_ES","og_type":"article","og_title":"Preparativos para el cambio de manto de la Virgen: una tradici\u00f3n que une a miles de fieles","og_description":"La ceremonia se llevar\u00e1 a cabo este domingo 26 de abril en la Bas\u00edlica y ser\u00e1 presidida por el arzobispo Jorge Eduardo Scheinig. El evento marca el inicio de las festividades patronales que culminar\u00e1n el 8 de mayo.","og_url":"https:\/\/noticiasmercedinas.com\/site\/2026\/04\/25\/preparativos-para-el-cambio-de-manto-de-la-virgen-una-tradicion-que-une-a-miles-de-fieles\/","og_site_name":"NOTICIASMERCEDINAS.COM","article_publisher":"https:\/\/www.facebook.com\/noticiasmercedinas\/","article_published_time":"2026-04-25T12:39:37+00:00","article_modified_time":"2026-04-25T12:49:21+00:00","og_image":[{"width":640,"height":396,"url":"https:\/\/noticiasmercedinas.com\/site\/wp-content\/uploads\/2025\/09\/ASCHEINIG.jpg","type":"image\/jpeg"}],"author":"NOTICIASMERCEDINAS.COM","twitter_card":"summary_large_image","twitter_creator":"@notmercedinas","twitter_site":"@notmercedinas","twitter_misc":{"Escrito por":"NOTICIASMERCEDINAS.COM","Tiempo de lectura":"2 minutos"},"schema":{"@context":"https:\/\/schema.org","@graph":[{"@type":"Article","@id":"https:\/\/noticiasmercedinas.com\/site\/2026\/04\/25\/preparativos-para-el-cambio-de-manto-de-la-virgen-una-tradicion-que-une-a-miles-de-fieles\/#article","isPartOf":{"@id":"https:\/\/noticiasmercedinas.com\/site\/2026\/04\/25\/preparativos-para-el-cambio-de-manto-de-la-virgen-una-tradicion-que-une-a-miles-de-fieles\/"},"author":{"name":"NOTICIASMERCEDINAS.COM","@id":"https:\/\/noticiasmercedinas.com\/site\/#\/schema\/person\/84b59c099c28ff2e8b77d4ceec5d8063"},"headline":"Preparativos para el cambio de manto de la Virgen: una tradici\u00f3n que une a miles de fieles","datePublished":"2026-04-25T12:39:37+00:00","dateModified":"2026-04-25T12:49:21+00:00","mainEntityOfPage":{"@id":"https:\/\/noticiasmercedinas.com\/site\/2026\/04\/25\/preparativos-para-el-cambio-de-manto-de-la-virgen-una-tradicion-que-une-a-miles-de-fieles\/"},"wordCount":374,"publisher":{"@id":"https:\/\/noticiasmercedinas.com\/site\/#organization"},"image":{"@id":"https:\/\/noticiasmercedinas.com\/site\/2026\/04\/25\/preparativos-para-el-cambio-de-manto-de-la-virgen-una-tradicion-que-une-a-miles-de-fieles\/#primaryimage"},"thumbnailUrl":"https:\/\/noticiasmercedinas.com\/site\/wp-content\/uploads\/2025\/09\/ASCHEINIG.jpg","keywords":["arzobispo Jorge Eduardo Scheinig","lujan","manto","virgen"],"articleSection":["Sociedad","Ultimo momento"],"inLanguage":"es"},{"@type":"WebPage","@id":"https:\/\/noticiasmercedinas.com\/site\/2026\/04\/25\/preparativos-para-el-cambio-de-manto-de-la-virgen-una-tradicion-que-une-a-miles-de-fieles\/","url":"https:\/\/noticiasmercedinas.com\/site\/2026\/04\/25\/preparativos-para-el-cambio-de-manto-de-la-virgen-una-tradicion-que-une-a-miles-de-fieles\/","name":"Preparativos para el cambio de manto de la Virgen: una tradici\u00f3n que une a miles de fieles","isPartOf":{"@id":"https:\/\/noticiasmercedinas.com\/site\/#website"},"primaryImageOfPage":{"@id":"https:\/\/noticiasmercedinas.com\/site\/2026\/04\/25\/preparativos-para-el-cambio-de-manto-de-la-virgen-una-tradicion-que-une-a-miles-de-fieles\/#primaryimage"},"image":{"@id":"https:\/\/noticiasmercedinas.com\/site\/2026\/04\/25\/preparativos-para-el-cambio-de-manto-de-la-virgen-una-tradicion-que-une-a-miles-de-fieles\/#primaryimage"},"thumbnailUrl":"https:\/\/noticiasmercedinas.com\/site\/wp-content\/uploads\/2025\/09\/ASCHEINIG.jpg","datePublished":"2026-04-25T12:39:37+00:00","dateModified":"2026-04-25T12:49:21+00:00","description":"La ceremonia se llevar\u00e1 a cabo este domingo 26 de abril en la Bas\u00edlica y ser\u00e1 presidida por el arzobispo Jorge Eduardo Scheinig. El evento marca el inicio de las festividades patronales que culminar\u00e1n el 8 de mayo.","breadcrumb":{"@id":"https:\/\/noticiasmercedinas.com\/site\/2026\/04\/25\/preparativos-para-el-cambio-de-manto-de-la-virgen-una-tradicion-que-une-a-miles-de-fieles\/#breadcrumb"},"inLanguage":"es","potentialAction":[{"@type":"ReadAction","target":["https:\/\/noticiasmercedinas.com\/site\/2026\/04\/25\/preparativos-para-el-cambio-de-manto-de-la-virgen-una-tradicion-que-une-a-miles-de-fieles\/"]}]},{"@type":"ImageObject","inLanguage":"es","@id":"https:\/\/noticiasmercedinas.com\/site\/2026\/04\/25\/preparativos-para-el-cambio-de-manto-de-la-virgen-una-tradicion-que-une-a-miles-de-fieles\/#primaryimage","url":"https:\/\/noticiasmercedinas.com\/site\/wp-content\/uploads\/2025\/09\/ASCHEINIG.jpg","contentUrl":"https:\/\/noticiasmercedinas.com\/site\/wp-content\/uploads\/2025\/09\/ASCHEINIG.jpg","width":640,"height":396},{"@type":"BreadcrumbList","@id":"https:\/\/noticiasmercedinas.com\/site\/2026\/04\/25\/preparativos-para-el-cambio-de-manto-de-la-virgen-una-tradicion-que-une-a-miles-de-fieles\/#breadcrumb","itemListElement":[{"@type":"ListItem","position":1,"name":"Portada","item":"https:\/\/noticiasmercedinas.com\/site\/"},{"@type":"ListItem","position":2,"name":"Preparativos para el cambio de manto de la Virgen: una tradici\u00f3n que une a miles de fieles"}]},{"@type":"WebSite","@id":"https:\/\/noticiasmercedinas.com\/site\/#website","url":"https:\/\/noticiasmercedinas.com\/site\/","name":"NOTICIASMERCEDINAS.COM","description":"Mercedes, Buenos Aires, Argentina","publisher":{"@id":"https:\/\/noticiasmercedinas.com\/site\/#organization"},"potentialAction":[{"@type":"SearchAction","target":{"@type":"EntryPoint","urlTemplate":"https:\/\/noticiasmercedinas.com\/site\/?s={search_term_string}"},"query-input":{"@type":"PropertyValueSpecification","valueRequired":true,"valueName":"search_term_string"}}],"inLanguage":"es"},{"@type":"Organization","@id":"https:\/\/noticiasmercedinas.com\/site\/#organization","name":"NOTICIASMERCEDINAS.COM","url":"https:\/\/noticiasmercedinas.com\/site\/","logo":{"@type":"ImageObject","inLanguage":"es","@id":"https:\/\/noticiasmercedinas.com\/site\/#\/schema\/logo\/image\/","url":"https:\/\/noticiasmercedinas.com\/site\/wp-content\/uploads\/2020\/06\/LOGO-512.jpg","contentUrl":"https:\/\/noticiasmercedinas.com\/site\/wp-content\/uploads\/2020\/06\/LOGO-512.jpg","width":512,"height":512,"caption":"NOTICIASMERCEDINAS.COM"},"image":{"@id":"https:\/\/noticiasmercedinas.com\/site\/#\/schema\/logo\/image\/"},"sameAs":["https:\/\/www.facebook.com\/noticiasmercedinas\/","https:\/\/x.com\/notmercedinas","https:\/\/www.instagram.com\/noticiasmercedinas\/"]},{"@type":"Person","@id":"https:\/\/noticiasmercedinas.com\/site\/#\/schema\/person\/84b59c099c28ff2e8b77d4ceec5d8063","name":"NOTICIASMERCEDINAS.COM","image":{"@type":"ImageObject","inLanguage":"es","@id":"https:\/\/secure.gravatar.com\/avatar\/4dfbf16b4d17945bfb6341b2d19043457132fcf478a5ee04f42e959fd8f5df0a?s=96&d=mm&r=g","url":"https:\/\/secure.gravatar.com\/avatar\/4dfbf16b4d17945bfb6341b2d19043457132fcf478a5ee04f42e959fd8f5df0a?s=96&d=mm&r=g","contentUrl":"https:\/\/secure.gravatar.com\/avatar\/4dfbf16b4d17945bfb6341b2d19043457132fcf478a5ee04f42e959fd8f5df0a?s=96&d=mm&r=g","caption":"NOTICIASMERCEDINAS.COM"},"url":"https:\/\/noticiasmercedinas.com\/site\/author\/anonimo\/"}]}},"amp_enabled":true,"_links":{"self":[{"href":"https:\/\/noticiasmercedinas.com\/site\/wp-json\/wp\/v2\/posts\/185056","targetHints":{"allow":["GET"]}}],"collection":[{"href":"https:\/\/noticiasmercedinas.com\/site\/wp-json\/wp\/v2\/posts"}],"about":[{"href":"https:\/\/noticiasmercedinas.com\/site\/wp-json\/wp\/v2\/types\/post"}],"author":[{"embeddable":true,"href":"https:\/\/noticiasmercedinas.com\/site\/wp-json\/wp\/v2\/users\/16"}],"replies":[{"embeddable":true,"href":"https:\/\/noticiasmercedinas.com\/site\/wp-json\/wp\/v2\/comments?post=185056"}],"version-history":[{"count":4,"href":"https:\/\/noticiasmercedinas.com\/site\/wp-json\/wp\/v2\/posts\/185056\/revisions"}],"predecessor-version":[{"id":185060,"href":"https:\/\/noticiasmercedinas.com\/site\/wp-json\/wp\/v2\/posts\/185056\/revisions\/185060"}],"wp:featuredmedia":[{"embeddable":true,"href":"https:\/\/noticiasmercedinas.com\/site\/wp-json\/wp\/v2\/media\/170518"}],"wp:attachment":[{"href":"https:\/\/noticiasmercedinas.com\/site\/wp-json\/wp\/v2\/media?parent=185056"}],"wp:term":[{"taxonomy":"category","embeddable":true,"href":"https:\/\/noticiasmercedinas.com\/site\/wp-json\/wp\/v2\/categories?post=185056"},{"taxonomy":"post_tag","embeddable":true,"href":"https:\/\/noticiasmercedinas.com\/site\/wp-json\/wp\/v2\/tags?post=185056"}],"curies":[{"name":"wp","href":"https:\/\/api.w.org\/{rel}","templated":true}]}}