{"id":185061,"date":"2026-04-25T09:53:18","date_gmt":"2026-04-25T12:53:18","guid":{"rendered":"https:\/\/noticiasmercedinas.com\/site\/?p=185061"},"modified":"2026-04-25T09:53:18","modified_gmt":"2026-04-25T12:53:18","slug":"mercados-bonaerenses-productos-regionales-y-descuentos-con-cuenta-dni","status":"publish","type":"post","link":"https:\/\/noticiasmercedinas.com\/site\/2026\/04\/25\/mercados-bonaerenses-productos-regionales-y-descuentos-con-cuenta-dni\/","title":{"rendered":"Mercados Bonaerenses: productos regionales y descuentos con Cuenta DNI"},"content":{"rendered":"<p><img loading=\"lazy\" decoding=\"async\" class=\"alignnone size-full wp-image-185062\" src=\"https:\/\/noticiasmercedinas.com\/site\/wp-content\/uploads\/2026\/04\/mercados.jpg\" alt=\"\" width=\"722\" height=\"457\" srcset=\"https:\/\/noticiasmercedinas.com\/site\/wp-content\/uploads\/2026\/04\/mercados.jpg 722w, https:\/\/noticiasmercedinas.com\/site\/wp-content\/uploads\/2026\/04\/mercados-300x190.jpg 300w, https:\/\/noticiasmercedinas.com\/site\/wp-content\/uploads\/2026\/04\/mercados-640x405.jpg 640w, https:\/\/noticiasmercedinas.com\/site\/wp-content\/uploads\/2026\/04\/mercados-681x431.jpg 681w\" sizes=\"auto, (max-width: 722px) 100vw, 722px\" \/><\/p>\n<p>En una nueva apuesta por fortalecer la econom\u00eda social y el v\u00ednculo directo entre productores y consumidores, el programa Mercados Bonaerenses desembarca este s\u00e1bado 25 de abril en la ciudad de Mercedes.<\/p>\n<p>La jornada ferial tendr\u00e1 lugar en la emblem\u00e1tica Plaza San Mart\u00edn, donde a partir de las 9:00 horas se ofrecer\u00e1 una amplia variedad de productos frescos y manufacturas locales a precios competitivos.<\/p>\n<blockquote><p>La iniciativa impulsada por el Ministerio de Desarrollo Agrario se instalar\u00e1 este s\u00e1bado en Plaza San Mart\u00edn. Vecinos podr\u00e1n acceder a alimentos de calidad sin intermediarios y con un beneficio de reintegro del 40%.<\/p><\/blockquote>\n<p>La propuesta, coordinada conjuntamente por la Municipalidad de Mercedes y el Gobierno de la Provincia de Buenos Aires, busca eliminar los costos de intermediaci\u00f3n en la cadena de comercializaci\u00f3n. De esta manera, los asistentes podr\u00e1n adquirir frutas, verduras, miel, l\u00e1cteos y otros art\u00edculos regionales \u00abdel productor a la mesa\u00bb.<\/p>\n<p><strong>Beneficios exclusivos y ahorro familiar<\/strong><br \/>\nUno de los mayores atractivos de esta edici\u00f3n es el incentivo financiero para los usuarios de la billetera virtual del Banco Provincia. Quienes realicen sus compras abonando con Cuenta DNI podr\u00e1n disfrutar de un 40% de descuento.<\/p>\n<p>Detalles del beneficio:<\/p>\n<ul>\n<li>Reintegro: 40% del valor de la compra.<\/li>\n<li>Tope: Hasta $6.000 por semana y por persona.<\/li>\n<\/ul>\n<p><strong>Impulso a la producci\u00f3n local<\/strong><br \/>\nDesde el Ministerio de Desarrollo Agrario destacaron que estas ferias no solo representan un alivio para el bolsillo de las familias bonaerenses en el contexto actual, sino que tambi\u00e9n funcionan como una vitrina fundamental para los peque\u00f1os y medianos productores de la zona.<\/p>\n<p>Al centralizar la oferta en puntos neur\u00e1lgicos como la Plaza San Mart\u00edn, se fomenta el consumo de cercan\u00eda y se garantiza la trazabilidad y frescura de los alimentos. Se recomienda a los vecinos asistir temprano para aprovechar la disponibilidad de stock de los diversos puestos que integran la red de Alimentos Bonaerenses.<\/p>\n","protected":false},"excerpt":{"rendered":"<p>En una nueva apuesta por fortalecer la econom\u00eda social y el v\u00ednculo directo entre productores y consumidores, el programa Mercados Bonaerenses desembarca este s\u00e1bado 25 de abril en la ciudad de Mercedes. La jornada ferial tendr\u00e1 lugar en la emblem\u00e1tica Plaza San Mart\u00edn, donde a partir de las 9:00 horas se ofrecer\u00e1 una amplia variedad [&hellip;]<\/p>\n","protected":false},"author":16,"featured_media":185062,"comment_status":"closed","ping_status":"closed","sticky":false,"template":"","format":"standard","meta":{"footnotes":""},"categories":[74],"tags":[],"class_list":["post-185061","post","type-post","status-publish","format-standard","has-post-thumbnail","hentry","category-emprendimientos"],"yoast_head":"<!-- This site is optimized with the Yoast SEO plugin v27.4 - https:\/\/yoast.com\/product\/yoast-seo-wordpress\/ -->\n<title>Mercados Bonaerenses: productos regionales y descuentos con Cuenta DNI<\/title>\n<meta name=\"description\" content=\"La iniciativa impulsada por el Ministerio de Desarrollo Agrario se instalar\u00e1 este s\u00e1bado en Plaza San Mart\u00edn. Vecinos podr\u00e1n acceder a alimentos de calidad sin intermediarios y con un beneficio de reintegro del 40%.\" \/>\n<meta name=\"robots\" content=\"index, follow, max-snippet:-1, max-image-preview:large, max-video-preview:-1\" \/>\n<link rel=\"canonical\" href=\"https:\/\/noticiasmercedinas.com\/site\/2026\/04\/25\/mercados-bonaerenses-productos-regionales-y-descuentos-con-cuenta-dni\/\" \/>\n<meta property=\"og:locale\" content=\"es_ES\" \/>\n<meta property=\"og:type\" content=\"article\" \/>\n<meta property=\"og:title\" content=\"Mercados Bonaerenses: productos regionales y descuentos con Cuenta DNI\" \/>\n<meta property=\"og:description\" content=\"La iniciativa impulsada por el Ministerio de Desarrollo Agrario se instalar\u00e1 este s\u00e1bado en Plaza San Mart\u00edn. Vecinos podr\u00e1n acceder a alimentos de calidad sin intermediarios y con un beneficio de reintegro del 40%.\" \/>\n<meta property=\"og:url\" content=\"https:\/\/noticiasmercedinas.com\/site\/2026\/04\/25\/mercados-bonaerenses-productos-regionales-y-descuentos-con-cuenta-dni\/\" \/>\n<meta property=\"og:site_name\" content=\"NOTICIASMERCEDINAS.COM\" \/>\n<meta property=\"article:publisher\" content=\"https:\/\/www.facebook.com\/noticiasmercedinas\/\" \/>\n<meta property=\"article:published_time\" content=\"2026-04-25T12:53:18+00:00\" \/>\n<meta property=\"og:image\" content=\"https:\/\/noticiasmercedinas.com\/site\/wp-content\/uploads\/2026\/04\/mercados.jpg\" \/>\n\t<meta property=\"og:image:width\" content=\"722\" \/>\n\t<meta property=\"og:image:height\" content=\"457\" \/>\n\t<meta property=\"og:image:type\" content=\"image\/jpeg\" \/>\n<meta name=\"author\" content=\"NOTICIASMERCEDINAS.COM\" \/>\n<meta name=\"twitter:card\" content=\"summary_large_image\" \/>\n<meta name=\"twitter:creator\" content=\"@notmercedinas\" \/>\n<meta name=\"twitter:site\" content=\"@notmercedinas\" \/>\n<meta name=\"twitter:label1\" content=\"Escrito por\" \/>\n\t<meta name=\"twitter:data1\" content=\"NOTICIASMERCEDINAS.COM\" \/>\n\t<meta name=\"twitter:label2\" content=\"Tiempo de lectura\" \/>\n\t<meta name=\"twitter:data2\" content=\"2 minutos\" \/>\n<script type=\"application\/ld+json\" class=\"yoast-schema-graph\">{\"@context\":\"https:\\\/\\\/schema.org\",\"@graph\":[{\"@type\":\"Article\",\"@id\":\"https:\\\/\\\/noticiasmercedinas.com\\\/site\\\/2026\\\/04\\\/25\\\/mercados-bonaerenses-productos-regionales-y-descuentos-con-cuenta-dni\\\/#article\",\"isPartOf\":{\"@id\":\"https:\\\/\\\/noticiasmercedinas.com\\\/site\\\/2026\\\/04\\\/25\\\/mercados-bonaerenses-productos-regionales-y-descuentos-con-cuenta-dni\\\/\"},\"author\":{\"name\":\"NOTICIASMERCEDINAS.COM\",\"@id\":\"https:\\\/\\\/noticiasmercedinas.com\\\/site\\\/#\\\/schema\\\/person\\\/84b59c099c28ff2e8b77d4ceec5d8063\"},\"headline\":\"Mercados Bonaerenses: productos regionales y descuentos con Cuenta DNI\",\"datePublished\":\"2026-04-25T12:53:18+00:00\",\"mainEntityOfPage\":{\"@id\":\"https:\\\/\\\/noticiasmercedinas.com\\\/site\\\/2026\\\/04\\\/25\\\/mercados-bonaerenses-productos-regionales-y-descuentos-con-cuenta-dni\\\/\"},\"wordCount\":331,\"publisher\":{\"@id\":\"https:\\\/\\\/noticiasmercedinas.com\\\/site\\\/#organization\"},\"image\":{\"@id\":\"https:\\\/\\\/noticiasmercedinas.com\\\/site\\\/2026\\\/04\\\/25\\\/mercados-bonaerenses-productos-regionales-y-descuentos-con-cuenta-dni\\\/#primaryimage\"},\"thumbnailUrl\":\"https:\\\/\\\/noticiasmercedinas.com\\\/site\\\/wp-content\\\/uploads\\\/2026\\\/04\\\/mercados.jpg\",\"articleSection\":[\"Emprendimientos\"],\"inLanguage\":\"es\"},{\"@type\":\"WebPage\",\"@id\":\"https:\\\/\\\/noticiasmercedinas.com\\\/site\\\/2026\\\/04\\\/25\\\/mercados-bonaerenses-productos-regionales-y-descuentos-con-cuenta-dni\\\/\",\"url\":\"https:\\\/\\\/noticiasmercedinas.com\\\/site\\\/2026\\\/04\\\/25\\\/mercados-bonaerenses-productos-regionales-y-descuentos-con-cuenta-dni\\\/\",\"name\":\"Mercados Bonaerenses: productos regionales y descuentos con Cuenta DNI\",\"isPartOf\":{\"@id\":\"https:\\\/\\\/noticiasmercedinas.com\\\/site\\\/#website\"},\"primaryImageOfPage\":{\"@id\":\"https:\\\/\\\/noticiasmercedinas.com\\\/site\\\/2026\\\/04\\\/25\\\/mercados-bonaerenses-productos-regionales-y-descuentos-con-cuenta-dni\\\/#primaryimage\"},\"image\":{\"@id\":\"https:\\\/\\\/noticiasmercedinas.com\\\/site\\\/2026\\\/04\\\/25\\\/mercados-bonaerenses-productos-regionales-y-descuentos-con-cuenta-dni\\\/#primaryimage\"},\"thumbnailUrl\":\"https:\\\/\\\/noticiasmercedinas.com\\\/site\\\/wp-content\\\/uploads\\\/2026\\\/04\\\/mercados.jpg\",\"datePublished\":\"2026-04-25T12:53:18+00:00\",\"description\":\"La iniciativa impulsada por el Ministerio de Desarrollo Agrario se instalar\u00e1 este s\u00e1bado en Plaza San Mart\u00edn. Vecinos podr\u00e1n acceder a alimentos de calidad sin intermediarios y con un beneficio de reintegro del 40%.\",\"breadcrumb\":{\"@id\":\"https:\\\/\\\/noticiasmercedinas.com\\\/site\\\/2026\\\/04\\\/25\\\/mercados-bonaerenses-productos-regionales-y-descuentos-con-cuenta-dni\\\/#breadcrumb\"},\"inLanguage\":\"es\",\"potentialAction\":[{\"@type\":\"ReadAction\",\"target\":[\"https:\\\/\\\/noticiasmercedinas.com\\\/site\\\/2026\\\/04\\\/25\\\/mercados-bonaerenses-productos-regionales-y-descuentos-con-cuenta-dni\\\/\"]}]},{\"@type\":\"ImageObject\",\"inLanguage\":\"es\",\"@id\":\"https:\\\/\\\/noticiasmercedinas.com\\\/site\\\/2026\\\/04\\\/25\\\/mercados-bonaerenses-productos-regionales-y-descuentos-con-cuenta-dni\\\/#primaryimage\",\"url\":\"https:\\\/\\\/noticiasmercedinas.com\\\/site\\\/wp-content\\\/uploads\\\/2026\\\/04\\\/mercados.jpg\",\"contentUrl\":\"https:\\\/\\\/noticiasmercedinas.com\\\/site\\\/wp-content\\\/uploads\\\/2026\\\/04\\\/mercados.jpg\",\"width\":722,\"height\":457},{\"@type\":\"BreadcrumbList\",\"@id\":\"https:\\\/\\\/noticiasmercedinas.com\\\/site\\\/2026\\\/04\\\/25\\\/mercados-bonaerenses-productos-regionales-y-descuentos-con-cuenta-dni\\\/#breadcrumb\",\"itemListElement\":[{\"@type\":\"ListItem\",\"position\":1,\"name\":\"Portada\",\"item\":\"https:\\\/\\\/noticiasmercedinas.com\\\/site\\\/\"},{\"@type\":\"ListItem\",\"position\":2,\"name\":\"Mercados Bonaerenses: productos regionales y descuentos con Cuenta DNI\"}]},{\"@type\":\"WebSite\",\"@id\":\"https:\\\/\\\/noticiasmercedinas.com\\\/site\\\/#website\",\"url\":\"https:\\\/\\\/noticiasmercedinas.com\\\/site\\\/\",\"name\":\"NOTICIASMERCEDINAS.COM\",\"description\":\"Mercedes, Buenos Aires, Argentina\",\"publisher\":{\"@id\":\"https:\\\/\\\/noticiasmercedinas.com\\\/site\\\/#organization\"},\"potentialAction\":[{\"@type\":\"SearchAction\",\"target\":{\"@type\":\"EntryPoint\",\"urlTemplate\":\"https:\\\/\\\/noticiasmercedinas.com\\\/site\\\/?s={search_term_string}\"},\"query-input\":{\"@type\":\"PropertyValueSpecification\",\"valueRequired\":true,\"valueName\":\"search_term_string\"}}],\"inLanguage\":\"es\"},{\"@type\":\"Organization\",\"@id\":\"https:\\\/\\\/noticiasmercedinas.com\\\/site\\\/#organization\",\"name\":\"NOTICIASMERCEDINAS.COM\",\"url\":\"https:\\\/\\\/noticiasmercedinas.com\\\/site\\\/\",\"logo\":{\"@type\":\"ImageObject\",\"inLanguage\":\"es\",\"@id\":\"https:\\\/\\\/noticiasmercedinas.com\\\/site\\\/#\\\/schema\\\/logo\\\/image\\\/\",\"url\":\"https:\\\/\\\/noticiasmercedinas.com\\\/site\\\/wp-content\\\/uploads\\\/2020\\\/06\\\/LOGO-512.jpg\",\"contentUrl\":\"https:\\\/\\\/noticiasmercedinas.com\\\/site\\\/wp-content\\\/uploads\\\/2020\\\/06\\\/LOGO-512.jpg\",\"width\":512,\"height\":512,\"caption\":\"NOTICIASMERCEDINAS.COM\"},\"image\":{\"@id\":\"https:\\\/\\\/noticiasmercedinas.com\\\/site\\\/#\\\/schema\\\/logo\\\/image\\\/\"},\"sameAs\":[\"https:\\\/\\\/www.facebook.com\\\/noticiasmercedinas\\\/\",\"https:\\\/\\\/x.com\\\/notmercedinas\",\"https:\\\/\\\/www.instagram.com\\\/noticiasmercedinas\\\/\"]},{\"@type\":\"Person\",\"@id\":\"https:\\\/\\\/noticiasmercedinas.com\\\/site\\\/#\\\/schema\\\/person\\\/84b59c099c28ff2e8b77d4ceec5d8063\",\"name\":\"NOTICIASMERCEDINAS.COM\",\"image\":{\"@type\":\"ImageObject\",\"inLanguage\":\"es\",\"@id\":\"https:\\\/\\\/secure.gravatar.com\\\/avatar\\\/4dfbf16b4d17945bfb6341b2d19043457132fcf478a5ee04f42e959fd8f5df0a?s=96&d=mm&r=g\",\"url\":\"https:\\\/\\\/secure.gravatar.com\\\/avatar\\\/4dfbf16b4d17945bfb6341b2d19043457132fcf478a5ee04f42e959fd8f5df0a?s=96&d=mm&r=g\",\"contentUrl\":\"https:\\\/\\\/secure.gravatar.com\\\/avatar\\\/4dfbf16b4d17945bfb6341b2d19043457132fcf478a5ee04f42e959fd8f5df0a?s=96&d=mm&r=g\",\"caption\":\"NOTICIASMERCEDINAS.COM\"},\"url\":\"https:\\\/\\\/noticiasmercedinas.com\\\/site\\\/author\\\/anonimo\\\/\"}]}<\/script>\n<!-- \/ Yoast SEO plugin. -->","yoast_head_json":{"title":"Mercados Bonaerenses: productos regionales y descuentos con Cuenta DNI","description":"La iniciativa impulsada por el Ministerio de Desarrollo Agrario se instalar\u00e1 este s\u00e1bado en Plaza San Mart\u00edn. Vecinos podr\u00e1n acceder a alimentos de calidad sin intermediarios y con un beneficio de reintegro del 40%.","robots":{"index":"index","follow":"follow","max-snippet":"max-snippet:-1","max-image-preview":"max-image-preview:large","max-video-preview":"max-video-preview:-1"},"canonical":"https:\/\/noticiasmercedinas.com\/site\/2026\/04\/25\/mercados-bonaerenses-productos-regionales-y-descuentos-con-cuenta-dni\/","og_locale":"es_ES","og_type":"article","og_title":"Mercados Bonaerenses: productos regionales y descuentos con Cuenta DNI","og_description":"La iniciativa impulsada por el Ministerio de Desarrollo Agrario se instalar\u00e1 este s\u00e1bado en Plaza San Mart\u00edn. Vecinos podr\u00e1n acceder a alimentos de calidad sin intermediarios y con un beneficio de reintegro del 40%.","og_url":"https:\/\/noticiasmercedinas.com\/site\/2026\/04\/25\/mercados-bonaerenses-productos-regionales-y-descuentos-con-cuenta-dni\/","og_site_name":"NOTICIASMERCEDINAS.COM","article_publisher":"https:\/\/www.facebook.com\/noticiasmercedinas\/","article_published_time":"2026-04-25T12:53:18+00:00","og_image":[{"width":722,"height":457,"url":"https:\/\/noticiasmercedinas.com\/site\/wp-content\/uploads\/2026\/04\/mercados.jpg","type":"image\/jpeg"}],"author":"NOTICIASMERCEDINAS.COM","twitter_card":"summary_large_image","twitter_creator":"@notmercedinas","twitter_site":"@notmercedinas","twitter_misc":{"Escrito por":"NOTICIASMERCEDINAS.COM","Tiempo de lectura":"2 minutos"},"schema":{"@context":"https:\/\/schema.org","@graph":[{"@type":"Article","@id":"https:\/\/noticiasmercedinas.com\/site\/2026\/04\/25\/mercados-bonaerenses-productos-regionales-y-descuentos-con-cuenta-dni\/#article","isPartOf":{"@id":"https:\/\/noticiasmercedinas.com\/site\/2026\/04\/25\/mercados-bonaerenses-productos-regionales-y-descuentos-con-cuenta-dni\/"},"author":{"name":"NOTICIASMERCEDINAS.COM","@id":"https:\/\/noticiasmercedinas.com\/site\/#\/schema\/person\/84b59c099c28ff2e8b77d4ceec5d8063"},"headline":"Mercados Bonaerenses: productos regionales y descuentos con Cuenta DNI","datePublished":"2026-04-25T12:53:18+00:00","mainEntityOfPage":{"@id":"https:\/\/noticiasmercedinas.com\/site\/2026\/04\/25\/mercados-bonaerenses-productos-regionales-y-descuentos-con-cuenta-dni\/"},"wordCount":331,"publisher":{"@id":"https:\/\/noticiasmercedinas.com\/site\/#organization"},"image":{"@id":"https:\/\/noticiasmercedinas.com\/site\/2026\/04\/25\/mercados-bonaerenses-productos-regionales-y-descuentos-con-cuenta-dni\/#primaryimage"},"thumbnailUrl":"https:\/\/noticiasmercedinas.com\/site\/wp-content\/uploads\/2026\/04\/mercados.jpg","articleSection":["Emprendimientos"],"inLanguage":"es"},{"@type":"WebPage","@id":"https:\/\/noticiasmercedinas.com\/site\/2026\/04\/25\/mercados-bonaerenses-productos-regionales-y-descuentos-con-cuenta-dni\/","url":"https:\/\/noticiasmercedinas.com\/site\/2026\/04\/25\/mercados-bonaerenses-productos-regionales-y-descuentos-con-cuenta-dni\/","name":"Mercados Bonaerenses: productos regionales y descuentos con Cuenta DNI","isPartOf":{"@id":"https:\/\/noticiasmercedinas.com\/site\/#website"},"primaryImageOfPage":{"@id":"https:\/\/noticiasmercedinas.com\/site\/2026\/04\/25\/mercados-bonaerenses-productos-regionales-y-descuentos-con-cuenta-dni\/#primaryimage"},"image":{"@id":"https:\/\/noticiasmercedinas.com\/site\/2026\/04\/25\/mercados-bonaerenses-productos-regionales-y-descuentos-con-cuenta-dni\/#primaryimage"},"thumbnailUrl":"https:\/\/noticiasmercedinas.com\/site\/wp-content\/uploads\/2026\/04\/mercados.jpg","datePublished":"2026-04-25T12:53:18+00:00","description":"La iniciativa impulsada por el Ministerio de Desarrollo Agrario se instalar\u00e1 este s\u00e1bado en Plaza San Mart\u00edn. Vecinos podr\u00e1n acceder a alimentos de calidad sin intermediarios y con un beneficio de reintegro del 40%.","breadcrumb":{"@id":"https:\/\/noticiasmercedinas.com\/site\/2026\/04\/25\/mercados-bonaerenses-productos-regionales-y-descuentos-con-cuenta-dni\/#breadcrumb"},"inLanguage":"es","potentialAction":[{"@type":"ReadAction","target":["https:\/\/noticiasmercedinas.com\/site\/2026\/04\/25\/mercados-bonaerenses-productos-regionales-y-descuentos-con-cuenta-dni\/"]}]},{"@type":"ImageObject","inLanguage":"es","@id":"https:\/\/noticiasmercedinas.com\/site\/2026\/04\/25\/mercados-bonaerenses-productos-regionales-y-descuentos-con-cuenta-dni\/#primaryimage","url":"https:\/\/noticiasmercedinas.com\/site\/wp-content\/uploads\/2026\/04\/mercados.jpg","contentUrl":"https:\/\/noticiasmercedinas.com\/site\/wp-content\/uploads\/2026\/04\/mercados.jpg","width":722,"height":457},{"@type":"BreadcrumbList","@id":"https:\/\/noticiasmercedinas.com\/site\/2026\/04\/25\/mercados-bonaerenses-productos-regionales-y-descuentos-con-cuenta-dni\/#breadcrumb","itemListElement":[{"@type":"ListItem","position":1,"name":"Portada","item":"https:\/\/noticiasmercedinas.com\/site\/"},{"@type":"ListItem","position":2,"name":"Mercados Bonaerenses: productos regionales y descuentos con Cuenta DNI"}]},{"@type":"WebSite","@id":"https:\/\/noticiasmercedinas.com\/site\/#website","url":"https:\/\/noticiasmercedinas.com\/site\/","name":"NOTICIASMERCEDINAS.COM","description":"Mercedes, Buenos Aires, Argentina","publisher":{"@id":"https:\/\/noticiasmercedinas.com\/site\/#organization"},"potentialAction":[{"@type":"SearchAction","target":{"@type":"EntryPoint","urlTemplate":"https:\/\/noticiasmercedinas.com\/site\/?s={search_term_string}"},"query-input":{"@type":"PropertyValueSpecification","valueRequired":true,"valueName":"search_term_string"}}],"inLanguage":"es"},{"@type":"Organization","@id":"https:\/\/noticiasmercedinas.com\/site\/#organization","name":"NOTICIASMERCEDINAS.COM","url":"https:\/\/noticiasmercedinas.com\/site\/","logo":{"@type":"ImageObject","inLanguage":"es","@id":"https:\/\/noticiasmercedinas.com\/site\/#\/schema\/logo\/image\/","url":"https:\/\/noticiasmercedinas.com\/site\/wp-content\/uploads\/2020\/06\/LOGO-512.jpg","contentUrl":"https:\/\/noticiasmercedinas.com\/site\/wp-content\/uploads\/2020\/06\/LOGO-512.jpg","width":512,"height":512,"caption":"NOTICIASMERCEDINAS.COM"},"image":{"@id":"https:\/\/noticiasmercedinas.com\/site\/#\/schema\/logo\/image\/"},"sameAs":["https:\/\/www.facebook.com\/noticiasmercedinas\/","https:\/\/x.com\/notmercedinas","https:\/\/www.instagram.com\/noticiasmercedinas\/"]},{"@type":"Person","@id":"https:\/\/noticiasmercedinas.com\/site\/#\/schema\/person\/84b59c099c28ff2e8b77d4ceec5d8063","name":"NOTICIASMERCEDINAS.COM","image":{"@type":"ImageObject","inLanguage":"es","@id":"https:\/\/secure.gravatar.com\/avatar\/4dfbf16b4d17945bfb6341b2d19043457132fcf478a5ee04f42e959fd8f5df0a?s=96&d=mm&r=g","url":"https:\/\/secure.gravatar.com\/avatar\/4dfbf16b4d17945bfb6341b2d19043457132fcf478a5ee04f42e959fd8f5df0a?s=96&d=mm&r=g","contentUrl":"https:\/\/secure.gravatar.com\/avatar\/4dfbf16b4d17945bfb6341b2d19043457132fcf478a5ee04f42e959fd8f5df0a?s=96&d=mm&r=g","caption":"NOTICIASMERCEDINAS.COM"},"url":"https:\/\/noticiasmercedinas.com\/site\/author\/anonimo\/"}]}},"amp_enabled":true,"_links":{"self":[{"href":"https:\/\/noticiasmercedinas.com\/site\/wp-json\/wp\/v2\/posts\/185061","targetHints":{"allow":["GET"]}}],"collection":[{"href":"https:\/\/noticiasmercedinas.com\/site\/wp-json\/wp\/v2\/posts"}],"about":[{"href":"https:\/\/noticiasmercedinas.com\/site\/wp-json\/wp\/v2\/types\/post"}],"author":[{"embeddable":true,"href":"https:\/\/noticiasmercedinas.com\/site\/wp-json\/wp\/v2\/users\/16"}],"replies":[{"embeddable":true,"href":"https:\/\/noticiasmercedinas.com\/site\/wp-json\/wp\/v2\/comments?post=185061"}],"version-history":[{"count":1,"href":"https:\/\/noticiasmercedinas.com\/site\/wp-json\/wp\/v2\/posts\/185061\/revisions"}],"predecessor-version":[{"id":185063,"href":"https:\/\/noticiasmercedinas.com\/site\/wp-json\/wp\/v2\/posts\/185061\/revisions\/185063"}],"wp:featuredmedia":[{"embeddable":true,"href":"https:\/\/noticiasmercedinas.com\/site\/wp-json\/wp\/v2\/media\/185062"}],"wp:attachment":[{"href":"https:\/\/noticiasmercedinas.com\/site\/wp-json\/wp\/v2\/media?parent=185061"}],"wp:term":[{"taxonomy":"category","embeddable":true,"href":"https:\/\/noticiasmercedinas.com\/site\/wp-json\/wp\/v2\/categories?post=185061"},{"taxonomy":"post_tag","embeddable":true,"href":"https:\/\/noticiasmercedinas.com\/site\/wp-json\/wp\/v2\/tags?post=185061"}],"curies":[{"name":"wp","href":"https:\/\/api.w.org\/{rel}","templated":true}]}}