{"id":185064,"date":"2026-04-25T10:02:53","date_gmt":"2026-04-25T13:02:53","guid":{"rendered":"https:\/\/noticiasmercedinas.com\/site\/?p=185064"},"modified":"2026-04-25T10:02:53","modified_gmt":"2026-04-25T13:02:53","slug":"se-presentara-el-balance-oficial-de-la-26-fiesta-nacional-de-la-torta-frita","status":"publish","type":"post","link":"https:\/\/noticiasmercedinas.com\/site\/2026\/04\/25\/se-presentara-el-balance-oficial-de-la-26-fiesta-nacional-de-la-torta-frita\/","title":{"rendered":"Se presentar\u00e1 el balance oficial de la 26\u00b0 Fiesta Nacional de la Torta Frita"},"content":{"rendered":"<p><img loading=\"lazy\" decoding=\"async\" class=\"alignnone size-full wp-image-15379\" src=\"https:\/\/noticiasmercedinas.com\/site\/wp-content\/uploads\/2019\/03\/TortaFrita.3.jpg\" alt=\"\" width=\"864\" height=\"576\" srcset=\"https:\/\/noticiasmercedinas.com\/site\/wp-content\/uploads\/2019\/03\/TortaFrita.3.jpg 864w, https:\/\/noticiasmercedinas.com\/site\/wp-content\/uploads\/2019\/03\/TortaFrita.3-300x200.jpg 300w, https:\/\/noticiasmercedinas.com\/site\/wp-content\/uploads\/2019\/03\/TortaFrita.3-768x512.jpg 768w, https:\/\/noticiasmercedinas.com\/site\/wp-content\/uploads\/2019\/03\/TortaFrita.3-640x427.jpg 640w, https:\/\/noticiasmercedinas.com\/site\/wp-content\/uploads\/2019\/03\/TortaFrita.3-681x454.jpg 681w\" sizes=\"auto, (max-width: 864px) 100vw, 864px\" \/><\/p>\n<p>Tras el \u00e9xito de una nueva edici\u00f3n de uno de los eventos m\u00e1s convocantes de la regi\u00f3n, la Municipalidad de Mercedes llevar\u00e1 a cabo la formal rendici\u00f3n de cuentas y balance de la 26\u00b0 Fiesta Nacional de la Torta Frita.<\/p>\n<p>La actividad se desarrollar\u00e1 el pr\u00f3ximo lunes 27 de abril, cumpliendo con los protocolos de transparencia que caracterizan la gesti\u00f3n de las festividades populares.<\/p>\n<p>La cita est\u00e1 programada para las 12:00 horas en el recinto del Honorable Concejo Deliberante (HCD). All\u00ed, se espera la presencia de funcionarios, concejales, representantes de las agrupaciones gauchas, feriantes y ciudadanos interesados en conocer el impacto econ\u00f3mico y social que dej\u00f3 la \u00faltima celebraci\u00f3n, famosa por la elaboraci\u00f3n de la torta frita m\u00e1s grande del mundo.<\/p>\n<p><strong>Cuentas claras y gesti\u00f3n p\u00fablica<\/strong><br \/>\nEl objetivo de este encuentro es socializar los n\u00fameros finales de la organizaci\u00f3n, detallando la inversi\u00f3n realizada por el Estado municipal, los aportes del sector privado y la recaudaci\u00f3n obtenida.<\/p>\n<p>Este ejercicio de rendici\u00f3n p\u00fablica busca consolidar la confianza de la comunidad y de las instituciones participantes que, a\u00f1o tras a\u00f1o, hacen posible el crecimiento de la fiesta.<\/p>\n<p><strong>Un evento con impacto regional<\/strong><br \/>\nLa 26\u00b0 Fiesta Nacional de la Torta Frita no solo reafirm\u00f3 la identidad cultural de Mercedes, sino que tambi\u00e9n gener\u00f3 un importante movimiento tur\u00edstico y comercial para la ciudad.<\/p>\n<p>El balance que se presentar\u00e1 este lunes permitir\u00e1 evaluar la eficiencia de la log\u00edstica y el alcance de los beneficios distribuidos entre los emprendedores y organizaciones locales que formaron parte de la infraestructura del evento.<\/p>\n","protected":false},"excerpt":{"rendered":"<p>\u25a0 La convocatoria tendr\u00e1 lugar este lunes 27 de abril en el Honorable Concejo Deliberante. Autoridades municipales y organizadores expondr\u00e1n el informe detallado de ingresos, egresos y resultados del tradicional evento mercedino.<\/p>\n","protected":false},"author":2,"featured_media":15379,"comment_status":"closed","ping_status":"closed","sticky":false,"template":"","format":"standard","meta":{"footnotes":""},"categories":[3],"tags":[2850,3895,299],"class_list":["post-185064","post","type-post","status-publish","format-standard","has-post-thumbnail","hentry","category-sociedad","tag-balance","tag-fiesta-de-la-torta-frita","tag-municipalidad"],"yoast_head":"<!-- This site is optimized with the Yoast SEO plugin v27.4 - https:\/\/yoast.com\/product\/yoast-seo-wordpress\/ -->\n<title>Se presentar\u00e1 el balance oficial de la 26\u00b0 Fiesta Nacional de la Torta Frita<\/title>\n<meta name=\"description\" content=\"La convocatoria tendr\u00e1 lugar este lunes 27 de abril en el Honorable Concejo Deliberante. Autoridades municipales y organizadores expondr\u00e1n el informe detallado de ingresos, egresos y resultados del tradicional evento mercedino.\" \/>\n<meta name=\"robots\" content=\"index, follow, max-snippet:-1, max-image-preview:large, max-video-preview:-1\" \/>\n<link rel=\"canonical\" href=\"https:\/\/noticiasmercedinas.com\/site\/2026\/04\/25\/se-presentara-el-balance-oficial-de-la-26-fiesta-nacional-de-la-torta-frita\/\" \/>\n<meta property=\"og:locale\" content=\"es_ES\" \/>\n<meta property=\"og:type\" content=\"article\" \/>\n<meta property=\"og:title\" content=\"Se presentar\u00e1 el balance oficial de la 26\u00b0 Fiesta Nacional de la Torta Frita\" \/>\n<meta property=\"og:description\" content=\"La convocatoria tendr\u00e1 lugar este lunes 27 de abril en el Honorable Concejo Deliberante. Autoridades municipales y organizadores expondr\u00e1n el informe detallado de ingresos, egresos y resultados del tradicional evento mercedino.\" \/>\n<meta property=\"og:url\" content=\"https:\/\/noticiasmercedinas.com\/site\/2026\/04\/25\/se-presentara-el-balance-oficial-de-la-26-fiesta-nacional-de-la-torta-frita\/\" \/>\n<meta property=\"og:site_name\" content=\"NOTICIASMERCEDINAS.COM\" \/>\n<meta property=\"article:publisher\" content=\"https:\/\/www.facebook.com\/noticiasmercedinas\/\" \/>\n<meta property=\"article:author\" content=\"https:\/\/www.facebook.com\/cristian.falabella\" \/>\n<meta property=\"article:published_time\" content=\"2026-04-25T13:02:53+00:00\" \/>\n<meta property=\"og:image\" content=\"https:\/\/noticiasmercedinas.com\/site\/wp-content\/uploads\/2019\/03\/TortaFrita.3.jpg\" \/>\n\t<meta property=\"og:image:width\" content=\"864\" \/>\n\t<meta property=\"og:image:height\" content=\"576\" \/>\n\t<meta property=\"og:image:type\" content=\"image\/jpeg\" \/>\n<meta name=\"author\" content=\"Cristian Falabella NOTICIASMERCEDINAS.COM\" \/>\n<meta name=\"twitter:card\" content=\"summary_large_image\" \/>\n<meta name=\"twitter:creator\" content=\"@https:\/\/twitter.com\/NOTMERCEDINAS\" \/>\n<meta name=\"twitter:site\" content=\"@notmercedinas\" \/>\n<meta name=\"twitter:label1\" content=\"Escrito por\" \/>\n\t<meta name=\"twitter:data1\" content=\"Cristian Falabella NOTICIASMERCEDINAS.COM\" \/>\n\t<meta name=\"twitter:label2\" content=\"Tiempo de lectura\" \/>\n\t<meta name=\"twitter:data2\" content=\"2 minutos\" \/>\n<script type=\"application\/ld+json\" class=\"yoast-schema-graph\">{\"@context\":\"https:\\\/\\\/schema.org\",\"@graph\":[{\"@type\":\"Article\",\"@id\":\"https:\\\/\\\/noticiasmercedinas.com\\\/site\\\/2026\\\/04\\\/25\\\/se-presentara-el-balance-oficial-de-la-26-fiesta-nacional-de-la-torta-frita\\\/#article\",\"isPartOf\":{\"@id\":\"https:\\\/\\\/noticiasmercedinas.com\\\/site\\\/2026\\\/04\\\/25\\\/se-presentara-el-balance-oficial-de-la-26-fiesta-nacional-de-la-torta-frita\\\/\"},\"author\":{\"name\":\"Cristian Falabella NOTICIASMERCEDINAS.COM\",\"@id\":\"https:\\\/\\\/noticiasmercedinas.com\\\/site\\\/#\\\/schema\\\/person\\\/d481a9696a5feaec13a60e2bbd991a6a\"},\"headline\":\"Se presentar\u00e1 el balance oficial de la 26\u00b0 Fiesta Nacional de la Torta Frita\",\"datePublished\":\"2026-04-25T13:02:53+00:00\",\"mainEntityOfPage\":{\"@id\":\"https:\\\/\\\/noticiasmercedinas.com\\\/site\\\/2026\\\/04\\\/25\\\/se-presentara-el-balance-oficial-de-la-26-fiesta-nacional-de-la-torta-frita\\\/\"},\"wordCount\":285,\"publisher\":{\"@id\":\"https:\\\/\\\/noticiasmercedinas.com\\\/site\\\/#organization\"},\"image\":{\"@id\":\"https:\\\/\\\/noticiasmercedinas.com\\\/site\\\/2026\\\/04\\\/25\\\/se-presentara-el-balance-oficial-de-la-26-fiesta-nacional-de-la-torta-frita\\\/#primaryimage\"},\"thumbnailUrl\":\"https:\\\/\\\/noticiasmercedinas.com\\\/site\\\/wp-content\\\/uploads\\\/2019\\\/03\\\/TortaFrita.3.jpg\",\"keywords\":[\"balance\",\"fiesta de la torta frita\",\"municipalidad\"],\"articleSection\":[\"Sociedad\"],\"inLanguage\":\"es\"},{\"@type\":\"WebPage\",\"@id\":\"https:\\\/\\\/noticiasmercedinas.com\\\/site\\\/2026\\\/04\\\/25\\\/se-presentara-el-balance-oficial-de-la-26-fiesta-nacional-de-la-torta-frita\\\/\",\"url\":\"https:\\\/\\\/noticiasmercedinas.com\\\/site\\\/2026\\\/04\\\/25\\\/se-presentara-el-balance-oficial-de-la-26-fiesta-nacional-de-la-torta-frita\\\/\",\"name\":\"Se presentar\u00e1 el balance oficial de la 26\u00b0 Fiesta Nacional de la Torta Frita\",\"isPartOf\":{\"@id\":\"https:\\\/\\\/noticiasmercedinas.com\\\/site\\\/#website\"},\"primaryImageOfPage\":{\"@id\":\"https:\\\/\\\/noticiasmercedinas.com\\\/site\\\/2026\\\/04\\\/25\\\/se-presentara-el-balance-oficial-de-la-26-fiesta-nacional-de-la-torta-frita\\\/#primaryimage\"},\"image\":{\"@id\":\"https:\\\/\\\/noticiasmercedinas.com\\\/site\\\/2026\\\/04\\\/25\\\/se-presentara-el-balance-oficial-de-la-26-fiesta-nacional-de-la-torta-frita\\\/#primaryimage\"},\"thumbnailUrl\":\"https:\\\/\\\/noticiasmercedinas.com\\\/site\\\/wp-content\\\/uploads\\\/2019\\\/03\\\/TortaFrita.3.jpg\",\"datePublished\":\"2026-04-25T13:02:53+00:00\",\"description\":\"La convocatoria tendr\u00e1 lugar este lunes 27 de abril en el Honorable Concejo Deliberante. Autoridades municipales y organizadores expondr\u00e1n el informe detallado de ingresos, egresos y resultados del tradicional evento mercedino.\",\"breadcrumb\":{\"@id\":\"https:\\\/\\\/noticiasmercedinas.com\\\/site\\\/2026\\\/04\\\/25\\\/se-presentara-el-balance-oficial-de-la-26-fiesta-nacional-de-la-torta-frita\\\/#breadcrumb\"},\"inLanguage\":\"es\",\"potentialAction\":[{\"@type\":\"ReadAction\",\"target\":[\"https:\\\/\\\/noticiasmercedinas.com\\\/site\\\/2026\\\/04\\\/25\\\/se-presentara-el-balance-oficial-de-la-26-fiesta-nacional-de-la-torta-frita\\\/\"]}]},{\"@type\":\"ImageObject\",\"inLanguage\":\"es\",\"@id\":\"https:\\\/\\\/noticiasmercedinas.com\\\/site\\\/2026\\\/04\\\/25\\\/se-presentara-el-balance-oficial-de-la-26-fiesta-nacional-de-la-torta-frita\\\/#primaryimage\",\"url\":\"https:\\\/\\\/noticiasmercedinas.com\\\/site\\\/wp-content\\\/uploads\\\/2019\\\/03\\\/TortaFrita.3.jpg\",\"contentUrl\":\"https:\\\/\\\/noticiasmercedinas.com\\\/site\\\/wp-content\\\/uploads\\\/2019\\\/03\\\/TortaFrita.3.jpg\",\"width\":864,\"height\":576},{\"@type\":\"BreadcrumbList\",\"@id\":\"https:\\\/\\\/noticiasmercedinas.com\\\/site\\\/2026\\\/04\\\/25\\\/se-presentara-el-balance-oficial-de-la-26-fiesta-nacional-de-la-torta-frita\\\/#breadcrumb\",\"itemListElement\":[{\"@type\":\"ListItem\",\"position\":1,\"name\":\"Portada\",\"item\":\"https:\\\/\\\/noticiasmercedinas.com\\\/site\\\/\"},{\"@type\":\"ListItem\",\"position\":2,\"name\":\"Se presentar\u00e1 el balance oficial de la 26\u00b0 Fiesta Nacional de la Torta Frita\"}]},{\"@type\":\"WebSite\",\"@id\":\"https:\\\/\\\/noticiasmercedinas.com\\\/site\\\/#website\",\"url\":\"https:\\\/\\\/noticiasmercedinas.com\\\/site\\\/\",\"name\":\"NOTICIASMERCEDINAS.COM\",\"description\":\"Mercedes, Buenos Aires, Argentina\",\"publisher\":{\"@id\":\"https:\\\/\\\/noticiasmercedinas.com\\\/site\\\/#organization\"},\"potentialAction\":[{\"@type\":\"SearchAction\",\"target\":{\"@type\":\"EntryPoint\",\"urlTemplate\":\"https:\\\/\\\/noticiasmercedinas.com\\\/site\\\/?s={search_term_string}\"},\"query-input\":{\"@type\":\"PropertyValueSpecification\",\"valueRequired\":true,\"valueName\":\"search_term_string\"}}],\"inLanguage\":\"es\"},{\"@type\":\"Organization\",\"@id\":\"https:\\\/\\\/noticiasmercedinas.com\\\/site\\\/#organization\",\"name\":\"NOTICIASMERCEDINAS.COM\",\"url\":\"https:\\\/\\\/noticiasmercedinas.com\\\/site\\\/\",\"logo\":{\"@type\":\"ImageObject\",\"inLanguage\":\"es\",\"@id\":\"https:\\\/\\\/noticiasmercedinas.com\\\/site\\\/#\\\/schema\\\/logo\\\/image\\\/\",\"url\":\"https:\\\/\\\/noticiasmercedinas.com\\\/site\\\/wp-content\\\/uploads\\\/2020\\\/06\\\/LOGO-512.jpg\",\"contentUrl\":\"https:\\\/\\\/noticiasmercedinas.com\\\/site\\\/wp-content\\\/uploads\\\/2020\\\/06\\\/LOGO-512.jpg\",\"width\":512,\"height\":512,\"caption\":\"NOTICIASMERCEDINAS.COM\"},\"image\":{\"@id\":\"https:\\\/\\\/noticiasmercedinas.com\\\/site\\\/#\\\/schema\\\/logo\\\/image\\\/\"},\"sameAs\":[\"https:\\\/\\\/www.facebook.com\\\/noticiasmercedinas\\\/\",\"https:\\\/\\\/x.com\\\/notmercedinas\",\"https:\\\/\\\/www.instagram.com\\\/noticiasmercedinas\\\/\"]},{\"@type\":\"Person\",\"@id\":\"https:\\\/\\\/noticiasmercedinas.com\\\/site\\\/#\\\/schema\\\/person\\\/d481a9696a5feaec13a60e2bbd991a6a\",\"name\":\"Cristian Falabella NOTICIASMERCEDINAS.COM\",\"image\":{\"@type\":\"ImageObject\",\"inLanguage\":\"es\",\"@id\":\"https:\\\/\\\/secure.gravatar.com\\\/avatar\\\/0dbbfc45970cc46bcd0e57766228574ff3511d6eed045b182f536f0f478c1f06?s=96&d=mm&r=g\",\"url\":\"https:\\\/\\\/secure.gravatar.com\\\/avatar\\\/0dbbfc45970cc46bcd0e57766228574ff3511d6eed045b182f536f0f478c1f06?s=96&d=mm&r=g\",\"contentUrl\":\"https:\\\/\\\/secure.gravatar.com\\\/avatar\\\/0dbbfc45970cc46bcd0e57766228574ff3511d6eed045b182f536f0f478c1f06?s=96&d=mm&r=g\",\"caption\":\"Cristian Falabella NOTICIASMERCEDINAS.COM\"},\"description\":\"Periodista, editor de Noticias Mercedinas. Pas\u00f3 por varias redacciones y emprendimientos de prensa, en distintos formatos y \u00e9pocas. Se especializ\u00f3 --y sigue haci\u00e9ndolo-- en comunicaci\u00f3n en la web y en junio de 2006 fund\u00f3 este diario digital.\",\"sameAs\":[\"https:\\\/\\\/noticiasmercedinas.com\",\"https:\\\/\\\/www.facebook.com\\\/cristian.falabella\",\"https:\\\/\\\/www.instagram.com\\\/noticiasmercedinas\\\/\",\"https:\\\/\\\/x.com\\\/https:\\\/\\\/twitter.com\\\/NOTMERCEDINAS\"],\"url\":\"https:\\\/\\\/noticiasmercedinas.com\\\/site\\\/author\\\/as000384\\\/\"}]}<\/script>\n<!-- \/ Yoast SEO plugin. -->","yoast_head_json":{"title":"Se presentar\u00e1 el balance oficial de la 26\u00b0 Fiesta Nacional de la Torta Frita","description":"La convocatoria tendr\u00e1 lugar este lunes 27 de abril en el Honorable Concejo Deliberante. Autoridades municipales y organizadores expondr\u00e1n el informe detallado de ingresos, egresos y resultados del tradicional evento mercedino.","robots":{"index":"index","follow":"follow","max-snippet":"max-snippet:-1","max-image-preview":"max-image-preview:large","max-video-preview":"max-video-preview:-1"},"canonical":"https:\/\/noticiasmercedinas.com\/site\/2026\/04\/25\/se-presentara-el-balance-oficial-de-la-26-fiesta-nacional-de-la-torta-frita\/","og_locale":"es_ES","og_type":"article","og_title":"Se presentar\u00e1 el balance oficial de la 26\u00b0 Fiesta Nacional de la Torta Frita","og_description":"La convocatoria tendr\u00e1 lugar este lunes 27 de abril en el Honorable Concejo Deliberante. Autoridades municipales y organizadores expondr\u00e1n el informe detallado de ingresos, egresos y resultados del tradicional evento mercedino.","og_url":"https:\/\/noticiasmercedinas.com\/site\/2026\/04\/25\/se-presentara-el-balance-oficial-de-la-26-fiesta-nacional-de-la-torta-frita\/","og_site_name":"NOTICIASMERCEDINAS.COM","article_publisher":"https:\/\/www.facebook.com\/noticiasmercedinas\/","article_author":"https:\/\/www.facebook.com\/cristian.falabella","article_published_time":"2026-04-25T13:02:53+00:00","og_image":[{"width":864,"height":576,"url":"https:\/\/noticiasmercedinas.com\/site\/wp-content\/uploads\/2019\/03\/TortaFrita.3.jpg","type":"image\/jpeg"}],"author":"Cristian Falabella NOTICIASMERCEDINAS.COM","twitter_card":"summary_large_image","twitter_creator":"@https:\/\/twitter.com\/NOTMERCEDINAS","twitter_site":"@notmercedinas","twitter_misc":{"Escrito por":"Cristian Falabella NOTICIASMERCEDINAS.COM","Tiempo de lectura":"2 minutos"},"schema":{"@context":"https:\/\/schema.org","@graph":[{"@type":"Article","@id":"https:\/\/noticiasmercedinas.com\/site\/2026\/04\/25\/se-presentara-el-balance-oficial-de-la-26-fiesta-nacional-de-la-torta-frita\/#article","isPartOf":{"@id":"https:\/\/noticiasmercedinas.com\/site\/2026\/04\/25\/se-presentara-el-balance-oficial-de-la-26-fiesta-nacional-de-la-torta-frita\/"},"author":{"name":"Cristian Falabella NOTICIASMERCEDINAS.COM","@id":"https:\/\/noticiasmercedinas.com\/site\/#\/schema\/person\/d481a9696a5feaec13a60e2bbd991a6a"},"headline":"Se presentar\u00e1 el balance oficial de la 26\u00b0 Fiesta Nacional de la Torta Frita","datePublished":"2026-04-25T13:02:53+00:00","mainEntityOfPage":{"@id":"https:\/\/noticiasmercedinas.com\/site\/2026\/04\/25\/se-presentara-el-balance-oficial-de-la-26-fiesta-nacional-de-la-torta-frita\/"},"wordCount":285,"publisher":{"@id":"https:\/\/noticiasmercedinas.com\/site\/#organization"},"image":{"@id":"https:\/\/noticiasmercedinas.com\/site\/2026\/04\/25\/se-presentara-el-balance-oficial-de-la-26-fiesta-nacional-de-la-torta-frita\/#primaryimage"},"thumbnailUrl":"https:\/\/noticiasmercedinas.com\/site\/wp-content\/uploads\/2019\/03\/TortaFrita.3.jpg","keywords":["balance","fiesta de la torta frita","municipalidad"],"articleSection":["Sociedad"],"inLanguage":"es"},{"@type":"WebPage","@id":"https:\/\/noticiasmercedinas.com\/site\/2026\/04\/25\/se-presentara-el-balance-oficial-de-la-26-fiesta-nacional-de-la-torta-frita\/","url":"https:\/\/noticiasmercedinas.com\/site\/2026\/04\/25\/se-presentara-el-balance-oficial-de-la-26-fiesta-nacional-de-la-torta-frita\/","name":"Se presentar\u00e1 el balance oficial de la 26\u00b0 Fiesta Nacional de la Torta Frita","isPartOf":{"@id":"https:\/\/noticiasmercedinas.com\/site\/#website"},"primaryImageOfPage":{"@id":"https:\/\/noticiasmercedinas.com\/site\/2026\/04\/25\/se-presentara-el-balance-oficial-de-la-26-fiesta-nacional-de-la-torta-frita\/#primaryimage"},"image":{"@id":"https:\/\/noticiasmercedinas.com\/site\/2026\/04\/25\/se-presentara-el-balance-oficial-de-la-26-fiesta-nacional-de-la-torta-frita\/#primaryimage"},"thumbnailUrl":"https:\/\/noticiasmercedinas.com\/site\/wp-content\/uploads\/2019\/03\/TortaFrita.3.jpg","datePublished":"2026-04-25T13:02:53+00:00","description":"La convocatoria tendr\u00e1 lugar este lunes 27 de abril en el Honorable Concejo Deliberante. Autoridades municipales y organizadores expondr\u00e1n el informe detallado de ingresos, egresos y resultados del tradicional evento mercedino.","breadcrumb":{"@id":"https:\/\/noticiasmercedinas.com\/site\/2026\/04\/25\/se-presentara-el-balance-oficial-de-la-26-fiesta-nacional-de-la-torta-frita\/#breadcrumb"},"inLanguage":"es","potentialAction":[{"@type":"ReadAction","target":["https:\/\/noticiasmercedinas.com\/site\/2026\/04\/25\/se-presentara-el-balance-oficial-de-la-26-fiesta-nacional-de-la-torta-frita\/"]}]},{"@type":"ImageObject","inLanguage":"es","@id":"https:\/\/noticiasmercedinas.com\/site\/2026\/04\/25\/se-presentara-el-balance-oficial-de-la-26-fiesta-nacional-de-la-torta-frita\/#primaryimage","url":"https:\/\/noticiasmercedinas.com\/site\/wp-content\/uploads\/2019\/03\/TortaFrita.3.jpg","contentUrl":"https:\/\/noticiasmercedinas.com\/site\/wp-content\/uploads\/2019\/03\/TortaFrita.3.jpg","width":864,"height":576},{"@type":"BreadcrumbList","@id":"https:\/\/noticiasmercedinas.com\/site\/2026\/04\/25\/se-presentara-el-balance-oficial-de-la-26-fiesta-nacional-de-la-torta-frita\/#breadcrumb","itemListElement":[{"@type":"ListItem","position":1,"name":"Portada","item":"https:\/\/noticiasmercedinas.com\/site\/"},{"@type":"ListItem","position":2,"name":"Se presentar\u00e1 el balance oficial de la 26\u00b0 Fiesta Nacional de la Torta Frita"}]},{"@type":"WebSite","@id":"https:\/\/noticiasmercedinas.com\/site\/#website","url":"https:\/\/noticiasmercedinas.com\/site\/","name":"NOTICIASMERCEDINAS.COM","description":"Mercedes, Buenos Aires, Argentina","publisher":{"@id":"https:\/\/noticiasmercedinas.com\/site\/#organization"},"potentialAction":[{"@type":"SearchAction","target":{"@type":"EntryPoint","urlTemplate":"https:\/\/noticiasmercedinas.com\/site\/?s={search_term_string}"},"query-input":{"@type":"PropertyValueSpecification","valueRequired":true,"valueName":"search_term_string"}}],"inLanguage":"es"},{"@type":"Organization","@id":"https:\/\/noticiasmercedinas.com\/site\/#organization","name":"NOTICIASMERCEDINAS.COM","url":"https:\/\/noticiasmercedinas.com\/site\/","logo":{"@type":"ImageObject","inLanguage":"es","@id":"https:\/\/noticiasmercedinas.com\/site\/#\/schema\/logo\/image\/","url":"https:\/\/noticiasmercedinas.com\/site\/wp-content\/uploads\/2020\/06\/LOGO-512.jpg","contentUrl":"https:\/\/noticiasmercedinas.com\/site\/wp-content\/uploads\/2020\/06\/LOGO-512.jpg","width":512,"height":512,"caption":"NOTICIASMERCEDINAS.COM"},"image":{"@id":"https:\/\/noticiasmercedinas.com\/site\/#\/schema\/logo\/image\/"},"sameAs":["https:\/\/www.facebook.com\/noticiasmercedinas\/","https:\/\/x.com\/notmercedinas","https:\/\/www.instagram.com\/noticiasmercedinas\/"]},{"@type":"Person","@id":"https:\/\/noticiasmercedinas.com\/site\/#\/schema\/person\/d481a9696a5feaec13a60e2bbd991a6a","name":"Cristian Falabella NOTICIASMERCEDINAS.COM","image":{"@type":"ImageObject","inLanguage":"es","@id":"https:\/\/secure.gravatar.com\/avatar\/0dbbfc45970cc46bcd0e57766228574ff3511d6eed045b182f536f0f478c1f06?s=96&d=mm&r=g","url":"https:\/\/secure.gravatar.com\/avatar\/0dbbfc45970cc46bcd0e57766228574ff3511d6eed045b182f536f0f478c1f06?s=96&d=mm&r=g","contentUrl":"https:\/\/secure.gravatar.com\/avatar\/0dbbfc45970cc46bcd0e57766228574ff3511d6eed045b182f536f0f478c1f06?s=96&d=mm&r=g","caption":"Cristian Falabella NOTICIASMERCEDINAS.COM"},"description":"Periodista, editor de Noticias Mercedinas. Pas\u00f3 por varias redacciones y emprendimientos de prensa, en distintos formatos y \u00e9pocas. Se especializ\u00f3 --y sigue haci\u00e9ndolo-- en comunicaci\u00f3n en la web y en junio de 2006 fund\u00f3 este diario digital.","sameAs":["https:\/\/noticiasmercedinas.com","https:\/\/www.facebook.com\/cristian.falabella","https:\/\/www.instagram.com\/noticiasmercedinas\/","https:\/\/x.com\/https:\/\/twitter.com\/NOTMERCEDINAS"],"url":"https:\/\/noticiasmercedinas.com\/site\/author\/as000384\/"}]}},"amp_enabled":true,"_links":{"self":[{"href":"https:\/\/noticiasmercedinas.com\/site\/wp-json\/wp\/v2\/posts\/185064","targetHints":{"allow":["GET"]}}],"collection":[{"href":"https:\/\/noticiasmercedinas.com\/site\/wp-json\/wp\/v2\/posts"}],"about":[{"href":"https:\/\/noticiasmercedinas.com\/site\/wp-json\/wp\/v2\/types\/post"}],"author":[{"embeddable":true,"href":"https:\/\/noticiasmercedinas.com\/site\/wp-json\/wp\/v2\/users\/2"}],"replies":[{"embeddable":true,"href":"https:\/\/noticiasmercedinas.com\/site\/wp-json\/wp\/v2\/comments?post=185064"}],"version-history":[{"count":1,"href":"https:\/\/noticiasmercedinas.com\/site\/wp-json\/wp\/v2\/posts\/185064\/revisions"}],"predecessor-version":[{"id":185065,"href":"https:\/\/noticiasmercedinas.com\/site\/wp-json\/wp\/v2\/posts\/185064\/revisions\/185065"}],"wp:featuredmedia":[{"embeddable":true,"href":"https:\/\/noticiasmercedinas.com\/site\/wp-json\/wp\/v2\/media\/15379"}],"wp:attachment":[{"href":"https:\/\/noticiasmercedinas.com\/site\/wp-json\/wp\/v2\/media?parent=185064"}],"wp:term":[{"taxonomy":"category","embeddable":true,"href":"https:\/\/noticiasmercedinas.com\/site\/wp-json\/wp\/v2\/categories?post=185064"},{"taxonomy":"post_tag","embeddable":true,"href":"https:\/\/noticiasmercedinas.com\/site\/wp-json\/wp\/v2\/tags?post=185064"}],"curies":[{"name":"wp","href":"https:\/\/api.w.org\/{rel}","templated":true}]}}