{"id":185068,"date":"2026-04-25T16:14:12","date_gmt":"2026-04-25T19:14:12","guid":{"rendered":"https:\/\/noticiasmercedinas.com\/site\/?p=185068"},"modified":"2026-04-25T16:14:12","modified_gmt":"2026-04-25T19:14:12","slug":"mercedes-epicentro-del-karate-nacional-con-un-importante-encuentro-en-el-cef-n-40","status":"publish","type":"post","link":"https:\/\/noticiasmercedinas.com\/site\/2026\/04\/25\/mercedes-epicentro-del-karate-nacional-con-un-importante-encuentro-en-el-cef-n-40\/","title":{"rendered":"Mercedes, epicentro del Karate Nacional con un importante encuentro en el CEF N\u00b0 40"},"content":{"rendered":"<p><img loading=\"lazy\" decoding=\"async\" class=\"alignnone size-full wp-image-185071\" src=\"https:\/\/noticiasmercedinas.com\/site\/wp-content\/uploads\/2026\/04\/WhatsApp-Image-2026-04-25-at-4.08.44-PM.jpeg\" alt=\"\" width=\"1600\" height=\"1066\" srcset=\"https:\/\/noticiasmercedinas.com\/site\/wp-content\/uploads\/2026\/04\/WhatsApp-Image-2026-04-25-at-4.08.44-PM.jpeg 1600w, https:\/\/noticiasmercedinas.com\/site\/wp-content\/uploads\/2026\/04\/WhatsApp-Image-2026-04-25-at-4.08.44-PM-300x200.jpeg 300w, https:\/\/noticiasmercedinas.com\/site\/wp-content\/uploads\/2026\/04\/WhatsApp-Image-2026-04-25-at-4.08.44-PM-1024x682.jpeg 1024w, https:\/\/noticiasmercedinas.com\/site\/wp-content\/uploads\/2026\/04\/WhatsApp-Image-2026-04-25-at-4.08.44-PM-768x512.jpeg 768w, https:\/\/noticiasmercedinas.com\/site\/wp-content\/uploads\/2026\/04\/WhatsApp-Image-2026-04-25-at-4.08.44-PM-1536x1023.jpeg 1536w, https:\/\/noticiasmercedinas.com\/site\/wp-content\/uploads\/2026\/04\/WhatsApp-Image-2026-04-25-at-4.08.44-PM-640x426.jpeg 640w, https:\/\/noticiasmercedinas.com\/site\/wp-content\/uploads\/2026\/04\/WhatsApp-Image-2026-04-25-at-4.08.44-PM-1280x853.jpeg 1280w, https:\/\/noticiasmercedinas.com\/site\/wp-content\/uploads\/2026\/04\/WhatsApp-Image-2026-04-25-at-4.08.44-PM-681x454.jpeg 681w, https:\/\/noticiasmercedinas.com\/site\/wp-content\/uploads\/2026\/04\/WhatsApp-Image-2026-04-25-at-4.08.44-PM-1362x907.jpeg 1362w\" sizes=\"auto, (max-width: 1600px) 100vw, 1600px\" \/><\/p>\n<p>En la ciudad de Mercedes se dio inicio este s\u00e1bado a una importante cita de artes marciales: el Primer Encuentro Nacional 2026 de la Escuela de Karate-Do Miyazato (Okinawa Shorin-Ryu Shidokan).<\/p>\n<p>Con sede en las instalaciones del CEF N\u00b0 40, el evento re\u00fane a m\u00e1s de cien practicantes provenientes de diversas provincias, consolidando a la localidad como un polo de referencia para el desarrollo deportivo y cultural.<\/p>\n<p>La ceremonia de apertura cont\u00f3 con una fuerte impronta institucional y art\u00edstica. El intendente municipal, Juan Ignacio Ustarroz, particip\u00f3 del acto oficial junto a autoridades de la Secretar\u00eda de Deportes y referentes de la Escuela Miyazato, que este a\u00f1o celebra su 67\u00b0 aniversario de trayectoria en el ejercicio y transmisi\u00f3n del karate en Argentina. Fue anfitri\u00f3n el Dojo de Mercedes con su Instructor a cargo Fabi\u00e1n Navarrete y todos sus colaboradores.<\/p>\n<p><strong>Identidad y compromiso con los valores<\/strong><br \/>\nDurante su discurso de bienvenida, el jefe comunal subray\u00f3 la relevancia de apoyar estas disciplinas en el \u00e1mbito p\u00fablico: \u00abCreemos que a trav\u00e9s del deporte se puede incluir y se puede inculcar valores y disciplina. Nos llena de orgullo en la ciudad ser receptores de esta jornada y les damos la bienvenida a todos los que nos visitan\u00bb, expres\u00f3 Ustarroz, destacando la importancia de que las instituciones crezcan junto al desarrollo de la ciudad.<\/p>\n<p><img loading=\"lazy\" decoding=\"async\" class=\"alignnone size-full wp-image-185070\" src=\"https:\/\/noticiasmercedinas.com\/site\/wp-content\/uploads\/2026\/04\/WhatsApp-Image-2026-04-25-at-4.08.43-PM.jpeg\" alt=\"\" width=\"1600\" height=\"1036\" srcset=\"https:\/\/noticiasmercedinas.com\/site\/wp-content\/uploads\/2026\/04\/WhatsApp-Image-2026-04-25-at-4.08.43-PM.jpeg 1600w, https:\/\/noticiasmercedinas.com\/site\/wp-content\/uploads\/2026\/04\/WhatsApp-Image-2026-04-25-at-4.08.43-PM-300x194.jpeg 300w, https:\/\/noticiasmercedinas.com\/site\/wp-content\/uploads\/2026\/04\/WhatsApp-Image-2026-04-25-at-4.08.43-PM-1024x663.jpeg 1024w, https:\/\/noticiasmercedinas.com\/site\/wp-content\/uploads\/2026\/04\/WhatsApp-Image-2026-04-25-at-4.08.43-PM-768x497.jpeg 768w, https:\/\/noticiasmercedinas.com\/site\/wp-content\/uploads\/2026\/04\/WhatsApp-Image-2026-04-25-at-4.08.43-PM-1536x995.jpeg 1536w, https:\/\/noticiasmercedinas.com\/site\/wp-content\/uploads\/2026\/04\/WhatsApp-Image-2026-04-25-at-4.08.43-PM-600x388.jpeg 600w, https:\/\/noticiasmercedinas.com\/site\/wp-content\/uploads\/2026\/04\/WhatsApp-Image-2026-04-25-at-4.08.43-PM-640x414.jpeg 640w, https:\/\/noticiasmercedinas.com\/site\/wp-content\/uploads\/2026\/04\/WhatsApp-Image-2026-04-25-at-4.08.43-PM-1280x829.jpeg 1280w, https:\/\/noticiasmercedinas.com\/site\/wp-content\/uploads\/2026\/04\/WhatsApp-Image-2026-04-25-at-4.08.43-PM-681x441.jpeg 681w, https:\/\/noticiasmercedinas.com\/site\/wp-content\/uploads\/2026\/04\/WhatsApp-Image-2026-04-25-at-4.08.43-PM-1362x882.jpeg 1362w\" sizes=\"auto, (max-width: 1600px) 100vw, 1600px\" \/><\/p>\n<p>El marco cultural estuvo a cargo del Coro Municipal de C\u00e1mara \u00abArs Pulchra\u00bb, bajo la direcci\u00f3n de Santiago Bustos Berrondo, quienes interpretaron de manera solemne el Himno Nacional Argentino y la pieza tradicional japonesa \u00abSakura\u00bb, simbolizando la uni\u00f3n entre la comunidad local y las ra\u00edces de esta disciplina milenaria.<\/p>\n<p><strong>Un programa de proyecci\u00f3n internacional<\/strong><br \/>\nEl encuentro no solo se limita a la pr\u00e1ctica t\u00e9cnica en el dojo, sino que se enmarca en un a\u00f1o de hitos para la instituci\u00f3n, incluyendo la reciente inauguraci\u00f3n del Hombu Dojo en Okinawa, Jap\u00f3n, por parte del Sensei Masatoshi Miyazato.<\/p>\n<p>En las jornadas son participantes Delegaciones de Buenos Aires, Santa Fe, C\u00f3rdoba, San Luis y pa\u00edses lim\u00edtrofes como Uruguay.<\/p>\n<p>Las actividades se llevan adelante este s\u00e1bado y concluir\u00e1n este domingo con seminarios t\u00e9cnicos y clases especiales de perfeccionamiento.<\/p>\n<p>El evento fue declarado de Inter\u00e9s Municipal por el Honorable Concejo Deliberante, reconociendo no solo la excelencia t\u00e9cnica de los participantes, sino tambi\u00e9n los objetivos fundamentales de la escuela: ser honrados, respetuosos, esforzados y defensores de la verdad.<\/p>\n<p><img loading=\"lazy\" decoding=\"async\" class=\"alignnone size-full wp-image-185069\" src=\"https:\/\/noticiasmercedinas.com\/site\/wp-content\/uploads\/2026\/04\/WhatsApp-Image-2026-04-25-at-3.54.35-PM.jpeg\" alt=\"\" width=\"1600\" height=\"953\" srcset=\"https:\/\/noticiasmercedinas.com\/site\/wp-content\/uploads\/2026\/04\/WhatsApp-Image-2026-04-25-at-3.54.35-PM.jpeg 1600w, https:\/\/noticiasmercedinas.com\/site\/wp-content\/uploads\/2026\/04\/WhatsApp-Image-2026-04-25-at-3.54.35-PM-300x179.jpeg 300w, https:\/\/noticiasmercedinas.com\/site\/wp-content\/uploads\/2026\/04\/WhatsApp-Image-2026-04-25-at-3.54.35-PM-1024x610.jpeg 1024w, https:\/\/noticiasmercedinas.com\/site\/wp-content\/uploads\/2026\/04\/WhatsApp-Image-2026-04-25-at-3.54.35-PM-768x457.jpeg 768w, https:\/\/noticiasmercedinas.com\/site\/wp-content\/uploads\/2026\/04\/WhatsApp-Image-2026-04-25-at-3.54.35-PM-1536x915.jpeg 1536w, https:\/\/noticiasmercedinas.com\/site\/wp-content\/uploads\/2026\/04\/WhatsApp-Image-2026-04-25-at-3.54.35-PM-640x381.jpeg 640w, https:\/\/noticiasmercedinas.com\/site\/wp-content\/uploads\/2026\/04\/WhatsApp-Image-2026-04-25-at-3.54.35-PM-1280x762.jpeg 1280w, https:\/\/noticiasmercedinas.com\/site\/wp-content\/uploads\/2026\/04\/WhatsApp-Image-2026-04-25-at-3.54.35-PM-681x406.jpeg 681w, https:\/\/noticiasmercedinas.com\/site\/wp-content\/uploads\/2026\/04\/WhatsApp-Image-2026-04-25-at-3.54.35-PM-1362x811.jpeg 1362w\" sizes=\"auto, (max-width: 1600px) 100vw, 1600px\" \/><\/p>\n","protected":false},"excerpt":{"rendered":"<p>\u25a0 M\u00e1s de un centenar de practicantes de todo el pa\u00eds se dieron cita en el Polideportivo Municipal para el inicio del Encuentro Nacional de la Escuela Miyazato. El intendente Ustarroz encabez\u00f3 la apertura, destacando al deporte como herramienta de inclusi\u00f3n y formaci\u00f3n en valores.<\/p>\n","protected":false},"author":16,"featured_media":185071,"comment_status":"closed","ping_status":"closed","sticky":false,"template":"","format":"standard","meta":{"footnotes":""},"categories":[5,20734],"tags":[218,14586,7249],"class_list":["post-185068","post","type-post","status-publish","format-standard","has-post-thumbnail","hentry","category-deportes","category-ultimo-momento","tag-cef-40","tag-escuela-miyazato","tag-karate-do"],"yoast_head":"<!-- This site is optimized with the Yoast SEO plugin v27.4 - https:\/\/yoast.com\/product\/yoast-seo-wordpress\/ -->\n<title>Mercedes, epicentro del Karate Nacional con un importante encuentro en el CEF N\u00b0 40<\/title>\n<meta name=\"description\" content=\"M\u00e1s de un centenar de practicantes de todo el pa\u00eds se dieron cita en el Polideportivo Municipal para el inicio del Encuentro Nacional de la Escuela Miyazato. El intendente Ustarroz encabez\u00f3 la apertura, destacando al deporte como herramienta de inclusi\u00f3n y formaci\u00f3n en valores.\" \/>\n<meta name=\"robots\" content=\"index, follow, max-snippet:-1, max-image-preview:large, max-video-preview:-1\" \/>\n<link rel=\"canonical\" href=\"https:\/\/noticiasmercedinas.com\/site\/2026\/04\/25\/mercedes-epicentro-del-karate-nacional-con-un-importante-encuentro-en-el-cef-n-40\/\" \/>\n<meta property=\"og:locale\" content=\"es_ES\" \/>\n<meta property=\"og:type\" content=\"article\" \/>\n<meta property=\"og:title\" content=\"Mercedes, epicentro del Karate Nacional con un importante encuentro en el CEF N\u00b0 40\" \/>\n<meta property=\"og:description\" content=\"M\u00e1s de un centenar de practicantes de todo el pa\u00eds se dieron cita en el Polideportivo Municipal para el inicio del Encuentro Nacional de la Escuela Miyazato. El intendente Ustarroz encabez\u00f3 la apertura, destacando al deporte como herramienta de inclusi\u00f3n y formaci\u00f3n en valores.\" \/>\n<meta property=\"og:url\" content=\"https:\/\/noticiasmercedinas.com\/site\/2026\/04\/25\/mercedes-epicentro-del-karate-nacional-con-un-importante-encuentro-en-el-cef-n-40\/\" \/>\n<meta property=\"og:site_name\" content=\"NOTICIASMERCEDINAS.COM\" \/>\n<meta property=\"article:publisher\" content=\"https:\/\/www.facebook.com\/noticiasmercedinas\/\" \/>\n<meta property=\"article:published_time\" content=\"2026-04-25T19:14:12+00:00\" \/>\n<meta property=\"og:image\" content=\"https:\/\/noticiasmercedinas.com\/site\/wp-content\/uploads\/2026\/04\/WhatsApp-Image-2026-04-25-at-4.08.44-PM.jpeg\" \/>\n\t<meta property=\"og:image:width\" content=\"1600\" \/>\n\t<meta property=\"og:image:height\" content=\"1066\" \/>\n\t<meta property=\"og:image:type\" content=\"image\/jpeg\" \/>\n<meta name=\"author\" content=\"NOTICIASMERCEDINAS.COM\" \/>\n<meta name=\"twitter:card\" content=\"summary_large_image\" \/>\n<meta name=\"twitter:creator\" content=\"@notmercedinas\" \/>\n<meta name=\"twitter:site\" content=\"@notmercedinas\" \/>\n<meta name=\"twitter:label1\" content=\"Escrito por\" \/>\n\t<meta name=\"twitter:data1\" content=\"NOTICIASMERCEDINAS.COM\" \/>\n\t<meta name=\"twitter:label2\" content=\"Tiempo de lectura\" \/>\n\t<meta name=\"twitter:data2\" content=\"3 minutos\" \/>\n<script type=\"application\/ld+json\" class=\"yoast-schema-graph\">{\"@context\":\"https:\\\/\\\/schema.org\",\"@graph\":[{\"@type\":\"Article\",\"@id\":\"https:\\\/\\\/noticiasmercedinas.com\\\/site\\\/2026\\\/04\\\/25\\\/mercedes-epicentro-del-karate-nacional-con-un-importante-encuentro-en-el-cef-n-40\\\/#article\",\"isPartOf\":{\"@id\":\"https:\\\/\\\/noticiasmercedinas.com\\\/site\\\/2026\\\/04\\\/25\\\/mercedes-epicentro-del-karate-nacional-con-un-importante-encuentro-en-el-cef-n-40\\\/\"},\"author\":{\"name\":\"NOTICIASMERCEDINAS.COM\",\"@id\":\"https:\\\/\\\/noticiasmercedinas.com\\\/site\\\/#\\\/schema\\\/person\\\/84b59c099c28ff2e8b77d4ceec5d8063\"},\"headline\":\"Mercedes, epicentro del Karate Nacional con un importante encuentro en el CEF N\u00b0 40\",\"datePublished\":\"2026-04-25T19:14:12+00:00\",\"mainEntityOfPage\":{\"@id\":\"https:\\\/\\\/noticiasmercedinas.com\\\/site\\\/2026\\\/04\\\/25\\\/mercedes-epicentro-del-karate-nacional-con-un-importante-encuentro-en-el-cef-n-40\\\/\"},\"wordCount\":430,\"publisher\":{\"@id\":\"https:\\\/\\\/noticiasmercedinas.com\\\/site\\\/#organization\"},\"image\":{\"@id\":\"https:\\\/\\\/noticiasmercedinas.com\\\/site\\\/2026\\\/04\\\/25\\\/mercedes-epicentro-del-karate-nacional-con-un-importante-encuentro-en-el-cef-n-40\\\/#primaryimage\"},\"thumbnailUrl\":\"https:\\\/\\\/noticiasmercedinas.com\\\/site\\\/wp-content\\\/uploads\\\/2026\\\/04\\\/WhatsApp-Image-2026-04-25-at-4.08.44-PM.jpeg\",\"keywords\":[\"cef 40\",\"escuela miyazato\",\"karate do\"],\"articleSection\":[\"Deportes\",\"Ultimo momento\"],\"inLanguage\":\"es\"},{\"@type\":\"WebPage\",\"@id\":\"https:\\\/\\\/noticiasmercedinas.com\\\/site\\\/2026\\\/04\\\/25\\\/mercedes-epicentro-del-karate-nacional-con-un-importante-encuentro-en-el-cef-n-40\\\/\",\"url\":\"https:\\\/\\\/noticiasmercedinas.com\\\/site\\\/2026\\\/04\\\/25\\\/mercedes-epicentro-del-karate-nacional-con-un-importante-encuentro-en-el-cef-n-40\\\/\",\"name\":\"Mercedes, epicentro del Karate Nacional con un importante encuentro en el CEF N\u00b0 40\",\"isPartOf\":{\"@id\":\"https:\\\/\\\/noticiasmercedinas.com\\\/site\\\/#website\"},\"primaryImageOfPage\":{\"@id\":\"https:\\\/\\\/noticiasmercedinas.com\\\/site\\\/2026\\\/04\\\/25\\\/mercedes-epicentro-del-karate-nacional-con-un-importante-encuentro-en-el-cef-n-40\\\/#primaryimage\"},\"image\":{\"@id\":\"https:\\\/\\\/noticiasmercedinas.com\\\/site\\\/2026\\\/04\\\/25\\\/mercedes-epicentro-del-karate-nacional-con-un-importante-encuentro-en-el-cef-n-40\\\/#primaryimage\"},\"thumbnailUrl\":\"https:\\\/\\\/noticiasmercedinas.com\\\/site\\\/wp-content\\\/uploads\\\/2026\\\/04\\\/WhatsApp-Image-2026-04-25-at-4.08.44-PM.jpeg\",\"datePublished\":\"2026-04-25T19:14:12+00:00\",\"description\":\"M\u00e1s de un centenar de practicantes de todo el pa\u00eds se dieron cita en el Polideportivo Municipal para el inicio del Encuentro Nacional de la Escuela Miyazato. El intendente Ustarroz encabez\u00f3 la apertura, destacando al deporte como herramienta de inclusi\u00f3n y formaci\u00f3n en valores.\",\"breadcrumb\":{\"@id\":\"https:\\\/\\\/noticiasmercedinas.com\\\/site\\\/2026\\\/04\\\/25\\\/mercedes-epicentro-del-karate-nacional-con-un-importante-encuentro-en-el-cef-n-40\\\/#breadcrumb\"},\"inLanguage\":\"es\",\"potentialAction\":[{\"@type\":\"ReadAction\",\"target\":[\"https:\\\/\\\/noticiasmercedinas.com\\\/site\\\/2026\\\/04\\\/25\\\/mercedes-epicentro-del-karate-nacional-con-un-importante-encuentro-en-el-cef-n-40\\\/\"]}]},{\"@type\":\"ImageObject\",\"inLanguage\":\"es\",\"@id\":\"https:\\\/\\\/noticiasmercedinas.com\\\/site\\\/2026\\\/04\\\/25\\\/mercedes-epicentro-del-karate-nacional-con-un-importante-encuentro-en-el-cef-n-40\\\/#primaryimage\",\"url\":\"https:\\\/\\\/noticiasmercedinas.com\\\/site\\\/wp-content\\\/uploads\\\/2026\\\/04\\\/WhatsApp-Image-2026-04-25-at-4.08.44-PM.jpeg\",\"contentUrl\":\"https:\\\/\\\/noticiasmercedinas.com\\\/site\\\/wp-content\\\/uploads\\\/2026\\\/04\\\/WhatsApp-Image-2026-04-25-at-4.08.44-PM.jpeg\",\"width\":1600,\"height\":1066},{\"@type\":\"BreadcrumbList\",\"@id\":\"https:\\\/\\\/noticiasmercedinas.com\\\/site\\\/2026\\\/04\\\/25\\\/mercedes-epicentro-del-karate-nacional-con-un-importante-encuentro-en-el-cef-n-40\\\/#breadcrumb\",\"itemListElement\":[{\"@type\":\"ListItem\",\"position\":1,\"name\":\"Portada\",\"item\":\"https:\\\/\\\/noticiasmercedinas.com\\\/site\\\/\"},{\"@type\":\"ListItem\",\"position\":2,\"name\":\"Mercedes, epicentro del Karate Nacional con un importante encuentro en el CEF N\u00b0 40\"}]},{\"@type\":\"WebSite\",\"@id\":\"https:\\\/\\\/noticiasmercedinas.com\\\/site\\\/#website\",\"url\":\"https:\\\/\\\/noticiasmercedinas.com\\\/site\\\/\",\"name\":\"NOTICIASMERCEDINAS.COM\",\"description\":\"Mercedes, Buenos Aires, Argentina\",\"publisher\":{\"@id\":\"https:\\\/\\\/noticiasmercedinas.com\\\/site\\\/#organization\"},\"potentialAction\":[{\"@type\":\"SearchAction\",\"target\":{\"@type\":\"EntryPoint\",\"urlTemplate\":\"https:\\\/\\\/noticiasmercedinas.com\\\/site\\\/?s={search_term_string}\"},\"query-input\":{\"@type\":\"PropertyValueSpecification\",\"valueRequired\":true,\"valueName\":\"search_term_string\"}}],\"inLanguage\":\"es\"},{\"@type\":\"Organization\",\"@id\":\"https:\\\/\\\/noticiasmercedinas.com\\\/site\\\/#organization\",\"name\":\"NOTICIASMERCEDINAS.COM\",\"url\":\"https:\\\/\\\/noticiasmercedinas.com\\\/site\\\/\",\"logo\":{\"@type\":\"ImageObject\",\"inLanguage\":\"es\",\"@id\":\"https:\\\/\\\/noticiasmercedinas.com\\\/site\\\/#\\\/schema\\\/logo\\\/image\\\/\",\"url\":\"https:\\\/\\\/noticiasmercedinas.com\\\/site\\\/wp-content\\\/uploads\\\/2020\\\/06\\\/LOGO-512.jpg\",\"contentUrl\":\"https:\\\/\\\/noticiasmercedinas.com\\\/site\\\/wp-content\\\/uploads\\\/2020\\\/06\\\/LOGO-512.jpg\",\"width\":512,\"height\":512,\"caption\":\"NOTICIASMERCEDINAS.COM\"},\"image\":{\"@id\":\"https:\\\/\\\/noticiasmercedinas.com\\\/site\\\/#\\\/schema\\\/logo\\\/image\\\/\"},\"sameAs\":[\"https:\\\/\\\/www.facebook.com\\\/noticiasmercedinas\\\/\",\"https:\\\/\\\/x.com\\\/notmercedinas\",\"https:\\\/\\\/www.instagram.com\\\/noticiasmercedinas\\\/\"]},{\"@type\":\"Person\",\"@id\":\"https:\\\/\\\/noticiasmercedinas.com\\\/site\\\/#\\\/schema\\\/person\\\/84b59c099c28ff2e8b77d4ceec5d8063\",\"name\":\"NOTICIASMERCEDINAS.COM\",\"image\":{\"@type\":\"ImageObject\",\"inLanguage\":\"es\",\"@id\":\"https:\\\/\\\/secure.gravatar.com\\\/avatar\\\/4dfbf16b4d17945bfb6341b2d19043457132fcf478a5ee04f42e959fd8f5df0a?s=96&d=mm&r=g\",\"url\":\"https:\\\/\\\/secure.gravatar.com\\\/avatar\\\/4dfbf16b4d17945bfb6341b2d19043457132fcf478a5ee04f42e959fd8f5df0a?s=96&d=mm&r=g\",\"contentUrl\":\"https:\\\/\\\/secure.gravatar.com\\\/avatar\\\/4dfbf16b4d17945bfb6341b2d19043457132fcf478a5ee04f42e959fd8f5df0a?s=96&d=mm&r=g\",\"caption\":\"NOTICIASMERCEDINAS.COM\"},\"url\":\"https:\\\/\\\/noticiasmercedinas.com\\\/site\\\/author\\\/anonimo\\\/\"}]}<\/script>\n<!-- \/ Yoast SEO plugin. -->","yoast_head_json":{"title":"Mercedes, epicentro del Karate Nacional con un importante encuentro en el CEF N\u00b0 40","description":"M\u00e1s de un centenar de practicantes de todo el pa\u00eds se dieron cita en el Polideportivo Municipal para el inicio del Encuentro Nacional de la Escuela Miyazato. El intendente Ustarroz encabez\u00f3 la apertura, destacando al deporte como herramienta de inclusi\u00f3n y formaci\u00f3n en valores.","robots":{"index":"index","follow":"follow","max-snippet":"max-snippet:-1","max-image-preview":"max-image-preview:large","max-video-preview":"max-video-preview:-1"},"canonical":"https:\/\/noticiasmercedinas.com\/site\/2026\/04\/25\/mercedes-epicentro-del-karate-nacional-con-un-importante-encuentro-en-el-cef-n-40\/","og_locale":"es_ES","og_type":"article","og_title":"Mercedes, epicentro del Karate Nacional con un importante encuentro en el CEF N\u00b0 40","og_description":"M\u00e1s de un centenar de practicantes de todo el pa\u00eds se dieron cita en el Polideportivo Municipal para el inicio del Encuentro Nacional de la Escuela Miyazato. El intendente Ustarroz encabez\u00f3 la apertura, destacando al deporte como herramienta de inclusi\u00f3n y formaci\u00f3n en valores.","og_url":"https:\/\/noticiasmercedinas.com\/site\/2026\/04\/25\/mercedes-epicentro-del-karate-nacional-con-un-importante-encuentro-en-el-cef-n-40\/","og_site_name":"NOTICIASMERCEDINAS.COM","article_publisher":"https:\/\/www.facebook.com\/noticiasmercedinas\/","article_published_time":"2026-04-25T19:14:12+00:00","og_image":[{"width":1600,"height":1066,"url":"https:\/\/noticiasmercedinas.com\/site\/wp-content\/uploads\/2026\/04\/WhatsApp-Image-2026-04-25-at-4.08.44-PM.jpeg","type":"image\/jpeg"}],"author":"NOTICIASMERCEDINAS.COM","twitter_card":"summary_large_image","twitter_creator":"@notmercedinas","twitter_site":"@notmercedinas","twitter_misc":{"Escrito por":"NOTICIASMERCEDINAS.COM","Tiempo de lectura":"3 minutos"},"schema":{"@context":"https:\/\/schema.org","@graph":[{"@type":"Article","@id":"https:\/\/noticiasmercedinas.com\/site\/2026\/04\/25\/mercedes-epicentro-del-karate-nacional-con-un-importante-encuentro-en-el-cef-n-40\/#article","isPartOf":{"@id":"https:\/\/noticiasmercedinas.com\/site\/2026\/04\/25\/mercedes-epicentro-del-karate-nacional-con-un-importante-encuentro-en-el-cef-n-40\/"},"author":{"name":"NOTICIASMERCEDINAS.COM","@id":"https:\/\/noticiasmercedinas.com\/site\/#\/schema\/person\/84b59c099c28ff2e8b77d4ceec5d8063"},"headline":"Mercedes, epicentro del Karate Nacional con un importante encuentro en el CEF N\u00b0 40","datePublished":"2026-04-25T19:14:12+00:00","mainEntityOfPage":{"@id":"https:\/\/noticiasmercedinas.com\/site\/2026\/04\/25\/mercedes-epicentro-del-karate-nacional-con-un-importante-encuentro-en-el-cef-n-40\/"},"wordCount":430,"publisher":{"@id":"https:\/\/noticiasmercedinas.com\/site\/#organization"},"image":{"@id":"https:\/\/noticiasmercedinas.com\/site\/2026\/04\/25\/mercedes-epicentro-del-karate-nacional-con-un-importante-encuentro-en-el-cef-n-40\/#primaryimage"},"thumbnailUrl":"https:\/\/noticiasmercedinas.com\/site\/wp-content\/uploads\/2026\/04\/WhatsApp-Image-2026-04-25-at-4.08.44-PM.jpeg","keywords":["cef 40","escuela miyazato","karate do"],"articleSection":["Deportes","Ultimo momento"],"inLanguage":"es"},{"@type":"WebPage","@id":"https:\/\/noticiasmercedinas.com\/site\/2026\/04\/25\/mercedes-epicentro-del-karate-nacional-con-un-importante-encuentro-en-el-cef-n-40\/","url":"https:\/\/noticiasmercedinas.com\/site\/2026\/04\/25\/mercedes-epicentro-del-karate-nacional-con-un-importante-encuentro-en-el-cef-n-40\/","name":"Mercedes, epicentro del Karate Nacional con un importante encuentro en el CEF N\u00b0 40","isPartOf":{"@id":"https:\/\/noticiasmercedinas.com\/site\/#website"},"primaryImageOfPage":{"@id":"https:\/\/noticiasmercedinas.com\/site\/2026\/04\/25\/mercedes-epicentro-del-karate-nacional-con-un-importante-encuentro-en-el-cef-n-40\/#primaryimage"},"image":{"@id":"https:\/\/noticiasmercedinas.com\/site\/2026\/04\/25\/mercedes-epicentro-del-karate-nacional-con-un-importante-encuentro-en-el-cef-n-40\/#primaryimage"},"thumbnailUrl":"https:\/\/noticiasmercedinas.com\/site\/wp-content\/uploads\/2026\/04\/WhatsApp-Image-2026-04-25-at-4.08.44-PM.jpeg","datePublished":"2026-04-25T19:14:12+00:00","description":"M\u00e1s de un centenar de practicantes de todo el pa\u00eds se dieron cita en el Polideportivo Municipal para el inicio del Encuentro Nacional de la Escuela Miyazato. El intendente Ustarroz encabez\u00f3 la apertura, destacando al deporte como herramienta de inclusi\u00f3n y formaci\u00f3n en valores.","breadcrumb":{"@id":"https:\/\/noticiasmercedinas.com\/site\/2026\/04\/25\/mercedes-epicentro-del-karate-nacional-con-un-importante-encuentro-en-el-cef-n-40\/#breadcrumb"},"inLanguage":"es","potentialAction":[{"@type":"ReadAction","target":["https:\/\/noticiasmercedinas.com\/site\/2026\/04\/25\/mercedes-epicentro-del-karate-nacional-con-un-importante-encuentro-en-el-cef-n-40\/"]}]},{"@type":"ImageObject","inLanguage":"es","@id":"https:\/\/noticiasmercedinas.com\/site\/2026\/04\/25\/mercedes-epicentro-del-karate-nacional-con-un-importante-encuentro-en-el-cef-n-40\/#primaryimage","url":"https:\/\/noticiasmercedinas.com\/site\/wp-content\/uploads\/2026\/04\/WhatsApp-Image-2026-04-25-at-4.08.44-PM.jpeg","contentUrl":"https:\/\/noticiasmercedinas.com\/site\/wp-content\/uploads\/2026\/04\/WhatsApp-Image-2026-04-25-at-4.08.44-PM.jpeg","width":1600,"height":1066},{"@type":"BreadcrumbList","@id":"https:\/\/noticiasmercedinas.com\/site\/2026\/04\/25\/mercedes-epicentro-del-karate-nacional-con-un-importante-encuentro-en-el-cef-n-40\/#breadcrumb","itemListElement":[{"@type":"ListItem","position":1,"name":"Portada","item":"https:\/\/noticiasmercedinas.com\/site\/"},{"@type":"ListItem","position":2,"name":"Mercedes, epicentro del Karate Nacional con un importante encuentro en el CEF N\u00b0 40"}]},{"@type":"WebSite","@id":"https:\/\/noticiasmercedinas.com\/site\/#website","url":"https:\/\/noticiasmercedinas.com\/site\/","name":"NOTICIASMERCEDINAS.COM","description":"Mercedes, Buenos Aires, Argentina","publisher":{"@id":"https:\/\/noticiasmercedinas.com\/site\/#organization"},"potentialAction":[{"@type":"SearchAction","target":{"@type":"EntryPoint","urlTemplate":"https:\/\/noticiasmercedinas.com\/site\/?s={search_term_string}"},"query-input":{"@type":"PropertyValueSpecification","valueRequired":true,"valueName":"search_term_string"}}],"inLanguage":"es"},{"@type":"Organization","@id":"https:\/\/noticiasmercedinas.com\/site\/#organization","name":"NOTICIASMERCEDINAS.COM","url":"https:\/\/noticiasmercedinas.com\/site\/","logo":{"@type":"ImageObject","inLanguage":"es","@id":"https:\/\/noticiasmercedinas.com\/site\/#\/schema\/logo\/image\/","url":"https:\/\/noticiasmercedinas.com\/site\/wp-content\/uploads\/2020\/06\/LOGO-512.jpg","contentUrl":"https:\/\/noticiasmercedinas.com\/site\/wp-content\/uploads\/2020\/06\/LOGO-512.jpg","width":512,"height":512,"caption":"NOTICIASMERCEDINAS.COM"},"image":{"@id":"https:\/\/noticiasmercedinas.com\/site\/#\/schema\/logo\/image\/"},"sameAs":["https:\/\/www.facebook.com\/noticiasmercedinas\/","https:\/\/x.com\/notmercedinas","https:\/\/www.instagram.com\/noticiasmercedinas\/"]},{"@type":"Person","@id":"https:\/\/noticiasmercedinas.com\/site\/#\/schema\/person\/84b59c099c28ff2e8b77d4ceec5d8063","name":"NOTICIASMERCEDINAS.COM","image":{"@type":"ImageObject","inLanguage":"es","@id":"https:\/\/secure.gravatar.com\/avatar\/4dfbf16b4d17945bfb6341b2d19043457132fcf478a5ee04f42e959fd8f5df0a?s=96&d=mm&r=g","url":"https:\/\/secure.gravatar.com\/avatar\/4dfbf16b4d17945bfb6341b2d19043457132fcf478a5ee04f42e959fd8f5df0a?s=96&d=mm&r=g","contentUrl":"https:\/\/secure.gravatar.com\/avatar\/4dfbf16b4d17945bfb6341b2d19043457132fcf478a5ee04f42e959fd8f5df0a?s=96&d=mm&r=g","caption":"NOTICIASMERCEDINAS.COM"},"url":"https:\/\/noticiasmercedinas.com\/site\/author\/anonimo\/"}]}},"amp_enabled":true,"_links":{"self":[{"href":"https:\/\/noticiasmercedinas.com\/site\/wp-json\/wp\/v2\/posts\/185068","targetHints":{"allow":["GET"]}}],"collection":[{"href":"https:\/\/noticiasmercedinas.com\/site\/wp-json\/wp\/v2\/posts"}],"about":[{"href":"https:\/\/noticiasmercedinas.com\/site\/wp-json\/wp\/v2\/types\/post"}],"author":[{"embeddable":true,"href":"https:\/\/noticiasmercedinas.com\/site\/wp-json\/wp\/v2\/users\/16"}],"replies":[{"embeddable":true,"href":"https:\/\/noticiasmercedinas.com\/site\/wp-json\/wp\/v2\/comments?post=185068"}],"version-history":[{"count":1,"href":"https:\/\/noticiasmercedinas.com\/site\/wp-json\/wp\/v2\/posts\/185068\/revisions"}],"predecessor-version":[{"id":185072,"href":"https:\/\/noticiasmercedinas.com\/site\/wp-json\/wp\/v2\/posts\/185068\/revisions\/185072"}],"wp:featuredmedia":[{"embeddable":true,"href":"https:\/\/noticiasmercedinas.com\/site\/wp-json\/wp\/v2\/media\/185071"}],"wp:attachment":[{"href":"https:\/\/noticiasmercedinas.com\/site\/wp-json\/wp\/v2\/media?parent=185068"}],"wp:term":[{"taxonomy":"category","embeddable":true,"href":"https:\/\/noticiasmercedinas.com\/site\/wp-json\/wp\/v2\/categories?post=185068"},{"taxonomy":"post_tag","embeddable":true,"href":"https:\/\/noticiasmercedinas.com\/site\/wp-json\/wp\/v2\/tags?post=185068"}],"curies":[{"name":"wp","href":"https:\/\/api.w.org\/{rel}","templated":true}]}}