{"id":185073,"date":"2026-04-25T17:56:45","date_gmt":"2026-04-25T20:56:45","guid":{"rendered":"https:\/\/noticiasmercedinas.com\/site\/?p=185073"},"modified":"2026-04-25T17:56:45","modified_gmt":"2026-04-25T20:56:45","slug":"muestra-cientifica-y-paleontologica-en-los-120-anos-del-colegio-nacional","status":"publish","type":"post","link":"https:\/\/noticiasmercedinas.com\/site\/2026\/04\/25\/muestra-cientifica-y-paleontologica-en-los-120-anos-del-colegio-nacional\/","title":{"rendered":"Muestra cient\u00edfica y paleontol\u00f3gica en los 120 a\u00f1os del Colegio Nacional"},"content":{"rendered":"<p><img loading=\"lazy\" decoding=\"async\" class=\"alignnone size-full wp-image-185074\" src=\"https:\/\/noticiasmercedinas.com\/site\/wp-content\/uploads\/2026\/04\/cnfs.jpg\" alt=\"\" width=\"640\" height=\"365\" srcset=\"https:\/\/noticiasmercedinas.com\/site\/wp-content\/uploads\/2026\/04\/cnfs.jpg 640w, https:\/\/noticiasmercedinas.com\/site\/wp-content\/uploads\/2026\/04\/cnfs-300x171.jpg 300w\" sizes=\"auto, (max-width: 640px) 100vw, 640px\" \/><\/p>\n<p>El Colegio Nacional Florentino Ameghino se visti\u00f3 de gala este s\u00e1bado para celebrar su 120\u00b0 aniversario, y lo hizo honrando el legado del naturalista que le da nombre. Entre las actividades destacadas, el licenciado Gabriel Acu\u00f1a encabez\u00f3 una muestra cient\u00edfica que permiti\u00f3 a los asistentes conocer de cerca la riqueza arqueol\u00f3gica y paleontol\u00f3gica que esconde el suelo mercedino.<\/p>\n<p>La exposici\u00f3n present\u00f3 materiales recuperados en la cuenca local, espec\u00edficamente en zonas donde el propio Florentino Ameghino trabaj\u00f3 hace m\u00e1s de un siglo. La muestra incluy\u00f3 biogramas de megafauna \u2014explicando especies extintas como megaterios y macrauchenias\u2014, herramientas de excavaci\u00f3n, cer\u00e1mica ind\u00edgena y bibliograf\u00eda especializada producida por los propios investigadores sobre la vida y obra del pr\u00f3cer cient\u00edfico.<\/p>\n<p><strong>La \u00abPlayita de los Huesos\u00bb: un tesoro bajo nuestros pies<\/strong><br \/>\nUno de los puntos m\u00e1s altos de la charla de este medio con Acu\u00f1a fue la revelaci\u00f3n del intenso trabajo de campo que se viene realizando. El especialista destac\u00f3 el sitio denominado \u00abPlayita de los Huesos\u00bb, un yacimiento que ha arrojado resultados sorprendentes en pocos meses.<\/p>\n<p>\u00abDesde fines del a\u00f1o pasado estamos trabajando en este sitio. Le pusimos ese nombre por la cantidad impresionante de material; hasta ahora vamos recuperando 3.400 huesos de 20 especies diferentes\u00bb, detall\u00f3 el licenciado, subrayando que a\u00fan queda \u00abmuch\u00edsimo por descubrir\u00bb en el territorio.<\/p>\n<p><strong>Misterio en el s\u00f3tano: el hallazgo de restos de ballena<\/strong><br \/>\nLa jornada tambi\u00e9n sirvi\u00f3 para arrojar luz sobre una curiosidad hist\u00f3rica del colegio. Durante la organizaci\u00f3n de la muestra, se recuperaron materiales que se encontraban almacenados en el subsuelo del edificio.<\/p>\n<p>A diferencia del resto de la colecci\u00f3n tra\u00edda por los investigadores, se identificaron huesos de ballena que pertenec\u00edan al acervo del colegio pero cuyo origen exacto se desconoc\u00eda. Seg\u00fan las primeras observaciones de Acu\u00f1a, se trata de restos de una ballena juvenil actual, los cuales ahora ser\u00e1n sometidos a estudio para determinar su procedencia y c\u00f3mo llegaron a formar parte del s\u00f3tano de la centenaria instituci\u00f3n.<\/p>\n<p>Para aquellos j\u00f3venes interesados en seguir este camino profesional, Acu\u00f1a recomend\u00f3 la Universidad Nacional de Buenos Aires (UBA) para la carrera de Arqueolog\u00eda, o la Universidad Nacional de Luj\u00e1n (UNLu), donde existe una fuerte articulaci\u00f3n con el equipo local en la orientaci\u00f3n de Biolog\u00eda aplicada a la Paleontolog\u00eda.<\/p>\n<p><img loading=\"lazy\" decoding=\"async\" class=\"alignnone size-full wp-image-185075\" src=\"https:\/\/noticiasmercedinas.com\/site\/wp-content\/uploads\/2026\/04\/hes.jpg\" alt=\"\" width=\"640\" height=\"427\" srcset=\"https:\/\/noticiasmercedinas.com\/site\/wp-content\/uploads\/2026\/04\/hes.jpg 640w, https:\/\/noticiasmercedinas.com\/site\/wp-content\/uploads\/2026\/04\/hes-300x200.jpg 300w\" sizes=\"auto, (max-width: 640px) 100vw, 640px\" \/><\/p>\n","protected":false},"excerpt":{"rendered":"<p>\u25a0 En el marco del aniversario de la instituci\u00f3n, el licenciado Gabriel Acu\u00f1a present\u00f3 hallazgos realizados en la cuenca de Mercedes. La exhibici\u00f3n incluy\u00f3 desde megafauna hasta el sorprendente descubrimiento de restos de ballena en el s\u00f3tano del establecimiento.<\/p>\n","protected":false},"author":16,"featured_media":185074,"comment_status":"closed","ping_status":"closed","sticky":false,"template":"","format":"standard","meta":{"footnotes":""},"categories":[4],"tags":[612,21387,2928],"class_list":["post-185073","post","type-post","status-publish","format-standard","has-post-thumbnail","hentry","category-cultura","tag-colegio-nacional","tag-gabriel-acuna","tag-paleontologia"],"yoast_head":"<!-- This site is optimized with the Yoast SEO plugin v27.4 - https:\/\/yoast.com\/product\/yoast-seo-wordpress\/ -->\n<title>Muestra cient\u00edfica y paleontol\u00f3gica en los 120 a\u00f1os del Colegio Nacional<\/title>\n<meta name=\"description\" content=\"En el marco del aniversario de la instituci\u00f3n, el licenciado Gabriel Acu\u00f1a present\u00f3 hallazgos realizados en la cuenca de Mercedes. La exhibici\u00f3n incluy\u00f3 desde megafauna hasta el sorprendente descubrimiento de restos de ballena en el s\u00f3tano del establecimiento.\" \/>\n<meta name=\"robots\" content=\"index, follow, max-snippet:-1, max-image-preview:large, max-video-preview:-1\" \/>\n<link rel=\"canonical\" href=\"https:\/\/noticiasmercedinas.com\/site\/2026\/04\/25\/muestra-cientifica-y-paleontologica-en-los-120-anos-del-colegio-nacional\/\" \/>\n<meta property=\"og:locale\" content=\"es_ES\" \/>\n<meta property=\"og:type\" content=\"article\" \/>\n<meta property=\"og:title\" content=\"Muestra cient\u00edfica y paleontol\u00f3gica en los 120 a\u00f1os del Colegio Nacional\" \/>\n<meta property=\"og:description\" content=\"En el marco del aniversario de la instituci\u00f3n, el licenciado Gabriel Acu\u00f1a present\u00f3 hallazgos realizados en la cuenca de Mercedes. La exhibici\u00f3n incluy\u00f3 desde megafauna hasta el sorprendente descubrimiento de restos de ballena en el s\u00f3tano del establecimiento.\" \/>\n<meta property=\"og:url\" content=\"https:\/\/noticiasmercedinas.com\/site\/2026\/04\/25\/muestra-cientifica-y-paleontologica-en-los-120-anos-del-colegio-nacional\/\" \/>\n<meta property=\"og:site_name\" content=\"NOTICIASMERCEDINAS.COM\" \/>\n<meta property=\"article:publisher\" content=\"https:\/\/www.facebook.com\/noticiasmercedinas\/\" \/>\n<meta property=\"article:published_time\" content=\"2026-04-25T20:56:45+00:00\" \/>\n<meta property=\"og:image\" content=\"https:\/\/noticiasmercedinas.com\/site\/wp-content\/uploads\/2026\/04\/cnfs.jpg\" \/>\n\t<meta property=\"og:image:width\" content=\"640\" \/>\n\t<meta property=\"og:image:height\" content=\"365\" \/>\n\t<meta property=\"og:image:type\" content=\"image\/jpeg\" \/>\n<meta name=\"author\" content=\"NOTICIASMERCEDINAS.COM\" \/>\n<meta name=\"twitter:card\" content=\"summary_large_image\" \/>\n<meta name=\"twitter:creator\" content=\"@notmercedinas\" \/>\n<meta name=\"twitter:site\" content=\"@notmercedinas\" \/>\n<meta name=\"twitter:label1\" content=\"Escrito por\" \/>\n\t<meta name=\"twitter:data1\" content=\"NOTICIASMERCEDINAS.COM\" \/>\n\t<meta name=\"twitter:label2\" content=\"Tiempo de lectura\" \/>\n\t<meta name=\"twitter:data2\" content=\"3 minutos\" \/>\n<script type=\"application\/ld+json\" class=\"yoast-schema-graph\">{\"@context\":\"https:\\\/\\\/schema.org\",\"@graph\":[{\"@type\":\"Article\",\"@id\":\"https:\\\/\\\/noticiasmercedinas.com\\\/site\\\/2026\\\/04\\\/25\\\/muestra-cientifica-y-paleontologica-en-los-120-anos-del-colegio-nacional\\\/#article\",\"isPartOf\":{\"@id\":\"https:\\\/\\\/noticiasmercedinas.com\\\/site\\\/2026\\\/04\\\/25\\\/muestra-cientifica-y-paleontologica-en-los-120-anos-del-colegio-nacional\\\/\"},\"author\":{\"name\":\"NOTICIASMERCEDINAS.COM\",\"@id\":\"https:\\\/\\\/noticiasmercedinas.com\\\/site\\\/#\\\/schema\\\/person\\\/84b59c099c28ff2e8b77d4ceec5d8063\"},\"headline\":\"Muestra cient\u00edfica y paleontol\u00f3gica en los 120 a\u00f1os del Colegio Nacional\",\"datePublished\":\"2026-04-25T20:56:45+00:00\",\"mainEntityOfPage\":{\"@id\":\"https:\\\/\\\/noticiasmercedinas.com\\\/site\\\/2026\\\/04\\\/25\\\/muestra-cientifica-y-paleontologica-en-los-120-anos-del-colegio-nacional\\\/\"},\"wordCount\":421,\"publisher\":{\"@id\":\"https:\\\/\\\/noticiasmercedinas.com\\\/site\\\/#organization\"},\"image\":{\"@id\":\"https:\\\/\\\/noticiasmercedinas.com\\\/site\\\/2026\\\/04\\\/25\\\/muestra-cientifica-y-paleontologica-en-los-120-anos-del-colegio-nacional\\\/#primaryimage\"},\"thumbnailUrl\":\"https:\\\/\\\/noticiasmercedinas.com\\\/site\\\/wp-content\\\/uploads\\\/2026\\\/04\\\/cnfs.jpg\",\"keywords\":[\"colegio nacional\",\"Gabriel Acu\u00f1a\",\"paleontologia\"],\"articleSection\":[\"Cultura\"],\"inLanguage\":\"es\"},{\"@type\":\"WebPage\",\"@id\":\"https:\\\/\\\/noticiasmercedinas.com\\\/site\\\/2026\\\/04\\\/25\\\/muestra-cientifica-y-paleontologica-en-los-120-anos-del-colegio-nacional\\\/\",\"url\":\"https:\\\/\\\/noticiasmercedinas.com\\\/site\\\/2026\\\/04\\\/25\\\/muestra-cientifica-y-paleontologica-en-los-120-anos-del-colegio-nacional\\\/\",\"name\":\"Muestra cient\u00edfica y paleontol\u00f3gica en los 120 a\u00f1os del Colegio Nacional\",\"isPartOf\":{\"@id\":\"https:\\\/\\\/noticiasmercedinas.com\\\/site\\\/#website\"},\"primaryImageOfPage\":{\"@id\":\"https:\\\/\\\/noticiasmercedinas.com\\\/site\\\/2026\\\/04\\\/25\\\/muestra-cientifica-y-paleontologica-en-los-120-anos-del-colegio-nacional\\\/#primaryimage\"},\"image\":{\"@id\":\"https:\\\/\\\/noticiasmercedinas.com\\\/site\\\/2026\\\/04\\\/25\\\/muestra-cientifica-y-paleontologica-en-los-120-anos-del-colegio-nacional\\\/#primaryimage\"},\"thumbnailUrl\":\"https:\\\/\\\/noticiasmercedinas.com\\\/site\\\/wp-content\\\/uploads\\\/2026\\\/04\\\/cnfs.jpg\",\"datePublished\":\"2026-04-25T20:56:45+00:00\",\"description\":\"En el marco del aniversario de la instituci\u00f3n, el licenciado Gabriel Acu\u00f1a present\u00f3 hallazgos realizados en la cuenca de Mercedes. La exhibici\u00f3n incluy\u00f3 desde megafauna hasta el sorprendente descubrimiento de restos de ballena en el s\u00f3tano del establecimiento.\",\"breadcrumb\":{\"@id\":\"https:\\\/\\\/noticiasmercedinas.com\\\/site\\\/2026\\\/04\\\/25\\\/muestra-cientifica-y-paleontologica-en-los-120-anos-del-colegio-nacional\\\/#breadcrumb\"},\"inLanguage\":\"es\",\"potentialAction\":[{\"@type\":\"ReadAction\",\"target\":[\"https:\\\/\\\/noticiasmercedinas.com\\\/site\\\/2026\\\/04\\\/25\\\/muestra-cientifica-y-paleontologica-en-los-120-anos-del-colegio-nacional\\\/\"]}]},{\"@type\":\"ImageObject\",\"inLanguage\":\"es\",\"@id\":\"https:\\\/\\\/noticiasmercedinas.com\\\/site\\\/2026\\\/04\\\/25\\\/muestra-cientifica-y-paleontologica-en-los-120-anos-del-colegio-nacional\\\/#primaryimage\",\"url\":\"https:\\\/\\\/noticiasmercedinas.com\\\/site\\\/wp-content\\\/uploads\\\/2026\\\/04\\\/cnfs.jpg\",\"contentUrl\":\"https:\\\/\\\/noticiasmercedinas.com\\\/site\\\/wp-content\\\/uploads\\\/2026\\\/04\\\/cnfs.jpg\",\"width\":640,\"height\":365},{\"@type\":\"BreadcrumbList\",\"@id\":\"https:\\\/\\\/noticiasmercedinas.com\\\/site\\\/2026\\\/04\\\/25\\\/muestra-cientifica-y-paleontologica-en-los-120-anos-del-colegio-nacional\\\/#breadcrumb\",\"itemListElement\":[{\"@type\":\"ListItem\",\"position\":1,\"name\":\"Portada\",\"item\":\"https:\\\/\\\/noticiasmercedinas.com\\\/site\\\/\"},{\"@type\":\"ListItem\",\"position\":2,\"name\":\"Muestra cient\u00edfica y paleontol\u00f3gica en los 120 a\u00f1os del Colegio Nacional\"}]},{\"@type\":\"WebSite\",\"@id\":\"https:\\\/\\\/noticiasmercedinas.com\\\/site\\\/#website\",\"url\":\"https:\\\/\\\/noticiasmercedinas.com\\\/site\\\/\",\"name\":\"NOTICIASMERCEDINAS.COM\",\"description\":\"Mercedes, Buenos Aires, Argentina\",\"publisher\":{\"@id\":\"https:\\\/\\\/noticiasmercedinas.com\\\/site\\\/#organization\"},\"potentialAction\":[{\"@type\":\"SearchAction\",\"target\":{\"@type\":\"EntryPoint\",\"urlTemplate\":\"https:\\\/\\\/noticiasmercedinas.com\\\/site\\\/?s={search_term_string}\"},\"query-input\":{\"@type\":\"PropertyValueSpecification\",\"valueRequired\":true,\"valueName\":\"search_term_string\"}}],\"inLanguage\":\"es\"},{\"@type\":\"Organization\",\"@id\":\"https:\\\/\\\/noticiasmercedinas.com\\\/site\\\/#organization\",\"name\":\"NOTICIASMERCEDINAS.COM\",\"url\":\"https:\\\/\\\/noticiasmercedinas.com\\\/site\\\/\",\"logo\":{\"@type\":\"ImageObject\",\"inLanguage\":\"es\",\"@id\":\"https:\\\/\\\/noticiasmercedinas.com\\\/site\\\/#\\\/schema\\\/logo\\\/image\\\/\",\"url\":\"https:\\\/\\\/noticiasmercedinas.com\\\/site\\\/wp-content\\\/uploads\\\/2020\\\/06\\\/LOGO-512.jpg\",\"contentUrl\":\"https:\\\/\\\/noticiasmercedinas.com\\\/site\\\/wp-content\\\/uploads\\\/2020\\\/06\\\/LOGO-512.jpg\",\"width\":512,\"height\":512,\"caption\":\"NOTICIASMERCEDINAS.COM\"},\"image\":{\"@id\":\"https:\\\/\\\/noticiasmercedinas.com\\\/site\\\/#\\\/schema\\\/logo\\\/image\\\/\"},\"sameAs\":[\"https:\\\/\\\/www.facebook.com\\\/noticiasmercedinas\\\/\",\"https:\\\/\\\/x.com\\\/notmercedinas\",\"https:\\\/\\\/www.instagram.com\\\/noticiasmercedinas\\\/\"]},{\"@type\":\"Person\",\"@id\":\"https:\\\/\\\/noticiasmercedinas.com\\\/site\\\/#\\\/schema\\\/person\\\/84b59c099c28ff2e8b77d4ceec5d8063\",\"name\":\"NOTICIASMERCEDINAS.COM\",\"image\":{\"@type\":\"ImageObject\",\"inLanguage\":\"es\",\"@id\":\"https:\\\/\\\/secure.gravatar.com\\\/avatar\\\/4dfbf16b4d17945bfb6341b2d19043457132fcf478a5ee04f42e959fd8f5df0a?s=96&d=mm&r=g\",\"url\":\"https:\\\/\\\/secure.gravatar.com\\\/avatar\\\/4dfbf16b4d17945bfb6341b2d19043457132fcf478a5ee04f42e959fd8f5df0a?s=96&d=mm&r=g\",\"contentUrl\":\"https:\\\/\\\/secure.gravatar.com\\\/avatar\\\/4dfbf16b4d17945bfb6341b2d19043457132fcf478a5ee04f42e959fd8f5df0a?s=96&d=mm&r=g\",\"caption\":\"NOTICIASMERCEDINAS.COM\"},\"url\":\"https:\\\/\\\/noticiasmercedinas.com\\\/site\\\/author\\\/anonimo\\\/\"}]}<\/script>\n<!-- \/ Yoast SEO plugin. -->","yoast_head_json":{"title":"Muestra cient\u00edfica y paleontol\u00f3gica en los 120 a\u00f1os del Colegio Nacional","description":"En el marco del aniversario de la instituci\u00f3n, el licenciado Gabriel Acu\u00f1a present\u00f3 hallazgos realizados en la cuenca de Mercedes. La exhibici\u00f3n incluy\u00f3 desde megafauna hasta el sorprendente descubrimiento de restos de ballena en el s\u00f3tano del establecimiento.","robots":{"index":"index","follow":"follow","max-snippet":"max-snippet:-1","max-image-preview":"max-image-preview:large","max-video-preview":"max-video-preview:-1"},"canonical":"https:\/\/noticiasmercedinas.com\/site\/2026\/04\/25\/muestra-cientifica-y-paleontologica-en-los-120-anos-del-colegio-nacional\/","og_locale":"es_ES","og_type":"article","og_title":"Muestra cient\u00edfica y paleontol\u00f3gica en los 120 a\u00f1os del Colegio Nacional","og_description":"En el marco del aniversario de la instituci\u00f3n, el licenciado Gabriel Acu\u00f1a present\u00f3 hallazgos realizados en la cuenca de Mercedes. La exhibici\u00f3n incluy\u00f3 desde megafauna hasta el sorprendente descubrimiento de restos de ballena en el s\u00f3tano del establecimiento.","og_url":"https:\/\/noticiasmercedinas.com\/site\/2026\/04\/25\/muestra-cientifica-y-paleontologica-en-los-120-anos-del-colegio-nacional\/","og_site_name":"NOTICIASMERCEDINAS.COM","article_publisher":"https:\/\/www.facebook.com\/noticiasmercedinas\/","article_published_time":"2026-04-25T20:56:45+00:00","og_image":[{"width":640,"height":365,"url":"https:\/\/noticiasmercedinas.com\/site\/wp-content\/uploads\/2026\/04\/cnfs.jpg","type":"image\/jpeg"}],"author":"NOTICIASMERCEDINAS.COM","twitter_card":"summary_large_image","twitter_creator":"@notmercedinas","twitter_site":"@notmercedinas","twitter_misc":{"Escrito por":"NOTICIASMERCEDINAS.COM","Tiempo de lectura":"3 minutos"},"schema":{"@context":"https:\/\/schema.org","@graph":[{"@type":"Article","@id":"https:\/\/noticiasmercedinas.com\/site\/2026\/04\/25\/muestra-cientifica-y-paleontologica-en-los-120-anos-del-colegio-nacional\/#article","isPartOf":{"@id":"https:\/\/noticiasmercedinas.com\/site\/2026\/04\/25\/muestra-cientifica-y-paleontologica-en-los-120-anos-del-colegio-nacional\/"},"author":{"name":"NOTICIASMERCEDINAS.COM","@id":"https:\/\/noticiasmercedinas.com\/site\/#\/schema\/person\/84b59c099c28ff2e8b77d4ceec5d8063"},"headline":"Muestra cient\u00edfica y paleontol\u00f3gica en los 120 a\u00f1os del Colegio Nacional","datePublished":"2026-04-25T20:56:45+00:00","mainEntityOfPage":{"@id":"https:\/\/noticiasmercedinas.com\/site\/2026\/04\/25\/muestra-cientifica-y-paleontologica-en-los-120-anos-del-colegio-nacional\/"},"wordCount":421,"publisher":{"@id":"https:\/\/noticiasmercedinas.com\/site\/#organization"},"image":{"@id":"https:\/\/noticiasmercedinas.com\/site\/2026\/04\/25\/muestra-cientifica-y-paleontologica-en-los-120-anos-del-colegio-nacional\/#primaryimage"},"thumbnailUrl":"https:\/\/noticiasmercedinas.com\/site\/wp-content\/uploads\/2026\/04\/cnfs.jpg","keywords":["colegio nacional","Gabriel Acu\u00f1a","paleontologia"],"articleSection":["Cultura"],"inLanguage":"es"},{"@type":"WebPage","@id":"https:\/\/noticiasmercedinas.com\/site\/2026\/04\/25\/muestra-cientifica-y-paleontologica-en-los-120-anos-del-colegio-nacional\/","url":"https:\/\/noticiasmercedinas.com\/site\/2026\/04\/25\/muestra-cientifica-y-paleontologica-en-los-120-anos-del-colegio-nacional\/","name":"Muestra cient\u00edfica y paleontol\u00f3gica en los 120 a\u00f1os del Colegio Nacional","isPartOf":{"@id":"https:\/\/noticiasmercedinas.com\/site\/#website"},"primaryImageOfPage":{"@id":"https:\/\/noticiasmercedinas.com\/site\/2026\/04\/25\/muestra-cientifica-y-paleontologica-en-los-120-anos-del-colegio-nacional\/#primaryimage"},"image":{"@id":"https:\/\/noticiasmercedinas.com\/site\/2026\/04\/25\/muestra-cientifica-y-paleontologica-en-los-120-anos-del-colegio-nacional\/#primaryimage"},"thumbnailUrl":"https:\/\/noticiasmercedinas.com\/site\/wp-content\/uploads\/2026\/04\/cnfs.jpg","datePublished":"2026-04-25T20:56:45+00:00","description":"En el marco del aniversario de la instituci\u00f3n, el licenciado Gabriel Acu\u00f1a present\u00f3 hallazgos realizados en la cuenca de Mercedes. La exhibici\u00f3n incluy\u00f3 desde megafauna hasta el sorprendente descubrimiento de restos de ballena en el s\u00f3tano del establecimiento.","breadcrumb":{"@id":"https:\/\/noticiasmercedinas.com\/site\/2026\/04\/25\/muestra-cientifica-y-paleontologica-en-los-120-anos-del-colegio-nacional\/#breadcrumb"},"inLanguage":"es","potentialAction":[{"@type":"ReadAction","target":["https:\/\/noticiasmercedinas.com\/site\/2026\/04\/25\/muestra-cientifica-y-paleontologica-en-los-120-anos-del-colegio-nacional\/"]}]},{"@type":"ImageObject","inLanguage":"es","@id":"https:\/\/noticiasmercedinas.com\/site\/2026\/04\/25\/muestra-cientifica-y-paleontologica-en-los-120-anos-del-colegio-nacional\/#primaryimage","url":"https:\/\/noticiasmercedinas.com\/site\/wp-content\/uploads\/2026\/04\/cnfs.jpg","contentUrl":"https:\/\/noticiasmercedinas.com\/site\/wp-content\/uploads\/2026\/04\/cnfs.jpg","width":640,"height":365},{"@type":"BreadcrumbList","@id":"https:\/\/noticiasmercedinas.com\/site\/2026\/04\/25\/muestra-cientifica-y-paleontologica-en-los-120-anos-del-colegio-nacional\/#breadcrumb","itemListElement":[{"@type":"ListItem","position":1,"name":"Portada","item":"https:\/\/noticiasmercedinas.com\/site\/"},{"@type":"ListItem","position":2,"name":"Muestra cient\u00edfica y paleontol\u00f3gica en los 120 a\u00f1os del Colegio Nacional"}]},{"@type":"WebSite","@id":"https:\/\/noticiasmercedinas.com\/site\/#website","url":"https:\/\/noticiasmercedinas.com\/site\/","name":"NOTICIASMERCEDINAS.COM","description":"Mercedes, Buenos Aires, Argentina","publisher":{"@id":"https:\/\/noticiasmercedinas.com\/site\/#organization"},"potentialAction":[{"@type":"SearchAction","target":{"@type":"EntryPoint","urlTemplate":"https:\/\/noticiasmercedinas.com\/site\/?s={search_term_string}"},"query-input":{"@type":"PropertyValueSpecification","valueRequired":true,"valueName":"search_term_string"}}],"inLanguage":"es"},{"@type":"Organization","@id":"https:\/\/noticiasmercedinas.com\/site\/#organization","name":"NOTICIASMERCEDINAS.COM","url":"https:\/\/noticiasmercedinas.com\/site\/","logo":{"@type":"ImageObject","inLanguage":"es","@id":"https:\/\/noticiasmercedinas.com\/site\/#\/schema\/logo\/image\/","url":"https:\/\/noticiasmercedinas.com\/site\/wp-content\/uploads\/2020\/06\/LOGO-512.jpg","contentUrl":"https:\/\/noticiasmercedinas.com\/site\/wp-content\/uploads\/2020\/06\/LOGO-512.jpg","width":512,"height":512,"caption":"NOTICIASMERCEDINAS.COM"},"image":{"@id":"https:\/\/noticiasmercedinas.com\/site\/#\/schema\/logo\/image\/"},"sameAs":["https:\/\/www.facebook.com\/noticiasmercedinas\/","https:\/\/x.com\/notmercedinas","https:\/\/www.instagram.com\/noticiasmercedinas\/"]},{"@type":"Person","@id":"https:\/\/noticiasmercedinas.com\/site\/#\/schema\/person\/84b59c099c28ff2e8b77d4ceec5d8063","name":"NOTICIASMERCEDINAS.COM","image":{"@type":"ImageObject","inLanguage":"es","@id":"https:\/\/secure.gravatar.com\/avatar\/4dfbf16b4d17945bfb6341b2d19043457132fcf478a5ee04f42e959fd8f5df0a?s=96&d=mm&r=g","url":"https:\/\/secure.gravatar.com\/avatar\/4dfbf16b4d17945bfb6341b2d19043457132fcf478a5ee04f42e959fd8f5df0a?s=96&d=mm&r=g","contentUrl":"https:\/\/secure.gravatar.com\/avatar\/4dfbf16b4d17945bfb6341b2d19043457132fcf478a5ee04f42e959fd8f5df0a?s=96&d=mm&r=g","caption":"NOTICIASMERCEDINAS.COM"},"url":"https:\/\/noticiasmercedinas.com\/site\/author\/anonimo\/"}]}},"amp_enabled":true,"_links":{"self":[{"href":"https:\/\/noticiasmercedinas.com\/site\/wp-json\/wp\/v2\/posts\/185073","targetHints":{"allow":["GET"]}}],"collection":[{"href":"https:\/\/noticiasmercedinas.com\/site\/wp-json\/wp\/v2\/posts"}],"about":[{"href":"https:\/\/noticiasmercedinas.com\/site\/wp-json\/wp\/v2\/types\/post"}],"author":[{"embeddable":true,"href":"https:\/\/noticiasmercedinas.com\/site\/wp-json\/wp\/v2\/users\/16"}],"replies":[{"embeddable":true,"href":"https:\/\/noticiasmercedinas.com\/site\/wp-json\/wp\/v2\/comments?post=185073"}],"version-history":[{"count":1,"href":"https:\/\/noticiasmercedinas.com\/site\/wp-json\/wp\/v2\/posts\/185073\/revisions"}],"predecessor-version":[{"id":185076,"href":"https:\/\/noticiasmercedinas.com\/site\/wp-json\/wp\/v2\/posts\/185073\/revisions\/185076"}],"wp:featuredmedia":[{"embeddable":true,"href":"https:\/\/noticiasmercedinas.com\/site\/wp-json\/wp\/v2\/media\/185074"}],"wp:attachment":[{"href":"https:\/\/noticiasmercedinas.com\/site\/wp-json\/wp\/v2\/media?parent=185073"}],"wp:term":[{"taxonomy":"category","embeddable":true,"href":"https:\/\/noticiasmercedinas.com\/site\/wp-json\/wp\/v2\/categories?post=185073"},{"taxonomy":"post_tag","embeddable":true,"href":"https:\/\/noticiasmercedinas.com\/site\/wp-json\/wp\/v2\/tags?post=185073"}],"curies":[{"name":"wp","href":"https:\/\/api.w.org\/{rel}","templated":true}]}}