{"id":185077,"date":"2026-04-25T19:02:41","date_gmt":"2026-04-25T22:02:41","guid":{"rendered":"https:\/\/noticiasmercedinas.com\/site\/?p=185077"},"modified":"2026-04-25T19:02:41","modified_gmt":"2026-04-25T22:02:41","slug":"este-domingo-juegan-por-primera-vez-sacachispas-y-club-mercedes","status":"publish","type":"post","link":"https:\/\/noticiasmercedinas.com\/site\/2026\/04\/25\/este-domingo-juegan-por-primera-vez-sacachispas-y-club-mercedes\/","title":{"rendered":"Este domingo juegan por primera vez Sacachispas y Club Mercedes"},"content":{"rendered":"<figure id=\"attachment_185078\" aria-describedby=\"caption-attachment-185078\" style=\"width: 640px\" class=\"wp-caption alignnone\"><img loading=\"lazy\" decoding=\"async\" class=\"wp-image-185078 size-full\" src=\"https:\/\/noticiasmercedinas.com\/site\/wp-content\/uploads\/2026\/04\/IMG_1098.jpg\" alt=\"\" width=\"640\" height=\"379\" srcset=\"https:\/\/noticiasmercedinas.com\/site\/wp-content\/uploads\/2026\/04\/IMG_1098.jpg 640w, https:\/\/noticiasmercedinas.com\/site\/wp-content\/uploads\/2026\/04\/IMG_1098-300x178.jpg 300w\" sizes=\"auto, (max-width: 640px) 100vw, 640px\" \/><figcaption id=\"caption-attachment-185078\" class=\"wp-caption-text\">Club Mercedes se entren\u00f3 pensando en lo que viene.<\/figcaption><\/figure>\n<p>La novena fecha de la Primera C comenz\u00f3 este s\u00e1bado 25, teniendo su partido Club Mercedes este domingo 26 cuando le corresponda ser visitante de Sacachispas. Partido que se jugar\u00e1 desde las 15.30 horas en el Larrosa de Villa Soldati (Buenos Aires), siendo la primera vez en la historia en que se enfrenten los dos por un torneo de AFA. El \u201cLila\u201d viene de 4-3 sobre Deportivo Espa\u00f1ol, marchando segundo en la Zona A con 15 puntos.<\/p>\n<p>El \u201cBlanquinegro\u201d viene de empatar sin goles ante Claypole, ubic\u00e1ndose sexto con 12 puntos, lo que al momento le permite estar en zona de reducido. Con una campa\u00f1a m\u00e1s que aceptable el equipo de Oscar Mena a entrenado durante la semana hasta la ma\u00f1ana de hoy. Ya el domingo 26 los convocados almorzar\u00e1n en la sede para emprender el viaje a la ciudad de Buenos Aires en horas del mediod\u00eda.<\/p>\n<p><img loading=\"lazy\" decoding=\"async\" class=\"alignnone size-full wp-image-185079\" src=\"https:\/\/noticiasmercedinas.com\/site\/wp-content\/uploads\/2026\/04\/IMG_1067.jpg\" alt=\"\" width=\"640\" height=\"427\" srcset=\"https:\/\/noticiasmercedinas.com\/site\/wp-content\/uploads\/2026\/04\/IMG_1067.jpg 640w, https:\/\/noticiasmercedinas.com\/site\/wp-content\/uploads\/2026\/04\/IMG_1067-300x200.jpg 300w\" sizes=\"auto, (max-width: 640px) 100vw, 640px\" \/><\/p>\n<p>Citados: Kevin Semeniuk e Iv\u00e1n Casco (arqueros). \u00a0Facundo Alani, Hern\u00e1n Pineda, Thom\u00e1s Bentancor, Mart\u00edn Zuccaro, M\u00e1ximo Chan y Rodrigo Torres (defensores). Franco Ortigosa, Maximiliano Pighin, Juan Manuel Culio, Tom\u00e1s Chaparro, Gonzalo Ca\u00f1ete, Dante D\u00edaz, Tom\u00e1s Acosta y Juan Rom\u00e1n L\u00f3pez (volantes). Lisandro S\u00e1nchez Olmos, Mateo Blanco, Leandro Amado y Francisco Ruiz (delanteros).<\/p>\n<p><strong>Zona A<br \/>\nJuventud Unida 2:<\/strong> Maximiliano Paredes2.<br \/>\n<strong>Deportivo Paraguayo 3:<\/strong> Rolando Gonz\u00e1lez 2 y Camilo Cardona de penal.<\/p>\n<p><strong>Argentino (Rosario) 1:<\/strong> Milton Esp\u00edndola.<br \/>\n<strong>JJ Urquiza 1:<\/strong> Gast\u00f3n Cueto.<\/p>\n<p><strong>Lugano 2:<\/strong> Rodrigo Soria y Gabriel Urruch\u00faa.<br \/>\n<strong>Leandro N. Alem 2:<\/strong> Ezequiel Abal y Alan Cristeff.<\/p>\n<p><img loading=\"lazy\" decoding=\"async\" class=\"alignnone size-full wp-image-185080\" src=\"https:\/\/noticiasmercedinas.com\/site\/wp-content\/uploads\/2026\/04\/IMG_1075.jpg\" alt=\"\" width=\"640\" height=\"427\" srcset=\"https:\/\/noticiasmercedinas.com\/site\/wp-content\/uploads\/2026\/04\/IMG_1075.jpg 640w, https:\/\/noticiasmercedinas.com\/site\/wp-content\/uploads\/2026\/04\/IMG_1075-300x200.jpg 300w\" sizes=\"auto, (max-width: 640px) 100vw, 640px\" \/><br \/>\n<strong><br \/>\nDomingo 26<\/strong><br \/>\nA las 15.30 Sacachispas vs. Club Mercedes.<br \/>\n<strong>\u00c1rbitro:<\/strong> Gonzalo Correa.<br \/>\n<strong>Asistente 1:<\/strong> Felipe Arrechea.<br \/>\n<strong>Asistente 2:<\/strong> Joaqu\u00edn Fraga.<br \/>\n<strong>Cuarto \u00e1rbitro:<\/strong> Tom\u00e1s Aybar.<\/p>\n<p>A las 15.30 Defensores de Cambaceres vs. Puerto Nuevo.<br \/>\nA las 15.30 Estrella del Sur vs. Centro Espa\u00f1ol.<\/p>\n<p><strong>Lunes 27<\/strong><br \/>\nA las 15.30 Berazategui vs. Victoriano Arenas.<\/p>\n<p><strong>Zona B<\/strong><br \/>\n<strong>Atlas 1:<\/strong> Gustavo Britos.<br \/>\n<strong>Yupanqui 0<\/strong>.<\/p>\n<p><strong>General Lamadrid 1<\/strong>: Alejo Roa de penal.<br \/>\n<strong>Deportivo Mu\u00f1iz 1:<\/strong> Rodrigo G\u00f3mez.<br \/>\n<strong><br \/>\nLeones FC 1:<\/strong> Mario Senra.<br \/>\n<strong>Ca\u00f1uelas 1:<\/strong> Diego Aguirre.<\/p>\n<p><img loading=\"lazy\" decoding=\"async\" class=\"alignnone size-full wp-image-185081\" src=\"https:\/\/noticiasmercedinas.com\/site\/wp-content\/uploads\/2026\/04\/Primera-C-2026-2.jpg\" alt=\"\" width=\"640\" height=\"814\" srcset=\"https:\/\/noticiasmercedinas.com\/site\/wp-content\/uploads\/2026\/04\/Primera-C-2026-2.jpg 640w, https:\/\/noticiasmercedinas.com\/site\/wp-content\/uploads\/2026\/04\/Primera-C-2026-2-236x300.jpg 236w\" sizes=\"auto, (max-width: 640px) 100vw, 640px\" \/><br \/>\n<strong><br \/>\nDomingo 26<\/strong><br \/>\nA las 15.30 Luj\u00e1n vs. Deportivo Espa\u00f1ol.<br \/>\nA las 15.30 F\u00e9nix vs. Claypole (en Deportivo Merlo).<\/p>\n<p><strong>Lunes 27<\/strong><br \/>\nA las 15.30 Sportivo Barracas vs. Central C\u00f3rdoba.<br \/>\nA las 15.30 Central Ballester vs. F\u00e9nix.<\/p>\n","protected":false},"excerpt":{"rendered":"<p>\u25a0 Desde la 15.30 horas ser\u00e1 el partido por la Primera C de la AFA. Se disputar\u00e1 en el barrio de Villa Soldati, Buenos Aires. La novena fecha comenz\u00f3 este s\u00e1bado 25.<\/p>\n","protected":false},"author":6,"featured_media":185078,"comment_status":"closed","ping_status":"closed","sticky":false,"template":"","format":"standard","meta":{"footnotes":""},"categories":[5],"tags":[6424,22084],"class_list":["post-185077","post","type-post","status-publish","format-standard","has-post-thumbnail","hentry","category-deportes","tag-afa","tag-primar-c"],"yoast_head":"<!-- This site is optimized with the Yoast SEO plugin v27.4 - https:\/\/yoast.com\/product\/yoast-seo-wordpress\/ -->\n<title>Este domingo juegan por primera vez Sacachispas y Club Mercedes<\/title>\n<meta name=\"robots\" content=\"index, follow, max-snippet:-1, max-image-preview:large, max-video-preview:-1\" \/>\n<link rel=\"canonical\" href=\"https:\/\/noticiasmercedinas.com\/site\/2026\/04\/25\/este-domingo-juegan-por-primera-vez-sacachispas-y-club-mercedes\/\" \/>\n<meta property=\"og:locale\" content=\"es_ES\" \/>\n<meta property=\"og:type\" content=\"article\" \/>\n<meta property=\"og:title\" content=\"Este domingo juegan por primera vez Sacachispas y Club Mercedes\" \/>\n<meta property=\"og:description\" content=\"\u25a0 Desde la 15.30 horas ser\u00e1 el partido por la Primera C de la AFA. Se disputar\u00e1 en el barrio de Villa Soldati, Buenos Aires. La novena fecha comenz\u00f3 este s\u00e1bado 25.\" \/>\n<meta property=\"og:url\" content=\"https:\/\/noticiasmercedinas.com\/site\/2026\/04\/25\/este-domingo-juegan-por-primera-vez-sacachispas-y-club-mercedes\/\" \/>\n<meta property=\"og:site_name\" content=\"NOTICIASMERCEDINAS.COM\" \/>\n<meta property=\"article:publisher\" content=\"https:\/\/www.facebook.com\/noticiasmercedinas\/\" \/>\n<meta property=\"article:published_time\" content=\"2026-04-25T22:02:41+00:00\" \/>\n<meta property=\"og:image\" content=\"https:\/\/noticiasmercedinas.com\/site\/wp-content\/uploads\/2026\/04\/IMG_1098.jpg\" \/>\n\t<meta property=\"og:image:width\" content=\"640\" \/>\n\t<meta property=\"og:image:height\" content=\"379\" \/>\n\t<meta property=\"og:image:type\" content=\"image\/jpeg\" \/>\n<meta name=\"author\" content=\"Juan Dagnino NOTICIASMERCEDINAS.COM\" \/>\n<meta name=\"twitter:card\" content=\"summary_large_image\" \/>\n<meta name=\"twitter:creator\" content=\"@notmercedinas\" \/>\n<meta name=\"twitter:site\" content=\"@notmercedinas\" \/>\n<meta name=\"twitter:label1\" content=\"Escrito por\" \/>\n\t<meta name=\"twitter:data1\" content=\"Juan Dagnino NOTICIASMERCEDINAS.COM\" \/>\n\t<meta name=\"twitter:label2\" content=\"Tiempo de lectura\" \/>\n\t<meta name=\"twitter:data2\" content=\"3 minutos\" \/>\n<script type=\"application\/ld+json\" class=\"yoast-schema-graph\">{\"@context\":\"https:\\\/\\\/schema.org\",\"@graph\":[{\"@type\":\"Article\",\"@id\":\"https:\\\/\\\/noticiasmercedinas.com\\\/site\\\/2026\\\/04\\\/25\\\/este-domingo-juegan-por-primera-vez-sacachispas-y-club-mercedes\\\/#article\",\"isPartOf\":{\"@id\":\"https:\\\/\\\/noticiasmercedinas.com\\\/site\\\/2026\\\/04\\\/25\\\/este-domingo-juegan-por-primera-vez-sacachispas-y-club-mercedes\\\/\"},\"author\":{\"name\":\"Juan Dagnino NOTICIASMERCEDINAS.COM\",\"@id\":\"https:\\\/\\\/noticiasmercedinas.com\\\/site\\\/#\\\/schema\\\/person\\\/8f2f09d666ef40986eba4a5e6f2a06f9\"},\"headline\":\"Este domingo juegan por primera vez Sacachispas y Club Mercedes\",\"datePublished\":\"2026-04-25T22:02:41+00:00\",\"mainEntityOfPage\":{\"@id\":\"https:\\\/\\\/noticiasmercedinas.com\\\/site\\\/2026\\\/04\\\/25\\\/este-domingo-juegan-por-primera-vez-sacachispas-y-club-mercedes\\\/\"},\"wordCount\":386,\"publisher\":{\"@id\":\"https:\\\/\\\/noticiasmercedinas.com\\\/site\\\/#organization\"},\"image\":{\"@id\":\"https:\\\/\\\/noticiasmercedinas.com\\\/site\\\/2026\\\/04\\\/25\\\/este-domingo-juegan-por-primera-vez-sacachispas-y-club-mercedes\\\/#primaryimage\"},\"thumbnailUrl\":\"https:\\\/\\\/noticiasmercedinas.com\\\/site\\\/wp-content\\\/uploads\\\/2026\\\/04\\\/IMG_1098.jpg\",\"keywords\":[\"AFA\",\"Primar C\"],\"articleSection\":[\"Deportes\"],\"inLanguage\":\"es\"},{\"@type\":\"WebPage\",\"@id\":\"https:\\\/\\\/noticiasmercedinas.com\\\/site\\\/2026\\\/04\\\/25\\\/este-domingo-juegan-por-primera-vez-sacachispas-y-club-mercedes\\\/\",\"url\":\"https:\\\/\\\/noticiasmercedinas.com\\\/site\\\/2026\\\/04\\\/25\\\/este-domingo-juegan-por-primera-vez-sacachispas-y-club-mercedes\\\/\",\"name\":\"Este domingo juegan por primera vez Sacachispas y Club Mercedes\",\"isPartOf\":{\"@id\":\"https:\\\/\\\/noticiasmercedinas.com\\\/site\\\/#website\"},\"primaryImageOfPage\":{\"@id\":\"https:\\\/\\\/noticiasmercedinas.com\\\/site\\\/2026\\\/04\\\/25\\\/este-domingo-juegan-por-primera-vez-sacachispas-y-club-mercedes\\\/#primaryimage\"},\"image\":{\"@id\":\"https:\\\/\\\/noticiasmercedinas.com\\\/site\\\/2026\\\/04\\\/25\\\/este-domingo-juegan-por-primera-vez-sacachispas-y-club-mercedes\\\/#primaryimage\"},\"thumbnailUrl\":\"https:\\\/\\\/noticiasmercedinas.com\\\/site\\\/wp-content\\\/uploads\\\/2026\\\/04\\\/IMG_1098.jpg\",\"datePublished\":\"2026-04-25T22:02:41+00:00\",\"breadcrumb\":{\"@id\":\"https:\\\/\\\/noticiasmercedinas.com\\\/site\\\/2026\\\/04\\\/25\\\/este-domingo-juegan-por-primera-vez-sacachispas-y-club-mercedes\\\/#breadcrumb\"},\"inLanguage\":\"es\",\"potentialAction\":[{\"@type\":\"ReadAction\",\"target\":[\"https:\\\/\\\/noticiasmercedinas.com\\\/site\\\/2026\\\/04\\\/25\\\/este-domingo-juegan-por-primera-vez-sacachispas-y-club-mercedes\\\/\"]}]},{\"@type\":\"ImageObject\",\"inLanguage\":\"es\",\"@id\":\"https:\\\/\\\/noticiasmercedinas.com\\\/site\\\/2026\\\/04\\\/25\\\/este-domingo-juegan-por-primera-vez-sacachispas-y-club-mercedes\\\/#primaryimage\",\"url\":\"https:\\\/\\\/noticiasmercedinas.com\\\/site\\\/wp-content\\\/uploads\\\/2026\\\/04\\\/IMG_1098.jpg\",\"contentUrl\":\"https:\\\/\\\/noticiasmercedinas.com\\\/site\\\/wp-content\\\/uploads\\\/2026\\\/04\\\/IMG_1098.jpg\",\"width\":640,\"height\":379},{\"@type\":\"BreadcrumbList\",\"@id\":\"https:\\\/\\\/noticiasmercedinas.com\\\/site\\\/2026\\\/04\\\/25\\\/este-domingo-juegan-por-primera-vez-sacachispas-y-club-mercedes\\\/#breadcrumb\",\"itemListElement\":[{\"@type\":\"ListItem\",\"position\":1,\"name\":\"Portada\",\"item\":\"https:\\\/\\\/noticiasmercedinas.com\\\/site\\\/\"},{\"@type\":\"ListItem\",\"position\":2,\"name\":\"Este domingo juegan por primera vez Sacachispas y Club Mercedes\"}]},{\"@type\":\"WebSite\",\"@id\":\"https:\\\/\\\/noticiasmercedinas.com\\\/site\\\/#website\",\"url\":\"https:\\\/\\\/noticiasmercedinas.com\\\/site\\\/\",\"name\":\"NOTICIASMERCEDINAS.COM\",\"description\":\"Mercedes, Buenos Aires, Argentina\",\"publisher\":{\"@id\":\"https:\\\/\\\/noticiasmercedinas.com\\\/site\\\/#organization\"},\"potentialAction\":[{\"@type\":\"SearchAction\",\"target\":{\"@type\":\"EntryPoint\",\"urlTemplate\":\"https:\\\/\\\/noticiasmercedinas.com\\\/site\\\/?s={search_term_string}\"},\"query-input\":{\"@type\":\"PropertyValueSpecification\",\"valueRequired\":true,\"valueName\":\"search_term_string\"}}],\"inLanguage\":\"es\"},{\"@type\":\"Organization\",\"@id\":\"https:\\\/\\\/noticiasmercedinas.com\\\/site\\\/#organization\",\"name\":\"NOTICIASMERCEDINAS.COM\",\"url\":\"https:\\\/\\\/noticiasmercedinas.com\\\/site\\\/\",\"logo\":{\"@type\":\"ImageObject\",\"inLanguage\":\"es\",\"@id\":\"https:\\\/\\\/noticiasmercedinas.com\\\/site\\\/#\\\/schema\\\/logo\\\/image\\\/\",\"url\":\"https:\\\/\\\/noticiasmercedinas.com\\\/site\\\/wp-content\\\/uploads\\\/2020\\\/06\\\/LOGO-512.jpg\",\"contentUrl\":\"https:\\\/\\\/noticiasmercedinas.com\\\/site\\\/wp-content\\\/uploads\\\/2020\\\/06\\\/LOGO-512.jpg\",\"width\":512,\"height\":512,\"caption\":\"NOTICIASMERCEDINAS.COM\"},\"image\":{\"@id\":\"https:\\\/\\\/noticiasmercedinas.com\\\/site\\\/#\\\/schema\\\/logo\\\/image\\\/\"},\"sameAs\":[\"https:\\\/\\\/www.facebook.com\\\/noticiasmercedinas\\\/\",\"https:\\\/\\\/x.com\\\/notmercedinas\",\"https:\\\/\\\/www.instagram.com\\\/noticiasmercedinas\\\/\"]},{\"@type\":\"Person\",\"@id\":\"https:\\\/\\\/noticiasmercedinas.com\\\/site\\\/#\\\/schema\\\/person\\\/8f2f09d666ef40986eba4a5e6f2a06f9\",\"name\":\"Juan Dagnino NOTICIASMERCEDINAS.COM\",\"image\":{\"@type\":\"ImageObject\",\"inLanguage\":\"es\",\"@id\":\"https:\\\/\\\/secure.gravatar.com\\\/avatar\\\/fc7059a769f5a3cae65fadb228a3e4accf3a64b4b2305020d0a27e6d5333c91b?s=96&d=mm&r=g\",\"url\":\"https:\\\/\\\/secure.gravatar.com\\\/avatar\\\/fc7059a769f5a3cae65fadb228a3e4accf3a64b4b2305020d0a27e6d5333c91b?s=96&d=mm&r=g\",\"contentUrl\":\"https:\\\/\\\/secure.gravatar.com\\\/avatar\\\/fc7059a769f5a3cae65fadb228a3e4accf3a64b4b2305020d0a27e6d5333c91b?s=96&d=mm&r=g\",\"caption\":\"Juan Dagnino NOTICIASMERCEDINAS.COM\"},\"url\":\"https:\\\/\\\/noticiasmercedinas.com\\\/site\\\/author\\\/juandagnino\\\/\"}]}<\/script>\n<!-- \/ Yoast SEO plugin. -->","yoast_head_json":{"title":"Este domingo juegan por primera vez Sacachispas y Club Mercedes","robots":{"index":"index","follow":"follow","max-snippet":"max-snippet:-1","max-image-preview":"max-image-preview:large","max-video-preview":"max-video-preview:-1"},"canonical":"https:\/\/noticiasmercedinas.com\/site\/2026\/04\/25\/este-domingo-juegan-por-primera-vez-sacachispas-y-club-mercedes\/","og_locale":"es_ES","og_type":"article","og_title":"Este domingo juegan por primera vez Sacachispas y Club Mercedes","og_description":"\u25a0 Desde la 15.30 horas ser\u00e1 el partido por la Primera C de la AFA. Se disputar\u00e1 en el barrio de Villa Soldati, Buenos Aires. La novena fecha comenz\u00f3 este s\u00e1bado 25.","og_url":"https:\/\/noticiasmercedinas.com\/site\/2026\/04\/25\/este-domingo-juegan-por-primera-vez-sacachispas-y-club-mercedes\/","og_site_name":"NOTICIASMERCEDINAS.COM","article_publisher":"https:\/\/www.facebook.com\/noticiasmercedinas\/","article_published_time":"2026-04-25T22:02:41+00:00","og_image":[{"width":640,"height":379,"url":"https:\/\/noticiasmercedinas.com\/site\/wp-content\/uploads\/2026\/04\/IMG_1098.jpg","type":"image\/jpeg"}],"author":"Juan Dagnino NOTICIASMERCEDINAS.COM","twitter_card":"summary_large_image","twitter_creator":"@notmercedinas","twitter_site":"@notmercedinas","twitter_misc":{"Escrito por":"Juan Dagnino NOTICIASMERCEDINAS.COM","Tiempo de lectura":"3 minutos"},"schema":{"@context":"https:\/\/schema.org","@graph":[{"@type":"Article","@id":"https:\/\/noticiasmercedinas.com\/site\/2026\/04\/25\/este-domingo-juegan-por-primera-vez-sacachispas-y-club-mercedes\/#article","isPartOf":{"@id":"https:\/\/noticiasmercedinas.com\/site\/2026\/04\/25\/este-domingo-juegan-por-primera-vez-sacachispas-y-club-mercedes\/"},"author":{"name":"Juan Dagnino NOTICIASMERCEDINAS.COM","@id":"https:\/\/noticiasmercedinas.com\/site\/#\/schema\/person\/8f2f09d666ef40986eba4a5e6f2a06f9"},"headline":"Este domingo juegan por primera vez Sacachispas y Club Mercedes","datePublished":"2026-04-25T22:02:41+00:00","mainEntityOfPage":{"@id":"https:\/\/noticiasmercedinas.com\/site\/2026\/04\/25\/este-domingo-juegan-por-primera-vez-sacachispas-y-club-mercedes\/"},"wordCount":386,"publisher":{"@id":"https:\/\/noticiasmercedinas.com\/site\/#organization"},"image":{"@id":"https:\/\/noticiasmercedinas.com\/site\/2026\/04\/25\/este-domingo-juegan-por-primera-vez-sacachispas-y-club-mercedes\/#primaryimage"},"thumbnailUrl":"https:\/\/noticiasmercedinas.com\/site\/wp-content\/uploads\/2026\/04\/IMG_1098.jpg","keywords":["AFA","Primar C"],"articleSection":["Deportes"],"inLanguage":"es"},{"@type":"WebPage","@id":"https:\/\/noticiasmercedinas.com\/site\/2026\/04\/25\/este-domingo-juegan-por-primera-vez-sacachispas-y-club-mercedes\/","url":"https:\/\/noticiasmercedinas.com\/site\/2026\/04\/25\/este-domingo-juegan-por-primera-vez-sacachispas-y-club-mercedes\/","name":"Este domingo juegan por primera vez Sacachispas y Club Mercedes","isPartOf":{"@id":"https:\/\/noticiasmercedinas.com\/site\/#website"},"primaryImageOfPage":{"@id":"https:\/\/noticiasmercedinas.com\/site\/2026\/04\/25\/este-domingo-juegan-por-primera-vez-sacachispas-y-club-mercedes\/#primaryimage"},"image":{"@id":"https:\/\/noticiasmercedinas.com\/site\/2026\/04\/25\/este-domingo-juegan-por-primera-vez-sacachispas-y-club-mercedes\/#primaryimage"},"thumbnailUrl":"https:\/\/noticiasmercedinas.com\/site\/wp-content\/uploads\/2026\/04\/IMG_1098.jpg","datePublished":"2026-04-25T22:02:41+00:00","breadcrumb":{"@id":"https:\/\/noticiasmercedinas.com\/site\/2026\/04\/25\/este-domingo-juegan-por-primera-vez-sacachispas-y-club-mercedes\/#breadcrumb"},"inLanguage":"es","potentialAction":[{"@type":"ReadAction","target":["https:\/\/noticiasmercedinas.com\/site\/2026\/04\/25\/este-domingo-juegan-por-primera-vez-sacachispas-y-club-mercedes\/"]}]},{"@type":"ImageObject","inLanguage":"es","@id":"https:\/\/noticiasmercedinas.com\/site\/2026\/04\/25\/este-domingo-juegan-por-primera-vez-sacachispas-y-club-mercedes\/#primaryimage","url":"https:\/\/noticiasmercedinas.com\/site\/wp-content\/uploads\/2026\/04\/IMG_1098.jpg","contentUrl":"https:\/\/noticiasmercedinas.com\/site\/wp-content\/uploads\/2026\/04\/IMG_1098.jpg","width":640,"height":379},{"@type":"BreadcrumbList","@id":"https:\/\/noticiasmercedinas.com\/site\/2026\/04\/25\/este-domingo-juegan-por-primera-vez-sacachispas-y-club-mercedes\/#breadcrumb","itemListElement":[{"@type":"ListItem","position":1,"name":"Portada","item":"https:\/\/noticiasmercedinas.com\/site\/"},{"@type":"ListItem","position":2,"name":"Este domingo juegan por primera vez Sacachispas y Club Mercedes"}]},{"@type":"WebSite","@id":"https:\/\/noticiasmercedinas.com\/site\/#website","url":"https:\/\/noticiasmercedinas.com\/site\/","name":"NOTICIASMERCEDINAS.COM","description":"Mercedes, Buenos Aires, Argentina","publisher":{"@id":"https:\/\/noticiasmercedinas.com\/site\/#organization"},"potentialAction":[{"@type":"SearchAction","target":{"@type":"EntryPoint","urlTemplate":"https:\/\/noticiasmercedinas.com\/site\/?s={search_term_string}"},"query-input":{"@type":"PropertyValueSpecification","valueRequired":true,"valueName":"search_term_string"}}],"inLanguage":"es"},{"@type":"Organization","@id":"https:\/\/noticiasmercedinas.com\/site\/#organization","name":"NOTICIASMERCEDINAS.COM","url":"https:\/\/noticiasmercedinas.com\/site\/","logo":{"@type":"ImageObject","inLanguage":"es","@id":"https:\/\/noticiasmercedinas.com\/site\/#\/schema\/logo\/image\/","url":"https:\/\/noticiasmercedinas.com\/site\/wp-content\/uploads\/2020\/06\/LOGO-512.jpg","contentUrl":"https:\/\/noticiasmercedinas.com\/site\/wp-content\/uploads\/2020\/06\/LOGO-512.jpg","width":512,"height":512,"caption":"NOTICIASMERCEDINAS.COM"},"image":{"@id":"https:\/\/noticiasmercedinas.com\/site\/#\/schema\/logo\/image\/"},"sameAs":["https:\/\/www.facebook.com\/noticiasmercedinas\/","https:\/\/x.com\/notmercedinas","https:\/\/www.instagram.com\/noticiasmercedinas\/"]},{"@type":"Person","@id":"https:\/\/noticiasmercedinas.com\/site\/#\/schema\/person\/8f2f09d666ef40986eba4a5e6f2a06f9","name":"Juan Dagnino NOTICIASMERCEDINAS.COM","image":{"@type":"ImageObject","inLanguage":"es","@id":"https:\/\/secure.gravatar.com\/avatar\/fc7059a769f5a3cae65fadb228a3e4accf3a64b4b2305020d0a27e6d5333c91b?s=96&d=mm&r=g","url":"https:\/\/secure.gravatar.com\/avatar\/fc7059a769f5a3cae65fadb228a3e4accf3a64b4b2305020d0a27e6d5333c91b?s=96&d=mm&r=g","contentUrl":"https:\/\/secure.gravatar.com\/avatar\/fc7059a769f5a3cae65fadb228a3e4accf3a64b4b2305020d0a27e6d5333c91b?s=96&d=mm&r=g","caption":"Juan Dagnino NOTICIASMERCEDINAS.COM"},"url":"https:\/\/noticiasmercedinas.com\/site\/author\/juandagnino\/"}]}},"amp_enabled":true,"_links":{"self":[{"href":"https:\/\/noticiasmercedinas.com\/site\/wp-json\/wp\/v2\/posts\/185077","targetHints":{"allow":["GET"]}}],"collection":[{"href":"https:\/\/noticiasmercedinas.com\/site\/wp-json\/wp\/v2\/posts"}],"about":[{"href":"https:\/\/noticiasmercedinas.com\/site\/wp-json\/wp\/v2\/types\/post"}],"author":[{"embeddable":true,"href":"https:\/\/noticiasmercedinas.com\/site\/wp-json\/wp\/v2\/users\/6"}],"replies":[{"embeddable":true,"href":"https:\/\/noticiasmercedinas.com\/site\/wp-json\/wp\/v2\/comments?post=185077"}],"version-history":[{"count":1,"href":"https:\/\/noticiasmercedinas.com\/site\/wp-json\/wp\/v2\/posts\/185077\/revisions"}],"predecessor-version":[{"id":185082,"href":"https:\/\/noticiasmercedinas.com\/site\/wp-json\/wp\/v2\/posts\/185077\/revisions\/185082"}],"wp:featuredmedia":[{"embeddable":true,"href":"https:\/\/noticiasmercedinas.com\/site\/wp-json\/wp\/v2\/media\/185078"}],"wp:attachment":[{"href":"https:\/\/noticiasmercedinas.com\/site\/wp-json\/wp\/v2\/media?parent=185077"}],"wp:term":[{"taxonomy":"category","embeddable":true,"href":"https:\/\/noticiasmercedinas.com\/site\/wp-json\/wp\/v2\/categories?post=185077"},{"taxonomy":"post_tag","embeddable":true,"href":"https:\/\/noticiasmercedinas.com\/site\/wp-json\/wp\/v2\/tags?post=185077"}],"curies":[{"name":"wp","href":"https:\/\/api.w.org\/{rel}","templated":true}]}}