{"id":185097,"date":"2026-04-26T09:47:51","date_gmt":"2026-04-26T12:47:51","guid":{"rendered":"https:\/\/noticiasmercedinas.com\/site\/?p=185097"},"modified":"2026-04-26T09:47:51","modified_gmt":"2026-04-26T12:47:51","slug":"bistro-propone-un-mediodia-de-domingo-con-menu-completo-y-precios-accesibles","status":"publish","type":"post","link":"https:\/\/noticiasmercedinas.com\/site\/2026\/04\/26\/bistro-propone-un-mediodia-de-domingo-con-menu-completo-y-precios-accesibles\/","title":{"rendered":"Bistro propone un mediod\u00eda de domingo con men\u00fa completo y precios accesibles"},"content":{"rendered":"<p dir=\"ltr\"><span style=\"font-family: Verdana, Geneva, sans-serif; font-size: 14px;\"><img loading=\"lazy\" decoding=\"async\" class=\"alignnone size-full wp-image-185102\" src=\"https:\/\/noticiasmercedinas.com\/site\/wp-content\/uploads\/2026\/04\/IMG_20260426_094107.jpg\" alt=\"\" width=\"627\" height=\"452\" srcset=\"https:\/\/noticiasmercedinas.com\/site\/wp-content\/uploads\/2026\/04\/IMG_20260426_094107.jpg 627w, https:\/\/noticiasmercedinas.com\/site\/wp-content\/uploads\/2026\/04\/IMG_20260426_094107-300x216.jpg 300w\" sizes=\"auto, (max-width: 627px) 100vw, 627px\" \/><\/span><\/p>\n<p dir=\"ltr\"><span style=\"font-family: Verdana, Geneva, sans-serif; font-size: 14px;\">En el coraz\u00f3n de la ciudad, la oferta gastron\u00f3mica dominical tiene una opci\u00f3n irresistible para quienes buscan calidad y buen precio. <\/span><\/p>\n<p dir=\"ltr\"><b style=\"font-family: Verdana, Geneva, sans-serif; font-size: 14px;\">Bistro Resto Bar<\/b><span style=\"font-family: Verdana, Geneva, sans-serif; font-size: 14px;\"> present\u00f3 su men\u00fa especial para este mediod\u00eda, dise\u00f1ado para cerrar el fin de semana con una experiencia culinaria completa en un entorno relajado.<\/span><\/p>\n<blockquote>\n<p dir=\"ltr\">El reconocido resto-bar ubicado en la esquina de 26 y 41 ofrece una propuesta de tres pasos que combina sabores cl\u00e1sicos y un ambiente ideal para compartir en familia o con amigos.<\/p>\n<\/blockquote>\n<p dir=\"ltr\">\u200bLa propuesta, que destaca por su enfoque en la cocina casera y tradicional, tiene un valor promocional de <b>$25.000 por persona<\/b>, una cifra competitiva dentro del mercado local considerando que incluye entrada, plato principal y postre.<\/p>\n<h3 dir=\"ltr\">\u200bUna carta pensada para todos los gustos<\/h3>\n<p dir=\"ltr\">\u200bEl men\u00fa est\u00e1 estructurado para satisfacer paladares variados, manteniendo la esencia de los sabores bonaerenses:<\/p>\n<ul>\n<li dir=\"ltr\">\u200b<b>Entrada:<\/b> Una cl\u00e1sica picada de bienvenida con salame mercedino y matambre arrollado.<\/li>\n<li dir=\"ltr\">\u200b<b>Plato Principal (a elecci\u00f3n):<\/b> Opciones que van desde pastas artesanales y milanesas hasta pechuga con salsa o la especialidad de la casa, pechuga rellena.<\/li>\n<li dir=\"ltr\">\u200b<b>Postre:<\/b> El cierre dulce queda a cargo de un flan casero o el tradicional bomb\u00f3n suizo.<\/li>\n<\/ul>\n<h3 dir=\"ltr\">\u200bUbicaci\u00f3n y reservas<\/h3>\n<p dir=\"ltr\">\u200bEl establecimiento se encuentra ubicado estrat\u00e9gicamente en <b>Calle 26 y 41<\/b>, consolid\u00e1ndose como un punto de encuentro clave tanto para parejas como para grupos grandes que desean disfrutar del pleno centro mercedino.<\/p>\n<p dir=\"ltr\">\u200bDada la demanda que suelen tener estos almuerzos tem\u00e1ticos, desde la organizaci\u00f3n recomiendan realizar <b>reservas previas<\/b> para asegurar un lugar en el sal\u00f3n.<\/p>\n<p dir=\"ltr\">\u200b<b>Contacto para reservas:<\/b><\/p>\n<ul>\n<li dir=\"ltr\">\u200b<b>WhatsApp\/Tel:<\/b> 2324-498333<\/li>\n<li dir=\"ltr\">\u200b<b>Lugar:<\/b> Calle 26 esq. 41, Bistro Resto Bar<\/li>\n<\/ul>\n<p><img loading=\"lazy\" decoding=\"async\" class=\"alignnone size-full wp-image-185105\" src=\"https:\/\/noticiasmercedinas.com\/site\/wp-content\/uploads\/2026\/04\/Screenshot_20260426-093954-e1777207635509.png\" alt=\"\" width=\"720\" height=\"1016\" srcset=\"https:\/\/noticiasmercedinas.com\/site\/wp-content\/uploads\/2026\/04\/Screenshot_20260426-093954-e1777207635509.png 720w, https:\/\/noticiasmercedinas.com\/site\/wp-content\/uploads\/2026\/04\/Screenshot_20260426-093954-e1777207635509-213x300.png 213w, https:\/\/noticiasmercedinas.com\/site\/wp-content\/uploads\/2026\/04\/Screenshot_20260426-093954-e1777207635509-640x903.png 640w, https:\/\/noticiasmercedinas.com\/site\/wp-content\/uploads\/2026\/04\/Screenshot_20260426-093954-e1777207635509-681x961.png 681w\" sizes=\"auto, (max-width: 720px) 100vw, 720px\" \/><\/p>\n","protected":false},"excerpt":{"rendered":"<p>En el coraz\u00f3n de la ciudad, la oferta gastron\u00f3mica dominical tiene una opci\u00f3n irresistible para quienes buscan calidad y buen precio. Bistro Resto Bar present\u00f3 su men\u00fa especial para este mediod\u00eda, dise\u00f1ado para cerrar el fin de semana con una experiencia culinaria completa en un entorno relajado. El reconocido resto-bar ubicado en la esquina de [&hellip;]<\/p>\n","protected":false},"author":16,"featured_media":185102,"comment_status":"closed","ping_status":"closed","sticky":false,"template":"","format":"standard","meta":{"footnotes":""},"categories":[74],"tags":[11967,2221,4245,977,3393,5067],"class_list":["post-185097","post","type-post","status-publish","format-standard","has-post-thumbnail","hentry","category-emprendimientos","tag-almuerzo","tag-bistro","tag-domingo","tag-gastronomia","tag-oferta","tag-restaurante"],"yoast_head":"<!-- This site is optimized with the Yoast SEO plugin v27.4 - https:\/\/yoast.com\/product\/yoast-seo-wordpress\/ -->\n<title>Bistro propone un mediod\u00eda de domingo con men\u00fa completo y precios accesibles<\/title>\n<meta name=\"description\" content=\"El reconocido resto-bar ubicado en la esquina de 26 y 41 ofrece una propuesta de tres pasos que combina sabores cl\u00e1sicos y un ambiente ideal para compartir en familia o con amigos.\" \/>\n<meta name=\"robots\" content=\"index, follow, max-snippet:-1, max-image-preview:large, max-video-preview:-1\" \/>\n<link rel=\"canonical\" href=\"https:\/\/noticiasmercedinas.com\/site\/2026\/04\/26\/bistro-propone-un-mediodia-de-domingo-con-menu-completo-y-precios-accesibles\/\" \/>\n<meta property=\"og:locale\" content=\"es_ES\" \/>\n<meta property=\"og:type\" content=\"article\" \/>\n<meta property=\"og:title\" content=\"Bistro propone un mediod\u00eda de domingo con men\u00fa completo y precios accesibles\" \/>\n<meta property=\"og:description\" content=\"El reconocido resto-bar ubicado en la esquina de 26 y 41 ofrece una propuesta de tres pasos que combina sabores cl\u00e1sicos y un ambiente ideal para compartir en familia o con amigos.\" \/>\n<meta property=\"og:url\" content=\"https:\/\/noticiasmercedinas.com\/site\/2026\/04\/26\/bistro-propone-un-mediodia-de-domingo-con-menu-completo-y-precios-accesibles\/\" \/>\n<meta property=\"og:site_name\" content=\"NOTICIASMERCEDINAS.COM\" \/>\n<meta property=\"article:publisher\" content=\"https:\/\/www.facebook.com\/noticiasmercedinas\/\" \/>\n<meta property=\"article:published_time\" content=\"2026-04-26T12:47:51+00:00\" \/>\n<meta property=\"og:image\" content=\"https:\/\/noticiasmercedinas.com\/site\/wp-content\/uploads\/2026\/04\/IMG_20260426_094107.jpg\" \/>\n\t<meta property=\"og:image:width\" content=\"627\" \/>\n\t<meta property=\"og:image:height\" content=\"452\" \/>\n\t<meta property=\"og:image:type\" content=\"image\/jpeg\" \/>\n<meta name=\"author\" content=\"NOTICIASMERCEDINAS.COM\" \/>\n<meta name=\"twitter:card\" content=\"summary_large_image\" \/>\n<meta name=\"twitter:creator\" content=\"@notmercedinas\" \/>\n<meta name=\"twitter:site\" content=\"@notmercedinas\" \/>\n<meta name=\"twitter:label1\" content=\"Escrito por\" \/>\n\t<meta name=\"twitter:data1\" content=\"NOTICIASMERCEDINAS.COM\" \/>\n\t<meta name=\"twitter:label2\" content=\"Tiempo de lectura\" \/>\n\t<meta name=\"twitter:data2\" content=\"2 minutos\" \/>\n<script type=\"application\/ld+json\" class=\"yoast-schema-graph\">{\"@context\":\"https:\\\/\\\/schema.org\",\"@graph\":[{\"@type\":\"Article\",\"@id\":\"https:\\\/\\\/noticiasmercedinas.com\\\/site\\\/2026\\\/04\\\/26\\\/bistro-propone-un-mediodia-de-domingo-con-menu-completo-y-precios-accesibles\\\/#article\",\"isPartOf\":{\"@id\":\"https:\\\/\\\/noticiasmercedinas.com\\\/site\\\/2026\\\/04\\\/26\\\/bistro-propone-un-mediodia-de-domingo-con-menu-completo-y-precios-accesibles\\\/\"},\"author\":{\"name\":\"NOTICIASMERCEDINAS.COM\",\"@id\":\"https:\\\/\\\/noticiasmercedinas.com\\\/site\\\/#\\\/schema\\\/person\\\/84b59c099c28ff2e8b77d4ceec5d8063\"},\"headline\":\"Bistro propone un mediod\u00eda de domingo con men\u00fa completo y precios accesibles\",\"datePublished\":\"2026-04-26T12:47:51+00:00\",\"mainEntityOfPage\":{\"@id\":\"https:\\\/\\\/noticiasmercedinas.com\\\/site\\\/2026\\\/04\\\/26\\\/bistro-propone-un-mediodia-de-domingo-con-menu-completo-y-precios-accesibles\\\/\"},\"wordCount\":282,\"publisher\":{\"@id\":\"https:\\\/\\\/noticiasmercedinas.com\\\/site\\\/#organization\"},\"image\":{\"@id\":\"https:\\\/\\\/noticiasmercedinas.com\\\/site\\\/2026\\\/04\\\/26\\\/bistro-propone-un-mediodia-de-domingo-con-menu-completo-y-precios-accesibles\\\/#primaryimage\"},\"thumbnailUrl\":\"https:\\\/\\\/noticiasmercedinas.com\\\/site\\\/wp-content\\\/uploads\\\/2026\\\/04\\\/IMG_20260426_094107.jpg\",\"keywords\":[\"almuerzo\",\"Bistr\u00f3\",\"domingo\",\"Gastronom\u00eda\",\"oferta\",\"restaurante\"],\"articleSection\":[\"Emprendimientos\"],\"inLanguage\":\"es\"},{\"@type\":\"WebPage\",\"@id\":\"https:\\\/\\\/noticiasmercedinas.com\\\/site\\\/2026\\\/04\\\/26\\\/bistro-propone-un-mediodia-de-domingo-con-menu-completo-y-precios-accesibles\\\/\",\"url\":\"https:\\\/\\\/noticiasmercedinas.com\\\/site\\\/2026\\\/04\\\/26\\\/bistro-propone-un-mediodia-de-domingo-con-menu-completo-y-precios-accesibles\\\/\",\"name\":\"Bistro propone un mediod\u00eda de domingo con men\u00fa completo y precios accesibles\",\"isPartOf\":{\"@id\":\"https:\\\/\\\/noticiasmercedinas.com\\\/site\\\/#website\"},\"primaryImageOfPage\":{\"@id\":\"https:\\\/\\\/noticiasmercedinas.com\\\/site\\\/2026\\\/04\\\/26\\\/bistro-propone-un-mediodia-de-domingo-con-menu-completo-y-precios-accesibles\\\/#primaryimage\"},\"image\":{\"@id\":\"https:\\\/\\\/noticiasmercedinas.com\\\/site\\\/2026\\\/04\\\/26\\\/bistro-propone-un-mediodia-de-domingo-con-menu-completo-y-precios-accesibles\\\/#primaryimage\"},\"thumbnailUrl\":\"https:\\\/\\\/noticiasmercedinas.com\\\/site\\\/wp-content\\\/uploads\\\/2026\\\/04\\\/IMG_20260426_094107.jpg\",\"datePublished\":\"2026-04-26T12:47:51+00:00\",\"description\":\"El reconocido resto-bar ubicado en la esquina de 26 y 41 ofrece una propuesta de tres pasos que combina sabores cl\u00e1sicos y un ambiente ideal para compartir en familia o con amigos.\",\"breadcrumb\":{\"@id\":\"https:\\\/\\\/noticiasmercedinas.com\\\/site\\\/2026\\\/04\\\/26\\\/bistro-propone-un-mediodia-de-domingo-con-menu-completo-y-precios-accesibles\\\/#breadcrumb\"},\"inLanguage\":\"es\",\"potentialAction\":[{\"@type\":\"ReadAction\",\"target\":[\"https:\\\/\\\/noticiasmercedinas.com\\\/site\\\/2026\\\/04\\\/26\\\/bistro-propone-un-mediodia-de-domingo-con-menu-completo-y-precios-accesibles\\\/\"]}]},{\"@type\":\"ImageObject\",\"inLanguage\":\"es\",\"@id\":\"https:\\\/\\\/noticiasmercedinas.com\\\/site\\\/2026\\\/04\\\/26\\\/bistro-propone-un-mediodia-de-domingo-con-menu-completo-y-precios-accesibles\\\/#primaryimage\",\"url\":\"https:\\\/\\\/noticiasmercedinas.com\\\/site\\\/wp-content\\\/uploads\\\/2026\\\/04\\\/IMG_20260426_094107.jpg\",\"contentUrl\":\"https:\\\/\\\/noticiasmercedinas.com\\\/site\\\/wp-content\\\/uploads\\\/2026\\\/04\\\/IMG_20260426_094107.jpg\",\"width\":627,\"height\":452},{\"@type\":\"BreadcrumbList\",\"@id\":\"https:\\\/\\\/noticiasmercedinas.com\\\/site\\\/2026\\\/04\\\/26\\\/bistro-propone-un-mediodia-de-domingo-con-menu-completo-y-precios-accesibles\\\/#breadcrumb\",\"itemListElement\":[{\"@type\":\"ListItem\",\"position\":1,\"name\":\"Portada\",\"item\":\"https:\\\/\\\/noticiasmercedinas.com\\\/site\\\/\"},{\"@type\":\"ListItem\",\"position\":2,\"name\":\"Bistro propone un mediod\u00eda de domingo con men\u00fa completo y precios accesibles\"}]},{\"@type\":\"WebSite\",\"@id\":\"https:\\\/\\\/noticiasmercedinas.com\\\/site\\\/#website\",\"url\":\"https:\\\/\\\/noticiasmercedinas.com\\\/site\\\/\",\"name\":\"NOTICIASMERCEDINAS.COM\",\"description\":\"Mercedes, Buenos Aires, Argentina\",\"publisher\":{\"@id\":\"https:\\\/\\\/noticiasmercedinas.com\\\/site\\\/#organization\"},\"potentialAction\":[{\"@type\":\"SearchAction\",\"target\":{\"@type\":\"EntryPoint\",\"urlTemplate\":\"https:\\\/\\\/noticiasmercedinas.com\\\/site\\\/?s={search_term_string}\"},\"query-input\":{\"@type\":\"PropertyValueSpecification\",\"valueRequired\":true,\"valueName\":\"search_term_string\"}}],\"inLanguage\":\"es\"},{\"@type\":\"Organization\",\"@id\":\"https:\\\/\\\/noticiasmercedinas.com\\\/site\\\/#organization\",\"name\":\"NOTICIASMERCEDINAS.COM\",\"url\":\"https:\\\/\\\/noticiasmercedinas.com\\\/site\\\/\",\"logo\":{\"@type\":\"ImageObject\",\"inLanguage\":\"es\",\"@id\":\"https:\\\/\\\/noticiasmercedinas.com\\\/site\\\/#\\\/schema\\\/logo\\\/image\\\/\",\"url\":\"https:\\\/\\\/noticiasmercedinas.com\\\/site\\\/wp-content\\\/uploads\\\/2020\\\/06\\\/LOGO-512.jpg\",\"contentUrl\":\"https:\\\/\\\/noticiasmercedinas.com\\\/site\\\/wp-content\\\/uploads\\\/2020\\\/06\\\/LOGO-512.jpg\",\"width\":512,\"height\":512,\"caption\":\"NOTICIASMERCEDINAS.COM\"},\"image\":{\"@id\":\"https:\\\/\\\/noticiasmercedinas.com\\\/site\\\/#\\\/schema\\\/logo\\\/image\\\/\"},\"sameAs\":[\"https:\\\/\\\/www.facebook.com\\\/noticiasmercedinas\\\/\",\"https:\\\/\\\/x.com\\\/notmercedinas\",\"https:\\\/\\\/www.instagram.com\\\/noticiasmercedinas\\\/\"]},{\"@type\":\"Person\",\"@id\":\"https:\\\/\\\/noticiasmercedinas.com\\\/site\\\/#\\\/schema\\\/person\\\/84b59c099c28ff2e8b77d4ceec5d8063\",\"name\":\"NOTICIASMERCEDINAS.COM\",\"image\":{\"@type\":\"ImageObject\",\"inLanguage\":\"es\",\"@id\":\"https:\\\/\\\/secure.gravatar.com\\\/avatar\\\/4dfbf16b4d17945bfb6341b2d19043457132fcf478a5ee04f42e959fd8f5df0a?s=96&d=mm&r=g\",\"url\":\"https:\\\/\\\/secure.gravatar.com\\\/avatar\\\/4dfbf16b4d17945bfb6341b2d19043457132fcf478a5ee04f42e959fd8f5df0a?s=96&d=mm&r=g\",\"contentUrl\":\"https:\\\/\\\/secure.gravatar.com\\\/avatar\\\/4dfbf16b4d17945bfb6341b2d19043457132fcf478a5ee04f42e959fd8f5df0a?s=96&d=mm&r=g\",\"caption\":\"NOTICIASMERCEDINAS.COM\"},\"url\":\"https:\\\/\\\/noticiasmercedinas.com\\\/site\\\/author\\\/anonimo\\\/\"}]}<\/script>\n<!-- \/ Yoast SEO plugin. -->","yoast_head_json":{"title":"Bistro propone un mediod\u00eda de domingo con men\u00fa completo y precios accesibles","description":"El reconocido resto-bar ubicado en la esquina de 26 y 41 ofrece una propuesta de tres pasos que combina sabores cl\u00e1sicos y un ambiente ideal para compartir en familia o con amigos.","robots":{"index":"index","follow":"follow","max-snippet":"max-snippet:-1","max-image-preview":"max-image-preview:large","max-video-preview":"max-video-preview:-1"},"canonical":"https:\/\/noticiasmercedinas.com\/site\/2026\/04\/26\/bistro-propone-un-mediodia-de-domingo-con-menu-completo-y-precios-accesibles\/","og_locale":"es_ES","og_type":"article","og_title":"Bistro propone un mediod\u00eda de domingo con men\u00fa completo y precios accesibles","og_description":"El reconocido resto-bar ubicado en la esquina de 26 y 41 ofrece una propuesta de tres pasos que combina sabores cl\u00e1sicos y un ambiente ideal para compartir en familia o con amigos.","og_url":"https:\/\/noticiasmercedinas.com\/site\/2026\/04\/26\/bistro-propone-un-mediodia-de-domingo-con-menu-completo-y-precios-accesibles\/","og_site_name":"NOTICIASMERCEDINAS.COM","article_publisher":"https:\/\/www.facebook.com\/noticiasmercedinas\/","article_published_time":"2026-04-26T12:47:51+00:00","og_image":[{"width":627,"height":452,"url":"https:\/\/noticiasmercedinas.com\/site\/wp-content\/uploads\/2026\/04\/IMG_20260426_094107.jpg","type":"image\/jpeg"}],"author":"NOTICIASMERCEDINAS.COM","twitter_card":"summary_large_image","twitter_creator":"@notmercedinas","twitter_site":"@notmercedinas","twitter_misc":{"Escrito por":"NOTICIASMERCEDINAS.COM","Tiempo de lectura":"2 minutos"},"schema":{"@context":"https:\/\/schema.org","@graph":[{"@type":"Article","@id":"https:\/\/noticiasmercedinas.com\/site\/2026\/04\/26\/bistro-propone-un-mediodia-de-domingo-con-menu-completo-y-precios-accesibles\/#article","isPartOf":{"@id":"https:\/\/noticiasmercedinas.com\/site\/2026\/04\/26\/bistro-propone-un-mediodia-de-domingo-con-menu-completo-y-precios-accesibles\/"},"author":{"name":"NOTICIASMERCEDINAS.COM","@id":"https:\/\/noticiasmercedinas.com\/site\/#\/schema\/person\/84b59c099c28ff2e8b77d4ceec5d8063"},"headline":"Bistro propone un mediod\u00eda de domingo con men\u00fa completo y precios accesibles","datePublished":"2026-04-26T12:47:51+00:00","mainEntityOfPage":{"@id":"https:\/\/noticiasmercedinas.com\/site\/2026\/04\/26\/bistro-propone-un-mediodia-de-domingo-con-menu-completo-y-precios-accesibles\/"},"wordCount":282,"publisher":{"@id":"https:\/\/noticiasmercedinas.com\/site\/#organization"},"image":{"@id":"https:\/\/noticiasmercedinas.com\/site\/2026\/04\/26\/bistro-propone-un-mediodia-de-domingo-con-menu-completo-y-precios-accesibles\/#primaryimage"},"thumbnailUrl":"https:\/\/noticiasmercedinas.com\/site\/wp-content\/uploads\/2026\/04\/IMG_20260426_094107.jpg","keywords":["almuerzo","Bistr\u00f3","domingo","Gastronom\u00eda","oferta","restaurante"],"articleSection":["Emprendimientos"],"inLanguage":"es"},{"@type":"WebPage","@id":"https:\/\/noticiasmercedinas.com\/site\/2026\/04\/26\/bistro-propone-un-mediodia-de-domingo-con-menu-completo-y-precios-accesibles\/","url":"https:\/\/noticiasmercedinas.com\/site\/2026\/04\/26\/bistro-propone-un-mediodia-de-domingo-con-menu-completo-y-precios-accesibles\/","name":"Bistro propone un mediod\u00eda de domingo con men\u00fa completo y precios accesibles","isPartOf":{"@id":"https:\/\/noticiasmercedinas.com\/site\/#website"},"primaryImageOfPage":{"@id":"https:\/\/noticiasmercedinas.com\/site\/2026\/04\/26\/bistro-propone-un-mediodia-de-domingo-con-menu-completo-y-precios-accesibles\/#primaryimage"},"image":{"@id":"https:\/\/noticiasmercedinas.com\/site\/2026\/04\/26\/bistro-propone-un-mediodia-de-domingo-con-menu-completo-y-precios-accesibles\/#primaryimage"},"thumbnailUrl":"https:\/\/noticiasmercedinas.com\/site\/wp-content\/uploads\/2026\/04\/IMG_20260426_094107.jpg","datePublished":"2026-04-26T12:47:51+00:00","description":"El reconocido resto-bar ubicado en la esquina de 26 y 41 ofrece una propuesta de tres pasos que combina sabores cl\u00e1sicos y un ambiente ideal para compartir en familia o con amigos.","breadcrumb":{"@id":"https:\/\/noticiasmercedinas.com\/site\/2026\/04\/26\/bistro-propone-un-mediodia-de-domingo-con-menu-completo-y-precios-accesibles\/#breadcrumb"},"inLanguage":"es","potentialAction":[{"@type":"ReadAction","target":["https:\/\/noticiasmercedinas.com\/site\/2026\/04\/26\/bistro-propone-un-mediodia-de-domingo-con-menu-completo-y-precios-accesibles\/"]}]},{"@type":"ImageObject","inLanguage":"es","@id":"https:\/\/noticiasmercedinas.com\/site\/2026\/04\/26\/bistro-propone-un-mediodia-de-domingo-con-menu-completo-y-precios-accesibles\/#primaryimage","url":"https:\/\/noticiasmercedinas.com\/site\/wp-content\/uploads\/2026\/04\/IMG_20260426_094107.jpg","contentUrl":"https:\/\/noticiasmercedinas.com\/site\/wp-content\/uploads\/2026\/04\/IMG_20260426_094107.jpg","width":627,"height":452},{"@type":"BreadcrumbList","@id":"https:\/\/noticiasmercedinas.com\/site\/2026\/04\/26\/bistro-propone-un-mediodia-de-domingo-con-menu-completo-y-precios-accesibles\/#breadcrumb","itemListElement":[{"@type":"ListItem","position":1,"name":"Portada","item":"https:\/\/noticiasmercedinas.com\/site\/"},{"@type":"ListItem","position":2,"name":"Bistro propone un mediod\u00eda de domingo con men\u00fa completo y precios accesibles"}]},{"@type":"WebSite","@id":"https:\/\/noticiasmercedinas.com\/site\/#website","url":"https:\/\/noticiasmercedinas.com\/site\/","name":"NOTICIASMERCEDINAS.COM","description":"Mercedes, Buenos Aires, Argentina","publisher":{"@id":"https:\/\/noticiasmercedinas.com\/site\/#organization"},"potentialAction":[{"@type":"SearchAction","target":{"@type":"EntryPoint","urlTemplate":"https:\/\/noticiasmercedinas.com\/site\/?s={search_term_string}"},"query-input":{"@type":"PropertyValueSpecification","valueRequired":true,"valueName":"search_term_string"}}],"inLanguage":"es"},{"@type":"Organization","@id":"https:\/\/noticiasmercedinas.com\/site\/#organization","name":"NOTICIASMERCEDINAS.COM","url":"https:\/\/noticiasmercedinas.com\/site\/","logo":{"@type":"ImageObject","inLanguage":"es","@id":"https:\/\/noticiasmercedinas.com\/site\/#\/schema\/logo\/image\/","url":"https:\/\/noticiasmercedinas.com\/site\/wp-content\/uploads\/2020\/06\/LOGO-512.jpg","contentUrl":"https:\/\/noticiasmercedinas.com\/site\/wp-content\/uploads\/2020\/06\/LOGO-512.jpg","width":512,"height":512,"caption":"NOTICIASMERCEDINAS.COM"},"image":{"@id":"https:\/\/noticiasmercedinas.com\/site\/#\/schema\/logo\/image\/"},"sameAs":["https:\/\/www.facebook.com\/noticiasmercedinas\/","https:\/\/x.com\/notmercedinas","https:\/\/www.instagram.com\/noticiasmercedinas\/"]},{"@type":"Person","@id":"https:\/\/noticiasmercedinas.com\/site\/#\/schema\/person\/84b59c099c28ff2e8b77d4ceec5d8063","name":"NOTICIASMERCEDINAS.COM","image":{"@type":"ImageObject","inLanguage":"es","@id":"https:\/\/secure.gravatar.com\/avatar\/4dfbf16b4d17945bfb6341b2d19043457132fcf478a5ee04f42e959fd8f5df0a?s=96&d=mm&r=g","url":"https:\/\/secure.gravatar.com\/avatar\/4dfbf16b4d17945bfb6341b2d19043457132fcf478a5ee04f42e959fd8f5df0a?s=96&d=mm&r=g","contentUrl":"https:\/\/secure.gravatar.com\/avatar\/4dfbf16b4d17945bfb6341b2d19043457132fcf478a5ee04f42e959fd8f5df0a?s=96&d=mm&r=g","caption":"NOTICIASMERCEDINAS.COM"},"url":"https:\/\/noticiasmercedinas.com\/site\/author\/anonimo\/"}]}},"amp_enabled":true,"_links":{"self":[{"href":"https:\/\/noticiasmercedinas.com\/site\/wp-json\/wp\/v2\/posts\/185097","targetHints":{"allow":["GET"]}}],"collection":[{"href":"https:\/\/noticiasmercedinas.com\/site\/wp-json\/wp\/v2\/posts"}],"about":[{"href":"https:\/\/noticiasmercedinas.com\/site\/wp-json\/wp\/v2\/types\/post"}],"author":[{"embeddable":true,"href":"https:\/\/noticiasmercedinas.com\/site\/wp-json\/wp\/v2\/users\/16"}],"replies":[{"embeddable":true,"href":"https:\/\/noticiasmercedinas.com\/site\/wp-json\/wp\/v2\/comments?post=185097"}],"version-history":[{"count":4,"href":"https:\/\/noticiasmercedinas.com\/site\/wp-json\/wp\/v2\/posts\/185097\/revisions"}],"predecessor-version":[{"id":185107,"href":"https:\/\/noticiasmercedinas.com\/site\/wp-json\/wp\/v2\/posts\/185097\/revisions\/185107"}],"wp:featuredmedia":[{"embeddable":true,"href":"https:\/\/noticiasmercedinas.com\/site\/wp-json\/wp\/v2\/media\/185102"}],"wp:attachment":[{"href":"https:\/\/noticiasmercedinas.com\/site\/wp-json\/wp\/v2\/media?parent=185097"}],"wp:term":[{"taxonomy":"category","embeddable":true,"href":"https:\/\/noticiasmercedinas.com\/site\/wp-json\/wp\/v2\/categories?post=185097"},{"taxonomy":"post_tag","embeddable":true,"href":"https:\/\/noticiasmercedinas.com\/site\/wp-json\/wp\/v2\/tags?post=185097"}],"curies":[{"name":"wp","href":"https:\/\/api.w.org\/{rel}","templated":true}]}}