{"id":185113,"date":"2026-04-26T10:12:44","date_gmt":"2026-04-26T13:12:44","guid":{"rendered":"https:\/\/noticiasmercedinas.com\/site\/?p=185113"},"modified":"2026-04-26T10:12:44","modified_gmt":"2026-04-26T13:12:44","slug":"exito-total-en-la-cena-a-beneficio-del-atletismo-mercedino","status":"publish","type":"post","link":"https:\/\/noticiasmercedinas.com\/site\/2026\/04\/26\/exito-total-en-la-cena-a-beneficio-del-atletismo-mercedino\/","title":{"rendered":"\u00c9xito total en la cena a beneficio del atletismo mercedino"},"content":{"rendered":"<p dir=\"ltr\"><span style=\"font-family: Verdana, Geneva, sans-serif; font-size: 14px;\"><img loading=\"lazy\" decoding=\"async\" class=\"alignnone size-full wp-image-185116\" src=\"https:\/\/noticiasmercedinas.com\/site\/wp-content\/uploads\/2026\/04\/IMG_20260426_100617.jpg\" alt=\"\" width=\"706\" height=\"446\" srcset=\"https:\/\/noticiasmercedinas.com\/site\/wp-content\/uploads\/2026\/04\/IMG_20260426_100617.jpg 706w, https:\/\/noticiasmercedinas.com\/site\/wp-content\/uploads\/2026\/04\/IMG_20260426_100617-300x190.jpg 300w, https:\/\/noticiasmercedinas.com\/site\/wp-content\/uploads\/2026\/04\/IMG_20260426_100617-640x404.jpg 640w, https:\/\/noticiasmercedinas.com\/site\/wp-content\/uploads\/2026\/04\/IMG_20260426_100617-681x430.jpg 681w\" sizes=\"auto, (max-width: 706px) 100vw, 706px\" \/><\/span><\/p>\n<p dir=\"ltr\"><span style=\"font-family: Verdana, Geneva, sans-serif; font-size: 14px;\">La comunidad deportiva de la ciudad se dio cita en una <\/span><b style=\"font-family: Verdana, Geneva, sans-serif; font-size: 14px;\">Cena Solidaria<\/b><span style=\"font-family: Verdana, Geneva, sans-serif; font-size: 14px;\"> que super\u00f3 todas las expectativas. <\/span><\/p>\n<p dir=\"ltr\"><span style=\"font-family: Verdana, Geneva, sans-serif; font-size: 14px;\">El evento, organizado con el fin de fortalecer los recursos de la <\/span><b style=\"font-family: Verdana, Geneva, sans-serif; font-size: 14px;\">Asociaci\u00f3n Atl\u00e9tica de Mercedes<\/b><span style=\"font-family: Verdana, Geneva, sans-serif; font-size: 14px;\">, logr\u00f3 reunir a un centenar de comensales que colmaron las instalaciones en una jornada marcada por la camarader\u00eda y el compromiso social.<\/span><\/p>\n<p dir=\"ltr\">\u200bEl encuentro tuvo un objetivo doble y urgente. Por un lado, dotar de fondos a la instituci\u00f3n que nuclea de forma federativa a todos los corredores y corredoras del distrito.<\/p>\n<p dir=\"ltr\">Por el otro, brindar un apoyo econ\u00f3mico directo a <b>Laureano Rosa<\/b>, el destacado atleta local que se prepara para representar a la ciudad y al pa\u00eds en el pr\u00f3ximo <b>Mundial de Dinamarca<\/b>.<\/p>\n<h3 dir=\"ltr\">\u200bRespuesta de la comunidad<\/h3>\n<p dir=\"ltr\">\u200bLa organizaci\u00f3n calific\u00f3 el evento como un <b>\u00ab\u00e9xito total\u00bb<\/b>, destacando la participaci\u00f3n de vecinos, familiares y colegas del atletismo.<\/p>\n<p dir=\"ltr\">La recaudaci\u00f3n obtenida resulta vital para costear los elevados gastos de traslado y log\u00edstica que implica una competencia de escala internacional en territorio europeo.<\/p>\n<p dir=\"ltr\">\u200b\u00bbFue emocionante ver el sal\u00f3n lleno: alrededor de 100 personas se sumaron a esta causa solidaria\u00bb, expresaron desde la organizaci\u00f3n de Atletismo Mercedes, agradeciendo el constante apoyo de los mercedinos hacia sus deportistas.<\/p>\n<h3 dir=\"ltr\">\u200bRumbo a Dinamarca<\/h3>\n<p dir=\"ltr\">\u200bLa figura de Laureano Rosa ha generado una gran movilizaci\u00f3n en el \u00e1mbito deportivo local. Su clasificaci\u00f3n al mundial no solo representa un logro personal, sino un hito para la Asociaci\u00f3n Atl\u00e9tica, que busca profesionalizar y acompa\u00f1ar cada vez m\u00e1s de cerca a sus atletas de \u00e9lite.<\/p>\n<p dir=\"ltr\">\u200bEste tipo de iniciativas solidarias refuerza el tejido social de Mercedes, demostrando que el esfuerzo individual de los deportistas cuenta con el respaldo institucional y ciudadano necesario para alcanzar metas globales.<\/p>\n","protected":false},"excerpt":{"rendered":"<p>Con una convocatoria que super\u00f3 las 100 personas, se recaudaron fondos para la Asociaci\u00f3n Atl\u00e9tica de Mercedes y para apoyar el viaje del atleta Laureano Rosa al Mundial de Dinamarca.<\/p>\n","protected":false},"author":16,"featured_media":185116,"comment_status":"closed","ping_status":"closed","sticky":false,"template":"","format":"standard","meta":{"footnotes":""},"categories":[5],"tags":[329,12265],"class_list":["post-185113","post","type-post","status-publish","format-standard","has-post-thumbnail","hentry","category-deportes","tag-atletismo","tag-laureano-rosa"],"yoast_head":"<!-- This site is optimized with the Yoast SEO plugin v27.4 - https:\/\/yoast.com\/product\/yoast-seo-wordpress\/ -->\n<title>\u00c9xito total en la cena a beneficio del atletismo mercedino<\/title>\n<meta name=\"description\" content=\"Con una convocatoria que super\u00f3 las 100 personas, se recaudaron fondos para la Asociaci\u00f3n Atl\u00e9tica de Mercedes y para apoyar el viaje del atleta Laureano Rosa al Mundial de Dinamarca.\" \/>\n<meta name=\"robots\" content=\"index, follow, max-snippet:-1, max-image-preview:large, max-video-preview:-1\" \/>\n<link rel=\"canonical\" href=\"https:\/\/noticiasmercedinas.com\/site\/2026\/04\/26\/exito-total-en-la-cena-a-beneficio-del-atletismo-mercedino\/\" \/>\n<meta property=\"og:locale\" content=\"es_ES\" \/>\n<meta property=\"og:type\" content=\"article\" \/>\n<meta property=\"og:title\" content=\"\u00c9xito total en la cena a beneficio del atletismo mercedino\" \/>\n<meta property=\"og:description\" content=\"Con una convocatoria que super\u00f3 las 100 personas, se recaudaron fondos para la Asociaci\u00f3n Atl\u00e9tica de Mercedes y para apoyar el viaje del atleta Laureano Rosa al Mundial de Dinamarca.\" \/>\n<meta property=\"og:url\" content=\"https:\/\/noticiasmercedinas.com\/site\/2026\/04\/26\/exito-total-en-la-cena-a-beneficio-del-atletismo-mercedino\/\" \/>\n<meta property=\"og:site_name\" content=\"NOTICIASMERCEDINAS.COM\" \/>\n<meta property=\"article:publisher\" content=\"https:\/\/www.facebook.com\/noticiasmercedinas\/\" \/>\n<meta property=\"article:published_time\" content=\"2026-04-26T13:12:44+00:00\" \/>\n<meta property=\"og:image\" content=\"https:\/\/noticiasmercedinas.com\/site\/wp-content\/uploads\/2026\/04\/IMG_20260426_100617.jpg\" \/>\n\t<meta property=\"og:image:width\" content=\"706\" \/>\n\t<meta property=\"og:image:height\" content=\"446\" \/>\n\t<meta property=\"og:image:type\" content=\"image\/jpeg\" \/>\n<meta name=\"author\" content=\"NOTICIASMERCEDINAS.COM\" \/>\n<meta name=\"twitter:card\" content=\"summary_large_image\" \/>\n<meta name=\"twitter:creator\" content=\"@notmercedinas\" \/>\n<meta name=\"twitter:site\" content=\"@notmercedinas\" \/>\n<meta name=\"twitter:label1\" content=\"Escrito por\" \/>\n\t<meta name=\"twitter:data1\" content=\"NOTICIASMERCEDINAS.COM\" \/>\n\t<meta name=\"twitter:label2\" content=\"Tiempo de lectura\" \/>\n\t<meta name=\"twitter:data2\" content=\"2 minutos\" \/>\n<script type=\"application\/ld+json\" class=\"yoast-schema-graph\">{\"@context\":\"https:\\\/\\\/schema.org\",\"@graph\":[{\"@type\":\"Article\",\"@id\":\"https:\\\/\\\/noticiasmercedinas.com\\\/site\\\/2026\\\/04\\\/26\\\/exito-total-en-la-cena-a-beneficio-del-atletismo-mercedino\\\/#article\",\"isPartOf\":{\"@id\":\"https:\\\/\\\/noticiasmercedinas.com\\\/site\\\/2026\\\/04\\\/26\\\/exito-total-en-la-cena-a-beneficio-del-atletismo-mercedino\\\/\"},\"author\":{\"name\":\"NOTICIASMERCEDINAS.COM\",\"@id\":\"https:\\\/\\\/noticiasmercedinas.com\\\/site\\\/#\\\/schema\\\/person\\\/84b59c099c28ff2e8b77d4ceec5d8063\"},\"headline\":\"\u00c9xito total en la cena a beneficio del atletismo mercedino\",\"datePublished\":\"2026-04-26T13:12:44+00:00\",\"mainEntityOfPage\":{\"@id\":\"https:\\\/\\\/noticiasmercedinas.com\\\/site\\\/2026\\\/04\\\/26\\\/exito-total-en-la-cena-a-beneficio-del-atletismo-mercedino\\\/\"},\"wordCount\":307,\"publisher\":{\"@id\":\"https:\\\/\\\/noticiasmercedinas.com\\\/site\\\/#organization\"},\"image\":{\"@id\":\"https:\\\/\\\/noticiasmercedinas.com\\\/site\\\/2026\\\/04\\\/26\\\/exito-total-en-la-cena-a-beneficio-del-atletismo-mercedino\\\/#primaryimage\"},\"thumbnailUrl\":\"https:\\\/\\\/noticiasmercedinas.com\\\/site\\\/wp-content\\\/uploads\\\/2026\\\/04\\\/IMG_20260426_100617.jpg\",\"keywords\":[\"atletismo\",\"laureano rosa\"],\"articleSection\":[\"Deportes\"],\"inLanguage\":\"es\"},{\"@type\":\"WebPage\",\"@id\":\"https:\\\/\\\/noticiasmercedinas.com\\\/site\\\/2026\\\/04\\\/26\\\/exito-total-en-la-cena-a-beneficio-del-atletismo-mercedino\\\/\",\"url\":\"https:\\\/\\\/noticiasmercedinas.com\\\/site\\\/2026\\\/04\\\/26\\\/exito-total-en-la-cena-a-beneficio-del-atletismo-mercedino\\\/\",\"name\":\"\u00c9xito total en la cena a beneficio del atletismo mercedino\",\"isPartOf\":{\"@id\":\"https:\\\/\\\/noticiasmercedinas.com\\\/site\\\/#website\"},\"primaryImageOfPage\":{\"@id\":\"https:\\\/\\\/noticiasmercedinas.com\\\/site\\\/2026\\\/04\\\/26\\\/exito-total-en-la-cena-a-beneficio-del-atletismo-mercedino\\\/#primaryimage\"},\"image\":{\"@id\":\"https:\\\/\\\/noticiasmercedinas.com\\\/site\\\/2026\\\/04\\\/26\\\/exito-total-en-la-cena-a-beneficio-del-atletismo-mercedino\\\/#primaryimage\"},\"thumbnailUrl\":\"https:\\\/\\\/noticiasmercedinas.com\\\/site\\\/wp-content\\\/uploads\\\/2026\\\/04\\\/IMG_20260426_100617.jpg\",\"datePublished\":\"2026-04-26T13:12:44+00:00\",\"description\":\"Con una convocatoria que super\u00f3 las 100 personas, se recaudaron fondos para la Asociaci\u00f3n Atl\u00e9tica de Mercedes y para apoyar el viaje del atleta Laureano Rosa al Mundial de Dinamarca.\",\"breadcrumb\":{\"@id\":\"https:\\\/\\\/noticiasmercedinas.com\\\/site\\\/2026\\\/04\\\/26\\\/exito-total-en-la-cena-a-beneficio-del-atletismo-mercedino\\\/#breadcrumb\"},\"inLanguage\":\"es\",\"potentialAction\":[{\"@type\":\"ReadAction\",\"target\":[\"https:\\\/\\\/noticiasmercedinas.com\\\/site\\\/2026\\\/04\\\/26\\\/exito-total-en-la-cena-a-beneficio-del-atletismo-mercedino\\\/\"]}]},{\"@type\":\"ImageObject\",\"inLanguage\":\"es\",\"@id\":\"https:\\\/\\\/noticiasmercedinas.com\\\/site\\\/2026\\\/04\\\/26\\\/exito-total-en-la-cena-a-beneficio-del-atletismo-mercedino\\\/#primaryimage\",\"url\":\"https:\\\/\\\/noticiasmercedinas.com\\\/site\\\/wp-content\\\/uploads\\\/2026\\\/04\\\/IMG_20260426_100617.jpg\",\"contentUrl\":\"https:\\\/\\\/noticiasmercedinas.com\\\/site\\\/wp-content\\\/uploads\\\/2026\\\/04\\\/IMG_20260426_100617.jpg\",\"width\":706,\"height\":446},{\"@type\":\"BreadcrumbList\",\"@id\":\"https:\\\/\\\/noticiasmercedinas.com\\\/site\\\/2026\\\/04\\\/26\\\/exito-total-en-la-cena-a-beneficio-del-atletismo-mercedino\\\/#breadcrumb\",\"itemListElement\":[{\"@type\":\"ListItem\",\"position\":1,\"name\":\"Portada\",\"item\":\"https:\\\/\\\/noticiasmercedinas.com\\\/site\\\/\"},{\"@type\":\"ListItem\",\"position\":2,\"name\":\"\u00c9xito total en la cena a beneficio del atletismo mercedino\"}]},{\"@type\":\"WebSite\",\"@id\":\"https:\\\/\\\/noticiasmercedinas.com\\\/site\\\/#website\",\"url\":\"https:\\\/\\\/noticiasmercedinas.com\\\/site\\\/\",\"name\":\"NOTICIASMERCEDINAS.COM\",\"description\":\"Mercedes, Buenos Aires, Argentina\",\"publisher\":{\"@id\":\"https:\\\/\\\/noticiasmercedinas.com\\\/site\\\/#organization\"},\"potentialAction\":[{\"@type\":\"SearchAction\",\"target\":{\"@type\":\"EntryPoint\",\"urlTemplate\":\"https:\\\/\\\/noticiasmercedinas.com\\\/site\\\/?s={search_term_string}\"},\"query-input\":{\"@type\":\"PropertyValueSpecification\",\"valueRequired\":true,\"valueName\":\"search_term_string\"}}],\"inLanguage\":\"es\"},{\"@type\":\"Organization\",\"@id\":\"https:\\\/\\\/noticiasmercedinas.com\\\/site\\\/#organization\",\"name\":\"NOTICIASMERCEDINAS.COM\",\"url\":\"https:\\\/\\\/noticiasmercedinas.com\\\/site\\\/\",\"logo\":{\"@type\":\"ImageObject\",\"inLanguage\":\"es\",\"@id\":\"https:\\\/\\\/noticiasmercedinas.com\\\/site\\\/#\\\/schema\\\/logo\\\/image\\\/\",\"url\":\"https:\\\/\\\/noticiasmercedinas.com\\\/site\\\/wp-content\\\/uploads\\\/2020\\\/06\\\/LOGO-512.jpg\",\"contentUrl\":\"https:\\\/\\\/noticiasmercedinas.com\\\/site\\\/wp-content\\\/uploads\\\/2020\\\/06\\\/LOGO-512.jpg\",\"width\":512,\"height\":512,\"caption\":\"NOTICIASMERCEDINAS.COM\"},\"image\":{\"@id\":\"https:\\\/\\\/noticiasmercedinas.com\\\/site\\\/#\\\/schema\\\/logo\\\/image\\\/\"},\"sameAs\":[\"https:\\\/\\\/www.facebook.com\\\/noticiasmercedinas\\\/\",\"https:\\\/\\\/x.com\\\/notmercedinas\",\"https:\\\/\\\/www.instagram.com\\\/noticiasmercedinas\\\/\"]},{\"@type\":\"Person\",\"@id\":\"https:\\\/\\\/noticiasmercedinas.com\\\/site\\\/#\\\/schema\\\/person\\\/84b59c099c28ff2e8b77d4ceec5d8063\",\"name\":\"NOTICIASMERCEDINAS.COM\",\"image\":{\"@type\":\"ImageObject\",\"inLanguage\":\"es\",\"@id\":\"https:\\\/\\\/secure.gravatar.com\\\/avatar\\\/4dfbf16b4d17945bfb6341b2d19043457132fcf478a5ee04f42e959fd8f5df0a?s=96&d=mm&r=g\",\"url\":\"https:\\\/\\\/secure.gravatar.com\\\/avatar\\\/4dfbf16b4d17945bfb6341b2d19043457132fcf478a5ee04f42e959fd8f5df0a?s=96&d=mm&r=g\",\"contentUrl\":\"https:\\\/\\\/secure.gravatar.com\\\/avatar\\\/4dfbf16b4d17945bfb6341b2d19043457132fcf478a5ee04f42e959fd8f5df0a?s=96&d=mm&r=g\",\"caption\":\"NOTICIASMERCEDINAS.COM\"},\"url\":\"https:\\\/\\\/noticiasmercedinas.com\\\/site\\\/author\\\/anonimo\\\/\"}]}<\/script>\n<!-- \/ Yoast SEO plugin. -->","yoast_head_json":{"title":"\u00c9xito total en la cena a beneficio del atletismo mercedino","description":"Con una convocatoria que super\u00f3 las 100 personas, se recaudaron fondos para la Asociaci\u00f3n Atl\u00e9tica de Mercedes y para apoyar el viaje del atleta Laureano Rosa al Mundial de Dinamarca.","robots":{"index":"index","follow":"follow","max-snippet":"max-snippet:-1","max-image-preview":"max-image-preview:large","max-video-preview":"max-video-preview:-1"},"canonical":"https:\/\/noticiasmercedinas.com\/site\/2026\/04\/26\/exito-total-en-la-cena-a-beneficio-del-atletismo-mercedino\/","og_locale":"es_ES","og_type":"article","og_title":"\u00c9xito total en la cena a beneficio del atletismo mercedino","og_description":"Con una convocatoria que super\u00f3 las 100 personas, se recaudaron fondos para la Asociaci\u00f3n Atl\u00e9tica de Mercedes y para apoyar el viaje del atleta Laureano Rosa al Mundial de Dinamarca.","og_url":"https:\/\/noticiasmercedinas.com\/site\/2026\/04\/26\/exito-total-en-la-cena-a-beneficio-del-atletismo-mercedino\/","og_site_name":"NOTICIASMERCEDINAS.COM","article_publisher":"https:\/\/www.facebook.com\/noticiasmercedinas\/","article_published_time":"2026-04-26T13:12:44+00:00","og_image":[{"width":706,"height":446,"url":"https:\/\/noticiasmercedinas.com\/site\/wp-content\/uploads\/2026\/04\/IMG_20260426_100617.jpg","type":"image\/jpeg"}],"author":"NOTICIASMERCEDINAS.COM","twitter_card":"summary_large_image","twitter_creator":"@notmercedinas","twitter_site":"@notmercedinas","twitter_misc":{"Escrito por":"NOTICIASMERCEDINAS.COM","Tiempo de lectura":"2 minutos"},"schema":{"@context":"https:\/\/schema.org","@graph":[{"@type":"Article","@id":"https:\/\/noticiasmercedinas.com\/site\/2026\/04\/26\/exito-total-en-la-cena-a-beneficio-del-atletismo-mercedino\/#article","isPartOf":{"@id":"https:\/\/noticiasmercedinas.com\/site\/2026\/04\/26\/exito-total-en-la-cena-a-beneficio-del-atletismo-mercedino\/"},"author":{"name":"NOTICIASMERCEDINAS.COM","@id":"https:\/\/noticiasmercedinas.com\/site\/#\/schema\/person\/84b59c099c28ff2e8b77d4ceec5d8063"},"headline":"\u00c9xito total en la cena a beneficio del atletismo mercedino","datePublished":"2026-04-26T13:12:44+00:00","mainEntityOfPage":{"@id":"https:\/\/noticiasmercedinas.com\/site\/2026\/04\/26\/exito-total-en-la-cena-a-beneficio-del-atletismo-mercedino\/"},"wordCount":307,"publisher":{"@id":"https:\/\/noticiasmercedinas.com\/site\/#organization"},"image":{"@id":"https:\/\/noticiasmercedinas.com\/site\/2026\/04\/26\/exito-total-en-la-cena-a-beneficio-del-atletismo-mercedino\/#primaryimage"},"thumbnailUrl":"https:\/\/noticiasmercedinas.com\/site\/wp-content\/uploads\/2026\/04\/IMG_20260426_100617.jpg","keywords":["atletismo","laureano rosa"],"articleSection":["Deportes"],"inLanguage":"es"},{"@type":"WebPage","@id":"https:\/\/noticiasmercedinas.com\/site\/2026\/04\/26\/exito-total-en-la-cena-a-beneficio-del-atletismo-mercedino\/","url":"https:\/\/noticiasmercedinas.com\/site\/2026\/04\/26\/exito-total-en-la-cena-a-beneficio-del-atletismo-mercedino\/","name":"\u00c9xito total en la cena a beneficio del atletismo mercedino","isPartOf":{"@id":"https:\/\/noticiasmercedinas.com\/site\/#website"},"primaryImageOfPage":{"@id":"https:\/\/noticiasmercedinas.com\/site\/2026\/04\/26\/exito-total-en-la-cena-a-beneficio-del-atletismo-mercedino\/#primaryimage"},"image":{"@id":"https:\/\/noticiasmercedinas.com\/site\/2026\/04\/26\/exito-total-en-la-cena-a-beneficio-del-atletismo-mercedino\/#primaryimage"},"thumbnailUrl":"https:\/\/noticiasmercedinas.com\/site\/wp-content\/uploads\/2026\/04\/IMG_20260426_100617.jpg","datePublished":"2026-04-26T13:12:44+00:00","description":"Con una convocatoria que super\u00f3 las 100 personas, se recaudaron fondos para la Asociaci\u00f3n Atl\u00e9tica de Mercedes y para apoyar el viaje del atleta Laureano Rosa al Mundial de Dinamarca.","breadcrumb":{"@id":"https:\/\/noticiasmercedinas.com\/site\/2026\/04\/26\/exito-total-en-la-cena-a-beneficio-del-atletismo-mercedino\/#breadcrumb"},"inLanguage":"es","potentialAction":[{"@type":"ReadAction","target":["https:\/\/noticiasmercedinas.com\/site\/2026\/04\/26\/exito-total-en-la-cena-a-beneficio-del-atletismo-mercedino\/"]}]},{"@type":"ImageObject","inLanguage":"es","@id":"https:\/\/noticiasmercedinas.com\/site\/2026\/04\/26\/exito-total-en-la-cena-a-beneficio-del-atletismo-mercedino\/#primaryimage","url":"https:\/\/noticiasmercedinas.com\/site\/wp-content\/uploads\/2026\/04\/IMG_20260426_100617.jpg","contentUrl":"https:\/\/noticiasmercedinas.com\/site\/wp-content\/uploads\/2026\/04\/IMG_20260426_100617.jpg","width":706,"height":446},{"@type":"BreadcrumbList","@id":"https:\/\/noticiasmercedinas.com\/site\/2026\/04\/26\/exito-total-en-la-cena-a-beneficio-del-atletismo-mercedino\/#breadcrumb","itemListElement":[{"@type":"ListItem","position":1,"name":"Portada","item":"https:\/\/noticiasmercedinas.com\/site\/"},{"@type":"ListItem","position":2,"name":"\u00c9xito total en la cena a beneficio del atletismo mercedino"}]},{"@type":"WebSite","@id":"https:\/\/noticiasmercedinas.com\/site\/#website","url":"https:\/\/noticiasmercedinas.com\/site\/","name":"NOTICIASMERCEDINAS.COM","description":"Mercedes, Buenos Aires, Argentina","publisher":{"@id":"https:\/\/noticiasmercedinas.com\/site\/#organization"},"potentialAction":[{"@type":"SearchAction","target":{"@type":"EntryPoint","urlTemplate":"https:\/\/noticiasmercedinas.com\/site\/?s={search_term_string}"},"query-input":{"@type":"PropertyValueSpecification","valueRequired":true,"valueName":"search_term_string"}}],"inLanguage":"es"},{"@type":"Organization","@id":"https:\/\/noticiasmercedinas.com\/site\/#organization","name":"NOTICIASMERCEDINAS.COM","url":"https:\/\/noticiasmercedinas.com\/site\/","logo":{"@type":"ImageObject","inLanguage":"es","@id":"https:\/\/noticiasmercedinas.com\/site\/#\/schema\/logo\/image\/","url":"https:\/\/noticiasmercedinas.com\/site\/wp-content\/uploads\/2020\/06\/LOGO-512.jpg","contentUrl":"https:\/\/noticiasmercedinas.com\/site\/wp-content\/uploads\/2020\/06\/LOGO-512.jpg","width":512,"height":512,"caption":"NOTICIASMERCEDINAS.COM"},"image":{"@id":"https:\/\/noticiasmercedinas.com\/site\/#\/schema\/logo\/image\/"},"sameAs":["https:\/\/www.facebook.com\/noticiasmercedinas\/","https:\/\/x.com\/notmercedinas","https:\/\/www.instagram.com\/noticiasmercedinas\/"]},{"@type":"Person","@id":"https:\/\/noticiasmercedinas.com\/site\/#\/schema\/person\/84b59c099c28ff2e8b77d4ceec5d8063","name":"NOTICIASMERCEDINAS.COM","image":{"@type":"ImageObject","inLanguage":"es","@id":"https:\/\/secure.gravatar.com\/avatar\/4dfbf16b4d17945bfb6341b2d19043457132fcf478a5ee04f42e959fd8f5df0a?s=96&d=mm&r=g","url":"https:\/\/secure.gravatar.com\/avatar\/4dfbf16b4d17945bfb6341b2d19043457132fcf478a5ee04f42e959fd8f5df0a?s=96&d=mm&r=g","contentUrl":"https:\/\/secure.gravatar.com\/avatar\/4dfbf16b4d17945bfb6341b2d19043457132fcf478a5ee04f42e959fd8f5df0a?s=96&d=mm&r=g","caption":"NOTICIASMERCEDINAS.COM"},"url":"https:\/\/noticiasmercedinas.com\/site\/author\/anonimo\/"}]}},"amp_enabled":true,"_links":{"self":[{"href":"https:\/\/noticiasmercedinas.com\/site\/wp-json\/wp\/v2\/posts\/185113","targetHints":{"allow":["GET"]}}],"collection":[{"href":"https:\/\/noticiasmercedinas.com\/site\/wp-json\/wp\/v2\/posts"}],"about":[{"href":"https:\/\/noticiasmercedinas.com\/site\/wp-json\/wp\/v2\/types\/post"}],"author":[{"embeddable":true,"href":"https:\/\/noticiasmercedinas.com\/site\/wp-json\/wp\/v2\/users\/16"}],"replies":[{"embeddable":true,"href":"https:\/\/noticiasmercedinas.com\/site\/wp-json\/wp\/v2\/comments?post=185113"}],"version-history":[{"count":3,"href":"https:\/\/noticiasmercedinas.com\/site\/wp-json\/wp\/v2\/posts\/185113\/revisions"}],"predecessor-version":[{"id":185117,"href":"https:\/\/noticiasmercedinas.com\/site\/wp-json\/wp\/v2\/posts\/185113\/revisions\/185117"}],"wp:featuredmedia":[{"embeddable":true,"href":"https:\/\/noticiasmercedinas.com\/site\/wp-json\/wp\/v2\/media\/185116"}],"wp:attachment":[{"href":"https:\/\/noticiasmercedinas.com\/site\/wp-json\/wp\/v2\/media?parent=185113"}],"wp:term":[{"taxonomy":"category","embeddable":true,"href":"https:\/\/noticiasmercedinas.com\/site\/wp-json\/wp\/v2\/categories?post=185113"},{"taxonomy":"post_tag","embeddable":true,"href":"https:\/\/noticiasmercedinas.com\/site\/wp-json\/wp\/v2\/tags?post=185113"}],"curies":[{"name":"wp","href":"https:\/\/api.w.org\/{rel}","templated":true}]}}