{"id":185118,"date":"2026-04-26T10:28:41","date_gmt":"2026-04-26T13:28:41","guid":{"rendered":"https:\/\/noticiasmercedinas.com\/site\/?p=185118"},"modified":"2026-04-26T21:19:53","modified_gmt":"2026-04-27T00:19:53","slug":"la-fauba-impulsa-una-ruta-agroturistica-con-sello-local-en-mercedes","status":"publish","type":"post","link":"https:\/\/noticiasmercedinas.com\/site\/2026\/04\/26\/la-fauba-impulsa-una-ruta-agroturistica-con-sello-local-en-mercedes\/","title":{"rendered":"La FAUBA impulsa una ruta agrotur\u00edstica con sello local en Mercedes"},"content":{"rendered":"<p><img loading=\"lazy\" decoding=\"async\" class=\"alignnone size-full wp-image-185120\" src=\"https:\/\/noticiasmercedinas.com\/site\/wp-content\/uploads\/2026\/04\/convenio-mercedes.JPG.webp\" alt=\"\" width=\"800\" height=\"450\" srcset=\"https:\/\/noticiasmercedinas.com\/site\/wp-content\/uploads\/2026\/04\/convenio-mercedes.JPG.webp 800w, https:\/\/noticiasmercedinas.com\/site\/wp-content\/uploads\/2026\/04\/convenio-mercedes.JPG-300x169.webp 300w, https:\/\/noticiasmercedinas.com\/site\/wp-content\/uploads\/2026\/04\/convenio-mercedes.JPG-768x432.webp 768w, https:\/\/noticiasmercedinas.com\/site\/wp-content\/uploads\/2026\/04\/convenio-mercedes.JPG-640x360.webp 640w, https:\/\/noticiasmercedinas.com\/site\/wp-content\/uploads\/2026\/04\/convenio-mercedes.JPG-681x383.webp 681w\" sizes=\"auto, (max-width: 800px) 100vw, 800px\" \/><\/p>\n<p>En el marco del fortalecimiento de v\u00ednculos entre la universidad y los territorios, la Facultad de Agronom\u00eda de la UBA, a trav\u00e9s de la C\u00e1tedra de Turismo Rural, estableci\u00f3 un convenio de trabajo con el Municipio de Mercedes (provincia de Buenos Aires) para impulsar el desarrollo rural y tur\u00edstico regional.<\/p>\n<p>Este acuerdo, firmado entre la decana de FAUBA Adriana Rodr\u00edguez y el intendente de Mercedes Juan Ignacio Ustarroz, prev\u00e9 la conformaci\u00f3n de una ruta tur\u00edstica de sabores y saberes locales para consolidar el posicionamiento comercial y la sostenibilidad de los emprendimientos mercedinos. La Facultad ser\u00e1 la encargada de brindar asistencia t\u00e9cnica en territorio, instancias de capacitaci\u00f3n, relevamientos productivos y el desarrollo de estrategias para fortalecer las cadenas de valor locales.<\/p>\n<p>El proyecto contempla el dise\u00f1o de circuitos tur\u00edsticos tem\u00e1ticos que integren productos y experiencias gastron\u00f3micas, promoviendo el arraigo territorial y el consumo responsable.<\/p>\n<p>Adriana Rodr\u00edguez destac\u00f3 la relevancia del v\u00ednculo territorial: \u201cEste lazo con el municipio nos pone en terreno, no solo con algo muy importante para Mercedes como el turismo rural y el v\u00ednculo con productores y emprendedores, sino tambi\u00e9n con otros proyectos que llevamos desde hace tiempo\u201d.<\/p>\n<p>Entre esas l\u00edneas de trabajo, Rodr\u00edguez se\u00f1al\u00f3 otro proyecto que acompa\u00f1a a peque\u00f1os productores lecheros del distrito, quienes participaron recientemente de encuentros junto a equipos t\u00e9cnicos de la Facultad. Adem\u00e1s, mencion\u00f3 la continuidad de iniciativas como el diagn\u00f3stico y la planificaci\u00f3n ambiental del municipio, desarrollado por el Centro Interdisciplinario de Estudios en Pol\u00edticas Ambientales (CIEPA) y que ser\u00e1 retomado este a\u00f1o.<\/p>\n<p>En paralelo, la C\u00e1tedra de Turismo Rural impulsa acciones formativas en contacto directo con el territorio. La directora Sandra Fern\u00e1ndez, subray\u00f3: \u201cLa importancia de generar estos lazos tiene que ver con que nuestra Tecnicatura Universitaria en Turismo Rural est\u00e1 \u00edntimamente ligada a los procesos territoriales. Es nuestra funci\u00f3n, desde el enfoque de la extensi\u00f3n, colaborar en que el turismo rural genere desarrollo junto con los actores locales y con el gobierno\u201d.<\/p>\n<p>En ese marco, estudiantes de la carrera participar\u00e1n en instancias de capacitaci\u00f3n orientadas al dise\u00f1o de propuestas tur\u00edsticas locales, como la construcci\u00f3n de una ruta con identidad mercedina basada en tres productos clave: quesos, vinos y destilados.<\/p>\n<p>\u201cSiempre es bueno abrir nuevos espacios para que los estudiantes puedan tomar contacto con productores y con responsables del gobierno local. En este caso, tambi\u00e9n capacitarse en lo que es el armado de una ruta tur\u00edstica con sello mercedino\u201d, agreg\u00f3 Fern\u00e1ndez.<\/p>\n","protected":false},"excerpt":{"rendered":"<p>\u25a0 La iniciativa promueve la creaci\u00f3n de una ruta tur\u00edstica que articular\u00e1 sabores y saberes locales e integrar\u00e1 a peque\u00f1os productores de quesos, vinos y destilados en circuitos tem\u00e1ticos.<\/p>\n","protected":false},"author":16,"featured_media":185120,"comment_status":"closed","ping_status":"closed","sticky":false,"template":"","format":"standard","meta":{"footnotes":""},"categories":[15755,3],"tags":[22085,10029,264],"class_list":["post-185118","post","type-post","status-publish","format-standard","has-post-thumbnail","hentry","category-educacion","category-sociedad","tag-agroturismo","tag-fauna","tag-uba"],"yoast_head":"<!-- This site is optimized with the Yoast SEO plugin v27.4 - https:\/\/yoast.com\/product\/yoast-seo-wordpress\/ -->\n<title>La FAUBA impulsa una ruta agrotur\u00edstica con sello local en Mercedes<\/title>\n<meta name=\"description\" content=\"La iniciativa promueve la creaci\u00f3n de una ruta tur\u00edstica que articular\u00e1 sabores y saberes locales e integrar\u00e1 a peque\u00f1os productores de quesos, vinos y destilados en circuitos tem\u00e1ticos.\" \/>\n<meta name=\"robots\" content=\"index, follow, max-snippet:-1, max-image-preview:large, max-video-preview:-1\" \/>\n<link rel=\"canonical\" href=\"https:\/\/noticiasmercedinas.com\/site\/2026\/04\/26\/la-fauba-impulsa-una-ruta-agroturistica-con-sello-local-en-mercedes\/\" \/>\n<meta property=\"og:locale\" content=\"es_ES\" \/>\n<meta property=\"og:type\" content=\"article\" \/>\n<meta property=\"og:title\" content=\"La FAUBA impulsa una ruta agrotur\u00edstica con sello local en Mercedes\" \/>\n<meta property=\"og:description\" content=\"La iniciativa promueve la creaci\u00f3n de una ruta tur\u00edstica que articular\u00e1 sabores y saberes locales e integrar\u00e1 a peque\u00f1os productores de quesos, vinos y destilados en circuitos tem\u00e1ticos.\" \/>\n<meta property=\"og:url\" content=\"https:\/\/noticiasmercedinas.com\/site\/2026\/04\/26\/la-fauba-impulsa-una-ruta-agroturistica-con-sello-local-en-mercedes\/\" \/>\n<meta property=\"og:site_name\" content=\"NOTICIASMERCEDINAS.COM\" \/>\n<meta property=\"article:publisher\" content=\"https:\/\/www.facebook.com\/noticiasmercedinas\/\" \/>\n<meta property=\"article:published_time\" content=\"2026-04-26T13:28:41+00:00\" \/>\n<meta property=\"article:modified_time\" content=\"2026-04-27T00:19:53+00:00\" \/>\n<meta property=\"og:image\" content=\"https:\/\/noticiasmercedinas.com\/site\/wp-content\/uploads\/2026\/04\/convenio-mercedes.JPG.webp\" \/>\n\t<meta property=\"og:image:width\" content=\"800\" \/>\n\t<meta property=\"og:image:height\" content=\"450\" \/>\n\t<meta property=\"og:image:type\" content=\"image\/webp\" \/>\n<meta name=\"author\" content=\"NOTICIASMERCEDINAS.COM\" \/>\n<meta name=\"twitter:card\" content=\"summary_large_image\" \/>\n<meta name=\"twitter:creator\" content=\"@notmercedinas\" \/>\n<meta name=\"twitter:site\" content=\"@notmercedinas\" \/>\n<meta name=\"twitter:label1\" content=\"Escrito por\" \/>\n\t<meta name=\"twitter:data1\" content=\"NOTICIASMERCEDINAS.COM\" \/>\n\t<meta name=\"twitter:label2\" content=\"Tiempo de lectura\" \/>\n\t<meta name=\"twitter:data2\" content=\"3 minutos\" \/>\n<script type=\"application\/ld+json\" class=\"yoast-schema-graph\">{\"@context\":\"https:\\\/\\\/schema.org\",\"@graph\":[{\"@type\":\"Article\",\"@id\":\"https:\\\/\\\/noticiasmercedinas.com\\\/site\\\/2026\\\/04\\\/26\\\/la-fauba-impulsa-una-ruta-agroturistica-con-sello-local-en-mercedes\\\/#article\",\"isPartOf\":{\"@id\":\"https:\\\/\\\/noticiasmercedinas.com\\\/site\\\/2026\\\/04\\\/26\\\/la-fauba-impulsa-una-ruta-agroturistica-con-sello-local-en-mercedes\\\/\"},\"author\":{\"name\":\"NOTICIASMERCEDINAS.COM\",\"@id\":\"https:\\\/\\\/noticiasmercedinas.com\\\/site\\\/#\\\/schema\\\/person\\\/84b59c099c28ff2e8b77d4ceec5d8063\"},\"headline\":\"La FAUBA impulsa una ruta agrotur\u00edstica con sello local en Mercedes\",\"datePublished\":\"2026-04-26T13:28:41+00:00\",\"dateModified\":\"2026-04-27T00:19:53+00:00\",\"mainEntityOfPage\":{\"@id\":\"https:\\\/\\\/noticiasmercedinas.com\\\/site\\\/2026\\\/04\\\/26\\\/la-fauba-impulsa-una-ruta-agroturistica-con-sello-local-en-mercedes\\\/\"},\"wordCount\":452,\"publisher\":{\"@id\":\"https:\\\/\\\/noticiasmercedinas.com\\\/site\\\/#organization\"},\"image\":{\"@id\":\"https:\\\/\\\/noticiasmercedinas.com\\\/site\\\/2026\\\/04\\\/26\\\/la-fauba-impulsa-una-ruta-agroturistica-con-sello-local-en-mercedes\\\/#primaryimage\"},\"thumbnailUrl\":\"https:\\\/\\\/noticiasmercedinas.com\\\/site\\\/wp-content\\\/uploads\\\/2026\\\/04\\\/convenio-mercedes.JPG.webp\",\"keywords\":[\"agroturismo\",\"fauna\",\"uba\"],\"articleSection\":[\"Educacion\",\"Sociedad\"],\"inLanguage\":\"es\"},{\"@type\":\"WebPage\",\"@id\":\"https:\\\/\\\/noticiasmercedinas.com\\\/site\\\/2026\\\/04\\\/26\\\/la-fauba-impulsa-una-ruta-agroturistica-con-sello-local-en-mercedes\\\/\",\"url\":\"https:\\\/\\\/noticiasmercedinas.com\\\/site\\\/2026\\\/04\\\/26\\\/la-fauba-impulsa-una-ruta-agroturistica-con-sello-local-en-mercedes\\\/\",\"name\":\"La FAUBA impulsa una ruta agrotur\u00edstica con sello local en Mercedes\",\"isPartOf\":{\"@id\":\"https:\\\/\\\/noticiasmercedinas.com\\\/site\\\/#website\"},\"primaryImageOfPage\":{\"@id\":\"https:\\\/\\\/noticiasmercedinas.com\\\/site\\\/2026\\\/04\\\/26\\\/la-fauba-impulsa-una-ruta-agroturistica-con-sello-local-en-mercedes\\\/#primaryimage\"},\"image\":{\"@id\":\"https:\\\/\\\/noticiasmercedinas.com\\\/site\\\/2026\\\/04\\\/26\\\/la-fauba-impulsa-una-ruta-agroturistica-con-sello-local-en-mercedes\\\/#primaryimage\"},\"thumbnailUrl\":\"https:\\\/\\\/noticiasmercedinas.com\\\/site\\\/wp-content\\\/uploads\\\/2026\\\/04\\\/convenio-mercedes.JPG.webp\",\"datePublished\":\"2026-04-26T13:28:41+00:00\",\"dateModified\":\"2026-04-27T00:19:53+00:00\",\"description\":\"La iniciativa promueve la creaci\u00f3n de una ruta tur\u00edstica que articular\u00e1 sabores y saberes locales e integrar\u00e1 a peque\u00f1os productores de quesos, vinos y destilados en circuitos tem\u00e1ticos.\",\"breadcrumb\":{\"@id\":\"https:\\\/\\\/noticiasmercedinas.com\\\/site\\\/2026\\\/04\\\/26\\\/la-fauba-impulsa-una-ruta-agroturistica-con-sello-local-en-mercedes\\\/#breadcrumb\"},\"inLanguage\":\"es\",\"potentialAction\":[{\"@type\":\"ReadAction\",\"target\":[\"https:\\\/\\\/noticiasmercedinas.com\\\/site\\\/2026\\\/04\\\/26\\\/la-fauba-impulsa-una-ruta-agroturistica-con-sello-local-en-mercedes\\\/\"]}]},{\"@type\":\"ImageObject\",\"inLanguage\":\"es\",\"@id\":\"https:\\\/\\\/noticiasmercedinas.com\\\/site\\\/2026\\\/04\\\/26\\\/la-fauba-impulsa-una-ruta-agroturistica-con-sello-local-en-mercedes\\\/#primaryimage\",\"url\":\"https:\\\/\\\/noticiasmercedinas.com\\\/site\\\/wp-content\\\/uploads\\\/2026\\\/04\\\/convenio-mercedes.JPG.webp\",\"contentUrl\":\"https:\\\/\\\/noticiasmercedinas.com\\\/site\\\/wp-content\\\/uploads\\\/2026\\\/04\\\/convenio-mercedes.JPG.webp\",\"width\":800,\"height\":450},{\"@type\":\"BreadcrumbList\",\"@id\":\"https:\\\/\\\/noticiasmercedinas.com\\\/site\\\/2026\\\/04\\\/26\\\/la-fauba-impulsa-una-ruta-agroturistica-con-sello-local-en-mercedes\\\/#breadcrumb\",\"itemListElement\":[{\"@type\":\"ListItem\",\"position\":1,\"name\":\"Portada\",\"item\":\"https:\\\/\\\/noticiasmercedinas.com\\\/site\\\/\"},{\"@type\":\"ListItem\",\"position\":2,\"name\":\"La FAUBA impulsa una ruta agrotur\u00edstica con sello local en Mercedes\"}]},{\"@type\":\"WebSite\",\"@id\":\"https:\\\/\\\/noticiasmercedinas.com\\\/site\\\/#website\",\"url\":\"https:\\\/\\\/noticiasmercedinas.com\\\/site\\\/\",\"name\":\"NOTICIASMERCEDINAS.COM\",\"description\":\"Mercedes, Buenos Aires, Argentina\",\"publisher\":{\"@id\":\"https:\\\/\\\/noticiasmercedinas.com\\\/site\\\/#organization\"},\"potentialAction\":[{\"@type\":\"SearchAction\",\"target\":{\"@type\":\"EntryPoint\",\"urlTemplate\":\"https:\\\/\\\/noticiasmercedinas.com\\\/site\\\/?s={search_term_string}\"},\"query-input\":{\"@type\":\"PropertyValueSpecification\",\"valueRequired\":true,\"valueName\":\"search_term_string\"}}],\"inLanguage\":\"es\"},{\"@type\":\"Organization\",\"@id\":\"https:\\\/\\\/noticiasmercedinas.com\\\/site\\\/#organization\",\"name\":\"NOTICIASMERCEDINAS.COM\",\"url\":\"https:\\\/\\\/noticiasmercedinas.com\\\/site\\\/\",\"logo\":{\"@type\":\"ImageObject\",\"inLanguage\":\"es\",\"@id\":\"https:\\\/\\\/noticiasmercedinas.com\\\/site\\\/#\\\/schema\\\/logo\\\/image\\\/\",\"url\":\"https:\\\/\\\/noticiasmercedinas.com\\\/site\\\/wp-content\\\/uploads\\\/2020\\\/06\\\/LOGO-512.jpg\",\"contentUrl\":\"https:\\\/\\\/noticiasmercedinas.com\\\/site\\\/wp-content\\\/uploads\\\/2020\\\/06\\\/LOGO-512.jpg\",\"width\":512,\"height\":512,\"caption\":\"NOTICIASMERCEDINAS.COM\"},\"image\":{\"@id\":\"https:\\\/\\\/noticiasmercedinas.com\\\/site\\\/#\\\/schema\\\/logo\\\/image\\\/\"},\"sameAs\":[\"https:\\\/\\\/www.facebook.com\\\/noticiasmercedinas\\\/\",\"https:\\\/\\\/x.com\\\/notmercedinas\",\"https:\\\/\\\/www.instagram.com\\\/noticiasmercedinas\\\/\"]},{\"@type\":\"Person\",\"@id\":\"https:\\\/\\\/noticiasmercedinas.com\\\/site\\\/#\\\/schema\\\/person\\\/84b59c099c28ff2e8b77d4ceec5d8063\",\"name\":\"NOTICIASMERCEDINAS.COM\",\"image\":{\"@type\":\"ImageObject\",\"inLanguage\":\"es\",\"@id\":\"https:\\\/\\\/secure.gravatar.com\\\/avatar\\\/4dfbf16b4d17945bfb6341b2d19043457132fcf478a5ee04f42e959fd8f5df0a?s=96&d=mm&r=g\",\"url\":\"https:\\\/\\\/secure.gravatar.com\\\/avatar\\\/4dfbf16b4d17945bfb6341b2d19043457132fcf478a5ee04f42e959fd8f5df0a?s=96&d=mm&r=g\",\"contentUrl\":\"https:\\\/\\\/secure.gravatar.com\\\/avatar\\\/4dfbf16b4d17945bfb6341b2d19043457132fcf478a5ee04f42e959fd8f5df0a?s=96&d=mm&r=g\",\"caption\":\"NOTICIASMERCEDINAS.COM\"},\"url\":\"https:\\\/\\\/noticiasmercedinas.com\\\/site\\\/author\\\/anonimo\\\/\"}]}<\/script>\n<!-- \/ Yoast SEO plugin. -->","yoast_head_json":{"title":"La FAUBA impulsa una ruta agrotur\u00edstica con sello local en Mercedes","description":"La iniciativa promueve la creaci\u00f3n de una ruta tur\u00edstica que articular\u00e1 sabores y saberes locales e integrar\u00e1 a peque\u00f1os productores de quesos, vinos y destilados en circuitos tem\u00e1ticos.","robots":{"index":"index","follow":"follow","max-snippet":"max-snippet:-1","max-image-preview":"max-image-preview:large","max-video-preview":"max-video-preview:-1"},"canonical":"https:\/\/noticiasmercedinas.com\/site\/2026\/04\/26\/la-fauba-impulsa-una-ruta-agroturistica-con-sello-local-en-mercedes\/","og_locale":"es_ES","og_type":"article","og_title":"La FAUBA impulsa una ruta agrotur\u00edstica con sello local en Mercedes","og_description":"La iniciativa promueve la creaci\u00f3n de una ruta tur\u00edstica que articular\u00e1 sabores y saberes locales e integrar\u00e1 a peque\u00f1os productores de quesos, vinos y destilados en circuitos tem\u00e1ticos.","og_url":"https:\/\/noticiasmercedinas.com\/site\/2026\/04\/26\/la-fauba-impulsa-una-ruta-agroturistica-con-sello-local-en-mercedes\/","og_site_name":"NOTICIASMERCEDINAS.COM","article_publisher":"https:\/\/www.facebook.com\/noticiasmercedinas\/","article_published_time":"2026-04-26T13:28:41+00:00","article_modified_time":"2026-04-27T00:19:53+00:00","og_image":[{"width":800,"height":450,"url":"https:\/\/noticiasmercedinas.com\/site\/wp-content\/uploads\/2026\/04\/convenio-mercedes.JPG.webp","type":"image\/webp"}],"author":"NOTICIASMERCEDINAS.COM","twitter_card":"summary_large_image","twitter_creator":"@notmercedinas","twitter_site":"@notmercedinas","twitter_misc":{"Escrito por":"NOTICIASMERCEDINAS.COM","Tiempo de lectura":"3 minutos"},"schema":{"@context":"https:\/\/schema.org","@graph":[{"@type":"Article","@id":"https:\/\/noticiasmercedinas.com\/site\/2026\/04\/26\/la-fauba-impulsa-una-ruta-agroturistica-con-sello-local-en-mercedes\/#article","isPartOf":{"@id":"https:\/\/noticiasmercedinas.com\/site\/2026\/04\/26\/la-fauba-impulsa-una-ruta-agroturistica-con-sello-local-en-mercedes\/"},"author":{"name":"NOTICIASMERCEDINAS.COM","@id":"https:\/\/noticiasmercedinas.com\/site\/#\/schema\/person\/84b59c099c28ff2e8b77d4ceec5d8063"},"headline":"La FAUBA impulsa una ruta agrotur\u00edstica con sello local en Mercedes","datePublished":"2026-04-26T13:28:41+00:00","dateModified":"2026-04-27T00:19:53+00:00","mainEntityOfPage":{"@id":"https:\/\/noticiasmercedinas.com\/site\/2026\/04\/26\/la-fauba-impulsa-una-ruta-agroturistica-con-sello-local-en-mercedes\/"},"wordCount":452,"publisher":{"@id":"https:\/\/noticiasmercedinas.com\/site\/#organization"},"image":{"@id":"https:\/\/noticiasmercedinas.com\/site\/2026\/04\/26\/la-fauba-impulsa-una-ruta-agroturistica-con-sello-local-en-mercedes\/#primaryimage"},"thumbnailUrl":"https:\/\/noticiasmercedinas.com\/site\/wp-content\/uploads\/2026\/04\/convenio-mercedes.JPG.webp","keywords":["agroturismo","fauna","uba"],"articleSection":["Educacion","Sociedad"],"inLanguage":"es"},{"@type":"WebPage","@id":"https:\/\/noticiasmercedinas.com\/site\/2026\/04\/26\/la-fauba-impulsa-una-ruta-agroturistica-con-sello-local-en-mercedes\/","url":"https:\/\/noticiasmercedinas.com\/site\/2026\/04\/26\/la-fauba-impulsa-una-ruta-agroturistica-con-sello-local-en-mercedes\/","name":"La FAUBA impulsa una ruta agrotur\u00edstica con sello local en Mercedes","isPartOf":{"@id":"https:\/\/noticiasmercedinas.com\/site\/#website"},"primaryImageOfPage":{"@id":"https:\/\/noticiasmercedinas.com\/site\/2026\/04\/26\/la-fauba-impulsa-una-ruta-agroturistica-con-sello-local-en-mercedes\/#primaryimage"},"image":{"@id":"https:\/\/noticiasmercedinas.com\/site\/2026\/04\/26\/la-fauba-impulsa-una-ruta-agroturistica-con-sello-local-en-mercedes\/#primaryimage"},"thumbnailUrl":"https:\/\/noticiasmercedinas.com\/site\/wp-content\/uploads\/2026\/04\/convenio-mercedes.JPG.webp","datePublished":"2026-04-26T13:28:41+00:00","dateModified":"2026-04-27T00:19:53+00:00","description":"La iniciativa promueve la creaci\u00f3n de una ruta tur\u00edstica que articular\u00e1 sabores y saberes locales e integrar\u00e1 a peque\u00f1os productores de quesos, vinos y destilados en circuitos tem\u00e1ticos.","breadcrumb":{"@id":"https:\/\/noticiasmercedinas.com\/site\/2026\/04\/26\/la-fauba-impulsa-una-ruta-agroturistica-con-sello-local-en-mercedes\/#breadcrumb"},"inLanguage":"es","potentialAction":[{"@type":"ReadAction","target":["https:\/\/noticiasmercedinas.com\/site\/2026\/04\/26\/la-fauba-impulsa-una-ruta-agroturistica-con-sello-local-en-mercedes\/"]}]},{"@type":"ImageObject","inLanguage":"es","@id":"https:\/\/noticiasmercedinas.com\/site\/2026\/04\/26\/la-fauba-impulsa-una-ruta-agroturistica-con-sello-local-en-mercedes\/#primaryimage","url":"https:\/\/noticiasmercedinas.com\/site\/wp-content\/uploads\/2026\/04\/convenio-mercedes.JPG.webp","contentUrl":"https:\/\/noticiasmercedinas.com\/site\/wp-content\/uploads\/2026\/04\/convenio-mercedes.JPG.webp","width":800,"height":450},{"@type":"BreadcrumbList","@id":"https:\/\/noticiasmercedinas.com\/site\/2026\/04\/26\/la-fauba-impulsa-una-ruta-agroturistica-con-sello-local-en-mercedes\/#breadcrumb","itemListElement":[{"@type":"ListItem","position":1,"name":"Portada","item":"https:\/\/noticiasmercedinas.com\/site\/"},{"@type":"ListItem","position":2,"name":"La FAUBA impulsa una ruta agrotur\u00edstica con sello local en Mercedes"}]},{"@type":"WebSite","@id":"https:\/\/noticiasmercedinas.com\/site\/#website","url":"https:\/\/noticiasmercedinas.com\/site\/","name":"NOTICIASMERCEDINAS.COM","description":"Mercedes, Buenos Aires, Argentina","publisher":{"@id":"https:\/\/noticiasmercedinas.com\/site\/#organization"},"potentialAction":[{"@type":"SearchAction","target":{"@type":"EntryPoint","urlTemplate":"https:\/\/noticiasmercedinas.com\/site\/?s={search_term_string}"},"query-input":{"@type":"PropertyValueSpecification","valueRequired":true,"valueName":"search_term_string"}}],"inLanguage":"es"},{"@type":"Organization","@id":"https:\/\/noticiasmercedinas.com\/site\/#organization","name":"NOTICIASMERCEDINAS.COM","url":"https:\/\/noticiasmercedinas.com\/site\/","logo":{"@type":"ImageObject","inLanguage":"es","@id":"https:\/\/noticiasmercedinas.com\/site\/#\/schema\/logo\/image\/","url":"https:\/\/noticiasmercedinas.com\/site\/wp-content\/uploads\/2020\/06\/LOGO-512.jpg","contentUrl":"https:\/\/noticiasmercedinas.com\/site\/wp-content\/uploads\/2020\/06\/LOGO-512.jpg","width":512,"height":512,"caption":"NOTICIASMERCEDINAS.COM"},"image":{"@id":"https:\/\/noticiasmercedinas.com\/site\/#\/schema\/logo\/image\/"},"sameAs":["https:\/\/www.facebook.com\/noticiasmercedinas\/","https:\/\/x.com\/notmercedinas","https:\/\/www.instagram.com\/noticiasmercedinas\/"]},{"@type":"Person","@id":"https:\/\/noticiasmercedinas.com\/site\/#\/schema\/person\/84b59c099c28ff2e8b77d4ceec5d8063","name":"NOTICIASMERCEDINAS.COM","image":{"@type":"ImageObject","inLanguage":"es","@id":"https:\/\/secure.gravatar.com\/avatar\/4dfbf16b4d17945bfb6341b2d19043457132fcf478a5ee04f42e959fd8f5df0a?s=96&d=mm&r=g","url":"https:\/\/secure.gravatar.com\/avatar\/4dfbf16b4d17945bfb6341b2d19043457132fcf478a5ee04f42e959fd8f5df0a?s=96&d=mm&r=g","contentUrl":"https:\/\/secure.gravatar.com\/avatar\/4dfbf16b4d17945bfb6341b2d19043457132fcf478a5ee04f42e959fd8f5df0a?s=96&d=mm&r=g","caption":"NOTICIASMERCEDINAS.COM"},"url":"https:\/\/noticiasmercedinas.com\/site\/author\/anonimo\/"}]}},"amp_enabled":true,"_links":{"self":[{"href":"https:\/\/noticiasmercedinas.com\/site\/wp-json\/wp\/v2\/posts\/185118","targetHints":{"allow":["GET"]}}],"collection":[{"href":"https:\/\/noticiasmercedinas.com\/site\/wp-json\/wp\/v2\/posts"}],"about":[{"href":"https:\/\/noticiasmercedinas.com\/site\/wp-json\/wp\/v2\/types\/post"}],"author":[{"embeddable":true,"href":"https:\/\/noticiasmercedinas.com\/site\/wp-json\/wp\/v2\/users\/16"}],"replies":[{"embeddable":true,"href":"https:\/\/noticiasmercedinas.com\/site\/wp-json\/wp\/v2\/comments?post=185118"}],"version-history":[{"count":3,"href":"https:\/\/noticiasmercedinas.com\/site\/wp-json\/wp\/v2\/posts\/185118\/revisions"}],"predecessor-version":[{"id":185157,"href":"https:\/\/noticiasmercedinas.com\/site\/wp-json\/wp\/v2\/posts\/185118\/revisions\/185157"}],"wp:featuredmedia":[{"embeddable":true,"href":"https:\/\/noticiasmercedinas.com\/site\/wp-json\/wp\/v2\/media\/185120"}],"wp:attachment":[{"href":"https:\/\/noticiasmercedinas.com\/site\/wp-json\/wp\/v2\/media?parent=185118"}],"wp:term":[{"taxonomy":"category","embeddable":true,"href":"https:\/\/noticiasmercedinas.com\/site\/wp-json\/wp\/v2\/categories?post=185118"},{"taxonomy":"post_tag","embeddable":true,"href":"https:\/\/noticiasmercedinas.com\/site\/wp-json\/wp\/v2\/tags?post=185118"}],"curies":[{"name":"wp","href":"https:\/\/api.w.org\/{rel}","templated":true}]}}