{"id":185122,"date":"2026-04-26T11:23:36","date_gmt":"2026-04-26T14:23:36","guid":{"rendered":"https:\/\/noticiasmercedinas.com\/site\/?p=185122"},"modified":"2026-04-26T21:29:44","modified_gmt":"2026-04-27T00:29:44","slug":"buscan-reconocer-mediante-ordenanza-el-logro-mundial-de-la-patinadora-lola-montenegro","status":"publish","type":"post","link":"https:\/\/noticiasmercedinas.com\/site\/2026\/04\/26\/buscan-reconocer-mediante-ordenanza-el-logro-mundial-de-la-patinadora-lola-montenegro\/","title":{"rendered":"Buscan reconocer mediante ordenanza el logro mundial de la patinadora Lola Montenegro"},"content":{"rendered":"<h1 dir=\"ltr\"><img loading=\"lazy\" decoding=\"async\" class=\"alignnone size-full wp-image-185124\" src=\"https:\/\/noticiasmercedinas.com\/site\/wp-content\/uploads\/2026\/04\/IMG_20260426_103502.jpg\" alt=\"\" width=\"717\" height=\"517\" srcset=\"https:\/\/noticiasmercedinas.com\/site\/wp-content\/uploads\/2026\/04\/IMG_20260426_103502.jpg 717w, https:\/\/noticiasmercedinas.com\/site\/wp-content\/uploads\/2026\/04\/IMG_20260426_103502-300x216.jpg 300w, https:\/\/noticiasmercedinas.com\/site\/wp-content\/uploads\/2026\/04\/IMG_20260426_103502-640x461.jpg 640w, https:\/\/noticiasmercedinas.com\/site\/wp-content\/uploads\/2026\/04\/IMG_20260426_103502-681x491.jpg 681w\" sizes=\"auto, (max-width: 717px) 100vw, 717px\" \/><\/h1>\n<p dir=\"ltr\">\u200b<span style=\"font-family: Verdana, Geneva, sans-serif; font-size: 14px;\">El talento joven de la ciudad vuelve a ser protagonista en la agenda legislativa local. <\/span><\/p>\n<p dir=\"ltr\"><span style=\"font-family: Verdana, Geneva, sans-serif; font-size: 14px;\">El bloque de concejales y concejalas de <\/span><b style=\"font-family: Verdana, Geneva, sans-serif; font-size: 14px;\">Fuerza Patria<\/b><span style=\"font-family: Verdana, Geneva, sans-serif; font-size: 14px;\"> present\u00f3 formalmente un proyecto en el <\/span><b style=\"font-family: Verdana, Geneva, sans-serif; font-size: 14px;\">Honorable Concejo Deliberante (HCD)<\/b><span style=\"font-family: Verdana, Geneva, sans-serif; font-size: 14px;\"> para reconocer la destacada labor de <\/span><b style=\"font-family: Verdana, Geneva, sans-serif; font-size: 14px;\">Lola Montenegro<\/b><span style=\"font-family: Verdana, Geneva, sans-serif; font-size: 14px;\">, la patinadora mercedina que recientemente hizo historia en el deporte internacional.<\/span><\/p>\n<p dir=\"ltr\">\u200bCon apenas 14 a\u00f1os, Montenegro se consagr\u00f3 <b>campeona de la semifinal del Mundial de Pat\u00edn Art\u00edstico<\/b>, un resultado que le otorg\u00f3 el pase directo a la gran final mundial.<\/p>\n<p dir=\"ltr\">Este logro no solo la posiciona como una de las m\u00e1ximas promesas de la disciplina a nivel nacional, sino que tambi\u00e9n coloca el nombre de Mercedes en los podios m\u00e1s exigentes del mundo.<\/p>\n<h3 dir=\"ltr\">\u200bUn reconocimiento al esfuerzo y la familia<\/h3>\n<p dir=\"ltr\">\u200bLa concejal <b>Mariana San Mart\u00edn<\/b> visit\u00f3 personalmente a la joven deportista y destac\u00f3 que la iniciativa busca acompa\u00f1ar formalmente su recorrido y los desaf\u00edos que tiene por delante.<\/p>\n<p dir=\"ltr\">El proyecto legislativo resalta que el \u00e9xito de Lola es el resultado de una tr\u00edada fundamental: <b>el compromiso personal, el apoyo incondicional de su familia y el rol t\u00e9cnico de su entrenadora<\/b>.<\/p>\n<p dir=\"ltr\">\u200b\u00bbLola es un ejemplo de constancia, compromiso y pasi\u00f3n. Desde el Concejo Deliberante promovemos este reconocimiento como una forma de acompa\u00f1arla en este camino y en los nuevos desaf\u00edos que tiene por delante\u00bb, expres\u00f3 San Mart\u00edn, quien es presidenta del HCD de Mercedes.<\/p>\n<h3 dir=\"ltr\">\u200bImpacto en las instituciones locales<\/h3>\n<p dir=\"ltr\">\u200bEl reconocimiento tambi\u00e9n pone en valor el trabajo de las <b>instituciones deportivas mercedinas<\/b>, que funcionan como semilleros de talentos y permiten que j\u00f3venes como Lola puedan proyectar sus carreras hacia el alto rendimiento.<\/p>\n<p dir=\"ltr\">\u200bLa comunidad mercedina, a trav\u00e9s de sus representantes, busca con esta distinci\u00f3n brindar un respaldo institucional que sirva de incentivo para que m\u00e1s j\u00f3venes se vuelquen al deporte y al desarrollo de sus pasiones con el apoyo del Estado municipal.<\/p>\n","protected":false},"excerpt":{"rendered":"<p>\u25a0 Tras consagrarse campeona en la semifinal del Mundial de Pat\u00edn Art\u00edstico con solo 14 a\u00f1os, el bloque de concejales de Fuerza Patria impuls\u00f3 una iniciativa en el Honorable Concejo Deliberante para distinguir su trayectoria y esfuerzo.<\/p>\n","protected":false},"author":16,"featured_media":185124,"comment_status":"closed","ping_status":"closed","sticky":false,"template":"","format":"standard","meta":{"footnotes":""},"categories":[5,16],"tags":[243,20494,14232,156],"class_list":["post-185122","post","type-post","status-publish","format-standard","has-post-thumbnail","hentry","category-deportes","category-politica","tag-concejo-deliberante","tag-fuerza-patria","tag-lola-montenegro","tag-mariana-san-martin"],"yoast_head":"<!-- This site is optimized with the Yoast SEO plugin v27.4 - https:\/\/yoast.com\/product\/yoast-seo-wordpress\/ -->\n<title>Buscan reconocer mediante ordenanza el logro mundial de la patinadora Lola Montenegro<\/title>\n<meta name=\"description\" content=\"Tras consagrarse campeona en la semifinal del Mundial de Pat\u00edn Art\u00edstico con solo 14 a\u00f1os, el bloque de concejales de Fuerza Patria impuls\u00f3 una iniciativa en el Honorable Concejo Deliberante para distinguir su trayectoria y esfuerzo.\" \/>\n<meta name=\"robots\" content=\"index, follow, max-snippet:-1, max-image-preview:large, max-video-preview:-1\" \/>\n<link rel=\"canonical\" href=\"https:\/\/noticiasmercedinas.com\/site\/2026\/04\/26\/buscan-reconocer-mediante-ordenanza-el-logro-mundial-de-la-patinadora-lola-montenegro\/\" \/>\n<meta property=\"og:locale\" content=\"es_ES\" \/>\n<meta property=\"og:type\" content=\"article\" \/>\n<meta property=\"og:title\" content=\"Buscan reconocer mediante ordenanza el logro mundial de la patinadora Lola Montenegro\" \/>\n<meta property=\"og:description\" content=\"Tras consagrarse campeona en la semifinal del Mundial de Pat\u00edn Art\u00edstico con solo 14 a\u00f1os, el bloque de concejales de Fuerza Patria impuls\u00f3 una iniciativa en el Honorable Concejo Deliberante para distinguir su trayectoria y esfuerzo.\" \/>\n<meta property=\"og:url\" content=\"https:\/\/noticiasmercedinas.com\/site\/2026\/04\/26\/buscan-reconocer-mediante-ordenanza-el-logro-mundial-de-la-patinadora-lola-montenegro\/\" \/>\n<meta property=\"og:site_name\" content=\"NOTICIASMERCEDINAS.COM\" \/>\n<meta property=\"article:publisher\" content=\"https:\/\/www.facebook.com\/noticiasmercedinas\/\" \/>\n<meta property=\"article:published_time\" content=\"2026-04-26T14:23:36+00:00\" \/>\n<meta property=\"article:modified_time\" content=\"2026-04-27T00:29:44+00:00\" \/>\n<meta property=\"og:image\" content=\"https:\/\/noticiasmercedinas.com\/site\/wp-content\/uploads\/2026\/04\/IMG_20260426_103502.jpg\" \/>\n\t<meta property=\"og:image:width\" content=\"717\" \/>\n\t<meta property=\"og:image:height\" content=\"517\" \/>\n\t<meta property=\"og:image:type\" content=\"image\/jpeg\" \/>\n<meta name=\"author\" content=\"NOTICIASMERCEDINAS.COM\" \/>\n<meta name=\"twitter:card\" content=\"summary_large_image\" \/>\n<meta name=\"twitter:creator\" content=\"@notmercedinas\" \/>\n<meta name=\"twitter:site\" content=\"@notmercedinas\" \/>\n<meta name=\"twitter:label1\" content=\"Escrito por\" \/>\n\t<meta name=\"twitter:data1\" content=\"NOTICIASMERCEDINAS.COM\" \/>\n\t<meta name=\"twitter:label2\" content=\"Tiempo de lectura\" \/>\n\t<meta name=\"twitter:data2\" content=\"2 minutos\" \/>\n<script type=\"application\/ld+json\" class=\"yoast-schema-graph\">{\"@context\":\"https:\\\/\\\/schema.org\",\"@graph\":[{\"@type\":\"Article\",\"@id\":\"https:\\\/\\\/noticiasmercedinas.com\\\/site\\\/2026\\\/04\\\/26\\\/buscan-reconocer-mediante-ordenanza-el-logro-mundial-de-la-patinadora-lola-montenegro\\\/#article\",\"isPartOf\":{\"@id\":\"https:\\\/\\\/noticiasmercedinas.com\\\/site\\\/2026\\\/04\\\/26\\\/buscan-reconocer-mediante-ordenanza-el-logro-mundial-de-la-patinadora-lola-montenegro\\\/\"},\"author\":{\"name\":\"NOTICIASMERCEDINAS.COM\",\"@id\":\"https:\\\/\\\/noticiasmercedinas.com\\\/site\\\/#\\\/schema\\\/person\\\/84b59c099c28ff2e8b77d4ceec5d8063\"},\"headline\":\"Buscan reconocer mediante ordenanza el logro mundial de la patinadora Lola Montenegro\",\"datePublished\":\"2026-04-26T14:23:36+00:00\",\"dateModified\":\"2026-04-27T00:29:44+00:00\",\"mainEntityOfPage\":{\"@id\":\"https:\\\/\\\/noticiasmercedinas.com\\\/site\\\/2026\\\/04\\\/26\\\/buscan-reconocer-mediante-ordenanza-el-logro-mundial-de-la-patinadora-lola-montenegro\\\/\"},\"wordCount\":335,\"publisher\":{\"@id\":\"https:\\\/\\\/noticiasmercedinas.com\\\/site\\\/#organization\"},\"image\":{\"@id\":\"https:\\\/\\\/noticiasmercedinas.com\\\/site\\\/2026\\\/04\\\/26\\\/buscan-reconocer-mediante-ordenanza-el-logro-mundial-de-la-patinadora-lola-montenegro\\\/#primaryimage\"},\"thumbnailUrl\":\"https:\\\/\\\/noticiasmercedinas.com\\\/site\\\/wp-content\\\/uploads\\\/2026\\\/04\\\/IMG_20260426_103502.jpg\",\"keywords\":[\"concejo deliberante\",\"fuerza patria\",\"lola montenegro\",\"mariana san martin\"],\"articleSection\":[\"Deportes\",\"Politica\"],\"inLanguage\":\"es\"},{\"@type\":\"WebPage\",\"@id\":\"https:\\\/\\\/noticiasmercedinas.com\\\/site\\\/2026\\\/04\\\/26\\\/buscan-reconocer-mediante-ordenanza-el-logro-mundial-de-la-patinadora-lola-montenegro\\\/\",\"url\":\"https:\\\/\\\/noticiasmercedinas.com\\\/site\\\/2026\\\/04\\\/26\\\/buscan-reconocer-mediante-ordenanza-el-logro-mundial-de-la-patinadora-lola-montenegro\\\/\",\"name\":\"Buscan reconocer mediante ordenanza el logro mundial de la patinadora Lola Montenegro\",\"isPartOf\":{\"@id\":\"https:\\\/\\\/noticiasmercedinas.com\\\/site\\\/#website\"},\"primaryImageOfPage\":{\"@id\":\"https:\\\/\\\/noticiasmercedinas.com\\\/site\\\/2026\\\/04\\\/26\\\/buscan-reconocer-mediante-ordenanza-el-logro-mundial-de-la-patinadora-lola-montenegro\\\/#primaryimage\"},\"image\":{\"@id\":\"https:\\\/\\\/noticiasmercedinas.com\\\/site\\\/2026\\\/04\\\/26\\\/buscan-reconocer-mediante-ordenanza-el-logro-mundial-de-la-patinadora-lola-montenegro\\\/#primaryimage\"},\"thumbnailUrl\":\"https:\\\/\\\/noticiasmercedinas.com\\\/site\\\/wp-content\\\/uploads\\\/2026\\\/04\\\/IMG_20260426_103502.jpg\",\"datePublished\":\"2026-04-26T14:23:36+00:00\",\"dateModified\":\"2026-04-27T00:29:44+00:00\",\"description\":\"Tras consagrarse campeona en la semifinal del Mundial de Pat\u00edn Art\u00edstico con solo 14 a\u00f1os, el bloque de concejales de Fuerza Patria impuls\u00f3 una iniciativa en el Honorable Concejo Deliberante para distinguir su trayectoria y esfuerzo.\",\"breadcrumb\":{\"@id\":\"https:\\\/\\\/noticiasmercedinas.com\\\/site\\\/2026\\\/04\\\/26\\\/buscan-reconocer-mediante-ordenanza-el-logro-mundial-de-la-patinadora-lola-montenegro\\\/#breadcrumb\"},\"inLanguage\":\"es\",\"potentialAction\":[{\"@type\":\"ReadAction\",\"target\":[\"https:\\\/\\\/noticiasmercedinas.com\\\/site\\\/2026\\\/04\\\/26\\\/buscan-reconocer-mediante-ordenanza-el-logro-mundial-de-la-patinadora-lola-montenegro\\\/\"]}]},{\"@type\":\"ImageObject\",\"inLanguage\":\"es\",\"@id\":\"https:\\\/\\\/noticiasmercedinas.com\\\/site\\\/2026\\\/04\\\/26\\\/buscan-reconocer-mediante-ordenanza-el-logro-mundial-de-la-patinadora-lola-montenegro\\\/#primaryimage\",\"url\":\"https:\\\/\\\/noticiasmercedinas.com\\\/site\\\/wp-content\\\/uploads\\\/2026\\\/04\\\/IMG_20260426_103502.jpg\",\"contentUrl\":\"https:\\\/\\\/noticiasmercedinas.com\\\/site\\\/wp-content\\\/uploads\\\/2026\\\/04\\\/IMG_20260426_103502.jpg\",\"width\":717,\"height\":517},{\"@type\":\"BreadcrumbList\",\"@id\":\"https:\\\/\\\/noticiasmercedinas.com\\\/site\\\/2026\\\/04\\\/26\\\/buscan-reconocer-mediante-ordenanza-el-logro-mundial-de-la-patinadora-lola-montenegro\\\/#breadcrumb\",\"itemListElement\":[{\"@type\":\"ListItem\",\"position\":1,\"name\":\"Portada\",\"item\":\"https:\\\/\\\/noticiasmercedinas.com\\\/site\\\/\"},{\"@type\":\"ListItem\",\"position\":2,\"name\":\"Buscan reconocer mediante ordenanza el logro mundial de la patinadora Lola Montenegro\"}]},{\"@type\":\"WebSite\",\"@id\":\"https:\\\/\\\/noticiasmercedinas.com\\\/site\\\/#website\",\"url\":\"https:\\\/\\\/noticiasmercedinas.com\\\/site\\\/\",\"name\":\"NOTICIASMERCEDINAS.COM\",\"description\":\"Mercedes, Buenos Aires, Argentina\",\"publisher\":{\"@id\":\"https:\\\/\\\/noticiasmercedinas.com\\\/site\\\/#organization\"},\"potentialAction\":[{\"@type\":\"SearchAction\",\"target\":{\"@type\":\"EntryPoint\",\"urlTemplate\":\"https:\\\/\\\/noticiasmercedinas.com\\\/site\\\/?s={search_term_string}\"},\"query-input\":{\"@type\":\"PropertyValueSpecification\",\"valueRequired\":true,\"valueName\":\"search_term_string\"}}],\"inLanguage\":\"es\"},{\"@type\":\"Organization\",\"@id\":\"https:\\\/\\\/noticiasmercedinas.com\\\/site\\\/#organization\",\"name\":\"NOTICIASMERCEDINAS.COM\",\"url\":\"https:\\\/\\\/noticiasmercedinas.com\\\/site\\\/\",\"logo\":{\"@type\":\"ImageObject\",\"inLanguage\":\"es\",\"@id\":\"https:\\\/\\\/noticiasmercedinas.com\\\/site\\\/#\\\/schema\\\/logo\\\/image\\\/\",\"url\":\"https:\\\/\\\/noticiasmercedinas.com\\\/site\\\/wp-content\\\/uploads\\\/2020\\\/06\\\/LOGO-512.jpg\",\"contentUrl\":\"https:\\\/\\\/noticiasmercedinas.com\\\/site\\\/wp-content\\\/uploads\\\/2020\\\/06\\\/LOGO-512.jpg\",\"width\":512,\"height\":512,\"caption\":\"NOTICIASMERCEDINAS.COM\"},\"image\":{\"@id\":\"https:\\\/\\\/noticiasmercedinas.com\\\/site\\\/#\\\/schema\\\/logo\\\/image\\\/\"},\"sameAs\":[\"https:\\\/\\\/www.facebook.com\\\/noticiasmercedinas\\\/\",\"https:\\\/\\\/x.com\\\/notmercedinas\",\"https:\\\/\\\/www.instagram.com\\\/noticiasmercedinas\\\/\"]},{\"@type\":\"Person\",\"@id\":\"https:\\\/\\\/noticiasmercedinas.com\\\/site\\\/#\\\/schema\\\/person\\\/84b59c099c28ff2e8b77d4ceec5d8063\",\"name\":\"NOTICIASMERCEDINAS.COM\",\"image\":{\"@type\":\"ImageObject\",\"inLanguage\":\"es\",\"@id\":\"https:\\\/\\\/secure.gravatar.com\\\/avatar\\\/4dfbf16b4d17945bfb6341b2d19043457132fcf478a5ee04f42e959fd8f5df0a?s=96&d=mm&r=g\",\"url\":\"https:\\\/\\\/secure.gravatar.com\\\/avatar\\\/4dfbf16b4d17945bfb6341b2d19043457132fcf478a5ee04f42e959fd8f5df0a?s=96&d=mm&r=g\",\"contentUrl\":\"https:\\\/\\\/secure.gravatar.com\\\/avatar\\\/4dfbf16b4d17945bfb6341b2d19043457132fcf478a5ee04f42e959fd8f5df0a?s=96&d=mm&r=g\",\"caption\":\"NOTICIASMERCEDINAS.COM\"},\"url\":\"https:\\\/\\\/noticiasmercedinas.com\\\/site\\\/author\\\/anonimo\\\/\"}]}<\/script>\n<!-- \/ Yoast SEO plugin. -->","yoast_head_json":{"title":"Buscan reconocer mediante ordenanza el logro mundial de la patinadora Lola Montenegro","description":"Tras consagrarse campeona en la semifinal del Mundial de Pat\u00edn Art\u00edstico con solo 14 a\u00f1os, el bloque de concejales de Fuerza Patria impuls\u00f3 una iniciativa en el Honorable Concejo Deliberante para distinguir su trayectoria y esfuerzo.","robots":{"index":"index","follow":"follow","max-snippet":"max-snippet:-1","max-image-preview":"max-image-preview:large","max-video-preview":"max-video-preview:-1"},"canonical":"https:\/\/noticiasmercedinas.com\/site\/2026\/04\/26\/buscan-reconocer-mediante-ordenanza-el-logro-mundial-de-la-patinadora-lola-montenegro\/","og_locale":"es_ES","og_type":"article","og_title":"Buscan reconocer mediante ordenanza el logro mundial de la patinadora Lola Montenegro","og_description":"Tras consagrarse campeona en la semifinal del Mundial de Pat\u00edn Art\u00edstico con solo 14 a\u00f1os, el bloque de concejales de Fuerza Patria impuls\u00f3 una iniciativa en el Honorable Concejo Deliberante para distinguir su trayectoria y esfuerzo.","og_url":"https:\/\/noticiasmercedinas.com\/site\/2026\/04\/26\/buscan-reconocer-mediante-ordenanza-el-logro-mundial-de-la-patinadora-lola-montenegro\/","og_site_name":"NOTICIASMERCEDINAS.COM","article_publisher":"https:\/\/www.facebook.com\/noticiasmercedinas\/","article_published_time":"2026-04-26T14:23:36+00:00","article_modified_time":"2026-04-27T00:29:44+00:00","og_image":[{"width":717,"height":517,"url":"https:\/\/noticiasmercedinas.com\/site\/wp-content\/uploads\/2026\/04\/IMG_20260426_103502.jpg","type":"image\/jpeg"}],"author":"NOTICIASMERCEDINAS.COM","twitter_card":"summary_large_image","twitter_creator":"@notmercedinas","twitter_site":"@notmercedinas","twitter_misc":{"Escrito por":"NOTICIASMERCEDINAS.COM","Tiempo de lectura":"2 minutos"},"schema":{"@context":"https:\/\/schema.org","@graph":[{"@type":"Article","@id":"https:\/\/noticiasmercedinas.com\/site\/2026\/04\/26\/buscan-reconocer-mediante-ordenanza-el-logro-mundial-de-la-patinadora-lola-montenegro\/#article","isPartOf":{"@id":"https:\/\/noticiasmercedinas.com\/site\/2026\/04\/26\/buscan-reconocer-mediante-ordenanza-el-logro-mundial-de-la-patinadora-lola-montenegro\/"},"author":{"name":"NOTICIASMERCEDINAS.COM","@id":"https:\/\/noticiasmercedinas.com\/site\/#\/schema\/person\/84b59c099c28ff2e8b77d4ceec5d8063"},"headline":"Buscan reconocer mediante ordenanza el logro mundial de la patinadora Lola Montenegro","datePublished":"2026-04-26T14:23:36+00:00","dateModified":"2026-04-27T00:29:44+00:00","mainEntityOfPage":{"@id":"https:\/\/noticiasmercedinas.com\/site\/2026\/04\/26\/buscan-reconocer-mediante-ordenanza-el-logro-mundial-de-la-patinadora-lola-montenegro\/"},"wordCount":335,"publisher":{"@id":"https:\/\/noticiasmercedinas.com\/site\/#organization"},"image":{"@id":"https:\/\/noticiasmercedinas.com\/site\/2026\/04\/26\/buscan-reconocer-mediante-ordenanza-el-logro-mundial-de-la-patinadora-lola-montenegro\/#primaryimage"},"thumbnailUrl":"https:\/\/noticiasmercedinas.com\/site\/wp-content\/uploads\/2026\/04\/IMG_20260426_103502.jpg","keywords":["concejo deliberante","fuerza patria","lola montenegro","mariana san martin"],"articleSection":["Deportes","Politica"],"inLanguage":"es"},{"@type":"WebPage","@id":"https:\/\/noticiasmercedinas.com\/site\/2026\/04\/26\/buscan-reconocer-mediante-ordenanza-el-logro-mundial-de-la-patinadora-lola-montenegro\/","url":"https:\/\/noticiasmercedinas.com\/site\/2026\/04\/26\/buscan-reconocer-mediante-ordenanza-el-logro-mundial-de-la-patinadora-lola-montenegro\/","name":"Buscan reconocer mediante ordenanza el logro mundial de la patinadora Lola Montenegro","isPartOf":{"@id":"https:\/\/noticiasmercedinas.com\/site\/#website"},"primaryImageOfPage":{"@id":"https:\/\/noticiasmercedinas.com\/site\/2026\/04\/26\/buscan-reconocer-mediante-ordenanza-el-logro-mundial-de-la-patinadora-lola-montenegro\/#primaryimage"},"image":{"@id":"https:\/\/noticiasmercedinas.com\/site\/2026\/04\/26\/buscan-reconocer-mediante-ordenanza-el-logro-mundial-de-la-patinadora-lola-montenegro\/#primaryimage"},"thumbnailUrl":"https:\/\/noticiasmercedinas.com\/site\/wp-content\/uploads\/2026\/04\/IMG_20260426_103502.jpg","datePublished":"2026-04-26T14:23:36+00:00","dateModified":"2026-04-27T00:29:44+00:00","description":"Tras consagrarse campeona en la semifinal del Mundial de Pat\u00edn Art\u00edstico con solo 14 a\u00f1os, el bloque de concejales de Fuerza Patria impuls\u00f3 una iniciativa en el Honorable Concejo Deliberante para distinguir su trayectoria y esfuerzo.","breadcrumb":{"@id":"https:\/\/noticiasmercedinas.com\/site\/2026\/04\/26\/buscan-reconocer-mediante-ordenanza-el-logro-mundial-de-la-patinadora-lola-montenegro\/#breadcrumb"},"inLanguage":"es","potentialAction":[{"@type":"ReadAction","target":["https:\/\/noticiasmercedinas.com\/site\/2026\/04\/26\/buscan-reconocer-mediante-ordenanza-el-logro-mundial-de-la-patinadora-lola-montenegro\/"]}]},{"@type":"ImageObject","inLanguage":"es","@id":"https:\/\/noticiasmercedinas.com\/site\/2026\/04\/26\/buscan-reconocer-mediante-ordenanza-el-logro-mundial-de-la-patinadora-lola-montenegro\/#primaryimage","url":"https:\/\/noticiasmercedinas.com\/site\/wp-content\/uploads\/2026\/04\/IMG_20260426_103502.jpg","contentUrl":"https:\/\/noticiasmercedinas.com\/site\/wp-content\/uploads\/2026\/04\/IMG_20260426_103502.jpg","width":717,"height":517},{"@type":"BreadcrumbList","@id":"https:\/\/noticiasmercedinas.com\/site\/2026\/04\/26\/buscan-reconocer-mediante-ordenanza-el-logro-mundial-de-la-patinadora-lola-montenegro\/#breadcrumb","itemListElement":[{"@type":"ListItem","position":1,"name":"Portada","item":"https:\/\/noticiasmercedinas.com\/site\/"},{"@type":"ListItem","position":2,"name":"Buscan reconocer mediante ordenanza el logro mundial de la patinadora Lola Montenegro"}]},{"@type":"WebSite","@id":"https:\/\/noticiasmercedinas.com\/site\/#website","url":"https:\/\/noticiasmercedinas.com\/site\/","name":"NOTICIASMERCEDINAS.COM","description":"Mercedes, Buenos Aires, Argentina","publisher":{"@id":"https:\/\/noticiasmercedinas.com\/site\/#organization"},"potentialAction":[{"@type":"SearchAction","target":{"@type":"EntryPoint","urlTemplate":"https:\/\/noticiasmercedinas.com\/site\/?s={search_term_string}"},"query-input":{"@type":"PropertyValueSpecification","valueRequired":true,"valueName":"search_term_string"}}],"inLanguage":"es"},{"@type":"Organization","@id":"https:\/\/noticiasmercedinas.com\/site\/#organization","name":"NOTICIASMERCEDINAS.COM","url":"https:\/\/noticiasmercedinas.com\/site\/","logo":{"@type":"ImageObject","inLanguage":"es","@id":"https:\/\/noticiasmercedinas.com\/site\/#\/schema\/logo\/image\/","url":"https:\/\/noticiasmercedinas.com\/site\/wp-content\/uploads\/2020\/06\/LOGO-512.jpg","contentUrl":"https:\/\/noticiasmercedinas.com\/site\/wp-content\/uploads\/2020\/06\/LOGO-512.jpg","width":512,"height":512,"caption":"NOTICIASMERCEDINAS.COM"},"image":{"@id":"https:\/\/noticiasmercedinas.com\/site\/#\/schema\/logo\/image\/"},"sameAs":["https:\/\/www.facebook.com\/noticiasmercedinas\/","https:\/\/x.com\/notmercedinas","https:\/\/www.instagram.com\/noticiasmercedinas\/"]},{"@type":"Person","@id":"https:\/\/noticiasmercedinas.com\/site\/#\/schema\/person\/84b59c099c28ff2e8b77d4ceec5d8063","name":"NOTICIASMERCEDINAS.COM","image":{"@type":"ImageObject","inLanguage":"es","@id":"https:\/\/secure.gravatar.com\/avatar\/4dfbf16b4d17945bfb6341b2d19043457132fcf478a5ee04f42e959fd8f5df0a?s=96&d=mm&r=g","url":"https:\/\/secure.gravatar.com\/avatar\/4dfbf16b4d17945bfb6341b2d19043457132fcf478a5ee04f42e959fd8f5df0a?s=96&d=mm&r=g","contentUrl":"https:\/\/secure.gravatar.com\/avatar\/4dfbf16b4d17945bfb6341b2d19043457132fcf478a5ee04f42e959fd8f5df0a?s=96&d=mm&r=g","caption":"NOTICIASMERCEDINAS.COM"},"url":"https:\/\/noticiasmercedinas.com\/site\/author\/anonimo\/"}]}},"amp_enabled":true,"_links":{"self":[{"href":"https:\/\/noticiasmercedinas.com\/site\/wp-json\/wp\/v2\/posts\/185122","targetHints":{"allow":["GET"]}}],"collection":[{"href":"https:\/\/noticiasmercedinas.com\/site\/wp-json\/wp\/v2\/posts"}],"about":[{"href":"https:\/\/noticiasmercedinas.com\/site\/wp-json\/wp\/v2\/types\/post"}],"author":[{"embeddable":true,"href":"https:\/\/noticiasmercedinas.com\/site\/wp-json\/wp\/v2\/users\/16"}],"replies":[{"embeddable":true,"href":"https:\/\/noticiasmercedinas.com\/site\/wp-json\/wp\/v2\/comments?post=185122"}],"version-history":[{"count":3,"href":"https:\/\/noticiasmercedinas.com\/site\/wp-json\/wp\/v2\/posts\/185122\/revisions"}],"predecessor-version":[{"id":185164,"href":"https:\/\/noticiasmercedinas.com\/site\/wp-json\/wp\/v2\/posts\/185122\/revisions\/185164"}],"wp:featuredmedia":[{"embeddable":true,"href":"https:\/\/noticiasmercedinas.com\/site\/wp-json\/wp\/v2\/media\/185124"}],"wp:attachment":[{"href":"https:\/\/noticiasmercedinas.com\/site\/wp-json\/wp\/v2\/media?parent=185122"}],"wp:term":[{"taxonomy":"category","embeddable":true,"href":"https:\/\/noticiasmercedinas.com\/site\/wp-json\/wp\/v2\/categories?post=185122"},{"taxonomy":"post_tag","embeddable":true,"href":"https:\/\/noticiasmercedinas.com\/site\/wp-json\/wp\/v2\/tags?post=185122"}],"curies":[{"name":"wp","href":"https:\/\/api.w.org\/{rel}","templated":true}]}}